{"id":141777,"date":"2025-07-10T16:41:59","date_gmt":"2025-07-10T13:41:59","guid":{"rendered":"https:\/\/denizcankizil.tr\/uncategorized-tr\/serikte-canilerin-hayvan-dusmanligi-vicdanlari-sizlatti\/"},"modified":"2025-07-10T16:41:59","modified_gmt":"2025-07-10T13:41:59","slug":"serikte-canilerin-hayvan-dusmanligi-vicdanlari-sizlatti","status":"publish","type":"post","link":"https:\/\/denizcankizil.tr\/ru\/haberler\/gundem\/serikte-canilerin-hayvan-dusmanligi-vicdanlari-sizlatti\/","title":{"rendered":"Serik&#8217;te canilerin hayvan d\u00fc\u015fmanl\u0131\u011f\u0131, vicdanlar\u0131 s\u0131zlatt\u0131!"},"content":{"rendered":"<p>Antalya&#8217;n\u0131n Serik il\u00e7esinde vatanda\u015flar\u0131n iddias\u0131na g\u00f6re bir k\u00f6pe\u011fi \u00e7uvala koydular. Bununla da yetinmeyen vicdans\u0131zlar, hayvan\u0131 \u00e7\u00f6p konteyn\u0131r\u0131nda yakt\u0131lar. Video g\u00f6r\u00fcnt\u00fcleri ile ihbarda bulunan vatanda\u015flar, &#8220;Acilen bu caninin bulunmas\u0131n\u0131 istiyoruz&#8221; \u00e7a\u011fr\u0131s\u0131nda bulundu.<\/p>\n<p>&#8220;K\u00d6PE\u011e\u0130N YAKILDI\u011eINI B\u0130L\u0130YORUZ&#8221;<\/p>\n<p>Do\u011fa \u0130nsan Hayvan Koruma ve Bilgilendirme Konfederasyonu (D\u0130HKONFED) Kurucular Kurulu Ba\u015fkan\u0131 Haydar \u00d6zkan, konuya ili\u015fkin video payla\u015f\u0131m\u0131 ile tepkisi dile getirdi. \u00d6zkan, &#8220;Bu nas\u0131l bir caniliktir? Antalya Serik\u2019te \u00e7\u00f6p konteyneri i\u00e7inde k\u00f6pe\u011fin yak\u0131ld\u0131\u011f\u0131 bildiriliyor&#8221; diyerek duruma isyan etti.<\/p>\n<p>&#8220;CEZASIZLIK SU\u00c7U ARTIRIR&#8221;<\/p>\n<p>Hayvanlar\u0131n sesi olan bir di\u011fer kesim ise g\u00f6n\u00fcll\u00fc ve toplumun her kesiminden ya\u015fam hakk\u0131 savunucular\u0131n\u0131n kat\u0131labilece\u011fi bir g\u00fc\u00e7 birli\u011fi hareketi olarak bilinen Ankara Hayvan Haklar\u0131 Platformu oldu. Resmi sosyal medya hesab\u0131 arac\u0131l\u0131\u011f\u0131 ile yetkililere seslenen Ankara Hayvan Haklar\u0131 Platformu, &#8220;Cezalar\u0131n cayd\u0131r\u0131c\u0131 hale gelinmemesi halinde. Yasa iptal edilmez, cezalar cayd\u0131r\u0131c\u0131 h\u00e2le getirilmezse \u015fiddet topluma yay\u0131l\u0131r, kimse g\u00fcvende olmaz. Cezas\u0131zl\u0131k su\u00e7u artt\u0131r\u0131r&#8221; a\u00e7\u0131klamas\u0131nda bulundu.<\/p>\n<p>&#8220;BU MAZLUMLARIN HAKKINI K\u0130M SAVUNACAK?&#8221;<\/p>\n<p>\u0130\u00e7i\u015fleri Bakan\u0131 Ali Yerlikaya&#8217;ya da \u00e7a\u011fr\u0131da bulunan Ankara Hayvan Haklar\u0131 Platformu, &#8220;Bu mazlumlar\u0131n hakk\u0131n\u0131 kim savunacak? Bu canilere ne yap\u0131lacak?&#8221; sorular\u0131na yan\u0131t arad\u0131.<\/p>\n<p>\u200bAntalya Serik\u2019te bir k\u00f6pe\u011fin \u00e7uvalla \u00e7\u00f6p konteynerine at\u0131l\u0131p yak\u0131ld\u0131\u011f\u0131 iddialar\u0131 hayvan severleri aya\u011fa kald\u0131rd\u0131.  Hayvan severler yetkilileri derhal harekete ge\u00e7meye \u00e7a\u011f\u0131rd\u0131\u00a0<\/p>\n<p>\u200bHaberin Al\u0131nt\u0131land\u0131\u011f\u0131 Kaynak: www.antalyakorfez.com<\/p>","protected":false},"excerpt":{"rendered":"<p>Antalya&#8217;n\u0131n Serik il\u00e7esinde vatanda\u015flar\u0131n iddias\u0131na g\u00f6re bir k\u00f6pe\u011fi \u00e7uvala koydular. Bununla da yetinmeyen vicdans\u0131zlar, hayvan\u0131 \u00e7\u00f6p konteyn\u0131r\u0131nda yakt\u0131lar. Video g\u00f6r\u00fcnt\u00fcleri ile ihbarda bulunan vatanda\u015flar, &#8220;Acilen bu caninin bulunmas\u0131n\u0131 istiyoruz&#8221; \u00e7a\u011fr\u0131s\u0131nda bulundu. &#8220;K\u00d6PE\u011e\u0130N YAKILDI\u011eINI B\u0130L\u0130YORUZ&#8221; Do\u011fa \u0130nsan Hayvan Koruma ve Bilgilendirme Konfederasyonu (D\u0130HKONFED) Kurucular Kurulu Ba\u015fkan\u0131 Haydar \u00d6zkan, konuya ili\u015fkin video payla\u015f\u0131m\u0131 ile tepkisi dile getirdi. \u00d6zkan, &#8220;Bu nas\u0131l bir caniliktir? Antalya Serik\u2019te \u00e7\u00f6p konteyneri i\u00e7inde k\u00f6pe\u011fin yak\u0131ld\u0131\u011f\u0131 bildiriliyor&#8221; diyerek duruma isyan etti. &#8220;CEZASIZLIK SU\u00c7U ARTIRIR&#8221; Hayvanlar\u0131n sesi olan bir di\u011fer kesim ise g\u00f6n\u00fcll\u00fc ve toplumun her kesiminden ya\u015fam hakk\u0131 savunucular\u0131n\u0131n kat\u0131labilece\u011fi bir g\u00fc\u00e7 birli\u011fi hareketi olarak bilinen Ankara Hayvan Haklar\u0131 Platformu oldu. Resmi sosyal medya hesab\u0131 arac\u0131l\u0131\u011f\u0131 ile yetkililere seslenen Ankara Hayvan Haklar\u0131 Platformu, &#8220;Cezalar\u0131n cayd\u0131r\u0131c\u0131 hale gelinmemesi halinde. Yasa iptal edilmez, cezalar cayd\u0131r\u0131c\u0131 h\u00e2le getirilmezse \u015fiddet topluma yay\u0131l\u0131r, kimse g\u00fcvende olmaz. Cezas\u0131zl\u0131k su\u00e7u artt\u0131r\u0131r&#8221; a\u00e7\u0131klamas\u0131nda bulundu. &#8220;BU MAZLUMLARIN HAKKINI K\u0130M SAVUNACAK?&#8221; \u0130\u00e7i\u015fleri Bakan\u0131 Ali Yerlikaya&#8217;ya da \u00e7a\u011fr\u0131da bulunan Ankara Hayvan Haklar\u0131 Platformu, &#8220;Bu mazlumlar\u0131n hakk\u0131n\u0131 kim savunacak? Bu canilere ne yap\u0131lacak?&#8221; sorular\u0131na yan\u0131t arad\u0131. \u200bAntalya Serik\u2019te bir k\u00f6pe\u011fin \u00e7uvalla \u00e7\u00f6p konteynerine at\u0131l\u0131p yak\u0131ld\u0131\u011f\u0131 iddialar\u0131 hayvan severleri aya\u011fa kald\u0131rd\u0131. Hayvan severler yetkilileri derhal harekete ge\u00e7meye \u00e7a\u011f\u0131rd\u0131\u00a0 \u200bHaberin Al\u0131nt\u0131land\u0131\u011f\u0131 Kaynak: www.antalyakorfez.com<\/p>","protected":false},"author":5,"featured_media":0,"comment_status":"","ping_status":"open","sticky":false,"template":"","format":"standard","meta":{"_acf_changed":false,"footnotes":""},"categories":[24],"tags":[],"class_list":["post-141777","post","type-post","status-publish","format-standard","has-post-thumbnail","hentry","category-gundem"],"acf":[],"yoast_head":"<!-- This site is optimized with the Yoast SEO Premium plugin v26.6 (Yoast SEO v27.1.1) - https:\/\/yoast.com\/product\/yoast-seo-premium-wordpress\/ -->\n<title>Serik&#039;te canilerin hayvan d\u00fc\u015fmanl\u0131\u011f\u0131, vicdanlar\u0131 s\u0131zlatt\u0131! - Av. Deniz Can K\u0131z\u0131l<\/title>\n<meta name=\"robots\" content=\"index, follow, max-snippet:-1, max-image-preview:large, max-video-preview:-1\" \/>\n<link rel=\"canonical\" href=\"https:\/\/denizcankizil.tr\/ru\/haberler\/gundem\/serikte-canilerin-hayvan-dusmanligi-vicdanlari-sizlatti\/\" \/>\n<meta property=\"og:locale\" content=\"ru_RU\" \/>\n<meta property=\"og:type\" content=\"article\" \/>\n<meta property=\"og:title\" content=\"Serik&#039;te canilerin hayvan d\u00fc\u015fmanl\u0131\u011f\u0131, vicdanlar\u0131 s\u0131zlatt\u0131!\" \/>\n<meta property=\"og:description\" content=\"Antalya&#8217;n\u0131n Serik il\u00e7esinde vatanda\u015flar\u0131n iddias\u0131na g\u00f6re bir k\u00f6pe\u011fi \u00e7uvala koydular. Bununla da yetinmeyen vicdans\u0131zlar, hayvan\u0131 \u00e7\u00f6p konteyn\u0131r\u0131nda yakt\u0131lar. Video g\u00f6r\u00fcnt\u00fcleri ile ihbarda bulunan vatanda\u015flar, &#8220;Acilen bu caninin bulunmas\u0131n\u0131 istiyoruz&#8221; \u00e7a\u011fr\u0131s\u0131nda bulundu. &#8220;K\u00d6PE\u011e\u0130N YAKILDI\u011eINI B\u0130L\u0130YORUZ&#8221; Do\u011fa \u0130nsan Hayvan Koruma ve Bilgilendirme Konfederasyonu (D\u0130HKONFED) Kurucular Kurulu Ba\u015fkan\u0131 Haydar \u00d6zkan, konuya ili\u015fkin video payla\u015f\u0131m\u0131 ile tepkisi dile getirdi. \u00d6zkan, &#8220;Bu nas\u0131l bir caniliktir? Antalya Serik\u2019te \u00e7\u00f6p konteyneri i\u00e7inde k\u00f6pe\u011fin yak\u0131ld\u0131\u011f\u0131 bildiriliyor&#8221; diyerek duruma isyan etti. &#8220;CEZASIZLIK SU\u00c7U ARTIRIR&#8221; Hayvanlar\u0131n sesi olan bir di\u011fer kesim ise g\u00f6n\u00fcll\u00fc ve toplumun her kesiminden ya\u015fam hakk\u0131 savunucular\u0131n\u0131n kat\u0131labilece\u011fi bir g\u00fc\u00e7 birli\u011fi hareketi olarak bilinen Ankara Hayvan Haklar\u0131 Platformu oldu. Resmi sosyal medya hesab\u0131 arac\u0131l\u0131\u011f\u0131 ile yetkililere seslenen Ankara Hayvan Haklar\u0131 Platformu, &#8220;Cezalar\u0131n cayd\u0131r\u0131c\u0131 hale gelinmemesi halinde. Yasa iptal edilmez, cezalar cayd\u0131r\u0131c\u0131 h\u00e2le getirilmezse \u015fiddet topluma yay\u0131l\u0131r, kimse g\u00fcvende olmaz. Cezas\u0131zl\u0131k su\u00e7u artt\u0131r\u0131r&#8221; a\u00e7\u0131klamas\u0131nda bulundu. &#8220;BU MAZLUMLARIN HAKKINI K\u0130M SAVUNACAK?&#8221; \u0130\u00e7i\u015fleri Bakan\u0131 Ali Yerlikaya&#8217;ya da \u00e7a\u011fr\u0131da bulunan Ankara Hayvan Haklar\u0131 Platformu, &#8220;Bu mazlumlar\u0131n hakk\u0131n\u0131 kim savunacak? Bu canilere ne yap\u0131lacak?&#8221; sorular\u0131na yan\u0131t arad\u0131. \u200bAntalya Serik\u2019te bir k\u00f6pe\u011fin \u00e7uvalla \u00e7\u00f6p konteynerine at\u0131l\u0131p yak\u0131ld\u0131\u011f\u0131 iddialar\u0131 hayvan severleri aya\u011fa kald\u0131rd\u0131. Hayvan severler yetkilileri derhal harekete ge\u00e7meye \u00e7a\u011f\u0131rd\u0131\u00a0 \u200bHaberin Al\u0131nt\u0131land\u0131\u011f\u0131 Kaynak: www.antalyakorfez.com\" \/>\n<meta property=\"og:url\" content=\"https:\/\/denizcankizil.tr\/ru\/haberler\/gundem\/serikte-canilerin-hayvan-dusmanligi-vicdanlari-sizlatti\/\" \/>\n<meta property=\"og:site_name\" content=\"Av. Deniz Can K\u0131z\u0131l\" \/>\n<meta property=\"article:published_time\" content=\"2025-07-10T13:41:59+00:00\" \/>\n<meta name=\"author\" content=\"Antalya K\u00f6rfez\" \/>\n<meta name=\"twitter:card\" content=\"summary_large_image\" \/>\n<meta name=\"twitter:label1\" content=\"\u041d\u0430\u043f\u0438\u0441\u0430\u043d\u043e \u0430\u0432\u0442\u043e\u0440\u043e\u043c\" \/>\n\t<meta name=\"twitter:data1\" content=\"Antalya K\u00f6rfez\" \/>\n\t<meta name=\"twitter:label2\" content=\"\u041f\u0440\u0438\u043c\u0435\u0440\u043d\u043e\u0435 \u0432\u0440\u0435\u043c\u044f \u0434\u043b\u044f \u0447\u0442\u0435\u043d\u0438\u044f\" \/>\n\t<meta name=\"twitter:data2\" content=\"1 \u043c\u0438\u043d\u0443\u0442\u0430\" \/>\n<script type=\"application\/ld+json\" class=\"yoast-schema-graph\">{\"@context\":\"https:\/\/schema.org\",\"@graph\":[{\"@type\":\"Article\",\"@id\":\"https:\/\/denizcankizil.tr\/ru\/haberler\/gundem\/serikte-canilerin-hayvan-dusmanligi-vicdanlari-sizlatti\/#article\",\"isPartOf\":{\"@id\":\"https:\/\/denizcankizil.tr\/ru\/haberler\/gundem\/serikte-canilerin-hayvan-dusmanligi-vicdanlari-sizlatti\/\"},\"author\":{\"name\":\"Antalya K\u00f6rfez\",\"@id\":\"https:\/\/denizcankizil.tr\/#\/schema\/person\/e1eb71bb4dd684d46563f0af307e1234\"},\"headline\":\"Serik&#8217;te canilerin hayvan d\u00fc\u015fmanl\u0131\u011f\u0131, vicdanlar\u0131 s\u0131zlatt\u0131!\",\"datePublished\":\"2025-07-10T13:41:59+00:00\",\"mainEntityOfPage\":{\"@id\":\"https:\/\/denizcankizil.tr\/ru\/haberler\/gundem\/serikte-canilerin-hayvan-dusmanligi-vicdanlari-sizlatti\/\"},\"wordCount\":288,\"publisher\":{\"@id\":\"https:\/\/denizcankizil.tr\/#organization\"},\"articleSection\":[\"G\u00fcndem\"],\"inLanguage\":\"ru-RU\"},{\"@type\":\"WebPage\",\"@id\":\"https:\/\/denizcankizil.tr\/ru\/haberler\/gundem\/serikte-canilerin-hayvan-dusmanligi-vicdanlari-sizlatti\/\",\"url\":\"https:\/\/denizcankizil.tr\/ru\/haberler\/gundem\/serikte-canilerin-hayvan-dusmanligi-vicdanlari-sizlatti\/\",\"name\":\"Serik'te canilerin hayvan d\u00fc\u015fmanl\u0131\u011f\u0131, vicdanlar\u0131 s\u0131zlatt\u0131! - Av. Deniz Can K\u0131z\u0131l\",\"isPartOf\":{\"@id\":\"https:\/\/denizcankizil.tr\/#website\"},\"datePublished\":\"2025-07-10T13:41:59+00:00\",\"breadcrumb\":{\"@id\":\"https:\/\/denizcankizil.tr\/ru\/haberler\/gundem\/serikte-canilerin-hayvan-dusmanligi-vicdanlari-sizlatti\/#breadcrumb\"},\"inLanguage\":\"ru-RU\",\"potentialAction\":[{\"@type\":\"ReadAction\",\"target\":[\"https:\/\/denizcankizil.tr\/ru\/haberler\/gundem\/serikte-canilerin-hayvan-dusmanligi-vicdanlari-sizlatti\/\"]}]},{\"@type\":\"BreadcrumbList\",\"@id\":\"https:\/\/denizcankizil.tr\/ru\/haberler\/gundem\/serikte-canilerin-hayvan-dusmanligi-vicdanlari-sizlatti\/#breadcrumb\",\"itemListElement\":[{\"@type\":\"ListItem\",\"position\":1,\"name\":\"Home\",\"item\":\"https:\/\/denizcankizil.tr\/uk\/\"},{\"@type\":\"ListItem\",\"position\":2,\"name\":\"Serik&#8217;te canilerin hayvan d\u00fc\u015fmanl\u0131\u011f\u0131, vicdanlar\u0131 s\u0131zlatt\u0131!\"}]},{\"@type\":\"WebSite\",\"@id\":\"https:\/\/denizcankizil.tr\/#website\",\"url\":\"https:\/\/denizcankizil.tr\/\",\"name\":\"Av. Deniz Can K\u0131z\u0131l\",\"description\":\"Avukat Deniz Can K\u0131z\u0131l Antalya Barosu\",\"publisher\":{\"@id\":\"https:\/\/denizcankizil.tr\/#organization\"},\"potentialAction\":[{\"@type\":\"SearchAction\",\"target\":{\"@type\":\"EntryPoint\",\"urlTemplate\":\"https:\/\/denizcankizil.tr\/?s={search_term_string}\"},\"query-input\":{\"@type\":\"PropertyValueSpecification\",\"valueRequired\":true,\"valueName\":\"search_term_string\"}}],\"inLanguage\":\"ru-RU\"},{\"@type\":\"Organization\",\"@id\":\"https:\/\/denizcankizil.tr\/#organization\",\"name\":\"Av. Deniz Can K\u0131z\u0131l\",\"url\":\"https:\/\/denizcankizil.tr\/\",\"logo\":{\"@type\":\"ImageObject\",\"inLanguage\":\"ru-RU\",\"@id\":\"https:\/\/denizcankizil.tr\/#\/schema\/logo\/image\/\",\"url\":\"https:\/\/denizcankizil.tr\/wp-content\/uploads\/2024\/10\/siyah-logo-svg.svg\",\"contentUrl\":\"https:\/\/denizcankizil.tr\/wp-content\/uploads\/2024\/10\/siyah-logo-svg.svg\",\"width\":1080,\"height\":1080,\"caption\":\"Av. Deniz Can K\u0131z\u0131l\"},\"image\":{\"@id\":\"https:\/\/denizcankizil.tr\/#\/schema\/logo\/image\/\"}},{\"@type\":\"Person\",\"@id\":\"https:\/\/denizcankizil.tr\/#\/schema\/person\/e1eb71bb4dd684d46563f0af307e1234\",\"name\":\"Antalya K\u00f6rfez\",\"image\":{\"@type\":\"ImageObject\",\"inLanguage\":\"ru-RU\",\"@id\":\"https:\/\/denizcankizil.tr\/#\/schema\/person\/image\/\",\"url\":\"https:\/\/secure.gravatar.com\/avatar\/42b01982558a48a0b501fdcab6a408d3717ea5919095ee2e67b0e521799c5905?s=96&d=mm&r=g\",\"contentUrl\":\"https:\/\/secure.gravatar.com\/avatar\/42b01982558a48a0b501fdcab6a408d3717ea5919095ee2e67b0e521799c5905?s=96&d=mm&r=g\",\"caption\":\"Antalya K\u00f6rfez\"},\"sameAs\":[\"http:\/\/www.antalyakorfez.com\"],\"url\":\"https:\/\/www.antalyakorfez.com\/serikte-canilerin-hayvan-dusmanligi-vicdanlari-sizlatti\"}]}<\/script>\n<!-- \/ Yoast SEO Premium plugin. -->","yoast_head_json":{"title":"Serik'te canilerin hayvan d\u00fc\u015fmanl\u0131\u011f\u0131, vicdanlar\u0131 s\u0131zlatt\u0131! - Av. Deniz Can K\u0131z\u0131l","robots":{"index":"index","follow":"follow","max-snippet":"max-snippet:-1","max-image-preview":"max-image-preview:large","max-video-preview":"max-video-preview:-1"},"canonical":"https:\/\/denizcankizil.tr\/ru\/haberler\/gundem\/serikte-canilerin-hayvan-dusmanligi-vicdanlari-sizlatti\/","og_locale":"ru_RU","og_type":"article","og_title":"Serik'te canilerin hayvan d\u00fc\u015fmanl\u0131\u011f\u0131, vicdanlar\u0131 s\u0131zlatt\u0131!","og_description":"Antalya&#8217;n\u0131n Serik il\u00e7esinde vatanda\u015flar\u0131n iddias\u0131na g\u00f6re bir k\u00f6pe\u011fi \u00e7uvala koydular. Bununla da yetinmeyen vicdans\u0131zlar, hayvan\u0131 \u00e7\u00f6p konteyn\u0131r\u0131nda yakt\u0131lar. Video g\u00f6r\u00fcnt\u00fcleri ile ihbarda bulunan vatanda\u015flar, &#8220;Acilen bu caninin bulunmas\u0131n\u0131 istiyoruz&#8221; \u00e7a\u011fr\u0131s\u0131nda bulundu. &#8220;K\u00d6PE\u011e\u0130N YAKILDI\u011eINI B\u0130L\u0130YORUZ&#8221; Do\u011fa \u0130nsan Hayvan Koruma ve Bilgilendirme Konfederasyonu (D\u0130HKONFED) Kurucular Kurulu Ba\u015fkan\u0131 Haydar \u00d6zkan, konuya ili\u015fkin video payla\u015f\u0131m\u0131 ile tepkisi dile getirdi. \u00d6zkan, &#8220;Bu nas\u0131l bir caniliktir? Antalya Serik\u2019te \u00e7\u00f6p konteyneri i\u00e7inde k\u00f6pe\u011fin yak\u0131ld\u0131\u011f\u0131 bildiriliyor&#8221; diyerek duruma isyan etti. &#8220;CEZASIZLIK SU\u00c7U ARTIRIR&#8221; Hayvanlar\u0131n sesi olan bir di\u011fer kesim ise g\u00f6n\u00fcll\u00fc ve toplumun her kesiminden ya\u015fam hakk\u0131 savunucular\u0131n\u0131n kat\u0131labilece\u011fi bir g\u00fc\u00e7 birli\u011fi hareketi olarak bilinen Ankara Hayvan Haklar\u0131 Platformu oldu. Resmi sosyal medya hesab\u0131 arac\u0131l\u0131\u011f\u0131 ile yetkililere seslenen Ankara Hayvan Haklar\u0131 Platformu, &#8220;Cezalar\u0131n cayd\u0131r\u0131c\u0131 hale gelinmemesi halinde. Yasa iptal edilmez, cezalar cayd\u0131r\u0131c\u0131 h\u00e2le getirilmezse \u015fiddet topluma yay\u0131l\u0131r, kimse g\u00fcvende olmaz. Cezas\u0131zl\u0131k su\u00e7u artt\u0131r\u0131r&#8221; a\u00e7\u0131klamas\u0131nda bulundu. &#8220;BU MAZLUMLARIN HAKKINI K\u0130M SAVUNACAK?&#8221; \u0130\u00e7i\u015fleri Bakan\u0131 Ali Yerlikaya&#8217;ya da \u00e7a\u011fr\u0131da bulunan Ankara Hayvan Haklar\u0131 Platformu, &#8220;Bu mazlumlar\u0131n hakk\u0131n\u0131 kim savunacak? Bu canilere ne yap\u0131lacak?&#8221; sorular\u0131na yan\u0131t arad\u0131. \u200bAntalya Serik\u2019te bir k\u00f6pe\u011fin \u00e7uvalla \u00e7\u00f6p konteynerine at\u0131l\u0131p yak\u0131ld\u0131\u011f\u0131 iddialar\u0131 hayvan severleri aya\u011fa kald\u0131rd\u0131. Hayvan severler yetkilileri derhal harekete ge\u00e7meye \u00e7a\u011f\u0131rd\u0131\u00a0 \u200bHaberin Al\u0131nt\u0131land\u0131\u011f\u0131 Kaynak: www.antalyakorfez.com","og_url":"https:\/\/denizcankizil.tr\/ru\/haberler\/gundem\/serikte-canilerin-hayvan-dusmanligi-vicdanlari-sizlatti\/","og_site_name":"Av. Deniz Can K\u0131z\u0131l","article_published_time":"2025-07-10T13:41:59+00:00","author":"Antalya K\u00f6rfez","twitter_card":"summary_large_image","twitter_misc":{"\u041d\u0430\u043f\u0438\u0441\u0430\u043d\u043e \u0430\u0432\u0442\u043e\u0440\u043e\u043c":"Antalya K\u00f6rfez","\u041f\u0440\u0438\u043c\u0435\u0440\u043d\u043e\u0435 \u0432\u0440\u0435\u043c\u044f \u0434\u043b\u044f \u0447\u0442\u0435\u043d\u0438\u044f":"1 \u043c\u0438\u043d\u0443\u0442\u0430"},"schema":{"@context":"https:\/\/schema.org","@graph":[{"@type":"Article","@id":"https:\/\/denizcankizil.tr\/ru\/haberler\/gundem\/serikte-canilerin-hayvan-dusmanligi-vicdanlari-sizlatti\/#article","isPartOf":{"@id":"https:\/\/denizcankizil.tr\/ru\/haberler\/gundem\/serikte-canilerin-hayvan-dusmanligi-vicdanlari-sizlatti\/"},"author":{"name":"Antalya K\u00f6rfez","@id":"https:\/\/denizcankizil.tr\/#\/schema\/person\/e1eb71bb4dd684d46563f0af307e1234"},"headline":"Serik&#8217;te canilerin hayvan d\u00fc\u015fmanl\u0131\u011f\u0131, vicdanlar\u0131 s\u0131zlatt\u0131!","datePublished":"2025-07-10T13:41:59+00:00","mainEntityOfPage":{"@id":"https:\/\/denizcankizil.tr\/ru\/haberler\/gundem\/serikte-canilerin-hayvan-dusmanligi-vicdanlari-sizlatti\/"},"wordCount":288,"publisher":{"@id":"https:\/\/denizcankizil.tr\/#organization"},"articleSection":["G\u00fcndem"],"inLanguage":"ru-RU"},{"@type":"WebPage","@id":"https:\/\/denizcankizil.tr\/ru\/haberler\/gundem\/serikte-canilerin-hayvan-dusmanligi-vicdanlari-sizlatti\/","url":"https:\/\/denizcankizil.tr\/ru\/haberler\/gundem\/serikte-canilerin-hayvan-dusmanligi-vicdanlari-sizlatti\/","name":"Serik'te canilerin hayvan d\u00fc\u015fmanl\u0131\u011f\u0131, vicdanlar\u0131 s\u0131zlatt\u0131! - Av. Deniz Can K\u0131z\u0131l","isPartOf":{"@id":"https:\/\/denizcankizil.tr\/#website"},"datePublished":"2025-07-10T13:41:59+00:00","breadcrumb":{"@id":"https:\/\/denizcankizil.tr\/ru\/haberler\/gundem\/serikte-canilerin-hayvan-dusmanligi-vicdanlari-sizlatti\/#breadcrumb"},"inLanguage":"ru-RU","potentialAction":[{"@type":"ReadAction","target":["https:\/\/denizcankizil.tr\/ru\/haberler\/gundem\/serikte-canilerin-hayvan-dusmanligi-vicdanlari-sizlatti\/"]}]},{"@type":"BreadcrumbList","@id":"https:\/\/denizcankizil.tr\/ru\/haberler\/gundem\/serikte-canilerin-hayvan-dusmanligi-vicdanlari-sizlatti\/#breadcrumb","itemListElement":[{"@type":"ListItem","position":1,"name":"Home","item":"https:\/\/denizcankizil.tr\/uk\/"},{"@type":"ListItem","position":2,"name":"Serik&#8217;te canilerin hayvan d\u00fc\u015fmanl\u0131\u011f\u0131, vicdanlar\u0131 s\u0131zlatt\u0131!"}]},{"@type":"WebSite","@id":"https:\/\/denizcankizil.tr\/#website","url":"https:\/\/denizcankizil.tr\/","name":"Av. Deniz Can K\u0131z\u0131l","description":"Avukat Deniz Can K\u0131z\u0131l Antalya Barosu","publisher":{"@id":"https:\/\/denizcankizil.tr\/#organization"},"potentialAction":[{"@type":"SearchAction","target":{"@type":"EntryPoint","urlTemplate":"https:\/\/denizcankizil.tr\/?s={search_term_string}"},"query-input":{"@type":"PropertyValueSpecification","valueRequired":true,"valueName":"search_term_string"}}],"inLanguage":"ru-RU"},{"@type":"Organization","@id":"https:\/\/denizcankizil.tr\/#organization","name":"Av. Deniz Can K\u0131z\u0131l","url":"https:\/\/denizcankizil.tr\/","logo":{"@type":"ImageObject","inLanguage":"ru-RU","@id":"https:\/\/denizcankizil.tr\/#\/schema\/logo\/image\/","url":"https:\/\/denizcankizil.tr\/wp-content\/uploads\/2024\/10\/siyah-logo-svg.svg","contentUrl":"https:\/\/denizcankizil.tr\/wp-content\/uploads\/2024\/10\/siyah-logo-svg.svg","width":1080,"height":1080,"caption":"Av. Deniz Can K\u0131z\u0131l"},"image":{"@id":"https:\/\/denizcankizil.tr\/#\/schema\/logo\/image\/"}},{"@type":"Person","@id":"https:\/\/denizcankizil.tr\/#\/schema\/person\/e1eb71bb4dd684d46563f0af307e1234","name":"Antalya K\u00f6rfez","image":{"@type":"ImageObject","inLanguage":"ru-RU","@id":"https:\/\/denizcankizil.tr\/#\/schema\/person\/image\/","url":"https:\/\/secure.gravatar.com\/avatar\/42b01982558a48a0b501fdcab6a408d3717ea5919095ee2e67b0e521799c5905?s=96&d=mm&r=g","contentUrl":"https:\/\/secure.gravatar.com\/avatar\/42b01982558a48a0b501fdcab6a408d3717ea5919095ee2e67b0e521799c5905?s=96&d=mm&r=g","caption":"Antalya K\u00f6rfez"},"sameAs":["http:\/\/www.antalyakorfez.com"],"url":"https:\/\/www.antalyakorfez.com\/serikte-canilerin-hayvan-dusmanligi-vicdanlari-sizlatti"}]}},"_links":{"self":[{"href":"https:\/\/denizcankizil.tr\/ru\/wp-json\/wp\/v2\/posts\/141777","targetHints":{"allow":["GET"]}}],"collection":[{"href":"https:\/\/denizcankizil.tr\/ru\/wp-json\/wp\/v2\/posts"}],"about":[{"href":"https:\/\/denizcankizil.tr\/ru\/wp-json\/wp\/v2\/types\/post"}],"author":[{"embeddable":true,"href":"https:\/\/denizcankizil.tr\/ru\/wp-json\/wp\/v2\/users\/5"}],"replies":[{"embeddable":true,"href":"https:\/\/denizcankizil.tr\/ru\/wp-json\/wp\/v2\/comments?post=141777"}],"version-history":[{"count":0,"href":"https:\/\/denizcankizil.tr\/ru\/wp-json\/wp\/v2\/posts\/141777\/revisions"}],"wp:attachment":[{"href":"https:\/\/denizcankizil.tr\/ru\/wp-json\/wp\/v2\/media?parent=141777"}],"wp:term":[{"taxonomy":"category","embeddable":true,"href":"https:\/\/denizcankizil.tr\/ru\/wp-json\/wp\/v2\/categories?post=141777"},{"taxonomy":"post_tag","embeddable":true,"href":"https:\/\/denizcankizil.tr\/ru\/wp-json\/wp\/v2\/tags?post=141777"}],"curies":[{"name":"wp","href":"https:\/\/api.w.org\/{rel}","templated":true}]}}