{"id":141729,"date":"2025-07-10T15:41:18","date_gmt":"2025-07-10T12:41:18","guid":{"rendered":"https:\/\/denizcankizil.tr\/uncategorized-tr\/havuza-giren-kucuk-cocuk-bogularak-hayatini-kaybetti\/"},"modified":"2025-07-10T15:41:18","modified_gmt":"2025-07-10T12:41:18","slug":"havuza-giren-kucuk-cocuk-bogularak-hayatini-kaybetti","status":"publish","type":"post","link":"https:\/\/denizcankizil.tr\/ru\/haberler\/antalya\/havuza-giren-kucuk-cocuk-bogularak-hayatini-kaybetti\/","title":{"rendered":"Havuza Giren K\u00fc\u00e7\u00fck \u00c7ocuk Bo\u011fularak Hayat\u0131n\u0131 Kaybetti"},"content":{"rendered":"<p>\u00a0Antalya&#8217;da ailesi ile birlikte gitti\u011fi \u00e7iftlikteki havuza giren k\u00fc\u00e7\u00fck \u00e7ocuk bo\u011fularak hayat\u0131n\u0131 kaybetti. Cenazeyi teslim alan \u00e7ocu\u011fun ac\u0131l\u0131 babas\u0131 g\u00f6zya\u015flar\u0131na hakim olamad\u0131.<br \/>\nOlay, d\u00fcn ak\u015fam saatlerinde Manavgat il\u00e7esi G\u00fcndo\u011fdu Mahallesi Salk\u0131m S\u00f6g\u00fct mevkinde bulunan bir \u00e7iftlikte meydana geldi. Edinilen bilgiye g\u00f6re ailesi ile birlikte \u00e7iftli\u011fe gelen 6 ya\u015f\u0131ndaki Egemen Durmu\u015f, \u00e7iftlikte bulunan yeti\u015fkin havuzuna girdi. Bir s\u00fcre sonra k\u00fc\u00e7\u00fck \u00e7ocu\u011fu havuzda hareketsiz halde g\u00f6renler havuzdan \u00e7\u0131kartarak ilk m\u00fcdahalede bulundu. Durumun 12 Acil \u00c7a\u011fr\u0131 Merkezi&#8217;ne bildirilmesi \u00fczerine olay yerine gelen sa\u011fl\u0131k ekibi taraf\u0131ndan Serik Devlet Hastanesi&#8217;ne kald\u0131r\u0131lan k\u00fc\u00e7\u00fck \u00e7ocuk burada doktorlar\u0131n t\u00fcm m\u00fcdahalelerine ra\u011fmen kurtar\u0131lamad\u0131.<\/p>\n<p>Baba g\u00f6zya\u015flar\u0131n\u0131 tutamad\u0131<br \/>\nSavc\u0131l\u0131k incelemesinin ard\u0131ndan 6 ya\u015f\u0131ndaki Egemen&#8217;in cans\u0131z bedeni kesin \u00f6l\u00fcm nedeninin belirlenmesi ve otopsi i\u015flemleri i\u00e7in Antalya Adli T\u0131p Kurumu morguna kald\u0131r\u0131ld\u0131. Burada yap\u0131lan i\u015flemlerin ard\u0131ndan k\u00fc\u00e7\u00fck \u00e7ocu\u011fun cenazesi ailesi ve yak\u0131nlar\u0131na teslim edildi. Cenazesini teslim alan ac\u0131l\u0131 baba Mustafa Kemal Durmu\u015f g\u00f6zya\u015flar\u0131na hakim olamad\u0131. K\u00fc\u00e7\u00fck \u00e7ocu\u011fun cenazesi topra\u011fa verilmek \u00fczere Gaziantep&#8217;e g\u00f6t\u00fcr\u00fcld\u00fc<\/p>\n<p>Kaynak: www.kanalv.com.tr Haber Sitesinden Al\u0131nm\u0131\u015ft\u0131r.<\/p>","protected":false},"excerpt":{"rendered":"<p>\u00a0Antalya&#8217;da ailesi ile birlikte gitti\u011fi \u00e7iftlikteki havuza giren k\u00fc\u00e7\u00fck \u00e7ocuk bo\u011fularak hayat\u0131n\u0131 kaybetti. Cenazeyi teslim alan \u00e7ocu\u011fun ac\u0131l\u0131 babas\u0131 g\u00f6zya\u015flar\u0131na hakim olamad\u0131. Olay, d\u00fcn ak\u015fam saatlerinde Manavgat il\u00e7esi G\u00fcndo\u011fdu Mahallesi Salk\u0131m S\u00f6g\u00fct mevkinde bulunan bir \u00e7iftlikte meydana geldi. Edinilen bilgiye g\u00f6re ailesi ile birlikte \u00e7iftli\u011fe gelen 6 ya\u015f\u0131ndaki Egemen Durmu\u015f, \u00e7iftlikte bulunan yeti\u015fkin havuzuna girdi. Bir s\u00fcre sonra k\u00fc\u00e7\u00fck \u00e7ocu\u011fu havuzda hareketsiz halde g\u00f6renler havuzdan \u00e7\u0131kartarak ilk m\u00fcdahalede bulundu. Durumun 12 Acil \u00c7a\u011fr\u0131 Merkezi&#8217;ne bildirilmesi \u00fczerine olay yerine gelen sa\u011fl\u0131k ekibi taraf\u0131ndan Serik Devlet Hastanesi&#8217;ne kald\u0131r\u0131lan k\u00fc\u00e7\u00fck \u00e7ocuk burada doktorlar\u0131n t\u00fcm m\u00fcdahalelerine ra\u011fmen kurtar\u0131lamad\u0131. Baba g\u00f6zya\u015flar\u0131n\u0131 tutamad\u0131 Savc\u0131l\u0131k incelemesinin ard\u0131ndan 6 ya\u015f\u0131ndaki Egemen&#8217;in cans\u0131z bedeni kesin \u00f6l\u00fcm nedeninin belirlenmesi ve otopsi i\u015flemleri i\u00e7in Antalya Adli T\u0131p Kurumu morguna kald\u0131r\u0131ld\u0131. Burada yap\u0131lan i\u015flemlerin ard\u0131ndan k\u00fc\u00e7\u00fck \u00e7ocu\u011fun cenazesi ailesi ve yak\u0131nlar\u0131na teslim edildi. Cenazesini teslim alan ac\u0131l\u0131 baba Mustafa Kemal Durmu\u015f g\u00f6zya\u015flar\u0131na hakim olamad\u0131. K\u00fc\u00e7\u00fck \u00e7ocu\u011fun cenazesi topra\u011fa verilmek \u00fczere Gaziantep&#8217;e g\u00f6t\u00fcr\u00fcld\u00fc Kaynak: www.kanalv.com.tr Haber Sitesinden Al\u0131nm\u0131\u015ft\u0131r.<\/p>","protected":false},"author":4,"featured_media":0,"comment_status":"","ping_status":"open","sticky":false,"template":"","format":"standard","meta":{"_acf_changed":false,"footnotes":""},"categories":[26],"tags":[],"class_list":["post-141729","post","type-post","status-publish","format-standard","hentry","category-antalya"],"acf":[],"yoast_head":"<!-- This site is optimized with the Yoast SEO Premium plugin v26.6 (Yoast SEO v27.1.1) - https:\/\/yoast.com\/product\/yoast-seo-premium-wordpress\/ -->\n<title>Havuza Giren K\u00fc\u00e7\u00fck \u00c7ocuk Bo\u011fularak Hayat\u0131n\u0131 Kaybetti - Av. Deniz Can K\u0131z\u0131l<\/title>\n<meta name=\"robots\" content=\"index, follow, max-snippet:-1, max-image-preview:large, max-video-preview:-1\" \/>\n<link rel=\"canonical\" href=\"https:\/\/denizcankizil.tr\/ru\/haberler\/antalya\/havuza-giren-kucuk-cocuk-bogularak-hayatini-kaybetti\/\" \/>\n<meta property=\"og:locale\" content=\"ru_RU\" \/>\n<meta property=\"og:type\" content=\"article\" \/>\n<meta property=\"og:title\" content=\"Havuza Giren K\u00fc\u00e7\u00fck \u00c7ocuk Bo\u011fularak Hayat\u0131n\u0131 Kaybetti\" \/>\n<meta property=\"og:description\" content=\"\u00a0Antalya&#8217;da ailesi ile birlikte gitti\u011fi \u00e7iftlikteki havuza giren k\u00fc\u00e7\u00fck \u00e7ocuk bo\u011fularak hayat\u0131n\u0131 kaybetti. Cenazeyi teslim alan \u00e7ocu\u011fun ac\u0131l\u0131 babas\u0131 g\u00f6zya\u015flar\u0131na hakim olamad\u0131. Olay, d\u00fcn ak\u015fam saatlerinde Manavgat il\u00e7esi G\u00fcndo\u011fdu Mahallesi Salk\u0131m S\u00f6g\u00fct mevkinde bulunan bir \u00e7iftlikte meydana geldi. Edinilen bilgiye g\u00f6re ailesi ile birlikte \u00e7iftli\u011fe gelen 6 ya\u015f\u0131ndaki Egemen Durmu\u015f, \u00e7iftlikte bulunan yeti\u015fkin havuzuna girdi. Bir s\u00fcre sonra k\u00fc\u00e7\u00fck \u00e7ocu\u011fu havuzda hareketsiz halde g\u00f6renler havuzdan \u00e7\u0131kartarak ilk m\u00fcdahalede bulundu. Durumun 12 Acil \u00c7a\u011fr\u0131 Merkezi&#8217;ne bildirilmesi \u00fczerine olay yerine gelen sa\u011fl\u0131k ekibi taraf\u0131ndan Serik Devlet Hastanesi&#8217;ne kald\u0131r\u0131lan k\u00fc\u00e7\u00fck \u00e7ocuk burada doktorlar\u0131n t\u00fcm m\u00fcdahalelerine ra\u011fmen kurtar\u0131lamad\u0131. Baba g\u00f6zya\u015flar\u0131n\u0131 tutamad\u0131 Savc\u0131l\u0131k incelemesinin ard\u0131ndan 6 ya\u015f\u0131ndaki Egemen&#8217;in cans\u0131z bedeni kesin \u00f6l\u00fcm nedeninin belirlenmesi ve otopsi i\u015flemleri i\u00e7in Antalya Adli T\u0131p Kurumu morguna kald\u0131r\u0131ld\u0131. Burada yap\u0131lan i\u015flemlerin ard\u0131ndan k\u00fc\u00e7\u00fck \u00e7ocu\u011fun cenazesi ailesi ve yak\u0131nlar\u0131na teslim edildi. Cenazesini teslim alan ac\u0131l\u0131 baba Mustafa Kemal Durmu\u015f g\u00f6zya\u015flar\u0131na hakim olamad\u0131. K\u00fc\u00e7\u00fck \u00e7ocu\u011fun cenazesi topra\u011fa verilmek \u00fczere Gaziantep&#8217;e g\u00f6t\u00fcr\u00fcld\u00fc Kaynak: www.kanalv.com.tr Haber Sitesinden Al\u0131nm\u0131\u015ft\u0131r.\" \/>\n<meta property=\"og:url\" content=\"https:\/\/denizcankizil.tr\/ru\/haberler\/antalya\/havuza-giren-kucuk-cocuk-bogularak-hayatini-kaybetti\/\" \/>\n<meta property=\"og:site_name\" content=\"Av. Deniz Can K\u0131z\u0131l\" \/>\n<meta property=\"article:published_time\" content=\"2025-07-10T12:41:18+00:00\" \/>\n<meta name=\"author\" content=\"Av. Deniz Can K\u0131z\u0131l\" \/>\n<meta name=\"twitter:card\" content=\"summary_large_image\" \/>\n<meta name=\"twitter:label1\" content=\"\u041d\u0430\u043f\u0438\u0441\u0430\u043d\u043e \u0430\u0432\u0442\u043e\u0440\u043e\u043c\" \/>\n\t<meta name=\"twitter:data1\" content=\"Av. Deniz Can K\u0131z\u0131l\" \/>\n\t<meta name=\"twitter:label2\" content=\"\u041f\u0440\u0438\u043c\u0435\u0440\u043d\u043e\u0435 \u0432\u0440\u0435\u043c\u044f \u0434\u043b\u044f \u0447\u0442\u0435\u043d\u0438\u044f\" \/>\n\t<meta name=\"twitter:data2\" content=\"1 \u043c\u0438\u043d\u0443\u0442\u0430\" \/>\n<script type=\"application\/ld+json\" class=\"yoast-schema-graph\">{\"@context\":\"https:\/\/schema.org\",\"@graph\":[{\"@type\":\"Article\",\"@id\":\"https:\/\/denizcankizil.tr\/ru\/haberler\/antalya\/havuza-giren-kucuk-cocuk-bogularak-hayatini-kaybetti\/#article\",\"isPartOf\":{\"@id\":\"https:\/\/denizcankizil.tr\/ru\/haberler\/antalya\/havuza-giren-kucuk-cocuk-bogularak-hayatini-kaybetti\/\"},\"author\":{\"name\":\"Av. Deniz Can K\u0131z\u0131l\",\"@id\":\"https:\/\/denizcankizil.tr\/#\/schema\/person\/5dc1b22991bd7ac833867c10afc9b0ff\"},\"headline\":\"Havuza Giren K\u00fc\u00e7\u00fck \u00c7ocuk Bo\u011fularak Hayat\u0131n\u0131 Kaybetti\",\"datePublished\":\"2025-07-10T12:41:18+00:00\",\"mainEntityOfPage\":{\"@id\":\"https:\/\/denizcankizil.tr\/ru\/haberler\/antalya\/havuza-giren-kucuk-cocuk-bogularak-hayatini-kaybetti\/\"},\"wordCount\":242,\"publisher\":{\"@id\":\"https:\/\/denizcankizil.tr\/#organization\"},\"articleSection\":[\"Antalya\"],\"inLanguage\":\"ru-RU\"},{\"@type\":\"WebPage\",\"@id\":\"https:\/\/denizcankizil.tr\/ru\/haberler\/antalya\/havuza-giren-kucuk-cocuk-bogularak-hayatini-kaybetti\/\",\"url\":\"https:\/\/denizcankizil.tr\/ru\/haberler\/antalya\/havuza-giren-kucuk-cocuk-bogularak-hayatini-kaybetti\/\",\"name\":\"Havuza Giren K\u00fc\u00e7\u00fck \u00c7ocuk Bo\u011fularak Hayat\u0131n\u0131 Kaybetti - Av. Deniz Can K\u0131z\u0131l\",\"isPartOf\":{\"@id\":\"https:\/\/denizcankizil.tr\/#website\"},\"datePublished\":\"2025-07-10T12:41:18+00:00\",\"breadcrumb\":{\"@id\":\"https:\/\/denizcankizil.tr\/ru\/haberler\/antalya\/havuza-giren-kucuk-cocuk-bogularak-hayatini-kaybetti\/#breadcrumb\"},\"inLanguage\":\"ru-RU\",\"potentialAction\":[{\"@type\":\"ReadAction\",\"target\":[\"https:\/\/denizcankizil.tr\/ru\/haberler\/antalya\/havuza-giren-kucuk-cocuk-bogularak-hayatini-kaybetti\/\"]}]},{\"@type\":\"BreadcrumbList\",\"@id\":\"https:\/\/denizcankizil.tr\/ru\/haberler\/antalya\/havuza-giren-kucuk-cocuk-bogularak-hayatini-kaybetti\/#breadcrumb\",\"itemListElement\":[{\"@type\":\"ListItem\",\"position\":1,\"name\":\"Home\",\"item\":\"https:\/\/denizcankizil.tr\/de\/\"},{\"@type\":\"ListItem\",\"position\":2,\"name\":\"Havuza Giren K\u00fc\u00e7\u00fck \u00c7ocuk Bo\u011fularak Hayat\u0131n\u0131 Kaybetti\"}]},{\"@type\":\"WebSite\",\"@id\":\"https:\/\/denizcankizil.tr\/#website\",\"url\":\"https:\/\/denizcankizil.tr\/\",\"name\":\"Av. Deniz Can K\u0131z\u0131l\",\"description\":\"Avukat Deniz Can K\u0131z\u0131l Antalya Barosu\",\"publisher\":{\"@id\":\"https:\/\/denizcankizil.tr\/#organization\"},\"potentialAction\":[{\"@type\":\"SearchAction\",\"target\":{\"@type\":\"EntryPoint\",\"urlTemplate\":\"https:\/\/denizcankizil.tr\/?s={search_term_string}\"},\"query-input\":{\"@type\":\"PropertyValueSpecification\",\"valueRequired\":true,\"valueName\":\"search_term_string\"}}],\"inLanguage\":\"ru-RU\"},{\"@type\":\"Organization\",\"@id\":\"https:\/\/denizcankizil.tr\/#organization\",\"name\":\"Av. Deniz Can K\u0131z\u0131l\",\"url\":\"https:\/\/denizcankizil.tr\/\",\"logo\":{\"@type\":\"ImageObject\",\"inLanguage\":\"ru-RU\",\"@id\":\"https:\/\/denizcankizil.tr\/#\/schema\/logo\/image\/\",\"url\":\"https:\/\/denizcankizil.tr\/wp-content\/uploads\/2024\/10\/siyah-logo-svg.svg\",\"contentUrl\":\"https:\/\/denizcankizil.tr\/wp-content\/uploads\/2024\/10\/siyah-logo-svg.svg\",\"width\":1080,\"height\":1080,\"caption\":\"Av. Deniz Can K\u0131z\u0131l\"},\"image\":{\"@id\":\"https:\/\/denizcankizil.tr\/#\/schema\/logo\/image\/\"}},{\"@type\":\"Person\",\"@id\":\"https:\/\/denizcankizil.tr\/#\/schema\/person\/5dc1b22991bd7ac833867c10afc9b0ff\",\"name\":\"Av. Deniz Can K\u0131z\u0131l\",\"image\":{\"@type\":\"ImageObject\",\"inLanguage\":\"ru-RU\",\"@id\":\"https:\/\/denizcankizil.tr\/#\/schema\/person\/image\/\",\"url\":\"https:\/\/secure.gravatar.com\/avatar\/a0b128fb9855c79efc976d5640eedb31dc35ec297594d6016d2cf7c60e975bb6?s=96&d=mm&r=g\",\"contentUrl\":\"https:\/\/secure.gravatar.com\/avatar\/a0b128fb9855c79efc976d5640eedb31dc35ec297594d6016d2cf7c60e975bb6?s=96&d=mm&r=g\",\"caption\":\"Av. Deniz Can K\u0131z\u0131l\"},\"sameAs\":[\"http:\/\/www.denizcankizil.tr\"],\"url\":\"https:\/\/denizcankizil.tr\/ru\/author\/denizcankizil\/\"}]}<\/script>\n<!-- \/ Yoast SEO Premium plugin. -->","yoast_head_json":{"title":"Havuza Giren K\u00fc\u00e7\u00fck \u00c7ocuk Bo\u011fularak Hayat\u0131n\u0131 Kaybetti - Av. Deniz Can K\u0131z\u0131l","robots":{"index":"index","follow":"follow","max-snippet":"max-snippet:-1","max-image-preview":"max-image-preview:large","max-video-preview":"max-video-preview:-1"},"canonical":"https:\/\/denizcankizil.tr\/ru\/haberler\/antalya\/havuza-giren-kucuk-cocuk-bogularak-hayatini-kaybetti\/","og_locale":"ru_RU","og_type":"article","og_title":"Havuza Giren K\u00fc\u00e7\u00fck \u00c7ocuk Bo\u011fularak Hayat\u0131n\u0131 Kaybetti","og_description":"\u00a0Antalya&#8217;da ailesi ile birlikte gitti\u011fi \u00e7iftlikteki havuza giren k\u00fc\u00e7\u00fck \u00e7ocuk bo\u011fularak hayat\u0131n\u0131 kaybetti. Cenazeyi teslim alan \u00e7ocu\u011fun ac\u0131l\u0131 babas\u0131 g\u00f6zya\u015flar\u0131na hakim olamad\u0131. Olay, d\u00fcn ak\u015fam saatlerinde Manavgat il\u00e7esi G\u00fcndo\u011fdu Mahallesi Salk\u0131m S\u00f6g\u00fct mevkinde bulunan bir \u00e7iftlikte meydana geldi. Edinilen bilgiye g\u00f6re ailesi ile birlikte \u00e7iftli\u011fe gelen 6 ya\u015f\u0131ndaki Egemen Durmu\u015f, \u00e7iftlikte bulunan yeti\u015fkin havuzuna girdi. Bir s\u00fcre sonra k\u00fc\u00e7\u00fck \u00e7ocu\u011fu havuzda hareketsiz halde g\u00f6renler havuzdan \u00e7\u0131kartarak ilk m\u00fcdahalede bulundu. Durumun 12 Acil \u00c7a\u011fr\u0131 Merkezi&#8217;ne bildirilmesi \u00fczerine olay yerine gelen sa\u011fl\u0131k ekibi taraf\u0131ndan Serik Devlet Hastanesi&#8217;ne kald\u0131r\u0131lan k\u00fc\u00e7\u00fck \u00e7ocuk burada doktorlar\u0131n t\u00fcm m\u00fcdahalelerine ra\u011fmen kurtar\u0131lamad\u0131. Baba g\u00f6zya\u015flar\u0131n\u0131 tutamad\u0131 Savc\u0131l\u0131k incelemesinin ard\u0131ndan 6 ya\u015f\u0131ndaki Egemen&#8217;in cans\u0131z bedeni kesin \u00f6l\u00fcm nedeninin belirlenmesi ve otopsi i\u015flemleri i\u00e7in Antalya Adli T\u0131p Kurumu morguna kald\u0131r\u0131ld\u0131. Burada yap\u0131lan i\u015flemlerin ard\u0131ndan k\u00fc\u00e7\u00fck \u00e7ocu\u011fun cenazesi ailesi ve yak\u0131nlar\u0131na teslim edildi. Cenazesini teslim alan ac\u0131l\u0131 baba Mustafa Kemal Durmu\u015f g\u00f6zya\u015flar\u0131na hakim olamad\u0131. K\u00fc\u00e7\u00fck \u00e7ocu\u011fun cenazesi topra\u011fa verilmek \u00fczere Gaziantep&#8217;e g\u00f6t\u00fcr\u00fcld\u00fc Kaynak: www.kanalv.com.tr Haber Sitesinden Al\u0131nm\u0131\u015ft\u0131r.","og_url":"https:\/\/denizcankizil.tr\/ru\/haberler\/antalya\/havuza-giren-kucuk-cocuk-bogularak-hayatini-kaybetti\/","og_site_name":"Av. Deniz Can K\u0131z\u0131l","article_published_time":"2025-07-10T12:41:18+00:00","author":"Av. Deniz Can K\u0131z\u0131l","twitter_card":"summary_large_image","twitter_misc":{"\u041d\u0430\u043f\u0438\u0441\u0430\u043d\u043e \u0430\u0432\u0442\u043e\u0440\u043e\u043c":"Av. Deniz Can K\u0131z\u0131l","\u041f\u0440\u0438\u043c\u0435\u0440\u043d\u043e\u0435 \u0432\u0440\u0435\u043c\u044f \u0434\u043b\u044f \u0447\u0442\u0435\u043d\u0438\u044f":"1 \u043c\u0438\u043d\u0443\u0442\u0430"},"schema":{"@context":"https:\/\/schema.org","@graph":[{"@type":"Article","@id":"https:\/\/denizcankizil.tr\/ru\/haberler\/antalya\/havuza-giren-kucuk-cocuk-bogularak-hayatini-kaybetti\/#article","isPartOf":{"@id":"https:\/\/denizcankizil.tr\/ru\/haberler\/antalya\/havuza-giren-kucuk-cocuk-bogularak-hayatini-kaybetti\/"},"author":{"name":"Av. Deniz Can K\u0131z\u0131l","@id":"https:\/\/denizcankizil.tr\/#\/schema\/person\/5dc1b22991bd7ac833867c10afc9b0ff"},"headline":"Havuza Giren K\u00fc\u00e7\u00fck \u00c7ocuk Bo\u011fularak Hayat\u0131n\u0131 Kaybetti","datePublished":"2025-07-10T12:41:18+00:00","mainEntityOfPage":{"@id":"https:\/\/denizcankizil.tr\/ru\/haberler\/antalya\/havuza-giren-kucuk-cocuk-bogularak-hayatini-kaybetti\/"},"wordCount":242,"publisher":{"@id":"https:\/\/denizcankizil.tr\/#organization"},"articleSection":["Antalya"],"inLanguage":"ru-RU"},{"@type":"WebPage","@id":"https:\/\/denizcankizil.tr\/ru\/haberler\/antalya\/havuza-giren-kucuk-cocuk-bogularak-hayatini-kaybetti\/","url":"https:\/\/denizcankizil.tr\/ru\/haberler\/antalya\/havuza-giren-kucuk-cocuk-bogularak-hayatini-kaybetti\/","name":"Havuza Giren K\u00fc\u00e7\u00fck \u00c7ocuk Bo\u011fularak Hayat\u0131n\u0131 Kaybetti - Av. Deniz Can K\u0131z\u0131l","isPartOf":{"@id":"https:\/\/denizcankizil.tr\/#website"},"datePublished":"2025-07-10T12:41:18+00:00","breadcrumb":{"@id":"https:\/\/denizcankizil.tr\/ru\/haberler\/antalya\/havuza-giren-kucuk-cocuk-bogularak-hayatini-kaybetti\/#breadcrumb"},"inLanguage":"ru-RU","potentialAction":[{"@type":"ReadAction","target":["https:\/\/denizcankizil.tr\/ru\/haberler\/antalya\/havuza-giren-kucuk-cocuk-bogularak-hayatini-kaybetti\/"]}]},{"@type":"BreadcrumbList","@id":"https:\/\/denizcankizil.tr\/ru\/haberler\/antalya\/havuza-giren-kucuk-cocuk-bogularak-hayatini-kaybetti\/#breadcrumb","itemListElement":[{"@type":"ListItem","position":1,"name":"Home","item":"https:\/\/denizcankizil.tr\/de\/"},{"@type":"ListItem","position":2,"name":"Havuza Giren K\u00fc\u00e7\u00fck \u00c7ocuk Bo\u011fularak Hayat\u0131n\u0131 Kaybetti"}]},{"@type":"WebSite","@id":"https:\/\/denizcankizil.tr\/#website","url":"https:\/\/denizcankizil.tr\/","name":"Av. Deniz Can K\u0131z\u0131l","description":"Avukat Deniz Can K\u0131z\u0131l Antalya Barosu","publisher":{"@id":"https:\/\/denizcankizil.tr\/#organization"},"potentialAction":[{"@type":"SearchAction","target":{"@type":"EntryPoint","urlTemplate":"https:\/\/denizcankizil.tr\/?s={search_term_string}"},"query-input":{"@type":"PropertyValueSpecification","valueRequired":true,"valueName":"search_term_string"}}],"inLanguage":"ru-RU"},{"@type":"Organization","@id":"https:\/\/denizcankizil.tr\/#organization","name":"Av. Deniz Can K\u0131z\u0131l","url":"https:\/\/denizcankizil.tr\/","logo":{"@type":"ImageObject","inLanguage":"ru-RU","@id":"https:\/\/denizcankizil.tr\/#\/schema\/logo\/image\/","url":"https:\/\/denizcankizil.tr\/wp-content\/uploads\/2024\/10\/siyah-logo-svg.svg","contentUrl":"https:\/\/denizcankizil.tr\/wp-content\/uploads\/2024\/10\/siyah-logo-svg.svg","width":1080,"height":1080,"caption":"Av. Deniz Can K\u0131z\u0131l"},"image":{"@id":"https:\/\/denizcankizil.tr\/#\/schema\/logo\/image\/"}},{"@type":"Person","@id":"https:\/\/denizcankizil.tr\/#\/schema\/person\/5dc1b22991bd7ac833867c10afc9b0ff","name":"Av. Deniz Can K\u0131z\u0131l","image":{"@type":"ImageObject","inLanguage":"ru-RU","@id":"https:\/\/denizcankizil.tr\/#\/schema\/person\/image\/","url":"https:\/\/secure.gravatar.com\/avatar\/a0b128fb9855c79efc976d5640eedb31dc35ec297594d6016d2cf7c60e975bb6?s=96&d=mm&r=g","contentUrl":"https:\/\/secure.gravatar.com\/avatar\/a0b128fb9855c79efc976d5640eedb31dc35ec297594d6016d2cf7c60e975bb6?s=96&d=mm&r=g","caption":"Av. Deniz Can K\u0131z\u0131l"},"sameAs":["http:\/\/www.denizcankizil.tr"],"url":"https:\/\/denizcankizil.tr\/ru\/author\/denizcankizil\/"}]}},"_links":{"self":[{"href":"https:\/\/denizcankizil.tr\/ru\/wp-json\/wp\/v2\/posts\/141729","targetHints":{"allow":["GET"]}}],"collection":[{"href":"https:\/\/denizcankizil.tr\/ru\/wp-json\/wp\/v2\/posts"}],"about":[{"href":"https:\/\/denizcankizil.tr\/ru\/wp-json\/wp\/v2\/types\/post"}],"author":[{"embeddable":true,"href":"https:\/\/denizcankizil.tr\/ru\/wp-json\/wp\/v2\/users\/4"}],"replies":[{"embeddable":true,"href":"https:\/\/denizcankizil.tr\/ru\/wp-json\/wp\/v2\/comments?post=141729"}],"version-history":[{"count":0,"href":"https:\/\/denizcankizil.tr\/ru\/wp-json\/wp\/v2\/posts\/141729\/revisions"}],"wp:attachment":[{"href":"https:\/\/denizcankizil.tr\/ru\/wp-json\/wp\/v2\/media?parent=141729"}],"wp:term":[{"taxonomy":"category","embeddable":true,"href":"https:\/\/denizcankizil.tr\/ru\/wp-json\/wp\/v2\/categories?post=141729"},{"taxonomy":"post_tag","embeddable":true,"href":"https:\/\/denizcankizil.tr\/ru\/wp-json\/wp\/v2\/tags?post=141729"}],"curies":[{"name":"wp","href":"https:\/\/api.w.org\/{rel}","templated":true}]}}