{"id":141690,"date":"2025-07-10T14:41:15","date_gmt":"2025-07-10T11:41:15","guid":{"rendered":"https:\/\/denizcankizil.tr\/uncategorized-tr\/jennifer-lopez-dogum-gununu-antalyada-kutlayacak-magara-odada-kalacak\/"},"modified":"2025-07-10T14:41:15","modified_gmt":"2025-07-10T11:41:15","slug":"jennifer-lopez-dogum-gununu-antalyada-kutlayacak-magara-odada-kalacak","status":"publish","type":"post","link":"https:\/\/denizcankizil.tr\/ru\/haberler\/antalya\/jennifer-lopez-dogum-gununu-antalyada-kutlayacak-magara-odada-kalacak\/","title":{"rendered":"Jennifer Lopez Do\u011fum G\u00fcn\u00fcn\u00fc Antalya\u2019da Kutlayacak, Ma\u011fara Odada Kalacak"},"content":{"rendered":"<p>AMER\u0130KALI \u015fark\u0131c\u0131 Jennifer Lopez, 6 y\u0131l aran\u0131n ard\u0131ndan 23 Temmuz&#8217;da Antalya konseriyle T\u00fcrkiye&#8217;deki hayranlar\u0131yla bulu\u015facak. Do\u011fum g\u00fcn\u00fcn\u00fc Antalya konserinde kutlamaya haz\u0131rlanan pop y\u0131ld\u0131z\u0131, l\u00fcks bir otelde 3 bin 500 metrekare ve 14 ki\u015finin kalabildi\u011fi &#8216;Cave&#8217; adl\u0131 ma\u011fara odada konaklayacak.<\/p>\n<p>D\u00fcnyaca \u00fcnl\u00fc pop y\u0131ld\u0131z\u0131 Jennifer Lopez, &#8216;Up All Night Live In 2025&#8217; turnesi kapsam\u0131nda 6 y\u0131l aran\u0131n ard\u0131ndan T\u00fcrkiye&#8217;deki hayranlar\u0131yla Antalya&#8217;da bulu\u015facak. Do\u011fum g\u00fcn\u00fcnden bir g\u00fcn \u00f6nce 23 Temmuz&#8217;da T\u00fcrkiye konserini ger\u00e7ekle\u015ftirecek olan \u00fcnl\u00fc pop y\u0131ld\u0131z\u0131, l\u00fcks bir oteldeki sahnesinde yeni ya\u015f\u0131n\u0131 da kutlamaya haz\u0131rlan\u0131yor. Antalya konserinin kareografisi i\u00e7in 42 ki\u015fiyle \u00e7al\u0131\u015fan Jenifer Lopez, sahnede 50 dans\u00e7\u0131yla \u015fovunu yapacak. Konser i\u00e7in Antalya&#8217;ya 85 ki\u015filik ekiple gelecek olan pop y\u0131ld\u0131z\u0131, sahnede 35 \u015fark\u0131 seslendirecek.<\/p>\n<p>Jennifer Lopez, &#8216;Crown Villa&#8217; ad\u0131 verilen odada konaklayacak. 3 katl\u0131 villas\u0131nda &#8216;The Cave&#8217; adl\u0131 ma\u011fara odada yer al\u0131yor. L\u00fcks bir otelde 3 bin 500 metrekare ve 14 ki\u015finin kalabildi\u011fi villada, ma\u011fara, 8 yatak odas\u0131, 6 giyinme odas\u0131, havuz \u00fcst\u00fc bar, sauna, \u00f6zel sinema alan\u0131 ve \u015f\u00f6minesi yer al\u0131yor. Odada, Jennifer Lopez\u2019in ad\u0131n\u0131n ba\u015f harflerinin i\u015flendi\u011fi \u00f6zel tasar\u0131m nevresim ve bornozlar kullan\u0131lacak.<\/p>\n<p>Golf ve havuz manzaral\u0131 \u00f6zel tripleks villadaki ma\u011fara odada ise oturma ve \u00e7al\u0131\u015fma odas\u0131, playstation odas\u0131, banyo, t\u00fcl ve karartma perdeler, \u00f6zel yap\u0131m ithal ah\u015fap d\u00f6\u015feme, ate\u015f \u00e7ukurlu \u015f\u00f6mine, tam donan\u0131ml\u0131 mutfak ve yemek odas\u0131 ve SPA alan\u0131 yer al\u0131yor.<\/p>\n<p>Kaynak: www.kanalv.com.tr Haber Sitesinden Al\u0131nm\u0131\u015ft\u0131r.<\/p>","protected":false},"excerpt":{"rendered":"<p>AMER\u0130KALI \u015fark\u0131c\u0131 Jennifer Lopez, 6 y\u0131l aran\u0131n ard\u0131ndan 23 Temmuz&#8217;da Antalya konseriyle T\u00fcrkiye&#8217;deki hayranlar\u0131yla bulu\u015facak. Do\u011fum g\u00fcn\u00fcn\u00fc Antalya konserinde kutlamaya haz\u0131rlanan pop y\u0131ld\u0131z\u0131, l\u00fcks bir otelde 3 bin 500 metrekare ve 14 ki\u015finin kalabildi\u011fi &#8216;Cave&#8217; adl\u0131 ma\u011fara odada konaklayacak. D\u00fcnyaca \u00fcnl\u00fc pop y\u0131ld\u0131z\u0131 Jennifer Lopez, &#8216;Up All Night Live In 2025&#8217; turnesi kapsam\u0131nda 6 y\u0131l aran\u0131n ard\u0131ndan T\u00fcrkiye&#8217;deki hayranlar\u0131yla Antalya&#8217;da bulu\u015facak. Do\u011fum g\u00fcn\u00fcnden bir g\u00fcn \u00f6nce 23 Temmuz&#8217;da T\u00fcrkiye konserini ger\u00e7ekle\u015ftirecek olan \u00fcnl\u00fc pop y\u0131ld\u0131z\u0131, l\u00fcks bir oteldeki sahnesinde yeni ya\u015f\u0131n\u0131 da kutlamaya haz\u0131rlan\u0131yor. Antalya konserinin kareografisi i\u00e7in 42 ki\u015fiyle \u00e7al\u0131\u015fan Jenifer Lopez, sahnede 50 dans\u00e7\u0131yla \u015fovunu yapacak. Konser i\u00e7in Antalya&#8217;ya 85 ki\u015filik ekiple gelecek olan pop y\u0131ld\u0131z\u0131, sahnede 35 \u015fark\u0131 seslendirecek. Jennifer Lopez, &#8216;Crown Villa&#8217; ad\u0131 verilen odada konaklayacak. 3 katl\u0131 villas\u0131nda &#8216;The Cave&#8217; adl\u0131 ma\u011fara odada yer al\u0131yor. L\u00fcks bir otelde 3 bin 500 metrekare ve 14 ki\u015finin kalabildi\u011fi villada, ma\u011fara, 8 yatak odas\u0131, 6 giyinme odas\u0131, havuz \u00fcst\u00fc bar, sauna, \u00f6zel sinema alan\u0131 ve \u015f\u00f6minesi yer al\u0131yor. Odada, Jennifer Lopez\u2019in ad\u0131n\u0131n ba\u015f harflerinin i\u015flendi\u011fi \u00f6zel tasar\u0131m nevresim ve bornozlar kullan\u0131lacak. Golf ve havuz manzaral\u0131 \u00f6zel tripleks villadaki ma\u011fara odada ise oturma ve \u00e7al\u0131\u015fma odas\u0131, playstation odas\u0131, banyo, t\u00fcl ve karartma perdeler, \u00f6zel yap\u0131m ithal ah\u015fap d\u00f6\u015feme, ate\u015f &hellip;<\/p>","protected":false},"author":4,"featured_media":0,"comment_status":"","ping_status":"open","sticky":false,"template":"","format":"standard","meta":{"_acf_changed":false,"footnotes":""},"categories":[26],"tags":[],"class_list":["post-141690","post","type-post","status-publish","format-standard","hentry","category-antalya"],"acf":[],"yoast_head":"<!-- This site is optimized with the Yoast SEO Premium plugin v26.6 (Yoast SEO v27.1.1) - https:\/\/yoast.com\/product\/yoast-seo-premium-wordpress\/ -->\n<title>Jennifer Lopez Do\u011fum G\u00fcn\u00fcn\u00fc Antalya\u2019da Kutlayacak, Ma\u011fara Odada Kalacak - Av. Deniz Can K\u0131z\u0131l<\/title>\n<meta name=\"robots\" content=\"index, follow, max-snippet:-1, max-image-preview:large, max-video-preview:-1\" \/>\n<link rel=\"canonical\" href=\"http:\/\/denizcankizil.tr\/ru\/haberler\/antalya\/jennifer-lopez-dogum-gununu-antalyada-kutlayacak-magara-odada-kalacak\/\" \/>\n<meta property=\"og:locale\" content=\"ru_RU\" \/>\n<meta property=\"og:type\" content=\"article\" \/>\n<meta property=\"og:title\" content=\"Jennifer Lopez Do\u011fum G\u00fcn\u00fcn\u00fc Antalya\u2019da Kutlayacak, Ma\u011fara Odada Kalacak\" \/>\n<meta property=\"og:description\" content=\"AMER\u0130KALI \u015fark\u0131c\u0131 Jennifer Lopez, 6 y\u0131l aran\u0131n ard\u0131ndan 23 Temmuz&#8217;da Antalya konseriyle T\u00fcrkiye&#8217;deki hayranlar\u0131yla bulu\u015facak. Do\u011fum g\u00fcn\u00fcn\u00fc Antalya konserinde kutlamaya haz\u0131rlanan pop y\u0131ld\u0131z\u0131, l\u00fcks bir otelde 3 bin 500 metrekare ve 14 ki\u015finin kalabildi\u011fi &#8216;Cave&#8217; adl\u0131 ma\u011fara odada konaklayacak. D\u00fcnyaca \u00fcnl\u00fc pop y\u0131ld\u0131z\u0131 Jennifer Lopez, &#8216;Up All Night Live In 2025&#8217; turnesi kapsam\u0131nda 6 y\u0131l aran\u0131n ard\u0131ndan T\u00fcrkiye&#8217;deki hayranlar\u0131yla Antalya&#8217;da bulu\u015facak. Do\u011fum g\u00fcn\u00fcnden bir g\u00fcn \u00f6nce 23 Temmuz&#8217;da T\u00fcrkiye konserini ger\u00e7ekle\u015ftirecek olan \u00fcnl\u00fc pop y\u0131ld\u0131z\u0131, l\u00fcks bir oteldeki sahnesinde yeni ya\u015f\u0131n\u0131 da kutlamaya haz\u0131rlan\u0131yor. Antalya konserinin kareografisi i\u00e7in 42 ki\u015fiyle \u00e7al\u0131\u015fan Jenifer Lopez, sahnede 50 dans\u00e7\u0131yla \u015fovunu yapacak. Konser i\u00e7in Antalya&#8217;ya 85 ki\u015filik ekiple gelecek olan pop y\u0131ld\u0131z\u0131, sahnede 35 \u015fark\u0131 seslendirecek. Jennifer Lopez, &#8216;Crown Villa&#8217; ad\u0131 verilen odada konaklayacak. 3 katl\u0131 villas\u0131nda &#8216;The Cave&#8217; adl\u0131 ma\u011fara odada yer al\u0131yor. L\u00fcks bir otelde 3 bin 500 metrekare ve 14 ki\u015finin kalabildi\u011fi villada, ma\u011fara, 8 yatak odas\u0131, 6 giyinme odas\u0131, havuz \u00fcst\u00fc bar, sauna, \u00f6zel sinema alan\u0131 ve \u015f\u00f6minesi yer al\u0131yor. Odada, Jennifer Lopez\u2019in ad\u0131n\u0131n ba\u015f harflerinin i\u015flendi\u011fi \u00f6zel tasar\u0131m nevresim ve bornozlar kullan\u0131lacak. Golf ve havuz manzaral\u0131 \u00f6zel tripleks villadaki ma\u011fara odada ise oturma ve \u00e7al\u0131\u015fma odas\u0131, playstation odas\u0131, banyo, t\u00fcl ve karartma perdeler, \u00f6zel yap\u0131m ithal ah\u015fap d\u00f6\u015feme, ate\u015f &hellip;\" \/>\n<meta property=\"og:url\" content=\"http:\/\/denizcankizil.tr\/ru\/haberler\/antalya\/jennifer-lopez-dogum-gununu-antalyada-kutlayacak-magara-odada-kalacak\/\" \/>\n<meta property=\"og:site_name\" content=\"Av. Deniz Can K\u0131z\u0131l\" \/>\n<meta property=\"article:published_time\" content=\"2025-07-10T11:41:15+00:00\" \/>\n<meta name=\"author\" content=\"Av. Deniz Can K\u0131z\u0131l\" \/>\n<meta name=\"twitter:card\" content=\"summary_large_image\" \/>\n<meta name=\"twitter:label1\" content=\"\u041d\u0430\u043f\u0438\u0441\u0430\u043d\u043e \u0430\u0432\u0442\u043e\u0440\u043e\u043c\" \/>\n\t<meta name=\"twitter:data1\" content=\"Av. Deniz Can K\u0131z\u0131l\" \/>\n\t<meta name=\"twitter:label2\" content=\"\u041f\u0440\u0438\u043c\u0435\u0440\u043d\u043e\u0435 \u0432\u0440\u0435\u043c\u044f \u0434\u043b\u044f \u0447\u0442\u0435\u043d\u0438\u044f\" \/>\n\t<meta name=\"twitter:data2\" content=\"1 \u043c\u0438\u043d\u0443\u0442\u0430\" \/>\n<script type=\"application\/ld+json\" class=\"yoast-schema-graph\">{\"@context\":\"https:\/\/schema.org\",\"@graph\":[{\"@type\":\"Article\",\"@id\":\"http:\/\/denizcankizil.tr\/de\/haberler\/antalya\/jennifer-lopez-dogum-gununu-antalyada-kutlayacak-magara-odada-kalacak\/#article\",\"isPartOf\":{\"@id\":\"http:\/\/denizcankizil.tr\/de\/haberler\/antalya\/jennifer-lopez-dogum-gununu-antalyada-kutlayacak-magara-odada-kalacak\/\"},\"author\":{\"name\":\"Av. Deniz Can K\u0131z\u0131l\",\"@id\":\"https:\/\/denizcankizil.tr\/de\/#\/schema\/person\/5dc1b22991bd7ac833867c10afc9b0ff\"},\"headline\":\"Jennifer Lopez Do\u011fum G\u00fcn\u00fcn\u00fc Antalya\u2019da Kutlayacak, Ma\u011fara Odada Kalacak\",\"datePublished\":\"2025-07-10T11:41:15+00:00\",\"mainEntityOfPage\":{\"@id\":\"http:\/\/denizcankizil.tr\/de\/haberler\/antalya\/jennifer-lopez-dogum-gununu-antalyada-kutlayacak-magara-odada-kalacak\/\"},\"wordCount\":298,\"publisher\":{\"@id\":\"https:\/\/denizcankizil.tr\/de\/#organization\"},\"articleSection\":[\"Antalya\"],\"inLanguage\":\"ru-RU\"},{\"@type\":\"WebPage\",\"@id\":\"http:\/\/denizcankizil.tr\/de\/haberler\/antalya\/jennifer-lopez-dogum-gununu-antalyada-kutlayacak-magara-odada-kalacak\/\",\"url\":\"http:\/\/denizcankizil.tr\/de\/haberler\/antalya\/jennifer-lopez-dogum-gununu-antalyada-kutlayacak-magara-odada-kalacak\/\",\"name\":\"Jennifer Lopez Do\u011fum G\u00fcn\u00fcn\u00fc Antalya\u2019da Kutlayacak, Ma\u011fara Odada Kalacak - Av. Deniz Can K\u0131z\u0131l\",\"isPartOf\":{\"@id\":\"https:\/\/denizcankizil.tr\/de\/#website\"},\"datePublished\":\"2025-07-10T11:41:15+00:00\",\"breadcrumb\":{\"@id\":\"http:\/\/denizcankizil.tr\/de\/haberler\/antalya\/jennifer-lopez-dogum-gununu-antalyada-kutlayacak-magara-odada-kalacak\/#breadcrumb\"},\"inLanguage\":\"ru-RU\",\"potentialAction\":[{\"@type\":\"ReadAction\",\"target\":[\"http:\/\/denizcankizil.tr\/de\/haberler\/antalya\/jennifer-lopez-dogum-gununu-antalyada-kutlayacak-magara-odada-kalacak\/\"]}]},{\"@type\":\"BreadcrumbList\",\"@id\":\"http:\/\/denizcankizil.tr\/de\/haberler\/antalya\/jennifer-lopez-dogum-gununu-antalyada-kutlayacak-magara-odada-kalacak\/#breadcrumb\",\"itemListElement\":[{\"@type\":\"ListItem\",\"position\":1,\"name\":\"Home\",\"item\":\"https:\/\/denizcankizil.tr\/de\/\"},{\"@type\":\"ListItem\",\"position\":2,\"name\":\"Jennifer Lopez Do\u011fum G\u00fcn\u00fcn\u00fc Antalya\u2019da Kutlayacak, Ma\u011fara Odada Kalacak\"}]},{\"@type\":\"WebSite\",\"@id\":\"https:\/\/denizcankizil.tr\/de\/#website\",\"url\":\"https:\/\/denizcankizil.tr\/de\/\",\"name\":\"Av. Deniz Can K\u0131z\u0131l\",\"description\":\"Avukat Deniz Can K\u0131z\u0131l Antalya Barosu\",\"publisher\":{\"@id\":\"https:\/\/denizcankizil.tr\/de\/#organization\"},\"potentialAction\":[{\"@type\":\"SearchAction\",\"target\":{\"@type\":\"EntryPoint\",\"urlTemplate\":\"https:\/\/denizcankizil.tr\/de\/?s={search_term_string}\"},\"query-input\":{\"@type\":\"PropertyValueSpecification\",\"valueRequired\":true,\"valueName\":\"search_term_string\"}}],\"inLanguage\":\"ru-RU\"},{\"@type\":\"Organization\",\"@id\":\"https:\/\/denizcankizil.tr\/de\/#organization\",\"name\":\"Av. Deniz Can K\u0131z\u0131l\",\"url\":\"https:\/\/denizcankizil.tr\/de\/\",\"logo\":{\"@type\":\"ImageObject\",\"inLanguage\":\"ru-RU\",\"@id\":\"https:\/\/denizcankizil.tr\/de\/#\/schema\/logo\/image\/\",\"url\":\"https:\/\/denizcankizil.tr\/wp-content\/uploads\/2024\/10\/siyah-logo-svg.svg\",\"contentUrl\":\"https:\/\/denizcankizil.tr\/wp-content\/uploads\/2024\/10\/siyah-logo-svg.svg\",\"width\":1080,\"height\":1080,\"caption\":\"Av. Deniz Can K\u0131z\u0131l\"},\"image\":{\"@id\":\"https:\/\/denizcankizil.tr\/de\/#\/schema\/logo\/image\/\"}},{\"@type\":\"Person\",\"@id\":\"https:\/\/denizcankizil.tr\/de\/#\/schema\/person\/5dc1b22991bd7ac833867c10afc9b0ff\",\"name\":\"Av. Deniz Can K\u0131z\u0131l\",\"image\":{\"@type\":\"ImageObject\",\"inLanguage\":\"ru-RU\",\"@id\":\"https:\/\/denizcankizil.tr\/de\/#\/schema\/person\/image\/\",\"url\":\"https:\/\/secure.gravatar.com\/avatar\/a0b128fb9855c79efc976d5640eedb31dc35ec297594d6016d2cf7c60e975bb6?s=96&d=mm&r=g\",\"contentUrl\":\"https:\/\/secure.gravatar.com\/avatar\/a0b128fb9855c79efc976d5640eedb31dc35ec297594d6016d2cf7c60e975bb6?s=96&d=mm&r=g\",\"caption\":\"Av. Deniz Can K\u0131z\u0131l\"},\"sameAs\":[\"http:\/\/www.denizcankizil.tr\"],\"url\":\"https:\/\/denizcankizil.tr\/ru\/author\/denizcankizil\/\"}]}<\/script>\n<!-- \/ Yoast SEO Premium plugin. -->","yoast_head_json":{"title":"Jennifer Lopez Do\u011fum G\u00fcn\u00fcn\u00fc Antalya\u2019da Kutlayacak, Ma\u011fara Odada Kalacak - Av. Deniz Can K\u0131z\u0131l","robots":{"index":"index","follow":"follow","max-snippet":"max-snippet:-1","max-image-preview":"max-image-preview:large","max-video-preview":"max-video-preview:-1"},"canonical":"http:\/\/denizcankizil.tr\/ru\/haberler\/antalya\/jennifer-lopez-dogum-gununu-antalyada-kutlayacak-magara-odada-kalacak\/","og_locale":"ru_RU","og_type":"article","og_title":"Jennifer Lopez Do\u011fum G\u00fcn\u00fcn\u00fc Antalya\u2019da Kutlayacak, Ma\u011fara Odada Kalacak","og_description":"AMER\u0130KALI \u015fark\u0131c\u0131 Jennifer Lopez, 6 y\u0131l aran\u0131n ard\u0131ndan 23 Temmuz&#8217;da Antalya konseriyle T\u00fcrkiye&#8217;deki hayranlar\u0131yla bulu\u015facak. Do\u011fum g\u00fcn\u00fcn\u00fc Antalya konserinde kutlamaya haz\u0131rlanan pop y\u0131ld\u0131z\u0131, l\u00fcks bir otelde 3 bin 500 metrekare ve 14 ki\u015finin kalabildi\u011fi &#8216;Cave&#8217; adl\u0131 ma\u011fara odada konaklayacak. D\u00fcnyaca \u00fcnl\u00fc pop y\u0131ld\u0131z\u0131 Jennifer Lopez, &#8216;Up All Night Live In 2025&#8217; turnesi kapsam\u0131nda 6 y\u0131l aran\u0131n ard\u0131ndan T\u00fcrkiye&#8217;deki hayranlar\u0131yla Antalya&#8217;da bulu\u015facak. Do\u011fum g\u00fcn\u00fcnden bir g\u00fcn \u00f6nce 23 Temmuz&#8217;da T\u00fcrkiye konserini ger\u00e7ekle\u015ftirecek olan \u00fcnl\u00fc pop y\u0131ld\u0131z\u0131, l\u00fcks bir oteldeki sahnesinde yeni ya\u015f\u0131n\u0131 da kutlamaya haz\u0131rlan\u0131yor. Antalya konserinin kareografisi i\u00e7in 42 ki\u015fiyle \u00e7al\u0131\u015fan Jenifer Lopez, sahnede 50 dans\u00e7\u0131yla \u015fovunu yapacak. Konser i\u00e7in Antalya&#8217;ya 85 ki\u015filik ekiple gelecek olan pop y\u0131ld\u0131z\u0131, sahnede 35 \u015fark\u0131 seslendirecek. Jennifer Lopez, &#8216;Crown Villa&#8217; ad\u0131 verilen odada konaklayacak. 3 katl\u0131 villas\u0131nda &#8216;The Cave&#8217; adl\u0131 ma\u011fara odada yer al\u0131yor. L\u00fcks bir otelde 3 bin 500 metrekare ve 14 ki\u015finin kalabildi\u011fi villada, ma\u011fara, 8 yatak odas\u0131, 6 giyinme odas\u0131, havuz \u00fcst\u00fc bar, sauna, \u00f6zel sinema alan\u0131 ve \u015f\u00f6minesi yer al\u0131yor. Odada, Jennifer Lopez\u2019in ad\u0131n\u0131n ba\u015f harflerinin i\u015flendi\u011fi \u00f6zel tasar\u0131m nevresim ve bornozlar kullan\u0131lacak. Golf ve havuz manzaral\u0131 \u00f6zel tripleks villadaki ma\u011fara odada ise oturma ve \u00e7al\u0131\u015fma odas\u0131, playstation odas\u0131, banyo, t\u00fcl ve karartma perdeler, \u00f6zel yap\u0131m ithal ah\u015fap d\u00f6\u015feme, ate\u015f &hellip;","og_url":"http:\/\/denizcankizil.tr\/ru\/haberler\/antalya\/jennifer-lopez-dogum-gununu-antalyada-kutlayacak-magara-odada-kalacak\/","og_site_name":"Av. Deniz Can K\u0131z\u0131l","article_published_time":"2025-07-10T11:41:15+00:00","author":"Av. Deniz Can K\u0131z\u0131l","twitter_card":"summary_large_image","twitter_misc":{"\u041d\u0430\u043f\u0438\u0441\u0430\u043d\u043e \u0430\u0432\u0442\u043e\u0440\u043e\u043c":"Av. Deniz Can K\u0131z\u0131l","\u041f\u0440\u0438\u043c\u0435\u0440\u043d\u043e\u0435 \u0432\u0440\u0435\u043c\u044f \u0434\u043b\u044f \u0447\u0442\u0435\u043d\u0438\u044f":"1 \u043c\u0438\u043d\u0443\u0442\u0430"},"schema":{"@context":"https:\/\/schema.org","@graph":[{"@type":"Article","@id":"http:\/\/denizcankizil.tr\/de\/haberler\/antalya\/jennifer-lopez-dogum-gununu-antalyada-kutlayacak-magara-odada-kalacak\/#article","isPartOf":{"@id":"http:\/\/denizcankizil.tr\/de\/haberler\/antalya\/jennifer-lopez-dogum-gununu-antalyada-kutlayacak-magara-odada-kalacak\/"},"author":{"name":"Av. Deniz Can K\u0131z\u0131l","@id":"https:\/\/denizcankizil.tr\/de\/#\/schema\/person\/5dc1b22991bd7ac833867c10afc9b0ff"},"headline":"Jennifer Lopez Do\u011fum G\u00fcn\u00fcn\u00fc Antalya\u2019da Kutlayacak, Ma\u011fara Odada Kalacak","datePublished":"2025-07-10T11:41:15+00:00","mainEntityOfPage":{"@id":"http:\/\/denizcankizil.tr\/de\/haberler\/antalya\/jennifer-lopez-dogum-gununu-antalyada-kutlayacak-magara-odada-kalacak\/"},"wordCount":298,"publisher":{"@id":"https:\/\/denizcankizil.tr\/de\/#organization"},"articleSection":["Antalya"],"inLanguage":"ru-RU"},{"@type":"WebPage","@id":"http:\/\/denizcankizil.tr\/de\/haberler\/antalya\/jennifer-lopez-dogum-gununu-antalyada-kutlayacak-magara-odada-kalacak\/","url":"http:\/\/denizcankizil.tr\/de\/haberler\/antalya\/jennifer-lopez-dogum-gununu-antalyada-kutlayacak-magara-odada-kalacak\/","name":"Jennifer Lopez Do\u011fum G\u00fcn\u00fcn\u00fc Antalya\u2019da Kutlayacak, Ma\u011fara Odada Kalacak - Av. Deniz Can K\u0131z\u0131l","isPartOf":{"@id":"https:\/\/denizcankizil.tr\/de\/#website"},"datePublished":"2025-07-10T11:41:15+00:00","breadcrumb":{"@id":"http:\/\/denizcankizil.tr\/de\/haberler\/antalya\/jennifer-lopez-dogum-gununu-antalyada-kutlayacak-magara-odada-kalacak\/#breadcrumb"},"inLanguage":"ru-RU","potentialAction":[{"@type":"ReadAction","target":["http:\/\/denizcankizil.tr\/de\/haberler\/antalya\/jennifer-lopez-dogum-gununu-antalyada-kutlayacak-magara-odada-kalacak\/"]}]},{"@type":"BreadcrumbList","@id":"http:\/\/denizcankizil.tr\/de\/haberler\/antalya\/jennifer-lopez-dogum-gununu-antalyada-kutlayacak-magara-odada-kalacak\/#breadcrumb","itemListElement":[{"@type":"ListItem","position":1,"name":"Home","item":"https:\/\/denizcankizil.tr\/de\/"},{"@type":"ListItem","position":2,"name":"Jennifer Lopez Do\u011fum G\u00fcn\u00fcn\u00fc Antalya\u2019da Kutlayacak, Ma\u011fara Odada Kalacak"}]},{"@type":"WebSite","@id":"https:\/\/denizcankizil.tr\/de\/#website","url":"https:\/\/denizcankizil.tr\/de\/","name":"Av. Deniz Can K\u0131z\u0131l","description":"Avukat Deniz Can K\u0131z\u0131l Antalya Barosu","publisher":{"@id":"https:\/\/denizcankizil.tr\/de\/#organization"},"potentialAction":[{"@type":"SearchAction","target":{"@type":"EntryPoint","urlTemplate":"https:\/\/denizcankizil.tr\/de\/?s={search_term_string}"},"query-input":{"@type":"PropertyValueSpecification","valueRequired":true,"valueName":"search_term_string"}}],"inLanguage":"ru-RU"},{"@type":"Organization","@id":"https:\/\/denizcankizil.tr\/de\/#organization","name":"Av. Deniz Can K\u0131z\u0131l","url":"https:\/\/denizcankizil.tr\/de\/","logo":{"@type":"ImageObject","inLanguage":"ru-RU","@id":"https:\/\/denizcankizil.tr\/de\/#\/schema\/logo\/image\/","url":"https:\/\/denizcankizil.tr\/wp-content\/uploads\/2024\/10\/siyah-logo-svg.svg","contentUrl":"https:\/\/denizcankizil.tr\/wp-content\/uploads\/2024\/10\/siyah-logo-svg.svg","width":1080,"height":1080,"caption":"Av. Deniz Can K\u0131z\u0131l"},"image":{"@id":"https:\/\/denizcankizil.tr\/de\/#\/schema\/logo\/image\/"}},{"@type":"Person","@id":"https:\/\/denizcankizil.tr\/de\/#\/schema\/person\/5dc1b22991bd7ac833867c10afc9b0ff","name":"Av. Deniz Can K\u0131z\u0131l","image":{"@type":"ImageObject","inLanguage":"ru-RU","@id":"https:\/\/denizcankizil.tr\/de\/#\/schema\/person\/image\/","url":"https:\/\/secure.gravatar.com\/avatar\/a0b128fb9855c79efc976d5640eedb31dc35ec297594d6016d2cf7c60e975bb6?s=96&d=mm&r=g","contentUrl":"https:\/\/secure.gravatar.com\/avatar\/a0b128fb9855c79efc976d5640eedb31dc35ec297594d6016d2cf7c60e975bb6?s=96&d=mm&r=g","caption":"Av. Deniz Can K\u0131z\u0131l"},"sameAs":["http:\/\/www.denizcankizil.tr"],"url":"https:\/\/denizcankizil.tr\/ru\/author\/denizcankizil\/"}]}},"_links":{"self":[{"href":"https:\/\/denizcankizil.tr\/ru\/wp-json\/wp\/v2\/posts\/141690","targetHints":{"allow":["GET"]}}],"collection":[{"href":"https:\/\/denizcankizil.tr\/ru\/wp-json\/wp\/v2\/posts"}],"about":[{"href":"https:\/\/denizcankizil.tr\/ru\/wp-json\/wp\/v2\/types\/post"}],"author":[{"embeddable":true,"href":"https:\/\/denizcankizil.tr\/ru\/wp-json\/wp\/v2\/users\/4"}],"replies":[{"embeddable":true,"href":"https:\/\/denizcankizil.tr\/ru\/wp-json\/wp\/v2\/comments?post=141690"}],"version-history":[{"count":0,"href":"https:\/\/denizcankizil.tr\/ru\/wp-json\/wp\/v2\/posts\/141690\/revisions"}],"wp:attachment":[{"href":"https:\/\/denizcankizil.tr\/ru\/wp-json\/wp\/v2\/media?parent=141690"}],"wp:term":[{"taxonomy":"category","embeddable":true,"href":"https:\/\/denizcankizil.tr\/ru\/wp-json\/wp\/v2\/categories?post=141690"},{"taxonomy":"post_tag","embeddable":true,"href":"https:\/\/denizcankizil.tr\/ru\/wp-json\/wp\/v2\/tags?post=141690"}],"curies":[{"name":"wp","href":"https:\/\/api.w.org\/{rel}","templated":true}]}}