{"id":141559,"date":"2025-07-10T11:41:14","date_gmt":"2025-07-10T08:41:14","guid":{"rendered":"https:\/\/denizcankizil.tr\/uncategorized-tr\/denizden-cikan-atiklar-profesoru-kizdirdi-kafasini-kuma-gomen-devekusu-gibiyiz\/"},"modified":"2025-07-10T11:41:14","modified_gmt":"2025-07-10T08:41:14","slug":"denizden-cikan-atiklar-profesoru-kizdirdi-kafasini-kuma-gomen-devekusu-gibiyiz","status":"publish","type":"post","link":"https:\/\/denizcankizil.tr\/ru\/haberler\/antalya\/denizden-cikan-atiklar-profesoru-kizdirdi-kafasini-kuma-gomen-devekusu-gibiyiz\/","title":{"rendered":"Denizden \u00c7\u0131kan At\u0131klar Profes\u00f6r\u00fc K\u0131zd\u0131rd\u0131: \u201cKafas\u0131n\u0131 Kuma G\u00f6men Deveku\u015fu Gibiyiz\u201d"},"content":{"rendered":"<p>Akdeniz \u00dcniversitesi \u00d6\u011fretim \u00dcyesi Prof. Dr. Mehmet G\u00f6ko\u011flu ve Sualt\u0131 Sporlar\u0131 Toplulu\u011fu \u00fcyeleri, Konyaalt\u0131 sahilinde ger\u00e7ekle\u015ftirdikleri dal\u0131\u015fta deniz taban\u0131n\u0131 \u00e7\u00f6plerden ar\u0131nd\u0131rd\u0131. Prof. Dr. G\u00f6ko\u011flu, &#8220;Denizi adeta \u00e7\u00f6pl\u00fck gibi kullan\u0131yoruz&#8221; s\u00f6zleriyle kirlili\u011fin boyutuna dikkat \u00e7ekti.<br \/>\nAkdeniz \u00dcniversitesi Su \u00dcr\u00fcnleri Fak\u00fcltesi \u00d6\u011fretim \u00dcyesi Prof. Dr. Mehmet G\u00f6ko\u011flu ve Sualt\u0131 Sporlar\u0131 Toplulu\u011fu \u00fcyeleri, Konyaalt\u0131 sahilinde ger\u00e7ekle\u015ftirdikleri dal\u0131\u015fla deniz taban\u0131nda biriken at\u0131klar\u0131 toplad\u0131. Pet \u015fi\u015feden \u0131slak mendile, \u00e7ocuk bezinden \u00e7ikolata ambalaj\u0131na kadar \u00e7ok say\u0131da at\u0131\u011f\u0131n bulundu\u011fu temizlik \u00e7al\u0131\u015fmas\u0131nda su alt\u0131ndaki kirlili\u011fin boyutu g\u00f6zler \u00f6n\u00fcne serildi.<\/p>\n<p>&#8220;Pet \u015fi\u015feler, \u0131slak mendiller k\u0131y\u0131da b\u0131rak\u0131l\u0131yor&#8221;<br \/>\nDal\u0131\u015f\u0131n ard\u0131ndan a\u00e7\u0131klama yapan Prof. Dr. G\u00f6ko\u011flu, temizlik \u00e7al\u0131\u015fmalar\u0131 s\u0131ras\u0131nda yapt\u0131\u011f\u0131 de\u011ferlendirmede denizlerin sistematik bi\u00e7imde kirletildi\u011fine dikkat \u00e7ekerek, &#8220;Bu do\u011fay\u0131 \u00e7ocuklar\u0131m\u0131zdan, gelecek nesillerden emanet ald\u0131k. Ancak biz denizi adeta \u00e7\u00f6pl\u00fck gibi kullan\u0131yoruz. \u00d6zellikle yaz aylar\u0131nda Konyaalt\u0131 gibi alanlarda yo\u011fun insan hareketlili\u011fi ya\u015fan\u0131yor. Yanlar\u0131nda getirdikleri pet \u015fi\u015feler, \u0131slak mendiller, ambalajlar genellikle k\u0131y\u0131da b\u0131rak\u0131l\u0131yor. R\u00fczg\u00e2rla denize kar\u0131\u015fan bu at\u0131klar, su alt\u0131nda ciddi bir kirlilik olu\u015fturuyor&#8221; dedi.<\/p>\n<p>&#8220;Deve ku\u015fu gibi kafas\u0131n\u0131 kuma g\u00f6m\u00fcyor ama v\u00fccudu d\u0131\u015far\u0131da&#8221;<br \/>\nIslak mendillerin denizde \u00e7\u00f6z\u00fcnmedi\u011fini vurgulayan G\u00f6ko\u011flu, bu t\u00fcr at\u0131klar\u0131n denizel ekosistem \u00fczerinde ciddi olumsuz etkileri oldu\u011funu ifade ederek \u015funlar\u0131 s\u00f6yledi:<br \/>\n&#8220;R\u00fczg\u00e2rla u\u00e7u\u015fup denize kar\u0131\u015f\u0131yorlar ve i\u00e7eride \u00e7\u00f6z\u00fcnmedikleri i\u00e7in su alt\u0131nda uzun s\u00fcre kal\u0131yorlar. Bunun yan\u0131nda po\u015fetler, plastik at\u0131klar, pet, \u00e7ocuk bezi, \u00e7ikolata ambalaj\u0131 gibi \u00e7\u00f6pler de birikiyor. Pet \u015fi\u015fenin i\u00e7ine \u00e7ak\u0131l doldurup denize atan bile var. Deve ku\u015fu gibi, kafas\u0131n\u0131 kuma g\u00f6m\u00fcyor ama v\u00fccudu d\u0131\u015far\u0131da. Bu da ona benziyor. Halbuki \u00e7\u00f6p kutular\u0131 sadece birka\u00e7 metre ileride.&#8221;<\/p>\n<p>&#8220;Art\u0131k tuzda bile mikro plastik var&#8221;<br \/>\nDenizlerdeki plastik kirlili\u011finin zamanla mikro plasti\u011fe d\u00f6n\u00fc\u015ft\u00fc\u011f\u00fcn\u00fc ve canl\u0131 ya\u015fam\u0131 tehdit etti\u011fini dile getiren Prof. Dr. G\u00f6ko\u011flu, bu kirlili\u011fin sadece g\u00f6r\u00fcnt\u00fc kirlili\u011fiyle s\u0131n\u0131rl\u0131 kalmad\u0131\u011f\u0131n\u0131 vurgulayarak, &#8220;Bu plastikler zamanla \u00e7\u00f6z\u00fcn\u00fcp mikro plasti\u011fe d\u00f6n\u00fc\u015f\u00fcyor. Bal\u0131ktan plaktona kadar t\u00fcm denizel canl\u0131lar\u0131 etkiliyor. Sindirim sistemlerini t\u0131k\u0131yor, \u00f6l\u00fcmlerine ve \u00fcreme bozukluklar\u0131na neden oluyor. Art\u0131k tuzda bile mikro plastik var. Do\u011fada zaten b\u00f6yle bir \u015fey yok, do\u011fan\u0131n kendisinde yok&#8221; ifadelerini kulland\u0131.<\/p>\n<p>&#8220;E\u011fer bu k\u00f6rfez kapal\u0131 olsayd\u0131, bug\u00fcn denize girecek hal kalmayabilirdi&#8221;<br \/>\nAntalya K\u00f6rfezi&#8217;nin a\u00e7\u0131k bir yap\u0131ya sahip oldu\u011funu, bu nedenle kirlili\u011fin k\u0131y\u0131dan ak\u0131nt\u0131larla \u00f6telenebildi\u011fini belirten G\u00f6ko\u011flu, &#8220;\u015eehrin alt\u0131ndan \u00e7ok say\u0131da tatl\u0131 su giri\u015fi var. Lara ile B\u00fcy\u00fck Liman aras\u0131nda yer alt\u0131ndan gelen \u00e7atlak sulardan s\u00f6z ediyoruz. Bu sular k\u0131y\u0131sal kirlili\u011fi a\u015fa\u011f\u0131 do\u011fru s\u00fcr\u00fckl\u00fcyor. E\u011fer bu k\u00f6rfez kapal\u0131 olsayd\u0131, bug\u00fcn denize girecek hal kalmayabilirdi&#8221; dedi.<br \/>\nG\u00f6ko\u011flu, Antalya&#8217;n\u0131n turizm gelirine de dikkat \u00e7ekerek, &#8220;\u015eehrin ekonomisinin b\u00fcy\u00fck k\u0131sm\u0131 turizmden. Kirli deniz sadece turisti de\u011fil, yerliyi de etkiliyor. D\u0131\u015far\u0131dan gelen insana da mahcup oluyoruz. Plastikler yaln\u0131zca g\u00f6r\u00fcnt\u00fc kirlili\u011fi de\u011fil, ayn\u0131 zamanda bir\u00e7ok mikroorganizmay\u0131 da ta\u015f\u0131yor. Bu da hastal\u0131k riski demek&#8221; \u015feklinde konu\u015ftu.<\/p>\n<p>Kaynak: www.kanalv.com.tr Haber Sitesinden Al\u0131nm\u0131\u015ft\u0131r.<\/p>","protected":false},"excerpt":{"rendered":"<p>Akdeniz \u00dcniversitesi \u00d6\u011fretim \u00dcyesi Prof. Dr. Mehmet G\u00f6ko\u011flu ve Sualt\u0131 Sporlar\u0131 Toplulu\u011fu \u00fcyeleri, Konyaalt\u0131 sahilinde ger\u00e7ekle\u015ftirdikleri dal\u0131\u015fta deniz taban\u0131n\u0131 \u00e7\u00f6plerden ar\u0131nd\u0131rd\u0131. Prof. Dr. G\u00f6ko\u011flu, &#8220;Denizi adeta \u00e7\u00f6pl\u00fck gibi kullan\u0131yoruz&#8221; s\u00f6zleriyle kirlili\u011fin boyutuna dikkat \u00e7ekti. Akdeniz \u00dcniversitesi Su \u00dcr\u00fcnleri Fak\u00fcltesi \u00d6\u011fretim \u00dcyesi Prof. Dr. Mehmet G\u00f6ko\u011flu ve Sualt\u0131 Sporlar\u0131 Toplulu\u011fu \u00fcyeleri, Konyaalt\u0131 sahilinde ger\u00e7ekle\u015ftirdikleri dal\u0131\u015fla deniz taban\u0131nda biriken at\u0131klar\u0131 toplad\u0131. Pet \u015fi\u015feden \u0131slak mendile, \u00e7ocuk bezinden \u00e7ikolata ambalaj\u0131na kadar \u00e7ok say\u0131da at\u0131\u011f\u0131n bulundu\u011fu temizlik \u00e7al\u0131\u015fmas\u0131nda su alt\u0131ndaki kirlili\u011fin boyutu g\u00f6zler \u00f6n\u00fcne serildi. &#8220;Pet \u015fi\u015feler, \u0131slak mendiller k\u0131y\u0131da b\u0131rak\u0131l\u0131yor&#8221; Dal\u0131\u015f\u0131n ard\u0131ndan a\u00e7\u0131klama yapan Prof. Dr. G\u00f6ko\u011flu, temizlik \u00e7al\u0131\u015fmalar\u0131 s\u0131ras\u0131nda yapt\u0131\u011f\u0131 de\u011ferlendirmede denizlerin sistematik bi\u00e7imde kirletildi\u011fine dikkat \u00e7ekerek, &#8220;Bu do\u011fay\u0131 \u00e7ocuklar\u0131m\u0131zdan, gelecek nesillerden emanet ald\u0131k. Ancak biz denizi adeta \u00e7\u00f6pl\u00fck gibi kullan\u0131yoruz. \u00d6zellikle yaz aylar\u0131nda Konyaalt\u0131 gibi alanlarda yo\u011fun insan hareketlili\u011fi ya\u015fan\u0131yor. Yanlar\u0131nda getirdikleri pet \u015fi\u015feler, \u0131slak mendiller, ambalajlar genellikle k\u0131y\u0131da b\u0131rak\u0131l\u0131yor. R\u00fczg\u00e2rla denize kar\u0131\u015fan bu at\u0131klar, su alt\u0131nda ciddi bir kirlilik olu\u015fturuyor&#8221; dedi. &#8220;Deve ku\u015fu gibi kafas\u0131n\u0131 kuma g\u00f6m\u00fcyor ama v\u00fccudu d\u0131\u015far\u0131da&#8221; Islak mendillerin denizde \u00e7\u00f6z\u00fcnmedi\u011fini vurgulayan G\u00f6ko\u011flu, bu t\u00fcr at\u0131klar\u0131n denizel ekosistem \u00fczerinde ciddi olumsuz etkileri oldu\u011funu ifade ederek \u015funlar\u0131 s\u00f6yledi: &#8220;R\u00fczg\u00e2rla u\u00e7u\u015fup denize kar\u0131\u015f\u0131yorlar ve i\u00e7eride \u00e7\u00f6z\u00fcnmedikleri i\u00e7in su alt\u0131nda uzun s\u00fcre kal\u0131yorlar. Bunun yan\u0131nda po\u015fetler, plastik at\u0131klar, pet, \u00e7ocuk &hellip;<\/p>","protected":false},"author":4,"featured_media":0,"comment_status":"","ping_status":"open","sticky":false,"template":"","format":"standard","meta":{"_acf_changed":false,"footnotes":""},"categories":[26],"tags":[],"class_list":["post-141559","post","type-post","status-publish","format-standard","hentry","category-antalya"],"acf":[],"yoast_head":"<!-- This site is optimized with the Yoast SEO Premium plugin v26.6 (Yoast SEO v27.1.1) - https:\/\/yoast.com\/product\/yoast-seo-premium-wordpress\/ -->\n<title>Denizden \u00c7\u0131kan At\u0131klar Profes\u00f6r\u00fc K\u0131zd\u0131rd\u0131: \u201cKafas\u0131n\u0131 Kuma G\u00f6men Deveku\u015fu Gibiyiz\u201d - Av. Deniz Can K\u0131z\u0131l<\/title>\n<meta name=\"robots\" content=\"index, follow, max-snippet:-1, max-image-preview:large, max-video-preview:-1\" \/>\n<link rel=\"canonical\" href=\"http:\/\/denizcankizil.tr\/ru\/haberler\/antalya\/denizden-cikan-atiklar-profesoru-kizdirdi-kafasini-kuma-gomen-devekusu-gibiyiz\/\" \/>\n<meta property=\"og:locale\" content=\"ru_RU\" \/>\n<meta property=\"og:type\" content=\"article\" \/>\n<meta property=\"og:title\" content=\"Denizden \u00c7\u0131kan At\u0131klar Profes\u00f6r\u00fc K\u0131zd\u0131rd\u0131: \u201cKafas\u0131n\u0131 Kuma G\u00f6men Deveku\u015fu Gibiyiz\u201d\" \/>\n<meta property=\"og:description\" content=\"Akdeniz \u00dcniversitesi \u00d6\u011fretim \u00dcyesi Prof. Dr. Mehmet G\u00f6ko\u011flu ve Sualt\u0131 Sporlar\u0131 Toplulu\u011fu \u00fcyeleri, Konyaalt\u0131 sahilinde ger\u00e7ekle\u015ftirdikleri dal\u0131\u015fta deniz taban\u0131n\u0131 \u00e7\u00f6plerden ar\u0131nd\u0131rd\u0131. Prof. Dr. G\u00f6ko\u011flu, &#8220;Denizi adeta \u00e7\u00f6pl\u00fck gibi kullan\u0131yoruz&#8221; s\u00f6zleriyle kirlili\u011fin boyutuna dikkat \u00e7ekti. Akdeniz \u00dcniversitesi Su \u00dcr\u00fcnleri Fak\u00fcltesi \u00d6\u011fretim \u00dcyesi Prof. Dr. Mehmet G\u00f6ko\u011flu ve Sualt\u0131 Sporlar\u0131 Toplulu\u011fu \u00fcyeleri, Konyaalt\u0131 sahilinde ger\u00e7ekle\u015ftirdikleri dal\u0131\u015fla deniz taban\u0131nda biriken at\u0131klar\u0131 toplad\u0131. Pet \u015fi\u015feden \u0131slak mendile, \u00e7ocuk bezinden \u00e7ikolata ambalaj\u0131na kadar \u00e7ok say\u0131da at\u0131\u011f\u0131n bulundu\u011fu temizlik \u00e7al\u0131\u015fmas\u0131nda su alt\u0131ndaki kirlili\u011fin boyutu g\u00f6zler \u00f6n\u00fcne serildi. &#8220;Pet \u015fi\u015feler, \u0131slak mendiller k\u0131y\u0131da b\u0131rak\u0131l\u0131yor&#8221; Dal\u0131\u015f\u0131n ard\u0131ndan a\u00e7\u0131klama yapan Prof. Dr. G\u00f6ko\u011flu, temizlik \u00e7al\u0131\u015fmalar\u0131 s\u0131ras\u0131nda yapt\u0131\u011f\u0131 de\u011ferlendirmede denizlerin sistematik bi\u00e7imde kirletildi\u011fine dikkat \u00e7ekerek, &#8220;Bu do\u011fay\u0131 \u00e7ocuklar\u0131m\u0131zdan, gelecek nesillerden emanet ald\u0131k. Ancak biz denizi adeta \u00e7\u00f6pl\u00fck gibi kullan\u0131yoruz. \u00d6zellikle yaz aylar\u0131nda Konyaalt\u0131 gibi alanlarda yo\u011fun insan hareketlili\u011fi ya\u015fan\u0131yor. Yanlar\u0131nda getirdikleri pet \u015fi\u015feler, \u0131slak mendiller, ambalajlar genellikle k\u0131y\u0131da b\u0131rak\u0131l\u0131yor. R\u00fczg\u00e2rla denize kar\u0131\u015fan bu at\u0131klar, su alt\u0131nda ciddi bir kirlilik olu\u015fturuyor&#8221; dedi. &#8220;Deve ku\u015fu gibi kafas\u0131n\u0131 kuma g\u00f6m\u00fcyor ama v\u00fccudu d\u0131\u015far\u0131da&#8221; Islak mendillerin denizde \u00e7\u00f6z\u00fcnmedi\u011fini vurgulayan G\u00f6ko\u011flu, bu t\u00fcr at\u0131klar\u0131n denizel ekosistem \u00fczerinde ciddi olumsuz etkileri oldu\u011funu ifade ederek \u015funlar\u0131 s\u00f6yledi: &#8220;R\u00fczg\u00e2rla u\u00e7u\u015fup denize kar\u0131\u015f\u0131yorlar ve i\u00e7eride \u00e7\u00f6z\u00fcnmedikleri i\u00e7in su alt\u0131nda uzun s\u00fcre kal\u0131yorlar. Bunun yan\u0131nda po\u015fetler, plastik at\u0131klar, pet, \u00e7ocuk &hellip;\" \/>\n<meta property=\"og:url\" content=\"http:\/\/denizcankizil.tr\/ru\/haberler\/antalya\/denizden-cikan-atiklar-profesoru-kizdirdi-kafasini-kuma-gomen-devekusu-gibiyiz\/\" \/>\n<meta property=\"og:site_name\" content=\"Av. Deniz Can K\u0131z\u0131l\" \/>\n<meta property=\"article:published_time\" content=\"2025-07-10T08:41:14+00:00\" \/>\n<meta name=\"author\" content=\"Av. Deniz Can K\u0131z\u0131l\" \/>\n<meta name=\"twitter:card\" content=\"summary_large_image\" \/>\n<meta name=\"twitter:label1\" content=\"\u041d\u0430\u043f\u0438\u0441\u0430\u043d\u043e \u0430\u0432\u0442\u043e\u0440\u043e\u043c\" \/>\n\t<meta name=\"twitter:data1\" content=\"Av. Deniz Can K\u0131z\u0131l\" \/>\n\t<meta name=\"twitter:label2\" content=\"\u041f\u0440\u0438\u043c\u0435\u0440\u043d\u043e\u0435 \u0432\u0440\u0435\u043c\u044f \u0434\u043b\u044f \u0447\u0442\u0435\u043d\u0438\u044f\" \/>\n\t<meta name=\"twitter:data2\" content=\"3 \u043c\u0438\u043d\u0443\u0442\u044b\" \/>\n<script type=\"application\/ld+json\" class=\"yoast-schema-graph\">{\"@context\":\"https:\/\/schema.org\",\"@graph\":[{\"@type\":\"Article\",\"@id\":\"http:\/\/denizcankizil.tr\/uk\/haberler\/antalya\/denizden-cikan-atiklar-profesoru-kizdirdi-kafasini-kuma-gomen-devekusu-gibiyiz\/#article\",\"isPartOf\":{\"@id\":\"http:\/\/denizcankizil.tr\/uk\/haberler\/antalya\/denizden-cikan-atiklar-profesoru-kizdirdi-kafasini-kuma-gomen-devekusu-gibiyiz\/\"},\"author\":{\"name\":\"Av. Deniz Can K\u0131z\u0131l\",\"@id\":\"https:\/\/denizcankizil.tr\/de\/#\/schema\/person\/5dc1b22991bd7ac833867c10afc9b0ff\"},\"headline\":\"Denizden \u00c7\u0131kan At\u0131klar Profes\u00f6r\u00fc K\u0131zd\u0131rd\u0131: \u201cKafas\u0131n\u0131 Kuma G\u00f6men Deveku\u015fu Gibiyiz\u201d\",\"datePublished\":\"2025-07-10T08:41:14+00:00\",\"mainEntityOfPage\":{\"@id\":\"http:\/\/denizcankizil.tr\/uk\/haberler\/antalya\/denizden-cikan-atiklar-profesoru-kizdirdi-kafasini-kuma-gomen-devekusu-gibiyiz\/\"},\"wordCount\":647,\"publisher\":{\"@id\":\"https:\/\/denizcankizil.tr\/de\/#organization\"},\"articleSection\":[\"Antalya\"],\"inLanguage\":\"ru-RU\"},{\"@type\":\"WebPage\",\"@id\":\"http:\/\/denizcankizil.tr\/uk\/haberler\/antalya\/denizden-cikan-atiklar-profesoru-kizdirdi-kafasini-kuma-gomen-devekusu-gibiyiz\/\",\"url\":\"http:\/\/denizcankizil.tr\/uk\/haberler\/antalya\/denizden-cikan-atiklar-profesoru-kizdirdi-kafasini-kuma-gomen-devekusu-gibiyiz\/\",\"name\":\"Denizden \u00c7\u0131kan At\u0131klar Profes\u00f6r\u00fc K\u0131zd\u0131rd\u0131: \u201cKafas\u0131n\u0131 Kuma G\u00f6men Deveku\u015fu Gibiyiz\u201d - Av. Deniz Can K\u0131z\u0131l\",\"isPartOf\":{\"@id\":\"https:\/\/denizcankizil.tr\/de\/#website\"},\"datePublished\":\"2025-07-10T08:41:14+00:00\",\"breadcrumb\":{\"@id\":\"http:\/\/denizcankizil.tr\/uk\/haberler\/antalya\/denizden-cikan-atiklar-profesoru-kizdirdi-kafasini-kuma-gomen-devekusu-gibiyiz\/#breadcrumb\"},\"inLanguage\":\"ru-RU\",\"potentialAction\":[{\"@type\":\"ReadAction\",\"target\":[\"http:\/\/denizcankizil.tr\/uk\/haberler\/antalya\/denizden-cikan-atiklar-profesoru-kizdirdi-kafasini-kuma-gomen-devekusu-gibiyiz\/\"]}]},{\"@type\":\"BreadcrumbList\",\"@id\":\"http:\/\/denizcankizil.tr\/uk\/haberler\/antalya\/denizden-cikan-atiklar-profesoru-kizdirdi-kafasini-kuma-gomen-devekusu-gibiyiz\/#breadcrumb\",\"itemListElement\":[{\"@type\":\"ListItem\",\"position\":1,\"name\":\"Home\",\"item\":\"https:\/\/denizcankizil.tr\/de\/\"},{\"@type\":\"ListItem\",\"position\":2,\"name\":\"Denizden \u00c7\u0131kan At\u0131klar Profes\u00f6r\u00fc K\u0131zd\u0131rd\u0131: \u201cKafas\u0131n\u0131 Kuma G\u00f6men Deveku\u015fu Gibiyiz\u201d\"}]},{\"@type\":\"WebSite\",\"@id\":\"https:\/\/denizcankizil.tr\/de\/#website\",\"url\":\"https:\/\/denizcankizil.tr\/de\/\",\"name\":\"Av. Deniz Can K\u0131z\u0131l\",\"description\":\"Avukat Deniz Can K\u0131z\u0131l Antalya Barosu\",\"publisher\":{\"@id\":\"https:\/\/denizcankizil.tr\/de\/#organization\"},\"potentialAction\":[{\"@type\":\"SearchAction\",\"target\":{\"@type\":\"EntryPoint\",\"urlTemplate\":\"https:\/\/denizcankizil.tr\/de\/?s={search_term_string}\"},\"query-input\":{\"@type\":\"PropertyValueSpecification\",\"valueRequired\":true,\"valueName\":\"search_term_string\"}}],\"inLanguage\":\"ru-RU\"},{\"@type\":\"Organization\",\"@id\":\"https:\/\/denizcankizil.tr\/de\/#organization\",\"name\":\"Av. Deniz Can K\u0131z\u0131l\",\"url\":\"https:\/\/denizcankizil.tr\/de\/\",\"logo\":{\"@type\":\"ImageObject\",\"inLanguage\":\"ru-RU\",\"@id\":\"https:\/\/denizcankizil.tr\/de\/#\/schema\/logo\/image\/\",\"url\":\"https:\/\/denizcankizil.tr\/wp-content\/uploads\/2024\/10\/siyah-logo-svg.svg\",\"contentUrl\":\"https:\/\/denizcankizil.tr\/wp-content\/uploads\/2024\/10\/siyah-logo-svg.svg\",\"width\":1080,\"height\":1080,\"caption\":\"Av. Deniz Can K\u0131z\u0131l\"},\"image\":{\"@id\":\"https:\/\/denizcankizil.tr\/de\/#\/schema\/logo\/image\/\"}},{\"@type\":\"Person\",\"@id\":\"https:\/\/denizcankizil.tr\/de\/#\/schema\/person\/5dc1b22991bd7ac833867c10afc9b0ff\",\"name\":\"Av. Deniz Can K\u0131z\u0131l\",\"image\":{\"@type\":\"ImageObject\",\"inLanguage\":\"ru-RU\",\"@id\":\"https:\/\/denizcankizil.tr\/de\/#\/schema\/person\/image\/\",\"url\":\"https:\/\/secure.gravatar.com\/avatar\/a0b128fb9855c79efc976d5640eedb31dc35ec297594d6016d2cf7c60e975bb6?s=96&d=mm&r=g\",\"contentUrl\":\"https:\/\/secure.gravatar.com\/avatar\/a0b128fb9855c79efc976d5640eedb31dc35ec297594d6016d2cf7c60e975bb6?s=96&d=mm&r=g\",\"caption\":\"Av. Deniz Can K\u0131z\u0131l\"},\"sameAs\":[\"http:\/\/www.denizcankizil.tr\"],\"url\":\"https:\/\/denizcankizil.tr\/ru\/author\/denizcankizil\/\"}]}<\/script>\n<!-- \/ Yoast SEO Premium plugin. -->","yoast_head_json":{"title":"Denizden \u00c7\u0131kan At\u0131klar Profes\u00f6r\u00fc K\u0131zd\u0131rd\u0131: \u201cKafas\u0131n\u0131 Kuma G\u00f6men Deveku\u015fu Gibiyiz\u201d - Av. Deniz Can K\u0131z\u0131l","robots":{"index":"index","follow":"follow","max-snippet":"max-snippet:-1","max-image-preview":"max-image-preview:large","max-video-preview":"max-video-preview:-1"},"canonical":"http:\/\/denizcankizil.tr\/ru\/haberler\/antalya\/denizden-cikan-atiklar-profesoru-kizdirdi-kafasini-kuma-gomen-devekusu-gibiyiz\/","og_locale":"ru_RU","og_type":"article","og_title":"Denizden \u00c7\u0131kan At\u0131klar Profes\u00f6r\u00fc K\u0131zd\u0131rd\u0131: \u201cKafas\u0131n\u0131 Kuma G\u00f6men Deveku\u015fu Gibiyiz\u201d","og_description":"Akdeniz \u00dcniversitesi \u00d6\u011fretim \u00dcyesi Prof. Dr. Mehmet G\u00f6ko\u011flu ve Sualt\u0131 Sporlar\u0131 Toplulu\u011fu \u00fcyeleri, Konyaalt\u0131 sahilinde ger\u00e7ekle\u015ftirdikleri dal\u0131\u015fta deniz taban\u0131n\u0131 \u00e7\u00f6plerden ar\u0131nd\u0131rd\u0131. Prof. Dr. G\u00f6ko\u011flu, &#8220;Denizi adeta \u00e7\u00f6pl\u00fck gibi kullan\u0131yoruz&#8221; s\u00f6zleriyle kirlili\u011fin boyutuna dikkat \u00e7ekti. Akdeniz \u00dcniversitesi Su \u00dcr\u00fcnleri Fak\u00fcltesi \u00d6\u011fretim \u00dcyesi Prof. Dr. Mehmet G\u00f6ko\u011flu ve Sualt\u0131 Sporlar\u0131 Toplulu\u011fu \u00fcyeleri, Konyaalt\u0131 sahilinde ger\u00e7ekle\u015ftirdikleri dal\u0131\u015fla deniz taban\u0131nda biriken at\u0131klar\u0131 toplad\u0131. Pet \u015fi\u015feden \u0131slak mendile, \u00e7ocuk bezinden \u00e7ikolata ambalaj\u0131na kadar \u00e7ok say\u0131da at\u0131\u011f\u0131n bulundu\u011fu temizlik \u00e7al\u0131\u015fmas\u0131nda su alt\u0131ndaki kirlili\u011fin boyutu g\u00f6zler \u00f6n\u00fcne serildi. &#8220;Pet \u015fi\u015feler, \u0131slak mendiller k\u0131y\u0131da b\u0131rak\u0131l\u0131yor&#8221; Dal\u0131\u015f\u0131n ard\u0131ndan a\u00e7\u0131klama yapan Prof. Dr. G\u00f6ko\u011flu, temizlik \u00e7al\u0131\u015fmalar\u0131 s\u0131ras\u0131nda yapt\u0131\u011f\u0131 de\u011ferlendirmede denizlerin sistematik bi\u00e7imde kirletildi\u011fine dikkat \u00e7ekerek, &#8220;Bu do\u011fay\u0131 \u00e7ocuklar\u0131m\u0131zdan, gelecek nesillerden emanet ald\u0131k. Ancak biz denizi adeta \u00e7\u00f6pl\u00fck gibi kullan\u0131yoruz. \u00d6zellikle yaz aylar\u0131nda Konyaalt\u0131 gibi alanlarda yo\u011fun insan hareketlili\u011fi ya\u015fan\u0131yor. Yanlar\u0131nda getirdikleri pet \u015fi\u015feler, \u0131slak mendiller, ambalajlar genellikle k\u0131y\u0131da b\u0131rak\u0131l\u0131yor. R\u00fczg\u00e2rla denize kar\u0131\u015fan bu at\u0131klar, su alt\u0131nda ciddi bir kirlilik olu\u015fturuyor&#8221; dedi. &#8220;Deve ku\u015fu gibi kafas\u0131n\u0131 kuma g\u00f6m\u00fcyor ama v\u00fccudu d\u0131\u015far\u0131da&#8221; Islak mendillerin denizde \u00e7\u00f6z\u00fcnmedi\u011fini vurgulayan G\u00f6ko\u011flu, bu t\u00fcr at\u0131klar\u0131n denizel ekosistem \u00fczerinde ciddi olumsuz etkileri oldu\u011funu ifade ederek \u015funlar\u0131 s\u00f6yledi: &#8220;R\u00fczg\u00e2rla u\u00e7u\u015fup denize kar\u0131\u015f\u0131yorlar ve i\u00e7eride \u00e7\u00f6z\u00fcnmedikleri i\u00e7in su alt\u0131nda uzun s\u00fcre kal\u0131yorlar. Bunun yan\u0131nda po\u015fetler, plastik at\u0131klar, pet, \u00e7ocuk &hellip;","og_url":"http:\/\/denizcankizil.tr\/ru\/haberler\/antalya\/denizden-cikan-atiklar-profesoru-kizdirdi-kafasini-kuma-gomen-devekusu-gibiyiz\/","og_site_name":"Av. Deniz Can K\u0131z\u0131l","article_published_time":"2025-07-10T08:41:14+00:00","author":"Av. Deniz Can K\u0131z\u0131l","twitter_card":"summary_large_image","twitter_misc":{"\u041d\u0430\u043f\u0438\u0441\u0430\u043d\u043e \u0430\u0432\u0442\u043e\u0440\u043e\u043c":"Av. Deniz Can K\u0131z\u0131l","\u041f\u0440\u0438\u043c\u0435\u0440\u043d\u043e\u0435 \u0432\u0440\u0435\u043c\u044f \u0434\u043b\u044f \u0447\u0442\u0435\u043d\u0438\u044f":"3 \u043c\u0438\u043d\u0443\u0442\u044b"},"schema":{"@context":"https:\/\/schema.org","@graph":[{"@type":"Article","@id":"http:\/\/denizcankizil.tr\/uk\/haberler\/antalya\/denizden-cikan-atiklar-profesoru-kizdirdi-kafasini-kuma-gomen-devekusu-gibiyiz\/#article","isPartOf":{"@id":"http:\/\/denizcankizil.tr\/uk\/haberler\/antalya\/denizden-cikan-atiklar-profesoru-kizdirdi-kafasini-kuma-gomen-devekusu-gibiyiz\/"},"author":{"name":"Av. Deniz Can K\u0131z\u0131l","@id":"https:\/\/denizcankizil.tr\/de\/#\/schema\/person\/5dc1b22991bd7ac833867c10afc9b0ff"},"headline":"Denizden \u00c7\u0131kan At\u0131klar Profes\u00f6r\u00fc K\u0131zd\u0131rd\u0131: \u201cKafas\u0131n\u0131 Kuma G\u00f6men Deveku\u015fu Gibiyiz\u201d","datePublished":"2025-07-10T08:41:14+00:00","mainEntityOfPage":{"@id":"http:\/\/denizcankizil.tr\/uk\/haberler\/antalya\/denizden-cikan-atiklar-profesoru-kizdirdi-kafasini-kuma-gomen-devekusu-gibiyiz\/"},"wordCount":647,"publisher":{"@id":"https:\/\/denizcankizil.tr\/de\/#organization"},"articleSection":["Antalya"],"inLanguage":"ru-RU"},{"@type":"WebPage","@id":"http:\/\/denizcankizil.tr\/uk\/haberler\/antalya\/denizden-cikan-atiklar-profesoru-kizdirdi-kafasini-kuma-gomen-devekusu-gibiyiz\/","url":"http:\/\/denizcankizil.tr\/uk\/haberler\/antalya\/denizden-cikan-atiklar-profesoru-kizdirdi-kafasini-kuma-gomen-devekusu-gibiyiz\/","name":"Denizden \u00c7\u0131kan At\u0131klar Profes\u00f6r\u00fc K\u0131zd\u0131rd\u0131: \u201cKafas\u0131n\u0131 Kuma G\u00f6men Deveku\u015fu Gibiyiz\u201d - Av. Deniz Can K\u0131z\u0131l","isPartOf":{"@id":"https:\/\/denizcankizil.tr\/de\/#website"},"datePublished":"2025-07-10T08:41:14+00:00","breadcrumb":{"@id":"http:\/\/denizcankizil.tr\/uk\/haberler\/antalya\/denizden-cikan-atiklar-profesoru-kizdirdi-kafasini-kuma-gomen-devekusu-gibiyiz\/#breadcrumb"},"inLanguage":"ru-RU","potentialAction":[{"@type":"ReadAction","target":["http:\/\/denizcankizil.tr\/uk\/haberler\/antalya\/denizden-cikan-atiklar-profesoru-kizdirdi-kafasini-kuma-gomen-devekusu-gibiyiz\/"]}]},{"@type":"BreadcrumbList","@id":"http:\/\/denizcankizil.tr\/uk\/haberler\/antalya\/denizden-cikan-atiklar-profesoru-kizdirdi-kafasini-kuma-gomen-devekusu-gibiyiz\/#breadcrumb","itemListElement":[{"@type":"ListItem","position":1,"name":"Home","item":"https:\/\/denizcankizil.tr\/de\/"},{"@type":"ListItem","position":2,"name":"Denizden \u00c7\u0131kan At\u0131klar Profes\u00f6r\u00fc K\u0131zd\u0131rd\u0131: \u201cKafas\u0131n\u0131 Kuma G\u00f6men Deveku\u015fu Gibiyiz\u201d"}]},{"@type":"WebSite","@id":"https:\/\/denizcankizil.tr\/de\/#website","url":"https:\/\/denizcankizil.tr\/de\/","name":"Av. Deniz Can K\u0131z\u0131l","description":"Avukat Deniz Can K\u0131z\u0131l Antalya Barosu","publisher":{"@id":"https:\/\/denizcankizil.tr\/de\/#organization"},"potentialAction":[{"@type":"SearchAction","target":{"@type":"EntryPoint","urlTemplate":"https:\/\/denizcankizil.tr\/de\/?s={search_term_string}"},"query-input":{"@type":"PropertyValueSpecification","valueRequired":true,"valueName":"search_term_string"}}],"inLanguage":"ru-RU"},{"@type":"Organization","@id":"https:\/\/denizcankizil.tr\/de\/#organization","name":"Av. Deniz Can K\u0131z\u0131l","url":"https:\/\/denizcankizil.tr\/de\/","logo":{"@type":"ImageObject","inLanguage":"ru-RU","@id":"https:\/\/denizcankizil.tr\/de\/#\/schema\/logo\/image\/","url":"https:\/\/denizcankizil.tr\/wp-content\/uploads\/2024\/10\/siyah-logo-svg.svg","contentUrl":"https:\/\/denizcankizil.tr\/wp-content\/uploads\/2024\/10\/siyah-logo-svg.svg","width":1080,"height":1080,"caption":"Av. Deniz Can K\u0131z\u0131l"},"image":{"@id":"https:\/\/denizcankizil.tr\/de\/#\/schema\/logo\/image\/"}},{"@type":"Person","@id":"https:\/\/denizcankizil.tr\/de\/#\/schema\/person\/5dc1b22991bd7ac833867c10afc9b0ff","name":"Av. Deniz Can K\u0131z\u0131l","image":{"@type":"ImageObject","inLanguage":"ru-RU","@id":"https:\/\/denizcankizil.tr\/de\/#\/schema\/person\/image\/","url":"https:\/\/secure.gravatar.com\/avatar\/a0b128fb9855c79efc976d5640eedb31dc35ec297594d6016d2cf7c60e975bb6?s=96&d=mm&r=g","contentUrl":"https:\/\/secure.gravatar.com\/avatar\/a0b128fb9855c79efc976d5640eedb31dc35ec297594d6016d2cf7c60e975bb6?s=96&d=mm&r=g","caption":"Av. Deniz Can K\u0131z\u0131l"},"sameAs":["http:\/\/www.denizcankizil.tr"],"url":"https:\/\/denizcankizil.tr\/ru\/author\/denizcankizil\/"}]}},"_links":{"self":[{"href":"https:\/\/denizcankizil.tr\/ru\/wp-json\/wp\/v2\/posts\/141559","targetHints":{"allow":["GET"]}}],"collection":[{"href":"https:\/\/denizcankizil.tr\/ru\/wp-json\/wp\/v2\/posts"}],"about":[{"href":"https:\/\/denizcankizil.tr\/ru\/wp-json\/wp\/v2\/types\/post"}],"author":[{"embeddable":true,"href":"https:\/\/denizcankizil.tr\/ru\/wp-json\/wp\/v2\/users\/4"}],"replies":[{"embeddable":true,"href":"https:\/\/denizcankizil.tr\/ru\/wp-json\/wp\/v2\/comments?post=141559"}],"version-history":[{"count":0,"href":"https:\/\/denizcankizil.tr\/ru\/wp-json\/wp\/v2\/posts\/141559\/revisions"}],"wp:attachment":[{"href":"https:\/\/denizcankizil.tr\/ru\/wp-json\/wp\/v2\/media?parent=141559"}],"wp:term":[{"taxonomy":"category","embeddable":true,"href":"https:\/\/denizcankizil.tr\/ru\/wp-json\/wp\/v2\/categories?post=141559"},{"taxonomy":"post_tag","embeddable":true,"href":"https:\/\/denizcankizil.tr\/ru\/wp-json\/wp\/v2\/tags?post=141559"}],"curies":[{"name":"wp","href":"https:\/\/api.w.org\/{rel}","templated":true}]}}