{"id":141519,"date":"2025-07-10T10:41:32","date_gmt":"2025-07-10T07:41:32","guid":{"rendered":"https:\/\/denizcankizil.tr\/uncategorized-tr\/marjinal-organ-nakilleri-icin-perfuzyon-cihazi-donemi\/"},"modified":"2025-07-10T10:41:32","modified_gmt":"2025-07-10T07:41:32","slug":"marjinal-organ-nakilleri-icin-perfuzyon-cihazi-donemi","status":"publish","type":"post","link":"https:\/\/denizcankizil.tr\/ru\/haberler\/antalya\/marjinal-organ-nakilleri-icin-perfuzyon-cihazi-donemi\/","title":{"rendered":"\u2018Marjinal\u2019 Organ Nakilleri \u0130\u00e7in Perf\u00fczyon Cihaz\u0131 D\u00f6nemi"},"content":{"rendered":"<p>AKDEN\u0130Z \u00dcniversitesi (A\u00dc) Prof. Dr. Tuncer Karpuzo\u011flu Organ Nakli Merkezi&#8217;nde perf\u00fczyon cihazlar\u0131n\u0131n kullan\u0131m\u0131yla, &#8216;marjinal&#8217; olarak da adland\u0131r\u0131lan ileri ya\u015f insanlar\u0131n organlar\u0131n\u0131n sa\u011fl\u0131kl\u0131 \u015fekilde nakledilece\u011fi kaydedildi.<\/p>\n<p>A\u00dc T\u0131p Fak\u00fcltesi organ nakli sorumlu cerrah\u0131 Prof. Dr. \u0130smail Demiry\u0131lmaz, Organ Nakli Merkezi&#8217;nin, kuruldu\u011fu 1982 y\u0131l\u0131ndan itibaren b\u00f6brek nakilleri ile nakil i\u015flemlerine ba\u015flad\u0131\u011f\u0131n\u0131 s\u00f6yledi. 1997 y\u0131l\u0131ndan itibaren de canl\u0131 ve kadavra vericilerden karaci\u011fer nakillerinin ba\u015far\u0131yla yap\u0131ld\u0131\u011f\u0131n\u0131 aktaran Prof. Dr. Demiry\u0131lmaz, &#8220;O zamandan g\u00fcn\u00fcm\u00fcze 846 karaci\u011fer nakli yap\u0131ld\u0131. Bu y\u0131l ilk 6 ayda 20 karaci\u011fer nakli ger\u00e7ekle\u015ftirdik. Tabii hem karaci\u011fer hem de b\u00f6brek nakli ve di\u011fer solid organ, kompozit doku nakilleri ile birlikte merkezin y\u00fcr\u00fcyor olmas\u0131 t\u00fcm nakillerimize domino etkisi yap\u0131yor. Hem organ nakli haz\u0131rl\u0131\u011f\u0131 s\u00fcrecinde hem de haz\u0131rl\u0131ktan sonraki hastalar\u0131n bak\u0131m\u0131 s\u00fcrecinde merkezimizin b\u00fcy\u00fck birikiminin olmas\u0131 ve di\u011fer kliniklerin de bu i\u015fle beraber ciddi tecr\u00fcbelerinin olmas\u0131, bize art\u0131 avantaj kazand\u0131r\u0131yor. Bunun verdi\u011fi etkiyle beraber nakillerimiz hem \u00f6ncesi hem sonras\u0131 bak\u0131mlar olarak devam ediyor&#8221; dedi.<\/p>\n<p>ORGAN PERF\u00dcZYON C\u0130HAZLARI UYGULAMAYA GE\u00c7\u0130YOR<\/p>\n<p>\u00dclkemizde kadaverik nakillerin azald\u0131\u011f\u0131na dikkat \u00e7eken Prof. Dr. \u0130smail Demiry\u0131lmaz, \u201cAyr\u0131ca \u00e7\u0131kan kadavra organlar\u0131n ileri ya\u015f grubunda olmas\u0131ndan dolay\u0131 \u00fclkemizde \u00f6mr\u00fcn uzamas\u0131 ile beraber ileri ya\u015f olmas\u0131, kabul edilebilen organlar\u0131n s\u0131n\u0131rlar\u0131n\u0131 zorlamakta. \u00d6zellikle karaci\u011fer i\u00e7in kullan\u0131lma ihtimalini azaltmakta. Bu sebeple hem \u00fcniversitemizin hem de bakanl\u0131\u011f\u0131m\u0131z\u0131n deste\u011fiyle organ perf\u00fczyon cihazlar\u0131n\u0131 proje olarak ger\u00e7ekle\u015ftirdik. Yak\u0131nda bunu uygulamaya sokaca\u011f\u0131z&#8221; diye konu\u015ftu.<\/p>\n<p>MARJ\u0130NAL ORGANLARI KULLANMA \u015eANSINI ARTIRACAK<\/p>\n<p>Marjinal denilen ileri ya\u015f grubunda veya organ\u0131n kullanmas\u0131 g\u00fc\u00e7 olacak hastalar\u0131 bu cihazlarda de\u011ferlendireceklerini a\u00e7\u0131klayan Prof. Dr. Demiry\u0131lmaz, \u201cBu \u015fekilde kullan\u0131labilir hale getirmeyi hedefliyoruz. Kullanma \u015fans\u0131n\u0131 de\u011ferlendirmek i\u00e7in geli\u015ftirilmi\u015f cihazlar var. Bug\u00fcn Avrupa, Amerika ve geli\u015fmi\u015f \u00fclkelerde art\u0131k bunu kullan\u0131yorlar. Biz de bu y\u00f6nde ald\u0131\u011f\u0131m\u0131z proje ve desteklerle bunu hayata ge\u00e7irece\u011fiz k\u0131sa zaman i\u00e7erisinde. B\u00f6ylece hasta marjinal organlar\u0131 kullanma \u015fans\u0131n\u0131 art\u0131racak. \u00d6zellikle karaci\u011fer i\u00e7in. Hem de hastaya tak\u0131lmadan bu organ\u0131 de\u011ferlendirmi\u015f olaca\u011f\u0131z \u00e7al\u0131\u015f\u0131p \u00e7al\u0131\u015fmad\u0131\u011f\u0131n\u0131. Hem hasta uzun yat\u0131\u015f problemlerini hem de daha iyi performans alma i\u015flemlerinde \u00e7ok ciddi katk\u0131lar\u0131 olacak. Bunu \u00f6zellikle vurgulamak istiyorum. Bu \u00f6nemli bir \u015fey. Biz bu i\u015fi s\u0131rtlad\u0131k. \u0130n\u015fallah bunu da yak\u0131n zamanda ger\u00e7ekle\u015ftirece\u011fiz&#8221; ifadelerini kulland\u0131.<\/p>\n<p>KADAVRADAN BA\u011eI\u015e \u0130\u00c7\u0130N \u00c7A\u011eRI<\/p>\n<p>A\u00dc T\u0131p Fak\u00fcltesi organ nakli sorumlu cerrah\u0131 Prof. Dr. Abdullah K\u0131sao\u011flu ise Akdeniz \u00dcniversitesi&#8217;nde 1982&#8217;den bu yana 6 binin \u00fczerinde b\u00f6brek nakli yap\u0131ld\u0131\u011f\u0131n\u0131 belirterek, \u201cBunlar\u0131n \u00e7o\u011funlu\u011fu canl\u0131 verici. Kadavra verici organ nakli y\u00fczde 20-25&#8217;lik k\u0131sm\u0131n\u0131 te\u015fkil ediyor. Di\u011fer k\u0131sm\u0131 canl\u0131dan yap\u0131l\u0131yor. T\u00fcrkiye&#8217;de organ ba\u011f\u0131\u015f\u0131 oran\u0131 Avrupa ve Amerika&#8217;ya g\u00f6re daha d\u00fc\u015f\u00fck. Bu da bekleme listesi dedi\u011fimiz b\u00f6brek yetmezli\u011fine girmi\u015f nakil aday\u0131 olan hasta bekleme listesinde uzun s\u00fcre kal\u0131yor. Bu da bekleme listesindeki hastalar\u0131n nakle ula\u015famamas\u0131 gibi sonu\u00e7lar\u0131 do\u011furuyor. Bunu engellemek i\u00e7in tabii ki canl\u0131 vericili nakil buna alternatif olarak ortaya \u00e7\u0131km\u0131\u015f durumda. Kadavradan organ ba\u011f\u0131\u015f\u0131 oran\u0131n\u0131n \u00fclkemizde artmas\u0131n\u0131 temenni ediyoruz, \u00e7ok istiyoruz. O \u015fekilde daha g\u00fczel sonu\u00e7lara ula\u015faca\u011f\u0131m\u0131za inan\u0131yoruz&#8221; dedi.<\/p>\n<p>ER\u0130\u015eK\u0130NDEN \u00c7OCU\u011eA B\u00d6BREK NAKL\u0130<\/p>\n<p>Akdeniz \u00dcniversitesi&#8217;nde organ nakli ekibinin \u00e7ok g\u00fc\u00e7l\u00fc oldu\u011funu dile getiren Prof. Dr. Abdullah K\u0131sao\u011flu, \u201c43 senedir ameliyat \u00f6ncesi haz\u0131rl\u0131k olsun, ameliyat s\u00fcreci olsun, ameliyat sonras\u0131 takip, k\u0131sa d\u00f6nem, uzun d\u00f6nem takiplerde ba\u015far\u0131 oran\u0131m\u0131z \u00e7ok y\u00fcksek. Bunlar\u0131 art\u0131rmaya y\u00f6nelik t\u00fcm \u00e7abay\u0131 sarf ediyoruz. Ayr\u0131ca kurumumuzda b\u00f6brek naklinin her t\u00fcrl\u00fc \u015feklini yapabiliyoruz. Bu nedir? Yani kadavradan, canl\u0131dan ba\u011f\u0131\u015f olur veya k\u00fc\u00e7\u00fck \u00e7ocuktan kombine veya dual nakil dedi\u011fimiz \u015fekilde olur. Yani iki b\u00f6bre\u011fin tek al\u0131c\u0131ya tak\u0131lmas\u0131 veya eri\u015fkin b\u00f6bre\u011finin \u00e7ocuk al\u0131c\u0131ya nakledilmesi gibi. Burada \u015funun alt\u0131n\u0131 \u00e7izmek istiyorum. 10-12 kilonun alt\u0131ndaki \u00e7ocuk al\u0131c\u0131lara eri\u015fkin b\u00f6bre\u011finin naklinde s\u0131k\u0131nt\u0131lar do\u011fuyor. 10-12 kilonun alt\u0131na \u00e7ok mecbur ve acil kal\u0131nmad\u0131\u011f\u0131 s\u00fcrece nakil \u00f6nerilmiyor. Kurumumuzda 7-8 kiloya kadar olan \u00e7ocuklara eri\u015fkinden yani annesi veya bir yak\u0131n\u0131ndan canl\u0131 vericili b\u00f6brek nakli yapabiliyoruz ve sonu\u00e7lar\u0131m\u0131z \u00e7ok \u00e7ok iyi&#8221; diye konu\u015ftu.<\/p>\n<p>\u015eu an gelinen noktada Akdeniz \u00dcniversitesi Organ Nakli Merkezi olarak rakamlar\u0131n \u00e7ok iyi oldu\u011funu ifade eden Prof. Dr. K\u0131sao\u011flu, \u201cAvrupa&#8217;da olsun, T\u00fcrkiye&#8217;de olsun kamu hastaneleri aras\u0131nda 1 numara olmay\u0131 s\u00fcrd\u00fcr\u00fcyoruz. \u00d6zellikle \u015fu mesaj\u0131 vermek istiyorum; Kadavradan organ ba\u011f\u0131\u015f\u0131n\u0131n artmas\u0131na y\u00f6nelik yak\u0131nlar\u0131 \u00f6len, beyin \u00f6l\u00fcm\u00fc ger\u00e7ekle\u015fmi\u015f ki\u015filerin organlar\u0131n\u0131n ba\u011f\u0131\u015flanmas\u0131n\u0131 \u00f6neririm. Bu bekleme listesindeki hastalara \u00f6nemli bir noktada \u015fifa olacakt\u0131r&#8221; ifadelerini kulland\u0131.<\/p>\n<p>Kaynak: www.kanalv.com.tr Haber Sitesinden Al\u0131nm\u0131\u015ft\u0131r.<\/p>","protected":false},"excerpt":{"rendered":"<p>AKDEN\u0130Z \u00dcniversitesi (A\u00dc) Prof. Dr. Tuncer Karpuzo\u011flu Organ Nakli Merkezi&#8217;nde perf\u00fczyon cihazlar\u0131n\u0131n kullan\u0131m\u0131yla, &#8216;marjinal&#8217; olarak da adland\u0131r\u0131lan ileri ya\u015f insanlar\u0131n organlar\u0131n\u0131n sa\u011fl\u0131kl\u0131 \u015fekilde nakledilece\u011fi kaydedildi. A\u00dc T\u0131p Fak\u00fcltesi organ nakli sorumlu cerrah\u0131 Prof. Dr. \u0130smail Demiry\u0131lmaz, Organ Nakli Merkezi&#8217;nin, kuruldu\u011fu 1982 y\u0131l\u0131ndan itibaren b\u00f6brek nakilleri ile nakil i\u015flemlerine ba\u015flad\u0131\u011f\u0131n\u0131 s\u00f6yledi. 1997 y\u0131l\u0131ndan itibaren de canl\u0131 ve kadavra vericilerden karaci\u011fer nakillerinin ba\u015far\u0131yla yap\u0131ld\u0131\u011f\u0131n\u0131 aktaran Prof. Dr. Demiry\u0131lmaz, &#8220;O zamandan g\u00fcn\u00fcm\u00fcze 846 karaci\u011fer nakli yap\u0131ld\u0131. Bu y\u0131l ilk 6 ayda 20 karaci\u011fer nakli ger\u00e7ekle\u015ftirdik. Tabii hem karaci\u011fer hem de b\u00f6brek nakli ve di\u011fer solid organ, kompozit doku nakilleri ile birlikte merkezin y\u00fcr\u00fcyor olmas\u0131 t\u00fcm nakillerimize domino etkisi yap\u0131yor. Hem organ nakli haz\u0131rl\u0131\u011f\u0131 s\u00fcrecinde hem de haz\u0131rl\u0131ktan sonraki hastalar\u0131n bak\u0131m\u0131 s\u00fcrecinde merkezimizin b\u00fcy\u00fck birikiminin olmas\u0131 ve di\u011fer kliniklerin de bu i\u015fle beraber ciddi tecr\u00fcbelerinin olmas\u0131, bize art\u0131 avantaj kazand\u0131r\u0131yor. Bunun verdi\u011fi etkiyle beraber nakillerimiz hem \u00f6ncesi hem sonras\u0131 bak\u0131mlar olarak devam ediyor&#8221; dedi. ORGAN PERF\u00dcZYON C\u0130HAZLARI UYGULAMAYA GE\u00c7\u0130YOR \u00dclkemizde kadaverik nakillerin azald\u0131\u011f\u0131na dikkat \u00e7eken Prof. Dr. \u0130smail Demiry\u0131lmaz, \u201cAyr\u0131ca \u00e7\u0131kan kadavra organlar\u0131n ileri ya\u015f grubunda olmas\u0131ndan dolay\u0131 \u00fclkemizde \u00f6mr\u00fcn uzamas\u0131 ile beraber ileri ya\u015f olmas\u0131, kabul edilebilen organlar\u0131n s\u0131n\u0131rlar\u0131n\u0131 zorlamakta. \u00d6zellikle karaci\u011fer i\u00e7in kullan\u0131lma ihtimalini azaltmakta. Bu sebeple hem \u00fcniversitemizin hem de bakanl\u0131\u011f\u0131m\u0131z\u0131n &hellip;<\/p>","protected":false},"author":4,"featured_media":0,"comment_status":"","ping_status":"open","sticky":false,"template":"","format":"standard","meta":{"_acf_changed":false,"footnotes":""},"categories":[26],"tags":[],"class_list":["post-141519","post","type-post","status-publish","format-standard","hentry","category-antalya"],"acf":[],"yoast_head":"<!-- This site is optimized with the Yoast SEO Premium plugin v26.6 (Yoast SEO v27.1.1) - https:\/\/yoast.com\/product\/yoast-seo-premium-wordpress\/ -->\n<title>\u2018Marjinal\u2019 Organ Nakilleri \u0130\u00e7in Perf\u00fczyon Cihaz\u0131 D\u00f6nemi - Av. Deniz Can K\u0131z\u0131l<\/title>\n<meta name=\"robots\" content=\"index, follow, max-snippet:-1, max-image-preview:large, max-video-preview:-1\" \/>\n<link rel=\"canonical\" href=\"https:\/\/denizcankizil.tr\/ru\/haberler\/antalya\/marjinal-organ-nakilleri-icin-perfuzyon-cihazi-donemi\/\" \/>\n<meta property=\"og:locale\" content=\"ru_RU\" \/>\n<meta property=\"og:type\" content=\"article\" \/>\n<meta property=\"og:title\" content=\"\u2018Marjinal\u2019 Organ Nakilleri \u0130\u00e7in Perf\u00fczyon Cihaz\u0131 D\u00f6nemi\" \/>\n<meta property=\"og:description\" content=\"AKDEN\u0130Z \u00dcniversitesi (A\u00dc) Prof. Dr. Tuncer Karpuzo\u011flu Organ Nakli Merkezi&#8217;nde perf\u00fczyon cihazlar\u0131n\u0131n kullan\u0131m\u0131yla, &#8216;marjinal&#8217; olarak da adland\u0131r\u0131lan ileri ya\u015f insanlar\u0131n organlar\u0131n\u0131n sa\u011fl\u0131kl\u0131 \u015fekilde nakledilece\u011fi kaydedildi. A\u00dc T\u0131p Fak\u00fcltesi organ nakli sorumlu cerrah\u0131 Prof. Dr. \u0130smail Demiry\u0131lmaz, Organ Nakli Merkezi&#8217;nin, kuruldu\u011fu 1982 y\u0131l\u0131ndan itibaren b\u00f6brek nakilleri ile nakil i\u015flemlerine ba\u015flad\u0131\u011f\u0131n\u0131 s\u00f6yledi. 1997 y\u0131l\u0131ndan itibaren de canl\u0131 ve kadavra vericilerden karaci\u011fer nakillerinin ba\u015far\u0131yla yap\u0131ld\u0131\u011f\u0131n\u0131 aktaran Prof. Dr. Demiry\u0131lmaz, &#8220;O zamandan g\u00fcn\u00fcm\u00fcze 846 karaci\u011fer nakli yap\u0131ld\u0131. Bu y\u0131l ilk 6 ayda 20 karaci\u011fer nakli ger\u00e7ekle\u015ftirdik. Tabii hem karaci\u011fer hem de b\u00f6brek nakli ve di\u011fer solid organ, kompozit doku nakilleri ile birlikte merkezin y\u00fcr\u00fcyor olmas\u0131 t\u00fcm nakillerimize domino etkisi yap\u0131yor. Hem organ nakli haz\u0131rl\u0131\u011f\u0131 s\u00fcrecinde hem de haz\u0131rl\u0131ktan sonraki hastalar\u0131n bak\u0131m\u0131 s\u00fcrecinde merkezimizin b\u00fcy\u00fck birikiminin olmas\u0131 ve di\u011fer kliniklerin de bu i\u015fle beraber ciddi tecr\u00fcbelerinin olmas\u0131, bize art\u0131 avantaj kazand\u0131r\u0131yor. Bunun verdi\u011fi etkiyle beraber nakillerimiz hem \u00f6ncesi hem sonras\u0131 bak\u0131mlar olarak devam ediyor&#8221; dedi. ORGAN PERF\u00dcZYON C\u0130HAZLARI UYGULAMAYA GE\u00c7\u0130YOR \u00dclkemizde kadaverik nakillerin azald\u0131\u011f\u0131na dikkat \u00e7eken Prof. Dr. \u0130smail Demiry\u0131lmaz, \u201cAyr\u0131ca \u00e7\u0131kan kadavra organlar\u0131n ileri ya\u015f grubunda olmas\u0131ndan dolay\u0131 \u00fclkemizde \u00f6mr\u00fcn uzamas\u0131 ile beraber ileri ya\u015f olmas\u0131, kabul edilebilen organlar\u0131n s\u0131n\u0131rlar\u0131n\u0131 zorlamakta. \u00d6zellikle karaci\u011fer i\u00e7in kullan\u0131lma ihtimalini azaltmakta. Bu sebeple hem \u00fcniversitemizin hem de bakanl\u0131\u011f\u0131m\u0131z\u0131n &hellip;\" \/>\n<meta property=\"og:url\" content=\"https:\/\/denizcankizil.tr\/ru\/haberler\/antalya\/marjinal-organ-nakilleri-icin-perfuzyon-cihazi-donemi\/\" \/>\n<meta property=\"og:site_name\" content=\"Av. Deniz Can K\u0131z\u0131l\" \/>\n<meta property=\"article:published_time\" content=\"2025-07-10T07:41:32+00:00\" \/>\n<meta name=\"author\" content=\"Av. Deniz Can K\u0131z\u0131l\" \/>\n<meta name=\"twitter:card\" content=\"summary_large_image\" \/>\n<meta name=\"twitter:label1\" content=\"\u041d\u0430\u043f\u0438\u0441\u0430\u043d\u043e \u0430\u0432\u0442\u043e\u0440\u043e\u043c\" \/>\n\t<meta name=\"twitter:data1\" content=\"Av. Deniz Can K\u0131z\u0131l\" \/>\n\t<meta name=\"twitter:label2\" content=\"\u041f\u0440\u0438\u043c\u0435\u0440\u043d\u043e\u0435 \u0432\u0440\u0435\u043c\u044f \u0434\u043b\u044f \u0447\u0442\u0435\u043d\u0438\u044f\" \/>\n\t<meta name=\"twitter:data2\" content=\"5 \u043c\u0438\u043d\u0443\u0442\" \/>\n<script type=\"application\/ld+json\" class=\"yoast-schema-graph\">{\"@context\":\"https:\/\/schema.org\",\"@graph\":[{\"@type\":\"Article\",\"@id\":\"https:\/\/denizcankizil.tr\/en\/haberler\/antalya\/marjinal-organ-nakilleri-icin-perfuzyon-cihazi-donemi\/#article\",\"isPartOf\":{\"@id\":\"https:\/\/denizcankizil.tr\/en\/haberler\/antalya\/marjinal-organ-nakilleri-icin-perfuzyon-cihazi-donemi\/\"},\"author\":{\"name\":\"Av. Deniz Can K\u0131z\u0131l\",\"@id\":\"https:\/\/denizcankizil.tr\/de\/#\/schema\/person\/5dc1b22991bd7ac833867c10afc9b0ff\"},\"headline\":\"\u2018Marjinal\u2019 Organ Nakilleri \u0130\u00e7in Perf\u00fczyon Cihaz\u0131 D\u00f6nemi\",\"datePublished\":\"2025-07-10T07:41:32+00:00\",\"mainEntityOfPage\":{\"@id\":\"https:\/\/denizcankizil.tr\/en\/haberler\/antalya\/marjinal-organ-nakilleri-icin-perfuzyon-cihazi-donemi\/\"},\"wordCount\":917,\"publisher\":{\"@id\":\"https:\/\/denizcankizil.tr\/de\/#organization\"},\"articleSection\":[\"Antalya\"],\"inLanguage\":\"ru-RU\"},{\"@type\":\"WebPage\",\"@id\":\"https:\/\/denizcankizil.tr\/en\/haberler\/antalya\/marjinal-organ-nakilleri-icin-perfuzyon-cihazi-donemi\/\",\"url\":\"https:\/\/denizcankizil.tr\/en\/haberler\/antalya\/marjinal-organ-nakilleri-icin-perfuzyon-cihazi-donemi\/\",\"name\":\"\u2018Marjinal\u2019 Organ Nakilleri \u0130\u00e7in Perf\u00fczyon Cihaz\u0131 D\u00f6nemi - Av. Deniz Can K\u0131z\u0131l\",\"isPartOf\":{\"@id\":\"https:\/\/denizcankizil.tr\/de\/#website\"},\"datePublished\":\"2025-07-10T07:41:32+00:00\",\"breadcrumb\":{\"@id\":\"https:\/\/denizcankizil.tr\/en\/haberler\/antalya\/marjinal-organ-nakilleri-icin-perfuzyon-cihazi-donemi\/#breadcrumb\"},\"inLanguage\":\"ru-RU\",\"potentialAction\":[{\"@type\":\"ReadAction\",\"target\":[\"https:\/\/denizcankizil.tr\/en\/haberler\/antalya\/marjinal-organ-nakilleri-icin-perfuzyon-cihazi-donemi\/\"]}]},{\"@type\":\"BreadcrumbList\",\"@id\":\"https:\/\/denizcankizil.tr\/en\/haberler\/antalya\/marjinal-organ-nakilleri-icin-perfuzyon-cihazi-donemi\/#breadcrumb\",\"itemListElement\":[{\"@type\":\"ListItem\",\"position\":1,\"name\":\"Home\",\"item\":\"https:\/\/denizcankizil.tr\/de\/\"},{\"@type\":\"ListItem\",\"position\":2,\"name\":\"\u2018Marjinal\u2019 Organ Nakilleri \u0130\u00e7in Perf\u00fczyon Cihaz\u0131 D\u00f6nemi\"}]},{\"@type\":\"WebSite\",\"@id\":\"https:\/\/denizcankizil.tr\/de\/#website\",\"url\":\"https:\/\/denizcankizil.tr\/de\/\",\"name\":\"Av. Deniz Can K\u0131z\u0131l\",\"description\":\"Avukat Deniz Can K\u0131z\u0131l Antalya Barosu\",\"publisher\":{\"@id\":\"https:\/\/denizcankizil.tr\/de\/#organization\"},\"potentialAction\":[{\"@type\":\"SearchAction\",\"target\":{\"@type\":\"EntryPoint\",\"urlTemplate\":\"https:\/\/denizcankizil.tr\/de\/?s={search_term_string}\"},\"query-input\":{\"@type\":\"PropertyValueSpecification\",\"valueRequired\":true,\"valueName\":\"search_term_string\"}}],\"inLanguage\":\"ru-RU\"},{\"@type\":\"Organization\",\"@id\":\"https:\/\/denizcankizil.tr\/de\/#organization\",\"name\":\"Av. Deniz Can K\u0131z\u0131l\",\"url\":\"https:\/\/denizcankizil.tr\/de\/\",\"logo\":{\"@type\":\"ImageObject\",\"inLanguage\":\"ru-RU\",\"@id\":\"https:\/\/denizcankizil.tr\/de\/#\/schema\/logo\/image\/\",\"url\":\"https:\/\/denizcankizil.tr\/wp-content\/uploads\/2024\/10\/siyah-logo-svg.svg\",\"contentUrl\":\"https:\/\/denizcankizil.tr\/wp-content\/uploads\/2024\/10\/siyah-logo-svg.svg\",\"width\":1080,\"height\":1080,\"caption\":\"Av. Deniz Can K\u0131z\u0131l\"},\"image\":{\"@id\":\"https:\/\/denizcankizil.tr\/de\/#\/schema\/logo\/image\/\"}},{\"@type\":\"Person\",\"@id\":\"https:\/\/denizcankizil.tr\/de\/#\/schema\/person\/5dc1b22991bd7ac833867c10afc9b0ff\",\"name\":\"Av. Deniz Can K\u0131z\u0131l\",\"image\":{\"@type\":\"ImageObject\",\"inLanguage\":\"ru-RU\",\"@id\":\"https:\/\/denizcankizil.tr\/de\/#\/schema\/person\/image\/\",\"url\":\"https:\/\/secure.gravatar.com\/avatar\/a0b128fb9855c79efc976d5640eedb31dc35ec297594d6016d2cf7c60e975bb6?s=96&d=mm&r=g\",\"contentUrl\":\"https:\/\/secure.gravatar.com\/avatar\/a0b128fb9855c79efc976d5640eedb31dc35ec297594d6016d2cf7c60e975bb6?s=96&d=mm&r=g\",\"caption\":\"Av. Deniz Can K\u0131z\u0131l\"},\"sameAs\":[\"http:\/\/www.denizcankizil.tr\"],\"url\":\"https:\/\/denizcankizil.tr\/ru\/author\/denizcankizil\/\"}]}<\/script>\n<!-- \/ Yoast SEO Premium plugin. -->","yoast_head_json":{"title":"\u2018Marjinal\u2019 Organ Nakilleri \u0130\u00e7in Perf\u00fczyon Cihaz\u0131 D\u00f6nemi - Av. Deniz Can K\u0131z\u0131l","robots":{"index":"index","follow":"follow","max-snippet":"max-snippet:-1","max-image-preview":"max-image-preview:large","max-video-preview":"max-video-preview:-1"},"canonical":"https:\/\/denizcankizil.tr\/ru\/haberler\/antalya\/marjinal-organ-nakilleri-icin-perfuzyon-cihazi-donemi\/","og_locale":"ru_RU","og_type":"article","og_title":"\u2018Marjinal\u2019 Organ Nakilleri \u0130\u00e7in Perf\u00fczyon Cihaz\u0131 D\u00f6nemi","og_description":"AKDEN\u0130Z \u00dcniversitesi (A\u00dc) Prof. Dr. Tuncer Karpuzo\u011flu Organ Nakli Merkezi&#8217;nde perf\u00fczyon cihazlar\u0131n\u0131n kullan\u0131m\u0131yla, &#8216;marjinal&#8217; olarak da adland\u0131r\u0131lan ileri ya\u015f insanlar\u0131n organlar\u0131n\u0131n sa\u011fl\u0131kl\u0131 \u015fekilde nakledilece\u011fi kaydedildi. A\u00dc T\u0131p Fak\u00fcltesi organ nakli sorumlu cerrah\u0131 Prof. Dr. \u0130smail Demiry\u0131lmaz, Organ Nakli Merkezi&#8217;nin, kuruldu\u011fu 1982 y\u0131l\u0131ndan itibaren b\u00f6brek nakilleri ile nakil i\u015flemlerine ba\u015flad\u0131\u011f\u0131n\u0131 s\u00f6yledi. 1997 y\u0131l\u0131ndan itibaren de canl\u0131 ve kadavra vericilerden karaci\u011fer nakillerinin ba\u015far\u0131yla yap\u0131ld\u0131\u011f\u0131n\u0131 aktaran Prof. Dr. Demiry\u0131lmaz, &#8220;O zamandan g\u00fcn\u00fcm\u00fcze 846 karaci\u011fer nakli yap\u0131ld\u0131. Bu y\u0131l ilk 6 ayda 20 karaci\u011fer nakli ger\u00e7ekle\u015ftirdik. Tabii hem karaci\u011fer hem de b\u00f6brek nakli ve di\u011fer solid organ, kompozit doku nakilleri ile birlikte merkezin y\u00fcr\u00fcyor olmas\u0131 t\u00fcm nakillerimize domino etkisi yap\u0131yor. Hem organ nakli haz\u0131rl\u0131\u011f\u0131 s\u00fcrecinde hem de haz\u0131rl\u0131ktan sonraki hastalar\u0131n bak\u0131m\u0131 s\u00fcrecinde merkezimizin b\u00fcy\u00fck birikiminin olmas\u0131 ve di\u011fer kliniklerin de bu i\u015fle beraber ciddi tecr\u00fcbelerinin olmas\u0131, bize art\u0131 avantaj kazand\u0131r\u0131yor. Bunun verdi\u011fi etkiyle beraber nakillerimiz hem \u00f6ncesi hem sonras\u0131 bak\u0131mlar olarak devam ediyor&#8221; dedi. ORGAN PERF\u00dcZYON C\u0130HAZLARI UYGULAMAYA GE\u00c7\u0130YOR \u00dclkemizde kadaverik nakillerin azald\u0131\u011f\u0131na dikkat \u00e7eken Prof. Dr. \u0130smail Demiry\u0131lmaz, \u201cAyr\u0131ca \u00e7\u0131kan kadavra organlar\u0131n ileri ya\u015f grubunda olmas\u0131ndan dolay\u0131 \u00fclkemizde \u00f6mr\u00fcn uzamas\u0131 ile beraber ileri ya\u015f olmas\u0131, kabul edilebilen organlar\u0131n s\u0131n\u0131rlar\u0131n\u0131 zorlamakta. \u00d6zellikle karaci\u011fer i\u00e7in kullan\u0131lma ihtimalini azaltmakta. Bu sebeple hem \u00fcniversitemizin hem de bakanl\u0131\u011f\u0131m\u0131z\u0131n &hellip;","og_url":"https:\/\/denizcankizil.tr\/ru\/haberler\/antalya\/marjinal-organ-nakilleri-icin-perfuzyon-cihazi-donemi\/","og_site_name":"Av. Deniz Can K\u0131z\u0131l","article_published_time":"2025-07-10T07:41:32+00:00","author":"Av. Deniz Can K\u0131z\u0131l","twitter_card":"summary_large_image","twitter_misc":{"\u041d\u0430\u043f\u0438\u0441\u0430\u043d\u043e \u0430\u0432\u0442\u043e\u0440\u043e\u043c":"Av. Deniz Can K\u0131z\u0131l","\u041f\u0440\u0438\u043c\u0435\u0440\u043d\u043e\u0435 \u0432\u0440\u0435\u043c\u044f \u0434\u043b\u044f \u0447\u0442\u0435\u043d\u0438\u044f":"5 \u043c\u0438\u043d\u0443\u0442"},"schema":{"@context":"https:\/\/schema.org","@graph":[{"@type":"Article","@id":"https:\/\/denizcankizil.tr\/en\/haberler\/antalya\/marjinal-organ-nakilleri-icin-perfuzyon-cihazi-donemi\/#article","isPartOf":{"@id":"https:\/\/denizcankizil.tr\/en\/haberler\/antalya\/marjinal-organ-nakilleri-icin-perfuzyon-cihazi-donemi\/"},"author":{"name":"Av. Deniz Can K\u0131z\u0131l","@id":"https:\/\/denizcankizil.tr\/de\/#\/schema\/person\/5dc1b22991bd7ac833867c10afc9b0ff"},"headline":"\u2018Marjinal\u2019 Organ Nakilleri \u0130\u00e7in Perf\u00fczyon Cihaz\u0131 D\u00f6nemi","datePublished":"2025-07-10T07:41:32+00:00","mainEntityOfPage":{"@id":"https:\/\/denizcankizil.tr\/en\/haberler\/antalya\/marjinal-organ-nakilleri-icin-perfuzyon-cihazi-donemi\/"},"wordCount":917,"publisher":{"@id":"https:\/\/denizcankizil.tr\/de\/#organization"},"articleSection":["Antalya"],"inLanguage":"ru-RU"},{"@type":"WebPage","@id":"https:\/\/denizcankizil.tr\/en\/haberler\/antalya\/marjinal-organ-nakilleri-icin-perfuzyon-cihazi-donemi\/","url":"https:\/\/denizcankizil.tr\/en\/haberler\/antalya\/marjinal-organ-nakilleri-icin-perfuzyon-cihazi-donemi\/","name":"\u2018Marjinal\u2019 Organ Nakilleri \u0130\u00e7in Perf\u00fczyon Cihaz\u0131 D\u00f6nemi - Av. Deniz Can K\u0131z\u0131l","isPartOf":{"@id":"https:\/\/denizcankizil.tr\/de\/#website"},"datePublished":"2025-07-10T07:41:32+00:00","breadcrumb":{"@id":"https:\/\/denizcankizil.tr\/en\/haberler\/antalya\/marjinal-organ-nakilleri-icin-perfuzyon-cihazi-donemi\/#breadcrumb"},"inLanguage":"ru-RU","potentialAction":[{"@type":"ReadAction","target":["https:\/\/denizcankizil.tr\/en\/haberler\/antalya\/marjinal-organ-nakilleri-icin-perfuzyon-cihazi-donemi\/"]}]},{"@type":"BreadcrumbList","@id":"https:\/\/denizcankizil.tr\/en\/haberler\/antalya\/marjinal-organ-nakilleri-icin-perfuzyon-cihazi-donemi\/#breadcrumb","itemListElement":[{"@type":"ListItem","position":1,"name":"Home","item":"https:\/\/denizcankizil.tr\/de\/"},{"@type":"ListItem","position":2,"name":"\u2018Marjinal\u2019 Organ Nakilleri \u0130\u00e7in Perf\u00fczyon Cihaz\u0131 D\u00f6nemi"}]},{"@type":"WebSite","@id":"https:\/\/denizcankizil.tr\/de\/#website","url":"https:\/\/denizcankizil.tr\/de\/","name":"Av. Deniz Can K\u0131z\u0131l","description":"Avukat Deniz Can K\u0131z\u0131l Antalya Barosu","publisher":{"@id":"https:\/\/denizcankizil.tr\/de\/#organization"},"potentialAction":[{"@type":"SearchAction","target":{"@type":"EntryPoint","urlTemplate":"https:\/\/denizcankizil.tr\/de\/?s={search_term_string}"},"query-input":{"@type":"PropertyValueSpecification","valueRequired":true,"valueName":"search_term_string"}}],"inLanguage":"ru-RU"},{"@type":"Organization","@id":"https:\/\/denizcankizil.tr\/de\/#organization","name":"Av. Deniz Can K\u0131z\u0131l","url":"https:\/\/denizcankizil.tr\/de\/","logo":{"@type":"ImageObject","inLanguage":"ru-RU","@id":"https:\/\/denizcankizil.tr\/de\/#\/schema\/logo\/image\/","url":"https:\/\/denizcankizil.tr\/wp-content\/uploads\/2024\/10\/siyah-logo-svg.svg","contentUrl":"https:\/\/denizcankizil.tr\/wp-content\/uploads\/2024\/10\/siyah-logo-svg.svg","width":1080,"height":1080,"caption":"Av. Deniz Can K\u0131z\u0131l"},"image":{"@id":"https:\/\/denizcankizil.tr\/de\/#\/schema\/logo\/image\/"}},{"@type":"Person","@id":"https:\/\/denizcankizil.tr\/de\/#\/schema\/person\/5dc1b22991bd7ac833867c10afc9b0ff","name":"Av. Deniz Can K\u0131z\u0131l","image":{"@type":"ImageObject","inLanguage":"ru-RU","@id":"https:\/\/denizcankizil.tr\/de\/#\/schema\/person\/image\/","url":"https:\/\/secure.gravatar.com\/avatar\/a0b128fb9855c79efc976d5640eedb31dc35ec297594d6016d2cf7c60e975bb6?s=96&d=mm&r=g","contentUrl":"https:\/\/secure.gravatar.com\/avatar\/a0b128fb9855c79efc976d5640eedb31dc35ec297594d6016d2cf7c60e975bb6?s=96&d=mm&r=g","caption":"Av. Deniz Can K\u0131z\u0131l"},"sameAs":["http:\/\/www.denizcankizil.tr"],"url":"https:\/\/denizcankizil.tr\/ru\/author\/denizcankizil\/"}]}},"_links":{"self":[{"href":"https:\/\/denizcankizil.tr\/ru\/wp-json\/wp\/v2\/posts\/141519","targetHints":{"allow":["GET"]}}],"collection":[{"href":"https:\/\/denizcankizil.tr\/ru\/wp-json\/wp\/v2\/posts"}],"about":[{"href":"https:\/\/denizcankizil.tr\/ru\/wp-json\/wp\/v2\/types\/post"}],"author":[{"embeddable":true,"href":"https:\/\/denizcankizil.tr\/ru\/wp-json\/wp\/v2\/users\/4"}],"replies":[{"embeddable":true,"href":"https:\/\/denizcankizil.tr\/ru\/wp-json\/wp\/v2\/comments?post=141519"}],"version-history":[{"count":0,"href":"https:\/\/denizcankizil.tr\/ru\/wp-json\/wp\/v2\/posts\/141519\/revisions"}],"wp:attachment":[{"href":"https:\/\/denizcankizil.tr\/ru\/wp-json\/wp\/v2\/media?parent=141519"}],"wp:term":[{"taxonomy":"category","embeddable":true,"href":"https:\/\/denizcankizil.tr\/ru\/wp-json\/wp\/v2\/categories?post=141519"},{"taxonomy":"post_tag","embeddable":true,"href":"https:\/\/denizcankizil.tr\/ru\/wp-json\/wp\/v2\/tags?post=141519"}],"curies":[{"name":"wp","href":"https:\/\/api.w.org\/{rel}","templated":true}]}}