{"id":140546,"date":"2025-07-09T09:20:00","date_gmt":"2025-07-09T06:20:00","guid":{"rendered":"https:\/\/denizcankizil.tr\/uncategorized-tr\/aymnin-2019-19588-basvuru-numarali-karari\/"},"modified":"2025-07-09T09:20:00","modified_gmt":"2025-07-09T06:20:00","slug":"aymnin-2019-19588-basvuru-numarali-karari","status":"publish","type":"post","link":"https:\/\/denizcankizil.tr\/ru\/hukukihaber\/aymnin-2019-19588-basvuru-numarali-karari\/","title":{"rendered":"AYM&#8217;nin 2019\/19588 ba\u015fvuru numaral\u0131 karar\u0131"},"content":{"rendered":"<p>T\u00dcRK\u0130YE CUMHUR\u0130YET\u0130<\/p>\n<p>   ANAYASA MAHKEMES\u0130<\/p>\n<p>   \u0130K\u0130NC\u0130 B\u00d6L\u00dcM<\/p>\n<p>   KARAR<\/p>\n<p>   B. A. BA\u015eVURUSU<\/p>\n<p>   (Ba\u015fvuru Numaras\u0131: 2019\/19588)<\/p>\n<p>   Karar Tarihi: 8\/1\/2025<\/p>\n<p>   \u0130K\u0130NC\u0130 B\u00d6L\u00dcM<\/p>\n<p>   KARAR<\/p>\n<p>   Ba\u015fkan<\/p>\n<p>   :<\/p>\n<p>   Basri BA\u011eCI<\/p>\n<p>   \u00dcyeler<\/p>\n<p>   :<\/p>\n<p>   Y\u0131ld\u0131z SEFER\u0130NO\u011eLU<\/p>\n<p>   Kenan YA\u015eAR<\/p>\n<p>   \u00d6mer \u00c7INAR<\/p>\n<p>   Metin KIRATLI<\/p>\n<p>   Raport\u00f6r<\/p>\n<p>   :<\/p>\n<p>   Ay\u015fe Didem \u00d6ZDEM\u0130R AKCA<\/p>\n<p>   Ba\u015fvurucu<\/p>\n<p>   :<\/p>\n<p>   Vekilleri<\/p>\n<p>   :<\/p>\n<p>   Av. Asl\u0131 KAZAN<\/p>\n<p>   Av. Serdar LA\u00c7\u0130N<\/p>\n<p>I. BA\u015eVURUNUN KONUSU<\/p>\n<p>1. Ba\u015fvuru, kolluk g\u00f6revlilerinin fiziksel \u015fiddetine u\u011franmas\u0131 ve olay hakk\u0131nda etkili bir ceza soru\u015fturmas\u0131 y\u00fcr\u00fct\u00fclmemesi nedeniyle k\u00f6t\u00fc muamele yasa\u011f\u0131n\u0131n ihlal edildi\u011fi iddias\u0131na ili\u015fkindir.<\/p>\n<p>II. BA\u015eVURU S\u00dcREC\u0130<\/p>\n<p>2. Ba\u015fvuru 14\/6\/2019 tarihinde yap\u0131lm\u0131\u015ft\u0131r. Komisyon, ba\u015fvurunun kabul edilebilirlik incelemesinin B\u00f6l\u00fcm taraf\u0131ndan yap\u0131lmas\u0131na karar vermi\u015ftir.<\/p>\n<p>3. Ba\u015fvuru belgelerinin bir \u00f6rne\u011fi bilgi i\u00e7in Adalet Bakanl\u0131\u011f\u0131na (Bakanl\u0131k) g\u00f6nderilmi\u015ftir. Bakanl\u0131k, g\u00f6r\u00fc\u015f\u00fcn\u00fc bildirmi\u015ftir. Ba\u015fvurucu, Bakanl\u0131\u011f\u0131n g\u00f6r\u00fc\u015f\u00fcne kar\u015f\u0131 s\u00fcresinde beyanda bulunmu\u015ftur.<\/p>\n<p>III. OLAY VE OLGULAR <\/p>\n<p>4. Ba\u015fvuru formu ve eklerinde ifade edildi\u011fi \u015fekliyle ilgili olaylar \u00f6zetle \u015f\u00f6yledir:<\/p>\n<p>5. Ba\u015fvuru formundaki iddialar\u0131na g\u00f6re ba\u015fvurucu 18\/5\/2018 tarihinde \u00e7al\u0131\u015fmakta oldu\u011fu dizi setinden \u00e7\u0131karak evine gitmek \u00fczere servis arac\u0131na binmi\u015f, trafi\u011fin yo\u011fun olmas\u0131 nedeniyle servis arac\u0131ndan inerek evine do\u011fru y\u00fcr\u00fcmeye ba\u015flam\u0131\u015ft\u0131r. Dolmabah\u00e7e y\u00f6n\u00fcne do\u011fru gitmekteyken resm\u00ee konvoy arac\u0131ndan inen ve sonradan Cumhurba\u015fkanl\u0131\u011f\u0131 koruma g\u00f6revlileri oldu\u011funu \u00f6\u011frendi\u011fi ki\u015filer taraf\u0131ndan durdurulmu\u015ftur. Cumhurba\u015fkan\u0131&#8217;na hakaret etti\u011fi gerek\u00e7esiyle fiziksel \u015fiddet g\u00f6rm\u00fc\u015f, bir s\u00fcre al\u0131konduktan sonra polis memurlar\u0131na teslim edilmi\u015ftir. D\u00fczenlenen tutana\u011fa dayan\u0131larak hakk\u0131nda ceza soru\u015fturmas\u0131 ba\u015flat\u0131lm\u0131\u015ft\u0131r.<\/p>\n<p>6. Ba\u015fvurucu 11\/6\/2018 tarihinde \u0130stanbul Cumhuriyet Ba\u015fsavc\u0131l\u0131\u011f\u0131na (Ba\u015fsavc\u0131l\u0131k) \u015fik\u00e2yette bulunmu\u015ftur. \u015eik\u00e2yet dilek\u00e7esinde \u00f6zetle y\u00fcr\u00fcyerek evine gitmekte oldu\u011fu s\u0131rada fiziksel \u015fiddete u\u011frad\u0131\u011f\u0131n\u0131, haks\u0131z olarak Cumhurba\u015fkan\u0131&#8217;na hakaret fiili isnat edildi\u011fini ileri s\u00fcrm\u00fc\u015ft\u00fcr.<\/p>\n<p>7. Ba\u015fsavc\u0131l\u0131k taraf\u0131ndan 21\/2\/2019 tarihinde \u015f\u00fcpheliler hakk\u0131nda kovu\u015fturmaya yer olmad\u0131\u011f\u0131na dair karar verilmi\u015ftir. Kararda \u00f6zetle \u015f\u00fcphelilerin ba\u015fvurucuya fiziksel \u015fiddet uygulad\u0131\u011f\u0131na ili\u015fkin olarak kamu davas\u0131 a\u00e7may\u0131 gerektirir kan\u0131t bulunmad\u0131\u011f\u0131 a\u00e7\u0131klanm\u0131\u015ft\u0131r.<\/p>\n<p>8. Ba\u015fvurucu, kovu\u015fturmaya yer olmad\u0131\u011f\u0131na dair karara itiraz etmi\u015ftir.<\/p>\n<p>9. Ba\u015fvurucunun itiraz\u0131n\u0131 inceleyen \u0130stanbul 11. Sulh Ceza H\u00e2kimli\u011fi 8\/4\/2019 tarihinde itiraz\u0131n reddine karar vermi\u015ftir.<\/p>\n<p>10. Ba\u015fvurucu, nihai karar\u0131 18\/5\/2019 tarihinde \u00f6\u011frendi\u011fini belirterek 14\/6\/2019 tarihinde bireysel ba\u015fvuruda bulunmu\u015ftur.<\/p>\n<p>11. Ba\u015fsavc\u0131l\u0131k taraf\u0131ndan olay g\u00fcn\u00fc i\u015flendi\u011fi belirtilen Cumhurba\u015fkan\u0131&#8217;na hakaret su\u00e7undan a\u00e7\u0131lan kamu davas\u0131nda 21\/4\/2022 tarihinde ba\u015fvurucunun 11 ay 20 g\u00fcn hapis cezas\u0131 ile cezaland\u0131r\u0131lmas\u0131na ve h\u00fckm\u00fcn a\u00e7\u0131klanmas\u0131n\u0131n geri b\u0131rak\u0131lmas\u0131na karar verilmi\u015ftir. Ba\u015fvurucunun karara yapt\u0131\u011f\u0131 itiraz 7\/7\/2022 tarihinde reddedilmi\u015ftir.<\/p>\n<p>12. Ba\u015fvuru formu ekinde, nihai karar\u0131n ba\u015fvurucu vekili avukat Asl\u0131 Kazan&#8217;a 18\/5\/2019 tarihinde bizzat tebli\u011f edildi\u011fine ili\u015fkin olan ve bilgi amac\u0131yla sunuldu\u011fu belirtilen PTT A.\u015e. g\u00f6nderi takibi sayfas\u0131na ait ekran g\u00f6r\u00fcnt\u00fc \u00e7\u0131kt\u0131s\u0131 yer almaktad\u0131r. Soru\u015fturma dosyas\u0131nda yer alan tebli\u011f mazbatas\u0131 \u00fczerinde 7\/5\/2019 tarihi ile muhatab\u0131n daim\u00ee \u00e7al\u0131\u015fan\u0131 oldu\u011fu belirtilen T.K. isimli ki\u015fiye ait isim ve imza bulunmas\u0131 nedeniyle her iki belge aras\u0131ndaki \u00e7eli\u015fkinin giderilmesi i\u00e7in ilgili posta da\u011f\u0131t\u0131m m\u00fcd\u00fcrl\u00fc\u011f\u00fcnden evrak\u0131n hangi tarihte tebli\u011f edildi\u011finin bildirilmesi istenmi\u015ftir. Yaz\u0131ya verilen cevapta evrak\u0131n 7\/5\/2019 tarihinde T.K.ya tebli\u011f edildi\u011fi ancak sistemde ya\u015fanan ar\u0131za nedeniyle 18\/5\/2019 tarihinde ekrana d\u00fc\u015ft\u00fc\u011f\u00fc belirtilerek tebli\u011f evrak\u0131 sunulmu\u015ftur.<\/p>\n<p>IV. DE\u011eERLEND\u0130RME<\/p>\n<p>13. Ba\u015fvurucu, kamu g\u00f6revlilerinin k\u00f6t\u00fc muamelesine maruz kald\u0131\u011f\u0131ndan \u015fik\u00e2yet etmi\u015ftir. Bakanl\u0131k, g\u00f6r\u00fc\u015f\u00fcn\u00fc bildirmi\u015ftir. Ba\u015fvurucu, Bakanl\u0131\u011f\u0131n g\u00f6r\u00fc\u015f\u00fcne kar\u015f\u0131 beyanda bulunmu\u015ftur.<\/p>\n<p>14. Ba\u015fvuru, k\u00f6t\u00fc muamele yasa\u011f\u0131 kapsam\u0131nda incelenmi\u015ftir.<\/p>\n<p>15. 30\/3\/2011 tarihli ve 6216 say\u0131l\u0131 Anayasa Mahkemesinin Kurulu\u015fu ve Yarg\u0131lama Usulleri Hakk\u0131nda Kanun&#8217;un 47. maddesinin (5) numaral\u0131 f\u0131kras\u0131 ile Anayasa Mahkemesi \u0130\u00e7t\u00fcz\u00fc\u011f\u00fc&#8217;n\u00fcn 64. maddesinin (1) numaral\u0131 f\u0131kras\u0131 gere\u011fi bireysel ba\u015fvurunun ba\u015fvuru yollar\u0131n\u0131n t\u00fcketildi\u011fi, ba\u015fvuru yolu \u00f6ng\u00f6r\u00fclmemi\u015f ise ihlalin \u00f6\u011frenildi\u011fi tarihten itibaren otuz g\u00fcn i\u00e7inde yap\u0131lmas\u0131 gerekir.<\/p>\n<p>16. Somut olayda ba\u015fvurucu vekilinin kovu\u015fturmaya yer olmad\u0131\u011f\u0131na dair karara yapt\u0131\u011f\u0131 itiraz, \u0130stanbul 11. Sulh Ceza H\u00e2kimli\u011fince 8\/4\/2019 tarihinde kesin olarak reddedilmi\u015ftir. Ba\u015fvurucu vekili nihai karar\u0131n 18\/5\/2019 tarihinde tebli\u011f edildi\u011fini belirterek 14\/6\/2019 tarihinde bireysel ba\u015fvuru yapm\u0131\u015f ise de karar\u0131 7\/5\/2019 tarihinde yap\u0131lan tebligat ile \u00f6\u011frendi\u011fi anla\u015f\u0131lm\u0131\u015ft\u0131r.<\/p>\n<p>17. A\u00e7\u0131klanan gerek\u00e7elerle ba\u015fvurunun s\u00fcre a\u015f\u0131m\u0131 nedeniyle kabul edilemez oldu\u011funa karar verilmesi gerekir.<\/p>\n<p>V. H\u00dcK\u00dcM<\/p>\n<p>A\u00e7\u0131klanan gerek\u00e7elerle;<\/p>\n<p>A. Ba\u015fvurunun s\u00fcre a\u015f\u0131m\u0131 nedeniyle KABUL ED\u0130LEMEZ OLDU\u011eUNA,<\/p>\n<p>B. Yarg\u0131lama giderlerinin ba\u015fvurucu \u00fczerinde BIRAKILMASINA 8\/1\/2025 tarihinde OYB\u0130RL\u0130\u011e\u0130YLE karar verildi.<\/p>\n<p>\u200bAnayasa Mahkemesi&#8217;nin 8\/1\/2025 tarihli ve 2019\/19588 ba\u015fvuru numaral\u0131 karar\u0131\u00a0Hukuki Haber<\/p>\n<p>Haberin Al\u0131nt\u0131land\u0131\u011f\u0131 Kaynak: www.hukukihaber.net<\/p>","protected":false},"excerpt":{"rendered":"<p>T\u00dcRK\u0130YE CUMHUR\u0130YET\u0130 ANAYASA MAHKEMES\u0130 \u0130K\u0130NC\u0130 B\u00d6L\u00dcM KARAR B. A. BA\u015eVURUSU (Ba\u015fvuru Numaras\u0131: 2019\/19588) Karar Tarihi: 8\/1\/2025 \u0130K\u0130NC\u0130 B\u00d6L\u00dcM KARAR Ba\u015fkan : Basri BA\u011eCI \u00dcyeler : Y\u0131ld\u0131z SEFER\u0130NO\u011eLU Kenan YA\u015eAR \u00d6mer \u00c7INAR Metin KIRATLI Raport\u00f6r : Ay\u015fe Didem \u00d6ZDEM\u0130R AKCA Ba\u015fvurucu : Vekilleri : Av. Asl\u0131 KAZAN Av. Serdar LA\u00c7\u0130N I. BA\u015eVURUNUN KONUSU 1. Ba\u015fvuru, kolluk g\u00f6revlilerinin fiziksel \u015fiddetine u\u011franmas\u0131 ve olay hakk\u0131nda etkili bir ceza soru\u015fturmas\u0131 y\u00fcr\u00fct\u00fclmemesi nedeniyle k\u00f6t\u00fc muamele yasa\u011f\u0131n\u0131n ihlal edildi\u011fi iddias\u0131na ili\u015fkindir. II. BA\u015eVURU S\u00dcREC\u0130 2. Ba\u015fvuru 14\/6\/2019 tarihinde yap\u0131lm\u0131\u015ft\u0131r. Komisyon, ba\u015fvurunun kabul edilebilirlik incelemesinin B\u00f6l\u00fcm taraf\u0131ndan yap\u0131lmas\u0131na karar vermi\u015ftir. 3. Ba\u015fvuru belgelerinin bir \u00f6rne\u011fi bilgi i\u00e7in Adalet Bakanl\u0131\u011f\u0131na (Bakanl\u0131k) g\u00f6nderilmi\u015ftir. Bakanl\u0131k, g\u00f6r\u00fc\u015f\u00fcn\u00fc bildirmi\u015ftir. Ba\u015fvurucu, Bakanl\u0131\u011f\u0131n g\u00f6r\u00fc\u015f\u00fcne kar\u015f\u0131 s\u00fcresinde beyanda bulunmu\u015ftur. III. OLAY VE OLGULAR 4. Ba\u015fvuru formu ve eklerinde ifade edildi\u011fi \u015fekliyle ilgili olaylar \u00f6zetle \u015f\u00f6yledir: 5. Ba\u015fvuru formundaki iddialar\u0131na g\u00f6re ba\u015fvurucu 18\/5\/2018 tarihinde \u00e7al\u0131\u015fmakta oldu\u011fu dizi setinden \u00e7\u0131karak evine gitmek \u00fczere servis arac\u0131na binmi\u015f, trafi\u011fin yo\u011fun olmas\u0131 nedeniyle servis arac\u0131ndan inerek evine do\u011fru y\u00fcr\u00fcmeye ba\u015flam\u0131\u015ft\u0131r. Dolmabah\u00e7e y\u00f6n\u00fcne do\u011fru gitmekteyken resm\u00ee konvoy arac\u0131ndan inen ve sonradan Cumhurba\u015fkanl\u0131\u011f\u0131 koruma g\u00f6revlileri oldu\u011funu \u00f6\u011frendi\u011fi ki\u015filer taraf\u0131ndan durdurulmu\u015ftur. Cumhurba\u015fkan\u0131&#8217;na hakaret etti\u011fi gerek\u00e7esiyle fiziksel \u015fiddet g\u00f6rm\u00fc\u015f, bir s\u00fcre al\u0131konduktan sonra polis memurlar\u0131na teslim edilmi\u015ftir. D\u00fczenlenen tutana\u011fa dayan\u0131larak hakk\u0131nda ceza soru\u015fturmas\u0131 ba\u015flat\u0131lm\u0131\u015ft\u0131r. &hellip;<\/p>","protected":false},"author":3,"featured_media":0,"comment_status":"","ping_status":"open","sticky":false,"template":"","format":"standard","meta":{"_acf_changed":false,"footnotes":""},"categories":[27],"tags":[],"class_list":["post-140546","post","type-post","status-publish","format-standard","has-post-thumbnail","hentry","category-hukukihaber"],"acf":[],"yoast_head":"<!-- This site is optimized with the Yoast SEO Premium plugin v26.6 (Yoast SEO v27.1.1) - https:\/\/yoast.com\/product\/yoast-seo-premium-wordpress\/ -->\n<title>AYM&#039;nin 2019\/19588 ba\u015fvuru numaral\u0131 karar\u0131 - Av. Deniz Can K\u0131z\u0131l<\/title>\n<meta name=\"robots\" content=\"index, follow, max-snippet:-1, max-image-preview:large, max-video-preview:-1\" \/>\n<link rel=\"canonical\" href=\"https:\/\/denizcankizil.tr\/ru\/hukukihaber\/aymnin-2019-19588-basvuru-numarali-karari\/\" \/>\n<meta property=\"og:locale\" content=\"ru_RU\" \/>\n<meta property=\"og:type\" content=\"article\" \/>\n<meta property=\"og:title\" content=\"AYM&#039;nin 2019\/19588 ba\u015fvuru numaral\u0131 karar\u0131\" \/>\n<meta property=\"og:description\" content=\"T\u00dcRK\u0130YE CUMHUR\u0130YET\u0130 ANAYASA MAHKEMES\u0130 \u0130K\u0130NC\u0130 B\u00d6L\u00dcM KARAR B. A. BA\u015eVURUSU (Ba\u015fvuru Numaras\u0131: 2019\/19588) Karar Tarihi: 8\/1\/2025 \u0130K\u0130NC\u0130 B\u00d6L\u00dcM KARAR Ba\u015fkan : Basri BA\u011eCI \u00dcyeler : Y\u0131ld\u0131z SEFER\u0130NO\u011eLU Kenan YA\u015eAR \u00d6mer \u00c7INAR Metin KIRATLI Raport\u00f6r : Ay\u015fe Didem \u00d6ZDEM\u0130R AKCA Ba\u015fvurucu : Vekilleri : Av. Asl\u0131 KAZAN Av. Serdar LA\u00c7\u0130N I. BA\u015eVURUNUN KONUSU 1. Ba\u015fvuru, kolluk g\u00f6revlilerinin fiziksel \u015fiddetine u\u011franmas\u0131 ve olay hakk\u0131nda etkili bir ceza soru\u015fturmas\u0131 y\u00fcr\u00fct\u00fclmemesi nedeniyle k\u00f6t\u00fc muamele yasa\u011f\u0131n\u0131n ihlal edildi\u011fi iddias\u0131na ili\u015fkindir. II. BA\u015eVURU S\u00dcREC\u0130 2. Ba\u015fvuru 14\/6\/2019 tarihinde yap\u0131lm\u0131\u015ft\u0131r. Komisyon, ba\u015fvurunun kabul edilebilirlik incelemesinin B\u00f6l\u00fcm taraf\u0131ndan yap\u0131lmas\u0131na karar vermi\u015ftir. 3. Ba\u015fvuru belgelerinin bir \u00f6rne\u011fi bilgi i\u00e7in Adalet Bakanl\u0131\u011f\u0131na (Bakanl\u0131k) g\u00f6nderilmi\u015ftir. Bakanl\u0131k, g\u00f6r\u00fc\u015f\u00fcn\u00fc bildirmi\u015ftir. Ba\u015fvurucu, Bakanl\u0131\u011f\u0131n g\u00f6r\u00fc\u015f\u00fcne kar\u015f\u0131 s\u00fcresinde beyanda bulunmu\u015ftur. III. OLAY VE OLGULAR 4. Ba\u015fvuru formu ve eklerinde ifade edildi\u011fi \u015fekliyle ilgili olaylar \u00f6zetle \u015f\u00f6yledir: 5. Ba\u015fvuru formundaki iddialar\u0131na g\u00f6re ba\u015fvurucu 18\/5\/2018 tarihinde \u00e7al\u0131\u015fmakta oldu\u011fu dizi setinden \u00e7\u0131karak evine gitmek \u00fczere servis arac\u0131na binmi\u015f, trafi\u011fin yo\u011fun olmas\u0131 nedeniyle servis arac\u0131ndan inerek evine do\u011fru y\u00fcr\u00fcmeye ba\u015flam\u0131\u015ft\u0131r. Dolmabah\u00e7e y\u00f6n\u00fcne do\u011fru gitmekteyken resm\u00ee konvoy arac\u0131ndan inen ve sonradan Cumhurba\u015fkanl\u0131\u011f\u0131 koruma g\u00f6revlileri oldu\u011funu \u00f6\u011frendi\u011fi ki\u015filer taraf\u0131ndan durdurulmu\u015ftur. Cumhurba\u015fkan\u0131&#8217;na hakaret etti\u011fi gerek\u00e7esiyle fiziksel \u015fiddet g\u00f6rm\u00fc\u015f, bir s\u00fcre al\u0131konduktan sonra polis memurlar\u0131na teslim edilmi\u015ftir. D\u00fczenlenen tutana\u011fa dayan\u0131larak hakk\u0131nda ceza soru\u015fturmas\u0131 ba\u015flat\u0131lm\u0131\u015ft\u0131r. &hellip;\" \/>\n<meta property=\"og:url\" content=\"https:\/\/denizcankizil.tr\/ru\/hukukihaber\/aymnin-2019-19588-basvuru-numarali-karari\/\" \/>\n<meta property=\"og:site_name\" content=\"Av. Deniz Can K\u0131z\u0131l\" \/>\n<meta property=\"article:published_time\" content=\"2025-07-09T06:20:00+00:00\" \/>\n<meta name=\"author\" content=\"Hukuki Haber.net\" \/>\n<meta name=\"twitter:card\" content=\"summary_large_image\" \/>\n<meta name=\"twitter:label1\" content=\"\u041d\u0430\u043f\u0438\u0441\u0430\u043d\u043e \u0430\u0432\u0442\u043e\u0440\u043e\u043c\" \/>\n\t<meta name=\"twitter:data1\" content=\"Hukuki Haber.net\" \/>\n\t<meta name=\"twitter:label2\" content=\"\u041f\u0440\u0438\u043c\u0435\u0440\u043d\u043e\u0435 \u0432\u0440\u0435\u043c\u044f \u0434\u043b\u044f \u0447\u0442\u0435\u043d\u0438\u044f\" \/>\n\t<meta name=\"twitter:data2\" content=\"4 \u043c\u0438\u043d\u0443\u0442\u044b\" \/>\n<script type=\"application\/ld+json\" class=\"yoast-schema-graph\">{\"@context\":\"https:\/\/schema.org\",\"@graph\":[{\"@type\":\"Article\",\"@id\":\"https:\/\/denizcankizil.tr\/ru\/hukukihaber\/aymnin-2019-19588-basvuru-numarali-karari\/#article\",\"isPartOf\":{\"@id\":\"https:\/\/denizcankizil.tr\/ru\/hukukihaber\/aymnin-2019-19588-basvuru-numarali-karari\/\"},\"author\":{\"name\":\"Hukuki Haber.net\",\"@id\":\"https:\/\/denizcankizil.tr\/#\/schema\/person\/001a271de994a0aa3f90eea084424822\"},\"headline\":\"AYM&#8217;nin 2019\/19588 ba\u015fvuru numaral\u0131 karar\u0131\",\"datePublished\":\"2025-07-09T06:20:00+00:00\",\"mainEntityOfPage\":{\"@id\":\"https:\/\/denizcankizil.tr\/ru\/hukukihaber\/aymnin-2019-19588-basvuru-numarali-karari\/\"},\"wordCount\":880,\"publisher\":{\"@id\":\"https:\/\/denizcankizil.tr\/#organization\"},\"articleSection\":[\"Hukuki Haberler\"],\"inLanguage\":\"ru-RU\"},{\"@type\":\"WebPage\",\"@id\":\"https:\/\/denizcankizil.tr\/ru\/hukukihaber\/aymnin-2019-19588-basvuru-numarali-karari\/\",\"url\":\"https:\/\/denizcankizil.tr\/ru\/hukukihaber\/aymnin-2019-19588-basvuru-numarali-karari\/\",\"name\":\"AYM'nin 2019\/19588 ba\u015fvuru numaral\u0131 karar\u0131 - Av. Deniz Can K\u0131z\u0131l\",\"isPartOf\":{\"@id\":\"https:\/\/denizcankizil.tr\/#website\"},\"datePublished\":\"2025-07-09T06:20:00+00:00\",\"breadcrumb\":{\"@id\":\"https:\/\/denizcankizil.tr\/ru\/hukukihaber\/aymnin-2019-19588-basvuru-numarali-karari\/#breadcrumb\"},\"inLanguage\":\"ru-RU\",\"potentialAction\":[{\"@type\":\"ReadAction\",\"target\":[\"https:\/\/denizcankizil.tr\/ru\/hukukihaber\/aymnin-2019-19588-basvuru-numarali-karari\/\"]}]},{\"@type\":\"BreadcrumbList\",\"@id\":\"https:\/\/denizcankizil.tr\/ru\/hukukihaber\/aymnin-2019-19588-basvuru-numarali-karari\/#breadcrumb\",\"itemListElement\":[{\"@type\":\"ListItem\",\"position\":1,\"name\":\"Home\",\"item\":\"https:\/\/denizcankizil.tr\/de\/\"},{\"@type\":\"ListItem\",\"position\":2,\"name\":\"AYM&#8217;nin 2019\/19588 ba\u015fvuru numaral\u0131 karar\u0131\"}]},{\"@type\":\"WebSite\",\"@id\":\"https:\/\/denizcankizil.tr\/#website\",\"url\":\"https:\/\/denizcankizil.tr\/\",\"name\":\"Av. Deniz Can K\u0131z\u0131l\",\"description\":\"Avukat Deniz Can K\u0131z\u0131l Antalya Barosu\",\"publisher\":{\"@id\":\"https:\/\/denizcankizil.tr\/#organization\"},\"potentialAction\":[{\"@type\":\"SearchAction\",\"target\":{\"@type\":\"EntryPoint\",\"urlTemplate\":\"https:\/\/denizcankizil.tr\/?s={search_term_string}\"},\"query-input\":{\"@type\":\"PropertyValueSpecification\",\"valueRequired\":true,\"valueName\":\"search_term_string\"}}],\"inLanguage\":\"ru-RU\"},{\"@type\":\"Organization\",\"@id\":\"https:\/\/denizcankizil.tr\/#organization\",\"name\":\"Av. Deniz Can K\u0131z\u0131l\",\"url\":\"https:\/\/denizcankizil.tr\/\",\"logo\":{\"@type\":\"ImageObject\",\"inLanguage\":\"ru-RU\",\"@id\":\"https:\/\/denizcankizil.tr\/#\/schema\/logo\/image\/\",\"url\":\"https:\/\/denizcankizil.tr\/wp-content\/uploads\/2024\/10\/siyah-logo-svg.svg\",\"contentUrl\":\"https:\/\/denizcankizil.tr\/wp-content\/uploads\/2024\/10\/siyah-logo-svg.svg\",\"width\":1080,\"height\":1080,\"caption\":\"Av. Deniz Can K\u0131z\u0131l\"},\"image\":{\"@id\":\"https:\/\/denizcankizil.tr\/#\/schema\/logo\/image\/\"}},{\"@type\":\"Person\",\"@id\":\"https:\/\/denizcankizil.tr\/#\/schema\/person\/001a271de994a0aa3f90eea084424822\",\"name\":\"Hukuki Haber.net\",\"image\":{\"@type\":\"ImageObject\",\"inLanguage\":\"ru-RU\",\"@id\":\"https:\/\/denizcankizil.tr\/#\/schema\/person\/image\/\",\"url\":\"https:\/\/secure.gravatar.com\/avatar\/57d8a49151495586611a149d29fc42865b951dc053a84709a3172ccb5abf3118?s=96&d=mm&r=g\",\"contentUrl\":\"https:\/\/secure.gravatar.com\/avatar\/57d8a49151495586611a149d29fc42865b951dc053a84709a3172ccb5abf3118?s=96&d=mm&r=g\",\"caption\":\"Hukuki Haber.net\"},\"sameAs\":[\"http:\/\/www.hukukihaber.net\"],\"url\":\"https:\/\/denizcankizil.tr\/ru\/author\/hukukihabernet\/\"}]}<\/script>\n<!-- \/ Yoast SEO Premium plugin. -->","yoast_head_json":{"title":"AYM'nin 2019\/19588 ba\u015fvuru numaral\u0131 karar\u0131 - Av. Deniz Can K\u0131z\u0131l","robots":{"index":"index","follow":"follow","max-snippet":"max-snippet:-1","max-image-preview":"max-image-preview:large","max-video-preview":"max-video-preview:-1"},"canonical":"https:\/\/denizcankizil.tr\/ru\/hukukihaber\/aymnin-2019-19588-basvuru-numarali-karari\/","og_locale":"ru_RU","og_type":"article","og_title":"AYM'nin 2019\/19588 ba\u015fvuru numaral\u0131 karar\u0131","og_description":"T\u00dcRK\u0130YE CUMHUR\u0130YET\u0130 ANAYASA MAHKEMES\u0130 \u0130K\u0130NC\u0130 B\u00d6L\u00dcM KARAR B. A. BA\u015eVURUSU (Ba\u015fvuru Numaras\u0131: 2019\/19588) Karar Tarihi: 8\/1\/2025 \u0130K\u0130NC\u0130 B\u00d6L\u00dcM KARAR Ba\u015fkan : Basri BA\u011eCI \u00dcyeler : Y\u0131ld\u0131z SEFER\u0130NO\u011eLU Kenan YA\u015eAR \u00d6mer \u00c7INAR Metin KIRATLI Raport\u00f6r : Ay\u015fe Didem \u00d6ZDEM\u0130R AKCA Ba\u015fvurucu : Vekilleri : Av. Asl\u0131 KAZAN Av. Serdar LA\u00c7\u0130N I. BA\u015eVURUNUN KONUSU 1. Ba\u015fvuru, kolluk g\u00f6revlilerinin fiziksel \u015fiddetine u\u011franmas\u0131 ve olay hakk\u0131nda etkili bir ceza soru\u015fturmas\u0131 y\u00fcr\u00fct\u00fclmemesi nedeniyle k\u00f6t\u00fc muamele yasa\u011f\u0131n\u0131n ihlal edildi\u011fi iddias\u0131na ili\u015fkindir. II. BA\u015eVURU S\u00dcREC\u0130 2. Ba\u015fvuru 14\/6\/2019 tarihinde yap\u0131lm\u0131\u015ft\u0131r. Komisyon, ba\u015fvurunun kabul edilebilirlik incelemesinin B\u00f6l\u00fcm taraf\u0131ndan yap\u0131lmas\u0131na karar vermi\u015ftir. 3. Ba\u015fvuru belgelerinin bir \u00f6rne\u011fi bilgi i\u00e7in Adalet Bakanl\u0131\u011f\u0131na (Bakanl\u0131k) g\u00f6nderilmi\u015ftir. Bakanl\u0131k, g\u00f6r\u00fc\u015f\u00fcn\u00fc bildirmi\u015ftir. Ba\u015fvurucu, Bakanl\u0131\u011f\u0131n g\u00f6r\u00fc\u015f\u00fcne kar\u015f\u0131 s\u00fcresinde beyanda bulunmu\u015ftur. III. OLAY VE OLGULAR 4. Ba\u015fvuru formu ve eklerinde ifade edildi\u011fi \u015fekliyle ilgili olaylar \u00f6zetle \u015f\u00f6yledir: 5. Ba\u015fvuru formundaki iddialar\u0131na g\u00f6re ba\u015fvurucu 18\/5\/2018 tarihinde \u00e7al\u0131\u015fmakta oldu\u011fu dizi setinden \u00e7\u0131karak evine gitmek \u00fczere servis arac\u0131na binmi\u015f, trafi\u011fin yo\u011fun olmas\u0131 nedeniyle servis arac\u0131ndan inerek evine do\u011fru y\u00fcr\u00fcmeye ba\u015flam\u0131\u015ft\u0131r. Dolmabah\u00e7e y\u00f6n\u00fcne do\u011fru gitmekteyken resm\u00ee konvoy arac\u0131ndan inen ve sonradan Cumhurba\u015fkanl\u0131\u011f\u0131 koruma g\u00f6revlileri oldu\u011funu \u00f6\u011frendi\u011fi ki\u015filer taraf\u0131ndan durdurulmu\u015ftur. Cumhurba\u015fkan\u0131&#8217;na hakaret etti\u011fi gerek\u00e7esiyle fiziksel \u015fiddet g\u00f6rm\u00fc\u015f, bir s\u00fcre al\u0131konduktan sonra polis memurlar\u0131na teslim edilmi\u015ftir. D\u00fczenlenen tutana\u011fa dayan\u0131larak hakk\u0131nda ceza soru\u015fturmas\u0131 ba\u015flat\u0131lm\u0131\u015ft\u0131r. &hellip;","og_url":"https:\/\/denizcankizil.tr\/ru\/hukukihaber\/aymnin-2019-19588-basvuru-numarali-karari\/","og_site_name":"Av. Deniz Can K\u0131z\u0131l","article_published_time":"2025-07-09T06:20:00+00:00","author":"Hukuki Haber.net","twitter_card":"summary_large_image","twitter_misc":{"\u041d\u0430\u043f\u0438\u0441\u0430\u043d\u043e \u0430\u0432\u0442\u043e\u0440\u043e\u043c":"Hukuki Haber.net","\u041f\u0440\u0438\u043c\u0435\u0440\u043d\u043e\u0435 \u0432\u0440\u0435\u043c\u044f \u0434\u043b\u044f \u0447\u0442\u0435\u043d\u0438\u044f":"4 \u043c\u0438\u043d\u0443\u0442\u044b"},"schema":{"@context":"https:\/\/schema.org","@graph":[{"@type":"Article","@id":"https:\/\/denizcankizil.tr\/ru\/hukukihaber\/aymnin-2019-19588-basvuru-numarali-karari\/#article","isPartOf":{"@id":"https:\/\/denizcankizil.tr\/ru\/hukukihaber\/aymnin-2019-19588-basvuru-numarali-karari\/"},"author":{"name":"Hukuki Haber.net","@id":"https:\/\/denizcankizil.tr\/#\/schema\/person\/001a271de994a0aa3f90eea084424822"},"headline":"AYM&#8217;nin 2019\/19588 ba\u015fvuru numaral\u0131 karar\u0131","datePublished":"2025-07-09T06:20:00+00:00","mainEntityOfPage":{"@id":"https:\/\/denizcankizil.tr\/ru\/hukukihaber\/aymnin-2019-19588-basvuru-numarali-karari\/"},"wordCount":880,"publisher":{"@id":"https:\/\/denizcankizil.tr\/#organization"},"articleSection":["Hukuki Haberler"],"inLanguage":"ru-RU"},{"@type":"WebPage","@id":"https:\/\/denizcankizil.tr\/ru\/hukukihaber\/aymnin-2019-19588-basvuru-numarali-karari\/","url":"https:\/\/denizcankizil.tr\/ru\/hukukihaber\/aymnin-2019-19588-basvuru-numarali-karari\/","name":"AYM'nin 2019\/19588 ba\u015fvuru numaral\u0131 karar\u0131 - Av. Deniz Can K\u0131z\u0131l","isPartOf":{"@id":"https:\/\/denizcankizil.tr\/#website"},"datePublished":"2025-07-09T06:20:00+00:00","breadcrumb":{"@id":"https:\/\/denizcankizil.tr\/ru\/hukukihaber\/aymnin-2019-19588-basvuru-numarali-karari\/#breadcrumb"},"inLanguage":"ru-RU","potentialAction":[{"@type":"ReadAction","target":["https:\/\/denizcankizil.tr\/ru\/hukukihaber\/aymnin-2019-19588-basvuru-numarali-karari\/"]}]},{"@type":"BreadcrumbList","@id":"https:\/\/denizcankizil.tr\/ru\/hukukihaber\/aymnin-2019-19588-basvuru-numarali-karari\/#breadcrumb","itemListElement":[{"@type":"ListItem","position":1,"name":"Home","item":"https:\/\/denizcankizil.tr\/de\/"},{"@type":"ListItem","position":2,"name":"AYM&#8217;nin 2019\/19588 ba\u015fvuru numaral\u0131 karar\u0131"}]},{"@type":"WebSite","@id":"https:\/\/denizcankizil.tr\/#website","url":"https:\/\/denizcankizil.tr\/","name":"Av. Deniz Can K\u0131z\u0131l","description":"Avukat Deniz Can K\u0131z\u0131l Antalya Barosu","publisher":{"@id":"https:\/\/denizcankizil.tr\/#organization"},"potentialAction":[{"@type":"SearchAction","target":{"@type":"EntryPoint","urlTemplate":"https:\/\/denizcankizil.tr\/?s={search_term_string}"},"query-input":{"@type":"PropertyValueSpecification","valueRequired":true,"valueName":"search_term_string"}}],"inLanguage":"ru-RU"},{"@type":"Organization","@id":"https:\/\/denizcankizil.tr\/#organization","name":"Av. Deniz Can K\u0131z\u0131l","url":"https:\/\/denizcankizil.tr\/","logo":{"@type":"ImageObject","inLanguage":"ru-RU","@id":"https:\/\/denizcankizil.tr\/#\/schema\/logo\/image\/","url":"https:\/\/denizcankizil.tr\/wp-content\/uploads\/2024\/10\/siyah-logo-svg.svg","contentUrl":"https:\/\/denizcankizil.tr\/wp-content\/uploads\/2024\/10\/siyah-logo-svg.svg","width":1080,"height":1080,"caption":"Av. Deniz Can K\u0131z\u0131l"},"image":{"@id":"https:\/\/denizcankizil.tr\/#\/schema\/logo\/image\/"}},{"@type":"Person","@id":"https:\/\/denizcankizil.tr\/#\/schema\/person\/001a271de994a0aa3f90eea084424822","name":"Hukuki Haber.net","image":{"@type":"ImageObject","inLanguage":"ru-RU","@id":"https:\/\/denizcankizil.tr\/#\/schema\/person\/image\/","url":"https:\/\/secure.gravatar.com\/avatar\/57d8a49151495586611a149d29fc42865b951dc053a84709a3172ccb5abf3118?s=96&d=mm&r=g","contentUrl":"https:\/\/secure.gravatar.com\/avatar\/57d8a49151495586611a149d29fc42865b951dc053a84709a3172ccb5abf3118?s=96&d=mm&r=g","caption":"Hukuki Haber.net"},"sameAs":["http:\/\/www.hukukihaber.net"],"url":"https:\/\/denizcankizil.tr\/ru\/author\/hukukihabernet\/"}]}},"_links":{"self":[{"href":"https:\/\/denizcankizil.tr\/ru\/wp-json\/wp\/v2\/posts\/140546","targetHints":{"allow":["GET"]}}],"collection":[{"href":"https:\/\/denizcankizil.tr\/ru\/wp-json\/wp\/v2\/posts"}],"about":[{"href":"https:\/\/denizcankizil.tr\/ru\/wp-json\/wp\/v2\/types\/post"}],"author":[{"embeddable":true,"href":"https:\/\/denizcankizil.tr\/ru\/wp-json\/wp\/v2\/users\/3"}],"replies":[{"embeddable":true,"href":"https:\/\/denizcankizil.tr\/ru\/wp-json\/wp\/v2\/comments?post=140546"}],"version-history":[{"count":0,"href":"https:\/\/denizcankizil.tr\/ru\/wp-json\/wp\/v2\/posts\/140546\/revisions"}],"wp:attachment":[{"href":"https:\/\/denizcankizil.tr\/ru\/wp-json\/wp\/v2\/media?parent=140546"}],"wp:term":[{"taxonomy":"category","embeddable":true,"href":"https:\/\/denizcankizil.tr\/ru\/wp-json\/wp\/v2\/categories?post=140546"},{"taxonomy":"post_tag","embeddable":true,"href":"https:\/\/denizcankizil.tr\/ru\/wp-json\/wp\/v2\/tags?post=140546"}],"curies":[{"name":"wp","href":"https:\/\/api.w.org\/{rel}","templated":true}]}}