{"id":14011,"date":"2024-11-07T17:41:14","date_gmt":"2024-11-07T14:41:14","guid":{"rendered":"https:\/\/denizcankizil.tr\/uncategorized-tr\/fatih-erbakandan-asgari-ucret-aciklamasi-en-az-35-bin-tl-olmali\/"},"modified":"2024-11-07T17:41:14","modified_gmt":"2024-11-07T14:41:14","slug":"fatih-erbakandan-asgari-ucret-aciklamasi-en-az-35-bin-tl-olmali","status":"publish","type":"post","link":"https:\/\/denizcankizil.tr\/ru\/haberler\/gundem\/fatih-erbakandan-asgari-ucret-aciklamasi-en-az-35-bin-tl-olmali\/","title":{"rendered":"Fatih Erbakan&#8217;dan asgari \u00fccret a\u00e7\u0131klamas\u0131: En az 35 bin TL olmal\u0131"},"content":{"rendered":"<p>Yeniden Refah Partisi Genel Ba\u015fkan\u0131 Fatih Erbakan, \u201cBu sene asgari \u00fccretin 35 bin TL&#8217;ye \u00e7\u0131kar\u0131lmas\u0131 laz\u0131m. \u00c7\u00fcnk\u00fc yoksulluk s\u0131n\u0131r\u0131 70 bin TL&#8217;ye gelmi\u015f durumda. Bir evde iki asgari \u00fccret oldu\u011funda, kar\u0131-koca asgari \u00fccretle ge\u00e7indi\u011finde, o eve giren miktar\u0131n en az\u0131ndan yoksulluk s\u0131n\u0131r\u0131na ula\u015fmas\u0131 laz\u0131m\u201d dedi.<\/p>\n<p>ERBAKAN, ESNAFLARI Z\u0130YARET ETT\u0130\u00a0<\/p>\n<p>Yeniden Ferah Partisi Genel Ba\u015fkan\u0131 Fatih Erbakan, partisinin \u2018Anadolu Bulu\u015fmalar\u0131&#8217; programlar\u0131na bug\u00fcn \u0130stanbul&#8217;un Arnavutk\u00f6y il\u00e7esinde bir dizi ziyaretle devam etti. Partinin \u00fcst d\u00fczey y\u00f6neticileri ve yerel te\u015fkilat \u00fcyelerinin kat\u0131ld\u0131\u011f\u0131 ziyaretlerde fabrika \u00e7al\u0131\u015fanlar\u0131yla sohbet eden Erbakan, \u00f6\u011fle namaz\u0131n\u0131 da Arnavutk\u00f6y Merkez Camii&#8217;nde k\u0131ld\u0131. Program, Arnavutk\u00f6y Yeniden Refah Partisi il\u00e7e ba\u015fkanl\u0131\u011f\u0131n\u0131 ziyaret ve esnaf bulu\u015fmalar\u0131yla devam etti. Erbakan&#8217;\u0131n program\u0131n\u0131n Erzurumlular Derne\u011fi ziyaretiyle son bulaca\u011f\u0131 \u00f6\u011frenildi.<\/p>\n<p>O D\u00d6NEMDE KAMUDAK\u0130 \u0130SRAFIN \u00d6NLENMES\u0130YLE M\u0130LYARLARCA DOLAR KURTARILDI\u00a0<\/p>\n<p>54&#8217;\u00fcnc\u00fc H\u00fck\u00fcmet d\u00f6neminde olu\u015fturulan kaynaklar\u0131n do\u011fru kullan\u0131ld\u0131\u011f\u0131n\u0131 vurgulayan Fatih Erbakan, \u201cO d\u00f6nemde denk b\u00fct\u00e7e yap\u0131larak faize giden milyarlarca dolar kurtar\u0131ld\u0131. Bununla beraber kamudaki israf\u0131n, usuls\u00fczl\u00fcklerin \u00f6nlenmesiyle yine milyarlarca dolar kurtar\u0131ld\u0131. Ayr\u0131ca milli kaynak paketleri ile kaynak \u00fcretilmesi ve rantiye kesimine, bir avu\u00e7 imtiyazl\u0131 holdinge aktar\u0131lan haks\u0131z kazan\u00e7lar\u0131n engellenmesi sayesinde 35 milyar dolarl\u0131k bir kaynak olu\u015fturuldu. Bu kaynak yanda\u015fa, akrabaya, partiliye de\u011fil; emek\u00e7iye, dar gelirliye, i\u015f\u00e7iye, memura, emekliye, \u00e7ift\u00e7iye, k\u00f6yl\u00fcye aktar\u0131ld\u0131. Merhum Erbakan hocam\u0131z\u0131n yapt\u0131\u011f\u0131 maa\u015f zamlar\u0131n\u0131 halen anlat\u0131yoruz. Cumhuriyet tarihinin rekoru olan maa\u015f zamlar\u0131 ile i\u015f\u00e7ilerimize, asgari \u00fccretlilere y\u00fczde 100, memurlar\u0131m\u0131za y\u00fczde 200, Ba\u011f-Kur emeklisi olan emeklilerimize y\u00fczde 320 maa\u015f zamm\u0131 yap\u0131ld\u0131\u201d ifadelerini kulland\u0131.<\/p>\n<p>YOKSULLUK SINIRI 70 B\u0130N TL&#8217;YE GELM\u0130\u015e DURUMDA\u00a0<\/p>\n<p>G\u00fcn\u00fcm\u00fcz \u015fartlar\u0131nda asgari \u00fccretin yetersiz kald\u0131\u011f\u0131n\u0131 savunan Erbakan, \u201cAsgari \u00fccrete y\u00fczde 100 zam yapmak demek, asgari \u00fccretin bug\u00fcn 35 bin TL&#8217;ye gelmesi demektir. Biz de Yeniden Refah Partisi olarak bunu her f\u0131rsatta dile getirdik. Bu sene asgari \u00fccretin 35 bin TL&#8217;ye \u00e7\u0131kar\u0131lmas\u0131 laz\u0131m. \u00c7\u00fcnk\u00fc yoksulluk s\u0131n\u0131r\u0131 70 bin TL&#8217;ye gelmi\u015f durumda. Bir evde iki asgari \u00fccret oldu\u011funda, kar\u0131-koca asgari \u00fccretle ge\u00e7indi\u011finde, o eve giren miktar\u0131n en az\u0131ndan yoksulluk s\u0131n\u0131r\u0131na ula\u015fmas\u0131 laz\u0131m. Tabii bununla beraber i\u015fverene de devletin gereken deste\u011fi, te\u015fviki yapmas\u0131 laz\u0131m\u201d \u015feklinde konu\u015ftu. Erbakan, partisinin Arnavutk\u00f6y Cumhuriyet Meydan\u0131&#8217;nda bulunan stand\u0131nda \u00fcye \u00e7al\u0131\u015fmalar\u0131n\u0131 da yerinde inceledi.\u00a0\u00a0 \u00a0 \u00a0 \u00a0 \u00a0 \u00a0 \u00a0 \u00a0 \u00a0 \u00a0 \u00a0 \u00a0 \u00a0 \u00a0<\/p>\n<p>\u200b\u0130stanbul Arnavutk\u00f6y&#8217;de ziyaretlerde bulunan Yeniden Refah Partisi Genel Ba\u015fkan\u0131 Fatih Erbakan, milyonlar\u0131n bekledi\u011fi asgari \u00fccret hakk\u0131nda konu\u015ftu. Erbakan, &#8220;Bu sene asgari \u00fccretin 35 bin TL&#8217;ye \u00e7\u0131kar\u0131lmas\u0131 laz\u0131m. \u00c7\u00fcnk\u00fc yoksulluk s\u0131n\u0131r\u0131 70 bin TL&#8217;ye gelmi\u015f durumda&#8221; dedi.\u00a0<\/p>\n<p>\u200bHaberin Al\u0131nt\u0131land\u0131\u011f\u0131 Kaynak: www.antalyakorfez.com<\/p>","protected":false},"excerpt":{"rendered":"<p>Yeniden Refah Partisi Genel Ba\u015fkan\u0131 Fatih Erbakan, \u201cBu sene asgari \u00fccretin 35 bin TL&#8217;ye \u00e7\u0131kar\u0131lmas\u0131 laz\u0131m. \u00c7\u00fcnk\u00fc yoksulluk s\u0131n\u0131r\u0131 70 bin TL&#8217;ye gelmi\u015f durumda. Bir evde iki asgari \u00fccret oldu\u011funda, kar\u0131-koca asgari \u00fccretle ge\u00e7indi\u011finde, o eve giren miktar\u0131n en az\u0131ndan yoksulluk s\u0131n\u0131r\u0131na ula\u015fmas\u0131 laz\u0131m\u201d dedi. ERBAKAN, ESNAFLARI Z\u0130YARET ETT\u0130\u00a0 Yeniden Ferah Partisi Genel Ba\u015fkan\u0131 Fatih Erbakan, partisinin \u2018Anadolu Bulu\u015fmalar\u0131&#8217; programlar\u0131na bug\u00fcn \u0130stanbul&#8217;un Arnavutk\u00f6y il\u00e7esinde bir dizi ziyaretle devam etti. Partinin \u00fcst d\u00fczey y\u00f6neticileri ve yerel te\u015fkilat \u00fcyelerinin kat\u0131ld\u0131\u011f\u0131 ziyaretlerde fabrika \u00e7al\u0131\u015fanlar\u0131yla sohbet eden Erbakan, \u00f6\u011fle namaz\u0131n\u0131 da Arnavutk\u00f6y Merkez Camii&#8217;nde k\u0131ld\u0131. Program, Arnavutk\u00f6y Yeniden Refah Partisi il\u00e7e ba\u015fkanl\u0131\u011f\u0131n\u0131 ziyaret ve esnaf bulu\u015fmalar\u0131yla devam etti. Erbakan&#8217;\u0131n program\u0131n\u0131n Erzurumlular Derne\u011fi ziyaretiyle son bulaca\u011f\u0131 \u00f6\u011frenildi. O D\u00d6NEMDE KAMUDAK\u0130 \u0130SRAFIN \u00d6NLENMES\u0130YLE M\u0130LYARLARCA DOLAR KURTARILDI\u00a0 54&#8217;\u00fcnc\u00fc H\u00fck\u00fcmet d\u00f6neminde olu\u015fturulan kaynaklar\u0131n do\u011fru kullan\u0131ld\u0131\u011f\u0131n\u0131 vurgulayan Fatih Erbakan, \u201cO d\u00f6nemde denk b\u00fct\u00e7e yap\u0131larak faize giden milyarlarca dolar kurtar\u0131ld\u0131. Bununla beraber kamudaki israf\u0131n, usuls\u00fczl\u00fcklerin \u00f6nlenmesiyle yine milyarlarca dolar kurtar\u0131ld\u0131. Ayr\u0131ca milli kaynak paketleri ile kaynak \u00fcretilmesi ve rantiye kesimine, bir avu\u00e7 imtiyazl\u0131 holdinge aktar\u0131lan haks\u0131z kazan\u00e7lar\u0131n engellenmesi sayesinde 35 milyar dolarl\u0131k bir kaynak olu\u015fturuldu. Bu kaynak yanda\u015fa, akrabaya, partiliye de\u011fil; emek\u00e7iye, dar gelirliye, i\u015f\u00e7iye, memura, emekliye, \u00e7ift\u00e7iye, k\u00f6yl\u00fcye aktar\u0131ld\u0131. Merhum Erbakan hocam\u0131z\u0131n yapt\u0131\u011f\u0131 maa\u015f zamlar\u0131n\u0131 halen anlat\u0131yoruz. Cumhuriyet tarihinin &hellip;<\/p>","protected":false},"author":0,"featured_media":0,"comment_status":"open","ping_status":"open","sticky":false,"template":"","format":"standard","meta":{"_acf_changed":false,"footnotes":""},"categories":[24,535],"tags":[],"class_list":["post-14011","post","type-post","status-publish","format-standard","has-post-thumbnail","hentry","category-gundem","category-uncategorized-tr"],"acf":[],"yoast_head":"<!-- This site is optimized with the Yoast SEO Premium plugin v26.6 (Yoast SEO v27.1.1) - https:\/\/yoast.com\/product\/yoast-seo-premium-wordpress\/ -->\n<title>Fatih Erbakan&#039;dan asgari \u00fccret a\u00e7\u0131klamas\u0131: En az 35 bin TL olmal\u0131 - Av. Deniz Can K\u0131z\u0131l<\/title>\n<meta name=\"robots\" content=\"index, follow, max-snippet:-1, max-image-preview:large, max-video-preview:-1\" \/>\n<link rel=\"canonical\" href=\"https:\/\/denizcankizil.tr\/ru\/haberler\/gundem\/fatih-erbakandan-asgari-ucret-aciklamasi-en-az-35-bin-tl-olmali\/\" \/>\n<meta property=\"og:locale\" content=\"ru_RU\" \/>\n<meta property=\"og:type\" content=\"article\" \/>\n<meta property=\"og:title\" content=\"Fatih Erbakan&#039;dan asgari \u00fccret a\u00e7\u0131klamas\u0131: En az 35 bin TL olmal\u0131\" \/>\n<meta property=\"og:description\" content=\"Yeniden Refah Partisi Genel Ba\u015fkan\u0131 Fatih Erbakan, \u201cBu sene asgari \u00fccretin 35 bin TL&#8217;ye \u00e7\u0131kar\u0131lmas\u0131 laz\u0131m. \u00c7\u00fcnk\u00fc yoksulluk s\u0131n\u0131r\u0131 70 bin TL&#8217;ye gelmi\u015f durumda. Bir evde iki asgari \u00fccret oldu\u011funda, kar\u0131-koca asgari \u00fccretle ge\u00e7indi\u011finde, o eve giren miktar\u0131n en az\u0131ndan yoksulluk s\u0131n\u0131r\u0131na ula\u015fmas\u0131 laz\u0131m\u201d dedi. ERBAKAN, ESNAFLARI Z\u0130YARET ETT\u0130\u00a0 Yeniden Ferah Partisi Genel Ba\u015fkan\u0131 Fatih Erbakan, partisinin \u2018Anadolu Bulu\u015fmalar\u0131&#8217; programlar\u0131na bug\u00fcn \u0130stanbul&#8217;un Arnavutk\u00f6y il\u00e7esinde bir dizi ziyaretle devam etti. Partinin \u00fcst d\u00fczey y\u00f6neticileri ve yerel te\u015fkilat \u00fcyelerinin kat\u0131ld\u0131\u011f\u0131 ziyaretlerde fabrika \u00e7al\u0131\u015fanlar\u0131yla sohbet eden Erbakan, \u00f6\u011fle namaz\u0131n\u0131 da Arnavutk\u00f6y Merkez Camii&#8217;nde k\u0131ld\u0131. Program, Arnavutk\u00f6y Yeniden Refah Partisi il\u00e7e ba\u015fkanl\u0131\u011f\u0131n\u0131 ziyaret ve esnaf bulu\u015fmalar\u0131yla devam etti. Erbakan&#8217;\u0131n program\u0131n\u0131n Erzurumlular Derne\u011fi ziyaretiyle son bulaca\u011f\u0131 \u00f6\u011frenildi. O D\u00d6NEMDE KAMUDAK\u0130 \u0130SRAFIN \u00d6NLENMES\u0130YLE M\u0130LYARLARCA DOLAR KURTARILDI\u00a0 54&#8217;\u00fcnc\u00fc H\u00fck\u00fcmet d\u00f6neminde olu\u015fturulan kaynaklar\u0131n do\u011fru kullan\u0131ld\u0131\u011f\u0131n\u0131 vurgulayan Fatih Erbakan, \u201cO d\u00f6nemde denk b\u00fct\u00e7e yap\u0131larak faize giden milyarlarca dolar kurtar\u0131ld\u0131. Bununla beraber kamudaki israf\u0131n, usuls\u00fczl\u00fcklerin \u00f6nlenmesiyle yine milyarlarca dolar kurtar\u0131ld\u0131. Ayr\u0131ca milli kaynak paketleri ile kaynak \u00fcretilmesi ve rantiye kesimine, bir avu\u00e7 imtiyazl\u0131 holdinge aktar\u0131lan haks\u0131z kazan\u00e7lar\u0131n engellenmesi sayesinde 35 milyar dolarl\u0131k bir kaynak olu\u015fturuldu. Bu kaynak yanda\u015fa, akrabaya, partiliye de\u011fil; emek\u00e7iye, dar gelirliye, i\u015f\u00e7iye, memura, emekliye, \u00e7ift\u00e7iye, k\u00f6yl\u00fcye aktar\u0131ld\u0131. Merhum Erbakan hocam\u0131z\u0131n yapt\u0131\u011f\u0131 maa\u015f zamlar\u0131n\u0131 halen anlat\u0131yoruz. Cumhuriyet tarihinin &hellip;\" \/>\n<meta property=\"og:url\" content=\"https:\/\/denizcankizil.tr\/ru\/haberler\/gundem\/fatih-erbakandan-asgari-ucret-aciklamasi-en-az-35-bin-tl-olmali\/\" \/>\n<meta property=\"og:site_name\" content=\"Av. Deniz Can K\u0131z\u0131l\" \/>\n<meta property=\"article:published_time\" content=\"2024-11-07T14:41:14+00:00\" \/>\n<meta name=\"twitter:card\" content=\"summary_large_image\" \/>\n<meta name=\"twitter:label1\" content=\"\u041f\u0440\u0438\u043c\u0435\u0440\u043d\u043e\u0435 \u0432\u0440\u0435\u043c\u044f \u0434\u043b\u044f \u0447\u0442\u0435\u043d\u0438\u044f\" \/>\n\t<meta name=\"twitter:data1\" content=\"2 \u043c\u0438\u043d\u0443\u0442\u044b\" \/>\n<script type=\"application\/ld+json\" class=\"yoast-schema-graph\">{\"@context\":\"https:\/\/schema.org\",\"@graph\":[{\"@type\":\"Article\",\"@id\":\"https:\/\/denizcankizil.tr\/en\/haberler\/gundem\/fatih-erbakandan-asgari-ucret-aciklamasi-en-az-35-bin-tl-olmali\/#article\",\"isPartOf\":{\"@id\":\"https:\/\/denizcankizil.tr\/en\/haberler\/gundem\/fatih-erbakandan-asgari-ucret-aciklamasi-en-az-35-bin-tl-olmali\/\"},\"author\":{\"name\":\"\",\"@id\":\"\"},\"headline\":\"Fatih Erbakan&#8217;dan asgari \u00fccret a\u00e7\u0131klamas\u0131: En az 35 bin TL olmal\u0131\",\"datePublished\":\"2024-11-07T14:41:14+00:00\",\"mainEntityOfPage\":{\"@id\":\"https:\/\/denizcankizil.tr\/en\/haberler\/gundem\/fatih-erbakandan-asgari-ucret-aciklamasi-en-az-35-bin-tl-olmali\/\"},\"wordCount\":514,\"commentCount\":0,\"publisher\":{\"@id\":\"https:\/\/denizcankizil.tr\/de\/#organization\"},\"articleSection\":[\"G\u00fcndem\",\"Uncategorized\"],\"inLanguage\":\"ru-RU\",\"potentialAction\":[{\"@type\":\"CommentAction\",\"name\":\"Comment\",\"target\":[\"https:\/\/denizcankizil.tr\/en\/haberler\/gundem\/fatih-erbakandan-asgari-ucret-aciklamasi-en-az-35-bin-tl-olmali\/#respond\"]}]},{\"@type\":\"WebPage\",\"@id\":\"https:\/\/denizcankizil.tr\/en\/haberler\/gundem\/fatih-erbakandan-asgari-ucret-aciklamasi-en-az-35-bin-tl-olmali\/\",\"url\":\"https:\/\/denizcankizil.tr\/en\/haberler\/gundem\/fatih-erbakandan-asgari-ucret-aciklamasi-en-az-35-bin-tl-olmali\/\",\"name\":\"Fatih Erbakan'dan asgari \u00fccret a\u00e7\u0131klamas\u0131: En az 35 bin TL olmal\u0131 - Av. Deniz Can K\u0131z\u0131l\",\"isPartOf\":{\"@id\":\"https:\/\/denizcankizil.tr\/de\/#website\"},\"datePublished\":\"2024-11-07T14:41:14+00:00\",\"breadcrumb\":{\"@id\":\"https:\/\/denizcankizil.tr\/en\/haberler\/gundem\/fatih-erbakandan-asgari-ucret-aciklamasi-en-az-35-bin-tl-olmali\/#breadcrumb\"},\"inLanguage\":\"ru-RU\",\"potentialAction\":[{\"@type\":\"ReadAction\",\"target\":[\"https:\/\/denizcankizil.tr\/en\/haberler\/gundem\/fatih-erbakandan-asgari-ucret-aciklamasi-en-az-35-bin-tl-olmali\/\"]}]},{\"@type\":\"BreadcrumbList\",\"@id\":\"https:\/\/denizcankizil.tr\/en\/haberler\/gundem\/fatih-erbakandan-asgari-ucret-aciklamasi-en-az-35-bin-tl-olmali\/#breadcrumb\",\"itemListElement\":[{\"@type\":\"ListItem\",\"position\":1,\"name\":\"Home\",\"item\":\"https:\/\/denizcankizil.tr\/de\/\"},{\"@type\":\"ListItem\",\"position\":2,\"name\":\"Fatih Erbakan&#8217;dan asgari \u00fccret a\u00e7\u0131klamas\u0131: En az 35 bin TL olmal\u0131\"}]},{\"@type\":\"WebSite\",\"@id\":\"https:\/\/denizcankizil.tr\/de\/#website\",\"url\":\"https:\/\/denizcankizil.tr\/de\/\",\"name\":\"Av. Deniz Can K\u0131z\u0131l\",\"description\":\"Avukat Deniz Can K\u0131z\u0131l Antalya Barosu\",\"publisher\":{\"@id\":\"https:\/\/denizcankizil.tr\/de\/#organization\"},\"potentialAction\":[{\"@type\":\"SearchAction\",\"target\":{\"@type\":\"EntryPoint\",\"urlTemplate\":\"https:\/\/denizcankizil.tr\/de\/?s={search_term_string}\"},\"query-input\":{\"@type\":\"PropertyValueSpecification\",\"valueRequired\":true,\"valueName\":\"search_term_string\"}}],\"inLanguage\":\"ru-RU\"},{\"@type\":\"Organization\",\"@id\":\"https:\/\/denizcankizil.tr\/de\/#organization\",\"name\":\"Av. Deniz Can K\u0131z\u0131l\",\"url\":\"https:\/\/denizcankizil.tr\/de\/\",\"logo\":{\"@type\":\"ImageObject\",\"inLanguage\":\"ru-RU\",\"@id\":\"https:\/\/denizcankizil.tr\/de\/#\/schema\/logo\/image\/\",\"url\":\"https:\/\/denizcankizil.tr\/wp-content\/uploads\/2024\/10\/siyah-logo-svg.svg\",\"contentUrl\":\"https:\/\/denizcankizil.tr\/wp-content\/uploads\/2024\/10\/siyah-logo-svg.svg\",\"width\":1080,\"height\":1080,\"caption\":\"Av. Deniz Can K\u0131z\u0131l\"},\"image\":{\"@id\":\"https:\/\/denizcankizil.tr\/de\/#\/schema\/logo\/image\/\"}}]}<\/script>\n<!-- \/ Yoast SEO Premium plugin. -->","yoast_head_json":{"title":"Fatih Erbakan'dan asgari \u00fccret a\u00e7\u0131klamas\u0131: En az 35 bin TL olmal\u0131 - Av. Deniz Can K\u0131z\u0131l","robots":{"index":"index","follow":"follow","max-snippet":"max-snippet:-1","max-image-preview":"max-image-preview:large","max-video-preview":"max-video-preview:-1"},"canonical":"https:\/\/denizcankizil.tr\/ru\/haberler\/gundem\/fatih-erbakandan-asgari-ucret-aciklamasi-en-az-35-bin-tl-olmali\/","og_locale":"ru_RU","og_type":"article","og_title":"Fatih Erbakan'dan asgari \u00fccret a\u00e7\u0131klamas\u0131: En az 35 bin TL olmal\u0131","og_description":"Yeniden Refah Partisi Genel Ba\u015fkan\u0131 Fatih Erbakan, \u201cBu sene asgari \u00fccretin 35 bin TL&#8217;ye \u00e7\u0131kar\u0131lmas\u0131 laz\u0131m. \u00c7\u00fcnk\u00fc yoksulluk s\u0131n\u0131r\u0131 70 bin TL&#8217;ye gelmi\u015f durumda. Bir evde iki asgari \u00fccret oldu\u011funda, kar\u0131-koca asgari \u00fccretle ge\u00e7indi\u011finde, o eve giren miktar\u0131n en az\u0131ndan yoksulluk s\u0131n\u0131r\u0131na ula\u015fmas\u0131 laz\u0131m\u201d dedi. ERBAKAN, ESNAFLARI Z\u0130YARET ETT\u0130\u00a0 Yeniden Ferah Partisi Genel Ba\u015fkan\u0131 Fatih Erbakan, partisinin \u2018Anadolu Bulu\u015fmalar\u0131&#8217; programlar\u0131na bug\u00fcn \u0130stanbul&#8217;un Arnavutk\u00f6y il\u00e7esinde bir dizi ziyaretle devam etti. Partinin \u00fcst d\u00fczey y\u00f6neticileri ve yerel te\u015fkilat \u00fcyelerinin kat\u0131ld\u0131\u011f\u0131 ziyaretlerde fabrika \u00e7al\u0131\u015fanlar\u0131yla sohbet eden Erbakan, \u00f6\u011fle namaz\u0131n\u0131 da Arnavutk\u00f6y Merkez Camii&#8217;nde k\u0131ld\u0131. Program, Arnavutk\u00f6y Yeniden Refah Partisi il\u00e7e ba\u015fkanl\u0131\u011f\u0131n\u0131 ziyaret ve esnaf bulu\u015fmalar\u0131yla devam etti. Erbakan&#8217;\u0131n program\u0131n\u0131n Erzurumlular Derne\u011fi ziyaretiyle son bulaca\u011f\u0131 \u00f6\u011frenildi. O D\u00d6NEMDE KAMUDAK\u0130 \u0130SRAFIN \u00d6NLENMES\u0130YLE M\u0130LYARLARCA DOLAR KURTARILDI\u00a0 54&#8217;\u00fcnc\u00fc H\u00fck\u00fcmet d\u00f6neminde olu\u015fturulan kaynaklar\u0131n do\u011fru kullan\u0131ld\u0131\u011f\u0131n\u0131 vurgulayan Fatih Erbakan, \u201cO d\u00f6nemde denk b\u00fct\u00e7e yap\u0131larak faize giden milyarlarca dolar kurtar\u0131ld\u0131. Bununla beraber kamudaki israf\u0131n, usuls\u00fczl\u00fcklerin \u00f6nlenmesiyle yine milyarlarca dolar kurtar\u0131ld\u0131. Ayr\u0131ca milli kaynak paketleri ile kaynak \u00fcretilmesi ve rantiye kesimine, bir avu\u00e7 imtiyazl\u0131 holdinge aktar\u0131lan haks\u0131z kazan\u00e7lar\u0131n engellenmesi sayesinde 35 milyar dolarl\u0131k bir kaynak olu\u015fturuldu. Bu kaynak yanda\u015fa, akrabaya, partiliye de\u011fil; emek\u00e7iye, dar gelirliye, i\u015f\u00e7iye, memura, emekliye, \u00e7ift\u00e7iye, k\u00f6yl\u00fcye aktar\u0131ld\u0131. Merhum Erbakan hocam\u0131z\u0131n yapt\u0131\u011f\u0131 maa\u015f zamlar\u0131n\u0131 halen anlat\u0131yoruz. Cumhuriyet tarihinin &hellip;","og_url":"https:\/\/denizcankizil.tr\/ru\/haberler\/gundem\/fatih-erbakandan-asgari-ucret-aciklamasi-en-az-35-bin-tl-olmali\/","og_site_name":"Av. Deniz Can K\u0131z\u0131l","article_published_time":"2024-11-07T14:41:14+00:00","twitter_card":"summary_large_image","twitter_misc":{"\u041f\u0440\u0438\u043c\u0435\u0440\u043d\u043e\u0435 \u0432\u0440\u0435\u043c\u044f \u0434\u043b\u044f \u0447\u0442\u0435\u043d\u0438\u044f":"2 \u043c\u0438\u043d\u0443\u0442\u044b"},"schema":{"@context":"https:\/\/schema.org","@graph":[{"@type":"Article","@id":"https:\/\/denizcankizil.tr\/en\/haberler\/gundem\/fatih-erbakandan-asgari-ucret-aciklamasi-en-az-35-bin-tl-olmali\/#article","isPartOf":{"@id":"https:\/\/denizcankizil.tr\/en\/haberler\/gundem\/fatih-erbakandan-asgari-ucret-aciklamasi-en-az-35-bin-tl-olmali\/"},"author":{"name":"","@id":""},"headline":"Fatih Erbakan&#8217;dan asgari \u00fccret a\u00e7\u0131klamas\u0131: En az 35 bin TL olmal\u0131","datePublished":"2024-11-07T14:41:14+00:00","mainEntityOfPage":{"@id":"https:\/\/denizcankizil.tr\/en\/haberler\/gundem\/fatih-erbakandan-asgari-ucret-aciklamasi-en-az-35-bin-tl-olmali\/"},"wordCount":514,"commentCount":0,"publisher":{"@id":"https:\/\/denizcankizil.tr\/de\/#organization"},"articleSection":["G\u00fcndem","Uncategorized"],"inLanguage":"ru-RU","potentialAction":[{"@type":"CommentAction","name":"Comment","target":["https:\/\/denizcankizil.tr\/en\/haberler\/gundem\/fatih-erbakandan-asgari-ucret-aciklamasi-en-az-35-bin-tl-olmali\/#respond"]}]},{"@type":"WebPage","@id":"https:\/\/denizcankizil.tr\/en\/haberler\/gundem\/fatih-erbakandan-asgari-ucret-aciklamasi-en-az-35-bin-tl-olmali\/","url":"https:\/\/denizcankizil.tr\/en\/haberler\/gundem\/fatih-erbakandan-asgari-ucret-aciklamasi-en-az-35-bin-tl-olmali\/","name":"Fatih Erbakan'dan asgari \u00fccret a\u00e7\u0131klamas\u0131: En az 35 bin TL olmal\u0131 - Av. Deniz Can K\u0131z\u0131l","isPartOf":{"@id":"https:\/\/denizcankizil.tr\/de\/#website"},"datePublished":"2024-11-07T14:41:14+00:00","breadcrumb":{"@id":"https:\/\/denizcankizil.tr\/en\/haberler\/gundem\/fatih-erbakandan-asgari-ucret-aciklamasi-en-az-35-bin-tl-olmali\/#breadcrumb"},"inLanguage":"ru-RU","potentialAction":[{"@type":"ReadAction","target":["https:\/\/denizcankizil.tr\/en\/haberler\/gundem\/fatih-erbakandan-asgari-ucret-aciklamasi-en-az-35-bin-tl-olmali\/"]}]},{"@type":"BreadcrumbList","@id":"https:\/\/denizcankizil.tr\/en\/haberler\/gundem\/fatih-erbakandan-asgari-ucret-aciklamasi-en-az-35-bin-tl-olmali\/#breadcrumb","itemListElement":[{"@type":"ListItem","position":1,"name":"Home","item":"https:\/\/denizcankizil.tr\/de\/"},{"@type":"ListItem","position":2,"name":"Fatih Erbakan&#8217;dan asgari \u00fccret a\u00e7\u0131klamas\u0131: En az 35 bin TL olmal\u0131"}]},{"@type":"WebSite","@id":"https:\/\/denizcankizil.tr\/de\/#website","url":"https:\/\/denizcankizil.tr\/de\/","name":"Av. Deniz Can K\u0131z\u0131l","description":"Avukat Deniz Can K\u0131z\u0131l Antalya Barosu","publisher":{"@id":"https:\/\/denizcankizil.tr\/de\/#organization"},"potentialAction":[{"@type":"SearchAction","target":{"@type":"EntryPoint","urlTemplate":"https:\/\/denizcankizil.tr\/de\/?s={search_term_string}"},"query-input":{"@type":"PropertyValueSpecification","valueRequired":true,"valueName":"search_term_string"}}],"inLanguage":"ru-RU"},{"@type":"Organization","@id":"https:\/\/denizcankizil.tr\/de\/#organization","name":"Av. Deniz Can K\u0131z\u0131l","url":"https:\/\/denizcankizil.tr\/de\/","logo":{"@type":"ImageObject","inLanguage":"ru-RU","@id":"https:\/\/denizcankizil.tr\/de\/#\/schema\/logo\/image\/","url":"https:\/\/denizcankizil.tr\/wp-content\/uploads\/2024\/10\/siyah-logo-svg.svg","contentUrl":"https:\/\/denizcankizil.tr\/wp-content\/uploads\/2024\/10\/siyah-logo-svg.svg","width":1080,"height":1080,"caption":"Av. Deniz Can K\u0131z\u0131l"},"image":{"@id":"https:\/\/denizcankizil.tr\/de\/#\/schema\/logo\/image\/"}}]}},"_links":{"self":[{"href":"https:\/\/denizcankizil.tr\/ru\/wp-json\/wp\/v2\/posts\/14011","targetHints":{"allow":["GET"]}}],"collection":[{"href":"https:\/\/denizcankizil.tr\/ru\/wp-json\/wp\/v2\/posts"}],"about":[{"href":"https:\/\/denizcankizil.tr\/ru\/wp-json\/wp\/v2\/types\/post"}],"replies":[{"embeddable":true,"href":"https:\/\/denizcankizil.tr\/ru\/wp-json\/wp\/v2\/comments?post=14011"}],"version-history":[{"count":0,"href":"https:\/\/denizcankizil.tr\/ru\/wp-json\/wp\/v2\/posts\/14011\/revisions"}],"wp:attachment":[{"href":"https:\/\/denizcankizil.tr\/ru\/wp-json\/wp\/v2\/media?parent=14011"}],"wp:term":[{"taxonomy":"category","embeddable":true,"href":"https:\/\/denizcankizil.tr\/ru\/wp-json\/wp\/v2\/categories?post=14011"},{"taxonomy":"post_tag","embeddable":true,"href":"https:\/\/denizcankizil.tr\/ru\/wp-json\/wp\/v2\/tags?post=14011"}],"curies":[{"name":"wp","href":"https:\/\/api.w.org\/{rel}","templated":true}]}}