{"id":140036,"date":"2025-07-08T20:41:15","date_gmt":"2025-07-08T17:41:15","guid":{"rendered":"https:\/\/denizcankizil.tr\/uncategorized-tr\/tutuklanmalarin-ardi-arkasi-kesilmiyor-buyukcekmece-baskanvekili-ve-soforu-tutuklandi\/"},"modified":"2025-07-08T20:41:15","modified_gmt":"2025-07-08T17:41:15","slug":"tutuklanmalarin-ardi-arkasi-kesilmiyor-buyukcekmece-baskanvekili-ve-soforu-tutuklandi","status":"publish","type":"post","link":"https:\/\/denizcankizil.tr\/ru\/haberler\/gundem\/tutuklanmalarin-ardi-arkasi-kesilmiyor-buyukcekmece-baskanvekili-ve-soforu-tutuklandi\/","title":{"rendered":"Tutuklanmalar\u0131n ard\u0131 arkas\u0131 kesilmiyor! B\u00fcy\u00fck\u00e7ekmece Ba\u015fkanvekili ve \u015fof\u00f6r\u00fc tutukland\u0131!"},"content":{"rendered":"<p>\u0130stanbul Cumhuriyet Ba\u015fsavc\u0131l\u0131\u011f\u0131nca, \u0130stanbul B\u00fcy\u00fck\u015fehir Belediyesine (\u0130BB) y\u00f6nelik y\u00fcr\u00fct\u00fclen yolsuzluk soru\u015fturmas\u0131, Aziz \u0130hsan Akta\u015f&#8217;\u0131n eleba\u015f\u0131 oldu\u011fu \u00f6ne s\u00fcr\u00fclen su\u00e7 \u00f6rg\u00fct\u00fc soru\u015fturmas\u0131 ve B\u00fcy\u00fck\u00e7ekmece Belediyesi ile ilgili ba\u015flat\u0131lan soru\u015fturma s\u00fcr\u00fcyor. Bu kapsamda emniyetteki i\u015flemlerinin ard\u0131ndan \u0130stanbul Adliyesi&#8217;ne g\u00f6t\u00fcr\u00fclen 3 \u015f\u00fcphelinin daha savc\u0131l\u0131k i\u015flemleri tamamland\u0131.<\/p>\n<p>2 K\u0130\u015e\u0130 DAHA TUTUKLANDI<\/p>\n<p>Savc\u0131l\u0131k, B\u00fcy\u00fck\u00e7ekmece Belediye Ba\u015fkan Vekili Ahmet \u015eahin&#8217;i, &#8220;su\u00e7 i\u015flemek amac\u0131yla kurulan \u00f6rg\u00fcte \u00fcye olmak&#8221; ve &#8220;r\u00fc\u015fvet almak&#8221; su\u00e7lar\u0131ndan, \u015fof\u00f6r\u00fc Sonkan Turan&#8217;\u0131 ise &#8220;r\u00fc\u015fvet almak&#8221; su\u00e7undan tutuklanmalar\u0131 talebiyle sulh ceza hakimli\u011fine sevk etti. Avukat Onur B\u00fcy\u00fckhatipo\u011flu hakk\u0131nda ise savc\u0131l\u0131k, adli kontrol tedbiri uygulanmas\u0131n\u0131 istedi. \u015eahin ve Turan \u00e7\u0131kar\u0131ld\u0131klar\u0131 mahkemece tutukland\u0131.<\/p>\n<p>AHMET \u015eAH\u0130N NEDEN TUTUKLANDI?<\/p>\n<p>B\u00fcy\u00fck\u00e7ekmece Belediye Ba\u015fkan Vekili Ahmet \u015eahin&#8217;in sevk yaz\u0131s\u0131 ortaya \u00e7\u0131kt\u0131. \u0130stanbul N\u00f6bet\u00e7i Sulh Ceza Hakimli\u011fi&#8217;ne g\u00f6nderilmek \u00fczere haz\u0131rlanan sevk yaz\u0131s\u0131nda \u015f\u00fcpheli Ahmet \u015eahin&#8217;in Ekrem \u0130mamo\u011flu&#8217;nun kurmu\u015f oldu\u011fu \u00e7\u0131kar ama\u00e7l\u0131 su\u00e7 \u00f6rg\u00fct\u00fc kapsam\u0131nda y\u00f6netici pozisyonda bulunan Fatih Kele\u015f&#8217;e ba\u011fl\u0131 hareket etti\u011fi belirtildi .Etkin pi\u015fmanl\u0131k kapsam\u0131nda ifadesi al\u0131nan \u015f\u00fcpheli Ali Nuho\u011flu&#8217;nun Fatih Kele\u015f&#8217;in bask\u0131 ve zorlamas\u0131yla farkl\u0131 zamanlarda y\u00f6nlendirdi\u011fi Ahmet \u015eahin&#8217;e \u00e7al\u0131\u015fan\u0131 O\u011fuz Kaan Demircio\u011flu arac\u0131l\u0131\u011f\u0131yla para vermek zorunda kald\u0131\u011f\u0131n\u0131 beyan etti\u011fine sevk yaz\u0131s\u0131nda yer verildi. Ahmet \u015eahin&#8217;in O\u011fuz Kaan Demircio\u011flu&#8217;nu tan\u0131mad\u0131\u011f\u0131n\u0131 beyan etti\u011fi ancak HTS analizinde Demircio\u011flu ile ortak bazlar\u0131n\u0131n bulundu\u011fu sevk yaz\u0131s\u0131nda aktar\u0131ld\u0131. \u015eahin&#8217;in Ekrem \u0130mamo\u011flu su\u00e7 \u00f6rg\u00fct\u00fc ad\u0131na i\u015f adamlar\u0131ndan r\u00fc\u015fvet ald\u0131\u011f\u0131n\u0131n anla\u015f\u0131ld\u0131\u011f\u0131 sevk yaz\u0131s\u0131nda ifade edildi. Sonkan Turan&#8217;\u0131n ise Ahmet \u015eahin&#8217;in \u015fof\u00f6r\u00fc oldu\u011fu belirtilen sevk yaz\u0131s\u0131nda, Turan&#8217;\u0131n \u015f\u00fcpheli Ahmet \u015eahin ile beraber \u015f\u00fcpheli O\u011fuz Kaan Demircio\u011flu&#8217;nun yan\u0131nda bulundu\u011funun sabit oldu\u011fu a\u00e7\u0131kland\u0131.<\/p>\n<p>\u200bTutuklanan \u0130stanbul B\u00fcy\u00fck\u00e7ekmece Belediye Ba\u015fkan Hasan Akg\u00fcn\u2019\u00fcn yerine vekil olarak se\u00e7ilen Ahmet \u015eahin ve \u015fof\u00f6r\u00fc Sonkan Turan tutukland\u0131.\u00a0<\/p>\n<p>\u200bHaberin Al\u0131nt\u0131land\u0131\u011f\u0131 Kaynak: www.antalyakorfez.com<\/p>","protected":false},"excerpt":{"rendered":"<p>\u0130stanbul Cumhuriyet Ba\u015fsavc\u0131l\u0131\u011f\u0131nca, \u0130stanbul B\u00fcy\u00fck\u015fehir Belediyesine (\u0130BB) y\u00f6nelik y\u00fcr\u00fct\u00fclen yolsuzluk soru\u015fturmas\u0131, Aziz \u0130hsan Akta\u015f&#8217;\u0131n eleba\u015f\u0131 oldu\u011fu \u00f6ne s\u00fcr\u00fclen su\u00e7 \u00f6rg\u00fct\u00fc soru\u015fturmas\u0131 ve B\u00fcy\u00fck\u00e7ekmece Belediyesi ile ilgili ba\u015flat\u0131lan soru\u015fturma s\u00fcr\u00fcyor. Bu kapsamda emniyetteki i\u015flemlerinin ard\u0131ndan \u0130stanbul Adliyesi&#8217;ne g\u00f6t\u00fcr\u00fclen 3 \u015f\u00fcphelinin daha savc\u0131l\u0131k i\u015flemleri tamamland\u0131. 2 K\u0130\u015e\u0130 DAHA TUTUKLANDI Savc\u0131l\u0131k, B\u00fcy\u00fck\u00e7ekmece Belediye Ba\u015fkan Vekili Ahmet \u015eahin&#8217;i, &#8220;su\u00e7 i\u015flemek amac\u0131yla kurulan \u00f6rg\u00fcte \u00fcye olmak&#8221; ve &#8220;r\u00fc\u015fvet almak&#8221; su\u00e7lar\u0131ndan, \u015fof\u00f6r\u00fc Sonkan Turan&#8217;\u0131 ise &#8220;r\u00fc\u015fvet almak&#8221; su\u00e7undan tutuklanmalar\u0131 talebiyle sulh ceza hakimli\u011fine sevk etti. Avukat Onur B\u00fcy\u00fckhatipo\u011flu hakk\u0131nda ise savc\u0131l\u0131k, adli kontrol tedbiri uygulanmas\u0131n\u0131 istedi. \u015eahin ve Turan \u00e7\u0131kar\u0131ld\u0131klar\u0131 mahkemece tutukland\u0131. AHMET \u015eAH\u0130N NEDEN TUTUKLANDI? B\u00fcy\u00fck\u00e7ekmece Belediye Ba\u015fkan Vekili Ahmet \u015eahin&#8217;in sevk yaz\u0131s\u0131 ortaya \u00e7\u0131kt\u0131. \u0130stanbul N\u00f6bet\u00e7i Sulh Ceza Hakimli\u011fi&#8217;ne g\u00f6nderilmek \u00fczere haz\u0131rlanan sevk yaz\u0131s\u0131nda \u015f\u00fcpheli Ahmet \u015eahin&#8217;in Ekrem \u0130mamo\u011flu&#8217;nun kurmu\u015f oldu\u011fu \u00e7\u0131kar ama\u00e7l\u0131 su\u00e7 \u00f6rg\u00fct\u00fc kapsam\u0131nda y\u00f6netici pozisyonda bulunan Fatih Kele\u015f&#8217;e ba\u011fl\u0131 hareket etti\u011fi belirtildi .Etkin pi\u015fmanl\u0131k kapsam\u0131nda ifadesi al\u0131nan \u015f\u00fcpheli Ali Nuho\u011flu&#8217;nun Fatih Kele\u015f&#8217;in bask\u0131 ve zorlamas\u0131yla farkl\u0131 zamanlarda y\u00f6nlendirdi\u011fi Ahmet \u015eahin&#8217;e \u00e7al\u0131\u015fan\u0131 O\u011fuz Kaan Demircio\u011flu arac\u0131l\u0131\u011f\u0131yla para vermek zorunda kald\u0131\u011f\u0131n\u0131 beyan etti\u011fine sevk yaz\u0131s\u0131nda yer verildi. Ahmet \u015eahin&#8217;in O\u011fuz Kaan Demircio\u011flu&#8217;nu tan\u0131mad\u0131\u011f\u0131n\u0131 beyan etti\u011fi ancak HTS analizinde Demircio\u011flu ile ortak bazlar\u0131n\u0131n bulundu\u011fu sevk yaz\u0131s\u0131nda aktar\u0131ld\u0131. \u015eahin&#8217;in Ekrem \u0130mamo\u011flu su\u00e7 \u00f6rg\u00fct\u00fc ad\u0131na i\u015f &hellip;<\/p>","protected":false},"author":5,"featured_media":0,"comment_status":"","ping_status":"open","sticky":false,"template":"","format":"standard","meta":{"_acf_changed":false,"footnotes":""},"categories":[24],"tags":[],"class_list":["post-140036","post","type-post","status-publish","format-standard","has-post-thumbnail","hentry","category-gundem"],"acf":[],"yoast_head":"<!-- This site is optimized with the Yoast SEO Premium plugin v26.6 (Yoast SEO v27.1.1) - https:\/\/yoast.com\/product\/yoast-seo-premium-wordpress\/ -->\n<title>Tutuklanmalar\u0131n ard\u0131 arkas\u0131 kesilmiyor! B\u00fcy\u00fck\u00e7ekmece Ba\u015fkanvekili ve \u015fof\u00f6r\u00fc tutukland\u0131! - Av. Deniz Can K\u0131z\u0131l<\/title>\n<meta name=\"robots\" content=\"index, follow, max-snippet:-1, max-image-preview:large, max-video-preview:-1\" \/>\n<link rel=\"canonical\" href=\"https:\/\/denizcankizil.tr\/ru\/haberler\/gundem\/tutuklanmalarin-ardi-arkasi-kesilmiyor-buyukcekmece-baskanvekili-ve-soforu-tutuklandi\/\" \/>\n<meta property=\"og:locale\" content=\"ru_RU\" \/>\n<meta property=\"og:type\" content=\"article\" \/>\n<meta property=\"og:title\" content=\"Tutuklanmalar\u0131n ard\u0131 arkas\u0131 kesilmiyor! B\u00fcy\u00fck\u00e7ekmece Ba\u015fkanvekili ve \u015fof\u00f6r\u00fc tutukland\u0131!\" \/>\n<meta property=\"og:description\" content=\"\u0130stanbul Cumhuriyet Ba\u015fsavc\u0131l\u0131\u011f\u0131nca, \u0130stanbul B\u00fcy\u00fck\u015fehir Belediyesine (\u0130BB) y\u00f6nelik y\u00fcr\u00fct\u00fclen yolsuzluk soru\u015fturmas\u0131, Aziz \u0130hsan Akta\u015f&#8217;\u0131n eleba\u015f\u0131 oldu\u011fu \u00f6ne s\u00fcr\u00fclen su\u00e7 \u00f6rg\u00fct\u00fc soru\u015fturmas\u0131 ve B\u00fcy\u00fck\u00e7ekmece Belediyesi ile ilgili ba\u015flat\u0131lan soru\u015fturma s\u00fcr\u00fcyor. Bu kapsamda emniyetteki i\u015flemlerinin ard\u0131ndan \u0130stanbul Adliyesi&#8217;ne g\u00f6t\u00fcr\u00fclen 3 \u015f\u00fcphelinin daha savc\u0131l\u0131k i\u015flemleri tamamland\u0131. 2 K\u0130\u015e\u0130 DAHA TUTUKLANDI Savc\u0131l\u0131k, B\u00fcy\u00fck\u00e7ekmece Belediye Ba\u015fkan Vekili Ahmet \u015eahin&#8217;i, &#8220;su\u00e7 i\u015flemek amac\u0131yla kurulan \u00f6rg\u00fcte \u00fcye olmak&#8221; ve &#8220;r\u00fc\u015fvet almak&#8221; su\u00e7lar\u0131ndan, \u015fof\u00f6r\u00fc Sonkan Turan&#8217;\u0131 ise &#8220;r\u00fc\u015fvet almak&#8221; su\u00e7undan tutuklanmalar\u0131 talebiyle sulh ceza hakimli\u011fine sevk etti. Avukat Onur B\u00fcy\u00fckhatipo\u011flu hakk\u0131nda ise savc\u0131l\u0131k, adli kontrol tedbiri uygulanmas\u0131n\u0131 istedi. \u015eahin ve Turan \u00e7\u0131kar\u0131ld\u0131klar\u0131 mahkemece tutukland\u0131. AHMET \u015eAH\u0130N NEDEN TUTUKLANDI? B\u00fcy\u00fck\u00e7ekmece Belediye Ba\u015fkan Vekili Ahmet \u015eahin&#8217;in sevk yaz\u0131s\u0131 ortaya \u00e7\u0131kt\u0131. \u0130stanbul N\u00f6bet\u00e7i Sulh Ceza Hakimli\u011fi&#8217;ne g\u00f6nderilmek \u00fczere haz\u0131rlanan sevk yaz\u0131s\u0131nda \u015f\u00fcpheli Ahmet \u015eahin&#8217;in Ekrem \u0130mamo\u011flu&#8217;nun kurmu\u015f oldu\u011fu \u00e7\u0131kar ama\u00e7l\u0131 su\u00e7 \u00f6rg\u00fct\u00fc kapsam\u0131nda y\u00f6netici pozisyonda bulunan Fatih Kele\u015f&#8217;e ba\u011fl\u0131 hareket etti\u011fi belirtildi .Etkin pi\u015fmanl\u0131k kapsam\u0131nda ifadesi al\u0131nan \u015f\u00fcpheli Ali Nuho\u011flu&#8217;nun Fatih Kele\u015f&#8217;in bask\u0131 ve zorlamas\u0131yla farkl\u0131 zamanlarda y\u00f6nlendirdi\u011fi Ahmet \u015eahin&#8217;e \u00e7al\u0131\u015fan\u0131 O\u011fuz Kaan Demircio\u011flu arac\u0131l\u0131\u011f\u0131yla para vermek zorunda kald\u0131\u011f\u0131n\u0131 beyan etti\u011fine sevk yaz\u0131s\u0131nda yer verildi. Ahmet \u015eahin&#8217;in O\u011fuz Kaan Demircio\u011flu&#8217;nu tan\u0131mad\u0131\u011f\u0131n\u0131 beyan etti\u011fi ancak HTS analizinde Demircio\u011flu ile ortak bazlar\u0131n\u0131n bulundu\u011fu sevk yaz\u0131s\u0131nda aktar\u0131ld\u0131. \u015eahin&#8217;in Ekrem \u0130mamo\u011flu su\u00e7 \u00f6rg\u00fct\u00fc ad\u0131na i\u015f &hellip;\" \/>\n<meta property=\"og:url\" content=\"https:\/\/denizcankizil.tr\/ru\/haberler\/gundem\/tutuklanmalarin-ardi-arkasi-kesilmiyor-buyukcekmece-baskanvekili-ve-soforu-tutuklandi\/\" \/>\n<meta property=\"og:site_name\" content=\"Av. Deniz Can K\u0131z\u0131l\" \/>\n<meta property=\"article:published_time\" content=\"2025-07-08T17:41:15+00:00\" \/>\n<meta name=\"author\" content=\"Antalya K\u00f6rfez\" \/>\n<meta name=\"twitter:card\" content=\"summary_large_image\" \/>\n<meta name=\"twitter:label1\" content=\"\u041d\u0430\u043f\u0438\u0441\u0430\u043d\u043e \u0430\u0432\u0442\u043e\u0440\u043e\u043c\" \/>\n\t<meta name=\"twitter:data1\" content=\"Antalya K\u00f6rfez\" \/>\n\t<meta name=\"twitter:label2\" content=\"\u041f\u0440\u0438\u043c\u0435\u0440\u043d\u043e\u0435 \u0432\u0440\u0435\u043c\u044f \u0434\u043b\u044f \u0447\u0442\u0435\u043d\u0438\u044f\" \/>\n\t<meta name=\"twitter:data2\" content=\"2 \u043c\u0438\u043d\u0443\u0442\u044b\" \/>\n<script type=\"application\/ld+json\" class=\"yoast-schema-graph\">{\"@context\":\"https:\/\/schema.org\",\"@graph\":[{\"@type\":\"Article\",\"@id\":\"https:\/\/denizcankizil.tr\/ru\/haberler\/gundem\/tutuklanmalarin-ardi-arkasi-kesilmiyor-buyukcekmece-baskanvekili-ve-soforu-tutuklandi\/#article\",\"isPartOf\":{\"@id\":\"https:\/\/denizcankizil.tr\/ru\/haberler\/gundem\/tutuklanmalarin-ardi-arkasi-kesilmiyor-buyukcekmece-baskanvekili-ve-soforu-tutuklandi\/\"},\"author\":{\"name\":\"Antalya K\u00f6rfez\",\"@id\":\"https:\/\/denizcankizil.tr\/#\/schema\/person\/e1eb71bb4dd684d46563f0af307e1234\"},\"headline\":\"Tutuklanmalar\u0131n ard\u0131 arkas\u0131 kesilmiyor! B\u00fcy\u00fck\u00e7ekmece Ba\u015fkanvekili ve \u015fof\u00f6r\u00fc tutukland\u0131!\",\"datePublished\":\"2025-07-08T17:41:15+00:00\",\"mainEntityOfPage\":{\"@id\":\"https:\/\/denizcankizil.tr\/ru\/haberler\/gundem\/tutuklanmalarin-ardi-arkasi-kesilmiyor-buyukcekmece-baskanvekili-ve-soforu-tutuklandi\/\"},\"wordCount\":425,\"publisher\":{\"@id\":\"https:\/\/denizcankizil.tr\/#organization\"},\"articleSection\":[\"G\u00fcndem\"],\"inLanguage\":\"ru-RU\"},{\"@type\":\"WebPage\",\"@id\":\"https:\/\/denizcankizil.tr\/ru\/haberler\/gundem\/tutuklanmalarin-ardi-arkasi-kesilmiyor-buyukcekmece-baskanvekili-ve-soforu-tutuklandi\/\",\"url\":\"https:\/\/denizcankizil.tr\/ru\/haberler\/gundem\/tutuklanmalarin-ardi-arkasi-kesilmiyor-buyukcekmece-baskanvekili-ve-soforu-tutuklandi\/\",\"name\":\"Tutuklanmalar\u0131n ard\u0131 arkas\u0131 kesilmiyor! B\u00fcy\u00fck\u00e7ekmece Ba\u015fkanvekili ve \u015fof\u00f6r\u00fc tutukland\u0131! - Av. Deniz Can K\u0131z\u0131l\",\"isPartOf\":{\"@id\":\"https:\/\/denizcankizil.tr\/#website\"},\"datePublished\":\"2025-07-08T17:41:15+00:00\",\"breadcrumb\":{\"@id\":\"https:\/\/denizcankizil.tr\/ru\/haberler\/gundem\/tutuklanmalarin-ardi-arkasi-kesilmiyor-buyukcekmece-baskanvekili-ve-soforu-tutuklandi\/#breadcrumb\"},\"inLanguage\":\"ru-RU\",\"potentialAction\":[{\"@type\":\"ReadAction\",\"target\":[\"https:\/\/denizcankizil.tr\/ru\/haberler\/gundem\/tutuklanmalarin-ardi-arkasi-kesilmiyor-buyukcekmece-baskanvekili-ve-soforu-tutuklandi\/\"]}]},{\"@type\":\"BreadcrumbList\",\"@id\":\"https:\/\/denizcankizil.tr\/ru\/haberler\/gundem\/tutuklanmalarin-ardi-arkasi-kesilmiyor-buyukcekmece-baskanvekili-ve-soforu-tutuklandi\/#breadcrumb\",\"itemListElement\":[{\"@type\":\"ListItem\",\"position\":1,\"name\":\"Home\",\"item\":\"https:\/\/denizcankizil.tr\/de\/\"},{\"@type\":\"ListItem\",\"position\":2,\"name\":\"Tutuklanmalar\u0131n ard\u0131 arkas\u0131 kesilmiyor! B\u00fcy\u00fck\u00e7ekmece Ba\u015fkanvekili ve \u015fof\u00f6r\u00fc tutukland\u0131!\"}]},{\"@type\":\"WebSite\",\"@id\":\"https:\/\/denizcankizil.tr\/#website\",\"url\":\"https:\/\/denizcankizil.tr\/\",\"name\":\"Av. Deniz Can K\u0131z\u0131l\",\"description\":\"Avukat Deniz Can K\u0131z\u0131l Antalya Barosu\",\"publisher\":{\"@id\":\"https:\/\/denizcankizil.tr\/#organization\"},\"potentialAction\":[{\"@type\":\"SearchAction\",\"target\":{\"@type\":\"EntryPoint\",\"urlTemplate\":\"https:\/\/denizcankizil.tr\/?s={search_term_string}\"},\"query-input\":{\"@type\":\"PropertyValueSpecification\",\"valueRequired\":true,\"valueName\":\"search_term_string\"}}],\"inLanguage\":\"ru-RU\"},{\"@type\":\"Organization\",\"@id\":\"https:\/\/denizcankizil.tr\/#organization\",\"name\":\"Av. Deniz Can K\u0131z\u0131l\",\"url\":\"https:\/\/denizcankizil.tr\/\",\"logo\":{\"@type\":\"ImageObject\",\"inLanguage\":\"ru-RU\",\"@id\":\"https:\/\/denizcankizil.tr\/#\/schema\/logo\/image\/\",\"url\":\"https:\/\/denizcankizil.tr\/wp-content\/uploads\/2024\/10\/siyah-logo-svg.svg\",\"contentUrl\":\"https:\/\/denizcankizil.tr\/wp-content\/uploads\/2024\/10\/siyah-logo-svg.svg\",\"width\":1080,\"height\":1080,\"caption\":\"Av. Deniz Can K\u0131z\u0131l\"},\"image\":{\"@id\":\"https:\/\/denizcankizil.tr\/#\/schema\/logo\/image\/\"}},{\"@type\":\"Person\",\"@id\":\"https:\/\/denizcankizil.tr\/#\/schema\/person\/e1eb71bb4dd684d46563f0af307e1234\",\"name\":\"Antalya K\u00f6rfez\",\"image\":{\"@type\":\"ImageObject\",\"inLanguage\":\"ru-RU\",\"@id\":\"https:\/\/denizcankizil.tr\/#\/schema\/person\/image\/\",\"url\":\"https:\/\/secure.gravatar.com\/avatar\/42b01982558a48a0b501fdcab6a408d3717ea5919095ee2e67b0e521799c5905?s=96&d=mm&r=g\",\"contentUrl\":\"https:\/\/secure.gravatar.com\/avatar\/42b01982558a48a0b501fdcab6a408d3717ea5919095ee2e67b0e521799c5905?s=96&d=mm&r=g\",\"caption\":\"Antalya K\u00f6rfez\"},\"sameAs\":[\"http:\/\/www.antalyakorfez.com\"],\"url\":\"https:\/\/www.antalyakorfez.com\/tutuklanmalarin-ardi-arkasi-kesilmiyor-buyukcekmece-baskanvekili-ve-soforu-tutuklandi\"}]}<\/script>\n<!-- \/ Yoast SEO Premium plugin. -->","yoast_head_json":{"title":"Tutuklanmalar\u0131n ard\u0131 arkas\u0131 kesilmiyor! B\u00fcy\u00fck\u00e7ekmece Ba\u015fkanvekili ve \u015fof\u00f6r\u00fc tutukland\u0131! - Av. Deniz Can K\u0131z\u0131l","robots":{"index":"index","follow":"follow","max-snippet":"max-snippet:-1","max-image-preview":"max-image-preview:large","max-video-preview":"max-video-preview:-1"},"canonical":"https:\/\/denizcankizil.tr\/ru\/haberler\/gundem\/tutuklanmalarin-ardi-arkasi-kesilmiyor-buyukcekmece-baskanvekili-ve-soforu-tutuklandi\/","og_locale":"ru_RU","og_type":"article","og_title":"Tutuklanmalar\u0131n ard\u0131 arkas\u0131 kesilmiyor! B\u00fcy\u00fck\u00e7ekmece Ba\u015fkanvekili ve \u015fof\u00f6r\u00fc tutukland\u0131!","og_description":"\u0130stanbul Cumhuriyet Ba\u015fsavc\u0131l\u0131\u011f\u0131nca, \u0130stanbul B\u00fcy\u00fck\u015fehir Belediyesine (\u0130BB) y\u00f6nelik y\u00fcr\u00fct\u00fclen yolsuzluk soru\u015fturmas\u0131, Aziz \u0130hsan Akta\u015f&#8217;\u0131n eleba\u015f\u0131 oldu\u011fu \u00f6ne s\u00fcr\u00fclen su\u00e7 \u00f6rg\u00fct\u00fc soru\u015fturmas\u0131 ve B\u00fcy\u00fck\u00e7ekmece Belediyesi ile ilgili ba\u015flat\u0131lan soru\u015fturma s\u00fcr\u00fcyor. Bu kapsamda emniyetteki i\u015flemlerinin ard\u0131ndan \u0130stanbul Adliyesi&#8217;ne g\u00f6t\u00fcr\u00fclen 3 \u015f\u00fcphelinin daha savc\u0131l\u0131k i\u015flemleri tamamland\u0131. 2 K\u0130\u015e\u0130 DAHA TUTUKLANDI Savc\u0131l\u0131k, B\u00fcy\u00fck\u00e7ekmece Belediye Ba\u015fkan Vekili Ahmet \u015eahin&#8217;i, &#8220;su\u00e7 i\u015flemek amac\u0131yla kurulan \u00f6rg\u00fcte \u00fcye olmak&#8221; ve &#8220;r\u00fc\u015fvet almak&#8221; su\u00e7lar\u0131ndan, \u015fof\u00f6r\u00fc Sonkan Turan&#8217;\u0131 ise &#8220;r\u00fc\u015fvet almak&#8221; su\u00e7undan tutuklanmalar\u0131 talebiyle sulh ceza hakimli\u011fine sevk etti. Avukat Onur B\u00fcy\u00fckhatipo\u011flu hakk\u0131nda ise savc\u0131l\u0131k, adli kontrol tedbiri uygulanmas\u0131n\u0131 istedi. \u015eahin ve Turan \u00e7\u0131kar\u0131ld\u0131klar\u0131 mahkemece tutukland\u0131. AHMET \u015eAH\u0130N NEDEN TUTUKLANDI? B\u00fcy\u00fck\u00e7ekmece Belediye Ba\u015fkan Vekili Ahmet \u015eahin&#8217;in sevk yaz\u0131s\u0131 ortaya \u00e7\u0131kt\u0131. \u0130stanbul N\u00f6bet\u00e7i Sulh Ceza Hakimli\u011fi&#8217;ne g\u00f6nderilmek \u00fczere haz\u0131rlanan sevk yaz\u0131s\u0131nda \u015f\u00fcpheli Ahmet \u015eahin&#8217;in Ekrem \u0130mamo\u011flu&#8217;nun kurmu\u015f oldu\u011fu \u00e7\u0131kar ama\u00e7l\u0131 su\u00e7 \u00f6rg\u00fct\u00fc kapsam\u0131nda y\u00f6netici pozisyonda bulunan Fatih Kele\u015f&#8217;e ba\u011fl\u0131 hareket etti\u011fi belirtildi .Etkin pi\u015fmanl\u0131k kapsam\u0131nda ifadesi al\u0131nan \u015f\u00fcpheli Ali Nuho\u011flu&#8217;nun Fatih Kele\u015f&#8217;in bask\u0131 ve zorlamas\u0131yla farkl\u0131 zamanlarda y\u00f6nlendirdi\u011fi Ahmet \u015eahin&#8217;e \u00e7al\u0131\u015fan\u0131 O\u011fuz Kaan Demircio\u011flu arac\u0131l\u0131\u011f\u0131yla para vermek zorunda kald\u0131\u011f\u0131n\u0131 beyan etti\u011fine sevk yaz\u0131s\u0131nda yer verildi. Ahmet \u015eahin&#8217;in O\u011fuz Kaan Demircio\u011flu&#8217;nu tan\u0131mad\u0131\u011f\u0131n\u0131 beyan etti\u011fi ancak HTS analizinde Demircio\u011flu ile ortak bazlar\u0131n\u0131n bulundu\u011fu sevk yaz\u0131s\u0131nda aktar\u0131ld\u0131. \u015eahin&#8217;in Ekrem \u0130mamo\u011flu su\u00e7 \u00f6rg\u00fct\u00fc ad\u0131na i\u015f &hellip;","og_url":"https:\/\/denizcankizil.tr\/ru\/haberler\/gundem\/tutuklanmalarin-ardi-arkasi-kesilmiyor-buyukcekmece-baskanvekili-ve-soforu-tutuklandi\/","og_site_name":"Av. Deniz Can K\u0131z\u0131l","article_published_time":"2025-07-08T17:41:15+00:00","author":"Antalya K\u00f6rfez","twitter_card":"summary_large_image","twitter_misc":{"\u041d\u0430\u043f\u0438\u0441\u0430\u043d\u043e \u0430\u0432\u0442\u043e\u0440\u043e\u043c":"Antalya K\u00f6rfez","\u041f\u0440\u0438\u043c\u0435\u0440\u043d\u043e\u0435 \u0432\u0440\u0435\u043c\u044f \u0434\u043b\u044f \u0447\u0442\u0435\u043d\u0438\u044f":"2 \u043c\u0438\u043d\u0443\u0442\u044b"},"schema":{"@context":"https:\/\/schema.org","@graph":[{"@type":"Article","@id":"https:\/\/denizcankizil.tr\/ru\/haberler\/gundem\/tutuklanmalarin-ardi-arkasi-kesilmiyor-buyukcekmece-baskanvekili-ve-soforu-tutuklandi\/#article","isPartOf":{"@id":"https:\/\/denizcankizil.tr\/ru\/haberler\/gundem\/tutuklanmalarin-ardi-arkasi-kesilmiyor-buyukcekmece-baskanvekili-ve-soforu-tutuklandi\/"},"author":{"name":"Antalya K\u00f6rfez","@id":"https:\/\/denizcankizil.tr\/#\/schema\/person\/e1eb71bb4dd684d46563f0af307e1234"},"headline":"Tutuklanmalar\u0131n ard\u0131 arkas\u0131 kesilmiyor! B\u00fcy\u00fck\u00e7ekmece Ba\u015fkanvekili ve \u015fof\u00f6r\u00fc tutukland\u0131!","datePublished":"2025-07-08T17:41:15+00:00","mainEntityOfPage":{"@id":"https:\/\/denizcankizil.tr\/ru\/haberler\/gundem\/tutuklanmalarin-ardi-arkasi-kesilmiyor-buyukcekmece-baskanvekili-ve-soforu-tutuklandi\/"},"wordCount":425,"publisher":{"@id":"https:\/\/denizcankizil.tr\/#organization"},"articleSection":["G\u00fcndem"],"inLanguage":"ru-RU"},{"@type":"WebPage","@id":"https:\/\/denizcankizil.tr\/ru\/haberler\/gundem\/tutuklanmalarin-ardi-arkasi-kesilmiyor-buyukcekmece-baskanvekili-ve-soforu-tutuklandi\/","url":"https:\/\/denizcankizil.tr\/ru\/haberler\/gundem\/tutuklanmalarin-ardi-arkasi-kesilmiyor-buyukcekmece-baskanvekili-ve-soforu-tutuklandi\/","name":"Tutuklanmalar\u0131n ard\u0131 arkas\u0131 kesilmiyor! B\u00fcy\u00fck\u00e7ekmece Ba\u015fkanvekili ve \u015fof\u00f6r\u00fc tutukland\u0131! - Av. Deniz Can K\u0131z\u0131l","isPartOf":{"@id":"https:\/\/denizcankizil.tr\/#website"},"datePublished":"2025-07-08T17:41:15+00:00","breadcrumb":{"@id":"https:\/\/denizcankizil.tr\/ru\/haberler\/gundem\/tutuklanmalarin-ardi-arkasi-kesilmiyor-buyukcekmece-baskanvekili-ve-soforu-tutuklandi\/#breadcrumb"},"inLanguage":"ru-RU","potentialAction":[{"@type":"ReadAction","target":["https:\/\/denizcankizil.tr\/ru\/haberler\/gundem\/tutuklanmalarin-ardi-arkasi-kesilmiyor-buyukcekmece-baskanvekili-ve-soforu-tutuklandi\/"]}]},{"@type":"BreadcrumbList","@id":"https:\/\/denizcankizil.tr\/ru\/haberler\/gundem\/tutuklanmalarin-ardi-arkasi-kesilmiyor-buyukcekmece-baskanvekili-ve-soforu-tutuklandi\/#breadcrumb","itemListElement":[{"@type":"ListItem","position":1,"name":"Home","item":"https:\/\/denizcankizil.tr\/de\/"},{"@type":"ListItem","position":2,"name":"Tutuklanmalar\u0131n ard\u0131 arkas\u0131 kesilmiyor! B\u00fcy\u00fck\u00e7ekmece Ba\u015fkanvekili ve \u015fof\u00f6r\u00fc tutukland\u0131!"}]},{"@type":"WebSite","@id":"https:\/\/denizcankizil.tr\/#website","url":"https:\/\/denizcankizil.tr\/","name":"Av. Deniz Can K\u0131z\u0131l","description":"Avukat Deniz Can K\u0131z\u0131l Antalya Barosu","publisher":{"@id":"https:\/\/denizcankizil.tr\/#organization"},"potentialAction":[{"@type":"SearchAction","target":{"@type":"EntryPoint","urlTemplate":"https:\/\/denizcankizil.tr\/?s={search_term_string}"},"query-input":{"@type":"PropertyValueSpecification","valueRequired":true,"valueName":"search_term_string"}}],"inLanguage":"ru-RU"},{"@type":"Organization","@id":"https:\/\/denizcankizil.tr\/#organization","name":"Av. Deniz Can K\u0131z\u0131l","url":"https:\/\/denizcankizil.tr\/","logo":{"@type":"ImageObject","inLanguage":"ru-RU","@id":"https:\/\/denizcankizil.tr\/#\/schema\/logo\/image\/","url":"https:\/\/denizcankizil.tr\/wp-content\/uploads\/2024\/10\/siyah-logo-svg.svg","contentUrl":"https:\/\/denizcankizil.tr\/wp-content\/uploads\/2024\/10\/siyah-logo-svg.svg","width":1080,"height":1080,"caption":"Av. Deniz Can K\u0131z\u0131l"},"image":{"@id":"https:\/\/denizcankizil.tr\/#\/schema\/logo\/image\/"}},{"@type":"Person","@id":"https:\/\/denizcankizil.tr\/#\/schema\/person\/e1eb71bb4dd684d46563f0af307e1234","name":"Antalya K\u00f6rfez","image":{"@type":"ImageObject","inLanguage":"ru-RU","@id":"https:\/\/denizcankizil.tr\/#\/schema\/person\/image\/","url":"https:\/\/secure.gravatar.com\/avatar\/42b01982558a48a0b501fdcab6a408d3717ea5919095ee2e67b0e521799c5905?s=96&d=mm&r=g","contentUrl":"https:\/\/secure.gravatar.com\/avatar\/42b01982558a48a0b501fdcab6a408d3717ea5919095ee2e67b0e521799c5905?s=96&d=mm&r=g","caption":"Antalya K\u00f6rfez"},"sameAs":["http:\/\/www.antalyakorfez.com"],"url":"https:\/\/www.antalyakorfez.com\/tutuklanmalarin-ardi-arkasi-kesilmiyor-buyukcekmece-baskanvekili-ve-soforu-tutuklandi"}]}},"_links":{"self":[{"href":"https:\/\/denizcankizil.tr\/ru\/wp-json\/wp\/v2\/posts\/140036","targetHints":{"allow":["GET"]}}],"collection":[{"href":"https:\/\/denizcankizil.tr\/ru\/wp-json\/wp\/v2\/posts"}],"about":[{"href":"https:\/\/denizcankizil.tr\/ru\/wp-json\/wp\/v2\/types\/post"}],"author":[{"embeddable":true,"href":"https:\/\/denizcankizil.tr\/ru\/wp-json\/wp\/v2\/users\/5"}],"replies":[{"embeddable":true,"href":"https:\/\/denizcankizil.tr\/ru\/wp-json\/wp\/v2\/comments?post=140036"}],"version-history":[{"count":0,"href":"https:\/\/denizcankizil.tr\/ru\/wp-json\/wp\/v2\/posts\/140036\/revisions"}],"wp:attachment":[{"href":"https:\/\/denizcankizil.tr\/ru\/wp-json\/wp\/v2\/media?parent=140036"}],"wp:term":[{"taxonomy":"category","embeddable":true,"href":"https:\/\/denizcankizil.tr\/ru\/wp-json\/wp\/v2\/categories?post=140036"},{"taxonomy":"post_tag","embeddable":true,"href":"https:\/\/denizcankizil.tr\/ru\/wp-json\/wp\/v2\/tags?post=140036"}],"curies":[{"name":"wp","href":"https:\/\/api.w.org\/{rel}","templated":true}]}}