{"id":139930,"date":"2025-07-08T16:42:41","date_gmt":"2025-07-08T13:42:41","guid":{"rendered":"https:\/\/denizcankizil.tr\/uncategorized-tr\/tatil-hayal-oldu-emekliler-dertli-gencler-umutsuz\/"},"modified":"2025-07-08T16:42:41","modified_gmt":"2025-07-08T13:42:41","slug":"tatil-hayal-oldu-emekliler-dertli-gencler-umutsuz","status":"publish","type":"post","link":"https:\/\/denizcankizil.tr\/ru\/haberler\/gundem\/tatil-hayal-oldu-emekliler-dertli-gencler-umutsuz\/","title":{"rendered":"\u201cTatil Hayal Oldu, Emekliler Dertli, Gen\u00e7ler Umutsuz\u201d"},"content":{"rendered":"<p>\u0130skenderun.org ekibi sokaktaki vatanda\u015fa, yaz mevsiminde ya\u015fam yo\u011funlu\u011fundan kurtulma, stres atma, yeni yerleri g\u00f6rme merak\u0131n\u0131 gibi ihtiya\u00e7lar\u0131n\u0131 kar\u015f\u0131lamak \u00fczere \u2018tatil\u2019 planlar\u0131 yap\u0131p, yapamad\u0131\u011f\u0131n\u0131 sordu. \u00d6zellikle ekonomik sorunlar y\u00fcz\u00fcnden vatanda\u015flar\u0131n b\u00fcy\u00fck bir b\u00f6l\u00fcm\u00fcn\u00fcn \u2018tatil\u2019 planlamas\u0131 yapamad\u0131\u011f\u0131n\u0131 vurgulad\u0131.<\/p>\n<p>\u0130skenderun.org mikrofonlar\u0131na konu\u015fan bir emekli, 20 y\u0131l \u00f6nce Lara\u2019ya gittiklerini, o g\u00fcnden bu yana tatile \u00e7\u0131kamad\u0131\u011f\u0131n\u0131 belirterek, \u201cVallahi tatil deyince planlama yapmam\u0131z m\u00fcmk\u00fcn de\u011fil, ben bir emekliyim. Emekliler art\u0131k tatile de\u011fil ama ancak mezarl\u0131\u011fa gider\u201d dedi.<\/p>\n<p>K\u00f6y\u00fcne dahi gidemedi\u011fini dile getiren bir vatanda\u015f da, \u201cEvim var ama gidemiyorum. Ne yapaca\u011f\u0131m? Hi\u00e7bir yere gidecek halim yok. Biz bittik art\u0131k,\u201d ifadeleriyle \u00e7aresizli\u011fini anlatt\u0131.<\/p>\n<p>Ba\u015fka bir emekli ise \u201cTatil hayal oldu. Dolmu\u015f paras\u0131 30 lira. Emekli maa\u015f\u0131yla nereye gidebilirsiniz ki? \u00c7ocuklar\u0131m Afyon\u2019da, 2,5 y\u0131ld\u0131r g\u00f6remiyorum. Ben burada yaln\u0131z kald\u0131m,\u201d diye konu\u015ftu.<\/p>\n<p>Y\u0131llar \u00f6nce deniz kenar\u0131nda tatil yapan ailelerin, art\u0131k en yak\u0131n beldeye bile gidemedi\u011fini vurgulayan ba\u015fka bir vatanda\u015f ise, \u201c2017&#8217;de gitmi\u015ftik, o zamandan beri tatil yok. Emekliyiz, 4.000 TL ile ge\u00e7inmeye \u00e7al\u0131\u015f\u0131yoruz,\u201d dedi.<\/p>\n<p>Tatilin art\u0131k sadece bir \u201cekonomik hesap\u201d haline geldi\u011fini anlatan bir kad\u0131n ise \u015funlar\u0131 s\u00f6yledi: \u201cTatile gitmek i\u00e7in her kuru\u015fu hesaplamak zorunday\u0131m. \u00c7ocukken ailecek giderdik, art\u0131k hayal oldu,\u201d<\/p>\n<p>Sa\u011fl\u0131k sorunlar\u0131 nedeniyle \u00e7al\u0131\u015famad\u0131\u011f\u0131n\u0131 belirten bir kad\u0131n vatanda\u015f da, \u201cKimseye muhta\u00e7 kalmak istemem ama g\u00fcc\u00fcm yok,\u201d diyerek g\u00f6zya\u015flar\u0131na h\u00e2kim olamad\u0131.<\/p>\n<p>Baz\u0131 vatanda\u015flar ise tatil denince h\u00e2l\u00e2 umutlar\u0131n\u0131 kaybetmemeye \u00e7al\u0131\u015f\u0131yor. 6 ay \u00f6nce akrabalar\u0131n\u0131 g\u00f6rmek i\u00e7in k\u0131sa bir yolculuk yapt\u0131\u011f\u0131n\u0131 anlatan bir ki\u015fi \u201cTatil demek stres atmak, aileyle vakit ge\u00e7irmek demek. Ama \u015fimdi ne yiyece\u011fimizi d\u00fc\u015f\u00fcn\u00fcyoruz\u201d dedi.<\/p>\n<p>Gen\u00e7ler ise tatilin kendileri i\u00e7in h\u00e2l\u00e2 ke\u015ffedilmemi\u015f bir deneyim oldu\u011funu s\u00f6yl\u00fcyor. Tatil yapmad\u0131\u011f\u0131n\u0131 s\u00f6yleyen bir gen\u00e7, \u201cGitmedim \u00e7\u00fcnk\u00fc sebep yoktu. Ama bir yer olursa ye\u015fillikler, do\u011fa isterim,\u201d dedi.<\/p>\n<p>Vatanda\u015flar, bu zor ekonomik ko\u015fullarda yetkililerden \u00e7\u00f6z\u00fcm bekliyor. \u201cTatil art\u0131k hayal de\u011fil, l\u00fcks oldu\u201d diyen emekliler, ya\u015fam standartlar\u0131n\u0131n iyile\u015ftirilmesini talep ediyor.<\/p>\n<p>\u200bT\u00fcrkiye\u2019de bir\u00e7ok vatanda\u015f i\u00e7in \u201ctatil\u201d art\u0131k sadece bir hayalden ibaret. \u00d6zellikle emekliler, maddi yetersizlikler nedeniyle b\u0131rak\u0131n tatil yapmay\u0131, k\u00f6ylerine dahi gidememekten yak\u0131n\u0131yor.\u00a0<\/p>\n<p>\u200bHaberin Al\u0131nt\u0131land\u0131\u011f\u0131 Kaynak: www.iskenderun.org<\/p>","protected":false},"excerpt":{"rendered":"<p>\u0130skenderun.org ekibi sokaktaki vatanda\u015fa, yaz mevsiminde ya\u015fam yo\u011funlu\u011fundan kurtulma, stres atma, yeni yerleri g\u00f6rme merak\u0131n\u0131 gibi ihtiya\u00e7lar\u0131n\u0131 kar\u015f\u0131lamak \u00fczere \u2018tatil\u2019 planlar\u0131 yap\u0131p, yapamad\u0131\u011f\u0131n\u0131 sordu. \u00d6zellikle ekonomik sorunlar y\u00fcz\u00fcnden vatanda\u015flar\u0131n b\u00fcy\u00fck bir b\u00f6l\u00fcm\u00fcn\u00fcn \u2018tatil\u2019 planlamas\u0131 yapamad\u0131\u011f\u0131n\u0131 vurgulad\u0131. \u0130skenderun.org mikrofonlar\u0131na konu\u015fan bir emekli, 20 y\u0131l \u00f6nce Lara\u2019ya gittiklerini, o g\u00fcnden bu yana tatile \u00e7\u0131kamad\u0131\u011f\u0131n\u0131 belirterek, \u201cVallahi tatil deyince planlama yapmam\u0131z m\u00fcmk\u00fcn de\u011fil, ben bir emekliyim. Emekliler art\u0131k tatile de\u011fil ama ancak mezarl\u0131\u011fa gider\u201d dedi. K\u00f6y\u00fcne dahi gidemedi\u011fini dile getiren bir vatanda\u015f da, \u201cEvim var ama gidemiyorum. Ne yapaca\u011f\u0131m? Hi\u00e7bir yere gidecek halim yok. Biz bittik art\u0131k,\u201d ifadeleriyle \u00e7aresizli\u011fini anlatt\u0131. Ba\u015fka bir emekli ise \u201cTatil hayal oldu. Dolmu\u015f paras\u0131 30 lira. Emekli maa\u015f\u0131yla nereye gidebilirsiniz ki? \u00c7ocuklar\u0131m Afyon\u2019da, 2,5 y\u0131ld\u0131r g\u00f6remiyorum. Ben burada yaln\u0131z kald\u0131m,\u201d diye konu\u015ftu. Y\u0131llar \u00f6nce deniz kenar\u0131nda tatil yapan ailelerin, art\u0131k en yak\u0131n beldeye bile gidemedi\u011fini vurgulayan ba\u015fka bir vatanda\u015f ise, \u201c2017&#8217;de gitmi\u015ftik, o zamandan beri tatil yok. Emekliyiz, 4.000 TL ile ge\u00e7inmeye \u00e7al\u0131\u015f\u0131yoruz,\u201d dedi. Tatilin art\u0131k sadece bir \u201cekonomik hesap\u201d haline geldi\u011fini anlatan bir kad\u0131n ise \u015funlar\u0131 s\u00f6yledi: \u201cTatile gitmek i\u00e7in her kuru\u015fu hesaplamak zorunday\u0131m. \u00c7ocukken ailecek giderdik, art\u0131k hayal oldu,\u201d Sa\u011fl\u0131k sorunlar\u0131 nedeniyle \u00e7al\u0131\u015famad\u0131\u011f\u0131n\u0131 belirten bir kad\u0131n vatanda\u015f da, \u201cKimseye muhta\u00e7 kalmak istemem ama g\u00fcc\u00fcm yok,\u201d diyerek &hellip;<\/p>","protected":false},"author":1,"featured_media":0,"comment_status":"","ping_status":"open","sticky":false,"template":"","format":"standard","meta":{"_acf_changed":false,"footnotes":""},"categories":[24],"tags":[],"class_list":["post-139930","post","type-post","status-publish","format-standard","has-post-thumbnail","hentry","category-gundem"],"acf":[],"yoast_head":"<!-- This site is optimized with the Yoast SEO Premium plugin v26.6 (Yoast SEO v27.1.1) - https:\/\/yoast.com\/product\/yoast-seo-premium-wordpress\/ -->\n<title>\u201cTatil Hayal Oldu, Emekliler Dertli, Gen\u00e7ler Umutsuz\u201d - Av. Deniz Can K\u0131z\u0131l<\/title>\n<meta name=\"robots\" content=\"index, follow, max-snippet:-1, max-image-preview:large, max-video-preview:-1\" \/>\n<link rel=\"canonical\" href=\"https:\/\/denizcankizil.tr\/ru\/haberler\/gundem\/tatil-hayal-oldu-emekliler-dertli-gencler-umutsuz\/\" \/>\n<meta property=\"og:locale\" content=\"ru_RU\" \/>\n<meta property=\"og:type\" content=\"article\" \/>\n<meta property=\"og:title\" content=\"\u201cTatil Hayal Oldu, Emekliler Dertli, Gen\u00e7ler Umutsuz\u201d\" \/>\n<meta property=\"og:description\" content=\"\u0130skenderun.org ekibi sokaktaki vatanda\u015fa, yaz mevsiminde ya\u015fam yo\u011funlu\u011fundan kurtulma, stres atma, yeni yerleri g\u00f6rme merak\u0131n\u0131 gibi ihtiya\u00e7lar\u0131n\u0131 kar\u015f\u0131lamak \u00fczere \u2018tatil\u2019 planlar\u0131 yap\u0131p, yapamad\u0131\u011f\u0131n\u0131 sordu. \u00d6zellikle ekonomik sorunlar y\u00fcz\u00fcnden vatanda\u015flar\u0131n b\u00fcy\u00fck bir b\u00f6l\u00fcm\u00fcn\u00fcn \u2018tatil\u2019 planlamas\u0131 yapamad\u0131\u011f\u0131n\u0131 vurgulad\u0131. \u0130skenderun.org mikrofonlar\u0131na konu\u015fan bir emekli, 20 y\u0131l \u00f6nce Lara\u2019ya gittiklerini, o g\u00fcnden bu yana tatile \u00e7\u0131kamad\u0131\u011f\u0131n\u0131 belirterek, \u201cVallahi tatil deyince planlama yapmam\u0131z m\u00fcmk\u00fcn de\u011fil, ben bir emekliyim. Emekliler art\u0131k tatile de\u011fil ama ancak mezarl\u0131\u011fa gider\u201d dedi. K\u00f6y\u00fcne dahi gidemedi\u011fini dile getiren bir vatanda\u015f da, \u201cEvim var ama gidemiyorum. Ne yapaca\u011f\u0131m? Hi\u00e7bir yere gidecek halim yok. Biz bittik art\u0131k,\u201d ifadeleriyle \u00e7aresizli\u011fini anlatt\u0131. Ba\u015fka bir emekli ise \u201cTatil hayal oldu. Dolmu\u015f paras\u0131 30 lira. Emekli maa\u015f\u0131yla nereye gidebilirsiniz ki? \u00c7ocuklar\u0131m Afyon\u2019da, 2,5 y\u0131ld\u0131r g\u00f6remiyorum. Ben burada yaln\u0131z kald\u0131m,\u201d diye konu\u015ftu. Y\u0131llar \u00f6nce deniz kenar\u0131nda tatil yapan ailelerin, art\u0131k en yak\u0131n beldeye bile gidemedi\u011fini vurgulayan ba\u015fka bir vatanda\u015f ise, \u201c2017&#8217;de gitmi\u015ftik, o zamandan beri tatil yok. Emekliyiz, 4.000 TL ile ge\u00e7inmeye \u00e7al\u0131\u015f\u0131yoruz,\u201d dedi. Tatilin art\u0131k sadece bir \u201cekonomik hesap\u201d haline geldi\u011fini anlatan bir kad\u0131n ise \u015funlar\u0131 s\u00f6yledi: \u201cTatile gitmek i\u00e7in her kuru\u015fu hesaplamak zorunday\u0131m. \u00c7ocukken ailecek giderdik, art\u0131k hayal oldu,\u201d Sa\u011fl\u0131k sorunlar\u0131 nedeniyle \u00e7al\u0131\u015famad\u0131\u011f\u0131n\u0131 belirten bir kad\u0131n vatanda\u015f da, \u201cKimseye muhta\u00e7 kalmak istemem ama g\u00fcc\u00fcm yok,\u201d diyerek &hellip;\" \/>\n<meta property=\"og:url\" content=\"https:\/\/denizcankizil.tr\/ru\/haberler\/gundem\/tatil-hayal-oldu-emekliler-dertli-gencler-umutsuz\/\" \/>\n<meta property=\"og:site_name\" content=\"Av. Deniz Can K\u0131z\u0131l\" \/>\n<meta property=\"article:published_time\" content=\"2025-07-08T13:42:41+00:00\" \/>\n<meta name=\"author\" content=\"admin\" \/>\n<meta name=\"twitter:card\" content=\"summary_large_image\" \/>\n<meta name=\"twitter:label1\" content=\"\u041d\u0430\u043f\u0438\u0441\u0430\u043d\u043e \u0430\u0432\u0442\u043e\u0440\u043e\u043c\" \/>\n\t<meta name=\"twitter:data1\" content=\"admin\" \/>\n\t<meta name=\"twitter:label2\" content=\"\u041f\u0440\u0438\u043c\u0435\u0440\u043d\u043e\u0435 \u0432\u0440\u0435\u043c\u044f \u0434\u043b\u044f \u0447\u0442\u0435\u043d\u0438\u044f\" \/>\n\t<meta name=\"twitter:data2\" content=\"2 \u043c\u0438\u043d\u0443\u0442\u044b\" \/>\n<script type=\"application\/ld+json\" class=\"yoast-schema-graph\">{\"@context\":\"https:\/\/schema.org\",\"@graph\":[{\"@type\":\"Article\",\"@id\":\"https:\/\/denizcankizil.tr\/ru\/haberler\/gundem\/tatil-hayal-oldu-emekliler-dertli-gencler-umutsuz\/#article\",\"isPartOf\":{\"@id\":\"https:\/\/denizcankizil.tr\/ru\/haberler\/gundem\/tatil-hayal-oldu-emekliler-dertli-gencler-umutsuz\/\"},\"author\":{\"name\":\"admin\",\"@id\":\"https:\/\/denizcankizil.tr\/de\/#\/schema\/person\/be3c05fe6a12686905512445d8185489\"},\"headline\":\"\u201cTatil Hayal Oldu, Emekliler Dertli, Gen\u00e7ler Umutsuz\u201d\",\"datePublished\":\"2025-07-08T13:42:41+00:00\",\"mainEntityOfPage\":{\"@id\":\"https:\/\/denizcankizil.tr\/ru\/haberler\/gundem\/tatil-hayal-oldu-emekliler-dertli-gencler-umutsuz\/\"},\"wordCount\":448,\"publisher\":{\"@id\":\"https:\/\/denizcankizil.tr\/de\/#organization\"},\"articleSection\":[\"G\u00fcndem\"],\"inLanguage\":\"ru-RU\"},{\"@type\":\"WebPage\",\"@id\":\"https:\/\/denizcankizil.tr\/ru\/haberler\/gundem\/tatil-hayal-oldu-emekliler-dertli-gencler-umutsuz\/\",\"url\":\"https:\/\/denizcankizil.tr\/ru\/haberler\/gundem\/tatil-hayal-oldu-emekliler-dertli-gencler-umutsuz\/\",\"name\":\"\u201cTatil Hayal Oldu, Emekliler Dertli, Gen\u00e7ler Umutsuz\u201d - Av. Deniz Can K\u0131z\u0131l\",\"isPartOf\":{\"@id\":\"https:\/\/denizcankizil.tr\/de\/#website\"},\"datePublished\":\"2025-07-08T13:42:41+00:00\",\"breadcrumb\":{\"@id\":\"https:\/\/denizcankizil.tr\/ru\/haberler\/gundem\/tatil-hayal-oldu-emekliler-dertli-gencler-umutsuz\/#breadcrumb\"},\"inLanguage\":\"ru-RU\",\"potentialAction\":[{\"@type\":\"ReadAction\",\"target\":[\"https:\/\/denizcankizil.tr\/ru\/haberler\/gundem\/tatil-hayal-oldu-emekliler-dertli-gencler-umutsuz\/\"]}]},{\"@type\":\"BreadcrumbList\",\"@id\":\"https:\/\/denizcankizil.tr\/ru\/haberler\/gundem\/tatil-hayal-oldu-emekliler-dertli-gencler-umutsuz\/#breadcrumb\",\"itemListElement\":[{\"@type\":\"ListItem\",\"position\":1,\"name\":\"Home\",\"item\":\"https:\/\/denizcankizil.tr\/de\/\"},{\"@type\":\"ListItem\",\"position\":2,\"name\":\"\u201cTatil Hayal Oldu, Emekliler Dertli, Gen\u00e7ler Umutsuz\u201d\"}]},{\"@type\":\"WebSite\",\"@id\":\"https:\/\/denizcankizil.tr\/de\/#website\",\"url\":\"https:\/\/denizcankizil.tr\/de\/\",\"name\":\"Av. Deniz Can K\u0131z\u0131l\",\"description\":\"Avukat Deniz Can K\u0131z\u0131l Antalya Barosu\",\"publisher\":{\"@id\":\"https:\/\/denizcankizil.tr\/de\/#organization\"},\"potentialAction\":[{\"@type\":\"SearchAction\",\"target\":{\"@type\":\"EntryPoint\",\"urlTemplate\":\"https:\/\/denizcankizil.tr\/de\/?s={search_term_string}\"},\"query-input\":{\"@type\":\"PropertyValueSpecification\",\"valueRequired\":true,\"valueName\":\"search_term_string\"}}],\"inLanguage\":\"ru-RU\"},{\"@type\":\"Organization\",\"@id\":\"https:\/\/denizcankizil.tr\/de\/#organization\",\"name\":\"Av. Deniz Can K\u0131z\u0131l\",\"url\":\"https:\/\/denizcankizil.tr\/de\/\",\"logo\":{\"@type\":\"ImageObject\",\"inLanguage\":\"ru-RU\",\"@id\":\"https:\/\/denizcankizil.tr\/de\/#\/schema\/logo\/image\/\",\"url\":\"https:\/\/denizcankizil.tr\/wp-content\/uploads\/2024\/10\/siyah-logo-svg.svg\",\"contentUrl\":\"https:\/\/denizcankizil.tr\/wp-content\/uploads\/2024\/10\/siyah-logo-svg.svg\",\"width\":1080,\"height\":1080,\"caption\":\"Av. Deniz Can K\u0131z\u0131l\"},\"image\":{\"@id\":\"https:\/\/denizcankizil.tr\/de\/#\/schema\/logo\/image\/\"}},{\"@type\":\"Person\",\"@id\":\"https:\/\/denizcankizil.tr\/de\/#\/schema\/person\/be3c05fe6a12686905512445d8185489\",\"name\":\"admin\",\"image\":{\"@type\":\"ImageObject\",\"inLanguage\":\"ru-RU\",\"@id\":\"https:\/\/denizcankizil.tr\/de\/#\/schema\/person\/image\/\",\"url\":\"https:\/\/secure.gravatar.com\/avatar\/c1fce94c830dc79107e174f890d7210541c4a63e8e5d816341794a2151c9d58c?s=96&d=mm&r=g\",\"contentUrl\":\"https:\/\/secure.gravatar.com\/avatar\/c1fce94c830dc79107e174f890d7210541c4a63e8e5d816341794a2151c9d58c?s=96&d=mm&r=g\",\"caption\":\"admin\"},\"sameAs\":[\"http:\/\/denizcankizil.tr\"],\"url\":\"https:\/\/www.iskenderun.org\/tatil-hayal-oldu-emekliler-dertli-gencler-umutsuz\"}]}<\/script>\n<!-- \/ Yoast SEO Premium plugin. -->","yoast_head_json":{"title":"\u201cTatil Hayal Oldu, Emekliler Dertli, Gen\u00e7ler Umutsuz\u201d - Av. Deniz Can K\u0131z\u0131l","robots":{"index":"index","follow":"follow","max-snippet":"max-snippet:-1","max-image-preview":"max-image-preview:large","max-video-preview":"max-video-preview:-1"},"canonical":"https:\/\/denizcankizil.tr\/ru\/haberler\/gundem\/tatil-hayal-oldu-emekliler-dertli-gencler-umutsuz\/","og_locale":"ru_RU","og_type":"article","og_title":"\u201cTatil Hayal Oldu, Emekliler Dertli, Gen\u00e7ler Umutsuz\u201d","og_description":"\u0130skenderun.org ekibi sokaktaki vatanda\u015fa, yaz mevsiminde ya\u015fam yo\u011funlu\u011fundan kurtulma, stres atma, yeni yerleri g\u00f6rme merak\u0131n\u0131 gibi ihtiya\u00e7lar\u0131n\u0131 kar\u015f\u0131lamak \u00fczere \u2018tatil\u2019 planlar\u0131 yap\u0131p, yapamad\u0131\u011f\u0131n\u0131 sordu. \u00d6zellikle ekonomik sorunlar y\u00fcz\u00fcnden vatanda\u015flar\u0131n b\u00fcy\u00fck bir b\u00f6l\u00fcm\u00fcn\u00fcn \u2018tatil\u2019 planlamas\u0131 yapamad\u0131\u011f\u0131n\u0131 vurgulad\u0131. \u0130skenderun.org mikrofonlar\u0131na konu\u015fan bir emekli, 20 y\u0131l \u00f6nce Lara\u2019ya gittiklerini, o g\u00fcnden bu yana tatile \u00e7\u0131kamad\u0131\u011f\u0131n\u0131 belirterek, \u201cVallahi tatil deyince planlama yapmam\u0131z m\u00fcmk\u00fcn de\u011fil, ben bir emekliyim. Emekliler art\u0131k tatile de\u011fil ama ancak mezarl\u0131\u011fa gider\u201d dedi. K\u00f6y\u00fcne dahi gidemedi\u011fini dile getiren bir vatanda\u015f da, \u201cEvim var ama gidemiyorum. Ne yapaca\u011f\u0131m? Hi\u00e7bir yere gidecek halim yok. Biz bittik art\u0131k,\u201d ifadeleriyle \u00e7aresizli\u011fini anlatt\u0131. Ba\u015fka bir emekli ise \u201cTatil hayal oldu. Dolmu\u015f paras\u0131 30 lira. Emekli maa\u015f\u0131yla nereye gidebilirsiniz ki? \u00c7ocuklar\u0131m Afyon\u2019da, 2,5 y\u0131ld\u0131r g\u00f6remiyorum. Ben burada yaln\u0131z kald\u0131m,\u201d diye konu\u015ftu. Y\u0131llar \u00f6nce deniz kenar\u0131nda tatil yapan ailelerin, art\u0131k en yak\u0131n beldeye bile gidemedi\u011fini vurgulayan ba\u015fka bir vatanda\u015f ise, \u201c2017&#8217;de gitmi\u015ftik, o zamandan beri tatil yok. Emekliyiz, 4.000 TL ile ge\u00e7inmeye \u00e7al\u0131\u015f\u0131yoruz,\u201d dedi. Tatilin art\u0131k sadece bir \u201cekonomik hesap\u201d haline geldi\u011fini anlatan bir kad\u0131n ise \u015funlar\u0131 s\u00f6yledi: \u201cTatile gitmek i\u00e7in her kuru\u015fu hesaplamak zorunday\u0131m. \u00c7ocukken ailecek giderdik, art\u0131k hayal oldu,\u201d Sa\u011fl\u0131k sorunlar\u0131 nedeniyle \u00e7al\u0131\u015famad\u0131\u011f\u0131n\u0131 belirten bir kad\u0131n vatanda\u015f da, \u201cKimseye muhta\u00e7 kalmak istemem ama g\u00fcc\u00fcm yok,\u201d diyerek &hellip;","og_url":"https:\/\/denizcankizil.tr\/ru\/haberler\/gundem\/tatil-hayal-oldu-emekliler-dertli-gencler-umutsuz\/","og_site_name":"Av. Deniz Can K\u0131z\u0131l","article_published_time":"2025-07-08T13:42:41+00:00","author":"admin","twitter_card":"summary_large_image","twitter_misc":{"\u041d\u0430\u043f\u0438\u0441\u0430\u043d\u043e \u0430\u0432\u0442\u043e\u0440\u043e\u043c":"admin","\u041f\u0440\u0438\u043c\u0435\u0440\u043d\u043e\u0435 \u0432\u0440\u0435\u043c\u044f \u0434\u043b\u044f \u0447\u0442\u0435\u043d\u0438\u044f":"2 \u043c\u0438\u043d\u0443\u0442\u044b"},"schema":{"@context":"https:\/\/schema.org","@graph":[{"@type":"Article","@id":"https:\/\/denizcankizil.tr\/ru\/haberler\/gundem\/tatil-hayal-oldu-emekliler-dertli-gencler-umutsuz\/#article","isPartOf":{"@id":"https:\/\/denizcankizil.tr\/ru\/haberler\/gundem\/tatil-hayal-oldu-emekliler-dertli-gencler-umutsuz\/"},"author":{"name":"admin","@id":"https:\/\/denizcankizil.tr\/de\/#\/schema\/person\/be3c05fe6a12686905512445d8185489"},"headline":"\u201cTatil Hayal Oldu, Emekliler Dertli, Gen\u00e7ler Umutsuz\u201d","datePublished":"2025-07-08T13:42:41+00:00","mainEntityOfPage":{"@id":"https:\/\/denizcankizil.tr\/ru\/haberler\/gundem\/tatil-hayal-oldu-emekliler-dertli-gencler-umutsuz\/"},"wordCount":448,"publisher":{"@id":"https:\/\/denizcankizil.tr\/de\/#organization"},"articleSection":["G\u00fcndem"],"inLanguage":"ru-RU"},{"@type":"WebPage","@id":"https:\/\/denizcankizil.tr\/ru\/haberler\/gundem\/tatil-hayal-oldu-emekliler-dertli-gencler-umutsuz\/","url":"https:\/\/denizcankizil.tr\/ru\/haberler\/gundem\/tatil-hayal-oldu-emekliler-dertli-gencler-umutsuz\/","name":"\u201cTatil Hayal Oldu, Emekliler Dertli, Gen\u00e7ler Umutsuz\u201d - Av. Deniz Can K\u0131z\u0131l","isPartOf":{"@id":"https:\/\/denizcankizil.tr\/de\/#website"},"datePublished":"2025-07-08T13:42:41+00:00","breadcrumb":{"@id":"https:\/\/denizcankizil.tr\/ru\/haberler\/gundem\/tatil-hayal-oldu-emekliler-dertli-gencler-umutsuz\/#breadcrumb"},"inLanguage":"ru-RU","potentialAction":[{"@type":"ReadAction","target":["https:\/\/denizcankizil.tr\/ru\/haberler\/gundem\/tatil-hayal-oldu-emekliler-dertli-gencler-umutsuz\/"]}]},{"@type":"BreadcrumbList","@id":"https:\/\/denizcankizil.tr\/ru\/haberler\/gundem\/tatil-hayal-oldu-emekliler-dertli-gencler-umutsuz\/#breadcrumb","itemListElement":[{"@type":"ListItem","position":1,"name":"Home","item":"https:\/\/denizcankizil.tr\/de\/"},{"@type":"ListItem","position":2,"name":"\u201cTatil Hayal Oldu, Emekliler Dertli, Gen\u00e7ler Umutsuz\u201d"}]},{"@type":"WebSite","@id":"https:\/\/denizcankizil.tr\/de\/#website","url":"https:\/\/denizcankizil.tr\/de\/","name":"Av. Deniz Can K\u0131z\u0131l","description":"Avukat Deniz Can K\u0131z\u0131l Antalya Barosu","publisher":{"@id":"https:\/\/denizcankizil.tr\/de\/#organization"},"potentialAction":[{"@type":"SearchAction","target":{"@type":"EntryPoint","urlTemplate":"https:\/\/denizcankizil.tr\/de\/?s={search_term_string}"},"query-input":{"@type":"PropertyValueSpecification","valueRequired":true,"valueName":"search_term_string"}}],"inLanguage":"ru-RU"},{"@type":"Organization","@id":"https:\/\/denizcankizil.tr\/de\/#organization","name":"Av. Deniz Can K\u0131z\u0131l","url":"https:\/\/denizcankizil.tr\/de\/","logo":{"@type":"ImageObject","inLanguage":"ru-RU","@id":"https:\/\/denizcankizil.tr\/de\/#\/schema\/logo\/image\/","url":"https:\/\/denizcankizil.tr\/wp-content\/uploads\/2024\/10\/siyah-logo-svg.svg","contentUrl":"https:\/\/denizcankizil.tr\/wp-content\/uploads\/2024\/10\/siyah-logo-svg.svg","width":1080,"height":1080,"caption":"Av. Deniz Can K\u0131z\u0131l"},"image":{"@id":"https:\/\/denizcankizil.tr\/de\/#\/schema\/logo\/image\/"}},{"@type":"Person","@id":"https:\/\/denizcankizil.tr\/de\/#\/schema\/person\/be3c05fe6a12686905512445d8185489","name":"\u0430\u0434\u043c\u0438\u043d","image":{"@type":"ImageObject","inLanguage":"ru-RU","@id":"https:\/\/denizcankizil.tr\/de\/#\/schema\/person\/image\/","url":"https:\/\/secure.gravatar.com\/avatar\/c1fce94c830dc79107e174f890d7210541c4a63e8e5d816341794a2151c9d58c?s=96&d=mm&r=g","contentUrl":"https:\/\/secure.gravatar.com\/avatar\/c1fce94c830dc79107e174f890d7210541c4a63e8e5d816341794a2151c9d58c?s=96&d=mm&r=g","caption":"admin"},"sameAs":["http:\/\/denizcankizil.tr"],"url":"https:\/\/www.iskenderun.org\/tatil-hayal-oldu-emekliler-dertli-gencler-umutsuz"}]}},"_links":{"self":[{"href":"https:\/\/denizcankizil.tr\/ru\/wp-json\/wp\/v2\/posts\/139930","targetHints":{"allow":["GET"]}}],"collection":[{"href":"https:\/\/denizcankizil.tr\/ru\/wp-json\/wp\/v2\/posts"}],"about":[{"href":"https:\/\/denizcankizil.tr\/ru\/wp-json\/wp\/v2\/types\/post"}],"author":[{"embeddable":true,"href":"https:\/\/denizcankizil.tr\/ru\/wp-json\/wp\/v2\/users\/1"}],"replies":[{"embeddable":true,"href":"https:\/\/denizcankizil.tr\/ru\/wp-json\/wp\/v2\/comments?post=139930"}],"version-history":[{"count":0,"href":"https:\/\/denizcankizil.tr\/ru\/wp-json\/wp\/v2\/posts\/139930\/revisions"}],"wp:attachment":[{"href":"https:\/\/denizcankizil.tr\/ru\/wp-json\/wp\/v2\/media?parent=139930"}],"wp:term":[{"taxonomy":"category","embeddable":true,"href":"https:\/\/denizcankizil.tr\/ru\/wp-json\/wp\/v2\/categories?post=139930"},{"taxonomy":"post_tag","embeddable":true,"href":"https:\/\/denizcankizil.tr\/ru\/wp-json\/wp\/v2\/tags?post=139930"}],"curies":[{"name":"wp","href":"https:\/\/api.w.org\/{rel}","templated":true}]}}