{"id":138794,"date":"2025-07-07T13:41:55","date_gmt":"2025-07-07T10:41:55","guid":{"rendered":"https:\/\/denizcankizil.tr\/uncategorized-tr\/cavit-ari-muhittin-baskan-egitime-1-milyar-tl-bagisladi-kimsenin-parasina-ihtiyaci-yok\/"},"modified":"2025-07-07T13:41:55","modified_gmt":"2025-07-07T10:41:55","slug":"cavit-ari-muhittin-baskan-egitime-1-milyar-tl-bagisladi-kimsenin-parasina-ihtiyaci-yok","status":"publish","type":"post","link":"https:\/\/denizcankizil.tr\/ru\/haberler\/gundem\/cavit-ari-muhittin-baskan-egitime-1-milyar-tl-bagisladi-kimsenin-parasina-ihtiyaci-yok\/","title":{"rendered":"Cavit Ar\u0131: Muhittin ba\u015fkan e\u011fitime 1 milyar TL ba\u011f\u0131\u015flad\u0131, kimsenin paras\u0131na ihtiyac\u0131 yok"},"content":{"rendered":"<p>CHP Antalya Milletvekili Cavit Ar\u0131, tutuklu bulunan Antalya B\u00fcy\u00fck\u015fehir Belediye Ba\u015fkan\u0131 Muhittin B\u00f6cek\u2019i cezaevinde ziyaret etti. Ar\u0131, pandemi d\u00f6neminde uzun s\u00fcren tedavisinin ard\u0131ndan sa\u011fl\u0131\u011f\u0131na tam kavu\u015famayan Muhittin B\u00f6cek\u2019in cezaevi \u015fartlar\u0131nda sa\u011fl\u0131k sorunu ya\u015fayabilece\u011fine dikkat \u00e7ekti. Ar\u0131, \u201cKendisi covid atlatt\u0131. Ama cezaevi ko\u015fullar\u0131nda bulunmas\u0131 belediye ba\u015fkan\u0131m\u0131z\u0131n sa\u011fl\u0131\u011f\u0131n\u0131 tehdit edecektir. Mutlaka yak\u0131n zamanda onun ciddi sorunlarla kar\u015f\u0131la\u015fmas\u0131na yol a\u00e7abilecektir\u201d dedi.<\/p>\n<p>CAV\u0130T ARI: \u201cORTADA SU\u00c7 YOK, \u0130RADE GASPI VAR\u201d<\/p>\n<p>CHP Antalya Milletvekili Cavit Ar\u0131, Antalya B\u00fcy\u00fck\u015fehir Belediye Ba\u015fkan\u0131 Muhittin B\u00f6cek\u2019in tutuklanmas\u0131na ili\u015fkin ortada hukuki bir ihtilaf d\u0131\u015f\u0131nda herhangi bir su\u00e7un bulunmad\u0131\u011f\u0131n\u0131 belirterek, \u201cAntalya halk\u0131n\u0131n iradesi gasp edilmi\u015ftir\u201d dedi.<\/p>\n<p>&#8220;BU OLAY B\u0130R ALACAK-VERECEK MESELES\u0130D\u0130R&#8221;<\/p>\n<p>Ar\u0131, hakk\u0131nda iddialar bulunan \u015fahs\u0131n, Ba\u015fkan B\u00f6cek\u2019in o\u011flunun kendisinden bor\u00e7 istedi\u011fini s\u00f6yledi\u011fini aktard\u0131. Ar\u0131, \u201cBor\u00e7 isteyen biri var, bor\u00e7 veren biri var. E\u011fer bu bor\u00e7 geri \u00f6denmemi\u015fse bu durumun hukuki yolu bellidir. Alacak davas\u0131 a\u00e7\u0131l\u0131r, icra takibi yap\u0131l\u0131r. Savc\u0131lar bu tarz konularda genellikle takipsizlik karar\u0131 verir \u00e7\u00fcnk\u00fc bu bir ceza de\u011fil, hukuki ihtilaft\u0131r. Buradan bir su\u00e7 \u00fcretmek m\u00fcmk\u00fcn de\u011fildir. Kald\u0131 ki bu durumun B\u00fcy\u00fck\u015fehir Belediye Ba\u015fkan\u0131m\u0131z Muhittin B\u00f6cek ile hi\u00e7bir ilgisi yoktur\u201d ifadelerini kulland\u0131.<\/p>\n<p>&#8220;SE\u00c7\u0130M DESTE\u011e\u0130 ET\u0130K D\u00dcZENLEMEYE BA\u011eLANMALI&#8221;<\/p>\n<p>Se\u00e7im kampanyas\u0131 s\u00fcrecinde baz\u0131 i\u015f insanlar\u0131n\u0131n adaylara maddi destek verdi\u011fi y\u00f6n\u00fcndeki iddialara da de\u011finen Ar\u0131, \u201cT\u00fcrkiye&#8217;de siyasi ahlak yasas\u0131 h\u00e2l\u00e2 yok. Bir vatanda\u015f\u0131n bir partiye ne kadar yard\u0131m yapabilece\u011fine dair yasal bir s\u0131n\u0131r da bulunmuyor. Bug\u00fcne kadar hangi AKP\u2019li aday se\u00e7imde destek almad\u0131? Bu durumun da yasal zemine oturtulmas\u0131 gerekti\u011fini defalarca s\u00f6yledik\u201d dedi. Ar\u0131, adaylara yap\u0131lan ba\u011f\u0131\u015flar\u0131n ki\u015fisel tercihler oldu\u011funu ve bunlar\u0131n Belediye Ba\u015fkan\u0131 ile ili\u015fkilendirilemeyece\u011fini vurgulad\u0131.<\/p>\n<p>BA\u015eKAN B\u00d6CEK 1 M\u0130LYAR TL\u2019L\u0130K ARAZ\u0130Y\u0130 BA\u011eI\u015eLADI<\/p>\n<p>Ba\u015fkan Muhittin B\u00f6cek&#8217;in mal varl\u0131\u011f\u0131na da de\u011finen Ar\u0131, \u015fu s\u00f6zleri kulland\u0131: \u201cAntalya\u2019da herkes bilir ki Muhittin B\u00f6cek\u2019in paraya ihtiyac\u0131 yoktur. Ailesinden kalan araziler vard\u0131r. Hatta bu arazilerden birini Milli E\u011fitim Bakanl\u0131\u011f\u0131\u2019na okul yap\u0131lmas\u0131 i\u00e7in ba\u011f\u0131\u015flam\u0131\u015ft\u0131r. Sadece o arsan\u0131n de\u011feri bug\u00fcn en az 1 milyar TL\u2019dir. B\u00f6yle bir insan\u0131n birka\u00e7 kuru\u015f i\u00e7in b\u00f6yle bir i\u015fe kar\u0131\u015ft\u0131\u011f\u0131na kimse inanmaz.\u201d<\/p>\n<p>&#8220;ANTALYA HALKI BU HUKUKSUZLU\u011eA KAR\u015eIDIR&#8221;<\/p>\n<p>Cavit Ar\u0131, a\u00e7\u0131klamas\u0131n\u0131n sonunda Antalya halk\u0131n\u0131n Ba\u015fkan B\u00f6cek\u2019e inand\u0131\u011f\u0131n\u0131 ve destek verdi\u011fini belirtti. Ar\u0131, \u201cBu iddialara kimse inanm\u0131yor. Belediye ba\u015fkan\u0131m\u0131z hakk\u0131nda haks\u0131z ve hukuksuz bir tutuklama yap\u0131lm\u0131\u015ft\u0131r. Hukuki s\u00fcre\u00e7 yasal zeminde avukatlar taraf\u0131ndan takip edilmektedir, gerekli itirazlar yap\u0131lacakt\u0131r\u201d dedi.<\/p>\n<p>\u200bCHP Antalya Milletvekili Cavit Ar\u0131, hafta sonu g\u00f6zalt\u0131na al\u0131nd\u0131ktan sonra tutuklanan B\u00fcy\u00fck\u015fehir Belediye Ba\u015fkan\u0131 Muhittin B\u00f6cek\u2019i cezaevinde ziyaret etti. Ar\u0131, \u201cSadece e\u011fitime 1 milyar TL ba\u011f\u0131\u015flayan belediye ba\u015fkan\u0131m\u0131z\u0131n kimsenin 1 kuru\u015funa ihtiyac\u0131 yok. Bunlar iftiradan ba\u015fka bir \u015fey de\u011fil\u201d dedi\u00a0<\/p>\n<p>\u200bHaberin Al\u0131nt\u0131land\u0131\u011f\u0131 Kaynak: www.antalyakorfez.com<\/p>","protected":false},"excerpt":{"rendered":"<p>CHP Antalya Milletvekili Cavit Ar\u0131, tutuklu bulunan Antalya B\u00fcy\u00fck\u015fehir Belediye Ba\u015fkan\u0131 Muhittin B\u00f6cek\u2019i cezaevinde ziyaret etti. Ar\u0131, pandemi d\u00f6neminde uzun s\u00fcren tedavisinin ard\u0131ndan sa\u011fl\u0131\u011f\u0131na tam kavu\u015famayan Muhittin B\u00f6cek\u2019in cezaevi \u015fartlar\u0131nda sa\u011fl\u0131k sorunu ya\u015fayabilece\u011fine dikkat \u00e7ekti. Ar\u0131, \u201cKendisi covid atlatt\u0131. Ama cezaevi ko\u015fullar\u0131nda bulunmas\u0131 belediye ba\u015fkan\u0131m\u0131z\u0131n sa\u011fl\u0131\u011f\u0131n\u0131 tehdit edecektir. Mutlaka yak\u0131n zamanda onun ciddi sorunlarla kar\u015f\u0131la\u015fmas\u0131na yol a\u00e7abilecektir\u201d dedi. CAV\u0130T ARI: \u201cORTADA SU\u00c7 YOK, \u0130RADE GASPI VAR\u201d CHP Antalya Milletvekili Cavit Ar\u0131, Antalya B\u00fcy\u00fck\u015fehir Belediye Ba\u015fkan\u0131 Muhittin B\u00f6cek\u2019in tutuklanmas\u0131na ili\u015fkin ortada hukuki bir ihtilaf d\u0131\u015f\u0131nda herhangi bir su\u00e7un bulunmad\u0131\u011f\u0131n\u0131 belirterek, \u201cAntalya halk\u0131n\u0131n iradesi gasp edilmi\u015ftir\u201d dedi. &#8220;BU OLAY B\u0130R ALACAK-VERECEK MESELES\u0130D\u0130R&#8221; Ar\u0131, hakk\u0131nda iddialar bulunan \u015fahs\u0131n, Ba\u015fkan B\u00f6cek\u2019in o\u011flunun kendisinden bor\u00e7 istedi\u011fini s\u00f6yledi\u011fini aktard\u0131. Ar\u0131, \u201cBor\u00e7 isteyen biri var, bor\u00e7 veren biri var. E\u011fer bu bor\u00e7 geri \u00f6denmemi\u015fse bu durumun hukuki yolu bellidir. Alacak davas\u0131 a\u00e7\u0131l\u0131r, icra takibi yap\u0131l\u0131r. Savc\u0131lar bu tarz konularda genellikle takipsizlik karar\u0131 verir \u00e7\u00fcnk\u00fc bu bir ceza de\u011fil, hukuki ihtilaft\u0131r. Buradan bir su\u00e7 \u00fcretmek m\u00fcmk\u00fcn de\u011fildir. Kald\u0131 ki bu durumun B\u00fcy\u00fck\u015fehir Belediye Ba\u015fkan\u0131m\u0131z Muhittin B\u00f6cek ile hi\u00e7bir ilgisi yoktur\u201d ifadelerini kulland\u0131. &#8220;SE\u00c7\u0130M DESTE\u011e\u0130 ET\u0130K D\u00dcZENLEMEYE BA\u011eLANMALI&#8221; Se\u00e7im kampanyas\u0131 s\u00fcrecinde baz\u0131 i\u015f insanlar\u0131n\u0131n adaylara maddi destek verdi\u011fi y\u00f6n\u00fcndeki iddialara da de\u011finen Ar\u0131, \u201cT\u00fcrkiye&#8217;de siyasi ahlak yasas\u0131 h\u00e2l\u00e2 yok. &hellip;<\/p>","protected":false},"author":5,"featured_media":0,"comment_status":"","ping_status":"open","sticky":false,"template":"","format":"standard","meta":{"_acf_changed":false,"footnotes":""},"categories":[24],"tags":[],"class_list":["post-138794","post","type-post","status-publish","format-standard","has-post-thumbnail","hentry","category-gundem"],"acf":[],"yoast_head":"<!-- This site is optimized with the Yoast SEO Premium plugin v26.6 (Yoast SEO v27.1.1) - https:\/\/yoast.com\/product\/yoast-seo-premium-wordpress\/ -->\n<title>Cavit Ar\u0131: Muhittin ba\u015fkan e\u011fitime 1 milyar TL ba\u011f\u0131\u015flad\u0131, kimsenin paras\u0131na ihtiyac\u0131 yok - Av. Deniz Can K\u0131z\u0131l<\/title>\n<meta name=\"robots\" content=\"index, follow, max-snippet:-1, max-image-preview:large, max-video-preview:-1\" \/>\n<link rel=\"canonical\" href=\"https:\/\/denizcankizil.tr\/ru\/haberler\/gundem\/cavit-ari-muhittin-baskan-egitime-1-milyar-tl-bagisladi-kimsenin-parasina-ihtiyaci-yok\/\" \/>\n<meta property=\"og:locale\" content=\"ru_RU\" \/>\n<meta property=\"og:type\" content=\"article\" \/>\n<meta property=\"og:title\" content=\"Cavit Ar\u0131: Muhittin ba\u015fkan e\u011fitime 1 milyar TL ba\u011f\u0131\u015flad\u0131, kimsenin paras\u0131na ihtiyac\u0131 yok\" \/>\n<meta property=\"og:description\" content=\"CHP Antalya Milletvekili Cavit Ar\u0131, tutuklu bulunan Antalya B\u00fcy\u00fck\u015fehir Belediye Ba\u015fkan\u0131 Muhittin B\u00f6cek\u2019i cezaevinde ziyaret etti. Ar\u0131, pandemi d\u00f6neminde uzun s\u00fcren tedavisinin ard\u0131ndan sa\u011fl\u0131\u011f\u0131na tam kavu\u015famayan Muhittin B\u00f6cek\u2019in cezaevi \u015fartlar\u0131nda sa\u011fl\u0131k sorunu ya\u015fayabilece\u011fine dikkat \u00e7ekti. Ar\u0131, \u201cKendisi covid atlatt\u0131. Ama cezaevi ko\u015fullar\u0131nda bulunmas\u0131 belediye ba\u015fkan\u0131m\u0131z\u0131n sa\u011fl\u0131\u011f\u0131n\u0131 tehdit edecektir. Mutlaka yak\u0131n zamanda onun ciddi sorunlarla kar\u015f\u0131la\u015fmas\u0131na yol a\u00e7abilecektir\u201d dedi. CAV\u0130T ARI: \u201cORTADA SU\u00c7 YOK, \u0130RADE GASPI VAR\u201d CHP Antalya Milletvekili Cavit Ar\u0131, Antalya B\u00fcy\u00fck\u015fehir Belediye Ba\u015fkan\u0131 Muhittin B\u00f6cek\u2019in tutuklanmas\u0131na ili\u015fkin ortada hukuki bir ihtilaf d\u0131\u015f\u0131nda herhangi bir su\u00e7un bulunmad\u0131\u011f\u0131n\u0131 belirterek, \u201cAntalya halk\u0131n\u0131n iradesi gasp edilmi\u015ftir\u201d dedi. &#8220;BU OLAY B\u0130R ALACAK-VERECEK MESELES\u0130D\u0130R&#8221; Ar\u0131, hakk\u0131nda iddialar bulunan \u015fahs\u0131n, Ba\u015fkan B\u00f6cek\u2019in o\u011flunun kendisinden bor\u00e7 istedi\u011fini s\u00f6yledi\u011fini aktard\u0131. Ar\u0131, \u201cBor\u00e7 isteyen biri var, bor\u00e7 veren biri var. E\u011fer bu bor\u00e7 geri \u00f6denmemi\u015fse bu durumun hukuki yolu bellidir. Alacak davas\u0131 a\u00e7\u0131l\u0131r, icra takibi yap\u0131l\u0131r. Savc\u0131lar bu tarz konularda genellikle takipsizlik karar\u0131 verir \u00e7\u00fcnk\u00fc bu bir ceza de\u011fil, hukuki ihtilaft\u0131r. Buradan bir su\u00e7 \u00fcretmek m\u00fcmk\u00fcn de\u011fildir. Kald\u0131 ki bu durumun B\u00fcy\u00fck\u015fehir Belediye Ba\u015fkan\u0131m\u0131z Muhittin B\u00f6cek ile hi\u00e7bir ilgisi yoktur\u201d ifadelerini kulland\u0131. &#8220;SE\u00c7\u0130M DESTE\u011e\u0130 ET\u0130K D\u00dcZENLEMEYE BA\u011eLANMALI&#8221; Se\u00e7im kampanyas\u0131 s\u00fcrecinde baz\u0131 i\u015f insanlar\u0131n\u0131n adaylara maddi destek verdi\u011fi y\u00f6n\u00fcndeki iddialara da de\u011finen Ar\u0131, \u201cT\u00fcrkiye&#8217;de siyasi ahlak yasas\u0131 h\u00e2l\u00e2 yok. &hellip;\" \/>\n<meta property=\"og:url\" content=\"https:\/\/denizcankizil.tr\/ru\/haberler\/gundem\/cavit-ari-muhittin-baskan-egitime-1-milyar-tl-bagisladi-kimsenin-parasina-ihtiyaci-yok\/\" \/>\n<meta property=\"og:site_name\" content=\"Av. Deniz Can K\u0131z\u0131l\" \/>\n<meta property=\"article:published_time\" content=\"2025-07-07T10:41:55+00:00\" \/>\n<meta name=\"author\" content=\"Antalya K\u00f6rfez\" \/>\n<meta name=\"twitter:card\" content=\"summary_large_image\" \/>\n<meta name=\"twitter:label1\" content=\"\u041d\u0430\u043f\u0438\u0441\u0430\u043d\u043e \u0430\u0432\u0442\u043e\u0440\u043e\u043c\" \/>\n\t<meta name=\"twitter:data1\" content=\"Antalya K\u00f6rfez\" \/>\n\t<meta name=\"twitter:label2\" content=\"\u041f\u0440\u0438\u043c\u0435\u0440\u043d\u043e\u0435 \u0432\u0440\u0435\u043c\u044f \u0434\u043b\u044f \u0447\u0442\u0435\u043d\u0438\u044f\" \/>\n\t<meta name=\"twitter:data2\" content=\"3 \u043c\u0438\u043d\u0443\u0442\u044b\" \/>\n<script type=\"application\/ld+json\" class=\"yoast-schema-graph\">{\"@context\":\"https:\/\/schema.org\",\"@graph\":[{\"@type\":\"Article\",\"@id\":\"https:\/\/denizcankizil.tr\/ru\/haberler\/gundem\/cavit-ari-muhittin-baskan-egitime-1-milyar-tl-bagisladi-kimsenin-parasina-ihtiyaci-yok\/#article\",\"isPartOf\":{\"@id\":\"https:\/\/denizcankizil.tr\/ru\/haberler\/gundem\/cavit-ari-muhittin-baskan-egitime-1-milyar-tl-bagisladi-kimsenin-parasina-ihtiyaci-yok\/\"},\"author\":{\"name\":\"Antalya K\u00f6rfez\",\"@id\":\"https:\/\/denizcankizil.tr\/#\/schema\/person\/e1eb71bb4dd684d46563f0af307e1234\"},\"headline\":\"Cavit Ar\u0131: Muhittin ba\u015fkan e\u011fitime 1 milyar TL ba\u011f\u0131\u015flad\u0131, kimsenin paras\u0131na ihtiyac\u0131 yok\",\"datePublished\":\"2025-07-07T10:41:55+00:00\",\"mainEntityOfPage\":{\"@id\":\"https:\/\/denizcankizil.tr\/ru\/haberler\/gundem\/cavit-ari-muhittin-baskan-egitime-1-milyar-tl-bagisladi-kimsenin-parasina-ihtiyaci-yok\/\"},\"wordCount\":607,\"publisher\":{\"@id\":\"https:\/\/denizcankizil.tr\/#organization\"},\"articleSection\":[\"G\u00fcndem\"],\"inLanguage\":\"ru-RU\"},{\"@type\":\"WebPage\",\"@id\":\"https:\/\/denizcankizil.tr\/ru\/haberler\/gundem\/cavit-ari-muhittin-baskan-egitime-1-milyar-tl-bagisladi-kimsenin-parasina-ihtiyaci-yok\/\",\"url\":\"https:\/\/denizcankizil.tr\/ru\/haberler\/gundem\/cavit-ari-muhittin-baskan-egitime-1-milyar-tl-bagisladi-kimsenin-parasina-ihtiyaci-yok\/\",\"name\":\"Cavit Ar\u0131: Muhittin ba\u015fkan e\u011fitime 1 milyar TL ba\u011f\u0131\u015flad\u0131, kimsenin paras\u0131na ihtiyac\u0131 yok - Av. Deniz Can K\u0131z\u0131l\",\"isPartOf\":{\"@id\":\"https:\/\/denizcankizil.tr\/#website\"},\"datePublished\":\"2025-07-07T10:41:55+00:00\",\"breadcrumb\":{\"@id\":\"https:\/\/denizcankizil.tr\/ru\/haberler\/gundem\/cavit-ari-muhittin-baskan-egitime-1-milyar-tl-bagisladi-kimsenin-parasina-ihtiyaci-yok\/#breadcrumb\"},\"inLanguage\":\"ru-RU\",\"potentialAction\":[{\"@type\":\"ReadAction\",\"target\":[\"https:\/\/denizcankizil.tr\/ru\/haberler\/gundem\/cavit-ari-muhittin-baskan-egitime-1-milyar-tl-bagisladi-kimsenin-parasina-ihtiyaci-yok\/\"]}]},{\"@type\":\"BreadcrumbList\",\"@id\":\"https:\/\/denizcankizil.tr\/ru\/haberler\/gundem\/cavit-ari-muhittin-baskan-egitime-1-milyar-tl-bagisladi-kimsenin-parasina-ihtiyaci-yok\/#breadcrumb\",\"itemListElement\":[{\"@type\":\"ListItem\",\"position\":1,\"name\":\"Home\",\"item\":\"https:\/\/denizcankizil.tr\/de\/\"},{\"@type\":\"ListItem\",\"position\":2,\"name\":\"Cavit Ar\u0131: Muhittin ba\u015fkan e\u011fitime 1 milyar TL ba\u011f\u0131\u015flad\u0131, kimsenin paras\u0131na ihtiyac\u0131 yok\"}]},{\"@type\":\"WebSite\",\"@id\":\"https:\/\/denizcankizil.tr\/#website\",\"url\":\"https:\/\/denizcankizil.tr\/\",\"name\":\"Av. Deniz Can K\u0131z\u0131l\",\"description\":\"Avukat Deniz Can K\u0131z\u0131l Antalya Barosu\",\"publisher\":{\"@id\":\"https:\/\/denizcankizil.tr\/#organization\"},\"potentialAction\":[{\"@type\":\"SearchAction\",\"target\":{\"@type\":\"EntryPoint\",\"urlTemplate\":\"https:\/\/denizcankizil.tr\/?s={search_term_string}\"},\"query-input\":{\"@type\":\"PropertyValueSpecification\",\"valueRequired\":true,\"valueName\":\"search_term_string\"}}],\"inLanguage\":\"ru-RU\"},{\"@type\":\"Organization\",\"@id\":\"https:\/\/denizcankizil.tr\/#organization\",\"name\":\"Av. Deniz Can K\u0131z\u0131l\",\"url\":\"https:\/\/denizcankizil.tr\/\",\"logo\":{\"@type\":\"ImageObject\",\"inLanguage\":\"ru-RU\",\"@id\":\"https:\/\/denizcankizil.tr\/#\/schema\/logo\/image\/\",\"url\":\"https:\/\/denizcankizil.tr\/wp-content\/uploads\/2024\/10\/siyah-logo-svg.svg\",\"contentUrl\":\"https:\/\/denizcankizil.tr\/wp-content\/uploads\/2024\/10\/siyah-logo-svg.svg\",\"width\":1080,\"height\":1080,\"caption\":\"Av. Deniz Can K\u0131z\u0131l\"},\"image\":{\"@id\":\"https:\/\/denizcankizil.tr\/#\/schema\/logo\/image\/\"}},{\"@type\":\"Person\",\"@id\":\"https:\/\/denizcankizil.tr\/#\/schema\/person\/e1eb71bb4dd684d46563f0af307e1234\",\"name\":\"Antalya K\u00f6rfez\",\"image\":{\"@type\":\"ImageObject\",\"inLanguage\":\"ru-RU\",\"@id\":\"https:\/\/denizcankizil.tr\/#\/schema\/person\/image\/\",\"url\":\"https:\/\/secure.gravatar.com\/avatar\/42b01982558a48a0b501fdcab6a408d3717ea5919095ee2e67b0e521799c5905?s=96&d=mm&r=g\",\"contentUrl\":\"https:\/\/secure.gravatar.com\/avatar\/42b01982558a48a0b501fdcab6a408d3717ea5919095ee2e67b0e521799c5905?s=96&d=mm&r=g\",\"caption\":\"Antalya K\u00f6rfez\"},\"sameAs\":[\"http:\/\/www.antalyakorfez.com\"],\"url\":\"https:\/\/www.antalyakorfez.com\/cavit-ari-muhittin-baskan-egitime-1-milyar-tl-bagisladi-kimsenin-parasina-ihtiyaci-yok\"}]}<\/script>\n<!-- \/ Yoast SEO Premium plugin. -->","yoast_head_json":{"title":"Cavit Ar\u0131: Muhittin ba\u015fkan e\u011fitime 1 milyar TL ba\u011f\u0131\u015flad\u0131, kimsenin paras\u0131na ihtiyac\u0131 yok - Av. Deniz Can K\u0131z\u0131l","robots":{"index":"index","follow":"follow","max-snippet":"max-snippet:-1","max-image-preview":"max-image-preview:large","max-video-preview":"max-video-preview:-1"},"canonical":"https:\/\/denizcankizil.tr\/ru\/haberler\/gundem\/cavit-ari-muhittin-baskan-egitime-1-milyar-tl-bagisladi-kimsenin-parasina-ihtiyaci-yok\/","og_locale":"ru_RU","og_type":"article","og_title":"Cavit Ar\u0131: Muhittin ba\u015fkan e\u011fitime 1 milyar TL ba\u011f\u0131\u015flad\u0131, kimsenin paras\u0131na ihtiyac\u0131 yok","og_description":"CHP Antalya Milletvekili Cavit Ar\u0131, tutuklu bulunan Antalya B\u00fcy\u00fck\u015fehir Belediye Ba\u015fkan\u0131 Muhittin B\u00f6cek\u2019i cezaevinde ziyaret etti. Ar\u0131, pandemi d\u00f6neminde uzun s\u00fcren tedavisinin ard\u0131ndan sa\u011fl\u0131\u011f\u0131na tam kavu\u015famayan Muhittin B\u00f6cek\u2019in cezaevi \u015fartlar\u0131nda sa\u011fl\u0131k sorunu ya\u015fayabilece\u011fine dikkat \u00e7ekti. Ar\u0131, \u201cKendisi covid atlatt\u0131. Ama cezaevi ko\u015fullar\u0131nda bulunmas\u0131 belediye ba\u015fkan\u0131m\u0131z\u0131n sa\u011fl\u0131\u011f\u0131n\u0131 tehdit edecektir. Mutlaka yak\u0131n zamanda onun ciddi sorunlarla kar\u015f\u0131la\u015fmas\u0131na yol a\u00e7abilecektir\u201d dedi. CAV\u0130T ARI: \u201cORTADA SU\u00c7 YOK, \u0130RADE GASPI VAR\u201d CHP Antalya Milletvekili Cavit Ar\u0131, Antalya B\u00fcy\u00fck\u015fehir Belediye Ba\u015fkan\u0131 Muhittin B\u00f6cek\u2019in tutuklanmas\u0131na ili\u015fkin ortada hukuki bir ihtilaf d\u0131\u015f\u0131nda herhangi bir su\u00e7un bulunmad\u0131\u011f\u0131n\u0131 belirterek, \u201cAntalya halk\u0131n\u0131n iradesi gasp edilmi\u015ftir\u201d dedi. &#8220;BU OLAY B\u0130R ALACAK-VERECEK MESELES\u0130D\u0130R&#8221; Ar\u0131, hakk\u0131nda iddialar bulunan \u015fahs\u0131n, Ba\u015fkan B\u00f6cek\u2019in o\u011flunun kendisinden bor\u00e7 istedi\u011fini s\u00f6yledi\u011fini aktard\u0131. Ar\u0131, \u201cBor\u00e7 isteyen biri var, bor\u00e7 veren biri var. E\u011fer bu bor\u00e7 geri \u00f6denmemi\u015fse bu durumun hukuki yolu bellidir. Alacak davas\u0131 a\u00e7\u0131l\u0131r, icra takibi yap\u0131l\u0131r. Savc\u0131lar bu tarz konularda genellikle takipsizlik karar\u0131 verir \u00e7\u00fcnk\u00fc bu bir ceza de\u011fil, hukuki ihtilaft\u0131r. Buradan bir su\u00e7 \u00fcretmek m\u00fcmk\u00fcn de\u011fildir. Kald\u0131 ki bu durumun B\u00fcy\u00fck\u015fehir Belediye Ba\u015fkan\u0131m\u0131z Muhittin B\u00f6cek ile hi\u00e7bir ilgisi yoktur\u201d ifadelerini kulland\u0131. &#8220;SE\u00c7\u0130M DESTE\u011e\u0130 ET\u0130K D\u00dcZENLEMEYE BA\u011eLANMALI&#8221; Se\u00e7im kampanyas\u0131 s\u00fcrecinde baz\u0131 i\u015f insanlar\u0131n\u0131n adaylara maddi destek verdi\u011fi y\u00f6n\u00fcndeki iddialara da de\u011finen Ar\u0131, \u201cT\u00fcrkiye&#8217;de siyasi ahlak yasas\u0131 h\u00e2l\u00e2 yok. &hellip;","og_url":"https:\/\/denizcankizil.tr\/ru\/haberler\/gundem\/cavit-ari-muhittin-baskan-egitime-1-milyar-tl-bagisladi-kimsenin-parasina-ihtiyaci-yok\/","og_site_name":"Av. Deniz Can K\u0131z\u0131l","article_published_time":"2025-07-07T10:41:55+00:00","author":"Antalya K\u00f6rfez","twitter_card":"summary_large_image","twitter_misc":{"\u041d\u0430\u043f\u0438\u0441\u0430\u043d\u043e \u0430\u0432\u0442\u043e\u0440\u043e\u043c":"Antalya K\u00f6rfez","\u041f\u0440\u0438\u043c\u0435\u0440\u043d\u043e\u0435 \u0432\u0440\u0435\u043c\u044f \u0434\u043b\u044f \u0447\u0442\u0435\u043d\u0438\u044f":"3 \u043c\u0438\u043d\u0443\u0442\u044b"},"schema":{"@context":"https:\/\/schema.org","@graph":[{"@type":"Article","@id":"https:\/\/denizcankizil.tr\/ru\/haberler\/gundem\/cavit-ari-muhittin-baskan-egitime-1-milyar-tl-bagisladi-kimsenin-parasina-ihtiyaci-yok\/#article","isPartOf":{"@id":"https:\/\/denizcankizil.tr\/ru\/haberler\/gundem\/cavit-ari-muhittin-baskan-egitime-1-milyar-tl-bagisladi-kimsenin-parasina-ihtiyaci-yok\/"},"author":{"name":"Antalya K\u00f6rfez","@id":"https:\/\/denizcankizil.tr\/#\/schema\/person\/e1eb71bb4dd684d46563f0af307e1234"},"headline":"Cavit Ar\u0131: Muhittin ba\u015fkan e\u011fitime 1 milyar TL ba\u011f\u0131\u015flad\u0131, kimsenin paras\u0131na ihtiyac\u0131 yok","datePublished":"2025-07-07T10:41:55+00:00","mainEntityOfPage":{"@id":"https:\/\/denizcankizil.tr\/ru\/haberler\/gundem\/cavit-ari-muhittin-baskan-egitime-1-milyar-tl-bagisladi-kimsenin-parasina-ihtiyaci-yok\/"},"wordCount":607,"publisher":{"@id":"https:\/\/denizcankizil.tr\/#organization"},"articleSection":["G\u00fcndem"],"inLanguage":"ru-RU"},{"@type":"WebPage","@id":"https:\/\/denizcankizil.tr\/ru\/haberler\/gundem\/cavit-ari-muhittin-baskan-egitime-1-milyar-tl-bagisladi-kimsenin-parasina-ihtiyaci-yok\/","url":"https:\/\/denizcankizil.tr\/ru\/haberler\/gundem\/cavit-ari-muhittin-baskan-egitime-1-milyar-tl-bagisladi-kimsenin-parasina-ihtiyaci-yok\/","name":"Cavit Ar\u0131: Muhittin ba\u015fkan e\u011fitime 1 milyar TL ba\u011f\u0131\u015flad\u0131, kimsenin paras\u0131na ihtiyac\u0131 yok - Av. Deniz Can K\u0131z\u0131l","isPartOf":{"@id":"https:\/\/denizcankizil.tr\/#website"},"datePublished":"2025-07-07T10:41:55+00:00","breadcrumb":{"@id":"https:\/\/denizcankizil.tr\/ru\/haberler\/gundem\/cavit-ari-muhittin-baskan-egitime-1-milyar-tl-bagisladi-kimsenin-parasina-ihtiyaci-yok\/#breadcrumb"},"inLanguage":"ru-RU","potentialAction":[{"@type":"ReadAction","target":["https:\/\/denizcankizil.tr\/ru\/haberler\/gundem\/cavit-ari-muhittin-baskan-egitime-1-milyar-tl-bagisladi-kimsenin-parasina-ihtiyaci-yok\/"]}]},{"@type":"BreadcrumbList","@id":"https:\/\/denizcankizil.tr\/ru\/haberler\/gundem\/cavit-ari-muhittin-baskan-egitime-1-milyar-tl-bagisladi-kimsenin-parasina-ihtiyaci-yok\/#breadcrumb","itemListElement":[{"@type":"ListItem","position":1,"name":"Home","item":"https:\/\/denizcankizil.tr\/de\/"},{"@type":"ListItem","position":2,"name":"Cavit Ar\u0131: Muhittin ba\u015fkan e\u011fitime 1 milyar TL ba\u011f\u0131\u015flad\u0131, kimsenin paras\u0131na ihtiyac\u0131 yok"}]},{"@type":"WebSite","@id":"https:\/\/denizcankizil.tr\/#website","url":"https:\/\/denizcankizil.tr\/","name":"Av. Deniz Can K\u0131z\u0131l","description":"Avukat Deniz Can K\u0131z\u0131l Antalya Barosu","publisher":{"@id":"https:\/\/denizcankizil.tr\/#organization"},"potentialAction":[{"@type":"SearchAction","target":{"@type":"EntryPoint","urlTemplate":"https:\/\/denizcankizil.tr\/?s={search_term_string}"},"query-input":{"@type":"PropertyValueSpecification","valueRequired":true,"valueName":"search_term_string"}}],"inLanguage":"ru-RU"},{"@type":"Organization","@id":"https:\/\/denizcankizil.tr\/#organization","name":"Av. Deniz Can K\u0131z\u0131l","url":"https:\/\/denizcankizil.tr\/","logo":{"@type":"ImageObject","inLanguage":"ru-RU","@id":"https:\/\/denizcankizil.tr\/#\/schema\/logo\/image\/","url":"https:\/\/denizcankizil.tr\/wp-content\/uploads\/2024\/10\/siyah-logo-svg.svg","contentUrl":"https:\/\/denizcankizil.tr\/wp-content\/uploads\/2024\/10\/siyah-logo-svg.svg","width":1080,"height":1080,"caption":"Av. Deniz Can K\u0131z\u0131l"},"image":{"@id":"https:\/\/denizcankizil.tr\/#\/schema\/logo\/image\/"}},{"@type":"Person","@id":"https:\/\/denizcankizil.tr\/#\/schema\/person\/e1eb71bb4dd684d46563f0af307e1234","name":"Antalya K\u00f6rfez","image":{"@type":"ImageObject","inLanguage":"ru-RU","@id":"https:\/\/denizcankizil.tr\/#\/schema\/person\/image\/","url":"https:\/\/secure.gravatar.com\/avatar\/42b01982558a48a0b501fdcab6a408d3717ea5919095ee2e67b0e521799c5905?s=96&d=mm&r=g","contentUrl":"https:\/\/secure.gravatar.com\/avatar\/42b01982558a48a0b501fdcab6a408d3717ea5919095ee2e67b0e521799c5905?s=96&d=mm&r=g","caption":"Antalya K\u00f6rfez"},"sameAs":["http:\/\/www.antalyakorfez.com"],"url":"https:\/\/www.antalyakorfez.com\/cavit-ari-muhittin-baskan-egitime-1-milyar-tl-bagisladi-kimsenin-parasina-ihtiyaci-yok"}]}},"_links":{"self":[{"href":"https:\/\/denizcankizil.tr\/ru\/wp-json\/wp\/v2\/posts\/138794","targetHints":{"allow":["GET"]}}],"collection":[{"href":"https:\/\/denizcankizil.tr\/ru\/wp-json\/wp\/v2\/posts"}],"about":[{"href":"https:\/\/denizcankizil.tr\/ru\/wp-json\/wp\/v2\/types\/post"}],"author":[{"embeddable":true,"href":"https:\/\/denizcankizil.tr\/ru\/wp-json\/wp\/v2\/users\/5"}],"replies":[{"embeddable":true,"href":"https:\/\/denizcankizil.tr\/ru\/wp-json\/wp\/v2\/comments?post=138794"}],"version-history":[{"count":0,"href":"https:\/\/denizcankizil.tr\/ru\/wp-json\/wp\/v2\/posts\/138794\/revisions"}],"wp:attachment":[{"href":"https:\/\/denizcankizil.tr\/ru\/wp-json\/wp\/v2\/media?parent=138794"}],"wp:term":[{"taxonomy":"category","embeddable":true,"href":"https:\/\/denizcankizil.tr\/ru\/wp-json\/wp\/v2\/categories?post=138794"},{"taxonomy":"post_tag","embeddable":true,"href":"https:\/\/denizcankizil.tr\/ru\/wp-json\/wp\/v2\/tags?post=138794"}],"curies":[{"name":"wp","href":"https:\/\/api.w.org\/{rel}","templated":true}]}}