{"id":136897,"date":"2025-07-05T17:41:20","date_gmt":"2025-07-05T14:41:20","guid":{"rendered":"https:\/\/denizcankizil.tr\/uncategorized-tr\/adalet-bakani-yilmaz-tunc-sorusturmalar-yasal-sinirlar-icerisinde-suruyor\/"},"modified":"2025-07-05T17:41:20","modified_gmt":"2025-07-05T14:41:20","slug":"adalet-bakani-yilmaz-tunc-sorusturmalar-yasal-sinirlar-icerisinde-suruyor","status":"publish","type":"post","link":"https:\/\/denizcankizil.tr\/ru\/haberler\/gundem\/adalet-bakani-yilmaz-tunc-sorusturmalar-yasal-sinirlar-icerisinde-suruyor\/","title":{"rendered":"Adalet Bakan\u0131 Y\u0131lmaz Tun\u00e7: Soru\u015fturmalar yasal s\u0131n\u0131rlar i\u00e7erisinde s\u00fcr\u00fcyor"},"content":{"rendered":"<p>Adalet Bakan\u0131 Y\u0131lmaz Tun\u00e7, Adana B\u00fcy\u00fck\u015fehir Belediye Ba\u015fkan\u0131 Zeydan Karalar, Ad\u0131yaman Belediye Ba\u015fkan\u0131 Abdurrahman Tutdere ve Antalya B\u00fcy\u00fck\u015fehir Belediye Ba\u015fkan\u0131 Muhittin B\u00f6cek hakk\u0131ndaki r\u00fc\u015fvet ve irtikap iddialar\u0131na ili\u015fkin a\u00e7\u0131klamalarda bulundu. Bakan Tun\u00e7, ilgili Cumhuriyet Ba\u015fsavc\u0131l\u0131klar\u0131nca ba\u015flat\u0131lan adli soru\u015fturmalar\u0131n, hukukun gerekleri do\u011frultusunda ve tamamen yasal s\u0131n\u0131rlar i\u00e7inde s\u00fcrd\u00fcr\u00fcld\u00fc\u011f\u00fcn\u00fc belirtti.<\/p>\n<p>CEZA MUHAKEMES\u0130 KANUNU&#8217;NA VURGU<\/p>\n<p>Bakan Tun\u00e7, a\u00e7\u0131klamas\u0131nda Ceza Muhakemesi Kanunu&#8217;nun 160. maddesine at\u0131fta bulunarak, &#8220;Bir su\u00e7 i\u015flendi\u011fi izlenimini veren bir durum ortaya \u00e7\u0131kt\u0131\u011f\u0131nda, Cumhuriyet savc\u0131s\u0131, maddi ger\u00e7e\u011fi ortaya \u00e7\u0131karmak ve kamu davas\u0131 a\u00e7\u0131l\u0131p a\u00e7\u0131lmayaca\u011f\u0131na karar vermek \u00fczere derhal soru\u015fturmaya ba\u015flamakla y\u00fck\u00fcml\u00fcd\u00fcr&#8221; ifadesini kulland\u0131. Tun\u00e7, kuvvetli su\u00e7 \u015f\u00fcphesinin varl\u0131\u011f\u0131 halinde yarg\u0131n\u0131n buna kay\u0131ts\u0131z kalmas\u0131n\u0131n d\u00fc\u015f\u00fcn\u00fclemeyece\u011fini dile getirdi.<\/p>\n<p>SAVUNMA HAKLARI G\u00dcVENCE ALTINDA<\/p>\n<p>Soru\u015fturmalar kapsam\u0131nda \u015f\u00fcpheli konumundaki \u015fah\u0131slar\u0131n haklar\u0131na da de\u011finen Bakan Tun\u00e7, Cumhuriyet Ba\u015fsavc\u0131l\u0131klar\u0131nca ortaya konulan deliller ve iddialar kar\u015f\u0131s\u0131nda, \u015f\u00fcpheli konumdaki \u015fah\u0131slar\u0131n savunma haklar\u0131n\u0131n g\u00fcvence alt\u0131nda oldu\u011funu vurgulad\u0131. Tun\u00e7, hi\u00e7 kimsenin hukuk ve kanunlar kar\u015f\u0131s\u0131nda sorumsuz olmad\u0131\u011f\u0131n\u0131, kamu g\u00f6revi y\u00fcr\u00fctenler dahil herkesin yarg\u0131 denetimine tabi oldu\u011funu belirtti.<\/p>\n<p>YARGIYA Y\u00d6NEL\u0130K &#8220;S\u0130YAS\u0130&#8221; N\u0130TELEME KABUL ED\u0130LEMEZ<\/p>\n<p>Adalet Bakan\u0131 Tun\u00e7, soru\u015fturma safhas\u0131nda y\u00fcr\u00fct\u00fclen adli i\u015flemleri &#8220;siyasi&#8221;, &#8220;tarafl\u0131&#8221; ya da &#8220;kas\u0131tl\u0131&#8221; g\u00f6stermenin, do\u011frudan yarg\u0131n\u0131n tarafs\u0131zl\u0131\u011f\u0131na ve ba\u011f\u0131ms\u0131zl\u0131\u011f\u0131na zarar veren, yarg\u0131y\u0131 y\u0131pratma amac\u0131 ta\u015f\u0131yan sorumsuz ithamlar oldu\u011funu ifade etti. Tun\u00e7, dosyalar\u0131n i\u00e7eri\u011fini bilmeden yap\u0131lan &#8220;ortada su\u00e7 yoktur&#8221; ya da &#8220;kesin su\u00e7 i\u015flenmi\u015ftir&#8221; \u015feklindeki pe\u015fin h\u00fck\u00fcmlerin, soru\u015fturmay\u0131 etkilemeye y\u00f6nelik beyanlar niteli\u011finde oldu\u011funu kaydetti.<\/p>\n<p>YARGIYA BASKI KURMA G\u0130R\u0130\u015e\u0130MLER\u0130NE TEPK\u0130<\/p>\n<p>\u00d6zellikle baz\u0131 \u00e7evrelerce yarg\u0131 mensuplar\u0131n\u0131 hedef alan &#8220;kara propagandalar\u0131n&#8221; adli s\u00fcre\u00e7lere ve hukuk g\u00fcvenli\u011fine zarar verdi\u011fini belirten Bakan Tun\u00e7, adli soru\u015fturmalar\u0131 sayg\u0131s\u0131z ve hadsiz bir \u00fcslupla Cumhurba\u015fkan\u0131 ile ili\u015fkilendirenleri ele\u015ftirdi. Mesnetsiz ve seviyesiz ithamlarda bulunanlar\u0131n, do\u011frudan yarg\u0131ya, hukuka ve anayasal d\u00fczene sald\u0131rd\u0131\u011f\u0131n\u0131 ifade eden Tun\u00e7, soru\u015fturmay\u0131 y\u00fcr\u00fcten ba\u011f\u0131ms\u0131z adli makamlara y\u00f6nelik hakaret ve tehdit i\u00e7eren a\u00e7\u0131klamalar\u0131n, a\u00e7\u0131k\u00e7a yarg\u0131ya bask\u0131 kurma, adaletin tecellisini engelleme ve kamuoyunu yan\u0131ltma te\u015febb\u00fcs\u00fc oldu\u011funu dile getirdi.<\/p>\n<p>HUKUK\u0130 S\u00dcRECE SAYGI \u00c7A\u011eRISI<\/p>\n<p>Adalet Bakan\u0131 Y\u0131lmaz Tun\u00e7, bu t\u00fcr sald\u0131rgan ve sorumsuz s\u00f6ylemlerin asla kabul edilemez oldu\u011funu vurgulad\u0131. Tun\u00e7, yarg\u0131 s\u00fcreci devam ederken, hi\u00e7 kimsenin kendisini hakim-savc\u0131 yerine koyarak h\u00fck\u00fcm verme hadsizli\u011finde bulunamayaca\u011f\u0131n\u0131n alt\u0131n\u0131 \u00e7izdi. Bakan Tun\u00e7, hukuka sayg\u0131s\u0131 olan herkesin yapmas\u0131 gerekenin, yarg\u0131n\u0131n verece\u011fi karar\u0131 beklemek, hukuki s\u00fcrece sayg\u0131 g\u00f6stermek ve adil yarg\u0131lamaya g\u00f6lge d\u00fc\u015f\u00fcrecek tutumlardan ka\u00e7\u0131nmak oldu\u011funu belirterek a\u00e7\u0131klamas\u0131n\u0131 tamamlad\u0131.<\/p>\n<p>\u200bAdalet Bakan\u0131 Y\u0131lmaz Tun\u00e7, sosyal medya hesab\u0131ndan yapt\u0131\u011f\u0131 a\u00e7\u0131klamayla, Adana, Ad\u0131yaman ve Antalya B\u00fcy\u00fck\u015fehir Belediye Ba\u015fkanlar\u0131 hakk\u0131nda y\u00fcr\u00fct\u00fclen adli soru\u015fturmalara ili\u015fkin  de\u011ferlendirmelerde bulundu. Bakan Tun\u00e7, soru\u015fturmalar\u0131n hukukun gerekleri do\u011frultusunda ve tamamen yasal s\u0131n\u0131rlar i\u00e7inde s\u00fcrd\u00fcr\u00fcld\u00fc\u011f\u00fcn\u00fc vurgulad\u0131.\u00a0<\/p>\n<p>\u200bHaberin Al\u0131nt\u0131land\u0131\u011f\u0131 Kaynak: www.antalyakorfez.com<\/p>","protected":false},"excerpt":{"rendered":"<p>Adalet Bakan\u0131 Y\u0131lmaz Tun\u00e7, Adana B\u00fcy\u00fck\u015fehir Belediye Ba\u015fkan\u0131 Zeydan Karalar, Ad\u0131yaman Belediye Ba\u015fkan\u0131 Abdurrahman Tutdere ve Antalya B\u00fcy\u00fck\u015fehir Belediye Ba\u015fkan\u0131 Muhittin B\u00f6cek hakk\u0131ndaki r\u00fc\u015fvet ve irtikap iddialar\u0131na ili\u015fkin a\u00e7\u0131klamalarda bulundu. Bakan Tun\u00e7, ilgili Cumhuriyet Ba\u015fsavc\u0131l\u0131klar\u0131nca ba\u015flat\u0131lan adli soru\u015fturmalar\u0131n, hukukun gerekleri do\u011frultusunda ve tamamen yasal s\u0131n\u0131rlar i\u00e7inde s\u00fcrd\u00fcr\u00fcld\u00fc\u011f\u00fcn\u00fc belirtti. CEZA MUHAKEMES\u0130 KANUNU&#8217;NA VURGU Bakan Tun\u00e7, a\u00e7\u0131klamas\u0131nda Ceza Muhakemesi Kanunu&#8217;nun 160. maddesine at\u0131fta bulunarak, &#8220;Bir su\u00e7 i\u015flendi\u011fi izlenimini veren bir durum ortaya \u00e7\u0131kt\u0131\u011f\u0131nda, Cumhuriyet savc\u0131s\u0131, maddi ger\u00e7e\u011fi ortaya \u00e7\u0131karmak ve kamu davas\u0131 a\u00e7\u0131l\u0131p a\u00e7\u0131lmayaca\u011f\u0131na karar vermek \u00fczere derhal soru\u015fturmaya ba\u015flamakla y\u00fck\u00fcml\u00fcd\u00fcr&#8221; ifadesini kulland\u0131. Tun\u00e7, kuvvetli su\u00e7 \u015f\u00fcphesinin varl\u0131\u011f\u0131 halinde yarg\u0131n\u0131n buna kay\u0131ts\u0131z kalmas\u0131n\u0131n d\u00fc\u015f\u00fcn\u00fclemeyece\u011fini dile getirdi. SAVUNMA HAKLARI G\u00dcVENCE ALTINDA Soru\u015fturmalar kapsam\u0131nda \u015f\u00fcpheli konumundaki \u015fah\u0131slar\u0131n haklar\u0131na da de\u011finen Bakan Tun\u00e7, Cumhuriyet Ba\u015fsavc\u0131l\u0131klar\u0131nca ortaya konulan deliller ve iddialar kar\u015f\u0131s\u0131nda, \u015f\u00fcpheli konumdaki \u015fah\u0131slar\u0131n savunma haklar\u0131n\u0131n g\u00fcvence alt\u0131nda oldu\u011funu vurgulad\u0131. Tun\u00e7, hi\u00e7 kimsenin hukuk ve kanunlar kar\u015f\u0131s\u0131nda sorumsuz olmad\u0131\u011f\u0131n\u0131, kamu g\u00f6revi y\u00fcr\u00fctenler dahil herkesin yarg\u0131 denetimine tabi oldu\u011funu belirtti. YARGIYA Y\u00d6NEL\u0130K &#8220;S\u0130YAS\u0130&#8221; N\u0130TELEME KABUL ED\u0130LEMEZ Adalet Bakan\u0131 Tun\u00e7, soru\u015fturma safhas\u0131nda y\u00fcr\u00fct\u00fclen adli i\u015flemleri &#8220;siyasi&#8221;, &#8220;tarafl\u0131&#8221; ya da &#8220;kas\u0131tl\u0131&#8221; g\u00f6stermenin, do\u011frudan yarg\u0131n\u0131n tarafs\u0131zl\u0131\u011f\u0131na ve ba\u011f\u0131ms\u0131zl\u0131\u011f\u0131na zarar veren, yarg\u0131y\u0131 y\u0131pratma amac\u0131 ta\u015f\u0131yan sorumsuz ithamlar oldu\u011funu ifade etti. Tun\u00e7, dosyalar\u0131n i\u00e7eri\u011fini bilmeden yap\u0131lan &#8220;ortada su\u00e7 yoktur&#8221; ya da &hellip;<\/p>","protected":false},"author":5,"featured_media":0,"comment_status":"","ping_status":"open","sticky":false,"template":"","format":"standard","meta":{"_acf_changed":false,"footnotes":""},"categories":[24],"tags":[],"class_list":["post-136897","post","type-post","status-publish","format-standard","has-post-thumbnail","hentry","category-gundem"],"acf":[],"yoast_head":"<!-- This site is optimized with the Yoast SEO Premium plugin v26.6 (Yoast SEO v27.1.1) - https:\/\/yoast.com\/product\/yoast-seo-premium-wordpress\/ -->\n<title>Adalet Bakan\u0131 Y\u0131lmaz Tun\u00e7: Soru\u015fturmalar yasal s\u0131n\u0131rlar i\u00e7erisinde s\u00fcr\u00fcyor - Av. Deniz Can K\u0131z\u0131l<\/title>\n<meta name=\"robots\" content=\"index, follow, max-snippet:-1, max-image-preview:large, max-video-preview:-1\" \/>\n<link rel=\"canonical\" href=\"https:\/\/denizcankizil.tr\/ru\/haberler\/gundem\/adalet-bakani-yilmaz-tunc-sorusturmalar-yasal-sinirlar-icerisinde-suruyor\/\" \/>\n<meta property=\"og:locale\" content=\"ru_RU\" \/>\n<meta property=\"og:type\" content=\"article\" \/>\n<meta property=\"og:title\" content=\"Adalet Bakan\u0131 Y\u0131lmaz Tun\u00e7: Soru\u015fturmalar yasal s\u0131n\u0131rlar i\u00e7erisinde s\u00fcr\u00fcyor\" \/>\n<meta property=\"og:description\" content=\"Adalet Bakan\u0131 Y\u0131lmaz Tun\u00e7, Adana B\u00fcy\u00fck\u015fehir Belediye Ba\u015fkan\u0131 Zeydan Karalar, Ad\u0131yaman Belediye Ba\u015fkan\u0131 Abdurrahman Tutdere ve Antalya B\u00fcy\u00fck\u015fehir Belediye Ba\u015fkan\u0131 Muhittin B\u00f6cek hakk\u0131ndaki r\u00fc\u015fvet ve irtikap iddialar\u0131na ili\u015fkin a\u00e7\u0131klamalarda bulundu. Bakan Tun\u00e7, ilgili Cumhuriyet Ba\u015fsavc\u0131l\u0131klar\u0131nca ba\u015flat\u0131lan adli soru\u015fturmalar\u0131n, hukukun gerekleri do\u011frultusunda ve tamamen yasal s\u0131n\u0131rlar i\u00e7inde s\u00fcrd\u00fcr\u00fcld\u00fc\u011f\u00fcn\u00fc belirtti. CEZA MUHAKEMES\u0130 KANUNU&#8217;NA VURGU Bakan Tun\u00e7, a\u00e7\u0131klamas\u0131nda Ceza Muhakemesi Kanunu&#8217;nun 160. maddesine at\u0131fta bulunarak, &#8220;Bir su\u00e7 i\u015flendi\u011fi izlenimini veren bir durum ortaya \u00e7\u0131kt\u0131\u011f\u0131nda, Cumhuriyet savc\u0131s\u0131, maddi ger\u00e7e\u011fi ortaya \u00e7\u0131karmak ve kamu davas\u0131 a\u00e7\u0131l\u0131p a\u00e7\u0131lmayaca\u011f\u0131na karar vermek \u00fczere derhal soru\u015fturmaya ba\u015flamakla y\u00fck\u00fcml\u00fcd\u00fcr&#8221; ifadesini kulland\u0131. Tun\u00e7, kuvvetli su\u00e7 \u015f\u00fcphesinin varl\u0131\u011f\u0131 halinde yarg\u0131n\u0131n buna kay\u0131ts\u0131z kalmas\u0131n\u0131n d\u00fc\u015f\u00fcn\u00fclemeyece\u011fini dile getirdi. SAVUNMA HAKLARI G\u00dcVENCE ALTINDA Soru\u015fturmalar kapsam\u0131nda \u015f\u00fcpheli konumundaki \u015fah\u0131slar\u0131n haklar\u0131na da de\u011finen Bakan Tun\u00e7, Cumhuriyet Ba\u015fsavc\u0131l\u0131klar\u0131nca ortaya konulan deliller ve iddialar kar\u015f\u0131s\u0131nda, \u015f\u00fcpheli konumdaki \u015fah\u0131slar\u0131n savunma haklar\u0131n\u0131n g\u00fcvence alt\u0131nda oldu\u011funu vurgulad\u0131. Tun\u00e7, hi\u00e7 kimsenin hukuk ve kanunlar kar\u015f\u0131s\u0131nda sorumsuz olmad\u0131\u011f\u0131n\u0131, kamu g\u00f6revi y\u00fcr\u00fctenler dahil herkesin yarg\u0131 denetimine tabi oldu\u011funu belirtti. YARGIYA Y\u00d6NEL\u0130K &#8220;S\u0130YAS\u0130&#8221; N\u0130TELEME KABUL ED\u0130LEMEZ Adalet Bakan\u0131 Tun\u00e7, soru\u015fturma safhas\u0131nda y\u00fcr\u00fct\u00fclen adli i\u015flemleri &#8220;siyasi&#8221;, &#8220;tarafl\u0131&#8221; ya da &#8220;kas\u0131tl\u0131&#8221; g\u00f6stermenin, do\u011frudan yarg\u0131n\u0131n tarafs\u0131zl\u0131\u011f\u0131na ve ba\u011f\u0131ms\u0131zl\u0131\u011f\u0131na zarar veren, yarg\u0131y\u0131 y\u0131pratma amac\u0131 ta\u015f\u0131yan sorumsuz ithamlar oldu\u011funu ifade etti. Tun\u00e7, dosyalar\u0131n i\u00e7eri\u011fini bilmeden yap\u0131lan &#8220;ortada su\u00e7 yoktur&#8221; ya da &hellip;\" \/>\n<meta property=\"og:url\" content=\"https:\/\/denizcankizil.tr\/ru\/haberler\/gundem\/adalet-bakani-yilmaz-tunc-sorusturmalar-yasal-sinirlar-icerisinde-suruyor\/\" \/>\n<meta property=\"og:site_name\" content=\"Av. Deniz Can K\u0131z\u0131l\" \/>\n<meta property=\"article:published_time\" content=\"2025-07-05T14:41:20+00:00\" \/>\n<meta name=\"author\" content=\"Antalya K\u00f6rfez\" \/>\n<meta name=\"twitter:card\" content=\"summary_large_image\" \/>\n<meta name=\"twitter:label1\" content=\"\u041d\u0430\u043f\u0438\u0441\u0430\u043d\u043e \u0430\u0432\u0442\u043e\u0440\u043e\u043c\" \/>\n\t<meta name=\"twitter:data1\" content=\"Antalya K\u00f6rfez\" \/>\n\t<meta name=\"twitter:label2\" content=\"\u041f\u0440\u0438\u043c\u0435\u0440\u043d\u043e\u0435 \u0432\u0440\u0435\u043c\u044f \u0434\u043b\u044f \u0447\u0442\u0435\u043d\u0438\u044f\" \/>\n\t<meta name=\"twitter:data2\" content=\"3 \u043c\u0438\u043d\u0443\u0442\u044b\" \/>\n<script type=\"application\/ld+json\" class=\"yoast-schema-graph\">{\"@context\":\"https:\/\/schema.org\",\"@graph\":[{\"@type\":\"Article\",\"@id\":\"https:\/\/denizcankizil.tr\/de\/haberler\/gundem\/adalet-bakani-yilmaz-tunc-sorusturmalar-yasal-sinirlar-icerisinde-suruyor\/#article\",\"isPartOf\":{\"@id\":\"https:\/\/denizcankizil.tr\/de\/haberler\/gundem\/adalet-bakani-yilmaz-tunc-sorusturmalar-yasal-sinirlar-icerisinde-suruyor\/\"},\"author\":{\"name\":\"Antalya K\u00f6rfez\",\"@id\":\"https:\/\/denizcankizil.tr\/de\/#\/schema\/person\/e1eb71bb4dd684d46563f0af307e1234\"},\"headline\":\"Adalet Bakan\u0131 Y\u0131lmaz Tun\u00e7: Soru\u015fturmalar yasal s\u0131n\u0131rlar i\u00e7erisinde s\u00fcr\u00fcyor\",\"datePublished\":\"2025-07-05T14:41:20+00:00\",\"mainEntityOfPage\":{\"@id\":\"https:\/\/denizcankizil.tr\/de\/haberler\/gundem\/adalet-bakani-yilmaz-tunc-sorusturmalar-yasal-sinirlar-icerisinde-suruyor\/\"},\"wordCount\":628,\"publisher\":{\"@id\":\"https:\/\/denizcankizil.tr\/de\/#organization\"},\"articleSection\":[\"G\u00fcndem\"],\"inLanguage\":\"ru-RU\"},{\"@type\":\"WebPage\",\"@id\":\"https:\/\/denizcankizil.tr\/de\/haberler\/gundem\/adalet-bakani-yilmaz-tunc-sorusturmalar-yasal-sinirlar-icerisinde-suruyor\/\",\"url\":\"https:\/\/denizcankizil.tr\/de\/haberler\/gundem\/adalet-bakani-yilmaz-tunc-sorusturmalar-yasal-sinirlar-icerisinde-suruyor\/\",\"name\":\"Adalet Bakan\u0131 Y\u0131lmaz Tun\u00e7: Soru\u015fturmalar yasal s\u0131n\u0131rlar i\u00e7erisinde s\u00fcr\u00fcyor - Av. Deniz Can K\u0131z\u0131l\",\"isPartOf\":{\"@id\":\"https:\/\/denizcankizil.tr\/de\/#website\"},\"datePublished\":\"2025-07-05T14:41:20+00:00\",\"breadcrumb\":{\"@id\":\"https:\/\/denizcankizil.tr\/de\/haberler\/gundem\/adalet-bakani-yilmaz-tunc-sorusturmalar-yasal-sinirlar-icerisinde-suruyor\/#breadcrumb\"},\"inLanguage\":\"ru-RU\",\"potentialAction\":[{\"@type\":\"ReadAction\",\"target\":[\"https:\/\/denizcankizil.tr\/de\/haberler\/gundem\/adalet-bakani-yilmaz-tunc-sorusturmalar-yasal-sinirlar-icerisinde-suruyor\/\"]}]},{\"@type\":\"BreadcrumbList\",\"@id\":\"https:\/\/denizcankizil.tr\/de\/haberler\/gundem\/adalet-bakani-yilmaz-tunc-sorusturmalar-yasal-sinirlar-icerisinde-suruyor\/#breadcrumb\",\"itemListElement\":[{\"@type\":\"ListItem\",\"position\":1,\"name\":\"Home\",\"item\":\"https:\/\/denizcankizil.tr\/de\/\"},{\"@type\":\"ListItem\",\"position\":2,\"name\":\"Adalet Bakan\u0131 Y\u0131lmaz Tun\u00e7: Soru\u015fturmalar yasal s\u0131n\u0131rlar i\u00e7erisinde s\u00fcr\u00fcyor\"}]},{\"@type\":\"WebSite\",\"@id\":\"https:\/\/denizcankizil.tr\/de\/#website\",\"url\":\"https:\/\/denizcankizil.tr\/de\/\",\"name\":\"Av. Deniz Can K\u0131z\u0131l\",\"description\":\"Avukat Deniz Can K\u0131z\u0131l Antalya Barosu\",\"publisher\":{\"@id\":\"https:\/\/denizcankizil.tr\/de\/#organization\"},\"potentialAction\":[{\"@type\":\"SearchAction\",\"target\":{\"@type\":\"EntryPoint\",\"urlTemplate\":\"https:\/\/denizcankizil.tr\/de\/?s={search_term_string}\"},\"query-input\":{\"@type\":\"PropertyValueSpecification\",\"valueRequired\":true,\"valueName\":\"search_term_string\"}}],\"inLanguage\":\"ru-RU\"},{\"@type\":\"Organization\",\"@id\":\"https:\/\/denizcankizil.tr\/de\/#organization\",\"name\":\"Av. Deniz Can K\u0131z\u0131l\",\"url\":\"https:\/\/denizcankizil.tr\/de\/\",\"logo\":{\"@type\":\"ImageObject\",\"inLanguage\":\"ru-RU\",\"@id\":\"https:\/\/denizcankizil.tr\/de\/#\/schema\/logo\/image\/\",\"url\":\"https:\/\/denizcankizil.tr\/wp-content\/uploads\/2024\/10\/siyah-logo-svg.svg\",\"contentUrl\":\"https:\/\/denizcankizil.tr\/wp-content\/uploads\/2024\/10\/siyah-logo-svg.svg\",\"width\":1080,\"height\":1080,\"caption\":\"Av. Deniz Can K\u0131z\u0131l\"},\"image\":{\"@id\":\"https:\/\/denizcankizil.tr\/de\/#\/schema\/logo\/image\/\"}},{\"@type\":\"Person\",\"@id\":\"https:\/\/denizcankizil.tr\/de\/#\/schema\/person\/e1eb71bb4dd684d46563f0af307e1234\",\"name\":\"Antalya K\u00f6rfez\",\"image\":{\"@type\":\"ImageObject\",\"inLanguage\":\"ru-RU\",\"@id\":\"https:\/\/denizcankizil.tr\/de\/#\/schema\/person\/image\/\",\"url\":\"https:\/\/secure.gravatar.com\/avatar\/42b01982558a48a0b501fdcab6a408d3717ea5919095ee2e67b0e521799c5905?s=96&d=mm&r=g\",\"contentUrl\":\"https:\/\/secure.gravatar.com\/avatar\/42b01982558a48a0b501fdcab6a408d3717ea5919095ee2e67b0e521799c5905?s=96&d=mm&r=g\",\"caption\":\"Antalya K\u00f6rfez\"},\"sameAs\":[\"http:\/\/www.antalyakorfez.com\"],\"url\":\"https:\/\/www.antalyakorfez.com\/adalet-bakani-yilmaz-tunc-sorusturmalar-yasal-sinirlar-icerisinde-suruyor\"}]}<\/script>\n<!-- \/ Yoast SEO Premium plugin. -->","yoast_head_json":{"title":"Adalet Bakan\u0131 Y\u0131lmaz Tun\u00e7: Soru\u015fturmalar yasal s\u0131n\u0131rlar i\u00e7erisinde s\u00fcr\u00fcyor - Av. Deniz Can K\u0131z\u0131l","robots":{"index":"index","follow":"follow","max-snippet":"max-snippet:-1","max-image-preview":"max-image-preview:large","max-video-preview":"max-video-preview:-1"},"canonical":"https:\/\/denizcankizil.tr\/ru\/haberler\/gundem\/adalet-bakani-yilmaz-tunc-sorusturmalar-yasal-sinirlar-icerisinde-suruyor\/","og_locale":"ru_RU","og_type":"article","og_title":"Adalet Bakan\u0131 Y\u0131lmaz Tun\u00e7: Soru\u015fturmalar yasal s\u0131n\u0131rlar i\u00e7erisinde s\u00fcr\u00fcyor","og_description":"Adalet Bakan\u0131 Y\u0131lmaz Tun\u00e7, Adana B\u00fcy\u00fck\u015fehir Belediye Ba\u015fkan\u0131 Zeydan Karalar, Ad\u0131yaman Belediye Ba\u015fkan\u0131 Abdurrahman Tutdere ve Antalya B\u00fcy\u00fck\u015fehir Belediye Ba\u015fkan\u0131 Muhittin B\u00f6cek hakk\u0131ndaki r\u00fc\u015fvet ve irtikap iddialar\u0131na ili\u015fkin a\u00e7\u0131klamalarda bulundu. Bakan Tun\u00e7, ilgili Cumhuriyet Ba\u015fsavc\u0131l\u0131klar\u0131nca ba\u015flat\u0131lan adli soru\u015fturmalar\u0131n, hukukun gerekleri do\u011frultusunda ve tamamen yasal s\u0131n\u0131rlar i\u00e7inde s\u00fcrd\u00fcr\u00fcld\u00fc\u011f\u00fcn\u00fc belirtti. CEZA MUHAKEMES\u0130 KANUNU&#8217;NA VURGU Bakan Tun\u00e7, a\u00e7\u0131klamas\u0131nda Ceza Muhakemesi Kanunu&#8217;nun 160. maddesine at\u0131fta bulunarak, &#8220;Bir su\u00e7 i\u015flendi\u011fi izlenimini veren bir durum ortaya \u00e7\u0131kt\u0131\u011f\u0131nda, Cumhuriyet savc\u0131s\u0131, maddi ger\u00e7e\u011fi ortaya \u00e7\u0131karmak ve kamu davas\u0131 a\u00e7\u0131l\u0131p a\u00e7\u0131lmayaca\u011f\u0131na karar vermek \u00fczere derhal soru\u015fturmaya ba\u015flamakla y\u00fck\u00fcml\u00fcd\u00fcr&#8221; ifadesini kulland\u0131. Tun\u00e7, kuvvetli su\u00e7 \u015f\u00fcphesinin varl\u0131\u011f\u0131 halinde yarg\u0131n\u0131n buna kay\u0131ts\u0131z kalmas\u0131n\u0131n d\u00fc\u015f\u00fcn\u00fclemeyece\u011fini dile getirdi. SAVUNMA HAKLARI G\u00dcVENCE ALTINDA Soru\u015fturmalar kapsam\u0131nda \u015f\u00fcpheli konumundaki \u015fah\u0131slar\u0131n haklar\u0131na da de\u011finen Bakan Tun\u00e7, Cumhuriyet Ba\u015fsavc\u0131l\u0131klar\u0131nca ortaya konulan deliller ve iddialar kar\u015f\u0131s\u0131nda, \u015f\u00fcpheli konumdaki \u015fah\u0131slar\u0131n savunma haklar\u0131n\u0131n g\u00fcvence alt\u0131nda oldu\u011funu vurgulad\u0131. Tun\u00e7, hi\u00e7 kimsenin hukuk ve kanunlar kar\u015f\u0131s\u0131nda sorumsuz olmad\u0131\u011f\u0131n\u0131, kamu g\u00f6revi y\u00fcr\u00fctenler dahil herkesin yarg\u0131 denetimine tabi oldu\u011funu belirtti. YARGIYA Y\u00d6NEL\u0130K &#8220;S\u0130YAS\u0130&#8221; N\u0130TELEME KABUL ED\u0130LEMEZ Adalet Bakan\u0131 Tun\u00e7, soru\u015fturma safhas\u0131nda y\u00fcr\u00fct\u00fclen adli i\u015flemleri &#8220;siyasi&#8221;, &#8220;tarafl\u0131&#8221; ya da &#8220;kas\u0131tl\u0131&#8221; g\u00f6stermenin, do\u011frudan yarg\u0131n\u0131n tarafs\u0131zl\u0131\u011f\u0131na ve ba\u011f\u0131ms\u0131zl\u0131\u011f\u0131na zarar veren, yarg\u0131y\u0131 y\u0131pratma amac\u0131 ta\u015f\u0131yan sorumsuz ithamlar oldu\u011funu ifade etti. Tun\u00e7, dosyalar\u0131n i\u00e7eri\u011fini bilmeden yap\u0131lan &#8220;ortada su\u00e7 yoktur&#8221; ya da &hellip;","og_url":"https:\/\/denizcankizil.tr\/ru\/haberler\/gundem\/adalet-bakani-yilmaz-tunc-sorusturmalar-yasal-sinirlar-icerisinde-suruyor\/","og_site_name":"Av. Deniz Can K\u0131z\u0131l","article_published_time":"2025-07-05T14:41:20+00:00","author":"Antalya K\u00f6rfez","twitter_card":"summary_large_image","twitter_misc":{"\u041d\u0430\u043f\u0438\u0441\u0430\u043d\u043e \u0430\u0432\u0442\u043e\u0440\u043e\u043c":"Antalya K\u00f6rfez","\u041f\u0440\u0438\u043c\u0435\u0440\u043d\u043e\u0435 \u0432\u0440\u0435\u043c\u044f \u0434\u043b\u044f \u0447\u0442\u0435\u043d\u0438\u044f":"3 \u043c\u0438\u043d\u0443\u0442\u044b"},"schema":{"@context":"https:\/\/schema.org","@graph":[{"@type":"Article","@id":"https:\/\/denizcankizil.tr\/de\/haberler\/gundem\/adalet-bakani-yilmaz-tunc-sorusturmalar-yasal-sinirlar-icerisinde-suruyor\/#article","isPartOf":{"@id":"https:\/\/denizcankizil.tr\/de\/haberler\/gundem\/adalet-bakani-yilmaz-tunc-sorusturmalar-yasal-sinirlar-icerisinde-suruyor\/"},"author":{"name":"Antalya K\u00f6rfez","@id":"https:\/\/denizcankizil.tr\/de\/#\/schema\/person\/e1eb71bb4dd684d46563f0af307e1234"},"headline":"Adalet Bakan\u0131 Y\u0131lmaz Tun\u00e7: Soru\u015fturmalar yasal s\u0131n\u0131rlar i\u00e7erisinde s\u00fcr\u00fcyor","datePublished":"2025-07-05T14:41:20+00:00","mainEntityOfPage":{"@id":"https:\/\/denizcankizil.tr\/de\/haberler\/gundem\/adalet-bakani-yilmaz-tunc-sorusturmalar-yasal-sinirlar-icerisinde-suruyor\/"},"wordCount":628,"publisher":{"@id":"https:\/\/denizcankizil.tr\/de\/#organization"},"articleSection":["G\u00fcndem"],"inLanguage":"ru-RU"},{"@type":"WebPage","@id":"https:\/\/denizcankizil.tr\/de\/haberler\/gundem\/adalet-bakani-yilmaz-tunc-sorusturmalar-yasal-sinirlar-icerisinde-suruyor\/","url":"https:\/\/denizcankizil.tr\/de\/haberler\/gundem\/adalet-bakani-yilmaz-tunc-sorusturmalar-yasal-sinirlar-icerisinde-suruyor\/","name":"Adalet Bakan\u0131 Y\u0131lmaz Tun\u00e7: Soru\u015fturmalar yasal s\u0131n\u0131rlar i\u00e7erisinde s\u00fcr\u00fcyor - Av. Deniz Can K\u0131z\u0131l","isPartOf":{"@id":"https:\/\/denizcankizil.tr\/de\/#website"},"datePublished":"2025-07-05T14:41:20+00:00","breadcrumb":{"@id":"https:\/\/denizcankizil.tr\/de\/haberler\/gundem\/adalet-bakani-yilmaz-tunc-sorusturmalar-yasal-sinirlar-icerisinde-suruyor\/#breadcrumb"},"inLanguage":"ru-RU","potentialAction":[{"@type":"ReadAction","target":["https:\/\/denizcankizil.tr\/de\/haberler\/gundem\/adalet-bakani-yilmaz-tunc-sorusturmalar-yasal-sinirlar-icerisinde-suruyor\/"]}]},{"@type":"BreadcrumbList","@id":"https:\/\/denizcankizil.tr\/de\/haberler\/gundem\/adalet-bakani-yilmaz-tunc-sorusturmalar-yasal-sinirlar-icerisinde-suruyor\/#breadcrumb","itemListElement":[{"@type":"ListItem","position":1,"name":"Home","item":"https:\/\/denizcankizil.tr\/de\/"},{"@type":"ListItem","position":2,"name":"Adalet Bakan\u0131 Y\u0131lmaz Tun\u00e7: Soru\u015fturmalar yasal s\u0131n\u0131rlar i\u00e7erisinde s\u00fcr\u00fcyor"}]},{"@type":"WebSite","@id":"https:\/\/denizcankizil.tr\/de\/#website","url":"https:\/\/denizcankizil.tr\/de\/","name":"Av. Deniz Can K\u0131z\u0131l","description":"Avukat Deniz Can K\u0131z\u0131l Antalya Barosu","publisher":{"@id":"https:\/\/denizcankizil.tr\/de\/#organization"},"potentialAction":[{"@type":"SearchAction","target":{"@type":"EntryPoint","urlTemplate":"https:\/\/denizcankizil.tr\/de\/?s={search_term_string}"},"query-input":{"@type":"PropertyValueSpecification","valueRequired":true,"valueName":"search_term_string"}}],"inLanguage":"ru-RU"},{"@type":"Organization","@id":"https:\/\/denizcankizil.tr\/de\/#organization","name":"Av. Deniz Can K\u0131z\u0131l","url":"https:\/\/denizcankizil.tr\/de\/","logo":{"@type":"ImageObject","inLanguage":"ru-RU","@id":"https:\/\/denizcankizil.tr\/de\/#\/schema\/logo\/image\/","url":"https:\/\/denizcankizil.tr\/wp-content\/uploads\/2024\/10\/siyah-logo-svg.svg","contentUrl":"https:\/\/denizcankizil.tr\/wp-content\/uploads\/2024\/10\/siyah-logo-svg.svg","width":1080,"height":1080,"caption":"Av. Deniz Can K\u0131z\u0131l"},"image":{"@id":"https:\/\/denizcankizil.tr\/de\/#\/schema\/logo\/image\/"}},{"@type":"Person","@id":"https:\/\/denizcankizil.tr\/de\/#\/schema\/person\/e1eb71bb4dd684d46563f0af307e1234","name":"Antalya K\u00f6rfez","image":{"@type":"ImageObject","inLanguage":"ru-RU","@id":"https:\/\/denizcankizil.tr\/de\/#\/schema\/person\/image\/","url":"https:\/\/secure.gravatar.com\/avatar\/42b01982558a48a0b501fdcab6a408d3717ea5919095ee2e67b0e521799c5905?s=96&d=mm&r=g","contentUrl":"https:\/\/secure.gravatar.com\/avatar\/42b01982558a48a0b501fdcab6a408d3717ea5919095ee2e67b0e521799c5905?s=96&d=mm&r=g","caption":"Antalya K\u00f6rfez"},"sameAs":["http:\/\/www.antalyakorfez.com"],"url":"https:\/\/www.antalyakorfez.com\/adalet-bakani-yilmaz-tunc-sorusturmalar-yasal-sinirlar-icerisinde-suruyor"}]}},"_links":{"self":[{"href":"https:\/\/denizcankizil.tr\/ru\/wp-json\/wp\/v2\/posts\/136897","targetHints":{"allow":["GET"]}}],"collection":[{"href":"https:\/\/denizcankizil.tr\/ru\/wp-json\/wp\/v2\/posts"}],"about":[{"href":"https:\/\/denizcankizil.tr\/ru\/wp-json\/wp\/v2\/types\/post"}],"author":[{"embeddable":true,"href":"https:\/\/denizcankizil.tr\/ru\/wp-json\/wp\/v2\/users\/5"}],"replies":[{"embeddable":true,"href":"https:\/\/denizcankizil.tr\/ru\/wp-json\/wp\/v2\/comments?post=136897"}],"version-history":[{"count":0,"href":"https:\/\/denizcankizil.tr\/ru\/wp-json\/wp\/v2\/posts\/136897\/revisions"}],"wp:attachment":[{"href":"https:\/\/denizcankizil.tr\/ru\/wp-json\/wp\/v2\/media?parent=136897"}],"wp:term":[{"taxonomy":"category","embeddable":true,"href":"https:\/\/denizcankizil.tr\/ru\/wp-json\/wp\/v2\/categories?post=136897"},{"taxonomy":"post_tag","embeddable":true,"href":"https:\/\/denizcankizil.tr\/ru\/wp-json\/wp\/v2\/tags?post=136897"}],"curies":[{"name":"wp","href":"https:\/\/api.w.org\/{rel}","templated":true}]}}