{"id":135688,"date":"2025-07-04T12:43:51","date_gmt":"2025-07-04T09:43:51","guid":{"rendered":"https:\/\/denizcankizil.tr\/uncategorized-tr\/maskiden-surdurulebilir-altyapiya-yatirim\/"},"modified":"2025-07-04T12:43:51","modified_gmt":"2025-07-04T09:43:51","slug":"maskiden-surdurulebilir-altyapiya-yatirim","status":"publish","type":"post","link":"https:\/\/denizcankizil.tr\/ru\/haberler\/gundem\/maskiden-surdurulebilir-altyapiya-yatirim\/","title":{"rendered":"MASK\u0130\u2019den s\u00fcrd\u00fcr\u00fclebilir altyap\u0131ya yat\u0131r\u0131m"},"content":{"rendered":"<p>Manisa B\u00fcy\u00fck\u015fehir Belediyesi, kentin en fazla n\u00fcfusa sahip mahallesi Yunusemre il\u00e7esine ba\u011fl\u0131 Muradiye\u2019de tarihi altyap\u0131 yat\u0131r\u0131m\u0131n\u0131 hayata ge\u00e7iriyor.MAN\u0130SA (\u0130GFA) &#8211;  MASK\u0130 Genel M\u00fcd\u00fcrl\u00fc\u011f\u00fc taraf\u0131ndan D\u00fcnya Bankas\u0131 finansman\u0131yla y\u00fcr\u00fct\u00fclen ve toplam maliyeti 2 milyar TL\u2019yi a\u015fan altyap\u0131 projesinde ikinci ihale de tamamland\u0131. Muradiye At\u0131k Su Ar\u0131tma Tesisi\u2019nin yap\u0131m ihalesi, \u015feffaf belediyecilik anlay\u0131\u015f\u0131yla canl\u0131 yay\u0131nda ger\u00e7ekle\u015ftirildi.<br \/>\nManisa B\u00fcy\u00fck\u015fehir Belediye Ba\u015fkan\u0131 Besim Dutlulu, \u201cY\u0131llard\u0131r yat\u0131r\u0131mdan mahrum kalan Muradiye Mahallemiz, bu yat\u0131r\u0131mla daha sa\u011fl\u0131kl\u0131 bir altyap\u0131ya ve \u00e7evreye kavu\u015facak. Bu proje, Ferdi Ba\u015fkan\u2019\u0131m\u0131z\u0131n Muradiye halk\u0131na verdi\u011fi bir s\u00f6zd\u00fc. Biz de bu s\u00f6z\u00fc yerine getirmek i\u00e7in t\u00fcm g\u00fcc\u00fcm\u00fczle \u00e7al\u0131\u015f\u0131yoruz\u201d dedi.<br \/>\nKENT\u0130N EN B\u00dcY\u00dcK ALTYAPI YATIRIMI<br \/>\nMuradiye Mahallesi\u2019nin y\u0131llard\u0131r bekledi\u011fi altyap\u0131 sorunlar\u0131n\u0131 k\u00f6kten \u00e7\u00f6zecek proje, Manisa\u2019n\u0131n bug\u00fcne kadar tek seferde yap\u0131lan en b\u00fcy\u00fck altyap\u0131 yat\u0131r\u0131mlar\u0131ndan biri olma \u00f6zelli\u011fini ta\u015f\u0131yor. \u0130lk ad\u0131m\u0131 28 Nisan\u2019da at\u0131lan projeyle 65 kilometrelik i\u00e7me suyu, 65 kilometre kanalizasyon ve 10 kilometre ya\u011fmur suyu hatt\u0131n\u0131n yap\u0131m\u0131 i\u00e7in ihale ger\u00e7ekle\u015ftirilmi\u015fti. Projenin ikinci b\u00fcy\u00fck aya\u011f\u0131 olan at\u0131k su ar\u0131tma tesisinin ihalesi de MASK\u0130 Genel M\u00fcd\u00fcrl\u00fc\u011f\u00fc binas\u0131nda ger\u00e7ekle\u015ftirildi. 10 firman\u0131n teklif verdi\u011fi ihale, \u015feffafl\u0131k ilkesi gere\u011fi belediyenin sosyal medya hesaplar\u0131nda canl\u0131 olarak yay\u0131nland\u0131. \u0130hale s\u00fcrecinde gelen teklifler \u00f6n de\u011ferlendirme sonras\u0131 D\u00fcnya Bankas\u0131\u2019na sunulacak. Onay\u0131n ard\u0131ndan y\u00fcklenici firma belirlenerek \u00e7al\u0131\u015fmalara ba\u015flanacak.<br \/>\nMURAD\u0130YE DAHA SA\u011eLIKLI VE MODERN B\u0130R ALTYAPIYA KAVU\u015eACAK<br \/>\nProjeyle Muradiye\u2019nin y\u0131llard\u0131r s\u00fcregelen altyap\u0131 sorunlar\u0131n\u0131n \u00e7\u00f6z\u00fclmesi hedefleniyor. K\u0131sa s\u00fcre i\u00e7inde ilk kazman\u0131n vurulmas\u0131 planlanan ve altyap\u0131da k\u00f6kl\u00fc bir de\u011fi\u015fim sa\u011flayacak proje, Muradiye\u2019nin \u00e7ehresini de\u011fi\u015ftirecek. Muradiye\u2019de, y\u0131llard\u0131r ya\u015fanan alt katlara bile su \u00e7\u0131kmamas\u0131, s\u0131k s\u0131k su kesintilerinin ya\u015fanmas\u0131 gibi bir\u00e7ok problem, bu yat\u0131r\u0131mla tarihe kar\u0131\u015facak. At\u0131k su ar\u0131tma tesisiyle de b\u00f6lgedeki su kaynaklar\u0131n\u0131n korunmas\u0131, tar\u0131m alanlar\u0131n\u0131n ve \u00e7evresel de\u011ferlerin s\u00fcrd\u00fcr\u00fclebilirli\u011fi de sa\u011flanacak.<br \/>\n\u201cS\u00d6Z VERD\u0130K, TUTUYORUZ\u201d<br \/>\nBa\u015fkan Besim Dutlulu, \u201cFerdi Ba\u015fkan\u0131m\u0131z bu projeye b\u00fcy\u00fck \u00f6nem veriyordu. Biz de onun Muradiyelilere verdi\u011fi s\u00f6z\u00fc yerine getirmek i\u00e7in \u00e7al\u0131\u015f\u0131yoruz. Att\u0131\u011f\u0131m\u0131z her ad\u0131m, bir vaadin yerine getirili\u015fi, bir sorunun \u00e7\u00f6z\u00fclmesi anlam\u0131na geliyor. Bu anlay\u0131\u015fla ilerlemeye devam ediyoruz\u201d dedi.<br \/>\nMuradiye\u2019nin, uzun y\u0131llard\u0131r altyap\u0131 eksiklikleriyle m\u00fccadele etti\u011fini hat\u0131rlatan Dutlulu, \u201cMuradiyeli hem\u015fehrilerimiz, ilk katlara bile su \u00e7\u0131kmamas\u0131, su kesintileri, yetersiz kanalizasyon hatlar\u0131 gibi sorunlarla kar\u015f\u0131 kar\u015f\u0131ya kal\u0131yordu. Bu sorunlara k\u00f6kten \u00e7\u00f6z\u00fcm i\u00e7in D\u00fcnya Bankas\u0131 finansman\u0131yla ba\u015flatt\u0131\u011f\u0131m\u0131z bu projeyi, yaln\u0131zca Muradiye\u2019nin de\u011fil, Manisa\u2019n\u0131n gelece\u011fine yap\u0131lan bir yat\u0131r\u0131m olarak g\u00f6r\u00fcyoruz. 65 kilometrelik i\u00e7me suyu hatt\u0131, yine ayn\u0131 uzunlukta kanalizasyon hatt\u0131, ya\u011fmur suyu altyap\u0131s\u0131 ve modern at\u0131k su ar\u0131tma tesisi ile b\u00f6lgeye sa\u011fl\u0131kl\u0131, \u00e7evreci ve dayan\u0131kl\u0131 bir altyap\u0131 kazand\u0131raca\u011f\u0131z. D\u00fcnya Bankas\u0131 onaylar\u0131n\u0131n ard\u0131ndan \u00e7al\u0131\u015fmalar k\u0131sa s\u00fcre i\u00e7inde ba\u015flayacak\u201d diye konu\u015ftu.<\/p>\n<p>\u200bManisa B\u00fcy\u00fck\u015fehir Belediyesi, kentin en fazla n\u00fcfusa sahip mahallesi Yunusemre il\u00e7esine ba\u011fl\u0131 Muradiye\u2019de tarihi altyap\u0131 yat\u0131r\u0131m\u0131n\u0131 hayata ge\u00e7iriyor.MAN\u0130SA (\u0130GFA) &#8211;  MASK\u0130 Genel M\u00fcd\u00fcrl\u00fc\u011f\u00fc taraf\u0131ndan D\u00fcnya Bankas\u0131 finansman\u0131yla y\u00fcr\u00fct\u00fclen ve toplam maliyeti 2 milyar TL\u2019yi a\u015fan altyap\u0131 projesinde ikinci ihale de tamamland\u0131. Muradiye At\u0131k Su Ar\u0131tma Tesisi\u2019nin yap\u0131m ihalesi, \u015feffaf belediyecilik anlay\u0131\u015f\u0131yla canl\u0131 yay\u0131nda ger\u00e7ekle\u015ftirildi.<br \/>\nManisa B\u00fcy\u00fck\u015fehir Belediye Ba\u015fkan\u0131 Besim Dutlulu, \u201cY\u0131llard\u0131r yat\u0131r\u0131mdan mahrum kalan Muradiye Mahallemiz, bu yat\u0131r\u0131mla daha sa\u011fl\u0131kl\u0131 bir altyap\u0131ya ve \u00e7evreye kavu\u015facak. Bu proje, Ferdi Ba\u015fkan\u2019\u0131m\u0131z\u0131n Muradiye halk\u0131na verdi\u011fi bir s\u00f6zd\u00fc. Biz de bu s\u00f6z\u00fc yerine getirmek i\u00e7in t\u00fcm g\u00fcc\u00fcm\u00fczle \u00e7al\u0131\u015f\u0131yoruz\u201d dedi.<br \/>\nKENT\u0130N EN B\u00dcY\u00dcK ALTYAPI YATIRIMI<br \/>\nMuradiye Mahallesi\u2019nin y\u0131llard\u0131r bekledi\u011fi altyap\u0131 sorunlar\u0131n\u0131 k\u00f6kten \u00e7\u00f6zecek proje, Manisa\u2019n\u0131n bug\u00fcne kadar tek seferde yap\u0131lan en b\u00fcy\u00fck altyap\u0131 yat\u0131r\u0131mlar\u0131ndan biri olma \u00f6zelli\u011fini ta\u015f\u0131yor. \u0130lk ad\u0131m\u0131 28 Nisan\u2019da at\u0131lan projeyle 65 kilometrelik i\u00e7me suyu, 65 kilometre kanalizasyon ve 10 kilometre ya\u011fmur suyu hatt\u0131n\u0131n yap\u0131m\u0131 i\u00e7in ihale ger\u00e7ekle\u015ftirilmi\u015fti. Projenin ikinci b\u00fcy\u00fck aya\u011f\u0131 olan at\u0131k su ar\u0131tma tesisinin ihalesi de MASK\u0130 Genel M\u00fcd\u00fcrl\u00fc\u011f\u00fc binas\u0131nda ger\u00e7ekle\u015ftirildi. 10 firman\u0131n teklif verdi\u011fi ihale, \u015feffafl\u0131k ilkesi gere\u011fi belediyenin sosyal medya hesaplar\u0131nda canl\u0131 olarak yay\u0131nland\u0131. \u0130hale s\u00fcrecinde gelen teklifler \u00f6n de\u011ferlendirme sonras\u0131 D\u00fcnya Bankas\u0131\u2019na sunulacak. Onay\u0131n ard\u0131ndan y\u00fcklenici firma belirlenerek \u00e7al\u0131\u015fmalara ba\u015flanacak.<br \/>\nMURAD\u0130YE DAHA SA\u011eLIKLI VE MODERN B\u0130R ALTYAPIYA KAVU\u015eACAK<br \/>\nProjeyle Muradiye\u2019nin y\u0131llard\u0131r s\u00fcregelen altyap\u0131 sorunlar\u0131n\u0131n \u00e7\u00f6z\u00fclmesi hedefleniyor. K\u0131sa s\u00fcre i\u00e7inde ilk kazman\u0131n vurulmas\u0131 planlanan ve altyap\u0131da k\u00f6kl\u00fc bir de\u011fi\u015fim sa\u011flayacak proje, Muradiye\u2019nin \u00e7ehresini de\u011fi\u015ftirecek. Muradiye\u2019de, y\u0131llard\u0131r ya\u015fanan alt katlara bile su \u00e7\u0131kmamas\u0131, s\u0131k s\u0131k su kesintilerinin ya\u015fanmas\u0131 gibi bir\u00e7ok problem, bu yat\u0131r\u0131mla tarihe kar\u0131\u015facak. At\u0131k su ar\u0131tma tesisiyle de b\u00f6lgedeki su kaynaklar\u0131n\u0131n korunmas\u0131, tar\u0131m alanlar\u0131n\u0131n ve \u00e7evresel de\u011ferlerin s\u00fcrd\u00fcr\u00fclebilirli\u011fi de sa\u011flanacak.<br \/>\n\u201cS\u00d6Z VERD\u0130K, TUTUYORUZ\u201d<br \/>\nBa\u015fkan Besim Dutlulu, \u201cFerdi Ba\u015fkan\u0131m\u0131z bu projeye b\u00fcy\u00fck \u00f6nem veriyordu. Biz de onun Muradiyelilere verdi\u011fi s\u00f6z\u00fc yerine getirmek i\u00e7in \u00e7al\u0131\u015f\u0131yoruz. Att\u0131\u011f\u0131m\u0131z her ad\u0131m, bir vaadin yerine getirili\u015fi, bir sorunun \u00e7\u00f6z\u00fclmesi anlam\u0131na geliyor. Bu anlay\u0131\u015fla ilerlemeye devam ediyoruz\u201d dedi.<br \/>\nMuradiye\u2019nin, uzun y\u0131llard\u0131r altyap\u0131 eksiklikleriyle m\u00fccadele etti\u011fini hat\u0131rlatan Dutlulu, \u201cMuradiyeli hem\u015fehrilerimiz, ilk katlara bile su \u00e7\u0131kmamas\u0131, su kesintileri, yetersiz kanalizasyon hatlar\u0131 gibi sorunlarla kar\u015f\u0131 kar\u015f\u0131ya kal\u0131yordu. Bu sorunlara k\u00f6kten \u00e7\u00f6z\u00fcm i\u00e7in D\u00fcnya Bankas\u0131 finansman\u0131yla ba\u015flatt\u0131\u011f\u0131m\u0131z bu projeyi, yaln\u0131zca Muradiye\u2019nin de\u011fil, Manisa\u2019n\u0131n gelece\u011fine yap\u0131lan bir yat\u0131r\u0131m olarak g\u00f6r\u00fcyoruz. 65 kilometrelik i\u00e7me suyu hatt\u0131, yine ayn\u0131 uzunlukta kanalizasyon hatt\u0131, ya\u011fmur suyu altyap\u0131s\u0131 ve modern at\u0131k su ar\u0131tma tesisi ile b\u00f6lgeye sa\u011fl\u0131kl\u0131, \u00e7evreci ve dayan\u0131kl\u0131 bir altyap\u0131 kazand\u0131raca\u011f\u0131z. D\u00fcnya Bankas\u0131 onaylar\u0131n\u0131n ard\u0131ndan \u00e7al\u0131\u015fmalar k\u0131sa s\u00fcre i\u00e7inde ba\u015flayacak\u201d diye konu\u015ftu.\u00a0<\/p>\n<p>\u200bHaberin Al\u0131nt\u0131land\u0131\u011f\u0131 Kaynak: www.iskenderun.org<\/p>","protected":false},"excerpt":{"rendered":"<p>Manisa B\u00fcy\u00fck\u015fehir Belediyesi, kentin en fazla n\u00fcfusa sahip mahallesi Yunusemre il\u00e7esine ba\u011fl\u0131 Muradiye\u2019de tarihi altyap\u0131 yat\u0131r\u0131m\u0131n\u0131 hayata ge\u00e7iriyor.MAN\u0130SA (\u0130GFA) &#8211; MASK\u0130 Genel M\u00fcd\u00fcrl\u00fc\u011f\u00fc taraf\u0131ndan D\u00fcnya Bankas\u0131 finansman\u0131yla y\u00fcr\u00fct\u00fclen ve toplam maliyeti 2 milyar TL\u2019yi a\u015fan altyap\u0131 projesinde ikinci ihale de tamamland\u0131. Muradiye At\u0131k Su Ar\u0131tma Tesisi\u2019nin yap\u0131m ihalesi, \u015feffaf belediyecilik anlay\u0131\u015f\u0131yla canl\u0131 yay\u0131nda ger\u00e7ekle\u015ftirildi. Manisa B\u00fcy\u00fck\u015fehir Belediye Ba\u015fkan\u0131 Besim Dutlulu, \u201cY\u0131llard\u0131r yat\u0131r\u0131mdan mahrum kalan Muradiye Mahallemiz, bu yat\u0131r\u0131mla daha sa\u011fl\u0131kl\u0131 bir altyap\u0131ya ve \u00e7evreye kavu\u015facak. Bu proje, Ferdi Ba\u015fkan\u2019\u0131m\u0131z\u0131n Muradiye halk\u0131na verdi\u011fi bir s\u00f6zd\u00fc. Biz de bu s\u00f6z\u00fc yerine getirmek i\u00e7in t\u00fcm g\u00fcc\u00fcm\u00fczle \u00e7al\u0131\u015f\u0131yoruz\u201d dedi. KENT\u0130N EN B\u00dcY\u00dcK ALTYAPI YATIRIMI Muradiye Mahallesi\u2019nin y\u0131llard\u0131r bekledi\u011fi altyap\u0131 sorunlar\u0131n\u0131 k\u00f6kten \u00e7\u00f6zecek proje, Manisa\u2019n\u0131n bug\u00fcne kadar tek seferde yap\u0131lan en b\u00fcy\u00fck altyap\u0131 yat\u0131r\u0131mlar\u0131ndan biri olma \u00f6zelli\u011fini ta\u015f\u0131yor. \u0130lk ad\u0131m\u0131 28 Nisan\u2019da at\u0131lan projeyle 65 kilometrelik i\u00e7me suyu, 65 kilometre kanalizasyon ve 10 kilometre ya\u011fmur suyu hatt\u0131n\u0131n yap\u0131m\u0131 i\u00e7in ihale ger\u00e7ekle\u015ftirilmi\u015fti. Projenin ikinci b\u00fcy\u00fck aya\u011f\u0131 olan at\u0131k su ar\u0131tma tesisinin ihalesi de MASK\u0130 Genel M\u00fcd\u00fcrl\u00fc\u011f\u00fc binas\u0131nda ger\u00e7ekle\u015ftirildi. 10 firman\u0131n teklif verdi\u011fi ihale, \u015feffafl\u0131k ilkesi gere\u011fi belediyenin sosyal medya hesaplar\u0131nda canl\u0131 olarak yay\u0131nland\u0131. \u0130hale s\u00fcrecinde gelen teklifler \u00f6n de\u011ferlendirme sonras\u0131 D\u00fcnya Bankas\u0131\u2019na sunulacak. Onay\u0131n ard\u0131ndan y\u00fcklenici firma belirlenerek \u00e7al\u0131\u015fmalara ba\u015flanacak. MURAD\u0130YE DAHA SA\u011eLIKLI VE MODERN B\u0130R &hellip;<\/p>","protected":false},"author":1,"featured_media":0,"comment_status":"","ping_status":"open","sticky":false,"template":"","format":"standard","meta":{"_acf_changed":false,"footnotes":""},"categories":[24],"tags":[],"class_list":["post-135688","post","type-post","status-publish","format-standard","has-post-thumbnail","hentry","category-gundem"],"acf":[],"yoast_head":"<!-- This site is optimized with the Yoast SEO Premium plugin v26.6 (Yoast SEO v27.1.1) - https:\/\/yoast.com\/product\/yoast-seo-premium-wordpress\/ -->\n<title>MASK\u0130\u2019den s\u00fcrd\u00fcr\u00fclebilir altyap\u0131ya yat\u0131r\u0131m - Av. Deniz Can K\u0131z\u0131l<\/title>\n<meta name=\"robots\" content=\"index, follow, max-snippet:-1, max-image-preview:large, max-video-preview:-1\" \/>\n<link rel=\"canonical\" href=\"https:\/\/denizcankizil.tr\/ru\/haberler\/gundem\/maskiden-surdurulebilir-altyapiya-yatirim\/\" \/>\n<meta property=\"og:locale\" content=\"ru_RU\" \/>\n<meta property=\"og:type\" content=\"article\" \/>\n<meta property=\"og:title\" content=\"MASK\u0130\u2019den s\u00fcrd\u00fcr\u00fclebilir altyap\u0131ya yat\u0131r\u0131m\" \/>\n<meta property=\"og:description\" content=\"Manisa B\u00fcy\u00fck\u015fehir Belediyesi, kentin en fazla n\u00fcfusa sahip mahallesi Yunusemre il\u00e7esine ba\u011fl\u0131 Muradiye\u2019de tarihi altyap\u0131 yat\u0131r\u0131m\u0131n\u0131 hayata ge\u00e7iriyor.MAN\u0130SA (\u0130GFA) &#8211; MASK\u0130 Genel M\u00fcd\u00fcrl\u00fc\u011f\u00fc taraf\u0131ndan D\u00fcnya Bankas\u0131 finansman\u0131yla y\u00fcr\u00fct\u00fclen ve toplam maliyeti 2 milyar TL\u2019yi a\u015fan altyap\u0131 projesinde ikinci ihale de tamamland\u0131. Muradiye At\u0131k Su Ar\u0131tma Tesisi\u2019nin yap\u0131m ihalesi, \u015feffaf belediyecilik anlay\u0131\u015f\u0131yla canl\u0131 yay\u0131nda ger\u00e7ekle\u015ftirildi. Manisa B\u00fcy\u00fck\u015fehir Belediye Ba\u015fkan\u0131 Besim Dutlulu, \u201cY\u0131llard\u0131r yat\u0131r\u0131mdan mahrum kalan Muradiye Mahallemiz, bu yat\u0131r\u0131mla daha sa\u011fl\u0131kl\u0131 bir altyap\u0131ya ve \u00e7evreye kavu\u015facak. Bu proje, Ferdi Ba\u015fkan\u2019\u0131m\u0131z\u0131n Muradiye halk\u0131na verdi\u011fi bir s\u00f6zd\u00fc. Biz de bu s\u00f6z\u00fc yerine getirmek i\u00e7in t\u00fcm g\u00fcc\u00fcm\u00fczle \u00e7al\u0131\u015f\u0131yoruz\u201d dedi. KENT\u0130N EN B\u00dcY\u00dcK ALTYAPI YATIRIMI Muradiye Mahallesi\u2019nin y\u0131llard\u0131r bekledi\u011fi altyap\u0131 sorunlar\u0131n\u0131 k\u00f6kten \u00e7\u00f6zecek proje, Manisa\u2019n\u0131n bug\u00fcne kadar tek seferde yap\u0131lan en b\u00fcy\u00fck altyap\u0131 yat\u0131r\u0131mlar\u0131ndan biri olma \u00f6zelli\u011fini ta\u015f\u0131yor. \u0130lk ad\u0131m\u0131 28 Nisan\u2019da at\u0131lan projeyle 65 kilometrelik i\u00e7me suyu, 65 kilometre kanalizasyon ve 10 kilometre ya\u011fmur suyu hatt\u0131n\u0131n yap\u0131m\u0131 i\u00e7in ihale ger\u00e7ekle\u015ftirilmi\u015fti. Projenin ikinci b\u00fcy\u00fck aya\u011f\u0131 olan at\u0131k su ar\u0131tma tesisinin ihalesi de MASK\u0130 Genel M\u00fcd\u00fcrl\u00fc\u011f\u00fc binas\u0131nda ger\u00e7ekle\u015ftirildi. 10 firman\u0131n teklif verdi\u011fi ihale, \u015feffafl\u0131k ilkesi gere\u011fi belediyenin sosyal medya hesaplar\u0131nda canl\u0131 olarak yay\u0131nland\u0131. \u0130hale s\u00fcrecinde gelen teklifler \u00f6n de\u011ferlendirme sonras\u0131 D\u00fcnya Bankas\u0131\u2019na sunulacak. Onay\u0131n ard\u0131ndan y\u00fcklenici firma belirlenerek \u00e7al\u0131\u015fmalara ba\u015flanacak. MURAD\u0130YE DAHA SA\u011eLIKLI VE MODERN B\u0130R &hellip;\" \/>\n<meta property=\"og:url\" content=\"https:\/\/denizcankizil.tr\/ru\/haberler\/gundem\/maskiden-surdurulebilir-altyapiya-yatirim\/\" \/>\n<meta property=\"og:site_name\" content=\"Av. Deniz Can K\u0131z\u0131l\" \/>\n<meta property=\"article:published_time\" content=\"2025-07-04T09:43:51+00:00\" \/>\n<meta name=\"author\" content=\"admin\" \/>\n<meta name=\"twitter:card\" content=\"summary_large_image\" \/>\n<meta name=\"twitter:label1\" content=\"\u041d\u0430\u043f\u0438\u0441\u0430\u043d\u043e \u0430\u0432\u0442\u043e\u0440\u043e\u043c\" \/>\n\t<meta name=\"twitter:data1\" content=\"admin\" \/>\n\t<meta name=\"twitter:label2\" content=\"\u041f\u0440\u0438\u043c\u0435\u0440\u043d\u043e\u0435 \u0432\u0440\u0435\u043c\u044f \u0434\u043b\u044f \u0447\u0442\u0435\u043d\u0438\u044f\" \/>\n\t<meta name=\"twitter:data2\" content=\"6 \u043c\u0438\u043d\u0443\u0442\" \/>\n<script type=\"application\/ld+json\" class=\"yoast-schema-graph\">{\"@context\":\"https:\/\/schema.org\",\"@graph\":[{\"@type\":\"Article\",\"@id\":\"https:\/\/denizcankizil.tr\/ru\/haberler\/gundem\/maskiden-surdurulebilir-altyapiya-yatirim\/#article\",\"isPartOf\":{\"@id\":\"https:\/\/denizcankizil.tr\/ru\/haberler\/gundem\/maskiden-surdurulebilir-altyapiya-yatirim\/\"},\"author\":{\"name\":\"admin\",\"@id\":\"https:\/\/denizcankizil.tr\/#\/schema\/person\/be3c05fe6a12686905512445d8185489\"},\"headline\":\"MASK\u0130\u2019den s\u00fcrd\u00fcr\u00fclebilir altyap\u0131ya yat\u0131r\u0131m\",\"datePublished\":\"2025-07-04T09:43:51+00:00\",\"mainEntityOfPage\":{\"@id\":\"https:\/\/denizcankizil.tr\/ru\/haberler\/gundem\/maskiden-surdurulebilir-altyapiya-yatirim\/\"},\"wordCount\":1249,\"publisher\":{\"@id\":\"https:\/\/denizcankizil.tr\/#organization\"},\"articleSection\":[\"G\u00fcndem\"],\"inLanguage\":\"ru-RU\"},{\"@type\":\"WebPage\",\"@id\":\"https:\/\/denizcankizil.tr\/ru\/haberler\/gundem\/maskiden-surdurulebilir-altyapiya-yatirim\/\",\"url\":\"https:\/\/denizcankizil.tr\/ru\/haberler\/gundem\/maskiden-surdurulebilir-altyapiya-yatirim\/\",\"name\":\"MASK\u0130\u2019den s\u00fcrd\u00fcr\u00fclebilir altyap\u0131ya yat\u0131r\u0131m - Av. Deniz Can K\u0131z\u0131l\",\"isPartOf\":{\"@id\":\"https:\/\/denizcankizil.tr\/#website\"},\"datePublished\":\"2025-07-04T09:43:51+00:00\",\"breadcrumb\":{\"@id\":\"https:\/\/denizcankizil.tr\/ru\/haberler\/gundem\/maskiden-surdurulebilir-altyapiya-yatirim\/#breadcrumb\"},\"inLanguage\":\"ru-RU\",\"potentialAction\":[{\"@type\":\"ReadAction\",\"target\":[\"https:\/\/denizcankizil.tr\/ru\/haberler\/gundem\/maskiden-surdurulebilir-altyapiya-yatirim\/\"]}]},{\"@type\":\"BreadcrumbList\",\"@id\":\"https:\/\/denizcankizil.tr\/ru\/haberler\/gundem\/maskiden-surdurulebilir-altyapiya-yatirim\/#breadcrumb\",\"itemListElement\":[{\"@type\":\"ListItem\",\"position\":1,\"name\":\"Home\",\"item\":\"https:\/\/denizcankizil.tr\/uk\/\"},{\"@type\":\"ListItem\",\"position\":2,\"name\":\"MASK\u0130\u2019den s\u00fcrd\u00fcr\u00fclebilir altyap\u0131ya yat\u0131r\u0131m\"}]},{\"@type\":\"WebSite\",\"@id\":\"https:\/\/denizcankizil.tr\/#website\",\"url\":\"https:\/\/denizcankizil.tr\/\",\"name\":\"Av. Deniz Can K\u0131z\u0131l\",\"description\":\"Avukat Deniz Can K\u0131z\u0131l Antalya Barosu\",\"publisher\":{\"@id\":\"https:\/\/denizcankizil.tr\/#organization\"},\"potentialAction\":[{\"@type\":\"SearchAction\",\"target\":{\"@type\":\"EntryPoint\",\"urlTemplate\":\"https:\/\/denizcankizil.tr\/?s={search_term_string}\"},\"query-input\":{\"@type\":\"PropertyValueSpecification\",\"valueRequired\":true,\"valueName\":\"search_term_string\"}}],\"inLanguage\":\"ru-RU\"},{\"@type\":\"Organization\",\"@id\":\"https:\/\/denizcankizil.tr\/#organization\",\"name\":\"Av. Deniz Can K\u0131z\u0131l\",\"url\":\"https:\/\/denizcankizil.tr\/\",\"logo\":{\"@type\":\"ImageObject\",\"inLanguage\":\"ru-RU\",\"@id\":\"https:\/\/denizcankizil.tr\/#\/schema\/logo\/image\/\",\"url\":\"https:\/\/denizcankizil.tr\/wp-content\/uploads\/2024\/10\/siyah-logo-svg.svg\",\"contentUrl\":\"https:\/\/denizcankizil.tr\/wp-content\/uploads\/2024\/10\/siyah-logo-svg.svg\",\"width\":1080,\"height\":1080,\"caption\":\"Av. Deniz Can K\u0131z\u0131l\"},\"image\":{\"@id\":\"https:\/\/denizcankizil.tr\/#\/schema\/logo\/image\/\"}},{\"@type\":\"Person\",\"@id\":\"https:\/\/denizcankizil.tr\/#\/schema\/person\/be3c05fe6a12686905512445d8185489\",\"name\":\"admin\",\"image\":{\"@type\":\"ImageObject\",\"inLanguage\":\"ru-RU\",\"@id\":\"https:\/\/denizcankizil.tr\/#\/schema\/person\/image\/\",\"url\":\"https:\/\/secure.gravatar.com\/avatar\/c1fce94c830dc79107e174f890d7210541c4a63e8e5d816341794a2151c9d58c?s=96&d=mm&r=g\",\"contentUrl\":\"https:\/\/secure.gravatar.com\/avatar\/c1fce94c830dc79107e174f890d7210541c4a63e8e5d816341794a2151c9d58c?s=96&d=mm&r=g\",\"caption\":\"admin\"},\"sameAs\":[\"http:\/\/denizcankizil.tr\"],\"url\":\"https:\/\/www.iskenderun.org\/maskiden-surdurulebilir-altyapiya-yatirim\"}]}<\/script>\n<!-- \/ Yoast SEO Premium plugin. -->","yoast_head_json":{"title":"MASK\u0130\u2019den s\u00fcrd\u00fcr\u00fclebilir altyap\u0131ya yat\u0131r\u0131m - Av. Deniz Can K\u0131z\u0131l","robots":{"index":"index","follow":"follow","max-snippet":"max-snippet:-1","max-image-preview":"max-image-preview:large","max-video-preview":"max-video-preview:-1"},"canonical":"https:\/\/denizcankizil.tr\/ru\/haberler\/gundem\/maskiden-surdurulebilir-altyapiya-yatirim\/","og_locale":"ru_RU","og_type":"article","og_title":"MASK\u0130\u2019den s\u00fcrd\u00fcr\u00fclebilir altyap\u0131ya yat\u0131r\u0131m","og_description":"Manisa B\u00fcy\u00fck\u015fehir Belediyesi, kentin en fazla n\u00fcfusa sahip mahallesi Yunusemre il\u00e7esine ba\u011fl\u0131 Muradiye\u2019de tarihi altyap\u0131 yat\u0131r\u0131m\u0131n\u0131 hayata ge\u00e7iriyor.MAN\u0130SA (\u0130GFA) &#8211; MASK\u0130 Genel M\u00fcd\u00fcrl\u00fc\u011f\u00fc taraf\u0131ndan D\u00fcnya Bankas\u0131 finansman\u0131yla y\u00fcr\u00fct\u00fclen ve toplam maliyeti 2 milyar TL\u2019yi a\u015fan altyap\u0131 projesinde ikinci ihale de tamamland\u0131. Muradiye At\u0131k Su Ar\u0131tma Tesisi\u2019nin yap\u0131m ihalesi, \u015feffaf belediyecilik anlay\u0131\u015f\u0131yla canl\u0131 yay\u0131nda ger\u00e7ekle\u015ftirildi. Manisa B\u00fcy\u00fck\u015fehir Belediye Ba\u015fkan\u0131 Besim Dutlulu, \u201cY\u0131llard\u0131r yat\u0131r\u0131mdan mahrum kalan Muradiye Mahallemiz, bu yat\u0131r\u0131mla daha sa\u011fl\u0131kl\u0131 bir altyap\u0131ya ve \u00e7evreye kavu\u015facak. Bu proje, Ferdi Ba\u015fkan\u2019\u0131m\u0131z\u0131n Muradiye halk\u0131na verdi\u011fi bir s\u00f6zd\u00fc. Biz de bu s\u00f6z\u00fc yerine getirmek i\u00e7in t\u00fcm g\u00fcc\u00fcm\u00fczle \u00e7al\u0131\u015f\u0131yoruz\u201d dedi. KENT\u0130N EN B\u00dcY\u00dcK ALTYAPI YATIRIMI Muradiye Mahallesi\u2019nin y\u0131llard\u0131r bekledi\u011fi altyap\u0131 sorunlar\u0131n\u0131 k\u00f6kten \u00e7\u00f6zecek proje, Manisa\u2019n\u0131n bug\u00fcne kadar tek seferde yap\u0131lan en b\u00fcy\u00fck altyap\u0131 yat\u0131r\u0131mlar\u0131ndan biri olma \u00f6zelli\u011fini ta\u015f\u0131yor. \u0130lk ad\u0131m\u0131 28 Nisan\u2019da at\u0131lan projeyle 65 kilometrelik i\u00e7me suyu, 65 kilometre kanalizasyon ve 10 kilometre ya\u011fmur suyu hatt\u0131n\u0131n yap\u0131m\u0131 i\u00e7in ihale ger\u00e7ekle\u015ftirilmi\u015fti. Projenin ikinci b\u00fcy\u00fck aya\u011f\u0131 olan at\u0131k su ar\u0131tma tesisinin ihalesi de MASK\u0130 Genel M\u00fcd\u00fcrl\u00fc\u011f\u00fc binas\u0131nda ger\u00e7ekle\u015ftirildi. 10 firman\u0131n teklif verdi\u011fi ihale, \u015feffafl\u0131k ilkesi gere\u011fi belediyenin sosyal medya hesaplar\u0131nda canl\u0131 olarak yay\u0131nland\u0131. \u0130hale s\u00fcrecinde gelen teklifler \u00f6n de\u011ferlendirme sonras\u0131 D\u00fcnya Bankas\u0131\u2019na sunulacak. Onay\u0131n ard\u0131ndan y\u00fcklenici firma belirlenerek \u00e7al\u0131\u015fmalara ba\u015flanacak. MURAD\u0130YE DAHA SA\u011eLIKLI VE MODERN B\u0130R &hellip;","og_url":"https:\/\/denizcankizil.tr\/ru\/haberler\/gundem\/maskiden-surdurulebilir-altyapiya-yatirim\/","og_site_name":"Av. Deniz Can K\u0131z\u0131l","article_published_time":"2025-07-04T09:43:51+00:00","author":"admin","twitter_card":"summary_large_image","twitter_misc":{"\u041d\u0430\u043f\u0438\u0441\u0430\u043d\u043e \u0430\u0432\u0442\u043e\u0440\u043e\u043c":"admin","\u041f\u0440\u0438\u043c\u0435\u0440\u043d\u043e\u0435 \u0432\u0440\u0435\u043c\u044f \u0434\u043b\u044f \u0447\u0442\u0435\u043d\u0438\u044f":"6 \u043c\u0438\u043d\u0443\u0442"},"schema":{"@context":"https:\/\/schema.org","@graph":[{"@type":"Article","@id":"https:\/\/denizcankizil.tr\/ru\/haberler\/gundem\/maskiden-surdurulebilir-altyapiya-yatirim\/#article","isPartOf":{"@id":"https:\/\/denizcankizil.tr\/ru\/haberler\/gundem\/maskiden-surdurulebilir-altyapiya-yatirim\/"},"author":{"name":"admin","@id":"https:\/\/denizcankizil.tr\/#\/schema\/person\/be3c05fe6a12686905512445d8185489"},"headline":"MASK\u0130\u2019den s\u00fcrd\u00fcr\u00fclebilir altyap\u0131ya yat\u0131r\u0131m","datePublished":"2025-07-04T09:43:51+00:00","mainEntityOfPage":{"@id":"https:\/\/denizcankizil.tr\/ru\/haberler\/gundem\/maskiden-surdurulebilir-altyapiya-yatirim\/"},"wordCount":1249,"publisher":{"@id":"https:\/\/denizcankizil.tr\/#organization"},"articleSection":["G\u00fcndem"],"inLanguage":"ru-RU"},{"@type":"WebPage","@id":"https:\/\/denizcankizil.tr\/ru\/haberler\/gundem\/maskiden-surdurulebilir-altyapiya-yatirim\/","url":"https:\/\/denizcankizil.tr\/ru\/haberler\/gundem\/maskiden-surdurulebilir-altyapiya-yatirim\/","name":"MASK\u0130\u2019den s\u00fcrd\u00fcr\u00fclebilir altyap\u0131ya yat\u0131r\u0131m - Av. Deniz Can K\u0131z\u0131l","isPartOf":{"@id":"https:\/\/denizcankizil.tr\/#website"},"datePublished":"2025-07-04T09:43:51+00:00","breadcrumb":{"@id":"https:\/\/denizcankizil.tr\/ru\/haberler\/gundem\/maskiden-surdurulebilir-altyapiya-yatirim\/#breadcrumb"},"inLanguage":"ru-RU","potentialAction":[{"@type":"ReadAction","target":["https:\/\/denizcankizil.tr\/ru\/haberler\/gundem\/maskiden-surdurulebilir-altyapiya-yatirim\/"]}]},{"@type":"BreadcrumbList","@id":"https:\/\/denizcankizil.tr\/ru\/haberler\/gundem\/maskiden-surdurulebilir-altyapiya-yatirim\/#breadcrumb","itemListElement":[{"@type":"ListItem","position":1,"name":"Home","item":"https:\/\/denizcankizil.tr\/uk\/"},{"@type":"ListItem","position":2,"name":"MASK\u0130\u2019den s\u00fcrd\u00fcr\u00fclebilir altyap\u0131ya yat\u0131r\u0131m"}]},{"@type":"WebSite","@id":"https:\/\/denizcankizil.tr\/#website","url":"https:\/\/denizcankizil.tr\/","name":"Av. Deniz Can K\u0131z\u0131l","description":"Avukat Deniz Can K\u0131z\u0131l Antalya Barosu","publisher":{"@id":"https:\/\/denizcankizil.tr\/#organization"},"potentialAction":[{"@type":"SearchAction","target":{"@type":"EntryPoint","urlTemplate":"https:\/\/denizcankizil.tr\/?s={search_term_string}"},"query-input":{"@type":"PropertyValueSpecification","valueRequired":true,"valueName":"search_term_string"}}],"inLanguage":"ru-RU"},{"@type":"Organization","@id":"https:\/\/denizcankizil.tr\/#organization","name":"Av. Deniz Can K\u0131z\u0131l","url":"https:\/\/denizcankizil.tr\/","logo":{"@type":"ImageObject","inLanguage":"ru-RU","@id":"https:\/\/denizcankizil.tr\/#\/schema\/logo\/image\/","url":"https:\/\/denizcankizil.tr\/wp-content\/uploads\/2024\/10\/siyah-logo-svg.svg","contentUrl":"https:\/\/denizcankizil.tr\/wp-content\/uploads\/2024\/10\/siyah-logo-svg.svg","width":1080,"height":1080,"caption":"Av. Deniz Can K\u0131z\u0131l"},"image":{"@id":"https:\/\/denizcankizil.tr\/#\/schema\/logo\/image\/"}},{"@type":"Person","@id":"https:\/\/denizcankizil.tr\/#\/schema\/person\/be3c05fe6a12686905512445d8185489","name":"\u0430\u0434\u043c\u0438\u043d","image":{"@type":"ImageObject","inLanguage":"ru-RU","@id":"https:\/\/denizcankizil.tr\/#\/schema\/person\/image\/","url":"https:\/\/secure.gravatar.com\/avatar\/c1fce94c830dc79107e174f890d7210541c4a63e8e5d816341794a2151c9d58c?s=96&d=mm&r=g","contentUrl":"https:\/\/secure.gravatar.com\/avatar\/c1fce94c830dc79107e174f890d7210541c4a63e8e5d816341794a2151c9d58c?s=96&d=mm&r=g","caption":"admin"},"sameAs":["http:\/\/denizcankizil.tr"],"url":"https:\/\/www.iskenderun.org\/maskiden-surdurulebilir-altyapiya-yatirim"}]}},"_links":{"self":[{"href":"https:\/\/denizcankizil.tr\/ru\/wp-json\/wp\/v2\/posts\/135688","targetHints":{"allow":["GET"]}}],"collection":[{"href":"https:\/\/denizcankizil.tr\/ru\/wp-json\/wp\/v2\/posts"}],"about":[{"href":"https:\/\/denizcankizil.tr\/ru\/wp-json\/wp\/v2\/types\/post"}],"author":[{"embeddable":true,"href":"https:\/\/denizcankizil.tr\/ru\/wp-json\/wp\/v2\/users\/1"}],"replies":[{"embeddable":true,"href":"https:\/\/denizcankizil.tr\/ru\/wp-json\/wp\/v2\/comments?post=135688"}],"version-history":[{"count":0,"href":"https:\/\/denizcankizil.tr\/ru\/wp-json\/wp\/v2\/posts\/135688\/revisions"}],"wp:attachment":[{"href":"https:\/\/denizcankizil.tr\/ru\/wp-json\/wp\/v2\/media?parent=135688"}],"wp:term":[{"taxonomy":"category","embeddable":true,"href":"https:\/\/denizcankizil.tr\/ru\/wp-json\/wp\/v2\/categories?post=135688"},{"taxonomy":"post_tag","embeddable":true,"href":"https:\/\/denizcankizil.tr\/ru\/wp-json\/wp\/v2\/tags?post=135688"}],"curies":[{"name":"wp","href":"https:\/\/api.w.org\/{rel}","templated":true}]}}