{"id":134751,"date":"2025-07-01T11:24:00","date_gmt":"2025-07-01T08:24:00","guid":{"rendered":"https:\/\/denizcankizil.tr\/uncategorized-tr\/mali-tatil-1-20-temmuz-2025-tarihleri-arasinda-basliyor-soru-ve-cevaplarla-mali-tatil-hakkinda-bilgiler\/"},"modified":"2025-07-01T11:24:00","modified_gmt":"2025-07-01T08:24:00","slug":"mali-tatil-1-20-temmuz-2025-tarihleri-arasinda-basliyor-soru-ve-cevaplarla-mali-tatil-hakkinda-bilgiler","status":"publish","type":"post","link":"https:\/\/denizcankizil.tr\/ru\/hukukihaber\/mali-tatil-1-20-temmuz-2025-tarihleri-arasinda-basliyor-soru-ve-cevaplarla-mali-tatil-hakkinda-bilgiler\/","title":{"rendered":"MAL\u0130 TAT\u0130L 1-20 TEMMUZ 2025 TAR\u0130HLER\u0130 ARASINDA BA\u015eLIYOR: SORU VE CEVAPLARLA MAL\u0130 TAT\u0130L HAKKINDA B\u0130LG\u0130LER"},"content":{"rendered":"<p>Bilindi\u011fi \u00fczere, Mali tatil ihdas edilmesi hakk\u0131nda 5604 Say\u0131l\u0131 Kanun 28\/03\/2007 g\u00fcn ve 26476 Say\u0131l\u0131 Resmi Gazete\u2019de yay\u0131nlanarak y\u00fcr\u00fcrl\u00fc\u011fe girmi\u015ftir. Buna g\u00f6re de her y\u0131l 1 Temmuz ila 20 Temmuz aras\u0131 mali tatil olarak kabul edilmektedir. 20 Temmuz\u2019dan itibaren de 5 Eyl\u00fcl 2025\u2019e kadar adli tatil devreye girmektedir. Konu ile ilgili meslekta\u015flar\u0131m\u0131z\u0131n bu s\u00fcreleri dikkate alarak i\u015f ve i\u015flemlerini takip etmesinde yarar g\u00f6r\u00fclmektedir. Taraf\u0131m\u0131za intikal eden baz\u0131 sorularla ilgili yan\u0131tlar\u0131m\u0131z a\u015fa\u011f\u0131da oldu\u011fu gibidir.<\/p>\n<p>Soru 1: Mali tatil s\u00fcresinde yap\u0131lacak olan i\u015flemler ve yap\u0131lmas\u0131 28 Temmuza \u00f6telenen i\u015flemler nelerdir?<\/p>\n<p>Yan\u0131t: 5604 Say\u0131l\u0131 Mali Tatil \u0130hdas Edilmesi HK. Kanun h\u00fck\u00fcmlerine g\u00f6re Mali M\u00fc\u015favirler ve Vergi M\u00fckellefleri i\u00e7in baz\u0131 kolayl\u0131klar getirilmi\u015ftir.<\/p>\n<p>Buna g\u00f6re 1 Temmuz 2025 ila 20 Temmuz 2025 tarihleri aras\u0131nda verilecek olan beyannameler 20 Temmuzu izleyen g\u00fcnden ba\u015flayarak 25 Temmuz Cuma g\u00fcn\u00fcne kadar uzamaktad\u0131r. 25 Temmuz Cuma olmas\u0131 dolay\u0131s\u0131 ile beyana dayal\u0131 tahakkuk eden vergi \u00f6deme s\u00fcresi 28 Temmuz 2025 g\u00fcn\u00fc \u00e7al\u0131\u015fma saati bitimine kadar uzamaktad\u0131r. Bu s\u00fcre zarf\u0131nda uzamayan i\u015flemler ise; Konaklama Vergisi, Damga Vergisi, Muhtasar ve Hizmet Prim ile KDV Beyannameleri verme s\u00fcresi de\u011fi\u015fmemektedir. \u00d6TV, BSMV ve \u00d6zel \u0130leti\u015fim Vergisi , \u015eans Oyunlar\u0131 Vergisi ile g\u00fcmr\u00fck idareleri, il \u00f6zel idareleri ve belediyeler taraf\u0131ndan tarh veya tahsil edilen vergi, resim ve har\u00e7lar ile ilgili olarak mali tatil uygulamas\u0131 ge\u00e7erli de\u011fildir.<\/p>\n<p>Soru 2: Mali tatilde Vergi Yarg\u0131s\u0131nda dava a\u00e7ma s\u00fcreleri nas\u0131l etkilenir?<\/p>\n<p>Yan\u0131t: Mali tatilde Vergi Mahkemesinde a\u00e7\u0131labilecek Vergi \u0130ptal davalar\u0131 i\u00e7in mali tatil dava a\u00e7ma s\u00fcresini uzat\u0131c\u0131 bir etki yapar. Buna g\u00f6re, \u00f6rne\u011fin 2 Haziran 2025 tarihinde m\u00fckellefe Vergi ve Ceza \u0130hbarnamesi tebli\u011f edildi\u011fini kabul edelim. Bu durumda, 1 Temmuz 2025 dava a\u00e7ma s\u00fcresi son g\u00fcn olaca\u011f\u0131ndan mali tatil devreye girmi\u015f oldu\u011fu i\u00e7in dava a\u00e7ma s\u00fcresi 25 Temmuz 2025 e kadar uzam\u0131\u015f olacakt\u0131r. Burada dikkat edilecek bir ba\u015fka husus ise \u015fudur; 20 Temmuz 2025 te adli tatil ba\u015flayaca\u011f\u0131ndan dolay\u0131 m\u00fckellef dilerse i\u015fbu davas\u0131n\u0131 8 Eyl\u00fcl 2025 tarihine kadar a\u00e7mas\u0131 m\u00fcmk\u00fcnd\u00fcr. G\u00f6r\u00fcld\u00fc\u011f\u00fc gibi burada da Mali Tatil bitimi hemen akabinde adli tatil ba\u015flam\u0131\u015f olacakt\u0131r. Ayn\u0131 \u015fekilde benzeri \u00f6rnekten yola \u00e7\u0131k\u0131l\u0131rsa, ayn\u0131 m\u00fckellef dava a\u00e7ma tercihini kullanmay\u0131p uzla\u015fma talep edece\u011fini varsayarsak, bu durumda da s\u00f6z konusu m\u00fckellef uzla\u015fma talebini 25 Temmuz a kadar yapabilir.<\/p>\n<p>Soru 3: Mali tatilde Vergi \u0130ncelemesi i\u015flemleri yap\u0131labilir mi?<\/p>\n<p>Yan\u0131t: Mali tatil s\u00fcresince vergi inceleme i\u015flemleri stop eder. \u015e\u00f6yle ki, mali tatilin bitiminde kalan inceleme b\u0131rak\u0131lan yerden s\u00fcrd\u00fcr\u00fcl\u00fcr. \u00d6rne\u011fin bir m\u00fckellefe 16 Haziran 2025 tarihinde Defter \u0130braz Etme Yaz\u0131s\u0131 tebli\u011f edildi\u011fini varsayal\u0131m. Normalde bu m\u00fckellefin 1 Temmuz 2025 tarihinde defterini vergi m\u00fcfetti\u015fine sunmas\u0131 gerekir. Fakat, devreye mali tatil girmi\u015f olmas\u0131 nedeni ile 1 Temmuz 2025 ten itibaren mali tatil ba\u015flam\u0131\u015f oldu\u011fu i\u00e7in defter ibraz s\u00fcresi 20 Temmuz veya +7 g\u00fcn daha eklenerek 28 Temmuz 2025 e kadar s\u00f6z konusu defterlerin m\u00fcfetti\u015fe sunulmas\u0131 gerekecektir. Ayn\u0131 durum s\u00fcre a\u00e7\u0131s\u0131ndan bilgi isteme yaz\u0131lar\u0131 i\u00e7in de ge\u00e7erlidir. Sadece mahkeme karar\u0131 veya Cumhuriyet Savc\u0131l\u0131klar\u0131\u2019n\u0131n istemi \u00fczerine ya da 213 Say\u0131l\u0131 VUK h\u00fck\u00fcmlerine g\u00f6re yap\u0131lan aramal\u0131 incelemeler hari\u00e7 olmak \u00fczere, mali tatil s\u00fcresince inceleme amac\u0131 ile defter talep edilemez. M\u00fckellefin i\u015f yerinde inceleme yap\u0131lamaz.<\/p>\n<p>Soru 4: SGK ile ilgili i\u015flemlerin mali tatilde ak\u0131beti nedir?<\/p>\n<p>Yan\u0131t: Mali tatil ilan edilen d\u00f6neme rastlayan tarihlerde SGK i\u015flemleri de otomatik olarak uzamaktad\u0131r. Gerek \u00f6demeler ve gerekse beyan ve bildirimler mali tatil m\u00fcddeti zarf\u0131nda uzayacakt\u0131r. \u0130\u015f hukuku ile ilgili i\u015flemler ise mali tatil s\u00fcresince devam edecektir.<\/p>\n<p>Soru 5: Ayl\u0131k y\u00fckleme tercihinde bulunan e-Defter beratlar\u0131n\u0131n y\u00fcklenmesi s\u00fcresi mali tatilde uzar m\u0131?<\/p>\n<p>Yan\u0131t: Ayl\u0131k y\u00fckleme tercihinde bulunmu\u015f Gelir Vergisi m\u00fckelleflerinin elektronik defter beratlar\u0131n\u0131n y\u00fcklenim s\u00fcresi MART 2025 d\u00f6nemi i\u00e7in verilme zaman\u0131 10 Temmuz 2025 dir. \u00d6te yandan, ayl\u0131k y\u00fckleme tercihinde bulunmu\u015f di\u011fer m\u00fckelleflerin Mart 2025 d\u00f6nemine ait e-Defter beratlar\u0131n\u0131n ve y\u00fcklenim s\u00fcresi: 14 Temmuz 2025 dir.<\/p>\n<p>\u200bBilindi\u011fi \u00fczere, Mali tatil ihdas edilmesi hakk\u0131nda 5604 Say\u0131l\u0131 Kanun 28\/03\/2007 g\u00fcn ve 26476 Say\u0131l\u0131 Resmi Gazete\u2019de yay\u0131nlanarak y\u00fcr\u00fcrl\u00fc\u011fe girmi\u015ftir. Buna g\u00f6re de her y\u0131l 1 Temmuz ila 20 Temmuz aras\u0131 mali tatil olarak kabul edilmektedir. 20 Temmuz\u2019dan itibaren de 5 Eyl\u00fcl 2025\u2019e kadar adli tatil devreye girmektedir. Konu ile ilgili meslekta\u015flar\u0131m\u0131z\u0131n bu s\u00fcreleri dikkate alarak i\u015f ve i\u015flemlerini takip etmesinde yarar g\u00f6r\u00fclmektedir. Taraf\u0131m\u0131za intikal eden baz\u0131 sorularla ilgili yan\u0131tlar\u0131m\u0131z a\u015fa\u011f\u0131da oldu\u011fu gibidir.<\/p>\n<p>Soru 1: Mali tatil s\u00fcresinde yap\u0131lacak olan i\u015flemler ve yap\u0131lmas\u0131 28 Temmuza \u00f6telenen i\u015flemler nelerdir?<\/p>\n<p>Yan\u0131t: 5604 Say\u0131l\u0131 Mali Tatil \u0130hdas Edilmesi HK. Kanun h\u00fck\u00fcmlerine g\u00f6re Mali M\u00fc\u015favirler ve Vergi M\u00fckellefleri i\u00e7in baz\u0131 kolayl\u0131klar getirilmi\u015ftir.<\/p>\n<p>Buna g\u00f6re 1 Temmuz 2025 ila 20 Temmuz 2025 tarihleri aras\u0131nda verilecek olan beyannameler 20 Temmuzu izleyen g\u00fcnden ba\u015flayarak 25 Temmuz Cuma g\u00fcn\u00fcne kadar uzamaktad\u0131r. 25 Temmuz Cuma olmas\u0131 dolay\u0131s\u0131 ile beyana dayal\u0131 tahakkuk eden vergi \u00f6deme s\u00fcresi 28 Temmuz 2025 g\u00fcn\u00fc \u00e7al\u0131\u015fma saati bitimine kadar uzamaktad\u0131r. Bu s\u00fcre zarf\u0131nda uzamayan i\u015flemler ise; Konaklama Vergisi, Damga Vergisi, Muhtasar ve Hizmet Prim ile KDV Beyannameleri verme s\u00fcresi de\u011fi\u015fmemektedir. \u00d6TV, BSMV ve \u00d6zel \u0130leti\u015fim Vergisi , \u015eans Oyunlar\u0131 Vergisi ile g\u00fcmr\u00fck idareleri, il \u00f6zel idareleri ve belediyeler taraf\u0131ndan tarh veya tahsil edilen vergi, resim ve har\u00e7lar ile ilgili olarak mali tatil uygulamas\u0131 ge\u00e7erli de\u011fildir.<\/p>\n<p>Soru 2: Mali tatilde Vergi Yarg\u0131s\u0131nda dava a\u00e7ma s\u00fcreleri nas\u0131l etkilenir?<\/p>\n<p>Yan\u0131t: Mali tatilde Vergi Mahkemesinde a\u00e7\u0131labilecek Vergi \u0130ptal davalar\u0131 i\u00e7in mali tatil dava a\u00e7ma s\u00fcresini uzat\u0131c\u0131 bir etki yapar. Buna g\u00f6re, \u00f6rne\u011fin 2 Haziran 2025 tarihinde m\u00fckellefe Vergi ve Ceza \u0130hbarnamesi tebli\u011f edildi\u011fini kabul edelim. Bu durumda, 1 Temmuz 2025 dava a\u00e7ma s\u00fcresi son g\u00fcn olaca\u011f\u0131ndan mali tatil devreye girmi\u015f oldu\u011fu i\u00e7in dava a\u00e7ma s\u00fcresi 25 Temmuz 2025 e kadar uzam\u0131\u015f olacakt\u0131r. Burada dikkat edilecek bir ba\u015fka husus ise \u015fudur; 20 Temmuz 2025 te adli tatil ba\u015flayaca\u011f\u0131ndan dolay\u0131 m\u00fckellef dilerse i\u015fbu davas\u0131n\u0131 8 Eyl\u00fcl 2025 tarihine kadar a\u00e7mas\u0131 m\u00fcmk\u00fcnd\u00fcr. G\u00f6r\u00fcld\u00fc\u011f\u00fc gibi burada da Mali Tatil bitimi hemen akabinde adli tatil ba\u015flam\u0131\u015f olacakt\u0131r. Ayn\u0131 \u015fekilde benzeri \u00f6rnekten yola \u00e7\u0131k\u0131l\u0131rsa, ayn\u0131 m\u00fckellef dava a\u00e7ma tercihini kullanmay\u0131p uzla\u015fma talep edece\u011fini varsayarsak, bu durumda da s\u00f6z konusu m\u00fckellef uzla\u015fma talebini 25 Temmuz a kadar yapabilir.<\/p>\n<p>Soru 3: Mali tatilde Vergi \u0130ncelemesi i\u015flemleri yap\u0131labilir mi?<\/p>\n<p>Yan\u0131t: Mali tatil s\u00fcresince vergi inceleme i\u015flemleri stop eder. \u015e\u00f6yle ki, mali tatilin bitiminde kalan inceleme b\u0131rak\u0131lan yerden s\u00fcrd\u00fcr\u00fcl\u00fcr. \u00d6rne\u011fin bir m\u00fckellefe 16 Haziran 2025 tarihinde Defter \u0130braz Etme Yaz\u0131s\u0131 tebli\u011f edildi\u011fini varsayal\u0131m. Normalde bu m\u00fckellefin 1 Temmuz 2025 tarihinde defterini vergi m\u00fcfetti\u015fine sunmas\u0131 gerekir. Fakat, devreye mali tatil girmi\u015f olmas\u0131 nedeni ile 1 Temmuz 2025 ten itibaren mali tatil ba\u015flam\u0131\u015f oldu\u011fu i\u00e7in defter ibraz s\u00fcresi 20 Temmuz veya +7 g\u00fcn daha eklenerek 28 Temmuz 2025 e kadar s\u00f6z konusu defterlerin m\u00fcfetti\u015fe sunulmas\u0131 gerekecektir. Ayn\u0131 durum s\u00fcre a\u00e7\u0131s\u0131ndan bilgi isteme yaz\u0131lar\u0131 i\u00e7in de ge\u00e7erlidir. Sadece mahkeme karar\u0131 veya Cumhuriyet Savc\u0131l\u0131klar\u0131\u2019n\u0131n istemi \u00fczerine ya da 213 Say\u0131l\u0131 VUK h\u00fck\u00fcmlerine g\u00f6re yap\u0131lan aramal\u0131 incelemeler hari\u00e7 olmak \u00fczere, mali tatil s\u00fcresince inceleme amac\u0131 ile defter talep edilemez. M\u00fckellefin i\u015f yerinde inceleme yap\u0131lamaz.<\/p>\n<p>Soru 4: SGK ile ilgili i\u015flemlerin mali tatilde ak\u0131beti nedir?<\/p>\n<p>Yan\u0131t: Mali tatil ilan edilen d\u00f6neme rastlayan tarihlerde SGK i\u015flemleri de otomatik olarak uzamaktad\u0131r. Gerek \u00f6demeler ve gerekse beyan ve bildirimler mali tatil m\u00fcddeti zarf\u0131nda uzayacakt\u0131r. \u0130\u015f hukuku ile ilgili i\u015flemler ise mali tatil s\u00fcresince devam edecektir.<\/p>\n<p>Soru 5: Ayl\u0131k y\u00fckleme tercihinde bulunan e-Defter beratlar\u0131n\u0131n y\u00fcklenmesi s\u00fcresi mali tatilde uzar m\u0131?<\/p>\n<p>Yan\u0131t: Ayl\u0131k y\u00fckleme tercihinde bulunmu\u015f Gelir Vergisi m\u00fckelleflerinin elektronik defter beratlar\u0131n\u0131n y\u00fcklenim s\u00fcresi MART 2025 d\u00f6nemi i\u00e7in verilme zaman\u0131 10 Temmuz 2025 dir. \u00d6te yandan, ayl\u0131k y\u00fckleme tercihinde bulunmu\u015f di\u011fer m\u00fckelleflerin Mart 2025 d\u00f6nemine ait e-Defter beratlar\u0131n\u0131n ve y\u00fcklenim s\u00fcresi: 14 Temmuz 2025 dir.\u00a0Hukuki Haber<\/p>\n<p>Haberin Al\u0131nt\u0131land\u0131\u011f\u0131 Kaynak: www.hukukihaber.net<\/p>","protected":false},"excerpt":{"rendered":"<p>Bilindi\u011fi \u00fczere, Mali tatil ihdas edilmesi hakk\u0131nda 5604 Say\u0131l\u0131 Kanun 28\/03\/2007 g\u00fcn ve 26476 Say\u0131l\u0131 Resmi Gazete\u2019de yay\u0131nlanarak y\u00fcr\u00fcrl\u00fc\u011fe girmi\u015ftir. Buna g\u00f6re de her y\u0131l 1 Temmuz ila 20 Temmuz aras\u0131 mali tatil olarak kabul edilmektedir. 20 Temmuz\u2019dan itibaren de 5 Eyl\u00fcl 2025\u2019e kadar adli tatil devreye girmektedir. Konu ile ilgili meslekta\u015flar\u0131m\u0131z\u0131n bu s\u00fcreleri dikkate alarak i\u015f ve i\u015flemlerini takip etmesinde yarar g\u00f6r\u00fclmektedir. Taraf\u0131m\u0131za intikal eden baz\u0131 sorularla ilgili yan\u0131tlar\u0131m\u0131z a\u015fa\u011f\u0131da oldu\u011fu gibidir. Soru 1: Mali tatil s\u00fcresinde yap\u0131lacak olan i\u015flemler ve yap\u0131lmas\u0131 28 Temmuza \u00f6telenen i\u015flemler nelerdir? Yan\u0131t: 5604 Say\u0131l\u0131 Mali Tatil \u0130hdas Edilmesi HK. Kanun h\u00fck\u00fcmlerine g\u00f6re Mali M\u00fc\u015favirler ve Vergi M\u00fckellefleri i\u00e7in baz\u0131 kolayl\u0131klar getirilmi\u015ftir. Buna g\u00f6re 1 Temmuz 2025 ila 20 Temmuz 2025 tarihleri aras\u0131nda verilecek olan beyannameler 20 Temmuzu izleyen g\u00fcnden ba\u015flayarak 25 Temmuz Cuma g\u00fcn\u00fcne kadar uzamaktad\u0131r. 25 Temmuz Cuma olmas\u0131 dolay\u0131s\u0131 ile beyana dayal\u0131 tahakkuk eden vergi \u00f6deme s\u00fcresi 28 Temmuz 2025 g\u00fcn\u00fc \u00e7al\u0131\u015fma saati bitimine kadar uzamaktad\u0131r. Bu s\u00fcre zarf\u0131nda uzamayan i\u015flemler ise; Konaklama Vergisi, Damga Vergisi, Muhtasar ve Hizmet Prim ile KDV Beyannameleri verme s\u00fcresi de\u011fi\u015fmemektedir. \u00d6TV, BSMV ve \u00d6zel \u0130leti\u015fim Vergisi , \u015eans Oyunlar\u0131 Vergisi ile g\u00fcmr\u00fck idareleri, il \u00f6zel idareleri ve belediyeler taraf\u0131ndan tarh veya tahsil edilen vergi, resim &hellip;<\/p>","protected":false},"author":3,"featured_media":0,"comment_status":"","ping_status":"open","sticky":false,"template":"","format":"standard","meta":{"_acf_changed":false,"footnotes":""},"categories":[27],"tags":[],"class_list":["post-134751","post","type-post","status-publish","format-standard","has-post-thumbnail","hentry","category-hukukihaber"],"acf":[],"yoast_head":"<!-- This site is optimized with the Yoast SEO Premium plugin v26.6 (Yoast SEO v27.1.1) - https:\/\/yoast.com\/product\/yoast-seo-premium-wordpress\/ -->\n<title>MAL\u0130 TAT\u0130L 1-20 TEMMUZ 2025 TAR\u0130HLER\u0130 ARASINDA BA\u015eLIYOR: SORU VE CEVAPLARLA MAL\u0130 TAT\u0130L HAKKINDA B\u0130LG\u0130LER - Av. Deniz Can K\u0131z\u0131l<\/title>\n<meta name=\"robots\" content=\"index, follow, max-snippet:-1, max-image-preview:large, max-video-preview:-1\" \/>\n<link rel=\"canonical\" href=\"https:\/\/denizcankizil.tr\/ru\/hukukihaber\/mali-tatil-1-20-temmuz-2025-tarihleri-arasinda-basliyor-soru-ve-cevaplarla-mali-tatil-hakkinda-bilgiler\/\" \/>\n<meta property=\"og:locale\" content=\"ru_RU\" \/>\n<meta property=\"og:type\" content=\"article\" \/>\n<meta property=\"og:title\" content=\"MAL\u0130 TAT\u0130L 1-20 TEMMUZ 2025 TAR\u0130HLER\u0130 ARASINDA BA\u015eLIYOR: SORU VE CEVAPLARLA MAL\u0130 TAT\u0130L HAKKINDA B\u0130LG\u0130LER\" \/>\n<meta property=\"og:description\" content=\"Bilindi\u011fi \u00fczere, Mali tatil ihdas edilmesi hakk\u0131nda 5604 Say\u0131l\u0131 Kanun 28\/03\/2007 g\u00fcn ve 26476 Say\u0131l\u0131 Resmi Gazete\u2019de yay\u0131nlanarak y\u00fcr\u00fcrl\u00fc\u011fe girmi\u015ftir. Buna g\u00f6re de her y\u0131l 1 Temmuz ila 20 Temmuz aras\u0131 mali tatil olarak kabul edilmektedir. 20 Temmuz\u2019dan itibaren de 5 Eyl\u00fcl 2025\u2019e kadar adli tatil devreye girmektedir. Konu ile ilgili meslekta\u015flar\u0131m\u0131z\u0131n bu s\u00fcreleri dikkate alarak i\u015f ve i\u015flemlerini takip etmesinde yarar g\u00f6r\u00fclmektedir. Taraf\u0131m\u0131za intikal eden baz\u0131 sorularla ilgili yan\u0131tlar\u0131m\u0131z a\u015fa\u011f\u0131da oldu\u011fu gibidir. Soru 1: Mali tatil s\u00fcresinde yap\u0131lacak olan i\u015flemler ve yap\u0131lmas\u0131 28 Temmuza \u00f6telenen i\u015flemler nelerdir? Yan\u0131t: 5604 Say\u0131l\u0131 Mali Tatil \u0130hdas Edilmesi HK. Kanun h\u00fck\u00fcmlerine g\u00f6re Mali M\u00fc\u015favirler ve Vergi M\u00fckellefleri i\u00e7in baz\u0131 kolayl\u0131klar getirilmi\u015ftir. Buna g\u00f6re 1 Temmuz 2025 ila 20 Temmuz 2025 tarihleri aras\u0131nda verilecek olan beyannameler 20 Temmuzu izleyen g\u00fcnden ba\u015flayarak 25 Temmuz Cuma g\u00fcn\u00fcne kadar uzamaktad\u0131r. 25 Temmuz Cuma olmas\u0131 dolay\u0131s\u0131 ile beyana dayal\u0131 tahakkuk eden vergi \u00f6deme s\u00fcresi 28 Temmuz 2025 g\u00fcn\u00fc \u00e7al\u0131\u015fma saati bitimine kadar uzamaktad\u0131r. Bu s\u00fcre zarf\u0131nda uzamayan i\u015flemler ise; Konaklama Vergisi, Damga Vergisi, Muhtasar ve Hizmet Prim ile KDV Beyannameleri verme s\u00fcresi de\u011fi\u015fmemektedir. \u00d6TV, BSMV ve \u00d6zel \u0130leti\u015fim Vergisi , \u015eans Oyunlar\u0131 Vergisi ile g\u00fcmr\u00fck idareleri, il \u00f6zel idareleri ve belediyeler taraf\u0131ndan tarh veya tahsil edilen vergi, resim &hellip;\" \/>\n<meta property=\"og:url\" content=\"https:\/\/denizcankizil.tr\/ru\/hukukihaber\/mali-tatil-1-20-temmuz-2025-tarihleri-arasinda-basliyor-soru-ve-cevaplarla-mali-tatil-hakkinda-bilgiler\/\" \/>\n<meta property=\"og:site_name\" content=\"Av. Deniz Can K\u0131z\u0131l\" \/>\n<meta property=\"article:published_time\" content=\"2025-07-01T08:24:00+00:00\" \/>\n<meta name=\"author\" content=\"Hukuki Haber.net\" \/>\n<meta name=\"twitter:card\" content=\"summary_large_image\" \/>\n<meta name=\"twitter:label1\" content=\"\u041d\u0430\u043f\u0438\u0441\u0430\u043d\u043e \u0430\u0432\u0442\u043e\u0440\u043e\u043c\" \/>\n\t<meta name=\"twitter:data1\" content=\"Hukuki Haber.net\" \/>\n\t<meta name=\"twitter:label2\" content=\"\u041f\u0440\u0438\u043c\u0435\u0440\u043d\u043e\u0435 \u0432\u0440\u0435\u043c\u044f \u0434\u043b\u044f \u0447\u0442\u0435\u043d\u0438\u044f\" \/>\n\t<meta name=\"twitter:data2\" content=\"7 \u043c\u0438\u043d\u0443\u0442\" \/>\n<script type=\"application\/ld+json\" class=\"yoast-schema-graph\">{\"@context\":\"https:\/\/schema.org\",\"@graph\":[{\"@type\":\"Article\",\"@id\":\"https:\/\/denizcankizil.tr\/ru\/hukukihaber\/mali-tatil-1-20-temmuz-2025-tarihleri-arasinda-basliyor-soru-ve-cevaplarla-mali-tatil-hakkinda-bilgiler\/#article\",\"isPartOf\":{\"@id\":\"https:\/\/denizcankizil.tr\/ru\/hukukihaber\/mali-tatil-1-20-temmuz-2025-tarihleri-arasinda-basliyor-soru-ve-cevaplarla-mali-tatil-hakkinda-bilgiler\/\"},\"author\":{\"name\":\"Hukuki Haber.net\",\"@id\":\"https:\/\/denizcankizil.tr\/de\/#\/schema\/person\/001a271de994a0aa3f90eea084424822\"},\"headline\":\"MAL\u0130 TAT\u0130L 1-20 TEMMUZ 2025 TAR\u0130HLER\u0130 ARASINDA BA\u015eLIYOR: SORU VE CEVAPLARLA MAL\u0130 TAT\u0130L HAKKINDA B\u0130LG\u0130LER\",\"datePublished\":\"2025-07-01T08:24:00+00:00\",\"mainEntityOfPage\":{\"@id\":\"https:\/\/denizcankizil.tr\/ru\/hukukihaber\/mali-tatil-1-20-temmuz-2025-tarihleri-arasinda-basliyor-soru-ve-cevaplarla-mali-tatil-hakkinda-bilgiler\/\"},\"wordCount\":1516,\"publisher\":{\"@id\":\"https:\/\/denizcankizil.tr\/de\/#organization\"},\"articleSection\":[\"Hukuki Haberler\"],\"inLanguage\":\"ru-RU\"},{\"@type\":\"WebPage\",\"@id\":\"https:\/\/denizcankizil.tr\/ru\/hukukihaber\/mali-tatil-1-20-temmuz-2025-tarihleri-arasinda-basliyor-soru-ve-cevaplarla-mali-tatil-hakkinda-bilgiler\/\",\"url\":\"https:\/\/denizcankizil.tr\/ru\/hukukihaber\/mali-tatil-1-20-temmuz-2025-tarihleri-arasinda-basliyor-soru-ve-cevaplarla-mali-tatil-hakkinda-bilgiler\/\",\"name\":\"MAL\u0130 TAT\u0130L 1-20 TEMMUZ 2025 TAR\u0130HLER\u0130 ARASINDA BA\u015eLIYOR: SORU VE CEVAPLARLA MAL\u0130 TAT\u0130L HAKKINDA B\u0130LG\u0130LER - Av. Deniz Can K\u0131z\u0131l\",\"isPartOf\":{\"@id\":\"https:\/\/denizcankizil.tr\/de\/#website\"},\"datePublished\":\"2025-07-01T08:24:00+00:00\",\"breadcrumb\":{\"@id\":\"https:\/\/denizcankizil.tr\/ru\/hukukihaber\/mali-tatil-1-20-temmuz-2025-tarihleri-arasinda-basliyor-soru-ve-cevaplarla-mali-tatil-hakkinda-bilgiler\/#breadcrumb\"},\"inLanguage\":\"ru-RU\",\"potentialAction\":[{\"@type\":\"ReadAction\",\"target\":[\"https:\/\/denizcankizil.tr\/ru\/hukukihaber\/mali-tatil-1-20-temmuz-2025-tarihleri-arasinda-basliyor-soru-ve-cevaplarla-mali-tatil-hakkinda-bilgiler\/\"]}]},{\"@type\":\"BreadcrumbList\",\"@id\":\"https:\/\/denizcankizil.tr\/ru\/hukukihaber\/mali-tatil-1-20-temmuz-2025-tarihleri-arasinda-basliyor-soru-ve-cevaplarla-mali-tatil-hakkinda-bilgiler\/#breadcrumb\",\"itemListElement\":[{\"@type\":\"ListItem\",\"position\":1,\"name\":\"Home\",\"item\":\"https:\/\/denizcankizil.tr\/de\/\"},{\"@type\":\"ListItem\",\"position\":2,\"name\":\"MAL\u0130 TAT\u0130L 1-20 TEMMUZ 2025 TAR\u0130HLER\u0130 ARASINDA BA\u015eLIYOR: SORU VE CEVAPLARLA MAL\u0130 TAT\u0130L HAKKINDA B\u0130LG\u0130LER\"}]},{\"@type\":\"WebSite\",\"@id\":\"https:\/\/denizcankizil.tr\/de\/#website\",\"url\":\"https:\/\/denizcankizil.tr\/de\/\",\"name\":\"Av. Deniz Can K\u0131z\u0131l\",\"description\":\"Avukat Deniz Can K\u0131z\u0131l Antalya Barosu\",\"publisher\":{\"@id\":\"https:\/\/denizcankizil.tr\/de\/#organization\"},\"potentialAction\":[{\"@type\":\"SearchAction\",\"target\":{\"@type\":\"EntryPoint\",\"urlTemplate\":\"https:\/\/denizcankizil.tr\/de\/?s={search_term_string}\"},\"query-input\":{\"@type\":\"PropertyValueSpecification\",\"valueRequired\":true,\"valueName\":\"search_term_string\"}}],\"inLanguage\":\"ru-RU\"},{\"@type\":\"Organization\",\"@id\":\"https:\/\/denizcankizil.tr\/de\/#organization\",\"name\":\"Av. Deniz Can K\u0131z\u0131l\",\"url\":\"https:\/\/denizcankizil.tr\/de\/\",\"logo\":{\"@type\":\"ImageObject\",\"inLanguage\":\"ru-RU\",\"@id\":\"https:\/\/denizcankizil.tr\/de\/#\/schema\/logo\/image\/\",\"url\":\"https:\/\/denizcankizil.tr\/wp-content\/uploads\/2024\/10\/siyah-logo-svg.svg\",\"contentUrl\":\"https:\/\/denizcankizil.tr\/wp-content\/uploads\/2024\/10\/siyah-logo-svg.svg\",\"width\":1080,\"height\":1080,\"caption\":\"Av. Deniz Can K\u0131z\u0131l\"},\"image\":{\"@id\":\"https:\/\/denizcankizil.tr\/de\/#\/schema\/logo\/image\/\"}},{\"@type\":\"Person\",\"@id\":\"https:\/\/denizcankizil.tr\/de\/#\/schema\/person\/001a271de994a0aa3f90eea084424822\",\"name\":\"Hukuki Haber.net\",\"image\":{\"@type\":\"ImageObject\",\"inLanguage\":\"ru-RU\",\"@id\":\"https:\/\/denizcankizil.tr\/de\/#\/schema\/person\/image\/\",\"url\":\"https:\/\/secure.gravatar.com\/avatar\/57d8a49151495586611a149d29fc42865b951dc053a84709a3172ccb5abf3118?s=96&d=mm&r=g\",\"contentUrl\":\"https:\/\/secure.gravatar.com\/avatar\/57d8a49151495586611a149d29fc42865b951dc053a84709a3172ccb5abf3118?s=96&d=mm&r=g\",\"caption\":\"Hukuki Haber.net\"},\"sameAs\":[\"http:\/\/www.hukukihaber.net\"],\"url\":\"https:\/\/www.hukukihaber.net\/mali-tatil-1-20-temmuz-2025-tarihleri-arasinda-basliyor-soru-ve-cevaplarla-mali-tatil-hakkinda-bilgiler\"}]}<\/script>\n<!-- \/ Yoast SEO Premium plugin. -->","yoast_head_json":{"title":"MAL\u0130 TAT\u0130L 1-20 TEMMUZ 2025 TAR\u0130HLER\u0130 ARASINDA BA\u015eLIYOR: SORU VE CEVAPLARLA MAL\u0130 TAT\u0130L HAKKINDA B\u0130LG\u0130LER - Av. Deniz Can K\u0131z\u0131l","robots":{"index":"index","follow":"follow","max-snippet":"max-snippet:-1","max-image-preview":"max-image-preview:large","max-video-preview":"max-video-preview:-1"},"canonical":"https:\/\/denizcankizil.tr\/ru\/hukukihaber\/mali-tatil-1-20-temmuz-2025-tarihleri-arasinda-basliyor-soru-ve-cevaplarla-mali-tatil-hakkinda-bilgiler\/","og_locale":"ru_RU","og_type":"article","og_title":"MAL\u0130 TAT\u0130L 1-20 TEMMUZ 2025 TAR\u0130HLER\u0130 ARASINDA BA\u015eLIYOR: SORU VE CEVAPLARLA MAL\u0130 TAT\u0130L HAKKINDA B\u0130LG\u0130LER","og_description":"Bilindi\u011fi \u00fczere, Mali tatil ihdas edilmesi hakk\u0131nda 5604 Say\u0131l\u0131 Kanun 28\/03\/2007 g\u00fcn ve 26476 Say\u0131l\u0131 Resmi Gazete\u2019de yay\u0131nlanarak y\u00fcr\u00fcrl\u00fc\u011fe girmi\u015ftir. Buna g\u00f6re de her y\u0131l 1 Temmuz ila 20 Temmuz aras\u0131 mali tatil olarak kabul edilmektedir. 20 Temmuz\u2019dan itibaren de 5 Eyl\u00fcl 2025\u2019e kadar adli tatil devreye girmektedir. Konu ile ilgili meslekta\u015flar\u0131m\u0131z\u0131n bu s\u00fcreleri dikkate alarak i\u015f ve i\u015flemlerini takip etmesinde yarar g\u00f6r\u00fclmektedir. Taraf\u0131m\u0131za intikal eden baz\u0131 sorularla ilgili yan\u0131tlar\u0131m\u0131z a\u015fa\u011f\u0131da oldu\u011fu gibidir. Soru 1: Mali tatil s\u00fcresinde yap\u0131lacak olan i\u015flemler ve yap\u0131lmas\u0131 28 Temmuza \u00f6telenen i\u015flemler nelerdir? Yan\u0131t: 5604 Say\u0131l\u0131 Mali Tatil \u0130hdas Edilmesi HK. Kanun h\u00fck\u00fcmlerine g\u00f6re Mali M\u00fc\u015favirler ve Vergi M\u00fckellefleri i\u00e7in baz\u0131 kolayl\u0131klar getirilmi\u015ftir. Buna g\u00f6re 1 Temmuz 2025 ila 20 Temmuz 2025 tarihleri aras\u0131nda verilecek olan beyannameler 20 Temmuzu izleyen g\u00fcnden ba\u015flayarak 25 Temmuz Cuma g\u00fcn\u00fcne kadar uzamaktad\u0131r. 25 Temmuz Cuma olmas\u0131 dolay\u0131s\u0131 ile beyana dayal\u0131 tahakkuk eden vergi \u00f6deme s\u00fcresi 28 Temmuz 2025 g\u00fcn\u00fc \u00e7al\u0131\u015fma saati bitimine kadar uzamaktad\u0131r. Bu s\u00fcre zarf\u0131nda uzamayan i\u015flemler ise; Konaklama Vergisi, Damga Vergisi, Muhtasar ve Hizmet Prim ile KDV Beyannameleri verme s\u00fcresi de\u011fi\u015fmemektedir. \u00d6TV, BSMV ve \u00d6zel \u0130leti\u015fim Vergisi , \u015eans Oyunlar\u0131 Vergisi ile g\u00fcmr\u00fck idareleri, il \u00f6zel idareleri ve belediyeler taraf\u0131ndan tarh veya tahsil edilen vergi, resim &hellip;","og_url":"https:\/\/denizcankizil.tr\/ru\/hukukihaber\/mali-tatil-1-20-temmuz-2025-tarihleri-arasinda-basliyor-soru-ve-cevaplarla-mali-tatil-hakkinda-bilgiler\/","og_site_name":"Av. Deniz Can K\u0131z\u0131l","article_published_time":"2025-07-01T08:24:00+00:00","author":"Hukuki Haber.net","twitter_card":"summary_large_image","twitter_misc":{"\u041d\u0430\u043f\u0438\u0441\u0430\u043d\u043e \u0430\u0432\u0442\u043e\u0440\u043e\u043c":"Hukuki Haber.net","\u041f\u0440\u0438\u043c\u0435\u0440\u043d\u043e\u0435 \u0432\u0440\u0435\u043c\u044f \u0434\u043b\u044f \u0447\u0442\u0435\u043d\u0438\u044f":"7 \u043c\u0438\u043d\u0443\u0442"},"schema":{"@context":"https:\/\/schema.org","@graph":[{"@type":"Article","@id":"https:\/\/denizcankizil.tr\/ru\/hukukihaber\/mali-tatil-1-20-temmuz-2025-tarihleri-arasinda-basliyor-soru-ve-cevaplarla-mali-tatil-hakkinda-bilgiler\/#article","isPartOf":{"@id":"https:\/\/denizcankizil.tr\/ru\/hukukihaber\/mali-tatil-1-20-temmuz-2025-tarihleri-arasinda-basliyor-soru-ve-cevaplarla-mali-tatil-hakkinda-bilgiler\/"},"author":{"name":"Hukuki Haber.net","@id":"https:\/\/denizcankizil.tr\/de\/#\/schema\/person\/001a271de994a0aa3f90eea084424822"},"headline":"MAL\u0130 TAT\u0130L 1-20 TEMMUZ 2025 TAR\u0130HLER\u0130 ARASINDA BA\u015eLIYOR: SORU VE CEVAPLARLA MAL\u0130 TAT\u0130L HAKKINDA B\u0130LG\u0130LER","datePublished":"2025-07-01T08:24:00+00:00","mainEntityOfPage":{"@id":"https:\/\/denizcankizil.tr\/ru\/hukukihaber\/mali-tatil-1-20-temmuz-2025-tarihleri-arasinda-basliyor-soru-ve-cevaplarla-mali-tatil-hakkinda-bilgiler\/"},"wordCount":1516,"publisher":{"@id":"https:\/\/denizcankizil.tr\/de\/#organization"},"articleSection":["Hukuki Haberler"],"inLanguage":"ru-RU"},{"@type":"WebPage","@id":"https:\/\/denizcankizil.tr\/ru\/hukukihaber\/mali-tatil-1-20-temmuz-2025-tarihleri-arasinda-basliyor-soru-ve-cevaplarla-mali-tatil-hakkinda-bilgiler\/","url":"https:\/\/denizcankizil.tr\/ru\/hukukihaber\/mali-tatil-1-20-temmuz-2025-tarihleri-arasinda-basliyor-soru-ve-cevaplarla-mali-tatil-hakkinda-bilgiler\/","name":"MAL\u0130 TAT\u0130L 1-20 TEMMUZ 2025 TAR\u0130HLER\u0130 ARASINDA BA\u015eLIYOR: SORU VE CEVAPLARLA MAL\u0130 TAT\u0130L HAKKINDA B\u0130LG\u0130LER - Av. Deniz Can K\u0131z\u0131l","isPartOf":{"@id":"https:\/\/denizcankizil.tr\/de\/#website"},"datePublished":"2025-07-01T08:24:00+00:00","breadcrumb":{"@id":"https:\/\/denizcankizil.tr\/ru\/hukukihaber\/mali-tatil-1-20-temmuz-2025-tarihleri-arasinda-basliyor-soru-ve-cevaplarla-mali-tatil-hakkinda-bilgiler\/#breadcrumb"},"inLanguage":"ru-RU","potentialAction":[{"@type":"ReadAction","target":["https:\/\/denizcankizil.tr\/ru\/hukukihaber\/mali-tatil-1-20-temmuz-2025-tarihleri-arasinda-basliyor-soru-ve-cevaplarla-mali-tatil-hakkinda-bilgiler\/"]}]},{"@type":"BreadcrumbList","@id":"https:\/\/denizcankizil.tr\/ru\/hukukihaber\/mali-tatil-1-20-temmuz-2025-tarihleri-arasinda-basliyor-soru-ve-cevaplarla-mali-tatil-hakkinda-bilgiler\/#breadcrumb","itemListElement":[{"@type":"ListItem","position":1,"name":"Home","item":"https:\/\/denizcankizil.tr\/de\/"},{"@type":"ListItem","position":2,"name":"MAL\u0130 TAT\u0130L 1-20 TEMMUZ 2025 TAR\u0130HLER\u0130 ARASINDA BA\u015eLIYOR: SORU VE CEVAPLARLA MAL\u0130 TAT\u0130L HAKKINDA B\u0130LG\u0130LER"}]},{"@type":"WebSite","@id":"https:\/\/denizcankizil.tr\/de\/#website","url":"https:\/\/denizcankizil.tr\/de\/","name":"Av. Deniz Can K\u0131z\u0131l","description":"Avukat Deniz Can K\u0131z\u0131l Antalya Barosu","publisher":{"@id":"https:\/\/denizcankizil.tr\/de\/#organization"},"potentialAction":[{"@type":"SearchAction","target":{"@type":"EntryPoint","urlTemplate":"https:\/\/denizcankizil.tr\/de\/?s={search_term_string}"},"query-input":{"@type":"PropertyValueSpecification","valueRequired":true,"valueName":"search_term_string"}}],"inLanguage":"ru-RU"},{"@type":"Organization","@id":"https:\/\/denizcankizil.tr\/de\/#organization","name":"Av. Deniz Can K\u0131z\u0131l","url":"https:\/\/denizcankizil.tr\/de\/","logo":{"@type":"ImageObject","inLanguage":"ru-RU","@id":"https:\/\/denizcankizil.tr\/de\/#\/schema\/logo\/image\/","url":"https:\/\/denizcankizil.tr\/wp-content\/uploads\/2024\/10\/siyah-logo-svg.svg","contentUrl":"https:\/\/denizcankizil.tr\/wp-content\/uploads\/2024\/10\/siyah-logo-svg.svg","width":1080,"height":1080,"caption":"Av. Deniz Can K\u0131z\u0131l"},"image":{"@id":"https:\/\/denizcankizil.tr\/de\/#\/schema\/logo\/image\/"}},{"@type":"Person","@id":"https:\/\/denizcankizil.tr\/de\/#\/schema\/person\/001a271de994a0aa3f90eea084424822","name":"Hukuki Haber.net","image":{"@type":"ImageObject","inLanguage":"ru-RU","@id":"https:\/\/denizcankizil.tr\/de\/#\/schema\/person\/image\/","url":"https:\/\/secure.gravatar.com\/avatar\/57d8a49151495586611a149d29fc42865b951dc053a84709a3172ccb5abf3118?s=96&d=mm&r=g","contentUrl":"https:\/\/secure.gravatar.com\/avatar\/57d8a49151495586611a149d29fc42865b951dc053a84709a3172ccb5abf3118?s=96&d=mm&r=g","caption":"Hukuki Haber.net"},"sameAs":["http:\/\/www.hukukihaber.net"],"url":"https:\/\/www.hukukihaber.net\/mali-tatil-1-20-temmuz-2025-tarihleri-arasinda-basliyor-soru-ve-cevaplarla-mali-tatil-hakkinda-bilgiler"}]}},"_links":{"self":[{"href":"https:\/\/denizcankizil.tr\/ru\/wp-json\/wp\/v2\/posts\/134751","targetHints":{"allow":["GET"]}}],"collection":[{"href":"https:\/\/denizcankizil.tr\/ru\/wp-json\/wp\/v2\/posts"}],"about":[{"href":"https:\/\/denizcankizil.tr\/ru\/wp-json\/wp\/v2\/types\/post"}],"author":[{"embeddable":true,"href":"https:\/\/denizcankizil.tr\/ru\/wp-json\/wp\/v2\/users\/3"}],"replies":[{"embeddable":true,"href":"https:\/\/denizcankizil.tr\/ru\/wp-json\/wp\/v2\/comments?post=134751"}],"version-history":[{"count":0,"href":"https:\/\/denizcankizil.tr\/ru\/wp-json\/wp\/v2\/posts\/134751\/revisions"}],"wp:attachment":[{"href":"https:\/\/denizcankizil.tr\/ru\/wp-json\/wp\/v2\/media?parent=134751"}],"wp:term":[{"taxonomy":"category","embeddable":true,"href":"https:\/\/denizcankizil.tr\/ru\/wp-json\/wp\/v2\/categories?post=134751"},{"taxonomy":"post_tag","embeddable":true,"href":"https:\/\/denizcankizil.tr\/ru\/wp-json\/wp\/v2\/tags?post=134751"}],"curies":[{"name":"wp","href":"https:\/\/api.w.org\/{rel}","templated":true}]}}