{"id":134726,"date":"2025-07-03T16:41:30","date_gmt":"2025-07-03T13:41:30","guid":{"rendered":"https:\/\/denizcankizil.tr\/uncategorized-tr\/umit-uysal-yangin-bolgesinde-konustu-sogutma-islemi-uzun-surecek\/"},"modified":"2025-07-03T16:41:30","modified_gmt":"2025-07-03T13:41:30","slug":"umit-uysal-yangin-bolgesinde-konustu-sogutma-islemi-uzun-surecek","status":"publish","type":"post","link":"https:\/\/denizcankizil.tr\/ru\/haberler\/gundem\/umit-uysal-yangin-bolgesinde-konustu-sogutma-islemi-uzun-surecek\/","title":{"rendered":"\u00dcmit Uysal yang\u0131n b\u00f6lgesinde konu\u015ftu: &#8220;So\u011futma i\u015flemi uzun s\u00fcrecek&#8221;"},"content":{"rendered":"<p>Antalya&#8217;n\u0131n Muratpa\u015fa il\u00e7esi Lara b\u00f6lgesi Ermenek Mahallesi&#8217;ndeki ormanl\u0131kta, saat 10.30 s\u0131ralar\u0131nda b\u00fcy\u00fck bir orman yang\u0131n\u0131 ba\u015flad\u0131. Alevlerin b\u00fcy\u00fcmesinin ard\u0131ndan ekipler, alevleri s\u00f6nd\u00fcrmek i\u00e7in havadan ve karadan m\u00fcdahaleye ba\u015flad\u0131. Yang\u0131n\u0131n evlere s\u0131\u00e7rama tehlikesi oldu\u011fu i\u00e7in TOMA deste\u011fi de istendi.<\/p>\n<p>YANGIN 3.5 SAATTE KONTROL ALTINA ALINDI<\/p>\n<p>Antalya Orman B\u00f6lge M\u00fcd\u00fcrl\u00fc\u011f\u00fc, Antalya B\u00fcy\u00fck\u015fehir Belediyesi itfaiyesi ve AFAD\u2019\u0131n deste\u011fi ile yang\u0131n 3.5 saatin ard\u0131ndan kontrol atl\u0131na al\u0131nd\u0131. Muratpa\u015fa Belediye Balkan\u0131 \u00dcmit Uysal ise yang\u0131n b\u00f6lgesinde a\u00e7\u0131klamalarda bulundu.<\/p>\n<p>SO\u011eUTMA \u00c7ALI\u015eMALARI G\u00dcNLERCE S\u00dcRECEK<\/p>\n<p>Ba\u015fkan Uysal, yang\u0131n\u0131n kontrol alt\u0131na al\u0131nd\u0131\u011f\u0131n\u0131 ama so\u011futma \u00e7al\u0131\u015fmalar\u0131n\u0131n birka\u00e7 g\u00fcn boyunca s\u00fcrece\u011fini ifade ederek, \u201cMaalesef Lara hayalet ormanlar\u0131m\u0131zda yang\u0131n \u00e7\u0131kt\u0131. Orman B\u00f6lge M\u00fcd\u00fcrl\u00fc\u011f\u00fc, Antalya B\u00fcy\u00fck\u015fehir Belediyesi itfaiyesi, AFAD b\u00fct\u00fcn kurumlarla birlikte biz de 15 i\u015f makinemiz ve aras\u00f6zlerimle m\u00fcdahale ettik. \u015eu anda yang\u0131n kontrol alt\u0131na al\u0131nm\u0131\u015f g\u00f6z\u00fck\u00fcyor. Tabii so\u011futma gerekiyor. Yaz aylar\u0131ndan dolay\u0131 hava ko\u015fullar\u0131 da olumsuz oldu\u011fu i\u00e7in birka\u00e7 g\u00fcn buran\u0131n takibi gerekiyor\u201d dedi.<\/p>\n<p>Lara b\u00f6lgemizde Ermenek ve G\u00fczeloba mahallerimiz aras\u0131nda yer alan ormanl\u0131k alanda sabah saatlerinde ba\u015flayan yang\u0131n t\u00fcm kurumlar\u0131m\u0131z\u0131n koordineli \u00e7al\u0131\u015fmas\u0131 ve yo\u011fun \u00e7abas\u0131yla daha fazla b\u00fcy\u00fcmeden kontrol alt\u0131na al\u0131nd\u0131.<\/p>\n<p>Yang\u0131n\u0131n ba\u015f\u0131ndan itibaren sahada canla ba\u015fla g\u00f6rev yapan\u2026 pic.twitter.com\/pQ6ScPFcCI<br \/>\n\u2014 \u00dcM\u0130T UYSAL (@Av_umituysal) July 3, 2025<\/p>\n<p>\u200bMuratpa\u015fa Belediye Ba\u015fkan\u0131 \u00dcmit Uysal, Lara&#8217;da ya\u015fanan orman yang\u0131n\u0131 i\u00e7in b\u00f6lgede incelemelerde bulundu. B\u00f6lgede a\u00e7\u0131klamalarda bulunan Uysal, \u201c\u015eu anda yang\u0131n kontrol alt\u0131na al\u0131nm\u0131\u015f g\u00f6z\u00fck\u00fcyor. Tabii so\u011futma gerekiyor. Yaz aylar\u0131ndan dolay\u0131 hava ko\u015fullar\u0131 da olumsuz oldu\u011fu i\u00e7in birka\u00e7 g\u00fcn buran\u0131n takibi gerekiyor\u201d dedi.\u00a0<\/p>\n<p>\u200bHaberin Al\u0131nt\u0131land\u0131\u011f\u0131 Kaynak: www.antalyakorfez.com<\/p>","protected":false},"excerpt":{"rendered":"<p>Antalya&#8217;n\u0131n Muratpa\u015fa il\u00e7esi Lara b\u00f6lgesi Ermenek Mahallesi&#8217;ndeki ormanl\u0131kta, saat 10.30 s\u0131ralar\u0131nda b\u00fcy\u00fck bir orman yang\u0131n\u0131 ba\u015flad\u0131. Alevlerin b\u00fcy\u00fcmesinin ard\u0131ndan ekipler, alevleri s\u00f6nd\u00fcrmek i\u00e7in havadan ve karadan m\u00fcdahaleye ba\u015flad\u0131. Yang\u0131n\u0131n evlere s\u0131\u00e7rama tehlikesi oldu\u011fu i\u00e7in TOMA deste\u011fi de istendi. YANGIN 3.5 SAATTE KONTROL ALTINA ALINDI Antalya Orman B\u00f6lge M\u00fcd\u00fcrl\u00fc\u011f\u00fc, Antalya B\u00fcy\u00fck\u015fehir Belediyesi itfaiyesi ve AFAD\u2019\u0131n deste\u011fi ile yang\u0131n 3.5 saatin ard\u0131ndan kontrol atl\u0131na al\u0131nd\u0131. Muratpa\u015fa Belediye Balkan\u0131 \u00dcmit Uysal ise yang\u0131n b\u00f6lgesinde a\u00e7\u0131klamalarda bulundu. SO\u011eUTMA \u00c7ALI\u015eMALARI G\u00dcNLERCE S\u00dcRECEK Ba\u015fkan Uysal, yang\u0131n\u0131n kontrol alt\u0131na al\u0131nd\u0131\u011f\u0131n\u0131 ama so\u011futma \u00e7al\u0131\u015fmalar\u0131n\u0131n birka\u00e7 g\u00fcn boyunca s\u00fcrece\u011fini ifade ederek, \u201cMaalesef Lara hayalet ormanlar\u0131m\u0131zda yang\u0131n \u00e7\u0131kt\u0131. Orman B\u00f6lge M\u00fcd\u00fcrl\u00fc\u011f\u00fc, Antalya B\u00fcy\u00fck\u015fehir Belediyesi itfaiyesi, AFAD b\u00fct\u00fcn kurumlarla birlikte biz de 15 i\u015f makinemiz ve aras\u00f6zlerimle m\u00fcdahale ettik. \u015eu anda yang\u0131n kontrol alt\u0131na al\u0131nm\u0131\u015f g\u00f6z\u00fck\u00fcyor. Tabii so\u011futma gerekiyor. Yaz aylar\u0131ndan dolay\u0131 hava ko\u015fullar\u0131 da olumsuz oldu\u011fu i\u00e7in birka\u00e7 g\u00fcn buran\u0131n takibi gerekiyor\u201d dedi. Lara b\u00f6lgemizde Ermenek ve G\u00fczeloba mahallerimiz aras\u0131nda yer alan ormanl\u0131k alanda sabah saatlerinde ba\u015flayan yang\u0131n t\u00fcm kurumlar\u0131m\u0131z\u0131n koordineli \u00e7al\u0131\u015fmas\u0131 ve yo\u011fun \u00e7abas\u0131yla daha fazla b\u00fcy\u00fcmeden kontrol alt\u0131na al\u0131nd\u0131. Yang\u0131n\u0131n ba\u015f\u0131ndan itibaren sahada canla ba\u015fla g\u00f6rev yapan\u2026 pic.twitter.com\/pQ6ScPFcCI \u2014 \u00dcM\u0130T UYSAL (@Av_umituysal) July 3, 2025 \u200bMuratpa\u015fa Belediye Ba\u015fkan\u0131 \u00dcmit Uysal, Lara&#8217;da ya\u015fanan orman yang\u0131n\u0131 i\u00e7in b\u00f6lgede incelemelerde bulundu. &hellip;<\/p>","protected":false},"author":5,"featured_media":0,"comment_status":"","ping_status":"open","sticky":false,"template":"","format":"standard","meta":{"_acf_changed":false,"footnotes":""},"categories":[24],"tags":[],"class_list":["post-134726","post","type-post","status-publish","format-standard","has-post-thumbnail","hentry","category-gundem"],"acf":[],"yoast_head":"<!-- This site is optimized with the Yoast SEO Premium plugin v26.6 (Yoast SEO v27.1.1) - https:\/\/yoast.com\/product\/yoast-seo-premium-wordpress\/ -->\n<title>\u00dcmit Uysal yang\u0131n b\u00f6lgesinde konu\u015ftu: &quot;So\u011futma i\u015flemi uzun s\u00fcrecek&quot; - Av. Deniz Can K\u0131z\u0131l<\/title>\n<meta name=\"robots\" content=\"index, follow, max-snippet:-1, max-image-preview:large, max-video-preview:-1\" \/>\n<link rel=\"canonical\" href=\"https:\/\/denizcankizil.tr\/ru\/haberler\/gundem\/umit-uysal-yangin-bolgesinde-konustu-sogutma-islemi-uzun-surecek\/\" \/>\n<meta property=\"og:locale\" content=\"ru_RU\" \/>\n<meta property=\"og:type\" content=\"article\" \/>\n<meta property=\"og:title\" content=\"\u00dcmit Uysal yang\u0131n b\u00f6lgesinde konu\u015ftu: &quot;So\u011futma i\u015flemi uzun s\u00fcrecek&quot;\" \/>\n<meta property=\"og:description\" content=\"Antalya&#8217;n\u0131n Muratpa\u015fa il\u00e7esi Lara b\u00f6lgesi Ermenek Mahallesi&#8217;ndeki ormanl\u0131kta, saat 10.30 s\u0131ralar\u0131nda b\u00fcy\u00fck bir orman yang\u0131n\u0131 ba\u015flad\u0131. Alevlerin b\u00fcy\u00fcmesinin ard\u0131ndan ekipler, alevleri s\u00f6nd\u00fcrmek i\u00e7in havadan ve karadan m\u00fcdahaleye ba\u015flad\u0131. Yang\u0131n\u0131n evlere s\u0131\u00e7rama tehlikesi oldu\u011fu i\u00e7in TOMA deste\u011fi de istendi. YANGIN 3.5 SAATTE KONTROL ALTINA ALINDI Antalya Orman B\u00f6lge M\u00fcd\u00fcrl\u00fc\u011f\u00fc, Antalya B\u00fcy\u00fck\u015fehir Belediyesi itfaiyesi ve AFAD\u2019\u0131n deste\u011fi ile yang\u0131n 3.5 saatin ard\u0131ndan kontrol atl\u0131na al\u0131nd\u0131. Muratpa\u015fa Belediye Balkan\u0131 \u00dcmit Uysal ise yang\u0131n b\u00f6lgesinde a\u00e7\u0131klamalarda bulundu. SO\u011eUTMA \u00c7ALI\u015eMALARI G\u00dcNLERCE S\u00dcRECEK Ba\u015fkan Uysal, yang\u0131n\u0131n kontrol alt\u0131na al\u0131nd\u0131\u011f\u0131n\u0131 ama so\u011futma \u00e7al\u0131\u015fmalar\u0131n\u0131n birka\u00e7 g\u00fcn boyunca s\u00fcrece\u011fini ifade ederek, \u201cMaalesef Lara hayalet ormanlar\u0131m\u0131zda yang\u0131n \u00e7\u0131kt\u0131. Orman B\u00f6lge M\u00fcd\u00fcrl\u00fc\u011f\u00fc, Antalya B\u00fcy\u00fck\u015fehir Belediyesi itfaiyesi, AFAD b\u00fct\u00fcn kurumlarla birlikte biz de 15 i\u015f makinemiz ve aras\u00f6zlerimle m\u00fcdahale ettik. \u015eu anda yang\u0131n kontrol alt\u0131na al\u0131nm\u0131\u015f g\u00f6z\u00fck\u00fcyor. Tabii so\u011futma gerekiyor. Yaz aylar\u0131ndan dolay\u0131 hava ko\u015fullar\u0131 da olumsuz oldu\u011fu i\u00e7in birka\u00e7 g\u00fcn buran\u0131n takibi gerekiyor\u201d dedi. Lara b\u00f6lgemizde Ermenek ve G\u00fczeloba mahallerimiz aras\u0131nda yer alan ormanl\u0131k alanda sabah saatlerinde ba\u015flayan yang\u0131n t\u00fcm kurumlar\u0131m\u0131z\u0131n koordineli \u00e7al\u0131\u015fmas\u0131 ve yo\u011fun \u00e7abas\u0131yla daha fazla b\u00fcy\u00fcmeden kontrol alt\u0131na al\u0131nd\u0131. Yang\u0131n\u0131n ba\u015f\u0131ndan itibaren sahada canla ba\u015fla g\u00f6rev yapan\u2026 pic.twitter.com\/pQ6ScPFcCI \u2014 \u00dcM\u0130T UYSAL (@Av_umituysal) July 3, 2025 \u200bMuratpa\u015fa Belediye Ba\u015fkan\u0131 \u00dcmit Uysal, Lara&#8217;da ya\u015fanan orman yang\u0131n\u0131 i\u00e7in b\u00f6lgede incelemelerde bulundu. &hellip;\" \/>\n<meta property=\"og:url\" content=\"https:\/\/denizcankizil.tr\/ru\/haberler\/gundem\/umit-uysal-yangin-bolgesinde-konustu-sogutma-islemi-uzun-surecek\/\" \/>\n<meta property=\"og:site_name\" content=\"Av. Deniz Can K\u0131z\u0131l\" \/>\n<meta property=\"article:published_time\" content=\"2025-07-03T13:41:30+00:00\" \/>\n<meta name=\"author\" content=\"Antalya K\u00f6rfez\" \/>\n<meta name=\"twitter:card\" content=\"summary_large_image\" \/>\n<meta name=\"twitter:label1\" content=\"\u041d\u0430\u043f\u0438\u0441\u0430\u043d\u043e \u0430\u0432\u0442\u043e\u0440\u043e\u043c\" \/>\n\t<meta name=\"twitter:data1\" content=\"Antalya K\u00f6rfez\" \/>\n\t<meta name=\"twitter:label2\" content=\"\u041f\u0440\u0438\u043c\u0435\u0440\u043d\u043e\u0435 \u0432\u0440\u0435\u043c\u044f \u0434\u043b\u044f \u0447\u0442\u0435\u043d\u0438\u044f\" \/>\n\t<meta name=\"twitter:data2\" content=\"2 \u043c\u0438\u043d\u0443\u0442\u044b\" \/>\n<script type=\"application\/ld+json\" class=\"yoast-schema-graph\">{\"@context\":\"https:\/\/schema.org\",\"@graph\":[{\"@type\":\"Article\",\"@id\":\"https:\/\/denizcankizil.tr\/ru\/haberler\/gundem\/umit-uysal-yangin-bolgesinde-konustu-sogutma-islemi-uzun-surecek\/#article\",\"isPartOf\":{\"@id\":\"https:\/\/denizcankizil.tr\/ru\/haberler\/gundem\/umit-uysal-yangin-bolgesinde-konustu-sogutma-islemi-uzun-surecek\/\"},\"author\":{\"name\":\"Antalya K\u00f6rfez\",\"@id\":\"https:\/\/denizcankizil.tr\/#\/schema\/person\/e1eb71bb4dd684d46563f0af307e1234\"},\"headline\":\"\u00dcmit Uysal yang\u0131n b\u00f6lgesinde konu\u015ftu: &#8220;So\u011futma i\u015flemi uzun s\u00fcrecek&#8221;\",\"datePublished\":\"2025-07-03T13:41:30+00:00\",\"mainEntityOfPage\":{\"@id\":\"https:\/\/denizcankizil.tr\/ru\/haberler\/gundem\/umit-uysal-yangin-bolgesinde-konustu-sogutma-islemi-uzun-surecek\/\"},\"wordCount\":381,\"publisher\":{\"@id\":\"https:\/\/denizcankizil.tr\/#organization\"},\"articleSection\":[\"G\u00fcndem\"],\"inLanguage\":\"ru-RU\"},{\"@type\":\"WebPage\",\"@id\":\"https:\/\/denizcankizil.tr\/ru\/haberler\/gundem\/umit-uysal-yangin-bolgesinde-konustu-sogutma-islemi-uzun-surecek\/\",\"url\":\"https:\/\/denizcankizil.tr\/ru\/haberler\/gundem\/umit-uysal-yangin-bolgesinde-konustu-sogutma-islemi-uzun-surecek\/\",\"name\":\"\u00dcmit Uysal yang\u0131n b\u00f6lgesinde konu\u015ftu: \\\"So\u011futma i\u015flemi uzun s\u00fcrecek\\\" - Av. Deniz Can K\u0131z\u0131l\",\"isPartOf\":{\"@id\":\"https:\/\/denizcankizil.tr\/#website\"},\"datePublished\":\"2025-07-03T13:41:30+00:00\",\"breadcrumb\":{\"@id\":\"https:\/\/denizcankizil.tr\/ru\/haberler\/gundem\/umit-uysal-yangin-bolgesinde-konustu-sogutma-islemi-uzun-surecek\/#breadcrumb\"},\"inLanguage\":\"ru-RU\",\"potentialAction\":[{\"@type\":\"ReadAction\",\"target\":[\"https:\/\/denizcankizil.tr\/ru\/haberler\/gundem\/umit-uysal-yangin-bolgesinde-konustu-sogutma-islemi-uzun-surecek\/\"]}]},{\"@type\":\"BreadcrumbList\",\"@id\":\"https:\/\/denizcankizil.tr\/ru\/haberler\/gundem\/umit-uysal-yangin-bolgesinde-konustu-sogutma-islemi-uzun-surecek\/#breadcrumb\",\"itemListElement\":[{\"@type\":\"ListItem\",\"position\":1,\"name\":\"Home\",\"item\":\"https:\/\/denizcankizil.tr\/de\/\"},{\"@type\":\"ListItem\",\"position\":2,\"name\":\"\u00dcmit Uysal yang\u0131n b\u00f6lgesinde konu\u015ftu: &#8220;So\u011futma i\u015flemi uzun s\u00fcrecek&#8221;\"}]},{\"@type\":\"WebSite\",\"@id\":\"https:\/\/denizcankizil.tr\/#website\",\"url\":\"https:\/\/denizcankizil.tr\/\",\"name\":\"Av. Deniz Can K\u0131z\u0131l\",\"description\":\"Avukat Deniz Can K\u0131z\u0131l Antalya Barosu\",\"publisher\":{\"@id\":\"https:\/\/denizcankizil.tr\/#organization\"},\"potentialAction\":[{\"@type\":\"SearchAction\",\"target\":{\"@type\":\"EntryPoint\",\"urlTemplate\":\"https:\/\/denizcankizil.tr\/?s={search_term_string}\"},\"query-input\":{\"@type\":\"PropertyValueSpecification\",\"valueRequired\":true,\"valueName\":\"search_term_string\"}}],\"inLanguage\":\"ru-RU\"},{\"@type\":\"Organization\",\"@id\":\"https:\/\/denizcankizil.tr\/#organization\",\"name\":\"Av. Deniz Can K\u0131z\u0131l\",\"url\":\"https:\/\/denizcankizil.tr\/\",\"logo\":{\"@type\":\"ImageObject\",\"inLanguage\":\"ru-RU\",\"@id\":\"https:\/\/denizcankizil.tr\/#\/schema\/logo\/image\/\",\"url\":\"https:\/\/denizcankizil.tr\/wp-content\/uploads\/2024\/10\/siyah-logo-svg.svg\",\"contentUrl\":\"https:\/\/denizcankizil.tr\/wp-content\/uploads\/2024\/10\/siyah-logo-svg.svg\",\"width\":1080,\"height\":1080,\"caption\":\"Av. Deniz Can K\u0131z\u0131l\"},\"image\":{\"@id\":\"https:\/\/denizcankizil.tr\/#\/schema\/logo\/image\/\"}},{\"@type\":\"Person\",\"@id\":\"https:\/\/denizcankizil.tr\/#\/schema\/person\/e1eb71bb4dd684d46563f0af307e1234\",\"name\":\"Antalya K\u00f6rfez\",\"image\":{\"@type\":\"ImageObject\",\"inLanguage\":\"ru-RU\",\"@id\":\"https:\/\/denizcankizil.tr\/#\/schema\/person\/image\/\",\"url\":\"https:\/\/secure.gravatar.com\/avatar\/42b01982558a48a0b501fdcab6a408d3717ea5919095ee2e67b0e521799c5905?s=96&d=mm&r=g\",\"contentUrl\":\"https:\/\/secure.gravatar.com\/avatar\/42b01982558a48a0b501fdcab6a408d3717ea5919095ee2e67b0e521799c5905?s=96&d=mm&r=g\",\"caption\":\"Antalya K\u00f6rfez\"},\"sameAs\":[\"http:\/\/www.antalyakorfez.com\"],\"url\":\"https:\/\/www.antalyakorfez.com\/umit-uysal-yangin-bolgesinde-konustu-sogutma-islemi-uzun-surecek\"}]}<\/script>\n<!-- \/ Yoast SEO Premium plugin. -->","yoast_head_json":{"title":"\u00dcmit Uysal yang\u0131n b\u00f6lgesinde konu\u015ftu: \"So\u011futma i\u015flemi uzun s\u00fcrecek\" - Av. Deniz Can K\u0131z\u0131l","robots":{"index":"index","follow":"follow","max-snippet":"max-snippet:-1","max-image-preview":"max-image-preview:large","max-video-preview":"max-video-preview:-1"},"canonical":"https:\/\/denizcankizil.tr\/ru\/haberler\/gundem\/umit-uysal-yangin-bolgesinde-konustu-sogutma-islemi-uzun-surecek\/","og_locale":"ru_RU","og_type":"article","og_title":"\u00dcmit Uysal yang\u0131n b\u00f6lgesinde konu\u015ftu: \"So\u011futma i\u015flemi uzun s\u00fcrecek\"","og_description":"Antalya&#8217;n\u0131n Muratpa\u015fa il\u00e7esi Lara b\u00f6lgesi Ermenek Mahallesi&#8217;ndeki ormanl\u0131kta, saat 10.30 s\u0131ralar\u0131nda b\u00fcy\u00fck bir orman yang\u0131n\u0131 ba\u015flad\u0131. Alevlerin b\u00fcy\u00fcmesinin ard\u0131ndan ekipler, alevleri s\u00f6nd\u00fcrmek i\u00e7in havadan ve karadan m\u00fcdahaleye ba\u015flad\u0131. Yang\u0131n\u0131n evlere s\u0131\u00e7rama tehlikesi oldu\u011fu i\u00e7in TOMA deste\u011fi de istendi. YANGIN 3.5 SAATTE KONTROL ALTINA ALINDI Antalya Orman B\u00f6lge M\u00fcd\u00fcrl\u00fc\u011f\u00fc, Antalya B\u00fcy\u00fck\u015fehir Belediyesi itfaiyesi ve AFAD\u2019\u0131n deste\u011fi ile yang\u0131n 3.5 saatin ard\u0131ndan kontrol atl\u0131na al\u0131nd\u0131. Muratpa\u015fa Belediye Balkan\u0131 \u00dcmit Uysal ise yang\u0131n b\u00f6lgesinde a\u00e7\u0131klamalarda bulundu. SO\u011eUTMA \u00c7ALI\u015eMALARI G\u00dcNLERCE S\u00dcRECEK Ba\u015fkan Uysal, yang\u0131n\u0131n kontrol alt\u0131na al\u0131nd\u0131\u011f\u0131n\u0131 ama so\u011futma \u00e7al\u0131\u015fmalar\u0131n\u0131n birka\u00e7 g\u00fcn boyunca s\u00fcrece\u011fini ifade ederek, \u201cMaalesef Lara hayalet ormanlar\u0131m\u0131zda yang\u0131n \u00e7\u0131kt\u0131. Orman B\u00f6lge M\u00fcd\u00fcrl\u00fc\u011f\u00fc, Antalya B\u00fcy\u00fck\u015fehir Belediyesi itfaiyesi, AFAD b\u00fct\u00fcn kurumlarla birlikte biz de 15 i\u015f makinemiz ve aras\u00f6zlerimle m\u00fcdahale ettik. \u015eu anda yang\u0131n kontrol alt\u0131na al\u0131nm\u0131\u015f g\u00f6z\u00fck\u00fcyor. Tabii so\u011futma gerekiyor. Yaz aylar\u0131ndan dolay\u0131 hava ko\u015fullar\u0131 da olumsuz oldu\u011fu i\u00e7in birka\u00e7 g\u00fcn buran\u0131n takibi gerekiyor\u201d dedi. Lara b\u00f6lgemizde Ermenek ve G\u00fczeloba mahallerimiz aras\u0131nda yer alan ormanl\u0131k alanda sabah saatlerinde ba\u015flayan yang\u0131n t\u00fcm kurumlar\u0131m\u0131z\u0131n koordineli \u00e7al\u0131\u015fmas\u0131 ve yo\u011fun \u00e7abas\u0131yla daha fazla b\u00fcy\u00fcmeden kontrol alt\u0131na al\u0131nd\u0131. Yang\u0131n\u0131n ba\u015f\u0131ndan itibaren sahada canla ba\u015fla g\u00f6rev yapan\u2026 pic.twitter.com\/pQ6ScPFcCI \u2014 \u00dcM\u0130T UYSAL (@Av_umituysal) July 3, 2025 \u200bMuratpa\u015fa Belediye Ba\u015fkan\u0131 \u00dcmit Uysal, Lara&#8217;da ya\u015fanan orman yang\u0131n\u0131 i\u00e7in b\u00f6lgede incelemelerde bulundu. &hellip;","og_url":"https:\/\/denizcankizil.tr\/ru\/haberler\/gundem\/umit-uysal-yangin-bolgesinde-konustu-sogutma-islemi-uzun-surecek\/","og_site_name":"Av. Deniz Can K\u0131z\u0131l","article_published_time":"2025-07-03T13:41:30+00:00","author":"Antalya K\u00f6rfez","twitter_card":"summary_large_image","twitter_misc":{"\u041d\u0430\u043f\u0438\u0441\u0430\u043d\u043e \u0430\u0432\u0442\u043e\u0440\u043e\u043c":"Antalya K\u00f6rfez","\u041f\u0440\u0438\u043c\u0435\u0440\u043d\u043e\u0435 \u0432\u0440\u0435\u043c\u044f \u0434\u043b\u044f \u0447\u0442\u0435\u043d\u0438\u044f":"2 \u043c\u0438\u043d\u0443\u0442\u044b"},"schema":{"@context":"https:\/\/schema.org","@graph":[{"@type":"Article","@id":"https:\/\/denizcankizil.tr\/ru\/haberler\/gundem\/umit-uysal-yangin-bolgesinde-konustu-sogutma-islemi-uzun-surecek\/#article","isPartOf":{"@id":"https:\/\/denizcankizil.tr\/ru\/haberler\/gundem\/umit-uysal-yangin-bolgesinde-konustu-sogutma-islemi-uzun-surecek\/"},"author":{"name":"Antalya K\u00f6rfez","@id":"https:\/\/denizcankizil.tr\/#\/schema\/person\/e1eb71bb4dd684d46563f0af307e1234"},"headline":"\u00dcmit Uysal yang\u0131n b\u00f6lgesinde konu\u015ftu: &#8220;So\u011futma i\u015flemi uzun s\u00fcrecek&#8221;","datePublished":"2025-07-03T13:41:30+00:00","mainEntityOfPage":{"@id":"https:\/\/denizcankizil.tr\/ru\/haberler\/gundem\/umit-uysal-yangin-bolgesinde-konustu-sogutma-islemi-uzun-surecek\/"},"wordCount":381,"publisher":{"@id":"https:\/\/denizcankizil.tr\/#organization"},"articleSection":["G\u00fcndem"],"inLanguage":"ru-RU"},{"@type":"WebPage","@id":"https:\/\/denizcankizil.tr\/ru\/haberler\/gundem\/umit-uysal-yangin-bolgesinde-konustu-sogutma-islemi-uzun-surecek\/","url":"https:\/\/denizcankizil.tr\/ru\/haberler\/gundem\/umit-uysal-yangin-bolgesinde-konustu-sogutma-islemi-uzun-surecek\/","name":"\u00dcmit Uysal yang\u0131n b\u00f6lgesinde konu\u015ftu: \"So\u011futma i\u015flemi uzun s\u00fcrecek\" - Av. Deniz Can K\u0131z\u0131l","isPartOf":{"@id":"https:\/\/denizcankizil.tr\/#website"},"datePublished":"2025-07-03T13:41:30+00:00","breadcrumb":{"@id":"https:\/\/denizcankizil.tr\/ru\/haberler\/gundem\/umit-uysal-yangin-bolgesinde-konustu-sogutma-islemi-uzun-surecek\/#breadcrumb"},"inLanguage":"ru-RU","potentialAction":[{"@type":"ReadAction","target":["https:\/\/denizcankizil.tr\/ru\/haberler\/gundem\/umit-uysal-yangin-bolgesinde-konustu-sogutma-islemi-uzun-surecek\/"]}]},{"@type":"BreadcrumbList","@id":"https:\/\/denizcankizil.tr\/ru\/haberler\/gundem\/umit-uysal-yangin-bolgesinde-konustu-sogutma-islemi-uzun-surecek\/#breadcrumb","itemListElement":[{"@type":"ListItem","position":1,"name":"Home","item":"https:\/\/denizcankizil.tr\/de\/"},{"@type":"ListItem","position":2,"name":"\u00dcmit Uysal yang\u0131n b\u00f6lgesinde konu\u015ftu: &#8220;So\u011futma i\u015flemi uzun s\u00fcrecek&#8221;"}]},{"@type":"WebSite","@id":"https:\/\/denizcankizil.tr\/#website","url":"https:\/\/denizcankizil.tr\/","name":"Av. Deniz Can K\u0131z\u0131l","description":"Avukat Deniz Can K\u0131z\u0131l Antalya Barosu","publisher":{"@id":"https:\/\/denizcankizil.tr\/#organization"},"potentialAction":[{"@type":"SearchAction","target":{"@type":"EntryPoint","urlTemplate":"https:\/\/denizcankizil.tr\/?s={search_term_string}"},"query-input":{"@type":"PropertyValueSpecification","valueRequired":true,"valueName":"search_term_string"}}],"inLanguage":"ru-RU"},{"@type":"Organization","@id":"https:\/\/denizcankizil.tr\/#organization","name":"Av. Deniz Can K\u0131z\u0131l","url":"https:\/\/denizcankizil.tr\/","logo":{"@type":"ImageObject","inLanguage":"ru-RU","@id":"https:\/\/denizcankizil.tr\/#\/schema\/logo\/image\/","url":"https:\/\/denizcankizil.tr\/wp-content\/uploads\/2024\/10\/siyah-logo-svg.svg","contentUrl":"https:\/\/denizcankizil.tr\/wp-content\/uploads\/2024\/10\/siyah-logo-svg.svg","width":1080,"height":1080,"caption":"Av. Deniz Can K\u0131z\u0131l"},"image":{"@id":"https:\/\/denizcankizil.tr\/#\/schema\/logo\/image\/"}},{"@type":"Person","@id":"https:\/\/denizcankizil.tr\/#\/schema\/person\/e1eb71bb4dd684d46563f0af307e1234","name":"Antalya K\u00f6rfez","image":{"@type":"ImageObject","inLanguage":"ru-RU","@id":"https:\/\/denizcankizil.tr\/#\/schema\/person\/image\/","url":"https:\/\/secure.gravatar.com\/avatar\/42b01982558a48a0b501fdcab6a408d3717ea5919095ee2e67b0e521799c5905?s=96&d=mm&r=g","contentUrl":"https:\/\/secure.gravatar.com\/avatar\/42b01982558a48a0b501fdcab6a408d3717ea5919095ee2e67b0e521799c5905?s=96&d=mm&r=g","caption":"Antalya K\u00f6rfez"},"sameAs":["http:\/\/www.antalyakorfez.com"],"url":"https:\/\/www.antalyakorfez.com\/umit-uysal-yangin-bolgesinde-konustu-sogutma-islemi-uzun-surecek"}]}},"_links":{"self":[{"href":"https:\/\/denizcankizil.tr\/ru\/wp-json\/wp\/v2\/posts\/134726","targetHints":{"allow":["GET"]}}],"collection":[{"href":"https:\/\/denizcankizil.tr\/ru\/wp-json\/wp\/v2\/posts"}],"about":[{"href":"https:\/\/denizcankizil.tr\/ru\/wp-json\/wp\/v2\/types\/post"}],"author":[{"embeddable":true,"href":"https:\/\/denizcankizil.tr\/ru\/wp-json\/wp\/v2\/users\/5"}],"replies":[{"embeddable":true,"href":"https:\/\/denizcankizil.tr\/ru\/wp-json\/wp\/v2\/comments?post=134726"}],"version-history":[{"count":0,"href":"https:\/\/denizcankizil.tr\/ru\/wp-json\/wp\/v2\/posts\/134726\/revisions"}],"wp:attachment":[{"href":"https:\/\/denizcankizil.tr\/ru\/wp-json\/wp\/v2\/media?parent=134726"}],"wp:term":[{"taxonomy":"category","embeddable":true,"href":"https:\/\/denizcankizil.tr\/ru\/wp-json\/wp\/v2\/categories?post=134726"},{"taxonomy":"post_tag","embeddable":true,"href":"https:\/\/denizcankizil.tr\/ru\/wp-json\/wp\/v2\/tags?post=134726"}],"curies":[{"name":"wp","href":"https:\/\/api.w.org\/{rel}","templated":true}]}}