{"id":134683,"date":"2025-07-03T15:41:17","date_gmt":"2025-07-03T12:41:17","guid":{"rendered":"https:\/\/denizcankizil.tr\/uncategorized-tr\/turizm-merkezinde-sari-isyan-taksiciler-kontak-kapatti\/"},"modified":"2025-07-03T15:41:17","modified_gmt":"2025-07-03T12:41:17","slug":"turizm-merkezinde-sari-isyan-taksiciler-kontak-kapatti","status":"publish","type":"post","link":"https:\/\/denizcankizil.tr\/ru\/haberler\/gundem\/turizm-merkezinde-sari-isyan-taksiciler-kontak-kapatti\/","title":{"rendered":"Turizm merkezinde sar\u0131 isyan! Taksiciler kontak kapatt\u0131"},"content":{"rendered":"<p>Antalya&#8217;n\u0131n Serik il\u00e7esi Belek turizm b\u00f6lgesindeki 180 taksici konvoy yapt\u0131ktan sonra 5 y\u0131ld\u0131zl\u0131 bir otelin \u00f6n\u00fcnde topland\u0131. Protesto eylemine Serik \u015eof\u00f6rler Odas\u0131 Ba\u015fkan\u0131 Sedat Karag\u00f6z, Belek Taksiciler Kooperatifi Ba\u015fkan\u0131 Ahmet Karakoyun, Kadriye Taksiciler Kooperatifi Ba\u015fkan\u0131 Abdullah Kocab\u0131y\u0131k, Bo\u011fazkent Taksiciler Kooperatifi Ba\u015fkan\u0131 H\u00fcseyin Ay ve taksiciler kat\u0131ld\u0131.<\/p>\n<p>&#8220;BU KANUNLARA AYKIRI&#8221;<\/p>\n<p>Serik \u015eof\u00f6rler Odas\u0131 Ba\u015fkan\u0131 Sedat Karag\u00f6z, mobil taksi uygulamalar\u0131na y\u00f6nelik \u015fikayet ve uygulamalar\u0131n faaliyetleri hakk\u0131nda C\u0130MER, Antalya Valili\u011fi, \u0130l Emniyet M\u00fcd\u00fcrl\u00fc\u011f\u00fc&#8217;ne, Ula\u015ft\u0131rma B\u00f6lge M\u00fcd\u00fcrl\u00fc\u011f\u00fc, \u0130l\u00e7e Kaymakaml\u0131\u011f\u0131na, \u0130l\u00e7e Emniyet M\u00fcd\u00fcrl\u00fc\u011f\u00fc&#8217;ne bilgi verdiklerini s\u00f6yledi.<\/p>\n<p>Mobil taksi uygulamalar\u0131n\u0131n s\u0131n\u0131r ihlali yapmamas\u0131 i\u00e7in avukat ve noter arac\u0131l\u0131\u011f\u0131yla ihtarda bulunduklar\u0131n\u0131 anlatan Karag\u00f6z, &#8220;Maalesef otelcilerimiz bizim taleplerimizi olumlu kar\u015f\u0131lamad\u0131. Otel i\u00e7erisindeki rent a car firmalar\u0131 taksici gibi ta\u015f\u0131mac\u0131l\u0131k yap\u0131yor. Bu kanunlar\u0131 ayk\u0131r\u0131. Biz kimsenin mesle\u011fine kar\u015f\u0131 de\u011filiz rent a kar i\u015fini yaps\u0131n, arabas\u0131n\u0131 kiraya versin. Ta\u015f\u0131mac\u0131l\u0131\u011f\u0131 taksici, otob\u00fcs\u00e7\u00fc minib\u00fcs\u00e7\u00fc, yapar. Bu i\u015f kanunlarla belirlenmi\u015ftir&#8221; dedi.<\/p>\n<p>&#8220;KORSANA M\u00dcSADE ETMEYECE\u011e\u0130Z&#8221;<\/p>\n<p>Otellerdeki rent a car firmalar\u0131n\u0131n kanuna ayk\u0131r\u0131 ta\u015f\u0131ma yapt\u0131\u011f\u0131n\u0131 anlatan Karag\u00f6z, &#8220;Serik Belediyesi gerekli uyar\u0131lar\u0131n\u0131 yapmas\u0131na ra\u011fmen masalar\u0131 kald\u0131r\u0131p i\u00e7eride durmaya devam ediyorlar ve ta\u015f\u0131mac\u0131l\u0131k yap\u0131yorlar. Taksiciler olarak m\u00fccadelemize sonuna kadar devam edece\u011fiz. Korsan ta\u015f\u0131mac\u0131l\u0131\u011fa m\u00fcsaade etmeyece\u011fiz. Bug\u00fcn Belek&#8217;te taksicilerle eylem yapt\u0131k. \u00d6n\u00fcm\u00fczdeki g\u00fcnlerde devam ederse di\u011fer il\u00e7eler de dahil olacak&#8221; diye konu\u015ftu. Belek Taksicileri Kooperatifi Ba\u015fkan\u0131 Ahmet Karakoyun ise Kanunsuz ta\u015f\u0131malara kar\u015f\u0131 sesimizi duyurmak i\u00e7in bir araya geldiklerini s\u00f6yledi. Taksiciler, bas\u0131n a\u00e7\u0131klamas\u0131n\u0131n ard\u0131ndan 1 g\u00fcn boyunca \u00e7al\u0131\u015fmama karar\u0131 ald\u0131.<\/p>\n<p>\u200bAntalya&#8217;n\u0131n Serik il\u00e7esi Belek turizm merkezindeki taksiciler, mobil taksi uygulamalar\u0131 ve korsan ta\u015f\u0131mac\u0131l\u0131\u011fa tepki i\u00e7in kontak kapatt\u0131. Korsan ta\u015f\u0131mac\u0131l\u0131\u011f\u0131n devam\u0131 halinde eyleme il\u00e7elerin de dahil olaca\u011f\u0131n\u0131 a\u00e7\u0131klad\u0131.\u00a0<\/p>\n<p>\u200bHaberin Al\u0131nt\u0131land\u0131\u011f\u0131 Kaynak: www.antalyakorfez.com<\/p>","protected":false},"excerpt":{"rendered":"<p>Antalya&#8217;n\u0131n Serik il\u00e7esi Belek turizm b\u00f6lgesindeki 180 taksici konvoy yapt\u0131ktan sonra 5 y\u0131ld\u0131zl\u0131 bir otelin \u00f6n\u00fcnde topland\u0131. Protesto eylemine Serik \u015eof\u00f6rler Odas\u0131 Ba\u015fkan\u0131 Sedat Karag\u00f6z, Belek Taksiciler Kooperatifi Ba\u015fkan\u0131 Ahmet Karakoyun, Kadriye Taksiciler Kooperatifi Ba\u015fkan\u0131 Abdullah Kocab\u0131y\u0131k, Bo\u011fazkent Taksiciler Kooperatifi Ba\u015fkan\u0131 H\u00fcseyin Ay ve taksiciler kat\u0131ld\u0131. &#8220;BU KANUNLARA AYKIRI&#8221; Serik \u015eof\u00f6rler Odas\u0131 Ba\u015fkan\u0131 Sedat Karag\u00f6z, mobil taksi uygulamalar\u0131na y\u00f6nelik \u015fikayet ve uygulamalar\u0131n faaliyetleri hakk\u0131nda C\u0130MER, Antalya Valili\u011fi, \u0130l Emniyet M\u00fcd\u00fcrl\u00fc\u011f\u00fc&#8217;ne, Ula\u015ft\u0131rma B\u00f6lge M\u00fcd\u00fcrl\u00fc\u011f\u00fc, \u0130l\u00e7e Kaymakaml\u0131\u011f\u0131na, \u0130l\u00e7e Emniyet M\u00fcd\u00fcrl\u00fc\u011f\u00fc&#8217;ne bilgi verdiklerini s\u00f6yledi. Mobil taksi uygulamalar\u0131n\u0131n s\u0131n\u0131r ihlali yapmamas\u0131 i\u00e7in avukat ve noter arac\u0131l\u0131\u011f\u0131yla ihtarda bulunduklar\u0131n\u0131 anlatan Karag\u00f6z, &#8220;Maalesef otelcilerimiz bizim taleplerimizi olumlu kar\u015f\u0131lamad\u0131. Otel i\u00e7erisindeki rent a car firmalar\u0131 taksici gibi ta\u015f\u0131mac\u0131l\u0131k yap\u0131yor. Bu kanunlar\u0131 ayk\u0131r\u0131. Biz kimsenin mesle\u011fine kar\u015f\u0131 de\u011filiz rent a kar i\u015fini yaps\u0131n, arabas\u0131n\u0131 kiraya versin. Ta\u015f\u0131mac\u0131l\u0131\u011f\u0131 taksici, otob\u00fcs\u00e7\u00fc minib\u00fcs\u00e7\u00fc, yapar. Bu i\u015f kanunlarla belirlenmi\u015ftir&#8221; dedi. &#8220;KORSANA M\u00dcSADE ETMEYECE\u011e\u0130Z&#8221; Otellerdeki rent a car firmalar\u0131n\u0131n kanuna ayk\u0131r\u0131 ta\u015f\u0131ma yapt\u0131\u011f\u0131n\u0131 anlatan Karag\u00f6z, &#8220;Serik Belediyesi gerekli uyar\u0131lar\u0131n\u0131 yapmas\u0131na ra\u011fmen masalar\u0131 kald\u0131r\u0131p i\u00e7eride durmaya devam ediyorlar ve ta\u015f\u0131mac\u0131l\u0131k yap\u0131yorlar. Taksiciler olarak m\u00fccadelemize sonuna kadar devam edece\u011fiz. Korsan ta\u015f\u0131mac\u0131l\u0131\u011fa m\u00fcsaade etmeyece\u011fiz. Bug\u00fcn Belek&#8217;te taksicilerle eylem yapt\u0131k. \u00d6n\u00fcm\u00fczdeki g\u00fcnlerde devam ederse di\u011fer il\u00e7eler de dahil olacak&#8221; diye konu\u015ftu. Belek Taksicileri Kooperatifi Ba\u015fkan\u0131 Ahmet Karakoyun &hellip;<\/p>","protected":false},"author":5,"featured_media":0,"comment_status":"","ping_status":"open","sticky":false,"template":"","format":"standard","meta":{"_acf_changed":false,"footnotes":""},"categories":[24],"tags":[],"class_list":["post-134683","post","type-post","status-publish","format-standard","has-post-thumbnail","hentry","category-gundem"],"acf":[],"yoast_head":"<!-- This site is optimized with the Yoast SEO Premium plugin v26.6 (Yoast SEO v27.1.1) - https:\/\/yoast.com\/product\/yoast-seo-premium-wordpress\/ -->\n<title>Turizm merkezinde sar\u0131 isyan! Taksiciler kontak kapatt\u0131 - Av. Deniz Can K\u0131z\u0131l<\/title>\n<meta name=\"robots\" content=\"index, follow, max-snippet:-1, max-image-preview:large, max-video-preview:-1\" \/>\n<link rel=\"canonical\" href=\"https:\/\/denizcankizil.tr\/ru\/haberler\/gundem\/turizm-merkezinde-sari-isyan-taksiciler-kontak-kapatti\/\" \/>\n<meta property=\"og:locale\" content=\"ru_RU\" \/>\n<meta property=\"og:type\" content=\"article\" \/>\n<meta property=\"og:title\" content=\"Turizm merkezinde sar\u0131 isyan! Taksiciler kontak kapatt\u0131\" \/>\n<meta property=\"og:description\" content=\"Antalya&#8217;n\u0131n Serik il\u00e7esi Belek turizm b\u00f6lgesindeki 180 taksici konvoy yapt\u0131ktan sonra 5 y\u0131ld\u0131zl\u0131 bir otelin \u00f6n\u00fcnde topland\u0131. Protesto eylemine Serik \u015eof\u00f6rler Odas\u0131 Ba\u015fkan\u0131 Sedat Karag\u00f6z, Belek Taksiciler Kooperatifi Ba\u015fkan\u0131 Ahmet Karakoyun, Kadriye Taksiciler Kooperatifi Ba\u015fkan\u0131 Abdullah Kocab\u0131y\u0131k, Bo\u011fazkent Taksiciler Kooperatifi Ba\u015fkan\u0131 H\u00fcseyin Ay ve taksiciler kat\u0131ld\u0131. &#8220;BU KANUNLARA AYKIRI&#8221; Serik \u015eof\u00f6rler Odas\u0131 Ba\u015fkan\u0131 Sedat Karag\u00f6z, mobil taksi uygulamalar\u0131na y\u00f6nelik \u015fikayet ve uygulamalar\u0131n faaliyetleri hakk\u0131nda C\u0130MER, Antalya Valili\u011fi, \u0130l Emniyet M\u00fcd\u00fcrl\u00fc\u011f\u00fc&#8217;ne, Ula\u015ft\u0131rma B\u00f6lge M\u00fcd\u00fcrl\u00fc\u011f\u00fc, \u0130l\u00e7e Kaymakaml\u0131\u011f\u0131na, \u0130l\u00e7e Emniyet M\u00fcd\u00fcrl\u00fc\u011f\u00fc&#8217;ne bilgi verdiklerini s\u00f6yledi. Mobil taksi uygulamalar\u0131n\u0131n s\u0131n\u0131r ihlali yapmamas\u0131 i\u00e7in avukat ve noter arac\u0131l\u0131\u011f\u0131yla ihtarda bulunduklar\u0131n\u0131 anlatan Karag\u00f6z, &#8220;Maalesef otelcilerimiz bizim taleplerimizi olumlu kar\u015f\u0131lamad\u0131. Otel i\u00e7erisindeki rent a car firmalar\u0131 taksici gibi ta\u015f\u0131mac\u0131l\u0131k yap\u0131yor. Bu kanunlar\u0131 ayk\u0131r\u0131. Biz kimsenin mesle\u011fine kar\u015f\u0131 de\u011filiz rent a kar i\u015fini yaps\u0131n, arabas\u0131n\u0131 kiraya versin. Ta\u015f\u0131mac\u0131l\u0131\u011f\u0131 taksici, otob\u00fcs\u00e7\u00fc minib\u00fcs\u00e7\u00fc, yapar. Bu i\u015f kanunlarla belirlenmi\u015ftir&#8221; dedi. &#8220;KORSANA M\u00dcSADE ETMEYECE\u011e\u0130Z&#8221; Otellerdeki rent a car firmalar\u0131n\u0131n kanuna ayk\u0131r\u0131 ta\u015f\u0131ma yapt\u0131\u011f\u0131n\u0131 anlatan Karag\u00f6z, &#8220;Serik Belediyesi gerekli uyar\u0131lar\u0131n\u0131 yapmas\u0131na ra\u011fmen masalar\u0131 kald\u0131r\u0131p i\u00e7eride durmaya devam ediyorlar ve ta\u015f\u0131mac\u0131l\u0131k yap\u0131yorlar. Taksiciler olarak m\u00fccadelemize sonuna kadar devam edece\u011fiz. Korsan ta\u015f\u0131mac\u0131l\u0131\u011fa m\u00fcsaade etmeyece\u011fiz. Bug\u00fcn Belek&#8217;te taksicilerle eylem yapt\u0131k. \u00d6n\u00fcm\u00fczdeki g\u00fcnlerde devam ederse di\u011fer il\u00e7eler de dahil olacak&#8221; diye konu\u015ftu. Belek Taksicileri Kooperatifi Ba\u015fkan\u0131 Ahmet Karakoyun &hellip;\" \/>\n<meta property=\"og:url\" content=\"https:\/\/denizcankizil.tr\/ru\/haberler\/gundem\/turizm-merkezinde-sari-isyan-taksiciler-kontak-kapatti\/\" \/>\n<meta property=\"og:site_name\" content=\"Av. Deniz Can K\u0131z\u0131l\" \/>\n<meta property=\"article:published_time\" content=\"2025-07-03T12:41:17+00:00\" \/>\n<meta name=\"author\" content=\"Antalya K\u00f6rfez\" \/>\n<meta name=\"twitter:card\" content=\"summary_large_image\" \/>\n<meta name=\"twitter:label1\" content=\"\u041d\u0430\u043f\u0438\u0441\u0430\u043d\u043e \u0430\u0432\u0442\u043e\u0440\u043e\u043c\" \/>\n\t<meta name=\"twitter:data1\" content=\"Antalya K\u00f6rfez\" \/>\n\t<meta name=\"twitter:label2\" content=\"\u041f\u0440\u0438\u043c\u0435\u0440\u043d\u043e\u0435 \u0432\u0440\u0435\u043c\u044f \u0434\u043b\u044f \u0447\u0442\u0435\u043d\u0438\u044f\" \/>\n\t<meta name=\"twitter:data2\" content=\"2 \u043c\u0438\u043d\u0443\u0442\u044b\" \/>\n<script type=\"application\/ld+json\" class=\"yoast-schema-graph\">{\"@context\":\"https:\/\/schema.org\",\"@graph\":[{\"@type\":\"Article\",\"@id\":\"https:\/\/denizcankizil.tr\/de\/haberler\/gundem\/turizm-merkezinde-sari-isyan-taksiciler-kontak-kapatti\/#article\",\"isPartOf\":{\"@id\":\"https:\/\/denizcankizil.tr\/de\/haberler\/gundem\/turizm-merkezinde-sari-isyan-taksiciler-kontak-kapatti\/\"},\"author\":{\"name\":\"Antalya K\u00f6rfez\",\"@id\":\"https:\/\/denizcankizil.tr\/de\/#\/schema\/person\/e1eb71bb4dd684d46563f0af307e1234\"},\"headline\":\"Turizm merkezinde sar\u0131 isyan! Taksiciler kontak kapatt\u0131\",\"datePublished\":\"2025-07-03T12:41:17+00:00\",\"mainEntityOfPage\":{\"@id\":\"https:\/\/denizcankizil.tr\/de\/haberler\/gundem\/turizm-merkezinde-sari-isyan-taksiciler-kontak-kapatti\/\"},\"wordCount\":388,\"publisher\":{\"@id\":\"https:\/\/denizcankizil.tr\/de\/#organization\"},\"articleSection\":[\"G\u00fcndem\"],\"inLanguage\":\"ru-RU\"},{\"@type\":\"WebPage\",\"@id\":\"https:\/\/denizcankizil.tr\/de\/haberler\/gundem\/turizm-merkezinde-sari-isyan-taksiciler-kontak-kapatti\/\",\"url\":\"https:\/\/denizcankizil.tr\/de\/haberler\/gundem\/turizm-merkezinde-sari-isyan-taksiciler-kontak-kapatti\/\",\"name\":\"Turizm merkezinde sar\u0131 isyan! Taksiciler kontak kapatt\u0131 - Av. Deniz Can K\u0131z\u0131l\",\"isPartOf\":{\"@id\":\"https:\/\/denizcankizil.tr\/de\/#website\"},\"datePublished\":\"2025-07-03T12:41:17+00:00\",\"breadcrumb\":{\"@id\":\"https:\/\/denizcankizil.tr\/de\/haberler\/gundem\/turizm-merkezinde-sari-isyan-taksiciler-kontak-kapatti\/#breadcrumb\"},\"inLanguage\":\"ru-RU\",\"potentialAction\":[{\"@type\":\"ReadAction\",\"target\":[\"https:\/\/denizcankizil.tr\/de\/haberler\/gundem\/turizm-merkezinde-sari-isyan-taksiciler-kontak-kapatti\/\"]}]},{\"@type\":\"BreadcrumbList\",\"@id\":\"https:\/\/denizcankizil.tr\/de\/haberler\/gundem\/turizm-merkezinde-sari-isyan-taksiciler-kontak-kapatti\/#breadcrumb\",\"itemListElement\":[{\"@type\":\"ListItem\",\"position\":1,\"name\":\"Home\",\"item\":\"https:\/\/denizcankizil.tr\/de\/\"},{\"@type\":\"ListItem\",\"position\":2,\"name\":\"Turizm merkezinde sar\u0131 isyan! Taksiciler kontak kapatt\u0131\"}]},{\"@type\":\"WebSite\",\"@id\":\"https:\/\/denizcankizil.tr\/de\/#website\",\"url\":\"https:\/\/denizcankizil.tr\/de\/\",\"name\":\"Av. Deniz Can K\u0131z\u0131l\",\"description\":\"Avukat Deniz Can K\u0131z\u0131l Antalya Barosu\",\"publisher\":{\"@id\":\"https:\/\/denizcankizil.tr\/de\/#organization\"},\"potentialAction\":[{\"@type\":\"SearchAction\",\"target\":{\"@type\":\"EntryPoint\",\"urlTemplate\":\"https:\/\/denizcankizil.tr\/de\/?s={search_term_string}\"},\"query-input\":{\"@type\":\"PropertyValueSpecification\",\"valueRequired\":true,\"valueName\":\"search_term_string\"}}],\"inLanguage\":\"ru-RU\"},{\"@type\":\"Organization\",\"@id\":\"https:\/\/denizcankizil.tr\/de\/#organization\",\"name\":\"Av. Deniz Can K\u0131z\u0131l\",\"url\":\"https:\/\/denizcankizil.tr\/de\/\",\"logo\":{\"@type\":\"ImageObject\",\"inLanguage\":\"ru-RU\",\"@id\":\"https:\/\/denizcankizil.tr\/de\/#\/schema\/logo\/image\/\",\"url\":\"https:\/\/denizcankizil.tr\/wp-content\/uploads\/2024\/10\/siyah-logo-svg.svg\",\"contentUrl\":\"https:\/\/denizcankizil.tr\/wp-content\/uploads\/2024\/10\/siyah-logo-svg.svg\",\"width\":1080,\"height\":1080,\"caption\":\"Av. Deniz Can K\u0131z\u0131l\"},\"image\":{\"@id\":\"https:\/\/denizcankizil.tr\/de\/#\/schema\/logo\/image\/\"}},{\"@type\":\"Person\",\"@id\":\"https:\/\/denizcankizil.tr\/de\/#\/schema\/person\/e1eb71bb4dd684d46563f0af307e1234\",\"name\":\"Antalya K\u00f6rfez\",\"image\":{\"@type\":\"ImageObject\",\"inLanguage\":\"ru-RU\",\"@id\":\"https:\/\/denizcankizil.tr\/de\/#\/schema\/person\/image\/\",\"url\":\"https:\/\/secure.gravatar.com\/avatar\/42b01982558a48a0b501fdcab6a408d3717ea5919095ee2e67b0e521799c5905?s=96&d=mm&r=g\",\"contentUrl\":\"https:\/\/secure.gravatar.com\/avatar\/42b01982558a48a0b501fdcab6a408d3717ea5919095ee2e67b0e521799c5905?s=96&d=mm&r=g\",\"caption\":\"Antalya K\u00f6rfez\"},\"sameAs\":[\"http:\/\/www.antalyakorfez.com\"],\"url\":\"https:\/\/www.antalyakorfez.com\/turizm-merkezinde-sari-isyan-taksiciler-kontak-kapatti\"}]}<\/script>\n<!-- \/ Yoast SEO Premium plugin. -->","yoast_head_json":{"title":"Turizm merkezinde sar\u0131 isyan! Taksiciler kontak kapatt\u0131 - Av. Deniz Can K\u0131z\u0131l","robots":{"index":"index","follow":"follow","max-snippet":"max-snippet:-1","max-image-preview":"max-image-preview:large","max-video-preview":"max-video-preview:-1"},"canonical":"https:\/\/denizcankizil.tr\/ru\/haberler\/gundem\/turizm-merkezinde-sari-isyan-taksiciler-kontak-kapatti\/","og_locale":"ru_RU","og_type":"article","og_title":"Turizm merkezinde sar\u0131 isyan! Taksiciler kontak kapatt\u0131","og_description":"Antalya&#8217;n\u0131n Serik il\u00e7esi Belek turizm b\u00f6lgesindeki 180 taksici konvoy yapt\u0131ktan sonra 5 y\u0131ld\u0131zl\u0131 bir otelin \u00f6n\u00fcnde topland\u0131. Protesto eylemine Serik \u015eof\u00f6rler Odas\u0131 Ba\u015fkan\u0131 Sedat Karag\u00f6z, Belek Taksiciler Kooperatifi Ba\u015fkan\u0131 Ahmet Karakoyun, Kadriye Taksiciler Kooperatifi Ba\u015fkan\u0131 Abdullah Kocab\u0131y\u0131k, Bo\u011fazkent Taksiciler Kooperatifi Ba\u015fkan\u0131 H\u00fcseyin Ay ve taksiciler kat\u0131ld\u0131. &#8220;BU KANUNLARA AYKIRI&#8221; Serik \u015eof\u00f6rler Odas\u0131 Ba\u015fkan\u0131 Sedat Karag\u00f6z, mobil taksi uygulamalar\u0131na y\u00f6nelik \u015fikayet ve uygulamalar\u0131n faaliyetleri hakk\u0131nda C\u0130MER, Antalya Valili\u011fi, \u0130l Emniyet M\u00fcd\u00fcrl\u00fc\u011f\u00fc&#8217;ne, Ula\u015ft\u0131rma B\u00f6lge M\u00fcd\u00fcrl\u00fc\u011f\u00fc, \u0130l\u00e7e Kaymakaml\u0131\u011f\u0131na, \u0130l\u00e7e Emniyet M\u00fcd\u00fcrl\u00fc\u011f\u00fc&#8217;ne bilgi verdiklerini s\u00f6yledi. Mobil taksi uygulamalar\u0131n\u0131n s\u0131n\u0131r ihlali yapmamas\u0131 i\u00e7in avukat ve noter arac\u0131l\u0131\u011f\u0131yla ihtarda bulunduklar\u0131n\u0131 anlatan Karag\u00f6z, &#8220;Maalesef otelcilerimiz bizim taleplerimizi olumlu kar\u015f\u0131lamad\u0131. Otel i\u00e7erisindeki rent a car firmalar\u0131 taksici gibi ta\u015f\u0131mac\u0131l\u0131k yap\u0131yor. Bu kanunlar\u0131 ayk\u0131r\u0131. Biz kimsenin mesle\u011fine kar\u015f\u0131 de\u011filiz rent a kar i\u015fini yaps\u0131n, arabas\u0131n\u0131 kiraya versin. Ta\u015f\u0131mac\u0131l\u0131\u011f\u0131 taksici, otob\u00fcs\u00e7\u00fc minib\u00fcs\u00e7\u00fc, yapar. Bu i\u015f kanunlarla belirlenmi\u015ftir&#8221; dedi. &#8220;KORSANA M\u00dcSADE ETMEYECE\u011e\u0130Z&#8221; Otellerdeki rent a car firmalar\u0131n\u0131n kanuna ayk\u0131r\u0131 ta\u015f\u0131ma yapt\u0131\u011f\u0131n\u0131 anlatan Karag\u00f6z, &#8220;Serik Belediyesi gerekli uyar\u0131lar\u0131n\u0131 yapmas\u0131na ra\u011fmen masalar\u0131 kald\u0131r\u0131p i\u00e7eride durmaya devam ediyorlar ve ta\u015f\u0131mac\u0131l\u0131k yap\u0131yorlar. Taksiciler olarak m\u00fccadelemize sonuna kadar devam edece\u011fiz. Korsan ta\u015f\u0131mac\u0131l\u0131\u011fa m\u00fcsaade etmeyece\u011fiz. Bug\u00fcn Belek&#8217;te taksicilerle eylem yapt\u0131k. \u00d6n\u00fcm\u00fczdeki g\u00fcnlerde devam ederse di\u011fer il\u00e7eler de dahil olacak&#8221; diye konu\u015ftu. Belek Taksicileri Kooperatifi Ba\u015fkan\u0131 Ahmet Karakoyun &hellip;","og_url":"https:\/\/denizcankizil.tr\/ru\/haberler\/gundem\/turizm-merkezinde-sari-isyan-taksiciler-kontak-kapatti\/","og_site_name":"Av. Deniz Can K\u0131z\u0131l","article_published_time":"2025-07-03T12:41:17+00:00","author":"Antalya K\u00f6rfez","twitter_card":"summary_large_image","twitter_misc":{"\u041d\u0430\u043f\u0438\u0441\u0430\u043d\u043e \u0430\u0432\u0442\u043e\u0440\u043e\u043c":"Antalya K\u00f6rfez","\u041f\u0440\u0438\u043c\u0435\u0440\u043d\u043e\u0435 \u0432\u0440\u0435\u043c\u044f \u0434\u043b\u044f \u0447\u0442\u0435\u043d\u0438\u044f":"2 \u043c\u0438\u043d\u0443\u0442\u044b"},"schema":{"@context":"https:\/\/schema.org","@graph":[{"@type":"Article","@id":"https:\/\/denizcankizil.tr\/de\/haberler\/gundem\/turizm-merkezinde-sari-isyan-taksiciler-kontak-kapatti\/#article","isPartOf":{"@id":"https:\/\/denizcankizil.tr\/de\/haberler\/gundem\/turizm-merkezinde-sari-isyan-taksiciler-kontak-kapatti\/"},"author":{"name":"Antalya K\u00f6rfez","@id":"https:\/\/denizcankizil.tr\/de\/#\/schema\/person\/e1eb71bb4dd684d46563f0af307e1234"},"headline":"Turizm merkezinde sar\u0131 isyan! Taksiciler kontak kapatt\u0131","datePublished":"2025-07-03T12:41:17+00:00","mainEntityOfPage":{"@id":"https:\/\/denizcankizil.tr\/de\/haberler\/gundem\/turizm-merkezinde-sari-isyan-taksiciler-kontak-kapatti\/"},"wordCount":388,"publisher":{"@id":"https:\/\/denizcankizil.tr\/de\/#organization"},"articleSection":["G\u00fcndem"],"inLanguage":"ru-RU"},{"@type":"WebPage","@id":"https:\/\/denizcankizil.tr\/de\/haberler\/gundem\/turizm-merkezinde-sari-isyan-taksiciler-kontak-kapatti\/","url":"https:\/\/denizcankizil.tr\/de\/haberler\/gundem\/turizm-merkezinde-sari-isyan-taksiciler-kontak-kapatti\/","name":"Turizm merkezinde sar\u0131 isyan! Taksiciler kontak kapatt\u0131 - Av. Deniz Can K\u0131z\u0131l","isPartOf":{"@id":"https:\/\/denizcankizil.tr\/de\/#website"},"datePublished":"2025-07-03T12:41:17+00:00","breadcrumb":{"@id":"https:\/\/denizcankizil.tr\/de\/haberler\/gundem\/turizm-merkezinde-sari-isyan-taksiciler-kontak-kapatti\/#breadcrumb"},"inLanguage":"ru-RU","potentialAction":[{"@type":"ReadAction","target":["https:\/\/denizcankizil.tr\/de\/haberler\/gundem\/turizm-merkezinde-sari-isyan-taksiciler-kontak-kapatti\/"]}]},{"@type":"BreadcrumbList","@id":"https:\/\/denizcankizil.tr\/de\/haberler\/gundem\/turizm-merkezinde-sari-isyan-taksiciler-kontak-kapatti\/#breadcrumb","itemListElement":[{"@type":"ListItem","position":1,"name":"Home","item":"https:\/\/denizcankizil.tr\/de\/"},{"@type":"ListItem","position":2,"name":"Turizm merkezinde sar\u0131 isyan! Taksiciler kontak kapatt\u0131"}]},{"@type":"WebSite","@id":"https:\/\/denizcankizil.tr\/de\/#website","url":"https:\/\/denizcankizil.tr\/de\/","name":"Av. Deniz Can K\u0131z\u0131l","description":"Avukat Deniz Can K\u0131z\u0131l Antalya Barosu","publisher":{"@id":"https:\/\/denizcankizil.tr\/de\/#organization"},"potentialAction":[{"@type":"SearchAction","target":{"@type":"EntryPoint","urlTemplate":"https:\/\/denizcankizil.tr\/de\/?s={search_term_string}"},"query-input":{"@type":"PropertyValueSpecification","valueRequired":true,"valueName":"search_term_string"}}],"inLanguage":"ru-RU"},{"@type":"Organization","@id":"https:\/\/denizcankizil.tr\/de\/#organization","name":"Av. Deniz Can K\u0131z\u0131l","url":"https:\/\/denizcankizil.tr\/de\/","logo":{"@type":"ImageObject","inLanguage":"ru-RU","@id":"https:\/\/denizcankizil.tr\/de\/#\/schema\/logo\/image\/","url":"https:\/\/denizcankizil.tr\/wp-content\/uploads\/2024\/10\/siyah-logo-svg.svg","contentUrl":"https:\/\/denizcankizil.tr\/wp-content\/uploads\/2024\/10\/siyah-logo-svg.svg","width":1080,"height":1080,"caption":"Av. Deniz Can K\u0131z\u0131l"},"image":{"@id":"https:\/\/denizcankizil.tr\/de\/#\/schema\/logo\/image\/"}},{"@type":"Person","@id":"https:\/\/denizcankizil.tr\/de\/#\/schema\/person\/e1eb71bb4dd684d46563f0af307e1234","name":"Antalya K\u00f6rfez","image":{"@type":"ImageObject","inLanguage":"ru-RU","@id":"https:\/\/denizcankizil.tr\/de\/#\/schema\/person\/image\/","url":"https:\/\/secure.gravatar.com\/avatar\/42b01982558a48a0b501fdcab6a408d3717ea5919095ee2e67b0e521799c5905?s=96&d=mm&r=g","contentUrl":"https:\/\/secure.gravatar.com\/avatar\/42b01982558a48a0b501fdcab6a408d3717ea5919095ee2e67b0e521799c5905?s=96&d=mm&r=g","caption":"Antalya K\u00f6rfez"},"sameAs":["http:\/\/www.antalyakorfez.com"],"url":"https:\/\/www.antalyakorfez.com\/turizm-merkezinde-sari-isyan-taksiciler-kontak-kapatti"}]}},"_links":{"self":[{"href":"https:\/\/denizcankizil.tr\/ru\/wp-json\/wp\/v2\/posts\/134683","targetHints":{"allow":["GET"]}}],"collection":[{"href":"https:\/\/denizcankizil.tr\/ru\/wp-json\/wp\/v2\/posts"}],"about":[{"href":"https:\/\/denizcankizil.tr\/ru\/wp-json\/wp\/v2\/types\/post"}],"author":[{"embeddable":true,"href":"https:\/\/denizcankizil.tr\/ru\/wp-json\/wp\/v2\/users\/5"}],"replies":[{"embeddable":true,"href":"https:\/\/denizcankizil.tr\/ru\/wp-json\/wp\/v2\/comments?post=134683"}],"version-history":[{"count":0,"href":"https:\/\/denizcankizil.tr\/ru\/wp-json\/wp\/v2\/posts\/134683\/revisions"}],"wp:attachment":[{"href":"https:\/\/denizcankizil.tr\/ru\/wp-json\/wp\/v2\/media?parent=134683"}],"wp:term":[{"taxonomy":"category","embeddable":true,"href":"https:\/\/denizcankizil.tr\/ru\/wp-json\/wp\/v2\/categories?post=134683"},{"taxonomy":"post_tag","embeddable":true,"href":"https:\/\/denizcankizil.tr\/ru\/wp-json\/wp\/v2\/tags?post=134683"}],"curies":[{"name":"wp","href":"https:\/\/api.w.org\/{rel}","templated":true}]}}