{"id":134682,"date":"2025-07-03T14:43:36","date_gmt":"2025-07-03T11:43:36","guid":{"rendered":"https:\/\/denizcankizil.tr\/uncategorized-tr\/3351-hektar-alan-etkilendi-1800-kisi-tahliye-edildi\/"},"modified":"2025-07-03T14:43:36","modified_gmt":"2025-07-03T11:43:36","slug":"3351-hektar-alan-etkilendi-1800-kisi-tahliye-edildi","status":"publish","type":"post","link":"https:\/\/denizcankizil.tr\/ru\/haberler\/gundem\/3351-hektar-alan-etkilendi-1800-kisi-tahliye-edildi\/","title":{"rendered":"3351 hektar alan etkilendi, 1800 ki\u015fi tahliye edildi!"},"content":{"rendered":"<p>Hatay Tabiat\u0131 Koruma Derne\u011fi Bilim Kurulu \u00fcyesi ve yang\u0131n ekolo\u011fu Do\u00e7. Dr. Okan \u00dclker, Antakya il\u00e7esinde \u00e7\u0131kan ve h\u0131zla yay\u0131lan orman yang\u0131n\u0131na ili\u015fkin \u00e7arp\u0131c\u0131 a\u00e7\u0131klamalarda bulundu. Yang\u0131n\u0131n ula\u015ft\u0131\u011f\u0131 b\u00fcy\u00fckl\u00fck itibar\u0131yla &#8220;Mega yang\u0131n&#8221; kategorisinde de\u011ferlendirilebilece\u011fini vurgulayan Do\u00e7. Dr. \u00dclker, yang\u0131n\u0131n ilk anlar\u0131ndan bu yana 1800 vatanda\u015f\u0131n tahliye edildi\u011fini, yakla\u015f\u0131k 60 evin a\u011f\u0131r hasar g\u00f6rd\u00fc\u011f\u00fcn\u00fc, buna ra\u011fmen can kayb\u0131 ya\u015fanmamas\u0131n\u0131n sevindirici bir geli\u015fme oldu\u011funu dile getirdi.<\/p>\n<p>R\u00dcZG\u00c2R R\u0130SK\u0130 DEVAM ED\u0130YOR<\/p>\n<p>Yang\u0131n\u0131n kontrol alt\u0131na al\u0131nm\u0131\u015f gibi g\u00f6r\u00fcnmesine ra\u011fmen, b\u00f6lgede etkili olan karars\u0131z r\u00fczg\u00e2rlar\u0131n durumu yeniden kritik hale getirebilece\u011fini ifade eden \u00dclker, \u201cYang\u0131n\u0131n, yan\u0131c\u0131 maddenin yo\u011fun oldu\u011fu alanlardan yeniden alevlenerek yerle\u015fim yerlerine sirayet etme ve katastrofik boyutlara ula\u015fma riski h\u00e2l\u00e2 \u00e7ok y\u00fcksek\u201d uyar\u0131s\u0131nda bulundu.<\/p>\n<p>HALKTAN HASSAS\u0130YET BEKLEN\u0130YOR<\/p>\n<p>Yang\u0131n s\u0131ras\u0131nda halk\u0131n yetkililerin tahliye emirlerine kesinlikle uymas\u0131, kendi imk\u00e2nlar\u0131yla yang\u0131na m\u00fcdahale etmeye kalk\u0131\u015fmamas\u0131 ve a\u00e7\u0131k alanda ate\u015f yakmamas\u0131 gerekti\u011fini belirten \u00dclker, \u00f6zellikle camdan izmarit at\u0131lmamas\u0131 ve piknik gibi etkinliklerden uzak durulmas\u0131 \u00e7a\u011fr\u0131s\u0131nda bulundu.<\/p>\n<p>YETK\u0130L\u0130LERE \u00c7A\u011eRI:<\/p>\n<p>KR\u0130Z MERKEZ\u0130 KURULSUN<\/p>\n<p>Yerel y\u00f6netimlerden, tahliye, bar\u0131nma, sa\u011fl\u0131k ve g\u0131da deste\u011finin yan\u0131 s\u0131ra 24 saat esas\u0131na dayal\u0131 bir kriz merkezi kurulmas\u0131 gerekti\u011fini belirten \u00dclker, bilgi ak\u0131\u015f\u0131n\u0131n da bu merkez arac\u0131l\u0131\u011f\u0131yla sa\u011fl\u0131kl\u0131 bir \u015fekilde y\u00fcr\u00fct\u00fclmesinin \u00f6nemine dikkat \u00e7ekti.<\/p>\n<p>Ayr\u0131ca Hatay Orman B\u00f6lge M\u00fcd\u00fcrl\u00fc\u011f\u00fc ile Antakya Orman \u0130\u015fletme M\u00fcd\u00fcrl\u00fc\u011f\u00fc\u2019n\u00fcn, yeni yang\u0131n potansiyeli ta\u015f\u0131yan noktalar\u0131 s\u00fcrekli izleyerek erken m\u00fcdahale etmesi gerekti\u011fini vurgulayan \u00dclker, yang\u0131nla m\u00fccadelede karadan ve havadan m\u00fcdahalenin yan\u0131 s\u0131ra &#8220;kar\u015f\u0131 ate\u015f&#8221; ve yeni yang\u0131n \u015feritleri olu\u015fturma gibi dolayl\u0131 y\u00f6ntemlere de a\u011f\u0131rl\u0131k verilmesini \u00f6nerdi.<\/p>\n<p>G\u00d6N\u00dcLL\u00dcLER AKT\u0130F SAHADA<\/p>\n<p>Hatay Tabiat\u0131 Koruma Derne\u011fi\u2019nin, son 3 y\u0131ld\u0131r b\u00f6lgede y\u00fcr\u00fctt\u00fc\u011f\u00fc \u00e7al\u0131\u015fmalar sayesinde \u00f6nemli bir aktif yang\u0131n g\u00f6n\u00fcll\u00fcs\u00fc ekibi olu\u015fturdu\u011funu belirten \u00dclker, g\u00f6n\u00fcll\u00fclerin \u015fu anda da sahada etkin rol \u00fcstlendiklerini ifade etti.<\/p>\n<p>Yang\u0131nla m\u00fccadele ve sonras\u0131nda ekosistemin yeniden onar\u0131lmas\u0131 konusunda bilim insanlar\u0131yla i\u015f birli\u011fi yap\u0131laca\u011f\u0131n\u0131 vurgulayan \u00dclker, \u201cEkolojik restorasyon uygulamalar\u0131n\u0131n daha fazla \u00f6nemsenmesini \u0131srarla ve \u00f6zveriyle takip edece\u011fiz,\u201d dedi.<\/p>\n<p>\u200bHatay\u2019da Karaali mevkiinde ba\u015flayan yang\u0131n\u0131n, kuvvetli r\u00fczg\u00e2rlar\u0131n etkisiyle O\u011flak\u00f6ren ve \u00dc\u00e7gedik mahallelerine kadar ula\u015ft\u0131\u011f\u0131n\u0131 belirten Yang\u0131n Ekeolo\u011fu Do\u00e7. Dr. Okan \u00dclker, yang\u0131ndan yakla\u015f\u0131k 3351 hektarl\u0131k alan\u0131n do\u011frudan ya da dolayl\u0131 \u015fekilde etkilendi\u011fini s\u00f6yledi.\u00a0<\/p>\n<p>\u200bHaberin Al\u0131nt\u0131land\u0131\u011f\u0131 Kaynak: www.iskenderun.org<\/p>","protected":false},"excerpt":{"rendered":"<p>Hatay Tabiat\u0131 Koruma Derne\u011fi Bilim Kurulu \u00fcyesi ve yang\u0131n ekolo\u011fu Do\u00e7. Dr. Okan \u00dclker, Antakya il\u00e7esinde \u00e7\u0131kan ve h\u0131zla yay\u0131lan orman yang\u0131n\u0131na ili\u015fkin \u00e7arp\u0131c\u0131 a\u00e7\u0131klamalarda bulundu. Yang\u0131n\u0131n ula\u015ft\u0131\u011f\u0131 b\u00fcy\u00fckl\u00fck itibar\u0131yla &#8220;Mega yang\u0131n&#8221; kategorisinde de\u011ferlendirilebilece\u011fini vurgulayan Do\u00e7. Dr. \u00dclker, yang\u0131n\u0131n ilk anlar\u0131ndan bu yana 1800 vatanda\u015f\u0131n tahliye edildi\u011fini, yakla\u015f\u0131k 60 evin a\u011f\u0131r hasar g\u00f6rd\u00fc\u011f\u00fcn\u00fc, buna ra\u011fmen can kayb\u0131 ya\u015fanmamas\u0131n\u0131n sevindirici bir geli\u015fme oldu\u011funu dile getirdi. R\u00dcZG\u00c2R R\u0130SK\u0130 DEVAM ED\u0130YOR Yang\u0131n\u0131n kontrol alt\u0131na al\u0131nm\u0131\u015f gibi g\u00f6r\u00fcnmesine ra\u011fmen, b\u00f6lgede etkili olan karars\u0131z r\u00fczg\u00e2rlar\u0131n durumu yeniden kritik hale getirebilece\u011fini ifade eden \u00dclker, \u201cYang\u0131n\u0131n, yan\u0131c\u0131 maddenin yo\u011fun oldu\u011fu alanlardan yeniden alevlenerek yerle\u015fim yerlerine sirayet etme ve katastrofik boyutlara ula\u015fma riski h\u00e2l\u00e2 \u00e7ok y\u00fcksek\u201d uyar\u0131s\u0131nda bulundu. HALKTAN HASSAS\u0130YET BEKLEN\u0130YOR Yang\u0131n s\u0131ras\u0131nda halk\u0131n yetkililerin tahliye emirlerine kesinlikle uymas\u0131, kendi imk\u00e2nlar\u0131yla yang\u0131na m\u00fcdahale etmeye kalk\u0131\u015fmamas\u0131 ve a\u00e7\u0131k alanda ate\u015f yakmamas\u0131 gerekti\u011fini belirten \u00dclker, \u00f6zellikle camdan izmarit at\u0131lmamas\u0131 ve piknik gibi etkinliklerden uzak durulmas\u0131 \u00e7a\u011fr\u0131s\u0131nda bulundu. YETK\u0130L\u0130LERE \u00c7A\u011eRI: KR\u0130Z MERKEZ\u0130 KURULSUN Yerel y\u00f6netimlerden, tahliye, bar\u0131nma, sa\u011fl\u0131k ve g\u0131da deste\u011finin yan\u0131 s\u0131ra 24 saat esas\u0131na dayal\u0131 bir kriz merkezi kurulmas\u0131 gerekti\u011fini belirten \u00dclker, bilgi ak\u0131\u015f\u0131n\u0131n da bu merkez arac\u0131l\u0131\u011f\u0131yla sa\u011fl\u0131kl\u0131 bir \u015fekilde y\u00fcr\u00fct\u00fclmesinin \u00f6nemine dikkat \u00e7ekti. Ayr\u0131ca Hatay Orman B\u00f6lge M\u00fcd\u00fcrl\u00fc\u011f\u00fc ile Antakya Orman \u0130\u015fletme M\u00fcd\u00fcrl\u00fc\u011f\u00fc\u2019n\u00fcn, yeni yang\u0131n potansiyeli ta\u015f\u0131yan &hellip;<\/p>","protected":false},"author":1,"featured_media":0,"comment_status":"","ping_status":"open","sticky":false,"template":"","format":"standard","meta":{"_acf_changed":false,"footnotes":""},"categories":[24],"tags":[],"class_list":["post-134682","post","type-post","status-publish","format-standard","has-post-thumbnail","hentry","category-gundem"],"acf":[],"yoast_head":"<!-- This site is optimized with the Yoast SEO Premium plugin v26.6 (Yoast SEO v27.1.1) - https:\/\/yoast.com\/product\/yoast-seo-premium-wordpress\/ -->\n<title>3351 hektar alan etkilendi, 1800 ki\u015fi tahliye edildi! - Av. Deniz Can K\u0131z\u0131l<\/title>\n<meta name=\"robots\" content=\"index, follow, max-snippet:-1, max-image-preview:large, max-video-preview:-1\" \/>\n<link rel=\"canonical\" href=\"https:\/\/denizcankizil.tr\/ru\/haberler\/gundem\/3351-hektar-alan-etkilendi-1800-kisi-tahliye-edildi\/\" \/>\n<meta property=\"og:locale\" content=\"ru_RU\" \/>\n<meta property=\"og:type\" content=\"article\" \/>\n<meta property=\"og:title\" content=\"3351 hektar alan etkilendi, 1800 ki\u015fi tahliye edildi!\" \/>\n<meta property=\"og:description\" content=\"Hatay Tabiat\u0131 Koruma Derne\u011fi Bilim Kurulu \u00fcyesi ve yang\u0131n ekolo\u011fu Do\u00e7. Dr. Okan \u00dclker, Antakya il\u00e7esinde \u00e7\u0131kan ve h\u0131zla yay\u0131lan orman yang\u0131n\u0131na ili\u015fkin \u00e7arp\u0131c\u0131 a\u00e7\u0131klamalarda bulundu. Yang\u0131n\u0131n ula\u015ft\u0131\u011f\u0131 b\u00fcy\u00fckl\u00fck itibar\u0131yla &#8220;Mega yang\u0131n&#8221; kategorisinde de\u011ferlendirilebilece\u011fini vurgulayan Do\u00e7. Dr. \u00dclker, yang\u0131n\u0131n ilk anlar\u0131ndan bu yana 1800 vatanda\u015f\u0131n tahliye edildi\u011fini, yakla\u015f\u0131k 60 evin a\u011f\u0131r hasar g\u00f6rd\u00fc\u011f\u00fcn\u00fc, buna ra\u011fmen can kayb\u0131 ya\u015fanmamas\u0131n\u0131n sevindirici bir geli\u015fme oldu\u011funu dile getirdi. R\u00dcZG\u00c2R R\u0130SK\u0130 DEVAM ED\u0130YOR Yang\u0131n\u0131n kontrol alt\u0131na al\u0131nm\u0131\u015f gibi g\u00f6r\u00fcnmesine ra\u011fmen, b\u00f6lgede etkili olan karars\u0131z r\u00fczg\u00e2rlar\u0131n durumu yeniden kritik hale getirebilece\u011fini ifade eden \u00dclker, \u201cYang\u0131n\u0131n, yan\u0131c\u0131 maddenin yo\u011fun oldu\u011fu alanlardan yeniden alevlenerek yerle\u015fim yerlerine sirayet etme ve katastrofik boyutlara ula\u015fma riski h\u00e2l\u00e2 \u00e7ok y\u00fcksek\u201d uyar\u0131s\u0131nda bulundu. HALKTAN HASSAS\u0130YET BEKLEN\u0130YOR Yang\u0131n s\u0131ras\u0131nda halk\u0131n yetkililerin tahliye emirlerine kesinlikle uymas\u0131, kendi imk\u00e2nlar\u0131yla yang\u0131na m\u00fcdahale etmeye kalk\u0131\u015fmamas\u0131 ve a\u00e7\u0131k alanda ate\u015f yakmamas\u0131 gerekti\u011fini belirten \u00dclker, \u00f6zellikle camdan izmarit at\u0131lmamas\u0131 ve piknik gibi etkinliklerden uzak durulmas\u0131 \u00e7a\u011fr\u0131s\u0131nda bulundu. YETK\u0130L\u0130LERE \u00c7A\u011eRI: KR\u0130Z MERKEZ\u0130 KURULSUN Yerel y\u00f6netimlerden, tahliye, bar\u0131nma, sa\u011fl\u0131k ve g\u0131da deste\u011finin yan\u0131 s\u0131ra 24 saat esas\u0131na dayal\u0131 bir kriz merkezi kurulmas\u0131 gerekti\u011fini belirten \u00dclker, bilgi ak\u0131\u015f\u0131n\u0131n da bu merkez arac\u0131l\u0131\u011f\u0131yla sa\u011fl\u0131kl\u0131 bir \u015fekilde y\u00fcr\u00fct\u00fclmesinin \u00f6nemine dikkat \u00e7ekti. Ayr\u0131ca Hatay Orman B\u00f6lge M\u00fcd\u00fcrl\u00fc\u011f\u00fc ile Antakya Orman \u0130\u015fletme M\u00fcd\u00fcrl\u00fc\u011f\u00fc\u2019n\u00fcn, yeni yang\u0131n potansiyeli ta\u015f\u0131yan &hellip;\" \/>\n<meta property=\"og:url\" content=\"https:\/\/denizcankizil.tr\/ru\/haberler\/gundem\/3351-hektar-alan-etkilendi-1800-kisi-tahliye-edildi\/\" \/>\n<meta property=\"og:site_name\" content=\"Av. Deniz Can K\u0131z\u0131l\" \/>\n<meta property=\"article:published_time\" content=\"2025-07-03T11:43:36+00:00\" \/>\n<meta name=\"author\" content=\"admin\" \/>\n<meta name=\"twitter:card\" content=\"summary_large_image\" \/>\n<meta name=\"twitter:label1\" content=\"\u041d\u0430\u043f\u0438\u0441\u0430\u043d\u043e \u0430\u0432\u0442\u043e\u0440\u043e\u043c\" \/>\n\t<meta name=\"twitter:data1\" content=\"admin\" \/>\n\t<meta name=\"twitter:label2\" content=\"\u041f\u0440\u0438\u043c\u0435\u0440\u043d\u043e\u0435 \u0432\u0440\u0435\u043c\u044f \u0434\u043b\u044f \u0447\u0442\u0435\u043d\u0438\u044f\" \/>\n\t<meta name=\"twitter:data2\" content=\"3 \u043c\u0438\u043d\u0443\u0442\u044b\" \/>\n<script type=\"application\/ld+json\" class=\"yoast-schema-graph\">{\"@context\":\"https:\/\/schema.org\",\"@graph\":[{\"@type\":\"Article\",\"@id\":\"https:\/\/denizcankizil.tr\/de\/haberler\/gundem\/3351-hektar-alan-etkilendi-1800-kisi-tahliye-edildi\/#article\",\"isPartOf\":{\"@id\":\"https:\/\/denizcankizil.tr\/de\/haberler\/gundem\/3351-hektar-alan-etkilendi-1800-kisi-tahliye-edildi\/\"},\"author\":{\"name\":\"admin\",\"@id\":\"https:\/\/denizcankizil.tr\/de\/#\/schema\/person\/be3c05fe6a12686905512445d8185489\"},\"headline\":\"3351 hektar alan etkilendi, 1800 ki\u015fi tahliye edildi!\",\"datePublished\":\"2025-07-03T11:43:36+00:00\",\"mainEntityOfPage\":{\"@id\":\"https:\/\/denizcankizil.tr\/de\/haberler\/gundem\/3351-hektar-alan-etkilendi-1800-kisi-tahliye-edildi\/\"},\"wordCount\":511,\"publisher\":{\"@id\":\"https:\/\/denizcankizil.tr\/de\/#organization\"},\"articleSection\":[\"G\u00fcndem\"],\"inLanguage\":\"ru-RU\"},{\"@type\":\"WebPage\",\"@id\":\"https:\/\/denizcankizil.tr\/de\/haberler\/gundem\/3351-hektar-alan-etkilendi-1800-kisi-tahliye-edildi\/\",\"url\":\"https:\/\/denizcankizil.tr\/de\/haberler\/gundem\/3351-hektar-alan-etkilendi-1800-kisi-tahliye-edildi\/\",\"name\":\"3351 hektar alan etkilendi, 1800 ki\u015fi tahliye edildi! - Av. Deniz Can K\u0131z\u0131l\",\"isPartOf\":{\"@id\":\"https:\/\/denizcankizil.tr\/de\/#website\"},\"datePublished\":\"2025-07-03T11:43:36+00:00\",\"breadcrumb\":{\"@id\":\"https:\/\/denizcankizil.tr\/de\/haberler\/gundem\/3351-hektar-alan-etkilendi-1800-kisi-tahliye-edildi\/#breadcrumb\"},\"inLanguage\":\"ru-RU\",\"potentialAction\":[{\"@type\":\"ReadAction\",\"target\":[\"https:\/\/denizcankizil.tr\/de\/haberler\/gundem\/3351-hektar-alan-etkilendi-1800-kisi-tahliye-edildi\/\"]}]},{\"@type\":\"BreadcrumbList\",\"@id\":\"https:\/\/denizcankizil.tr\/de\/haberler\/gundem\/3351-hektar-alan-etkilendi-1800-kisi-tahliye-edildi\/#breadcrumb\",\"itemListElement\":[{\"@type\":\"ListItem\",\"position\":1,\"name\":\"Home\",\"item\":\"https:\/\/denizcankizil.tr\/de\/\"},{\"@type\":\"ListItem\",\"position\":2,\"name\":\"3351 hektar alan etkilendi, 1800 ki\u015fi tahliye edildi!\"}]},{\"@type\":\"WebSite\",\"@id\":\"https:\/\/denizcankizil.tr\/de\/#website\",\"url\":\"https:\/\/denizcankizil.tr\/de\/\",\"name\":\"Av. Deniz Can K\u0131z\u0131l\",\"description\":\"Avukat Deniz Can K\u0131z\u0131l Antalya Barosu\",\"publisher\":{\"@id\":\"https:\/\/denizcankizil.tr\/de\/#organization\"},\"potentialAction\":[{\"@type\":\"SearchAction\",\"target\":{\"@type\":\"EntryPoint\",\"urlTemplate\":\"https:\/\/denizcankizil.tr\/de\/?s={search_term_string}\"},\"query-input\":{\"@type\":\"PropertyValueSpecification\",\"valueRequired\":true,\"valueName\":\"search_term_string\"}}],\"inLanguage\":\"ru-RU\"},{\"@type\":\"Organization\",\"@id\":\"https:\/\/denizcankizil.tr\/de\/#organization\",\"name\":\"Av. Deniz Can K\u0131z\u0131l\",\"url\":\"https:\/\/denizcankizil.tr\/de\/\",\"logo\":{\"@type\":\"ImageObject\",\"inLanguage\":\"ru-RU\",\"@id\":\"https:\/\/denizcankizil.tr\/de\/#\/schema\/logo\/image\/\",\"url\":\"https:\/\/denizcankizil.tr\/wp-content\/uploads\/2024\/10\/siyah-logo-svg.svg\",\"contentUrl\":\"https:\/\/denizcankizil.tr\/wp-content\/uploads\/2024\/10\/siyah-logo-svg.svg\",\"width\":1080,\"height\":1080,\"caption\":\"Av. Deniz Can K\u0131z\u0131l\"},\"image\":{\"@id\":\"https:\/\/denizcankizil.tr\/de\/#\/schema\/logo\/image\/\"}},{\"@type\":\"Person\",\"@id\":\"https:\/\/denizcankizil.tr\/de\/#\/schema\/person\/be3c05fe6a12686905512445d8185489\",\"name\":\"admin\",\"image\":{\"@type\":\"ImageObject\",\"inLanguage\":\"ru-RU\",\"@id\":\"https:\/\/denizcankizil.tr\/de\/#\/schema\/person\/image\/\",\"url\":\"https:\/\/secure.gravatar.com\/avatar\/c1fce94c830dc79107e174f890d7210541c4a63e8e5d816341794a2151c9d58c?s=96&d=mm&r=g\",\"contentUrl\":\"https:\/\/secure.gravatar.com\/avatar\/c1fce94c830dc79107e174f890d7210541c4a63e8e5d816341794a2151c9d58c?s=96&d=mm&r=g\",\"caption\":\"admin\"},\"sameAs\":[\"http:\/\/denizcankizil.tr\"],\"url\":\"https:\/\/www.iskenderun.org\/3351-hektar-alan-etkilendi-1800-kisi-tahliye-edildi\"}]}<\/script>\n<!-- \/ Yoast SEO Premium plugin. -->","yoast_head_json":{"title":"3351 hektar alan etkilendi, 1800 ki\u015fi tahliye edildi! - Av. Deniz Can K\u0131z\u0131l","robots":{"index":"index","follow":"follow","max-snippet":"max-snippet:-1","max-image-preview":"max-image-preview:large","max-video-preview":"max-video-preview:-1"},"canonical":"https:\/\/denizcankizil.tr\/ru\/haberler\/gundem\/3351-hektar-alan-etkilendi-1800-kisi-tahliye-edildi\/","og_locale":"ru_RU","og_type":"article","og_title":"3351 hektar alan etkilendi, 1800 ki\u015fi tahliye edildi!","og_description":"Hatay Tabiat\u0131 Koruma Derne\u011fi Bilim Kurulu \u00fcyesi ve yang\u0131n ekolo\u011fu Do\u00e7. Dr. Okan \u00dclker, Antakya il\u00e7esinde \u00e7\u0131kan ve h\u0131zla yay\u0131lan orman yang\u0131n\u0131na ili\u015fkin \u00e7arp\u0131c\u0131 a\u00e7\u0131klamalarda bulundu. Yang\u0131n\u0131n ula\u015ft\u0131\u011f\u0131 b\u00fcy\u00fckl\u00fck itibar\u0131yla &#8220;Mega yang\u0131n&#8221; kategorisinde de\u011ferlendirilebilece\u011fini vurgulayan Do\u00e7. Dr. \u00dclker, yang\u0131n\u0131n ilk anlar\u0131ndan bu yana 1800 vatanda\u015f\u0131n tahliye edildi\u011fini, yakla\u015f\u0131k 60 evin a\u011f\u0131r hasar g\u00f6rd\u00fc\u011f\u00fcn\u00fc, buna ra\u011fmen can kayb\u0131 ya\u015fanmamas\u0131n\u0131n sevindirici bir geli\u015fme oldu\u011funu dile getirdi. R\u00dcZG\u00c2R R\u0130SK\u0130 DEVAM ED\u0130YOR Yang\u0131n\u0131n kontrol alt\u0131na al\u0131nm\u0131\u015f gibi g\u00f6r\u00fcnmesine ra\u011fmen, b\u00f6lgede etkili olan karars\u0131z r\u00fczg\u00e2rlar\u0131n durumu yeniden kritik hale getirebilece\u011fini ifade eden \u00dclker, \u201cYang\u0131n\u0131n, yan\u0131c\u0131 maddenin yo\u011fun oldu\u011fu alanlardan yeniden alevlenerek yerle\u015fim yerlerine sirayet etme ve katastrofik boyutlara ula\u015fma riski h\u00e2l\u00e2 \u00e7ok y\u00fcksek\u201d uyar\u0131s\u0131nda bulundu. HALKTAN HASSAS\u0130YET BEKLEN\u0130YOR Yang\u0131n s\u0131ras\u0131nda halk\u0131n yetkililerin tahliye emirlerine kesinlikle uymas\u0131, kendi imk\u00e2nlar\u0131yla yang\u0131na m\u00fcdahale etmeye kalk\u0131\u015fmamas\u0131 ve a\u00e7\u0131k alanda ate\u015f yakmamas\u0131 gerekti\u011fini belirten \u00dclker, \u00f6zellikle camdan izmarit at\u0131lmamas\u0131 ve piknik gibi etkinliklerden uzak durulmas\u0131 \u00e7a\u011fr\u0131s\u0131nda bulundu. YETK\u0130L\u0130LERE \u00c7A\u011eRI: KR\u0130Z MERKEZ\u0130 KURULSUN Yerel y\u00f6netimlerden, tahliye, bar\u0131nma, sa\u011fl\u0131k ve g\u0131da deste\u011finin yan\u0131 s\u0131ra 24 saat esas\u0131na dayal\u0131 bir kriz merkezi kurulmas\u0131 gerekti\u011fini belirten \u00dclker, bilgi ak\u0131\u015f\u0131n\u0131n da bu merkez arac\u0131l\u0131\u011f\u0131yla sa\u011fl\u0131kl\u0131 bir \u015fekilde y\u00fcr\u00fct\u00fclmesinin \u00f6nemine dikkat \u00e7ekti. Ayr\u0131ca Hatay Orman B\u00f6lge M\u00fcd\u00fcrl\u00fc\u011f\u00fc ile Antakya Orman \u0130\u015fletme M\u00fcd\u00fcrl\u00fc\u011f\u00fc\u2019n\u00fcn, yeni yang\u0131n potansiyeli ta\u015f\u0131yan &hellip;","og_url":"https:\/\/denizcankizil.tr\/ru\/haberler\/gundem\/3351-hektar-alan-etkilendi-1800-kisi-tahliye-edildi\/","og_site_name":"Av. Deniz Can K\u0131z\u0131l","article_published_time":"2025-07-03T11:43:36+00:00","author":"admin","twitter_card":"summary_large_image","twitter_misc":{"\u041d\u0430\u043f\u0438\u0441\u0430\u043d\u043e \u0430\u0432\u0442\u043e\u0440\u043e\u043c":"admin","\u041f\u0440\u0438\u043c\u0435\u0440\u043d\u043e\u0435 \u0432\u0440\u0435\u043c\u044f \u0434\u043b\u044f \u0447\u0442\u0435\u043d\u0438\u044f":"3 \u043c\u0438\u043d\u0443\u0442\u044b"},"schema":{"@context":"https:\/\/schema.org","@graph":[{"@type":"Article","@id":"https:\/\/denizcankizil.tr\/de\/haberler\/gundem\/3351-hektar-alan-etkilendi-1800-kisi-tahliye-edildi\/#article","isPartOf":{"@id":"https:\/\/denizcankizil.tr\/de\/haberler\/gundem\/3351-hektar-alan-etkilendi-1800-kisi-tahliye-edildi\/"},"author":{"name":"admin","@id":"https:\/\/denizcankizil.tr\/de\/#\/schema\/person\/be3c05fe6a12686905512445d8185489"},"headline":"3351 hektar alan etkilendi, 1800 ki\u015fi tahliye edildi!","datePublished":"2025-07-03T11:43:36+00:00","mainEntityOfPage":{"@id":"https:\/\/denizcankizil.tr\/de\/haberler\/gundem\/3351-hektar-alan-etkilendi-1800-kisi-tahliye-edildi\/"},"wordCount":511,"publisher":{"@id":"https:\/\/denizcankizil.tr\/de\/#organization"},"articleSection":["G\u00fcndem"],"inLanguage":"ru-RU"},{"@type":"WebPage","@id":"https:\/\/denizcankizil.tr\/de\/haberler\/gundem\/3351-hektar-alan-etkilendi-1800-kisi-tahliye-edildi\/","url":"https:\/\/denizcankizil.tr\/de\/haberler\/gundem\/3351-hektar-alan-etkilendi-1800-kisi-tahliye-edildi\/","name":"3351 hektar alan etkilendi, 1800 ki\u015fi tahliye edildi! - Av. Deniz Can K\u0131z\u0131l","isPartOf":{"@id":"https:\/\/denizcankizil.tr\/de\/#website"},"datePublished":"2025-07-03T11:43:36+00:00","breadcrumb":{"@id":"https:\/\/denizcankizil.tr\/de\/haberler\/gundem\/3351-hektar-alan-etkilendi-1800-kisi-tahliye-edildi\/#breadcrumb"},"inLanguage":"ru-RU","potentialAction":[{"@type":"ReadAction","target":["https:\/\/denizcankizil.tr\/de\/haberler\/gundem\/3351-hektar-alan-etkilendi-1800-kisi-tahliye-edildi\/"]}]},{"@type":"BreadcrumbList","@id":"https:\/\/denizcankizil.tr\/de\/haberler\/gundem\/3351-hektar-alan-etkilendi-1800-kisi-tahliye-edildi\/#breadcrumb","itemListElement":[{"@type":"ListItem","position":1,"name":"Home","item":"https:\/\/denizcankizil.tr\/de\/"},{"@type":"ListItem","position":2,"name":"3351 hektar alan etkilendi, 1800 ki\u015fi tahliye edildi!"}]},{"@type":"WebSite","@id":"https:\/\/denizcankizil.tr\/de\/#website","url":"https:\/\/denizcankizil.tr\/de\/","name":"Av. Deniz Can K\u0131z\u0131l","description":"Avukat Deniz Can K\u0131z\u0131l Antalya Barosu","publisher":{"@id":"https:\/\/denizcankizil.tr\/de\/#organization"},"potentialAction":[{"@type":"SearchAction","target":{"@type":"EntryPoint","urlTemplate":"https:\/\/denizcankizil.tr\/de\/?s={search_term_string}"},"query-input":{"@type":"PropertyValueSpecification","valueRequired":true,"valueName":"search_term_string"}}],"inLanguage":"ru-RU"},{"@type":"Organization","@id":"https:\/\/denizcankizil.tr\/de\/#organization","name":"Av. Deniz Can K\u0131z\u0131l","url":"https:\/\/denizcankizil.tr\/de\/","logo":{"@type":"ImageObject","inLanguage":"ru-RU","@id":"https:\/\/denizcankizil.tr\/de\/#\/schema\/logo\/image\/","url":"https:\/\/denizcankizil.tr\/wp-content\/uploads\/2024\/10\/siyah-logo-svg.svg","contentUrl":"https:\/\/denizcankizil.tr\/wp-content\/uploads\/2024\/10\/siyah-logo-svg.svg","width":1080,"height":1080,"caption":"Av. Deniz Can K\u0131z\u0131l"},"image":{"@id":"https:\/\/denizcankizil.tr\/de\/#\/schema\/logo\/image\/"}},{"@type":"Person","@id":"https:\/\/denizcankizil.tr\/de\/#\/schema\/person\/be3c05fe6a12686905512445d8185489","name":"\u0430\u0434\u043c\u0438\u043d","image":{"@type":"ImageObject","inLanguage":"ru-RU","@id":"https:\/\/denizcankizil.tr\/de\/#\/schema\/person\/image\/","url":"https:\/\/secure.gravatar.com\/avatar\/c1fce94c830dc79107e174f890d7210541c4a63e8e5d816341794a2151c9d58c?s=96&d=mm&r=g","contentUrl":"https:\/\/secure.gravatar.com\/avatar\/c1fce94c830dc79107e174f890d7210541c4a63e8e5d816341794a2151c9d58c?s=96&d=mm&r=g","caption":"admin"},"sameAs":["http:\/\/denizcankizil.tr"],"url":"https:\/\/www.iskenderun.org\/3351-hektar-alan-etkilendi-1800-kisi-tahliye-edildi"}]}},"_links":{"self":[{"href":"https:\/\/denizcankizil.tr\/ru\/wp-json\/wp\/v2\/posts\/134682","targetHints":{"allow":["GET"]}}],"collection":[{"href":"https:\/\/denizcankizil.tr\/ru\/wp-json\/wp\/v2\/posts"}],"about":[{"href":"https:\/\/denizcankizil.tr\/ru\/wp-json\/wp\/v2\/types\/post"}],"author":[{"embeddable":true,"href":"https:\/\/denizcankizil.tr\/ru\/wp-json\/wp\/v2\/users\/1"}],"replies":[{"embeddable":true,"href":"https:\/\/denizcankizil.tr\/ru\/wp-json\/wp\/v2\/comments?post=134682"}],"version-history":[{"count":0,"href":"https:\/\/denizcankizil.tr\/ru\/wp-json\/wp\/v2\/posts\/134682\/revisions"}],"wp:attachment":[{"href":"https:\/\/denizcankizil.tr\/ru\/wp-json\/wp\/v2\/media?parent=134682"}],"wp:term":[{"taxonomy":"category","embeddable":true,"href":"https:\/\/denizcankizil.tr\/ru\/wp-json\/wp\/v2\/categories?post=134682"},{"taxonomy":"post_tag","embeddable":true,"href":"https:\/\/denizcankizil.tr\/ru\/wp-json\/wp\/v2\/tags?post=134682"}],"curies":[{"name":"wp","href":"https:\/\/api.w.org\/{rel}","templated":true}]}}