{"id":134638,"date":"2025-07-03T14:41:30","date_gmt":"2025-07-03T11:41:30","guid":{"rendered":"https:\/\/denizcankizil.tr\/uncategorized-tr\/antalyada-halk-otobuslerinde-klima-denetimleri-devam-ediyor\/"},"modified":"2025-07-03T14:41:30","modified_gmt":"2025-07-03T11:41:30","slug":"antalyada-halk-otobuslerinde-klima-denetimleri-devam-ediyor","status":"publish","type":"post","link":"https:\/\/denizcankizil.tr\/ru\/haberler\/antalya\/antalyada-halk-otobuslerinde-klima-denetimleri-devam-ediyor\/","title":{"rendered":"Antalya\u2019da Halk Otob\u00fcslerinde Klima Denetimleri Devam Ediyor"},"content":{"rendered":"<p>Kentin farkl\u0131 noktalar\u0131nda uygulama yapan sivil ve resmi ekipler, otob\u00fcsleri durdurarak klimalar\u0131n \u00e7al\u0131\u015f\u0131p \u00e7al\u0131\u015fmad\u0131\u011f\u0131n\u0131 tek tek kontrol ediyor.<br \/>\nAntalya B\u00fcy\u00fck\u015fehir Belediyesi Zab\u0131ta Dairesi Ba\u015fkanl\u0131\u011f\u0131\u2019na ba\u011fl\u0131 ula\u015f\u0131m zab\u0131ta ekipleri ve Toplu Ta\u015f\u0131ma ve Denetleme \u015eube M\u00fcd\u00fcrl\u00fc\u011f\u00fc ekiplerinin birlikte y\u00fcr\u00fctt\u00fckleri denetimlerde, halk otob\u00fcs\u00fc duraklar\u0131nda otob\u00fcslere binilerek klima kontrollerini ger\u00e7ekle\u015ftiriliyor. Ula\u015f\u0131m zab\u0131ta ekipleri, duraklarda otob\u00fcslerde kontrollerini s\u00fcrd\u00fcr\u00fcrken, B\u00fcy\u00fck\u015fehir Belediyesi Ula\u015f\u0131m Planlama ve Rayl\u0131 Sistemi Dairesi Ba\u015fkanl\u0131\u011f\u0131na ba\u011fl\u0131 sivil ekipler de yolcu gibi otob\u00fcslere binerek, g\u00fczergah s\u00fcrecinde otob\u00fcslerde klimalar\u0131n \u00e7al\u0131\u015f\u0131p \u00e7al\u0131\u015fmad\u0131\u011f\u0131n\u0131 denetliyor. Yolcular\u0131n konforlu bir \u015fekilde seyahat etmesini ama\u00e7layan uygulamada, kurallara uymayan otob\u00fcs \u015fof\u00f6rleri ve ara\u00e7 sahiplerine ise cezai i\u015flem uygulan\u0131yor.<\/p>\n<p>\u015eof\u00f6rlere uyar\u0131 ve ceza<br \/>\nKlimas\u0131 \u00e7al\u0131\u015fmayan veya a\u00e7\u0131k olmayan otob\u00fcsler i\u00e7in ilk etapta \u015fof\u00f6re uyar\u0131 ve ceza verilirken, ihlalin tekrar\u0131 halinde ara\u00e7 sahibine, \u00fc\u00e7\u00fcnc\u00fc tekrar\u0131nda ise ara\u00e7 10 g\u00fcn s\u00fcreyle trafikten men ediliyor. Ayr\u0131ca, ar\u0131zal\u0131 klimalar i\u00e7in de tutanak tutulup i\u015flem ba\u015flat\u0131l\u0131yor.<br \/>\nUla\u015f\u0131m zab\u0131ta ekipleri Kabahatler Kanunu&#8217;nun 32. maddesi gere\u011fi, Toplu Ta\u015f\u0131ma ve Denetleme \u015eube M\u00fcd\u00fcrl\u00fc\u011f\u00fc ekipleri ise 25. madde kapsam\u0131nda ceza uyguluyor. Otob\u00fcslerin klima onar\u0131mlar\u0131 ise ara\u00e7lar\u0131n depolama birimlerinden takip edilerek denetleniyor.<\/p>\n<p>Kaynak: www.kanalv.com.tr Haber Sitesinden Al\u0131nm\u0131\u015ft\u0131r.<\/p>","protected":false},"excerpt":{"rendered":"<p>Kentin farkl\u0131 noktalar\u0131nda uygulama yapan sivil ve resmi ekipler, otob\u00fcsleri durdurarak klimalar\u0131n \u00e7al\u0131\u015f\u0131p \u00e7al\u0131\u015fmad\u0131\u011f\u0131n\u0131 tek tek kontrol ediyor. Antalya B\u00fcy\u00fck\u015fehir Belediyesi Zab\u0131ta Dairesi Ba\u015fkanl\u0131\u011f\u0131\u2019na ba\u011fl\u0131 ula\u015f\u0131m zab\u0131ta ekipleri ve Toplu Ta\u015f\u0131ma ve Denetleme \u015eube M\u00fcd\u00fcrl\u00fc\u011f\u00fc ekiplerinin birlikte y\u00fcr\u00fctt\u00fckleri denetimlerde, halk otob\u00fcs\u00fc duraklar\u0131nda otob\u00fcslere binilerek klima kontrollerini ger\u00e7ekle\u015ftiriliyor. Ula\u015f\u0131m zab\u0131ta ekipleri, duraklarda otob\u00fcslerde kontrollerini s\u00fcrd\u00fcr\u00fcrken, B\u00fcy\u00fck\u015fehir Belediyesi Ula\u015f\u0131m Planlama ve Rayl\u0131 Sistemi Dairesi Ba\u015fkanl\u0131\u011f\u0131na ba\u011fl\u0131 sivil ekipler de yolcu gibi otob\u00fcslere binerek, g\u00fczergah s\u00fcrecinde otob\u00fcslerde klimalar\u0131n \u00e7al\u0131\u015f\u0131p \u00e7al\u0131\u015fmad\u0131\u011f\u0131n\u0131 denetliyor. Yolcular\u0131n konforlu bir \u015fekilde seyahat etmesini ama\u00e7layan uygulamada, kurallara uymayan otob\u00fcs \u015fof\u00f6rleri ve ara\u00e7 sahiplerine ise cezai i\u015flem uygulan\u0131yor. \u015eof\u00f6rlere uyar\u0131 ve ceza Klimas\u0131 \u00e7al\u0131\u015fmayan veya a\u00e7\u0131k olmayan otob\u00fcsler i\u00e7in ilk etapta \u015fof\u00f6re uyar\u0131 ve ceza verilirken, ihlalin tekrar\u0131 halinde ara\u00e7 sahibine, \u00fc\u00e7\u00fcnc\u00fc tekrar\u0131nda ise ara\u00e7 10 g\u00fcn s\u00fcreyle trafikten men ediliyor. Ayr\u0131ca, ar\u0131zal\u0131 klimalar i\u00e7in de tutanak tutulup i\u015flem ba\u015flat\u0131l\u0131yor. Ula\u015f\u0131m zab\u0131ta ekipleri Kabahatler Kanunu&#8217;nun 32. maddesi gere\u011fi, Toplu Ta\u015f\u0131ma ve Denetleme \u015eube M\u00fcd\u00fcrl\u00fc\u011f\u00fc ekipleri ise 25. madde kapsam\u0131nda ceza uyguluyor. Otob\u00fcslerin klima onar\u0131mlar\u0131 ise ara\u00e7lar\u0131n depolama birimlerinden takip edilerek denetleniyor. Kaynak: www.kanalv.com.tr Haber Sitesinden Al\u0131nm\u0131\u015ft\u0131r.<\/p>","protected":false},"author":4,"featured_media":134639,"comment_status":"","ping_status":"open","sticky":false,"template":"","format":"standard","meta":{"_acf_changed":false,"footnotes":""},"categories":[26],"tags":[],"class_list":["post-134638","post","type-post","status-publish","format-standard","has-post-thumbnail","hentry","category-antalya"],"acf":[],"yoast_head":"<!-- This site is optimized with the Yoast SEO Premium plugin v26.6 (Yoast SEO v27.1.1) - https:\/\/yoast.com\/product\/yoast-seo-premium-wordpress\/ -->\n<title>Antalya\u2019da Halk Otob\u00fcslerinde Klima Denetimleri Devam Ediyor - Av. Deniz Can K\u0131z\u0131l<\/title>\n<meta name=\"robots\" content=\"index, follow, max-snippet:-1, max-image-preview:large, max-video-preview:-1\" \/>\n<link rel=\"canonical\" href=\"https:\/\/denizcankizil.tr\/ru\/haberler\/antalya\/antalyada-halk-otobuslerinde-klima-denetimleri-devam-ediyor\/\" \/>\n<meta property=\"og:locale\" content=\"ru_RU\" \/>\n<meta property=\"og:type\" content=\"article\" \/>\n<meta property=\"og:title\" content=\"Antalya\u2019da Halk Otob\u00fcslerinde Klima Denetimleri Devam Ediyor\" \/>\n<meta property=\"og:description\" content=\"Kentin farkl\u0131 noktalar\u0131nda uygulama yapan sivil ve resmi ekipler, otob\u00fcsleri durdurarak klimalar\u0131n \u00e7al\u0131\u015f\u0131p \u00e7al\u0131\u015fmad\u0131\u011f\u0131n\u0131 tek tek kontrol ediyor. Antalya B\u00fcy\u00fck\u015fehir Belediyesi Zab\u0131ta Dairesi Ba\u015fkanl\u0131\u011f\u0131\u2019na ba\u011fl\u0131 ula\u015f\u0131m zab\u0131ta ekipleri ve Toplu Ta\u015f\u0131ma ve Denetleme \u015eube M\u00fcd\u00fcrl\u00fc\u011f\u00fc ekiplerinin birlikte y\u00fcr\u00fctt\u00fckleri denetimlerde, halk otob\u00fcs\u00fc duraklar\u0131nda otob\u00fcslere binilerek klima kontrollerini ger\u00e7ekle\u015ftiriliyor. Ula\u015f\u0131m zab\u0131ta ekipleri, duraklarda otob\u00fcslerde kontrollerini s\u00fcrd\u00fcr\u00fcrken, B\u00fcy\u00fck\u015fehir Belediyesi Ula\u015f\u0131m Planlama ve Rayl\u0131 Sistemi Dairesi Ba\u015fkanl\u0131\u011f\u0131na ba\u011fl\u0131 sivil ekipler de yolcu gibi otob\u00fcslere binerek, g\u00fczergah s\u00fcrecinde otob\u00fcslerde klimalar\u0131n \u00e7al\u0131\u015f\u0131p \u00e7al\u0131\u015fmad\u0131\u011f\u0131n\u0131 denetliyor. Yolcular\u0131n konforlu bir \u015fekilde seyahat etmesini ama\u00e7layan uygulamada, kurallara uymayan otob\u00fcs \u015fof\u00f6rleri ve ara\u00e7 sahiplerine ise cezai i\u015flem uygulan\u0131yor. \u015eof\u00f6rlere uyar\u0131 ve ceza Klimas\u0131 \u00e7al\u0131\u015fmayan veya a\u00e7\u0131k olmayan otob\u00fcsler i\u00e7in ilk etapta \u015fof\u00f6re uyar\u0131 ve ceza verilirken, ihlalin tekrar\u0131 halinde ara\u00e7 sahibine, \u00fc\u00e7\u00fcnc\u00fc tekrar\u0131nda ise ara\u00e7 10 g\u00fcn s\u00fcreyle trafikten men ediliyor. Ayr\u0131ca, ar\u0131zal\u0131 klimalar i\u00e7in de tutanak tutulup i\u015flem ba\u015flat\u0131l\u0131yor. Ula\u015f\u0131m zab\u0131ta ekipleri Kabahatler Kanunu&#8217;nun 32. maddesi gere\u011fi, Toplu Ta\u015f\u0131ma ve Denetleme \u015eube M\u00fcd\u00fcrl\u00fc\u011f\u00fc ekipleri ise 25. madde kapsam\u0131nda ceza uyguluyor. Otob\u00fcslerin klima onar\u0131mlar\u0131 ise ara\u00e7lar\u0131n depolama birimlerinden takip edilerek denetleniyor. Kaynak: www.kanalv.com.tr Haber Sitesinden Al\u0131nm\u0131\u015ft\u0131r.\" \/>\n<meta property=\"og:url\" content=\"https:\/\/denizcankizil.tr\/ru\/haberler\/antalya\/antalyada-halk-otobuslerinde-klima-denetimleri-devam-ediyor\/\" \/>\n<meta property=\"og:site_name\" content=\"Av. Deniz Can K\u0131z\u0131l\" \/>\n<meta property=\"article:published_time\" content=\"2025-07-03T11:41:30+00:00\" \/>\n<meta property=\"og:image\" content=\"https:\/\/denizcankizil.tr\/wp-content\/uploads\/2025\/07\/web-gorsel-boyut-17-6exwmR-1024x576.png\" \/>\n\t<meta property=\"og:image:width\" content=\"1024\" \/>\n\t<meta property=\"og:image:height\" content=\"576\" \/>\n\t<meta property=\"og:image:type\" content=\"image\/png\" \/>\n<meta name=\"author\" content=\"Av. Deniz Can K\u0131z\u0131l\" \/>\n<meta name=\"twitter:card\" content=\"summary_large_image\" \/>\n<meta name=\"twitter:label1\" content=\"\u041d\u0430\u043f\u0438\u0441\u0430\u043d\u043e \u0430\u0432\u0442\u043e\u0440\u043e\u043c\" \/>\n\t<meta name=\"twitter:data1\" content=\"Av. Deniz Can K\u0131z\u0131l\" \/>\n\t<meta name=\"twitter:label2\" content=\"\u041f\u0440\u0438\u043c\u0435\u0440\u043d\u043e\u0435 \u0432\u0440\u0435\u043c\u044f \u0434\u043b\u044f \u0447\u0442\u0435\u043d\u0438\u044f\" \/>\n\t<meta name=\"twitter:data2\" content=\"1 \u043c\u0438\u043d\u0443\u0442\u0430\" \/>\n<script type=\"application\/ld+json\" class=\"yoast-schema-graph\">{\"@context\":\"https:\/\/schema.org\",\"@graph\":[{\"@type\":\"Article\",\"@id\":\"https:\/\/denizcankizil.tr\/ru\/haberler\/antalya\/antalyada-halk-otobuslerinde-klima-denetimleri-devam-ediyor\/#article\",\"isPartOf\":{\"@id\":\"https:\/\/denizcankizil.tr\/ru\/haberler\/antalya\/antalyada-halk-otobuslerinde-klima-denetimleri-devam-ediyor\/\"},\"author\":{\"name\":\"Av. Deniz Can K\u0131z\u0131l\",\"@id\":\"https:\/\/denizcankizil.tr\/#\/schema\/person\/5dc1b22991bd7ac833867c10afc9b0ff\"},\"headline\":\"Antalya\u2019da Halk Otob\u00fcslerinde Klima Denetimleri Devam Ediyor\",\"datePublished\":\"2025-07-03T11:41:30+00:00\",\"mainEntityOfPage\":{\"@id\":\"https:\/\/denizcankizil.tr\/ru\/haberler\/antalya\/antalyada-halk-otobuslerinde-klima-denetimleri-devam-ediyor\/\"},\"wordCount\":268,\"publisher\":{\"@id\":\"https:\/\/denizcankizil.tr\/#organization\"},\"image\":{\"@id\":\"https:\/\/denizcankizil.tr\/ru\/haberler\/antalya\/antalyada-halk-otobuslerinde-klima-denetimleri-devam-ediyor\/#primaryimage\"},\"thumbnailUrl\":\"https:\/\/denizcankizil.tr\/wp-content\/uploads\/2025\/07\/web-gorsel-boyut-17-6exwmR.png\",\"articleSection\":[\"Antalya\"],\"inLanguage\":\"ru-RU\"},{\"@type\":\"WebPage\",\"@id\":\"https:\/\/denizcankizil.tr\/ru\/haberler\/antalya\/antalyada-halk-otobuslerinde-klima-denetimleri-devam-ediyor\/\",\"url\":\"https:\/\/denizcankizil.tr\/ru\/haberler\/antalya\/antalyada-halk-otobuslerinde-klima-denetimleri-devam-ediyor\/\",\"name\":\"Antalya\u2019da Halk Otob\u00fcslerinde Klima Denetimleri Devam Ediyor - Av. Deniz Can K\u0131z\u0131l\",\"isPartOf\":{\"@id\":\"https:\/\/denizcankizil.tr\/#website\"},\"primaryImageOfPage\":{\"@id\":\"https:\/\/denizcankizil.tr\/ru\/haberler\/antalya\/antalyada-halk-otobuslerinde-klima-denetimleri-devam-ediyor\/#primaryimage\"},\"image\":{\"@id\":\"https:\/\/denizcankizil.tr\/ru\/haberler\/antalya\/antalyada-halk-otobuslerinde-klima-denetimleri-devam-ediyor\/#primaryimage\"},\"thumbnailUrl\":\"https:\/\/denizcankizil.tr\/wp-content\/uploads\/2025\/07\/web-gorsel-boyut-17-6exwmR.png\",\"datePublished\":\"2025-07-03T11:41:30+00:00\",\"breadcrumb\":{\"@id\":\"https:\/\/denizcankizil.tr\/ru\/haberler\/antalya\/antalyada-halk-otobuslerinde-klima-denetimleri-devam-ediyor\/#breadcrumb\"},\"inLanguage\":\"ru-RU\",\"potentialAction\":[{\"@type\":\"ReadAction\",\"target\":[\"https:\/\/denizcankizil.tr\/ru\/haberler\/antalya\/antalyada-halk-otobuslerinde-klima-denetimleri-devam-ediyor\/\"]}]},{\"@type\":\"ImageObject\",\"inLanguage\":\"ru-RU\",\"@id\":\"https:\/\/denizcankizil.tr\/ru\/haberler\/antalya\/antalyada-halk-otobuslerinde-klima-denetimleri-devam-ediyor\/#primaryimage\",\"url\":\"https:\/\/denizcankizil.tr\/wp-content\/uploads\/2025\/07\/web-gorsel-boyut-17-6exwmR.png\",\"contentUrl\":\"https:\/\/denizcankizil.tr\/wp-content\/uploads\/2025\/07\/web-gorsel-boyut-17-6exwmR.png\",\"width\":1280,\"height\":720},{\"@type\":\"BreadcrumbList\",\"@id\":\"https:\/\/denizcankizil.tr\/ru\/haberler\/antalya\/antalyada-halk-otobuslerinde-klima-denetimleri-devam-ediyor\/#breadcrumb\",\"itemListElement\":[{\"@type\":\"ListItem\",\"position\":1,\"name\":\"Home\",\"item\":\"https:\/\/denizcankizil.tr\/uk\/\"},{\"@type\":\"ListItem\",\"position\":2,\"name\":\"Antalya\u2019da Halk Otob\u00fcslerinde Klima Denetimleri Devam Ediyor\"}]},{\"@type\":\"WebSite\",\"@id\":\"https:\/\/denizcankizil.tr\/#website\",\"url\":\"https:\/\/denizcankizil.tr\/\",\"name\":\"Av. Deniz Can K\u0131z\u0131l\",\"description\":\"Avukat Deniz Can K\u0131z\u0131l Antalya Barosu\",\"publisher\":{\"@id\":\"https:\/\/denizcankizil.tr\/#organization\"},\"potentialAction\":[{\"@type\":\"SearchAction\",\"target\":{\"@type\":\"EntryPoint\",\"urlTemplate\":\"https:\/\/denizcankizil.tr\/?s={search_term_string}\"},\"query-input\":{\"@type\":\"PropertyValueSpecification\",\"valueRequired\":true,\"valueName\":\"search_term_string\"}}],\"inLanguage\":\"ru-RU\"},{\"@type\":\"Organization\",\"@id\":\"https:\/\/denizcankizil.tr\/#organization\",\"name\":\"Av. Deniz Can K\u0131z\u0131l\",\"url\":\"https:\/\/denizcankizil.tr\/\",\"logo\":{\"@type\":\"ImageObject\",\"inLanguage\":\"ru-RU\",\"@id\":\"https:\/\/denizcankizil.tr\/#\/schema\/logo\/image\/\",\"url\":\"https:\/\/denizcankizil.tr\/wp-content\/uploads\/2024\/10\/siyah-logo-svg.svg\",\"contentUrl\":\"https:\/\/denizcankizil.tr\/wp-content\/uploads\/2024\/10\/siyah-logo-svg.svg\",\"width\":1080,\"height\":1080,\"caption\":\"Av. Deniz Can K\u0131z\u0131l\"},\"image\":{\"@id\":\"https:\/\/denizcankizil.tr\/#\/schema\/logo\/image\/\"}},{\"@type\":\"Person\",\"@id\":\"https:\/\/denizcankizil.tr\/#\/schema\/person\/5dc1b22991bd7ac833867c10afc9b0ff\",\"name\":\"Av. Deniz Can K\u0131z\u0131l\",\"image\":{\"@type\":\"ImageObject\",\"inLanguage\":\"ru-RU\",\"@id\":\"https:\/\/denizcankizil.tr\/#\/schema\/person\/image\/\",\"url\":\"https:\/\/secure.gravatar.com\/avatar\/a0b128fb9855c79efc976d5640eedb31dc35ec297594d6016d2cf7c60e975bb6?s=96&d=mm&r=g\",\"contentUrl\":\"https:\/\/secure.gravatar.com\/avatar\/a0b128fb9855c79efc976d5640eedb31dc35ec297594d6016d2cf7c60e975bb6?s=96&d=mm&r=g\",\"caption\":\"Av. Deniz Can K\u0131z\u0131l\"},\"sameAs\":[\"http:\/\/www.denizcankizil.tr\"],\"url\":\"https:\/\/denizcankizil.tr\/ru\/author\/denizcankizil\/\"}]}<\/script>\n<!-- \/ Yoast SEO Premium plugin. -->","yoast_head_json":{"title":"Antalya\u2019da Halk Otob\u00fcslerinde Klima Denetimleri Devam Ediyor - Av. Deniz Can K\u0131z\u0131l","robots":{"index":"index","follow":"follow","max-snippet":"max-snippet:-1","max-image-preview":"max-image-preview:large","max-video-preview":"max-video-preview:-1"},"canonical":"https:\/\/denizcankizil.tr\/ru\/haberler\/antalya\/antalyada-halk-otobuslerinde-klima-denetimleri-devam-ediyor\/","og_locale":"ru_RU","og_type":"article","og_title":"Antalya\u2019da Halk Otob\u00fcslerinde Klima Denetimleri Devam Ediyor","og_description":"Kentin farkl\u0131 noktalar\u0131nda uygulama yapan sivil ve resmi ekipler, otob\u00fcsleri durdurarak klimalar\u0131n \u00e7al\u0131\u015f\u0131p \u00e7al\u0131\u015fmad\u0131\u011f\u0131n\u0131 tek tek kontrol ediyor. Antalya B\u00fcy\u00fck\u015fehir Belediyesi Zab\u0131ta Dairesi Ba\u015fkanl\u0131\u011f\u0131\u2019na ba\u011fl\u0131 ula\u015f\u0131m zab\u0131ta ekipleri ve Toplu Ta\u015f\u0131ma ve Denetleme \u015eube M\u00fcd\u00fcrl\u00fc\u011f\u00fc ekiplerinin birlikte y\u00fcr\u00fctt\u00fckleri denetimlerde, halk otob\u00fcs\u00fc duraklar\u0131nda otob\u00fcslere binilerek klima kontrollerini ger\u00e7ekle\u015ftiriliyor. Ula\u015f\u0131m zab\u0131ta ekipleri, duraklarda otob\u00fcslerde kontrollerini s\u00fcrd\u00fcr\u00fcrken, B\u00fcy\u00fck\u015fehir Belediyesi Ula\u015f\u0131m Planlama ve Rayl\u0131 Sistemi Dairesi Ba\u015fkanl\u0131\u011f\u0131na ba\u011fl\u0131 sivil ekipler de yolcu gibi otob\u00fcslere binerek, g\u00fczergah s\u00fcrecinde otob\u00fcslerde klimalar\u0131n \u00e7al\u0131\u015f\u0131p \u00e7al\u0131\u015fmad\u0131\u011f\u0131n\u0131 denetliyor. Yolcular\u0131n konforlu bir \u015fekilde seyahat etmesini ama\u00e7layan uygulamada, kurallara uymayan otob\u00fcs \u015fof\u00f6rleri ve ara\u00e7 sahiplerine ise cezai i\u015flem uygulan\u0131yor. \u015eof\u00f6rlere uyar\u0131 ve ceza Klimas\u0131 \u00e7al\u0131\u015fmayan veya a\u00e7\u0131k olmayan otob\u00fcsler i\u00e7in ilk etapta \u015fof\u00f6re uyar\u0131 ve ceza verilirken, ihlalin tekrar\u0131 halinde ara\u00e7 sahibine, \u00fc\u00e7\u00fcnc\u00fc tekrar\u0131nda ise ara\u00e7 10 g\u00fcn s\u00fcreyle trafikten men ediliyor. Ayr\u0131ca, ar\u0131zal\u0131 klimalar i\u00e7in de tutanak tutulup i\u015flem ba\u015flat\u0131l\u0131yor. Ula\u015f\u0131m zab\u0131ta ekipleri Kabahatler Kanunu&#8217;nun 32. maddesi gere\u011fi, Toplu Ta\u015f\u0131ma ve Denetleme \u015eube M\u00fcd\u00fcrl\u00fc\u011f\u00fc ekipleri ise 25. madde kapsam\u0131nda ceza uyguluyor. Otob\u00fcslerin klima onar\u0131mlar\u0131 ise ara\u00e7lar\u0131n depolama birimlerinden takip edilerek denetleniyor. Kaynak: www.kanalv.com.tr Haber Sitesinden Al\u0131nm\u0131\u015ft\u0131r.","og_url":"https:\/\/denizcankizil.tr\/ru\/haberler\/antalya\/antalyada-halk-otobuslerinde-klima-denetimleri-devam-ediyor\/","og_site_name":"Av. Deniz Can K\u0131z\u0131l","article_published_time":"2025-07-03T11:41:30+00:00","og_image":[{"width":1024,"height":576,"url":"https:\/\/denizcankizil.tr\/wp-content\/uploads\/2025\/07\/web-gorsel-boyut-17-6exwmR-1024x576.png","type":"image\/png"}],"author":"Av. Deniz Can K\u0131z\u0131l","twitter_card":"summary_large_image","twitter_misc":{"\u041d\u0430\u043f\u0438\u0441\u0430\u043d\u043e \u0430\u0432\u0442\u043e\u0440\u043e\u043c":"Av. Deniz Can K\u0131z\u0131l","\u041f\u0440\u0438\u043c\u0435\u0440\u043d\u043e\u0435 \u0432\u0440\u0435\u043c\u044f \u0434\u043b\u044f \u0447\u0442\u0435\u043d\u0438\u044f":"1 \u043c\u0438\u043d\u0443\u0442\u0430"},"schema":{"@context":"https:\/\/schema.org","@graph":[{"@type":"Article","@id":"https:\/\/denizcankizil.tr\/ru\/haberler\/antalya\/antalyada-halk-otobuslerinde-klima-denetimleri-devam-ediyor\/#article","isPartOf":{"@id":"https:\/\/denizcankizil.tr\/ru\/haberler\/antalya\/antalyada-halk-otobuslerinde-klima-denetimleri-devam-ediyor\/"},"author":{"name":"Av. Deniz Can K\u0131z\u0131l","@id":"https:\/\/denizcankizil.tr\/#\/schema\/person\/5dc1b22991bd7ac833867c10afc9b0ff"},"headline":"Antalya\u2019da Halk Otob\u00fcslerinde Klima Denetimleri Devam Ediyor","datePublished":"2025-07-03T11:41:30+00:00","mainEntityOfPage":{"@id":"https:\/\/denizcankizil.tr\/ru\/haberler\/antalya\/antalyada-halk-otobuslerinde-klima-denetimleri-devam-ediyor\/"},"wordCount":268,"publisher":{"@id":"https:\/\/denizcankizil.tr\/#organization"},"image":{"@id":"https:\/\/denizcankizil.tr\/ru\/haberler\/antalya\/antalyada-halk-otobuslerinde-klima-denetimleri-devam-ediyor\/#primaryimage"},"thumbnailUrl":"https:\/\/denizcankizil.tr\/wp-content\/uploads\/2025\/07\/web-gorsel-boyut-17-6exwmR.png","articleSection":["Antalya"],"inLanguage":"ru-RU"},{"@type":"WebPage","@id":"https:\/\/denizcankizil.tr\/ru\/haberler\/antalya\/antalyada-halk-otobuslerinde-klima-denetimleri-devam-ediyor\/","url":"https:\/\/denizcankizil.tr\/ru\/haberler\/antalya\/antalyada-halk-otobuslerinde-klima-denetimleri-devam-ediyor\/","name":"Antalya\u2019da Halk Otob\u00fcslerinde Klima Denetimleri Devam Ediyor - Av. Deniz Can K\u0131z\u0131l","isPartOf":{"@id":"https:\/\/denizcankizil.tr\/#website"},"primaryImageOfPage":{"@id":"https:\/\/denizcankizil.tr\/ru\/haberler\/antalya\/antalyada-halk-otobuslerinde-klima-denetimleri-devam-ediyor\/#primaryimage"},"image":{"@id":"https:\/\/denizcankizil.tr\/ru\/haberler\/antalya\/antalyada-halk-otobuslerinde-klima-denetimleri-devam-ediyor\/#primaryimage"},"thumbnailUrl":"https:\/\/denizcankizil.tr\/wp-content\/uploads\/2025\/07\/web-gorsel-boyut-17-6exwmR.png","datePublished":"2025-07-03T11:41:30+00:00","breadcrumb":{"@id":"https:\/\/denizcankizil.tr\/ru\/haberler\/antalya\/antalyada-halk-otobuslerinde-klima-denetimleri-devam-ediyor\/#breadcrumb"},"inLanguage":"ru-RU","potentialAction":[{"@type":"ReadAction","target":["https:\/\/denizcankizil.tr\/ru\/haberler\/antalya\/antalyada-halk-otobuslerinde-klima-denetimleri-devam-ediyor\/"]}]},{"@type":"ImageObject","inLanguage":"ru-RU","@id":"https:\/\/denizcankizil.tr\/ru\/haberler\/antalya\/antalyada-halk-otobuslerinde-klima-denetimleri-devam-ediyor\/#primaryimage","url":"https:\/\/denizcankizil.tr\/wp-content\/uploads\/2025\/07\/web-gorsel-boyut-17-6exwmR.png","contentUrl":"https:\/\/denizcankizil.tr\/wp-content\/uploads\/2025\/07\/web-gorsel-boyut-17-6exwmR.png","width":1280,"height":720},{"@type":"BreadcrumbList","@id":"https:\/\/denizcankizil.tr\/ru\/haberler\/antalya\/antalyada-halk-otobuslerinde-klima-denetimleri-devam-ediyor\/#breadcrumb","itemListElement":[{"@type":"ListItem","position":1,"name":"Home","item":"https:\/\/denizcankizil.tr\/uk\/"},{"@type":"ListItem","position":2,"name":"Antalya\u2019da Halk Otob\u00fcslerinde Klima Denetimleri Devam Ediyor"}]},{"@type":"WebSite","@id":"https:\/\/denizcankizil.tr\/#website","url":"https:\/\/denizcankizil.tr\/","name":"Av. Deniz Can K\u0131z\u0131l","description":"Avukat Deniz Can K\u0131z\u0131l Antalya Barosu","publisher":{"@id":"https:\/\/denizcankizil.tr\/#organization"},"potentialAction":[{"@type":"SearchAction","target":{"@type":"EntryPoint","urlTemplate":"https:\/\/denizcankizil.tr\/?s={search_term_string}"},"query-input":{"@type":"PropertyValueSpecification","valueRequired":true,"valueName":"search_term_string"}}],"inLanguage":"ru-RU"},{"@type":"Organization","@id":"https:\/\/denizcankizil.tr\/#organization","name":"Av. Deniz Can K\u0131z\u0131l","url":"https:\/\/denizcankizil.tr\/","logo":{"@type":"ImageObject","inLanguage":"ru-RU","@id":"https:\/\/denizcankizil.tr\/#\/schema\/logo\/image\/","url":"https:\/\/denizcankizil.tr\/wp-content\/uploads\/2024\/10\/siyah-logo-svg.svg","contentUrl":"https:\/\/denizcankizil.tr\/wp-content\/uploads\/2024\/10\/siyah-logo-svg.svg","width":1080,"height":1080,"caption":"Av. Deniz Can K\u0131z\u0131l"},"image":{"@id":"https:\/\/denizcankizil.tr\/#\/schema\/logo\/image\/"}},{"@type":"Person","@id":"https:\/\/denizcankizil.tr\/#\/schema\/person\/5dc1b22991bd7ac833867c10afc9b0ff","name":"Av. Deniz Can K\u0131z\u0131l","image":{"@type":"ImageObject","inLanguage":"ru-RU","@id":"https:\/\/denizcankizil.tr\/#\/schema\/person\/image\/","url":"https:\/\/secure.gravatar.com\/avatar\/a0b128fb9855c79efc976d5640eedb31dc35ec297594d6016d2cf7c60e975bb6?s=96&d=mm&r=g","contentUrl":"https:\/\/secure.gravatar.com\/avatar\/a0b128fb9855c79efc976d5640eedb31dc35ec297594d6016d2cf7c60e975bb6?s=96&d=mm&r=g","caption":"Av. Deniz Can K\u0131z\u0131l"},"sameAs":["http:\/\/www.denizcankizil.tr"],"url":"https:\/\/denizcankizil.tr\/ru\/author\/denizcankizil\/"}]}},"_links":{"self":[{"href":"https:\/\/denizcankizil.tr\/ru\/wp-json\/wp\/v2\/posts\/134638","targetHints":{"allow":["GET"]}}],"collection":[{"href":"https:\/\/denizcankizil.tr\/ru\/wp-json\/wp\/v2\/posts"}],"about":[{"href":"https:\/\/denizcankizil.tr\/ru\/wp-json\/wp\/v2\/types\/post"}],"author":[{"embeddable":true,"href":"https:\/\/denizcankizil.tr\/ru\/wp-json\/wp\/v2\/users\/4"}],"replies":[{"embeddable":true,"href":"https:\/\/denizcankizil.tr\/ru\/wp-json\/wp\/v2\/comments?post=134638"}],"version-history":[{"count":0,"href":"https:\/\/denizcankizil.tr\/ru\/wp-json\/wp\/v2\/posts\/134638\/revisions"}],"wp:featuredmedia":[{"embeddable":true,"href":"https:\/\/denizcankizil.tr\/ru\/wp-json\/wp\/v2\/media\/134639"}],"wp:attachment":[{"href":"https:\/\/denizcankizil.tr\/ru\/wp-json\/wp\/v2\/media?parent=134638"}],"wp:term":[{"taxonomy":"category","embeddable":true,"href":"https:\/\/denizcankizil.tr\/ru\/wp-json\/wp\/v2\/categories?post=134638"},{"taxonomy":"post_tag","embeddable":true,"href":"https:\/\/denizcankizil.tr\/ru\/wp-json\/wp\/v2\/tags?post=134638"}],"curies":[{"name":"wp","href":"https:\/\/api.w.org\/{rel}","templated":true}]}}