{"id":134503,"date":"2025-07-03T10:43:05","date_gmt":"2025-07-03T07:43:05","guid":{"rendered":"https:\/\/denizcankizil.tr\/uncategorized-tr\/mersin-buyuksehirden-yerel-tarima-destek\/"},"modified":"2025-07-03T10:43:05","modified_gmt":"2025-07-03T07:43:05","slug":"mersin-buyuksehirden-yerel-tarima-destek","status":"publish","type":"post","link":"https:\/\/denizcankizil.tr\/ru\/haberler\/gundem\/mersin-buyuksehirden-yerel-tarima-destek\/","title":{"rendered":"Mersin B\u00fcy\u00fck\u015fehir\u2019den yerel tar\u0131ma destek"},"content":{"rendered":"<p>Mersin B\u00fcy\u00fck\u015fehir Belediyesi, tar\u0131msal miras\u0131 gelece\u011fe ta\u015f\u0131mak amac\u0131yla \u201cAtal\u0131k Tohumlar\u0131n Yerinde Korunmas\u0131 ve Pazarlanmas\u0131\u201d projesi kapsam\u0131nda \u00f6nemli bir ad\u0131m att\u0131.MERS\u0130N (\u0130GFA) &#8211; Tar\u0131msal Hizmetler Dairesi Ba\u015fkanl\u0131\u011f\u0131 taraf\u0131ndan y\u00fcr\u00fct\u00fclen \u2018Atal\u0131k Tohumlar\u0131n Yerinde Korunmas\u0131 ve Pazarlanmas\u0131\u2019 projesi kapsam\u0131nda, G\u00fclnar \u0130l\u00e7esi \u015eeyh\u00f6mer Mahallesi\u2019nde \u00fcretimi yap\u0131lan, b\u00f6lgeye \u00f6zg\u00fc ve yok olma riski ta\u015f\u0131yan Leklek fasulyesinin \u00fcretimi destekleniyor.<br \/>\nProje kapsam\u0131nda, mahallede \u00fcretim yapan 15 \u00e7ift\u00e7iye tohum deste\u011fi sa\u011fland\u0131. Her bir \u00fcreticiye 1 dekar alan i\u00e7in 10 kilogram olmak \u00fczere, toplam 150 kilogram yerel tohum da\u011f\u0131t\u0131m\u0131 ger\u00e7ekle\u015ftirildi.<br \/>\nB\u00fcy\u00fck\u015fehir b\u00f6ylece yerel \u00e7e\u015fitlerin korunmas\u0131, \u00fcretim miktar\u0131n\u0131n art\u0131r\u0131lmas\u0131 ve bu \u00f6zel tohumlar\u0131n gelecek nesillere aktar\u0131lmas\u0131n\u0131 hedefliyor. Ayn\u0131 zamanda k\u00fclt\u00fcrel miras\u0131 koruma amac\u0131yla hayata ge\u00e7irilen proje kapsam\u0131nda, ilk Leklek fasulyesi tohumunun da\u011f\u0131t\u0131m\u0131 da ger\u00e7ekle\u015ftirildi. Proje \u00e7er\u00e7evesinde destek alan \u00fcreticilerden Resul Kurar\u2019\u0131n tarlas\u0131nda ger\u00e7ekle\u015ftirilen ekimle sezona ilk ad\u0131m at\u0131ld\u0131.<\/p>\n<p>\u200bMersin B\u00fcy\u00fck\u015fehir Belediyesi, tar\u0131msal miras\u0131 gelece\u011fe ta\u015f\u0131mak amac\u0131yla \u201cAtal\u0131k Tohumlar\u0131n Yerinde Korunmas\u0131 ve Pazarlanmas\u0131\u201d projesi kapsam\u0131nda \u00f6nemli bir ad\u0131m att\u0131.MERS\u0130N (\u0130GFA) &#8211; Tar\u0131msal Hizmetler Dairesi Ba\u015fkanl\u0131\u011f\u0131 taraf\u0131ndan y\u00fcr\u00fct\u00fclen \u2018Atal\u0131k Tohumlar\u0131n Yerinde Korunmas\u0131 ve Pazarlanmas\u0131\u2019 projesi kapsam\u0131nda, G\u00fclnar \u0130l\u00e7esi \u015eeyh\u00f6mer Mahallesi\u2019nde \u00fcretimi yap\u0131lan, b\u00f6lgeye \u00f6zg\u00fc ve yok olma riski ta\u015f\u0131yan Leklek fasulyesinin \u00fcretimi destekleniyor.<br \/>\nProje kapsam\u0131nda, mahallede \u00fcretim yapan 15 \u00e7ift\u00e7iye tohum deste\u011fi sa\u011fland\u0131. Her bir \u00fcreticiye 1 dekar alan i\u00e7in 10 kilogram olmak \u00fczere, toplam 150 kilogram yerel tohum da\u011f\u0131t\u0131m\u0131 ger\u00e7ekle\u015ftirildi.<br \/>\nB\u00fcy\u00fck\u015fehir b\u00f6ylece yerel \u00e7e\u015fitlerin korunmas\u0131, \u00fcretim miktar\u0131n\u0131n art\u0131r\u0131lmas\u0131 ve bu \u00f6zel tohumlar\u0131n gelecek nesillere aktar\u0131lmas\u0131n\u0131 hedefliyor. Ayn\u0131 zamanda k\u00fclt\u00fcrel miras\u0131 koruma amac\u0131yla hayata ge\u00e7irilen proje kapsam\u0131nda, ilk Leklek fasulyesi tohumunun da\u011f\u0131t\u0131m\u0131 da ger\u00e7ekle\u015ftirildi. Proje \u00e7er\u00e7evesinde destek alan \u00fcreticilerden Resul Kurar\u2019\u0131n tarlas\u0131nda ger\u00e7ekle\u015ftirilen ekimle sezona ilk ad\u0131m at\u0131ld\u0131.\u00a0<\/p>\n<p>\u200bHaberin Al\u0131nt\u0131land\u0131\u011f\u0131 Kaynak: www.iskenderun.org<\/p>","protected":false},"excerpt":{"rendered":"<p>Mersin B\u00fcy\u00fck\u015fehir Belediyesi, tar\u0131msal miras\u0131 gelece\u011fe ta\u015f\u0131mak amac\u0131yla \u201cAtal\u0131k Tohumlar\u0131n Yerinde Korunmas\u0131 ve Pazarlanmas\u0131\u201d projesi kapsam\u0131nda \u00f6nemli bir ad\u0131m att\u0131.MERS\u0130N (\u0130GFA) &#8211; Tar\u0131msal Hizmetler Dairesi Ba\u015fkanl\u0131\u011f\u0131 taraf\u0131ndan y\u00fcr\u00fct\u00fclen \u2018Atal\u0131k Tohumlar\u0131n Yerinde Korunmas\u0131 ve Pazarlanmas\u0131\u2019 projesi kapsam\u0131nda, G\u00fclnar \u0130l\u00e7esi \u015eeyh\u00f6mer Mahallesi\u2019nde \u00fcretimi yap\u0131lan, b\u00f6lgeye \u00f6zg\u00fc ve yok olma riski ta\u015f\u0131yan Leklek fasulyesinin \u00fcretimi destekleniyor. Proje kapsam\u0131nda, mahallede \u00fcretim yapan 15 \u00e7ift\u00e7iye tohum deste\u011fi sa\u011fland\u0131. Her bir \u00fcreticiye 1 dekar alan i\u00e7in 10 kilogram olmak \u00fczere, toplam 150 kilogram yerel tohum da\u011f\u0131t\u0131m\u0131 ger\u00e7ekle\u015ftirildi. B\u00fcy\u00fck\u015fehir b\u00f6ylece yerel \u00e7e\u015fitlerin korunmas\u0131, \u00fcretim miktar\u0131n\u0131n art\u0131r\u0131lmas\u0131 ve bu \u00f6zel tohumlar\u0131n gelecek nesillere aktar\u0131lmas\u0131n\u0131 hedefliyor. Ayn\u0131 zamanda k\u00fclt\u00fcrel miras\u0131 koruma amac\u0131yla hayata ge\u00e7irilen proje kapsam\u0131nda, ilk Leklek fasulyesi tohumunun da\u011f\u0131t\u0131m\u0131 da ger\u00e7ekle\u015ftirildi. Proje \u00e7er\u00e7evesinde destek alan \u00fcreticilerden Resul Kurar\u2019\u0131n tarlas\u0131nda ger\u00e7ekle\u015ftirilen ekimle sezona ilk ad\u0131m at\u0131ld\u0131. \u200bMersin B\u00fcy\u00fck\u015fehir Belediyesi, tar\u0131msal miras\u0131 gelece\u011fe ta\u015f\u0131mak amac\u0131yla \u201cAtal\u0131k Tohumlar\u0131n Yerinde Korunmas\u0131 ve Pazarlanmas\u0131\u201d projesi kapsam\u0131nda \u00f6nemli bir ad\u0131m att\u0131.MERS\u0130N (\u0130GFA) &#8211; Tar\u0131msal Hizmetler Dairesi Ba\u015fkanl\u0131\u011f\u0131 taraf\u0131ndan y\u00fcr\u00fct\u00fclen \u2018Atal\u0131k Tohumlar\u0131n Yerinde Korunmas\u0131 ve Pazarlanmas\u0131\u2019 projesi kapsam\u0131nda, G\u00fclnar \u0130l\u00e7esi \u015eeyh\u00f6mer Mahallesi\u2019nde \u00fcretimi yap\u0131lan, b\u00f6lgeye \u00f6zg\u00fc ve yok olma riski ta\u015f\u0131yan Leklek fasulyesinin \u00fcretimi destekleniyor. Proje kapsam\u0131nda, mahallede \u00fcretim yapan 15 \u00e7ift\u00e7iye tohum deste\u011fi sa\u011fland\u0131. Her bir \u00fcreticiye 1 dekar alan i\u00e7in 10 kilogram &hellip;<\/p>","protected":false},"author":1,"featured_media":0,"comment_status":"","ping_status":"open","sticky":false,"template":"","format":"standard","meta":{"_acf_changed":false,"footnotes":""},"categories":[24],"tags":[],"class_list":["post-134503","post","type-post","status-publish","format-standard","has-post-thumbnail","hentry","category-gundem"],"acf":[],"yoast_head":"<!-- This site is optimized with the Yoast SEO Premium plugin v26.6 (Yoast SEO v27.1.1) - https:\/\/yoast.com\/product\/yoast-seo-premium-wordpress\/ -->\n<title>Mersin B\u00fcy\u00fck\u015fehir\u2019den yerel tar\u0131ma destek - Av. Deniz Can K\u0131z\u0131l<\/title>\n<meta name=\"robots\" content=\"index, follow, max-snippet:-1, max-image-preview:large, max-video-preview:-1\" \/>\n<link rel=\"canonical\" href=\"https:\/\/denizcankizil.tr\/ru\/haberler\/gundem\/mersin-buyuksehirden-yerel-tarima-destek\/\" \/>\n<meta property=\"og:locale\" content=\"ru_RU\" \/>\n<meta property=\"og:type\" content=\"article\" \/>\n<meta property=\"og:title\" content=\"Mersin B\u00fcy\u00fck\u015fehir\u2019den yerel tar\u0131ma destek\" \/>\n<meta property=\"og:description\" content=\"Mersin B\u00fcy\u00fck\u015fehir Belediyesi, tar\u0131msal miras\u0131 gelece\u011fe ta\u015f\u0131mak amac\u0131yla \u201cAtal\u0131k Tohumlar\u0131n Yerinde Korunmas\u0131 ve Pazarlanmas\u0131\u201d projesi kapsam\u0131nda \u00f6nemli bir ad\u0131m att\u0131.MERS\u0130N (\u0130GFA) &#8211; Tar\u0131msal Hizmetler Dairesi Ba\u015fkanl\u0131\u011f\u0131 taraf\u0131ndan y\u00fcr\u00fct\u00fclen \u2018Atal\u0131k Tohumlar\u0131n Yerinde Korunmas\u0131 ve Pazarlanmas\u0131\u2019 projesi kapsam\u0131nda, G\u00fclnar \u0130l\u00e7esi \u015eeyh\u00f6mer Mahallesi\u2019nde \u00fcretimi yap\u0131lan, b\u00f6lgeye \u00f6zg\u00fc ve yok olma riski ta\u015f\u0131yan Leklek fasulyesinin \u00fcretimi destekleniyor. Proje kapsam\u0131nda, mahallede \u00fcretim yapan 15 \u00e7ift\u00e7iye tohum deste\u011fi sa\u011fland\u0131. Her bir \u00fcreticiye 1 dekar alan i\u00e7in 10 kilogram olmak \u00fczere, toplam 150 kilogram yerel tohum da\u011f\u0131t\u0131m\u0131 ger\u00e7ekle\u015ftirildi. B\u00fcy\u00fck\u015fehir b\u00f6ylece yerel \u00e7e\u015fitlerin korunmas\u0131, \u00fcretim miktar\u0131n\u0131n art\u0131r\u0131lmas\u0131 ve bu \u00f6zel tohumlar\u0131n gelecek nesillere aktar\u0131lmas\u0131n\u0131 hedefliyor. Ayn\u0131 zamanda k\u00fclt\u00fcrel miras\u0131 koruma amac\u0131yla hayata ge\u00e7irilen proje kapsam\u0131nda, ilk Leklek fasulyesi tohumunun da\u011f\u0131t\u0131m\u0131 da ger\u00e7ekle\u015ftirildi. Proje \u00e7er\u00e7evesinde destek alan \u00fcreticilerden Resul Kurar\u2019\u0131n tarlas\u0131nda ger\u00e7ekle\u015ftirilen ekimle sezona ilk ad\u0131m at\u0131ld\u0131. \u200bMersin B\u00fcy\u00fck\u015fehir Belediyesi, tar\u0131msal miras\u0131 gelece\u011fe ta\u015f\u0131mak amac\u0131yla \u201cAtal\u0131k Tohumlar\u0131n Yerinde Korunmas\u0131 ve Pazarlanmas\u0131\u201d projesi kapsam\u0131nda \u00f6nemli bir ad\u0131m att\u0131.MERS\u0130N (\u0130GFA) &#8211; Tar\u0131msal Hizmetler Dairesi Ba\u015fkanl\u0131\u011f\u0131 taraf\u0131ndan y\u00fcr\u00fct\u00fclen \u2018Atal\u0131k Tohumlar\u0131n Yerinde Korunmas\u0131 ve Pazarlanmas\u0131\u2019 projesi kapsam\u0131nda, G\u00fclnar \u0130l\u00e7esi \u015eeyh\u00f6mer Mahallesi\u2019nde \u00fcretimi yap\u0131lan, b\u00f6lgeye \u00f6zg\u00fc ve yok olma riski ta\u015f\u0131yan Leklek fasulyesinin \u00fcretimi destekleniyor. Proje kapsam\u0131nda, mahallede \u00fcretim yapan 15 \u00e7ift\u00e7iye tohum deste\u011fi sa\u011fland\u0131. Her bir \u00fcreticiye 1 dekar alan i\u00e7in 10 kilogram &hellip;\" \/>\n<meta property=\"og:url\" content=\"https:\/\/denizcankizil.tr\/ru\/haberler\/gundem\/mersin-buyuksehirden-yerel-tarima-destek\/\" \/>\n<meta property=\"og:site_name\" content=\"Av. Deniz Can K\u0131z\u0131l\" \/>\n<meta property=\"article:published_time\" content=\"2025-07-03T07:43:05+00:00\" \/>\n<meta name=\"author\" content=\"admin\" \/>\n<meta name=\"twitter:card\" content=\"summary_large_image\" \/>\n<meta name=\"twitter:label1\" content=\"\u041d\u0430\u043f\u0438\u0441\u0430\u043d\u043e \u0430\u0432\u0442\u043e\u0440\u043e\u043c\" \/>\n\t<meta name=\"twitter:data1\" content=\"admin\" \/>\n\t<meta name=\"twitter:label2\" content=\"\u041f\u0440\u0438\u043c\u0435\u0440\u043d\u043e\u0435 \u0432\u0440\u0435\u043c\u044f \u0434\u043b\u044f \u0447\u0442\u0435\u043d\u0438\u044f\" \/>\n\t<meta name=\"twitter:data2\" content=\"2 \u043c\u0438\u043d\u0443\u0442\u044b\" \/>\n<script type=\"application\/ld+json\" class=\"yoast-schema-graph\">{\"@context\":\"https:\/\/schema.org\",\"@graph\":[{\"@type\":\"Article\",\"@id\":\"https:\/\/denizcankizil.tr\/ru\/haberler\/gundem\/mersin-buyuksehirden-yerel-tarima-destek\/#article\",\"isPartOf\":{\"@id\":\"https:\/\/denizcankizil.tr\/ru\/haberler\/gundem\/mersin-buyuksehirden-yerel-tarima-destek\/\"},\"author\":{\"name\":\"admin\",\"@id\":\"https:\/\/denizcankizil.tr\/de\/#\/schema\/person\/be3c05fe6a12686905512445d8185489\"},\"headline\":\"Mersin B\u00fcy\u00fck\u015fehir\u2019den yerel tar\u0131ma destek\",\"datePublished\":\"2025-07-03T07:43:05+00:00\",\"mainEntityOfPage\":{\"@id\":\"https:\/\/denizcankizil.tr\/ru\/haberler\/gundem\/mersin-buyuksehirden-yerel-tarima-destek\/\"},\"wordCount\":398,\"publisher\":{\"@id\":\"https:\/\/denizcankizil.tr\/de\/#organization\"},\"articleSection\":[\"G\u00fcndem\"],\"inLanguage\":\"ru-RU\"},{\"@type\":\"WebPage\",\"@id\":\"https:\/\/denizcankizil.tr\/ru\/haberler\/gundem\/mersin-buyuksehirden-yerel-tarima-destek\/\",\"url\":\"https:\/\/denizcankizil.tr\/ru\/haberler\/gundem\/mersin-buyuksehirden-yerel-tarima-destek\/\",\"name\":\"Mersin B\u00fcy\u00fck\u015fehir\u2019den yerel tar\u0131ma destek - Av. Deniz Can K\u0131z\u0131l\",\"isPartOf\":{\"@id\":\"https:\/\/denizcankizil.tr\/de\/#website\"},\"datePublished\":\"2025-07-03T07:43:05+00:00\",\"breadcrumb\":{\"@id\":\"https:\/\/denizcankizil.tr\/ru\/haberler\/gundem\/mersin-buyuksehirden-yerel-tarima-destek\/#breadcrumb\"},\"inLanguage\":\"ru-RU\",\"potentialAction\":[{\"@type\":\"ReadAction\",\"target\":[\"https:\/\/denizcankizil.tr\/ru\/haberler\/gundem\/mersin-buyuksehirden-yerel-tarima-destek\/\"]}]},{\"@type\":\"BreadcrumbList\",\"@id\":\"https:\/\/denizcankizil.tr\/ru\/haberler\/gundem\/mersin-buyuksehirden-yerel-tarima-destek\/#breadcrumb\",\"itemListElement\":[{\"@type\":\"ListItem\",\"position\":1,\"name\":\"Home\",\"item\":\"https:\/\/denizcankizil.tr\/de\/\"},{\"@type\":\"ListItem\",\"position\":2,\"name\":\"Mersin B\u00fcy\u00fck\u015fehir\u2019den yerel tar\u0131ma destek\"}]},{\"@type\":\"WebSite\",\"@id\":\"https:\/\/denizcankizil.tr\/de\/#website\",\"url\":\"https:\/\/denizcankizil.tr\/de\/\",\"name\":\"Av. Deniz Can K\u0131z\u0131l\",\"description\":\"Avukat Deniz Can K\u0131z\u0131l Antalya Barosu\",\"publisher\":{\"@id\":\"https:\/\/denizcankizil.tr\/de\/#organization\"},\"potentialAction\":[{\"@type\":\"SearchAction\",\"target\":{\"@type\":\"EntryPoint\",\"urlTemplate\":\"https:\/\/denizcankizil.tr\/de\/?s={search_term_string}\"},\"query-input\":{\"@type\":\"PropertyValueSpecification\",\"valueRequired\":true,\"valueName\":\"search_term_string\"}}],\"inLanguage\":\"ru-RU\"},{\"@type\":\"Organization\",\"@id\":\"https:\/\/denizcankizil.tr\/de\/#organization\",\"name\":\"Av. Deniz Can K\u0131z\u0131l\",\"url\":\"https:\/\/denizcankizil.tr\/de\/\",\"logo\":{\"@type\":\"ImageObject\",\"inLanguage\":\"ru-RU\",\"@id\":\"https:\/\/denizcankizil.tr\/de\/#\/schema\/logo\/image\/\",\"url\":\"https:\/\/denizcankizil.tr\/wp-content\/uploads\/2024\/10\/siyah-logo-svg.svg\",\"contentUrl\":\"https:\/\/denizcankizil.tr\/wp-content\/uploads\/2024\/10\/siyah-logo-svg.svg\",\"width\":1080,\"height\":1080,\"caption\":\"Av. Deniz Can K\u0131z\u0131l\"},\"image\":{\"@id\":\"https:\/\/denizcankizil.tr\/de\/#\/schema\/logo\/image\/\"}},{\"@type\":\"Person\",\"@id\":\"https:\/\/denizcankizil.tr\/de\/#\/schema\/person\/be3c05fe6a12686905512445d8185489\",\"name\":\"admin\",\"image\":{\"@type\":\"ImageObject\",\"inLanguage\":\"ru-RU\",\"@id\":\"https:\/\/denizcankizil.tr\/de\/#\/schema\/person\/image\/\",\"url\":\"https:\/\/secure.gravatar.com\/avatar\/c1fce94c830dc79107e174f890d7210541c4a63e8e5d816341794a2151c9d58c?s=96&d=mm&r=g\",\"contentUrl\":\"https:\/\/secure.gravatar.com\/avatar\/c1fce94c830dc79107e174f890d7210541c4a63e8e5d816341794a2151c9d58c?s=96&d=mm&r=g\",\"caption\":\"admin\"},\"sameAs\":[\"http:\/\/denizcankizil.tr\"],\"url\":\"https:\/\/www.iskenderun.org\/mersin-buyuksehirden-yerel-tarima-destek\"}]}<\/script>\n<!-- \/ Yoast SEO Premium plugin. -->","yoast_head_json":{"title":"Mersin B\u00fcy\u00fck\u015fehir\u2019den yerel tar\u0131ma destek - Av. Deniz Can K\u0131z\u0131l","robots":{"index":"index","follow":"follow","max-snippet":"max-snippet:-1","max-image-preview":"max-image-preview:large","max-video-preview":"max-video-preview:-1"},"canonical":"https:\/\/denizcankizil.tr\/ru\/haberler\/gundem\/mersin-buyuksehirden-yerel-tarima-destek\/","og_locale":"ru_RU","og_type":"article","og_title":"Mersin B\u00fcy\u00fck\u015fehir\u2019den yerel tar\u0131ma destek","og_description":"Mersin B\u00fcy\u00fck\u015fehir Belediyesi, tar\u0131msal miras\u0131 gelece\u011fe ta\u015f\u0131mak amac\u0131yla \u201cAtal\u0131k Tohumlar\u0131n Yerinde Korunmas\u0131 ve Pazarlanmas\u0131\u201d projesi kapsam\u0131nda \u00f6nemli bir ad\u0131m att\u0131.MERS\u0130N (\u0130GFA) &#8211; Tar\u0131msal Hizmetler Dairesi Ba\u015fkanl\u0131\u011f\u0131 taraf\u0131ndan y\u00fcr\u00fct\u00fclen \u2018Atal\u0131k Tohumlar\u0131n Yerinde Korunmas\u0131 ve Pazarlanmas\u0131\u2019 projesi kapsam\u0131nda, G\u00fclnar \u0130l\u00e7esi \u015eeyh\u00f6mer Mahallesi\u2019nde \u00fcretimi yap\u0131lan, b\u00f6lgeye \u00f6zg\u00fc ve yok olma riski ta\u015f\u0131yan Leklek fasulyesinin \u00fcretimi destekleniyor. Proje kapsam\u0131nda, mahallede \u00fcretim yapan 15 \u00e7ift\u00e7iye tohum deste\u011fi sa\u011fland\u0131. Her bir \u00fcreticiye 1 dekar alan i\u00e7in 10 kilogram olmak \u00fczere, toplam 150 kilogram yerel tohum da\u011f\u0131t\u0131m\u0131 ger\u00e7ekle\u015ftirildi. B\u00fcy\u00fck\u015fehir b\u00f6ylece yerel \u00e7e\u015fitlerin korunmas\u0131, \u00fcretim miktar\u0131n\u0131n art\u0131r\u0131lmas\u0131 ve bu \u00f6zel tohumlar\u0131n gelecek nesillere aktar\u0131lmas\u0131n\u0131 hedefliyor. Ayn\u0131 zamanda k\u00fclt\u00fcrel miras\u0131 koruma amac\u0131yla hayata ge\u00e7irilen proje kapsam\u0131nda, ilk Leklek fasulyesi tohumunun da\u011f\u0131t\u0131m\u0131 da ger\u00e7ekle\u015ftirildi. Proje \u00e7er\u00e7evesinde destek alan \u00fcreticilerden Resul Kurar\u2019\u0131n tarlas\u0131nda ger\u00e7ekle\u015ftirilen ekimle sezona ilk ad\u0131m at\u0131ld\u0131. \u200bMersin B\u00fcy\u00fck\u015fehir Belediyesi, tar\u0131msal miras\u0131 gelece\u011fe ta\u015f\u0131mak amac\u0131yla \u201cAtal\u0131k Tohumlar\u0131n Yerinde Korunmas\u0131 ve Pazarlanmas\u0131\u201d projesi kapsam\u0131nda \u00f6nemli bir ad\u0131m att\u0131.MERS\u0130N (\u0130GFA) &#8211; Tar\u0131msal Hizmetler Dairesi Ba\u015fkanl\u0131\u011f\u0131 taraf\u0131ndan y\u00fcr\u00fct\u00fclen \u2018Atal\u0131k Tohumlar\u0131n Yerinde Korunmas\u0131 ve Pazarlanmas\u0131\u2019 projesi kapsam\u0131nda, G\u00fclnar \u0130l\u00e7esi \u015eeyh\u00f6mer Mahallesi\u2019nde \u00fcretimi yap\u0131lan, b\u00f6lgeye \u00f6zg\u00fc ve yok olma riski ta\u015f\u0131yan Leklek fasulyesinin \u00fcretimi destekleniyor. Proje kapsam\u0131nda, mahallede \u00fcretim yapan 15 \u00e7ift\u00e7iye tohum deste\u011fi sa\u011fland\u0131. Her bir \u00fcreticiye 1 dekar alan i\u00e7in 10 kilogram &hellip;","og_url":"https:\/\/denizcankizil.tr\/ru\/haberler\/gundem\/mersin-buyuksehirden-yerel-tarima-destek\/","og_site_name":"Av. Deniz Can K\u0131z\u0131l","article_published_time":"2025-07-03T07:43:05+00:00","author":"admin","twitter_card":"summary_large_image","twitter_misc":{"\u041d\u0430\u043f\u0438\u0441\u0430\u043d\u043e \u0430\u0432\u0442\u043e\u0440\u043e\u043c":"admin","\u041f\u0440\u0438\u043c\u0435\u0440\u043d\u043e\u0435 \u0432\u0440\u0435\u043c\u044f \u0434\u043b\u044f \u0447\u0442\u0435\u043d\u0438\u044f":"2 \u043c\u0438\u043d\u0443\u0442\u044b"},"schema":{"@context":"https:\/\/schema.org","@graph":[{"@type":"Article","@id":"https:\/\/denizcankizil.tr\/ru\/haberler\/gundem\/mersin-buyuksehirden-yerel-tarima-destek\/#article","isPartOf":{"@id":"https:\/\/denizcankizil.tr\/ru\/haberler\/gundem\/mersin-buyuksehirden-yerel-tarima-destek\/"},"author":{"name":"admin","@id":"https:\/\/denizcankizil.tr\/de\/#\/schema\/person\/be3c05fe6a12686905512445d8185489"},"headline":"Mersin B\u00fcy\u00fck\u015fehir\u2019den yerel tar\u0131ma destek","datePublished":"2025-07-03T07:43:05+00:00","mainEntityOfPage":{"@id":"https:\/\/denizcankizil.tr\/ru\/haberler\/gundem\/mersin-buyuksehirden-yerel-tarima-destek\/"},"wordCount":398,"publisher":{"@id":"https:\/\/denizcankizil.tr\/de\/#organization"},"articleSection":["G\u00fcndem"],"inLanguage":"ru-RU"},{"@type":"WebPage","@id":"https:\/\/denizcankizil.tr\/ru\/haberler\/gundem\/mersin-buyuksehirden-yerel-tarima-destek\/","url":"https:\/\/denizcankizil.tr\/ru\/haberler\/gundem\/mersin-buyuksehirden-yerel-tarima-destek\/","name":"Mersin B\u00fcy\u00fck\u015fehir\u2019den yerel tar\u0131ma destek - Av. Deniz Can K\u0131z\u0131l","isPartOf":{"@id":"https:\/\/denizcankizil.tr\/de\/#website"},"datePublished":"2025-07-03T07:43:05+00:00","breadcrumb":{"@id":"https:\/\/denizcankizil.tr\/ru\/haberler\/gundem\/mersin-buyuksehirden-yerel-tarima-destek\/#breadcrumb"},"inLanguage":"ru-RU","potentialAction":[{"@type":"ReadAction","target":["https:\/\/denizcankizil.tr\/ru\/haberler\/gundem\/mersin-buyuksehirden-yerel-tarima-destek\/"]}]},{"@type":"BreadcrumbList","@id":"https:\/\/denizcankizil.tr\/ru\/haberler\/gundem\/mersin-buyuksehirden-yerel-tarima-destek\/#breadcrumb","itemListElement":[{"@type":"ListItem","position":1,"name":"Home","item":"https:\/\/denizcankizil.tr\/de\/"},{"@type":"ListItem","position":2,"name":"Mersin B\u00fcy\u00fck\u015fehir\u2019den yerel tar\u0131ma destek"}]},{"@type":"WebSite","@id":"https:\/\/denizcankizil.tr\/de\/#website","url":"https:\/\/denizcankizil.tr\/de\/","name":"Av. Deniz Can K\u0131z\u0131l","description":"Avukat Deniz Can K\u0131z\u0131l Antalya Barosu","publisher":{"@id":"https:\/\/denizcankizil.tr\/de\/#organization"},"potentialAction":[{"@type":"SearchAction","target":{"@type":"EntryPoint","urlTemplate":"https:\/\/denizcankizil.tr\/de\/?s={search_term_string}"},"query-input":{"@type":"PropertyValueSpecification","valueRequired":true,"valueName":"search_term_string"}}],"inLanguage":"ru-RU"},{"@type":"Organization","@id":"https:\/\/denizcankizil.tr\/de\/#organization","name":"Av. Deniz Can K\u0131z\u0131l","url":"https:\/\/denizcankizil.tr\/de\/","logo":{"@type":"ImageObject","inLanguage":"ru-RU","@id":"https:\/\/denizcankizil.tr\/de\/#\/schema\/logo\/image\/","url":"https:\/\/denizcankizil.tr\/wp-content\/uploads\/2024\/10\/siyah-logo-svg.svg","contentUrl":"https:\/\/denizcankizil.tr\/wp-content\/uploads\/2024\/10\/siyah-logo-svg.svg","width":1080,"height":1080,"caption":"Av. Deniz Can K\u0131z\u0131l"},"image":{"@id":"https:\/\/denizcankizil.tr\/de\/#\/schema\/logo\/image\/"}},{"@type":"Person","@id":"https:\/\/denizcankizil.tr\/de\/#\/schema\/person\/be3c05fe6a12686905512445d8185489","name":"\u0430\u0434\u043c\u0438\u043d","image":{"@type":"ImageObject","inLanguage":"ru-RU","@id":"https:\/\/denizcankizil.tr\/de\/#\/schema\/person\/image\/","url":"https:\/\/secure.gravatar.com\/avatar\/c1fce94c830dc79107e174f890d7210541c4a63e8e5d816341794a2151c9d58c?s=96&d=mm&r=g","contentUrl":"https:\/\/secure.gravatar.com\/avatar\/c1fce94c830dc79107e174f890d7210541c4a63e8e5d816341794a2151c9d58c?s=96&d=mm&r=g","caption":"admin"},"sameAs":["http:\/\/denizcankizil.tr"],"url":"https:\/\/www.iskenderun.org\/mersin-buyuksehirden-yerel-tarima-destek"}]}},"_links":{"self":[{"href":"https:\/\/denizcankizil.tr\/ru\/wp-json\/wp\/v2\/posts\/134503","targetHints":{"allow":["GET"]}}],"collection":[{"href":"https:\/\/denizcankizil.tr\/ru\/wp-json\/wp\/v2\/posts"}],"about":[{"href":"https:\/\/denizcankizil.tr\/ru\/wp-json\/wp\/v2\/types\/post"}],"author":[{"embeddable":true,"href":"https:\/\/denizcankizil.tr\/ru\/wp-json\/wp\/v2\/users\/1"}],"replies":[{"embeddable":true,"href":"https:\/\/denizcankizil.tr\/ru\/wp-json\/wp\/v2\/comments?post=134503"}],"version-history":[{"count":0,"href":"https:\/\/denizcankizil.tr\/ru\/wp-json\/wp\/v2\/posts\/134503\/revisions"}],"wp:attachment":[{"href":"https:\/\/denizcankizil.tr\/ru\/wp-json\/wp\/v2\/media?parent=134503"}],"wp:term":[{"taxonomy":"category","embeddable":true,"href":"https:\/\/denizcankizil.tr\/ru\/wp-json\/wp\/v2\/categories?post=134503"},{"taxonomy":"post_tag","embeddable":true,"href":"https:\/\/denizcankizil.tr\/ru\/wp-json\/wp\/v2\/tags?post=134503"}],"curies":[{"name":"wp","href":"https:\/\/api.w.org\/{rel}","templated":true}]}}