{"id":134444,"date":"2025-07-03T09:42:16","date_gmt":"2025-07-03T06:42:16","guid":{"rendered":"https:\/\/denizcankizil.tr\/uncategorized-tr\/gemlik-kent-konseyi-yilin-faaliyet-raporunu-acikladi\/"},"modified":"2025-07-03T09:42:16","modified_gmt":"2025-07-03T06:42:16","slug":"gemlik-kent-konseyi-yilin-faaliyet-raporunu-acikladi","status":"publish","type":"post","link":"https:\/\/denizcankizil.tr\/ru\/haberler\/gundem\/gemlik-kent-konseyi-yilin-faaliyet-raporunu-acikladi\/","title":{"rendered":"Gemlik Kent Konseyi y\u0131l\u0131n faaliyet raporunu a\u00e7\u0131klad\u0131"},"content":{"rendered":"<p>Gemlik Kent Konseyi, 29 Haziran 2024&#8217;te g\u00f6reve gelmesinin ard\u0131ndan ge\u00e7en bir y\u0131lda hayata ge\u00e7irdi\u011fi \u00e7al\u0131\u015fmalar\u0131 kamuoyuyla payla\u015ft\u0131.BURSA (\u0130GFA) &#8211; Konseyin raporuna g\u00f6re, Ba\u015fkan Sedat Akku\u015f yapt\u0131\u011f\u0131 a\u00e7\u0131klamada, Kent Konseyi olarak kat\u0131l\u0131mc\u0131, sosyal, \u00e7evreci ve k\u00fclt\u00fcrel bir\u00e7ok \u00e7al\u0131\u015fmay\u0131 ekip arkada\u015flar\u0131 ile birlikte hayata ge\u00e7irdiklerini belirerek bir y\u0131ll\u0131k faaliyetlerini \u00f6zetledi.<\/p>\n<p>GER\u00c7EKLE\u015eT\u0130R\u0130LEN \u00d6NE \u00c7IKAN \u00c7ALI\u015eMALAR<br \/>\n23 Nisan Ulusal Egemenlik ve \u00c7ocuk Bayram\u0131 kapsam\u0131nda il\u00e7emiz taraftar dernekleri ile birlikte&#8221; 1 Geleneksel U\u00e7urtma \u015eenli\u011fi&#8221; ba\u015flat\u0131ld\u0131.<br \/>\nMag-Der ve Gemlik Belediyesi i\u015fbirli\u011fi ile 2500 ki\u015fiye &#8220;Temel Afet Bilin\u00e7i E\u011fitimi&#8221; verildi.<br \/>\nG\u00f6hayder ile &#8220;Bir Umutta Sen \u00c7ak&#8221; diyerek at\u0131k a\u011fa\u00e7lardan k\u00f6pek kul\u00fcbesi ve araba lastiklerinden kedi evi yap\u0131ld\u0131.<br \/>\nEngelliler haftas\u0131 m\u00fcnasebetiyle &#8221; 1 Gemlik Engelsiz Festivali&#8221; kaymakaml\u0131k ve belediyemiz i\u015fbirli\u011fi ile d\u00fczenlendi.<br \/>\nMKS firmas\u0131n\u0131n \u00e7evreye etkilerine kar\u015f\u0131 bilgilendirme toplant\u0131s\u0131, imza kampanyas\u0131 ve hukuki s\u00fcre\u00e7ler y\u00fcr\u00fct\u00fcld\u00fc.<br \/>\nGemlik Yard\u0131m G\u00f6n\u00fcll\u00fcleri derne\u011fi ile \u00dcniversite i\u00e7inde 500 \u00f6\u011frenciye iftar yeme\u011fi verildi.<br \/>\nSokakta Sanat Var projesi kapsam\u0131nda; Kayhan Mahallesi Kedi Duvar\u0131, Eskipazar Trafosu, Hamidiye Yunus Emre Park\u0131, Cumhuriyet Mahallesi Sahil Duvar\u0131, Z\u00fcbeyde Han\u0131m Anaokulu Duvar\u0131 ve Cumhuriyet \u0130lkokulu gibi at\u0131l ve k\u00f6t\u00fc kullan\u0131ma m\u00fcsait alanlarda duvar resimleri yap\u0131ld\u0131.<br \/>\nCelal Bayar Korosu ile sahil konseri ger\u00e7ekle\u015ftirildi.<br \/>\n\u201cGemlikli Yazarlar Gemliklilerle Bulu\u015fuyor\u201d etkinli\u011fiyle Kumla ve merkezde yazar-okur bulu\u015fmalar\u0131 yap\u0131ld\u0131.<br \/>\nANA\u00c7EV i\u015f birli\u011fiyle \u201cHayalimizdeki Gemlik\u201d kompozisyon yar\u0131\u015fmas\u0131nda 5 \u00f6\u011frenciye burs verildi.<br \/>\n8 Mart D\u00fcnya Kad\u0131nlar G\u00fcn\u00fc, 25 Kas\u0131m Kad\u0131na \u015eiddete Kar\u015f\u0131 M\u00fccadele G\u00fcn\u00fc, D\u00fcnya \u00c7ocuk Haklar\u0131 G\u00fcn\u00fc, D\u00fcnya Su G\u00fcn\u00fc, 5 Haziran \u00c7evre G\u00fcn\u00fc gibi \u00f6zel tarihlerde tematik \u00e7al\u0131\u015fmalar y\u00fcr\u00fct\u00fcld\u00fc.<br \/>\nZ-Fest Gen\u00e7lik Kamp\u0131 Etkinli\u011fi, engelli bireylerle fark\u0131ndal\u0131k projeleri, kad\u0131nlara ve \u00e7ocuklara y\u00f6nelik sosyal etkinlikler, \u00e7evre temal\u0131 paneller, hayvan haklar\u0131 eylemleri  dahil 31\u2019in \u00fczerinde proje hayata ge\u00e7irildi.<\/p>\n<p>KENT KONSEY\u0130 KENT\u0130 SAVUNUR: MKS M\u00dcCADELES\u0130 \u00d6NE \u00c7IKTI<br \/>\nBa\u015fkan Akku\u015f, \u201cKent Konseylerinin \u015fehirlerin savunma mekanizmas\u0131 olmas\u0131 gerekti\u011fini s\u00f6ylemi\u015ftik. Bunu ilk s\u0131nav\u0131m\u0131z olan Marmara Kimya Sanayi kapasite art\u0131\u015f\u0131 s\u00fcrecinde t\u00fcm \u015feffafl\u0131\u011f\u0131m\u0131zla ve cesaretimizle ortaya koyduk\u201d ifadelerini kulland\u0131.<br \/>\nKarsak Deresi\u2019ndeki \u00e7evre kirlili\u011fi ve Marmara Denizi\u2019ni etkileyen m\u00fcsilaj tehdidine kar\u015f\u0131 d\u00fczenlenen panel ve saha \u00e7al\u0131\u015fmalar\u0131 da dikkat \u00e7eken projeler aras\u0131nda yer ald\u0131.<\/p>\n<p>YEN\u0130 HEDEF: E\u011e\u0130T\u0130MDE DAYANI\u015eMA<br \/>\nKonseyin \u00f6n\u00fcm\u00fczdeki d\u00f6nemdeki \u00f6nceliklerinden birinin \u201cokul yapt\u0131rma ve ya\u015fatma derne\u011fi\u201d projesi olaca\u011f\u0131n\u0131 s\u00f6yleyen Akku\u015f, \u201cBu projeyi bu d\u00f6nem i\u00e7inde hayata ge\u00e7irmeyi hedefliyoruz\u201d diyerek bug\u00fcne kadar bizlere destek olan ba\u015fta Gemlik Kaymakaml\u0131\u011f\u0131m\u0131z ve Gemlik Belediyemiz olmak kayd\u0131yla t\u00fcm sivil toplum kurulu\u015flar\u0131na te\u015fekk\u00fcr ederiz diyerek a\u00e7\u0131klamas\u0131n\u0131 sonland\u0131rd\u0131.<\/p>\n<p>\u200bGemlik Kent Konseyi, 29 Haziran 2024&#8217;te g\u00f6reve gelmesinin ard\u0131ndan ge\u00e7en bir y\u0131lda hayata ge\u00e7irdi\u011fi \u00e7al\u0131\u015fmalar\u0131 kamuoyuyla payla\u015ft\u0131.BURSA (\u0130GFA) &#8211; Konseyin raporuna g\u00f6re, Ba\u015fkan Sedat Akku\u015f yapt\u0131\u011f\u0131 a\u00e7\u0131klamada, Kent Konseyi olarak kat\u0131l\u0131mc\u0131, sosyal, \u00e7evreci ve k\u00fclt\u00fcrel bir\u00e7ok \u00e7al\u0131\u015fmay\u0131 ekip arkada\u015flar\u0131 ile birlikte hayata ge\u00e7irdiklerini belirerek bir y\u0131ll\u0131k faaliyetlerini \u00f6zetledi.<\/p>\n<p>GER\u00c7EKLE\u015eT\u0130R\u0130LEN \u00d6NE \u00c7IKAN \u00c7ALI\u015eMALAR<br \/>\n23 Nisan Ulusal Egemenlik ve \u00c7ocuk Bayram\u0131 kapsam\u0131nda il\u00e7emiz taraftar dernekleri ile birlikte&#8221; 1 Geleneksel U\u00e7urtma \u015eenli\u011fi&#8221; ba\u015flat\u0131ld\u0131.<br \/>\nMag-Der ve Gemlik Belediyesi i\u015fbirli\u011fi ile 2500 ki\u015fiye &#8220;Temel Afet Bilin\u00e7i E\u011fitimi&#8221; verildi.<br \/>\nG\u00f6hayder ile &#8220;Bir Umutta Sen \u00c7ak&#8221; diyerek at\u0131k a\u011fa\u00e7lardan k\u00f6pek kul\u00fcbesi ve araba lastiklerinden kedi evi yap\u0131ld\u0131.<br \/>\nEngelliler haftas\u0131 m\u00fcnasebetiyle &#8221; 1 Gemlik Engelsiz Festivali&#8221; kaymakaml\u0131k ve belediyemiz i\u015fbirli\u011fi ile d\u00fczenlendi.<br \/>\nMKS firmas\u0131n\u0131n \u00e7evreye etkilerine kar\u015f\u0131 bilgilendirme toplant\u0131s\u0131, imza kampanyas\u0131 ve hukuki s\u00fcre\u00e7ler y\u00fcr\u00fct\u00fcld\u00fc.<br \/>\nGemlik Yard\u0131m G\u00f6n\u00fcll\u00fcleri derne\u011fi ile \u00dcniversite i\u00e7inde 500 \u00f6\u011frenciye iftar yeme\u011fi verildi.<br \/>\nSokakta Sanat Var projesi kapsam\u0131nda; Kayhan Mahallesi Kedi Duvar\u0131, Eskipazar Trafosu, Hamidiye Yunus Emre Park\u0131, Cumhuriyet Mahallesi Sahil Duvar\u0131, Z\u00fcbeyde Han\u0131m Anaokulu Duvar\u0131 ve Cumhuriyet \u0130lkokulu gibi at\u0131l ve k\u00f6t\u00fc kullan\u0131ma m\u00fcsait alanlarda duvar resimleri yap\u0131ld\u0131.<br \/>\nCelal Bayar Korosu ile sahil konseri ger\u00e7ekle\u015ftirildi.<br \/>\n\u201cGemlikli Yazarlar Gemliklilerle Bulu\u015fuyor\u201d etkinli\u011fiyle Kumla ve merkezde yazar-okur bulu\u015fmalar\u0131 yap\u0131ld\u0131.<br \/>\nANA\u00c7EV i\u015f birli\u011fiyle \u201cHayalimizdeki Gemlik\u201d kompozisyon yar\u0131\u015fmas\u0131nda 5 \u00f6\u011frenciye burs verildi.<br \/>\n8 Mart D\u00fcnya Kad\u0131nlar G\u00fcn\u00fc, 25 Kas\u0131m Kad\u0131na \u015eiddete Kar\u015f\u0131 M\u00fccadele G\u00fcn\u00fc, D\u00fcnya \u00c7ocuk Haklar\u0131 G\u00fcn\u00fc, D\u00fcnya Su G\u00fcn\u00fc, 5 Haziran \u00c7evre G\u00fcn\u00fc gibi \u00f6zel tarihlerde tematik \u00e7al\u0131\u015fmalar y\u00fcr\u00fct\u00fcld\u00fc.<br \/>\nZ-Fest Gen\u00e7lik Kamp\u0131 Etkinli\u011fi, engelli bireylerle fark\u0131ndal\u0131k projeleri, kad\u0131nlara ve \u00e7ocuklara y\u00f6nelik sosyal etkinlikler, \u00e7evre temal\u0131 paneller, hayvan haklar\u0131 eylemleri  dahil 31\u2019in \u00fczerinde proje hayata ge\u00e7irildi.<\/p>\n<p>KENT KONSEY\u0130 KENT\u0130 SAVUNUR: MKS M\u00dcCADELES\u0130 \u00d6NE \u00c7IKTI<br \/>\nBa\u015fkan Akku\u015f, \u201cKent Konseylerinin \u015fehirlerin savunma mekanizmas\u0131 olmas\u0131 gerekti\u011fini s\u00f6ylemi\u015ftik. Bunu ilk s\u0131nav\u0131m\u0131z olan Marmara Kimya Sanayi kapasite art\u0131\u015f\u0131 s\u00fcrecinde t\u00fcm \u015feffafl\u0131\u011f\u0131m\u0131zla ve cesaretimizle ortaya koyduk\u201d ifadelerini kulland\u0131.<br \/>\nKarsak Deresi\u2019ndeki \u00e7evre kirlili\u011fi ve Marmara Denizi\u2019ni etkileyen m\u00fcsilaj tehdidine kar\u015f\u0131 d\u00fczenlenen panel ve saha \u00e7al\u0131\u015fmalar\u0131 da dikkat \u00e7eken projeler aras\u0131nda yer ald\u0131.<\/p>\n<p>YEN\u0130 HEDEF: E\u011e\u0130T\u0130MDE DAYANI\u015eMA<br \/>\nKonseyin \u00f6n\u00fcm\u00fczdeki d\u00f6nemdeki \u00f6nceliklerinden birinin \u201cokul yapt\u0131rma ve ya\u015fatma derne\u011fi\u201d projesi olaca\u011f\u0131n\u0131 s\u00f6yleyen Akku\u015f, \u201cBu projeyi bu d\u00f6nem i\u00e7inde hayata ge\u00e7irmeyi hedefliyoruz\u201d diyerek bug\u00fcne kadar bizlere destek olan ba\u015fta Gemlik Kaymakaml\u0131\u011f\u0131m\u0131z ve Gemlik Belediyemiz olmak kayd\u0131yla t\u00fcm sivil toplum kurulu\u015flar\u0131na te\u015fekk\u00fcr ederiz diyerek a\u00e7\u0131klamas\u0131n\u0131 sonland\u0131rd\u0131.\u00a0<\/p>\n<p>\u200bHaberin Al\u0131nt\u0131land\u0131\u011f\u0131 Kaynak: www.iskenderun.org<\/p>","protected":false},"excerpt":{"rendered":"<p>Gemlik Kent Konseyi, 29 Haziran 2024&#8217;te g\u00f6reve gelmesinin ard\u0131ndan ge\u00e7en bir y\u0131lda hayata ge\u00e7irdi\u011fi \u00e7al\u0131\u015fmalar\u0131 kamuoyuyla payla\u015ft\u0131.BURSA (\u0130GFA) &#8211; Konseyin raporuna g\u00f6re, Ba\u015fkan Sedat Akku\u015f yapt\u0131\u011f\u0131 a\u00e7\u0131klamada, Kent Konseyi olarak kat\u0131l\u0131mc\u0131, sosyal, \u00e7evreci ve k\u00fclt\u00fcrel bir\u00e7ok \u00e7al\u0131\u015fmay\u0131 ekip arkada\u015flar\u0131 ile birlikte hayata ge\u00e7irdiklerini belirerek bir y\u0131ll\u0131k faaliyetlerini \u00f6zetledi. GER\u00c7EKLE\u015eT\u0130R\u0130LEN \u00d6NE \u00c7IKAN \u00c7ALI\u015eMALAR 23 Nisan Ulusal Egemenlik ve \u00c7ocuk Bayram\u0131 kapsam\u0131nda il\u00e7emiz taraftar dernekleri ile birlikte&#8221; 1 Geleneksel U\u00e7urtma \u015eenli\u011fi&#8221; ba\u015flat\u0131ld\u0131. Mag-Der ve Gemlik Belediyesi i\u015fbirli\u011fi ile 2500 ki\u015fiye &#8220;Temel Afet Bilin\u00e7i E\u011fitimi&#8221; verildi. G\u00f6hayder ile &#8220;Bir Umutta Sen \u00c7ak&#8221; diyerek at\u0131k a\u011fa\u00e7lardan k\u00f6pek kul\u00fcbesi ve araba lastiklerinden kedi evi yap\u0131ld\u0131. Engelliler haftas\u0131 m\u00fcnasebetiyle &#8221; 1 Gemlik Engelsiz Festivali&#8221; kaymakaml\u0131k ve belediyemiz i\u015fbirli\u011fi ile d\u00fczenlendi. MKS firmas\u0131n\u0131n \u00e7evreye etkilerine kar\u015f\u0131 bilgilendirme toplant\u0131s\u0131, imza kampanyas\u0131 ve hukuki s\u00fcre\u00e7ler y\u00fcr\u00fct\u00fcld\u00fc. Gemlik Yard\u0131m G\u00f6n\u00fcll\u00fcleri derne\u011fi ile \u00dcniversite i\u00e7inde 500 \u00f6\u011frenciye iftar yeme\u011fi verildi. Sokakta Sanat Var projesi kapsam\u0131nda; Kayhan Mahallesi Kedi Duvar\u0131, Eskipazar Trafosu, Hamidiye Yunus Emre Park\u0131, Cumhuriyet Mahallesi Sahil Duvar\u0131, Z\u00fcbeyde Han\u0131m Anaokulu Duvar\u0131 ve Cumhuriyet \u0130lkokulu gibi at\u0131l ve k\u00f6t\u00fc kullan\u0131ma m\u00fcsait alanlarda duvar resimleri yap\u0131ld\u0131. Celal Bayar Korosu ile sahil konseri ger\u00e7ekle\u015ftirildi. \u201cGemlikli Yazarlar Gemliklilerle Bulu\u015fuyor\u201d etkinli\u011fiyle Kumla ve merkezde yazar-okur bulu\u015fmalar\u0131 yap\u0131ld\u0131. ANA\u00c7EV i\u015f birli\u011fiyle \u201cHayalimizdeki Gemlik\u201d kompozisyon yar\u0131\u015fmas\u0131nda &hellip;<\/p>","protected":false},"author":1,"featured_media":0,"comment_status":"","ping_status":"open","sticky":false,"template":"","format":"standard","meta":{"_acf_changed":false,"footnotes":""},"categories":[24],"tags":[],"class_list":["post-134444","post","type-post","status-publish","format-standard","has-post-thumbnail","hentry","category-gundem"],"acf":[],"yoast_head":"<!-- This site is optimized with the Yoast SEO Premium plugin v26.6 (Yoast SEO v27.1.1) - https:\/\/yoast.com\/product\/yoast-seo-premium-wordpress\/ -->\n<title>Gemlik Kent Konseyi y\u0131l\u0131n faaliyet raporunu a\u00e7\u0131klad\u0131 - Av. Deniz Can K\u0131z\u0131l<\/title>\n<meta name=\"robots\" content=\"index, follow, max-snippet:-1, max-image-preview:large, max-video-preview:-1\" \/>\n<link rel=\"canonical\" href=\"https:\/\/denizcankizil.tr\/ru\/haberler\/gundem\/gemlik-kent-konseyi-yilin-faaliyet-raporunu-acikladi\/\" \/>\n<meta property=\"og:locale\" content=\"ru_RU\" \/>\n<meta property=\"og:type\" content=\"article\" \/>\n<meta property=\"og:title\" content=\"Gemlik Kent Konseyi y\u0131l\u0131n faaliyet raporunu a\u00e7\u0131klad\u0131\" \/>\n<meta property=\"og:description\" content=\"Gemlik Kent Konseyi, 29 Haziran 2024&#8217;te g\u00f6reve gelmesinin ard\u0131ndan ge\u00e7en bir y\u0131lda hayata ge\u00e7irdi\u011fi \u00e7al\u0131\u015fmalar\u0131 kamuoyuyla payla\u015ft\u0131.BURSA (\u0130GFA) &#8211; Konseyin raporuna g\u00f6re, Ba\u015fkan Sedat Akku\u015f yapt\u0131\u011f\u0131 a\u00e7\u0131klamada, Kent Konseyi olarak kat\u0131l\u0131mc\u0131, sosyal, \u00e7evreci ve k\u00fclt\u00fcrel bir\u00e7ok \u00e7al\u0131\u015fmay\u0131 ekip arkada\u015flar\u0131 ile birlikte hayata ge\u00e7irdiklerini belirerek bir y\u0131ll\u0131k faaliyetlerini \u00f6zetledi. GER\u00c7EKLE\u015eT\u0130R\u0130LEN \u00d6NE \u00c7IKAN \u00c7ALI\u015eMALAR 23 Nisan Ulusal Egemenlik ve \u00c7ocuk Bayram\u0131 kapsam\u0131nda il\u00e7emiz taraftar dernekleri ile birlikte&#8221; 1 Geleneksel U\u00e7urtma \u015eenli\u011fi&#8221; ba\u015flat\u0131ld\u0131. Mag-Der ve Gemlik Belediyesi i\u015fbirli\u011fi ile 2500 ki\u015fiye &#8220;Temel Afet Bilin\u00e7i E\u011fitimi&#8221; verildi. G\u00f6hayder ile &#8220;Bir Umutta Sen \u00c7ak&#8221; diyerek at\u0131k a\u011fa\u00e7lardan k\u00f6pek kul\u00fcbesi ve araba lastiklerinden kedi evi yap\u0131ld\u0131. Engelliler haftas\u0131 m\u00fcnasebetiyle &#8221; 1 Gemlik Engelsiz Festivali&#8221; kaymakaml\u0131k ve belediyemiz i\u015fbirli\u011fi ile d\u00fczenlendi. MKS firmas\u0131n\u0131n \u00e7evreye etkilerine kar\u015f\u0131 bilgilendirme toplant\u0131s\u0131, imza kampanyas\u0131 ve hukuki s\u00fcre\u00e7ler y\u00fcr\u00fct\u00fcld\u00fc. Gemlik Yard\u0131m G\u00f6n\u00fcll\u00fcleri derne\u011fi ile \u00dcniversite i\u00e7inde 500 \u00f6\u011frenciye iftar yeme\u011fi verildi. Sokakta Sanat Var projesi kapsam\u0131nda; Kayhan Mahallesi Kedi Duvar\u0131, Eskipazar Trafosu, Hamidiye Yunus Emre Park\u0131, Cumhuriyet Mahallesi Sahil Duvar\u0131, Z\u00fcbeyde Han\u0131m Anaokulu Duvar\u0131 ve Cumhuriyet \u0130lkokulu gibi at\u0131l ve k\u00f6t\u00fc kullan\u0131ma m\u00fcsait alanlarda duvar resimleri yap\u0131ld\u0131. Celal Bayar Korosu ile sahil konseri ger\u00e7ekle\u015ftirildi. \u201cGemlikli Yazarlar Gemliklilerle Bulu\u015fuyor\u201d etkinli\u011fiyle Kumla ve merkezde yazar-okur bulu\u015fmalar\u0131 yap\u0131ld\u0131. ANA\u00c7EV i\u015f birli\u011fiyle \u201cHayalimizdeki Gemlik\u201d kompozisyon yar\u0131\u015fmas\u0131nda &hellip;\" \/>\n<meta property=\"og:url\" content=\"https:\/\/denizcankizil.tr\/ru\/haberler\/gundem\/gemlik-kent-konseyi-yilin-faaliyet-raporunu-acikladi\/\" \/>\n<meta property=\"og:site_name\" content=\"Av. Deniz Can K\u0131z\u0131l\" \/>\n<meta property=\"article:published_time\" content=\"2025-07-03T06:42:16+00:00\" \/>\n<meta name=\"author\" content=\"admin\" \/>\n<meta name=\"twitter:card\" content=\"summary_large_image\" \/>\n<meta name=\"twitter:label1\" content=\"\u041d\u0430\u043f\u0438\u0441\u0430\u043d\u043e \u0430\u0432\u0442\u043e\u0440\u043e\u043c\" \/>\n\t<meta name=\"twitter:data1\" content=\"admin\" \/>\n\t<meta name=\"twitter:label2\" content=\"\u041f\u0440\u0438\u043c\u0435\u0440\u043d\u043e\u0435 \u0432\u0440\u0435\u043c\u044f \u0434\u043b\u044f \u0447\u0442\u0435\u043d\u0438\u044f\" \/>\n\t<meta name=\"twitter:data2\" content=\"5 \u043c\u0438\u043d\u0443\u0442\" \/>\n<script type=\"application\/ld+json\" class=\"yoast-schema-graph\">{\"@context\":\"https:\/\/schema.org\",\"@graph\":[{\"@type\":\"Article\",\"@id\":\"https:\/\/denizcankizil.tr\/ru\/haberler\/gundem\/gemlik-kent-konseyi-yilin-faaliyet-raporunu-acikladi\/#article\",\"isPartOf\":{\"@id\":\"https:\/\/denizcankizil.tr\/ru\/haberler\/gundem\/gemlik-kent-konseyi-yilin-faaliyet-raporunu-acikladi\/\"},\"author\":{\"name\":\"admin\",\"@id\":\"https:\/\/denizcankizil.tr\/#\/schema\/person\/be3c05fe6a12686905512445d8185489\"},\"headline\":\"Gemlik Kent Konseyi y\u0131l\u0131n faaliyet raporunu a\u00e7\u0131klad\u0131\",\"datePublished\":\"2025-07-03T06:42:16+00:00\",\"mainEntityOfPage\":{\"@id\":\"https:\/\/denizcankizil.tr\/ru\/haberler\/gundem\/gemlik-kent-konseyi-yilin-faaliyet-raporunu-acikladi\/\"},\"wordCount\":1034,\"publisher\":{\"@id\":\"https:\/\/denizcankizil.tr\/#organization\"},\"articleSection\":[\"G\u00fcndem\"],\"inLanguage\":\"ru-RU\"},{\"@type\":\"WebPage\",\"@id\":\"https:\/\/denizcankizil.tr\/ru\/haberler\/gundem\/gemlik-kent-konseyi-yilin-faaliyet-raporunu-acikladi\/\",\"url\":\"https:\/\/denizcankizil.tr\/ru\/haberler\/gundem\/gemlik-kent-konseyi-yilin-faaliyet-raporunu-acikladi\/\",\"name\":\"Gemlik Kent Konseyi y\u0131l\u0131n faaliyet raporunu a\u00e7\u0131klad\u0131 - Av. Deniz Can K\u0131z\u0131l\",\"isPartOf\":{\"@id\":\"https:\/\/denizcankizil.tr\/#website\"},\"datePublished\":\"2025-07-03T06:42:16+00:00\",\"breadcrumb\":{\"@id\":\"https:\/\/denizcankizil.tr\/ru\/haberler\/gundem\/gemlik-kent-konseyi-yilin-faaliyet-raporunu-acikladi\/#breadcrumb\"},\"inLanguage\":\"ru-RU\",\"potentialAction\":[{\"@type\":\"ReadAction\",\"target\":[\"https:\/\/denizcankizil.tr\/ru\/haberler\/gundem\/gemlik-kent-konseyi-yilin-faaliyet-raporunu-acikladi\/\"]}]},{\"@type\":\"BreadcrumbList\",\"@id\":\"https:\/\/denizcankizil.tr\/ru\/haberler\/gundem\/gemlik-kent-konseyi-yilin-faaliyet-raporunu-acikladi\/#breadcrumb\",\"itemListElement\":[{\"@type\":\"ListItem\",\"position\":1,\"name\":\"Home\",\"item\":\"https:\/\/denizcankizil.tr\/de\/\"},{\"@type\":\"ListItem\",\"position\":2,\"name\":\"Gemlik Kent Konseyi y\u0131l\u0131n faaliyet raporunu a\u00e7\u0131klad\u0131\"}]},{\"@type\":\"WebSite\",\"@id\":\"https:\/\/denizcankizil.tr\/#website\",\"url\":\"https:\/\/denizcankizil.tr\/\",\"name\":\"Av. Deniz Can K\u0131z\u0131l\",\"description\":\"Avukat Deniz Can K\u0131z\u0131l Antalya Barosu\",\"publisher\":{\"@id\":\"https:\/\/denizcankizil.tr\/#organization\"},\"potentialAction\":[{\"@type\":\"SearchAction\",\"target\":{\"@type\":\"EntryPoint\",\"urlTemplate\":\"https:\/\/denizcankizil.tr\/?s={search_term_string}\"},\"query-input\":{\"@type\":\"PropertyValueSpecification\",\"valueRequired\":true,\"valueName\":\"search_term_string\"}}],\"inLanguage\":\"ru-RU\"},{\"@type\":\"Organization\",\"@id\":\"https:\/\/denizcankizil.tr\/#organization\",\"name\":\"Av. Deniz Can K\u0131z\u0131l\",\"url\":\"https:\/\/denizcankizil.tr\/\",\"logo\":{\"@type\":\"ImageObject\",\"inLanguage\":\"ru-RU\",\"@id\":\"https:\/\/denizcankizil.tr\/#\/schema\/logo\/image\/\",\"url\":\"https:\/\/denizcankizil.tr\/wp-content\/uploads\/2024\/10\/siyah-logo-svg.svg\",\"contentUrl\":\"https:\/\/denizcankizil.tr\/wp-content\/uploads\/2024\/10\/siyah-logo-svg.svg\",\"width\":1080,\"height\":1080,\"caption\":\"Av. Deniz Can K\u0131z\u0131l\"},\"image\":{\"@id\":\"https:\/\/denizcankizil.tr\/#\/schema\/logo\/image\/\"}},{\"@type\":\"Person\",\"@id\":\"https:\/\/denizcankizil.tr\/#\/schema\/person\/be3c05fe6a12686905512445d8185489\",\"name\":\"admin\",\"image\":{\"@type\":\"ImageObject\",\"inLanguage\":\"ru-RU\",\"@id\":\"https:\/\/denizcankizil.tr\/#\/schema\/person\/image\/\",\"url\":\"https:\/\/secure.gravatar.com\/avatar\/c1fce94c830dc79107e174f890d7210541c4a63e8e5d816341794a2151c9d58c?s=96&d=mm&r=g\",\"contentUrl\":\"https:\/\/secure.gravatar.com\/avatar\/c1fce94c830dc79107e174f890d7210541c4a63e8e5d816341794a2151c9d58c?s=96&d=mm&r=g\",\"caption\":\"admin\"},\"sameAs\":[\"http:\/\/denizcankizil.tr\"],\"url\":\"https:\/\/www.iskenderun.org\/gemlik-kent-konseyi-yilin-faaliyet-raporunu-acikladi\"}]}<\/script>\n<!-- \/ Yoast SEO Premium plugin. -->","yoast_head_json":{"title":"Gemlik Kent Konseyi y\u0131l\u0131n faaliyet raporunu a\u00e7\u0131klad\u0131 - Av. Deniz Can K\u0131z\u0131l","robots":{"index":"index","follow":"follow","max-snippet":"max-snippet:-1","max-image-preview":"max-image-preview:large","max-video-preview":"max-video-preview:-1"},"canonical":"https:\/\/denizcankizil.tr\/ru\/haberler\/gundem\/gemlik-kent-konseyi-yilin-faaliyet-raporunu-acikladi\/","og_locale":"ru_RU","og_type":"article","og_title":"Gemlik Kent Konseyi y\u0131l\u0131n faaliyet raporunu a\u00e7\u0131klad\u0131","og_description":"Gemlik Kent Konseyi, 29 Haziran 2024&#8217;te g\u00f6reve gelmesinin ard\u0131ndan ge\u00e7en bir y\u0131lda hayata ge\u00e7irdi\u011fi \u00e7al\u0131\u015fmalar\u0131 kamuoyuyla payla\u015ft\u0131.BURSA (\u0130GFA) &#8211; Konseyin raporuna g\u00f6re, Ba\u015fkan Sedat Akku\u015f yapt\u0131\u011f\u0131 a\u00e7\u0131klamada, Kent Konseyi olarak kat\u0131l\u0131mc\u0131, sosyal, \u00e7evreci ve k\u00fclt\u00fcrel bir\u00e7ok \u00e7al\u0131\u015fmay\u0131 ekip arkada\u015flar\u0131 ile birlikte hayata ge\u00e7irdiklerini belirerek bir y\u0131ll\u0131k faaliyetlerini \u00f6zetledi. GER\u00c7EKLE\u015eT\u0130R\u0130LEN \u00d6NE \u00c7IKAN \u00c7ALI\u015eMALAR 23 Nisan Ulusal Egemenlik ve \u00c7ocuk Bayram\u0131 kapsam\u0131nda il\u00e7emiz taraftar dernekleri ile birlikte&#8221; 1 Geleneksel U\u00e7urtma \u015eenli\u011fi&#8221; ba\u015flat\u0131ld\u0131. Mag-Der ve Gemlik Belediyesi i\u015fbirli\u011fi ile 2500 ki\u015fiye &#8220;Temel Afet Bilin\u00e7i E\u011fitimi&#8221; verildi. G\u00f6hayder ile &#8220;Bir Umutta Sen \u00c7ak&#8221; diyerek at\u0131k a\u011fa\u00e7lardan k\u00f6pek kul\u00fcbesi ve araba lastiklerinden kedi evi yap\u0131ld\u0131. Engelliler haftas\u0131 m\u00fcnasebetiyle &#8221; 1 Gemlik Engelsiz Festivali&#8221; kaymakaml\u0131k ve belediyemiz i\u015fbirli\u011fi ile d\u00fczenlendi. MKS firmas\u0131n\u0131n \u00e7evreye etkilerine kar\u015f\u0131 bilgilendirme toplant\u0131s\u0131, imza kampanyas\u0131 ve hukuki s\u00fcre\u00e7ler y\u00fcr\u00fct\u00fcld\u00fc. Gemlik Yard\u0131m G\u00f6n\u00fcll\u00fcleri derne\u011fi ile \u00dcniversite i\u00e7inde 500 \u00f6\u011frenciye iftar yeme\u011fi verildi. Sokakta Sanat Var projesi kapsam\u0131nda; Kayhan Mahallesi Kedi Duvar\u0131, Eskipazar Trafosu, Hamidiye Yunus Emre Park\u0131, Cumhuriyet Mahallesi Sahil Duvar\u0131, Z\u00fcbeyde Han\u0131m Anaokulu Duvar\u0131 ve Cumhuriyet \u0130lkokulu gibi at\u0131l ve k\u00f6t\u00fc kullan\u0131ma m\u00fcsait alanlarda duvar resimleri yap\u0131ld\u0131. Celal Bayar Korosu ile sahil konseri ger\u00e7ekle\u015ftirildi. \u201cGemlikli Yazarlar Gemliklilerle Bulu\u015fuyor\u201d etkinli\u011fiyle Kumla ve merkezde yazar-okur bulu\u015fmalar\u0131 yap\u0131ld\u0131. ANA\u00c7EV i\u015f birli\u011fiyle \u201cHayalimizdeki Gemlik\u201d kompozisyon yar\u0131\u015fmas\u0131nda &hellip;","og_url":"https:\/\/denizcankizil.tr\/ru\/haberler\/gundem\/gemlik-kent-konseyi-yilin-faaliyet-raporunu-acikladi\/","og_site_name":"Av. Deniz Can K\u0131z\u0131l","article_published_time":"2025-07-03T06:42:16+00:00","author":"admin","twitter_card":"summary_large_image","twitter_misc":{"\u041d\u0430\u043f\u0438\u0441\u0430\u043d\u043e \u0430\u0432\u0442\u043e\u0440\u043e\u043c":"admin","\u041f\u0440\u0438\u043c\u0435\u0440\u043d\u043e\u0435 \u0432\u0440\u0435\u043c\u044f \u0434\u043b\u044f \u0447\u0442\u0435\u043d\u0438\u044f":"5 \u043c\u0438\u043d\u0443\u0442"},"schema":{"@context":"https:\/\/schema.org","@graph":[{"@type":"Article","@id":"https:\/\/denizcankizil.tr\/ru\/haberler\/gundem\/gemlik-kent-konseyi-yilin-faaliyet-raporunu-acikladi\/#article","isPartOf":{"@id":"https:\/\/denizcankizil.tr\/ru\/haberler\/gundem\/gemlik-kent-konseyi-yilin-faaliyet-raporunu-acikladi\/"},"author":{"name":"admin","@id":"https:\/\/denizcankizil.tr\/#\/schema\/person\/be3c05fe6a12686905512445d8185489"},"headline":"Gemlik Kent Konseyi y\u0131l\u0131n faaliyet raporunu a\u00e7\u0131klad\u0131","datePublished":"2025-07-03T06:42:16+00:00","mainEntityOfPage":{"@id":"https:\/\/denizcankizil.tr\/ru\/haberler\/gundem\/gemlik-kent-konseyi-yilin-faaliyet-raporunu-acikladi\/"},"wordCount":1034,"publisher":{"@id":"https:\/\/denizcankizil.tr\/#organization"},"articleSection":["G\u00fcndem"],"inLanguage":"ru-RU"},{"@type":"WebPage","@id":"https:\/\/denizcankizil.tr\/ru\/haberler\/gundem\/gemlik-kent-konseyi-yilin-faaliyet-raporunu-acikladi\/","url":"https:\/\/denizcankizil.tr\/ru\/haberler\/gundem\/gemlik-kent-konseyi-yilin-faaliyet-raporunu-acikladi\/","name":"Gemlik Kent Konseyi y\u0131l\u0131n faaliyet raporunu a\u00e7\u0131klad\u0131 - Av. Deniz Can K\u0131z\u0131l","isPartOf":{"@id":"https:\/\/denizcankizil.tr\/#website"},"datePublished":"2025-07-03T06:42:16+00:00","breadcrumb":{"@id":"https:\/\/denizcankizil.tr\/ru\/haberler\/gundem\/gemlik-kent-konseyi-yilin-faaliyet-raporunu-acikladi\/#breadcrumb"},"inLanguage":"ru-RU","potentialAction":[{"@type":"ReadAction","target":["https:\/\/denizcankizil.tr\/ru\/haberler\/gundem\/gemlik-kent-konseyi-yilin-faaliyet-raporunu-acikladi\/"]}]},{"@type":"BreadcrumbList","@id":"https:\/\/denizcankizil.tr\/ru\/haberler\/gundem\/gemlik-kent-konseyi-yilin-faaliyet-raporunu-acikladi\/#breadcrumb","itemListElement":[{"@type":"ListItem","position":1,"name":"Home","item":"https:\/\/denizcankizil.tr\/de\/"},{"@type":"ListItem","position":2,"name":"Gemlik Kent Konseyi y\u0131l\u0131n faaliyet raporunu a\u00e7\u0131klad\u0131"}]},{"@type":"WebSite","@id":"https:\/\/denizcankizil.tr\/#website","url":"https:\/\/denizcankizil.tr\/","name":"Av. Deniz Can K\u0131z\u0131l","description":"Avukat Deniz Can K\u0131z\u0131l Antalya Barosu","publisher":{"@id":"https:\/\/denizcankizil.tr\/#organization"},"potentialAction":[{"@type":"SearchAction","target":{"@type":"EntryPoint","urlTemplate":"https:\/\/denizcankizil.tr\/?s={search_term_string}"},"query-input":{"@type":"PropertyValueSpecification","valueRequired":true,"valueName":"search_term_string"}}],"inLanguage":"ru-RU"},{"@type":"Organization","@id":"https:\/\/denizcankizil.tr\/#organization","name":"Av. Deniz Can K\u0131z\u0131l","url":"https:\/\/denizcankizil.tr\/","logo":{"@type":"ImageObject","inLanguage":"ru-RU","@id":"https:\/\/denizcankizil.tr\/#\/schema\/logo\/image\/","url":"https:\/\/denizcankizil.tr\/wp-content\/uploads\/2024\/10\/siyah-logo-svg.svg","contentUrl":"https:\/\/denizcankizil.tr\/wp-content\/uploads\/2024\/10\/siyah-logo-svg.svg","width":1080,"height":1080,"caption":"Av. Deniz Can K\u0131z\u0131l"},"image":{"@id":"https:\/\/denizcankizil.tr\/#\/schema\/logo\/image\/"}},{"@type":"Person","@id":"https:\/\/denizcankizil.tr\/#\/schema\/person\/be3c05fe6a12686905512445d8185489","name":"\u0430\u0434\u043c\u0438\u043d","image":{"@type":"ImageObject","inLanguage":"ru-RU","@id":"https:\/\/denizcankizil.tr\/#\/schema\/person\/image\/","url":"https:\/\/secure.gravatar.com\/avatar\/c1fce94c830dc79107e174f890d7210541c4a63e8e5d816341794a2151c9d58c?s=96&d=mm&r=g","contentUrl":"https:\/\/secure.gravatar.com\/avatar\/c1fce94c830dc79107e174f890d7210541c4a63e8e5d816341794a2151c9d58c?s=96&d=mm&r=g","caption":"admin"},"sameAs":["http:\/\/denizcankizil.tr"],"url":"https:\/\/www.iskenderun.org\/gemlik-kent-konseyi-yilin-faaliyet-raporunu-acikladi"}]}},"_links":{"self":[{"href":"https:\/\/denizcankizil.tr\/ru\/wp-json\/wp\/v2\/posts\/134444","targetHints":{"allow":["GET"]}}],"collection":[{"href":"https:\/\/denizcankizil.tr\/ru\/wp-json\/wp\/v2\/posts"}],"about":[{"href":"https:\/\/denizcankizil.tr\/ru\/wp-json\/wp\/v2\/types\/post"}],"author":[{"embeddable":true,"href":"https:\/\/denizcankizil.tr\/ru\/wp-json\/wp\/v2\/users\/1"}],"replies":[{"embeddable":true,"href":"https:\/\/denizcankizil.tr\/ru\/wp-json\/wp\/v2\/comments?post=134444"}],"version-history":[{"count":0,"href":"https:\/\/denizcankizil.tr\/ru\/wp-json\/wp\/v2\/posts\/134444\/revisions"}],"wp:attachment":[{"href":"https:\/\/denizcankizil.tr\/ru\/wp-json\/wp\/v2\/media?parent=134444"}],"wp:term":[{"taxonomy":"category","embeddable":true,"href":"https:\/\/denizcankizil.tr\/ru\/wp-json\/wp\/v2\/categories?post=134444"},{"taxonomy":"post_tag","embeddable":true,"href":"https:\/\/denizcankizil.tr\/ru\/wp-json\/wp\/v2\/tags?post=134444"}],"curies":[{"name":"wp","href":"https:\/\/api.w.org\/{rel}","templated":true}]}}