{"id":133750,"date":"2025-07-02T17:43:40","date_gmt":"2025-07-02T14:43:40","guid":{"rendered":"https:\/\/denizcankizil.tr\/uncategorized-tr\/manisa-buyuksehirden-ilcelere-asfalt-atagi\/"},"modified":"2025-07-02T17:43:40","modified_gmt":"2025-07-02T14:43:40","slug":"manisa-buyuksehirden-ilcelere-asfalt-atagi","status":"publish","type":"post","link":"https:\/\/denizcankizil.tr\/ru\/haberler\/gundem\/manisa-buyuksehirden-ilcelere-asfalt-atagi\/","title":{"rendered":"Manisa B\u00fcy\u00fck\u015fehir\u2019den il\u00e7elere asfalt ata\u011f\u0131"},"content":{"rendered":"<p>Manisa B\u00fcy\u00fck\u015fehir Belediyesi, kentin d\u00f6rt bir yan\u0131nda yol yap\u0131m ve asfaltlama \u00e7al\u0131\u015fmalar\u0131n\u0131 aral\u0131ks\u0131z s\u00fcrd\u00fcr\u00fcyor.MAN\u0130SA (\u0130GFA) &#8211; Manisa B\u00fcy\u00fck\u015fehir Belediye Ba\u015fkan\u0131 Besim Dutlulu\u2019nun \u201cHizmette aksama olmadan devam\u201d y\u00f6n\u00fcndeki talimat\u0131yla, uzun y\u0131llard\u0131r beklenen yollar tek tek programa al\u0131narak yenileniyor. Son olarak Ahmetli, Demirci ve Salihli il\u00e7elerinde ger\u00e7ekle\u015ftirilen asfalt \u00e7al\u0131\u015fmalar\u0131, mahalle sakinleri taraf\u0131ndan memnuniyetle kar\u015f\u0131land\u0131.<br \/>\nVatanda\u015flar\u0131n ya\u015fam kalitesini art\u0131racak yat\u0131r\u0131mlara devam eden Manisa B\u00fcy\u00fck\u015fehir Belediyesi Fen \u0130\u015fleri Dairesi Ba\u015fkanl\u0131\u011f\u0131 ekipleri; Ahmetli Derek\u00f6y, Demirci \u00d6ks\u00fczl\u00fc ve Salihli Kemer-Kale mahallelerinde asfalt \u00e7al\u0131\u015fmalar\u0131n\u0131 tamamlad\u0131. Mahalle muhtarlar\u0131 ve vatanda\u015flar, yap\u0131lan hizmetler i\u00e7in memnuniyetlerini dile getirdi.<br \/>\n\u201cS\u00d6ZLER\u0130N\u0130 TUTTULAR, ARKASINI GET\u0130RD\u0130LER\u201d<br \/>\nAhmetli Derek\u00f6y Muhtar\u0131 Ramazan Kozan, \u201cAhmetli\u2019den Derek\u00f6y\u2019e piknik alan\u0131na geliyor vatanda\u015flar. Yol dar oldu\u011fu i\u00e7in \u00e7ok sorun \u00e7\u0131k\u0131yordu, \u00e7ok bozuktu. B\u00fcy\u00fck\u015fehir\u2019e dilek\u00e7e verdim. Ferdi Ba\u015fkan\u2019\u0131m\u0131z da s\u00f6z verdi yapmak i\u00e7in. \u2018S\u00f6z, bu yolunu en g\u00fczel \u015fekilde yapaca\u011f\u0131m\u2019 dedi. Ferdi Ba\u015fkan\u2019\u0131m\u0131za Allah rahmet eylesin, Besim Ba\u015fkan\u2019\u0131m\u0131z onun s\u00f6z\u00fcn\u00fc tuttu, o gitti diye b\u0131rakmad\u0131lar, arkas\u0131n\u0131 getirdiler. Sa\u011f olsunlar, var olsunlar. Yolumuz \u00e7ok g\u00fczel oldu ve geni\u015f oldu. Ahmetli halk\u0131na, Derek\u00f6y halk\u0131na, vatanda\u015flar\u0131m\u0131za hay\u0131rl\u0131s\u0131 olsun\u201d diye konu\u015ftu.<br \/>\n\u201cYILLARDIR BEKLED\u0130\u011e\u0130M\u0130Z YOLLAR ARTIK YAPILIYOR\u201d<br \/>\nDemirci \u00d6ks\u00fczl\u00fc Mahalle Muhtar\u0131 Hasan Basri Bozkurt, \u201cY\u0131llard\u0131r bekledi\u011fimiz yollar art\u0131k yap\u0131l\u0131yor. B\u00fcy\u00fck\u015fehir Belediyesi ekipleri taleplerimize duyarl\u0131l\u0131kla yakla\u015f\u0131yor. \u0130lgililer her zaman bizimle ileti\u015fim halinde. Eme\u011fi ge\u00e7en herkese te\u015fekk\u00fcr ediyoruz\u201d dedi.<br \/>\nSalihli Kemer Mahalle Muhtar\u0131 Mehmet K\u0131rcal\u0131 da yakla\u015f\u0131k 12 kilometrelik asfalt \u00e7al\u0131\u015fmas\u0131n\u0131n b\u00f6lge halk\u0131n\u0131 memnun etti\u011fini belirterek, \u201cBuras\u0131 Kemer Damlar\u0131, Kale Mahallesi ve Yazda\u011f\u0131 yol ayr\u0131m\u0131 hatt\u0131. Ekipler s\u0131ca\u011fa ra\u011fmen \u00f6zverili \u015fekilde \u00e7al\u0131\u015f\u0131yor. B\u00fcy\u00fck\u015fehir Belediyesi y\u00f6netimine, eme\u011fi ge\u00e7en herkese te\u015fekk\u00fcr ederiz\u201d diye konu\u015ftu.<br \/>\n\u201cG\u0130TT\u0130\u011e\u0130 YERDEN B\u0130Z\u0130 G\u00d6R\u00dcYORDUR\u201d<br \/>\nSalihli Kale Mahallesi Muhtar\u0131 Y\u0131ld\u0131ray Bozda\u011f, \u201cSa\u011f olsunlar, Ferdi Ba\u015fkan\u2019\u0131m\u0131z\u0131n verdi\u011fi s\u00f6z\u00fc tuttular. Kendi g\u00f6remedi, ama gitti\u011fi yerden bizi g\u00f6r\u00fcyordur, buna eminim. Asfalt\u0131m\u0131z yap\u0131ld\u0131. B\u00fct\u00fcn belediye y\u00f6neticilerine, \u00e7al\u0131\u015fanlara hepsine te\u015fekk\u00fcr ediyorum\u201d dedi.<br \/>\nDemirci \u00d6ks\u00fczl\u00fc Mahalle Muhtar\u0131 Hasan Basri Bozkurt, \u201cYap\u0131lan hizmetlerden memnunuz, bir s\u0131k\u0131nt\u0131m\u0131z yok. \u015eu i\u015fimiz var dedi\u011fimiz zaman ilgileniyorlar. Eme\u011fi ge\u00e7en herkese, t\u00fcm ekiplere te\u015fekk\u00fcr ediyorum. Taleplerimizi bug\u00fcn yapamasalar bile yar\u0131n yapmaya \u00e7al\u0131\u015f\u0131yorlar\u201d ifadelerini kulland\u0131.<\/p>\n<p>\u200bManisa B\u00fcy\u00fck\u015fehir Belediyesi, kentin d\u00f6rt bir yan\u0131nda yol yap\u0131m ve asfaltlama \u00e7al\u0131\u015fmalar\u0131n\u0131 aral\u0131ks\u0131z s\u00fcrd\u00fcr\u00fcyor.MAN\u0130SA (\u0130GFA) &#8211; Manisa B\u00fcy\u00fck\u015fehir Belediye Ba\u015fkan\u0131 Besim Dutlulu\u2019nun \u201cHizmette aksama olmadan devam\u201d y\u00f6n\u00fcndeki talimat\u0131yla, uzun y\u0131llard\u0131r beklenen yollar tek tek programa al\u0131narak yenileniyor. Son olarak Ahmetli, Demirci ve Salihli il\u00e7elerinde ger\u00e7ekle\u015ftirilen asfalt \u00e7al\u0131\u015fmalar\u0131, mahalle sakinleri taraf\u0131ndan memnuniyetle kar\u015f\u0131land\u0131.<br \/>\nVatanda\u015flar\u0131n ya\u015fam kalitesini art\u0131racak yat\u0131r\u0131mlara devam eden Manisa B\u00fcy\u00fck\u015fehir Belediyesi Fen \u0130\u015fleri Dairesi Ba\u015fkanl\u0131\u011f\u0131 ekipleri; Ahmetli Derek\u00f6y, Demirci \u00d6ks\u00fczl\u00fc ve Salihli Kemer-Kale mahallelerinde asfalt \u00e7al\u0131\u015fmalar\u0131n\u0131 tamamlad\u0131. Mahalle muhtarlar\u0131 ve vatanda\u015flar, yap\u0131lan hizmetler i\u00e7in memnuniyetlerini dile getirdi.<br \/>\n\u201cS\u00d6ZLER\u0130N\u0130 TUTTULAR, ARKASINI GET\u0130RD\u0130LER\u201d<br \/>\nAhmetli Derek\u00f6y Muhtar\u0131 Ramazan Kozan, \u201cAhmetli\u2019den Derek\u00f6y\u2019e piknik alan\u0131na geliyor vatanda\u015flar. Yol dar oldu\u011fu i\u00e7in \u00e7ok sorun \u00e7\u0131k\u0131yordu, \u00e7ok bozuktu. B\u00fcy\u00fck\u015fehir\u2019e dilek\u00e7e verdim. Ferdi Ba\u015fkan\u2019\u0131m\u0131z da s\u00f6z verdi yapmak i\u00e7in. \u2018S\u00f6z, bu yolunu en g\u00fczel \u015fekilde yapaca\u011f\u0131m\u2019 dedi. Ferdi Ba\u015fkan\u2019\u0131m\u0131za Allah rahmet eylesin, Besim Ba\u015fkan\u2019\u0131m\u0131z onun s\u00f6z\u00fcn\u00fc tuttu, o gitti diye b\u0131rakmad\u0131lar, arkas\u0131n\u0131 getirdiler. Sa\u011f olsunlar, var olsunlar. Yolumuz \u00e7ok g\u00fczel oldu ve geni\u015f oldu. Ahmetli halk\u0131na, Derek\u00f6y halk\u0131na, vatanda\u015flar\u0131m\u0131za hay\u0131rl\u0131s\u0131 olsun\u201d diye konu\u015ftu.<br \/>\n\u201cYILLARDIR BEKLED\u0130\u011e\u0130M\u0130Z YOLLAR ARTIK YAPILIYOR\u201d<br \/>\nDemirci \u00d6ks\u00fczl\u00fc Mahalle Muhtar\u0131 Hasan Basri Bozkurt, \u201cY\u0131llard\u0131r bekledi\u011fimiz yollar art\u0131k yap\u0131l\u0131yor. B\u00fcy\u00fck\u015fehir Belediyesi ekipleri taleplerimize duyarl\u0131l\u0131kla yakla\u015f\u0131yor. \u0130lgililer her zaman bizimle ileti\u015fim halinde. Eme\u011fi ge\u00e7en herkese te\u015fekk\u00fcr ediyoruz\u201d dedi.<br \/>\nSalihli Kemer Mahalle Muhtar\u0131 Mehmet K\u0131rcal\u0131 da yakla\u015f\u0131k 12 kilometrelik asfalt \u00e7al\u0131\u015fmas\u0131n\u0131n b\u00f6lge halk\u0131n\u0131 memnun etti\u011fini belirterek, \u201cBuras\u0131 Kemer Damlar\u0131, Kale Mahallesi ve Yazda\u011f\u0131 yol ayr\u0131m\u0131 hatt\u0131. Ekipler s\u0131ca\u011fa ra\u011fmen \u00f6zverili \u015fekilde \u00e7al\u0131\u015f\u0131yor. B\u00fcy\u00fck\u015fehir Belediyesi y\u00f6netimine, eme\u011fi ge\u00e7en herkese te\u015fekk\u00fcr ederiz\u201d diye konu\u015ftu.<br \/>\n\u201cG\u0130TT\u0130\u011e\u0130 YERDEN B\u0130Z\u0130 G\u00d6R\u00dcYORDUR\u201d<br \/>\nSalihli Kale Mahallesi Muhtar\u0131 Y\u0131ld\u0131ray Bozda\u011f, \u201cSa\u011f olsunlar, Ferdi Ba\u015fkan\u2019\u0131m\u0131z\u0131n verdi\u011fi s\u00f6z\u00fc tuttular. Kendi g\u00f6remedi, ama gitti\u011fi yerden bizi g\u00f6r\u00fcyordur, buna eminim. Asfalt\u0131m\u0131z yap\u0131ld\u0131. B\u00fct\u00fcn belediye y\u00f6neticilerine, \u00e7al\u0131\u015fanlara hepsine te\u015fekk\u00fcr ediyorum\u201d dedi.<br \/>\nDemirci \u00d6ks\u00fczl\u00fc Mahalle Muhtar\u0131 Hasan Basri Bozkurt, \u201cYap\u0131lan hizmetlerden memnunuz, bir s\u0131k\u0131nt\u0131m\u0131z yok. \u015eu i\u015fimiz var dedi\u011fimiz zaman ilgileniyorlar. Eme\u011fi ge\u00e7en herkese, t\u00fcm ekiplere te\u015fekk\u00fcr ediyorum. Taleplerimizi bug\u00fcn yapamasalar bile yar\u0131n yapmaya \u00e7al\u0131\u015f\u0131yorlar\u201d ifadelerini kulland\u0131.\u00a0<\/p>\n<p>\u200bHaberin Al\u0131nt\u0131land\u0131\u011f\u0131 Kaynak: www.iskenderun.org<\/p>","protected":false},"excerpt":{"rendered":"<p>Manisa B\u00fcy\u00fck\u015fehir Belediyesi, kentin d\u00f6rt bir yan\u0131nda yol yap\u0131m ve asfaltlama \u00e7al\u0131\u015fmalar\u0131n\u0131 aral\u0131ks\u0131z s\u00fcrd\u00fcr\u00fcyor.MAN\u0130SA (\u0130GFA) &#8211; Manisa B\u00fcy\u00fck\u015fehir Belediye Ba\u015fkan\u0131 Besim Dutlulu\u2019nun \u201cHizmette aksama olmadan devam\u201d y\u00f6n\u00fcndeki talimat\u0131yla, uzun y\u0131llard\u0131r beklenen yollar tek tek programa al\u0131narak yenileniyor. Son olarak Ahmetli, Demirci ve Salihli il\u00e7elerinde ger\u00e7ekle\u015ftirilen asfalt \u00e7al\u0131\u015fmalar\u0131, mahalle sakinleri taraf\u0131ndan memnuniyetle kar\u015f\u0131land\u0131. Vatanda\u015flar\u0131n ya\u015fam kalitesini art\u0131racak yat\u0131r\u0131mlara devam eden Manisa B\u00fcy\u00fck\u015fehir Belediyesi Fen \u0130\u015fleri Dairesi Ba\u015fkanl\u0131\u011f\u0131 ekipleri; Ahmetli Derek\u00f6y, Demirci \u00d6ks\u00fczl\u00fc ve Salihli Kemer-Kale mahallelerinde asfalt \u00e7al\u0131\u015fmalar\u0131n\u0131 tamamlad\u0131. Mahalle muhtarlar\u0131 ve vatanda\u015flar, yap\u0131lan hizmetler i\u00e7in memnuniyetlerini dile getirdi. \u201cS\u00d6ZLER\u0130N\u0130 TUTTULAR, ARKASINI GET\u0130RD\u0130LER\u201d Ahmetli Derek\u00f6y Muhtar\u0131 Ramazan Kozan, \u201cAhmetli\u2019den Derek\u00f6y\u2019e piknik alan\u0131na geliyor vatanda\u015flar. Yol dar oldu\u011fu i\u00e7in \u00e7ok sorun \u00e7\u0131k\u0131yordu, \u00e7ok bozuktu. B\u00fcy\u00fck\u015fehir\u2019e dilek\u00e7e verdim. Ferdi Ba\u015fkan\u2019\u0131m\u0131z da s\u00f6z verdi yapmak i\u00e7in. \u2018S\u00f6z, bu yolunu en g\u00fczel \u015fekilde yapaca\u011f\u0131m\u2019 dedi. Ferdi Ba\u015fkan\u2019\u0131m\u0131za Allah rahmet eylesin, Besim Ba\u015fkan\u2019\u0131m\u0131z onun s\u00f6z\u00fcn\u00fc tuttu, o gitti diye b\u0131rakmad\u0131lar, arkas\u0131n\u0131 getirdiler. Sa\u011f olsunlar, var olsunlar. Yolumuz \u00e7ok g\u00fczel oldu ve geni\u015f oldu. Ahmetli halk\u0131na, Derek\u00f6y halk\u0131na, vatanda\u015flar\u0131m\u0131za hay\u0131rl\u0131s\u0131 olsun\u201d diye konu\u015ftu. \u201cYILLARDIR BEKLED\u0130\u011e\u0130M\u0130Z YOLLAR ARTIK YAPILIYOR\u201d Demirci \u00d6ks\u00fczl\u00fc Mahalle Muhtar\u0131 Hasan Basri Bozkurt, \u201cY\u0131llard\u0131r bekledi\u011fimiz yollar art\u0131k yap\u0131l\u0131yor. B\u00fcy\u00fck\u015fehir Belediyesi ekipleri taleplerimize duyarl\u0131l\u0131kla yakla\u015f\u0131yor. \u0130lgililer her zaman bizimle ileti\u015fim halinde. Eme\u011fi ge\u00e7en herkese te\u015fekk\u00fcr ediyoruz\u201d &hellip;<\/p>","protected":false},"author":1,"featured_media":0,"comment_status":"","ping_status":"open","sticky":false,"template":"","format":"standard","meta":{"_acf_changed":false,"footnotes":""},"categories":[24],"tags":[],"class_list":["post-133750","post","type-post","status-publish","format-standard","has-post-thumbnail","hentry","category-gundem"],"acf":[],"yoast_head":"<!-- This site is optimized with the Yoast SEO Premium plugin v26.6 (Yoast SEO v27.1.1) - https:\/\/yoast.com\/product\/yoast-seo-premium-wordpress\/ -->\n<title>Manisa B\u00fcy\u00fck\u015fehir\u2019den il\u00e7elere asfalt ata\u011f\u0131 - Av. Deniz Can K\u0131z\u0131l<\/title>\n<meta name=\"robots\" content=\"index, follow, max-snippet:-1, max-image-preview:large, max-video-preview:-1\" \/>\n<link rel=\"canonical\" href=\"https:\/\/denizcankizil.tr\/ru\/haberler\/gundem\/manisa-buyuksehirden-ilcelere-asfalt-atagi\/\" \/>\n<meta property=\"og:locale\" content=\"ru_RU\" \/>\n<meta property=\"og:type\" content=\"article\" \/>\n<meta property=\"og:title\" content=\"Manisa B\u00fcy\u00fck\u015fehir\u2019den il\u00e7elere asfalt ata\u011f\u0131\" \/>\n<meta property=\"og:description\" content=\"Manisa B\u00fcy\u00fck\u015fehir Belediyesi, kentin d\u00f6rt bir yan\u0131nda yol yap\u0131m ve asfaltlama \u00e7al\u0131\u015fmalar\u0131n\u0131 aral\u0131ks\u0131z s\u00fcrd\u00fcr\u00fcyor.MAN\u0130SA (\u0130GFA) &#8211; Manisa B\u00fcy\u00fck\u015fehir Belediye Ba\u015fkan\u0131 Besim Dutlulu\u2019nun \u201cHizmette aksama olmadan devam\u201d y\u00f6n\u00fcndeki talimat\u0131yla, uzun y\u0131llard\u0131r beklenen yollar tek tek programa al\u0131narak yenileniyor. Son olarak Ahmetli, Demirci ve Salihli il\u00e7elerinde ger\u00e7ekle\u015ftirilen asfalt \u00e7al\u0131\u015fmalar\u0131, mahalle sakinleri taraf\u0131ndan memnuniyetle kar\u015f\u0131land\u0131. Vatanda\u015flar\u0131n ya\u015fam kalitesini art\u0131racak yat\u0131r\u0131mlara devam eden Manisa B\u00fcy\u00fck\u015fehir Belediyesi Fen \u0130\u015fleri Dairesi Ba\u015fkanl\u0131\u011f\u0131 ekipleri; Ahmetli Derek\u00f6y, Demirci \u00d6ks\u00fczl\u00fc ve Salihli Kemer-Kale mahallelerinde asfalt \u00e7al\u0131\u015fmalar\u0131n\u0131 tamamlad\u0131. Mahalle muhtarlar\u0131 ve vatanda\u015flar, yap\u0131lan hizmetler i\u00e7in memnuniyetlerini dile getirdi. \u201cS\u00d6ZLER\u0130N\u0130 TUTTULAR, ARKASINI GET\u0130RD\u0130LER\u201d Ahmetli Derek\u00f6y Muhtar\u0131 Ramazan Kozan, \u201cAhmetli\u2019den Derek\u00f6y\u2019e piknik alan\u0131na geliyor vatanda\u015flar. Yol dar oldu\u011fu i\u00e7in \u00e7ok sorun \u00e7\u0131k\u0131yordu, \u00e7ok bozuktu. B\u00fcy\u00fck\u015fehir\u2019e dilek\u00e7e verdim. Ferdi Ba\u015fkan\u2019\u0131m\u0131z da s\u00f6z verdi yapmak i\u00e7in. \u2018S\u00f6z, bu yolunu en g\u00fczel \u015fekilde yapaca\u011f\u0131m\u2019 dedi. Ferdi Ba\u015fkan\u2019\u0131m\u0131za Allah rahmet eylesin, Besim Ba\u015fkan\u2019\u0131m\u0131z onun s\u00f6z\u00fcn\u00fc tuttu, o gitti diye b\u0131rakmad\u0131lar, arkas\u0131n\u0131 getirdiler. Sa\u011f olsunlar, var olsunlar. Yolumuz \u00e7ok g\u00fczel oldu ve geni\u015f oldu. Ahmetli halk\u0131na, Derek\u00f6y halk\u0131na, vatanda\u015flar\u0131m\u0131za hay\u0131rl\u0131s\u0131 olsun\u201d diye konu\u015ftu. \u201cYILLARDIR BEKLED\u0130\u011e\u0130M\u0130Z YOLLAR ARTIK YAPILIYOR\u201d Demirci \u00d6ks\u00fczl\u00fc Mahalle Muhtar\u0131 Hasan Basri Bozkurt, \u201cY\u0131llard\u0131r bekledi\u011fimiz yollar art\u0131k yap\u0131l\u0131yor. B\u00fcy\u00fck\u015fehir Belediyesi ekipleri taleplerimize duyarl\u0131l\u0131kla yakla\u015f\u0131yor. \u0130lgililer her zaman bizimle ileti\u015fim halinde. Eme\u011fi ge\u00e7en herkese te\u015fekk\u00fcr ediyoruz\u201d &hellip;\" \/>\n<meta property=\"og:url\" content=\"https:\/\/denizcankizil.tr\/ru\/haberler\/gundem\/manisa-buyuksehirden-ilcelere-asfalt-atagi\/\" \/>\n<meta property=\"og:site_name\" content=\"Av. Deniz Can K\u0131z\u0131l\" \/>\n<meta property=\"article:published_time\" content=\"2025-07-02T14:43:40+00:00\" \/>\n<meta name=\"author\" content=\"admin\" \/>\n<meta name=\"twitter:card\" content=\"summary_large_image\" \/>\n<meta name=\"twitter:label1\" content=\"\u041d\u0430\u043f\u0438\u0441\u0430\u043d\u043e \u0430\u0432\u0442\u043e\u0440\u043e\u043c\" \/>\n\t<meta name=\"twitter:data1\" content=\"admin\" \/>\n\t<meta name=\"twitter:label2\" content=\"\u041f\u0440\u0438\u043c\u0435\u0440\u043d\u043e\u0435 \u0432\u0440\u0435\u043c\u044f \u0434\u043b\u044f \u0447\u0442\u0435\u043d\u0438\u044f\" \/>\n\t<meta name=\"twitter:data2\" content=\"5 \u043c\u0438\u043d\u0443\u0442\" \/>\n<script type=\"application\/ld+json\" class=\"yoast-schema-graph\">{\"@context\":\"https:\/\/schema.org\",\"@graph\":[{\"@type\":\"Article\",\"@id\":\"https:\/\/denizcankizil.tr\/uk\/haberler\/gundem\/manisa-buyuksehirden-ilcelere-asfalt-atagi\/#article\",\"isPartOf\":{\"@id\":\"https:\/\/denizcankizil.tr\/uk\/haberler\/gundem\/manisa-buyuksehirden-ilcelere-asfalt-atagi\/\"},\"author\":{\"name\":\"admin\",\"@id\":\"https:\/\/denizcankizil.tr\/de\/#\/schema\/person\/be3c05fe6a12686905512445d8185489\"},\"headline\":\"Manisa B\u00fcy\u00fck\u015fehir\u2019den il\u00e7elere asfalt ata\u011f\u0131\",\"datePublished\":\"2025-07-02T14:43:40+00:00\",\"mainEntityOfPage\":{\"@id\":\"https:\/\/denizcankizil.tr\/uk\/haberler\/gundem\/manisa-buyuksehirden-ilcelere-asfalt-atagi\/\"},\"wordCount\":1004,\"publisher\":{\"@id\":\"https:\/\/denizcankizil.tr\/de\/#organization\"},\"articleSection\":[\"G\u00fcndem\"],\"inLanguage\":\"ru-RU\"},{\"@type\":\"WebPage\",\"@id\":\"https:\/\/denizcankizil.tr\/uk\/haberler\/gundem\/manisa-buyuksehirden-ilcelere-asfalt-atagi\/\",\"url\":\"https:\/\/denizcankizil.tr\/uk\/haberler\/gundem\/manisa-buyuksehirden-ilcelere-asfalt-atagi\/\",\"name\":\"Manisa B\u00fcy\u00fck\u015fehir\u2019den il\u00e7elere asfalt ata\u011f\u0131 - Av. Deniz Can K\u0131z\u0131l\",\"isPartOf\":{\"@id\":\"https:\/\/denizcankizil.tr\/de\/#website\"},\"datePublished\":\"2025-07-02T14:43:40+00:00\",\"breadcrumb\":{\"@id\":\"https:\/\/denizcankizil.tr\/uk\/haberler\/gundem\/manisa-buyuksehirden-ilcelere-asfalt-atagi\/#breadcrumb\"},\"inLanguage\":\"ru-RU\",\"potentialAction\":[{\"@type\":\"ReadAction\",\"target\":[\"https:\/\/denizcankizil.tr\/uk\/haberler\/gundem\/manisa-buyuksehirden-ilcelere-asfalt-atagi\/\"]}]},{\"@type\":\"BreadcrumbList\",\"@id\":\"https:\/\/denizcankizil.tr\/uk\/haberler\/gundem\/manisa-buyuksehirden-ilcelere-asfalt-atagi\/#breadcrumb\",\"itemListElement\":[{\"@type\":\"ListItem\",\"position\":1,\"name\":\"Home\",\"item\":\"https:\/\/denizcankizil.tr\/de\/\"},{\"@type\":\"ListItem\",\"position\":2,\"name\":\"Manisa B\u00fcy\u00fck\u015fehir\u2019den il\u00e7elere asfalt ata\u011f\u0131\"}]},{\"@type\":\"WebSite\",\"@id\":\"https:\/\/denizcankizil.tr\/de\/#website\",\"url\":\"https:\/\/denizcankizil.tr\/de\/\",\"name\":\"Av. Deniz Can K\u0131z\u0131l\",\"description\":\"Avukat Deniz Can K\u0131z\u0131l Antalya Barosu\",\"publisher\":{\"@id\":\"https:\/\/denizcankizil.tr\/de\/#organization\"},\"potentialAction\":[{\"@type\":\"SearchAction\",\"target\":{\"@type\":\"EntryPoint\",\"urlTemplate\":\"https:\/\/denizcankizil.tr\/de\/?s={search_term_string}\"},\"query-input\":{\"@type\":\"PropertyValueSpecification\",\"valueRequired\":true,\"valueName\":\"search_term_string\"}}],\"inLanguage\":\"ru-RU\"},{\"@type\":\"Organization\",\"@id\":\"https:\/\/denizcankizil.tr\/de\/#organization\",\"name\":\"Av. Deniz Can K\u0131z\u0131l\",\"url\":\"https:\/\/denizcankizil.tr\/de\/\",\"logo\":{\"@type\":\"ImageObject\",\"inLanguage\":\"ru-RU\",\"@id\":\"https:\/\/denizcankizil.tr\/de\/#\/schema\/logo\/image\/\",\"url\":\"https:\/\/denizcankizil.tr\/wp-content\/uploads\/2024\/10\/siyah-logo-svg.svg\",\"contentUrl\":\"https:\/\/denizcankizil.tr\/wp-content\/uploads\/2024\/10\/siyah-logo-svg.svg\",\"width\":1080,\"height\":1080,\"caption\":\"Av. Deniz Can K\u0131z\u0131l\"},\"image\":{\"@id\":\"https:\/\/denizcankizil.tr\/de\/#\/schema\/logo\/image\/\"}},{\"@type\":\"Person\",\"@id\":\"https:\/\/denizcankizil.tr\/de\/#\/schema\/person\/be3c05fe6a12686905512445d8185489\",\"name\":\"admin\",\"image\":{\"@type\":\"ImageObject\",\"inLanguage\":\"ru-RU\",\"@id\":\"https:\/\/denizcankizil.tr\/de\/#\/schema\/person\/image\/\",\"url\":\"https:\/\/secure.gravatar.com\/avatar\/c1fce94c830dc79107e174f890d7210541c4a63e8e5d816341794a2151c9d58c?s=96&d=mm&r=g\",\"contentUrl\":\"https:\/\/secure.gravatar.com\/avatar\/c1fce94c830dc79107e174f890d7210541c4a63e8e5d816341794a2151c9d58c?s=96&d=mm&r=g\",\"caption\":\"admin\"},\"sameAs\":[\"http:\/\/denizcankizil.tr\"],\"url\":\"https:\/\/www.iskenderun.org\/manisa-buyuksehirden-ilcelere-asfalt-atagi\"}]}<\/script>\n<!-- \/ Yoast SEO Premium plugin. -->","yoast_head_json":{"title":"Manisa B\u00fcy\u00fck\u015fehir\u2019den il\u00e7elere asfalt ata\u011f\u0131 - Av. Deniz Can K\u0131z\u0131l","robots":{"index":"index","follow":"follow","max-snippet":"max-snippet:-1","max-image-preview":"max-image-preview:large","max-video-preview":"max-video-preview:-1"},"canonical":"https:\/\/denizcankizil.tr\/ru\/haberler\/gundem\/manisa-buyuksehirden-ilcelere-asfalt-atagi\/","og_locale":"ru_RU","og_type":"article","og_title":"Manisa B\u00fcy\u00fck\u015fehir\u2019den il\u00e7elere asfalt ata\u011f\u0131","og_description":"Manisa B\u00fcy\u00fck\u015fehir Belediyesi, kentin d\u00f6rt bir yan\u0131nda yol yap\u0131m ve asfaltlama \u00e7al\u0131\u015fmalar\u0131n\u0131 aral\u0131ks\u0131z s\u00fcrd\u00fcr\u00fcyor.MAN\u0130SA (\u0130GFA) &#8211; Manisa B\u00fcy\u00fck\u015fehir Belediye Ba\u015fkan\u0131 Besim Dutlulu\u2019nun \u201cHizmette aksama olmadan devam\u201d y\u00f6n\u00fcndeki talimat\u0131yla, uzun y\u0131llard\u0131r beklenen yollar tek tek programa al\u0131narak yenileniyor. Son olarak Ahmetli, Demirci ve Salihli il\u00e7elerinde ger\u00e7ekle\u015ftirilen asfalt \u00e7al\u0131\u015fmalar\u0131, mahalle sakinleri taraf\u0131ndan memnuniyetle kar\u015f\u0131land\u0131. Vatanda\u015flar\u0131n ya\u015fam kalitesini art\u0131racak yat\u0131r\u0131mlara devam eden Manisa B\u00fcy\u00fck\u015fehir Belediyesi Fen \u0130\u015fleri Dairesi Ba\u015fkanl\u0131\u011f\u0131 ekipleri; Ahmetli Derek\u00f6y, Demirci \u00d6ks\u00fczl\u00fc ve Salihli Kemer-Kale mahallelerinde asfalt \u00e7al\u0131\u015fmalar\u0131n\u0131 tamamlad\u0131. Mahalle muhtarlar\u0131 ve vatanda\u015flar, yap\u0131lan hizmetler i\u00e7in memnuniyetlerini dile getirdi. \u201cS\u00d6ZLER\u0130N\u0130 TUTTULAR, ARKASINI GET\u0130RD\u0130LER\u201d Ahmetli Derek\u00f6y Muhtar\u0131 Ramazan Kozan, \u201cAhmetli\u2019den Derek\u00f6y\u2019e piknik alan\u0131na geliyor vatanda\u015flar. Yol dar oldu\u011fu i\u00e7in \u00e7ok sorun \u00e7\u0131k\u0131yordu, \u00e7ok bozuktu. B\u00fcy\u00fck\u015fehir\u2019e dilek\u00e7e verdim. Ferdi Ba\u015fkan\u2019\u0131m\u0131z da s\u00f6z verdi yapmak i\u00e7in. \u2018S\u00f6z, bu yolunu en g\u00fczel \u015fekilde yapaca\u011f\u0131m\u2019 dedi. Ferdi Ba\u015fkan\u2019\u0131m\u0131za Allah rahmet eylesin, Besim Ba\u015fkan\u2019\u0131m\u0131z onun s\u00f6z\u00fcn\u00fc tuttu, o gitti diye b\u0131rakmad\u0131lar, arkas\u0131n\u0131 getirdiler. Sa\u011f olsunlar, var olsunlar. Yolumuz \u00e7ok g\u00fczel oldu ve geni\u015f oldu. Ahmetli halk\u0131na, Derek\u00f6y halk\u0131na, vatanda\u015flar\u0131m\u0131za hay\u0131rl\u0131s\u0131 olsun\u201d diye konu\u015ftu. \u201cYILLARDIR BEKLED\u0130\u011e\u0130M\u0130Z YOLLAR ARTIK YAPILIYOR\u201d Demirci \u00d6ks\u00fczl\u00fc Mahalle Muhtar\u0131 Hasan Basri Bozkurt, \u201cY\u0131llard\u0131r bekledi\u011fimiz yollar art\u0131k yap\u0131l\u0131yor. B\u00fcy\u00fck\u015fehir Belediyesi ekipleri taleplerimize duyarl\u0131l\u0131kla yakla\u015f\u0131yor. \u0130lgililer her zaman bizimle ileti\u015fim halinde. Eme\u011fi ge\u00e7en herkese te\u015fekk\u00fcr ediyoruz\u201d &hellip;","og_url":"https:\/\/denizcankizil.tr\/ru\/haberler\/gundem\/manisa-buyuksehirden-ilcelere-asfalt-atagi\/","og_site_name":"Av. Deniz Can K\u0131z\u0131l","article_published_time":"2025-07-02T14:43:40+00:00","author":"admin","twitter_card":"summary_large_image","twitter_misc":{"\u041d\u0430\u043f\u0438\u0441\u0430\u043d\u043e \u0430\u0432\u0442\u043e\u0440\u043e\u043c":"admin","\u041f\u0440\u0438\u043c\u0435\u0440\u043d\u043e\u0435 \u0432\u0440\u0435\u043c\u044f \u0434\u043b\u044f \u0447\u0442\u0435\u043d\u0438\u044f":"5 \u043c\u0438\u043d\u0443\u0442"},"schema":{"@context":"https:\/\/schema.org","@graph":[{"@type":"Article","@id":"https:\/\/denizcankizil.tr\/uk\/haberler\/gundem\/manisa-buyuksehirden-ilcelere-asfalt-atagi\/#article","isPartOf":{"@id":"https:\/\/denizcankizil.tr\/uk\/haberler\/gundem\/manisa-buyuksehirden-ilcelere-asfalt-atagi\/"},"author":{"name":"admin","@id":"https:\/\/denizcankizil.tr\/de\/#\/schema\/person\/be3c05fe6a12686905512445d8185489"},"headline":"Manisa B\u00fcy\u00fck\u015fehir\u2019den il\u00e7elere asfalt ata\u011f\u0131","datePublished":"2025-07-02T14:43:40+00:00","mainEntityOfPage":{"@id":"https:\/\/denizcankizil.tr\/uk\/haberler\/gundem\/manisa-buyuksehirden-ilcelere-asfalt-atagi\/"},"wordCount":1004,"publisher":{"@id":"https:\/\/denizcankizil.tr\/de\/#organization"},"articleSection":["G\u00fcndem"],"inLanguage":"ru-RU"},{"@type":"WebPage","@id":"https:\/\/denizcankizil.tr\/uk\/haberler\/gundem\/manisa-buyuksehirden-ilcelere-asfalt-atagi\/","url":"https:\/\/denizcankizil.tr\/uk\/haberler\/gundem\/manisa-buyuksehirden-ilcelere-asfalt-atagi\/","name":"Manisa B\u00fcy\u00fck\u015fehir\u2019den il\u00e7elere asfalt ata\u011f\u0131 - Av. Deniz Can K\u0131z\u0131l","isPartOf":{"@id":"https:\/\/denizcankizil.tr\/de\/#website"},"datePublished":"2025-07-02T14:43:40+00:00","breadcrumb":{"@id":"https:\/\/denizcankizil.tr\/uk\/haberler\/gundem\/manisa-buyuksehirden-ilcelere-asfalt-atagi\/#breadcrumb"},"inLanguage":"ru-RU","potentialAction":[{"@type":"ReadAction","target":["https:\/\/denizcankizil.tr\/uk\/haberler\/gundem\/manisa-buyuksehirden-ilcelere-asfalt-atagi\/"]}]},{"@type":"BreadcrumbList","@id":"https:\/\/denizcankizil.tr\/uk\/haberler\/gundem\/manisa-buyuksehirden-ilcelere-asfalt-atagi\/#breadcrumb","itemListElement":[{"@type":"ListItem","position":1,"name":"Home","item":"https:\/\/denizcankizil.tr\/de\/"},{"@type":"ListItem","position":2,"name":"Manisa B\u00fcy\u00fck\u015fehir\u2019den il\u00e7elere asfalt ata\u011f\u0131"}]},{"@type":"WebSite","@id":"https:\/\/denizcankizil.tr\/de\/#website","url":"https:\/\/denizcankizil.tr\/de\/","name":"Av. Deniz Can K\u0131z\u0131l","description":"Avukat Deniz Can K\u0131z\u0131l Antalya Barosu","publisher":{"@id":"https:\/\/denizcankizil.tr\/de\/#organization"},"potentialAction":[{"@type":"SearchAction","target":{"@type":"EntryPoint","urlTemplate":"https:\/\/denizcankizil.tr\/de\/?s={search_term_string}"},"query-input":{"@type":"PropertyValueSpecification","valueRequired":true,"valueName":"search_term_string"}}],"inLanguage":"ru-RU"},{"@type":"Organization","@id":"https:\/\/denizcankizil.tr\/de\/#organization","name":"Av. Deniz Can K\u0131z\u0131l","url":"https:\/\/denizcankizil.tr\/de\/","logo":{"@type":"ImageObject","inLanguage":"ru-RU","@id":"https:\/\/denizcankizil.tr\/de\/#\/schema\/logo\/image\/","url":"https:\/\/denizcankizil.tr\/wp-content\/uploads\/2024\/10\/siyah-logo-svg.svg","contentUrl":"https:\/\/denizcankizil.tr\/wp-content\/uploads\/2024\/10\/siyah-logo-svg.svg","width":1080,"height":1080,"caption":"Av. Deniz Can K\u0131z\u0131l"},"image":{"@id":"https:\/\/denizcankizil.tr\/de\/#\/schema\/logo\/image\/"}},{"@type":"Person","@id":"https:\/\/denizcankizil.tr\/de\/#\/schema\/person\/be3c05fe6a12686905512445d8185489","name":"\u0430\u0434\u043c\u0438\u043d","image":{"@type":"ImageObject","inLanguage":"ru-RU","@id":"https:\/\/denizcankizil.tr\/de\/#\/schema\/person\/image\/","url":"https:\/\/secure.gravatar.com\/avatar\/c1fce94c830dc79107e174f890d7210541c4a63e8e5d816341794a2151c9d58c?s=96&d=mm&r=g","contentUrl":"https:\/\/secure.gravatar.com\/avatar\/c1fce94c830dc79107e174f890d7210541c4a63e8e5d816341794a2151c9d58c?s=96&d=mm&r=g","caption":"admin"},"sameAs":["http:\/\/denizcankizil.tr"],"url":"https:\/\/www.iskenderun.org\/manisa-buyuksehirden-ilcelere-asfalt-atagi"}]}},"_links":{"self":[{"href":"https:\/\/denizcankizil.tr\/ru\/wp-json\/wp\/v2\/posts\/133750","targetHints":{"allow":["GET"]}}],"collection":[{"href":"https:\/\/denizcankizil.tr\/ru\/wp-json\/wp\/v2\/posts"}],"about":[{"href":"https:\/\/denizcankizil.tr\/ru\/wp-json\/wp\/v2\/types\/post"}],"author":[{"embeddable":true,"href":"https:\/\/denizcankizil.tr\/ru\/wp-json\/wp\/v2\/users\/1"}],"replies":[{"embeddable":true,"href":"https:\/\/denizcankizil.tr\/ru\/wp-json\/wp\/v2\/comments?post=133750"}],"version-history":[{"count":0,"href":"https:\/\/denizcankizil.tr\/ru\/wp-json\/wp\/v2\/posts\/133750\/revisions"}],"wp:attachment":[{"href":"https:\/\/denizcankizil.tr\/ru\/wp-json\/wp\/v2\/media?parent=133750"}],"wp:term":[{"taxonomy":"category","embeddable":true,"href":"https:\/\/denizcankizil.tr\/ru\/wp-json\/wp\/v2\/categories?post=133750"},{"taxonomy":"post_tag","embeddable":true,"href":"https:\/\/denizcankizil.tr\/ru\/wp-json\/wp\/v2\/tags?post=133750"}],"curies":[{"name":"wp","href":"https:\/\/api.w.org\/{rel}","templated":true}]}}