{"id":133613,"date":"2025-07-02T15:41:35","date_gmt":"2025-07-02T12:41:35","guid":{"rendered":"https:\/\/denizcankizil.tr\/uncategorized-tr\/kiracilardan-hukumete-ve-muhalefete-cagri-kiralar-uctu-sessiz-kalmayin\/"},"modified":"2025-07-02T15:41:35","modified_gmt":"2025-07-02T12:41:35","slug":"kiracilardan-hukumete-ve-muhalefete-cagri-kiralar-uctu-sessiz-kalmayin","status":"publish","type":"post","link":"https:\/\/denizcankizil.tr\/ru\/haberler\/gundem\/kiracilardan-hukumete-ve-muhalefete-cagri-kiralar-uctu-sessiz-kalmayin\/","title":{"rendered":"Kirac\u0131lardan h\u00fck\u00fcmete ve muhalefete \u00e7a\u011fr\u0131: \u201cKiralar u\u00e7tu, sessiz kalmay\u0131n!\u201d"},"content":{"rendered":"<p>T\u00fcrkiye genelinde derinle\u015fen bar\u0131nma krizine kar\u015f\u0131 Kirac\u0131lar Dayan\u0131\u015fma Derne\u011fi, h\u00fck\u00fcmete ve muhalefete ortak bir \u00e7a\u011fr\u0131da bulundu. Kirac\u0131lar Dayan\u0131\u015fma Derne\u011fi Ba\u015fkan\u0131 Cengiz Kul\u2019un yapt\u0131\u011f\u0131 a\u00e7\u0131klamada, \u201cKiralar son \u00fc\u00e7 y\u0131lda y\u00fczde 400\u2019e yak\u0131n artt\u0131, \u00fccretler bu art\u0131\u015f\u0131 kar\u015f\u0131lam\u0131yor. Bu d\u00fczen s\u00fcrd\u00fcr\u00fclemez\u201d dedi. Dernek ba\u015fta dar gelirli aileler, \u00f6\u011frenciler, emekliler ve \u00e7al\u0131\u015fanlar olmak \u00fczere milyonlarca ki\u015finin bar\u0131nma hakk\u0131n\u0131n tehdit alt\u0131nda oldu\u011funu vurgulad\u0131.<\/p>\n<p>BARINMA KR\u0130Z\u0130, TOPLUMSAL KR\u0130ZE D\u00d6N\u00dc\u015eT\u00dc<\/p>\n<p>Ba\u015fkan Kul yapt\u0131\u011f\u0131 a\u00e7\u0131klamada, fahi\u015f kira art\u0131\u015flar\u0131n\u0131n yaln\u0131zca ekonomik de\u011fil ayn\u0131 zamanda sosyal bir \u00e7\u00f6k\u00fc\u015f\u00fcn i\u015fareti oldu\u011funu belirtti. \u0130nsanlar\u0131n ev bulamad\u0131\u011f\u0131n\u0131, ev bulsa dahi kiras\u0131n\u0131 \u00f6deyemedi\u011fini; \u00f6deyenlerin ise temel ihtiya\u00e7lar\u0131n\u0131 kar\u015f\u0131layamaz hale geldi\u011fini vurgulad\u0131. Kul, \u201cKirac\u0131 olmak, her ay yeniden yoksullukla pazarl\u0131k etmek anlam\u0131na geliyor. Bu kriz art\u0131k sadece bar\u0131nma de\u011fil ayn\u0131 zamanda g\u0131da, sa\u011fl\u0131k ve e\u011fitim gibi temel haklara da eri\u015fimi engelliyor\u201d dedi.<\/p>\n<p>\u201cSORUMLULUK S\u0130Z\u0130N\u201d<\/p>\n<p> \u00b7 Kirac\u0131lar Dayan\u0131\u015fmas\u0131 Derne\u011fi\u2019nin h\u00fck\u00fcmete y\u00f6nelik \u00e7a\u011fr\u0131s\u0131nda \u015fu talepler \u00f6ne \u00e7\u0131kt\u0131:<\/p>\n<p> \u00b7 Fahi\u015f kira art\u0131\u015flar\u0131n\u0131 \u00f6nlemek i\u00e7in ba\u011flay\u0131c\u0131 ve kal\u0131c\u0131 yasal d\u00fczenlemeler yap\u0131lmal\u0131,<\/p>\n<p> \u00b7 Dar gelirli vatanda\u015flara y\u00f6nelik kira destek programlar\u0131 derhal hayata ge\u00e7irilmeli,<\/p>\n<p> \u00b7 Sosyal konut projeleri sadece ka\u011f\u0131t \u00fczerinde kalmamal\u0131, sahada in\u015fa edilmeli,<\/p>\n<p> \u00b7 Emlak spek\u00fclat\u00f6rlerine kar\u015f\u0131 etkili denetim ve cezai yapt\u0131r\u0131mlar uygulanmal\u0131.<\/p>\n<p>\u201cPAS\u0130F G\u00d6ZLEMC\u0130 DE\u011e\u0130L, \u00c7\u00d6Z\u00dcM ORTA\u011eI OLUN\u201d <\/p>\n<p>A\u00e7\u0131klaman\u0131n muhalefete y\u00f6nelik k\u0131sm\u0131nda ise se\u00e7im d\u00f6nemleri d\u0131\u015f\u0131nda kirac\u0131lar\u0131n sorunlar\u0131n\u0131n yeterince sahiplenilmedi\u011fi vurguland\u0131. Dernek, muhalefet partilerine ise \u015fu \u00e7a\u011fr\u0131da bulundu:<\/p>\n<p> \u00b7 Bar\u0131nma krizini g\u00fcndemde tutun, somut sosyal konut politikalar\u0131 geli\u015ftirin,<\/p>\n<p> \u00b7 Belediyeleriniz arac\u0131l\u0131\u011f\u0131yla kirac\u0131lara y\u00f6nelik destek mekanizmalar\u0131n\u0131 art\u0131r\u0131n,<\/p>\n<p> \u00b7 Kirac\u0131lar\u0131n ya\u015fad\u0131\u011f\u0131 sorunlara kar\u015f\u0131 kamuoyu bask\u0131s\u0131 olu\u015fturun.<\/p>\n<p>\u201cK\u0130RACIYSAN YALNIZ DE\u011e\u0130LS\u0130N\u201d<\/p>\n<p>Kirac\u0131lar Dayan\u0131\u015fma Derne\u011fi Ba\u015fkan\u0131 Cengiz Kul, a\u00e7\u0131klamas\u0131nda kirac\u0131 olman\u0131n bir su\u00e7 gibi g\u00f6sterilemeyece\u011fini s\u00f6yleyerek \u015funlar\u0131 dile getirdi:<\/p>\n<p>\u201cYoksulluk bireysel de\u011fil, sistemsel bir sorundur. Kirac\u0131lar\u0131n sesi b\u00fcy\u00fcyor. Bu sesi duymazdan gelen her yap\u0131, toplumsal sorumlulu\u011funu yerine getirmemi\u015f olur. Kirac\u0131ysan yaln\u0131z de\u011filsin. Dayan\u0131\u015fmaday\u0131z, m\u00fccadeledeyiz.\u201d<\/p>\n<p>\u200bKirac\u0131lar Dayan\u0131\u015fmas\u0131 Derne\u011fi, artan kira fiyatlar\u0131 kar\u015f\u0131s\u0131nda h\u00fck\u00fcmet ve muhalefete ortak \u00e7a\u011fr\u0131 yapt\u0131. \u201cBar\u0131nma krizi toplumsal bir \u00e7\u00f6k\u00fc\u015fe d\u00f6n\u00fc\u015f\u00fcyor\u201d uyar\u0131s\u0131nda bulunan dernek, sosyal konut projelerinin h\u0131zland\u0131r\u0131lmas\u0131n\u0131 ve kira destek programlar\u0131n\u0131n hayata ge\u00e7irilmesini talep etti.\u00a0<\/p>\n<p>\u200bHaberin Al\u0131nt\u0131land\u0131\u011f\u0131 Kaynak: www.antalyakorfez.com<\/p>","protected":false},"excerpt":{"rendered":"<p>T\u00fcrkiye genelinde derinle\u015fen bar\u0131nma krizine kar\u015f\u0131 Kirac\u0131lar Dayan\u0131\u015fma Derne\u011fi, h\u00fck\u00fcmete ve muhalefete ortak bir \u00e7a\u011fr\u0131da bulundu. Kirac\u0131lar Dayan\u0131\u015fma Derne\u011fi Ba\u015fkan\u0131 Cengiz Kul\u2019un yapt\u0131\u011f\u0131 a\u00e7\u0131klamada, \u201cKiralar son \u00fc\u00e7 y\u0131lda y\u00fczde 400\u2019e yak\u0131n artt\u0131, \u00fccretler bu art\u0131\u015f\u0131 kar\u015f\u0131lam\u0131yor. Bu d\u00fczen s\u00fcrd\u00fcr\u00fclemez\u201d dedi. Dernek ba\u015fta dar gelirli aileler, \u00f6\u011frenciler, emekliler ve \u00e7al\u0131\u015fanlar olmak \u00fczere milyonlarca ki\u015finin bar\u0131nma hakk\u0131n\u0131n tehdit alt\u0131nda oldu\u011funu vurgulad\u0131. BARINMA KR\u0130Z\u0130, TOPLUMSAL KR\u0130ZE D\u00d6N\u00dc\u015eT\u00dc Ba\u015fkan Kul yapt\u0131\u011f\u0131 a\u00e7\u0131klamada, fahi\u015f kira art\u0131\u015flar\u0131n\u0131n yaln\u0131zca ekonomik de\u011fil ayn\u0131 zamanda sosyal bir \u00e7\u00f6k\u00fc\u015f\u00fcn i\u015fareti oldu\u011funu belirtti. \u0130nsanlar\u0131n ev bulamad\u0131\u011f\u0131n\u0131, ev bulsa dahi kiras\u0131n\u0131 \u00f6deyemedi\u011fini; \u00f6deyenlerin ise temel ihtiya\u00e7lar\u0131n\u0131 kar\u015f\u0131layamaz hale geldi\u011fini vurgulad\u0131. Kul, \u201cKirac\u0131 olmak, her ay yeniden yoksullukla pazarl\u0131k etmek anlam\u0131na geliyor. Bu kriz art\u0131k sadece bar\u0131nma de\u011fil ayn\u0131 zamanda g\u0131da, sa\u011fl\u0131k ve e\u011fitim gibi temel haklara da eri\u015fimi engelliyor\u201d dedi. \u201cSORUMLULUK S\u0130Z\u0130N\u201d \u00b7 Kirac\u0131lar Dayan\u0131\u015fmas\u0131 Derne\u011fi\u2019nin h\u00fck\u00fcmete y\u00f6nelik \u00e7a\u011fr\u0131s\u0131nda \u015fu talepler \u00f6ne \u00e7\u0131kt\u0131: \u00b7 Fahi\u015f kira art\u0131\u015flar\u0131n\u0131 \u00f6nlemek i\u00e7in ba\u011flay\u0131c\u0131 ve kal\u0131c\u0131 yasal d\u00fczenlemeler yap\u0131lmal\u0131, \u00b7 Dar gelirli vatanda\u015flara y\u00f6nelik kira destek programlar\u0131 derhal hayata ge\u00e7irilmeli, \u00b7 Sosyal konut projeleri sadece ka\u011f\u0131t \u00fczerinde kalmamal\u0131, sahada in\u015fa edilmeli, \u00b7 Emlak spek\u00fclat\u00f6rlerine kar\u015f\u0131 etkili denetim ve cezai yapt\u0131r\u0131mlar uygulanmal\u0131. \u201cPAS\u0130F G\u00d6ZLEMC\u0130 DE\u011e\u0130L, \u00c7\u00d6Z\u00dcM ORTA\u011eI OLUN\u201d A\u00e7\u0131klaman\u0131n muhalefete y\u00f6nelik k\u0131sm\u0131nda ise se\u00e7im d\u00f6nemleri d\u0131\u015f\u0131nda kirac\u0131lar\u0131n &hellip;<\/p>","protected":false},"author":5,"featured_media":0,"comment_status":"","ping_status":"open","sticky":false,"template":"","format":"standard","meta":{"_acf_changed":false,"footnotes":""},"categories":[24],"tags":[],"class_list":["post-133613","post","type-post","status-publish","format-standard","has-post-thumbnail","hentry","category-gundem"],"acf":[],"yoast_head":"<!-- This site is optimized with the Yoast SEO Premium plugin v26.6 (Yoast SEO v27.1.1) - https:\/\/yoast.com\/product\/yoast-seo-premium-wordpress\/ -->\n<title>Kirac\u0131lardan h\u00fck\u00fcmete ve muhalefete \u00e7a\u011fr\u0131: \u201cKiralar u\u00e7tu, sessiz kalmay\u0131n!\u201d - Av. Deniz Can K\u0131z\u0131l<\/title>\n<meta name=\"robots\" content=\"index, follow, max-snippet:-1, max-image-preview:large, max-video-preview:-1\" \/>\n<link rel=\"canonical\" href=\"https:\/\/denizcankizil.tr\/ru\/haberler\/gundem\/kiracilardan-hukumete-ve-muhalefete-cagri-kiralar-uctu-sessiz-kalmayin\/\" \/>\n<meta property=\"og:locale\" content=\"ru_RU\" \/>\n<meta property=\"og:type\" content=\"article\" \/>\n<meta property=\"og:title\" content=\"Kirac\u0131lardan h\u00fck\u00fcmete ve muhalefete \u00e7a\u011fr\u0131: \u201cKiralar u\u00e7tu, sessiz kalmay\u0131n!\u201d\" \/>\n<meta property=\"og:description\" content=\"T\u00fcrkiye genelinde derinle\u015fen bar\u0131nma krizine kar\u015f\u0131 Kirac\u0131lar Dayan\u0131\u015fma Derne\u011fi, h\u00fck\u00fcmete ve muhalefete ortak bir \u00e7a\u011fr\u0131da bulundu. Kirac\u0131lar Dayan\u0131\u015fma Derne\u011fi Ba\u015fkan\u0131 Cengiz Kul\u2019un yapt\u0131\u011f\u0131 a\u00e7\u0131klamada, \u201cKiralar son \u00fc\u00e7 y\u0131lda y\u00fczde 400\u2019e yak\u0131n artt\u0131, \u00fccretler bu art\u0131\u015f\u0131 kar\u015f\u0131lam\u0131yor. Bu d\u00fczen s\u00fcrd\u00fcr\u00fclemez\u201d dedi. Dernek ba\u015fta dar gelirli aileler, \u00f6\u011frenciler, emekliler ve \u00e7al\u0131\u015fanlar olmak \u00fczere milyonlarca ki\u015finin bar\u0131nma hakk\u0131n\u0131n tehdit alt\u0131nda oldu\u011funu vurgulad\u0131. BARINMA KR\u0130Z\u0130, TOPLUMSAL KR\u0130ZE D\u00d6N\u00dc\u015eT\u00dc Ba\u015fkan Kul yapt\u0131\u011f\u0131 a\u00e7\u0131klamada, fahi\u015f kira art\u0131\u015flar\u0131n\u0131n yaln\u0131zca ekonomik de\u011fil ayn\u0131 zamanda sosyal bir \u00e7\u00f6k\u00fc\u015f\u00fcn i\u015fareti oldu\u011funu belirtti. \u0130nsanlar\u0131n ev bulamad\u0131\u011f\u0131n\u0131, ev bulsa dahi kiras\u0131n\u0131 \u00f6deyemedi\u011fini; \u00f6deyenlerin ise temel ihtiya\u00e7lar\u0131n\u0131 kar\u015f\u0131layamaz hale geldi\u011fini vurgulad\u0131. Kul, \u201cKirac\u0131 olmak, her ay yeniden yoksullukla pazarl\u0131k etmek anlam\u0131na geliyor. Bu kriz art\u0131k sadece bar\u0131nma de\u011fil ayn\u0131 zamanda g\u0131da, sa\u011fl\u0131k ve e\u011fitim gibi temel haklara da eri\u015fimi engelliyor\u201d dedi. \u201cSORUMLULUK S\u0130Z\u0130N\u201d \u00b7 Kirac\u0131lar Dayan\u0131\u015fmas\u0131 Derne\u011fi\u2019nin h\u00fck\u00fcmete y\u00f6nelik \u00e7a\u011fr\u0131s\u0131nda \u015fu talepler \u00f6ne \u00e7\u0131kt\u0131: \u00b7 Fahi\u015f kira art\u0131\u015flar\u0131n\u0131 \u00f6nlemek i\u00e7in ba\u011flay\u0131c\u0131 ve kal\u0131c\u0131 yasal d\u00fczenlemeler yap\u0131lmal\u0131, \u00b7 Dar gelirli vatanda\u015flara y\u00f6nelik kira destek programlar\u0131 derhal hayata ge\u00e7irilmeli, \u00b7 Sosyal konut projeleri sadece ka\u011f\u0131t \u00fczerinde kalmamal\u0131, sahada in\u015fa edilmeli, \u00b7 Emlak spek\u00fclat\u00f6rlerine kar\u015f\u0131 etkili denetim ve cezai yapt\u0131r\u0131mlar uygulanmal\u0131. \u201cPAS\u0130F G\u00d6ZLEMC\u0130 DE\u011e\u0130L, \u00c7\u00d6Z\u00dcM ORTA\u011eI OLUN\u201d A\u00e7\u0131klaman\u0131n muhalefete y\u00f6nelik k\u0131sm\u0131nda ise se\u00e7im d\u00f6nemleri d\u0131\u015f\u0131nda kirac\u0131lar\u0131n &hellip;\" \/>\n<meta property=\"og:url\" content=\"https:\/\/denizcankizil.tr\/ru\/haberler\/gundem\/kiracilardan-hukumete-ve-muhalefete-cagri-kiralar-uctu-sessiz-kalmayin\/\" \/>\n<meta property=\"og:site_name\" content=\"Av. Deniz Can K\u0131z\u0131l\" \/>\n<meta property=\"article:published_time\" content=\"2025-07-02T12:41:35+00:00\" \/>\n<meta name=\"author\" content=\"Antalya K\u00f6rfez\" \/>\n<meta name=\"twitter:card\" content=\"summary_large_image\" \/>\n<meta name=\"twitter:label1\" content=\"\u041d\u0430\u043f\u0438\u0441\u0430\u043d\u043e \u0430\u0432\u0442\u043e\u0440\u043e\u043c\" \/>\n\t<meta name=\"twitter:data1\" content=\"Antalya K\u00f6rfez\" \/>\n\t<meta name=\"twitter:label2\" content=\"\u041f\u0440\u0438\u043c\u0435\u0440\u043d\u043e\u0435 \u0432\u0440\u0435\u043c\u044f \u0434\u043b\u044f \u0447\u0442\u0435\u043d\u0438\u044f\" \/>\n\t<meta name=\"twitter:data2\" content=\"2 \u043c\u0438\u043d\u0443\u0442\u044b\" \/>\n<script type=\"application\/ld+json\" class=\"yoast-schema-graph\">{\"@context\":\"https:\/\/schema.org\",\"@graph\":[{\"@type\":\"Article\",\"@id\":\"https:\/\/denizcankizil.tr\/uk\/haberler\/gundem\/kiracilardan-hukumete-ve-muhalefete-cagri-kiralar-uctu-sessiz-kalmayin\/#article\",\"isPartOf\":{\"@id\":\"https:\/\/denizcankizil.tr\/uk\/haberler\/gundem\/kiracilardan-hukumete-ve-muhalefete-cagri-kiralar-uctu-sessiz-kalmayin\/\"},\"author\":{\"name\":\"Antalya K\u00f6rfez\",\"@id\":\"https:\/\/denizcankizil.tr\/de\/#\/schema\/person\/e1eb71bb4dd684d46563f0af307e1234\"},\"headline\":\"Kirac\u0131lardan h\u00fck\u00fcmete ve muhalefete \u00e7a\u011fr\u0131: \u201cKiralar u\u00e7tu, sessiz kalmay\u0131n!\u201d\",\"datePublished\":\"2025-07-02T12:41:35+00:00\",\"mainEntityOfPage\":{\"@id\":\"https:\/\/denizcankizil.tr\/uk\/haberler\/gundem\/kiracilardan-hukumete-ve-muhalefete-cagri-kiralar-uctu-sessiz-kalmayin\/\"},\"wordCount\":505,\"publisher\":{\"@id\":\"https:\/\/denizcankizil.tr\/de\/#organization\"},\"articleSection\":[\"G\u00fcndem\"],\"inLanguage\":\"ru-RU\"},{\"@type\":\"WebPage\",\"@id\":\"https:\/\/denizcankizil.tr\/uk\/haberler\/gundem\/kiracilardan-hukumete-ve-muhalefete-cagri-kiralar-uctu-sessiz-kalmayin\/\",\"url\":\"https:\/\/denizcankizil.tr\/uk\/haberler\/gundem\/kiracilardan-hukumete-ve-muhalefete-cagri-kiralar-uctu-sessiz-kalmayin\/\",\"name\":\"Kirac\u0131lardan h\u00fck\u00fcmete ve muhalefete \u00e7a\u011fr\u0131: \u201cKiralar u\u00e7tu, sessiz kalmay\u0131n!\u201d - Av. Deniz Can K\u0131z\u0131l\",\"isPartOf\":{\"@id\":\"https:\/\/denizcankizil.tr\/de\/#website\"},\"datePublished\":\"2025-07-02T12:41:35+00:00\",\"breadcrumb\":{\"@id\":\"https:\/\/denizcankizil.tr\/uk\/haberler\/gundem\/kiracilardan-hukumete-ve-muhalefete-cagri-kiralar-uctu-sessiz-kalmayin\/#breadcrumb\"},\"inLanguage\":\"ru-RU\",\"potentialAction\":[{\"@type\":\"ReadAction\",\"target\":[\"https:\/\/denizcankizil.tr\/uk\/haberler\/gundem\/kiracilardan-hukumete-ve-muhalefete-cagri-kiralar-uctu-sessiz-kalmayin\/\"]}]},{\"@type\":\"BreadcrumbList\",\"@id\":\"https:\/\/denizcankizil.tr\/uk\/haberler\/gundem\/kiracilardan-hukumete-ve-muhalefete-cagri-kiralar-uctu-sessiz-kalmayin\/#breadcrumb\",\"itemListElement\":[{\"@type\":\"ListItem\",\"position\":1,\"name\":\"Home\",\"item\":\"https:\/\/denizcankizil.tr\/de\/\"},{\"@type\":\"ListItem\",\"position\":2,\"name\":\"Kirac\u0131lardan h\u00fck\u00fcmete ve muhalefete \u00e7a\u011fr\u0131: \u201cKiralar u\u00e7tu, sessiz kalmay\u0131n!\u201d\"}]},{\"@type\":\"WebSite\",\"@id\":\"https:\/\/denizcankizil.tr\/de\/#website\",\"url\":\"https:\/\/denizcankizil.tr\/de\/\",\"name\":\"Av. Deniz Can K\u0131z\u0131l\",\"description\":\"Avukat Deniz Can K\u0131z\u0131l Antalya Barosu\",\"publisher\":{\"@id\":\"https:\/\/denizcankizil.tr\/de\/#organization\"},\"potentialAction\":[{\"@type\":\"SearchAction\",\"target\":{\"@type\":\"EntryPoint\",\"urlTemplate\":\"https:\/\/denizcankizil.tr\/de\/?s={search_term_string}\"},\"query-input\":{\"@type\":\"PropertyValueSpecification\",\"valueRequired\":true,\"valueName\":\"search_term_string\"}}],\"inLanguage\":\"ru-RU\"},{\"@type\":\"Organization\",\"@id\":\"https:\/\/denizcankizil.tr\/de\/#organization\",\"name\":\"Av. Deniz Can K\u0131z\u0131l\",\"url\":\"https:\/\/denizcankizil.tr\/de\/\",\"logo\":{\"@type\":\"ImageObject\",\"inLanguage\":\"ru-RU\",\"@id\":\"https:\/\/denizcankizil.tr\/de\/#\/schema\/logo\/image\/\",\"url\":\"https:\/\/denizcankizil.tr\/wp-content\/uploads\/2024\/10\/siyah-logo-svg.svg\",\"contentUrl\":\"https:\/\/denizcankizil.tr\/wp-content\/uploads\/2024\/10\/siyah-logo-svg.svg\",\"width\":1080,\"height\":1080,\"caption\":\"Av. Deniz Can K\u0131z\u0131l\"},\"image\":{\"@id\":\"https:\/\/denizcankizil.tr\/de\/#\/schema\/logo\/image\/\"}},{\"@type\":\"Person\",\"@id\":\"https:\/\/denizcankizil.tr\/de\/#\/schema\/person\/e1eb71bb4dd684d46563f0af307e1234\",\"name\":\"Antalya K\u00f6rfez\",\"image\":{\"@type\":\"ImageObject\",\"inLanguage\":\"ru-RU\",\"@id\":\"https:\/\/denizcankizil.tr\/de\/#\/schema\/person\/image\/\",\"url\":\"https:\/\/secure.gravatar.com\/avatar\/42b01982558a48a0b501fdcab6a408d3717ea5919095ee2e67b0e521799c5905?s=96&d=mm&r=g\",\"contentUrl\":\"https:\/\/secure.gravatar.com\/avatar\/42b01982558a48a0b501fdcab6a408d3717ea5919095ee2e67b0e521799c5905?s=96&d=mm&r=g\",\"caption\":\"Antalya K\u00f6rfez\"},\"sameAs\":[\"http:\/\/www.antalyakorfez.com\"],\"url\":\"https:\/\/www.antalyakorfez.com\/kiracilardan-hukumete-ve-muhalefete-cagri-kiralar-uctu-sessiz-kalmayin\"}]}<\/script>\n<!-- \/ Yoast SEO Premium plugin. -->","yoast_head_json":{"title":"Kirac\u0131lardan h\u00fck\u00fcmete ve muhalefete \u00e7a\u011fr\u0131: \u201cKiralar u\u00e7tu, sessiz kalmay\u0131n!\u201d - Av. Deniz Can K\u0131z\u0131l","robots":{"index":"index","follow":"follow","max-snippet":"max-snippet:-1","max-image-preview":"max-image-preview:large","max-video-preview":"max-video-preview:-1"},"canonical":"https:\/\/denizcankizil.tr\/ru\/haberler\/gundem\/kiracilardan-hukumete-ve-muhalefete-cagri-kiralar-uctu-sessiz-kalmayin\/","og_locale":"ru_RU","og_type":"article","og_title":"Kirac\u0131lardan h\u00fck\u00fcmete ve muhalefete \u00e7a\u011fr\u0131: \u201cKiralar u\u00e7tu, sessiz kalmay\u0131n!\u201d","og_description":"T\u00fcrkiye genelinde derinle\u015fen bar\u0131nma krizine kar\u015f\u0131 Kirac\u0131lar Dayan\u0131\u015fma Derne\u011fi, h\u00fck\u00fcmete ve muhalefete ortak bir \u00e7a\u011fr\u0131da bulundu. Kirac\u0131lar Dayan\u0131\u015fma Derne\u011fi Ba\u015fkan\u0131 Cengiz Kul\u2019un yapt\u0131\u011f\u0131 a\u00e7\u0131klamada, \u201cKiralar son \u00fc\u00e7 y\u0131lda y\u00fczde 400\u2019e yak\u0131n artt\u0131, \u00fccretler bu art\u0131\u015f\u0131 kar\u015f\u0131lam\u0131yor. Bu d\u00fczen s\u00fcrd\u00fcr\u00fclemez\u201d dedi. Dernek ba\u015fta dar gelirli aileler, \u00f6\u011frenciler, emekliler ve \u00e7al\u0131\u015fanlar olmak \u00fczere milyonlarca ki\u015finin bar\u0131nma hakk\u0131n\u0131n tehdit alt\u0131nda oldu\u011funu vurgulad\u0131. BARINMA KR\u0130Z\u0130, TOPLUMSAL KR\u0130ZE D\u00d6N\u00dc\u015eT\u00dc Ba\u015fkan Kul yapt\u0131\u011f\u0131 a\u00e7\u0131klamada, fahi\u015f kira art\u0131\u015flar\u0131n\u0131n yaln\u0131zca ekonomik de\u011fil ayn\u0131 zamanda sosyal bir \u00e7\u00f6k\u00fc\u015f\u00fcn i\u015fareti oldu\u011funu belirtti. \u0130nsanlar\u0131n ev bulamad\u0131\u011f\u0131n\u0131, ev bulsa dahi kiras\u0131n\u0131 \u00f6deyemedi\u011fini; \u00f6deyenlerin ise temel ihtiya\u00e7lar\u0131n\u0131 kar\u015f\u0131layamaz hale geldi\u011fini vurgulad\u0131. Kul, \u201cKirac\u0131 olmak, her ay yeniden yoksullukla pazarl\u0131k etmek anlam\u0131na geliyor. Bu kriz art\u0131k sadece bar\u0131nma de\u011fil ayn\u0131 zamanda g\u0131da, sa\u011fl\u0131k ve e\u011fitim gibi temel haklara da eri\u015fimi engelliyor\u201d dedi. \u201cSORUMLULUK S\u0130Z\u0130N\u201d \u00b7 Kirac\u0131lar Dayan\u0131\u015fmas\u0131 Derne\u011fi\u2019nin h\u00fck\u00fcmete y\u00f6nelik \u00e7a\u011fr\u0131s\u0131nda \u015fu talepler \u00f6ne \u00e7\u0131kt\u0131: \u00b7 Fahi\u015f kira art\u0131\u015flar\u0131n\u0131 \u00f6nlemek i\u00e7in ba\u011flay\u0131c\u0131 ve kal\u0131c\u0131 yasal d\u00fczenlemeler yap\u0131lmal\u0131, \u00b7 Dar gelirli vatanda\u015flara y\u00f6nelik kira destek programlar\u0131 derhal hayata ge\u00e7irilmeli, \u00b7 Sosyal konut projeleri sadece ka\u011f\u0131t \u00fczerinde kalmamal\u0131, sahada in\u015fa edilmeli, \u00b7 Emlak spek\u00fclat\u00f6rlerine kar\u015f\u0131 etkili denetim ve cezai yapt\u0131r\u0131mlar uygulanmal\u0131. \u201cPAS\u0130F G\u00d6ZLEMC\u0130 DE\u011e\u0130L, \u00c7\u00d6Z\u00dcM ORTA\u011eI OLUN\u201d A\u00e7\u0131klaman\u0131n muhalefete y\u00f6nelik k\u0131sm\u0131nda ise se\u00e7im d\u00f6nemleri d\u0131\u015f\u0131nda kirac\u0131lar\u0131n &hellip;","og_url":"https:\/\/denizcankizil.tr\/ru\/haberler\/gundem\/kiracilardan-hukumete-ve-muhalefete-cagri-kiralar-uctu-sessiz-kalmayin\/","og_site_name":"Av. Deniz Can K\u0131z\u0131l","article_published_time":"2025-07-02T12:41:35+00:00","author":"Antalya K\u00f6rfez","twitter_card":"summary_large_image","twitter_misc":{"\u041d\u0430\u043f\u0438\u0441\u0430\u043d\u043e \u0430\u0432\u0442\u043e\u0440\u043e\u043c":"Antalya K\u00f6rfez","\u041f\u0440\u0438\u043c\u0435\u0440\u043d\u043e\u0435 \u0432\u0440\u0435\u043c\u044f \u0434\u043b\u044f \u0447\u0442\u0435\u043d\u0438\u044f":"2 \u043c\u0438\u043d\u0443\u0442\u044b"},"schema":{"@context":"https:\/\/schema.org","@graph":[{"@type":"Article","@id":"https:\/\/denizcankizil.tr\/uk\/haberler\/gundem\/kiracilardan-hukumete-ve-muhalefete-cagri-kiralar-uctu-sessiz-kalmayin\/#article","isPartOf":{"@id":"https:\/\/denizcankizil.tr\/uk\/haberler\/gundem\/kiracilardan-hukumete-ve-muhalefete-cagri-kiralar-uctu-sessiz-kalmayin\/"},"author":{"name":"Antalya K\u00f6rfez","@id":"https:\/\/denizcankizil.tr\/de\/#\/schema\/person\/e1eb71bb4dd684d46563f0af307e1234"},"headline":"Kirac\u0131lardan h\u00fck\u00fcmete ve muhalefete \u00e7a\u011fr\u0131: \u201cKiralar u\u00e7tu, sessiz kalmay\u0131n!\u201d","datePublished":"2025-07-02T12:41:35+00:00","mainEntityOfPage":{"@id":"https:\/\/denizcankizil.tr\/uk\/haberler\/gundem\/kiracilardan-hukumete-ve-muhalefete-cagri-kiralar-uctu-sessiz-kalmayin\/"},"wordCount":505,"publisher":{"@id":"https:\/\/denizcankizil.tr\/de\/#organization"},"articleSection":["G\u00fcndem"],"inLanguage":"ru-RU"},{"@type":"WebPage","@id":"https:\/\/denizcankizil.tr\/uk\/haberler\/gundem\/kiracilardan-hukumete-ve-muhalefete-cagri-kiralar-uctu-sessiz-kalmayin\/","url":"https:\/\/denizcankizil.tr\/uk\/haberler\/gundem\/kiracilardan-hukumete-ve-muhalefete-cagri-kiralar-uctu-sessiz-kalmayin\/","name":"Kirac\u0131lardan h\u00fck\u00fcmete ve muhalefete \u00e7a\u011fr\u0131: \u201cKiralar u\u00e7tu, sessiz kalmay\u0131n!\u201d - Av. Deniz Can K\u0131z\u0131l","isPartOf":{"@id":"https:\/\/denizcankizil.tr\/de\/#website"},"datePublished":"2025-07-02T12:41:35+00:00","breadcrumb":{"@id":"https:\/\/denizcankizil.tr\/uk\/haberler\/gundem\/kiracilardan-hukumete-ve-muhalefete-cagri-kiralar-uctu-sessiz-kalmayin\/#breadcrumb"},"inLanguage":"ru-RU","potentialAction":[{"@type":"ReadAction","target":["https:\/\/denizcankizil.tr\/uk\/haberler\/gundem\/kiracilardan-hukumete-ve-muhalefete-cagri-kiralar-uctu-sessiz-kalmayin\/"]}]},{"@type":"BreadcrumbList","@id":"https:\/\/denizcankizil.tr\/uk\/haberler\/gundem\/kiracilardan-hukumete-ve-muhalefete-cagri-kiralar-uctu-sessiz-kalmayin\/#breadcrumb","itemListElement":[{"@type":"ListItem","position":1,"name":"Home","item":"https:\/\/denizcankizil.tr\/de\/"},{"@type":"ListItem","position":2,"name":"Kirac\u0131lardan h\u00fck\u00fcmete ve muhalefete \u00e7a\u011fr\u0131: \u201cKiralar u\u00e7tu, sessiz kalmay\u0131n!\u201d"}]},{"@type":"WebSite","@id":"https:\/\/denizcankizil.tr\/de\/#website","url":"https:\/\/denizcankizil.tr\/de\/","name":"Av. Deniz Can K\u0131z\u0131l","description":"Avukat Deniz Can K\u0131z\u0131l Antalya Barosu","publisher":{"@id":"https:\/\/denizcankizil.tr\/de\/#organization"},"potentialAction":[{"@type":"SearchAction","target":{"@type":"EntryPoint","urlTemplate":"https:\/\/denizcankizil.tr\/de\/?s={search_term_string}"},"query-input":{"@type":"PropertyValueSpecification","valueRequired":true,"valueName":"search_term_string"}}],"inLanguage":"ru-RU"},{"@type":"Organization","@id":"https:\/\/denizcankizil.tr\/de\/#organization","name":"Av. Deniz Can K\u0131z\u0131l","url":"https:\/\/denizcankizil.tr\/de\/","logo":{"@type":"ImageObject","inLanguage":"ru-RU","@id":"https:\/\/denizcankizil.tr\/de\/#\/schema\/logo\/image\/","url":"https:\/\/denizcankizil.tr\/wp-content\/uploads\/2024\/10\/siyah-logo-svg.svg","contentUrl":"https:\/\/denizcankizil.tr\/wp-content\/uploads\/2024\/10\/siyah-logo-svg.svg","width":1080,"height":1080,"caption":"Av. Deniz Can K\u0131z\u0131l"},"image":{"@id":"https:\/\/denizcankizil.tr\/de\/#\/schema\/logo\/image\/"}},{"@type":"Person","@id":"https:\/\/denizcankizil.tr\/de\/#\/schema\/person\/e1eb71bb4dd684d46563f0af307e1234","name":"Antalya K\u00f6rfez","image":{"@type":"ImageObject","inLanguage":"ru-RU","@id":"https:\/\/denizcankizil.tr\/de\/#\/schema\/person\/image\/","url":"https:\/\/secure.gravatar.com\/avatar\/42b01982558a48a0b501fdcab6a408d3717ea5919095ee2e67b0e521799c5905?s=96&d=mm&r=g","contentUrl":"https:\/\/secure.gravatar.com\/avatar\/42b01982558a48a0b501fdcab6a408d3717ea5919095ee2e67b0e521799c5905?s=96&d=mm&r=g","caption":"Antalya K\u00f6rfez"},"sameAs":["http:\/\/www.antalyakorfez.com"],"url":"https:\/\/www.antalyakorfez.com\/kiracilardan-hukumete-ve-muhalefete-cagri-kiralar-uctu-sessiz-kalmayin"}]}},"_links":{"self":[{"href":"https:\/\/denizcankizil.tr\/ru\/wp-json\/wp\/v2\/posts\/133613","targetHints":{"allow":["GET"]}}],"collection":[{"href":"https:\/\/denizcankizil.tr\/ru\/wp-json\/wp\/v2\/posts"}],"about":[{"href":"https:\/\/denizcankizil.tr\/ru\/wp-json\/wp\/v2\/types\/post"}],"author":[{"embeddable":true,"href":"https:\/\/denizcankizil.tr\/ru\/wp-json\/wp\/v2\/users\/5"}],"replies":[{"embeddable":true,"href":"https:\/\/denizcankizil.tr\/ru\/wp-json\/wp\/v2\/comments?post=133613"}],"version-history":[{"count":0,"href":"https:\/\/denizcankizil.tr\/ru\/wp-json\/wp\/v2\/posts\/133613\/revisions"}],"wp:attachment":[{"href":"https:\/\/denizcankizil.tr\/ru\/wp-json\/wp\/v2\/media?parent=133613"}],"wp:term":[{"taxonomy":"category","embeddable":true,"href":"https:\/\/denizcankizil.tr\/ru\/wp-json\/wp\/v2\/categories?post=133613"},{"taxonomy":"post_tag","embeddable":true,"href":"https:\/\/denizcankizil.tr\/ru\/wp-json\/wp\/v2\/tags?post=133613"}],"curies":[{"name":"wp","href":"https:\/\/api.w.org\/{rel}","templated":true}]}}