{"id":133519,"date":"2025-07-02T13:41:57","date_gmt":"2025-07-02T10:41:57","guid":{"rendered":"https:\/\/denizcankizil.tr\/uncategorized-tr\/devletin-konukevine-ozel-sirket-yerlesti\/"},"modified":"2025-07-02T13:41:57","modified_gmt":"2025-07-02T10:41:57","slug":"devletin-konukevine-ozel-sirket-yerlesti","status":"publish","type":"post","link":"https:\/\/denizcankizil.tr\/ru\/haberler\/gundem\/devletin-konukevine-ozel-sirket-yerlesti\/","title":{"rendered":"Devletin konukevine \u00f6zel \u015firket yerle\u015fti!"},"content":{"rendered":"<p>Antalya\u2019n\u0131n Muratpa\u015fa il\u00e7esi Balbey Mahallesi\u2019nde bulunan 19. Y\u00fczy\u0131ldan kalma \u00f6zel m\u00fclkiyete ait tarihi konakta \u015eubat 2018\u2019de yang\u0131n \u00e7\u0131kt\u0131. Yang\u0131nda b\u00fcy\u00fck hasar g\u00f6ren Kilit ailesine ait konak, k\u0131sa s\u00fcre sonra Antalya B\u00fcy\u00fck\u015fehir Belediyesi taraf\u0131ndan kiraland\u0131.<\/p>\n<p>RESTORASYON MASRAFLARININ T\u00dcM\u00dcN\u00dc BELED\u0130YE KAR\u015eILAYACAK<\/p>\n<p>Konak sahibi Kilit ailesinin \u00fcyeleri ile Antalya B\u00fcy\u00fck\u015fehir Belediyesi 3 Nisan 2018 tarihinde yap\u0131lan kira s\u00f6zle\u015fmesinde, 373\/7 parselde kay\u0131tl\u0131 ta\u015f\u0131nmaz\u0131n B\u00fcy\u00fck\u015fehir Belediyesi taraf\u0131ndan restore ettirilmesi ve m\u00fclk sahiplerinden hi\u00e7bir bedel talep edilmemesi y\u00f6n\u00fcnde \u00f6zel \u015fart eklendi. \u0130lk y\u0131l kira bedeli 45.960,00 TL olarak belirlenen s\u00f6zle\u015fmede, kira \u00f6demelerinin yanan kona\u011f\u0131n restorasyonu tamamland\u0131ktan sonra ba\u015flayaca\u011f\u0131 belirtildi. Ancak restorasyonun 1 y\u0131l i\u00e7inde tamamlanmas\u0131 \u015fart\u0131 getirildi. Buna g\u00f6re Antalya B\u00fcy\u00fck\u015fehir Belediyesi\u2019nin t\u00fcm masraflar\u0131n\u0131 kar\u015f\u0131layaca\u011f\u0131 restorasyon projesinin 30 Nisan 2019\u2019da tamamlanmas\u0131 \u015fart\u0131 s\u00f6zle\u015fmeye eklendi. D\u00f6nemin Antalya B\u00fcy\u00fck\u015fehir Belediyesi Emlak ve \u0130stimlak Dairesi Ba\u015fkan\u0131 Mevl\u00fct \u00d6zdemir ile m\u00fclk sahibi aile ad\u0131na M. Kilit taraf\u0131ndan imzalanan kiralama s\u00f6zle\u015fmesinin s\u00fcresi ise 18 y\u0131l olarak belirlendi.<\/p>\n<p>\u2018DEVLET KONUKEV\u0130\u2019 OLARAK KULLANILMASI \u0130\u00c7\u0130N VAL\u0130L\u0130\u011eE VER\u0130LD\u0130<\/p>\n<p>Antalya B\u00fcy\u00fck\u015fehir Belediyesi yanan kona\u011f\u0131 m\u00fclk sahiplerinden 18 y\u0131ll\u0131\u011f\u0131na kiralad\u0131ktan 13 g\u00fcn sonra, 16 Nisan 2018 tarihinde \u201cdevlet konukevi\u201d olarak kullan\u0131lmak \u00fczere Valilik birimlerince restorasyonunun yap\u0131lmas\u0131 i\u00e7in Antalya Valili\u011fi\u2019ne tahsis etti. D\u00f6nemin Antalya B\u00fcy\u00fck\u015fehir Belediyesi Genel Sekreteri, g\u00fcn\u00fcm\u00fczde ise \u015e\u0131rnak Valisi olan Birol Ekici\u2019nin \u2018Olur\u2019uyla yap\u0131lan bu tahsisin ard\u0131ndan yang\u0131nda kullan\u0131lamaz hale gelen tarihi konakta restorasyon s\u00fcreci 2022\u2019de ba\u015flat\u0131ld\u0131. S\u00f6zle\u015fme gere\u011fi B\u00fcy\u00fck\u015fehir Belediyesi yanan konak i\u00e7in yakla\u015f\u0131k 3 y\u0131l hi\u00e7bir i\u015flem yap\u0131lmamas\u0131na ra\u011fmen kira \u00f6demeye devam etti.<\/p>\n<p>SERKAN TEMU\u00c7\u0130N: \u201814 M\u0130LYON 500 B\u0130N TL HARCADIK\u2019<\/p>\n<p>Antalya B\u00fcy\u00fck\u015fehir Belediyesi Fen \u0130\u015fleri Dairesi Ba\u015fkanl\u0131\u011f\u0131 ile Asta\u015f Pro. Mim. Res. Ltd. \u015eti. aras\u0131nda yap\u0131lan 13 Haziran 2022 tarihli restorasyon ihalesi s\u00f6zle\u015fmesine g\u00f6re yanan kona\u011f\u0131n restorasyonu i\u00e7in 7 milyon 386 bin TL \u00f6dendi. S\u00fcre uzat\u0131m\u0131, i\u015f art\u0131\u015f\u0131 gibi gerek\u00e7elerle kona\u011f\u0131n restorasyonunun yakla\u015f\u0131k 1 milyon TL\u2019yi buldu\u011fu belirtiliyor. Antalya B\u00fcy\u00fck\u015fehir Belediyesi Fen \u0130\u015fleri Daire Ba\u015fkan\u0131 Serkan Temu\u00e7in, Balbey\u2019deki tarihi kona\u011f\u0131n restorasyonu s\u00fcrerken 8 Haziran 2023 tarihinde yapt\u0131\u011f\u0131 bir a\u00e7\u0131klamada, \u201cB\u00fcy\u00fck\u015fehir Belediyesi olarak Balbey Mahallesi\u2019nde ayn\u0131 zamanda kentsel d\u00f6n\u00fc\u015f\u00fcm projesi y\u00fcr\u00fct\u00fcrken bir yandan da metruk binay\u0131 restore ediyoruz. \u0130n\u015faat \u00e7al\u0131\u015fmas\u0131n\u0131n tamamlanmas\u0131yla Balbey\u2019in eski cazibesini artt\u0131raca\u011f\u0131z. Bu in\u015faat\u0131n maliyeti yakla\u015f\u0131k 14 milyon 500 bin TL olacak. Antalya Valili\u011fi ile yapm\u0131\u015f oldu\u011fumuz protokol ile binay\u0131 teslim edece\u011fiz\u201d ifadelerini kullanm\u0131\u015ft\u0131.<\/p>\n<p>\u2018DEVLET KONUKEV\u0130 OLARAK ANTALYA\u2019YA H\u0130ZMET VERECEK\u2019T\u0130<\/p>\n<p>Antalya B\u00fcy\u00fck\u015fehir Belediyesi\u2019nin y\u00fcr\u00fctt\u00fc\u011f\u00fc restorasyon projesi Ekim 2023\u2019de tamamland\u0131. B\u00fcy\u00fck\u015fehir Belediyesi\u2019nin 16 Ekim 2023 tarihinde servis etti\u011fi konuyla ilgili haberde, \u201cAntalya B\u00fcy\u00fck\u015fehir Belediyesi, Antalya Valili\u011fi ile yapt\u0131\u011f\u0131 protokole uygun olarak Balbey Mahallesi i\u00e7inde yer alan ve 2018 y\u0131l\u0131nda \u00e7\u0131kan yang\u0131nda zarar g\u00f6rerek metruk hale gelmi\u015f tarihi yap\u0131 i\u00e7in ba\u015flatt\u0131\u011f\u0131 restore \u00e7al\u0131\u015fmas\u0131n\u0131 tamamlad\u0131. Balbey Mahallesi\u2019nin cazibesini artt\u0131racak tescilli bina \u2018Devlet Konuk Evi\u2019 olarak Antalya\u2019ya hizmet verecek\u201d denildi.<\/p>\n<p>DEVLET\u0130N KONUKEV\u0130 \u00d6ZEL \u015e\u0130RKETE L\u00dcKS OF\u0130S YAPILDI<\/p>\n<p>Tarihi kona\u011f\u0131n restorasyonunun tamamlanmas\u0131n\u0131n ard\u0131ndan Antalya Y\u0130KOB b\u00fcnyesinde Eyl\u00fcl 2023\u2019de Ankara\u2019da kurulan, Aral\u0131k 2023\u2019de ise Antalya\u2019ya nakledilen AYDA\u015e A\u015e \u015firketi Antalya Valili\u011fi\u2019nin ek hizmet binas\u0131n\u0131 kullanmaya ba\u015flad\u0131. Ancak bir s\u00fcre sonra kamu kayna\u011f\u0131 harcanarak B\u00fcy\u00fck\u015fehir Belediyesi taraf\u0131ndan restore ettirilen ve \u2018Devlet Konukevi\u2019 olarak kullan\u0131lmak \u00fczere Antalya Valili\u011fi\u2019ne devredilen Balbey\u2019deki Kilit Kona\u011f\u0131, AYDA\u015e \u015firketine ofis yap\u0131ld\u0131.<\/p>\n<p>AYDA\u015e A\u015e GENEL M\u00dcD\u00dcR\u00dc OF\u0130STEN FOTO\u011eRAF PAYLA\u015eTI<\/p>\n<p>\u015eirkete Genel M\u00fcd\u00fcr olarak atanan Adnan G\u00fcle\u015f\u2019in sosyal medyada payla\u015ft\u0131\u011f\u0131 foto\u011frafta tarihi kona\u011f\u0131n ofis olarak kullan\u0131ld\u0131\u011f\u0131n\u0131n g\u00f6r\u00fclmesiyle konu g\u00fcndeme geldi. Kamuda tasarruf tedbirleri uygulan\u0131rken \u2018devlet konukevi\u2019ne yerle\u015fen \u00f6zel \u015firketin milyonlarca liral\u0131k l\u00fcks mefru\u015fat ve mobilyalarla kona\u011f\u0131 donatt\u0131\u011f\u0131 g\u00f6r\u00fcl\u00fcyor. S\u00f6z konusu harcamalar\u0131n Antalya Y\u0130KOB b\u00fct\u00e7esinden mi yoksa Antalya Vali Yard\u0131mc\u0131s\u0131 Yal\u00e7\u0131n Sezgin\u2019in de y\u00f6netiminde yer ald\u0131\u011f\u0131 yeni kurulan \u015firketin kasas\u0131ndan m\u0131 \u00e7\u0131kt\u0131\u011f\u0131 konusunda bir a\u00e7\u0131klama yap\u0131lmad\u0131.<\/p>\n<p>KONA\u011eI VAL\u0130L\u0130K \u015e\u0130RKET\u0130 KULLANIYOR, K\u0130RASINI BELED\u0130YE \u00d6D\u00dcYOR<\/p>\n<p>Devlet konukevine \u00e7\u00f6ken AYDA\u015e \u015firketinin ofisine d\u00f6n\u00fc\u015fen l\u00fcks donan\u0131ml\u0131 kona\u011f\u0131n kiras\u0131n\u0131n ise halen Antalya B\u00fcy\u00fck\u015fehir Belediyesi taraf\u0131ndan \u00f6dendi\u011fi ortaya \u00e7\u0131kt\u0131. Konuyla ilgili bilgisine ba\u015fvurdu\u011fumuz B\u00fcy\u00fck\u015fehir Belediyesi yetkilileri, Kilit Kona\u011f\u0131\u2019n\u0131n kira \u00f6demesinin halen belediye taraf\u0131ndan yap\u0131ld\u0131\u011f\u0131n\u0131 do\u011frulad\u0131. Edindi\u011fimiz bilgiye g\u00f6re yanan tarihi konak i\u00e7in yap\u0131lan restorasyon harcamalar\u0131n\u0131n bir k\u0131sm\u0131n\u0131 da Antalya Valili\u011fi\u2019nin kar\u015f\u0131lad\u0131\u011f\u0131 \u00f6\u011frenildi.<\/p>\n<p>BALBEY\u2019DE B\u00dcT\u00dcN\u00dc KORUMAK YER\u0130NE PARSEL BAZLI UYGULAMA<\/p>\n<p>Antalya\u2019da surlar\u0131n d\u0131\u015f\u0131nda ilk M\u00fcsl\u00fcman-T\u00fcrk yerle\u015fimlerinden biri olan tarihi Balbey Mahallesi, g\u00fcn\u00fcm\u00fczde kent merkezine s\u0131k\u0131\u015f\u0131p kalm\u0131\u015f bir b\u00f6lge. \u00c7ok katmanl\u0131 kentsel dokusuyla b\u00fct\u00fcnc\u00fcl olarak korunmas\u0131 gereken Balbey\u2019deki tarihi konaklar ve evler birer bire yang\u0131nlarla ya da ba\u015fka nedenlerle tahrip oluyor. Antalya B\u00fcy\u00fck\u015fehir Belediyesi\u2019nin b\u00fct\u00fcnc\u00fcl bir koruma, yenileme ve restorasyon projesi yapmak yerine kamu kaynaklar\u0131n\u0131 tek bir parsele ay\u0131ran uygulamas\u0131 dikkat \u00e7ekiyor.<\/p>\n<p>\u200bAntalya\u2019da 2018\u2019de yanan tarihi kona\u011f\u0131 sahibinden kiralayan B\u00fcy\u00fck\u015fehir Belediyesi, 15 milyona yak\u0131n para harcay\u0131p restore etti\u011fi binay\u0131 \u2018devlet konukevi\u2019 yap\u0131lmas\u0131 i\u00e7in Valili\u011fe devretti. Kiras\u0131n\u0131 halen belediyenin \u00f6dedi\u011fi konak ise devlet konukevi de\u011fil, Valili\u011fin kurdu\u011fu \u00f6zel \u015firkete ofis yap\u0131ld\u0131\u2026\u00a0<\/p>\n<p>\u200bHaberin Al\u0131nt\u0131land\u0131\u011f\u0131 Kaynak: www.antalyakorfez.com<\/p>","protected":false},"excerpt":{"rendered":"<p>Antalya\u2019n\u0131n Muratpa\u015fa il\u00e7esi Balbey Mahallesi\u2019nde bulunan 19. Y\u00fczy\u0131ldan kalma \u00f6zel m\u00fclkiyete ait tarihi konakta \u015eubat 2018\u2019de yang\u0131n \u00e7\u0131kt\u0131. Yang\u0131nda b\u00fcy\u00fck hasar g\u00f6ren Kilit ailesine ait konak, k\u0131sa s\u00fcre sonra Antalya B\u00fcy\u00fck\u015fehir Belediyesi taraf\u0131ndan kiraland\u0131. RESTORASYON MASRAFLARININ T\u00dcM\u00dcN\u00dc BELED\u0130YE KAR\u015eILAYACAK Konak sahibi Kilit ailesinin \u00fcyeleri ile Antalya B\u00fcy\u00fck\u015fehir Belediyesi 3 Nisan 2018 tarihinde yap\u0131lan kira s\u00f6zle\u015fmesinde, 373\/7 parselde kay\u0131tl\u0131 ta\u015f\u0131nmaz\u0131n B\u00fcy\u00fck\u015fehir Belediyesi taraf\u0131ndan restore ettirilmesi ve m\u00fclk sahiplerinden hi\u00e7bir bedel talep edilmemesi y\u00f6n\u00fcnde \u00f6zel \u015fart eklendi. \u0130lk y\u0131l kira bedeli 45.960,00 TL olarak belirlenen s\u00f6zle\u015fmede, kira \u00f6demelerinin yanan kona\u011f\u0131n restorasyonu tamamland\u0131ktan sonra ba\u015flayaca\u011f\u0131 belirtildi. Ancak restorasyonun 1 y\u0131l i\u00e7inde tamamlanmas\u0131 \u015fart\u0131 getirildi. Buna g\u00f6re Antalya B\u00fcy\u00fck\u015fehir Belediyesi\u2019nin t\u00fcm masraflar\u0131n\u0131 kar\u015f\u0131layaca\u011f\u0131 restorasyon projesinin 30 Nisan 2019\u2019da tamamlanmas\u0131 \u015fart\u0131 s\u00f6zle\u015fmeye eklendi. D\u00f6nemin Antalya B\u00fcy\u00fck\u015fehir Belediyesi Emlak ve \u0130stimlak Dairesi Ba\u015fkan\u0131 Mevl\u00fct \u00d6zdemir ile m\u00fclk sahibi aile ad\u0131na M. Kilit taraf\u0131ndan imzalanan kiralama s\u00f6zle\u015fmesinin s\u00fcresi ise 18 y\u0131l olarak belirlendi. \u2018DEVLET KONUKEV\u0130\u2019 OLARAK KULLANILMASI \u0130\u00c7\u0130N VAL\u0130L\u0130\u011eE VER\u0130LD\u0130 Antalya B\u00fcy\u00fck\u015fehir Belediyesi yanan kona\u011f\u0131 m\u00fclk sahiplerinden 18 y\u0131ll\u0131\u011f\u0131na kiralad\u0131ktan 13 g\u00fcn sonra, 16 Nisan 2018 tarihinde \u201cdevlet konukevi\u201d olarak kullan\u0131lmak \u00fczere Valilik birimlerince restorasyonunun yap\u0131lmas\u0131 i\u00e7in Antalya Valili\u011fi\u2019ne tahsis etti. D\u00f6nemin Antalya B\u00fcy\u00fck\u015fehir Belediyesi Genel Sekreteri, g\u00fcn\u00fcm\u00fczde ise \u015e\u0131rnak Valisi olan Birol Ekici\u2019nin \u2018Olur\u2019uyla yap\u0131lan bu &hellip;<\/p>","protected":false},"author":5,"featured_media":0,"comment_status":"","ping_status":"open","sticky":false,"template":"","format":"standard","meta":{"_acf_changed":false,"footnotes":""},"categories":[24],"tags":[],"class_list":["post-133519","post","type-post","status-publish","format-standard","has-post-thumbnail","hentry","category-gundem"],"acf":[],"yoast_head":"<!-- This site is optimized with the Yoast SEO Premium plugin v26.6 (Yoast SEO v27.1.1) - https:\/\/yoast.com\/product\/yoast-seo-premium-wordpress\/ -->\n<title>Devletin konukevine \u00f6zel \u015firket yerle\u015fti! - Av. Deniz Can K\u0131z\u0131l<\/title>\n<meta name=\"robots\" content=\"index, follow, max-snippet:-1, max-image-preview:large, max-video-preview:-1\" \/>\n<link rel=\"canonical\" href=\"http:\/\/denizcankizil.tr\/ru\/haberler\/gundem\/devletin-konukevine-ozel-sirket-yerlesti\/\" \/>\n<meta property=\"og:locale\" content=\"ru_RU\" \/>\n<meta property=\"og:type\" content=\"article\" \/>\n<meta property=\"og:title\" content=\"Devletin konukevine \u00f6zel \u015firket yerle\u015fti!\" \/>\n<meta property=\"og:description\" content=\"Antalya\u2019n\u0131n Muratpa\u015fa il\u00e7esi Balbey Mahallesi\u2019nde bulunan 19. Y\u00fczy\u0131ldan kalma \u00f6zel m\u00fclkiyete ait tarihi konakta \u015eubat 2018\u2019de yang\u0131n \u00e7\u0131kt\u0131. Yang\u0131nda b\u00fcy\u00fck hasar g\u00f6ren Kilit ailesine ait konak, k\u0131sa s\u00fcre sonra Antalya B\u00fcy\u00fck\u015fehir Belediyesi taraf\u0131ndan kiraland\u0131. RESTORASYON MASRAFLARININ T\u00dcM\u00dcN\u00dc BELED\u0130YE KAR\u015eILAYACAK Konak sahibi Kilit ailesinin \u00fcyeleri ile Antalya B\u00fcy\u00fck\u015fehir Belediyesi 3 Nisan 2018 tarihinde yap\u0131lan kira s\u00f6zle\u015fmesinde, 373\/7 parselde kay\u0131tl\u0131 ta\u015f\u0131nmaz\u0131n B\u00fcy\u00fck\u015fehir Belediyesi taraf\u0131ndan restore ettirilmesi ve m\u00fclk sahiplerinden hi\u00e7bir bedel talep edilmemesi y\u00f6n\u00fcnde \u00f6zel \u015fart eklendi. \u0130lk y\u0131l kira bedeli 45.960,00 TL olarak belirlenen s\u00f6zle\u015fmede, kira \u00f6demelerinin yanan kona\u011f\u0131n restorasyonu tamamland\u0131ktan sonra ba\u015flayaca\u011f\u0131 belirtildi. Ancak restorasyonun 1 y\u0131l i\u00e7inde tamamlanmas\u0131 \u015fart\u0131 getirildi. Buna g\u00f6re Antalya B\u00fcy\u00fck\u015fehir Belediyesi\u2019nin t\u00fcm masraflar\u0131n\u0131 kar\u015f\u0131layaca\u011f\u0131 restorasyon projesinin 30 Nisan 2019\u2019da tamamlanmas\u0131 \u015fart\u0131 s\u00f6zle\u015fmeye eklendi. D\u00f6nemin Antalya B\u00fcy\u00fck\u015fehir Belediyesi Emlak ve \u0130stimlak Dairesi Ba\u015fkan\u0131 Mevl\u00fct \u00d6zdemir ile m\u00fclk sahibi aile ad\u0131na M. Kilit taraf\u0131ndan imzalanan kiralama s\u00f6zle\u015fmesinin s\u00fcresi ise 18 y\u0131l olarak belirlendi. \u2018DEVLET KONUKEV\u0130\u2019 OLARAK KULLANILMASI \u0130\u00c7\u0130N VAL\u0130L\u0130\u011eE VER\u0130LD\u0130 Antalya B\u00fcy\u00fck\u015fehir Belediyesi yanan kona\u011f\u0131 m\u00fclk sahiplerinden 18 y\u0131ll\u0131\u011f\u0131na kiralad\u0131ktan 13 g\u00fcn sonra, 16 Nisan 2018 tarihinde \u201cdevlet konukevi\u201d olarak kullan\u0131lmak \u00fczere Valilik birimlerince restorasyonunun yap\u0131lmas\u0131 i\u00e7in Antalya Valili\u011fi\u2019ne tahsis etti. D\u00f6nemin Antalya B\u00fcy\u00fck\u015fehir Belediyesi Genel Sekreteri, g\u00fcn\u00fcm\u00fczde ise \u015e\u0131rnak Valisi olan Birol Ekici\u2019nin \u2018Olur\u2019uyla yap\u0131lan bu &hellip;\" \/>\n<meta property=\"og:url\" content=\"http:\/\/denizcankizil.tr\/ru\/haberler\/gundem\/devletin-konukevine-ozel-sirket-yerlesti\/\" \/>\n<meta property=\"og:site_name\" content=\"Av. Deniz Can K\u0131z\u0131l\" \/>\n<meta property=\"article:published_time\" content=\"2025-07-02T10:41:57+00:00\" \/>\n<meta name=\"author\" content=\"Antalya K\u00f6rfez\" \/>\n<meta name=\"twitter:card\" content=\"summary_large_image\" \/>\n<meta name=\"twitter:label1\" content=\"\u041d\u0430\u043f\u0438\u0441\u0430\u043d\u043e \u0430\u0432\u0442\u043e\u0440\u043e\u043c\" \/>\n\t<meta name=\"twitter:data1\" content=\"Antalya K\u00f6rfez\" \/>\n\t<meta name=\"twitter:label2\" content=\"\u041f\u0440\u0438\u043c\u0435\u0440\u043d\u043e\u0435 \u0432\u0440\u0435\u043c\u044f \u0434\u043b\u044f \u0447\u0442\u0435\u043d\u0438\u044f\" \/>\n\t<meta name=\"twitter:data2\" content=\"5 \u043c\u0438\u043d\u0443\u0442\" \/>\n<script type=\"application\/ld+json\" class=\"yoast-schema-graph\">{\"@context\":\"https:\/\/schema.org\",\"@graph\":[{\"@type\":\"Article\",\"@id\":\"http:\/\/denizcankizil.tr\/uk\/haberler\/gundem\/devletin-konukevine-ozel-sirket-yerlesti\/#article\",\"isPartOf\":{\"@id\":\"http:\/\/denizcankizil.tr\/uk\/haberler\/gundem\/devletin-konukevine-ozel-sirket-yerlesti\/\"},\"author\":{\"name\":\"Antalya K\u00f6rfez\",\"@id\":\"https:\/\/denizcankizil.tr\/de\/#\/schema\/person\/e1eb71bb4dd684d46563f0af307e1234\"},\"headline\":\"Devletin konukevine \u00f6zel \u015firket yerle\u015fti!\",\"datePublished\":\"2025-07-02T10:41:57+00:00\",\"mainEntityOfPage\":{\"@id\":\"http:\/\/denizcankizil.tr\/uk\/haberler\/gundem\/devletin-konukevine-ozel-sirket-yerlesti\/\"},\"wordCount\":1068,\"publisher\":{\"@id\":\"https:\/\/denizcankizil.tr\/de\/#organization\"},\"articleSection\":[\"G\u00fcndem\"],\"inLanguage\":\"ru-RU\"},{\"@type\":\"WebPage\",\"@id\":\"http:\/\/denizcankizil.tr\/uk\/haberler\/gundem\/devletin-konukevine-ozel-sirket-yerlesti\/\",\"url\":\"http:\/\/denizcankizil.tr\/uk\/haberler\/gundem\/devletin-konukevine-ozel-sirket-yerlesti\/\",\"name\":\"Devletin konukevine \u00f6zel \u015firket yerle\u015fti! - Av. Deniz Can K\u0131z\u0131l\",\"isPartOf\":{\"@id\":\"https:\/\/denizcankizil.tr\/de\/#website\"},\"datePublished\":\"2025-07-02T10:41:57+00:00\",\"breadcrumb\":{\"@id\":\"http:\/\/denizcankizil.tr\/uk\/haberler\/gundem\/devletin-konukevine-ozel-sirket-yerlesti\/#breadcrumb\"},\"inLanguage\":\"ru-RU\",\"potentialAction\":[{\"@type\":\"ReadAction\",\"target\":[\"http:\/\/denizcankizil.tr\/uk\/haberler\/gundem\/devletin-konukevine-ozel-sirket-yerlesti\/\"]}]},{\"@type\":\"BreadcrumbList\",\"@id\":\"http:\/\/denizcankizil.tr\/uk\/haberler\/gundem\/devletin-konukevine-ozel-sirket-yerlesti\/#breadcrumb\",\"itemListElement\":[{\"@type\":\"ListItem\",\"position\":1,\"name\":\"Home\",\"item\":\"https:\/\/denizcankizil.tr\/de\/\"},{\"@type\":\"ListItem\",\"position\":2,\"name\":\"Devletin konukevine \u00f6zel \u015firket yerle\u015fti!\"}]},{\"@type\":\"WebSite\",\"@id\":\"https:\/\/denizcankizil.tr\/de\/#website\",\"url\":\"https:\/\/denizcankizil.tr\/de\/\",\"name\":\"Av. Deniz Can K\u0131z\u0131l\",\"description\":\"Avukat Deniz Can K\u0131z\u0131l Antalya Barosu\",\"publisher\":{\"@id\":\"https:\/\/denizcankizil.tr\/de\/#organization\"},\"potentialAction\":[{\"@type\":\"SearchAction\",\"target\":{\"@type\":\"EntryPoint\",\"urlTemplate\":\"https:\/\/denizcankizil.tr\/de\/?s={search_term_string}\"},\"query-input\":{\"@type\":\"PropertyValueSpecification\",\"valueRequired\":true,\"valueName\":\"search_term_string\"}}],\"inLanguage\":\"ru-RU\"},{\"@type\":\"Organization\",\"@id\":\"https:\/\/denizcankizil.tr\/de\/#organization\",\"name\":\"Av. Deniz Can K\u0131z\u0131l\",\"url\":\"https:\/\/denizcankizil.tr\/de\/\",\"logo\":{\"@type\":\"ImageObject\",\"inLanguage\":\"ru-RU\",\"@id\":\"https:\/\/denizcankizil.tr\/de\/#\/schema\/logo\/image\/\",\"url\":\"https:\/\/denizcankizil.tr\/wp-content\/uploads\/2024\/10\/siyah-logo-svg.svg\",\"contentUrl\":\"https:\/\/denizcankizil.tr\/wp-content\/uploads\/2024\/10\/siyah-logo-svg.svg\",\"width\":1080,\"height\":1080,\"caption\":\"Av. Deniz Can K\u0131z\u0131l\"},\"image\":{\"@id\":\"https:\/\/denizcankizil.tr\/de\/#\/schema\/logo\/image\/\"}},{\"@type\":\"Person\",\"@id\":\"https:\/\/denizcankizil.tr\/de\/#\/schema\/person\/e1eb71bb4dd684d46563f0af307e1234\",\"name\":\"Antalya K\u00f6rfez\",\"image\":{\"@type\":\"ImageObject\",\"inLanguage\":\"ru-RU\",\"@id\":\"https:\/\/denizcankizil.tr\/de\/#\/schema\/person\/image\/\",\"url\":\"https:\/\/secure.gravatar.com\/avatar\/42b01982558a48a0b501fdcab6a408d3717ea5919095ee2e67b0e521799c5905?s=96&d=mm&r=g\",\"contentUrl\":\"https:\/\/secure.gravatar.com\/avatar\/42b01982558a48a0b501fdcab6a408d3717ea5919095ee2e67b0e521799c5905?s=96&d=mm&r=g\",\"caption\":\"Antalya K\u00f6rfez\"},\"sameAs\":[\"http:\/\/www.antalyakorfez.com\"],\"url\":\"https:\/\/www.antalyakorfez.com\/devletin-konukevine-ozel-sirket-yerlesti\"}]}<\/script>\n<!-- \/ Yoast SEO Premium plugin. -->","yoast_head_json":{"title":"Devletin konukevine \u00f6zel \u015firket yerle\u015fti! - Av. Deniz Can K\u0131z\u0131l","robots":{"index":"index","follow":"follow","max-snippet":"max-snippet:-1","max-image-preview":"max-image-preview:large","max-video-preview":"max-video-preview:-1"},"canonical":"http:\/\/denizcankizil.tr\/ru\/haberler\/gundem\/devletin-konukevine-ozel-sirket-yerlesti\/","og_locale":"ru_RU","og_type":"article","og_title":"Devletin konukevine \u00f6zel \u015firket yerle\u015fti!","og_description":"Antalya\u2019n\u0131n Muratpa\u015fa il\u00e7esi Balbey Mahallesi\u2019nde bulunan 19. Y\u00fczy\u0131ldan kalma \u00f6zel m\u00fclkiyete ait tarihi konakta \u015eubat 2018\u2019de yang\u0131n \u00e7\u0131kt\u0131. Yang\u0131nda b\u00fcy\u00fck hasar g\u00f6ren Kilit ailesine ait konak, k\u0131sa s\u00fcre sonra Antalya B\u00fcy\u00fck\u015fehir Belediyesi taraf\u0131ndan kiraland\u0131. RESTORASYON MASRAFLARININ T\u00dcM\u00dcN\u00dc BELED\u0130YE KAR\u015eILAYACAK Konak sahibi Kilit ailesinin \u00fcyeleri ile Antalya B\u00fcy\u00fck\u015fehir Belediyesi 3 Nisan 2018 tarihinde yap\u0131lan kira s\u00f6zle\u015fmesinde, 373\/7 parselde kay\u0131tl\u0131 ta\u015f\u0131nmaz\u0131n B\u00fcy\u00fck\u015fehir Belediyesi taraf\u0131ndan restore ettirilmesi ve m\u00fclk sahiplerinden hi\u00e7bir bedel talep edilmemesi y\u00f6n\u00fcnde \u00f6zel \u015fart eklendi. \u0130lk y\u0131l kira bedeli 45.960,00 TL olarak belirlenen s\u00f6zle\u015fmede, kira \u00f6demelerinin yanan kona\u011f\u0131n restorasyonu tamamland\u0131ktan sonra ba\u015flayaca\u011f\u0131 belirtildi. Ancak restorasyonun 1 y\u0131l i\u00e7inde tamamlanmas\u0131 \u015fart\u0131 getirildi. Buna g\u00f6re Antalya B\u00fcy\u00fck\u015fehir Belediyesi\u2019nin t\u00fcm masraflar\u0131n\u0131 kar\u015f\u0131layaca\u011f\u0131 restorasyon projesinin 30 Nisan 2019\u2019da tamamlanmas\u0131 \u015fart\u0131 s\u00f6zle\u015fmeye eklendi. D\u00f6nemin Antalya B\u00fcy\u00fck\u015fehir Belediyesi Emlak ve \u0130stimlak Dairesi Ba\u015fkan\u0131 Mevl\u00fct \u00d6zdemir ile m\u00fclk sahibi aile ad\u0131na M. Kilit taraf\u0131ndan imzalanan kiralama s\u00f6zle\u015fmesinin s\u00fcresi ise 18 y\u0131l olarak belirlendi. \u2018DEVLET KONUKEV\u0130\u2019 OLARAK KULLANILMASI \u0130\u00c7\u0130N VAL\u0130L\u0130\u011eE VER\u0130LD\u0130 Antalya B\u00fcy\u00fck\u015fehir Belediyesi yanan kona\u011f\u0131 m\u00fclk sahiplerinden 18 y\u0131ll\u0131\u011f\u0131na kiralad\u0131ktan 13 g\u00fcn sonra, 16 Nisan 2018 tarihinde \u201cdevlet konukevi\u201d olarak kullan\u0131lmak \u00fczere Valilik birimlerince restorasyonunun yap\u0131lmas\u0131 i\u00e7in Antalya Valili\u011fi\u2019ne tahsis etti. D\u00f6nemin Antalya B\u00fcy\u00fck\u015fehir Belediyesi Genel Sekreteri, g\u00fcn\u00fcm\u00fczde ise \u015e\u0131rnak Valisi olan Birol Ekici\u2019nin \u2018Olur\u2019uyla yap\u0131lan bu &hellip;","og_url":"http:\/\/denizcankizil.tr\/ru\/haberler\/gundem\/devletin-konukevine-ozel-sirket-yerlesti\/","og_site_name":"Av. Deniz Can K\u0131z\u0131l","article_published_time":"2025-07-02T10:41:57+00:00","author":"Antalya K\u00f6rfez","twitter_card":"summary_large_image","twitter_misc":{"\u041d\u0430\u043f\u0438\u0441\u0430\u043d\u043e \u0430\u0432\u0442\u043e\u0440\u043e\u043c":"Antalya K\u00f6rfez","\u041f\u0440\u0438\u043c\u0435\u0440\u043d\u043e\u0435 \u0432\u0440\u0435\u043c\u044f \u0434\u043b\u044f \u0447\u0442\u0435\u043d\u0438\u044f":"5 \u043c\u0438\u043d\u0443\u0442"},"schema":{"@context":"https:\/\/schema.org","@graph":[{"@type":"Article","@id":"http:\/\/denizcankizil.tr\/uk\/haberler\/gundem\/devletin-konukevine-ozel-sirket-yerlesti\/#article","isPartOf":{"@id":"http:\/\/denizcankizil.tr\/uk\/haberler\/gundem\/devletin-konukevine-ozel-sirket-yerlesti\/"},"author":{"name":"Antalya K\u00f6rfez","@id":"https:\/\/denizcankizil.tr\/de\/#\/schema\/person\/e1eb71bb4dd684d46563f0af307e1234"},"headline":"Devletin konukevine \u00f6zel \u015firket yerle\u015fti!","datePublished":"2025-07-02T10:41:57+00:00","mainEntityOfPage":{"@id":"http:\/\/denizcankizil.tr\/uk\/haberler\/gundem\/devletin-konukevine-ozel-sirket-yerlesti\/"},"wordCount":1068,"publisher":{"@id":"https:\/\/denizcankizil.tr\/de\/#organization"},"articleSection":["G\u00fcndem"],"inLanguage":"ru-RU"},{"@type":"WebPage","@id":"http:\/\/denizcankizil.tr\/uk\/haberler\/gundem\/devletin-konukevine-ozel-sirket-yerlesti\/","url":"http:\/\/denizcankizil.tr\/uk\/haberler\/gundem\/devletin-konukevine-ozel-sirket-yerlesti\/","name":"Devletin konukevine \u00f6zel \u015firket yerle\u015fti! - Av. Deniz Can K\u0131z\u0131l","isPartOf":{"@id":"https:\/\/denizcankizil.tr\/de\/#website"},"datePublished":"2025-07-02T10:41:57+00:00","breadcrumb":{"@id":"http:\/\/denizcankizil.tr\/uk\/haberler\/gundem\/devletin-konukevine-ozel-sirket-yerlesti\/#breadcrumb"},"inLanguage":"ru-RU","potentialAction":[{"@type":"ReadAction","target":["http:\/\/denizcankizil.tr\/uk\/haberler\/gundem\/devletin-konukevine-ozel-sirket-yerlesti\/"]}]},{"@type":"BreadcrumbList","@id":"http:\/\/denizcankizil.tr\/uk\/haberler\/gundem\/devletin-konukevine-ozel-sirket-yerlesti\/#breadcrumb","itemListElement":[{"@type":"ListItem","position":1,"name":"Home","item":"https:\/\/denizcankizil.tr\/de\/"},{"@type":"ListItem","position":2,"name":"Devletin konukevine \u00f6zel \u015firket yerle\u015fti!"}]},{"@type":"WebSite","@id":"https:\/\/denizcankizil.tr\/de\/#website","url":"https:\/\/denizcankizil.tr\/de\/","name":"Av. Deniz Can K\u0131z\u0131l","description":"Avukat Deniz Can K\u0131z\u0131l Antalya Barosu","publisher":{"@id":"https:\/\/denizcankizil.tr\/de\/#organization"},"potentialAction":[{"@type":"SearchAction","target":{"@type":"EntryPoint","urlTemplate":"https:\/\/denizcankizil.tr\/de\/?s={search_term_string}"},"query-input":{"@type":"PropertyValueSpecification","valueRequired":true,"valueName":"search_term_string"}}],"inLanguage":"ru-RU"},{"@type":"Organization","@id":"https:\/\/denizcankizil.tr\/de\/#organization","name":"Av. Deniz Can K\u0131z\u0131l","url":"https:\/\/denizcankizil.tr\/de\/","logo":{"@type":"ImageObject","inLanguage":"ru-RU","@id":"https:\/\/denizcankizil.tr\/de\/#\/schema\/logo\/image\/","url":"https:\/\/denizcankizil.tr\/wp-content\/uploads\/2024\/10\/siyah-logo-svg.svg","contentUrl":"https:\/\/denizcankizil.tr\/wp-content\/uploads\/2024\/10\/siyah-logo-svg.svg","width":1080,"height":1080,"caption":"Av. Deniz Can K\u0131z\u0131l"},"image":{"@id":"https:\/\/denizcankizil.tr\/de\/#\/schema\/logo\/image\/"}},{"@type":"Person","@id":"https:\/\/denizcankizil.tr\/de\/#\/schema\/person\/e1eb71bb4dd684d46563f0af307e1234","name":"Antalya K\u00f6rfez","image":{"@type":"ImageObject","inLanguage":"ru-RU","@id":"https:\/\/denizcankizil.tr\/de\/#\/schema\/person\/image\/","url":"https:\/\/secure.gravatar.com\/avatar\/42b01982558a48a0b501fdcab6a408d3717ea5919095ee2e67b0e521799c5905?s=96&d=mm&r=g","contentUrl":"https:\/\/secure.gravatar.com\/avatar\/42b01982558a48a0b501fdcab6a408d3717ea5919095ee2e67b0e521799c5905?s=96&d=mm&r=g","caption":"Antalya K\u00f6rfez"},"sameAs":["http:\/\/www.antalyakorfez.com"],"url":"https:\/\/www.antalyakorfez.com\/devletin-konukevine-ozel-sirket-yerlesti"}]}},"_links":{"self":[{"href":"https:\/\/denizcankizil.tr\/ru\/wp-json\/wp\/v2\/posts\/133519","targetHints":{"allow":["GET"]}}],"collection":[{"href":"https:\/\/denizcankizil.tr\/ru\/wp-json\/wp\/v2\/posts"}],"about":[{"href":"https:\/\/denizcankizil.tr\/ru\/wp-json\/wp\/v2\/types\/post"}],"author":[{"embeddable":true,"href":"https:\/\/denizcankizil.tr\/ru\/wp-json\/wp\/v2\/users\/5"}],"replies":[{"embeddable":true,"href":"https:\/\/denizcankizil.tr\/ru\/wp-json\/wp\/v2\/comments?post=133519"}],"version-history":[{"count":0,"href":"https:\/\/denizcankizil.tr\/ru\/wp-json\/wp\/v2\/posts\/133519\/revisions"}],"wp:attachment":[{"href":"https:\/\/denizcankizil.tr\/ru\/wp-json\/wp\/v2\/media?parent=133519"}],"wp:term":[{"taxonomy":"category","embeddable":true,"href":"https:\/\/denizcankizil.tr\/ru\/wp-json\/wp\/v2\/categories?post=133519"},{"taxonomy":"post_tag","embeddable":true,"href":"https:\/\/denizcankizil.tr\/ru\/wp-json\/wp\/v2\/tags?post=133519"}],"curies":[{"name":"wp","href":"https:\/\/api.w.org\/{rel}","templated":true}]}}