{"id":13267,"date":"2024-11-06T09:41:14","date_gmt":"2024-11-06T06:41:14","guid":{"rendered":"https:\/\/denizcankizil.tr\/uncategorized-tr\/antalyanin-erkekleri-bu-habere-cok-uzulecek\/"},"modified":"2024-11-06T09:41:14","modified_gmt":"2024-11-06T06:41:14","slug":"antalyanin-erkekleri-bu-habere-cok-uzulecek","status":"publish","type":"post","link":"https:\/\/denizcankizil.tr\/ru\/haberler\/gundem\/antalyanin-erkekleri-bu-habere-cok-uzulecek\/","title":{"rendered":"Antalya\u2019n\u0131n erkekleri bu habere \u00e7ok \u00fcz\u00fclecek!"},"content":{"rendered":"<p>Antalya Erkek Berberleri Esnaf Odas\u0131 Ba\u015fkan\u0131 Y\u00fcksel Uzun, berberlerin son d\u00f6nemde kar\u015f\u0131 kar\u015f\u0131ya kald\u0131\u011f\u0131 maliyet art\u0131\u015flar\u0131, i\u015f g\u00fcc\u00fc s\u0131k\u0131nt\u0131lar\u0131 ve devlet te\u015fviklerinden yararlanamama gibi zorluklara dikkat \u00e7ekti. Maliyetlerin h\u0131zla artmas\u0131na ra\u011fmen hizmet fiyatlar\u0131n\u0131 s\u0131n\u0131rl\u0131 \u00f6l\u00e7\u00fcde art\u0131rd\u0131klar\u0131n\u0131 belirten Uzun, sekt\u00f6rde ya\u015fanan sorunlar\u0131n \u00e7\u00f6z\u00fcme kavu\u015fturulmas\u0131 i\u00e7in yetkililerden destek istedi. Uzun, berberlerin kulland\u0131\u011f\u0131 malzemelerdeki fahi\u015f fiyat art\u0131\u015flar\u0131na vurgu yaparak, \u201cMalzemeler u\u00e7uyor. Eskiden \u00e7ok uygun fiyatlara temin etti\u011fimiz sakal sabununun 10\u2019luk paketi 1200 TL\u2019ye \u00e7\u0131kt\u0131. Jilet ve kolonya gibi temel malzemeler de benzer \u015fekilde inan\u0131lmaz fiyat art\u0131\u015flar\u0131 ya\u015fad\u0131. \u00d6rne\u011fin, kolonyan\u0131n fiyat\u0131 8-10 kat\u0131na \u00e7\u0131kt\u0131. Buna ra\u011fmen, m\u00fc\u015fterilerimizden ekstra bir \u00fccret talep etmiyoruz. M\u00fc\u015fterilerimize hizmet verirken bu malzemeleri kullanmam\u0131z zorunlu, fakat maliyetler art\u0131k dayan\u0131lmaz hale geldi\u201d ifadelerini kulland\u0131. Bu art\u0131\u015flar\u0131n i\u015fletme maliyetlerini \u00f6nemli \u00f6l\u00e7\u00fcde y\u00fckseltti\u011fini ve berber esnaf\u0131n\u0131n belini b\u00fckt\u00fc\u011f\u00fcn\u00fc dile getirdi.<\/p>\n<p>\u201cSINIRLI TUTUYORUZ\u201d<\/p>\n<p>Antalya\u2019da en d\u00fc\u015f\u00fck sa\u00e7 t\u0131ra\u015f\u0131 fiyat\u0131n\u0131n 150 TL oldu\u011funu belirten Uzun, fiyatlar\u0131n s\u0131n\u0131rl\u0131 tutulmas\u0131na ra\u011fmen artan maliyetlerin i\u015fletmeler i\u00e7in giderek zorlay\u0131c\u0131 hale geldi\u011fini ifade etti. Uzun, \u201cRandevu sistemi ile \u00e7al\u0131\u015fan arkada\u015flar\u0131m\u0131z da var. \u00c7ok g\u00fczel i\u015f yapan, i\u015fini seven, m\u00fc\u015fterilerine iyi hizmet sunan berber arkada\u015flar\u0131m\u0131z var. Ancak i\u015fin mali y\u00f6n\u00fc, s\u00fcrekli artan fiyatlar ve k\u00e2r marjlar\u0131m\u0131z\u0131n d\u00fc\u015fmesiyle birlikte gitgide zorla\u015f\u0131yor. Biz y\u0131lda bir defaya mahsus zam yap\u0131yoruz. Buna ra\u011fmen son d\u00f6nemlerde y\u00fcksek maliyetler kar\u015f\u0131s\u0131nda s\u0131n\u0131rl\u0131 art\u0131\u015flarla yetinmeye \u00e7al\u0131\u015f\u0131yoruz\u201d dedi.<\/p>\n<p>\u201c\u00c7IRAK BULAMIYORUZ\u201d<\/p>\n<p>Antalya K\u00f6rfez Gazetesi muhabiri Ertu\u011frul G\u00fcn&#8217;\u00fcn haberine g\u00f6re son y\u0131llarda \u00e7\u0131rak bulma konusunda ciddi s\u0131k\u0131nt\u0131lar ya\u015fad\u0131klar\u0131n\u0131 belirten Y\u00fcksel Uzun, \u00f6zellikle gen\u00e7lerin bu mesle\u011fe y\u00f6nlendirilmesi ve yeti\u015ftirilmesinin zorla\u015ft\u0131\u011f\u0131n\u0131 s\u00f6yledi. Uzun, \u201cSon iki y\u0131ld\u0131r \u00e7\u0131rak bulmakta zorlan\u0131yoruz. Gen\u00e7ler bu sekt\u00f6re ilgi g\u00f6stermiyor, bu da mesle\u011fin gelece\u011fi a\u00e7\u0131s\u0131ndan endi\u015fe verici bir durum. Berberlik, emek isteyen bir i\u015f ve gen\u00e7lerin ilgisini \u00e7ekmek i\u00e7in devletin deste\u011fi \u00e7ok \u00f6nemli. Ancak bu konuda hi\u00e7bir destek alm\u0131yoruz\u201d dedi.<\/p>\n<p>TE\u015eV\u0130KLERDE AYRIMCILIK \u0130DD\u0130ASI<\/p>\n<p>Berberlik mesle\u011finin di\u011fer baz\u0131 sekt\u00f6rler gibi te\u015fvikten yararlanamad\u0131\u011f\u0131n\u0131 belirten Uzun, bu durumu adaletsiz bulduklar\u0131n\u0131 dile getirdi. Y\u00fcksel Uzun, \u201cDevlet, 135 tane meslek dal\u0131 aras\u0131nda ayr\u0131m yaparak, berber, kuaf\u00f6r ve g\u00fczellik uzmanlar\u0131n\u0131 te\u015fvik d\u0131\u015f\u0131 b\u0131rak\u0131yor. Di\u011fer sekt\u00f6rlere destek sa\u011flan\u0131rken, bize hi\u00e7bir te\u015fvik verilmiyor. Biz de toplumun \u00f6nemli bir hizmetini yerine getiriyoruz; biz de insan\u0131z. Bu ayr\u0131mc\u0131l\u0131\u011f\u0131n sona ermesi i\u00e7in bakan\u0131m\u0131za durumu ilettim\u201d dedi. Erzincan\u2019da bir kuaf\u00f6r salonunun 45 \u00e7\u0131rak kaydetmesi gibi olaylar nedeniyle sekt\u00f6re genelleme yap\u0131lmamas\u0131 gerekti\u011fini savundu. \u201cVarsa bir usuls\u00fczl\u00fck, yaln\u0131zca o i\u015fletmeyi cezaland\u0131r\u0131n, t\u00fcm sekt\u00f6re uygulamay\u0131n\u201d \u015feklinde konu\u015ftu.<\/p>\n<p>\u201cK\u0130MSEYE TE\u015eV\u0130K VER\u0130LMES\u0130N\u201d<\/p>\n<p>Uzun, te\u015fviklerdeki ayr\u0131mc\u0131l\u0131\u011fa dikkat \u00e7ekerken, devletin maddi zorluklar ya\u015famas\u0131 durumunda t\u00fcm sekt\u00f6rlerde e\u015fit uygulama yap\u0131lmas\u0131 gerekti\u011fini belirtti. Uzun, \u201cE\u011fer devletimiz zor durumda ise, hi\u00e7bir meslek grubuna te\u015fvik verilmesin. Ancak, te\u015fvik veriliyorsa herkes e\u015fit \u015fartlarda yararlanmal\u0131. Bizim de i\u015fletme maliyetlerimiz y\u00fcksek ve bu i\u015fi s\u00fcrd\u00fcrebilmemiz i\u00e7in devlet deste\u011fi \u00f6nemli\u201d dedi.<\/p>\n<p>\u00a0<\/p>\n<p>\u200bAntalya&#8217;da sakal t\u0131ra\u015f\u0131 fiyatlar\u0131n\u0131 g\u00f6ren erkekler bu habere \u00fcz\u00fclecek. Eskiden \u00e7ok uygun fiyatlara temin ettikleri sakal sabununun paketinin 1200 TL oldu\u011funu  duyuran Antalya Erkek Berberleri Esnaf Odas\u0131 Ba\u015fkan\u0131 Y\u00fcksel Uzun, \u201cM\u00fc\u015fterilerimize hizmet verirken malzemeleri kullanmam\u0131z zorunlu, fakat maliyetler art\u0131k dayan\u0131lmaz hale geldi\u201d dedi.\u00a0<\/p>\n<p>\u200bHaberin Al\u0131nt\u0131land\u0131\u011f\u0131 Kaynak: www.antalyakorfez.com<\/p>","protected":false},"excerpt":{"rendered":"<p>Antalya Erkek Berberleri Esnaf Odas\u0131 Ba\u015fkan\u0131 Y\u00fcksel Uzun, berberlerin son d\u00f6nemde kar\u015f\u0131 kar\u015f\u0131ya kald\u0131\u011f\u0131 maliyet art\u0131\u015flar\u0131, i\u015f g\u00fcc\u00fc s\u0131k\u0131nt\u0131lar\u0131 ve devlet te\u015fviklerinden yararlanamama gibi zorluklara dikkat \u00e7ekti. Maliyetlerin h\u0131zla artmas\u0131na ra\u011fmen hizmet fiyatlar\u0131n\u0131 s\u0131n\u0131rl\u0131 \u00f6l\u00e7\u00fcde art\u0131rd\u0131klar\u0131n\u0131 belirten Uzun, sekt\u00f6rde ya\u015fanan sorunlar\u0131n \u00e7\u00f6z\u00fcme kavu\u015fturulmas\u0131 i\u00e7in yetkililerden destek istedi. Uzun, berberlerin kulland\u0131\u011f\u0131 malzemelerdeki fahi\u015f fiyat art\u0131\u015flar\u0131na vurgu yaparak, \u201cMalzemeler u\u00e7uyor. Eskiden \u00e7ok uygun fiyatlara temin etti\u011fimiz sakal sabununun 10\u2019luk paketi 1200 TL\u2019ye \u00e7\u0131kt\u0131. Jilet ve kolonya gibi temel malzemeler de benzer \u015fekilde inan\u0131lmaz fiyat art\u0131\u015flar\u0131 ya\u015fad\u0131. \u00d6rne\u011fin, kolonyan\u0131n fiyat\u0131 8-10 kat\u0131na \u00e7\u0131kt\u0131. Buna ra\u011fmen, m\u00fc\u015fterilerimizden ekstra bir \u00fccret talep etmiyoruz. M\u00fc\u015fterilerimize hizmet verirken bu malzemeleri kullanmam\u0131z zorunlu, fakat maliyetler art\u0131k dayan\u0131lmaz hale geldi\u201d ifadelerini kulland\u0131. Bu art\u0131\u015flar\u0131n i\u015fletme maliyetlerini \u00f6nemli \u00f6l\u00e7\u00fcde y\u00fckseltti\u011fini ve berber esnaf\u0131n\u0131n belini b\u00fckt\u00fc\u011f\u00fcn\u00fc dile getirdi. \u201cSINIRLI TUTUYORUZ\u201d Antalya\u2019da en d\u00fc\u015f\u00fck sa\u00e7 t\u0131ra\u015f\u0131 fiyat\u0131n\u0131n 150 TL oldu\u011funu belirten Uzun, fiyatlar\u0131n s\u0131n\u0131rl\u0131 tutulmas\u0131na ra\u011fmen artan maliyetlerin i\u015fletmeler i\u00e7in giderek zorlay\u0131c\u0131 hale geldi\u011fini ifade etti. Uzun, \u201cRandevu sistemi ile \u00e7al\u0131\u015fan arkada\u015flar\u0131m\u0131z da var. \u00c7ok g\u00fczel i\u015f yapan, i\u015fini seven, m\u00fc\u015fterilerine iyi hizmet sunan berber arkada\u015flar\u0131m\u0131z var. Ancak i\u015fin mali y\u00f6n\u00fc, s\u00fcrekli artan fiyatlar ve k\u00e2r marjlar\u0131m\u0131z\u0131n d\u00fc\u015fmesiyle birlikte gitgide zorla\u015f\u0131yor. Biz y\u0131lda bir defaya mahsus zam yap\u0131yoruz. Buna ra\u011fmen son d\u00f6nemlerde &hellip;<\/p>","protected":false},"author":0,"featured_media":0,"comment_status":"open","ping_status":"open","sticky":false,"template":"","format":"standard","meta":{"_acf_changed":false,"footnotes":""},"categories":[24,535],"tags":[],"class_list":["post-13267","post","type-post","status-publish","format-standard","has-post-thumbnail","hentry","category-gundem","category-uncategorized-tr"],"acf":[],"yoast_head":"<!-- This site is optimized with the Yoast SEO Premium plugin v26.6 (Yoast SEO v27.1.1) - https:\/\/yoast.com\/product\/yoast-seo-premium-wordpress\/ -->\n<title>Antalya\u2019n\u0131n erkekleri bu habere \u00e7ok \u00fcz\u00fclecek! - Av. Deniz Can K\u0131z\u0131l<\/title>\n<meta name=\"robots\" content=\"index, follow, max-snippet:-1, max-image-preview:large, max-video-preview:-1\" \/>\n<link rel=\"canonical\" href=\"https:\/\/denizcankizil.tr\/ru\/haberler\/gundem\/antalyanin-erkekleri-bu-habere-cok-uzulecek\/\" \/>\n<meta property=\"og:locale\" content=\"ru_RU\" \/>\n<meta property=\"og:type\" content=\"article\" \/>\n<meta property=\"og:title\" content=\"Antalya\u2019n\u0131n erkekleri bu habere \u00e7ok \u00fcz\u00fclecek!\" \/>\n<meta property=\"og:description\" content=\"Antalya Erkek Berberleri Esnaf Odas\u0131 Ba\u015fkan\u0131 Y\u00fcksel Uzun, berberlerin son d\u00f6nemde kar\u015f\u0131 kar\u015f\u0131ya kald\u0131\u011f\u0131 maliyet art\u0131\u015flar\u0131, i\u015f g\u00fcc\u00fc s\u0131k\u0131nt\u0131lar\u0131 ve devlet te\u015fviklerinden yararlanamama gibi zorluklara dikkat \u00e7ekti. Maliyetlerin h\u0131zla artmas\u0131na ra\u011fmen hizmet fiyatlar\u0131n\u0131 s\u0131n\u0131rl\u0131 \u00f6l\u00e7\u00fcde art\u0131rd\u0131klar\u0131n\u0131 belirten Uzun, sekt\u00f6rde ya\u015fanan sorunlar\u0131n \u00e7\u00f6z\u00fcme kavu\u015fturulmas\u0131 i\u00e7in yetkililerden destek istedi. Uzun, berberlerin kulland\u0131\u011f\u0131 malzemelerdeki fahi\u015f fiyat art\u0131\u015flar\u0131na vurgu yaparak, \u201cMalzemeler u\u00e7uyor. Eskiden \u00e7ok uygun fiyatlara temin etti\u011fimiz sakal sabununun 10\u2019luk paketi 1200 TL\u2019ye \u00e7\u0131kt\u0131. Jilet ve kolonya gibi temel malzemeler de benzer \u015fekilde inan\u0131lmaz fiyat art\u0131\u015flar\u0131 ya\u015fad\u0131. \u00d6rne\u011fin, kolonyan\u0131n fiyat\u0131 8-10 kat\u0131na \u00e7\u0131kt\u0131. Buna ra\u011fmen, m\u00fc\u015fterilerimizden ekstra bir \u00fccret talep etmiyoruz. M\u00fc\u015fterilerimize hizmet verirken bu malzemeleri kullanmam\u0131z zorunlu, fakat maliyetler art\u0131k dayan\u0131lmaz hale geldi\u201d ifadelerini kulland\u0131. Bu art\u0131\u015flar\u0131n i\u015fletme maliyetlerini \u00f6nemli \u00f6l\u00e7\u00fcde y\u00fckseltti\u011fini ve berber esnaf\u0131n\u0131n belini b\u00fckt\u00fc\u011f\u00fcn\u00fc dile getirdi. \u201cSINIRLI TUTUYORUZ\u201d Antalya\u2019da en d\u00fc\u015f\u00fck sa\u00e7 t\u0131ra\u015f\u0131 fiyat\u0131n\u0131n 150 TL oldu\u011funu belirten Uzun, fiyatlar\u0131n s\u0131n\u0131rl\u0131 tutulmas\u0131na ra\u011fmen artan maliyetlerin i\u015fletmeler i\u00e7in giderek zorlay\u0131c\u0131 hale geldi\u011fini ifade etti. Uzun, \u201cRandevu sistemi ile \u00e7al\u0131\u015fan arkada\u015flar\u0131m\u0131z da var. \u00c7ok g\u00fczel i\u015f yapan, i\u015fini seven, m\u00fc\u015fterilerine iyi hizmet sunan berber arkada\u015flar\u0131m\u0131z var. Ancak i\u015fin mali y\u00f6n\u00fc, s\u00fcrekli artan fiyatlar ve k\u00e2r marjlar\u0131m\u0131z\u0131n d\u00fc\u015fmesiyle birlikte gitgide zorla\u015f\u0131yor. Biz y\u0131lda bir defaya mahsus zam yap\u0131yoruz. Buna ra\u011fmen son d\u00f6nemlerde &hellip;\" \/>\n<meta property=\"og:url\" content=\"https:\/\/denizcankizil.tr\/ru\/haberler\/gundem\/antalyanin-erkekleri-bu-habere-cok-uzulecek\/\" \/>\n<meta property=\"og:site_name\" content=\"Av. Deniz Can K\u0131z\u0131l\" \/>\n<meta property=\"article:published_time\" content=\"2024-11-06T06:41:14+00:00\" \/>\n<meta name=\"twitter:card\" content=\"summary_large_image\" \/>\n<meta name=\"twitter:label1\" content=\"\u041f\u0440\u0438\u043c\u0435\u0440\u043d\u043e\u0435 \u0432\u0440\u0435\u043c\u044f \u0434\u043b\u044f \u0447\u0442\u0435\u043d\u0438\u044f\" \/>\n\t<meta name=\"twitter:data1\" content=\"3 \u043c\u0438\u043d\u0443\u0442\u044b\" \/>\n<script type=\"application\/ld+json\" class=\"yoast-schema-graph\">{\"@context\":\"https:\/\/schema.org\",\"@graph\":[{\"@type\":\"Article\",\"@id\":\"https:\/\/denizcankizil.tr\/uk\/haberler\/gundem\/antalyanin-erkekleri-bu-habere-cok-uzulecek\/#article\",\"isPartOf\":{\"@id\":\"https:\/\/denizcankizil.tr\/uk\/haberler\/gundem\/antalyanin-erkekleri-bu-habere-cok-uzulecek\/\"},\"author\":{\"name\":\"\",\"@id\":\"\"},\"headline\":\"Antalya\u2019n\u0131n erkekleri bu habere \u00e7ok \u00fcz\u00fclecek!\",\"datePublished\":\"2024-11-06T06:41:14+00:00\",\"mainEntityOfPage\":{\"@id\":\"https:\/\/denizcankizil.tr\/uk\/haberler\/gundem\/antalyanin-erkekleri-bu-habere-cok-uzulecek\/\"},\"wordCount\":698,\"commentCount\":0,\"publisher\":{\"@id\":\"https:\/\/denizcankizil.tr\/de\/#organization\"},\"articleSection\":[\"G\u00fcndem\",\"Uncategorized\"],\"inLanguage\":\"ru-RU\",\"potentialAction\":[{\"@type\":\"CommentAction\",\"name\":\"Comment\",\"target\":[\"https:\/\/denizcankizil.tr\/uk\/haberler\/gundem\/antalyanin-erkekleri-bu-habere-cok-uzulecek\/#respond\"]}]},{\"@type\":\"WebPage\",\"@id\":\"https:\/\/denizcankizil.tr\/uk\/haberler\/gundem\/antalyanin-erkekleri-bu-habere-cok-uzulecek\/\",\"url\":\"https:\/\/denizcankizil.tr\/uk\/haberler\/gundem\/antalyanin-erkekleri-bu-habere-cok-uzulecek\/\",\"name\":\"Antalya\u2019n\u0131n erkekleri bu habere \u00e7ok \u00fcz\u00fclecek! - Av. Deniz Can K\u0131z\u0131l\",\"isPartOf\":{\"@id\":\"https:\/\/denizcankizil.tr\/de\/#website\"},\"datePublished\":\"2024-11-06T06:41:14+00:00\",\"breadcrumb\":{\"@id\":\"https:\/\/denizcankizil.tr\/uk\/haberler\/gundem\/antalyanin-erkekleri-bu-habere-cok-uzulecek\/#breadcrumb\"},\"inLanguage\":\"ru-RU\",\"potentialAction\":[{\"@type\":\"ReadAction\",\"target\":[\"https:\/\/denizcankizil.tr\/uk\/haberler\/gundem\/antalyanin-erkekleri-bu-habere-cok-uzulecek\/\"]}]},{\"@type\":\"BreadcrumbList\",\"@id\":\"https:\/\/denizcankizil.tr\/uk\/haberler\/gundem\/antalyanin-erkekleri-bu-habere-cok-uzulecek\/#breadcrumb\",\"itemListElement\":[{\"@type\":\"ListItem\",\"position\":1,\"name\":\"Home\",\"item\":\"https:\/\/denizcankizil.tr\/de\/\"},{\"@type\":\"ListItem\",\"position\":2,\"name\":\"Antalya\u2019n\u0131n erkekleri bu habere \u00e7ok \u00fcz\u00fclecek!\"}]},{\"@type\":\"WebSite\",\"@id\":\"https:\/\/denizcankizil.tr\/de\/#website\",\"url\":\"https:\/\/denizcankizil.tr\/de\/\",\"name\":\"Av. Deniz Can K\u0131z\u0131l\",\"description\":\"Avukat Deniz Can K\u0131z\u0131l Antalya Barosu\",\"publisher\":{\"@id\":\"https:\/\/denizcankizil.tr\/de\/#organization\"},\"potentialAction\":[{\"@type\":\"SearchAction\",\"target\":{\"@type\":\"EntryPoint\",\"urlTemplate\":\"https:\/\/denizcankizil.tr\/de\/?s={search_term_string}\"},\"query-input\":{\"@type\":\"PropertyValueSpecification\",\"valueRequired\":true,\"valueName\":\"search_term_string\"}}],\"inLanguage\":\"ru-RU\"},{\"@type\":\"Organization\",\"@id\":\"https:\/\/denizcankizil.tr\/de\/#organization\",\"name\":\"Av. Deniz Can K\u0131z\u0131l\",\"url\":\"https:\/\/denizcankizil.tr\/de\/\",\"logo\":{\"@type\":\"ImageObject\",\"inLanguage\":\"ru-RU\",\"@id\":\"https:\/\/denizcankizil.tr\/de\/#\/schema\/logo\/image\/\",\"url\":\"https:\/\/denizcankizil.tr\/wp-content\/uploads\/2024\/10\/siyah-logo-svg.svg\",\"contentUrl\":\"https:\/\/denizcankizil.tr\/wp-content\/uploads\/2024\/10\/siyah-logo-svg.svg\",\"width\":1080,\"height\":1080,\"caption\":\"Av. Deniz Can K\u0131z\u0131l\"},\"image\":{\"@id\":\"https:\/\/denizcankizil.tr\/de\/#\/schema\/logo\/image\/\"}}]}<\/script>\n<!-- \/ Yoast SEO Premium plugin. -->","yoast_head_json":{"title":"Antalya\u2019n\u0131n erkekleri bu habere \u00e7ok \u00fcz\u00fclecek! - Av. Deniz Can K\u0131z\u0131l","robots":{"index":"index","follow":"follow","max-snippet":"max-snippet:-1","max-image-preview":"max-image-preview:large","max-video-preview":"max-video-preview:-1"},"canonical":"https:\/\/denizcankizil.tr\/ru\/haberler\/gundem\/antalyanin-erkekleri-bu-habere-cok-uzulecek\/","og_locale":"ru_RU","og_type":"article","og_title":"Antalya\u2019n\u0131n erkekleri bu habere \u00e7ok \u00fcz\u00fclecek!","og_description":"Antalya Erkek Berberleri Esnaf Odas\u0131 Ba\u015fkan\u0131 Y\u00fcksel Uzun, berberlerin son d\u00f6nemde kar\u015f\u0131 kar\u015f\u0131ya kald\u0131\u011f\u0131 maliyet art\u0131\u015flar\u0131, i\u015f g\u00fcc\u00fc s\u0131k\u0131nt\u0131lar\u0131 ve devlet te\u015fviklerinden yararlanamama gibi zorluklara dikkat \u00e7ekti. Maliyetlerin h\u0131zla artmas\u0131na ra\u011fmen hizmet fiyatlar\u0131n\u0131 s\u0131n\u0131rl\u0131 \u00f6l\u00e7\u00fcde art\u0131rd\u0131klar\u0131n\u0131 belirten Uzun, sekt\u00f6rde ya\u015fanan sorunlar\u0131n \u00e7\u00f6z\u00fcme kavu\u015fturulmas\u0131 i\u00e7in yetkililerden destek istedi. Uzun, berberlerin kulland\u0131\u011f\u0131 malzemelerdeki fahi\u015f fiyat art\u0131\u015flar\u0131na vurgu yaparak, \u201cMalzemeler u\u00e7uyor. Eskiden \u00e7ok uygun fiyatlara temin etti\u011fimiz sakal sabununun 10\u2019luk paketi 1200 TL\u2019ye \u00e7\u0131kt\u0131. Jilet ve kolonya gibi temel malzemeler de benzer \u015fekilde inan\u0131lmaz fiyat art\u0131\u015flar\u0131 ya\u015fad\u0131. \u00d6rne\u011fin, kolonyan\u0131n fiyat\u0131 8-10 kat\u0131na \u00e7\u0131kt\u0131. Buna ra\u011fmen, m\u00fc\u015fterilerimizden ekstra bir \u00fccret talep etmiyoruz. M\u00fc\u015fterilerimize hizmet verirken bu malzemeleri kullanmam\u0131z zorunlu, fakat maliyetler art\u0131k dayan\u0131lmaz hale geldi\u201d ifadelerini kulland\u0131. Bu art\u0131\u015flar\u0131n i\u015fletme maliyetlerini \u00f6nemli \u00f6l\u00e7\u00fcde y\u00fckseltti\u011fini ve berber esnaf\u0131n\u0131n belini b\u00fckt\u00fc\u011f\u00fcn\u00fc dile getirdi. \u201cSINIRLI TUTUYORUZ\u201d Antalya\u2019da en d\u00fc\u015f\u00fck sa\u00e7 t\u0131ra\u015f\u0131 fiyat\u0131n\u0131n 150 TL oldu\u011funu belirten Uzun, fiyatlar\u0131n s\u0131n\u0131rl\u0131 tutulmas\u0131na ra\u011fmen artan maliyetlerin i\u015fletmeler i\u00e7in giderek zorlay\u0131c\u0131 hale geldi\u011fini ifade etti. Uzun, \u201cRandevu sistemi ile \u00e7al\u0131\u015fan arkada\u015flar\u0131m\u0131z da var. \u00c7ok g\u00fczel i\u015f yapan, i\u015fini seven, m\u00fc\u015fterilerine iyi hizmet sunan berber arkada\u015flar\u0131m\u0131z var. Ancak i\u015fin mali y\u00f6n\u00fc, s\u00fcrekli artan fiyatlar ve k\u00e2r marjlar\u0131m\u0131z\u0131n d\u00fc\u015fmesiyle birlikte gitgide zorla\u015f\u0131yor. Biz y\u0131lda bir defaya mahsus zam yap\u0131yoruz. Buna ra\u011fmen son d\u00f6nemlerde &hellip;","og_url":"https:\/\/denizcankizil.tr\/ru\/haberler\/gundem\/antalyanin-erkekleri-bu-habere-cok-uzulecek\/","og_site_name":"Av. Deniz Can K\u0131z\u0131l","article_published_time":"2024-11-06T06:41:14+00:00","twitter_card":"summary_large_image","twitter_misc":{"\u041f\u0440\u0438\u043c\u0435\u0440\u043d\u043e\u0435 \u0432\u0440\u0435\u043c\u044f \u0434\u043b\u044f \u0447\u0442\u0435\u043d\u0438\u044f":"3 \u043c\u0438\u043d\u0443\u0442\u044b"},"schema":{"@context":"https:\/\/schema.org","@graph":[{"@type":"Article","@id":"https:\/\/denizcankizil.tr\/uk\/haberler\/gundem\/antalyanin-erkekleri-bu-habere-cok-uzulecek\/#article","isPartOf":{"@id":"https:\/\/denizcankizil.tr\/uk\/haberler\/gundem\/antalyanin-erkekleri-bu-habere-cok-uzulecek\/"},"author":{"name":"","@id":""},"headline":"Antalya\u2019n\u0131n erkekleri bu habere \u00e7ok \u00fcz\u00fclecek!","datePublished":"2024-11-06T06:41:14+00:00","mainEntityOfPage":{"@id":"https:\/\/denizcankizil.tr\/uk\/haberler\/gundem\/antalyanin-erkekleri-bu-habere-cok-uzulecek\/"},"wordCount":698,"commentCount":0,"publisher":{"@id":"https:\/\/denizcankizil.tr\/de\/#organization"},"articleSection":["G\u00fcndem","Uncategorized"],"inLanguage":"ru-RU","potentialAction":[{"@type":"CommentAction","name":"Comment","target":["https:\/\/denizcankizil.tr\/uk\/haberler\/gundem\/antalyanin-erkekleri-bu-habere-cok-uzulecek\/#respond"]}]},{"@type":"WebPage","@id":"https:\/\/denizcankizil.tr\/uk\/haberler\/gundem\/antalyanin-erkekleri-bu-habere-cok-uzulecek\/","url":"https:\/\/denizcankizil.tr\/uk\/haberler\/gundem\/antalyanin-erkekleri-bu-habere-cok-uzulecek\/","name":"Antalya\u2019n\u0131n erkekleri bu habere \u00e7ok \u00fcz\u00fclecek! - Av. Deniz Can K\u0131z\u0131l","isPartOf":{"@id":"https:\/\/denizcankizil.tr\/de\/#website"},"datePublished":"2024-11-06T06:41:14+00:00","breadcrumb":{"@id":"https:\/\/denizcankizil.tr\/uk\/haberler\/gundem\/antalyanin-erkekleri-bu-habere-cok-uzulecek\/#breadcrumb"},"inLanguage":"ru-RU","potentialAction":[{"@type":"ReadAction","target":["https:\/\/denizcankizil.tr\/uk\/haberler\/gundem\/antalyanin-erkekleri-bu-habere-cok-uzulecek\/"]}]},{"@type":"BreadcrumbList","@id":"https:\/\/denizcankizil.tr\/uk\/haberler\/gundem\/antalyanin-erkekleri-bu-habere-cok-uzulecek\/#breadcrumb","itemListElement":[{"@type":"ListItem","position":1,"name":"Home","item":"https:\/\/denizcankizil.tr\/de\/"},{"@type":"ListItem","position":2,"name":"Antalya\u2019n\u0131n erkekleri bu habere \u00e7ok \u00fcz\u00fclecek!"}]},{"@type":"WebSite","@id":"https:\/\/denizcankizil.tr\/de\/#website","url":"https:\/\/denizcankizil.tr\/de\/","name":"Av. Deniz Can K\u0131z\u0131l","description":"Avukat Deniz Can K\u0131z\u0131l Antalya Barosu","publisher":{"@id":"https:\/\/denizcankizil.tr\/de\/#organization"},"potentialAction":[{"@type":"SearchAction","target":{"@type":"EntryPoint","urlTemplate":"https:\/\/denizcankizil.tr\/de\/?s={search_term_string}"},"query-input":{"@type":"PropertyValueSpecification","valueRequired":true,"valueName":"search_term_string"}}],"inLanguage":"ru-RU"},{"@type":"Organization","@id":"https:\/\/denizcankizil.tr\/de\/#organization","name":"Av. Deniz Can K\u0131z\u0131l","url":"https:\/\/denizcankizil.tr\/de\/","logo":{"@type":"ImageObject","inLanguage":"ru-RU","@id":"https:\/\/denizcankizil.tr\/de\/#\/schema\/logo\/image\/","url":"https:\/\/denizcankizil.tr\/wp-content\/uploads\/2024\/10\/siyah-logo-svg.svg","contentUrl":"https:\/\/denizcankizil.tr\/wp-content\/uploads\/2024\/10\/siyah-logo-svg.svg","width":1080,"height":1080,"caption":"Av. Deniz Can K\u0131z\u0131l"},"image":{"@id":"https:\/\/denizcankizil.tr\/de\/#\/schema\/logo\/image\/"}}]}},"_links":{"self":[{"href":"https:\/\/denizcankizil.tr\/ru\/wp-json\/wp\/v2\/posts\/13267","targetHints":{"allow":["GET"]}}],"collection":[{"href":"https:\/\/denizcankizil.tr\/ru\/wp-json\/wp\/v2\/posts"}],"about":[{"href":"https:\/\/denizcankizil.tr\/ru\/wp-json\/wp\/v2\/types\/post"}],"replies":[{"embeddable":true,"href":"https:\/\/denizcankizil.tr\/ru\/wp-json\/wp\/v2\/comments?post=13267"}],"version-history":[{"count":0,"href":"https:\/\/denizcankizil.tr\/ru\/wp-json\/wp\/v2\/posts\/13267\/revisions"}],"wp:attachment":[{"href":"https:\/\/denizcankizil.tr\/ru\/wp-json\/wp\/v2\/media?parent=13267"}],"wp:term":[{"taxonomy":"category","embeddable":true,"href":"https:\/\/denizcankizil.tr\/ru\/wp-json\/wp\/v2\/categories?post=13267"},{"taxonomy":"post_tag","embeddable":true,"href":"https:\/\/denizcankizil.tr\/ru\/wp-json\/wp\/v2\/tags?post=13267"}],"curies":[{"name":"wp","href":"https:\/\/api.w.org\/{rel}","templated":true}]}}