{"id":131664,"date":"2025-06-30T19:42:40","date_gmt":"2025-06-30T16:42:40","guid":{"rendered":"https:\/\/denizcankizil.tr\/uncategorized-tr\/baskan-cankaya-emeklileri-alana-cagirdi\/"},"modified":"2025-06-30T19:42:40","modified_gmt":"2025-06-30T16:42:40","slug":"baskan-cankaya-emeklileri-alana-cagirdi","status":"publish","type":"post","link":"https:\/\/denizcankizil.tr\/ru\/haberler\/gundem\/baskan-cankaya-emeklileri-alana-cagirdi\/","title":{"rendered":"Ba\u015fkan \u00c7ankaya, emeklileri alana \u00e7a\u011f\u0131rd\u0131\u2026"},"content":{"rendered":"<p>Ger\u00e7ekle\u015ftirilen etkinli\u011fe siyasi parti temsilcileri, sivil toplum kurulu\u015flar\u0131 ve meslek odalar\u0131n\u0131n ba\u015fkanlar\u0131 da destek verdi.<\/p>\n<p>Cumhuriyet Halk Partisi (CHP) \u0130skenderun \u0130l\u00e7e Ba\u015fkan\u0131 H\u00fcseyin Derin ve y\u00f6netimi ile Demokrat Parti \u0130skenderun \u0130l\u00e7e Ba\u015fkan\u0131 Bilal Karaosman\u2019\u0131n kat\u0131l\u0131m sa\u011flad\u0131\u011f\u0131 a\u00e7\u0131klamada, 2021 T\u00fcm Emekliler Sendikas\u0131 \u0130skenderun \u015eube Ba\u015fkan\u0131 Mustafa \u00c7ankaya \u00f6nemli mesajlar verdi.<\/p>\n<p>\u201cEmekliler ve Emek\u00e7iler \u0130\u00e7in Onurlu Bir Ya\u015fam\u201d<\/p>\n<p>Mustafa \u00c7ankaya konu\u015fmas\u0131nda, sendika olarak temel taleplerine i\u015faret ederek \u201c2021 T\u00fcm Emekliler Sendikas\u0131 olarak bizler; emeklilere ve t\u00fcm emek\u00e7ilere insanl\u0131k onuruna yak\u0131\u015fan mutlu ve huzurlu bir ya\u015fam, \u00e7ocuklar\u0131m\u0131za ve torunlar\u0131m\u0131za sosyal g\u00fcvenceli ve g\u00fcvenli bir gelecek istiyoruz. Bunun i\u00e7in, \u00fclke \u00e7ap\u0131nda t\u00fcm emeklilerin ve emek\u00e7ilerin ortak ve birle\u015fik m\u00fccadelesini savunuyoruz\u201d dedi.<\/p>\n<p>\u00c7ankaya, 28 Haziran \u2013 5 Temmuz tarihleri aras\u0131nda sendikan\u0131n \u00fclke genelinde alanlara \u00e7\u0131karak bu talepler do\u011frultusunda etkinlikler ger\u00e7ekle\u015ftirece\u011fini belirtti.<\/p>\n<p>\u201cBirlik Olmazsak Daha Fazla Yoksulla\u015faca\u011f\u0131z\u201d<\/p>\n<p>A\u00e7\u0131klamada, emeklilerin bug\u00fcn ya\u015fad\u0131\u011f\u0131 sorunlar\u0131n, halen \u00e7al\u0131\u015fmakta olan i\u015f\u00e7ilerin ve memurlar\u0131n da gelecekte kar\u015f\u0131la\u015faca\u011f\u0131 tabloyu ortaya koydu\u011fu vurguland\u0131. Ortak m\u00fccadelenin ka\u00e7\u0131n\u0131lmaz oldu\u011funa dikkat \u00e7eken \u00c7ankaya, \u201cArt\u0131k bu g\u00fcnden sonra ya hep birlikte haklar\u0131m\u0131z ve gelece\u011fimiz i\u00e7in aya\u011fa kalkaca\u011f\u0131z ya da emekli ve emek\u00e7i d\u00fc\u015fman\u0131 iktidar\u0131n dayatt\u0131\u011f\u0131 a\u00e7l\u0131k s\u0131n\u0131r\u0131n\u0131n alt\u0131ndaki sefalet maa\u015flar\u0131yla ya\u015famaya devam edece\u011fiz. \u00dclkemizdeki \u00e7al\u0131\u015fanlar\u0131n ya\u015fam standartlar\u0131 ve \u00e7al\u0131\u015fma ko\u015fullar\u0131 giderek geriliyor. \u0130\u015f\u00e7iler g\u00fcvencesiz, sigortas\u0131z ve sendikas\u0131z \u00e7al\u0131\u015ft\u0131r\u0131l\u0131yor. Sendikaya \u00fcye olanlar i\u015ften at\u0131l\u0131yor. Grevler as\u0131ls\u0131z gerek\u00e7elerle yasaklan\u0131yor. Memurlar ise ger\u00e7ek bir toplu s\u00f6zle\u015fme hakk\u0131ndan yoksun; h\u00fck\u00fcmete ba\u011fl\u0131 sar\u0131 sendikalar\u0131n insaf\u0131na terk edilmi\u015f durumda. Emekliler a\u00e7l\u0131k s\u0131n\u0131r\u0131n\u0131n alt\u0131ndaki maa\u015flarla ya\u015fam m\u00fccadelesi veriyor. \u0130\u015fverenlere sendika hakk\u0131 tan\u0131n\u0131rken, emekli sendikalar\u0131 kapat\u0131l\u0131yor. Bu adaletsiz tabloyu de\u011fi\u015ftirmek i\u00e7in birle\u015fik m\u00fccadele \u015fart\u201d diye konu\u015ftu.<\/p>\n<p>\u200b\u0130skenderun \u2013 2021 T\u00fcm Emekliler Sendikas\u0131 \u00fcyeleri, \u0130skenderun Sa\u011fl\u0131kl\u0131 Ya\u015fam Park\u0131\u2019nda bir araya gelerek \u201c\u0130nsan Onuruna Yak\u0131\u015fan Bir Ya\u015fam\u201d talebiyle bas\u0131n a\u00e7\u0131klamas\u0131 ger\u00e7ekle\u015ftirdi.\u00a0<\/p>\n<p>\u200bHaberin Al\u0131nt\u0131land\u0131\u011f\u0131 Kaynak: www.iskenderun.org<\/p>","protected":false},"excerpt":{"rendered":"<p>Ger\u00e7ekle\u015ftirilen etkinli\u011fe siyasi parti temsilcileri, sivil toplum kurulu\u015flar\u0131 ve meslek odalar\u0131n\u0131n ba\u015fkanlar\u0131 da destek verdi. Cumhuriyet Halk Partisi (CHP) \u0130skenderun \u0130l\u00e7e Ba\u015fkan\u0131 H\u00fcseyin Derin ve y\u00f6netimi ile Demokrat Parti \u0130skenderun \u0130l\u00e7e Ba\u015fkan\u0131 Bilal Karaosman\u2019\u0131n kat\u0131l\u0131m sa\u011flad\u0131\u011f\u0131 a\u00e7\u0131klamada, 2021 T\u00fcm Emekliler Sendikas\u0131 \u0130skenderun \u015eube Ba\u015fkan\u0131 Mustafa \u00c7ankaya \u00f6nemli mesajlar verdi. \u201cEmekliler ve Emek\u00e7iler \u0130\u00e7in Onurlu Bir Ya\u015fam\u201d Mustafa \u00c7ankaya konu\u015fmas\u0131nda, sendika olarak temel taleplerine i\u015faret ederek \u201c2021 T\u00fcm Emekliler Sendikas\u0131 olarak bizler; emeklilere ve t\u00fcm emek\u00e7ilere insanl\u0131k onuruna yak\u0131\u015fan mutlu ve huzurlu bir ya\u015fam, \u00e7ocuklar\u0131m\u0131za ve torunlar\u0131m\u0131za sosyal g\u00fcvenceli ve g\u00fcvenli bir gelecek istiyoruz. Bunun i\u00e7in, \u00fclke \u00e7ap\u0131nda t\u00fcm emeklilerin ve emek\u00e7ilerin ortak ve birle\u015fik m\u00fccadelesini savunuyoruz\u201d dedi. \u00c7ankaya, 28 Haziran \u2013 5 Temmuz tarihleri aras\u0131nda sendikan\u0131n \u00fclke genelinde alanlara \u00e7\u0131karak bu talepler do\u011frultusunda etkinlikler ger\u00e7ekle\u015ftirece\u011fini belirtti. \u201cBirlik Olmazsak Daha Fazla Yoksulla\u015faca\u011f\u0131z\u201d A\u00e7\u0131klamada, emeklilerin bug\u00fcn ya\u015fad\u0131\u011f\u0131 sorunlar\u0131n, halen \u00e7al\u0131\u015fmakta olan i\u015f\u00e7ilerin ve memurlar\u0131n da gelecekte kar\u015f\u0131la\u015faca\u011f\u0131 tabloyu ortaya koydu\u011fu vurguland\u0131. Ortak m\u00fccadelenin ka\u00e7\u0131n\u0131lmaz oldu\u011funa dikkat \u00e7eken \u00c7ankaya, \u201cArt\u0131k bu g\u00fcnden sonra ya hep birlikte haklar\u0131m\u0131z ve gelece\u011fimiz i\u00e7in aya\u011fa kalkaca\u011f\u0131z ya da emekli ve emek\u00e7i d\u00fc\u015fman\u0131 iktidar\u0131n dayatt\u0131\u011f\u0131 a\u00e7l\u0131k s\u0131n\u0131r\u0131n\u0131n alt\u0131ndaki sefalet maa\u015flar\u0131yla ya\u015famaya devam edece\u011fiz. \u00dclkemizdeki \u00e7al\u0131\u015fanlar\u0131n ya\u015fam standartlar\u0131 ve \u00e7al\u0131\u015fma ko\u015fullar\u0131 giderek geriliyor. \u0130\u015f\u00e7iler g\u00fcvencesiz, sigortas\u0131z ve sendikas\u0131z \u00e7al\u0131\u015ft\u0131r\u0131l\u0131yor. &hellip;<\/p>","protected":false},"author":1,"featured_media":0,"comment_status":"","ping_status":"open","sticky":false,"template":"","format":"standard","meta":{"_acf_changed":false,"footnotes":""},"categories":[24],"tags":[],"class_list":["post-131664","post","type-post","status-publish","format-standard","has-post-thumbnail","hentry","category-gundem"],"acf":[],"yoast_head":"<!-- This site is optimized with the Yoast SEO Premium plugin v26.6 (Yoast SEO v27.1.1) - https:\/\/yoast.com\/product\/yoast-seo-premium-wordpress\/ -->\n<title>Ba\u015fkan \u00c7ankaya, emeklileri alana \u00e7a\u011f\u0131rd\u0131\u2026 - Av. Deniz Can K\u0131z\u0131l<\/title>\n<meta name=\"robots\" content=\"index, follow, max-snippet:-1, max-image-preview:large, max-video-preview:-1\" \/>\n<link rel=\"canonical\" href=\"https:\/\/denizcankizil.tr\/ru\/haberler\/gundem\/baskan-cankaya-emeklileri-alana-cagirdi\/\" \/>\n<meta property=\"og:locale\" content=\"ru_RU\" \/>\n<meta property=\"og:type\" content=\"article\" \/>\n<meta property=\"og:title\" content=\"Ba\u015fkan \u00c7ankaya, emeklileri alana \u00e7a\u011f\u0131rd\u0131\u2026\" \/>\n<meta property=\"og:description\" content=\"Ger\u00e7ekle\u015ftirilen etkinli\u011fe siyasi parti temsilcileri, sivil toplum kurulu\u015flar\u0131 ve meslek odalar\u0131n\u0131n ba\u015fkanlar\u0131 da destek verdi. Cumhuriyet Halk Partisi (CHP) \u0130skenderun \u0130l\u00e7e Ba\u015fkan\u0131 H\u00fcseyin Derin ve y\u00f6netimi ile Demokrat Parti \u0130skenderun \u0130l\u00e7e Ba\u015fkan\u0131 Bilal Karaosman\u2019\u0131n kat\u0131l\u0131m sa\u011flad\u0131\u011f\u0131 a\u00e7\u0131klamada, 2021 T\u00fcm Emekliler Sendikas\u0131 \u0130skenderun \u015eube Ba\u015fkan\u0131 Mustafa \u00c7ankaya \u00f6nemli mesajlar verdi. \u201cEmekliler ve Emek\u00e7iler \u0130\u00e7in Onurlu Bir Ya\u015fam\u201d Mustafa \u00c7ankaya konu\u015fmas\u0131nda, sendika olarak temel taleplerine i\u015faret ederek \u201c2021 T\u00fcm Emekliler Sendikas\u0131 olarak bizler; emeklilere ve t\u00fcm emek\u00e7ilere insanl\u0131k onuruna yak\u0131\u015fan mutlu ve huzurlu bir ya\u015fam, \u00e7ocuklar\u0131m\u0131za ve torunlar\u0131m\u0131za sosyal g\u00fcvenceli ve g\u00fcvenli bir gelecek istiyoruz. Bunun i\u00e7in, \u00fclke \u00e7ap\u0131nda t\u00fcm emeklilerin ve emek\u00e7ilerin ortak ve birle\u015fik m\u00fccadelesini savunuyoruz\u201d dedi. \u00c7ankaya, 28 Haziran \u2013 5 Temmuz tarihleri aras\u0131nda sendikan\u0131n \u00fclke genelinde alanlara \u00e7\u0131karak bu talepler do\u011frultusunda etkinlikler ger\u00e7ekle\u015ftirece\u011fini belirtti. \u201cBirlik Olmazsak Daha Fazla Yoksulla\u015faca\u011f\u0131z\u201d A\u00e7\u0131klamada, emeklilerin bug\u00fcn ya\u015fad\u0131\u011f\u0131 sorunlar\u0131n, halen \u00e7al\u0131\u015fmakta olan i\u015f\u00e7ilerin ve memurlar\u0131n da gelecekte kar\u015f\u0131la\u015faca\u011f\u0131 tabloyu ortaya koydu\u011fu vurguland\u0131. Ortak m\u00fccadelenin ka\u00e7\u0131n\u0131lmaz oldu\u011funa dikkat \u00e7eken \u00c7ankaya, \u201cArt\u0131k bu g\u00fcnden sonra ya hep birlikte haklar\u0131m\u0131z ve gelece\u011fimiz i\u00e7in aya\u011fa kalkaca\u011f\u0131z ya da emekli ve emek\u00e7i d\u00fc\u015fman\u0131 iktidar\u0131n dayatt\u0131\u011f\u0131 a\u00e7l\u0131k s\u0131n\u0131r\u0131n\u0131n alt\u0131ndaki sefalet maa\u015flar\u0131yla ya\u015famaya devam edece\u011fiz. \u00dclkemizdeki \u00e7al\u0131\u015fanlar\u0131n ya\u015fam standartlar\u0131 ve \u00e7al\u0131\u015fma ko\u015fullar\u0131 giderek geriliyor. \u0130\u015f\u00e7iler g\u00fcvencesiz, sigortas\u0131z ve sendikas\u0131z \u00e7al\u0131\u015ft\u0131r\u0131l\u0131yor. &hellip;\" \/>\n<meta property=\"og:url\" content=\"https:\/\/denizcankizil.tr\/ru\/haberler\/gundem\/baskan-cankaya-emeklileri-alana-cagirdi\/\" \/>\n<meta property=\"og:site_name\" content=\"Av. Deniz Can K\u0131z\u0131l\" \/>\n<meta property=\"article:published_time\" content=\"2025-06-30T16:42:40+00:00\" \/>\n<meta name=\"author\" content=\"admin\" \/>\n<meta name=\"twitter:card\" content=\"summary_large_image\" \/>\n<meta name=\"twitter:label1\" content=\"\u041d\u0430\u043f\u0438\u0441\u0430\u043d\u043e \u0430\u0432\u0442\u043e\u0440\u043e\u043c\" \/>\n\t<meta name=\"twitter:data1\" content=\"admin\" \/>\n\t<meta name=\"twitter:label2\" content=\"\u041f\u0440\u0438\u043c\u0435\u0440\u043d\u043e\u0435 \u0432\u0440\u0435\u043c\u044f \u0434\u043b\u044f \u0447\u0442\u0435\u043d\u0438\u044f\" \/>\n\t<meta name=\"twitter:data2\" content=\"2 \u043c\u0438\u043d\u0443\u0442\u044b\" \/>\n<script type=\"application\/ld+json\" class=\"yoast-schema-graph\">{\"@context\":\"https:\/\/schema.org\",\"@graph\":[{\"@type\":\"Article\",\"@id\":\"https:\/\/denizcankizil.tr\/ru\/haberler\/gundem\/baskan-cankaya-emeklileri-alana-cagirdi\/#article\",\"isPartOf\":{\"@id\":\"https:\/\/denizcankizil.tr\/ru\/haberler\/gundem\/baskan-cankaya-emeklileri-alana-cagirdi\/\"},\"author\":{\"name\":\"admin\",\"@id\":\"https:\/\/denizcankizil.tr\/#\/schema\/person\/be3c05fe6a12686905512445d8185489\"},\"headline\":\"Ba\u015fkan \u00c7ankaya, emeklileri alana \u00e7a\u011f\u0131rd\u0131\u2026\",\"datePublished\":\"2025-06-30T16:42:40+00:00\",\"mainEntityOfPage\":{\"@id\":\"https:\/\/denizcankizil.tr\/ru\/haberler\/gundem\/baskan-cankaya-emeklileri-alana-cagirdi\/\"},\"wordCount\":427,\"publisher\":{\"@id\":\"https:\/\/denizcankizil.tr\/#organization\"},\"articleSection\":[\"G\u00fcndem\"],\"inLanguage\":\"ru-RU\"},{\"@type\":\"WebPage\",\"@id\":\"https:\/\/denizcankizil.tr\/ru\/haberler\/gundem\/baskan-cankaya-emeklileri-alana-cagirdi\/\",\"url\":\"https:\/\/denizcankizil.tr\/ru\/haberler\/gundem\/baskan-cankaya-emeklileri-alana-cagirdi\/\",\"name\":\"Ba\u015fkan \u00c7ankaya, emeklileri alana \u00e7a\u011f\u0131rd\u0131\u2026 - Av. Deniz Can K\u0131z\u0131l\",\"isPartOf\":{\"@id\":\"https:\/\/denizcankizil.tr\/#website\"},\"datePublished\":\"2025-06-30T16:42:40+00:00\",\"breadcrumb\":{\"@id\":\"https:\/\/denizcankizil.tr\/ru\/haberler\/gundem\/baskan-cankaya-emeklileri-alana-cagirdi\/#breadcrumb\"},\"inLanguage\":\"ru-RU\",\"potentialAction\":[{\"@type\":\"ReadAction\",\"target\":[\"https:\/\/denizcankizil.tr\/ru\/haberler\/gundem\/baskan-cankaya-emeklileri-alana-cagirdi\/\"]}]},{\"@type\":\"BreadcrumbList\",\"@id\":\"https:\/\/denizcankizil.tr\/ru\/haberler\/gundem\/baskan-cankaya-emeklileri-alana-cagirdi\/#breadcrumb\",\"itemListElement\":[{\"@type\":\"ListItem\",\"position\":1,\"name\":\"Home\",\"item\":\"https:\/\/denizcankizil.tr\/de\/\"},{\"@type\":\"ListItem\",\"position\":2,\"name\":\"Ba\u015fkan \u00c7ankaya, emeklileri alana \u00e7a\u011f\u0131rd\u0131\u2026\"}]},{\"@type\":\"WebSite\",\"@id\":\"https:\/\/denizcankizil.tr\/#website\",\"url\":\"https:\/\/denizcankizil.tr\/\",\"name\":\"Av. Deniz Can K\u0131z\u0131l\",\"description\":\"Avukat Deniz Can K\u0131z\u0131l Antalya Barosu\",\"publisher\":{\"@id\":\"https:\/\/denizcankizil.tr\/#organization\"},\"potentialAction\":[{\"@type\":\"SearchAction\",\"target\":{\"@type\":\"EntryPoint\",\"urlTemplate\":\"https:\/\/denizcankizil.tr\/?s={search_term_string}\"},\"query-input\":{\"@type\":\"PropertyValueSpecification\",\"valueRequired\":true,\"valueName\":\"search_term_string\"}}],\"inLanguage\":\"ru-RU\"},{\"@type\":\"Organization\",\"@id\":\"https:\/\/denizcankizil.tr\/#organization\",\"name\":\"Av. Deniz Can K\u0131z\u0131l\",\"url\":\"https:\/\/denizcankizil.tr\/\",\"logo\":{\"@type\":\"ImageObject\",\"inLanguage\":\"ru-RU\",\"@id\":\"https:\/\/denizcankizil.tr\/#\/schema\/logo\/image\/\",\"url\":\"https:\/\/denizcankizil.tr\/wp-content\/uploads\/2024\/10\/siyah-logo-svg.svg\",\"contentUrl\":\"https:\/\/denizcankizil.tr\/wp-content\/uploads\/2024\/10\/siyah-logo-svg.svg\",\"width\":1080,\"height\":1080,\"caption\":\"Av. Deniz Can K\u0131z\u0131l\"},\"image\":{\"@id\":\"https:\/\/denizcankizil.tr\/#\/schema\/logo\/image\/\"}},{\"@type\":\"Person\",\"@id\":\"https:\/\/denizcankizil.tr\/#\/schema\/person\/be3c05fe6a12686905512445d8185489\",\"name\":\"admin\",\"image\":{\"@type\":\"ImageObject\",\"inLanguage\":\"ru-RU\",\"@id\":\"https:\/\/denizcankizil.tr\/#\/schema\/person\/image\/\",\"url\":\"https:\/\/secure.gravatar.com\/avatar\/c1fce94c830dc79107e174f890d7210541c4a63e8e5d816341794a2151c9d58c?s=96&d=mm&r=g\",\"contentUrl\":\"https:\/\/secure.gravatar.com\/avatar\/c1fce94c830dc79107e174f890d7210541c4a63e8e5d816341794a2151c9d58c?s=96&d=mm&r=g\",\"caption\":\"admin\"},\"sameAs\":[\"http:\/\/denizcankizil.tr\"],\"url\":\"https:\/\/www.iskenderun.org\/baskan-cankaya-emeklileri-alana-cagirdi\"}]}<\/script>\n<!-- \/ Yoast SEO Premium plugin. -->","yoast_head_json":{"title":"Ba\u015fkan \u00c7ankaya, emeklileri alana \u00e7a\u011f\u0131rd\u0131\u2026 - Av. Deniz Can K\u0131z\u0131l","robots":{"index":"index","follow":"follow","max-snippet":"max-snippet:-1","max-image-preview":"max-image-preview:large","max-video-preview":"max-video-preview:-1"},"canonical":"https:\/\/denizcankizil.tr\/ru\/haberler\/gundem\/baskan-cankaya-emeklileri-alana-cagirdi\/","og_locale":"ru_RU","og_type":"article","og_title":"Ba\u015fkan \u00c7ankaya, emeklileri alana \u00e7a\u011f\u0131rd\u0131\u2026","og_description":"Ger\u00e7ekle\u015ftirilen etkinli\u011fe siyasi parti temsilcileri, sivil toplum kurulu\u015flar\u0131 ve meslek odalar\u0131n\u0131n ba\u015fkanlar\u0131 da destek verdi. Cumhuriyet Halk Partisi (CHP) \u0130skenderun \u0130l\u00e7e Ba\u015fkan\u0131 H\u00fcseyin Derin ve y\u00f6netimi ile Demokrat Parti \u0130skenderun \u0130l\u00e7e Ba\u015fkan\u0131 Bilal Karaosman\u2019\u0131n kat\u0131l\u0131m sa\u011flad\u0131\u011f\u0131 a\u00e7\u0131klamada, 2021 T\u00fcm Emekliler Sendikas\u0131 \u0130skenderun \u015eube Ba\u015fkan\u0131 Mustafa \u00c7ankaya \u00f6nemli mesajlar verdi. \u201cEmekliler ve Emek\u00e7iler \u0130\u00e7in Onurlu Bir Ya\u015fam\u201d Mustafa \u00c7ankaya konu\u015fmas\u0131nda, sendika olarak temel taleplerine i\u015faret ederek \u201c2021 T\u00fcm Emekliler Sendikas\u0131 olarak bizler; emeklilere ve t\u00fcm emek\u00e7ilere insanl\u0131k onuruna yak\u0131\u015fan mutlu ve huzurlu bir ya\u015fam, \u00e7ocuklar\u0131m\u0131za ve torunlar\u0131m\u0131za sosyal g\u00fcvenceli ve g\u00fcvenli bir gelecek istiyoruz. Bunun i\u00e7in, \u00fclke \u00e7ap\u0131nda t\u00fcm emeklilerin ve emek\u00e7ilerin ortak ve birle\u015fik m\u00fccadelesini savunuyoruz\u201d dedi. \u00c7ankaya, 28 Haziran \u2013 5 Temmuz tarihleri aras\u0131nda sendikan\u0131n \u00fclke genelinde alanlara \u00e7\u0131karak bu talepler do\u011frultusunda etkinlikler ger\u00e7ekle\u015ftirece\u011fini belirtti. \u201cBirlik Olmazsak Daha Fazla Yoksulla\u015faca\u011f\u0131z\u201d A\u00e7\u0131klamada, emeklilerin bug\u00fcn ya\u015fad\u0131\u011f\u0131 sorunlar\u0131n, halen \u00e7al\u0131\u015fmakta olan i\u015f\u00e7ilerin ve memurlar\u0131n da gelecekte kar\u015f\u0131la\u015faca\u011f\u0131 tabloyu ortaya koydu\u011fu vurguland\u0131. Ortak m\u00fccadelenin ka\u00e7\u0131n\u0131lmaz oldu\u011funa dikkat \u00e7eken \u00c7ankaya, \u201cArt\u0131k bu g\u00fcnden sonra ya hep birlikte haklar\u0131m\u0131z ve gelece\u011fimiz i\u00e7in aya\u011fa kalkaca\u011f\u0131z ya da emekli ve emek\u00e7i d\u00fc\u015fman\u0131 iktidar\u0131n dayatt\u0131\u011f\u0131 a\u00e7l\u0131k s\u0131n\u0131r\u0131n\u0131n alt\u0131ndaki sefalet maa\u015flar\u0131yla ya\u015famaya devam edece\u011fiz. \u00dclkemizdeki \u00e7al\u0131\u015fanlar\u0131n ya\u015fam standartlar\u0131 ve \u00e7al\u0131\u015fma ko\u015fullar\u0131 giderek geriliyor. \u0130\u015f\u00e7iler g\u00fcvencesiz, sigortas\u0131z ve sendikas\u0131z \u00e7al\u0131\u015ft\u0131r\u0131l\u0131yor. &hellip;","og_url":"https:\/\/denizcankizil.tr\/ru\/haberler\/gundem\/baskan-cankaya-emeklileri-alana-cagirdi\/","og_site_name":"Av. Deniz Can K\u0131z\u0131l","article_published_time":"2025-06-30T16:42:40+00:00","author":"admin","twitter_card":"summary_large_image","twitter_misc":{"\u041d\u0430\u043f\u0438\u0441\u0430\u043d\u043e \u0430\u0432\u0442\u043e\u0440\u043e\u043c":"admin","\u041f\u0440\u0438\u043c\u0435\u0440\u043d\u043e\u0435 \u0432\u0440\u0435\u043c\u044f \u0434\u043b\u044f \u0447\u0442\u0435\u043d\u0438\u044f":"2 \u043c\u0438\u043d\u0443\u0442\u044b"},"schema":{"@context":"https:\/\/schema.org","@graph":[{"@type":"Article","@id":"https:\/\/denizcankizil.tr\/ru\/haberler\/gundem\/baskan-cankaya-emeklileri-alana-cagirdi\/#article","isPartOf":{"@id":"https:\/\/denizcankizil.tr\/ru\/haberler\/gundem\/baskan-cankaya-emeklileri-alana-cagirdi\/"},"author":{"name":"admin","@id":"https:\/\/denizcankizil.tr\/#\/schema\/person\/be3c05fe6a12686905512445d8185489"},"headline":"Ba\u015fkan \u00c7ankaya, emeklileri alana \u00e7a\u011f\u0131rd\u0131\u2026","datePublished":"2025-06-30T16:42:40+00:00","mainEntityOfPage":{"@id":"https:\/\/denizcankizil.tr\/ru\/haberler\/gundem\/baskan-cankaya-emeklileri-alana-cagirdi\/"},"wordCount":427,"publisher":{"@id":"https:\/\/denizcankizil.tr\/#organization"},"articleSection":["G\u00fcndem"],"inLanguage":"ru-RU"},{"@type":"WebPage","@id":"https:\/\/denizcankizil.tr\/ru\/haberler\/gundem\/baskan-cankaya-emeklileri-alana-cagirdi\/","url":"https:\/\/denizcankizil.tr\/ru\/haberler\/gundem\/baskan-cankaya-emeklileri-alana-cagirdi\/","name":"Ba\u015fkan \u00c7ankaya, emeklileri alana \u00e7a\u011f\u0131rd\u0131\u2026 - Av. Deniz Can K\u0131z\u0131l","isPartOf":{"@id":"https:\/\/denizcankizil.tr\/#website"},"datePublished":"2025-06-30T16:42:40+00:00","breadcrumb":{"@id":"https:\/\/denizcankizil.tr\/ru\/haberler\/gundem\/baskan-cankaya-emeklileri-alana-cagirdi\/#breadcrumb"},"inLanguage":"ru-RU","potentialAction":[{"@type":"ReadAction","target":["https:\/\/denizcankizil.tr\/ru\/haberler\/gundem\/baskan-cankaya-emeklileri-alana-cagirdi\/"]}]},{"@type":"BreadcrumbList","@id":"https:\/\/denizcankizil.tr\/ru\/haberler\/gundem\/baskan-cankaya-emeklileri-alana-cagirdi\/#breadcrumb","itemListElement":[{"@type":"ListItem","position":1,"name":"Home","item":"https:\/\/denizcankizil.tr\/de\/"},{"@type":"ListItem","position":2,"name":"Ba\u015fkan \u00c7ankaya, emeklileri alana \u00e7a\u011f\u0131rd\u0131\u2026"}]},{"@type":"WebSite","@id":"https:\/\/denizcankizil.tr\/#website","url":"https:\/\/denizcankizil.tr\/","name":"Av. Deniz Can K\u0131z\u0131l","description":"Avukat Deniz Can K\u0131z\u0131l Antalya Barosu","publisher":{"@id":"https:\/\/denizcankizil.tr\/#organization"},"potentialAction":[{"@type":"SearchAction","target":{"@type":"EntryPoint","urlTemplate":"https:\/\/denizcankizil.tr\/?s={search_term_string}"},"query-input":{"@type":"PropertyValueSpecification","valueRequired":true,"valueName":"search_term_string"}}],"inLanguage":"ru-RU"},{"@type":"Organization","@id":"https:\/\/denizcankizil.tr\/#organization","name":"Av. Deniz Can K\u0131z\u0131l","url":"https:\/\/denizcankizil.tr\/","logo":{"@type":"ImageObject","inLanguage":"ru-RU","@id":"https:\/\/denizcankizil.tr\/#\/schema\/logo\/image\/","url":"https:\/\/denizcankizil.tr\/wp-content\/uploads\/2024\/10\/siyah-logo-svg.svg","contentUrl":"https:\/\/denizcankizil.tr\/wp-content\/uploads\/2024\/10\/siyah-logo-svg.svg","width":1080,"height":1080,"caption":"Av. Deniz Can K\u0131z\u0131l"},"image":{"@id":"https:\/\/denizcankizil.tr\/#\/schema\/logo\/image\/"}},{"@type":"Person","@id":"https:\/\/denizcankizil.tr\/#\/schema\/person\/be3c05fe6a12686905512445d8185489","name":"\u0430\u0434\u043c\u0438\u043d","image":{"@type":"ImageObject","inLanguage":"ru-RU","@id":"https:\/\/denizcankizil.tr\/#\/schema\/person\/image\/","url":"https:\/\/secure.gravatar.com\/avatar\/c1fce94c830dc79107e174f890d7210541c4a63e8e5d816341794a2151c9d58c?s=96&d=mm&r=g","contentUrl":"https:\/\/secure.gravatar.com\/avatar\/c1fce94c830dc79107e174f890d7210541c4a63e8e5d816341794a2151c9d58c?s=96&d=mm&r=g","caption":"admin"},"sameAs":["http:\/\/denizcankizil.tr"],"url":"https:\/\/www.iskenderun.org\/baskan-cankaya-emeklileri-alana-cagirdi"}]}},"_links":{"self":[{"href":"https:\/\/denizcankizil.tr\/ru\/wp-json\/wp\/v2\/posts\/131664","targetHints":{"allow":["GET"]}}],"collection":[{"href":"https:\/\/denizcankizil.tr\/ru\/wp-json\/wp\/v2\/posts"}],"about":[{"href":"https:\/\/denizcankizil.tr\/ru\/wp-json\/wp\/v2\/types\/post"}],"author":[{"embeddable":true,"href":"https:\/\/denizcankizil.tr\/ru\/wp-json\/wp\/v2\/users\/1"}],"replies":[{"embeddable":true,"href":"https:\/\/denizcankizil.tr\/ru\/wp-json\/wp\/v2\/comments?post=131664"}],"version-history":[{"count":0,"href":"https:\/\/denizcankizil.tr\/ru\/wp-json\/wp\/v2\/posts\/131664\/revisions"}],"wp:attachment":[{"href":"https:\/\/denizcankizil.tr\/ru\/wp-json\/wp\/v2\/media?parent=131664"}],"wp:term":[{"taxonomy":"category","embeddable":true,"href":"https:\/\/denizcankizil.tr\/ru\/wp-json\/wp\/v2\/categories?post=131664"},{"taxonomy":"post_tag","embeddable":true,"href":"https:\/\/denizcankizil.tr\/ru\/wp-json\/wp\/v2\/tags?post=131664"}],"curies":[{"name":"wp","href":"https:\/\/api.w.org\/{rel}","templated":true}]}}