{"id":131425,"date":"2025-06-30T14:42:26","date_gmt":"2025-06-30T11:42:26","guid":{"rendered":"https:\/\/denizcankizil.tr\/uncategorized-tr\/denizlide-kirsal-uretime-guclu-destek-paketi\/"},"modified":"2025-06-30T14:42:26","modified_gmt":"2025-06-30T11:42:26","slug":"denizlide-kirsal-uretime-guclu-destek-paketi","status":"publish","type":"post","link":"https:\/\/denizcankizil.tr\/ru\/haberler\/gundem\/denizlide-kirsal-uretime-guclu-destek-paketi\/","title":{"rendered":"Denizli\u2019de k\u0131rsal \u00fcretime g\u00fc\u00e7l\u00fc destek paketi"},"content":{"rendered":"<p>Denizli B\u00fcy\u00fck\u015fehir Belediyesi, k\u0131rsal kalk\u0131nmay\u0131 desteklemek amac\u0131yla \u00fc\u00e7 ayr\u0131 ba\u015fl\u0131kta \u00fcreticilere y\u00f6nelik yeni destek programlar\u0131 ba\u015flatt\u0131.DEN\u0130ZL\u0130 (\u0130GFA) &#8211; Haziran ay\u0131 Meclis kararlar\u0131yla hayata ge\u00e7irilen projeler kapsam\u0131nda;\u00fcreticilere bordo bulamac\u0131 ve Macar fi\u011fi tohumu deste\u011fi sa\u011flan\u0131rken, b\u00fcy\u00fckba\u015f hayvanc\u0131l\u0131kla u\u011fra\u015fanlara da \u00fccretsiz veteriner dan\u0131\u015fmanl\u0131k hizmeti sunulacak.<br \/>\nMEYVE BAH\u00c7ELER\u0130 \u0130\u00c7\u0130N BORDO BULAMACI DESTE\u011e\u0130<br \/>\nDo\u011fal afet ve hastal\u0131k risklerine kar\u015f\u0131 meyve bah\u00e7elerini korumak amac\u0131yla, 10.000 m\u00b2\u2019yi ge\u00e7meyen alanda meyve bah\u00e7esi ve ba\u011f\u0131 bulunan \u00fcreticilere bordo bulamac\u0131 deste\u011fi verilecek. Ba\u015fvurular, 30 Haziran \u2013 14 Temmuz 2025 tarihleri aras\u0131nda Denizli B\u00fcy\u00fck\u015fehir Belediyesi web sitesi (www.denizli.bel.tr) \u00fczerinden veya DESK\u0130 \u0130l\u00e7e Hizmet Birimlerinden online olarak yap\u0131labilecek. Ba\u015fvuru formuna 2025 y\u0131l\u0131na ait \u00c7KS (\u00c7ift\u00e7i Kay\u0131t Sistemi) belgesi eklenecek.<br \/>\nMACAR F\u0130\u011e\u0130 TOHUMU DESTE\u011e\u0130YLE HAYVANCILI\u011eA KATKI<br \/>\nHayvanc\u0131l\u0131kla u\u011fra\u015fan \u00fcreticilere y\u00f6nelik olarak Macar fi\u011fi tohumu deste\u011fi sa\u011flanacak. Tohum deste\u011finden yararlanmak isteyen \u00fcreticilerin, 1 Eyl\u00fcl 2025 itibariyle ba\u015flayacak olan 2026 y\u0131l\u0131 \u00c7KS kay\u0131tlar\u0131nda Macar fi\u011fi ekimi yapacaklar\u0131n\u0131 beyan etmeleri gerekiyor. \u00d6n ba\u015fvuru s\u00fcreci, 30 Haziran \u2013 14 Temmuz tarihleri aras\u0131nda belediyenin internet sitesi veya DESK\u0130 \u0130l\u00e7e Hizmet Birimleri \u00fczerinden yap\u0131lacak. Kesin kay\u0131tlar, 2026 y\u0131l\u0131 \u00c7KS belgesinin ibraz edilmesiyle tamamlanacak.<br \/>\nK\u00dc\u00c7\u00dcK \u00d6L\u00c7EKL\u0130 YET\u0130\u015eT\u0130R\u0130C\u0130LERE VETER\u0130NER DANI\u015eMANLI\u011eI<br \/>\nHayvanc\u0131l\u0131k yapan k\u00fc\u00e7\u00fck \u00fcreticilere y\u00f6nelik olarak ise \u201cMahallemde Veterinerlik Dan\u0131\u015fma Hizmetleri\u201d projesi ba\u015flat\u0131ld\u0131. Proje kapsam\u0131nda, 5 b\u00fcy\u00fckba\u015fa kadar hayvan\u0131 olan yeti\u015ftiricilere \u00fccretsiz veteriner dan\u0131\u015fmanl\u0131k hizmeti verilecek. Ba\u015fvurular 30 Haziran \u2013 31 Temmuz tarihleri aras\u0131nda www.denizli.bel.tr adresinden online olarak al\u0131nacak. \u0130\u015fletme ziyaretleri ise ba\u015fvurular\u0131n tamamlanmas\u0131n\u0131n ard\u0131ndan A\u011fustos ay\u0131 itibariyle planlanarak ger\u00e7ekle\u015ftirilecek.<br \/>\nBa\u015fkan B\u00fclent Nuri \u00c7avu\u015fo\u011flu, &#8220;\u00dcretenden yana taraf\u0131z&#8221; diyerek \u00fcreticilerin her zaman yan\u0131nda olduklar\u0131n\u0131 belirtti.<\/p>\n<p>\u200bDenizli B\u00fcy\u00fck\u015fehir Belediyesi, k\u0131rsal kalk\u0131nmay\u0131 desteklemek amac\u0131yla \u00fc\u00e7 ayr\u0131 ba\u015fl\u0131kta \u00fcreticilere y\u00f6nelik yeni destek programlar\u0131 ba\u015flatt\u0131.DEN\u0130ZL\u0130 (\u0130GFA) &#8211; Haziran ay\u0131 Meclis kararlar\u0131yla hayata ge\u00e7irilen projeler kapsam\u0131nda;\u00fcreticilere bordo bulamac\u0131 ve Macar fi\u011fi tohumu deste\u011fi sa\u011flan\u0131rken, b\u00fcy\u00fckba\u015f hayvanc\u0131l\u0131kla u\u011fra\u015fanlara da \u00fccretsiz veteriner dan\u0131\u015fmanl\u0131k hizmeti sunulacak.<br \/>\nMEYVE BAH\u00c7ELER\u0130 \u0130\u00c7\u0130N BORDO BULAMACI DESTE\u011e\u0130<br \/>\nDo\u011fal afet ve hastal\u0131k risklerine kar\u015f\u0131 meyve bah\u00e7elerini korumak amac\u0131yla, 10.000 m\u00b2\u2019yi ge\u00e7meyen alanda meyve bah\u00e7esi ve ba\u011f\u0131 bulunan \u00fcreticilere bordo bulamac\u0131 deste\u011fi verilecek. Ba\u015fvurular, 30 Haziran \u2013 14 Temmuz 2025 tarihleri aras\u0131nda Denizli B\u00fcy\u00fck\u015fehir Belediyesi web sitesi (www.denizli.bel.tr) \u00fczerinden veya DESK\u0130 \u0130l\u00e7e Hizmet Birimlerinden online olarak yap\u0131labilecek. Ba\u015fvuru formuna 2025 y\u0131l\u0131na ait \u00c7KS (\u00c7ift\u00e7i Kay\u0131t Sistemi) belgesi eklenecek.<br \/>\nMACAR F\u0130\u011e\u0130 TOHUMU DESTE\u011e\u0130YLE HAYVANCILI\u011eA KATKI<br \/>\nHayvanc\u0131l\u0131kla u\u011fra\u015fan \u00fcreticilere y\u00f6nelik olarak Macar fi\u011fi tohumu deste\u011fi sa\u011flanacak. Tohum deste\u011finden yararlanmak isteyen \u00fcreticilerin, 1 Eyl\u00fcl 2025 itibariyle ba\u015flayacak olan 2026 y\u0131l\u0131 \u00c7KS kay\u0131tlar\u0131nda Macar fi\u011fi ekimi yapacaklar\u0131n\u0131 beyan etmeleri gerekiyor. \u00d6n ba\u015fvuru s\u00fcreci, 30 Haziran \u2013 14 Temmuz tarihleri aras\u0131nda belediyenin internet sitesi veya DESK\u0130 \u0130l\u00e7e Hizmet Birimleri \u00fczerinden yap\u0131lacak. Kesin kay\u0131tlar, 2026 y\u0131l\u0131 \u00c7KS belgesinin ibraz edilmesiyle tamamlanacak.<br \/>\nK\u00dc\u00c7\u00dcK \u00d6L\u00c7EKL\u0130 YET\u0130\u015eT\u0130R\u0130C\u0130LERE VETER\u0130NER DANI\u015eMANLI\u011eI<br \/>\nHayvanc\u0131l\u0131k yapan k\u00fc\u00e7\u00fck \u00fcreticilere y\u00f6nelik olarak ise \u201cMahallemde Veterinerlik Dan\u0131\u015fma Hizmetleri\u201d projesi ba\u015flat\u0131ld\u0131. Proje kapsam\u0131nda, 5 b\u00fcy\u00fckba\u015fa kadar hayvan\u0131 olan yeti\u015ftiricilere \u00fccretsiz veteriner dan\u0131\u015fmanl\u0131k hizmeti verilecek. Ba\u015fvurular 30 Haziran \u2013 31 Temmuz tarihleri aras\u0131nda www.denizli.bel.tr adresinden online olarak al\u0131nacak. \u0130\u015fletme ziyaretleri ise ba\u015fvurular\u0131n tamamlanmas\u0131n\u0131n ard\u0131ndan A\u011fustos ay\u0131 itibariyle planlanarak ger\u00e7ekle\u015ftirilecek.<br \/>\nBa\u015fkan B\u00fclent Nuri \u00c7avu\u015fo\u011flu, &#8220;\u00dcretenden yana taraf\u0131z&#8221; diyerek \u00fcreticilerin her zaman yan\u0131nda olduklar\u0131n\u0131 belirtti.\u00a0<\/p>\n<p>\u200bHaberin Al\u0131nt\u0131land\u0131\u011f\u0131 Kaynak: www.iskenderun.org<\/p>","protected":false},"excerpt":{"rendered":"<p>Denizli B\u00fcy\u00fck\u015fehir Belediyesi, k\u0131rsal kalk\u0131nmay\u0131 desteklemek amac\u0131yla \u00fc\u00e7 ayr\u0131 ba\u015fl\u0131kta \u00fcreticilere y\u00f6nelik yeni destek programlar\u0131 ba\u015flatt\u0131.DEN\u0130ZL\u0130 (\u0130GFA) &#8211; Haziran ay\u0131 Meclis kararlar\u0131yla hayata ge\u00e7irilen projeler kapsam\u0131nda;\u00fcreticilere bordo bulamac\u0131 ve Macar fi\u011fi tohumu deste\u011fi sa\u011flan\u0131rken, b\u00fcy\u00fckba\u015f hayvanc\u0131l\u0131kla u\u011fra\u015fanlara da \u00fccretsiz veteriner dan\u0131\u015fmanl\u0131k hizmeti sunulacak. MEYVE BAH\u00c7ELER\u0130 \u0130\u00c7\u0130N BORDO BULAMACI DESTE\u011e\u0130 Do\u011fal afet ve hastal\u0131k risklerine kar\u015f\u0131 meyve bah\u00e7elerini korumak amac\u0131yla, 10.000 m\u00b2\u2019yi ge\u00e7meyen alanda meyve bah\u00e7esi ve ba\u011f\u0131 bulunan \u00fcreticilere bordo bulamac\u0131 deste\u011fi verilecek. Ba\u015fvurular, 30 Haziran \u2013 14 Temmuz 2025 tarihleri aras\u0131nda Denizli B\u00fcy\u00fck\u015fehir Belediyesi web sitesi (www.denizli.bel.tr) \u00fczerinden veya DESK\u0130 \u0130l\u00e7e Hizmet Birimlerinden online olarak yap\u0131labilecek. Ba\u015fvuru formuna 2025 y\u0131l\u0131na ait \u00c7KS (\u00c7ift\u00e7i Kay\u0131t Sistemi) belgesi eklenecek. MACAR F\u0130\u011e\u0130 TOHUMU DESTE\u011e\u0130YLE HAYVANCILI\u011eA KATKI Hayvanc\u0131l\u0131kla u\u011fra\u015fan \u00fcreticilere y\u00f6nelik olarak Macar fi\u011fi tohumu deste\u011fi sa\u011flanacak. Tohum deste\u011finden yararlanmak isteyen \u00fcreticilerin, 1 Eyl\u00fcl 2025 itibariyle ba\u015flayacak olan 2026 y\u0131l\u0131 \u00c7KS kay\u0131tlar\u0131nda Macar fi\u011fi ekimi yapacaklar\u0131n\u0131 beyan etmeleri gerekiyor. \u00d6n ba\u015fvuru s\u00fcreci, 30 Haziran \u2013 14 Temmuz tarihleri aras\u0131nda belediyenin internet sitesi veya DESK\u0130 \u0130l\u00e7e Hizmet Birimleri \u00fczerinden yap\u0131lacak. Kesin kay\u0131tlar, 2026 y\u0131l\u0131 \u00c7KS belgesinin ibraz edilmesiyle tamamlanacak. K\u00dc\u00c7\u00dcK \u00d6L\u00c7EKL\u0130 YET\u0130\u015eT\u0130R\u0130C\u0130LERE VETER\u0130NER DANI\u015eMANLI\u011eI Hayvanc\u0131l\u0131k yapan k\u00fc\u00e7\u00fck \u00fcreticilere y\u00f6nelik olarak ise \u201cMahallemde Veterinerlik Dan\u0131\u015fma Hizmetleri\u201d projesi ba\u015flat\u0131ld\u0131. Proje kapsam\u0131nda, 5 b\u00fcy\u00fckba\u015fa kadar hayvan\u0131 olan &hellip;<\/p>","protected":false},"author":1,"featured_media":0,"comment_status":"","ping_status":"open","sticky":false,"template":"","format":"standard","meta":{"_acf_changed":false,"footnotes":""},"categories":[24],"tags":[],"class_list":["post-131425","post","type-post","status-publish","format-standard","has-post-thumbnail","hentry","category-gundem"],"acf":[],"yoast_head":"<!-- This site is optimized with the Yoast SEO Premium plugin v26.6 (Yoast SEO v27.1.1) - https:\/\/yoast.com\/product\/yoast-seo-premium-wordpress\/ -->\n<title>Denizli\u2019de k\u0131rsal \u00fcretime g\u00fc\u00e7l\u00fc destek paketi - Av. Deniz Can K\u0131z\u0131l<\/title>\n<meta name=\"robots\" content=\"index, follow, max-snippet:-1, max-image-preview:large, max-video-preview:-1\" \/>\n<link rel=\"canonical\" href=\"https:\/\/denizcankizil.tr\/ru\/haberler\/gundem\/denizlide-kirsal-uretime-guclu-destek-paketi\/\" \/>\n<meta property=\"og:locale\" content=\"ru_RU\" \/>\n<meta property=\"og:type\" content=\"article\" \/>\n<meta property=\"og:title\" content=\"Denizli\u2019de k\u0131rsal \u00fcretime g\u00fc\u00e7l\u00fc destek paketi\" \/>\n<meta property=\"og:description\" content=\"Denizli B\u00fcy\u00fck\u015fehir Belediyesi, k\u0131rsal kalk\u0131nmay\u0131 desteklemek amac\u0131yla \u00fc\u00e7 ayr\u0131 ba\u015fl\u0131kta \u00fcreticilere y\u00f6nelik yeni destek programlar\u0131 ba\u015flatt\u0131.DEN\u0130ZL\u0130 (\u0130GFA) &#8211; Haziran ay\u0131 Meclis kararlar\u0131yla hayata ge\u00e7irilen projeler kapsam\u0131nda;\u00fcreticilere bordo bulamac\u0131 ve Macar fi\u011fi tohumu deste\u011fi sa\u011flan\u0131rken, b\u00fcy\u00fckba\u015f hayvanc\u0131l\u0131kla u\u011fra\u015fanlara da \u00fccretsiz veteriner dan\u0131\u015fmanl\u0131k hizmeti sunulacak. MEYVE BAH\u00c7ELER\u0130 \u0130\u00c7\u0130N BORDO BULAMACI DESTE\u011e\u0130 Do\u011fal afet ve hastal\u0131k risklerine kar\u015f\u0131 meyve bah\u00e7elerini korumak amac\u0131yla, 10.000 m\u00b2\u2019yi ge\u00e7meyen alanda meyve bah\u00e7esi ve ba\u011f\u0131 bulunan \u00fcreticilere bordo bulamac\u0131 deste\u011fi verilecek. Ba\u015fvurular, 30 Haziran \u2013 14 Temmuz 2025 tarihleri aras\u0131nda Denizli B\u00fcy\u00fck\u015fehir Belediyesi web sitesi (www.denizli.bel.tr) \u00fczerinden veya DESK\u0130 \u0130l\u00e7e Hizmet Birimlerinden online olarak yap\u0131labilecek. Ba\u015fvuru formuna 2025 y\u0131l\u0131na ait \u00c7KS (\u00c7ift\u00e7i Kay\u0131t Sistemi) belgesi eklenecek. MACAR F\u0130\u011e\u0130 TOHUMU DESTE\u011e\u0130YLE HAYVANCILI\u011eA KATKI Hayvanc\u0131l\u0131kla u\u011fra\u015fan \u00fcreticilere y\u00f6nelik olarak Macar fi\u011fi tohumu deste\u011fi sa\u011flanacak. Tohum deste\u011finden yararlanmak isteyen \u00fcreticilerin, 1 Eyl\u00fcl 2025 itibariyle ba\u015flayacak olan 2026 y\u0131l\u0131 \u00c7KS kay\u0131tlar\u0131nda Macar fi\u011fi ekimi yapacaklar\u0131n\u0131 beyan etmeleri gerekiyor. \u00d6n ba\u015fvuru s\u00fcreci, 30 Haziran \u2013 14 Temmuz tarihleri aras\u0131nda belediyenin internet sitesi veya DESK\u0130 \u0130l\u00e7e Hizmet Birimleri \u00fczerinden yap\u0131lacak. Kesin kay\u0131tlar, 2026 y\u0131l\u0131 \u00c7KS belgesinin ibraz edilmesiyle tamamlanacak. K\u00dc\u00c7\u00dcK \u00d6L\u00c7EKL\u0130 YET\u0130\u015eT\u0130R\u0130C\u0130LERE VETER\u0130NER DANI\u015eMANLI\u011eI Hayvanc\u0131l\u0131k yapan k\u00fc\u00e7\u00fck \u00fcreticilere y\u00f6nelik olarak ise \u201cMahallemde Veterinerlik Dan\u0131\u015fma Hizmetleri\u201d projesi ba\u015flat\u0131ld\u0131. Proje kapsam\u0131nda, 5 b\u00fcy\u00fckba\u015fa kadar hayvan\u0131 olan &hellip;\" \/>\n<meta property=\"og:url\" content=\"https:\/\/denizcankizil.tr\/ru\/haberler\/gundem\/denizlide-kirsal-uretime-guclu-destek-paketi\/\" \/>\n<meta property=\"og:site_name\" content=\"Av. Deniz Can K\u0131z\u0131l\" \/>\n<meta property=\"article:published_time\" content=\"2025-06-30T11:42:26+00:00\" \/>\n<meta name=\"author\" content=\"admin\" \/>\n<meta name=\"twitter:card\" content=\"summary_large_image\" \/>\n<meta name=\"twitter:label1\" content=\"\u041d\u0430\u043f\u0438\u0441\u0430\u043d\u043e \u0430\u0432\u0442\u043e\u0440\u043e\u043c\" \/>\n\t<meta name=\"twitter:data1\" content=\"admin\" \/>\n\t<meta name=\"twitter:label2\" content=\"\u041f\u0440\u0438\u043c\u0435\u0440\u043d\u043e\u0435 \u0432\u0440\u0435\u043c\u044f \u0434\u043b\u044f \u0447\u0442\u0435\u043d\u0438\u044f\" \/>\n\t<meta name=\"twitter:data2\" content=\"4 \u043c\u0438\u043d\u0443\u0442\u044b\" \/>\n<script type=\"application\/ld+json\" class=\"yoast-schema-graph\">{\"@context\":\"https:\/\/schema.org\",\"@graph\":[{\"@type\":\"Article\",\"@id\":\"https:\/\/denizcankizil.tr\/uk\/haberler\/gundem\/denizlide-kirsal-uretime-guclu-destek-paketi\/#article\",\"isPartOf\":{\"@id\":\"https:\/\/denizcankizil.tr\/uk\/haberler\/gundem\/denizlide-kirsal-uretime-guclu-destek-paketi\/\"},\"author\":{\"name\":\"admin\",\"@id\":\"https:\/\/denizcankizil.tr\/de\/#\/schema\/person\/be3c05fe6a12686905512445d8185489\"},\"headline\":\"Denizli\u2019de k\u0131rsal \u00fcretime g\u00fc\u00e7l\u00fc destek paketi\",\"datePublished\":\"2025-06-30T11:42:26+00:00\",\"mainEntityOfPage\":{\"@id\":\"https:\/\/denizcankizil.tr\/uk\/haberler\/gundem\/denizlide-kirsal-uretime-guclu-destek-paketi\/\"},\"wordCount\":711,\"publisher\":{\"@id\":\"https:\/\/denizcankizil.tr\/de\/#organization\"},\"articleSection\":[\"G\u00fcndem\"],\"inLanguage\":\"ru-RU\"},{\"@type\":\"WebPage\",\"@id\":\"https:\/\/denizcankizil.tr\/uk\/haberler\/gundem\/denizlide-kirsal-uretime-guclu-destek-paketi\/\",\"url\":\"https:\/\/denizcankizil.tr\/uk\/haberler\/gundem\/denizlide-kirsal-uretime-guclu-destek-paketi\/\",\"name\":\"Denizli\u2019de k\u0131rsal \u00fcretime g\u00fc\u00e7l\u00fc destek paketi - Av. Deniz Can K\u0131z\u0131l\",\"isPartOf\":{\"@id\":\"https:\/\/denizcankizil.tr\/de\/#website\"},\"datePublished\":\"2025-06-30T11:42:26+00:00\",\"breadcrumb\":{\"@id\":\"https:\/\/denizcankizil.tr\/uk\/haberler\/gundem\/denizlide-kirsal-uretime-guclu-destek-paketi\/#breadcrumb\"},\"inLanguage\":\"ru-RU\",\"potentialAction\":[{\"@type\":\"ReadAction\",\"target\":[\"https:\/\/denizcankizil.tr\/uk\/haberler\/gundem\/denizlide-kirsal-uretime-guclu-destek-paketi\/\"]}]},{\"@type\":\"BreadcrumbList\",\"@id\":\"https:\/\/denizcankizil.tr\/uk\/haberler\/gundem\/denizlide-kirsal-uretime-guclu-destek-paketi\/#breadcrumb\",\"itemListElement\":[{\"@type\":\"ListItem\",\"position\":1,\"name\":\"Home\",\"item\":\"https:\/\/denizcankizil.tr\/de\/\"},{\"@type\":\"ListItem\",\"position\":2,\"name\":\"Denizli\u2019de k\u0131rsal \u00fcretime g\u00fc\u00e7l\u00fc destek paketi\"}]},{\"@type\":\"WebSite\",\"@id\":\"https:\/\/denizcankizil.tr\/de\/#website\",\"url\":\"https:\/\/denizcankizil.tr\/de\/\",\"name\":\"Av. Deniz Can K\u0131z\u0131l\",\"description\":\"Avukat Deniz Can K\u0131z\u0131l Antalya Barosu\",\"publisher\":{\"@id\":\"https:\/\/denizcankizil.tr\/de\/#organization\"},\"potentialAction\":[{\"@type\":\"SearchAction\",\"target\":{\"@type\":\"EntryPoint\",\"urlTemplate\":\"https:\/\/denizcankizil.tr\/de\/?s={search_term_string}\"},\"query-input\":{\"@type\":\"PropertyValueSpecification\",\"valueRequired\":true,\"valueName\":\"search_term_string\"}}],\"inLanguage\":\"ru-RU\"},{\"@type\":\"Organization\",\"@id\":\"https:\/\/denizcankizil.tr\/de\/#organization\",\"name\":\"Av. Deniz Can K\u0131z\u0131l\",\"url\":\"https:\/\/denizcankizil.tr\/de\/\",\"logo\":{\"@type\":\"ImageObject\",\"inLanguage\":\"ru-RU\",\"@id\":\"https:\/\/denizcankizil.tr\/de\/#\/schema\/logo\/image\/\",\"url\":\"https:\/\/denizcankizil.tr\/wp-content\/uploads\/2024\/10\/siyah-logo-svg.svg\",\"contentUrl\":\"https:\/\/denizcankizil.tr\/wp-content\/uploads\/2024\/10\/siyah-logo-svg.svg\",\"width\":1080,\"height\":1080,\"caption\":\"Av. Deniz Can K\u0131z\u0131l\"},\"image\":{\"@id\":\"https:\/\/denizcankizil.tr\/de\/#\/schema\/logo\/image\/\"}},{\"@type\":\"Person\",\"@id\":\"https:\/\/denizcankizil.tr\/de\/#\/schema\/person\/be3c05fe6a12686905512445d8185489\",\"name\":\"admin\",\"image\":{\"@type\":\"ImageObject\",\"inLanguage\":\"ru-RU\",\"@id\":\"https:\/\/denizcankizil.tr\/de\/#\/schema\/person\/image\/\",\"url\":\"https:\/\/secure.gravatar.com\/avatar\/c1fce94c830dc79107e174f890d7210541c4a63e8e5d816341794a2151c9d58c?s=96&d=mm&r=g\",\"contentUrl\":\"https:\/\/secure.gravatar.com\/avatar\/c1fce94c830dc79107e174f890d7210541c4a63e8e5d816341794a2151c9d58c?s=96&d=mm&r=g\",\"caption\":\"admin\"},\"sameAs\":[\"http:\/\/denizcankizil.tr\"],\"url\":\"https:\/\/www.iskenderun.org\/denizlide-kirsal-uretime-guclu-destek-paketi\"}]}<\/script>\n<!-- \/ Yoast SEO Premium plugin. -->","yoast_head_json":{"title":"Denizli\u2019de k\u0131rsal \u00fcretime g\u00fc\u00e7l\u00fc destek paketi - Av. Deniz Can K\u0131z\u0131l","robots":{"index":"index","follow":"follow","max-snippet":"max-snippet:-1","max-image-preview":"max-image-preview:large","max-video-preview":"max-video-preview:-1"},"canonical":"https:\/\/denizcankizil.tr\/ru\/haberler\/gundem\/denizlide-kirsal-uretime-guclu-destek-paketi\/","og_locale":"ru_RU","og_type":"article","og_title":"Denizli\u2019de k\u0131rsal \u00fcretime g\u00fc\u00e7l\u00fc destek paketi","og_description":"Denizli B\u00fcy\u00fck\u015fehir Belediyesi, k\u0131rsal kalk\u0131nmay\u0131 desteklemek amac\u0131yla \u00fc\u00e7 ayr\u0131 ba\u015fl\u0131kta \u00fcreticilere y\u00f6nelik yeni destek programlar\u0131 ba\u015flatt\u0131.DEN\u0130ZL\u0130 (\u0130GFA) &#8211; Haziran ay\u0131 Meclis kararlar\u0131yla hayata ge\u00e7irilen projeler kapsam\u0131nda;\u00fcreticilere bordo bulamac\u0131 ve Macar fi\u011fi tohumu deste\u011fi sa\u011flan\u0131rken, b\u00fcy\u00fckba\u015f hayvanc\u0131l\u0131kla u\u011fra\u015fanlara da \u00fccretsiz veteriner dan\u0131\u015fmanl\u0131k hizmeti sunulacak. MEYVE BAH\u00c7ELER\u0130 \u0130\u00c7\u0130N BORDO BULAMACI DESTE\u011e\u0130 Do\u011fal afet ve hastal\u0131k risklerine kar\u015f\u0131 meyve bah\u00e7elerini korumak amac\u0131yla, 10.000 m\u00b2\u2019yi ge\u00e7meyen alanda meyve bah\u00e7esi ve ba\u011f\u0131 bulunan \u00fcreticilere bordo bulamac\u0131 deste\u011fi verilecek. Ba\u015fvurular, 30 Haziran \u2013 14 Temmuz 2025 tarihleri aras\u0131nda Denizli B\u00fcy\u00fck\u015fehir Belediyesi web sitesi (www.denizli.bel.tr) \u00fczerinden veya DESK\u0130 \u0130l\u00e7e Hizmet Birimlerinden online olarak yap\u0131labilecek. Ba\u015fvuru formuna 2025 y\u0131l\u0131na ait \u00c7KS (\u00c7ift\u00e7i Kay\u0131t Sistemi) belgesi eklenecek. MACAR F\u0130\u011e\u0130 TOHUMU DESTE\u011e\u0130YLE HAYVANCILI\u011eA KATKI Hayvanc\u0131l\u0131kla u\u011fra\u015fan \u00fcreticilere y\u00f6nelik olarak Macar fi\u011fi tohumu deste\u011fi sa\u011flanacak. Tohum deste\u011finden yararlanmak isteyen \u00fcreticilerin, 1 Eyl\u00fcl 2025 itibariyle ba\u015flayacak olan 2026 y\u0131l\u0131 \u00c7KS kay\u0131tlar\u0131nda Macar fi\u011fi ekimi yapacaklar\u0131n\u0131 beyan etmeleri gerekiyor. \u00d6n ba\u015fvuru s\u00fcreci, 30 Haziran \u2013 14 Temmuz tarihleri aras\u0131nda belediyenin internet sitesi veya DESK\u0130 \u0130l\u00e7e Hizmet Birimleri \u00fczerinden yap\u0131lacak. Kesin kay\u0131tlar, 2026 y\u0131l\u0131 \u00c7KS belgesinin ibraz edilmesiyle tamamlanacak. K\u00dc\u00c7\u00dcK \u00d6L\u00c7EKL\u0130 YET\u0130\u015eT\u0130R\u0130C\u0130LERE VETER\u0130NER DANI\u015eMANLI\u011eI Hayvanc\u0131l\u0131k yapan k\u00fc\u00e7\u00fck \u00fcreticilere y\u00f6nelik olarak ise \u201cMahallemde Veterinerlik Dan\u0131\u015fma Hizmetleri\u201d projesi ba\u015flat\u0131ld\u0131. Proje kapsam\u0131nda, 5 b\u00fcy\u00fckba\u015fa kadar hayvan\u0131 olan &hellip;","og_url":"https:\/\/denizcankizil.tr\/ru\/haberler\/gundem\/denizlide-kirsal-uretime-guclu-destek-paketi\/","og_site_name":"Av. Deniz Can K\u0131z\u0131l","article_published_time":"2025-06-30T11:42:26+00:00","author":"admin","twitter_card":"summary_large_image","twitter_misc":{"\u041d\u0430\u043f\u0438\u0441\u0430\u043d\u043e \u0430\u0432\u0442\u043e\u0440\u043e\u043c":"admin","\u041f\u0440\u0438\u043c\u0435\u0440\u043d\u043e\u0435 \u0432\u0440\u0435\u043c\u044f \u0434\u043b\u044f \u0447\u0442\u0435\u043d\u0438\u044f":"4 \u043c\u0438\u043d\u0443\u0442\u044b"},"schema":{"@context":"https:\/\/schema.org","@graph":[{"@type":"Article","@id":"https:\/\/denizcankizil.tr\/uk\/haberler\/gundem\/denizlide-kirsal-uretime-guclu-destek-paketi\/#article","isPartOf":{"@id":"https:\/\/denizcankizil.tr\/uk\/haberler\/gundem\/denizlide-kirsal-uretime-guclu-destek-paketi\/"},"author":{"name":"admin","@id":"https:\/\/denizcankizil.tr\/de\/#\/schema\/person\/be3c05fe6a12686905512445d8185489"},"headline":"Denizli\u2019de k\u0131rsal \u00fcretime g\u00fc\u00e7l\u00fc destek paketi","datePublished":"2025-06-30T11:42:26+00:00","mainEntityOfPage":{"@id":"https:\/\/denizcankizil.tr\/uk\/haberler\/gundem\/denizlide-kirsal-uretime-guclu-destek-paketi\/"},"wordCount":711,"publisher":{"@id":"https:\/\/denizcankizil.tr\/de\/#organization"},"articleSection":["G\u00fcndem"],"inLanguage":"ru-RU"},{"@type":"WebPage","@id":"https:\/\/denizcankizil.tr\/uk\/haberler\/gundem\/denizlide-kirsal-uretime-guclu-destek-paketi\/","url":"https:\/\/denizcankizil.tr\/uk\/haberler\/gundem\/denizlide-kirsal-uretime-guclu-destek-paketi\/","name":"Denizli\u2019de k\u0131rsal \u00fcretime g\u00fc\u00e7l\u00fc destek paketi - Av. Deniz Can K\u0131z\u0131l","isPartOf":{"@id":"https:\/\/denizcankizil.tr\/de\/#website"},"datePublished":"2025-06-30T11:42:26+00:00","breadcrumb":{"@id":"https:\/\/denizcankizil.tr\/uk\/haberler\/gundem\/denizlide-kirsal-uretime-guclu-destek-paketi\/#breadcrumb"},"inLanguage":"ru-RU","potentialAction":[{"@type":"ReadAction","target":["https:\/\/denizcankizil.tr\/uk\/haberler\/gundem\/denizlide-kirsal-uretime-guclu-destek-paketi\/"]}]},{"@type":"BreadcrumbList","@id":"https:\/\/denizcankizil.tr\/uk\/haberler\/gundem\/denizlide-kirsal-uretime-guclu-destek-paketi\/#breadcrumb","itemListElement":[{"@type":"ListItem","position":1,"name":"Home","item":"https:\/\/denizcankizil.tr\/de\/"},{"@type":"ListItem","position":2,"name":"Denizli\u2019de k\u0131rsal \u00fcretime g\u00fc\u00e7l\u00fc destek paketi"}]},{"@type":"WebSite","@id":"https:\/\/denizcankizil.tr\/de\/#website","url":"https:\/\/denizcankizil.tr\/de\/","name":"Av. Deniz Can K\u0131z\u0131l","description":"Avukat Deniz Can K\u0131z\u0131l Antalya Barosu","publisher":{"@id":"https:\/\/denizcankizil.tr\/de\/#organization"},"potentialAction":[{"@type":"SearchAction","target":{"@type":"EntryPoint","urlTemplate":"https:\/\/denizcankizil.tr\/de\/?s={search_term_string}"},"query-input":{"@type":"PropertyValueSpecification","valueRequired":true,"valueName":"search_term_string"}}],"inLanguage":"ru-RU"},{"@type":"Organization","@id":"https:\/\/denizcankizil.tr\/de\/#organization","name":"Av. Deniz Can K\u0131z\u0131l","url":"https:\/\/denizcankizil.tr\/de\/","logo":{"@type":"ImageObject","inLanguage":"ru-RU","@id":"https:\/\/denizcankizil.tr\/de\/#\/schema\/logo\/image\/","url":"https:\/\/denizcankizil.tr\/wp-content\/uploads\/2024\/10\/siyah-logo-svg.svg","contentUrl":"https:\/\/denizcankizil.tr\/wp-content\/uploads\/2024\/10\/siyah-logo-svg.svg","width":1080,"height":1080,"caption":"Av. Deniz Can K\u0131z\u0131l"},"image":{"@id":"https:\/\/denizcankizil.tr\/de\/#\/schema\/logo\/image\/"}},{"@type":"Person","@id":"https:\/\/denizcankizil.tr\/de\/#\/schema\/person\/be3c05fe6a12686905512445d8185489","name":"\u0430\u0434\u043c\u0438\u043d","image":{"@type":"ImageObject","inLanguage":"ru-RU","@id":"https:\/\/denizcankizil.tr\/de\/#\/schema\/person\/image\/","url":"https:\/\/secure.gravatar.com\/avatar\/c1fce94c830dc79107e174f890d7210541c4a63e8e5d816341794a2151c9d58c?s=96&d=mm&r=g","contentUrl":"https:\/\/secure.gravatar.com\/avatar\/c1fce94c830dc79107e174f890d7210541c4a63e8e5d816341794a2151c9d58c?s=96&d=mm&r=g","caption":"admin"},"sameAs":["http:\/\/denizcankizil.tr"],"url":"https:\/\/www.iskenderun.org\/denizlide-kirsal-uretime-guclu-destek-paketi"}]}},"_links":{"self":[{"href":"https:\/\/denizcankizil.tr\/ru\/wp-json\/wp\/v2\/posts\/131425","targetHints":{"allow":["GET"]}}],"collection":[{"href":"https:\/\/denizcankizil.tr\/ru\/wp-json\/wp\/v2\/posts"}],"about":[{"href":"https:\/\/denizcankizil.tr\/ru\/wp-json\/wp\/v2\/types\/post"}],"author":[{"embeddable":true,"href":"https:\/\/denizcankizil.tr\/ru\/wp-json\/wp\/v2\/users\/1"}],"replies":[{"embeddable":true,"href":"https:\/\/denizcankizil.tr\/ru\/wp-json\/wp\/v2\/comments?post=131425"}],"version-history":[{"count":0,"href":"https:\/\/denizcankizil.tr\/ru\/wp-json\/wp\/v2\/posts\/131425\/revisions"}],"wp:attachment":[{"href":"https:\/\/denizcankizil.tr\/ru\/wp-json\/wp\/v2\/media?parent=131425"}],"wp:term":[{"taxonomy":"category","embeddable":true,"href":"https:\/\/denizcankizil.tr\/ru\/wp-json\/wp\/v2\/categories?post=131425"},{"taxonomy":"post_tag","embeddable":true,"href":"https:\/\/denizcankizil.tr\/ru\/wp-json\/wp\/v2\/tags?post=131425"}],"curies":[{"name":"wp","href":"https:\/\/api.w.org\/{rel}","templated":true}]}}