{"id":131300,"date":"2025-06-30T12:41:20","date_gmt":"2025-06-30T09:41:20","guid":{"rendered":"https:\/\/denizcankizil.tr\/uncategorized-tr\/muglada-orman-yangini-onlem-calismalari-yollar-genisletiliyor\/"},"modified":"2025-06-30T12:41:20","modified_gmt":"2025-06-30T09:41:20","slug":"muglada-orman-yangini-onlem-calismalari-yollar-genisletiliyor","status":"publish","type":"post","link":"https:\/\/denizcankizil.tr\/ru\/haberler\/gundem\/muglada-orman-yangini-onlem-calismalari-yollar-genisletiliyor\/","title":{"rendered":"Mu\u011fla\u2019da orman yang\u0131n\u0131 \u00f6nlem \u00e7al\u0131\u015fmalar\u0131! Yollar geni\u015fletiliyor"},"content":{"rendered":"<p>Milas Orman \u0130\u015fletme M\u00fcd\u00fcrl\u00fc\u011f\u00fc, orman yang\u0131n\u0131 riskine kar\u015f\u0131 \u00f6nlemlerini art\u0131r\u0131yor. Yang\u0131nlarla m\u00fccadele kapsam\u0131nda, yang\u0131n emniyet yolu ve \u015feritlerinin say\u0131s\u0131 ile uzunlu\u011fu geni\u015fletiliyor. Emniyet \u015feritleri, geni\u015f blok ormanl\u0131k alanlarda olu\u015fturulan hatlar sayesinde hem yang\u0131n\u0131n yay\u0131lmas\u0131n\u0131 \u00f6nlemeyi hem de yang\u0131n s\u00f6nd\u00fcrme ekiplerinin m\u00fcdahale etkinli\u011fini art\u0131rmay\u0131 ama\u00e7l\u0131yor.<\/p>\n<p>YANGINA M\u00dcDAHALE KOLAYLA\u015eACAK<\/p>\n<p>Yetkililer, bu hatlar\u0131n olas\u0131 orman yang\u0131nlar\u0131nda hem m\u00fcdahale cepheleri olu\u015fturdu\u011funu hem de yang\u0131n\u0131n ilerlemesini yava\u015flatarak kontrol alt\u0131na al\u0131nmas\u0131n\u0131 kolayla\u015ft\u0131rd\u0131\u011f\u0131n\u0131 belirtti. Yang\u0131n sezonuna haz\u0131rl\u0131k kapsam\u0131nda benzer \u00e7al\u0131\u015fmalar\u0131n b\u00f6lge genelinde s\u00fcrd\u00fcr\u00fclece\u011fi ifade edildi.<\/p>\n<p>\u200bMu\u011fla Milas Orman \u0130\u015fletme M\u00fcd\u00fcrl\u00fc\u011f\u00fc, son g\u00fcnlerde artan orman yang\u0131nlar\u0131na m\u00fcdahaleyi h\u0131zland\u0131rmak ve olas\u0131 felaketlerin \u00f6n\u00fcne ge\u00e7mek i\u00e7in yang\u0131n emniyet yolu ile \u015ferit a\u011f\u0131n\u0131n geni\u015fletildi\u011fi a\u00e7\u0131klad\u0131.\u00a0<\/p>\n<p>\u200bHaberin Al\u0131nt\u0131land\u0131\u011f\u0131 Kaynak: www.antalyakorfez.com<\/p>","protected":false},"excerpt":{"rendered":"<p>Milas Orman \u0130\u015fletme M\u00fcd\u00fcrl\u00fc\u011f\u00fc, orman yang\u0131n\u0131 riskine kar\u015f\u0131 \u00f6nlemlerini art\u0131r\u0131yor. Yang\u0131nlarla m\u00fccadele kapsam\u0131nda, yang\u0131n emniyet yolu ve \u015feritlerinin say\u0131s\u0131 ile uzunlu\u011fu geni\u015fletiliyor. Emniyet \u015feritleri, geni\u015f blok ormanl\u0131k alanlarda olu\u015fturulan hatlar sayesinde hem yang\u0131n\u0131n yay\u0131lmas\u0131n\u0131 \u00f6nlemeyi hem de yang\u0131n s\u00f6nd\u00fcrme ekiplerinin m\u00fcdahale etkinli\u011fini art\u0131rmay\u0131 ama\u00e7l\u0131yor. YANGINA M\u00dcDAHALE KOLAYLA\u015eACAK Yetkililer, bu hatlar\u0131n olas\u0131 orman yang\u0131nlar\u0131nda hem m\u00fcdahale cepheleri olu\u015fturdu\u011funu hem de yang\u0131n\u0131n ilerlemesini yava\u015flatarak kontrol alt\u0131na al\u0131nmas\u0131n\u0131 kolayla\u015ft\u0131rd\u0131\u011f\u0131n\u0131 belirtti. Yang\u0131n sezonuna haz\u0131rl\u0131k kapsam\u0131nda benzer \u00e7al\u0131\u015fmalar\u0131n b\u00f6lge genelinde s\u00fcrd\u00fcr\u00fclece\u011fi ifade edildi. \u200bMu\u011fla Milas Orman \u0130\u015fletme M\u00fcd\u00fcrl\u00fc\u011f\u00fc, son g\u00fcnlerde artan orman yang\u0131nlar\u0131na m\u00fcdahaleyi h\u0131zland\u0131rmak ve olas\u0131 felaketlerin \u00f6n\u00fcne ge\u00e7mek i\u00e7in yang\u0131n emniyet yolu ile \u015ferit a\u011f\u0131n\u0131n geni\u015fletildi\u011fi a\u00e7\u0131klad\u0131.\u00a0 \u200bHaberin Al\u0131nt\u0131land\u0131\u011f\u0131 Kaynak: www.antalyakorfez.com<\/p>","protected":false},"author":5,"featured_media":0,"comment_status":"","ping_status":"open","sticky":false,"template":"","format":"standard","meta":{"_acf_changed":false,"footnotes":""},"categories":[24],"tags":[],"class_list":["post-131300","post","type-post","status-publish","format-standard","has-post-thumbnail","hentry","category-gundem"],"acf":[],"yoast_head":"<!-- This site is optimized with the Yoast SEO Premium plugin v26.6 (Yoast SEO v27.1.1) - https:\/\/yoast.com\/product\/yoast-seo-premium-wordpress\/ -->\n<title>Mu\u011fla\u2019da orman yang\u0131n\u0131 \u00f6nlem \u00e7al\u0131\u015fmalar\u0131! Yollar geni\u015fletiliyor - Av. Deniz Can K\u0131z\u0131l<\/title>\n<meta name=\"robots\" content=\"index, follow, max-snippet:-1, max-image-preview:large, max-video-preview:-1\" \/>\n<link rel=\"canonical\" href=\"http:\/\/denizcankizil.tr\/ru\/haberler\/gundem\/muglada-orman-yangini-onlem-calismalari-yollar-genisletiliyor\/\" \/>\n<meta property=\"og:locale\" content=\"ru_RU\" \/>\n<meta property=\"og:type\" content=\"article\" \/>\n<meta property=\"og:title\" content=\"Mu\u011fla\u2019da orman yang\u0131n\u0131 \u00f6nlem \u00e7al\u0131\u015fmalar\u0131! Yollar geni\u015fletiliyor\" \/>\n<meta property=\"og:description\" content=\"Milas Orman \u0130\u015fletme M\u00fcd\u00fcrl\u00fc\u011f\u00fc, orman yang\u0131n\u0131 riskine kar\u015f\u0131 \u00f6nlemlerini art\u0131r\u0131yor. Yang\u0131nlarla m\u00fccadele kapsam\u0131nda, yang\u0131n emniyet yolu ve \u015feritlerinin say\u0131s\u0131 ile uzunlu\u011fu geni\u015fletiliyor. Emniyet \u015feritleri, geni\u015f blok ormanl\u0131k alanlarda olu\u015fturulan hatlar sayesinde hem yang\u0131n\u0131n yay\u0131lmas\u0131n\u0131 \u00f6nlemeyi hem de yang\u0131n s\u00f6nd\u00fcrme ekiplerinin m\u00fcdahale etkinli\u011fini art\u0131rmay\u0131 ama\u00e7l\u0131yor. YANGINA M\u00dcDAHALE KOLAYLA\u015eACAK Yetkililer, bu hatlar\u0131n olas\u0131 orman yang\u0131nlar\u0131nda hem m\u00fcdahale cepheleri olu\u015fturdu\u011funu hem de yang\u0131n\u0131n ilerlemesini yava\u015flatarak kontrol alt\u0131na al\u0131nmas\u0131n\u0131 kolayla\u015ft\u0131rd\u0131\u011f\u0131n\u0131 belirtti. Yang\u0131n sezonuna haz\u0131rl\u0131k kapsam\u0131nda benzer \u00e7al\u0131\u015fmalar\u0131n b\u00f6lge genelinde s\u00fcrd\u00fcr\u00fclece\u011fi ifade edildi. \u200bMu\u011fla Milas Orman \u0130\u015fletme M\u00fcd\u00fcrl\u00fc\u011f\u00fc, son g\u00fcnlerde artan orman yang\u0131nlar\u0131na m\u00fcdahaleyi h\u0131zland\u0131rmak ve olas\u0131 felaketlerin \u00f6n\u00fcne ge\u00e7mek i\u00e7in yang\u0131n emniyet yolu ile \u015ferit a\u011f\u0131n\u0131n geni\u015fletildi\u011fi a\u00e7\u0131klad\u0131.\u00a0 \u200bHaberin Al\u0131nt\u0131land\u0131\u011f\u0131 Kaynak: www.antalyakorfez.com\" \/>\n<meta property=\"og:url\" content=\"http:\/\/denizcankizil.tr\/ru\/haberler\/gundem\/muglada-orman-yangini-onlem-calismalari-yollar-genisletiliyor\/\" \/>\n<meta property=\"og:site_name\" content=\"Av. Deniz Can K\u0131z\u0131l\" \/>\n<meta property=\"article:published_time\" content=\"2025-06-30T09:41:20+00:00\" \/>\n<meta name=\"author\" content=\"Antalya K\u00f6rfez\" \/>\n<meta name=\"twitter:card\" content=\"summary_large_image\" \/>\n<meta name=\"twitter:label1\" content=\"\u041d\u0430\u043f\u0438\u0441\u0430\u043d\u043e \u0430\u0432\u0442\u043e\u0440\u043e\u043c\" \/>\n\t<meta name=\"twitter:data1\" content=\"Antalya K\u00f6rfez\" \/>\n\t<meta name=\"twitter:label2\" content=\"\u041f\u0440\u0438\u043c\u0435\u0440\u043d\u043e\u0435 \u0432\u0440\u0435\u043c\u044f \u0434\u043b\u044f \u0447\u0442\u0435\u043d\u0438\u044f\" \/>\n\t<meta name=\"twitter:data2\" content=\"1 \u043c\u0438\u043d\u0443\u0442\u0430\" \/>\n<script type=\"application\/ld+json\" class=\"yoast-schema-graph\">{\"@context\":\"https:\/\/schema.org\",\"@graph\":[{\"@type\":\"Article\",\"@id\":\"http:\/\/denizcankizil.tr\/uk\/haberler\/gundem\/muglada-orman-yangini-onlem-calismalari-yollar-genisletiliyor\/#article\",\"isPartOf\":{\"@id\":\"http:\/\/denizcankizil.tr\/uk\/haberler\/gundem\/muglada-orman-yangini-onlem-calismalari-yollar-genisletiliyor\/\"},\"author\":{\"name\":\"Antalya K\u00f6rfez\",\"@id\":\"https:\/\/denizcankizil.tr\/de\/#\/schema\/person\/e1eb71bb4dd684d46563f0af307e1234\"},\"headline\":\"Mu\u011fla\u2019da orman yang\u0131n\u0131 \u00f6nlem \u00e7al\u0131\u015fmalar\u0131! Yollar geni\u015fletiliyor\",\"datePublished\":\"2025-06-30T09:41:20+00:00\",\"mainEntityOfPage\":{\"@id\":\"http:\/\/denizcankizil.tr\/uk\/haberler\/gundem\/muglada-orman-yangini-onlem-calismalari-yollar-genisletiliyor\/\"},\"wordCount\":196,\"publisher\":{\"@id\":\"https:\/\/denizcankizil.tr\/de\/#organization\"},\"articleSection\":[\"G\u00fcndem\"],\"inLanguage\":\"ru-RU\"},{\"@type\":\"WebPage\",\"@id\":\"http:\/\/denizcankizil.tr\/uk\/haberler\/gundem\/muglada-orman-yangini-onlem-calismalari-yollar-genisletiliyor\/\",\"url\":\"http:\/\/denizcankizil.tr\/uk\/haberler\/gundem\/muglada-orman-yangini-onlem-calismalari-yollar-genisletiliyor\/\",\"name\":\"Mu\u011fla\u2019da orman yang\u0131n\u0131 \u00f6nlem \u00e7al\u0131\u015fmalar\u0131! Yollar geni\u015fletiliyor - Av. Deniz Can K\u0131z\u0131l\",\"isPartOf\":{\"@id\":\"https:\/\/denizcankizil.tr\/de\/#website\"},\"datePublished\":\"2025-06-30T09:41:20+00:00\",\"breadcrumb\":{\"@id\":\"http:\/\/denizcankizil.tr\/uk\/haberler\/gundem\/muglada-orman-yangini-onlem-calismalari-yollar-genisletiliyor\/#breadcrumb\"},\"inLanguage\":\"ru-RU\",\"potentialAction\":[{\"@type\":\"ReadAction\",\"target\":[\"http:\/\/denizcankizil.tr\/uk\/haberler\/gundem\/muglada-orman-yangini-onlem-calismalari-yollar-genisletiliyor\/\"]}]},{\"@type\":\"BreadcrumbList\",\"@id\":\"http:\/\/denizcankizil.tr\/uk\/haberler\/gundem\/muglada-orman-yangini-onlem-calismalari-yollar-genisletiliyor\/#breadcrumb\",\"itemListElement\":[{\"@type\":\"ListItem\",\"position\":1,\"name\":\"Home\",\"item\":\"https:\/\/denizcankizil.tr\/de\/\"},{\"@type\":\"ListItem\",\"position\":2,\"name\":\"Mu\u011fla\u2019da orman yang\u0131n\u0131 \u00f6nlem \u00e7al\u0131\u015fmalar\u0131! Yollar geni\u015fletiliyor\"}]},{\"@type\":\"WebSite\",\"@id\":\"https:\/\/denizcankizil.tr\/de\/#website\",\"url\":\"https:\/\/denizcankizil.tr\/de\/\",\"name\":\"Av. Deniz Can K\u0131z\u0131l\",\"description\":\"Avukat Deniz Can K\u0131z\u0131l Antalya Barosu\",\"publisher\":{\"@id\":\"https:\/\/denizcankizil.tr\/de\/#organization\"},\"potentialAction\":[{\"@type\":\"SearchAction\",\"target\":{\"@type\":\"EntryPoint\",\"urlTemplate\":\"https:\/\/denizcankizil.tr\/de\/?s={search_term_string}\"},\"query-input\":{\"@type\":\"PropertyValueSpecification\",\"valueRequired\":true,\"valueName\":\"search_term_string\"}}],\"inLanguage\":\"ru-RU\"},{\"@type\":\"Organization\",\"@id\":\"https:\/\/denizcankizil.tr\/de\/#organization\",\"name\":\"Av. Deniz Can K\u0131z\u0131l\",\"url\":\"https:\/\/denizcankizil.tr\/de\/\",\"logo\":{\"@type\":\"ImageObject\",\"inLanguage\":\"ru-RU\",\"@id\":\"https:\/\/denizcankizil.tr\/de\/#\/schema\/logo\/image\/\",\"url\":\"https:\/\/denizcankizil.tr\/wp-content\/uploads\/2024\/10\/siyah-logo-svg.svg\",\"contentUrl\":\"https:\/\/denizcankizil.tr\/wp-content\/uploads\/2024\/10\/siyah-logo-svg.svg\",\"width\":1080,\"height\":1080,\"caption\":\"Av. Deniz Can K\u0131z\u0131l\"},\"image\":{\"@id\":\"https:\/\/denizcankizil.tr\/de\/#\/schema\/logo\/image\/\"}},{\"@type\":\"Person\",\"@id\":\"https:\/\/denizcankizil.tr\/de\/#\/schema\/person\/e1eb71bb4dd684d46563f0af307e1234\",\"name\":\"Antalya K\u00f6rfez\",\"image\":{\"@type\":\"ImageObject\",\"inLanguage\":\"ru-RU\",\"@id\":\"https:\/\/denizcankizil.tr\/de\/#\/schema\/person\/image\/\",\"url\":\"https:\/\/secure.gravatar.com\/avatar\/42b01982558a48a0b501fdcab6a408d3717ea5919095ee2e67b0e521799c5905?s=96&d=mm&r=g\",\"contentUrl\":\"https:\/\/secure.gravatar.com\/avatar\/42b01982558a48a0b501fdcab6a408d3717ea5919095ee2e67b0e521799c5905?s=96&d=mm&r=g\",\"caption\":\"Antalya K\u00f6rfez\"},\"sameAs\":[\"http:\/\/www.antalyakorfez.com\"],\"url\":\"https:\/\/www.antalyakorfez.com\/muglada-orman-yangini-onlem-calismalari-yollar-genisletiliyor\"}]}<\/script>\n<!-- \/ Yoast SEO Premium plugin. -->","yoast_head_json":{"title":"Mu\u011fla\u2019da orman yang\u0131n\u0131 \u00f6nlem \u00e7al\u0131\u015fmalar\u0131! Yollar geni\u015fletiliyor - Av. Deniz Can K\u0131z\u0131l","robots":{"index":"index","follow":"follow","max-snippet":"max-snippet:-1","max-image-preview":"max-image-preview:large","max-video-preview":"max-video-preview:-1"},"canonical":"http:\/\/denizcankizil.tr\/ru\/haberler\/gundem\/muglada-orman-yangini-onlem-calismalari-yollar-genisletiliyor\/","og_locale":"ru_RU","og_type":"article","og_title":"Mu\u011fla\u2019da orman yang\u0131n\u0131 \u00f6nlem \u00e7al\u0131\u015fmalar\u0131! Yollar geni\u015fletiliyor","og_description":"Milas Orman \u0130\u015fletme M\u00fcd\u00fcrl\u00fc\u011f\u00fc, orman yang\u0131n\u0131 riskine kar\u015f\u0131 \u00f6nlemlerini art\u0131r\u0131yor. Yang\u0131nlarla m\u00fccadele kapsam\u0131nda, yang\u0131n emniyet yolu ve \u015feritlerinin say\u0131s\u0131 ile uzunlu\u011fu geni\u015fletiliyor. Emniyet \u015feritleri, geni\u015f blok ormanl\u0131k alanlarda olu\u015fturulan hatlar sayesinde hem yang\u0131n\u0131n yay\u0131lmas\u0131n\u0131 \u00f6nlemeyi hem de yang\u0131n s\u00f6nd\u00fcrme ekiplerinin m\u00fcdahale etkinli\u011fini art\u0131rmay\u0131 ama\u00e7l\u0131yor. YANGINA M\u00dcDAHALE KOLAYLA\u015eACAK Yetkililer, bu hatlar\u0131n olas\u0131 orman yang\u0131nlar\u0131nda hem m\u00fcdahale cepheleri olu\u015fturdu\u011funu hem de yang\u0131n\u0131n ilerlemesini yava\u015flatarak kontrol alt\u0131na al\u0131nmas\u0131n\u0131 kolayla\u015ft\u0131rd\u0131\u011f\u0131n\u0131 belirtti. Yang\u0131n sezonuna haz\u0131rl\u0131k kapsam\u0131nda benzer \u00e7al\u0131\u015fmalar\u0131n b\u00f6lge genelinde s\u00fcrd\u00fcr\u00fclece\u011fi ifade edildi. \u200bMu\u011fla Milas Orman \u0130\u015fletme M\u00fcd\u00fcrl\u00fc\u011f\u00fc, son g\u00fcnlerde artan orman yang\u0131nlar\u0131na m\u00fcdahaleyi h\u0131zland\u0131rmak ve olas\u0131 felaketlerin \u00f6n\u00fcne ge\u00e7mek i\u00e7in yang\u0131n emniyet yolu ile \u015ferit a\u011f\u0131n\u0131n geni\u015fletildi\u011fi a\u00e7\u0131klad\u0131.\u00a0 \u200bHaberin Al\u0131nt\u0131land\u0131\u011f\u0131 Kaynak: www.antalyakorfez.com","og_url":"http:\/\/denizcankizil.tr\/ru\/haberler\/gundem\/muglada-orman-yangini-onlem-calismalari-yollar-genisletiliyor\/","og_site_name":"Av. Deniz Can K\u0131z\u0131l","article_published_time":"2025-06-30T09:41:20+00:00","author":"Antalya K\u00f6rfez","twitter_card":"summary_large_image","twitter_misc":{"\u041d\u0430\u043f\u0438\u0441\u0430\u043d\u043e \u0430\u0432\u0442\u043e\u0440\u043e\u043c":"Antalya K\u00f6rfez","\u041f\u0440\u0438\u043c\u0435\u0440\u043d\u043e\u0435 \u0432\u0440\u0435\u043c\u044f \u0434\u043b\u044f \u0447\u0442\u0435\u043d\u0438\u044f":"1 \u043c\u0438\u043d\u0443\u0442\u0430"},"schema":{"@context":"https:\/\/schema.org","@graph":[{"@type":"Article","@id":"http:\/\/denizcankizil.tr\/uk\/haberler\/gundem\/muglada-orman-yangini-onlem-calismalari-yollar-genisletiliyor\/#article","isPartOf":{"@id":"http:\/\/denizcankizil.tr\/uk\/haberler\/gundem\/muglada-orman-yangini-onlem-calismalari-yollar-genisletiliyor\/"},"author":{"name":"Antalya K\u00f6rfez","@id":"https:\/\/denizcankizil.tr\/de\/#\/schema\/person\/e1eb71bb4dd684d46563f0af307e1234"},"headline":"Mu\u011fla\u2019da orman yang\u0131n\u0131 \u00f6nlem \u00e7al\u0131\u015fmalar\u0131! Yollar geni\u015fletiliyor","datePublished":"2025-06-30T09:41:20+00:00","mainEntityOfPage":{"@id":"http:\/\/denizcankizil.tr\/uk\/haberler\/gundem\/muglada-orman-yangini-onlem-calismalari-yollar-genisletiliyor\/"},"wordCount":196,"publisher":{"@id":"https:\/\/denizcankizil.tr\/de\/#organization"},"articleSection":["G\u00fcndem"],"inLanguage":"ru-RU"},{"@type":"WebPage","@id":"http:\/\/denizcankizil.tr\/uk\/haberler\/gundem\/muglada-orman-yangini-onlem-calismalari-yollar-genisletiliyor\/","url":"http:\/\/denizcankizil.tr\/uk\/haberler\/gundem\/muglada-orman-yangini-onlem-calismalari-yollar-genisletiliyor\/","name":"Mu\u011fla\u2019da orman yang\u0131n\u0131 \u00f6nlem \u00e7al\u0131\u015fmalar\u0131! Yollar geni\u015fletiliyor - Av. Deniz Can K\u0131z\u0131l","isPartOf":{"@id":"https:\/\/denizcankizil.tr\/de\/#website"},"datePublished":"2025-06-30T09:41:20+00:00","breadcrumb":{"@id":"http:\/\/denizcankizil.tr\/uk\/haberler\/gundem\/muglada-orman-yangini-onlem-calismalari-yollar-genisletiliyor\/#breadcrumb"},"inLanguage":"ru-RU","potentialAction":[{"@type":"ReadAction","target":["http:\/\/denizcankizil.tr\/uk\/haberler\/gundem\/muglada-orman-yangini-onlem-calismalari-yollar-genisletiliyor\/"]}]},{"@type":"BreadcrumbList","@id":"http:\/\/denizcankizil.tr\/uk\/haberler\/gundem\/muglada-orman-yangini-onlem-calismalari-yollar-genisletiliyor\/#breadcrumb","itemListElement":[{"@type":"ListItem","position":1,"name":"Home","item":"https:\/\/denizcankizil.tr\/de\/"},{"@type":"ListItem","position":2,"name":"Mu\u011fla\u2019da orman yang\u0131n\u0131 \u00f6nlem \u00e7al\u0131\u015fmalar\u0131! Yollar geni\u015fletiliyor"}]},{"@type":"WebSite","@id":"https:\/\/denizcankizil.tr\/de\/#website","url":"https:\/\/denizcankizil.tr\/de\/","name":"Av. Deniz Can K\u0131z\u0131l","description":"Avukat Deniz Can K\u0131z\u0131l Antalya Barosu","publisher":{"@id":"https:\/\/denizcankizil.tr\/de\/#organization"},"potentialAction":[{"@type":"SearchAction","target":{"@type":"EntryPoint","urlTemplate":"https:\/\/denizcankizil.tr\/de\/?s={search_term_string}"},"query-input":{"@type":"PropertyValueSpecification","valueRequired":true,"valueName":"search_term_string"}}],"inLanguage":"ru-RU"},{"@type":"Organization","@id":"https:\/\/denizcankizil.tr\/de\/#organization","name":"Av. Deniz Can K\u0131z\u0131l","url":"https:\/\/denizcankizil.tr\/de\/","logo":{"@type":"ImageObject","inLanguage":"ru-RU","@id":"https:\/\/denizcankizil.tr\/de\/#\/schema\/logo\/image\/","url":"https:\/\/denizcankizil.tr\/wp-content\/uploads\/2024\/10\/siyah-logo-svg.svg","contentUrl":"https:\/\/denizcankizil.tr\/wp-content\/uploads\/2024\/10\/siyah-logo-svg.svg","width":1080,"height":1080,"caption":"Av. Deniz Can K\u0131z\u0131l"},"image":{"@id":"https:\/\/denizcankizil.tr\/de\/#\/schema\/logo\/image\/"}},{"@type":"Person","@id":"https:\/\/denizcankizil.tr\/de\/#\/schema\/person\/e1eb71bb4dd684d46563f0af307e1234","name":"Antalya K\u00f6rfez","image":{"@type":"ImageObject","inLanguage":"ru-RU","@id":"https:\/\/denizcankizil.tr\/de\/#\/schema\/person\/image\/","url":"https:\/\/secure.gravatar.com\/avatar\/42b01982558a48a0b501fdcab6a408d3717ea5919095ee2e67b0e521799c5905?s=96&d=mm&r=g","contentUrl":"https:\/\/secure.gravatar.com\/avatar\/42b01982558a48a0b501fdcab6a408d3717ea5919095ee2e67b0e521799c5905?s=96&d=mm&r=g","caption":"Antalya K\u00f6rfez"},"sameAs":["http:\/\/www.antalyakorfez.com"],"url":"https:\/\/www.antalyakorfez.com\/muglada-orman-yangini-onlem-calismalari-yollar-genisletiliyor"}]}},"_links":{"self":[{"href":"https:\/\/denizcankizil.tr\/ru\/wp-json\/wp\/v2\/posts\/131300","targetHints":{"allow":["GET"]}}],"collection":[{"href":"https:\/\/denizcankizil.tr\/ru\/wp-json\/wp\/v2\/posts"}],"about":[{"href":"https:\/\/denizcankizil.tr\/ru\/wp-json\/wp\/v2\/types\/post"}],"author":[{"embeddable":true,"href":"https:\/\/denizcankizil.tr\/ru\/wp-json\/wp\/v2\/users\/5"}],"replies":[{"embeddable":true,"href":"https:\/\/denizcankizil.tr\/ru\/wp-json\/wp\/v2\/comments?post=131300"}],"version-history":[{"count":0,"href":"https:\/\/denizcankizil.tr\/ru\/wp-json\/wp\/v2\/posts\/131300\/revisions"}],"wp:attachment":[{"href":"https:\/\/denizcankizil.tr\/ru\/wp-json\/wp\/v2\/media?parent=131300"}],"wp:term":[{"taxonomy":"category","embeddable":true,"href":"https:\/\/denizcankizil.tr\/ru\/wp-json\/wp\/v2\/categories?post=131300"},{"taxonomy":"post_tag","embeddable":true,"href":"https:\/\/denizcankizil.tr\/ru\/wp-json\/wp\/v2\/tags?post=131300"}],"curies":[{"name":"wp","href":"https:\/\/api.w.org\/{rel}","templated":true}]}}