{"id":131175,"date":"2025-06-30T09:41:17","date_gmt":"2025-06-30T06:41:17","guid":{"rendered":"https:\/\/denizcankizil.tr\/uncategorized-tr\/gazipasada-yangin-cikti-havadan-ve-karadan-mudahale-suruyor\/"},"modified":"2025-06-30T09:41:17","modified_gmt":"2025-06-30T06:41:17","slug":"gazipasada-yangin-cikti-havadan-ve-karadan-mudahale-suruyor","status":"publish","type":"post","link":"https:\/\/denizcankizil.tr\/ru\/haberler\/gundem\/gazipasada-yangin-cikti-havadan-ve-karadan-mudahale-suruyor\/","title":{"rendered":"Gazipa\u015fa&#8217;da yang\u0131n \u00e7\u0131kt\u0131! Havadan ve karadan m\u00fcdahale s\u00fcr\u00fcyor"},"content":{"rendered":"<p>Antalya&#8217;n\u0131n Gazipa\u015fa il\u00e7esi Beyobas\u0131 Mahallesi&#8217;nde hen\u00fcz bilinmeyen nedenle \u00e7\u0131kan orman yang\u0131n\u0131 sonras\u0131 b\u00f6lgeye \u00e7ok say\u0131da ekip sevk edildi.<\/p>\n<p>YERLER\u0130M YER\u0130NE ULA\u015eMAMASI \u0130\u00c7\u0130N YO\u011eUN \u00c7ABA <\/p>\n<p>Yang\u0131na ilk etapta 3 helikopter, 8 araz\u00f6z, 3 su ikmal arac\u0131 ve 3 ilk m\u00fcdahale arac\u0131 ile m\u00fcdahale edilmeye ba\u015fland\u0131. Yang\u0131n\u0131 kontrol alt\u0131na almak i\u00e7in havadan ve karadan \u00e7al\u0131\u015fmalar s\u00fcrerken, alevlerin yerle\u015fim yerlerine s\u0131\u00e7ramamas\u0131 i\u00e7in tedbirler de al\u0131nd\u0131.<\/p>\n<p>\u200bAntalya&#8217;n\u0131n Gazipa\u015fa il\u00e7esi Beyobas\u0131 Mahallesi&#8217;nde \u00e7\u0131kan orman yang\u0131n\u0131na 3 helikopter, 8 araz\u00f6z ve \u00e7ok say\u0131da kara arac\u0131yla m\u00fcdahale ediliyor.\u00a0<\/p>\n<p>\u200bHaberin Al\u0131nt\u0131land\u0131\u011f\u0131 Kaynak: www.antalyakorfez.com<\/p>","protected":false},"excerpt":{"rendered":"<p>Antalya&#8217;n\u0131n Gazipa\u015fa il\u00e7esi Beyobas\u0131 Mahallesi&#8217;nde hen\u00fcz bilinmeyen nedenle \u00e7\u0131kan orman yang\u0131n\u0131 sonras\u0131 b\u00f6lgeye \u00e7ok say\u0131da ekip sevk edildi. YERLER\u0130M YER\u0130NE ULA\u015eMAMASI \u0130\u00c7\u0130N YO\u011eUN \u00c7ABA Yang\u0131na ilk etapta 3 helikopter, 8 araz\u00f6z, 3 su ikmal arac\u0131 ve 3 ilk m\u00fcdahale arac\u0131 ile m\u00fcdahale edilmeye ba\u015fland\u0131. Yang\u0131n\u0131 kontrol alt\u0131na almak i\u00e7in havadan ve karadan \u00e7al\u0131\u015fmalar s\u00fcrerken, alevlerin yerle\u015fim yerlerine s\u0131\u00e7ramamas\u0131 i\u00e7in tedbirler de al\u0131nd\u0131. \u200bAntalya&#8217;n\u0131n Gazipa\u015fa il\u00e7esi Beyobas\u0131 Mahallesi&#8217;nde \u00e7\u0131kan orman yang\u0131n\u0131na 3 helikopter, 8 araz\u00f6z ve \u00e7ok say\u0131da kara arac\u0131yla m\u00fcdahale ediliyor.\u00a0 \u200bHaberin Al\u0131nt\u0131land\u0131\u011f\u0131 Kaynak: www.antalyakorfez.com<\/p>","protected":false},"author":5,"featured_media":0,"comment_status":"","ping_status":"open","sticky":false,"template":"","format":"standard","meta":{"_acf_changed":false,"footnotes":""},"categories":[24],"tags":[],"class_list":["post-131175","post","type-post","status-publish","format-standard","has-post-thumbnail","hentry","category-gundem"],"acf":[],"yoast_head":"<!-- This site is optimized with the Yoast SEO Premium plugin v26.6 (Yoast SEO v27.1.1) - https:\/\/yoast.com\/product\/yoast-seo-premium-wordpress\/ -->\n<title>Gazipa\u015fa&#039;da yang\u0131n \u00e7\u0131kt\u0131! Havadan ve karadan m\u00fcdahale s\u00fcr\u00fcyor - Av. Deniz Can K\u0131z\u0131l<\/title>\n<meta name=\"robots\" content=\"index, follow, max-snippet:-1, max-image-preview:large, max-video-preview:-1\" \/>\n<link rel=\"canonical\" href=\"https:\/\/denizcankizil.tr\/ru\/haberler\/gundem\/gazipasada-yangin-cikti-havadan-ve-karadan-mudahale-suruyor\/\" \/>\n<meta property=\"og:locale\" content=\"ru_RU\" \/>\n<meta property=\"og:type\" content=\"article\" \/>\n<meta property=\"og:title\" content=\"Gazipa\u015fa&#039;da yang\u0131n \u00e7\u0131kt\u0131! Havadan ve karadan m\u00fcdahale s\u00fcr\u00fcyor\" \/>\n<meta property=\"og:description\" content=\"Antalya&#8217;n\u0131n Gazipa\u015fa il\u00e7esi Beyobas\u0131 Mahallesi&#8217;nde hen\u00fcz bilinmeyen nedenle \u00e7\u0131kan orman yang\u0131n\u0131 sonras\u0131 b\u00f6lgeye \u00e7ok say\u0131da ekip sevk edildi. YERLER\u0130M YER\u0130NE ULA\u015eMAMASI \u0130\u00c7\u0130N YO\u011eUN \u00c7ABA Yang\u0131na ilk etapta 3 helikopter, 8 araz\u00f6z, 3 su ikmal arac\u0131 ve 3 ilk m\u00fcdahale arac\u0131 ile m\u00fcdahale edilmeye ba\u015fland\u0131. Yang\u0131n\u0131 kontrol alt\u0131na almak i\u00e7in havadan ve karadan \u00e7al\u0131\u015fmalar s\u00fcrerken, alevlerin yerle\u015fim yerlerine s\u0131\u00e7ramamas\u0131 i\u00e7in tedbirler de al\u0131nd\u0131. \u200bAntalya&#8217;n\u0131n Gazipa\u015fa il\u00e7esi Beyobas\u0131 Mahallesi&#8217;nde \u00e7\u0131kan orman yang\u0131n\u0131na 3 helikopter, 8 araz\u00f6z ve \u00e7ok say\u0131da kara arac\u0131yla m\u00fcdahale ediliyor.\u00a0 \u200bHaberin Al\u0131nt\u0131land\u0131\u011f\u0131 Kaynak: www.antalyakorfez.com\" \/>\n<meta property=\"og:url\" content=\"https:\/\/denizcankizil.tr\/ru\/haberler\/gundem\/gazipasada-yangin-cikti-havadan-ve-karadan-mudahale-suruyor\/\" \/>\n<meta property=\"og:site_name\" content=\"Av. Deniz Can K\u0131z\u0131l\" \/>\n<meta property=\"article:published_time\" content=\"2025-06-30T06:41:17+00:00\" \/>\n<meta name=\"author\" content=\"Antalya K\u00f6rfez\" \/>\n<meta name=\"twitter:card\" content=\"summary_large_image\" \/>\n<meta name=\"twitter:label1\" content=\"\u041d\u0430\u043f\u0438\u0441\u0430\u043d\u043e \u0430\u0432\u0442\u043e\u0440\u043e\u043c\" \/>\n\t<meta name=\"twitter:data1\" content=\"Antalya K\u00f6rfez\" \/>\n\t<meta name=\"twitter:label2\" content=\"\u041f\u0440\u0438\u043c\u0435\u0440\u043d\u043e\u0435 \u0432\u0440\u0435\u043c\u044f \u0434\u043b\u044f \u0447\u0442\u0435\u043d\u0438\u044f\" \/>\n\t<meta name=\"twitter:data2\" content=\"1 \u043c\u0438\u043d\u0443\u0442\u0430\" \/>\n<script type=\"application\/ld+json\" class=\"yoast-schema-graph\">{\"@context\":\"https:\/\/schema.org\",\"@graph\":[{\"@type\":\"Article\",\"@id\":\"https:\/\/denizcankizil.tr\/ru\/haberler\/gundem\/gazipasada-yangin-cikti-havadan-ve-karadan-mudahale-suruyor\/#article\",\"isPartOf\":{\"@id\":\"https:\/\/denizcankizil.tr\/ru\/haberler\/gundem\/gazipasada-yangin-cikti-havadan-ve-karadan-mudahale-suruyor\/\"},\"author\":{\"name\":\"Antalya K\u00f6rfez\",\"@id\":\"https:\/\/denizcankizil.tr\/#\/schema\/person\/e1eb71bb4dd684d46563f0af307e1234\"},\"headline\":\"Gazipa\u015fa&#8217;da yang\u0131n \u00e7\u0131kt\u0131! Havadan ve karadan m\u00fcdahale s\u00fcr\u00fcyor\",\"datePublished\":\"2025-06-30T06:41:17+00:00\",\"mainEntityOfPage\":{\"@id\":\"https:\/\/denizcankizil.tr\/ru\/haberler\/gundem\/gazipasada-yangin-cikti-havadan-ve-karadan-mudahale-suruyor\/\"},\"wordCount\":135,\"publisher\":{\"@id\":\"https:\/\/denizcankizil.tr\/#organization\"},\"articleSection\":[\"G\u00fcndem\"],\"inLanguage\":\"ru-RU\"},{\"@type\":\"WebPage\",\"@id\":\"https:\/\/denizcankizil.tr\/ru\/haberler\/gundem\/gazipasada-yangin-cikti-havadan-ve-karadan-mudahale-suruyor\/\",\"url\":\"https:\/\/denizcankizil.tr\/ru\/haberler\/gundem\/gazipasada-yangin-cikti-havadan-ve-karadan-mudahale-suruyor\/\",\"name\":\"Gazipa\u015fa'da yang\u0131n \u00e7\u0131kt\u0131! Havadan ve karadan m\u00fcdahale s\u00fcr\u00fcyor - Av. Deniz Can K\u0131z\u0131l\",\"isPartOf\":{\"@id\":\"https:\/\/denizcankizil.tr\/#website\"},\"datePublished\":\"2025-06-30T06:41:17+00:00\",\"breadcrumb\":{\"@id\":\"https:\/\/denizcankizil.tr\/ru\/haberler\/gundem\/gazipasada-yangin-cikti-havadan-ve-karadan-mudahale-suruyor\/#breadcrumb\"},\"inLanguage\":\"ru-RU\",\"potentialAction\":[{\"@type\":\"ReadAction\",\"target\":[\"https:\/\/denizcankizil.tr\/ru\/haberler\/gundem\/gazipasada-yangin-cikti-havadan-ve-karadan-mudahale-suruyor\/\"]}]},{\"@type\":\"BreadcrumbList\",\"@id\":\"https:\/\/denizcankizil.tr\/ru\/haberler\/gundem\/gazipasada-yangin-cikti-havadan-ve-karadan-mudahale-suruyor\/#breadcrumb\",\"itemListElement\":[{\"@type\":\"ListItem\",\"position\":1,\"name\":\"Home\",\"item\":\"https:\/\/denizcankizil.tr\/de\/\"},{\"@type\":\"ListItem\",\"position\":2,\"name\":\"Gazipa\u015fa&#8217;da yang\u0131n \u00e7\u0131kt\u0131! Havadan ve karadan m\u00fcdahale s\u00fcr\u00fcyor\"}]},{\"@type\":\"WebSite\",\"@id\":\"https:\/\/denizcankizil.tr\/#website\",\"url\":\"https:\/\/denizcankizil.tr\/\",\"name\":\"Av. Deniz Can K\u0131z\u0131l\",\"description\":\"Avukat Deniz Can K\u0131z\u0131l Antalya Barosu\",\"publisher\":{\"@id\":\"https:\/\/denizcankizil.tr\/#organization\"},\"potentialAction\":[{\"@type\":\"SearchAction\",\"target\":{\"@type\":\"EntryPoint\",\"urlTemplate\":\"https:\/\/denizcankizil.tr\/?s={search_term_string}\"},\"query-input\":{\"@type\":\"PropertyValueSpecification\",\"valueRequired\":true,\"valueName\":\"search_term_string\"}}],\"inLanguage\":\"ru-RU\"},{\"@type\":\"Organization\",\"@id\":\"https:\/\/denizcankizil.tr\/#organization\",\"name\":\"Av. Deniz Can K\u0131z\u0131l\",\"url\":\"https:\/\/denizcankizil.tr\/\",\"logo\":{\"@type\":\"ImageObject\",\"inLanguage\":\"ru-RU\",\"@id\":\"https:\/\/denizcankizil.tr\/#\/schema\/logo\/image\/\",\"url\":\"https:\/\/denizcankizil.tr\/wp-content\/uploads\/2024\/10\/siyah-logo-svg.svg\",\"contentUrl\":\"https:\/\/denizcankizil.tr\/wp-content\/uploads\/2024\/10\/siyah-logo-svg.svg\",\"width\":1080,\"height\":1080,\"caption\":\"Av. Deniz Can K\u0131z\u0131l\"},\"image\":{\"@id\":\"https:\/\/denizcankizil.tr\/#\/schema\/logo\/image\/\"}},{\"@type\":\"Person\",\"@id\":\"https:\/\/denizcankizil.tr\/#\/schema\/person\/e1eb71bb4dd684d46563f0af307e1234\",\"name\":\"Antalya K\u00f6rfez\",\"image\":{\"@type\":\"ImageObject\",\"inLanguage\":\"ru-RU\",\"@id\":\"https:\/\/denizcankizil.tr\/#\/schema\/person\/image\/\",\"url\":\"https:\/\/secure.gravatar.com\/avatar\/42b01982558a48a0b501fdcab6a408d3717ea5919095ee2e67b0e521799c5905?s=96&d=mm&r=g\",\"contentUrl\":\"https:\/\/secure.gravatar.com\/avatar\/42b01982558a48a0b501fdcab6a408d3717ea5919095ee2e67b0e521799c5905?s=96&d=mm&r=g\",\"caption\":\"Antalya K\u00f6rfez\"},\"sameAs\":[\"http:\/\/www.antalyakorfez.com\"],\"url\":\"https:\/\/www.antalyakorfez.com\/gazipasada-yangin-cikti-havadan-ve-karadan-mudahale-suruyor\"}]}<\/script>\n<!-- \/ Yoast SEO Premium plugin. -->","yoast_head_json":{"title":"Gazipa\u015fa'da yang\u0131n \u00e7\u0131kt\u0131! Havadan ve karadan m\u00fcdahale s\u00fcr\u00fcyor - Av. Deniz Can K\u0131z\u0131l","robots":{"index":"index","follow":"follow","max-snippet":"max-snippet:-1","max-image-preview":"max-image-preview:large","max-video-preview":"max-video-preview:-1"},"canonical":"https:\/\/denizcankizil.tr\/ru\/haberler\/gundem\/gazipasada-yangin-cikti-havadan-ve-karadan-mudahale-suruyor\/","og_locale":"ru_RU","og_type":"article","og_title":"Gazipa\u015fa'da yang\u0131n \u00e7\u0131kt\u0131! Havadan ve karadan m\u00fcdahale s\u00fcr\u00fcyor","og_description":"Antalya&#8217;n\u0131n Gazipa\u015fa il\u00e7esi Beyobas\u0131 Mahallesi&#8217;nde hen\u00fcz bilinmeyen nedenle \u00e7\u0131kan orman yang\u0131n\u0131 sonras\u0131 b\u00f6lgeye \u00e7ok say\u0131da ekip sevk edildi. YERLER\u0130M YER\u0130NE ULA\u015eMAMASI \u0130\u00c7\u0130N YO\u011eUN \u00c7ABA Yang\u0131na ilk etapta 3 helikopter, 8 araz\u00f6z, 3 su ikmal arac\u0131 ve 3 ilk m\u00fcdahale arac\u0131 ile m\u00fcdahale edilmeye ba\u015fland\u0131. Yang\u0131n\u0131 kontrol alt\u0131na almak i\u00e7in havadan ve karadan \u00e7al\u0131\u015fmalar s\u00fcrerken, alevlerin yerle\u015fim yerlerine s\u0131\u00e7ramamas\u0131 i\u00e7in tedbirler de al\u0131nd\u0131. \u200bAntalya&#8217;n\u0131n Gazipa\u015fa il\u00e7esi Beyobas\u0131 Mahallesi&#8217;nde \u00e7\u0131kan orman yang\u0131n\u0131na 3 helikopter, 8 araz\u00f6z ve \u00e7ok say\u0131da kara arac\u0131yla m\u00fcdahale ediliyor.\u00a0 \u200bHaberin Al\u0131nt\u0131land\u0131\u011f\u0131 Kaynak: www.antalyakorfez.com","og_url":"https:\/\/denizcankizil.tr\/ru\/haberler\/gundem\/gazipasada-yangin-cikti-havadan-ve-karadan-mudahale-suruyor\/","og_site_name":"Av. Deniz Can K\u0131z\u0131l","article_published_time":"2025-06-30T06:41:17+00:00","author":"Antalya K\u00f6rfez","twitter_card":"summary_large_image","twitter_misc":{"\u041d\u0430\u043f\u0438\u0441\u0430\u043d\u043e \u0430\u0432\u0442\u043e\u0440\u043e\u043c":"Antalya K\u00f6rfez","\u041f\u0440\u0438\u043c\u0435\u0440\u043d\u043e\u0435 \u0432\u0440\u0435\u043c\u044f \u0434\u043b\u044f \u0447\u0442\u0435\u043d\u0438\u044f":"1 \u043c\u0438\u043d\u0443\u0442\u0430"},"schema":{"@context":"https:\/\/schema.org","@graph":[{"@type":"Article","@id":"https:\/\/denizcankizil.tr\/ru\/haberler\/gundem\/gazipasada-yangin-cikti-havadan-ve-karadan-mudahale-suruyor\/#article","isPartOf":{"@id":"https:\/\/denizcankizil.tr\/ru\/haberler\/gundem\/gazipasada-yangin-cikti-havadan-ve-karadan-mudahale-suruyor\/"},"author":{"name":"Antalya K\u00f6rfez","@id":"https:\/\/denizcankizil.tr\/#\/schema\/person\/e1eb71bb4dd684d46563f0af307e1234"},"headline":"Gazipa\u015fa&#8217;da yang\u0131n \u00e7\u0131kt\u0131! Havadan ve karadan m\u00fcdahale s\u00fcr\u00fcyor","datePublished":"2025-06-30T06:41:17+00:00","mainEntityOfPage":{"@id":"https:\/\/denizcankizil.tr\/ru\/haberler\/gundem\/gazipasada-yangin-cikti-havadan-ve-karadan-mudahale-suruyor\/"},"wordCount":135,"publisher":{"@id":"https:\/\/denizcankizil.tr\/#organization"},"articleSection":["G\u00fcndem"],"inLanguage":"ru-RU"},{"@type":"WebPage","@id":"https:\/\/denizcankizil.tr\/ru\/haberler\/gundem\/gazipasada-yangin-cikti-havadan-ve-karadan-mudahale-suruyor\/","url":"https:\/\/denizcankizil.tr\/ru\/haberler\/gundem\/gazipasada-yangin-cikti-havadan-ve-karadan-mudahale-suruyor\/","name":"Gazipa\u015fa'da yang\u0131n \u00e7\u0131kt\u0131! Havadan ve karadan m\u00fcdahale s\u00fcr\u00fcyor - Av. Deniz Can K\u0131z\u0131l","isPartOf":{"@id":"https:\/\/denizcankizil.tr\/#website"},"datePublished":"2025-06-30T06:41:17+00:00","breadcrumb":{"@id":"https:\/\/denizcankizil.tr\/ru\/haberler\/gundem\/gazipasada-yangin-cikti-havadan-ve-karadan-mudahale-suruyor\/#breadcrumb"},"inLanguage":"ru-RU","potentialAction":[{"@type":"ReadAction","target":["https:\/\/denizcankizil.tr\/ru\/haberler\/gundem\/gazipasada-yangin-cikti-havadan-ve-karadan-mudahale-suruyor\/"]}]},{"@type":"BreadcrumbList","@id":"https:\/\/denizcankizil.tr\/ru\/haberler\/gundem\/gazipasada-yangin-cikti-havadan-ve-karadan-mudahale-suruyor\/#breadcrumb","itemListElement":[{"@type":"ListItem","position":1,"name":"Home","item":"https:\/\/denizcankizil.tr\/de\/"},{"@type":"ListItem","position":2,"name":"Gazipa\u015fa&#8217;da yang\u0131n \u00e7\u0131kt\u0131! Havadan ve karadan m\u00fcdahale s\u00fcr\u00fcyor"}]},{"@type":"WebSite","@id":"https:\/\/denizcankizil.tr\/#website","url":"https:\/\/denizcankizil.tr\/","name":"Av. Deniz Can K\u0131z\u0131l","description":"Avukat Deniz Can K\u0131z\u0131l Antalya Barosu","publisher":{"@id":"https:\/\/denizcankizil.tr\/#organization"},"potentialAction":[{"@type":"SearchAction","target":{"@type":"EntryPoint","urlTemplate":"https:\/\/denizcankizil.tr\/?s={search_term_string}"},"query-input":{"@type":"PropertyValueSpecification","valueRequired":true,"valueName":"search_term_string"}}],"inLanguage":"ru-RU"},{"@type":"Organization","@id":"https:\/\/denizcankizil.tr\/#organization","name":"Av. Deniz Can K\u0131z\u0131l","url":"https:\/\/denizcankizil.tr\/","logo":{"@type":"ImageObject","inLanguage":"ru-RU","@id":"https:\/\/denizcankizil.tr\/#\/schema\/logo\/image\/","url":"https:\/\/denizcankizil.tr\/wp-content\/uploads\/2024\/10\/siyah-logo-svg.svg","contentUrl":"https:\/\/denizcankizil.tr\/wp-content\/uploads\/2024\/10\/siyah-logo-svg.svg","width":1080,"height":1080,"caption":"Av. Deniz Can K\u0131z\u0131l"},"image":{"@id":"https:\/\/denizcankizil.tr\/#\/schema\/logo\/image\/"}},{"@type":"Person","@id":"https:\/\/denizcankizil.tr\/#\/schema\/person\/e1eb71bb4dd684d46563f0af307e1234","name":"Antalya K\u00f6rfez","image":{"@type":"ImageObject","inLanguage":"ru-RU","@id":"https:\/\/denizcankizil.tr\/#\/schema\/person\/image\/","url":"https:\/\/secure.gravatar.com\/avatar\/42b01982558a48a0b501fdcab6a408d3717ea5919095ee2e67b0e521799c5905?s=96&d=mm&r=g","contentUrl":"https:\/\/secure.gravatar.com\/avatar\/42b01982558a48a0b501fdcab6a408d3717ea5919095ee2e67b0e521799c5905?s=96&d=mm&r=g","caption":"Antalya K\u00f6rfez"},"sameAs":["http:\/\/www.antalyakorfez.com"],"url":"https:\/\/www.antalyakorfez.com\/gazipasada-yangin-cikti-havadan-ve-karadan-mudahale-suruyor"}]}},"_links":{"self":[{"href":"https:\/\/denizcankizil.tr\/ru\/wp-json\/wp\/v2\/posts\/131175","targetHints":{"allow":["GET"]}}],"collection":[{"href":"https:\/\/denizcankizil.tr\/ru\/wp-json\/wp\/v2\/posts"}],"about":[{"href":"https:\/\/denizcankizil.tr\/ru\/wp-json\/wp\/v2\/types\/post"}],"author":[{"embeddable":true,"href":"https:\/\/denizcankizil.tr\/ru\/wp-json\/wp\/v2\/users\/5"}],"replies":[{"embeddable":true,"href":"https:\/\/denizcankizil.tr\/ru\/wp-json\/wp\/v2\/comments?post=131175"}],"version-history":[{"count":0,"href":"https:\/\/denizcankizil.tr\/ru\/wp-json\/wp\/v2\/posts\/131175\/revisions"}],"wp:attachment":[{"href":"https:\/\/denizcankizil.tr\/ru\/wp-json\/wp\/v2\/media?parent=131175"}],"wp:term":[{"taxonomy":"category","embeddable":true,"href":"https:\/\/denizcankizil.tr\/ru\/wp-json\/wp\/v2\/categories?post=131175"},{"taxonomy":"post_tag","embeddable":true,"href":"https:\/\/denizcankizil.tr\/ru\/wp-json\/wp\/v2\/tags?post=131175"}],"curies":[{"name":"wp","href":"https:\/\/api.w.org\/{rel}","templated":true}]}}