{"id":130218,"date":"2025-06-29T11:41:44","date_gmt":"2025-06-29T08:41:44","guid":{"rendered":"https:\/\/denizcankizil.tr\/uncategorized-tr\/180-kilometrelik-rekor-ucus-tarlada-sona-erdi\/"},"modified":"2025-06-29T11:41:44","modified_gmt":"2025-06-29T08:41:44","slug":"180-kilometrelik-rekor-ucus-tarlada-sona-erdi","status":"publish","type":"post","link":"https:\/\/denizcankizil.tr\/ru\/haberler\/gundem\/180-kilometrelik-rekor-ucus-tarlada-sona-erdi\/","title":{"rendered":"180 kilometrelik rekor u\u00e7u\u015f tarlada sona erdi!"},"content":{"rendered":"<p>Konya&#8217;n\u0131n Cihanbeyli il\u00e7esinde ilgin\u00e7 bir olay ya\u015fand\u0131. Ankara&#8217;n\u0131n Aya\u015f il\u00e7esinden yama\u00e7 para\u015f\u00fct\u00fcyle havalanan bir sporcu, yakla\u015f\u0131k 180 kilometrelik bir mesafeyi havada s\u00fcz\u00fclerek kat ettikten sonra, K\u0131rk\u0131\u015fla Mahallesi&#8217;ndeki bir tar\u0131m arazisine zorunlu ini\u015f yapt\u0131.<\/p>\n<p>ELEKTR\u0130K D\u0130REKLER\u0130NE TAKILIYORDU<\/p>\n<p>R\u00fczgar ko\u015fullar\u0131n\u0131n beklenmedik \u015fekilde de\u011fi\u015fmesiyle birlikte u\u00e7u\u015funa devam edemeyen pilot, ini\u015f s\u0131ras\u0131nda elektrik direklerine tak\u0131lma tehlikesi ge\u00e7irse de ba\u015far\u0131l\u0131 bir manevrayla olay\u0131 kazas\u0131z atlatt\u0131. O anlar \u015fa\u015fk\u0131nl\u0131kla izleyen mahalle sakinleri, ilk kez b\u00f6yle bir durumla kar\u015f\u0131la\u015ft\u0131klar\u0131n\u0131 s\u00f6yledi.<\/p>\n<p>\u015e\u0130MD\u0130YE DENK GER\u00c7EKLE\u015eT\u0130RD\u0130\u011e\u0130 EN UZUN U\u00c7U\u015e<\/p>\n<p>Pilotun ifadesine g\u00f6re bu u\u00e7u\u015f, \u015fimdiye dek ger\u00e7ekle\u015ftirdi\u011fi en uzun mesafe u\u00e7u\u015fu olarak kay\u0131tlara ge\u00e7ti. Hem adrenalin dolu hem de rekor niteli\u011fi ta\u015f\u0131yan u\u00e7u\u015f, g\u00f6ky\u00fcz\u00fc tutkunlar\u0131 i\u00e7in ilham verici bir ba\u015far\u0131 \u00f6rne\u011fi oldu.<\/p>\n<p>Olayda herhangi bir yaralanma ya da maddi hasar meydana gelmezken, pilotun sa\u011f salim yere inmesi mahallede k\u0131sa s\u00fcreli heyecan yaratt\u0131.<\/p>\n<p>\u200bAnkara&#8217;dan havalanan yama\u00e7 para\u015f\u00fct\u00fc pilotu, Konya&#8217;n\u0131n Cihanbeyli il\u00e7esine ba\u011fl\u0131 K\u0131rk\u0131\u015fla Mahallesi&#8217;ne zorunlu i\u015fin yapt\u0131. 180 kilometrelik u\u00e7u\u015f, pilotun ki\u015fisel rekoru oldu\u00a0<\/p>\n<p>\u200bHaberin Al\u0131nt\u0131land\u0131\u011f\u0131 Kaynak: www.antalyakorfez.com<\/p>","protected":false},"excerpt":{"rendered":"<p>Konya&#8217;n\u0131n Cihanbeyli il\u00e7esinde ilgin\u00e7 bir olay ya\u015fand\u0131. Ankara&#8217;n\u0131n Aya\u015f il\u00e7esinden yama\u00e7 para\u015f\u00fct\u00fcyle havalanan bir sporcu, yakla\u015f\u0131k 180 kilometrelik bir mesafeyi havada s\u00fcz\u00fclerek kat ettikten sonra, K\u0131rk\u0131\u015fla Mahallesi&#8217;ndeki bir tar\u0131m arazisine zorunlu ini\u015f yapt\u0131. ELEKTR\u0130K D\u0130REKLER\u0130NE TAKILIYORDU R\u00fczgar ko\u015fullar\u0131n\u0131n beklenmedik \u015fekilde de\u011fi\u015fmesiyle birlikte u\u00e7u\u015funa devam edemeyen pilot, ini\u015f s\u0131ras\u0131nda elektrik direklerine tak\u0131lma tehlikesi ge\u00e7irse de ba\u015far\u0131l\u0131 bir manevrayla olay\u0131 kazas\u0131z atlatt\u0131. O anlar \u015fa\u015fk\u0131nl\u0131kla izleyen mahalle sakinleri, ilk kez b\u00f6yle bir durumla kar\u015f\u0131la\u015ft\u0131klar\u0131n\u0131 s\u00f6yledi. \u015e\u0130MD\u0130YE DENK GER\u00c7EKLE\u015eT\u0130RD\u0130\u011e\u0130 EN UZUN U\u00c7U\u015e Pilotun ifadesine g\u00f6re bu u\u00e7u\u015f, \u015fimdiye dek ger\u00e7ekle\u015ftirdi\u011fi en uzun mesafe u\u00e7u\u015fu olarak kay\u0131tlara ge\u00e7ti. Hem adrenalin dolu hem de rekor niteli\u011fi ta\u015f\u0131yan u\u00e7u\u015f, g\u00f6ky\u00fcz\u00fc tutkunlar\u0131 i\u00e7in ilham verici bir ba\u015far\u0131 \u00f6rne\u011fi oldu. Olayda herhangi bir yaralanma ya da maddi hasar meydana gelmezken, pilotun sa\u011f salim yere inmesi mahallede k\u0131sa s\u00fcreli heyecan yaratt\u0131. \u200bAnkara&#8217;dan havalanan yama\u00e7 para\u015f\u00fct\u00fc pilotu, Konya&#8217;n\u0131n Cihanbeyli il\u00e7esine ba\u011fl\u0131 K\u0131rk\u0131\u015fla Mahallesi&#8217;ne zorunlu i\u015fin yapt\u0131. 180 kilometrelik u\u00e7u\u015f, pilotun ki\u015fisel rekoru oldu\u00a0 \u200bHaberin Al\u0131nt\u0131land\u0131\u011f\u0131 Kaynak: www.antalyakorfez.com<\/p>","protected":false},"author":5,"featured_media":0,"comment_status":"","ping_status":"open","sticky":false,"template":"","format":"standard","meta":{"_acf_changed":false,"footnotes":""},"categories":[24],"tags":[],"class_list":["post-130218","post","type-post","status-publish","format-standard","has-post-thumbnail","hentry","category-gundem"],"acf":[],"yoast_head":"<!-- This site is optimized with the Yoast SEO Premium plugin v26.6 (Yoast SEO v27.1.1) - https:\/\/yoast.com\/product\/yoast-seo-premium-wordpress\/ -->\n<title>180 kilometrelik rekor u\u00e7u\u015f tarlada sona erdi! - Av. Deniz Can K\u0131z\u0131l<\/title>\n<meta name=\"robots\" content=\"index, follow, max-snippet:-1, max-image-preview:large, max-video-preview:-1\" \/>\n<link rel=\"canonical\" href=\"https:\/\/denizcankizil.tr\/ru\/haberler\/gundem\/180-kilometrelik-rekor-ucus-tarlada-sona-erdi\/\" \/>\n<meta property=\"og:locale\" content=\"ru_RU\" \/>\n<meta property=\"og:type\" content=\"article\" \/>\n<meta property=\"og:title\" content=\"180 kilometrelik rekor u\u00e7u\u015f tarlada sona erdi!\" \/>\n<meta property=\"og:description\" content=\"Konya&#8217;n\u0131n Cihanbeyli il\u00e7esinde ilgin\u00e7 bir olay ya\u015fand\u0131. Ankara&#8217;n\u0131n Aya\u015f il\u00e7esinden yama\u00e7 para\u015f\u00fct\u00fcyle havalanan bir sporcu, yakla\u015f\u0131k 180 kilometrelik bir mesafeyi havada s\u00fcz\u00fclerek kat ettikten sonra, K\u0131rk\u0131\u015fla Mahallesi&#8217;ndeki bir tar\u0131m arazisine zorunlu ini\u015f yapt\u0131. ELEKTR\u0130K D\u0130REKLER\u0130NE TAKILIYORDU R\u00fczgar ko\u015fullar\u0131n\u0131n beklenmedik \u015fekilde de\u011fi\u015fmesiyle birlikte u\u00e7u\u015funa devam edemeyen pilot, ini\u015f s\u0131ras\u0131nda elektrik direklerine tak\u0131lma tehlikesi ge\u00e7irse de ba\u015far\u0131l\u0131 bir manevrayla olay\u0131 kazas\u0131z atlatt\u0131. O anlar \u015fa\u015fk\u0131nl\u0131kla izleyen mahalle sakinleri, ilk kez b\u00f6yle bir durumla kar\u015f\u0131la\u015ft\u0131klar\u0131n\u0131 s\u00f6yledi. \u015e\u0130MD\u0130YE DENK GER\u00c7EKLE\u015eT\u0130RD\u0130\u011e\u0130 EN UZUN U\u00c7U\u015e Pilotun ifadesine g\u00f6re bu u\u00e7u\u015f, \u015fimdiye dek ger\u00e7ekle\u015ftirdi\u011fi en uzun mesafe u\u00e7u\u015fu olarak kay\u0131tlara ge\u00e7ti. Hem adrenalin dolu hem de rekor niteli\u011fi ta\u015f\u0131yan u\u00e7u\u015f, g\u00f6ky\u00fcz\u00fc tutkunlar\u0131 i\u00e7in ilham verici bir ba\u015far\u0131 \u00f6rne\u011fi oldu. Olayda herhangi bir yaralanma ya da maddi hasar meydana gelmezken, pilotun sa\u011f salim yere inmesi mahallede k\u0131sa s\u00fcreli heyecan yaratt\u0131. \u200bAnkara&#8217;dan havalanan yama\u00e7 para\u015f\u00fct\u00fc pilotu, Konya&#8217;n\u0131n Cihanbeyli il\u00e7esine ba\u011fl\u0131 K\u0131rk\u0131\u015fla Mahallesi&#8217;ne zorunlu i\u015fin yapt\u0131. 180 kilometrelik u\u00e7u\u015f, pilotun ki\u015fisel rekoru oldu\u00a0 \u200bHaberin Al\u0131nt\u0131land\u0131\u011f\u0131 Kaynak: www.antalyakorfez.com\" \/>\n<meta property=\"og:url\" content=\"https:\/\/denizcankizil.tr\/ru\/haberler\/gundem\/180-kilometrelik-rekor-ucus-tarlada-sona-erdi\/\" \/>\n<meta property=\"og:site_name\" content=\"Av. Deniz Can K\u0131z\u0131l\" \/>\n<meta property=\"article:published_time\" content=\"2025-06-29T08:41:44+00:00\" \/>\n<meta name=\"author\" content=\"Antalya K\u00f6rfez\" \/>\n<meta name=\"twitter:card\" content=\"summary_large_image\" \/>\n<meta name=\"twitter:label1\" content=\"\u041d\u0430\u043f\u0438\u0441\u0430\u043d\u043e \u0430\u0432\u0442\u043e\u0440\u043e\u043c\" \/>\n\t<meta name=\"twitter:data1\" content=\"Antalya K\u00f6rfez\" \/>\n\t<meta name=\"twitter:label2\" content=\"\u041f\u0440\u0438\u043c\u0435\u0440\u043d\u043e\u0435 \u0432\u0440\u0435\u043c\u044f \u0434\u043b\u044f \u0447\u0442\u0435\u043d\u0438\u044f\" \/>\n\t<meta name=\"twitter:data2\" content=\"1 \u043c\u0438\u043d\u0443\u0442\u0430\" \/>\n<script type=\"application\/ld+json\" class=\"yoast-schema-graph\">{\"@context\":\"https:\/\/schema.org\",\"@graph\":[{\"@type\":\"Article\",\"@id\":\"https:\/\/denizcankizil.tr\/ru\/haberler\/gundem\/180-kilometrelik-rekor-ucus-tarlada-sona-erdi\/#article\",\"isPartOf\":{\"@id\":\"https:\/\/denizcankizil.tr\/ru\/haberler\/gundem\/180-kilometrelik-rekor-ucus-tarlada-sona-erdi\/\"},\"author\":{\"name\":\"Antalya K\u00f6rfez\",\"@id\":\"https:\/\/denizcankizil.tr\/de\/#\/schema\/person\/e1eb71bb4dd684d46563f0af307e1234\"},\"headline\":\"180 kilometrelik rekor u\u00e7u\u015f tarlada sona erdi!\",\"datePublished\":\"2025-06-29T08:41:44+00:00\",\"mainEntityOfPage\":{\"@id\":\"https:\/\/denizcankizil.tr\/ru\/haberler\/gundem\/180-kilometrelik-rekor-ucus-tarlada-sona-erdi\/\"},\"wordCount\":245,\"publisher\":{\"@id\":\"https:\/\/denizcankizil.tr\/de\/#organization\"},\"articleSection\":[\"G\u00fcndem\"],\"inLanguage\":\"ru-RU\"},{\"@type\":\"WebPage\",\"@id\":\"https:\/\/denizcankizil.tr\/ru\/haberler\/gundem\/180-kilometrelik-rekor-ucus-tarlada-sona-erdi\/\",\"url\":\"https:\/\/denizcankizil.tr\/ru\/haberler\/gundem\/180-kilometrelik-rekor-ucus-tarlada-sona-erdi\/\",\"name\":\"180 kilometrelik rekor u\u00e7u\u015f tarlada sona erdi! - Av. Deniz Can K\u0131z\u0131l\",\"isPartOf\":{\"@id\":\"https:\/\/denizcankizil.tr\/de\/#website\"},\"datePublished\":\"2025-06-29T08:41:44+00:00\",\"breadcrumb\":{\"@id\":\"https:\/\/denizcankizil.tr\/ru\/haberler\/gundem\/180-kilometrelik-rekor-ucus-tarlada-sona-erdi\/#breadcrumb\"},\"inLanguage\":\"ru-RU\",\"potentialAction\":[{\"@type\":\"ReadAction\",\"target\":[\"https:\/\/denizcankizil.tr\/ru\/haberler\/gundem\/180-kilometrelik-rekor-ucus-tarlada-sona-erdi\/\"]}]},{\"@type\":\"BreadcrumbList\",\"@id\":\"https:\/\/denizcankizil.tr\/ru\/haberler\/gundem\/180-kilometrelik-rekor-ucus-tarlada-sona-erdi\/#breadcrumb\",\"itemListElement\":[{\"@type\":\"ListItem\",\"position\":1,\"name\":\"Home\",\"item\":\"https:\/\/denizcankizil.tr\/de\/\"},{\"@type\":\"ListItem\",\"position\":2,\"name\":\"180 kilometrelik rekor u\u00e7u\u015f tarlada sona erdi!\"}]},{\"@type\":\"WebSite\",\"@id\":\"https:\/\/denizcankizil.tr\/de\/#website\",\"url\":\"https:\/\/denizcankizil.tr\/de\/\",\"name\":\"Av. Deniz Can K\u0131z\u0131l\",\"description\":\"Avukat Deniz Can K\u0131z\u0131l Antalya Barosu\",\"publisher\":{\"@id\":\"https:\/\/denizcankizil.tr\/de\/#organization\"},\"potentialAction\":[{\"@type\":\"SearchAction\",\"target\":{\"@type\":\"EntryPoint\",\"urlTemplate\":\"https:\/\/denizcankizil.tr\/de\/?s={search_term_string}\"},\"query-input\":{\"@type\":\"PropertyValueSpecification\",\"valueRequired\":true,\"valueName\":\"search_term_string\"}}],\"inLanguage\":\"ru-RU\"},{\"@type\":\"Organization\",\"@id\":\"https:\/\/denizcankizil.tr\/de\/#organization\",\"name\":\"Av. Deniz Can K\u0131z\u0131l\",\"url\":\"https:\/\/denizcankizil.tr\/de\/\",\"logo\":{\"@type\":\"ImageObject\",\"inLanguage\":\"ru-RU\",\"@id\":\"https:\/\/denizcankizil.tr\/de\/#\/schema\/logo\/image\/\",\"url\":\"https:\/\/denizcankizil.tr\/wp-content\/uploads\/2024\/10\/siyah-logo-svg.svg\",\"contentUrl\":\"https:\/\/denizcankizil.tr\/wp-content\/uploads\/2024\/10\/siyah-logo-svg.svg\",\"width\":1080,\"height\":1080,\"caption\":\"Av. Deniz Can K\u0131z\u0131l\"},\"image\":{\"@id\":\"https:\/\/denizcankizil.tr\/de\/#\/schema\/logo\/image\/\"}},{\"@type\":\"Person\",\"@id\":\"https:\/\/denizcankizil.tr\/de\/#\/schema\/person\/e1eb71bb4dd684d46563f0af307e1234\",\"name\":\"Antalya K\u00f6rfez\",\"image\":{\"@type\":\"ImageObject\",\"inLanguage\":\"ru-RU\",\"@id\":\"https:\/\/denizcankizil.tr\/de\/#\/schema\/person\/image\/\",\"url\":\"https:\/\/secure.gravatar.com\/avatar\/42b01982558a48a0b501fdcab6a408d3717ea5919095ee2e67b0e521799c5905?s=96&d=mm&r=g\",\"contentUrl\":\"https:\/\/secure.gravatar.com\/avatar\/42b01982558a48a0b501fdcab6a408d3717ea5919095ee2e67b0e521799c5905?s=96&d=mm&r=g\",\"caption\":\"Antalya K\u00f6rfez\"},\"sameAs\":[\"http:\/\/www.antalyakorfez.com\"],\"url\":\"https:\/\/www.antalyakorfez.com\/180-kilometrelik-rekor-ucus-tarlada-sona-erdi\"}]}<\/script>\n<!-- \/ Yoast SEO Premium plugin. -->","yoast_head_json":{"title":"180 kilometrelik rekor u\u00e7u\u015f tarlada sona erdi! - Av. Deniz Can K\u0131z\u0131l","robots":{"index":"index","follow":"follow","max-snippet":"max-snippet:-1","max-image-preview":"max-image-preview:large","max-video-preview":"max-video-preview:-1"},"canonical":"https:\/\/denizcankizil.tr\/ru\/haberler\/gundem\/180-kilometrelik-rekor-ucus-tarlada-sona-erdi\/","og_locale":"ru_RU","og_type":"article","og_title":"180 kilometrelik rekor u\u00e7u\u015f tarlada sona erdi!","og_description":"Konya&#8217;n\u0131n Cihanbeyli il\u00e7esinde ilgin\u00e7 bir olay ya\u015fand\u0131. Ankara&#8217;n\u0131n Aya\u015f il\u00e7esinden yama\u00e7 para\u015f\u00fct\u00fcyle havalanan bir sporcu, yakla\u015f\u0131k 180 kilometrelik bir mesafeyi havada s\u00fcz\u00fclerek kat ettikten sonra, K\u0131rk\u0131\u015fla Mahallesi&#8217;ndeki bir tar\u0131m arazisine zorunlu ini\u015f yapt\u0131. ELEKTR\u0130K D\u0130REKLER\u0130NE TAKILIYORDU R\u00fczgar ko\u015fullar\u0131n\u0131n beklenmedik \u015fekilde de\u011fi\u015fmesiyle birlikte u\u00e7u\u015funa devam edemeyen pilot, ini\u015f s\u0131ras\u0131nda elektrik direklerine tak\u0131lma tehlikesi ge\u00e7irse de ba\u015far\u0131l\u0131 bir manevrayla olay\u0131 kazas\u0131z atlatt\u0131. O anlar \u015fa\u015fk\u0131nl\u0131kla izleyen mahalle sakinleri, ilk kez b\u00f6yle bir durumla kar\u015f\u0131la\u015ft\u0131klar\u0131n\u0131 s\u00f6yledi. \u015e\u0130MD\u0130YE DENK GER\u00c7EKLE\u015eT\u0130RD\u0130\u011e\u0130 EN UZUN U\u00c7U\u015e Pilotun ifadesine g\u00f6re bu u\u00e7u\u015f, \u015fimdiye dek ger\u00e7ekle\u015ftirdi\u011fi en uzun mesafe u\u00e7u\u015fu olarak kay\u0131tlara ge\u00e7ti. Hem adrenalin dolu hem de rekor niteli\u011fi ta\u015f\u0131yan u\u00e7u\u015f, g\u00f6ky\u00fcz\u00fc tutkunlar\u0131 i\u00e7in ilham verici bir ba\u015far\u0131 \u00f6rne\u011fi oldu. Olayda herhangi bir yaralanma ya da maddi hasar meydana gelmezken, pilotun sa\u011f salim yere inmesi mahallede k\u0131sa s\u00fcreli heyecan yaratt\u0131. \u200bAnkara&#8217;dan havalanan yama\u00e7 para\u015f\u00fct\u00fc pilotu, Konya&#8217;n\u0131n Cihanbeyli il\u00e7esine ba\u011fl\u0131 K\u0131rk\u0131\u015fla Mahallesi&#8217;ne zorunlu i\u015fin yapt\u0131. 180 kilometrelik u\u00e7u\u015f, pilotun ki\u015fisel rekoru oldu\u00a0 \u200bHaberin Al\u0131nt\u0131land\u0131\u011f\u0131 Kaynak: www.antalyakorfez.com","og_url":"https:\/\/denizcankizil.tr\/ru\/haberler\/gundem\/180-kilometrelik-rekor-ucus-tarlada-sona-erdi\/","og_site_name":"Av. Deniz Can K\u0131z\u0131l","article_published_time":"2025-06-29T08:41:44+00:00","author":"Antalya K\u00f6rfez","twitter_card":"summary_large_image","twitter_misc":{"\u041d\u0430\u043f\u0438\u0441\u0430\u043d\u043e \u0430\u0432\u0442\u043e\u0440\u043e\u043c":"Antalya K\u00f6rfez","\u041f\u0440\u0438\u043c\u0435\u0440\u043d\u043e\u0435 \u0432\u0440\u0435\u043c\u044f \u0434\u043b\u044f \u0447\u0442\u0435\u043d\u0438\u044f":"1 \u043c\u0438\u043d\u0443\u0442\u0430"},"schema":{"@context":"https:\/\/schema.org","@graph":[{"@type":"Article","@id":"https:\/\/denizcankizil.tr\/ru\/haberler\/gundem\/180-kilometrelik-rekor-ucus-tarlada-sona-erdi\/#article","isPartOf":{"@id":"https:\/\/denizcankizil.tr\/ru\/haberler\/gundem\/180-kilometrelik-rekor-ucus-tarlada-sona-erdi\/"},"author":{"name":"Antalya K\u00f6rfez","@id":"https:\/\/denizcankizil.tr\/de\/#\/schema\/person\/e1eb71bb4dd684d46563f0af307e1234"},"headline":"180 kilometrelik rekor u\u00e7u\u015f tarlada sona erdi!","datePublished":"2025-06-29T08:41:44+00:00","mainEntityOfPage":{"@id":"https:\/\/denizcankizil.tr\/ru\/haberler\/gundem\/180-kilometrelik-rekor-ucus-tarlada-sona-erdi\/"},"wordCount":245,"publisher":{"@id":"https:\/\/denizcankizil.tr\/de\/#organization"},"articleSection":["G\u00fcndem"],"inLanguage":"ru-RU"},{"@type":"WebPage","@id":"https:\/\/denizcankizil.tr\/ru\/haberler\/gundem\/180-kilometrelik-rekor-ucus-tarlada-sona-erdi\/","url":"https:\/\/denizcankizil.tr\/ru\/haberler\/gundem\/180-kilometrelik-rekor-ucus-tarlada-sona-erdi\/","name":"180 kilometrelik rekor u\u00e7u\u015f tarlada sona erdi! - Av. Deniz Can K\u0131z\u0131l","isPartOf":{"@id":"https:\/\/denizcankizil.tr\/de\/#website"},"datePublished":"2025-06-29T08:41:44+00:00","breadcrumb":{"@id":"https:\/\/denizcankizil.tr\/ru\/haberler\/gundem\/180-kilometrelik-rekor-ucus-tarlada-sona-erdi\/#breadcrumb"},"inLanguage":"ru-RU","potentialAction":[{"@type":"ReadAction","target":["https:\/\/denizcankizil.tr\/ru\/haberler\/gundem\/180-kilometrelik-rekor-ucus-tarlada-sona-erdi\/"]}]},{"@type":"BreadcrumbList","@id":"https:\/\/denizcankizil.tr\/ru\/haberler\/gundem\/180-kilometrelik-rekor-ucus-tarlada-sona-erdi\/#breadcrumb","itemListElement":[{"@type":"ListItem","position":1,"name":"Home","item":"https:\/\/denizcankizil.tr\/de\/"},{"@type":"ListItem","position":2,"name":"180 kilometrelik rekor u\u00e7u\u015f tarlada sona erdi!"}]},{"@type":"WebSite","@id":"https:\/\/denizcankizil.tr\/de\/#website","url":"https:\/\/denizcankizil.tr\/de\/","name":"Av. Deniz Can K\u0131z\u0131l","description":"Avukat Deniz Can K\u0131z\u0131l Antalya Barosu","publisher":{"@id":"https:\/\/denizcankizil.tr\/de\/#organization"},"potentialAction":[{"@type":"SearchAction","target":{"@type":"EntryPoint","urlTemplate":"https:\/\/denizcankizil.tr\/de\/?s={search_term_string}"},"query-input":{"@type":"PropertyValueSpecification","valueRequired":true,"valueName":"search_term_string"}}],"inLanguage":"ru-RU"},{"@type":"Organization","@id":"https:\/\/denizcankizil.tr\/de\/#organization","name":"Av. Deniz Can K\u0131z\u0131l","url":"https:\/\/denizcankizil.tr\/de\/","logo":{"@type":"ImageObject","inLanguage":"ru-RU","@id":"https:\/\/denizcankizil.tr\/de\/#\/schema\/logo\/image\/","url":"https:\/\/denizcankizil.tr\/wp-content\/uploads\/2024\/10\/siyah-logo-svg.svg","contentUrl":"https:\/\/denizcankizil.tr\/wp-content\/uploads\/2024\/10\/siyah-logo-svg.svg","width":1080,"height":1080,"caption":"Av. Deniz Can K\u0131z\u0131l"},"image":{"@id":"https:\/\/denizcankizil.tr\/de\/#\/schema\/logo\/image\/"}},{"@type":"Person","@id":"https:\/\/denizcankizil.tr\/de\/#\/schema\/person\/e1eb71bb4dd684d46563f0af307e1234","name":"Antalya K\u00f6rfez","image":{"@type":"ImageObject","inLanguage":"ru-RU","@id":"https:\/\/denizcankizil.tr\/de\/#\/schema\/person\/image\/","url":"https:\/\/secure.gravatar.com\/avatar\/42b01982558a48a0b501fdcab6a408d3717ea5919095ee2e67b0e521799c5905?s=96&d=mm&r=g","contentUrl":"https:\/\/secure.gravatar.com\/avatar\/42b01982558a48a0b501fdcab6a408d3717ea5919095ee2e67b0e521799c5905?s=96&d=mm&r=g","caption":"Antalya K\u00f6rfez"},"sameAs":["http:\/\/www.antalyakorfez.com"],"url":"https:\/\/www.antalyakorfez.com\/180-kilometrelik-rekor-ucus-tarlada-sona-erdi"}]}},"_links":{"self":[{"href":"https:\/\/denizcankizil.tr\/ru\/wp-json\/wp\/v2\/posts\/130218","targetHints":{"allow":["GET"]}}],"collection":[{"href":"https:\/\/denizcankizil.tr\/ru\/wp-json\/wp\/v2\/posts"}],"about":[{"href":"https:\/\/denizcankizil.tr\/ru\/wp-json\/wp\/v2\/types\/post"}],"author":[{"embeddable":true,"href":"https:\/\/denizcankizil.tr\/ru\/wp-json\/wp\/v2\/users\/5"}],"replies":[{"embeddable":true,"href":"https:\/\/denizcankizil.tr\/ru\/wp-json\/wp\/v2\/comments?post=130218"}],"version-history":[{"count":0,"href":"https:\/\/denizcankizil.tr\/ru\/wp-json\/wp\/v2\/posts\/130218\/revisions"}],"wp:attachment":[{"href":"https:\/\/denizcankizil.tr\/ru\/wp-json\/wp\/v2\/media?parent=130218"}],"wp:term":[{"taxonomy":"category","embeddable":true,"href":"https:\/\/denizcankizil.tr\/ru\/wp-json\/wp\/v2\/categories?post=130218"},{"taxonomy":"post_tag","embeddable":true,"href":"https:\/\/denizcankizil.tr\/ru\/wp-json\/wp\/v2\/tags?post=130218"}],"curies":[{"name":"wp","href":"https:\/\/api.w.org\/{rel}","templated":true}]}}