{"id":12956,"date":"2024-11-05T14:41:29","date_gmt":"2024-11-05T11:41:29","guid":{"rendered":"https:\/\/denizcankizil.tr\/uncategorized-tr\/adiyamanda-intihar-girisimi-polisin-zamaninda-mudahalesi-hayat-kurtardi\/"},"modified":"2024-11-05T14:41:29","modified_gmt":"2024-11-05T11:41:29","slug":"adiyamanda-intihar-girisimi-polisin-zamaninda-mudahalesi-hayat-kurtardi","status":"publish","type":"post","link":"https:\/\/denizcankizil.tr\/ru\/haberler\/gundem\/adiyamanda-intihar-girisimi-polisin-zamaninda-mudahalesi-hayat-kurtardi\/","title":{"rendered":"Ad\u0131yaman&#8217;da intihar giri\u015fimi! Polisin zaman\u0131nda m\u00fcdahalesi hayat kurtard\u0131"},"content":{"rendered":"<p>Ad\u0131yaman\u2019\u0131n Yeni Mahalle B\u00fcy\u00fck Sincan Elektrik\u00e7iler \u00c7ar\u015f\u0131s\u0131 kar\u015f\u0131s\u0131nda bulunan bo\u015f in\u015faat alan\u0131nda intihar giri\u015fiminde bulunan \u0130lham\u0131 U. adl\u0131 \u015fah\u0131s, 4 katl\u0131 binan\u0131n tepesine \u00e7\u0131karak dikkatleri \u00fczerine \u00e7ekti.ADIYAMAN (\u0130GFA) &#8211; Al\u0131nan bilgiye g\u00f6re, madde ba\u011f\u0131ml\u0131s\u0131 olan \u0130lham\u0131 U. adl\u0131 \u015fahs\u0131n intihar giri\u015fimi polis ekiplerinin zaman\u0131nda m\u00fcdahalesi ile kurtar\u0131ld\u0131.<br \/>\nOlay, \u00e7evredeki vatanda\u015flar aras\u0131nda b\u00fcy\u00fck bir pani\u011fe yol a\u00e7arken, polis ekipleri olay yerine h\u0131zla intikal etti.<br \/>\nG\u00fcvenlik g\u00fc\u00e7lerinin \u00e7abalar\u0131 sonucunda etkisiz hale getirilen \u015fah\u0131s binadan indirildi. Daha sonra bay\u0131lan \u015fah\u0131s, k\u00f6p\u00fck kusmas\u0131 \u00fczerine sa\u011fl\u0131k ekipleri olay yerinde ilk m\u00fcdahaleyi yaparak, hastaneye kald\u0131rd\u0131.<\/p>\n<p>G\u00f6rg\u00fc tan\u0131klar\u0131, olay\u0131n meydana geldi\u011fi s\u0131rada b\u00fcy\u00fck bir korku ya\u015fad\u0131klar\u0131n\u0131 belirtirken, b\u00f6lgedeki g\u00fcvenlik \u00f6nlemlerinin art\u0131r\u0131lmas\u0131 gerekti\u011fine dikkati \u00e7ekildi.<br \/>\nOlayla ilgili tahkikat ba\u015flat\u0131ld\u0131.<\/p>\n<p>\u200bAd\u0131yaman\u2019\u0131n Yeni Mahalle B\u00fcy\u00fck Sincan Elektrik\u00e7iler \u00c7ar\u015f\u0131s\u0131 kar\u015f\u0131s\u0131nda bulunan bo\u015f in\u015faat alan\u0131nda intihar giri\u015fiminde bulunan \u0130lham\u0131 U  adl\u0131 \u015fah\u0131s, 4 katl\u0131 binan\u0131n tepesine \u00e7\u0131karak dikkatleri \u00fczerine \u00e7ekti\u00a0<\/p>\n<p>\u200bHaberin Al\u0131nt\u0131land\u0131\u011f\u0131 Kaynak: www.iskenderun.org<\/p>","protected":false},"excerpt":{"rendered":"<p>Ad\u0131yaman\u2019\u0131n Yeni Mahalle B\u00fcy\u00fck Sincan Elektrik\u00e7iler \u00c7ar\u015f\u0131s\u0131 kar\u015f\u0131s\u0131nda bulunan bo\u015f in\u015faat alan\u0131nda intihar giri\u015fiminde bulunan \u0130lham\u0131 U. adl\u0131 \u015fah\u0131s, 4 katl\u0131 binan\u0131n tepesine \u00e7\u0131karak dikkatleri \u00fczerine \u00e7ekti.ADIYAMAN (\u0130GFA) &#8211; Al\u0131nan bilgiye g\u00f6re, madde ba\u011f\u0131ml\u0131s\u0131 olan \u0130lham\u0131 U. adl\u0131 \u015fahs\u0131n intihar giri\u015fimi polis ekiplerinin zaman\u0131nda m\u00fcdahalesi ile kurtar\u0131ld\u0131. Olay, \u00e7evredeki vatanda\u015flar aras\u0131nda b\u00fcy\u00fck bir pani\u011fe yol a\u00e7arken, polis ekipleri olay yerine h\u0131zla intikal etti. G\u00fcvenlik g\u00fc\u00e7lerinin \u00e7abalar\u0131 sonucunda etkisiz hale getirilen \u015fah\u0131s binadan indirildi. Daha sonra bay\u0131lan \u015fah\u0131s, k\u00f6p\u00fck kusmas\u0131 \u00fczerine sa\u011fl\u0131k ekipleri olay yerinde ilk m\u00fcdahaleyi yaparak, hastaneye kald\u0131rd\u0131. G\u00f6rg\u00fc tan\u0131klar\u0131, olay\u0131n meydana geldi\u011fi s\u0131rada b\u00fcy\u00fck bir korku ya\u015fad\u0131klar\u0131n\u0131 belirtirken, b\u00f6lgedeki g\u00fcvenlik \u00f6nlemlerinin art\u0131r\u0131lmas\u0131 gerekti\u011fine dikkati \u00e7ekildi. Olayla ilgili tahkikat ba\u015flat\u0131ld\u0131. \u200bAd\u0131yaman\u2019\u0131n Yeni Mahalle B\u00fcy\u00fck Sincan Elektrik\u00e7iler \u00c7ar\u015f\u0131s\u0131 kar\u015f\u0131s\u0131nda bulunan bo\u015f in\u015faat alan\u0131nda intihar giri\u015fiminde bulunan \u0130lham\u0131 U adl\u0131 \u015fah\u0131s, 4 katl\u0131 binan\u0131n tepesine \u00e7\u0131karak dikkatleri \u00fczerine \u00e7ekti\u00a0 \u200bHaberin Al\u0131nt\u0131land\u0131\u011f\u0131 Kaynak: www.iskenderun.org<\/p>","protected":false},"author":0,"featured_media":0,"comment_status":"open","ping_status":"open","sticky":false,"template":"","format":"standard","meta":{"_acf_changed":false,"footnotes":""},"categories":[24,535],"tags":[],"class_list":["post-12956","post","type-post","status-publish","format-standard","has-post-thumbnail","hentry","category-gundem","category-uncategorized-tr"],"acf":[],"yoast_head":"<!-- This site is optimized with the Yoast SEO Premium plugin v26.6 (Yoast SEO v27.1.1) - https:\/\/yoast.com\/product\/yoast-seo-premium-wordpress\/ -->\n<title>Ad\u0131yaman&#039;da intihar giri\u015fimi! Polisin zaman\u0131nda m\u00fcdahalesi hayat kurtard\u0131 - Av. Deniz Can K\u0131z\u0131l<\/title>\n<meta name=\"robots\" content=\"index, follow, max-snippet:-1, max-image-preview:large, max-video-preview:-1\" \/>\n<link rel=\"canonical\" href=\"https:\/\/denizcankizil.tr\/ru\/haberler\/gundem\/adiyamanda-intihar-girisimi-polisin-zamaninda-mudahalesi-hayat-kurtardi\/\" \/>\n<meta property=\"og:locale\" content=\"ru_RU\" \/>\n<meta property=\"og:type\" content=\"article\" \/>\n<meta property=\"og:title\" content=\"Ad\u0131yaman&#039;da intihar giri\u015fimi! Polisin zaman\u0131nda m\u00fcdahalesi hayat kurtard\u0131\" \/>\n<meta property=\"og:description\" content=\"Ad\u0131yaman\u2019\u0131n Yeni Mahalle B\u00fcy\u00fck Sincan Elektrik\u00e7iler \u00c7ar\u015f\u0131s\u0131 kar\u015f\u0131s\u0131nda bulunan bo\u015f in\u015faat alan\u0131nda intihar giri\u015fiminde bulunan \u0130lham\u0131 U. adl\u0131 \u015fah\u0131s, 4 katl\u0131 binan\u0131n tepesine \u00e7\u0131karak dikkatleri \u00fczerine \u00e7ekti.ADIYAMAN (\u0130GFA) &#8211; Al\u0131nan bilgiye g\u00f6re, madde ba\u011f\u0131ml\u0131s\u0131 olan \u0130lham\u0131 U. adl\u0131 \u015fahs\u0131n intihar giri\u015fimi polis ekiplerinin zaman\u0131nda m\u00fcdahalesi ile kurtar\u0131ld\u0131. Olay, \u00e7evredeki vatanda\u015flar aras\u0131nda b\u00fcy\u00fck bir pani\u011fe yol a\u00e7arken, polis ekipleri olay yerine h\u0131zla intikal etti. G\u00fcvenlik g\u00fc\u00e7lerinin \u00e7abalar\u0131 sonucunda etkisiz hale getirilen \u015fah\u0131s binadan indirildi. Daha sonra bay\u0131lan \u015fah\u0131s, k\u00f6p\u00fck kusmas\u0131 \u00fczerine sa\u011fl\u0131k ekipleri olay yerinde ilk m\u00fcdahaleyi yaparak, hastaneye kald\u0131rd\u0131. G\u00f6rg\u00fc tan\u0131klar\u0131, olay\u0131n meydana geldi\u011fi s\u0131rada b\u00fcy\u00fck bir korku ya\u015fad\u0131klar\u0131n\u0131 belirtirken, b\u00f6lgedeki g\u00fcvenlik \u00f6nlemlerinin art\u0131r\u0131lmas\u0131 gerekti\u011fine dikkati \u00e7ekildi. Olayla ilgili tahkikat ba\u015flat\u0131ld\u0131. \u200bAd\u0131yaman\u2019\u0131n Yeni Mahalle B\u00fcy\u00fck Sincan Elektrik\u00e7iler \u00c7ar\u015f\u0131s\u0131 kar\u015f\u0131s\u0131nda bulunan bo\u015f in\u015faat alan\u0131nda intihar giri\u015fiminde bulunan \u0130lham\u0131 U adl\u0131 \u015fah\u0131s, 4 katl\u0131 binan\u0131n tepesine \u00e7\u0131karak dikkatleri \u00fczerine \u00e7ekti\u00a0 \u200bHaberin Al\u0131nt\u0131land\u0131\u011f\u0131 Kaynak: www.iskenderun.org\" \/>\n<meta property=\"og:url\" content=\"https:\/\/denizcankizil.tr\/ru\/haberler\/gundem\/adiyamanda-intihar-girisimi-polisin-zamaninda-mudahalesi-hayat-kurtardi\/\" \/>\n<meta property=\"og:site_name\" content=\"Av. Deniz Can K\u0131z\u0131l\" \/>\n<meta property=\"article:published_time\" content=\"2024-11-05T11:41:29+00:00\" \/>\n<meta name=\"twitter:card\" content=\"summary_large_image\" \/>\n<meta name=\"twitter:label1\" content=\"\u041f\u0440\u0438\u043c\u0435\u0440\u043d\u043e\u0435 \u0432\u0440\u0435\u043c\u044f \u0434\u043b\u044f \u0447\u0442\u0435\u043d\u0438\u044f\" \/>\n\t<meta name=\"twitter:data1\" content=\"1 \u043c\u0438\u043d\u0443\u0442\u0430\" \/>\n<script type=\"application\/ld+json\" class=\"yoast-schema-graph\">{\"@context\":\"https:\/\/schema.org\",\"@graph\":[{\"@type\":\"Article\",\"@id\":\"https:\/\/denizcankizil.tr\/de\/haberler\/gundem\/adiyamanda-intihar-girisimi-polisin-zamaninda-mudahalesi-hayat-kurtardi\/#article\",\"isPartOf\":{\"@id\":\"https:\/\/denizcankizil.tr\/de\/haberler\/gundem\/adiyamanda-intihar-girisimi-polisin-zamaninda-mudahalesi-hayat-kurtardi\/\"},\"author\":{\"name\":\"\",\"@id\":\"\"},\"headline\":\"Ad\u0131yaman&#8217;da intihar giri\u015fimi! Polisin zaman\u0131nda m\u00fcdahalesi hayat kurtard\u0131\",\"datePublished\":\"2024-11-05T11:41:29+00:00\",\"mainEntityOfPage\":{\"@id\":\"https:\/\/denizcankizil.tr\/de\/haberler\/gundem\/adiyamanda-intihar-girisimi-polisin-zamaninda-mudahalesi-hayat-kurtardi\/\"},\"wordCount\":228,\"commentCount\":0,\"publisher\":{\"@id\":\"https:\/\/denizcankizil.tr\/de\/#organization\"},\"articleSection\":[\"G\u00fcndem\",\"Uncategorized\"],\"inLanguage\":\"ru-RU\",\"potentialAction\":[{\"@type\":\"CommentAction\",\"name\":\"Comment\",\"target\":[\"https:\/\/denizcankizil.tr\/de\/haberler\/gundem\/adiyamanda-intihar-girisimi-polisin-zamaninda-mudahalesi-hayat-kurtardi\/#respond\"]}]},{\"@type\":\"WebPage\",\"@id\":\"https:\/\/denizcankizil.tr\/de\/haberler\/gundem\/adiyamanda-intihar-girisimi-polisin-zamaninda-mudahalesi-hayat-kurtardi\/\",\"url\":\"https:\/\/denizcankizil.tr\/de\/haberler\/gundem\/adiyamanda-intihar-girisimi-polisin-zamaninda-mudahalesi-hayat-kurtardi\/\",\"name\":\"Ad\u0131yaman'da intihar giri\u015fimi! Polisin zaman\u0131nda m\u00fcdahalesi hayat kurtard\u0131 - Av. Deniz Can K\u0131z\u0131l\",\"isPartOf\":{\"@id\":\"https:\/\/denizcankizil.tr\/de\/#website\"},\"datePublished\":\"2024-11-05T11:41:29+00:00\",\"breadcrumb\":{\"@id\":\"https:\/\/denizcankizil.tr\/de\/haberler\/gundem\/adiyamanda-intihar-girisimi-polisin-zamaninda-mudahalesi-hayat-kurtardi\/#breadcrumb\"},\"inLanguage\":\"ru-RU\",\"potentialAction\":[{\"@type\":\"ReadAction\",\"target\":[\"https:\/\/denizcankizil.tr\/de\/haberler\/gundem\/adiyamanda-intihar-girisimi-polisin-zamaninda-mudahalesi-hayat-kurtardi\/\"]}]},{\"@type\":\"BreadcrumbList\",\"@id\":\"https:\/\/denizcankizil.tr\/de\/haberler\/gundem\/adiyamanda-intihar-girisimi-polisin-zamaninda-mudahalesi-hayat-kurtardi\/#breadcrumb\",\"itemListElement\":[{\"@type\":\"ListItem\",\"position\":1,\"name\":\"Home\",\"item\":\"https:\/\/denizcankizil.tr\/de\/\"},{\"@type\":\"ListItem\",\"position\":2,\"name\":\"Ad\u0131yaman&#8217;da intihar giri\u015fimi! Polisin zaman\u0131nda m\u00fcdahalesi hayat kurtard\u0131\"}]},{\"@type\":\"WebSite\",\"@id\":\"https:\/\/denizcankizil.tr\/de\/#website\",\"url\":\"https:\/\/denizcankizil.tr\/de\/\",\"name\":\"Av. Deniz Can K\u0131z\u0131l\",\"description\":\"Avukat Deniz Can K\u0131z\u0131l Antalya Barosu\",\"publisher\":{\"@id\":\"https:\/\/denizcankizil.tr\/de\/#organization\"},\"potentialAction\":[{\"@type\":\"SearchAction\",\"target\":{\"@type\":\"EntryPoint\",\"urlTemplate\":\"https:\/\/denizcankizil.tr\/de\/?s={search_term_string}\"},\"query-input\":{\"@type\":\"PropertyValueSpecification\",\"valueRequired\":true,\"valueName\":\"search_term_string\"}}],\"inLanguage\":\"ru-RU\"},{\"@type\":\"Organization\",\"@id\":\"https:\/\/denizcankizil.tr\/de\/#organization\",\"name\":\"Av. Deniz Can K\u0131z\u0131l\",\"url\":\"https:\/\/denizcankizil.tr\/de\/\",\"logo\":{\"@type\":\"ImageObject\",\"inLanguage\":\"ru-RU\",\"@id\":\"https:\/\/denizcankizil.tr\/de\/#\/schema\/logo\/image\/\",\"url\":\"https:\/\/denizcankizil.tr\/wp-content\/uploads\/2024\/10\/siyah-logo-svg.svg\",\"contentUrl\":\"https:\/\/denizcankizil.tr\/wp-content\/uploads\/2024\/10\/siyah-logo-svg.svg\",\"width\":1080,\"height\":1080,\"caption\":\"Av. Deniz Can K\u0131z\u0131l\"},\"image\":{\"@id\":\"https:\/\/denizcankizil.tr\/de\/#\/schema\/logo\/image\/\"}}]}<\/script>\n<!-- \/ Yoast SEO Premium plugin. -->","yoast_head_json":{"title":"Ad\u0131yaman'da intihar giri\u015fimi! Polisin zaman\u0131nda m\u00fcdahalesi hayat kurtard\u0131 - Av. Deniz Can K\u0131z\u0131l","robots":{"index":"index","follow":"follow","max-snippet":"max-snippet:-1","max-image-preview":"max-image-preview:large","max-video-preview":"max-video-preview:-1"},"canonical":"https:\/\/denizcankizil.tr\/ru\/haberler\/gundem\/adiyamanda-intihar-girisimi-polisin-zamaninda-mudahalesi-hayat-kurtardi\/","og_locale":"ru_RU","og_type":"article","og_title":"Ad\u0131yaman'da intihar giri\u015fimi! Polisin zaman\u0131nda m\u00fcdahalesi hayat kurtard\u0131","og_description":"Ad\u0131yaman\u2019\u0131n Yeni Mahalle B\u00fcy\u00fck Sincan Elektrik\u00e7iler \u00c7ar\u015f\u0131s\u0131 kar\u015f\u0131s\u0131nda bulunan bo\u015f in\u015faat alan\u0131nda intihar giri\u015fiminde bulunan \u0130lham\u0131 U. adl\u0131 \u015fah\u0131s, 4 katl\u0131 binan\u0131n tepesine \u00e7\u0131karak dikkatleri \u00fczerine \u00e7ekti.ADIYAMAN (\u0130GFA) &#8211; Al\u0131nan bilgiye g\u00f6re, madde ba\u011f\u0131ml\u0131s\u0131 olan \u0130lham\u0131 U. adl\u0131 \u015fahs\u0131n intihar giri\u015fimi polis ekiplerinin zaman\u0131nda m\u00fcdahalesi ile kurtar\u0131ld\u0131. Olay, \u00e7evredeki vatanda\u015flar aras\u0131nda b\u00fcy\u00fck bir pani\u011fe yol a\u00e7arken, polis ekipleri olay yerine h\u0131zla intikal etti. G\u00fcvenlik g\u00fc\u00e7lerinin \u00e7abalar\u0131 sonucunda etkisiz hale getirilen \u015fah\u0131s binadan indirildi. Daha sonra bay\u0131lan \u015fah\u0131s, k\u00f6p\u00fck kusmas\u0131 \u00fczerine sa\u011fl\u0131k ekipleri olay yerinde ilk m\u00fcdahaleyi yaparak, hastaneye kald\u0131rd\u0131. G\u00f6rg\u00fc tan\u0131klar\u0131, olay\u0131n meydana geldi\u011fi s\u0131rada b\u00fcy\u00fck bir korku ya\u015fad\u0131klar\u0131n\u0131 belirtirken, b\u00f6lgedeki g\u00fcvenlik \u00f6nlemlerinin art\u0131r\u0131lmas\u0131 gerekti\u011fine dikkati \u00e7ekildi. Olayla ilgili tahkikat ba\u015flat\u0131ld\u0131. \u200bAd\u0131yaman\u2019\u0131n Yeni Mahalle B\u00fcy\u00fck Sincan Elektrik\u00e7iler \u00c7ar\u015f\u0131s\u0131 kar\u015f\u0131s\u0131nda bulunan bo\u015f in\u015faat alan\u0131nda intihar giri\u015fiminde bulunan \u0130lham\u0131 U adl\u0131 \u015fah\u0131s, 4 katl\u0131 binan\u0131n tepesine \u00e7\u0131karak dikkatleri \u00fczerine \u00e7ekti\u00a0 \u200bHaberin Al\u0131nt\u0131land\u0131\u011f\u0131 Kaynak: www.iskenderun.org","og_url":"https:\/\/denizcankizil.tr\/ru\/haberler\/gundem\/adiyamanda-intihar-girisimi-polisin-zamaninda-mudahalesi-hayat-kurtardi\/","og_site_name":"Av. Deniz Can K\u0131z\u0131l","article_published_time":"2024-11-05T11:41:29+00:00","twitter_card":"summary_large_image","twitter_misc":{"\u041f\u0440\u0438\u043c\u0435\u0440\u043d\u043e\u0435 \u0432\u0440\u0435\u043c\u044f \u0434\u043b\u044f \u0447\u0442\u0435\u043d\u0438\u044f":"1 \u043c\u0438\u043d\u0443\u0442\u0430"},"schema":{"@context":"https:\/\/schema.org","@graph":[{"@type":"Article","@id":"https:\/\/denizcankizil.tr\/de\/haberler\/gundem\/adiyamanda-intihar-girisimi-polisin-zamaninda-mudahalesi-hayat-kurtardi\/#article","isPartOf":{"@id":"https:\/\/denizcankizil.tr\/de\/haberler\/gundem\/adiyamanda-intihar-girisimi-polisin-zamaninda-mudahalesi-hayat-kurtardi\/"},"author":{"name":"","@id":""},"headline":"Ad\u0131yaman&#8217;da intihar giri\u015fimi! Polisin zaman\u0131nda m\u00fcdahalesi hayat kurtard\u0131","datePublished":"2024-11-05T11:41:29+00:00","mainEntityOfPage":{"@id":"https:\/\/denizcankizil.tr\/de\/haberler\/gundem\/adiyamanda-intihar-girisimi-polisin-zamaninda-mudahalesi-hayat-kurtardi\/"},"wordCount":228,"commentCount":0,"publisher":{"@id":"https:\/\/denizcankizil.tr\/de\/#organization"},"articleSection":["G\u00fcndem","Uncategorized"],"inLanguage":"ru-RU","potentialAction":[{"@type":"CommentAction","name":"Comment","target":["https:\/\/denizcankizil.tr\/de\/haberler\/gundem\/adiyamanda-intihar-girisimi-polisin-zamaninda-mudahalesi-hayat-kurtardi\/#respond"]}]},{"@type":"WebPage","@id":"https:\/\/denizcankizil.tr\/de\/haberler\/gundem\/adiyamanda-intihar-girisimi-polisin-zamaninda-mudahalesi-hayat-kurtardi\/","url":"https:\/\/denizcankizil.tr\/de\/haberler\/gundem\/adiyamanda-intihar-girisimi-polisin-zamaninda-mudahalesi-hayat-kurtardi\/","name":"Ad\u0131yaman'da intihar giri\u015fimi! Polisin zaman\u0131nda m\u00fcdahalesi hayat kurtard\u0131 - Av. Deniz Can K\u0131z\u0131l","isPartOf":{"@id":"https:\/\/denizcankizil.tr\/de\/#website"},"datePublished":"2024-11-05T11:41:29+00:00","breadcrumb":{"@id":"https:\/\/denizcankizil.tr\/de\/haberler\/gundem\/adiyamanda-intihar-girisimi-polisin-zamaninda-mudahalesi-hayat-kurtardi\/#breadcrumb"},"inLanguage":"ru-RU","potentialAction":[{"@type":"ReadAction","target":["https:\/\/denizcankizil.tr\/de\/haberler\/gundem\/adiyamanda-intihar-girisimi-polisin-zamaninda-mudahalesi-hayat-kurtardi\/"]}]},{"@type":"BreadcrumbList","@id":"https:\/\/denizcankizil.tr\/de\/haberler\/gundem\/adiyamanda-intihar-girisimi-polisin-zamaninda-mudahalesi-hayat-kurtardi\/#breadcrumb","itemListElement":[{"@type":"ListItem","position":1,"name":"Home","item":"https:\/\/denizcankizil.tr\/de\/"},{"@type":"ListItem","position":2,"name":"Ad\u0131yaman&#8217;da intihar giri\u015fimi! Polisin zaman\u0131nda m\u00fcdahalesi hayat kurtard\u0131"}]},{"@type":"WebSite","@id":"https:\/\/denizcankizil.tr\/de\/#website","url":"https:\/\/denizcankizil.tr\/de\/","name":"Av. Deniz Can K\u0131z\u0131l","description":"Avukat Deniz Can K\u0131z\u0131l Antalya Barosu","publisher":{"@id":"https:\/\/denizcankizil.tr\/de\/#organization"},"potentialAction":[{"@type":"SearchAction","target":{"@type":"EntryPoint","urlTemplate":"https:\/\/denizcankizil.tr\/de\/?s={search_term_string}"},"query-input":{"@type":"PropertyValueSpecification","valueRequired":true,"valueName":"search_term_string"}}],"inLanguage":"ru-RU"},{"@type":"Organization","@id":"https:\/\/denizcankizil.tr\/de\/#organization","name":"Av. Deniz Can K\u0131z\u0131l","url":"https:\/\/denizcankizil.tr\/de\/","logo":{"@type":"ImageObject","inLanguage":"ru-RU","@id":"https:\/\/denizcankizil.tr\/de\/#\/schema\/logo\/image\/","url":"https:\/\/denizcankizil.tr\/wp-content\/uploads\/2024\/10\/siyah-logo-svg.svg","contentUrl":"https:\/\/denizcankizil.tr\/wp-content\/uploads\/2024\/10\/siyah-logo-svg.svg","width":1080,"height":1080,"caption":"Av. Deniz Can K\u0131z\u0131l"},"image":{"@id":"https:\/\/denizcankizil.tr\/de\/#\/schema\/logo\/image\/"}}]}},"_links":{"self":[{"href":"https:\/\/denizcankizil.tr\/ru\/wp-json\/wp\/v2\/posts\/12956","targetHints":{"allow":["GET"]}}],"collection":[{"href":"https:\/\/denizcankizil.tr\/ru\/wp-json\/wp\/v2\/posts"}],"about":[{"href":"https:\/\/denizcankizil.tr\/ru\/wp-json\/wp\/v2\/types\/post"}],"replies":[{"embeddable":true,"href":"https:\/\/denizcankizil.tr\/ru\/wp-json\/wp\/v2\/comments?post=12956"}],"version-history":[{"count":0,"href":"https:\/\/denizcankizil.tr\/ru\/wp-json\/wp\/v2\/posts\/12956\/revisions"}],"wp:attachment":[{"href":"https:\/\/denizcankizil.tr\/ru\/wp-json\/wp\/v2\/media?parent=12956"}],"wp:term":[{"taxonomy":"category","embeddable":true,"href":"https:\/\/denizcankizil.tr\/ru\/wp-json\/wp\/v2\/categories?post=12956"},{"taxonomy":"post_tag","embeddable":true,"href":"https:\/\/denizcankizil.tr\/ru\/wp-json\/wp\/v2\/tags?post=12956"}],"curies":[{"name":"wp","href":"https:\/\/api.w.org\/{rel}","templated":true}]}}