{"id":128108,"date":"2025-06-27T11:41:19","date_gmt":"2025-06-27T08:41:19","guid":{"rendered":"https:\/\/denizcankizil.tr\/uncategorized-tr\/chpli-datca-belediyesi-kilicdarogluna-yer-vermedi\/"},"modified":"2025-06-27T11:41:19","modified_gmt":"2025-06-27T08:41:19","slug":"chpli-datca-belediyesi-kilicdarogluna-yer-vermedi","status":"publish","type":"post","link":"https:\/\/denizcankizil.tr\/ru\/haberler\/gundem\/chpli-datca-belediyesi-kilicdarogluna-yer-vermedi\/","title":{"rendered":"CHP\u2019li Dat\u00e7a Belediyesi,  K\u0131l\u0131\u00e7daro\u011flu&#8217;na yer vermedi"},"content":{"rendered":"<p>CHP y\u00f6netimindeki Dat\u00e7a Belediyesi, sosyal medya \u00fczerinden vatanda\u015flara verdi\u011fi mesajlarla g\u00fcndem yaratmaya devam ediyor. CHP&#8217;nin 38. Ola\u011fan Kurultay\u0131&#8217;n\u0131n davas\u0131 devam ederken konuya ili\u015fkin bir sosyal medya kullan\u0131c\u0131s\u0131n\u0131n yapt\u0131\u011f\u0131 yorum dikkat \u00e7ekti. \u0130l\u00e7e belediyesinin o kullan\u0131c\u0131ya verdi\u011fi cevap hem \u015fa\u015f\u0131rtt\u0131 hem de tebess\u00fcm ettirdi.<\/p>\n<p>\u201cMAALESEF DOLUYUZ\u201d<\/p>\n<p>Sosyal medya kullan\u0131c\u0131, yapt\u0131\u011f\u0131 yorumda, \u201cK\u0131l\u0131\u00e7daro\u011flu bu sa\u00e7mal\u0131ktan vazge\u00e7erse kendisine \u015fort ve g\u00fcne\u015f kremi de dahil Dat\u00e7a\u2019da 10 g\u00fcnl\u00fck yar\u0131m pansiyon tatil hediye edece\u011fim\u201d dedi. Dat\u00e7a Belediyesi ise yap\u0131lan yoruma, \u201cMaalesef doluyuz\u201d s\u00f6zleriyle kar\u015f\u0131l\u0131k verdi.<\/p>\n<p>\u200bCHP\u2019li Dat\u00e7a Belediyesi\u2019nin sosyal medya \u00fczerinden bir kullan\u0131c\u0131ya yapt\u0131\u011f\u0131 yorum dikkat \u00e7ekti. Bir sosyal medya kullan\u0131c\u0131s\u0131n\u0131n \u201cK\u0131l\u0131\u00e7daro\u011flu\u2019na 10 g\u00fcnl\u00fck Dat\u00e7a tatili hediye edece\u011fim\u201d s\u00f6zleri \u00fczerine Dat\u00e7a Belediyesi kullan\u0131c\u0131ya \u201cMaalesef doluyuz\u201d yan\u0131t\u0131 verdi.\u00a0<\/p>\n<p>\u200bHaberin Al\u0131nt\u0131land\u0131\u011f\u0131 Kaynak: www.antalyakorfez.com<\/p>","protected":false},"excerpt":{"rendered":"<p>CHP y\u00f6netimindeki Dat\u00e7a Belediyesi, sosyal medya \u00fczerinden vatanda\u015flara verdi\u011fi mesajlarla g\u00fcndem yaratmaya devam ediyor. CHP&#8217;nin 38. Ola\u011fan Kurultay\u0131&#8217;n\u0131n davas\u0131 devam ederken konuya ili\u015fkin bir sosyal medya kullan\u0131c\u0131s\u0131n\u0131n yapt\u0131\u011f\u0131 yorum dikkat \u00e7ekti. \u0130l\u00e7e belediyesinin o kullan\u0131c\u0131ya verdi\u011fi cevap hem \u015fa\u015f\u0131rtt\u0131 hem de tebess\u00fcm ettirdi. \u201cMAALESEF DOLUYUZ\u201d Sosyal medya kullan\u0131c\u0131, yapt\u0131\u011f\u0131 yorumda, \u201cK\u0131l\u0131\u00e7daro\u011flu bu sa\u00e7mal\u0131ktan vazge\u00e7erse kendisine \u015fort ve g\u00fcne\u015f kremi de dahil Dat\u00e7a\u2019da 10 g\u00fcnl\u00fck yar\u0131m pansiyon tatil hediye edece\u011fim\u201d dedi. Dat\u00e7a Belediyesi ise yap\u0131lan yoruma, \u201cMaalesef doluyuz\u201d s\u00f6zleriyle kar\u015f\u0131l\u0131k verdi. \u200bCHP\u2019li Dat\u00e7a Belediyesi\u2019nin sosyal medya \u00fczerinden bir kullan\u0131c\u0131ya yapt\u0131\u011f\u0131 yorum dikkat \u00e7ekti. Bir sosyal medya kullan\u0131c\u0131s\u0131n\u0131n \u201cK\u0131l\u0131\u00e7daro\u011flu\u2019na 10 g\u00fcnl\u00fck Dat\u00e7a tatili hediye edece\u011fim\u201d s\u00f6zleri \u00fczerine Dat\u00e7a Belediyesi kullan\u0131c\u0131ya \u201cMaalesef doluyuz\u201d yan\u0131t\u0131 verdi.\u00a0 \u200bHaberin Al\u0131nt\u0131land\u0131\u011f\u0131 Kaynak: www.antalyakorfez.com<\/p>","protected":false},"author":5,"featured_media":0,"comment_status":"","ping_status":"open","sticky":false,"template":"","format":"standard","meta":{"_acf_changed":false,"footnotes":""},"categories":[24],"tags":[],"class_list":["post-128108","post","type-post","status-publish","format-standard","has-post-thumbnail","hentry","category-gundem"],"acf":[],"yoast_head":"<!-- This site is optimized with the Yoast SEO Premium plugin v26.6 (Yoast SEO v27.1.1) - https:\/\/yoast.com\/product\/yoast-seo-premium-wordpress\/ -->\n<title>CHP\u2019li Dat\u00e7a Belediyesi, K\u0131l\u0131\u00e7daro\u011flu&#039;na yer vermedi - Av. Deniz Can K\u0131z\u0131l<\/title>\n<meta name=\"robots\" content=\"index, follow, max-snippet:-1, max-image-preview:large, max-video-preview:-1\" \/>\n<link rel=\"canonical\" href=\"https:\/\/denizcankizil.tr\/ru\/haberler\/gundem\/chpli-datca-belediyesi-kilicdarogluna-yer-vermedi\/\" \/>\n<meta property=\"og:locale\" content=\"ru_RU\" \/>\n<meta property=\"og:type\" content=\"article\" \/>\n<meta property=\"og:title\" content=\"CHP\u2019li Dat\u00e7a Belediyesi, K\u0131l\u0131\u00e7daro\u011flu&#039;na yer vermedi\" \/>\n<meta property=\"og:description\" content=\"CHP y\u00f6netimindeki Dat\u00e7a Belediyesi, sosyal medya \u00fczerinden vatanda\u015flara verdi\u011fi mesajlarla g\u00fcndem yaratmaya devam ediyor. CHP&#8217;nin 38. Ola\u011fan Kurultay\u0131&#8217;n\u0131n davas\u0131 devam ederken konuya ili\u015fkin bir sosyal medya kullan\u0131c\u0131s\u0131n\u0131n yapt\u0131\u011f\u0131 yorum dikkat \u00e7ekti. \u0130l\u00e7e belediyesinin o kullan\u0131c\u0131ya verdi\u011fi cevap hem \u015fa\u015f\u0131rtt\u0131 hem de tebess\u00fcm ettirdi. \u201cMAALESEF DOLUYUZ\u201d Sosyal medya kullan\u0131c\u0131, yapt\u0131\u011f\u0131 yorumda, \u201cK\u0131l\u0131\u00e7daro\u011flu bu sa\u00e7mal\u0131ktan vazge\u00e7erse kendisine \u015fort ve g\u00fcne\u015f kremi de dahil Dat\u00e7a\u2019da 10 g\u00fcnl\u00fck yar\u0131m pansiyon tatil hediye edece\u011fim\u201d dedi. Dat\u00e7a Belediyesi ise yap\u0131lan yoruma, \u201cMaalesef doluyuz\u201d s\u00f6zleriyle kar\u015f\u0131l\u0131k verdi. \u200bCHP\u2019li Dat\u00e7a Belediyesi\u2019nin sosyal medya \u00fczerinden bir kullan\u0131c\u0131ya yapt\u0131\u011f\u0131 yorum dikkat \u00e7ekti. Bir sosyal medya kullan\u0131c\u0131s\u0131n\u0131n \u201cK\u0131l\u0131\u00e7daro\u011flu\u2019na 10 g\u00fcnl\u00fck Dat\u00e7a tatili hediye edece\u011fim\u201d s\u00f6zleri \u00fczerine Dat\u00e7a Belediyesi kullan\u0131c\u0131ya \u201cMaalesef doluyuz\u201d yan\u0131t\u0131 verdi.\u00a0 \u200bHaberin Al\u0131nt\u0131land\u0131\u011f\u0131 Kaynak: www.antalyakorfez.com\" \/>\n<meta property=\"og:url\" content=\"https:\/\/denizcankizil.tr\/ru\/haberler\/gundem\/chpli-datca-belediyesi-kilicdarogluna-yer-vermedi\/\" \/>\n<meta property=\"og:site_name\" content=\"Av. Deniz Can K\u0131z\u0131l\" \/>\n<meta property=\"article:published_time\" content=\"2025-06-27T08:41:19+00:00\" \/>\n<meta name=\"author\" content=\"Antalya K\u00f6rfez\" \/>\n<meta name=\"twitter:card\" content=\"summary_large_image\" \/>\n<meta name=\"twitter:label1\" content=\"\u041d\u0430\u043f\u0438\u0441\u0430\u043d\u043e \u0430\u0432\u0442\u043e\u0440\u043e\u043c\" \/>\n\t<meta name=\"twitter:data1\" content=\"Antalya K\u00f6rfez\" \/>\n\t<meta name=\"twitter:label2\" content=\"\u041f\u0440\u0438\u043c\u0435\u0440\u043d\u043e\u0435 \u0432\u0440\u0435\u043c\u044f \u0434\u043b\u044f \u0447\u0442\u0435\u043d\u0438\u044f\" \/>\n\t<meta name=\"twitter:data2\" content=\"1 \u043c\u0438\u043d\u0443\u0442\u0430\" \/>\n<script type=\"application\/ld+json\" class=\"yoast-schema-graph\">{\"@context\":\"https:\/\/schema.org\",\"@graph\":[{\"@type\":\"Article\",\"@id\":\"https:\/\/denizcankizil.tr\/ru\/haberler\/gundem\/chpli-datca-belediyesi-kilicdarogluna-yer-vermedi\/#article\",\"isPartOf\":{\"@id\":\"https:\/\/denizcankizil.tr\/ru\/haberler\/gundem\/chpli-datca-belediyesi-kilicdarogluna-yer-vermedi\/\"},\"author\":{\"name\":\"Antalya K\u00f6rfez\",\"@id\":\"https:\/\/denizcankizil.tr\/#\/schema\/person\/e1eb71bb4dd684d46563f0af307e1234\"},\"headline\":\"CHP\u2019li Dat\u00e7a Belediyesi, K\u0131l\u0131\u00e7daro\u011flu&#8217;na yer vermedi\",\"datePublished\":\"2025-06-27T08:41:19+00:00\",\"mainEntityOfPage\":{\"@id\":\"https:\/\/denizcankizil.tr\/ru\/haberler\/gundem\/chpli-datca-belediyesi-kilicdarogluna-yer-vermedi\/\"},\"wordCount\":190,\"publisher\":{\"@id\":\"https:\/\/denizcankizil.tr\/#organization\"},\"articleSection\":[\"G\u00fcndem\"],\"inLanguage\":\"ru-RU\"},{\"@type\":\"WebPage\",\"@id\":\"https:\/\/denizcankizil.tr\/ru\/haberler\/gundem\/chpli-datca-belediyesi-kilicdarogluna-yer-vermedi\/\",\"url\":\"https:\/\/denizcankizil.tr\/ru\/haberler\/gundem\/chpli-datca-belediyesi-kilicdarogluna-yer-vermedi\/\",\"name\":\"CHP\u2019li Dat\u00e7a Belediyesi, K\u0131l\u0131\u00e7daro\u011flu'na yer vermedi - Av. Deniz Can K\u0131z\u0131l\",\"isPartOf\":{\"@id\":\"https:\/\/denizcankizil.tr\/#website\"},\"datePublished\":\"2025-06-27T08:41:19+00:00\",\"breadcrumb\":{\"@id\":\"https:\/\/denizcankizil.tr\/ru\/haberler\/gundem\/chpli-datca-belediyesi-kilicdarogluna-yer-vermedi\/#breadcrumb\"},\"inLanguage\":\"ru-RU\",\"potentialAction\":[{\"@type\":\"ReadAction\",\"target\":[\"https:\/\/denizcankizil.tr\/ru\/haberler\/gundem\/chpli-datca-belediyesi-kilicdarogluna-yer-vermedi\/\"]}]},{\"@type\":\"BreadcrumbList\",\"@id\":\"https:\/\/denizcankizil.tr\/ru\/haberler\/gundem\/chpli-datca-belediyesi-kilicdarogluna-yer-vermedi\/#breadcrumb\",\"itemListElement\":[{\"@type\":\"ListItem\",\"position\":1,\"name\":\"Home\",\"item\":\"https:\/\/denizcankizil.tr\/uk\/\"},{\"@type\":\"ListItem\",\"position\":2,\"name\":\"CHP\u2019li Dat\u00e7a Belediyesi, K\u0131l\u0131\u00e7daro\u011flu&#8217;na yer vermedi\"}]},{\"@type\":\"WebSite\",\"@id\":\"https:\/\/denizcankizil.tr\/#website\",\"url\":\"https:\/\/denizcankizil.tr\/\",\"name\":\"Av. Deniz Can K\u0131z\u0131l\",\"description\":\"Avukat Deniz Can K\u0131z\u0131l Antalya Barosu\",\"publisher\":{\"@id\":\"https:\/\/denizcankizil.tr\/#organization\"},\"potentialAction\":[{\"@type\":\"SearchAction\",\"target\":{\"@type\":\"EntryPoint\",\"urlTemplate\":\"https:\/\/denizcankizil.tr\/?s={search_term_string}\"},\"query-input\":{\"@type\":\"PropertyValueSpecification\",\"valueRequired\":true,\"valueName\":\"search_term_string\"}}],\"inLanguage\":\"ru-RU\"},{\"@type\":\"Organization\",\"@id\":\"https:\/\/denizcankizil.tr\/#organization\",\"name\":\"Av. Deniz Can K\u0131z\u0131l\",\"url\":\"https:\/\/denizcankizil.tr\/\",\"logo\":{\"@type\":\"ImageObject\",\"inLanguage\":\"ru-RU\",\"@id\":\"https:\/\/denizcankizil.tr\/#\/schema\/logo\/image\/\",\"url\":\"https:\/\/denizcankizil.tr\/wp-content\/uploads\/2024\/10\/siyah-logo-svg.svg\",\"contentUrl\":\"https:\/\/denizcankizil.tr\/wp-content\/uploads\/2024\/10\/siyah-logo-svg.svg\",\"width\":1080,\"height\":1080,\"caption\":\"Av. Deniz Can K\u0131z\u0131l\"},\"image\":{\"@id\":\"https:\/\/denizcankizil.tr\/#\/schema\/logo\/image\/\"}},{\"@type\":\"Person\",\"@id\":\"https:\/\/denizcankizil.tr\/#\/schema\/person\/e1eb71bb4dd684d46563f0af307e1234\",\"name\":\"Antalya K\u00f6rfez\",\"image\":{\"@type\":\"ImageObject\",\"inLanguage\":\"ru-RU\",\"@id\":\"https:\/\/denizcankizil.tr\/#\/schema\/person\/image\/\",\"url\":\"https:\/\/secure.gravatar.com\/avatar\/42b01982558a48a0b501fdcab6a408d3717ea5919095ee2e67b0e521799c5905?s=96&d=mm&r=g\",\"contentUrl\":\"https:\/\/secure.gravatar.com\/avatar\/42b01982558a48a0b501fdcab6a408d3717ea5919095ee2e67b0e521799c5905?s=96&d=mm&r=g\",\"caption\":\"Antalya K\u00f6rfez\"},\"sameAs\":[\"http:\/\/www.antalyakorfez.com\"],\"url\":\"https:\/\/www.antalyakorfez.com\/chpli-datca-belediyesi-kilicdarogluna-yer-vermedi\"}]}<\/script>\n<!-- \/ Yoast SEO Premium plugin. -->","yoast_head_json":{"title":"CHP\u2019li Dat\u00e7a Belediyesi, K\u0131l\u0131\u00e7daro\u011flu'na yer vermedi - Av. Deniz Can K\u0131z\u0131l","robots":{"index":"index","follow":"follow","max-snippet":"max-snippet:-1","max-image-preview":"max-image-preview:large","max-video-preview":"max-video-preview:-1"},"canonical":"https:\/\/denizcankizil.tr\/ru\/haberler\/gundem\/chpli-datca-belediyesi-kilicdarogluna-yer-vermedi\/","og_locale":"ru_RU","og_type":"article","og_title":"CHP\u2019li Dat\u00e7a Belediyesi, K\u0131l\u0131\u00e7daro\u011flu'na yer vermedi","og_description":"CHP y\u00f6netimindeki Dat\u00e7a Belediyesi, sosyal medya \u00fczerinden vatanda\u015flara verdi\u011fi mesajlarla g\u00fcndem yaratmaya devam ediyor. CHP&#8217;nin 38. Ola\u011fan Kurultay\u0131&#8217;n\u0131n davas\u0131 devam ederken konuya ili\u015fkin bir sosyal medya kullan\u0131c\u0131s\u0131n\u0131n yapt\u0131\u011f\u0131 yorum dikkat \u00e7ekti. \u0130l\u00e7e belediyesinin o kullan\u0131c\u0131ya verdi\u011fi cevap hem \u015fa\u015f\u0131rtt\u0131 hem de tebess\u00fcm ettirdi. \u201cMAALESEF DOLUYUZ\u201d Sosyal medya kullan\u0131c\u0131, yapt\u0131\u011f\u0131 yorumda, \u201cK\u0131l\u0131\u00e7daro\u011flu bu sa\u00e7mal\u0131ktan vazge\u00e7erse kendisine \u015fort ve g\u00fcne\u015f kremi de dahil Dat\u00e7a\u2019da 10 g\u00fcnl\u00fck yar\u0131m pansiyon tatil hediye edece\u011fim\u201d dedi. Dat\u00e7a Belediyesi ise yap\u0131lan yoruma, \u201cMaalesef doluyuz\u201d s\u00f6zleriyle kar\u015f\u0131l\u0131k verdi. \u200bCHP\u2019li Dat\u00e7a Belediyesi\u2019nin sosyal medya \u00fczerinden bir kullan\u0131c\u0131ya yapt\u0131\u011f\u0131 yorum dikkat \u00e7ekti. Bir sosyal medya kullan\u0131c\u0131s\u0131n\u0131n \u201cK\u0131l\u0131\u00e7daro\u011flu\u2019na 10 g\u00fcnl\u00fck Dat\u00e7a tatili hediye edece\u011fim\u201d s\u00f6zleri \u00fczerine Dat\u00e7a Belediyesi kullan\u0131c\u0131ya \u201cMaalesef doluyuz\u201d yan\u0131t\u0131 verdi.\u00a0 \u200bHaberin Al\u0131nt\u0131land\u0131\u011f\u0131 Kaynak: www.antalyakorfez.com","og_url":"https:\/\/denizcankizil.tr\/ru\/haberler\/gundem\/chpli-datca-belediyesi-kilicdarogluna-yer-vermedi\/","og_site_name":"Av. Deniz Can K\u0131z\u0131l","article_published_time":"2025-06-27T08:41:19+00:00","author":"Antalya K\u00f6rfez","twitter_card":"summary_large_image","twitter_misc":{"\u041d\u0430\u043f\u0438\u0441\u0430\u043d\u043e \u0430\u0432\u0442\u043e\u0440\u043e\u043c":"Antalya K\u00f6rfez","\u041f\u0440\u0438\u043c\u0435\u0440\u043d\u043e\u0435 \u0432\u0440\u0435\u043c\u044f \u0434\u043b\u044f \u0447\u0442\u0435\u043d\u0438\u044f":"1 \u043c\u0438\u043d\u0443\u0442\u0430"},"schema":{"@context":"https:\/\/schema.org","@graph":[{"@type":"Article","@id":"https:\/\/denizcankizil.tr\/ru\/haberler\/gundem\/chpli-datca-belediyesi-kilicdarogluna-yer-vermedi\/#article","isPartOf":{"@id":"https:\/\/denizcankizil.tr\/ru\/haberler\/gundem\/chpli-datca-belediyesi-kilicdarogluna-yer-vermedi\/"},"author":{"name":"Antalya K\u00f6rfez","@id":"https:\/\/denizcankizil.tr\/#\/schema\/person\/e1eb71bb4dd684d46563f0af307e1234"},"headline":"CHP\u2019li Dat\u00e7a Belediyesi, K\u0131l\u0131\u00e7daro\u011flu&#8217;na yer vermedi","datePublished":"2025-06-27T08:41:19+00:00","mainEntityOfPage":{"@id":"https:\/\/denizcankizil.tr\/ru\/haberler\/gundem\/chpli-datca-belediyesi-kilicdarogluna-yer-vermedi\/"},"wordCount":190,"publisher":{"@id":"https:\/\/denizcankizil.tr\/#organization"},"articleSection":["G\u00fcndem"],"inLanguage":"ru-RU"},{"@type":"WebPage","@id":"https:\/\/denizcankizil.tr\/ru\/haberler\/gundem\/chpli-datca-belediyesi-kilicdarogluna-yer-vermedi\/","url":"https:\/\/denizcankizil.tr\/ru\/haberler\/gundem\/chpli-datca-belediyesi-kilicdarogluna-yer-vermedi\/","name":"CHP\u2019li Dat\u00e7a Belediyesi, K\u0131l\u0131\u00e7daro\u011flu'na yer vermedi - Av. Deniz Can K\u0131z\u0131l","isPartOf":{"@id":"https:\/\/denizcankizil.tr\/#website"},"datePublished":"2025-06-27T08:41:19+00:00","breadcrumb":{"@id":"https:\/\/denizcankizil.tr\/ru\/haberler\/gundem\/chpli-datca-belediyesi-kilicdarogluna-yer-vermedi\/#breadcrumb"},"inLanguage":"ru-RU","potentialAction":[{"@type":"ReadAction","target":["https:\/\/denizcankizil.tr\/ru\/haberler\/gundem\/chpli-datca-belediyesi-kilicdarogluna-yer-vermedi\/"]}]},{"@type":"BreadcrumbList","@id":"https:\/\/denizcankizil.tr\/ru\/haberler\/gundem\/chpli-datca-belediyesi-kilicdarogluna-yer-vermedi\/#breadcrumb","itemListElement":[{"@type":"ListItem","position":1,"name":"Home","item":"https:\/\/denizcankizil.tr\/uk\/"},{"@type":"ListItem","position":2,"name":"CHP\u2019li Dat\u00e7a Belediyesi, K\u0131l\u0131\u00e7daro\u011flu&#8217;na yer vermedi"}]},{"@type":"WebSite","@id":"https:\/\/denizcankizil.tr\/#website","url":"https:\/\/denizcankizil.tr\/","name":"Av. Deniz Can K\u0131z\u0131l","description":"Avukat Deniz Can K\u0131z\u0131l Antalya Barosu","publisher":{"@id":"https:\/\/denizcankizil.tr\/#organization"},"potentialAction":[{"@type":"SearchAction","target":{"@type":"EntryPoint","urlTemplate":"https:\/\/denizcankizil.tr\/?s={search_term_string}"},"query-input":{"@type":"PropertyValueSpecification","valueRequired":true,"valueName":"search_term_string"}}],"inLanguage":"ru-RU"},{"@type":"Organization","@id":"https:\/\/denizcankizil.tr\/#organization","name":"Av. Deniz Can K\u0131z\u0131l","url":"https:\/\/denizcankizil.tr\/","logo":{"@type":"ImageObject","inLanguage":"ru-RU","@id":"https:\/\/denizcankizil.tr\/#\/schema\/logo\/image\/","url":"https:\/\/denizcankizil.tr\/wp-content\/uploads\/2024\/10\/siyah-logo-svg.svg","contentUrl":"https:\/\/denizcankizil.tr\/wp-content\/uploads\/2024\/10\/siyah-logo-svg.svg","width":1080,"height":1080,"caption":"Av. Deniz Can K\u0131z\u0131l"},"image":{"@id":"https:\/\/denizcankizil.tr\/#\/schema\/logo\/image\/"}},{"@type":"Person","@id":"https:\/\/denizcankizil.tr\/#\/schema\/person\/e1eb71bb4dd684d46563f0af307e1234","name":"Antalya K\u00f6rfez","image":{"@type":"ImageObject","inLanguage":"ru-RU","@id":"https:\/\/denizcankizil.tr\/#\/schema\/person\/image\/","url":"https:\/\/secure.gravatar.com\/avatar\/42b01982558a48a0b501fdcab6a408d3717ea5919095ee2e67b0e521799c5905?s=96&d=mm&r=g","contentUrl":"https:\/\/secure.gravatar.com\/avatar\/42b01982558a48a0b501fdcab6a408d3717ea5919095ee2e67b0e521799c5905?s=96&d=mm&r=g","caption":"Antalya K\u00f6rfez"},"sameAs":["http:\/\/www.antalyakorfez.com"],"url":"https:\/\/www.antalyakorfez.com\/chpli-datca-belediyesi-kilicdarogluna-yer-vermedi"}]}},"_links":{"self":[{"href":"https:\/\/denizcankizil.tr\/ru\/wp-json\/wp\/v2\/posts\/128108","targetHints":{"allow":["GET"]}}],"collection":[{"href":"https:\/\/denizcankizil.tr\/ru\/wp-json\/wp\/v2\/posts"}],"about":[{"href":"https:\/\/denizcankizil.tr\/ru\/wp-json\/wp\/v2\/types\/post"}],"author":[{"embeddable":true,"href":"https:\/\/denizcankizil.tr\/ru\/wp-json\/wp\/v2\/users\/5"}],"replies":[{"embeddable":true,"href":"https:\/\/denizcankizil.tr\/ru\/wp-json\/wp\/v2\/comments?post=128108"}],"version-history":[{"count":0,"href":"https:\/\/denizcankizil.tr\/ru\/wp-json\/wp\/v2\/posts\/128108\/revisions"}],"wp:attachment":[{"href":"https:\/\/denizcankizil.tr\/ru\/wp-json\/wp\/v2\/media?parent=128108"}],"wp:term":[{"taxonomy":"category","embeddable":true,"href":"https:\/\/denizcankizil.tr\/ru\/wp-json\/wp\/v2\/categories?post=128108"},{"taxonomy":"post_tag","embeddable":true,"href":"https:\/\/denizcankizil.tr\/ru\/wp-json\/wp\/v2\/tags?post=128108"}],"curies":[{"name":"wp","href":"https:\/\/api.w.org\/{rel}","templated":true}]}}