{"id":127522,"date":"2025-06-26T22:41:15","date_gmt":"2025-06-26T19:41:15","guid":{"rendered":"https:\/\/denizcankizil.tr\/uncategorized-tr\/ak-parti-il-baskani-ali-cetinden-chpli-belediyelere-sert-elestiri\/"},"modified":"2025-06-26T22:41:15","modified_gmt":"2025-06-26T19:41:15","slug":"ak-parti-il-baskani-ali-cetinden-chpli-belediyelere-sert-elestiri","status":"publish","type":"post","link":"https:\/\/denizcankizil.tr\/ru\/haberler\/gundem\/ak-parti-il-baskani-ali-cetinden-chpli-belediyelere-sert-elestiri\/","title":{"rendered":"AK Parti \u0130l Ba\u015fkan\u0131 Ali \u00c7etin&#8217;den CHP&#8217;li belediyelere sert ele\u015ftiri!"},"content":{"rendered":"<p>AK Parti Antalya \u0130l Ba\u015fkan\u0131 Ali \u00c7etin, d\u00fczenlenen toplant\u0131da yapt\u0131\u011f\u0131 a\u00e7\u0131klamada, Cumhuriyet Halk Partisi (CHP) y\u00f6netimindeki Antalya B\u00fcy\u00fck\u015fehir Belediyesi ile il\u00e7e belediyelerini sert s\u00f6zlerle ele\u015ftirdi. 31 Mart 2024 se\u00e7imlerinin ard\u0131ndan Antalya&#8217;daki 19 il\u00e7enin 16&#8217;s\u0131n\u0131n CHP&#8217;ye ge\u00e7ti\u011fini hat\u0131rlatan \u00c7etin, hizmet eksikli\u011fi \u00fczerinden muhalefete y\u00fcklendi.<\/p>\n<p>&#8220;6 YILDIR H\u0130ZMET YOK&#8221;<\/p>\n<p>CHP&#8217;nin 6 y\u0131ld\u0131r y\u00f6netti\u011fi Antalya B\u00fcy\u00fck\u015fehir Belediyesi&#8217;nin temel hizmetleri dahi yerine getiremedi\u011fini savunan Ali \u00c7etin, &#8220;6 y\u0131l ge\u00e7mi\u015f, hala sinekle ha\u015feratla m\u00fccadeleyi yapamayan bir B\u00fcy\u00fck\u015fehir Belediyesi var. \u00c7ocuklar\u0131n y\u00fcz\u00fc, kolu, baca\u011f\u0131 sinek \u0131s\u0131r\u0131klar\u0131yla dolu. Yaz\u0131k bu memlekete&#8221; dedi.<\/p>\n<p>&#8220;VATANDA\u015e KEND\u0130 YOLUNU KEND\u0130 YAPIYOR&#8221; <\/p>\n<p>\u00d6zellikle Serik il\u00e7esinden \u00f6rnek veren \u00c7etin, baz\u0131 mahalle yollar\u0131n\u0131n vatanda\u015flar taraf\u0131ndan kendi imkanlar\u0131yla onar\u0131ld\u0131\u011f\u0131n\u0131 belirterek, &#8220;Serik&#8217;in mahallelerinde vatanda\u015flar\u0131m\u0131z, yollar\u0131n yamalar\u0131n\u0131 trakt\u00f6rle, el arabas\u0131yla, kendi k\u00fcrekleriyle dolduruyorsa bu il\u00e7eye de bu ile de yaz\u0131k&#8221; diye konu\u015ftu.<\/p>\n<p>&#8220;YARINA HAZIRLANIYORUZ&#8221;<\/p>\n<p>A\u00e7\u0131klamas\u0131n\u0131n sonunda partililere seslenen \u00c7etin, &#8220;\u0130n\u015fallah yar\u0131nlar\u0131n \u00fcmit kap\u0131s\u0131 olan bu partide, eksiklerimizi g\u00f6zden ge\u00e7irerek 2027, 2028 ve 2029&#8217;a haz\u0131rlan\u0131yoruz&#8221; ifadelerini kulland\u0131.<\/p>\n<p>\u200bAK Parti Antalya \u0130l Ba\u015fkan\u0131 Ali \u00c7etin, 31 Mart se\u00e7imlerinin ard\u0131ndan \u00e7o\u011funlu\u011fu CHP&#8217;ye ge\u00e7en belediyeleri ele\u015ftirdi. \u00c7etin, &#8220;6 y\u0131l ge\u00e7mi\u015f, hala sinekle m\u00fccadele yok, yollar halk\u0131n k\u00fcre\u011fiyle dolduruluyor. Yaz\u0131k bu memlekete&#8221; dedi.\u00a0<\/p>\n<p>\u200bHaberin Al\u0131nt\u0131land\u0131\u011f\u0131 Kaynak: www.antalyakorfez.com<\/p>","protected":false},"excerpt":{"rendered":"<p>AK Parti Antalya \u0130l Ba\u015fkan\u0131 Ali \u00c7etin, d\u00fczenlenen toplant\u0131da yapt\u0131\u011f\u0131 a\u00e7\u0131klamada, Cumhuriyet Halk Partisi (CHP) y\u00f6netimindeki Antalya B\u00fcy\u00fck\u015fehir Belediyesi ile il\u00e7e belediyelerini sert s\u00f6zlerle ele\u015ftirdi. 31 Mart 2024 se\u00e7imlerinin ard\u0131ndan Antalya&#8217;daki 19 il\u00e7enin 16&#8217;s\u0131n\u0131n CHP&#8217;ye ge\u00e7ti\u011fini hat\u0131rlatan \u00c7etin, hizmet eksikli\u011fi \u00fczerinden muhalefete y\u00fcklendi. &#8220;6 YILDIR H\u0130ZMET YOK&#8221; CHP&#8217;nin 6 y\u0131ld\u0131r y\u00f6netti\u011fi Antalya B\u00fcy\u00fck\u015fehir Belediyesi&#8217;nin temel hizmetleri dahi yerine getiremedi\u011fini savunan Ali \u00c7etin, &#8220;6 y\u0131l ge\u00e7mi\u015f, hala sinekle ha\u015feratla m\u00fccadeleyi yapamayan bir B\u00fcy\u00fck\u015fehir Belediyesi var. \u00c7ocuklar\u0131n y\u00fcz\u00fc, kolu, baca\u011f\u0131 sinek \u0131s\u0131r\u0131klar\u0131yla dolu. Yaz\u0131k bu memlekete&#8221; dedi. &#8220;VATANDA\u015e KEND\u0130 YOLUNU KEND\u0130 YAPIYOR&#8221; \u00d6zellikle Serik il\u00e7esinden \u00f6rnek veren \u00c7etin, baz\u0131 mahalle yollar\u0131n\u0131n vatanda\u015flar taraf\u0131ndan kendi imkanlar\u0131yla onar\u0131ld\u0131\u011f\u0131n\u0131 belirterek, &#8220;Serik&#8217;in mahallelerinde vatanda\u015flar\u0131m\u0131z, yollar\u0131n yamalar\u0131n\u0131 trakt\u00f6rle, el arabas\u0131yla, kendi k\u00fcrekleriyle dolduruyorsa bu il\u00e7eye de bu ile de yaz\u0131k&#8221; diye konu\u015ftu. &#8220;YARINA HAZIRLANIYORUZ&#8221; A\u00e7\u0131klamas\u0131n\u0131n sonunda partililere seslenen \u00c7etin, &#8220;\u0130n\u015fallah yar\u0131nlar\u0131n \u00fcmit kap\u0131s\u0131 olan bu partide, eksiklerimizi g\u00f6zden ge\u00e7irerek 2027, 2028 ve 2029&#8217;a haz\u0131rlan\u0131yoruz&#8221; ifadelerini kulland\u0131. \u200bAK Parti Antalya \u0130l Ba\u015fkan\u0131 Ali \u00c7etin, 31 Mart se\u00e7imlerinin ard\u0131ndan \u00e7o\u011funlu\u011fu CHP&#8217;ye ge\u00e7en belediyeleri ele\u015ftirdi. \u00c7etin, &#8220;6 y\u0131l ge\u00e7mi\u015f, hala sinekle m\u00fccadele yok, yollar halk\u0131n k\u00fcre\u011fiyle dolduruluyor. Yaz\u0131k bu memlekete&#8221; dedi.\u00a0 \u200bHaberin Al\u0131nt\u0131land\u0131\u011f\u0131 Kaynak: www.antalyakorfez.com<\/p>","protected":false},"author":5,"featured_media":0,"comment_status":"","ping_status":"open","sticky":false,"template":"","format":"standard","meta":{"_acf_changed":false,"footnotes":""},"categories":[24],"tags":[],"class_list":["post-127522","post","type-post","status-publish","format-standard","has-post-thumbnail","hentry","category-gundem"],"acf":[],"yoast_head":"<!-- This site is optimized with the Yoast SEO Premium plugin v26.6 (Yoast SEO v27.1.1) - https:\/\/yoast.com\/product\/yoast-seo-premium-wordpress\/ -->\n<title>AK Parti \u0130l Ba\u015fkan\u0131 Ali \u00c7etin&#039;den CHP&#039;li belediyelere sert ele\u015ftiri! - Av. Deniz Can K\u0131z\u0131l<\/title>\n<meta name=\"robots\" content=\"index, follow, max-snippet:-1, max-image-preview:large, max-video-preview:-1\" \/>\n<link rel=\"canonical\" href=\"https:\/\/denizcankizil.tr\/ru\/haberler\/gundem\/ak-parti-il-baskani-ali-cetinden-chpli-belediyelere-sert-elestiri\/\" \/>\n<meta property=\"og:locale\" content=\"ru_RU\" \/>\n<meta property=\"og:type\" content=\"article\" \/>\n<meta property=\"og:title\" content=\"AK Parti \u0130l Ba\u015fkan\u0131 Ali \u00c7etin&#039;den CHP&#039;li belediyelere sert ele\u015ftiri!\" \/>\n<meta property=\"og:description\" content=\"AK Parti Antalya \u0130l Ba\u015fkan\u0131 Ali \u00c7etin, d\u00fczenlenen toplant\u0131da yapt\u0131\u011f\u0131 a\u00e7\u0131klamada, Cumhuriyet Halk Partisi (CHP) y\u00f6netimindeki Antalya B\u00fcy\u00fck\u015fehir Belediyesi ile il\u00e7e belediyelerini sert s\u00f6zlerle ele\u015ftirdi. 31 Mart 2024 se\u00e7imlerinin ard\u0131ndan Antalya&#8217;daki 19 il\u00e7enin 16&#8217;s\u0131n\u0131n CHP&#8217;ye ge\u00e7ti\u011fini hat\u0131rlatan \u00c7etin, hizmet eksikli\u011fi \u00fczerinden muhalefete y\u00fcklendi. &#8220;6 YILDIR H\u0130ZMET YOK&#8221; CHP&#8217;nin 6 y\u0131ld\u0131r y\u00f6netti\u011fi Antalya B\u00fcy\u00fck\u015fehir Belediyesi&#8217;nin temel hizmetleri dahi yerine getiremedi\u011fini savunan Ali \u00c7etin, &#8220;6 y\u0131l ge\u00e7mi\u015f, hala sinekle ha\u015feratla m\u00fccadeleyi yapamayan bir B\u00fcy\u00fck\u015fehir Belediyesi var. \u00c7ocuklar\u0131n y\u00fcz\u00fc, kolu, baca\u011f\u0131 sinek \u0131s\u0131r\u0131klar\u0131yla dolu. Yaz\u0131k bu memlekete&#8221; dedi. &#8220;VATANDA\u015e KEND\u0130 YOLUNU KEND\u0130 YAPIYOR&#8221; \u00d6zellikle Serik il\u00e7esinden \u00f6rnek veren \u00c7etin, baz\u0131 mahalle yollar\u0131n\u0131n vatanda\u015flar taraf\u0131ndan kendi imkanlar\u0131yla onar\u0131ld\u0131\u011f\u0131n\u0131 belirterek, &#8220;Serik&#8217;in mahallelerinde vatanda\u015flar\u0131m\u0131z, yollar\u0131n yamalar\u0131n\u0131 trakt\u00f6rle, el arabas\u0131yla, kendi k\u00fcrekleriyle dolduruyorsa bu il\u00e7eye de bu ile de yaz\u0131k&#8221; diye konu\u015ftu. &#8220;YARINA HAZIRLANIYORUZ&#8221; A\u00e7\u0131klamas\u0131n\u0131n sonunda partililere seslenen \u00c7etin, &#8220;\u0130n\u015fallah yar\u0131nlar\u0131n \u00fcmit kap\u0131s\u0131 olan bu partide, eksiklerimizi g\u00f6zden ge\u00e7irerek 2027, 2028 ve 2029&#8217;a haz\u0131rlan\u0131yoruz&#8221; ifadelerini kulland\u0131. \u200bAK Parti Antalya \u0130l Ba\u015fkan\u0131 Ali \u00c7etin, 31 Mart se\u00e7imlerinin ard\u0131ndan \u00e7o\u011funlu\u011fu CHP&#8217;ye ge\u00e7en belediyeleri ele\u015ftirdi. \u00c7etin, &#8220;6 y\u0131l ge\u00e7mi\u015f, hala sinekle m\u00fccadele yok, yollar halk\u0131n k\u00fcre\u011fiyle dolduruluyor. Yaz\u0131k bu memlekete&#8221; dedi.\u00a0 \u200bHaberin Al\u0131nt\u0131land\u0131\u011f\u0131 Kaynak: www.antalyakorfez.com\" \/>\n<meta property=\"og:url\" content=\"https:\/\/denizcankizil.tr\/ru\/haberler\/gundem\/ak-parti-il-baskani-ali-cetinden-chpli-belediyelere-sert-elestiri\/\" \/>\n<meta property=\"og:site_name\" content=\"Av. Deniz Can K\u0131z\u0131l\" \/>\n<meta property=\"article:published_time\" content=\"2025-06-26T19:41:15+00:00\" \/>\n<meta name=\"author\" content=\"Antalya K\u00f6rfez\" \/>\n<meta name=\"twitter:card\" content=\"summary_large_image\" \/>\n<meta name=\"twitter:label1\" content=\"\u041d\u0430\u043f\u0438\u0441\u0430\u043d\u043e \u0430\u0432\u0442\u043e\u0440\u043e\u043c\" \/>\n\t<meta name=\"twitter:data1\" content=\"Antalya K\u00f6rfez\" \/>\n\t<meta name=\"twitter:label2\" content=\"\u041f\u0440\u0438\u043c\u0435\u0440\u043d\u043e\u0435 \u0432\u0440\u0435\u043c\u044f \u0434\u043b\u044f \u0447\u0442\u0435\u043d\u0438\u044f\" \/>\n\t<meta name=\"twitter:data2\" content=\"1 \u043c\u0438\u043d\u0443\u0442\u0430\" \/>\n<script type=\"application\/ld+json\" class=\"yoast-schema-graph\">{\"@context\":\"https:\/\/schema.org\",\"@graph\":[{\"@type\":\"Article\",\"@id\":\"https:\/\/denizcankizil.tr\/ru\/haberler\/gundem\/ak-parti-il-baskani-ali-cetinden-chpli-belediyelere-sert-elestiri\/#article\",\"isPartOf\":{\"@id\":\"https:\/\/denizcankizil.tr\/ru\/haberler\/gundem\/ak-parti-il-baskani-ali-cetinden-chpli-belediyelere-sert-elestiri\/\"},\"author\":{\"name\":\"Antalya K\u00f6rfez\",\"@id\":\"https:\/\/denizcankizil.tr\/#\/schema\/person\/e1eb71bb4dd684d46563f0af307e1234\"},\"headline\":\"AK Parti \u0130l Ba\u015fkan\u0131 Ali \u00c7etin&#8217;den CHP&#8217;li belediyelere sert ele\u015ftiri!\",\"datePublished\":\"2025-06-26T19:41:15+00:00\",\"mainEntityOfPage\":{\"@id\":\"https:\/\/denizcankizil.tr\/ru\/haberler\/gundem\/ak-parti-il-baskani-ali-cetinden-chpli-belediyelere-sert-elestiri\/\"},\"wordCount\":286,\"publisher\":{\"@id\":\"https:\/\/denizcankizil.tr\/#organization\"},\"articleSection\":[\"G\u00fcndem\"],\"inLanguage\":\"ru-RU\"},{\"@type\":\"WebPage\",\"@id\":\"https:\/\/denizcankizil.tr\/ru\/haberler\/gundem\/ak-parti-il-baskani-ali-cetinden-chpli-belediyelere-sert-elestiri\/\",\"url\":\"https:\/\/denizcankizil.tr\/ru\/haberler\/gundem\/ak-parti-il-baskani-ali-cetinden-chpli-belediyelere-sert-elestiri\/\",\"name\":\"AK Parti \u0130l Ba\u015fkan\u0131 Ali \u00c7etin'den CHP'li belediyelere sert ele\u015ftiri! - Av. Deniz Can K\u0131z\u0131l\",\"isPartOf\":{\"@id\":\"https:\/\/denizcankizil.tr\/#website\"},\"datePublished\":\"2025-06-26T19:41:15+00:00\",\"breadcrumb\":{\"@id\":\"https:\/\/denizcankizil.tr\/ru\/haberler\/gundem\/ak-parti-il-baskani-ali-cetinden-chpli-belediyelere-sert-elestiri\/#breadcrumb\"},\"inLanguage\":\"ru-RU\",\"potentialAction\":[{\"@type\":\"ReadAction\",\"target\":[\"https:\/\/denizcankizil.tr\/ru\/haberler\/gundem\/ak-parti-il-baskani-ali-cetinden-chpli-belediyelere-sert-elestiri\/\"]}]},{\"@type\":\"BreadcrumbList\",\"@id\":\"https:\/\/denizcankizil.tr\/ru\/haberler\/gundem\/ak-parti-il-baskani-ali-cetinden-chpli-belediyelere-sert-elestiri\/#breadcrumb\",\"itemListElement\":[{\"@type\":\"ListItem\",\"position\":1,\"name\":\"Home\",\"item\":\"https:\/\/denizcankizil.tr\/de\/\"},{\"@type\":\"ListItem\",\"position\":2,\"name\":\"AK Parti \u0130l Ba\u015fkan\u0131 Ali \u00c7etin&#8217;den CHP&#8217;li belediyelere sert ele\u015ftiri!\"}]},{\"@type\":\"WebSite\",\"@id\":\"https:\/\/denizcankizil.tr\/#website\",\"url\":\"https:\/\/denizcankizil.tr\/\",\"name\":\"Av. Deniz Can K\u0131z\u0131l\",\"description\":\"Avukat Deniz Can K\u0131z\u0131l Antalya Barosu\",\"publisher\":{\"@id\":\"https:\/\/denizcankizil.tr\/#organization\"},\"potentialAction\":[{\"@type\":\"SearchAction\",\"target\":{\"@type\":\"EntryPoint\",\"urlTemplate\":\"https:\/\/denizcankizil.tr\/?s={search_term_string}\"},\"query-input\":{\"@type\":\"PropertyValueSpecification\",\"valueRequired\":true,\"valueName\":\"search_term_string\"}}],\"inLanguage\":\"ru-RU\"},{\"@type\":\"Organization\",\"@id\":\"https:\/\/denizcankizil.tr\/#organization\",\"name\":\"Av. Deniz Can K\u0131z\u0131l\",\"url\":\"https:\/\/denizcankizil.tr\/\",\"logo\":{\"@type\":\"ImageObject\",\"inLanguage\":\"ru-RU\",\"@id\":\"https:\/\/denizcankizil.tr\/#\/schema\/logo\/image\/\",\"url\":\"https:\/\/denizcankizil.tr\/wp-content\/uploads\/2024\/10\/siyah-logo-svg.svg\",\"contentUrl\":\"https:\/\/denizcankizil.tr\/wp-content\/uploads\/2024\/10\/siyah-logo-svg.svg\",\"width\":1080,\"height\":1080,\"caption\":\"Av. Deniz Can K\u0131z\u0131l\"},\"image\":{\"@id\":\"https:\/\/denizcankizil.tr\/#\/schema\/logo\/image\/\"}},{\"@type\":\"Person\",\"@id\":\"https:\/\/denizcankizil.tr\/#\/schema\/person\/e1eb71bb4dd684d46563f0af307e1234\",\"name\":\"Antalya K\u00f6rfez\",\"image\":{\"@type\":\"ImageObject\",\"inLanguage\":\"ru-RU\",\"@id\":\"https:\/\/denizcankizil.tr\/#\/schema\/person\/image\/\",\"url\":\"https:\/\/secure.gravatar.com\/avatar\/42b01982558a48a0b501fdcab6a408d3717ea5919095ee2e67b0e521799c5905?s=96&d=mm&r=g\",\"contentUrl\":\"https:\/\/secure.gravatar.com\/avatar\/42b01982558a48a0b501fdcab6a408d3717ea5919095ee2e67b0e521799c5905?s=96&d=mm&r=g\",\"caption\":\"Antalya K\u00f6rfez\"},\"sameAs\":[\"http:\/\/www.antalyakorfez.com\"],\"url\":\"https:\/\/www.antalyakorfez.com\/ak-parti-il-baskani-ali-cetinden-chpli-belediyelere-sert-elestiri\"}]}<\/script>\n<!-- \/ Yoast SEO Premium plugin. -->","yoast_head_json":{"title":"AK Parti \u0130l Ba\u015fkan\u0131 Ali \u00c7etin'den CHP'li belediyelere sert ele\u015ftiri! - Av. Deniz Can K\u0131z\u0131l","robots":{"index":"index","follow":"follow","max-snippet":"max-snippet:-1","max-image-preview":"max-image-preview:large","max-video-preview":"max-video-preview:-1"},"canonical":"https:\/\/denizcankizil.tr\/ru\/haberler\/gundem\/ak-parti-il-baskani-ali-cetinden-chpli-belediyelere-sert-elestiri\/","og_locale":"ru_RU","og_type":"article","og_title":"AK Parti \u0130l Ba\u015fkan\u0131 Ali \u00c7etin'den CHP'li belediyelere sert ele\u015ftiri!","og_description":"AK Parti Antalya \u0130l Ba\u015fkan\u0131 Ali \u00c7etin, d\u00fczenlenen toplant\u0131da yapt\u0131\u011f\u0131 a\u00e7\u0131klamada, Cumhuriyet Halk Partisi (CHP) y\u00f6netimindeki Antalya B\u00fcy\u00fck\u015fehir Belediyesi ile il\u00e7e belediyelerini sert s\u00f6zlerle ele\u015ftirdi. 31 Mart 2024 se\u00e7imlerinin ard\u0131ndan Antalya&#8217;daki 19 il\u00e7enin 16&#8217;s\u0131n\u0131n CHP&#8217;ye ge\u00e7ti\u011fini hat\u0131rlatan \u00c7etin, hizmet eksikli\u011fi \u00fczerinden muhalefete y\u00fcklendi. &#8220;6 YILDIR H\u0130ZMET YOK&#8221; CHP&#8217;nin 6 y\u0131ld\u0131r y\u00f6netti\u011fi Antalya B\u00fcy\u00fck\u015fehir Belediyesi&#8217;nin temel hizmetleri dahi yerine getiremedi\u011fini savunan Ali \u00c7etin, &#8220;6 y\u0131l ge\u00e7mi\u015f, hala sinekle ha\u015feratla m\u00fccadeleyi yapamayan bir B\u00fcy\u00fck\u015fehir Belediyesi var. \u00c7ocuklar\u0131n y\u00fcz\u00fc, kolu, baca\u011f\u0131 sinek \u0131s\u0131r\u0131klar\u0131yla dolu. Yaz\u0131k bu memlekete&#8221; dedi. &#8220;VATANDA\u015e KEND\u0130 YOLUNU KEND\u0130 YAPIYOR&#8221; \u00d6zellikle Serik il\u00e7esinden \u00f6rnek veren \u00c7etin, baz\u0131 mahalle yollar\u0131n\u0131n vatanda\u015flar taraf\u0131ndan kendi imkanlar\u0131yla onar\u0131ld\u0131\u011f\u0131n\u0131 belirterek, &#8220;Serik&#8217;in mahallelerinde vatanda\u015flar\u0131m\u0131z, yollar\u0131n yamalar\u0131n\u0131 trakt\u00f6rle, el arabas\u0131yla, kendi k\u00fcrekleriyle dolduruyorsa bu il\u00e7eye de bu ile de yaz\u0131k&#8221; diye konu\u015ftu. &#8220;YARINA HAZIRLANIYORUZ&#8221; A\u00e7\u0131klamas\u0131n\u0131n sonunda partililere seslenen \u00c7etin, &#8220;\u0130n\u015fallah yar\u0131nlar\u0131n \u00fcmit kap\u0131s\u0131 olan bu partide, eksiklerimizi g\u00f6zden ge\u00e7irerek 2027, 2028 ve 2029&#8217;a haz\u0131rlan\u0131yoruz&#8221; ifadelerini kulland\u0131. \u200bAK Parti Antalya \u0130l Ba\u015fkan\u0131 Ali \u00c7etin, 31 Mart se\u00e7imlerinin ard\u0131ndan \u00e7o\u011funlu\u011fu CHP&#8217;ye ge\u00e7en belediyeleri ele\u015ftirdi. \u00c7etin, &#8220;6 y\u0131l ge\u00e7mi\u015f, hala sinekle m\u00fccadele yok, yollar halk\u0131n k\u00fcre\u011fiyle dolduruluyor. Yaz\u0131k bu memlekete&#8221; dedi.\u00a0 \u200bHaberin Al\u0131nt\u0131land\u0131\u011f\u0131 Kaynak: www.antalyakorfez.com","og_url":"https:\/\/denizcankizil.tr\/ru\/haberler\/gundem\/ak-parti-il-baskani-ali-cetinden-chpli-belediyelere-sert-elestiri\/","og_site_name":"Av. Deniz Can K\u0131z\u0131l","article_published_time":"2025-06-26T19:41:15+00:00","author":"Antalya K\u00f6rfez","twitter_card":"summary_large_image","twitter_misc":{"\u041d\u0430\u043f\u0438\u0441\u0430\u043d\u043e \u0430\u0432\u0442\u043e\u0440\u043e\u043c":"Antalya K\u00f6rfez","\u041f\u0440\u0438\u043c\u0435\u0440\u043d\u043e\u0435 \u0432\u0440\u0435\u043c\u044f \u0434\u043b\u044f \u0447\u0442\u0435\u043d\u0438\u044f":"1 \u043c\u0438\u043d\u0443\u0442\u0430"},"schema":{"@context":"https:\/\/schema.org","@graph":[{"@type":"Article","@id":"https:\/\/denizcankizil.tr\/ru\/haberler\/gundem\/ak-parti-il-baskani-ali-cetinden-chpli-belediyelere-sert-elestiri\/#article","isPartOf":{"@id":"https:\/\/denizcankizil.tr\/ru\/haberler\/gundem\/ak-parti-il-baskani-ali-cetinden-chpli-belediyelere-sert-elestiri\/"},"author":{"name":"Antalya K\u00f6rfez","@id":"https:\/\/denizcankizil.tr\/#\/schema\/person\/e1eb71bb4dd684d46563f0af307e1234"},"headline":"AK Parti \u0130l Ba\u015fkan\u0131 Ali \u00c7etin&#8217;den CHP&#8217;li belediyelere sert ele\u015ftiri!","datePublished":"2025-06-26T19:41:15+00:00","mainEntityOfPage":{"@id":"https:\/\/denizcankizil.tr\/ru\/haberler\/gundem\/ak-parti-il-baskani-ali-cetinden-chpli-belediyelere-sert-elestiri\/"},"wordCount":286,"publisher":{"@id":"https:\/\/denizcankizil.tr\/#organization"},"articleSection":["G\u00fcndem"],"inLanguage":"ru-RU"},{"@type":"WebPage","@id":"https:\/\/denizcankizil.tr\/ru\/haberler\/gundem\/ak-parti-il-baskani-ali-cetinden-chpli-belediyelere-sert-elestiri\/","url":"https:\/\/denizcankizil.tr\/ru\/haberler\/gundem\/ak-parti-il-baskani-ali-cetinden-chpli-belediyelere-sert-elestiri\/","name":"AK Parti \u0130l Ba\u015fkan\u0131 Ali \u00c7etin'den CHP'li belediyelere sert ele\u015ftiri! - Av. Deniz Can K\u0131z\u0131l","isPartOf":{"@id":"https:\/\/denizcankizil.tr\/#website"},"datePublished":"2025-06-26T19:41:15+00:00","breadcrumb":{"@id":"https:\/\/denizcankizil.tr\/ru\/haberler\/gundem\/ak-parti-il-baskani-ali-cetinden-chpli-belediyelere-sert-elestiri\/#breadcrumb"},"inLanguage":"ru-RU","potentialAction":[{"@type":"ReadAction","target":["https:\/\/denizcankizil.tr\/ru\/haberler\/gundem\/ak-parti-il-baskani-ali-cetinden-chpli-belediyelere-sert-elestiri\/"]}]},{"@type":"BreadcrumbList","@id":"https:\/\/denizcankizil.tr\/ru\/haberler\/gundem\/ak-parti-il-baskani-ali-cetinden-chpli-belediyelere-sert-elestiri\/#breadcrumb","itemListElement":[{"@type":"ListItem","position":1,"name":"Home","item":"https:\/\/denizcankizil.tr\/de\/"},{"@type":"ListItem","position":2,"name":"AK Parti \u0130l Ba\u015fkan\u0131 Ali \u00c7etin&#8217;den CHP&#8217;li belediyelere sert ele\u015ftiri!"}]},{"@type":"WebSite","@id":"https:\/\/denizcankizil.tr\/#website","url":"https:\/\/denizcankizil.tr\/","name":"Av. Deniz Can K\u0131z\u0131l","description":"Avukat Deniz Can K\u0131z\u0131l Antalya Barosu","publisher":{"@id":"https:\/\/denizcankizil.tr\/#organization"},"potentialAction":[{"@type":"SearchAction","target":{"@type":"EntryPoint","urlTemplate":"https:\/\/denizcankizil.tr\/?s={search_term_string}"},"query-input":{"@type":"PropertyValueSpecification","valueRequired":true,"valueName":"search_term_string"}}],"inLanguage":"ru-RU"},{"@type":"Organization","@id":"https:\/\/denizcankizil.tr\/#organization","name":"Av. Deniz Can K\u0131z\u0131l","url":"https:\/\/denizcankizil.tr\/","logo":{"@type":"ImageObject","inLanguage":"ru-RU","@id":"https:\/\/denizcankizil.tr\/#\/schema\/logo\/image\/","url":"https:\/\/denizcankizil.tr\/wp-content\/uploads\/2024\/10\/siyah-logo-svg.svg","contentUrl":"https:\/\/denizcankizil.tr\/wp-content\/uploads\/2024\/10\/siyah-logo-svg.svg","width":1080,"height":1080,"caption":"Av. Deniz Can K\u0131z\u0131l"},"image":{"@id":"https:\/\/denizcankizil.tr\/#\/schema\/logo\/image\/"}},{"@type":"Person","@id":"https:\/\/denizcankizil.tr\/#\/schema\/person\/e1eb71bb4dd684d46563f0af307e1234","name":"Antalya K\u00f6rfez","image":{"@type":"ImageObject","inLanguage":"ru-RU","@id":"https:\/\/denizcankizil.tr\/#\/schema\/person\/image\/","url":"https:\/\/secure.gravatar.com\/avatar\/42b01982558a48a0b501fdcab6a408d3717ea5919095ee2e67b0e521799c5905?s=96&d=mm&r=g","contentUrl":"https:\/\/secure.gravatar.com\/avatar\/42b01982558a48a0b501fdcab6a408d3717ea5919095ee2e67b0e521799c5905?s=96&d=mm&r=g","caption":"Antalya K\u00f6rfez"},"sameAs":["http:\/\/www.antalyakorfez.com"],"url":"https:\/\/www.antalyakorfez.com\/ak-parti-il-baskani-ali-cetinden-chpli-belediyelere-sert-elestiri"}]}},"_links":{"self":[{"href":"https:\/\/denizcankizil.tr\/ru\/wp-json\/wp\/v2\/posts\/127522","targetHints":{"allow":["GET"]}}],"collection":[{"href":"https:\/\/denizcankizil.tr\/ru\/wp-json\/wp\/v2\/posts"}],"about":[{"href":"https:\/\/denizcankizil.tr\/ru\/wp-json\/wp\/v2\/types\/post"}],"author":[{"embeddable":true,"href":"https:\/\/denizcankizil.tr\/ru\/wp-json\/wp\/v2\/users\/5"}],"replies":[{"embeddable":true,"href":"https:\/\/denizcankizil.tr\/ru\/wp-json\/wp\/v2\/comments?post=127522"}],"version-history":[{"count":0,"href":"https:\/\/denizcankizil.tr\/ru\/wp-json\/wp\/v2\/posts\/127522\/revisions"}],"wp:attachment":[{"href":"https:\/\/denizcankizil.tr\/ru\/wp-json\/wp\/v2\/media?parent=127522"}],"wp:term":[{"taxonomy":"category","embeddable":true,"href":"https:\/\/denizcankizil.tr\/ru\/wp-json\/wp\/v2\/categories?post=127522"},{"taxonomy":"post_tag","embeddable":true,"href":"https:\/\/denizcankizil.tr\/ru\/wp-json\/wp\/v2\/tags?post=127522"}],"curies":[{"name":"wp","href":"https:\/\/api.w.org\/{rel}","templated":true}]}}