{"id":127481,"date":"2025-06-26T21:41:16","date_gmt":"2025-06-26T18:41:16","guid":{"rendered":"https:\/\/denizcankizil.tr\/uncategorized-tr\/alanyada-barlar-sokagi-icin-ortak-cozum-arayisi\/"},"modified":"2025-06-26T21:41:16","modified_gmt":"2025-06-26T18:41:16","slug":"alanyada-barlar-sokagi-icin-ortak-cozum-arayisi","status":"publish","type":"post","link":"https:\/\/denizcankizil.tr\/ru\/haberler\/gundem\/alanyada-barlar-sokagi-icin-ortak-cozum-arayisi\/","title":{"rendered":"Alanya&#8217;da Barlar Soka\u011f\u0131 i\u00e7in ortak \u00e7\u00f6z\u00fcm aray\u0131\u015f\u0131"},"content":{"rendered":"<p>Alanya Kaymakam\u0131 \u015eakir \u00d6ner \u00d6zt\u00fcrk&#8217;\u00fcn ba\u015fkanl\u0131\u011f\u0131nda, Barlar Soka\u011f\u0131&#8217;nda ya\u015fanan olumsuzluklar nedeniyle sekt\u00f6r temsilcileriyle \u00f6nemli bir toplant\u0131 ger\u00e7ekle\u015ftirdi. Alanya Ticaret ve Sanayi Odas\u0131 (ALTSO) Konferans Salonu&#8217;nda yap\u0131lan toplant\u0131ya, e\u011flence sekt\u00f6r\u00fc i\u015fletmecileri kat\u0131ld\u0131.<\/p>\n<p>BARLAR SOKA\u011eI&#8217;NIN G\u00dcVENL\u0130\u011e\u0130 MASAYA YATIRILDI <\/p>\n<p>Toplant\u0131da, son d\u00f6nemde kamuoyuna ve sosyal medyaya yans\u0131yan g\u00f6r\u00fcnt\u00fcler \u00fczerine harekete ge\u00e7en yetkililer, Barlar Soka\u011f\u0131&#8217;n\u0131n daha g\u00fcvenli, huzurlu ve temiz bir sosyal ya\u015fam alan\u0131na d\u00f6n\u00fc\u015ft\u00fcr\u00fclmesi i\u00e7in at\u0131labilecek ad\u0131mlar\u0131 masaya yat\u0131rd\u0131.<\/p>\n<p>&#8220;KAMU KURUM VE KURULU\u015eLARIMIZLA \u0130\u015e B\u0130RL\u0130\u011e\u0130 \u0130\u00c7\u0130NDEY\u0130Z&#8221;<\/p>\n<p>Alanya Belediye Ba\u015fkan\u0131 Osman Tar\u0131k \u00d6z\u00e7elik yapt\u0131\u011f\u0131 a\u00e7\u0131klamada, &#8220;Alanya&#8217;m\u0131z\u0131n huzurunu korumak ve hem vatanda\u015flar\u0131m\u0131z hem de misafirlerimiz i\u00e7in kaliteli bir sosyal ya\u015fam alan\u0131 olu\u015fturmak amac\u0131yla t\u00fcm kamu kurum ve kurulu\u015flar\u0131yla i\u015f birli\u011fi i\u00e7inde \u00e7al\u0131\u015fmalar\u0131m\u0131z\u0131 s\u00fcrd\u00fcr\u00fcyoruz&#8221; ifadelerini kulland\u0131.<\/p>\n<p>Yetkililer, e\u011flence sekt\u00f6r\u00fcn\u00fcn kent ekonomisindeki yerini korurken ayn\u0131 zamanda kamu d\u00fczenini sa\u011flayacak \u00f6nlemlerin titizlikle hayata ge\u00e7irilece\u011fini vurgulad\u0131.<\/p>\n<p>\u200bKaymakam \u015eakir \u00d6zt\u00fcrk ve Alanya Belediye Ba\u015fkan\u0131 Osman Tar\u0131k \u00d6z\u00e7elik, Barlar Soka\u011f\u0131&#8217;ndaki i\u015fletme sahipleriyle bir araya gelerek kamuoyuna yans\u0131yan olumsuzluklara kar\u015f\u0131 \u00e7\u00f6z\u00fcm arad\u0131. Toplant\u0131da, b\u00f6lgenin huzur ve g\u00fcvenli\u011fi i\u00e7in i\u015f birli\u011fi vurgusu yap\u0131ld\u0131.\u00a0<\/p>\n<p>\u200bHaberin Al\u0131nt\u0131land\u0131\u011f\u0131 Kaynak: www.antalyakorfez.com<\/p>","protected":false},"excerpt":{"rendered":"<p>Alanya Kaymakam\u0131 \u015eakir \u00d6ner \u00d6zt\u00fcrk&#8217;\u00fcn ba\u015fkanl\u0131\u011f\u0131nda, Barlar Soka\u011f\u0131&#8217;nda ya\u015fanan olumsuzluklar nedeniyle sekt\u00f6r temsilcileriyle \u00f6nemli bir toplant\u0131 ger\u00e7ekle\u015ftirdi. Alanya Ticaret ve Sanayi Odas\u0131 (ALTSO) Konferans Salonu&#8217;nda yap\u0131lan toplant\u0131ya, e\u011flence sekt\u00f6r\u00fc i\u015fletmecileri kat\u0131ld\u0131. BARLAR SOKA\u011eI&#8217;NIN G\u00dcVENL\u0130\u011e\u0130 MASAYA YATIRILDI Toplant\u0131da, son d\u00f6nemde kamuoyuna ve sosyal medyaya yans\u0131yan g\u00f6r\u00fcnt\u00fcler \u00fczerine harekete ge\u00e7en yetkililer, Barlar Soka\u011f\u0131&#8217;n\u0131n daha g\u00fcvenli, huzurlu ve temiz bir sosyal ya\u015fam alan\u0131na d\u00f6n\u00fc\u015ft\u00fcr\u00fclmesi i\u00e7in at\u0131labilecek ad\u0131mlar\u0131 masaya yat\u0131rd\u0131. &#8220;KAMU KURUM VE KURULU\u015eLARIMIZLA \u0130\u015e B\u0130RL\u0130\u011e\u0130 \u0130\u00c7\u0130NDEY\u0130Z&#8221; Alanya Belediye Ba\u015fkan\u0131 Osman Tar\u0131k \u00d6z\u00e7elik yapt\u0131\u011f\u0131 a\u00e7\u0131klamada, &#8220;Alanya&#8217;m\u0131z\u0131n huzurunu korumak ve hem vatanda\u015flar\u0131m\u0131z hem de misafirlerimiz i\u00e7in kaliteli bir sosyal ya\u015fam alan\u0131 olu\u015fturmak amac\u0131yla t\u00fcm kamu kurum ve kurulu\u015flar\u0131yla i\u015f birli\u011fi i\u00e7inde \u00e7al\u0131\u015fmalar\u0131m\u0131z\u0131 s\u00fcrd\u00fcr\u00fcyoruz&#8221; ifadelerini kulland\u0131. Yetkililer, e\u011flence sekt\u00f6r\u00fcn\u00fcn kent ekonomisindeki yerini korurken ayn\u0131 zamanda kamu d\u00fczenini sa\u011flayacak \u00f6nlemlerin titizlikle hayata ge\u00e7irilece\u011fini vurgulad\u0131. \u200bKaymakam \u015eakir \u00d6zt\u00fcrk ve Alanya Belediye Ba\u015fkan\u0131 Osman Tar\u0131k \u00d6z\u00e7elik, Barlar Soka\u011f\u0131&#8217;ndaki i\u015fletme sahipleriyle bir araya gelerek kamuoyuna yans\u0131yan olumsuzluklara kar\u015f\u0131 \u00e7\u00f6z\u00fcm arad\u0131. Toplant\u0131da, b\u00f6lgenin huzur ve g\u00fcvenli\u011fi i\u00e7in i\u015f birli\u011fi vurgusu yap\u0131ld\u0131.\u00a0 \u200bHaberin Al\u0131nt\u0131land\u0131\u011f\u0131 Kaynak: www.antalyakorfez.com<\/p>","protected":false},"author":5,"featured_media":0,"comment_status":"","ping_status":"open","sticky":false,"template":"","format":"standard","meta":{"_acf_changed":false,"footnotes":""},"categories":[24],"tags":[],"class_list":["post-127481","post","type-post","status-publish","format-standard","has-post-thumbnail","hentry","category-gundem"],"acf":[],"yoast_head":"<!-- This site is optimized with the Yoast SEO Premium plugin v26.6 (Yoast SEO v27.1.1) - https:\/\/yoast.com\/product\/yoast-seo-premium-wordpress\/ -->\n<title>Alanya&#039;da Barlar Soka\u011f\u0131 i\u00e7in ortak \u00e7\u00f6z\u00fcm aray\u0131\u015f\u0131 - Av. Deniz Can K\u0131z\u0131l<\/title>\n<meta name=\"robots\" content=\"index, follow, max-snippet:-1, max-image-preview:large, max-video-preview:-1\" \/>\n<link rel=\"canonical\" href=\"https:\/\/denizcankizil.tr\/ru\/haberler\/gundem\/alanyada-barlar-sokagi-icin-ortak-cozum-arayisi\/\" \/>\n<meta property=\"og:locale\" content=\"ru_RU\" \/>\n<meta property=\"og:type\" content=\"article\" \/>\n<meta property=\"og:title\" content=\"Alanya&#039;da Barlar Soka\u011f\u0131 i\u00e7in ortak \u00e7\u00f6z\u00fcm aray\u0131\u015f\u0131\" \/>\n<meta property=\"og:description\" content=\"Alanya Kaymakam\u0131 \u015eakir \u00d6ner \u00d6zt\u00fcrk&#8217;\u00fcn ba\u015fkanl\u0131\u011f\u0131nda, Barlar Soka\u011f\u0131&#8217;nda ya\u015fanan olumsuzluklar nedeniyle sekt\u00f6r temsilcileriyle \u00f6nemli bir toplant\u0131 ger\u00e7ekle\u015ftirdi. Alanya Ticaret ve Sanayi Odas\u0131 (ALTSO) Konferans Salonu&#8217;nda yap\u0131lan toplant\u0131ya, e\u011flence sekt\u00f6r\u00fc i\u015fletmecileri kat\u0131ld\u0131. BARLAR SOKA\u011eI&#8217;NIN G\u00dcVENL\u0130\u011e\u0130 MASAYA YATIRILDI Toplant\u0131da, son d\u00f6nemde kamuoyuna ve sosyal medyaya yans\u0131yan g\u00f6r\u00fcnt\u00fcler \u00fczerine harekete ge\u00e7en yetkililer, Barlar Soka\u011f\u0131&#8217;n\u0131n daha g\u00fcvenli, huzurlu ve temiz bir sosyal ya\u015fam alan\u0131na d\u00f6n\u00fc\u015ft\u00fcr\u00fclmesi i\u00e7in at\u0131labilecek ad\u0131mlar\u0131 masaya yat\u0131rd\u0131. &#8220;KAMU KURUM VE KURULU\u015eLARIMIZLA \u0130\u015e B\u0130RL\u0130\u011e\u0130 \u0130\u00c7\u0130NDEY\u0130Z&#8221; Alanya Belediye Ba\u015fkan\u0131 Osman Tar\u0131k \u00d6z\u00e7elik yapt\u0131\u011f\u0131 a\u00e7\u0131klamada, &#8220;Alanya&#8217;m\u0131z\u0131n huzurunu korumak ve hem vatanda\u015flar\u0131m\u0131z hem de misafirlerimiz i\u00e7in kaliteli bir sosyal ya\u015fam alan\u0131 olu\u015fturmak amac\u0131yla t\u00fcm kamu kurum ve kurulu\u015flar\u0131yla i\u015f birli\u011fi i\u00e7inde \u00e7al\u0131\u015fmalar\u0131m\u0131z\u0131 s\u00fcrd\u00fcr\u00fcyoruz&#8221; ifadelerini kulland\u0131. Yetkililer, e\u011flence sekt\u00f6r\u00fcn\u00fcn kent ekonomisindeki yerini korurken ayn\u0131 zamanda kamu d\u00fczenini sa\u011flayacak \u00f6nlemlerin titizlikle hayata ge\u00e7irilece\u011fini vurgulad\u0131. \u200bKaymakam \u015eakir \u00d6zt\u00fcrk ve Alanya Belediye Ba\u015fkan\u0131 Osman Tar\u0131k \u00d6z\u00e7elik, Barlar Soka\u011f\u0131&#8217;ndaki i\u015fletme sahipleriyle bir araya gelerek kamuoyuna yans\u0131yan olumsuzluklara kar\u015f\u0131 \u00e7\u00f6z\u00fcm arad\u0131. Toplant\u0131da, b\u00f6lgenin huzur ve g\u00fcvenli\u011fi i\u00e7in i\u015f birli\u011fi vurgusu yap\u0131ld\u0131.\u00a0 \u200bHaberin Al\u0131nt\u0131land\u0131\u011f\u0131 Kaynak: www.antalyakorfez.com\" \/>\n<meta property=\"og:url\" content=\"https:\/\/denizcankizil.tr\/ru\/haberler\/gundem\/alanyada-barlar-sokagi-icin-ortak-cozum-arayisi\/\" \/>\n<meta property=\"og:site_name\" content=\"Av. Deniz Can K\u0131z\u0131l\" \/>\n<meta property=\"article:published_time\" content=\"2025-06-26T18:41:16+00:00\" \/>\n<meta name=\"author\" content=\"Antalya K\u00f6rfez\" \/>\n<meta name=\"twitter:card\" content=\"summary_large_image\" \/>\n<meta name=\"twitter:label1\" content=\"\u041d\u0430\u043f\u0438\u0441\u0430\u043d\u043e \u0430\u0432\u0442\u043e\u0440\u043e\u043c\" \/>\n\t<meta name=\"twitter:data1\" content=\"Antalya K\u00f6rfez\" \/>\n\t<meta name=\"twitter:label2\" content=\"\u041f\u0440\u0438\u043c\u0435\u0440\u043d\u043e\u0435 \u0432\u0440\u0435\u043c\u044f \u0434\u043b\u044f \u0447\u0442\u0435\u043d\u0438\u044f\" \/>\n\t<meta name=\"twitter:data2\" content=\"1 \u043c\u0438\u043d\u0443\u0442\u0430\" \/>\n<script type=\"application\/ld+json\" class=\"yoast-schema-graph\">{\"@context\":\"https:\/\/schema.org\",\"@graph\":[{\"@type\":\"Article\",\"@id\":\"https:\/\/denizcankizil.tr\/ru\/haberler\/gundem\/alanyada-barlar-sokagi-icin-ortak-cozum-arayisi\/#article\",\"isPartOf\":{\"@id\":\"https:\/\/denizcankizil.tr\/ru\/haberler\/gundem\/alanyada-barlar-sokagi-icin-ortak-cozum-arayisi\/\"},\"author\":{\"name\":\"Antalya K\u00f6rfez\",\"@id\":\"https:\/\/denizcankizil.tr\/de\/#\/schema\/person\/e1eb71bb4dd684d46563f0af307e1234\"},\"headline\":\"Alanya&#8217;da Barlar Soka\u011f\u0131 i\u00e7in ortak \u00e7\u00f6z\u00fcm aray\u0131\u015f\u0131\",\"datePublished\":\"2025-06-26T18:41:16+00:00\",\"mainEntityOfPage\":{\"@id\":\"https:\/\/denizcankizil.tr\/ru\/haberler\/gundem\/alanyada-barlar-sokagi-icin-ortak-cozum-arayisi\/\"},\"wordCount\":267,\"publisher\":{\"@id\":\"https:\/\/denizcankizil.tr\/de\/#organization\"},\"articleSection\":[\"G\u00fcndem\"],\"inLanguage\":\"ru-RU\"},{\"@type\":\"WebPage\",\"@id\":\"https:\/\/denizcankizil.tr\/ru\/haberler\/gundem\/alanyada-barlar-sokagi-icin-ortak-cozum-arayisi\/\",\"url\":\"https:\/\/denizcankizil.tr\/ru\/haberler\/gundem\/alanyada-barlar-sokagi-icin-ortak-cozum-arayisi\/\",\"name\":\"Alanya'da Barlar Soka\u011f\u0131 i\u00e7in ortak \u00e7\u00f6z\u00fcm aray\u0131\u015f\u0131 - Av. Deniz Can K\u0131z\u0131l\",\"isPartOf\":{\"@id\":\"https:\/\/denizcankizil.tr\/de\/#website\"},\"datePublished\":\"2025-06-26T18:41:16+00:00\",\"breadcrumb\":{\"@id\":\"https:\/\/denizcankizil.tr\/ru\/haberler\/gundem\/alanyada-barlar-sokagi-icin-ortak-cozum-arayisi\/#breadcrumb\"},\"inLanguage\":\"ru-RU\",\"potentialAction\":[{\"@type\":\"ReadAction\",\"target\":[\"https:\/\/denizcankizil.tr\/ru\/haberler\/gundem\/alanyada-barlar-sokagi-icin-ortak-cozum-arayisi\/\"]}]},{\"@type\":\"BreadcrumbList\",\"@id\":\"https:\/\/denizcankizil.tr\/ru\/haberler\/gundem\/alanyada-barlar-sokagi-icin-ortak-cozum-arayisi\/#breadcrumb\",\"itemListElement\":[{\"@type\":\"ListItem\",\"position\":1,\"name\":\"Home\",\"item\":\"https:\/\/denizcankizil.tr\/de\/\"},{\"@type\":\"ListItem\",\"position\":2,\"name\":\"Alanya&#8217;da Barlar Soka\u011f\u0131 i\u00e7in ortak \u00e7\u00f6z\u00fcm aray\u0131\u015f\u0131\"}]},{\"@type\":\"WebSite\",\"@id\":\"https:\/\/denizcankizil.tr\/de\/#website\",\"url\":\"https:\/\/denizcankizil.tr\/de\/\",\"name\":\"Av. Deniz Can K\u0131z\u0131l\",\"description\":\"Avukat Deniz Can K\u0131z\u0131l Antalya Barosu\",\"publisher\":{\"@id\":\"https:\/\/denizcankizil.tr\/de\/#organization\"},\"potentialAction\":[{\"@type\":\"SearchAction\",\"target\":{\"@type\":\"EntryPoint\",\"urlTemplate\":\"https:\/\/denizcankizil.tr\/de\/?s={search_term_string}\"},\"query-input\":{\"@type\":\"PropertyValueSpecification\",\"valueRequired\":true,\"valueName\":\"search_term_string\"}}],\"inLanguage\":\"ru-RU\"},{\"@type\":\"Organization\",\"@id\":\"https:\/\/denizcankizil.tr\/de\/#organization\",\"name\":\"Av. Deniz Can K\u0131z\u0131l\",\"url\":\"https:\/\/denizcankizil.tr\/de\/\",\"logo\":{\"@type\":\"ImageObject\",\"inLanguage\":\"ru-RU\",\"@id\":\"https:\/\/denizcankizil.tr\/de\/#\/schema\/logo\/image\/\",\"url\":\"https:\/\/denizcankizil.tr\/wp-content\/uploads\/2024\/10\/siyah-logo-svg.svg\",\"contentUrl\":\"https:\/\/denizcankizil.tr\/wp-content\/uploads\/2024\/10\/siyah-logo-svg.svg\",\"width\":1080,\"height\":1080,\"caption\":\"Av. Deniz Can K\u0131z\u0131l\"},\"image\":{\"@id\":\"https:\/\/denizcankizil.tr\/de\/#\/schema\/logo\/image\/\"}},{\"@type\":\"Person\",\"@id\":\"https:\/\/denizcankizil.tr\/de\/#\/schema\/person\/e1eb71bb4dd684d46563f0af307e1234\",\"name\":\"Antalya K\u00f6rfez\",\"image\":{\"@type\":\"ImageObject\",\"inLanguage\":\"ru-RU\",\"@id\":\"https:\/\/denizcankizil.tr\/de\/#\/schema\/person\/image\/\",\"url\":\"https:\/\/secure.gravatar.com\/avatar\/42b01982558a48a0b501fdcab6a408d3717ea5919095ee2e67b0e521799c5905?s=96&d=mm&r=g\",\"contentUrl\":\"https:\/\/secure.gravatar.com\/avatar\/42b01982558a48a0b501fdcab6a408d3717ea5919095ee2e67b0e521799c5905?s=96&d=mm&r=g\",\"caption\":\"Antalya K\u00f6rfez\"},\"sameAs\":[\"http:\/\/www.antalyakorfez.com\"],\"url\":\"https:\/\/www.antalyakorfez.com\/alanyada-barlar-sokagi-icin-ortak-cozum-arayisi\"}]}<\/script>\n<!-- \/ Yoast SEO Premium plugin. -->","yoast_head_json":{"title":"Alanya'da Barlar Soka\u011f\u0131 i\u00e7in ortak \u00e7\u00f6z\u00fcm aray\u0131\u015f\u0131 - Av. Deniz Can K\u0131z\u0131l","robots":{"index":"index","follow":"follow","max-snippet":"max-snippet:-1","max-image-preview":"max-image-preview:large","max-video-preview":"max-video-preview:-1"},"canonical":"https:\/\/denizcankizil.tr\/ru\/haberler\/gundem\/alanyada-barlar-sokagi-icin-ortak-cozum-arayisi\/","og_locale":"ru_RU","og_type":"article","og_title":"Alanya'da Barlar Soka\u011f\u0131 i\u00e7in ortak \u00e7\u00f6z\u00fcm aray\u0131\u015f\u0131","og_description":"Alanya Kaymakam\u0131 \u015eakir \u00d6ner \u00d6zt\u00fcrk&#8217;\u00fcn ba\u015fkanl\u0131\u011f\u0131nda, Barlar Soka\u011f\u0131&#8217;nda ya\u015fanan olumsuzluklar nedeniyle sekt\u00f6r temsilcileriyle \u00f6nemli bir toplant\u0131 ger\u00e7ekle\u015ftirdi. Alanya Ticaret ve Sanayi Odas\u0131 (ALTSO) Konferans Salonu&#8217;nda yap\u0131lan toplant\u0131ya, e\u011flence sekt\u00f6r\u00fc i\u015fletmecileri kat\u0131ld\u0131. BARLAR SOKA\u011eI&#8217;NIN G\u00dcVENL\u0130\u011e\u0130 MASAYA YATIRILDI Toplant\u0131da, son d\u00f6nemde kamuoyuna ve sosyal medyaya yans\u0131yan g\u00f6r\u00fcnt\u00fcler \u00fczerine harekete ge\u00e7en yetkililer, Barlar Soka\u011f\u0131&#8217;n\u0131n daha g\u00fcvenli, huzurlu ve temiz bir sosyal ya\u015fam alan\u0131na d\u00f6n\u00fc\u015ft\u00fcr\u00fclmesi i\u00e7in at\u0131labilecek ad\u0131mlar\u0131 masaya yat\u0131rd\u0131. &#8220;KAMU KURUM VE KURULU\u015eLARIMIZLA \u0130\u015e B\u0130RL\u0130\u011e\u0130 \u0130\u00c7\u0130NDEY\u0130Z&#8221; Alanya Belediye Ba\u015fkan\u0131 Osman Tar\u0131k \u00d6z\u00e7elik yapt\u0131\u011f\u0131 a\u00e7\u0131klamada, &#8220;Alanya&#8217;m\u0131z\u0131n huzurunu korumak ve hem vatanda\u015flar\u0131m\u0131z hem de misafirlerimiz i\u00e7in kaliteli bir sosyal ya\u015fam alan\u0131 olu\u015fturmak amac\u0131yla t\u00fcm kamu kurum ve kurulu\u015flar\u0131yla i\u015f birli\u011fi i\u00e7inde \u00e7al\u0131\u015fmalar\u0131m\u0131z\u0131 s\u00fcrd\u00fcr\u00fcyoruz&#8221; ifadelerini kulland\u0131. Yetkililer, e\u011flence sekt\u00f6r\u00fcn\u00fcn kent ekonomisindeki yerini korurken ayn\u0131 zamanda kamu d\u00fczenini sa\u011flayacak \u00f6nlemlerin titizlikle hayata ge\u00e7irilece\u011fini vurgulad\u0131. \u200bKaymakam \u015eakir \u00d6zt\u00fcrk ve Alanya Belediye Ba\u015fkan\u0131 Osman Tar\u0131k \u00d6z\u00e7elik, Barlar Soka\u011f\u0131&#8217;ndaki i\u015fletme sahipleriyle bir araya gelerek kamuoyuna yans\u0131yan olumsuzluklara kar\u015f\u0131 \u00e7\u00f6z\u00fcm arad\u0131. Toplant\u0131da, b\u00f6lgenin huzur ve g\u00fcvenli\u011fi i\u00e7in i\u015f birli\u011fi vurgusu yap\u0131ld\u0131.\u00a0 \u200bHaberin Al\u0131nt\u0131land\u0131\u011f\u0131 Kaynak: www.antalyakorfez.com","og_url":"https:\/\/denizcankizil.tr\/ru\/haberler\/gundem\/alanyada-barlar-sokagi-icin-ortak-cozum-arayisi\/","og_site_name":"Av. Deniz Can K\u0131z\u0131l","article_published_time":"2025-06-26T18:41:16+00:00","author":"Antalya K\u00f6rfez","twitter_card":"summary_large_image","twitter_misc":{"\u041d\u0430\u043f\u0438\u0441\u0430\u043d\u043e \u0430\u0432\u0442\u043e\u0440\u043e\u043c":"Antalya K\u00f6rfez","\u041f\u0440\u0438\u043c\u0435\u0440\u043d\u043e\u0435 \u0432\u0440\u0435\u043c\u044f \u0434\u043b\u044f \u0447\u0442\u0435\u043d\u0438\u044f":"1 \u043c\u0438\u043d\u0443\u0442\u0430"},"schema":{"@context":"https:\/\/schema.org","@graph":[{"@type":"Article","@id":"https:\/\/denizcankizil.tr\/ru\/haberler\/gundem\/alanyada-barlar-sokagi-icin-ortak-cozum-arayisi\/#article","isPartOf":{"@id":"https:\/\/denizcankizil.tr\/ru\/haberler\/gundem\/alanyada-barlar-sokagi-icin-ortak-cozum-arayisi\/"},"author":{"name":"Antalya K\u00f6rfez","@id":"https:\/\/denizcankizil.tr\/de\/#\/schema\/person\/e1eb71bb4dd684d46563f0af307e1234"},"headline":"Alanya&#8217;da Barlar Soka\u011f\u0131 i\u00e7in ortak \u00e7\u00f6z\u00fcm aray\u0131\u015f\u0131","datePublished":"2025-06-26T18:41:16+00:00","mainEntityOfPage":{"@id":"https:\/\/denizcankizil.tr\/ru\/haberler\/gundem\/alanyada-barlar-sokagi-icin-ortak-cozum-arayisi\/"},"wordCount":267,"publisher":{"@id":"https:\/\/denizcankizil.tr\/de\/#organization"},"articleSection":["G\u00fcndem"],"inLanguage":"ru-RU"},{"@type":"WebPage","@id":"https:\/\/denizcankizil.tr\/ru\/haberler\/gundem\/alanyada-barlar-sokagi-icin-ortak-cozum-arayisi\/","url":"https:\/\/denizcankizil.tr\/ru\/haberler\/gundem\/alanyada-barlar-sokagi-icin-ortak-cozum-arayisi\/","name":"Alanya'da Barlar Soka\u011f\u0131 i\u00e7in ortak \u00e7\u00f6z\u00fcm aray\u0131\u015f\u0131 - Av. Deniz Can K\u0131z\u0131l","isPartOf":{"@id":"https:\/\/denizcankizil.tr\/de\/#website"},"datePublished":"2025-06-26T18:41:16+00:00","breadcrumb":{"@id":"https:\/\/denizcankizil.tr\/ru\/haberler\/gundem\/alanyada-barlar-sokagi-icin-ortak-cozum-arayisi\/#breadcrumb"},"inLanguage":"ru-RU","potentialAction":[{"@type":"ReadAction","target":["https:\/\/denizcankizil.tr\/ru\/haberler\/gundem\/alanyada-barlar-sokagi-icin-ortak-cozum-arayisi\/"]}]},{"@type":"BreadcrumbList","@id":"https:\/\/denizcankizil.tr\/ru\/haberler\/gundem\/alanyada-barlar-sokagi-icin-ortak-cozum-arayisi\/#breadcrumb","itemListElement":[{"@type":"ListItem","position":1,"name":"Home","item":"https:\/\/denizcankizil.tr\/de\/"},{"@type":"ListItem","position":2,"name":"Alanya&#8217;da Barlar Soka\u011f\u0131 i\u00e7in ortak \u00e7\u00f6z\u00fcm aray\u0131\u015f\u0131"}]},{"@type":"WebSite","@id":"https:\/\/denizcankizil.tr\/de\/#website","url":"https:\/\/denizcankizil.tr\/de\/","name":"Av. Deniz Can K\u0131z\u0131l","description":"Avukat Deniz Can K\u0131z\u0131l Antalya Barosu","publisher":{"@id":"https:\/\/denizcankizil.tr\/de\/#organization"},"potentialAction":[{"@type":"SearchAction","target":{"@type":"EntryPoint","urlTemplate":"https:\/\/denizcankizil.tr\/de\/?s={search_term_string}"},"query-input":{"@type":"PropertyValueSpecification","valueRequired":true,"valueName":"search_term_string"}}],"inLanguage":"ru-RU"},{"@type":"Organization","@id":"https:\/\/denizcankizil.tr\/de\/#organization","name":"Av. Deniz Can K\u0131z\u0131l","url":"https:\/\/denizcankizil.tr\/de\/","logo":{"@type":"ImageObject","inLanguage":"ru-RU","@id":"https:\/\/denizcankizil.tr\/de\/#\/schema\/logo\/image\/","url":"https:\/\/denizcankizil.tr\/wp-content\/uploads\/2024\/10\/siyah-logo-svg.svg","contentUrl":"https:\/\/denizcankizil.tr\/wp-content\/uploads\/2024\/10\/siyah-logo-svg.svg","width":1080,"height":1080,"caption":"Av. Deniz Can K\u0131z\u0131l"},"image":{"@id":"https:\/\/denizcankizil.tr\/de\/#\/schema\/logo\/image\/"}},{"@type":"Person","@id":"https:\/\/denizcankizil.tr\/de\/#\/schema\/person\/e1eb71bb4dd684d46563f0af307e1234","name":"Antalya K\u00f6rfez","image":{"@type":"ImageObject","inLanguage":"ru-RU","@id":"https:\/\/denizcankizil.tr\/de\/#\/schema\/person\/image\/","url":"https:\/\/secure.gravatar.com\/avatar\/42b01982558a48a0b501fdcab6a408d3717ea5919095ee2e67b0e521799c5905?s=96&d=mm&r=g","contentUrl":"https:\/\/secure.gravatar.com\/avatar\/42b01982558a48a0b501fdcab6a408d3717ea5919095ee2e67b0e521799c5905?s=96&d=mm&r=g","caption":"Antalya K\u00f6rfez"},"sameAs":["http:\/\/www.antalyakorfez.com"],"url":"https:\/\/www.antalyakorfez.com\/alanyada-barlar-sokagi-icin-ortak-cozum-arayisi"}]}},"_links":{"self":[{"href":"https:\/\/denizcankizil.tr\/ru\/wp-json\/wp\/v2\/posts\/127481","targetHints":{"allow":["GET"]}}],"collection":[{"href":"https:\/\/denizcankizil.tr\/ru\/wp-json\/wp\/v2\/posts"}],"about":[{"href":"https:\/\/denizcankizil.tr\/ru\/wp-json\/wp\/v2\/types\/post"}],"author":[{"embeddable":true,"href":"https:\/\/denizcankizil.tr\/ru\/wp-json\/wp\/v2\/users\/5"}],"replies":[{"embeddable":true,"href":"https:\/\/denizcankizil.tr\/ru\/wp-json\/wp\/v2\/comments?post=127481"}],"version-history":[{"count":0,"href":"https:\/\/denizcankizil.tr\/ru\/wp-json\/wp\/v2\/posts\/127481\/revisions"}],"wp:attachment":[{"href":"https:\/\/denizcankizil.tr\/ru\/wp-json\/wp\/v2\/media?parent=127481"}],"wp:term":[{"taxonomy":"category","embeddable":true,"href":"https:\/\/denizcankizil.tr\/ru\/wp-json\/wp\/v2\/categories?post=127481"},{"taxonomy":"post_tag","embeddable":true,"href":"https:\/\/denizcankizil.tr\/ru\/wp-json\/wp\/v2\/tags?post=127481"}],"curies":[{"name":"wp","href":"https:\/\/api.w.org\/{rel}","templated":true}]}}