{"id":12577,"date":"2024-11-04T16:41:31","date_gmt":"2024-11-04T13:41:31","guid":{"rendered":"https:\/\/denizcankizil.tr\/uncategorized-tr\/bursa-inegolde-kasim-ayi-etkinlik-programi-belli-oldu\/"},"modified":"2024-11-04T16:41:31","modified_gmt":"2024-11-04T13:41:31","slug":"bursa-inegolde-kasim-ayi-etkinlik-programi-belli-oldu","status":"publish","type":"post","link":"https:\/\/denizcankizil.tr\/ru\/haberler\/gundem\/bursa-inegolde-kasim-ayi-etkinlik-programi-belli-oldu\/","title":{"rendered":"Bursa \u0130neg\u00f6l&#8217;de Kas\u0131m ay\u0131 etkinlik program\u0131 belli oldu"},"content":{"rendered":"<p>\u0130neg\u00f6l Belediyesi\u2019nin ge\u00e7ti\u011fimiz hafta \u201cKurtulu\u015fun Kad\u0131nlar\u0131\u201d yeti\u015fkin tiyatro g\u00f6sterisiyle a\u00e7\u0131l\u0131\u015f\u0131n\u0131 yapt\u0131\u011f\u0131 k\u00fclt\u00fcr sanat sezonunda Kas\u0131m ay\u0131 dolu dolu ge\u00e7ecek. Tiyatrolar, sergiler, seminerler ve konserlerden olu\u015fan 12 ayr\u0131 program \u0130neg\u00f6ll\u00fclerle bulu\u015facak.BURSA (\u0130GFA) &#8211; \u0130neg\u00f6l Belediyesi\u2019nde k\u0131\u015f sezonuyla beraber k\u00fclt\u00fcr sanat salon etkinliklerinin de start\u0131 verildi. 29 Ekim Cumhuriyet Bayram\u0131 etkinlikleri kapsam\u0131nda d\u00fczenlenen Kurtulu\u015fun Kad\u0131nlar\u0131 tiyatro g\u00f6sterisiyle a\u00e7\u0131l\u0131\u015f\u0131 yap\u0131lan k\u00fclt\u00fcr sanat sezonunda, Kas\u0131m ay\u0131 dolu dolu ge\u00e7ecek. K\u00fclt\u00fcr ve Sosyal \u0130\u015fler M\u00fcd\u00fcrl\u00fc\u011f\u00fc\u2019n\u00fcn payla\u015ft\u0131\u011f\u0131 Kas\u0131m program\u0131na g\u00f6re; tiyatrolar, sergiler, seminerler ve konserlerden olu\u015fan 12 ayr\u0131 program \u0130neg\u00f6ll\u00fclerle bulu\u015facak.<br \/>\nKASIM AYI PROGRAMI<br \/>\n06 Kas\u0131m \u00c7ar\u015famba ak\u015fam\u0131 \u0130neg\u00f6l Belediyesi \u015eehir Tiyatrosunun son oyunu \u201cEn B\u00fcy\u00fck Haber\u201d tiyatro g\u00f6sterisi 20.00\u2019da \u0130neg\u00f6l\u2019de k\u00fclt\u00fcr ve sanat\u0131n merkezi haline gelen Be\u015finci Mevsim K\u00fclt\u00fcr Sanat Merkezinde sahnelenecek. 09 Kas\u0131m Per\u015fembe g\u00fcn\u00fc Bursa Olgunla\u015fma Enstit\u00fcleri i\u015f birli\u011finde haz\u0131rlanan \u201cHayra A\u00e7\u0131lan Kap\u0131lar\u201d isimli Kap\u0131 Tokmaklar\u0131 Sergisi 14.00\u2019da \u0130neg\u00f6l Kent M\u00fczesi Serdar Rubac\u0131 Sergi Salonunda izlenime sunulacak. 08 Kas\u0131m Cuma ak\u015fam\u0131 20.30\u2019da Aile Hayat\u0131 \u0130yile\u015ftirme Derne\u011fi (AH\u0130D) i\u015f birli\u011finde d\u00fczenlenen Aile Okulu seminerleri kapsam\u0131nda Aile Ko\u00e7u M\u00fcnir Ar\u0131kan\u2019\u0131n \u201cAilede \u015eahsiyet E\u011fitimi\u201d semineri Sani Konuko\u011flu Konferans Salonunda ger\u00e7ekle\u015ftirilecek. 09 Kas\u0131m Cumartesi g\u00fcn\u00fc 14.00\u2019da Be\u015finci Mevsim KSM\u2019nde \u201cOyun Arkada\u015f\u0131m\u201d isimli \u00e7ocuk tiyatrosu 6-12 ya\u015f aras\u0131 \u00e7ocuklar i\u00e7in minik sanatseverlerle bulu\u015facak. 15 Kas\u0131m Cuma ak\u015fam\u0131 Aile Okulu programlar\u0131 kapsam\u0131nda Psiko-Hekim Abd\u00fclaziz Y\u0131lmaz\u2019\u0131n \u201c\u00d6rnek ve Rol Model Anne Baba Olmak\u201d semineri 20.30\u2019da Sani Konuko\u011flu Konferans Salonunda ger\u00e7ekle\u015ftirilecek. 16 Kas\u0131m Cumartesi g\u00fcn\u00fc 14.00\u2019da \u201cR\u00fcyan\u0131n R\u00fcyas\u0131\u201d \u00e7ocuk tiyatro g\u00f6sterisi Be\u015finci Mevsimde ger\u00e7ekle\u015ftirilecek. 22 Kas\u0131m Cuma ak\u015fam\u0131 Aile Okulu programlar\u0131 kapsam\u0131nda E\u011fitimci \u0130lahiyat\u00e7\u0131 Hasan Basri Balc\u0131\u2019n\u0131n \u201cHuzurlu Aile ve Fetih Nesli\u201d semineri 20.30\u2019da Sani Konuko\u011flu Konferans Salonunda ger\u00e7ekle\u015ftirilecek. 23 Kas\u0131m Cumartesi g\u00fcn\u00fc 14.00\u2019da \u201cKarag\u00f6z\u00fcn Di\u015fi\u201d g\u00f6lge oyunu \u00e7ocuklar i\u00e7in Be\u015finci Mevsim KSM\u2019nde sahnelenecek. 27 Kas\u0131m \u00c7ar\u015famba ak\u015fam\u0131 20.00\u2019da Be\u015finci Mevsim KSM\u2019nde \u0130neg\u00f6l Belediyesi T\u00fcrk Sanat M\u00fczi\u011fi Korosu konseri ger\u00e7ekle\u015ftirilecek. 29 Kas\u0131m Cuma ak\u015fam\u0131 20.00\u2019da Be\u015finci Mevsim KSM\u2019nde \u0130neg\u00f6l Belediyesi \u015eehir Tiyatrosunun sahneye ta\u015f\u0131d\u0131\u011f\u0131 \u201cAyyar Hamza\u201d yeti\u015fkin tiyatro g\u00f6sterisi izleyici ile bulu\u015facak. Yine 29 Kas\u0131m Cuma ak\u015fam\u0131 20.30\u2019da Sani Konuko\u011flu Konferans Salonunda Aile Okulu programlar\u0131 kapsam\u0131nda E\u011fitimci \u0130smail G\u00fcler\u2019in \u201cToplumun \u00c7ekirde\u011fi Aile\u201d konulu semineri ger\u00e7ekle\u015ftirilecek. 30 Kas\u0131m Cumartesi g\u00fcn\u00fc ise 14.00\u2019da Be\u015finci Mevsim KSM\u2019nde yap\u0131lacak \u201cMimdo\u2019nun Arad\u0131\u011f\u0131 \u00c7ocuk\u201d isimli \u00e7ocuk tiyatro g\u00f6sterisi ile Kas\u0131m ay\u0131 etkinlikleri tamamlanm\u0131\u015f olacak.<br \/>\nBA\u015eKAN TABAN\u2019DAN PROGRAMLARA DAVET<br \/>\nBelediye Ba\u015fkan\u0131 Alper Taban, Ulu \u00d6nder Mustafa Kemal Atat\u00fcrk\u2019\u00fcn \u201cSanats\u0131z kalm\u0131\u015f bir milletin hayat damarlar\u0131ndan biri kopmu\u015f demektir\u201d s\u00f6z\u00fcn\u00fc hat\u0131rlatarak \u0130neg\u00f6l Belediyesi olarak bu alanda il\u00e7e halk\u0131n\u0131 k\u00fclt\u00fcr ve sanatla bulu\u015fturmaya gayret ettiklerini s\u00f6yledi. Sanat\u0131n her dal\u0131yla ilgili programlar tertip edildi\u011fini ifade eden Ba\u015fkan Taban, \u201cK\u00fclt\u00fcr ve Sosyal \u0130\u015fler M\u00fcd\u00fcrl\u00fc\u011f\u00fcm\u00fcz bu alanda yaz\u0131n ayr\u0131 k\u0131\u015f\u0131n ayr\u0131 programlarla il\u00e7e halk\u0131m\u0131z\u0131 bulu\u015fturuyor. K\u0131\u015f sezonunda daha \u00e7ok salon programlar\u0131yla, tiyatrolarla, seminer ve s\u00f6yle\u015filerle, salon konserleriyle bu etkinliklerimizi icra ediyoruz. Kas\u0131m ay\u0131 itibariyle de k\u00fclt\u00fcr sanat sezonumuz a\u00e7\u0131ld\u0131. Asl\u0131nda a\u00e7\u0131l\u0131\u015f program\u0131m\u0131z 29 Ekim Cumhuriyet Bayram\u0131 kapsam\u0131nda d\u00fczenledi\u011fimiz Kurtulu\u015fun Kad\u0131nlar\u0131 isimli tiyatro g\u00f6sterisi olmu\u015ftu. Kas\u0131m ay\u0131 boyunca da 12 ayr\u0131 programla vatanda\u015flar\u0131m\u0131z\u0131 bulu\u015fturaca\u011f\u0131z. Yeti\u015fkinler i\u00e7in ayr\u0131, \u00e7ocuklar\u0131m\u0131za i\u00e7in ayr\u0131 t\u00fcm etkinliklerimize il\u00e7e halk\u0131m\u0131z\u0131 bekliyoruz\u201d dedi.<\/p>\n<p>\u200b\u0130neg\u00f6l Belediyesi\u2019nin ge\u00e7ti\u011fimiz hafta \u201cKurtulu\u015fun Kad\u0131nlar\u0131\u201d yeti\u015fkin tiyatro g\u00f6sterisiyle a\u00e7\u0131l\u0131\u015f\u0131n\u0131 yapt\u0131\u011f\u0131 k\u00fclt\u00fcr sanat sezonunda Kas\u0131m ay\u0131 dolu dolu ge\u00e7ecek  Tiyatrolar, sergiler, seminerler ve konserlerden olu\u015fan 12 ayr\u0131 program \u0130neg\u00f6ll\u00fclerle bulu\u015facak\u00a0<\/p>\n<p>\u200bHaberin Al\u0131nt\u0131land\u0131\u011f\u0131 Kaynak: www.iskenderun.org<\/p>","protected":false},"excerpt":{"rendered":"<p>\u0130neg\u00f6l Belediyesi\u2019nin ge\u00e7ti\u011fimiz hafta \u201cKurtulu\u015fun Kad\u0131nlar\u0131\u201d yeti\u015fkin tiyatro g\u00f6sterisiyle a\u00e7\u0131l\u0131\u015f\u0131n\u0131 yapt\u0131\u011f\u0131 k\u00fclt\u00fcr sanat sezonunda Kas\u0131m ay\u0131 dolu dolu ge\u00e7ecek. Tiyatrolar, sergiler, seminerler ve konserlerden olu\u015fan 12 ayr\u0131 program \u0130neg\u00f6ll\u00fclerle bulu\u015facak.BURSA (\u0130GFA) &#8211; \u0130neg\u00f6l Belediyesi\u2019nde k\u0131\u015f sezonuyla beraber k\u00fclt\u00fcr sanat salon etkinliklerinin de start\u0131 verildi. 29 Ekim Cumhuriyet Bayram\u0131 etkinlikleri kapsam\u0131nda d\u00fczenlenen Kurtulu\u015fun Kad\u0131nlar\u0131 tiyatro g\u00f6sterisiyle a\u00e7\u0131l\u0131\u015f\u0131 yap\u0131lan k\u00fclt\u00fcr sanat sezonunda, Kas\u0131m ay\u0131 dolu dolu ge\u00e7ecek. K\u00fclt\u00fcr ve Sosyal \u0130\u015fler M\u00fcd\u00fcrl\u00fc\u011f\u00fc\u2019n\u00fcn payla\u015ft\u0131\u011f\u0131 Kas\u0131m program\u0131na g\u00f6re; tiyatrolar, sergiler, seminerler ve konserlerden olu\u015fan 12 ayr\u0131 program \u0130neg\u00f6ll\u00fclerle bulu\u015facak. KASIM AYI PROGRAMI 06 Kas\u0131m \u00c7ar\u015famba ak\u015fam\u0131 \u0130neg\u00f6l Belediyesi \u015eehir Tiyatrosunun son oyunu \u201cEn B\u00fcy\u00fck Haber\u201d tiyatro g\u00f6sterisi 20.00\u2019da \u0130neg\u00f6l\u2019de k\u00fclt\u00fcr ve sanat\u0131n merkezi haline gelen Be\u015finci Mevsim K\u00fclt\u00fcr Sanat Merkezinde sahnelenecek. 09 Kas\u0131m Per\u015fembe g\u00fcn\u00fc Bursa Olgunla\u015fma Enstit\u00fcleri i\u015f birli\u011finde haz\u0131rlanan \u201cHayra A\u00e7\u0131lan Kap\u0131lar\u201d isimli Kap\u0131 Tokmaklar\u0131 Sergisi 14.00\u2019da \u0130neg\u00f6l Kent M\u00fczesi Serdar Rubac\u0131 Sergi Salonunda izlenime sunulacak. 08 Kas\u0131m Cuma ak\u015fam\u0131 20.30\u2019da Aile Hayat\u0131 \u0130yile\u015ftirme Derne\u011fi (AH\u0130D) i\u015f birli\u011finde d\u00fczenlenen Aile Okulu seminerleri kapsam\u0131nda Aile Ko\u00e7u M\u00fcnir Ar\u0131kan\u2019\u0131n \u201cAilede \u015eahsiyet E\u011fitimi\u201d semineri Sani Konuko\u011flu Konferans Salonunda ger\u00e7ekle\u015ftirilecek. 09 Kas\u0131m Cumartesi g\u00fcn\u00fc 14.00\u2019da Be\u015finci Mevsim KSM\u2019nde \u201cOyun Arkada\u015f\u0131m\u201d isimli \u00e7ocuk tiyatrosu 6-12 ya\u015f aras\u0131 \u00e7ocuklar i\u00e7in minik sanatseverlerle bulu\u015facak. 15 Kas\u0131m Cuma ak\u015fam\u0131 Aile &hellip;<\/p>","protected":false},"author":0,"featured_media":0,"comment_status":"open","ping_status":"open","sticky":false,"template":"","format":"standard","meta":{"_acf_changed":false,"footnotes":""},"categories":[24,535],"tags":[],"class_list":["post-12577","post","type-post","status-publish","format-standard","has-post-thumbnail","hentry","category-gundem","category-uncategorized-tr"],"acf":[],"yoast_head":"<!-- This site is optimized with the Yoast SEO Premium plugin v26.6 (Yoast SEO v27.1.1) - https:\/\/yoast.com\/product\/yoast-seo-premium-wordpress\/ -->\n<title>Bursa \u0130neg\u00f6l&#039;de Kas\u0131m ay\u0131 etkinlik program\u0131 belli oldu - Av. Deniz Can K\u0131z\u0131l<\/title>\n<meta name=\"robots\" content=\"index, follow, max-snippet:-1, max-image-preview:large, max-video-preview:-1\" \/>\n<link rel=\"canonical\" href=\"https:\/\/denizcankizil.tr\/ru\/haberler\/gundem\/bursa-inegolde-kasim-ayi-etkinlik-programi-belli-oldu\/\" \/>\n<meta property=\"og:locale\" content=\"ru_RU\" \/>\n<meta property=\"og:type\" content=\"article\" \/>\n<meta property=\"og:title\" content=\"Bursa \u0130neg\u00f6l&#039;de Kas\u0131m ay\u0131 etkinlik program\u0131 belli oldu\" \/>\n<meta property=\"og:description\" content=\"\u0130neg\u00f6l Belediyesi\u2019nin ge\u00e7ti\u011fimiz hafta \u201cKurtulu\u015fun Kad\u0131nlar\u0131\u201d yeti\u015fkin tiyatro g\u00f6sterisiyle a\u00e7\u0131l\u0131\u015f\u0131n\u0131 yapt\u0131\u011f\u0131 k\u00fclt\u00fcr sanat sezonunda Kas\u0131m ay\u0131 dolu dolu ge\u00e7ecek. Tiyatrolar, sergiler, seminerler ve konserlerden olu\u015fan 12 ayr\u0131 program \u0130neg\u00f6ll\u00fclerle bulu\u015facak.BURSA (\u0130GFA) &#8211; \u0130neg\u00f6l Belediyesi\u2019nde k\u0131\u015f sezonuyla beraber k\u00fclt\u00fcr sanat salon etkinliklerinin de start\u0131 verildi. 29 Ekim Cumhuriyet Bayram\u0131 etkinlikleri kapsam\u0131nda d\u00fczenlenen Kurtulu\u015fun Kad\u0131nlar\u0131 tiyatro g\u00f6sterisiyle a\u00e7\u0131l\u0131\u015f\u0131 yap\u0131lan k\u00fclt\u00fcr sanat sezonunda, Kas\u0131m ay\u0131 dolu dolu ge\u00e7ecek. K\u00fclt\u00fcr ve Sosyal \u0130\u015fler M\u00fcd\u00fcrl\u00fc\u011f\u00fc\u2019n\u00fcn payla\u015ft\u0131\u011f\u0131 Kas\u0131m program\u0131na g\u00f6re; tiyatrolar, sergiler, seminerler ve konserlerden olu\u015fan 12 ayr\u0131 program \u0130neg\u00f6ll\u00fclerle bulu\u015facak. KASIM AYI PROGRAMI 06 Kas\u0131m \u00c7ar\u015famba ak\u015fam\u0131 \u0130neg\u00f6l Belediyesi \u015eehir Tiyatrosunun son oyunu \u201cEn B\u00fcy\u00fck Haber\u201d tiyatro g\u00f6sterisi 20.00\u2019da \u0130neg\u00f6l\u2019de k\u00fclt\u00fcr ve sanat\u0131n merkezi haline gelen Be\u015finci Mevsim K\u00fclt\u00fcr Sanat Merkezinde sahnelenecek. 09 Kas\u0131m Per\u015fembe g\u00fcn\u00fc Bursa Olgunla\u015fma Enstit\u00fcleri i\u015f birli\u011finde haz\u0131rlanan \u201cHayra A\u00e7\u0131lan Kap\u0131lar\u201d isimli Kap\u0131 Tokmaklar\u0131 Sergisi 14.00\u2019da \u0130neg\u00f6l Kent M\u00fczesi Serdar Rubac\u0131 Sergi Salonunda izlenime sunulacak. 08 Kas\u0131m Cuma ak\u015fam\u0131 20.30\u2019da Aile Hayat\u0131 \u0130yile\u015ftirme Derne\u011fi (AH\u0130D) i\u015f birli\u011finde d\u00fczenlenen Aile Okulu seminerleri kapsam\u0131nda Aile Ko\u00e7u M\u00fcnir Ar\u0131kan\u2019\u0131n \u201cAilede \u015eahsiyet E\u011fitimi\u201d semineri Sani Konuko\u011flu Konferans Salonunda ger\u00e7ekle\u015ftirilecek. 09 Kas\u0131m Cumartesi g\u00fcn\u00fc 14.00\u2019da Be\u015finci Mevsim KSM\u2019nde \u201cOyun Arkada\u015f\u0131m\u201d isimli \u00e7ocuk tiyatrosu 6-12 ya\u015f aras\u0131 \u00e7ocuklar i\u00e7in minik sanatseverlerle bulu\u015facak. 15 Kas\u0131m Cuma ak\u015fam\u0131 Aile &hellip;\" \/>\n<meta property=\"og:url\" content=\"https:\/\/denizcankizil.tr\/ru\/haberler\/gundem\/bursa-inegolde-kasim-ayi-etkinlik-programi-belli-oldu\/\" \/>\n<meta property=\"og:site_name\" content=\"Av. Deniz Can K\u0131z\u0131l\" \/>\n<meta property=\"article:published_time\" content=\"2024-11-04T13:41:31+00:00\" \/>\n<meta name=\"twitter:card\" content=\"summary_large_image\" \/>\n<meta name=\"twitter:label1\" content=\"\u041f\u0440\u0438\u043c\u0435\u0440\u043d\u043e\u0435 \u0432\u0440\u0435\u043c\u044f \u0434\u043b\u044f \u0447\u0442\u0435\u043d\u0438\u044f\" \/>\n\t<meta name=\"twitter:data1\" content=\"4 \u043c\u0438\u043d\u0443\u0442\u044b\" \/>\n<script type=\"application\/ld+json\" class=\"yoast-schema-graph\">{\"@context\":\"https:\/\/schema.org\",\"@graph\":[{\"@type\":\"Article\",\"@id\":\"https:\/\/denizcankizil.tr\/ru\/haberler\/gundem\/bursa-inegolde-kasim-ayi-etkinlik-programi-belli-oldu\/#article\",\"isPartOf\":{\"@id\":\"https:\/\/denizcankizil.tr\/ru\/haberler\/gundem\/bursa-inegolde-kasim-ayi-etkinlik-programi-belli-oldu\/\"},\"author\":{\"name\":\"\",\"@id\":\"\"},\"headline\":\"Bursa \u0130neg\u00f6l&#8217;de Kas\u0131m ay\u0131 etkinlik program\u0131 belli oldu\",\"datePublished\":\"2024-11-04T13:41:31+00:00\",\"mainEntityOfPage\":{\"@id\":\"https:\/\/denizcankizil.tr\/ru\/haberler\/gundem\/bursa-inegolde-kasim-ayi-etkinlik-programi-belli-oldu\/\"},\"wordCount\":767,\"commentCount\":0,\"publisher\":{\"@id\":\"https:\/\/denizcankizil.tr\/de\/#organization\"},\"articleSection\":[\"G\u00fcndem\",\"Uncategorized\"],\"inLanguage\":\"ru-RU\",\"potentialAction\":[{\"@type\":\"CommentAction\",\"name\":\"Comment\",\"target\":[\"https:\/\/denizcankizil.tr\/ru\/haberler\/gundem\/bursa-inegolde-kasim-ayi-etkinlik-programi-belli-oldu\/#respond\"]}]},{\"@type\":\"WebPage\",\"@id\":\"https:\/\/denizcankizil.tr\/ru\/haberler\/gundem\/bursa-inegolde-kasim-ayi-etkinlik-programi-belli-oldu\/\",\"url\":\"https:\/\/denizcankizil.tr\/ru\/haberler\/gundem\/bursa-inegolde-kasim-ayi-etkinlik-programi-belli-oldu\/\",\"name\":\"Bursa \u0130neg\u00f6l'de Kas\u0131m ay\u0131 etkinlik program\u0131 belli oldu - Av. Deniz Can K\u0131z\u0131l\",\"isPartOf\":{\"@id\":\"https:\/\/denizcankizil.tr\/de\/#website\"},\"datePublished\":\"2024-11-04T13:41:31+00:00\",\"breadcrumb\":{\"@id\":\"https:\/\/denizcankizil.tr\/ru\/haberler\/gundem\/bursa-inegolde-kasim-ayi-etkinlik-programi-belli-oldu\/#breadcrumb\"},\"inLanguage\":\"ru-RU\",\"potentialAction\":[{\"@type\":\"ReadAction\",\"target\":[\"https:\/\/denizcankizil.tr\/ru\/haberler\/gundem\/bursa-inegolde-kasim-ayi-etkinlik-programi-belli-oldu\/\"]}]},{\"@type\":\"BreadcrumbList\",\"@id\":\"https:\/\/denizcankizil.tr\/ru\/haberler\/gundem\/bursa-inegolde-kasim-ayi-etkinlik-programi-belli-oldu\/#breadcrumb\",\"itemListElement\":[{\"@type\":\"ListItem\",\"position\":1,\"name\":\"Home\",\"item\":\"https:\/\/denizcankizil.tr\/de\/\"},{\"@type\":\"ListItem\",\"position\":2,\"name\":\"Bursa \u0130neg\u00f6l&#8217;de Kas\u0131m ay\u0131 etkinlik program\u0131 belli oldu\"}]},{\"@type\":\"WebSite\",\"@id\":\"https:\/\/denizcankizil.tr\/de\/#website\",\"url\":\"https:\/\/denizcankizil.tr\/de\/\",\"name\":\"Av. Deniz Can K\u0131z\u0131l\",\"description\":\"Avukat Deniz Can K\u0131z\u0131l Antalya Barosu\",\"publisher\":{\"@id\":\"https:\/\/denizcankizil.tr\/de\/#organization\"},\"potentialAction\":[{\"@type\":\"SearchAction\",\"target\":{\"@type\":\"EntryPoint\",\"urlTemplate\":\"https:\/\/denizcankizil.tr\/de\/?s={search_term_string}\"},\"query-input\":{\"@type\":\"PropertyValueSpecification\",\"valueRequired\":true,\"valueName\":\"search_term_string\"}}],\"inLanguage\":\"ru-RU\"},{\"@type\":\"Organization\",\"@id\":\"https:\/\/denizcankizil.tr\/de\/#organization\",\"name\":\"Av. Deniz Can K\u0131z\u0131l\",\"url\":\"https:\/\/denizcankizil.tr\/de\/\",\"logo\":{\"@type\":\"ImageObject\",\"inLanguage\":\"ru-RU\",\"@id\":\"https:\/\/denizcankizil.tr\/de\/#\/schema\/logo\/image\/\",\"url\":\"https:\/\/denizcankizil.tr\/wp-content\/uploads\/2024\/10\/siyah-logo-svg.svg\",\"contentUrl\":\"https:\/\/denizcankizil.tr\/wp-content\/uploads\/2024\/10\/siyah-logo-svg.svg\",\"width\":1080,\"height\":1080,\"caption\":\"Av. Deniz Can K\u0131z\u0131l\"},\"image\":{\"@id\":\"https:\/\/denizcankizil.tr\/de\/#\/schema\/logo\/image\/\"}}]}<\/script>\n<!-- \/ Yoast SEO Premium plugin. -->","yoast_head_json":{"title":"Bursa \u0130neg\u00f6l'de Kas\u0131m ay\u0131 etkinlik program\u0131 belli oldu - Av. Deniz Can K\u0131z\u0131l","robots":{"index":"index","follow":"follow","max-snippet":"max-snippet:-1","max-image-preview":"max-image-preview:large","max-video-preview":"max-video-preview:-1"},"canonical":"https:\/\/denizcankizil.tr\/ru\/haberler\/gundem\/bursa-inegolde-kasim-ayi-etkinlik-programi-belli-oldu\/","og_locale":"ru_RU","og_type":"article","og_title":"Bursa \u0130neg\u00f6l'de Kas\u0131m ay\u0131 etkinlik program\u0131 belli oldu","og_description":"\u0130neg\u00f6l Belediyesi\u2019nin ge\u00e7ti\u011fimiz hafta \u201cKurtulu\u015fun Kad\u0131nlar\u0131\u201d yeti\u015fkin tiyatro g\u00f6sterisiyle a\u00e7\u0131l\u0131\u015f\u0131n\u0131 yapt\u0131\u011f\u0131 k\u00fclt\u00fcr sanat sezonunda Kas\u0131m ay\u0131 dolu dolu ge\u00e7ecek. Tiyatrolar, sergiler, seminerler ve konserlerden olu\u015fan 12 ayr\u0131 program \u0130neg\u00f6ll\u00fclerle bulu\u015facak.BURSA (\u0130GFA) &#8211; \u0130neg\u00f6l Belediyesi\u2019nde k\u0131\u015f sezonuyla beraber k\u00fclt\u00fcr sanat salon etkinliklerinin de start\u0131 verildi. 29 Ekim Cumhuriyet Bayram\u0131 etkinlikleri kapsam\u0131nda d\u00fczenlenen Kurtulu\u015fun Kad\u0131nlar\u0131 tiyatro g\u00f6sterisiyle a\u00e7\u0131l\u0131\u015f\u0131 yap\u0131lan k\u00fclt\u00fcr sanat sezonunda, Kas\u0131m ay\u0131 dolu dolu ge\u00e7ecek. K\u00fclt\u00fcr ve Sosyal \u0130\u015fler M\u00fcd\u00fcrl\u00fc\u011f\u00fc\u2019n\u00fcn payla\u015ft\u0131\u011f\u0131 Kas\u0131m program\u0131na g\u00f6re; tiyatrolar, sergiler, seminerler ve konserlerden olu\u015fan 12 ayr\u0131 program \u0130neg\u00f6ll\u00fclerle bulu\u015facak. KASIM AYI PROGRAMI 06 Kas\u0131m \u00c7ar\u015famba ak\u015fam\u0131 \u0130neg\u00f6l Belediyesi \u015eehir Tiyatrosunun son oyunu \u201cEn B\u00fcy\u00fck Haber\u201d tiyatro g\u00f6sterisi 20.00\u2019da \u0130neg\u00f6l\u2019de k\u00fclt\u00fcr ve sanat\u0131n merkezi haline gelen Be\u015finci Mevsim K\u00fclt\u00fcr Sanat Merkezinde sahnelenecek. 09 Kas\u0131m Per\u015fembe g\u00fcn\u00fc Bursa Olgunla\u015fma Enstit\u00fcleri i\u015f birli\u011finde haz\u0131rlanan \u201cHayra A\u00e7\u0131lan Kap\u0131lar\u201d isimli Kap\u0131 Tokmaklar\u0131 Sergisi 14.00\u2019da \u0130neg\u00f6l Kent M\u00fczesi Serdar Rubac\u0131 Sergi Salonunda izlenime sunulacak. 08 Kas\u0131m Cuma ak\u015fam\u0131 20.30\u2019da Aile Hayat\u0131 \u0130yile\u015ftirme Derne\u011fi (AH\u0130D) i\u015f birli\u011finde d\u00fczenlenen Aile Okulu seminerleri kapsam\u0131nda Aile Ko\u00e7u M\u00fcnir Ar\u0131kan\u2019\u0131n \u201cAilede \u015eahsiyet E\u011fitimi\u201d semineri Sani Konuko\u011flu Konferans Salonunda ger\u00e7ekle\u015ftirilecek. 09 Kas\u0131m Cumartesi g\u00fcn\u00fc 14.00\u2019da Be\u015finci Mevsim KSM\u2019nde \u201cOyun Arkada\u015f\u0131m\u201d isimli \u00e7ocuk tiyatrosu 6-12 ya\u015f aras\u0131 \u00e7ocuklar i\u00e7in minik sanatseverlerle bulu\u015facak. 15 Kas\u0131m Cuma ak\u015fam\u0131 Aile &hellip;","og_url":"https:\/\/denizcankizil.tr\/ru\/haberler\/gundem\/bursa-inegolde-kasim-ayi-etkinlik-programi-belli-oldu\/","og_site_name":"Av. Deniz Can K\u0131z\u0131l","article_published_time":"2024-11-04T13:41:31+00:00","twitter_card":"summary_large_image","twitter_misc":{"\u041f\u0440\u0438\u043c\u0435\u0440\u043d\u043e\u0435 \u0432\u0440\u0435\u043c\u044f \u0434\u043b\u044f \u0447\u0442\u0435\u043d\u0438\u044f":"4 \u043c\u0438\u043d\u0443\u0442\u044b"},"schema":{"@context":"https:\/\/schema.org","@graph":[{"@type":"Article","@id":"https:\/\/denizcankizil.tr\/ru\/haberler\/gundem\/bursa-inegolde-kasim-ayi-etkinlik-programi-belli-oldu\/#article","isPartOf":{"@id":"https:\/\/denizcankizil.tr\/ru\/haberler\/gundem\/bursa-inegolde-kasim-ayi-etkinlik-programi-belli-oldu\/"},"author":{"name":"","@id":""},"headline":"Bursa \u0130neg\u00f6l&#8217;de Kas\u0131m ay\u0131 etkinlik program\u0131 belli oldu","datePublished":"2024-11-04T13:41:31+00:00","mainEntityOfPage":{"@id":"https:\/\/denizcankizil.tr\/ru\/haberler\/gundem\/bursa-inegolde-kasim-ayi-etkinlik-programi-belli-oldu\/"},"wordCount":767,"commentCount":0,"publisher":{"@id":"https:\/\/denizcankizil.tr\/de\/#organization"},"articleSection":["G\u00fcndem","Uncategorized"],"inLanguage":"ru-RU","potentialAction":[{"@type":"CommentAction","name":"Comment","target":["https:\/\/denizcankizil.tr\/ru\/haberler\/gundem\/bursa-inegolde-kasim-ayi-etkinlik-programi-belli-oldu\/#respond"]}]},{"@type":"WebPage","@id":"https:\/\/denizcankizil.tr\/ru\/haberler\/gundem\/bursa-inegolde-kasim-ayi-etkinlik-programi-belli-oldu\/","url":"https:\/\/denizcankizil.tr\/ru\/haberler\/gundem\/bursa-inegolde-kasim-ayi-etkinlik-programi-belli-oldu\/","name":"Bursa \u0130neg\u00f6l'de Kas\u0131m ay\u0131 etkinlik program\u0131 belli oldu - Av. Deniz Can K\u0131z\u0131l","isPartOf":{"@id":"https:\/\/denizcankizil.tr\/de\/#website"},"datePublished":"2024-11-04T13:41:31+00:00","breadcrumb":{"@id":"https:\/\/denizcankizil.tr\/ru\/haberler\/gundem\/bursa-inegolde-kasim-ayi-etkinlik-programi-belli-oldu\/#breadcrumb"},"inLanguage":"ru-RU","potentialAction":[{"@type":"ReadAction","target":["https:\/\/denizcankizil.tr\/ru\/haberler\/gundem\/bursa-inegolde-kasim-ayi-etkinlik-programi-belli-oldu\/"]}]},{"@type":"BreadcrumbList","@id":"https:\/\/denizcankizil.tr\/ru\/haberler\/gundem\/bursa-inegolde-kasim-ayi-etkinlik-programi-belli-oldu\/#breadcrumb","itemListElement":[{"@type":"ListItem","position":1,"name":"Home","item":"https:\/\/denizcankizil.tr\/de\/"},{"@type":"ListItem","position":2,"name":"Bursa \u0130neg\u00f6l&#8217;de Kas\u0131m ay\u0131 etkinlik program\u0131 belli oldu"}]},{"@type":"WebSite","@id":"https:\/\/denizcankizil.tr\/de\/#website","url":"https:\/\/denizcankizil.tr\/de\/","name":"Av. Deniz Can K\u0131z\u0131l","description":"Avukat Deniz Can K\u0131z\u0131l Antalya Barosu","publisher":{"@id":"https:\/\/denizcankizil.tr\/de\/#organization"},"potentialAction":[{"@type":"SearchAction","target":{"@type":"EntryPoint","urlTemplate":"https:\/\/denizcankizil.tr\/de\/?s={search_term_string}"},"query-input":{"@type":"PropertyValueSpecification","valueRequired":true,"valueName":"search_term_string"}}],"inLanguage":"ru-RU"},{"@type":"Organization","@id":"https:\/\/denizcankizil.tr\/de\/#organization","name":"Av. Deniz Can K\u0131z\u0131l","url":"https:\/\/denizcankizil.tr\/de\/","logo":{"@type":"ImageObject","inLanguage":"ru-RU","@id":"https:\/\/denizcankizil.tr\/de\/#\/schema\/logo\/image\/","url":"https:\/\/denizcankizil.tr\/wp-content\/uploads\/2024\/10\/siyah-logo-svg.svg","contentUrl":"https:\/\/denizcankizil.tr\/wp-content\/uploads\/2024\/10\/siyah-logo-svg.svg","width":1080,"height":1080,"caption":"Av. Deniz Can K\u0131z\u0131l"},"image":{"@id":"https:\/\/denizcankizil.tr\/de\/#\/schema\/logo\/image\/"}}]}},"_links":{"self":[{"href":"https:\/\/denizcankizil.tr\/ru\/wp-json\/wp\/v2\/posts\/12577","targetHints":{"allow":["GET"]}}],"collection":[{"href":"https:\/\/denizcankizil.tr\/ru\/wp-json\/wp\/v2\/posts"}],"about":[{"href":"https:\/\/denizcankizil.tr\/ru\/wp-json\/wp\/v2\/types\/post"}],"replies":[{"embeddable":true,"href":"https:\/\/denizcankizil.tr\/ru\/wp-json\/wp\/v2\/comments?post=12577"}],"version-history":[{"count":0,"href":"https:\/\/denizcankizil.tr\/ru\/wp-json\/wp\/v2\/posts\/12577\/revisions"}],"wp:attachment":[{"href":"https:\/\/denizcankizil.tr\/ru\/wp-json\/wp\/v2\/media?parent=12577"}],"wp:term":[{"taxonomy":"category","embeddable":true,"href":"https:\/\/denizcankizil.tr\/ru\/wp-json\/wp\/v2\/categories?post=12577"},{"taxonomy":"post_tag","embeddable":true,"href":"https:\/\/denizcankizil.tr\/ru\/wp-json\/wp\/v2\/tags?post=12577"}],"curies":[{"name":"wp","href":"https:\/\/api.w.org\/{rel}","templated":true}]}}