{"id":125542,"date":"2025-06-24T23:41:15","date_gmt":"2025-06-24T20:41:15","guid":{"rendered":"https:\/\/denizcankizil.tr\/uncategorized-tr\/antalya-genclik-meclisinden-tbmm-ziyareti\/"},"modified":"2025-06-24T23:41:15","modified_gmt":"2025-06-24T20:41:15","slug":"antalya-genclik-meclisinden-tbmm-ziyareti","status":"publish","type":"post","link":"https:\/\/denizcankizil.tr\/ru\/haberler\/gundem\/antalya-genclik-meclisinden-tbmm-ziyareti\/","title":{"rendered":"Antalya Gen\u00e7lik Meclisi&#8217;nden TBMM ziyareti"},"content":{"rendered":"<p>Antalya B\u00fcy\u00fck\u015fehir Belediyesi Gen\u00e7lik Meclisi \u00fcyeleri, T\u00fcrkiye B\u00fcy\u00fck Millet Meclisi&#8217;nde (TBMM) Cumhuriyet Halk Partisi (CHP) Grup Toplant\u0131s\u0131&#8217;na kat\u0131larak \u00f6nemli isimlerle bir araya geldi. Ziyaret kapsam\u0131nda gen\u00e7ler, CHP Genel Ba\u015fkan\u0131 \u00d6zg\u00fcr \u00d6zel ve Antalya milletvekilleriyle g\u00f6r\u00fc\u015ferek, demokrasi, \u00f6zg\u00fcrl\u00fck ve gen\u00e7li\u011fin siyasetteki yeri \u00fczerine fikir al\u0131\u015fveri\u015fi yapt\u0131.<\/p>\n<p>&#8220;DAHA \u00d6ZG\u00dcR B\u0130R \u00dcLKEY\u0130 GEN\u00c7LER\u0130M\u0130Z \u0130LE KURACA\u011eIZ&#8221; <\/p>\n<p>Toplant\u0131 sonras\u0131 ger\u00e7ekle\u015fen bulu\u015fmada, CHP Grup Ba\u015fkanvekili Ali Mahir Ba\u015far\u0131r ile CHP Antalya Milletvekilleri Aliye Co\u015far, Aykut Kaya, Mustafa Erdem, Cavit Ar\u0131 ve Sururi \u00c7orabat\u0131r yer ald\u0131. Gen\u00e7lik Meclisi \u00fcyeleri, milletvekilleriyle T\u00fcrkiye&#8217;nin gelece\u011fine dair fikir al\u0131\u015fveri\u015finde bulunarak, gen\u00e7lerin siyasetteki rol\u00fcne dikkat \u00e7ekti.<\/p>\n<p>CHP heyeti ger\u00e7ekle\u015fen bulu\u015fma sonras\u0131 yapt\u0131\u011f\u0131 de\u011ferlendirmede, &#8220;Daha \u00f6zg\u00fcr bir \u00fclkeyi gen\u00e7lerimiz ile birlikte kuraca\u011f\u0131z&#8221; mesaj\u0131n\u0131 verdi.<\/p>\n<p>\u200bAntalya B\u00fcy\u00fck\u015fehir Belediyesi Gen\u00e7lik Meclisi \u00fcyeleri, T\u00fcrkiye B\u00fcy\u00fck Millet Meclisi&#8217;nde CHP Grup Toplant\u0131s\u0131&#8217;na kat\u0131ld\u0131. Ziyaret kapsam\u0131nda gen\u00e7ler, CHP Genel Ba\u015fkan\u0131 \u00d6zg\u00fcr \u00d6zel ba\u015fta olmak \u00fczere partinin \u00f6nemli isimleriyle bir araya geldi.\u00a0<\/p>\n<p>\u200bHaberin Al\u0131nt\u0131land\u0131\u011f\u0131 Kaynak: www.antalyakorfez.com<\/p>","protected":false},"excerpt":{"rendered":"<p>Antalya B\u00fcy\u00fck\u015fehir Belediyesi Gen\u00e7lik Meclisi \u00fcyeleri, T\u00fcrkiye B\u00fcy\u00fck Millet Meclisi&#8217;nde (TBMM) Cumhuriyet Halk Partisi (CHP) Grup Toplant\u0131s\u0131&#8217;na kat\u0131larak \u00f6nemli isimlerle bir araya geldi. Ziyaret kapsam\u0131nda gen\u00e7ler, CHP Genel Ba\u015fkan\u0131 \u00d6zg\u00fcr \u00d6zel ve Antalya milletvekilleriyle g\u00f6r\u00fc\u015ferek, demokrasi, \u00f6zg\u00fcrl\u00fck ve gen\u00e7li\u011fin siyasetteki yeri \u00fczerine fikir al\u0131\u015fveri\u015fi yapt\u0131. &#8220;DAHA \u00d6ZG\u00dcR B\u0130R \u00dcLKEY\u0130 GEN\u00c7LER\u0130M\u0130Z \u0130LE KURACA\u011eIZ&#8221; Toplant\u0131 sonras\u0131 ger\u00e7ekle\u015fen bulu\u015fmada, CHP Grup Ba\u015fkanvekili Ali Mahir Ba\u015far\u0131r ile CHP Antalya Milletvekilleri Aliye Co\u015far, Aykut Kaya, Mustafa Erdem, Cavit Ar\u0131 ve Sururi \u00c7orabat\u0131r yer ald\u0131. Gen\u00e7lik Meclisi \u00fcyeleri, milletvekilleriyle T\u00fcrkiye&#8217;nin gelece\u011fine dair fikir al\u0131\u015fveri\u015finde bulunarak, gen\u00e7lerin siyasetteki rol\u00fcne dikkat \u00e7ekti. CHP heyeti ger\u00e7ekle\u015fen bulu\u015fma sonras\u0131 yapt\u0131\u011f\u0131 de\u011ferlendirmede, &#8220;Daha \u00f6zg\u00fcr bir \u00fclkeyi gen\u00e7lerimiz ile birlikte kuraca\u011f\u0131z&#8221; mesaj\u0131n\u0131 verdi. \u200bAntalya B\u00fcy\u00fck\u015fehir Belediyesi Gen\u00e7lik Meclisi \u00fcyeleri, T\u00fcrkiye B\u00fcy\u00fck Millet Meclisi&#8217;nde CHP Grup Toplant\u0131s\u0131&#8217;na kat\u0131ld\u0131. Ziyaret kapsam\u0131nda gen\u00e7ler, CHP Genel Ba\u015fkan\u0131 \u00d6zg\u00fcr \u00d6zel ba\u015fta olmak \u00fczere partinin \u00f6nemli isimleriyle bir araya geldi.\u00a0 \u200bHaberin Al\u0131nt\u0131land\u0131\u011f\u0131 Kaynak: www.antalyakorfez.com<\/p>","protected":false},"author":5,"featured_media":0,"comment_status":"","ping_status":"open","sticky":false,"template":"","format":"standard","meta":{"_acf_changed":false,"footnotes":""},"categories":[24],"tags":[],"class_list":["post-125542","post","type-post","status-publish","format-standard","has-post-thumbnail","hentry","category-gundem"],"acf":[],"yoast_head":"<!-- This site is optimized with the Yoast SEO Premium plugin v26.6 (Yoast SEO v27.1.1) - https:\/\/yoast.com\/product\/yoast-seo-premium-wordpress\/ -->\n<title>Antalya Gen\u00e7lik Meclisi&#039;nden TBMM ziyareti - Av. Deniz Can K\u0131z\u0131l<\/title>\n<meta name=\"robots\" content=\"index, follow, max-snippet:-1, max-image-preview:large, max-video-preview:-1\" \/>\n<link rel=\"canonical\" href=\"https:\/\/denizcankizil.tr\/ru\/haberler\/gundem\/antalya-genclik-meclisinden-tbmm-ziyareti\/\" \/>\n<meta property=\"og:locale\" content=\"ru_RU\" \/>\n<meta property=\"og:type\" content=\"article\" \/>\n<meta property=\"og:title\" content=\"Antalya Gen\u00e7lik Meclisi&#039;nden TBMM ziyareti\" \/>\n<meta property=\"og:description\" content=\"Antalya B\u00fcy\u00fck\u015fehir Belediyesi Gen\u00e7lik Meclisi \u00fcyeleri, T\u00fcrkiye B\u00fcy\u00fck Millet Meclisi&#8217;nde (TBMM) Cumhuriyet Halk Partisi (CHP) Grup Toplant\u0131s\u0131&#8217;na kat\u0131larak \u00f6nemli isimlerle bir araya geldi. Ziyaret kapsam\u0131nda gen\u00e7ler, CHP Genel Ba\u015fkan\u0131 \u00d6zg\u00fcr \u00d6zel ve Antalya milletvekilleriyle g\u00f6r\u00fc\u015ferek, demokrasi, \u00f6zg\u00fcrl\u00fck ve gen\u00e7li\u011fin siyasetteki yeri \u00fczerine fikir al\u0131\u015fveri\u015fi yapt\u0131. &#8220;DAHA \u00d6ZG\u00dcR B\u0130R \u00dcLKEY\u0130 GEN\u00c7LER\u0130M\u0130Z \u0130LE KURACA\u011eIZ&#8221; Toplant\u0131 sonras\u0131 ger\u00e7ekle\u015fen bulu\u015fmada, CHP Grup Ba\u015fkanvekili Ali Mahir Ba\u015far\u0131r ile CHP Antalya Milletvekilleri Aliye Co\u015far, Aykut Kaya, Mustafa Erdem, Cavit Ar\u0131 ve Sururi \u00c7orabat\u0131r yer ald\u0131. Gen\u00e7lik Meclisi \u00fcyeleri, milletvekilleriyle T\u00fcrkiye&#8217;nin gelece\u011fine dair fikir al\u0131\u015fveri\u015finde bulunarak, gen\u00e7lerin siyasetteki rol\u00fcne dikkat \u00e7ekti. CHP heyeti ger\u00e7ekle\u015fen bulu\u015fma sonras\u0131 yapt\u0131\u011f\u0131 de\u011ferlendirmede, &#8220;Daha \u00f6zg\u00fcr bir \u00fclkeyi gen\u00e7lerimiz ile birlikte kuraca\u011f\u0131z&#8221; mesaj\u0131n\u0131 verdi. \u200bAntalya B\u00fcy\u00fck\u015fehir Belediyesi Gen\u00e7lik Meclisi \u00fcyeleri, T\u00fcrkiye B\u00fcy\u00fck Millet Meclisi&#8217;nde CHP Grup Toplant\u0131s\u0131&#8217;na kat\u0131ld\u0131. Ziyaret kapsam\u0131nda gen\u00e7ler, CHP Genel Ba\u015fkan\u0131 \u00d6zg\u00fcr \u00d6zel ba\u015fta olmak \u00fczere partinin \u00f6nemli isimleriyle bir araya geldi.\u00a0 \u200bHaberin Al\u0131nt\u0131land\u0131\u011f\u0131 Kaynak: www.antalyakorfez.com\" \/>\n<meta property=\"og:url\" content=\"https:\/\/denizcankizil.tr\/ru\/haberler\/gundem\/antalya-genclik-meclisinden-tbmm-ziyareti\/\" \/>\n<meta property=\"og:site_name\" content=\"Av. Deniz Can K\u0131z\u0131l\" \/>\n<meta property=\"article:published_time\" content=\"2025-06-24T20:41:15+00:00\" \/>\n<meta name=\"author\" content=\"Antalya K\u00f6rfez\" \/>\n<meta name=\"twitter:card\" content=\"summary_large_image\" \/>\n<meta name=\"twitter:label1\" content=\"\u041d\u0430\u043f\u0438\u0441\u0430\u043d\u043e \u0430\u0432\u0442\u043e\u0440\u043e\u043c\" \/>\n\t<meta name=\"twitter:data1\" content=\"Antalya K\u00f6rfez\" \/>\n\t<meta name=\"twitter:label2\" content=\"\u041f\u0440\u0438\u043c\u0435\u0440\u043d\u043e\u0435 \u0432\u0440\u0435\u043c\u044f \u0434\u043b\u044f \u0447\u0442\u0435\u043d\u0438\u044f\" \/>\n\t<meta name=\"twitter:data2\" content=\"1 \u043c\u0438\u043d\u0443\u0442\u0430\" \/>\n<script type=\"application\/ld+json\" class=\"yoast-schema-graph\">{\"@context\":\"https:\/\/schema.org\",\"@graph\":[{\"@type\":\"Article\",\"@id\":\"https:\/\/denizcankizil.tr\/ru\/haberler\/gundem\/antalya-genclik-meclisinden-tbmm-ziyareti\/#article\",\"isPartOf\":{\"@id\":\"https:\/\/denizcankizil.tr\/ru\/haberler\/gundem\/antalya-genclik-meclisinden-tbmm-ziyareti\/\"},\"author\":{\"name\":\"Antalya K\u00f6rfez\",\"@id\":\"https:\/\/denizcankizil.tr\/#\/schema\/person\/e1eb71bb4dd684d46563f0af307e1234\"},\"headline\":\"Antalya Gen\u00e7lik Meclisi&#8217;nden TBMM ziyareti\",\"datePublished\":\"2025-06-24T20:41:15+00:00\",\"mainEntityOfPage\":{\"@id\":\"https:\/\/denizcankizil.tr\/ru\/haberler\/gundem\/antalya-genclik-meclisinden-tbmm-ziyareti\/\"},\"wordCount\":226,\"publisher\":{\"@id\":\"https:\/\/denizcankizil.tr\/#organization\"},\"articleSection\":[\"G\u00fcndem\"],\"inLanguage\":\"ru-RU\"},{\"@type\":\"WebPage\",\"@id\":\"https:\/\/denizcankizil.tr\/ru\/haberler\/gundem\/antalya-genclik-meclisinden-tbmm-ziyareti\/\",\"url\":\"https:\/\/denizcankizil.tr\/ru\/haberler\/gundem\/antalya-genclik-meclisinden-tbmm-ziyareti\/\",\"name\":\"Antalya Gen\u00e7lik Meclisi'nden TBMM ziyareti - Av. Deniz Can K\u0131z\u0131l\",\"isPartOf\":{\"@id\":\"https:\/\/denizcankizil.tr\/#website\"},\"datePublished\":\"2025-06-24T20:41:15+00:00\",\"breadcrumb\":{\"@id\":\"https:\/\/denizcankizil.tr\/ru\/haberler\/gundem\/antalya-genclik-meclisinden-tbmm-ziyareti\/#breadcrumb\"},\"inLanguage\":\"ru-RU\",\"potentialAction\":[{\"@type\":\"ReadAction\",\"target\":[\"https:\/\/denizcankizil.tr\/ru\/haberler\/gundem\/antalya-genclik-meclisinden-tbmm-ziyareti\/\"]}]},{\"@type\":\"BreadcrumbList\",\"@id\":\"https:\/\/denizcankizil.tr\/ru\/haberler\/gundem\/antalya-genclik-meclisinden-tbmm-ziyareti\/#breadcrumb\",\"itemListElement\":[{\"@type\":\"ListItem\",\"position\":1,\"name\":\"Home\",\"item\":\"https:\/\/denizcankizil.tr\/de\/\"},{\"@type\":\"ListItem\",\"position\":2,\"name\":\"Antalya Gen\u00e7lik Meclisi&#8217;nden TBMM ziyareti\"}]},{\"@type\":\"WebSite\",\"@id\":\"https:\/\/denizcankizil.tr\/#website\",\"url\":\"https:\/\/denizcankizil.tr\/\",\"name\":\"Av. Deniz Can K\u0131z\u0131l\",\"description\":\"Avukat Deniz Can K\u0131z\u0131l Antalya Barosu\",\"publisher\":{\"@id\":\"https:\/\/denizcankizil.tr\/#organization\"},\"potentialAction\":[{\"@type\":\"SearchAction\",\"target\":{\"@type\":\"EntryPoint\",\"urlTemplate\":\"https:\/\/denizcankizil.tr\/?s={search_term_string}\"},\"query-input\":{\"@type\":\"PropertyValueSpecification\",\"valueRequired\":true,\"valueName\":\"search_term_string\"}}],\"inLanguage\":\"ru-RU\"},{\"@type\":\"Organization\",\"@id\":\"https:\/\/denizcankizil.tr\/#organization\",\"name\":\"Av. Deniz Can K\u0131z\u0131l\",\"url\":\"https:\/\/denizcankizil.tr\/\",\"logo\":{\"@type\":\"ImageObject\",\"inLanguage\":\"ru-RU\",\"@id\":\"https:\/\/denizcankizil.tr\/#\/schema\/logo\/image\/\",\"url\":\"https:\/\/denizcankizil.tr\/wp-content\/uploads\/2024\/10\/siyah-logo-svg.svg\",\"contentUrl\":\"https:\/\/denizcankizil.tr\/wp-content\/uploads\/2024\/10\/siyah-logo-svg.svg\",\"width\":1080,\"height\":1080,\"caption\":\"Av. Deniz Can K\u0131z\u0131l\"},\"image\":{\"@id\":\"https:\/\/denizcankizil.tr\/#\/schema\/logo\/image\/\"}},{\"@type\":\"Person\",\"@id\":\"https:\/\/denizcankizil.tr\/#\/schema\/person\/e1eb71bb4dd684d46563f0af307e1234\",\"name\":\"Antalya K\u00f6rfez\",\"image\":{\"@type\":\"ImageObject\",\"inLanguage\":\"ru-RU\",\"@id\":\"https:\/\/denizcankizil.tr\/#\/schema\/person\/image\/\",\"url\":\"https:\/\/secure.gravatar.com\/avatar\/42b01982558a48a0b501fdcab6a408d3717ea5919095ee2e67b0e521799c5905?s=96&d=mm&r=g\",\"contentUrl\":\"https:\/\/secure.gravatar.com\/avatar\/42b01982558a48a0b501fdcab6a408d3717ea5919095ee2e67b0e521799c5905?s=96&d=mm&r=g\",\"caption\":\"Antalya K\u00f6rfez\"},\"sameAs\":[\"http:\/\/www.antalyakorfez.com\"],\"url\":\"https:\/\/www.antalyakorfez.com\/antalya-genclik-meclisinden-tbmm-ziyareti\"}]}<\/script>\n<!-- \/ Yoast SEO Premium plugin. -->","yoast_head_json":{"title":"Antalya Gen\u00e7lik Meclisi'nden TBMM ziyareti - Av. Deniz Can K\u0131z\u0131l","robots":{"index":"index","follow":"follow","max-snippet":"max-snippet:-1","max-image-preview":"max-image-preview:large","max-video-preview":"max-video-preview:-1"},"canonical":"https:\/\/denizcankizil.tr\/ru\/haberler\/gundem\/antalya-genclik-meclisinden-tbmm-ziyareti\/","og_locale":"ru_RU","og_type":"article","og_title":"Antalya Gen\u00e7lik Meclisi'nden TBMM ziyareti","og_description":"Antalya B\u00fcy\u00fck\u015fehir Belediyesi Gen\u00e7lik Meclisi \u00fcyeleri, T\u00fcrkiye B\u00fcy\u00fck Millet Meclisi&#8217;nde (TBMM) Cumhuriyet Halk Partisi (CHP) Grup Toplant\u0131s\u0131&#8217;na kat\u0131larak \u00f6nemli isimlerle bir araya geldi. Ziyaret kapsam\u0131nda gen\u00e7ler, CHP Genel Ba\u015fkan\u0131 \u00d6zg\u00fcr \u00d6zel ve Antalya milletvekilleriyle g\u00f6r\u00fc\u015ferek, demokrasi, \u00f6zg\u00fcrl\u00fck ve gen\u00e7li\u011fin siyasetteki yeri \u00fczerine fikir al\u0131\u015fveri\u015fi yapt\u0131. &#8220;DAHA \u00d6ZG\u00dcR B\u0130R \u00dcLKEY\u0130 GEN\u00c7LER\u0130M\u0130Z \u0130LE KURACA\u011eIZ&#8221; Toplant\u0131 sonras\u0131 ger\u00e7ekle\u015fen bulu\u015fmada, CHP Grup Ba\u015fkanvekili Ali Mahir Ba\u015far\u0131r ile CHP Antalya Milletvekilleri Aliye Co\u015far, Aykut Kaya, Mustafa Erdem, Cavit Ar\u0131 ve Sururi \u00c7orabat\u0131r yer ald\u0131. Gen\u00e7lik Meclisi \u00fcyeleri, milletvekilleriyle T\u00fcrkiye&#8217;nin gelece\u011fine dair fikir al\u0131\u015fveri\u015finde bulunarak, gen\u00e7lerin siyasetteki rol\u00fcne dikkat \u00e7ekti. CHP heyeti ger\u00e7ekle\u015fen bulu\u015fma sonras\u0131 yapt\u0131\u011f\u0131 de\u011ferlendirmede, &#8220;Daha \u00f6zg\u00fcr bir \u00fclkeyi gen\u00e7lerimiz ile birlikte kuraca\u011f\u0131z&#8221; mesaj\u0131n\u0131 verdi. \u200bAntalya B\u00fcy\u00fck\u015fehir Belediyesi Gen\u00e7lik Meclisi \u00fcyeleri, T\u00fcrkiye B\u00fcy\u00fck Millet Meclisi&#8217;nde CHP Grup Toplant\u0131s\u0131&#8217;na kat\u0131ld\u0131. Ziyaret kapsam\u0131nda gen\u00e7ler, CHP Genel Ba\u015fkan\u0131 \u00d6zg\u00fcr \u00d6zel ba\u015fta olmak \u00fczere partinin \u00f6nemli isimleriyle bir araya geldi.\u00a0 \u200bHaberin Al\u0131nt\u0131land\u0131\u011f\u0131 Kaynak: www.antalyakorfez.com","og_url":"https:\/\/denizcankizil.tr\/ru\/haberler\/gundem\/antalya-genclik-meclisinden-tbmm-ziyareti\/","og_site_name":"Av. Deniz Can K\u0131z\u0131l","article_published_time":"2025-06-24T20:41:15+00:00","author":"Antalya K\u00f6rfez","twitter_card":"summary_large_image","twitter_misc":{"\u041d\u0430\u043f\u0438\u0441\u0430\u043d\u043e \u0430\u0432\u0442\u043e\u0440\u043e\u043c":"Antalya K\u00f6rfez","\u041f\u0440\u0438\u043c\u0435\u0440\u043d\u043e\u0435 \u0432\u0440\u0435\u043c\u044f \u0434\u043b\u044f \u0447\u0442\u0435\u043d\u0438\u044f":"1 \u043c\u0438\u043d\u0443\u0442\u0430"},"schema":{"@context":"https:\/\/schema.org","@graph":[{"@type":"Article","@id":"https:\/\/denizcankizil.tr\/ru\/haberler\/gundem\/antalya-genclik-meclisinden-tbmm-ziyareti\/#article","isPartOf":{"@id":"https:\/\/denizcankizil.tr\/ru\/haberler\/gundem\/antalya-genclik-meclisinden-tbmm-ziyareti\/"},"author":{"name":"Antalya K\u00f6rfez","@id":"https:\/\/denizcankizil.tr\/#\/schema\/person\/e1eb71bb4dd684d46563f0af307e1234"},"headline":"Antalya Gen\u00e7lik Meclisi&#8217;nden TBMM ziyareti","datePublished":"2025-06-24T20:41:15+00:00","mainEntityOfPage":{"@id":"https:\/\/denizcankizil.tr\/ru\/haberler\/gundem\/antalya-genclik-meclisinden-tbmm-ziyareti\/"},"wordCount":226,"publisher":{"@id":"https:\/\/denizcankizil.tr\/#organization"},"articleSection":["G\u00fcndem"],"inLanguage":"ru-RU"},{"@type":"WebPage","@id":"https:\/\/denizcankizil.tr\/ru\/haberler\/gundem\/antalya-genclik-meclisinden-tbmm-ziyareti\/","url":"https:\/\/denizcankizil.tr\/ru\/haberler\/gundem\/antalya-genclik-meclisinden-tbmm-ziyareti\/","name":"Antalya Gen\u00e7lik Meclisi'nden TBMM ziyareti - Av. Deniz Can K\u0131z\u0131l","isPartOf":{"@id":"https:\/\/denizcankizil.tr\/#website"},"datePublished":"2025-06-24T20:41:15+00:00","breadcrumb":{"@id":"https:\/\/denizcankizil.tr\/ru\/haberler\/gundem\/antalya-genclik-meclisinden-tbmm-ziyareti\/#breadcrumb"},"inLanguage":"ru-RU","potentialAction":[{"@type":"ReadAction","target":["https:\/\/denizcankizil.tr\/ru\/haberler\/gundem\/antalya-genclik-meclisinden-tbmm-ziyareti\/"]}]},{"@type":"BreadcrumbList","@id":"https:\/\/denizcankizil.tr\/ru\/haberler\/gundem\/antalya-genclik-meclisinden-tbmm-ziyareti\/#breadcrumb","itemListElement":[{"@type":"ListItem","position":1,"name":"Home","item":"https:\/\/denizcankizil.tr\/de\/"},{"@type":"ListItem","position":2,"name":"Antalya Gen\u00e7lik Meclisi&#8217;nden TBMM ziyareti"}]},{"@type":"WebSite","@id":"https:\/\/denizcankizil.tr\/#website","url":"https:\/\/denizcankizil.tr\/","name":"Av. Deniz Can K\u0131z\u0131l","description":"Avukat Deniz Can K\u0131z\u0131l Antalya Barosu","publisher":{"@id":"https:\/\/denizcankizil.tr\/#organization"},"potentialAction":[{"@type":"SearchAction","target":{"@type":"EntryPoint","urlTemplate":"https:\/\/denizcankizil.tr\/?s={search_term_string}"},"query-input":{"@type":"PropertyValueSpecification","valueRequired":true,"valueName":"search_term_string"}}],"inLanguage":"ru-RU"},{"@type":"Organization","@id":"https:\/\/denizcankizil.tr\/#organization","name":"Av. Deniz Can K\u0131z\u0131l","url":"https:\/\/denizcankizil.tr\/","logo":{"@type":"ImageObject","inLanguage":"ru-RU","@id":"https:\/\/denizcankizil.tr\/#\/schema\/logo\/image\/","url":"https:\/\/denizcankizil.tr\/wp-content\/uploads\/2024\/10\/siyah-logo-svg.svg","contentUrl":"https:\/\/denizcankizil.tr\/wp-content\/uploads\/2024\/10\/siyah-logo-svg.svg","width":1080,"height":1080,"caption":"Av. Deniz Can K\u0131z\u0131l"},"image":{"@id":"https:\/\/denizcankizil.tr\/#\/schema\/logo\/image\/"}},{"@type":"Person","@id":"https:\/\/denizcankizil.tr\/#\/schema\/person\/e1eb71bb4dd684d46563f0af307e1234","name":"Antalya K\u00f6rfez","image":{"@type":"ImageObject","inLanguage":"ru-RU","@id":"https:\/\/denizcankizil.tr\/#\/schema\/person\/image\/","url":"https:\/\/secure.gravatar.com\/avatar\/42b01982558a48a0b501fdcab6a408d3717ea5919095ee2e67b0e521799c5905?s=96&d=mm&r=g","contentUrl":"https:\/\/secure.gravatar.com\/avatar\/42b01982558a48a0b501fdcab6a408d3717ea5919095ee2e67b0e521799c5905?s=96&d=mm&r=g","caption":"Antalya K\u00f6rfez"},"sameAs":["http:\/\/www.antalyakorfez.com"],"url":"https:\/\/www.antalyakorfez.com\/antalya-genclik-meclisinden-tbmm-ziyareti"}]}},"_links":{"self":[{"href":"https:\/\/denizcankizil.tr\/ru\/wp-json\/wp\/v2\/posts\/125542","targetHints":{"allow":["GET"]}}],"collection":[{"href":"https:\/\/denizcankizil.tr\/ru\/wp-json\/wp\/v2\/posts"}],"about":[{"href":"https:\/\/denizcankizil.tr\/ru\/wp-json\/wp\/v2\/types\/post"}],"author":[{"embeddable":true,"href":"https:\/\/denizcankizil.tr\/ru\/wp-json\/wp\/v2\/users\/5"}],"replies":[{"embeddable":true,"href":"https:\/\/denizcankizil.tr\/ru\/wp-json\/wp\/v2\/comments?post=125542"}],"version-history":[{"count":0,"href":"https:\/\/denizcankizil.tr\/ru\/wp-json\/wp\/v2\/posts\/125542\/revisions"}],"wp:attachment":[{"href":"https:\/\/denizcankizil.tr\/ru\/wp-json\/wp\/v2\/media?parent=125542"}],"wp:term":[{"taxonomy":"category","embeddable":true,"href":"https:\/\/denizcankizil.tr\/ru\/wp-json\/wp\/v2\/categories?post=125542"},{"taxonomy":"post_tag","embeddable":true,"href":"https:\/\/denizcankizil.tr\/ru\/wp-json\/wp\/v2\/tags?post=125542"}],"curies":[{"name":"wp","href":"https:\/\/api.w.org\/{rel}","templated":true}]}}