{"id":125293,"date":"2025-06-24T17:41:18","date_gmt":"2025-06-24T14:41:18","guid":{"rendered":"https:\/\/denizcankizil.tr\/uncategorized-tr\/ispartada-sap-hastaligi-giris-cikis-yasaklandi\/"},"modified":"2025-06-24T17:41:18","modified_gmt":"2025-06-24T14:41:18","slug":"ispartada-sap-hastaligi-giris-cikis-yasaklandi","status":"publish","type":"post","link":"https:\/\/denizcankizil.tr\/ru\/haberler\/gundem\/ispartada-sap-hastaligi-giris-cikis-yasaklandi\/","title":{"rendered":"Isparta&#8217;da \u015fap hastal\u0131\u011f\u0131: Giri\u015f \u00e7\u0131k\u0131\u015f yasakland\u0131"},"content":{"rendered":"<p>Isparta&#8217;n\u0131n E\u011firdir il\u00e7esine ba\u011fl\u0131 Sar\u0131idris kasabas\u0131nda, \u015fap hastal\u0131\u011f\u0131n\u0131n tespit edilmesi \u00fczerine, hayvan sa\u011fl\u0131\u011f\u0131n\u0131 korumaya y\u00f6nelik kasabaya ba\u011fl\u0131 G\u00f6k\u00e7eh\u00f6y\u00fck, Ba\u011fc\u0131k ve Mahmatlar k\u00f6ylerinde hayvan giri\u015f \u00e7\u0131k\u0131\u015flar\u0131 ge\u00e7ici olarak yasakland\u0131.<\/p>\n<p>3 K\u00d6YDE G\u0130R\u0130\u015e \u00c7IKI\u015e YASAKLANDI <\/p>\n<p>E\u011firdir \u0130l\u00e7e Tar\u0131m ve Orman M\u00fcd\u00fcrl\u00fc\u011f\u00fc ekipleri, hastal\u0131\u011f\u0131n yay\u0131lmas\u0131n\u0131 \u00f6nlemek amac\u0131yla karantina tedbirlerini uygulamaya koydu. Sar\u0131idris kasabas\u0131nda \u015fap hastal\u0131\u011f\u0131n\u0131n tespit edilmesi \u00fczerine, hayvan sa\u011fl\u0131\u011f\u0131n\u0131 korumaya y\u00f6nelik kasabaya ba\u011fl\u0131 G\u00f6k\u00e7eh\u00f6y\u00fck, Ba\u011fc\u0131k ve Mahmatlar k\u00f6ylerinde hayvan hareketleri tamamen durdurulurken, b\u00f6lgede kapsaml\u0131 bir a\u015f\u0131lama \u00e7al\u0131\u015fmas\u0131 ba\u015flat\u0131laca\u011f\u0131 a\u00e7\u0131kland\u0131.<\/p>\n<p>HAYVANLAR ARASINDA HIZLA YAYILIYOR <\/p>\n<p>Yetkililer, vatanda\u015flar\u0131n \u00f6nlemlere hassasiyetle uymas\u0131n\u0131 isterken, \u015fap hastal\u0131\u011f\u0131n\u0131n \u00f6zellikle b\u00fcy\u00fckba\u015f ve k\u00fc\u00e7\u00fckba\u015f hayvanlar aras\u0131nda h\u0131zla yay\u0131labildi\u011fine dikkat \u00e7ekti. Al\u0131nan \u00f6nlemler kapsam\u0131nda, hayvanlar\u0131n kontrols\u00fcz \u015fekilde ba\u015fka b\u00f6lgelere ta\u015f\u0131nmas\u0131 yasakland\u0131. B\u00f6lgedeki hayvan sahiplerinin ma\u011fdur olmamas\u0131 i\u00e7in gerekli destek \u00e7al\u0131\u015fmalar\u0131n\u0131n da k\u0131sa s\u00fcrede ba\u015flat\u0131laca\u011f\u0131 belirtildi. \u015e\u00fcpheli durumlar\u0131n derhal \u0130l\u00e7e Tar\u0131m ve Orman M\u00fcd\u00fcrl\u00fc\u011f\u00fc&#8217;ne bildirilmesi istendi.<\/p>\n<p>\u200bIsparta&#8217;n\u0131n E\u011firdir il\u00e7esine ba\u011fl\u0131 Sar\u0131idris kasabas\u0131nda \u015fap hastal\u0131\u011f\u0131 tespit edildi. Hayvan giri\u015f \u00e7\u0131k\u0131\u015f\u0131n\u0131n yasakland\u0131\u011f\u0131 3 k\u00f6yde ekipler \u00e7al\u0131\u015fma ba\u015flatt\u0131.\u00a0<\/p>\n<p>\u200bHaberin Al\u0131nt\u0131land\u0131\u011f\u0131 Kaynak: www.antalyakorfez.com<\/p>","protected":false},"excerpt":{"rendered":"<p>Isparta&#8217;n\u0131n E\u011firdir il\u00e7esine ba\u011fl\u0131 Sar\u0131idris kasabas\u0131nda, \u015fap hastal\u0131\u011f\u0131n\u0131n tespit edilmesi \u00fczerine, hayvan sa\u011fl\u0131\u011f\u0131n\u0131 korumaya y\u00f6nelik kasabaya ba\u011fl\u0131 G\u00f6k\u00e7eh\u00f6y\u00fck, Ba\u011fc\u0131k ve Mahmatlar k\u00f6ylerinde hayvan giri\u015f \u00e7\u0131k\u0131\u015flar\u0131 ge\u00e7ici olarak yasakland\u0131. 3 K\u00d6YDE G\u0130R\u0130\u015e \u00c7IKI\u015e YASAKLANDI E\u011firdir \u0130l\u00e7e Tar\u0131m ve Orman M\u00fcd\u00fcrl\u00fc\u011f\u00fc ekipleri, hastal\u0131\u011f\u0131n yay\u0131lmas\u0131n\u0131 \u00f6nlemek amac\u0131yla karantina tedbirlerini uygulamaya koydu. Sar\u0131idris kasabas\u0131nda \u015fap hastal\u0131\u011f\u0131n\u0131n tespit edilmesi \u00fczerine, hayvan sa\u011fl\u0131\u011f\u0131n\u0131 korumaya y\u00f6nelik kasabaya ba\u011fl\u0131 G\u00f6k\u00e7eh\u00f6y\u00fck, Ba\u011fc\u0131k ve Mahmatlar k\u00f6ylerinde hayvan hareketleri tamamen durdurulurken, b\u00f6lgede kapsaml\u0131 bir a\u015f\u0131lama \u00e7al\u0131\u015fmas\u0131 ba\u015flat\u0131laca\u011f\u0131 a\u00e7\u0131kland\u0131. HAYVANLAR ARASINDA HIZLA YAYILIYOR Yetkililer, vatanda\u015flar\u0131n \u00f6nlemlere hassasiyetle uymas\u0131n\u0131 isterken, \u015fap hastal\u0131\u011f\u0131n\u0131n \u00f6zellikle b\u00fcy\u00fckba\u015f ve k\u00fc\u00e7\u00fckba\u015f hayvanlar aras\u0131nda h\u0131zla yay\u0131labildi\u011fine dikkat \u00e7ekti. Al\u0131nan \u00f6nlemler kapsam\u0131nda, hayvanlar\u0131n kontrols\u00fcz \u015fekilde ba\u015fka b\u00f6lgelere ta\u015f\u0131nmas\u0131 yasakland\u0131. B\u00f6lgedeki hayvan sahiplerinin ma\u011fdur olmamas\u0131 i\u00e7in gerekli destek \u00e7al\u0131\u015fmalar\u0131n\u0131n da k\u0131sa s\u00fcrede ba\u015flat\u0131laca\u011f\u0131 belirtildi. \u015e\u00fcpheli durumlar\u0131n derhal \u0130l\u00e7e Tar\u0131m ve Orman M\u00fcd\u00fcrl\u00fc\u011f\u00fc&#8217;ne bildirilmesi istendi. \u200bIsparta&#8217;n\u0131n E\u011firdir il\u00e7esine ba\u011fl\u0131 Sar\u0131idris kasabas\u0131nda \u015fap hastal\u0131\u011f\u0131 tespit edildi. Hayvan giri\u015f \u00e7\u0131k\u0131\u015f\u0131n\u0131n yasakland\u0131\u011f\u0131 3 k\u00f6yde ekipler \u00e7al\u0131\u015fma ba\u015flatt\u0131.\u00a0 \u200bHaberin Al\u0131nt\u0131land\u0131\u011f\u0131 Kaynak: www.antalyakorfez.com<\/p>","protected":false},"author":5,"featured_media":0,"comment_status":"","ping_status":"open","sticky":false,"template":"","format":"standard","meta":{"_acf_changed":false,"footnotes":""},"categories":[24],"tags":[],"class_list":["post-125293","post","type-post","status-publish","format-standard","has-post-thumbnail","hentry","category-gundem"],"acf":[],"yoast_head":"<!-- This site is optimized with the Yoast SEO Premium plugin v26.6 (Yoast SEO v27.1.1) - https:\/\/yoast.com\/product\/yoast-seo-premium-wordpress\/ -->\n<title>Isparta&#039;da \u015fap hastal\u0131\u011f\u0131: Giri\u015f \u00e7\u0131k\u0131\u015f yasakland\u0131 - Av. Deniz Can K\u0131z\u0131l<\/title>\n<meta name=\"robots\" content=\"index, follow, max-snippet:-1, max-image-preview:large, max-video-preview:-1\" \/>\n<link rel=\"canonical\" href=\"https:\/\/denizcankizil.tr\/ru\/haberler\/gundem\/ispartada-sap-hastaligi-giris-cikis-yasaklandi\/\" \/>\n<meta property=\"og:locale\" content=\"ru_RU\" \/>\n<meta property=\"og:type\" content=\"article\" \/>\n<meta property=\"og:title\" content=\"Isparta&#039;da \u015fap hastal\u0131\u011f\u0131: Giri\u015f \u00e7\u0131k\u0131\u015f yasakland\u0131\" \/>\n<meta property=\"og:description\" content=\"Isparta&#8217;n\u0131n E\u011firdir il\u00e7esine ba\u011fl\u0131 Sar\u0131idris kasabas\u0131nda, \u015fap hastal\u0131\u011f\u0131n\u0131n tespit edilmesi \u00fczerine, hayvan sa\u011fl\u0131\u011f\u0131n\u0131 korumaya y\u00f6nelik kasabaya ba\u011fl\u0131 G\u00f6k\u00e7eh\u00f6y\u00fck, Ba\u011fc\u0131k ve Mahmatlar k\u00f6ylerinde hayvan giri\u015f \u00e7\u0131k\u0131\u015flar\u0131 ge\u00e7ici olarak yasakland\u0131. 3 K\u00d6YDE G\u0130R\u0130\u015e \u00c7IKI\u015e YASAKLANDI E\u011firdir \u0130l\u00e7e Tar\u0131m ve Orman M\u00fcd\u00fcrl\u00fc\u011f\u00fc ekipleri, hastal\u0131\u011f\u0131n yay\u0131lmas\u0131n\u0131 \u00f6nlemek amac\u0131yla karantina tedbirlerini uygulamaya koydu. Sar\u0131idris kasabas\u0131nda \u015fap hastal\u0131\u011f\u0131n\u0131n tespit edilmesi \u00fczerine, hayvan sa\u011fl\u0131\u011f\u0131n\u0131 korumaya y\u00f6nelik kasabaya ba\u011fl\u0131 G\u00f6k\u00e7eh\u00f6y\u00fck, Ba\u011fc\u0131k ve Mahmatlar k\u00f6ylerinde hayvan hareketleri tamamen durdurulurken, b\u00f6lgede kapsaml\u0131 bir a\u015f\u0131lama \u00e7al\u0131\u015fmas\u0131 ba\u015flat\u0131laca\u011f\u0131 a\u00e7\u0131kland\u0131. HAYVANLAR ARASINDA HIZLA YAYILIYOR Yetkililer, vatanda\u015flar\u0131n \u00f6nlemlere hassasiyetle uymas\u0131n\u0131 isterken, \u015fap hastal\u0131\u011f\u0131n\u0131n \u00f6zellikle b\u00fcy\u00fckba\u015f ve k\u00fc\u00e7\u00fckba\u015f hayvanlar aras\u0131nda h\u0131zla yay\u0131labildi\u011fine dikkat \u00e7ekti. Al\u0131nan \u00f6nlemler kapsam\u0131nda, hayvanlar\u0131n kontrols\u00fcz \u015fekilde ba\u015fka b\u00f6lgelere ta\u015f\u0131nmas\u0131 yasakland\u0131. B\u00f6lgedeki hayvan sahiplerinin ma\u011fdur olmamas\u0131 i\u00e7in gerekli destek \u00e7al\u0131\u015fmalar\u0131n\u0131n da k\u0131sa s\u00fcrede ba\u015flat\u0131laca\u011f\u0131 belirtildi. \u015e\u00fcpheli durumlar\u0131n derhal \u0130l\u00e7e Tar\u0131m ve Orman M\u00fcd\u00fcrl\u00fc\u011f\u00fc&#8217;ne bildirilmesi istendi. \u200bIsparta&#8217;n\u0131n E\u011firdir il\u00e7esine ba\u011fl\u0131 Sar\u0131idris kasabas\u0131nda \u015fap hastal\u0131\u011f\u0131 tespit edildi. Hayvan giri\u015f \u00e7\u0131k\u0131\u015f\u0131n\u0131n yasakland\u0131\u011f\u0131 3 k\u00f6yde ekipler \u00e7al\u0131\u015fma ba\u015flatt\u0131.\u00a0 \u200bHaberin Al\u0131nt\u0131land\u0131\u011f\u0131 Kaynak: www.antalyakorfez.com\" \/>\n<meta property=\"og:url\" content=\"https:\/\/denizcankizil.tr\/ru\/haberler\/gundem\/ispartada-sap-hastaligi-giris-cikis-yasaklandi\/\" \/>\n<meta property=\"og:site_name\" content=\"Av. Deniz Can K\u0131z\u0131l\" \/>\n<meta property=\"article:published_time\" content=\"2025-06-24T14:41:18+00:00\" \/>\n<meta name=\"author\" content=\"Antalya K\u00f6rfez\" \/>\n<meta name=\"twitter:card\" content=\"summary_large_image\" \/>\n<meta name=\"twitter:label1\" content=\"\u041d\u0430\u043f\u0438\u0441\u0430\u043d\u043e \u0430\u0432\u0442\u043e\u0440\u043e\u043c\" \/>\n\t<meta name=\"twitter:data1\" content=\"Antalya K\u00f6rfez\" \/>\n\t<meta name=\"twitter:label2\" content=\"\u041f\u0440\u0438\u043c\u0435\u0440\u043d\u043e\u0435 \u0432\u0440\u0435\u043c\u044f \u0434\u043b\u044f \u0447\u0442\u0435\u043d\u0438\u044f\" \/>\n\t<meta name=\"twitter:data2\" content=\"1 \u043c\u0438\u043d\u0443\u0442\u0430\" \/>\n<script type=\"application\/ld+json\" class=\"yoast-schema-graph\">{\"@context\":\"https:\/\/schema.org\",\"@graph\":[{\"@type\":\"Article\",\"@id\":\"https:\/\/denizcankizil.tr\/ru\/haberler\/gundem\/ispartada-sap-hastaligi-giris-cikis-yasaklandi\/#article\",\"isPartOf\":{\"@id\":\"https:\/\/denizcankizil.tr\/ru\/haberler\/gundem\/ispartada-sap-hastaligi-giris-cikis-yasaklandi\/\"},\"author\":{\"name\":\"Antalya K\u00f6rfez\",\"@id\":\"https:\/\/denizcankizil.tr\/#\/schema\/person\/e1eb71bb4dd684d46563f0af307e1234\"},\"headline\":\"Isparta&#8217;da \u015fap hastal\u0131\u011f\u0131: Giri\u015f \u00e7\u0131k\u0131\u015f yasakland\u0131\",\"datePublished\":\"2025-06-24T14:41:18+00:00\",\"mainEntityOfPage\":{\"@id\":\"https:\/\/denizcankizil.tr\/ru\/haberler\/gundem\/ispartada-sap-hastaligi-giris-cikis-yasaklandi\/\"},\"wordCount\":266,\"publisher\":{\"@id\":\"https:\/\/denizcankizil.tr\/#organization\"},\"articleSection\":[\"G\u00fcndem\"],\"inLanguage\":\"ru-RU\"},{\"@type\":\"WebPage\",\"@id\":\"https:\/\/denizcankizil.tr\/ru\/haberler\/gundem\/ispartada-sap-hastaligi-giris-cikis-yasaklandi\/\",\"url\":\"https:\/\/denizcankizil.tr\/ru\/haberler\/gundem\/ispartada-sap-hastaligi-giris-cikis-yasaklandi\/\",\"name\":\"Isparta'da \u015fap hastal\u0131\u011f\u0131: Giri\u015f \u00e7\u0131k\u0131\u015f yasakland\u0131 - Av. Deniz Can K\u0131z\u0131l\",\"isPartOf\":{\"@id\":\"https:\/\/denizcankizil.tr\/#website\"},\"datePublished\":\"2025-06-24T14:41:18+00:00\",\"breadcrumb\":{\"@id\":\"https:\/\/denizcankizil.tr\/ru\/haberler\/gundem\/ispartada-sap-hastaligi-giris-cikis-yasaklandi\/#breadcrumb\"},\"inLanguage\":\"ru-RU\",\"potentialAction\":[{\"@type\":\"ReadAction\",\"target\":[\"https:\/\/denizcankizil.tr\/ru\/haberler\/gundem\/ispartada-sap-hastaligi-giris-cikis-yasaklandi\/\"]}]},{\"@type\":\"BreadcrumbList\",\"@id\":\"https:\/\/denizcankizil.tr\/ru\/haberler\/gundem\/ispartada-sap-hastaligi-giris-cikis-yasaklandi\/#breadcrumb\",\"itemListElement\":[{\"@type\":\"ListItem\",\"position\":1,\"name\":\"Home\",\"item\":\"https:\/\/denizcankizil.tr\/de\/\"},{\"@type\":\"ListItem\",\"position\":2,\"name\":\"Isparta&#8217;da \u015fap hastal\u0131\u011f\u0131: Giri\u015f \u00e7\u0131k\u0131\u015f yasakland\u0131\"}]},{\"@type\":\"WebSite\",\"@id\":\"https:\/\/denizcankizil.tr\/#website\",\"url\":\"https:\/\/denizcankizil.tr\/\",\"name\":\"Av. Deniz Can K\u0131z\u0131l\",\"description\":\"Avukat Deniz Can K\u0131z\u0131l Antalya Barosu\",\"publisher\":{\"@id\":\"https:\/\/denizcankizil.tr\/#organization\"},\"potentialAction\":[{\"@type\":\"SearchAction\",\"target\":{\"@type\":\"EntryPoint\",\"urlTemplate\":\"https:\/\/denizcankizil.tr\/?s={search_term_string}\"},\"query-input\":{\"@type\":\"PropertyValueSpecification\",\"valueRequired\":true,\"valueName\":\"search_term_string\"}}],\"inLanguage\":\"ru-RU\"},{\"@type\":\"Organization\",\"@id\":\"https:\/\/denizcankizil.tr\/#organization\",\"name\":\"Av. Deniz Can K\u0131z\u0131l\",\"url\":\"https:\/\/denizcankizil.tr\/\",\"logo\":{\"@type\":\"ImageObject\",\"inLanguage\":\"ru-RU\",\"@id\":\"https:\/\/denizcankizil.tr\/#\/schema\/logo\/image\/\",\"url\":\"https:\/\/denizcankizil.tr\/wp-content\/uploads\/2024\/10\/siyah-logo-svg.svg\",\"contentUrl\":\"https:\/\/denizcankizil.tr\/wp-content\/uploads\/2024\/10\/siyah-logo-svg.svg\",\"width\":1080,\"height\":1080,\"caption\":\"Av. Deniz Can K\u0131z\u0131l\"},\"image\":{\"@id\":\"https:\/\/denizcankizil.tr\/#\/schema\/logo\/image\/\"}},{\"@type\":\"Person\",\"@id\":\"https:\/\/denizcankizil.tr\/#\/schema\/person\/e1eb71bb4dd684d46563f0af307e1234\",\"name\":\"Antalya K\u00f6rfez\",\"image\":{\"@type\":\"ImageObject\",\"inLanguage\":\"ru-RU\",\"@id\":\"https:\/\/denizcankizil.tr\/#\/schema\/person\/image\/\",\"url\":\"https:\/\/secure.gravatar.com\/avatar\/42b01982558a48a0b501fdcab6a408d3717ea5919095ee2e67b0e521799c5905?s=96&d=mm&r=g\",\"contentUrl\":\"https:\/\/secure.gravatar.com\/avatar\/42b01982558a48a0b501fdcab6a408d3717ea5919095ee2e67b0e521799c5905?s=96&d=mm&r=g\",\"caption\":\"Antalya K\u00f6rfez\"},\"sameAs\":[\"http:\/\/www.antalyakorfez.com\"],\"url\":\"https:\/\/www.antalyakorfez.com\/ispartada-sap-hastaligi-giris-cikis-yasaklandi\"}]}<\/script>\n<!-- \/ Yoast SEO Premium plugin. -->","yoast_head_json":{"title":"Isparta'da \u015fap hastal\u0131\u011f\u0131: Giri\u015f \u00e7\u0131k\u0131\u015f yasakland\u0131 - Av. Deniz Can K\u0131z\u0131l","robots":{"index":"index","follow":"follow","max-snippet":"max-snippet:-1","max-image-preview":"max-image-preview:large","max-video-preview":"max-video-preview:-1"},"canonical":"https:\/\/denizcankizil.tr\/ru\/haberler\/gundem\/ispartada-sap-hastaligi-giris-cikis-yasaklandi\/","og_locale":"ru_RU","og_type":"article","og_title":"Isparta'da \u015fap hastal\u0131\u011f\u0131: Giri\u015f \u00e7\u0131k\u0131\u015f yasakland\u0131","og_description":"Isparta&#8217;n\u0131n E\u011firdir il\u00e7esine ba\u011fl\u0131 Sar\u0131idris kasabas\u0131nda, \u015fap hastal\u0131\u011f\u0131n\u0131n tespit edilmesi \u00fczerine, hayvan sa\u011fl\u0131\u011f\u0131n\u0131 korumaya y\u00f6nelik kasabaya ba\u011fl\u0131 G\u00f6k\u00e7eh\u00f6y\u00fck, Ba\u011fc\u0131k ve Mahmatlar k\u00f6ylerinde hayvan giri\u015f \u00e7\u0131k\u0131\u015flar\u0131 ge\u00e7ici olarak yasakland\u0131. 3 K\u00d6YDE G\u0130R\u0130\u015e \u00c7IKI\u015e YASAKLANDI E\u011firdir \u0130l\u00e7e Tar\u0131m ve Orman M\u00fcd\u00fcrl\u00fc\u011f\u00fc ekipleri, hastal\u0131\u011f\u0131n yay\u0131lmas\u0131n\u0131 \u00f6nlemek amac\u0131yla karantina tedbirlerini uygulamaya koydu. Sar\u0131idris kasabas\u0131nda \u015fap hastal\u0131\u011f\u0131n\u0131n tespit edilmesi \u00fczerine, hayvan sa\u011fl\u0131\u011f\u0131n\u0131 korumaya y\u00f6nelik kasabaya ba\u011fl\u0131 G\u00f6k\u00e7eh\u00f6y\u00fck, Ba\u011fc\u0131k ve Mahmatlar k\u00f6ylerinde hayvan hareketleri tamamen durdurulurken, b\u00f6lgede kapsaml\u0131 bir a\u015f\u0131lama \u00e7al\u0131\u015fmas\u0131 ba\u015flat\u0131laca\u011f\u0131 a\u00e7\u0131kland\u0131. HAYVANLAR ARASINDA HIZLA YAYILIYOR Yetkililer, vatanda\u015flar\u0131n \u00f6nlemlere hassasiyetle uymas\u0131n\u0131 isterken, \u015fap hastal\u0131\u011f\u0131n\u0131n \u00f6zellikle b\u00fcy\u00fckba\u015f ve k\u00fc\u00e7\u00fckba\u015f hayvanlar aras\u0131nda h\u0131zla yay\u0131labildi\u011fine dikkat \u00e7ekti. Al\u0131nan \u00f6nlemler kapsam\u0131nda, hayvanlar\u0131n kontrols\u00fcz \u015fekilde ba\u015fka b\u00f6lgelere ta\u015f\u0131nmas\u0131 yasakland\u0131. B\u00f6lgedeki hayvan sahiplerinin ma\u011fdur olmamas\u0131 i\u00e7in gerekli destek \u00e7al\u0131\u015fmalar\u0131n\u0131n da k\u0131sa s\u00fcrede ba\u015flat\u0131laca\u011f\u0131 belirtildi. \u015e\u00fcpheli durumlar\u0131n derhal \u0130l\u00e7e Tar\u0131m ve Orman M\u00fcd\u00fcrl\u00fc\u011f\u00fc&#8217;ne bildirilmesi istendi. \u200bIsparta&#8217;n\u0131n E\u011firdir il\u00e7esine ba\u011fl\u0131 Sar\u0131idris kasabas\u0131nda \u015fap hastal\u0131\u011f\u0131 tespit edildi. Hayvan giri\u015f \u00e7\u0131k\u0131\u015f\u0131n\u0131n yasakland\u0131\u011f\u0131 3 k\u00f6yde ekipler \u00e7al\u0131\u015fma ba\u015flatt\u0131.\u00a0 \u200bHaberin Al\u0131nt\u0131land\u0131\u011f\u0131 Kaynak: www.antalyakorfez.com","og_url":"https:\/\/denizcankizil.tr\/ru\/haberler\/gundem\/ispartada-sap-hastaligi-giris-cikis-yasaklandi\/","og_site_name":"Av. Deniz Can K\u0131z\u0131l","article_published_time":"2025-06-24T14:41:18+00:00","author":"Antalya K\u00f6rfez","twitter_card":"summary_large_image","twitter_misc":{"\u041d\u0430\u043f\u0438\u0441\u0430\u043d\u043e \u0430\u0432\u0442\u043e\u0440\u043e\u043c":"Antalya K\u00f6rfez","\u041f\u0440\u0438\u043c\u0435\u0440\u043d\u043e\u0435 \u0432\u0440\u0435\u043c\u044f \u0434\u043b\u044f \u0447\u0442\u0435\u043d\u0438\u044f":"1 \u043c\u0438\u043d\u0443\u0442\u0430"},"schema":{"@context":"https:\/\/schema.org","@graph":[{"@type":"Article","@id":"https:\/\/denizcankizil.tr\/ru\/haberler\/gundem\/ispartada-sap-hastaligi-giris-cikis-yasaklandi\/#article","isPartOf":{"@id":"https:\/\/denizcankizil.tr\/ru\/haberler\/gundem\/ispartada-sap-hastaligi-giris-cikis-yasaklandi\/"},"author":{"name":"Antalya K\u00f6rfez","@id":"https:\/\/denizcankizil.tr\/#\/schema\/person\/e1eb71bb4dd684d46563f0af307e1234"},"headline":"Isparta&#8217;da \u015fap hastal\u0131\u011f\u0131: Giri\u015f \u00e7\u0131k\u0131\u015f yasakland\u0131","datePublished":"2025-06-24T14:41:18+00:00","mainEntityOfPage":{"@id":"https:\/\/denizcankizil.tr\/ru\/haberler\/gundem\/ispartada-sap-hastaligi-giris-cikis-yasaklandi\/"},"wordCount":266,"publisher":{"@id":"https:\/\/denizcankizil.tr\/#organization"},"articleSection":["G\u00fcndem"],"inLanguage":"ru-RU"},{"@type":"WebPage","@id":"https:\/\/denizcankizil.tr\/ru\/haberler\/gundem\/ispartada-sap-hastaligi-giris-cikis-yasaklandi\/","url":"https:\/\/denizcankizil.tr\/ru\/haberler\/gundem\/ispartada-sap-hastaligi-giris-cikis-yasaklandi\/","name":"Isparta'da \u015fap hastal\u0131\u011f\u0131: Giri\u015f \u00e7\u0131k\u0131\u015f yasakland\u0131 - Av. Deniz Can K\u0131z\u0131l","isPartOf":{"@id":"https:\/\/denizcankizil.tr\/#website"},"datePublished":"2025-06-24T14:41:18+00:00","breadcrumb":{"@id":"https:\/\/denizcankizil.tr\/ru\/haberler\/gundem\/ispartada-sap-hastaligi-giris-cikis-yasaklandi\/#breadcrumb"},"inLanguage":"ru-RU","potentialAction":[{"@type":"ReadAction","target":["https:\/\/denizcankizil.tr\/ru\/haberler\/gundem\/ispartada-sap-hastaligi-giris-cikis-yasaklandi\/"]}]},{"@type":"BreadcrumbList","@id":"https:\/\/denizcankizil.tr\/ru\/haberler\/gundem\/ispartada-sap-hastaligi-giris-cikis-yasaklandi\/#breadcrumb","itemListElement":[{"@type":"ListItem","position":1,"name":"Home","item":"https:\/\/denizcankizil.tr\/de\/"},{"@type":"ListItem","position":2,"name":"Isparta&#8217;da \u015fap hastal\u0131\u011f\u0131: Giri\u015f \u00e7\u0131k\u0131\u015f yasakland\u0131"}]},{"@type":"WebSite","@id":"https:\/\/denizcankizil.tr\/#website","url":"https:\/\/denizcankizil.tr\/","name":"Av. Deniz Can K\u0131z\u0131l","description":"Avukat Deniz Can K\u0131z\u0131l Antalya Barosu","publisher":{"@id":"https:\/\/denizcankizil.tr\/#organization"},"potentialAction":[{"@type":"SearchAction","target":{"@type":"EntryPoint","urlTemplate":"https:\/\/denizcankizil.tr\/?s={search_term_string}"},"query-input":{"@type":"PropertyValueSpecification","valueRequired":true,"valueName":"search_term_string"}}],"inLanguage":"ru-RU"},{"@type":"Organization","@id":"https:\/\/denizcankizil.tr\/#organization","name":"Av. Deniz Can K\u0131z\u0131l","url":"https:\/\/denizcankizil.tr\/","logo":{"@type":"ImageObject","inLanguage":"ru-RU","@id":"https:\/\/denizcankizil.tr\/#\/schema\/logo\/image\/","url":"https:\/\/denizcankizil.tr\/wp-content\/uploads\/2024\/10\/siyah-logo-svg.svg","contentUrl":"https:\/\/denizcankizil.tr\/wp-content\/uploads\/2024\/10\/siyah-logo-svg.svg","width":1080,"height":1080,"caption":"Av. Deniz Can K\u0131z\u0131l"},"image":{"@id":"https:\/\/denizcankizil.tr\/#\/schema\/logo\/image\/"}},{"@type":"Person","@id":"https:\/\/denizcankizil.tr\/#\/schema\/person\/e1eb71bb4dd684d46563f0af307e1234","name":"Antalya K\u00f6rfez","image":{"@type":"ImageObject","inLanguage":"ru-RU","@id":"https:\/\/denizcankizil.tr\/#\/schema\/person\/image\/","url":"https:\/\/secure.gravatar.com\/avatar\/42b01982558a48a0b501fdcab6a408d3717ea5919095ee2e67b0e521799c5905?s=96&d=mm&r=g","contentUrl":"https:\/\/secure.gravatar.com\/avatar\/42b01982558a48a0b501fdcab6a408d3717ea5919095ee2e67b0e521799c5905?s=96&d=mm&r=g","caption":"Antalya K\u00f6rfez"},"sameAs":["http:\/\/www.antalyakorfez.com"],"url":"https:\/\/www.antalyakorfez.com\/ispartada-sap-hastaligi-giris-cikis-yasaklandi"}]}},"_links":{"self":[{"href":"https:\/\/denizcankizil.tr\/ru\/wp-json\/wp\/v2\/posts\/125293","targetHints":{"allow":["GET"]}}],"collection":[{"href":"https:\/\/denizcankizil.tr\/ru\/wp-json\/wp\/v2\/posts"}],"about":[{"href":"https:\/\/denizcankizil.tr\/ru\/wp-json\/wp\/v2\/types\/post"}],"author":[{"embeddable":true,"href":"https:\/\/denizcankizil.tr\/ru\/wp-json\/wp\/v2\/users\/5"}],"replies":[{"embeddable":true,"href":"https:\/\/denizcankizil.tr\/ru\/wp-json\/wp\/v2\/comments?post=125293"}],"version-history":[{"count":0,"href":"https:\/\/denizcankizil.tr\/ru\/wp-json\/wp\/v2\/posts\/125293\/revisions"}],"wp:attachment":[{"href":"https:\/\/denizcankizil.tr\/ru\/wp-json\/wp\/v2\/media?parent=125293"}],"wp:term":[{"taxonomy":"category","embeddable":true,"href":"https:\/\/denizcankizil.tr\/ru\/wp-json\/wp\/v2\/categories?post=125293"},{"taxonomy":"post_tag","embeddable":true,"href":"https:\/\/denizcankizil.tr\/ru\/wp-json\/wp\/v2\/tags?post=125293"}],"curies":[{"name":"wp","href":"https:\/\/api.w.org\/{rel}","templated":true}]}}