{"id":12521,"date":"2024-11-04T13:41:24","date_gmt":"2024-11-04T10:41:24","guid":{"rendered":"https:\/\/denizcankizil.tr\/uncategorized-tr\/yabanci-uyruklu-ogrenci-ve-kadro-iddialarina-cifte-yalanlama\/"},"modified":"2024-11-04T13:41:24","modified_gmt":"2024-11-04T10:41:24","slug":"yabanci-uyruklu-ogrenci-ve-kadro-iddialarina-cifte-yalanlama","status":"publish","type":"post","link":"https:\/\/denizcankizil.tr\/ru\/haberler\/gundem\/yabanci-uyruklu-ogrenci-ve-kadro-iddialarina-cifte-yalanlama\/","title":{"rendered":"&#8216;Yabanc\u0131 uyruklu \u00f6\u011frenci&#8217; ve &#8216;kadro&#8217; iddialar\u0131na \u00e7ifte yalanlama"},"content":{"rendered":"<p>Baz\u0131 sosyal medya hesaplar\u0131ndan payla\u015f\u0131lan, &#8220;Yabanc\u0131 uyruklu \u00f6\u011frencilere tan\u0131nan ayr\u0131cal\u0131klar a\u00e7\u0131kland\u0131 ve T\u00fcrk \u00f6\u011frencilerin kontenjanlar\u0131 d\u00fc\u015f\u00fcr\u00fcld\u00fc&#8221; iddias\u0131na ili\u015fkin yalanlama hem \u0130leti\u015fim Ba\u015fkanl\u0131\u011f\u0131&#8217;ndan, hem de Sa\u011fl\u0131k Bakanl\u0131\u011f\u0131&#8217;ndan geldi.ANKARA (\u0130GFA) &#8211; Yabanc\u0131 uyruklu \u00f6\u011frencilere ayr\u0131cal\u0131k tan\u0131n\u0131p, T\u00fcrk \u00f6\u011frencilerin kontenjanlar\u0131n\u0131n d\u00fc\u015f\u00fcr\u00fcld\u00fc\u011f\u00fc iddialar\u0131na dair a\u00e7\u0131klama \u0130leti\u015fim Ba\u015fkanl\u0131\u011f\u0131&#8217;ndan geldi.<br \/>\nDezenformasyonla M\u00fccadele Merkezi&#8217;nden yap\u0131lan yaz\u0131l\u0131 a\u00e7\u0131kalamda, 31942 say\u0131l\u0131 T\u0131pta ve Di\u015f Hekimli\u011finde Uzmanl\u0131k E\u011fitimi Y\u00f6netmeli\u011finin 14. maddesi gere\u011fi T\u00fcrk \u00f6\u011frencilerine a\u00e7\u0131lan kontenjanlar\u0131n y\u00fczde 10\u2019unu ge\u00e7meyecek \u015fekilde yabanc\u0131 uyruklu \u00f6\u011frencilere kontenjan a\u00e7\u0131ld\u0131\u011f\u0131n\u0131n alt\u0131 \u00e7izildi.<br \/>\n&#8220;2024 ile 2023 y\u0131llar\u0131 kar\u015f\u0131la\u015ft\u0131r\u0131ld\u0131\u011f\u0131nda toplamda y\u00fczde 21 oran\u0131nda yabanc\u0131 uyruklu kontenjan\u0131 azalt\u0131lm\u0131\u015ft\u0131r&#8221; denilen a\u00e7\u0131klamada, &#8220;Yabanc\u0131 uyruklu uzmanl\u0131k \u00f6\u011frencisi adaylar\u0131 sadece kendi aralar\u0131nda yar\u0131\u015fmakta ve mevzuat gere\u011fi kendilerine \u00f6zg\u00fc a\u00e7\u0131lan kontenjanlara ba\u015fvurmaktad\u0131rlar. S\u0131nav dili T\u00fcrk\u00e7edir. Yabanc\u0131 k\u00f6kenli olup uzmanl\u0131k e\u011fitimi kabul edilenlerde, T\u00fcrkiye\u2019de t\u0131p e\u011fitimi alm\u0131\u015f olmak veya Y\u00d6K\u2019\u00fcn denklik verdi\u011fi \u00fcniversitelerde t\u0131p e\u011fitim alm\u0131\u015f olma zorunlulu\u011fu bulunmakta d\u0131r. Yabanc\u0131 uyruklular ayr\u0131ca mesleki konular\u0131 izleyebilecek derecede T\u00fcrk\u00e7e bildiklerini \u00f6l\u00e7mek amac\u0131yla T\u00fcrk\u00e7e dil bilgisi s\u0131nav\u0131na tabi tutulmaktad\u0131r&#8221; ifadeleri yer ald\u0131.<\/p>\n<p>https:\/\/twitter.com\/saglikbakanligi\/status\/1853099068710351338<\/p>\n<p>\u200bBaz\u0131 sosyal medya hesaplar\u0131ndan payla\u015f\u0131lan, &#8220;Yabanc\u0131 uyruklu \u00f6\u011frencilere tan\u0131nan ayr\u0131cal\u0131klar a\u00e7\u0131kland\u0131 ve T\u00fcrk \u00f6\u011frencilerin kontenjanlar\u0131 d\u00fc\u015f\u00fcr\u00fcld\u00fc&#8221; iddias\u0131na ili\u015fkin yalanlama hem \u0130leti\u015fim Ba\u015fkanl\u0131\u011f\u0131&#8217;ndan, hem de Sa\u011fl\u0131k Bakanl\u0131\u011f\u0131&#8217;ndan geldi\u00a0<\/p>\n<p>\u200bHaberin Al\u0131nt\u0131land\u0131\u011f\u0131 Kaynak: www.iskenderun.org<\/p>","protected":false},"excerpt":{"rendered":"<p>Baz\u0131 sosyal medya hesaplar\u0131ndan payla\u015f\u0131lan, &#8220;Yabanc\u0131 uyruklu \u00f6\u011frencilere tan\u0131nan ayr\u0131cal\u0131klar a\u00e7\u0131kland\u0131 ve T\u00fcrk \u00f6\u011frencilerin kontenjanlar\u0131 d\u00fc\u015f\u00fcr\u00fcld\u00fc&#8221; iddias\u0131na ili\u015fkin yalanlama hem \u0130leti\u015fim Ba\u015fkanl\u0131\u011f\u0131&#8217;ndan, hem de Sa\u011fl\u0131k Bakanl\u0131\u011f\u0131&#8217;ndan geldi.ANKARA (\u0130GFA) &#8211; Yabanc\u0131 uyruklu \u00f6\u011frencilere ayr\u0131cal\u0131k tan\u0131n\u0131p, T\u00fcrk \u00f6\u011frencilerin kontenjanlar\u0131n\u0131n d\u00fc\u015f\u00fcr\u00fcld\u00fc\u011f\u00fc iddialar\u0131na dair a\u00e7\u0131klama \u0130leti\u015fim Ba\u015fkanl\u0131\u011f\u0131&#8217;ndan geldi. Dezenformasyonla M\u00fccadele Merkezi&#8217;nden yap\u0131lan yaz\u0131l\u0131 a\u00e7\u0131kalamda, 31942 say\u0131l\u0131 T\u0131pta ve Di\u015f Hekimli\u011finde Uzmanl\u0131k E\u011fitimi Y\u00f6netmeli\u011finin 14. maddesi gere\u011fi T\u00fcrk \u00f6\u011frencilerine a\u00e7\u0131lan kontenjanlar\u0131n y\u00fczde 10\u2019unu ge\u00e7meyecek \u015fekilde yabanc\u0131 uyruklu \u00f6\u011frencilere kontenjan a\u00e7\u0131ld\u0131\u011f\u0131n\u0131n alt\u0131 \u00e7izildi. &#8220;2024 ile 2023 y\u0131llar\u0131 kar\u015f\u0131la\u015ft\u0131r\u0131ld\u0131\u011f\u0131nda toplamda y\u00fczde 21 oran\u0131nda yabanc\u0131 uyruklu kontenjan\u0131 azalt\u0131lm\u0131\u015ft\u0131r&#8221; denilen a\u00e7\u0131klamada, &#8220;Yabanc\u0131 uyruklu uzmanl\u0131k \u00f6\u011frencisi adaylar\u0131 sadece kendi aralar\u0131nda yar\u0131\u015fmakta ve mevzuat gere\u011fi kendilerine \u00f6zg\u00fc a\u00e7\u0131lan kontenjanlara ba\u015fvurmaktad\u0131rlar. S\u0131nav dili T\u00fcrk\u00e7edir. Yabanc\u0131 k\u00f6kenli olup uzmanl\u0131k e\u011fitimi kabul edilenlerde, T\u00fcrkiye\u2019de t\u0131p e\u011fitimi alm\u0131\u015f olmak veya Y\u00d6K\u2019\u00fcn denklik verdi\u011fi \u00fcniversitelerde t\u0131p e\u011fitim alm\u0131\u015f olma zorunlulu\u011fu bulunmakta d\u0131r. Yabanc\u0131 uyruklular ayr\u0131ca mesleki konular\u0131 izleyebilecek derecede T\u00fcrk\u00e7e bildiklerini \u00f6l\u00e7mek amac\u0131yla T\u00fcrk\u00e7e dil bilgisi s\u0131nav\u0131na tabi tutulmaktad\u0131r&#8221; ifadeleri yer ald\u0131. https:\/\/twitter.com\/saglikbakanligi\/status\/1853099068710351338 \u200bBaz\u0131 sosyal medya hesaplar\u0131ndan payla\u015f\u0131lan, &#8220;Yabanc\u0131 uyruklu \u00f6\u011frencilere tan\u0131nan ayr\u0131cal\u0131klar a\u00e7\u0131kland\u0131 ve T\u00fcrk \u00f6\u011frencilerin kontenjanlar\u0131 d\u00fc\u015f\u00fcr\u00fcld\u00fc&#8221; iddias\u0131na ili\u015fkin yalanlama hem \u0130leti\u015fim Ba\u015fkanl\u0131\u011f\u0131&#8217;ndan, hem de Sa\u011fl\u0131k Bakanl\u0131\u011f\u0131&#8217;ndan geldi\u00a0 \u200bHaberin Al\u0131nt\u0131land\u0131\u011f\u0131 Kaynak: www.iskenderun.org<\/p>","protected":false},"author":0,"featured_media":0,"comment_status":"open","ping_status":"open","sticky":false,"template":"","format":"standard","meta":{"_acf_changed":false,"footnotes":""},"categories":[24,535],"tags":[],"class_list":["post-12521","post","type-post","status-publish","format-standard","has-post-thumbnail","hentry","category-gundem","category-uncategorized-tr"],"acf":[],"yoast_head":"<!-- This site is optimized with the Yoast SEO Premium plugin v26.6 (Yoast SEO v27.1.1) - https:\/\/yoast.com\/product\/yoast-seo-premium-wordpress\/ -->\n<title>&#039;Yabanc\u0131 uyruklu \u00f6\u011frenci&#039; ve &#039;kadro&#039; iddialar\u0131na \u00e7ifte yalanlama - Av. Deniz Can K\u0131z\u0131l<\/title>\n<meta name=\"robots\" content=\"index, follow, max-snippet:-1, max-image-preview:large, max-video-preview:-1\" \/>\n<link rel=\"canonical\" href=\"https:\/\/denizcankizil.tr\/ru\/haberler\/gundem\/yabanci-uyruklu-ogrenci-ve-kadro-iddialarina-cifte-yalanlama\/\" \/>\n<meta property=\"og:locale\" content=\"ru_RU\" \/>\n<meta property=\"og:type\" content=\"article\" \/>\n<meta property=\"og:title\" content=\"&#039;Yabanc\u0131 uyruklu \u00f6\u011frenci&#039; ve &#039;kadro&#039; iddialar\u0131na \u00e7ifte yalanlama\" \/>\n<meta property=\"og:description\" content=\"Baz\u0131 sosyal medya hesaplar\u0131ndan payla\u015f\u0131lan, &#8220;Yabanc\u0131 uyruklu \u00f6\u011frencilere tan\u0131nan ayr\u0131cal\u0131klar a\u00e7\u0131kland\u0131 ve T\u00fcrk \u00f6\u011frencilerin kontenjanlar\u0131 d\u00fc\u015f\u00fcr\u00fcld\u00fc&#8221; iddias\u0131na ili\u015fkin yalanlama hem \u0130leti\u015fim Ba\u015fkanl\u0131\u011f\u0131&#8217;ndan, hem de Sa\u011fl\u0131k Bakanl\u0131\u011f\u0131&#8217;ndan geldi.ANKARA (\u0130GFA) &#8211; Yabanc\u0131 uyruklu \u00f6\u011frencilere ayr\u0131cal\u0131k tan\u0131n\u0131p, T\u00fcrk \u00f6\u011frencilerin kontenjanlar\u0131n\u0131n d\u00fc\u015f\u00fcr\u00fcld\u00fc\u011f\u00fc iddialar\u0131na dair a\u00e7\u0131klama \u0130leti\u015fim Ba\u015fkanl\u0131\u011f\u0131&#8217;ndan geldi. Dezenformasyonla M\u00fccadele Merkezi&#8217;nden yap\u0131lan yaz\u0131l\u0131 a\u00e7\u0131kalamda, 31942 say\u0131l\u0131 T\u0131pta ve Di\u015f Hekimli\u011finde Uzmanl\u0131k E\u011fitimi Y\u00f6netmeli\u011finin 14. maddesi gere\u011fi T\u00fcrk \u00f6\u011frencilerine a\u00e7\u0131lan kontenjanlar\u0131n y\u00fczde 10\u2019unu ge\u00e7meyecek \u015fekilde yabanc\u0131 uyruklu \u00f6\u011frencilere kontenjan a\u00e7\u0131ld\u0131\u011f\u0131n\u0131n alt\u0131 \u00e7izildi. &#8220;2024 ile 2023 y\u0131llar\u0131 kar\u015f\u0131la\u015ft\u0131r\u0131ld\u0131\u011f\u0131nda toplamda y\u00fczde 21 oran\u0131nda yabanc\u0131 uyruklu kontenjan\u0131 azalt\u0131lm\u0131\u015ft\u0131r&#8221; denilen a\u00e7\u0131klamada, &#8220;Yabanc\u0131 uyruklu uzmanl\u0131k \u00f6\u011frencisi adaylar\u0131 sadece kendi aralar\u0131nda yar\u0131\u015fmakta ve mevzuat gere\u011fi kendilerine \u00f6zg\u00fc a\u00e7\u0131lan kontenjanlara ba\u015fvurmaktad\u0131rlar. S\u0131nav dili T\u00fcrk\u00e7edir. Yabanc\u0131 k\u00f6kenli olup uzmanl\u0131k e\u011fitimi kabul edilenlerde, T\u00fcrkiye\u2019de t\u0131p e\u011fitimi alm\u0131\u015f olmak veya Y\u00d6K\u2019\u00fcn denklik verdi\u011fi \u00fcniversitelerde t\u0131p e\u011fitim alm\u0131\u015f olma zorunlulu\u011fu bulunmakta d\u0131r. Yabanc\u0131 uyruklular ayr\u0131ca mesleki konular\u0131 izleyebilecek derecede T\u00fcrk\u00e7e bildiklerini \u00f6l\u00e7mek amac\u0131yla T\u00fcrk\u00e7e dil bilgisi s\u0131nav\u0131na tabi tutulmaktad\u0131r&#8221; ifadeleri yer ald\u0131. https:\/\/twitter.com\/saglikbakanligi\/status\/1853099068710351338 \u200bBaz\u0131 sosyal medya hesaplar\u0131ndan payla\u015f\u0131lan, &#8220;Yabanc\u0131 uyruklu \u00f6\u011frencilere tan\u0131nan ayr\u0131cal\u0131klar a\u00e7\u0131kland\u0131 ve T\u00fcrk \u00f6\u011frencilerin kontenjanlar\u0131 d\u00fc\u015f\u00fcr\u00fcld\u00fc&#8221; iddias\u0131na ili\u015fkin yalanlama hem \u0130leti\u015fim Ba\u015fkanl\u0131\u011f\u0131&#8217;ndan, hem de Sa\u011fl\u0131k Bakanl\u0131\u011f\u0131&#8217;ndan geldi\u00a0 \u200bHaberin Al\u0131nt\u0131land\u0131\u011f\u0131 Kaynak: www.iskenderun.org\" \/>\n<meta property=\"og:url\" content=\"https:\/\/denizcankizil.tr\/ru\/haberler\/gundem\/yabanci-uyruklu-ogrenci-ve-kadro-iddialarina-cifte-yalanlama\/\" \/>\n<meta property=\"og:site_name\" content=\"Av. Deniz Can K\u0131z\u0131l\" \/>\n<meta property=\"article:published_time\" content=\"2024-11-04T10:41:24+00:00\" \/>\n<meta name=\"twitter:card\" content=\"summary_large_image\" \/>\n<meta name=\"twitter:label1\" content=\"\u041f\u0440\u0438\u043c\u0435\u0440\u043d\u043e\u0435 \u0432\u0440\u0435\u043c\u044f \u0434\u043b\u044f \u0447\u0442\u0435\u043d\u0438\u044f\" \/>\n\t<meta name=\"twitter:data1\" content=\"2 \u043c\u0438\u043d\u0443\u0442\u044b\" \/>\n<script type=\"application\/ld+json\" class=\"yoast-schema-graph\">{\"@context\":\"https:\/\/schema.org\",\"@graph\":[{\"@type\":\"Article\",\"@id\":\"https:\/\/denizcankizil.tr\/ru\/haberler\/gundem\/yabanci-uyruklu-ogrenci-ve-kadro-iddialarina-cifte-yalanlama\/#article\",\"isPartOf\":{\"@id\":\"https:\/\/denizcankizil.tr\/ru\/haberler\/gundem\/yabanci-uyruklu-ogrenci-ve-kadro-iddialarina-cifte-yalanlama\/\"},\"author\":{\"name\":\"\",\"@id\":\"\"},\"headline\":\"&#8216;Yabanc\u0131 uyruklu \u00f6\u011frenci&#8217; ve &#8216;kadro&#8217; iddialar\u0131na \u00e7ifte yalanlama\",\"datePublished\":\"2024-11-04T10:41:24+00:00\",\"mainEntityOfPage\":{\"@id\":\"https:\/\/denizcankizil.tr\/ru\/haberler\/gundem\/yabanci-uyruklu-ogrenci-ve-kadro-iddialarina-cifte-yalanlama\/\"},\"wordCount\":316,\"commentCount\":0,\"publisher\":{\"@id\":\"https:\/\/denizcankizil.tr\/#organization\"},\"articleSection\":[\"G\u00fcndem\",\"Uncategorized\"],\"inLanguage\":\"ru-RU\",\"potentialAction\":[{\"@type\":\"CommentAction\",\"name\":\"Comment\",\"target\":[\"https:\/\/denizcankizil.tr\/ru\/haberler\/gundem\/yabanci-uyruklu-ogrenci-ve-kadro-iddialarina-cifte-yalanlama\/#respond\"]}]},{\"@type\":\"WebPage\",\"@id\":\"https:\/\/denizcankizil.tr\/ru\/haberler\/gundem\/yabanci-uyruklu-ogrenci-ve-kadro-iddialarina-cifte-yalanlama\/\",\"url\":\"https:\/\/denizcankizil.tr\/ru\/haberler\/gundem\/yabanci-uyruklu-ogrenci-ve-kadro-iddialarina-cifte-yalanlama\/\",\"name\":\"'Yabanc\u0131 uyruklu \u00f6\u011frenci' ve 'kadro' iddialar\u0131na \u00e7ifte yalanlama - Av. Deniz Can K\u0131z\u0131l\",\"isPartOf\":{\"@id\":\"https:\/\/denizcankizil.tr\/#website\"},\"datePublished\":\"2024-11-04T10:41:24+00:00\",\"breadcrumb\":{\"@id\":\"https:\/\/denizcankizil.tr\/ru\/haberler\/gundem\/yabanci-uyruklu-ogrenci-ve-kadro-iddialarina-cifte-yalanlama\/#breadcrumb\"},\"inLanguage\":\"ru-RU\",\"potentialAction\":[{\"@type\":\"ReadAction\",\"target\":[\"https:\/\/denizcankizil.tr\/ru\/haberler\/gundem\/yabanci-uyruklu-ogrenci-ve-kadro-iddialarina-cifte-yalanlama\/\"]}]},{\"@type\":\"BreadcrumbList\",\"@id\":\"https:\/\/denizcankizil.tr\/ru\/haberler\/gundem\/yabanci-uyruklu-ogrenci-ve-kadro-iddialarina-cifte-yalanlama\/#breadcrumb\",\"itemListElement\":[{\"@type\":\"ListItem\",\"position\":1,\"name\":\"Home\",\"item\":\"https:\/\/denizcankizil.tr\/uk\/\"},{\"@type\":\"ListItem\",\"position\":2,\"name\":\"&#8216;Yabanc\u0131 uyruklu \u00f6\u011frenci&#8217; ve &#8216;kadro&#8217; iddialar\u0131na \u00e7ifte yalanlama\"}]},{\"@type\":\"WebSite\",\"@id\":\"https:\/\/denizcankizil.tr\/#website\",\"url\":\"https:\/\/denizcankizil.tr\/\",\"name\":\"Av. Deniz Can K\u0131z\u0131l\",\"description\":\"Avukat Deniz Can K\u0131z\u0131l Antalya Barosu\",\"publisher\":{\"@id\":\"https:\/\/denizcankizil.tr\/#organization\"},\"potentialAction\":[{\"@type\":\"SearchAction\",\"target\":{\"@type\":\"EntryPoint\",\"urlTemplate\":\"https:\/\/denizcankizil.tr\/?s={search_term_string}\"},\"query-input\":{\"@type\":\"PropertyValueSpecification\",\"valueRequired\":true,\"valueName\":\"search_term_string\"}}],\"inLanguage\":\"ru-RU\"},{\"@type\":\"Organization\",\"@id\":\"https:\/\/denizcankizil.tr\/#organization\",\"name\":\"Av. Deniz Can K\u0131z\u0131l\",\"url\":\"https:\/\/denizcankizil.tr\/\",\"logo\":{\"@type\":\"ImageObject\",\"inLanguage\":\"ru-RU\",\"@id\":\"https:\/\/denizcankizil.tr\/#\/schema\/logo\/image\/\",\"url\":\"https:\/\/denizcankizil.tr\/wp-content\/uploads\/2024\/10\/siyah-logo-svg.svg\",\"contentUrl\":\"https:\/\/denizcankizil.tr\/wp-content\/uploads\/2024\/10\/siyah-logo-svg.svg\",\"width\":1080,\"height\":1080,\"caption\":\"Av. Deniz Can K\u0131z\u0131l\"},\"image\":{\"@id\":\"https:\/\/denizcankizil.tr\/#\/schema\/logo\/image\/\"}}]}<\/script>\n<!-- \/ Yoast SEO Premium plugin. -->","yoast_head_json":{"title":"'Yabanc\u0131 uyruklu \u00f6\u011frenci' ve 'kadro' iddialar\u0131na \u00e7ifte yalanlama - Av. Deniz Can K\u0131z\u0131l","robots":{"index":"index","follow":"follow","max-snippet":"max-snippet:-1","max-image-preview":"max-image-preview:large","max-video-preview":"max-video-preview:-1"},"canonical":"https:\/\/denizcankizil.tr\/ru\/haberler\/gundem\/yabanci-uyruklu-ogrenci-ve-kadro-iddialarina-cifte-yalanlama\/","og_locale":"ru_RU","og_type":"article","og_title":"'Yabanc\u0131 uyruklu \u00f6\u011frenci' ve 'kadro' iddialar\u0131na \u00e7ifte yalanlama","og_description":"Baz\u0131 sosyal medya hesaplar\u0131ndan payla\u015f\u0131lan, &#8220;Yabanc\u0131 uyruklu \u00f6\u011frencilere tan\u0131nan ayr\u0131cal\u0131klar a\u00e7\u0131kland\u0131 ve T\u00fcrk \u00f6\u011frencilerin kontenjanlar\u0131 d\u00fc\u015f\u00fcr\u00fcld\u00fc&#8221; iddias\u0131na ili\u015fkin yalanlama hem \u0130leti\u015fim Ba\u015fkanl\u0131\u011f\u0131&#8217;ndan, hem de Sa\u011fl\u0131k Bakanl\u0131\u011f\u0131&#8217;ndan geldi.ANKARA (\u0130GFA) &#8211; Yabanc\u0131 uyruklu \u00f6\u011frencilere ayr\u0131cal\u0131k tan\u0131n\u0131p, T\u00fcrk \u00f6\u011frencilerin kontenjanlar\u0131n\u0131n d\u00fc\u015f\u00fcr\u00fcld\u00fc\u011f\u00fc iddialar\u0131na dair a\u00e7\u0131klama \u0130leti\u015fim Ba\u015fkanl\u0131\u011f\u0131&#8217;ndan geldi. Dezenformasyonla M\u00fccadele Merkezi&#8217;nden yap\u0131lan yaz\u0131l\u0131 a\u00e7\u0131kalamda, 31942 say\u0131l\u0131 T\u0131pta ve Di\u015f Hekimli\u011finde Uzmanl\u0131k E\u011fitimi Y\u00f6netmeli\u011finin 14. maddesi gere\u011fi T\u00fcrk \u00f6\u011frencilerine a\u00e7\u0131lan kontenjanlar\u0131n y\u00fczde 10\u2019unu ge\u00e7meyecek \u015fekilde yabanc\u0131 uyruklu \u00f6\u011frencilere kontenjan a\u00e7\u0131ld\u0131\u011f\u0131n\u0131n alt\u0131 \u00e7izildi. &#8220;2024 ile 2023 y\u0131llar\u0131 kar\u015f\u0131la\u015ft\u0131r\u0131ld\u0131\u011f\u0131nda toplamda y\u00fczde 21 oran\u0131nda yabanc\u0131 uyruklu kontenjan\u0131 azalt\u0131lm\u0131\u015ft\u0131r&#8221; denilen a\u00e7\u0131klamada, &#8220;Yabanc\u0131 uyruklu uzmanl\u0131k \u00f6\u011frencisi adaylar\u0131 sadece kendi aralar\u0131nda yar\u0131\u015fmakta ve mevzuat gere\u011fi kendilerine \u00f6zg\u00fc a\u00e7\u0131lan kontenjanlara ba\u015fvurmaktad\u0131rlar. S\u0131nav dili T\u00fcrk\u00e7edir. Yabanc\u0131 k\u00f6kenli olup uzmanl\u0131k e\u011fitimi kabul edilenlerde, T\u00fcrkiye\u2019de t\u0131p e\u011fitimi alm\u0131\u015f olmak veya Y\u00d6K\u2019\u00fcn denklik verdi\u011fi \u00fcniversitelerde t\u0131p e\u011fitim alm\u0131\u015f olma zorunlulu\u011fu bulunmakta d\u0131r. Yabanc\u0131 uyruklular ayr\u0131ca mesleki konular\u0131 izleyebilecek derecede T\u00fcrk\u00e7e bildiklerini \u00f6l\u00e7mek amac\u0131yla T\u00fcrk\u00e7e dil bilgisi s\u0131nav\u0131na tabi tutulmaktad\u0131r&#8221; ifadeleri yer ald\u0131. https:\/\/twitter.com\/saglikbakanligi\/status\/1853099068710351338 \u200bBaz\u0131 sosyal medya hesaplar\u0131ndan payla\u015f\u0131lan, &#8220;Yabanc\u0131 uyruklu \u00f6\u011frencilere tan\u0131nan ayr\u0131cal\u0131klar a\u00e7\u0131kland\u0131 ve T\u00fcrk \u00f6\u011frencilerin kontenjanlar\u0131 d\u00fc\u015f\u00fcr\u00fcld\u00fc&#8221; iddias\u0131na ili\u015fkin yalanlama hem \u0130leti\u015fim Ba\u015fkanl\u0131\u011f\u0131&#8217;ndan, hem de Sa\u011fl\u0131k Bakanl\u0131\u011f\u0131&#8217;ndan geldi\u00a0 \u200bHaberin Al\u0131nt\u0131land\u0131\u011f\u0131 Kaynak: www.iskenderun.org","og_url":"https:\/\/denizcankizil.tr\/ru\/haberler\/gundem\/yabanci-uyruklu-ogrenci-ve-kadro-iddialarina-cifte-yalanlama\/","og_site_name":"Av. Deniz Can K\u0131z\u0131l","article_published_time":"2024-11-04T10:41:24+00:00","twitter_card":"summary_large_image","twitter_misc":{"\u041f\u0440\u0438\u043c\u0435\u0440\u043d\u043e\u0435 \u0432\u0440\u0435\u043c\u044f \u0434\u043b\u044f \u0447\u0442\u0435\u043d\u0438\u044f":"2 \u043c\u0438\u043d\u0443\u0442\u044b"},"schema":{"@context":"https:\/\/schema.org","@graph":[{"@type":"Article","@id":"https:\/\/denizcankizil.tr\/ru\/haberler\/gundem\/yabanci-uyruklu-ogrenci-ve-kadro-iddialarina-cifte-yalanlama\/#article","isPartOf":{"@id":"https:\/\/denizcankizil.tr\/ru\/haberler\/gundem\/yabanci-uyruklu-ogrenci-ve-kadro-iddialarina-cifte-yalanlama\/"},"author":{"name":"","@id":""},"headline":"&#8216;Yabanc\u0131 uyruklu \u00f6\u011frenci&#8217; ve &#8216;kadro&#8217; iddialar\u0131na \u00e7ifte yalanlama","datePublished":"2024-11-04T10:41:24+00:00","mainEntityOfPage":{"@id":"https:\/\/denizcankizil.tr\/ru\/haberler\/gundem\/yabanci-uyruklu-ogrenci-ve-kadro-iddialarina-cifte-yalanlama\/"},"wordCount":316,"commentCount":0,"publisher":{"@id":"https:\/\/denizcankizil.tr\/#organization"},"articleSection":["G\u00fcndem","Uncategorized"],"inLanguage":"ru-RU","potentialAction":[{"@type":"CommentAction","name":"Comment","target":["https:\/\/denizcankizil.tr\/ru\/haberler\/gundem\/yabanci-uyruklu-ogrenci-ve-kadro-iddialarina-cifte-yalanlama\/#respond"]}]},{"@type":"WebPage","@id":"https:\/\/denizcankizil.tr\/ru\/haberler\/gundem\/yabanci-uyruklu-ogrenci-ve-kadro-iddialarina-cifte-yalanlama\/","url":"https:\/\/denizcankizil.tr\/ru\/haberler\/gundem\/yabanci-uyruklu-ogrenci-ve-kadro-iddialarina-cifte-yalanlama\/","name":"'Yabanc\u0131 uyruklu \u00f6\u011frenci' ve 'kadro' iddialar\u0131na \u00e7ifte yalanlama - Av. Deniz Can K\u0131z\u0131l","isPartOf":{"@id":"https:\/\/denizcankizil.tr\/#website"},"datePublished":"2024-11-04T10:41:24+00:00","breadcrumb":{"@id":"https:\/\/denizcankizil.tr\/ru\/haberler\/gundem\/yabanci-uyruklu-ogrenci-ve-kadro-iddialarina-cifte-yalanlama\/#breadcrumb"},"inLanguage":"ru-RU","potentialAction":[{"@type":"ReadAction","target":["https:\/\/denizcankizil.tr\/ru\/haberler\/gundem\/yabanci-uyruklu-ogrenci-ve-kadro-iddialarina-cifte-yalanlama\/"]}]},{"@type":"BreadcrumbList","@id":"https:\/\/denizcankizil.tr\/ru\/haberler\/gundem\/yabanci-uyruklu-ogrenci-ve-kadro-iddialarina-cifte-yalanlama\/#breadcrumb","itemListElement":[{"@type":"ListItem","position":1,"name":"Home","item":"https:\/\/denizcankizil.tr\/uk\/"},{"@type":"ListItem","position":2,"name":"&#8216;Yabanc\u0131 uyruklu \u00f6\u011frenci&#8217; ve &#8216;kadro&#8217; iddialar\u0131na \u00e7ifte yalanlama"}]},{"@type":"WebSite","@id":"https:\/\/denizcankizil.tr\/#website","url":"https:\/\/denizcankizil.tr\/","name":"Av. Deniz Can K\u0131z\u0131l","description":"Avukat Deniz Can K\u0131z\u0131l Antalya Barosu","publisher":{"@id":"https:\/\/denizcankizil.tr\/#organization"},"potentialAction":[{"@type":"SearchAction","target":{"@type":"EntryPoint","urlTemplate":"https:\/\/denizcankizil.tr\/?s={search_term_string}"},"query-input":{"@type":"PropertyValueSpecification","valueRequired":true,"valueName":"search_term_string"}}],"inLanguage":"ru-RU"},{"@type":"Organization","@id":"https:\/\/denizcankizil.tr\/#organization","name":"Av. Deniz Can K\u0131z\u0131l","url":"https:\/\/denizcankizil.tr\/","logo":{"@type":"ImageObject","inLanguage":"ru-RU","@id":"https:\/\/denizcankizil.tr\/#\/schema\/logo\/image\/","url":"https:\/\/denizcankizil.tr\/wp-content\/uploads\/2024\/10\/siyah-logo-svg.svg","contentUrl":"https:\/\/denizcankizil.tr\/wp-content\/uploads\/2024\/10\/siyah-logo-svg.svg","width":1080,"height":1080,"caption":"Av. Deniz Can K\u0131z\u0131l"},"image":{"@id":"https:\/\/denizcankizil.tr\/#\/schema\/logo\/image\/"}}]}},"_links":{"self":[{"href":"https:\/\/denizcankizil.tr\/ru\/wp-json\/wp\/v2\/posts\/12521","targetHints":{"allow":["GET"]}}],"collection":[{"href":"https:\/\/denizcankizil.tr\/ru\/wp-json\/wp\/v2\/posts"}],"about":[{"href":"https:\/\/denizcankizil.tr\/ru\/wp-json\/wp\/v2\/types\/post"}],"replies":[{"embeddable":true,"href":"https:\/\/denizcankizil.tr\/ru\/wp-json\/wp\/v2\/comments?post=12521"}],"version-history":[{"count":0,"href":"https:\/\/denizcankizil.tr\/ru\/wp-json\/wp\/v2\/posts\/12521\/revisions"}],"wp:attachment":[{"href":"https:\/\/denizcankizil.tr\/ru\/wp-json\/wp\/v2\/media?parent=12521"}],"wp:term":[{"taxonomy":"category","embeddable":true,"href":"https:\/\/denizcankizil.tr\/ru\/wp-json\/wp\/v2\/categories?post=12521"},{"taxonomy":"post_tag","embeddable":true,"href":"https:\/\/denizcankizil.tr\/ru\/wp-json\/wp\/v2\/tags?post=12521"}],"curies":[{"name":"wp","href":"https:\/\/api.w.org\/{rel}","templated":true}]}}