{"id":124305,"date":"2025-06-23T17:41:21","date_gmt":"2025-06-23T14:41:21","guid":{"rendered":"https:\/\/denizcankizil.tr\/uncategorized-tr\/tapuda-tarla-olarak-geciyor-esnaf-otopark-ve-depo-gibi-kullaniyor\/"},"modified":"2025-06-23T17:41:21","modified_gmt":"2025-06-23T14:41:21","slug":"tapuda-tarla-olarak-geciyor-esnaf-otopark-ve-depo-gibi-kullaniyor","status":"publish","type":"post","link":"https:\/\/denizcankizil.tr\/ru\/haberler\/gundem\/tapuda-tarla-olarak-geciyor-esnaf-otopark-ve-depo-gibi-kullaniyor\/","title":{"rendered":"Tapuda &#8216;tarla&#8217; olarak ge\u00e7iyor, esnaf otopark ve depo gibi kullan\u0131yor!"},"content":{"rendered":"<p>Antalya&#8217;n\u0131n Muratpa\u015fa il\u00e7esi Muratpa\u015fa Mahallesi 582. Sokak&#8217;ta, eski Real AVM&#8217;nin arkas\u0131nda yer alan ve \u00e7evresi apartmanlarla \u00e7evrili olan alan, b\u00f6lge esnaf\u0131 taraf\u0131ndan ku\u015fat\u0131lm\u0131\u015f durumda. Tapuda &#8220;tarla&#8221; olarak ge\u00e7en bir parselin d\u00fckkan sahipleri taraf\u0131ndan \u00f6zel m\u00fclk gibi kullan\u0131lmas\u0131, b\u00f6lge halk\u0131 taraf\u0131ndan &#8220;g\u00f6r\u00fcnt\u00fc kirlili\u011fi&#8221; ve &#8220;i\u015fgal&#8221; olarak nitelendiriliyor.<\/p>\n<p>TAPUDA TARLA, ALANDA \u0130\u015eGAL G\u00d6R\u00dcNT\u00dcS\u00dc<\/p>\n<p>S\u00f6z konusu alan\u0131n 410 ada 192 parsel numaral\u0131 k\u0131sm\u0131, tapu kay\u0131tlar\u0131nda hala &#8220;tarla&#8221; niteli\u011finde ve &#8220;ana ta\u015f\u0131nmaz&#8221; zemin tipinde yer al\u0131yor. Ancak biti\u015fi\u011findeki 410 ada 123 parsel, &#8220;yirmi sekiz kargir d\u00fckkan&#8221; niteli\u011finde ve &#8220;kat m\u00fclkiyetli&#8221; olarak kay\u0131tlarda bulunuyor. Buna ra\u011fmen esnaflar, tarla niteli\u011findeki 192 parseli de kullan\u0131m\u0131na dahil etmi\u015f durumda.<\/p>\n<p>ESNAFTAN Z\u0130NC\u0130RL\u0130 PARK UYARISI VE MALZEME YI\u011eINI<\/p>\n<p>Alan\u0131n tarla olan k\u0131sm\u0131na d\u00fckkan sahipleri, \u00fcr\u00fcnlerini ve malzemelerini y\u0131\u011farken; baz\u0131lar\u0131 ise zincir \u00e7ekip &#8220;park edilemez&#8221; tabelalar\u0131 asarak bu b\u00f6lgeyi kendi otoparklar\u0131 gibi kullan\u0131yor. \u00d6zellikle bir g\u00fcne\u015f enerjisi firmas\u0131 g\u00fcn \u0131s\u0131 sistemlerine ait par\u00e7alar\u0131 bu alana istifliyor. Bu durum, alan\u0131n kamusal kullan\u0131m\u0131yla ilgili soru i\u015faretleri do\u011furuyor.<\/p>\n<p>MAHALLEL\u0130 TEPK\u0130L\u0130<\/p>\n<p>\u00c7evredeki apartmanlarda ya\u015fayan vatanda\u015flar ise bu alan\u0131n g\u00fcn ge\u00e7tik\u00e7e daha da d\u00fczensizle\u015fti\u011fini belirterek, yetkililere \u00e7a\u011fr\u0131da bulundu. G\u00f6r\u00fcnt\u00fc kirlili\u011finden rahats\u0131z olan b\u00f6lge sakinleri, tapuda &#8220;tarla&#8221; olarak ge\u00e7en bu k\u0131sm\u0131n en az\u0131ndan park alan\u0131 ya da ye\u015fil alan olarak de\u011ferlendirilmesini talep ediyor. Bir mahalle sakini konuya ili\u015fkin \u015funlar\u0131 s\u00f6yledi:<\/p>\n<p>&#8220;Buras\u0131 Antalya&#8217;n\u0131n merkezi. Ancak ne yaz\u0131k ki bo\u015f alan\u0131 g\u00f6ren t\u00fcm d\u00fckkan sahipleri mal\u0131n\u0131 koymu\u015f, hatta alan\u0131 zincirleyerek ara\u00e7lar\u0131n\u0131 park etmi\u015f ve ba\u015fka ara\u00e7lar geldi\u011finde park ettirmiyor. \u00dcstelik buras\u0131 onlar\u0131n tapulu mal\u0131 da de\u011fil. Her g\u00fcn bu manzarayla uyan\u0131yoruz. G\u00f6r\u00fcnt\u00fc kirlili\u011finden ba\u015fka hi\u00e7bir \u015fey de\u011fil buras\u0131. Binlerce daire var bu b\u00f6lgede \u00e7ocuklar\u0131m\u0131z\u0131 getirebilece\u011fimiz bir park alan\u0131 yap\u0131labilir.&#8221;<\/p>\n<p>&#8220;D\u00dcKKANLAR RESTORE ED\u0130LMEL\u0130&#8221;<\/p>\n<p>S\u00f6z konusu 410 ada 123 parsel, &#8220;yirmi sekiz kargir d\u00fckkan&#8221; niteli\u011finde ve &#8220;kat m\u00fclkiyetli&#8221; olarak kay\u0131tlarda bulunan alandaki d\u00fckkanlar\u0131nda yeniden restore edilmesi ve Antalya&#8217;ya yak\u0131\u015f\u0131r bir bi\u00e7imde d\u00fczenlenmesini isteyen b\u00f6lge halk\u0131 \u015funlar\u0131 s\u00f6yledi:<\/p>\n<p>&#8220;Nas\u0131l ki \u015earampol b\u00f6lgesindeki d\u00fckkanlar restore edildi ve tek tip hale getirildi buradaki d\u00fckkanlara da ayn\u0131s\u0131 yap\u0131lmas\u0131 gerekiyor. Arka taraftaki &#8216;tarla&#8217; niteli\u011findeki parsel park haline getirilip buradaki d\u00fckkanlarda yeniden restore edilirse alan hem g\u00f6ze hitap edecek hem de Antalya&#8217;ya yak\u0131\u015f\u0131r bir bi\u00e7ime gelecektir.&#8221;<\/p>\n<p>YETK\u0130L\u0130LERE \u00c7A\u011eRI<\/p>\n<p>B\u00f6lge halk\u0131, Antalya B\u00fcy\u00fck\u015fehir ve Muratpa\u015fa Belediyesi&#8217;ne \u00e7a\u011fr\u0131da bulunarak alan\u0131n kullan\u0131m durumunu yeniden de\u011ferlendirmesini ve gerekti\u011finde kamusal d\u00fczenlemeler yap\u0131lmas\u0131n\u0131 istiyor. Tapu kay\u0131tlar\u0131 ile fiili kullan\u0131m\u0131n \u00e7eli\u015fti\u011fini belirten vatanda\u015flar, kanunun hukuki olarak da ara\u015ft\u0131r\u0131lmas\u0131n\u0131 talep ediyor.<\/p>\n<p>\u200bMuratpa\u015fa Mahallesi 582. Sokak&#8217;ta yer alan ve tapuda tarla olarak ge\u00e7en alan\u0131n d\u00fckkan sahipleri taraf\u0131ndan \u00f6zel m\u00fclk gibi kullan\u0131lmas\u0131 mahalleliyi isyan ettirdi. B\u00f6lge halk\u0131, alan\u0131n park veya kamusal kullan\u0131m i\u00e7in de\u011ferlendirilmesini istiyor.\u00a0<\/p>\n<p>\u200bHaberin Al\u0131nt\u0131land\u0131\u011f\u0131 Kaynak: www.antalyakorfez.com<\/p>","protected":false},"excerpt":{"rendered":"<p>Antalya&#8217;n\u0131n Muratpa\u015fa il\u00e7esi Muratpa\u015fa Mahallesi 582. Sokak&#8217;ta, eski Real AVM&#8217;nin arkas\u0131nda yer alan ve \u00e7evresi apartmanlarla \u00e7evrili olan alan, b\u00f6lge esnaf\u0131 taraf\u0131ndan ku\u015fat\u0131lm\u0131\u015f durumda. Tapuda &#8220;tarla&#8221; olarak ge\u00e7en bir parselin d\u00fckkan sahipleri taraf\u0131ndan \u00f6zel m\u00fclk gibi kullan\u0131lmas\u0131, b\u00f6lge halk\u0131 taraf\u0131ndan &#8220;g\u00f6r\u00fcnt\u00fc kirlili\u011fi&#8221; ve &#8220;i\u015fgal&#8221; olarak nitelendiriliyor. TAPUDA TARLA, ALANDA \u0130\u015eGAL G\u00d6R\u00dcNT\u00dcS\u00dc S\u00f6z konusu alan\u0131n 410 ada 192 parsel numaral\u0131 k\u0131sm\u0131, tapu kay\u0131tlar\u0131nda hala &#8220;tarla&#8221; niteli\u011finde ve &#8220;ana ta\u015f\u0131nmaz&#8221; zemin tipinde yer al\u0131yor. Ancak biti\u015fi\u011findeki 410 ada 123 parsel, &#8220;yirmi sekiz kargir d\u00fckkan&#8221; niteli\u011finde ve &#8220;kat m\u00fclkiyetli&#8221; olarak kay\u0131tlarda bulunuyor. Buna ra\u011fmen esnaflar, tarla niteli\u011findeki 192 parseli de kullan\u0131m\u0131na dahil etmi\u015f durumda. ESNAFTAN Z\u0130NC\u0130RL\u0130 PARK UYARISI VE MALZEME YI\u011eINI Alan\u0131n tarla olan k\u0131sm\u0131na d\u00fckkan sahipleri, \u00fcr\u00fcnlerini ve malzemelerini y\u0131\u011farken; baz\u0131lar\u0131 ise zincir \u00e7ekip &#8220;park edilemez&#8221; tabelalar\u0131 asarak bu b\u00f6lgeyi kendi otoparklar\u0131 gibi kullan\u0131yor. \u00d6zellikle bir g\u00fcne\u015f enerjisi firmas\u0131 g\u00fcn \u0131s\u0131 sistemlerine ait par\u00e7alar\u0131 bu alana istifliyor. Bu durum, alan\u0131n kamusal kullan\u0131m\u0131yla ilgili soru i\u015faretleri do\u011furuyor. MAHALLEL\u0130 TEPK\u0130L\u0130 \u00c7evredeki apartmanlarda ya\u015fayan vatanda\u015flar ise bu alan\u0131n g\u00fcn ge\u00e7tik\u00e7e daha da d\u00fczensizle\u015fti\u011fini belirterek, yetkililere \u00e7a\u011fr\u0131da bulundu. G\u00f6r\u00fcnt\u00fc kirlili\u011finden rahats\u0131z olan b\u00f6lge sakinleri, tapuda &#8220;tarla&#8221; olarak ge\u00e7en bu k\u0131sm\u0131n en az\u0131ndan park alan\u0131 ya da ye\u015fil alan olarak de\u011ferlendirilmesini talep ediyor. Bir mahalle sakini konuya &hellip;<\/p>","protected":false},"author":5,"featured_media":0,"comment_status":"","ping_status":"open","sticky":false,"template":"","format":"standard","meta":{"_acf_changed":false,"footnotes":""},"categories":[24],"tags":[],"class_list":["post-124305","post","type-post","status-publish","format-standard","has-post-thumbnail","hentry","category-gundem"],"acf":[],"yoast_head":"<!-- This site is optimized with the Yoast SEO Premium plugin v26.6 (Yoast SEO v27.1.1) - https:\/\/yoast.com\/product\/yoast-seo-premium-wordpress\/ -->\n<title>Tapuda &#039;tarla&#039; olarak ge\u00e7iyor, esnaf otopark ve depo gibi kullan\u0131yor! - Av. Deniz Can K\u0131z\u0131l<\/title>\n<meta name=\"robots\" content=\"index, follow, max-snippet:-1, max-image-preview:large, max-video-preview:-1\" \/>\n<link rel=\"canonical\" href=\"https:\/\/denizcankizil.tr\/ru\/haberler\/gundem\/tapuda-tarla-olarak-geciyor-esnaf-otopark-ve-depo-gibi-kullaniyor\/\" \/>\n<meta property=\"og:locale\" content=\"ru_RU\" \/>\n<meta property=\"og:type\" content=\"article\" \/>\n<meta property=\"og:title\" content=\"Tapuda &#039;tarla&#039; olarak ge\u00e7iyor, esnaf otopark ve depo gibi kullan\u0131yor!\" \/>\n<meta property=\"og:description\" content=\"Antalya&#8217;n\u0131n Muratpa\u015fa il\u00e7esi Muratpa\u015fa Mahallesi 582. Sokak&#8217;ta, eski Real AVM&#8217;nin arkas\u0131nda yer alan ve \u00e7evresi apartmanlarla \u00e7evrili olan alan, b\u00f6lge esnaf\u0131 taraf\u0131ndan ku\u015fat\u0131lm\u0131\u015f durumda. Tapuda &#8220;tarla&#8221; olarak ge\u00e7en bir parselin d\u00fckkan sahipleri taraf\u0131ndan \u00f6zel m\u00fclk gibi kullan\u0131lmas\u0131, b\u00f6lge halk\u0131 taraf\u0131ndan &#8220;g\u00f6r\u00fcnt\u00fc kirlili\u011fi&#8221; ve &#8220;i\u015fgal&#8221; olarak nitelendiriliyor. TAPUDA TARLA, ALANDA \u0130\u015eGAL G\u00d6R\u00dcNT\u00dcS\u00dc S\u00f6z konusu alan\u0131n 410 ada 192 parsel numaral\u0131 k\u0131sm\u0131, tapu kay\u0131tlar\u0131nda hala &#8220;tarla&#8221; niteli\u011finde ve &#8220;ana ta\u015f\u0131nmaz&#8221; zemin tipinde yer al\u0131yor. Ancak biti\u015fi\u011findeki 410 ada 123 parsel, &#8220;yirmi sekiz kargir d\u00fckkan&#8221; niteli\u011finde ve &#8220;kat m\u00fclkiyetli&#8221; olarak kay\u0131tlarda bulunuyor. Buna ra\u011fmen esnaflar, tarla niteli\u011findeki 192 parseli de kullan\u0131m\u0131na dahil etmi\u015f durumda. ESNAFTAN Z\u0130NC\u0130RL\u0130 PARK UYARISI VE MALZEME YI\u011eINI Alan\u0131n tarla olan k\u0131sm\u0131na d\u00fckkan sahipleri, \u00fcr\u00fcnlerini ve malzemelerini y\u0131\u011farken; baz\u0131lar\u0131 ise zincir \u00e7ekip &#8220;park edilemez&#8221; tabelalar\u0131 asarak bu b\u00f6lgeyi kendi otoparklar\u0131 gibi kullan\u0131yor. \u00d6zellikle bir g\u00fcne\u015f enerjisi firmas\u0131 g\u00fcn \u0131s\u0131 sistemlerine ait par\u00e7alar\u0131 bu alana istifliyor. Bu durum, alan\u0131n kamusal kullan\u0131m\u0131yla ilgili soru i\u015faretleri do\u011furuyor. MAHALLEL\u0130 TEPK\u0130L\u0130 \u00c7evredeki apartmanlarda ya\u015fayan vatanda\u015flar ise bu alan\u0131n g\u00fcn ge\u00e7tik\u00e7e daha da d\u00fczensizle\u015fti\u011fini belirterek, yetkililere \u00e7a\u011fr\u0131da bulundu. G\u00f6r\u00fcnt\u00fc kirlili\u011finden rahats\u0131z olan b\u00f6lge sakinleri, tapuda &#8220;tarla&#8221; olarak ge\u00e7en bu k\u0131sm\u0131n en az\u0131ndan park alan\u0131 ya da ye\u015fil alan olarak de\u011ferlendirilmesini talep ediyor. Bir mahalle sakini konuya &hellip;\" \/>\n<meta property=\"og:url\" content=\"https:\/\/denizcankizil.tr\/ru\/haberler\/gundem\/tapuda-tarla-olarak-geciyor-esnaf-otopark-ve-depo-gibi-kullaniyor\/\" \/>\n<meta property=\"og:site_name\" content=\"Av. Deniz Can K\u0131z\u0131l\" \/>\n<meta property=\"article:published_time\" content=\"2025-06-23T14:41:21+00:00\" \/>\n<meta name=\"author\" content=\"Antalya K\u00f6rfez\" \/>\n<meta name=\"twitter:card\" content=\"summary_large_image\" \/>\n<meta name=\"twitter:label1\" content=\"\u041d\u0430\u043f\u0438\u0441\u0430\u043d\u043e \u0430\u0432\u0442\u043e\u0440\u043e\u043c\" \/>\n\t<meta name=\"twitter:data1\" content=\"Antalya K\u00f6rfez\" \/>\n\t<meta name=\"twitter:label2\" content=\"\u041f\u0440\u0438\u043c\u0435\u0440\u043d\u043e\u0435 \u0432\u0440\u0435\u043c\u044f \u0434\u043b\u044f \u0447\u0442\u0435\u043d\u0438\u044f\" \/>\n\t<meta name=\"twitter:data2\" content=\"3 \u043c\u0438\u043d\u0443\u0442\u044b\" \/>\n<script type=\"application\/ld+json\" class=\"yoast-schema-graph\">{\"@context\":\"https:\/\/schema.org\",\"@graph\":[{\"@type\":\"Article\",\"@id\":\"https:\/\/denizcankizil.tr\/ru\/haberler\/gundem\/tapuda-tarla-olarak-geciyor-esnaf-otopark-ve-depo-gibi-kullaniyor\/#article\",\"isPartOf\":{\"@id\":\"https:\/\/denizcankizil.tr\/ru\/haberler\/gundem\/tapuda-tarla-olarak-geciyor-esnaf-otopark-ve-depo-gibi-kullaniyor\/\"},\"author\":{\"name\":\"Antalya K\u00f6rfez\",\"@id\":\"https:\/\/denizcankizil.tr\/#\/schema\/person\/e1eb71bb4dd684d46563f0af307e1234\"},\"headline\":\"Tapuda &#8216;tarla&#8217; olarak ge\u00e7iyor, esnaf otopark ve depo gibi kullan\u0131yor!\",\"datePublished\":\"2025-06-23T14:41:21+00:00\",\"mainEntityOfPage\":{\"@id\":\"https:\/\/denizcankizil.tr\/ru\/haberler\/gundem\/tapuda-tarla-olarak-geciyor-esnaf-otopark-ve-depo-gibi-kullaniyor\/\"},\"wordCount\":603,\"publisher\":{\"@id\":\"https:\/\/denizcankizil.tr\/#organization\"},\"articleSection\":[\"G\u00fcndem\"],\"inLanguage\":\"ru-RU\"},{\"@type\":\"WebPage\",\"@id\":\"https:\/\/denizcankizil.tr\/ru\/haberler\/gundem\/tapuda-tarla-olarak-geciyor-esnaf-otopark-ve-depo-gibi-kullaniyor\/\",\"url\":\"https:\/\/denizcankizil.tr\/ru\/haberler\/gundem\/tapuda-tarla-olarak-geciyor-esnaf-otopark-ve-depo-gibi-kullaniyor\/\",\"name\":\"Tapuda 'tarla' olarak ge\u00e7iyor, esnaf otopark ve depo gibi kullan\u0131yor! - Av. Deniz Can K\u0131z\u0131l\",\"isPartOf\":{\"@id\":\"https:\/\/denizcankizil.tr\/#website\"},\"datePublished\":\"2025-06-23T14:41:21+00:00\",\"breadcrumb\":{\"@id\":\"https:\/\/denizcankizil.tr\/ru\/haberler\/gundem\/tapuda-tarla-olarak-geciyor-esnaf-otopark-ve-depo-gibi-kullaniyor\/#breadcrumb\"},\"inLanguage\":\"ru-RU\",\"potentialAction\":[{\"@type\":\"ReadAction\",\"target\":[\"https:\/\/denizcankizil.tr\/ru\/haberler\/gundem\/tapuda-tarla-olarak-geciyor-esnaf-otopark-ve-depo-gibi-kullaniyor\/\"]}]},{\"@type\":\"BreadcrumbList\",\"@id\":\"https:\/\/denizcankizil.tr\/ru\/haberler\/gundem\/tapuda-tarla-olarak-geciyor-esnaf-otopark-ve-depo-gibi-kullaniyor\/#breadcrumb\",\"itemListElement\":[{\"@type\":\"ListItem\",\"position\":1,\"name\":\"Home\",\"item\":\"https:\/\/denizcankizil.tr\/de\/\"},{\"@type\":\"ListItem\",\"position\":2,\"name\":\"Tapuda &#8216;tarla&#8217; olarak ge\u00e7iyor, esnaf otopark ve depo gibi kullan\u0131yor!\"}]},{\"@type\":\"WebSite\",\"@id\":\"https:\/\/denizcankizil.tr\/#website\",\"url\":\"https:\/\/denizcankizil.tr\/\",\"name\":\"Av. Deniz Can K\u0131z\u0131l\",\"description\":\"Avukat Deniz Can K\u0131z\u0131l Antalya Barosu\",\"publisher\":{\"@id\":\"https:\/\/denizcankizil.tr\/#organization\"},\"potentialAction\":[{\"@type\":\"SearchAction\",\"target\":{\"@type\":\"EntryPoint\",\"urlTemplate\":\"https:\/\/denizcankizil.tr\/?s={search_term_string}\"},\"query-input\":{\"@type\":\"PropertyValueSpecification\",\"valueRequired\":true,\"valueName\":\"search_term_string\"}}],\"inLanguage\":\"ru-RU\"},{\"@type\":\"Organization\",\"@id\":\"https:\/\/denizcankizil.tr\/#organization\",\"name\":\"Av. Deniz Can K\u0131z\u0131l\",\"url\":\"https:\/\/denizcankizil.tr\/\",\"logo\":{\"@type\":\"ImageObject\",\"inLanguage\":\"ru-RU\",\"@id\":\"https:\/\/denizcankizil.tr\/#\/schema\/logo\/image\/\",\"url\":\"https:\/\/denizcankizil.tr\/wp-content\/uploads\/2024\/10\/siyah-logo-svg.svg\",\"contentUrl\":\"https:\/\/denizcankizil.tr\/wp-content\/uploads\/2024\/10\/siyah-logo-svg.svg\",\"width\":1080,\"height\":1080,\"caption\":\"Av. Deniz Can K\u0131z\u0131l\"},\"image\":{\"@id\":\"https:\/\/denizcankizil.tr\/#\/schema\/logo\/image\/\"}},{\"@type\":\"Person\",\"@id\":\"https:\/\/denizcankizil.tr\/#\/schema\/person\/e1eb71bb4dd684d46563f0af307e1234\",\"name\":\"Antalya K\u00f6rfez\",\"image\":{\"@type\":\"ImageObject\",\"inLanguage\":\"ru-RU\",\"@id\":\"https:\/\/denizcankizil.tr\/#\/schema\/person\/image\/\",\"url\":\"https:\/\/secure.gravatar.com\/avatar\/42b01982558a48a0b501fdcab6a408d3717ea5919095ee2e67b0e521799c5905?s=96&d=mm&r=g\",\"contentUrl\":\"https:\/\/secure.gravatar.com\/avatar\/42b01982558a48a0b501fdcab6a408d3717ea5919095ee2e67b0e521799c5905?s=96&d=mm&r=g\",\"caption\":\"Antalya K\u00f6rfez\"},\"sameAs\":[\"http:\/\/www.antalyakorfez.com\"],\"url\":\"https:\/\/www.antalyakorfez.com\/tapuda-tarla-olarak-geciyor-esnaf-otopark-ve-depo-gibi-kullaniyor\"}]}<\/script>\n<!-- \/ Yoast SEO Premium plugin. -->","yoast_head_json":{"title":"Tapuda 'tarla' olarak ge\u00e7iyor, esnaf otopark ve depo gibi kullan\u0131yor! - Av. Deniz Can K\u0131z\u0131l","robots":{"index":"index","follow":"follow","max-snippet":"max-snippet:-1","max-image-preview":"max-image-preview:large","max-video-preview":"max-video-preview:-1"},"canonical":"https:\/\/denizcankizil.tr\/ru\/haberler\/gundem\/tapuda-tarla-olarak-geciyor-esnaf-otopark-ve-depo-gibi-kullaniyor\/","og_locale":"ru_RU","og_type":"article","og_title":"Tapuda 'tarla' olarak ge\u00e7iyor, esnaf otopark ve depo gibi kullan\u0131yor!","og_description":"Antalya&#8217;n\u0131n Muratpa\u015fa il\u00e7esi Muratpa\u015fa Mahallesi 582. Sokak&#8217;ta, eski Real AVM&#8217;nin arkas\u0131nda yer alan ve \u00e7evresi apartmanlarla \u00e7evrili olan alan, b\u00f6lge esnaf\u0131 taraf\u0131ndan ku\u015fat\u0131lm\u0131\u015f durumda. Tapuda &#8220;tarla&#8221; olarak ge\u00e7en bir parselin d\u00fckkan sahipleri taraf\u0131ndan \u00f6zel m\u00fclk gibi kullan\u0131lmas\u0131, b\u00f6lge halk\u0131 taraf\u0131ndan &#8220;g\u00f6r\u00fcnt\u00fc kirlili\u011fi&#8221; ve &#8220;i\u015fgal&#8221; olarak nitelendiriliyor. TAPUDA TARLA, ALANDA \u0130\u015eGAL G\u00d6R\u00dcNT\u00dcS\u00dc S\u00f6z konusu alan\u0131n 410 ada 192 parsel numaral\u0131 k\u0131sm\u0131, tapu kay\u0131tlar\u0131nda hala &#8220;tarla&#8221; niteli\u011finde ve &#8220;ana ta\u015f\u0131nmaz&#8221; zemin tipinde yer al\u0131yor. Ancak biti\u015fi\u011findeki 410 ada 123 parsel, &#8220;yirmi sekiz kargir d\u00fckkan&#8221; niteli\u011finde ve &#8220;kat m\u00fclkiyetli&#8221; olarak kay\u0131tlarda bulunuyor. Buna ra\u011fmen esnaflar, tarla niteli\u011findeki 192 parseli de kullan\u0131m\u0131na dahil etmi\u015f durumda. ESNAFTAN Z\u0130NC\u0130RL\u0130 PARK UYARISI VE MALZEME YI\u011eINI Alan\u0131n tarla olan k\u0131sm\u0131na d\u00fckkan sahipleri, \u00fcr\u00fcnlerini ve malzemelerini y\u0131\u011farken; baz\u0131lar\u0131 ise zincir \u00e7ekip &#8220;park edilemez&#8221; tabelalar\u0131 asarak bu b\u00f6lgeyi kendi otoparklar\u0131 gibi kullan\u0131yor. \u00d6zellikle bir g\u00fcne\u015f enerjisi firmas\u0131 g\u00fcn \u0131s\u0131 sistemlerine ait par\u00e7alar\u0131 bu alana istifliyor. Bu durum, alan\u0131n kamusal kullan\u0131m\u0131yla ilgili soru i\u015faretleri do\u011furuyor. MAHALLEL\u0130 TEPK\u0130L\u0130 \u00c7evredeki apartmanlarda ya\u015fayan vatanda\u015flar ise bu alan\u0131n g\u00fcn ge\u00e7tik\u00e7e daha da d\u00fczensizle\u015fti\u011fini belirterek, yetkililere \u00e7a\u011fr\u0131da bulundu. G\u00f6r\u00fcnt\u00fc kirlili\u011finden rahats\u0131z olan b\u00f6lge sakinleri, tapuda &#8220;tarla&#8221; olarak ge\u00e7en bu k\u0131sm\u0131n en az\u0131ndan park alan\u0131 ya da ye\u015fil alan olarak de\u011ferlendirilmesini talep ediyor. Bir mahalle sakini konuya &hellip;","og_url":"https:\/\/denizcankizil.tr\/ru\/haberler\/gundem\/tapuda-tarla-olarak-geciyor-esnaf-otopark-ve-depo-gibi-kullaniyor\/","og_site_name":"Av. Deniz Can K\u0131z\u0131l","article_published_time":"2025-06-23T14:41:21+00:00","author":"Antalya K\u00f6rfez","twitter_card":"summary_large_image","twitter_misc":{"\u041d\u0430\u043f\u0438\u0441\u0430\u043d\u043e \u0430\u0432\u0442\u043e\u0440\u043e\u043c":"Antalya K\u00f6rfez","\u041f\u0440\u0438\u043c\u0435\u0440\u043d\u043e\u0435 \u0432\u0440\u0435\u043c\u044f \u0434\u043b\u044f \u0447\u0442\u0435\u043d\u0438\u044f":"3 \u043c\u0438\u043d\u0443\u0442\u044b"},"schema":{"@context":"https:\/\/schema.org","@graph":[{"@type":"Article","@id":"https:\/\/denizcankizil.tr\/ru\/haberler\/gundem\/tapuda-tarla-olarak-geciyor-esnaf-otopark-ve-depo-gibi-kullaniyor\/#article","isPartOf":{"@id":"https:\/\/denizcankizil.tr\/ru\/haberler\/gundem\/tapuda-tarla-olarak-geciyor-esnaf-otopark-ve-depo-gibi-kullaniyor\/"},"author":{"name":"Antalya K\u00f6rfez","@id":"https:\/\/denizcankizil.tr\/#\/schema\/person\/e1eb71bb4dd684d46563f0af307e1234"},"headline":"Tapuda &#8216;tarla&#8217; olarak ge\u00e7iyor, esnaf otopark ve depo gibi kullan\u0131yor!","datePublished":"2025-06-23T14:41:21+00:00","mainEntityOfPage":{"@id":"https:\/\/denizcankizil.tr\/ru\/haberler\/gundem\/tapuda-tarla-olarak-geciyor-esnaf-otopark-ve-depo-gibi-kullaniyor\/"},"wordCount":603,"publisher":{"@id":"https:\/\/denizcankizil.tr\/#organization"},"articleSection":["G\u00fcndem"],"inLanguage":"ru-RU"},{"@type":"WebPage","@id":"https:\/\/denizcankizil.tr\/ru\/haberler\/gundem\/tapuda-tarla-olarak-geciyor-esnaf-otopark-ve-depo-gibi-kullaniyor\/","url":"https:\/\/denizcankizil.tr\/ru\/haberler\/gundem\/tapuda-tarla-olarak-geciyor-esnaf-otopark-ve-depo-gibi-kullaniyor\/","name":"Tapuda 'tarla' olarak ge\u00e7iyor, esnaf otopark ve depo gibi kullan\u0131yor! - Av. Deniz Can K\u0131z\u0131l","isPartOf":{"@id":"https:\/\/denizcankizil.tr\/#website"},"datePublished":"2025-06-23T14:41:21+00:00","breadcrumb":{"@id":"https:\/\/denizcankizil.tr\/ru\/haberler\/gundem\/tapuda-tarla-olarak-geciyor-esnaf-otopark-ve-depo-gibi-kullaniyor\/#breadcrumb"},"inLanguage":"ru-RU","potentialAction":[{"@type":"ReadAction","target":["https:\/\/denizcankizil.tr\/ru\/haberler\/gundem\/tapuda-tarla-olarak-geciyor-esnaf-otopark-ve-depo-gibi-kullaniyor\/"]}]},{"@type":"BreadcrumbList","@id":"https:\/\/denizcankizil.tr\/ru\/haberler\/gundem\/tapuda-tarla-olarak-geciyor-esnaf-otopark-ve-depo-gibi-kullaniyor\/#breadcrumb","itemListElement":[{"@type":"ListItem","position":1,"name":"Home","item":"https:\/\/denizcankizil.tr\/de\/"},{"@type":"ListItem","position":2,"name":"Tapuda &#8216;tarla&#8217; olarak ge\u00e7iyor, esnaf otopark ve depo gibi kullan\u0131yor!"}]},{"@type":"WebSite","@id":"https:\/\/denizcankizil.tr\/#website","url":"https:\/\/denizcankizil.tr\/","name":"Av. Deniz Can K\u0131z\u0131l","description":"Avukat Deniz Can K\u0131z\u0131l Antalya Barosu","publisher":{"@id":"https:\/\/denizcankizil.tr\/#organization"},"potentialAction":[{"@type":"SearchAction","target":{"@type":"EntryPoint","urlTemplate":"https:\/\/denizcankizil.tr\/?s={search_term_string}"},"query-input":{"@type":"PropertyValueSpecification","valueRequired":true,"valueName":"search_term_string"}}],"inLanguage":"ru-RU"},{"@type":"Organization","@id":"https:\/\/denizcankizil.tr\/#organization","name":"Av. Deniz Can K\u0131z\u0131l","url":"https:\/\/denizcankizil.tr\/","logo":{"@type":"ImageObject","inLanguage":"ru-RU","@id":"https:\/\/denizcankizil.tr\/#\/schema\/logo\/image\/","url":"https:\/\/denizcankizil.tr\/wp-content\/uploads\/2024\/10\/siyah-logo-svg.svg","contentUrl":"https:\/\/denizcankizil.tr\/wp-content\/uploads\/2024\/10\/siyah-logo-svg.svg","width":1080,"height":1080,"caption":"Av. Deniz Can K\u0131z\u0131l"},"image":{"@id":"https:\/\/denizcankizil.tr\/#\/schema\/logo\/image\/"}},{"@type":"Person","@id":"https:\/\/denizcankizil.tr\/#\/schema\/person\/e1eb71bb4dd684d46563f0af307e1234","name":"Antalya K\u00f6rfez","image":{"@type":"ImageObject","inLanguage":"ru-RU","@id":"https:\/\/denizcankizil.tr\/#\/schema\/person\/image\/","url":"https:\/\/secure.gravatar.com\/avatar\/42b01982558a48a0b501fdcab6a408d3717ea5919095ee2e67b0e521799c5905?s=96&d=mm&r=g","contentUrl":"https:\/\/secure.gravatar.com\/avatar\/42b01982558a48a0b501fdcab6a408d3717ea5919095ee2e67b0e521799c5905?s=96&d=mm&r=g","caption":"Antalya K\u00f6rfez"},"sameAs":["http:\/\/www.antalyakorfez.com"],"url":"https:\/\/www.antalyakorfez.com\/tapuda-tarla-olarak-geciyor-esnaf-otopark-ve-depo-gibi-kullaniyor"}]}},"_links":{"self":[{"href":"https:\/\/denizcankizil.tr\/ru\/wp-json\/wp\/v2\/posts\/124305","targetHints":{"allow":["GET"]}}],"collection":[{"href":"https:\/\/denizcankizil.tr\/ru\/wp-json\/wp\/v2\/posts"}],"about":[{"href":"https:\/\/denizcankizil.tr\/ru\/wp-json\/wp\/v2\/types\/post"}],"author":[{"embeddable":true,"href":"https:\/\/denizcankizil.tr\/ru\/wp-json\/wp\/v2\/users\/5"}],"replies":[{"embeddable":true,"href":"https:\/\/denizcankizil.tr\/ru\/wp-json\/wp\/v2\/comments?post=124305"}],"version-history":[{"count":0,"href":"https:\/\/denizcankizil.tr\/ru\/wp-json\/wp\/v2\/posts\/124305\/revisions"}],"wp:attachment":[{"href":"https:\/\/denizcankizil.tr\/ru\/wp-json\/wp\/v2\/media?parent=124305"}],"wp:term":[{"taxonomy":"category","embeddable":true,"href":"https:\/\/denizcankizil.tr\/ru\/wp-json\/wp\/v2\/categories?post=124305"},{"taxonomy":"post_tag","embeddable":true,"href":"https:\/\/denizcankizil.tr\/ru\/wp-json\/wp\/v2\/tags?post=124305"}],"curies":[{"name":"wp","href":"https:\/\/api.w.org\/{rel}","templated":true}]}}