{"id":123277,"date":"2025-06-22T15:42:13","date_gmt":"2025-06-22T12:42:13","guid":{"rendered":"https:\/\/denizcankizil.tr\/uncategorized-tr\/kocaelide-cevre-bilinci-odullendirildi\/"},"modified":"2025-06-22T15:42:13","modified_gmt":"2025-06-22T12:42:13","slug":"kocaelide-cevre-bilinci-odullendirildi","status":"publish","type":"post","link":"https:\/\/denizcankizil.tr\/ru\/haberler\/gundem\/kocaelide-cevre-bilinci-odullendirildi\/","title":{"rendered":"Kocaeli\u2019de \u00e7evre bilinci \u00f6d\u00fcllendirildi"},"content":{"rendered":"<p>Kocaeli Sanayi Odas\u0131 taraf\u0131ndan 31\u2019ncisi d\u00fczenlenen \u015eahabettin Bilgisu \u00c7evre \u00d6d\u00fclleri, \u00e7evreye duyarl\u0131 sanayi kurulu\u015flar\u0131n\u0131 \u00f6d\u00fcllendirdi. T\u00f6rende, Kocaeli B\u00fcy\u00fck\u015fehir Belediyesi\u2019nin \u201c\u0130zmit K\u00f6rfezi Dip \u00c7amuru Temizleme Projesi\u201d de \u00f6vg\u00fcyle an\u0131ld\u0131.KOCAEL\u0130 (\u0130GFA) &#8211; Kocaeli Sanayi Odas\u0131 (KSO), 1995 y\u0131l\u0131ndan bu yana \u00e7evre bilincini art\u0131rmak ve \u00e7evrenin korunmas\u0131na katk\u0131da bulunan sanayi kurulu\u015flar\u0131n\u0131 te\u015fvik etmek amac\u0131yla d\u00fczenledi\u011fi \u015eahabettin Bilgisu \u00c7evre \u00d6d\u00fclleri\u2019nin 31\u2019incisini ger\u00e7ekle\u015ftirdi. KSO\u2019nun yeni hizmet binas\u0131nda yo\u011fun kat\u0131l\u0131mla d\u00fczenlenen \u00f6d\u00fcl t\u00f6reni, \u00e7evreye duyarl\u0131 projelerin \u00f6nemini bir kez daha vurgulad\u0131.<br \/>\nT\u00f6rene, Kocaeli Valisi \u0130lhami Akta\u015f, Kocaeli Cumhuriyet Ba\u015fsavc\u0131s\u0131 Semih Akg\u00fcn, Kocaeli \u00dcniversitesi Rekt\u00f6r\u00fc Prof. Dr. Nuh Zafer Cant\u00fcrk, KSO Kurucu Ba\u015fkan\u0131 merhum \u015eahabettin Bilgisu\u2019nun k\u0131z\u0131 Ay\u015fen Yengin ve karde\u015fi Bilge Yener, Kocaeli B\u00fcy\u00fck\u015fehir Belediyesi \u00c7evre Koruma ve Kontrol Dairesi Ba\u015fkan\u0131 Mesut \u00d6nem, KSO Y\u00f6netim Kurulu Ba\u015fkan\u0131 Ayhan Zeytino\u011flu, Meclis Ba\u015fkan\u0131 Hasan Tahsin Tu\u011frul, OSB y\u00f6neticileri, firma temsilcileri ve \u00e7ok say\u0131da davetli kat\u0131ld\u0131.<br \/>\n\u201cEKONOM\u0130DE VE EKOLOJ\u0130DE DENGE\u201d<br \/>\nT\u00f6renin a\u00e7\u0131l\u0131\u015f konu\u015fmas\u0131n\u0131 yapan KSO Ba\u015fkan\u0131 Ayhan Zeytino\u011flu, \u00f6d\u00fcl\u00fcn ad\u0131n\u0131 ta\u015f\u0131yan merhum \u015eahabettin Bilgisu\u2019yu rahmetle anarak, \u201cEkonomide ve ekolojide denge; i\u015fin s\u0131rr\u0131 bu dengede\u201d s\u00f6z\u00fcn\u00fc hat\u0131rlatt\u0131. Zeytino\u011flu, Kocaeli\u2019de hayata ge\u00e7irilen Hava Kalitesi \u0130yile\u015ftirme Projesi, Ye\u015fil G\u00f6z Projesi ve \u0130zmit K\u00f6rfezi Dip \u00c7amuru Temizleme Projesi gibi \u00e7evreci \u00e7al\u0131\u015fmalar\u0131n alt\u0131n\u0131 \u00e7izdi. Ancak, \u00e7evre kirlili\u011finin sorumlulu\u011funun haks\u0131z bir \u015fekilde sadece sanayicilere y\u00fcklenmesinden duydu\u011fu rahats\u0131zl\u0131\u011f\u0131 dile getirdi.<br \/>\nYE\u015e\u0130L VE D\u0130J\u0130TAL D\u00d6N\u00dc\u015e\u00dcM VURGUSU<br \/>\nZeytino\u011flu, iklim de\u011fi\u015fikli\u011fiyle m\u00fccadelede dijitalle\u015fme ve karbonsuzla\u015fman\u0131n \u00f6nemine dikkat \u00e7ekerek, Avrupa Ye\u015fil Mutabakat\u0131\u2019n\u0131n 2050\u2019de iklim n\u00f6tr k\u0131ta hedefini ve T\u00fcrkiye\u2019nin 2053 iklim n\u00f6tr \u00fclke hedefini hat\u0131rlatt\u0131. Paris \u0130klim Anla\u015fmas\u0131\u2019n\u0131n k\u00fcresel s\u0131cakl\u0131k art\u0131\u015f\u0131n\u0131 1,5 dereceyle s\u0131n\u0131rlama hedefini vurgulayan Zeytino\u011flu, TEPAV\u2019\u0131n anketine g\u00f6re T\u00fcrkiye\u2019nin S\u0131n\u0131rda Karbon D\u00fczenleme Mekanizmas\u0131\u2019ndan (SKDM) en \u00e7ok etkilenecek \u00fc\u00e7\u00fcnc\u00fc \u00fclke oldu\u011funu belirtti. \u201cKarbon yo\u011fun sekt\u00f6rlerde 2026\u2019dan itibaren AB\u2019ye ihracatta karbon sertifikas\u0131 zorunlu olacak. T\u00fcrkiye\u2019nin Emisyon Ticaret Sistemi\u2019ni (ETS) kurmas\u0131 ve \u0130klim Kanunu\u2019nun bir an \u00f6nce revize edilerek Meclis\u2019e sunulmas\u0131 gerekiyor\u201d dedi.<\/p>\n<p>\u201cT\u00dcM F\u0130RMALARIMIZ \u015eAMP\u0130YON\u201d<br \/>\nZeytino\u011flu, \u015eahabettin Bilgisu \u00c7evre \u00d6d\u00fclleri\u2019nin T\u00fcrkiye\u2019nin ilk ve tek bu formatta \u00f6d\u00fcl organizasyonu oldu\u011funu belirterek, \u201c31 y\u0131ld\u0131r bu organizasyona ev sahipli\u011fi yapmaktan gurur duyuyoruz. Kap\u0131lar\u0131n\u0131 ve s\u00fcre\u00e7lerini bize a\u00e7an t\u00fcm firmalar\u0131m\u0131z\u0131 kutluyor, hepsini \u015fampiyon ilan ediyoruz\u201d diye konu\u015ftu.<br \/>\nKocaeli B\u00fcy\u00fck\u015fehir Belediyesi, \u201c\u0130zmit K\u00f6rfezi Dip \u00c7amuru Temizleme Projesi\u201d ile \u00e7evresel katk\u0131lar\u0131ndan dolay\u0131 KSO ve j\u00fcri taraf\u0131ndan \u00f6d\u00fcle lay\u0131k g\u00f6r\u00fcld\u00fc. \u00d6d\u00fcl\u00fc, Belediye Ba\u015fkan\u0131 Tahir B\u00fcy\u00fckak\u0131n ad\u0131na Mesut \u00d6nem ald\u0131. Vali \u0130lhami Akta\u015f da t\u00f6rende yapt\u0131\u011f\u0131 konu\u015fmada, \u00f6d\u00fcl organizasyonunun \u00f6nemine vurgu yaparak firmalar\u0131 tebrik etti ve temiz bir \u00e7evre b\u0131rakman\u0131n gereklili\u011fini ifade etti.<\/p>\n<p>\u00d6D\u00dcL ALAN F\u0130RMALAR<br \/>\nJ\u00fcri \u00d6zel \u00d6d\u00fcl\u00fc: Entek Elektrik \u00dcretimi A.\u015e. (\u00d6d\u00fcl\u00fc Tesis M\u00fcd\u00fcr\u00fc Serbay Celikan, Ay\u015fen Yengin ve Bilge Yener\u2019den ald\u0131.)<br \/>\nB\u00fcy\u00fck \u00d6l\u00e7ekli \u0130\u015fletme Kategorisi Karma Sekt\u00f6r \u00c7evre \u00d6d\u00fcl\u00fc: G\u00fcl\u00e7i\u00e7ek Kimya ve U\u00e7an Ya\u011flar San. ve Tic. A.\u015e. &#8211; MG \u0130kinci \u015eubesi (\u00d6d\u00fcl\u00fc Kurumsal \u0130leti\u015fim Direkt\u00f6r\u00fc Duygu Be\u015fb\u0131\u00e7ak, Mesut \u00d6nem\u2019den ald\u0131.)<br \/>\nB\u00fcy\u00fck \u00d6l\u00e7ekli \u0130\u015fletme Kategorisi Otomotiv Tedarik Sanayi \u00c7evre \u00d6d\u00fcl\u00fc: Sango Otomotiv \u00dcr\u00fcnleri San. ve Tic. A.\u015e. (\u00d6d\u00fcl\u00fc T\u00fcrkiye Ba\u015fkan\u0131 Tomohiro Ichikawa, Semih Akg\u00fcn\u2019den ald\u0131.)<br \/>\nKOB\u0130 Kategorisi \u00c7evre \u00d6d\u00fcl\u00fc: SAMM Teknoloji \u0130leti\u015fim San. ve Tic. A.\u015e. (\u00d6d\u00fcl\u00fc kurucu ortak Ay\u015fe Ak\u015fit, Prof. Dr. Nuh Zafer Cant\u00fcrk\u2019ten ald\u0131.)<br \/>\nB\u00fcy\u00fck \u00d6l\u00e7ekli \u0130\u015fletme Kategorisi \u00c7evre \u00d6d\u00fcl\u00fc: Anadolu ISUZU Otomotiv San. ve Tic. A.\u015e. (\u00d6d\u00fcl\u00fc Operasyonel Fonksiyonlar Grup Direkt\u00f6r\u00fc Hakan \u00d6zen\u00e7, Vali \u0130lhami Akta\u015f\u2019tan ald\u0131.)<\/p>\n<p>\u200bKocaeli Sanayi Odas\u0131 taraf\u0131ndan 31\u2019ncisi d\u00fczenlenen \u015eahabettin Bilgisu \u00c7evre \u00d6d\u00fclleri, \u00e7evreye duyarl\u0131 sanayi kurulu\u015flar\u0131n\u0131 \u00f6d\u00fcllendirdi. T\u00f6rende, Kocaeli B\u00fcy\u00fck\u015fehir Belediyesi\u2019nin \u201c\u0130zmit K\u00f6rfezi Dip \u00c7amuru Temizleme Projesi\u201d de \u00f6vg\u00fcyle an\u0131ld\u0131.KOCAEL\u0130 (\u0130GFA) &#8211; Kocaeli Sanayi Odas\u0131 (KSO), 1995 y\u0131l\u0131ndan bu yana \u00e7evre bilincini art\u0131rmak ve \u00e7evrenin korunmas\u0131na katk\u0131da bulunan sanayi kurulu\u015flar\u0131n\u0131 te\u015fvik etmek amac\u0131yla d\u00fczenledi\u011fi \u015eahabettin Bilgisu \u00c7evre \u00d6d\u00fclleri\u2019nin 31\u2019incisini ger\u00e7ekle\u015ftirdi. KSO\u2019nun yeni hizmet binas\u0131nda yo\u011fun kat\u0131l\u0131mla d\u00fczenlenen \u00f6d\u00fcl t\u00f6reni, \u00e7evreye duyarl\u0131 projelerin \u00f6nemini bir kez daha vurgulad\u0131.<br \/>\nT\u00f6rene, Kocaeli Valisi \u0130lhami Akta\u015f, Kocaeli Cumhuriyet Ba\u015fsavc\u0131s\u0131 Semih Akg\u00fcn, Kocaeli \u00dcniversitesi Rekt\u00f6r\u00fc Prof. Dr. Nuh Zafer Cant\u00fcrk, KSO Kurucu Ba\u015fkan\u0131 merhum \u015eahabettin Bilgisu\u2019nun k\u0131z\u0131 Ay\u015fen Yengin ve karde\u015fi Bilge Yener, Kocaeli B\u00fcy\u00fck\u015fehir Belediyesi \u00c7evre Koruma ve Kontrol Dairesi Ba\u015fkan\u0131 Mesut \u00d6nem, KSO Y\u00f6netim Kurulu Ba\u015fkan\u0131 Ayhan Zeytino\u011flu, Meclis Ba\u015fkan\u0131 Hasan Tahsin Tu\u011frul, OSB y\u00f6neticileri, firma temsilcileri ve \u00e7ok say\u0131da davetli kat\u0131ld\u0131.<br \/>\n\u201cEKONOM\u0130DE VE EKOLOJ\u0130DE DENGE\u201d<br \/>\nT\u00f6renin a\u00e7\u0131l\u0131\u015f konu\u015fmas\u0131n\u0131 yapan KSO Ba\u015fkan\u0131 Ayhan Zeytino\u011flu, \u00f6d\u00fcl\u00fcn ad\u0131n\u0131 ta\u015f\u0131yan merhum \u015eahabettin Bilgisu\u2019yu rahmetle anarak, \u201cEkonomide ve ekolojide denge; i\u015fin s\u0131rr\u0131 bu dengede\u201d s\u00f6z\u00fcn\u00fc hat\u0131rlatt\u0131. Zeytino\u011flu, Kocaeli\u2019de hayata ge\u00e7irilen Hava Kalitesi \u0130yile\u015ftirme Projesi, Ye\u015fil G\u00f6z Projesi ve \u0130zmit K\u00f6rfezi Dip \u00c7amuru Temizleme Projesi gibi \u00e7evreci \u00e7al\u0131\u015fmalar\u0131n alt\u0131n\u0131 \u00e7izdi. Ancak, \u00e7evre kirlili\u011finin sorumlulu\u011funun haks\u0131z bir \u015fekilde sadece sanayicilere y\u00fcklenmesinden duydu\u011fu rahats\u0131zl\u0131\u011f\u0131 dile getirdi.<br \/>\nYE\u015e\u0130L VE D\u0130J\u0130TAL D\u00d6N\u00dc\u015e\u00dcM VURGUSU<br \/>\nZeytino\u011flu, iklim de\u011fi\u015fikli\u011fiyle m\u00fccadelede dijitalle\u015fme ve karbonsuzla\u015fman\u0131n \u00f6nemine dikkat \u00e7ekerek, Avrupa Ye\u015fil Mutabakat\u0131\u2019n\u0131n 2050\u2019de iklim n\u00f6tr k\u0131ta hedefini ve T\u00fcrkiye\u2019nin 2053 iklim n\u00f6tr \u00fclke hedefini hat\u0131rlatt\u0131. Paris \u0130klim Anla\u015fmas\u0131\u2019n\u0131n k\u00fcresel s\u0131cakl\u0131k art\u0131\u015f\u0131n\u0131 1,5 dereceyle s\u0131n\u0131rlama hedefini vurgulayan Zeytino\u011flu, TEPAV\u2019\u0131n anketine g\u00f6re T\u00fcrkiye\u2019nin S\u0131n\u0131rda Karbon D\u00fczenleme Mekanizmas\u0131\u2019ndan (SKDM) en \u00e7ok etkilenecek \u00fc\u00e7\u00fcnc\u00fc \u00fclke oldu\u011funu belirtti. \u201cKarbon yo\u011fun sekt\u00f6rlerde 2026\u2019dan itibaren AB\u2019ye ihracatta karbon sertifikas\u0131 zorunlu olacak. T\u00fcrkiye\u2019nin Emisyon Ticaret Sistemi\u2019ni (ETS) kurmas\u0131 ve \u0130klim Kanunu\u2019nun bir an \u00f6nce revize edilerek Meclis\u2019e sunulmas\u0131 gerekiyor\u201d dedi.<\/p>\n<p>\u201cT\u00dcM F\u0130RMALARIMIZ \u015eAMP\u0130YON\u201d<br \/>\nZeytino\u011flu, \u015eahabettin Bilgisu \u00c7evre \u00d6d\u00fclleri\u2019nin T\u00fcrkiye\u2019nin ilk ve tek bu formatta \u00f6d\u00fcl organizasyonu oldu\u011funu belirterek, \u201c31 y\u0131ld\u0131r bu organizasyona ev sahipli\u011fi yapmaktan gurur duyuyoruz. Kap\u0131lar\u0131n\u0131 ve s\u00fcre\u00e7lerini bize a\u00e7an t\u00fcm firmalar\u0131m\u0131z\u0131 kutluyor, hepsini \u015fampiyon ilan ediyoruz\u201d diye konu\u015ftu.<br \/>\nKocaeli B\u00fcy\u00fck\u015fehir Belediyesi, \u201c\u0130zmit K\u00f6rfezi Dip \u00c7amuru Temizleme Projesi\u201d ile \u00e7evresel katk\u0131lar\u0131ndan dolay\u0131 KSO ve j\u00fcri taraf\u0131ndan \u00f6d\u00fcle lay\u0131k g\u00f6r\u00fcld\u00fc. \u00d6d\u00fcl\u00fc, Belediye Ba\u015fkan\u0131 Tahir B\u00fcy\u00fckak\u0131n ad\u0131na Mesut \u00d6nem ald\u0131. Vali \u0130lhami Akta\u015f da t\u00f6rende yapt\u0131\u011f\u0131 konu\u015fmada, \u00f6d\u00fcl organizasyonunun \u00f6nemine vurgu yaparak firmalar\u0131 tebrik etti ve temiz bir \u00e7evre b\u0131rakman\u0131n gereklili\u011fini ifade etti.<\/p>\n<p>\u00d6D\u00dcL ALAN F\u0130RMALAR<br \/>\nJ\u00fcri \u00d6zel \u00d6d\u00fcl\u00fc: Entek Elektrik \u00dcretimi A.\u015e. (\u00d6d\u00fcl\u00fc Tesis M\u00fcd\u00fcr\u00fc Serbay Celikan, Ay\u015fen Yengin ve Bilge Yener\u2019den ald\u0131.)<br \/>\nB\u00fcy\u00fck \u00d6l\u00e7ekli \u0130\u015fletme Kategorisi Karma Sekt\u00f6r \u00c7evre \u00d6d\u00fcl\u00fc: G\u00fcl\u00e7i\u00e7ek Kimya ve U\u00e7an Ya\u011flar San. ve Tic. A.\u015e. &#8211; MG \u0130kinci \u015eubesi (\u00d6d\u00fcl\u00fc Kurumsal \u0130leti\u015fim Direkt\u00f6r\u00fc Duygu Be\u015fb\u0131\u00e7ak, Mesut \u00d6nem\u2019den ald\u0131.)<br \/>\nB\u00fcy\u00fck \u00d6l\u00e7ekli \u0130\u015fletme Kategorisi Otomotiv Tedarik Sanayi \u00c7evre \u00d6d\u00fcl\u00fc: Sango Otomotiv \u00dcr\u00fcnleri San. ve Tic. A.\u015e. (\u00d6d\u00fcl\u00fc T\u00fcrkiye Ba\u015fkan\u0131 Tomohiro Ichikawa, Semih Akg\u00fcn\u2019den ald\u0131.)<br \/>\nKOB\u0130 Kategorisi \u00c7evre \u00d6d\u00fcl\u00fc: SAMM Teknoloji \u0130leti\u015fim San. ve Tic. A.\u015e. (\u00d6d\u00fcl\u00fc kurucu ortak Ay\u015fe Ak\u015fit, Prof. Dr. Nuh Zafer Cant\u00fcrk\u2019ten ald\u0131.)<br \/>\nB\u00fcy\u00fck \u00d6l\u00e7ekli \u0130\u015fletme Kategorisi \u00c7evre \u00d6d\u00fcl\u00fc: Anadolu ISUZU Otomotiv San. ve Tic. A.\u015e. (\u00d6d\u00fcl\u00fc Operasyonel Fonksiyonlar Grup Direkt\u00f6r\u00fc Hakan \u00d6zen\u00e7, Vali \u0130lhami Akta\u015f\u2019tan ald\u0131.)\u00a0<\/p>\n<p>\u200bHaberin Al\u0131nt\u0131land\u0131\u011f\u0131 Kaynak: www.iskenderun.org<\/p>","protected":false},"excerpt":{"rendered":"<p>Kocaeli Sanayi Odas\u0131 taraf\u0131ndan 31\u2019ncisi d\u00fczenlenen \u015eahabettin Bilgisu \u00c7evre \u00d6d\u00fclleri, \u00e7evreye duyarl\u0131 sanayi kurulu\u015flar\u0131n\u0131 \u00f6d\u00fcllendirdi. T\u00f6rende, Kocaeli B\u00fcy\u00fck\u015fehir Belediyesi\u2019nin \u201c\u0130zmit K\u00f6rfezi Dip \u00c7amuru Temizleme Projesi\u201d de \u00f6vg\u00fcyle an\u0131ld\u0131.KOCAEL\u0130 (\u0130GFA) &#8211; Kocaeli Sanayi Odas\u0131 (KSO), 1995 y\u0131l\u0131ndan bu yana \u00e7evre bilincini art\u0131rmak ve \u00e7evrenin korunmas\u0131na katk\u0131da bulunan sanayi kurulu\u015flar\u0131n\u0131 te\u015fvik etmek amac\u0131yla d\u00fczenledi\u011fi \u015eahabettin Bilgisu \u00c7evre \u00d6d\u00fclleri\u2019nin 31\u2019incisini ger\u00e7ekle\u015ftirdi. KSO\u2019nun yeni hizmet binas\u0131nda yo\u011fun kat\u0131l\u0131mla d\u00fczenlenen \u00f6d\u00fcl t\u00f6reni, \u00e7evreye duyarl\u0131 projelerin \u00f6nemini bir kez daha vurgulad\u0131. T\u00f6rene, Kocaeli Valisi \u0130lhami Akta\u015f, Kocaeli Cumhuriyet Ba\u015fsavc\u0131s\u0131 Semih Akg\u00fcn, Kocaeli \u00dcniversitesi Rekt\u00f6r\u00fc Prof. Dr. Nuh Zafer Cant\u00fcrk, KSO Kurucu Ba\u015fkan\u0131 merhum \u015eahabettin Bilgisu\u2019nun k\u0131z\u0131 Ay\u015fen Yengin ve karde\u015fi Bilge Yener, Kocaeli B\u00fcy\u00fck\u015fehir Belediyesi \u00c7evre Koruma ve Kontrol Dairesi Ba\u015fkan\u0131 Mesut \u00d6nem, KSO Y\u00f6netim Kurulu Ba\u015fkan\u0131 Ayhan Zeytino\u011flu, Meclis Ba\u015fkan\u0131 Hasan Tahsin Tu\u011frul, OSB y\u00f6neticileri, firma temsilcileri ve \u00e7ok say\u0131da davetli kat\u0131ld\u0131. \u201cEKONOM\u0130DE VE EKOLOJ\u0130DE DENGE\u201d T\u00f6renin a\u00e7\u0131l\u0131\u015f konu\u015fmas\u0131n\u0131 yapan KSO Ba\u015fkan\u0131 Ayhan Zeytino\u011flu, \u00f6d\u00fcl\u00fcn ad\u0131n\u0131 ta\u015f\u0131yan merhum \u015eahabettin Bilgisu\u2019yu rahmetle anarak, \u201cEkonomide ve ekolojide denge; i\u015fin s\u0131rr\u0131 bu dengede\u201d s\u00f6z\u00fcn\u00fc hat\u0131rlatt\u0131. Zeytino\u011flu, Kocaeli\u2019de hayata ge\u00e7irilen Hava Kalitesi \u0130yile\u015ftirme Projesi, Ye\u015fil G\u00f6z Projesi ve \u0130zmit K\u00f6rfezi Dip \u00c7amuru Temizleme Projesi gibi \u00e7evreci \u00e7al\u0131\u015fmalar\u0131n alt\u0131n\u0131 \u00e7izdi. Ancak, \u00e7evre kirlili\u011finin sorumlulu\u011funun haks\u0131z bir \u015fekilde sadece sanayicilere y\u00fcklenmesinden &hellip;<\/p>","protected":false},"author":1,"featured_media":0,"comment_status":"","ping_status":"open","sticky":false,"template":"","format":"standard","meta":{"_acf_changed":false,"footnotes":""},"categories":[24],"tags":[],"class_list":["post-123277","post","type-post","status-publish","format-standard","has-post-thumbnail","hentry","category-gundem"],"acf":[],"yoast_head":"<!-- This site is optimized with the Yoast SEO Premium plugin v26.6 (Yoast SEO v27.1.1) - https:\/\/yoast.com\/product\/yoast-seo-premium-wordpress\/ -->\n<title>Kocaeli\u2019de \u00e7evre bilinci \u00f6d\u00fcllendirildi - Av. Deniz Can K\u0131z\u0131l<\/title>\n<meta name=\"robots\" content=\"index, follow, max-snippet:-1, max-image-preview:large, max-video-preview:-1\" \/>\n<link rel=\"canonical\" href=\"https:\/\/denizcankizil.tr\/ru\/haberler\/gundem\/kocaelide-cevre-bilinci-odullendirildi\/\" \/>\n<meta property=\"og:locale\" content=\"ru_RU\" \/>\n<meta property=\"og:type\" content=\"article\" \/>\n<meta property=\"og:title\" content=\"Kocaeli\u2019de \u00e7evre bilinci \u00f6d\u00fcllendirildi\" \/>\n<meta property=\"og:description\" content=\"Kocaeli Sanayi Odas\u0131 taraf\u0131ndan 31\u2019ncisi d\u00fczenlenen \u015eahabettin Bilgisu \u00c7evre \u00d6d\u00fclleri, \u00e7evreye duyarl\u0131 sanayi kurulu\u015flar\u0131n\u0131 \u00f6d\u00fcllendirdi. T\u00f6rende, Kocaeli B\u00fcy\u00fck\u015fehir Belediyesi\u2019nin \u201c\u0130zmit K\u00f6rfezi Dip \u00c7amuru Temizleme Projesi\u201d de \u00f6vg\u00fcyle an\u0131ld\u0131.KOCAEL\u0130 (\u0130GFA) &#8211; Kocaeli Sanayi Odas\u0131 (KSO), 1995 y\u0131l\u0131ndan bu yana \u00e7evre bilincini art\u0131rmak ve \u00e7evrenin korunmas\u0131na katk\u0131da bulunan sanayi kurulu\u015flar\u0131n\u0131 te\u015fvik etmek amac\u0131yla d\u00fczenledi\u011fi \u015eahabettin Bilgisu \u00c7evre \u00d6d\u00fclleri\u2019nin 31\u2019incisini ger\u00e7ekle\u015ftirdi. KSO\u2019nun yeni hizmet binas\u0131nda yo\u011fun kat\u0131l\u0131mla d\u00fczenlenen \u00f6d\u00fcl t\u00f6reni, \u00e7evreye duyarl\u0131 projelerin \u00f6nemini bir kez daha vurgulad\u0131. T\u00f6rene, Kocaeli Valisi \u0130lhami Akta\u015f, Kocaeli Cumhuriyet Ba\u015fsavc\u0131s\u0131 Semih Akg\u00fcn, Kocaeli \u00dcniversitesi Rekt\u00f6r\u00fc Prof. Dr. Nuh Zafer Cant\u00fcrk, KSO Kurucu Ba\u015fkan\u0131 merhum \u015eahabettin Bilgisu\u2019nun k\u0131z\u0131 Ay\u015fen Yengin ve karde\u015fi Bilge Yener, Kocaeli B\u00fcy\u00fck\u015fehir Belediyesi \u00c7evre Koruma ve Kontrol Dairesi Ba\u015fkan\u0131 Mesut \u00d6nem, KSO Y\u00f6netim Kurulu Ba\u015fkan\u0131 Ayhan Zeytino\u011flu, Meclis Ba\u015fkan\u0131 Hasan Tahsin Tu\u011frul, OSB y\u00f6neticileri, firma temsilcileri ve \u00e7ok say\u0131da davetli kat\u0131ld\u0131. \u201cEKONOM\u0130DE VE EKOLOJ\u0130DE DENGE\u201d T\u00f6renin a\u00e7\u0131l\u0131\u015f konu\u015fmas\u0131n\u0131 yapan KSO Ba\u015fkan\u0131 Ayhan Zeytino\u011flu, \u00f6d\u00fcl\u00fcn ad\u0131n\u0131 ta\u015f\u0131yan merhum \u015eahabettin Bilgisu\u2019yu rahmetle anarak, \u201cEkonomide ve ekolojide denge; i\u015fin s\u0131rr\u0131 bu dengede\u201d s\u00f6z\u00fcn\u00fc hat\u0131rlatt\u0131. Zeytino\u011flu, Kocaeli\u2019de hayata ge\u00e7irilen Hava Kalitesi \u0130yile\u015ftirme Projesi, Ye\u015fil G\u00f6z Projesi ve \u0130zmit K\u00f6rfezi Dip \u00c7amuru Temizleme Projesi gibi \u00e7evreci \u00e7al\u0131\u015fmalar\u0131n alt\u0131n\u0131 \u00e7izdi. Ancak, \u00e7evre kirlili\u011finin sorumlulu\u011funun haks\u0131z bir \u015fekilde sadece sanayicilere y\u00fcklenmesinden &hellip;\" \/>\n<meta property=\"og:url\" content=\"https:\/\/denizcankizil.tr\/ru\/haberler\/gundem\/kocaelide-cevre-bilinci-odullendirildi\/\" \/>\n<meta property=\"og:site_name\" content=\"Av. Deniz Can K\u0131z\u0131l\" \/>\n<meta property=\"article:published_time\" content=\"2025-06-22T12:42:13+00:00\" \/>\n<meta name=\"author\" content=\"admin\" \/>\n<meta name=\"twitter:card\" content=\"summary_large_image\" \/>\n<meta name=\"twitter:label1\" content=\"\u041d\u0430\u043f\u0438\u0441\u0430\u043d\u043e \u0430\u0432\u0442\u043e\u0440\u043e\u043c\" \/>\n\t<meta name=\"twitter:data1\" content=\"admin\" \/>\n\t<meta name=\"twitter:label2\" content=\"\u041f\u0440\u0438\u043c\u0435\u0440\u043d\u043e\u0435 \u0432\u0440\u0435\u043c\u044f \u0434\u043b\u044f \u0447\u0442\u0435\u043d\u0438\u044f\" \/>\n\t<meta name=\"twitter:data2\" content=\"7 \u043c\u0438\u043d\u0443\u0442\" \/>\n<script type=\"application\/ld+json\" class=\"yoast-schema-graph\">{\"@context\":\"https:\/\/schema.org\",\"@graph\":[{\"@type\":\"Article\",\"@id\":\"https:\/\/denizcankizil.tr\/ru\/haberler\/gundem\/kocaelide-cevre-bilinci-odullendirildi\/#article\",\"isPartOf\":{\"@id\":\"https:\/\/denizcankizil.tr\/ru\/haberler\/gundem\/kocaelide-cevre-bilinci-odullendirildi\/\"},\"author\":{\"name\":\"admin\",\"@id\":\"https:\/\/denizcankizil.tr\/#\/schema\/person\/be3c05fe6a12686905512445d8185489\"},\"headline\":\"Kocaeli\u2019de \u00e7evre bilinci \u00f6d\u00fcllendirildi\",\"datePublished\":\"2025-06-22T12:42:13+00:00\",\"mainEntityOfPage\":{\"@id\":\"https:\/\/denizcankizil.tr\/ru\/haberler\/gundem\/kocaelide-cevre-bilinci-odullendirildi\/\"},\"wordCount\":1496,\"publisher\":{\"@id\":\"https:\/\/denizcankizil.tr\/#organization\"},\"articleSection\":[\"G\u00fcndem\"],\"inLanguage\":\"ru-RU\"},{\"@type\":\"WebPage\",\"@id\":\"https:\/\/denizcankizil.tr\/ru\/haberler\/gundem\/kocaelide-cevre-bilinci-odullendirildi\/\",\"url\":\"https:\/\/denizcankizil.tr\/ru\/haberler\/gundem\/kocaelide-cevre-bilinci-odullendirildi\/\",\"name\":\"Kocaeli\u2019de \u00e7evre bilinci \u00f6d\u00fcllendirildi - Av. Deniz Can K\u0131z\u0131l\",\"isPartOf\":{\"@id\":\"https:\/\/denizcankizil.tr\/#website\"},\"datePublished\":\"2025-06-22T12:42:13+00:00\",\"breadcrumb\":{\"@id\":\"https:\/\/denizcankizil.tr\/ru\/haberler\/gundem\/kocaelide-cevre-bilinci-odullendirildi\/#breadcrumb\"},\"inLanguage\":\"ru-RU\",\"potentialAction\":[{\"@type\":\"ReadAction\",\"target\":[\"https:\/\/denizcankizil.tr\/ru\/haberler\/gundem\/kocaelide-cevre-bilinci-odullendirildi\/\"]}]},{\"@type\":\"BreadcrumbList\",\"@id\":\"https:\/\/denizcankizil.tr\/ru\/haberler\/gundem\/kocaelide-cevre-bilinci-odullendirildi\/#breadcrumb\",\"itemListElement\":[{\"@type\":\"ListItem\",\"position\":1,\"name\":\"Home\",\"item\":\"https:\/\/denizcankizil.tr\/de\/\"},{\"@type\":\"ListItem\",\"position\":2,\"name\":\"Kocaeli\u2019de \u00e7evre bilinci \u00f6d\u00fcllendirildi\"}]},{\"@type\":\"WebSite\",\"@id\":\"https:\/\/denizcankizil.tr\/#website\",\"url\":\"https:\/\/denizcankizil.tr\/\",\"name\":\"Av. Deniz Can K\u0131z\u0131l\",\"description\":\"Avukat Deniz Can K\u0131z\u0131l Antalya Barosu\",\"publisher\":{\"@id\":\"https:\/\/denizcankizil.tr\/#organization\"},\"potentialAction\":[{\"@type\":\"SearchAction\",\"target\":{\"@type\":\"EntryPoint\",\"urlTemplate\":\"https:\/\/denizcankizil.tr\/?s={search_term_string}\"},\"query-input\":{\"@type\":\"PropertyValueSpecification\",\"valueRequired\":true,\"valueName\":\"search_term_string\"}}],\"inLanguage\":\"ru-RU\"},{\"@type\":\"Organization\",\"@id\":\"https:\/\/denizcankizil.tr\/#organization\",\"name\":\"Av. Deniz Can K\u0131z\u0131l\",\"url\":\"https:\/\/denizcankizil.tr\/\",\"logo\":{\"@type\":\"ImageObject\",\"inLanguage\":\"ru-RU\",\"@id\":\"https:\/\/denizcankizil.tr\/#\/schema\/logo\/image\/\",\"url\":\"https:\/\/denizcankizil.tr\/wp-content\/uploads\/2024\/10\/siyah-logo-svg.svg\",\"contentUrl\":\"https:\/\/denizcankizil.tr\/wp-content\/uploads\/2024\/10\/siyah-logo-svg.svg\",\"width\":1080,\"height\":1080,\"caption\":\"Av. Deniz Can K\u0131z\u0131l\"},\"image\":{\"@id\":\"https:\/\/denizcankizil.tr\/#\/schema\/logo\/image\/\"}},{\"@type\":\"Person\",\"@id\":\"https:\/\/denizcankizil.tr\/#\/schema\/person\/be3c05fe6a12686905512445d8185489\",\"name\":\"admin\",\"image\":{\"@type\":\"ImageObject\",\"inLanguage\":\"ru-RU\",\"@id\":\"https:\/\/denizcankizil.tr\/#\/schema\/person\/image\/\",\"url\":\"https:\/\/secure.gravatar.com\/avatar\/c1fce94c830dc79107e174f890d7210541c4a63e8e5d816341794a2151c9d58c?s=96&d=mm&r=g\",\"contentUrl\":\"https:\/\/secure.gravatar.com\/avatar\/c1fce94c830dc79107e174f890d7210541c4a63e8e5d816341794a2151c9d58c?s=96&d=mm&r=g\",\"caption\":\"admin\"},\"sameAs\":[\"http:\/\/denizcankizil.tr\"],\"url\":\"https:\/\/www.iskenderun.org\/kocaelide-cevre-bilinci-odullendirildi\"}]}<\/script>\n<!-- \/ Yoast SEO Premium plugin. -->","yoast_head_json":{"title":"Kocaeli\u2019de \u00e7evre bilinci \u00f6d\u00fcllendirildi - Av. Deniz Can K\u0131z\u0131l","robots":{"index":"index","follow":"follow","max-snippet":"max-snippet:-1","max-image-preview":"max-image-preview:large","max-video-preview":"max-video-preview:-1"},"canonical":"https:\/\/denizcankizil.tr\/ru\/haberler\/gundem\/kocaelide-cevre-bilinci-odullendirildi\/","og_locale":"ru_RU","og_type":"article","og_title":"Kocaeli\u2019de \u00e7evre bilinci \u00f6d\u00fcllendirildi","og_description":"Kocaeli Sanayi Odas\u0131 taraf\u0131ndan 31\u2019ncisi d\u00fczenlenen \u015eahabettin Bilgisu \u00c7evre \u00d6d\u00fclleri, \u00e7evreye duyarl\u0131 sanayi kurulu\u015flar\u0131n\u0131 \u00f6d\u00fcllendirdi. T\u00f6rende, Kocaeli B\u00fcy\u00fck\u015fehir Belediyesi\u2019nin \u201c\u0130zmit K\u00f6rfezi Dip \u00c7amuru Temizleme Projesi\u201d de \u00f6vg\u00fcyle an\u0131ld\u0131.KOCAEL\u0130 (\u0130GFA) &#8211; Kocaeli Sanayi Odas\u0131 (KSO), 1995 y\u0131l\u0131ndan bu yana \u00e7evre bilincini art\u0131rmak ve \u00e7evrenin korunmas\u0131na katk\u0131da bulunan sanayi kurulu\u015flar\u0131n\u0131 te\u015fvik etmek amac\u0131yla d\u00fczenledi\u011fi \u015eahabettin Bilgisu \u00c7evre \u00d6d\u00fclleri\u2019nin 31\u2019incisini ger\u00e7ekle\u015ftirdi. KSO\u2019nun yeni hizmet binas\u0131nda yo\u011fun kat\u0131l\u0131mla d\u00fczenlenen \u00f6d\u00fcl t\u00f6reni, \u00e7evreye duyarl\u0131 projelerin \u00f6nemini bir kez daha vurgulad\u0131. T\u00f6rene, Kocaeli Valisi \u0130lhami Akta\u015f, Kocaeli Cumhuriyet Ba\u015fsavc\u0131s\u0131 Semih Akg\u00fcn, Kocaeli \u00dcniversitesi Rekt\u00f6r\u00fc Prof. Dr. Nuh Zafer Cant\u00fcrk, KSO Kurucu Ba\u015fkan\u0131 merhum \u015eahabettin Bilgisu\u2019nun k\u0131z\u0131 Ay\u015fen Yengin ve karde\u015fi Bilge Yener, Kocaeli B\u00fcy\u00fck\u015fehir Belediyesi \u00c7evre Koruma ve Kontrol Dairesi Ba\u015fkan\u0131 Mesut \u00d6nem, KSO Y\u00f6netim Kurulu Ba\u015fkan\u0131 Ayhan Zeytino\u011flu, Meclis Ba\u015fkan\u0131 Hasan Tahsin Tu\u011frul, OSB y\u00f6neticileri, firma temsilcileri ve \u00e7ok say\u0131da davetli kat\u0131ld\u0131. \u201cEKONOM\u0130DE VE EKOLOJ\u0130DE DENGE\u201d T\u00f6renin a\u00e7\u0131l\u0131\u015f konu\u015fmas\u0131n\u0131 yapan KSO Ba\u015fkan\u0131 Ayhan Zeytino\u011flu, \u00f6d\u00fcl\u00fcn ad\u0131n\u0131 ta\u015f\u0131yan merhum \u015eahabettin Bilgisu\u2019yu rahmetle anarak, \u201cEkonomide ve ekolojide denge; i\u015fin s\u0131rr\u0131 bu dengede\u201d s\u00f6z\u00fcn\u00fc hat\u0131rlatt\u0131. Zeytino\u011flu, Kocaeli\u2019de hayata ge\u00e7irilen Hava Kalitesi \u0130yile\u015ftirme Projesi, Ye\u015fil G\u00f6z Projesi ve \u0130zmit K\u00f6rfezi Dip \u00c7amuru Temizleme Projesi gibi \u00e7evreci \u00e7al\u0131\u015fmalar\u0131n alt\u0131n\u0131 \u00e7izdi. Ancak, \u00e7evre kirlili\u011finin sorumlulu\u011funun haks\u0131z bir \u015fekilde sadece sanayicilere y\u00fcklenmesinden &hellip;","og_url":"https:\/\/denizcankizil.tr\/ru\/haberler\/gundem\/kocaelide-cevre-bilinci-odullendirildi\/","og_site_name":"Av. Deniz Can K\u0131z\u0131l","article_published_time":"2025-06-22T12:42:13+00:00","author":"admin","twitter_card":"summary_large_image","twitter_misc":{"\u041d\u0430\u043f\u0438\u0441\u0430\u043d\u043e \u0430\u0432\u0442\u043e\u0440\u043e\u043c":"admin","\u041f\u0440\u0438\u043c\u0435\u0440\u043d\u043e\u0435 \u0432\u0440\u0435\u043c\u044f \u0434\u043b\u044f \u0447\u0442\u0435\u043d\u0438\u044f":"7 \u043c\u0438\u043d\u0443\u0442"},"schema":{"@context":"https:\/\/schema.org","@graph":[{"@type":"Article","@id":"https:\/\/denizcankizil.tr\/ru\/haberler\/gundem\/kocaelide-cevre-bilinci-odullendirildi\/#article","isPartOf":{"@id":"https:\/\/denizcankizil.tr\/ru\/haberler\/gundem\/kocaelide-cevre-bilinci-odullendirildi\/"},"author":{"name":"admin","@id":"https:\/\/denizcankizil.tr\/#\/schema\/person\/be3c05fe6a12686905512445d8185489"},"headline":"Kocaeli\u2019de \u00e7evre bilinci \u00f6d\u00fcllendirildi","datePublished":"2025-06-22T12:42:13+00:00","mainEntityOfPage":{"@id":"https:\/\/denizcankizil.tr\/ru\/haberler\/gundem\/kocaelide-cevre-bilinci-odullendirildi\/"},"wordCount":1496,"publisher":{"@id":"https:\/\/denizcankizil.tr\/#organization"},"articleSection":["G\u00fcndem"],"inLanguage":"ru-RU"},{"@type":"WebPage","@id":"https:\/\/denizcankizil.tr\/ru\/haberler\/gundem\/kocaelide-cevre-bilinci-odullendirildi\/","url":"https:\/\/denizcankizil.tr\/ru\/haberler\/gundem\/kocaelide-cevre-bilinci-odullendirildi\/","name":"Kocaeli\u2019de \u00e7evre bilinci \u00f6d\u00fcllendirildi - Av. Deniz Can K\u0131z\u0131l","isPartOf":{"@id":"https:\/\/denizcankizil.tr\/#website"},"datePublished":"2025-06-22T12:42:13+00:00","breadcrumb":{"@id":"https:\/\/denizcankizil.tr\/ru\/haberler\/gundem\/kocaelide-cevre-bilinci-odullendirildi\/#breadcrumb"},"inLanguage":"ru-RU","potentialAction":[{"@type":"ReadAction","target":["https:\/\/denizcankizil.tr\/ru\/haberler\/gundem\/kocaelide-cevre-bilinci-odullendirildi\/"]}]},{"@type":"BreadcrumbList","@id":"https:\/\/denizcankizil.tr\/ru\/haberler\/gundem\/kocaelide-cevre-bilinci-odullendirildi\/#breadcrumb","itemListElement":[{"@type":"ListItem","position":1,"name":"Home","item":"https:\/\/denizcankizil.tr\/de\/"},{"@type":"ListItem","position":2,"name":"Kocaeli\u2019de \u00e7evre bilinci \u00f6d\u00fcllendirildi"}]},{"@type":"WebSite","@id":"https:\/\/denizcankizil.tr\/#website","url":"https:\/\/denizcankizil.tr\/","name":"Av. Deniz Can K\u0131z\u0131l","description":"Avukat Deniz Can K\u0131z\u0131l Antalya Barosu","publisher":{"@id":"https:\/\/denizcankizil.tr\/#organization"},"potentialAction":[{"@type":"SearchAction","target":{"@type":"EntryPoint","urlTemplate":"https:\/\/denizcankizil.tr\/?s={search_term_string}"},"query-input":{"@type":"PropertyValueSpecification","valueRequired":true,"valueName":"search_term_string"}}],"inLanguage":"ru-RU"},{"@type":"Organization","@id":"https:\/\/denizcankizil.tr\/#organization","name":"Av. Deniz Can K\u0131z\u0131l","url":"https:\/\/denizcankizil.tr\/","logo":{"@type":"ImageObject","inLanguage":"ru-RU","@id":"https:\/\/denizcankizil.tr\/#\/schema\/logo\/image\/","url":"https:\/\/denizcankizil.tr\/wp-content\/uploads\/2024\/10\/siyah-logo-svg.svg","contentUrl":"https:\/\/denizcankizil.tr\/wp-content\/uploads\/2024\/10\/siyah-logo-svg.svg","width":1080,"height":1080,"caption":"Av. Deniz Can K\u0131z\u0131l"},"image":{"@id":"https:\/\/denizcankizil.tr\/#\/schema\/logo\/image\/"}},{"@type":"Person","@id":"https:\/\/denizcankizil.tr\/#\/schema\/person\/be3c05fe6a12686905512445d8185489","name":"\u0430\u0434\u043c\u0438\u043d","image":{"@type":"ImageObject","inLanguage":"ru-RU","@id":"https:\/\/denizcankizil.tr\/#\/schema\/person\/image\/","url":"https:\/\/secure.gravatar.com\/avatar\/c1fce94c830dc79107e174f890d7210541c4a63e8e5d816341794a2151c9d58c?s=96&d=mm&r=g","contentUrl":"https:\/\/secure.gravatar.com\/avatar\/c1fce94c830dc79107e174f890d7210541c4a63e8e5d816341794a2151c9d58c?s=96&d=mm&r=g","caption":"admin"},"sameAs":["http:\/\/denizcankizil.tr"],"url":"https:\/\/www.iskenderun.org\/kocaelide-cevre-bilinci-odullendirildi"}]}},"_links":{"self":[{"href":"https:\/\/denizcankizil.tr\/ru\/wp-json\/wp\/v2\/posts\/123277","targetHints":{"allow":["GET"]}}],"collection":[{"href":"https:\/\/denizcankizil.tr\/ru\/wp-json\/wp\/v2\/posts"}],"about":[{"href":"https:\/\/denizcankizil.tr\/ru\/wp-json\/wp\/v2\/types\/post"}],"author":[{"embeddable":true,"href":"https:\/\/denizcankizil.tr\/ru\/wp-json\/wp\/v2\/users\/1"}],"replies":[{"embeddable":true,"href":"https:\/\/denizcankizil.tr\/ru\/wp-json\/wp\/v2\/comments?post=123277"}],"version-history":[{"count":0,"href":"https:\/\/denizcankizil.tr\/ru\/wp-json\/wp\/v2\/posts\/123277\/revisions"}],"wp:attachment":[{"href":"https:\/\/denizcankizil.tr\/ru\/wp-json\/wp\/v2\/media?parent=123277"}],"wp:term":[{"taxonomy":"category","embeddable":true,"href":"https:\/\/denizcankizil.tr\/ru\/wp-json\/wp\/v2\/categories?post=123277"},{"taxonomy":"post_tag","embeddable":true,"href":"https:\/\/denizcankizil.tr\/ru\/wp-json\/wp\/v2\/tags?post=123277"}],"curies":[{"name":"wp","href":"https:\/\/api.w.org\/{rel}","templated":true}]}}