{"id":123276,"date":"2025-06-22T15:42:12","date_gmt":"2025-06-22T12:42:12","guid":{"rendered":"https:\/\/denizcankizil.tr\/uncategorized-tr\/kadinlar-saglikli-yasam-icin-yurudu\/"},"modified":"2025-06-22T15:42:12","modified_gmt":"2025-06-22T12:42:12","slug":"kadinlar-saglikli-yasam-icin-yurudu","status":"publish","type":"post","link":"https:\/\/denizcankizil.tr\/ru\/haberler\/gundem\/kadinlar-saglikli-yasam-icin-yurudu\/","title":{"rendered":"Kad\u0131nlar sa\u011fl\u0131kl\u0131 ya\u015fam i\u00e7in y\u00fcr\u00fcd\u00fc"},"content":{"rendered":"<p>Kocaeli B\u00fcy\u00fck\u015fehir Belediyesi, kad\u0131nlar\u0131n sa\u011fl\u0131kl\u0131 ya\u015fam al\u0131\u015fkanl\u0131klar\u0131 kazanmas\u0131 ve sosyal hayata kat\u0131l\u0131m\u0131n\u0131 art\u0131rmak amac\u0131yla etkinliklerini s\u00fcrd\u00fcr\u00fcyor.KOCAEL\u0130 (\u0130GFA) &#8211; Kocaeli B\u00fcy\u00fck\u015fehir Belediyesi taraf\u0131ndan Ba\u015fiskele Millet Bah\u00e7esi\u2019nde ger\u00e7ekle\u015ftirilen \u201cSa\u011fl\u0131kl\u0131 Ya\u015fam Y\u00fcr\u00fcy\u00fc\u015f\u00fc\u201dne kat\u0131lan kad\u0131nlar, hem spor yapt\u0131 hem de birlikte do\u011fada keyif i\u00e7inde vakit ge\u00e7irme f\u0131rsat\u0131 buldu.<br \/>\n \u201cSA\u011eLIKLI YA\u015eAM Y\u00dcR\u00dcY\u00dc\u015e\u00dc\u201d<br \/>\nKocaeli B\u00fcy\u00fck\u015fehir Belediyesi, kad\u0131nlar\u0131n sa\u011fl\u0131kl\u0131 ya\u015fam al\u0131\u015fkanl\u0131klar\u0131 kazanmas\u0131 ve sosyal hayata kat\u0131l\u0131m\u0131n\u0131n art\u0131r\u0131lmas\u0131 amac\u0131yla d\u00fczenledi\u011fi etkinliklere devam ediyor. Bu kapsamda son olarak Kad\u0131n ve Aile Hizmetleri Dairesi Ba\u015fkanl\u0131\u011f\u0131 taraf\u0131ndan organize edilen \u201cSa\u011fl\u0131kl\u0131 Ya\u015fam Y\u00fcr\u00fcy\u00fc\u015f\u00fc\u201d, Ba\u015fiskele Millet Bah\u00e7esi\u2019nin do\u011fayla i\u00e7 i\u00e7e atmosferinde ger\u00e7ekle\u015ftirildi.<br \/>\nANNE \u015eEH\u0130R MERKEZLER\u0130 B\u0130R ARADA<br \/>\nEtkinli\u011fe B\u00fcy\u00fck\u015fehir Belediyesi\u2019ne ba\u011fl\u0131 Anne \u015eehir Merkezleri olan Mimoza, G\u00fcnebakan, Yasemin ve Akasya \u00fcyeleri kat\u0131ld\u0131. Kat\u0131l\u0131mc\u0131lar g\u00fcne y\u00fcr\u00fcy\u00fc\u015fle ba\u015flad\u0131, ard\u0131ndan antren\u00f6rler e\u015fli\u011finde egzersiz yaparak hareketli ve keyifli bir g\u00fcn ge\u00e7irdi. Kad\u0131nlar hem do\u011fada vakit ge\u00e7irmenin hem de birlikte spor yapman\u0131n mutlulu\u011funu ya\u015fad\u0131.<br \/>\nDO\u011eADA SPOR VE P\u0130KN\u0130K KEYF\u0130<br \/>\nY\u00fcr\u00fcy\u00fc\u015f ve egzersizlerin ard\u0131ndan kat\u0131l\u0131mc\u0131lar, millet bah\u00e7esinin g\u00f6lgelik alanlar\u0131nda piknik yaparak g\u00fcn\u00fcn tad\u0131n\u0131 \u00e7\u0131kard\u0131. Etkinli\u011fin farkl\u0131 bir mek\u00e2nda ger\u00e7ekle\u015ftirilmesinden memnun kalan kad\u0131nlar, bu t\u00fcr faaliyetlerin devam etmesini istediklerini belirtti.<br \/>\nSOSYAL VE F\u0130Z\u0130KSEL DESTEK<br \/>\nKocaeli B\u00fcy\u00fck\u015fehir Belediyesi, kad\u0131nlar\u0131n hem sosyalle\u015fmesini hem de sa\u011fl\u0131kl\u0131 ya\u015fam bilincini art\u0131rmalar\u0131n\u0131 hedefleyen etkinliklerine kent genelinde devam ediyor. Bu t\u00fcr programlarla kad\u0131nlar\u0131n toplumsal hayata daha g\u00fc\u00e7l\u00fc ve aktif \u015fekilde kat\u0131l\u0131m\u0131 te\u015fvik ediliyor.<\/p>\n<p>\u200bKocaeli B\u00fcy\u00fck\u015fehir Belediyesi, kad\u0131nlar\u0131n sa\u011fl\u0131kl\u0131 ya\u015fam al\u0131\u015fkanl\u0131klar\u0131 kazanmas\u0131 ve sosyal hayata kat\u0131l\u0131m\u0131n\u0131 art\u0131rmak amac\u0131yla etkinliklerini s\u00fcrd\u00fcr\u00fcyor.KOCAEL\u0130 (\u0130GFA) &#8211; Kocaeli B\u00fcy\u00fck\u015fehir Belediyesi taraf\u0131ndan Ba\u015fiskele Millet Bah\u00e7esi\u2019nde ger\u00e7ekle\u015ftirilen \u201cSa\u011fl\u0131kl\u0131 Ya\u015fam Y\u00fcr\u00fcy\u00fc\u015f\u00fc\u201dne kat\u0131lan kad\u0131nlar, hem spor yapt\u0131 hem de birlikte do\u011fada keyif i\u00e7inde vakit ge\u00e7irme f\u0131rsat\u0131 buldu.<br \/>\n \u201cSA\u011eLIKLI YA\u015eAM Y\u00dcR\u00dcY\u00dc\u015e\u00dc\u201d<br \/>\nKocaeli B\u00fcy\u00fck\u015fehir Belediyesi, kad\u0131nlar\u0131n sa\u011fl\u0131kl\u0131 ya\u015fam al\u0131\u015fkanl\u0131klar\u0131 kazanmas\u0131 ve sosyal hayata kat\u0131l\u0131m\u0131n\u0131n art\u0131r\u0131lmas\u0131 amac\u0131yla d\u00fczenledi\u011fi etkinliklere devam ediyor. Bu kapsamda son olarak Kad\u0131n ve Aile Hizmetleri Dairesi Ba\u015fkanl\u0131\u011f\u0131 taraf\u0131ndan organize edilen \u201cSa\u011fl\u0131kl\u0131 Ya\u015fam Y\u00fcr\u00fcy\u00fc\u015f\u00fc\u201d, Ba\u015fiskele Millet Bah\u00e7esi\u2019nin do\u011fayla i\u00e7 i\u00e7e atmosferinde ger\u00e7ekle\u015ftirildi.<br \/>\nANNE \u015eEH\u0130R MERKEZLER\u0130 B\u0130R ARADA<br \/>\nEtkinli\u011fe B\u00fcy\u00fck\u015fehir Belediyesi\u2019ne ba\u011fl\u0131 Anne \u015eehir Merkezleri olan Mimoza, G\u00fcnebakan, Yasemin ve Akasya \u00fcyeleri kat\u0131ld\u0131. Kat\u0131l\u0131mc\u0131lar g\u00fcne y\u00fcr\u00fcy\u00fc\u015fle ba\u015flad\u0131, ard\u0131ndan antren\u00f6rler e\u015fli\u011finde egzersiz yaparak hareketli ve keyifli bir g\u00fcn ge\u00e7irdi. Kad\u0131nlar hem do\u011fada vakit ge\u00e7irmenin hem de birlikte spor yapman\u0131n mutlulu\u011funu ya\u015fad\u0131.<br \/>\nDO\u011eADA SPOR VE P\u0130KN\u0130K KEYF\u0130<br \/>\nY\u00fcr\u00fcy\u00fc\u015f ve egzersizlerin ard\u0131ndan kat\u0131l\u0131mc\u0131lar, millet bah\u00e7esinin g\u00f6lgelik alanlar\u0131nda piknik yaparak g\u00fcn\u00fcn tad\u0131n\u0131 \u00e7\u0131kard\u0131. Etkinli\u011fin farkl\u0131 bir mek\u00e2nda ger\u00e7ekle\u015ftirilmesinden memnun kalan kad\u0131nlar, bu t\u00fcr faaliyetlerin devam etmesini istediklerini belirtti.<br \/>\nSOSYAL VE F\u0130Z\u0130KSEL DESTEK<br \/>\nKocaeli B\u00fcy\u00fck\u015fehir Belediyesi, kad\u0131nlar\u0131n hem sosyalle\u015fmesini hem de sa\u011fl\u0131kl\u0131 ya\u015fam bilincini art\u0131rmalar\u0131n\u0131 hedefleyen etkinliklerine kent genelinde devam ediyor. Bu t\u00fcr programlarla kad\u0131nlar\u0131n toplumsal hayata daha g\u00fc\u00e7l\u00fc ve aktif \u015fekilde kat\u0131l\u0131m\u0131 te\u015fvik ediliyor.\u00a0<\/p>\n<p>\u200bHaberin Al\u0131nt\u0131land\u0131\u011f\u0131 Kaynak: www.iskenderun.org<\/p>","protected":false},"excerpt":{"rendered":"<p>Kocaeli B\u00fcy\u00fck\u015fehir Belediyesi, kad\u0131nlar\u0131n sa\u011fl\u0131kl\u0131 ya\u015fam al\u0131\u015fkanl\u0131klar\u0131 kazanmas\u0131 ve sosyal hayata kat\u0131l\u0131m\u0131n\u0131 art\u0131rmak amac\u0131yla etkinliklerini s\u00fcrd\u00fcr\u00fcyor.KOCAEL\u0130 (\u0130GFA) &#8211; Kocaeli B\u00fcy\u00fck\u015fehir Belediyesi taraf\u0131ndan Ba\u015fiskele Millet Bah\u00e7esi\u2019nde ger\u00e7ekle\u015ftirilen \u201cSa\u011fl\u0131kl\u0131 Ya\u015fam Y\u00fcr\u00fcy\u00fc\u015f\u00fc\u201dne kat\u0131lan kad\u0131nlar, hem spor yapt\u0131 hem de birlikte do\u011fada keyif i\u00e7inde vakit ge\u00e7irme f\u0131rsat\u0131 buldu. \u201cSA\u011eLIKLI YA\u015eAM Y\u00dcR\u00dcY\u00dc\u015e\u00dc\u201d Kocaeli B\u00fcy\u00fck\u015fehir Belediyesi, kad\u0131nlar\u0131n sa\u011fl\u0131kl\u0131 ya\u015fam al\u0131\u015fkanl\u0131klar\u0131 kazanmas\u0131 ve sosyal hayata kat\u0131l\u0131m\u0131n\u0131n art\u0131r\u0131lmas\u0131 amac\u0131yla d\u00fczenledi\u011fi etkinliklere devam ediyor. Bu kapsamda son olarak Kad\u0131n ve Aile Hizmetleri Dairesi Ba\u015fkanl\u0131\u011f\u0131 taraf\u0131ndan organize edilen \u201cSa\u011fl\u0131kl\u0131 Ya\u015fam Y\u00fcr\u00fcy\u00fc\u015f\u00fc\u201d, Ba\u015fiskele Millet Bah\u00e7esi\u2019nin do\u011fayla i\u00e7 i\u00e7e atmosferinde ger\u00e7ekle\u015ftirildi. ANNE \u015eEH\u0130R MERKEZLER\u0130 B\u0130R ARADA Etkinli\u011fe B\u00fcy\u00fck\u015fehir Belediyesi\u2019ne ba\u011fl\u0131 Anne \u015eehir Merkezleri olan Mimoza, G\u00fcnebakan, Yasemin ve Akasya \u00fcyeleri kat\u0131ld\u0131. Kat\u0131l\u0131mc\u0131lar g\u00fcne y\u00fcr\u00fcy\u00fc\u015fle ba\u015flad\u0131, ard\u0131ndan antren\u00f6rler e\u015fli\u011finde egzersiz yaparak hareketli ve keyifli bir g\u00fcn ge\u00e7irdi. Kad\u0131nlar hem do\u011fada vakit ge\u00e7irmenin hem de birlikte spor yapman\u0131n mutlulu\u011funu ya\u015fad\u0131. DO\u011eADA SPOR VE P\u0130KN\u0130K KEYF\u0130 Y\u00fcr\u00fcy\u00fc\u015f ve egzersizlerin ard\u0131ndan kat\u0131l\u0131mc\u0131lar, millet bah\u00e7esinin g\u00f6lgelik alanlar\u0131nda piknik yaparak g\u00fcn\u00fcn tad\u0131n\u0131 \u00e7\u0131kard\u0131. Etkinli\u011fin farkl\u0131 bir mek\u00e2nda ger\u00e7ekle\u015ftirilmesinden memnun kalan kad\u0131nlar, bu t\u00fcr faaliyetlerin devam etmesini istediklerini belirtti. SOSYAL VE F\u0130Z\u0130KSEL DESTEK Kocaeli B\u00fcy\u00fck\u015fehir Belediyesi, kad\u0131nlar\u0131n hem sosyalle\u015fmesini hem de sa\u011fl\u0131kl\u0131 ya\u015fam bilincini art\u0131rmalar\u0131n\u0131 hedefleyen etkinliklerine kent genelinde devam ediyor. Bu t\u00fcr programlarla kad\u0131nlar\u0131n toplumsal hayata daha g\u00fc\u00e7l\u00fc &hellip;<\/p>","protected":false},"author":1,"featured_media":0,"comment_status":"","ping_status":"open","sticky":false,"template":"","format":"standard","meta":{"_acf_changed":false,"footnotes":""},"categories":[24],"tags":[],"class_list":["post-123276","post","type-post","status-publish","format-standard","has-post-thumbnail","hentry","category-gundem"],"acf":[],"yoast_head":"<!-- This site is optimized with the Yoast SEO Premium plugin v26.6 (Yoast SEO v27.1.1) - https:\/\/yoast.com\/product\/yoast-seo-premium-wordpress\/ -->\n<title>Kad\u0131nlar sa\u011fl\u0131kl\u0131 ya\u015fam i\u00e7in y\u00fcr\u00fcd\u00fc - Av. Deniz Can K\u0131z\u0131l<\/title>\n<meta name=\"robots\" content=\"index, follow, max-snippet:-1, max-image-preview:large, max-video-preview:-1\" \/>\n<link rel=\"canonical\" href=\"https:\/\/denizcankizil.tr\/ru\/haberler\/gundem\/kadinlar-saglikli-yasam-icin-yurudu\/\" \/>\n<meta property=\"og:locale\" content=\"ru_RU\" \/>\n<meta property=\"og:type\" content=\"article\" \/>\n<meta property=\"og:title\" content=\"Kad\u0131nlar sa\u011fl\u0131kl\u0131 ya\u015fam i\u00e7in y\u00fcr\u00fcd\u00fc\" \/>\n<meta property=\"og:description\" content=\"Kocaeli B\u00fcy\u00fck\u015fehir Belediyesi, kad\u0131nlar\u0131n sa\u011fl\u0131kl\u0131 ya\u015fam al\u0131\u015fkanl\u0131klar\u0131 kazanmas\u0131 ve sosyal hayata kat\u0131l\u0131m\u0131n\u0131 art\u0131rmak amac\u0131yla etkinliklerini s\u00fcrd\u00fcr\u00fcyor.KOCAEL\u0130 (\u0130GFA) &#8211; Kocaeli B\u00fcy\u00fck\u015fehir Belediyesi taraf\u0131ndan Ba\u015fiskele Millet Bah\u00e7esi\u2019nde ger\u00e7ekle\u015ftirilen \u201cSa\u011fl\u0131kl\u0131 Ya\u015fam Y\u00fcr\u00fcy\u00fc\u015f\u00fc\u201dne kat\u0131lan kad\u0131nlar, hem spor yapt\u0131 hem de birlikte do\u011fada keyif i\u00e7inde vakit ge\u00e7irme f\u0131rsat\u0131 buldu. \u201cSA\u011eLIKLI YA\u015eAM Y\u00dcR\u00dcY\u00dc\u015e\u00dc\u201d Kocaeli B\u00fcy\u00fck\u015fehir Belediyesi, kad\u0131nlar\u0131n sa\u011fl\u0131kl\u0131 ya\u015fam al\u0131\u015fkanl\u0131klar\u0131 kazanmas\u0131 ve sosyal hayata kat\u0131l\u0131m\u0131n\u0131n art\u0131r\u0131lmas\u0131 amac\u0131yla d\u00fczenledi\u011fi etkinliklere devam ediyor. Bu kapsamda son olarak Kad\u0131n ve Aile Hizmetleri Dairesi Ba\u015fkanl\u0131\u011f\u0131 taraf\u0131ndan organize edilen \u201cSa\u011fl\u0131kl\u0131 Ya\u015fam Y\u00fcr\u00fcy\u00fc\u015f\u00fc\u201d, Ba\u015fiskele Millet Bah\u00e7esi\u2019nin do\u011fayla i\u00e7 i\u00e7e atmosferinde ger\u00e7ekle\u015ftirildi. ANNE \u015eEH\u0130R MERKEZLER\u0130 B\u0130R ARADA Etkinli\u011fe B\u00fcy\u00fck\u015fehir Belediyesi\u2019ne ba\u011fl\u0131 Anne \u015eehir Merkezleri olan Mimoza, G\u00fcnebakan, Yasemin ve Akasya \u00fcyeleri kat\u0131ld\u0131. Kat\u0131l\u0131mc\u0131lar g\u00fcne y\u00fcr\u00fcy\u00fc\u015fle ba\u015flad\u0131, ard\u0131ndan antren\u00f6rler e\u015fli\u011finde egzersiz yaparak hareketli ve keyifli bir g\u00fcn ge\u00e7irdi. Kad\u0131nlar hem do\u011fada vakit ge\u00e7irmenin hem de birlikte spor yapman\u0131n mutlulu\u011funu ya\u015fad\u0131. DO\u011eADA SPOR VE P\u0130KN\u0130K KEYF\u0130 Y\u00fcr\u00fcy\u00fc\u015f ve egzersizlerin ard\u0131ndan kat\u0131l\u0131mc\u0131lar, millet bah\u00e7esinin g\u00f6lgelik alanlar\u0131nda piknik yaparak g\u00fcn\u00fcn tad\u0131n\u0131 \u00e7\u0131kard\u0131. Etkinli\u011fin farkl\u0131 bir mek\u00e2nda ger\u00e7ekle\u015ftirilmesinden memnun kalan kad\u0131nlar, bu t\u00fcr faaliyetlerin devam etmesini istediklerini belirtti. SOSYAL VE F\u0130Z\u0130KSEL DESTEK Kocaeli B\u00fcy\u00fck\u015fehir Belediyesi, kad\u0131nlar\u0131n hem sosyalle\u015fmesini hem de sa\u011fl\u0131kl\u0131 ya\u015fam bilincini art\u0131rmalar\u0131n\u0131 hedefleyen etkinliklerine kent genelinde devam ediyor. Bu t\u00fcr programlarla kad\u0131nlar\u0131n toplumsal hayata daha g\u00fc\u00e7l\u00fc &hellip;\" \/>\n<meta property=\"og:url\" content=\"https:\/\/denizcankizil.tr\/ru\/haberler\/gundem\/kadinlar-saglikli-yasam-icin-yurudu\/\" \/>\n<meta property=\"og:site_name\" content=\"Av. Deniz Can K\u0131z\u0131l\" \/>\n<meta property=\"article:published_time\" content=\"2025-06-22T12:42:12+00:00\" \/>\n<meta name=\"author\" content=\"admin\" \/>\n<meta name=\"twitter:card\" content=\"summary_large_image\" \/>\n<meta name=\"twitter:label1\" content=\"\u041d\u0430\u043f\u0438\u0441\u0430\u043d\u043e \u0430\u0432\u0442\u043e\u0440\u043e\u043c\" \/>\n\t<meta name=\"twitter:data1\" content=\"admin\" \/>\n\t<meta name=\"twitter:label2\" content=\"\u041f\u0440\u0438\u043c\u0435\u0440\u043d\u043e\u0435 \u0432\u0440\u0435\u043c\u044f \u0434\u043b\u044f \u0447\u0442\u0435\u043d\u0438\u044f\" \/>\n\t<meta name=\"twitter:data2\" content=\"4 \u043c\u0438\u043d\u0443\u0442\u044b\" \/>\n<script type=\"application\/ld+json\" class=\"yoast-schema-graph\">{\"@context\":\"https:\/\/schema.org\",\"@graph\":[{\"@type\":\"Article\",\"@id\":\"https:\/\/denizcankizil.tr\/ru\/haberler\/gundem\/kadinlar-saglikli-yasam-icin-yurudu\/#article\",\"isPartOf\":{\"@id\":\"https:\/\/denizcankizil.tr\/ru\/haberler\/gundem\/kadinlar-saglikli-yasam-icin-yurudu\/\"},\"author\":{\"name\":\"admin\",\"@id\":\"https:\/\/denizcankizil.tr\/#\/schema\/person\/be3c05fe6a12686905512445d8185489\"},\"headline\":\"Kad\u0131nlar sa\u011fl\u0131kl\u0131 ya\u015fam i\u00e7in y\u00fcr\u00fcd\u00fc\",\"datePublished\":\"2025-06-22T12:42:12+00:00\",\"mainEntityOfPage\":{\"@id\":\"https:\/\/denizcankizil.tr\/ru\/haberler\/gundem\/kadinlar-saglikli-yasam-icin-yurudu\/\"},\"wordCount\":730,\"publisher\":{\"@id\":\"https:\/\/denizcankizil.tr\/#organization\"},\"articleSection\":[\"G\u00fcndem\"],\"inLanguage\":\"ru-RU\"},{\"@type\":\"WebPage\",\"@id\":\"https:\/\/denizcankizil.tr\/ru\/haberler\/gundem\/kadinlar-saglikli-yasam-icin-yurudu\/\",\"url\":\"https:\/\/denizcankizil.tr\/ru\/haberler\/gundem\/kadinlar-saglikli-yasam-icin-yurudu\/\",\"name\":\"Kad\u0131nlar sa\u011fl\u0131kl\u0131 ya\u015fam i\u00e7in y\u00fcr\u00fcd\u00fc - Av. Deniz Can K\u0131z\u0131l\",\"isPartOf\":{\"@id\":\"https:\/\/denizcankizil.tr\/#website\"},\"datePublished\":\"2025-06-22T12:42:12+00:00\",\"breadcrumb\":{\"@id\":\"https:\/\/denizcankizil.tr\/ru\/haberler\/gundem\/kadinlar-saglikli-yasam-icin-yurudu\/#breadcrumb\"},\"inLanguage\":\"ru-RU\",\"potentialAction\":[{\"@type\":\"ReadAction\",\"target\":[\"https:\/\/denizcankizil.tr\/ru\/haberler\/gundem\/kadinlar-saglikli-yasam-icin-yurudu\/\"]}]},{\"@type\":\"BreadcrumbList\",\"@id\":\"https:\/\/denizcankizil.tr\/ru\/haberler\/gundem\/kadinlar-saglikli-yasam-icin-yurudu\/#breadcrumb\",\"itemListElement\":[{\"@type\":\"ListItem\",\"position\":1,\"name\":\"Home\",\"item\":\"https:\/\/denizcankizil.tr\/de\/\"},{\"@type\":\"ListItem\",\"position\":2,\"name\":\"Kad\u0131nlar sa\u011fl\u0131kl\u0131 ya\u015fam i\u00e7in y\u00fcr\u00fcd\u00fc\"}]},{\"@type\":\"WebSite\",\"@id\":\"https:\/\/denizcankizil.tr\/#website\",\"url\":\"https:\/\/denizcankizil.tr\/\",\"name\":\"Av. Deniz Can K\u0131z\u0131l\",\"description\":\"Avukat Deniz Can K\u0131z\u0131l Antalya Barosu\",\"publisher\":{\"@id\":\"https:\/\/denizcankizil.tr\/#organization\"},\"potentialAction\":[{\"@type\":\"SearchAction\",\"target\":{\"@type\":\"EntryPoint\",\"urlTemplate\":\"https:\/\/denizcankizil.tr\/?s={search_term_string}\"},\"query-input\":{\"@type\":\"PropertyValueSpecification\",\"valueRequired\":true,\"valueName\":\"search_term_string\"}}],\"inLanguage\":\"ru-RU\"},{\"@type\":\"Organization\",\"@id\":\"https:\/\/denizcankizil.tr\/#organization\",\"name\":\"Av. Deniz Can K\u0131z\u0131l\",\"url\":\"https:\/\/denizcankizil.tr\/\",\"logo\":{\"@type\":\"ImageObject\",\"inLanguage\":\"ru-RU\",\"@id\":\"https:\/\/denizcankizil.tr\/#\/schema\/logo\/image\/\",\"url\":\"https:\/\/denizcankizil.tr\/wp-content\/uploads\/2024\/10\/siyah-logo-svg.svg\",\"contentUrl\":\"https:\/\/denizcankizil.tr\/wp-content\/uploads\/2024\/10\/siyah-logo-svg.svg\",\"width\":1080,\"height\":1080,\"caption\":\"Av. Deniz Can K\u0131z\u0131l\"},\"image\":{\"@id\":\"https:\/\/denizcankizil.tr\/#\/schema\/logo\/image\/\"}},{\"@type\":\"Person\",\"@id\":\"https:\/\/denizcankizil.tr\/#\/schema\/person\/be3c05fe6a12686905512445d8185489\",\"name\":\"admin\",\"image\":{\"@type\":\"ImageObject\",\"inLanguage\":\"ru-RU\",\"@id\":\"https:\/\/denizcankizil.tr\/#\/schema\/person\/image\/\",\"url\":\"https:\/\/secure.gravatar.com\/avatar\/c1fce94c830dc79107e174f890d7210541c4a63e8e5d816341794a2151c9d58c?s=96&d=mm&r=g\",\"contentUrl\":\"https:\/\/secure.gravatar.com\/avatar\/c1fce94c830dc79107e174f890d7210541c4a63e8e5d816341794a2151c9d58c?s=96&d=mm&r=g\",\"caption\":\"admin\"},\"sameAs\":[\"http:\/\/denizcankizil.tr\"],\"url\":\"https:\/\/www.iskenderun.org\/kadinlar-saglikli-yasam-icin-yurudu-1\"}]}<\/script>\n<!-- \/ Yoast SEO Premium plugin. -->","yoast_head_json":{"title":"Kad\u0131nlar sa\u011fl\u0131kl\u0131 ya\u015fam i\u00e7in y\u00fcr\u00fcd\u00fc - Av. Deniz Can K\u0131z\u0131l","robots":{"index":"index","follow":"follow","max-snippet":"max-snippet:-1","max-image-preview":"max-image-preview:large","max-video-preview":"max-video-preview:-1"},"canonical":"https:\/\/denizcankizil.tr\/ru\/haberler\/gundem\/kadinlar-saglikli-yasam-icin-yurudu\/","og_locale":"ru_RU","og_type":"article","og_title":"Kad\u0131nlar sa\u011fl\u0131kl\u0131 ya\u015fam i\u00e7in y\u00fcr\u00fcd\u00fc","og_description":"Kocaeli B\u00fcy\u00fck\u015fehir Belediyesi, kad\u0131nlar\u0131n sa\u011fl\u0131kl\u0131 ya\u015fam al\u0131\u015fkanl\u0131klar\u0131 kazanmas\u0131 ve sosyal hayata kat\u0131l\u0131m\u0131n\u0131 art\u0131rmak amac\u0131yla etkinliklerini s\u00fcrd\u00fcr\u00fcyor.KOCAEL\u0130 (\u0130GFA) &#8211; Kocaeli B\u00fcy\u00fck\u015fehir Belediyesi taraf\u0131ndan Ba\u015fiskele Millet Bah\u00e7esi\u2019nde ger\u00e7ekle\u015ftirilen \u201cSa\u011fl\u0131kl\u0131 Ya\u015fam Y\u00fcr\u00fcy\u00fc\u015f\u00fc\u201dne kat\u0131lan kad\u0131nlar, hem spor yapt\u0131 hem de birlikte do\u011fada keyif i\u00e7inde vakit ge\u00e7irme f\u0131rsat\u0131 buldu. \u201cSA\u011eLIKLI YA\u015eAM Y\u00dcR\u00dcY\u00dc\u015e\u00dc\u201d Kocaeli B\u00fcy\u00fck\u015fehir Belediyesi, kad\u0131nlar\u0131n sa\u011fl\u0131kl\u0131 ya\u015fam al\u0131\u015fkanl\u0131klar\u0131 kazanmas\u0131 ve sosyal hayata kat\u0131l\u0131m\u0131n\u0131n art\u0131r\u0131lmas\u0131 amac\u0131yla d\u00fczenledi\u011fi etkinliklere devam ediyor. Bu kapsamda son olarak Kad\u0131n ve Aile Hizmetleri Dairesi Ba\u015fkanl\u0131\u011f\u0131 taraf\u0131ndan organize edilen \u201cSa\u011fl\u0131kl\u0131 Ya\u015fam Y\u00fcr\u00fcy\u00fc\u015f\u00fc\u201d, Ba\u015fiskele Millet Bah\u00e7esi\u2019nin do\u011fayla i\u00e7 i\u00e7e atmosferinde ger\u00e7ekle\u015ftirildi. ANNE \u015eEH\u0130R MERKEZLER\u0130 B\u0130R ARADA Etkinli\u011fe B\u00fcy\u00fck\u015fehir Belediyesi\u2019ne ba\u011fl\u0131 Anne \u015eehir Merkezleri olan Mimoza, G\u00fcnebakan, Yasemin ve Akasya \u00fcyeleri kat\u0131ld\u0131. Kat\u0131l\u0131mc\u0131lar g\u00fcne y\u00fcr\u00fcy\u00fc\u015fle ba\u015flad\u0131, ard\u0131ndan antren\u00f6rler e\u015fli\u011finde egzersiz yaparak hareketli ve keyifli bir g\u00fcn ge\u00e7irdi. Kad\u0131nlar hem do\u011fada vakit ge\u00e7irmenin hem de birlikte spor yapman\u0131n mutlulu\u011funu ya\u015fad\u0131. DO\u011eADA SPOR VE P\u0130KN\u0130K KEYF\u0130 Y\u00fcr\u00fcy\u00fc\u015f ve egzersizlerin ard\u0131ndan kat\u0131l\u0131mc\u0131lar, millet bah\u00e7esinin g\u00f6lgelik alanlar\u0131nda piknik yaparak g\u00fcn\u00fcn tad\u0131n\u0131 \u00e7\u0131kard\u0131. Etkinli\u011fin farkl\u0131 bir mek\u00e2nda ger\u00e7ekle\u015ftirilmesinden memnun kalan kad\u0131nlar, bu t\u00fcr faaliyetlerin devam etmesini istediklerini belirtti. SOSYAL VE F\u0130Z\u0130KSEL DESTEK Kocaeli B\u00fcy\u00fck\u015fehir Belediyesi, kad\u0131nlar\u0131n hem sosyalle\u015fmesini hem de sa\u011fl\u0131kl\u0131 ya\u015fam bilincini art\u0131rmalar\u0131n\u0131 hedefleyen etkinliklerine kent genelinde devam ediyor. Bu t\u00fcr programlarla kad\u0131nlar\u0131n toplumsal hayata daha g\u00fc\u00e7l\u00fc &hellip;","og_url":"https:\/\/denizcankizil.tr\/ru\/haberler\/gundem\/kadinlar-saglikli-yasam-icin-yurudu\/","og_site_name":"Av. Deniz Can K\u0131z\u0131l","article_published_time":"2025-06-22T12:42:12+00:00","author":"admin","twitter_card":"summary_large_image","twitter_misc":{"\u041d\u0430\u043f\u0438\u0441\u0430\u043d\u043e \u0430\u0432\u0442\u043e\u0440\u043e\u043c":"admin","\u041f\u0440\u0438\u043c\u0435\u0440\u043d\u043e\u0435 \u0432\u0440\u0435\u043c\u044f \u0434\u043b\u044f \u0447\u0442\u0435\u043d\u0438\u044f":"4 \u043c\u0438\u043d\u0443\u0442\u044b"},"schema":{"@context":"https:\/\/schema.org","@graph":[{"@type":"Article","@id":"https:\/\/denizcankizil.tr\/ru\/haberler\/gundem\/kadinlar-saglikli-yasam-icin-yurudu\/#article","isPartOf":{"@id":"https:\/\/denizcankizil.tr\/ru\/haberler\/gundem\/kadinlar-saglikli-yasam-icin-yurudu\/"},"author":{"name":"admin","@id":"https:\/\/denizcankizil.tr\/#\/schema\/person\/be3c05fe6a12686905512445d8185489"},"headline":"Kad\u0131nlar sa\u011fl\u0131kl\u0131 ya\u015fam i\u00e7in y\u00fcr\u00fcd\u00fc","datePublished":"2025-06-22T12:42:12+00:00","mainEntityOfPage":{"@id":"https:\/\/denizcankizil.tr\/ru\/haberler\/gundem\/kadinlar-saglikli-yasam-icin-yurudu\/"},"wordCount":730,"publisher":{"@id":"https:\/\/denizcankizil.tr\/#organization"},"articleSection":["G\u00fcndem"],"inLanguage":"ru-RU"},{"@type":"WebPage","@id":"https:\/\/denizcankizil.tr\/ru\/haberler\/gundem\/kadinlar-saglikli-yasam-icin-yurudu\/","url":"https:\/\/denizcankizil.tr\/ru\/haberler\/gundem\/kadinlar-saglikli-yasam-icin-yurudu\/","name":"Kad\u0131nlar sa\u011fl\u0131kl\u0131 ya\u015fam i\u00e7in y\u00fcr\u00fcd\u00fc - Av. Deniz Can K\u0131z\u0131l","isPartOf":{"@id":"https:\/\/denizcankizil.tr\/#website"},"datePublished":"2025-06-22T12:42:12+00:00","breadcrumb":{"@id":"https:\/\/denizcankizil.tr\/ru\/haberler\/gundem\/kadinlar-saglikli-yasam-icin-yurudu\/#breadcrumb"},"inLanguage":"ru-RU","potentialAction":[{"@type":"ReadAction","target":["https:\/\/denizcankizil.tr\/ru\/haberler\/gundem\/kadinlar-saglikli-yasam-icin-yurudu\/"]}]},{"@type":"BreadcrumbList","@id":"https:\/\/denizcankizil.tr\/ru\/haberler\/gundem\/kadinlar-saglikli-yasam-icin-yurudu\/#breadcrumb","itemListElement":[{"@type":"ListItem","position":1,"name":"Home","item":"https:\/\/denizcankizil.tr\/de\/"},{"@type":"ListItem","position":2,"name":"Kad\u0131nlar sa\u011fl\u0131kl\u0131 ya\u015fam i\u00e7in y\u00fcr\u00fcd\u00fc"}]},{"@type":"WebSite","@id":"https:\/\/denizcankizil.tr\/#website","url":"https:\/\/denizcankizil.tr\/","name":"Av. Deniz Can K\u0131z\u0131l","description":"Avukat Deniz Can K\u0131z\u0131l Antalya Barosu","publisher":{"@id":"https:\/\/denizcankizil.tr\/#organization"},"potentialAction":[{"@type":"SearchAction","target":{"@type":"EntryPoint","urlTemplate":"https:\/\/denizcankizil.tr\/?s={search_term_string}"},"query-input":{"@type":"PropertyValueSpecification","valueRequired":true,"valueName":"search_term_string"}}],"inLanguage":"ru-RU"},{"@type":"Organization","@id":"https:\/\/denizcankizil.tr\/#organization","name":"Av. Deniz Can K\u0131z\u0131l","url":"https:\/\/denizcankizil.tr\/","logo":{"@type":"ImageObject","inLanguage":"ru-RU","@id":"https:\/\/denizcankizil.tr\/#\/schema\/logo\/image\/","url":"https:\/\/denizcankizil.tr\/wp-content\/uploads\/2024\/10\/siyah-logo-svg.svg","contentUrl":"https:\/\/denizcankizil.tr\/wp-content\/uploads\/2024\/10\/siyah-logo-svg.svg","width":1080,"height":1080,"caption":"Av. Deniz Can K\u0131z\u0131l"},"image":{"@id":"https:\/\/denizcankizil.tr\/#\/schema\/logo\/image\/"}},{"@type":"Person","@id":"https:\/\/denizcankizil.tr\/#\/schema\/person\/be3c05fe6a12686905512445d8185489","name":"\u0430\u0434\u043c\u0438\u043d","image":{"@type":"ImageObject","inLanguage":"ru-RU","@id":"https:\/\/denizcankizil.tr\/#\/schema\/person\/image\/","url":"https:\/\/secure.gravatar.com\/avatar\/c1fce94c830dc79107e174f890d7210541c4a63e8e5d816341794a2151c9d58c?s=96&d=mm&r=g","contentUrl":"https:\/\/secure.gravatar.com\/avatar\/c1fce94c830dc79107e174f890d7210541c4a63e8e5d816341794a2151c9d58c?s=96&d=mm&r=g","caption":"admin"},"sameAs":["http:\/\/denizcankizil.tr"],"url":"https:\/\/www.iskenderun.org\/kadinlar-saglikli-yasam-icin-yurudu-1"}]}},"_links":{"self":[{"href":"https:\/\/denizcankizil.tr\/ru\/wp-json\/wp\/v2\/posts\/123276","targetHints":{"allow":["GET"]}}],"collection":[{"href":"https:\/\/denizcankizil.tr\/ru\/wp-json\/wp\/v2\/posts"}],"about":[{"href":"https:\/\/denizcankizil.tr\/ru\/wp-json\/wp\/v2\/types\/post"}],"author":[{"embeddable":true,"href":"https:\/\/denizcankizil.tr\/ru\/wp-json\/wp\/v2\/users\/1"}],"replies":[{"embeddable":true,"href":"https:\/\/denizcankizil.tr\/ru\/wp-json\/wp\/v2\/comments?post=123276"}],"version-history":[{"count":0,"href":"https:\/\/denizcankizil.tr\/ru\/wp-json\/wp\/v2\/posts\/123276\/revisions"}],"wp:attachment":[{"href":"https:\/\/denizcankizil.tr\/ru\/wp-json\/wp\/v2\/media?parent=123276"}],"wp:term":[{"taxonomy":"category","embeddable":true,"href":"https:\/\/denizcankizil.tr\/ru\/wp-json\/wp\/v2\/categories?post=123276"},{"taxonomy":"post_tag","embeddable":true,"href":"https:\/\/denizcankizil.tr\/ru\/wp-json\/wp\/v2\/tags?post=123276"}],"curies":[{"name":"wp","href":"https:\/\/api.w.org\/{rel}","templated":true}]}}