{"id":120298,"date":"2025-06-19T14:41:34","date_gmt":"2025-06-19T11:41:34","guid":{"rendered":"https:\/\/denizcankizil.tr\/uncategorized-tr\/antalyada-cocuga-istismarla-suclanan-supheli-tutuklandi\/"},"modified":"2025-06-19T14:41:34","modified_gmt":"2025-06-19T11:41:34","slug":"antalyada-cocuga-istismarla-suclanan-supheli-tutuklandi","status":"publish","type":"post","link":"https:\/\/denizcankizil.tr\/ru\/haberler\/antalya\/antalyada-cocuga-istismarla-suclanan-supheli-tutuklandi\/","title":{"rendered":"Antalya&#8217;da \u00e7ocu\u011fa istismarla su\u00e7lanan \u015f\u00fcpheli tutukland\u0131"},"content":{"rendered":"<p>Kum Mahallesi&#8217;ndeki bir sitede, 17 Haziran Sal\u0131 g\u00fcn\u00fc bir k\u0131z \u00e7ocu\u011funun istismara u\u011frad\u0131\u011f\u0131 iddias\u0131 sonras\u0131 Cumhuriyet Ba\u015fsavc\u0131l\u0131\u011f\u0131&#8217;n\u0131n talimat\u0131yla soru\u015fturma ba\u015flat\u0131ld\u0131. Site ve \u00e7evresindeki g\u00fcvenlik kameras\u0131 kay\u0131tlar\u0131n\u0131 inceleyen polis, tan\u0131k ifadeleri do\u011frultusunda Mustafa S.&#8217;yi ayn\u0131 g\u00fcn g\u00f6zalt\u0131na ald\u0131. \u015e\u00fcpheli ifadesinin ard\u0131ndan d\u00fcn adliyeye sevk edildi. K\u0131z \u00e7ocu\u011funun da pedagog e\u015fli\u011finde ifadesi al\u0131nd\u0131. Olay\u0131n duyulmas\u0131n\u0131n ard\u0131ndan baz\u0131 aileler de \u00e7ocu\u011funun \u015f\u00fcpheli taraf\u0131ndan tacize u\u011frad\u0131\u011f\u0131 iddias\u0131yla su\u00e7 duyurusunda bulundu. Hakk\u0131nda &#8216;istismar&#8217; iddias\u0131yla 2 ayr\u0131 \u015fikayet bulunan Mustafa S., \u00e7\u0131kar\u0131ld\u0131\u011f\u0131 mahkemece tutukland\u0131.<\/p>\n<p>Kaynak: www.kanalv.com.tr Haber Sitesinden Al\u0131nm\u0131\u015ft\u0131r.<\/p>","protected":false},"excerpt":{"rendered":"<p>Kum Mahallesi&#8217;ndeki bir sitede, 17 Haziran Sal\u0131 g\u00fcn\u00fc bir k\u0131z \u00e7ocu\u011funun istismara u\u011frad\u0131\u011f\u0131 iddias\u0131 sonras\u0131 Cumhuriyet Ba\u015fsavc\u0131l\u0131\u011f\u0131&#8217;n\u0131n talimat\u0131yla soru\u015fturma ba\u015flat\u0131ld\u0131. Site ve \u00e7evresindeki g\u00fcvenlik kameras\u0131 kay\u0131tlar\u0131n\u0131 inceleyen polis, tan\u0131k ifadeleri do\u011frultusunda Mustafa S.&#8217;yi ayn\u0131 g\u00fcn g\u00f6zalt\u0131na ald\u0131. \u015e\u00fcpheli ifadesinin ard\u0131ndan d\u00fcn adliyeye sevk edildi. K\u0131z \u00e7ocu\u011funun da pedagog e\u015fli\u011finde ifadesi al\u0131nd\u0131. Olay\u0131n duyulmas\u0131n\u0131n ard\u0131ndan baz\u0131 aileler de \u00e7ocu\u011funun \u015f\u00fcpheli taraf\u0131ndan tacize u\u011frad\u0131\u011f\u0131 iddias\u0131yla su\u00e7 duyurusunda bulundu. Hakk\u0131nda &#8216;istismar&#8217; iddias\u0131yla 2 ayr\u0131 \u015fikayet bulunan Mustafa S., \u00e7\u0131kar\u0131ld\u0131\u011f\u0131 mahkemece tutukland\u0131. Kaynak: www.kanalv.com.tr Haber Sitesinden Al\u0131nm\u0131\u015ft\u0131r.<\/p>","protected":false},"author":4,"featured_media":120299,"comment_status":"","ping_status":"open","sticky":false,"template":"","format":"standard","meta":{"_acf_changed":false,"footnotes":""},"categories":[26],"tags":[],"class_list":["post-120298","post","type-post","status-publish","format-standard","has-post-thumbnail","hentry","category-antalya"],"acf":[],"yoast_head":"<!-- This site is optimized with the Yoast SEO Premium plugin v26.6 (Yoast SEO v27.1.1) - https:\/\/yoast.com\/product\/yoast-seo-premium-wordpress\/ -->\n<title>Antalya&#039;da \u00e7ocu\u011fa istismarla su\u00e7lanan \u015f\u00fcpheli tutukland\u0131 - Av. Deniz Can K\u0131z\u0131l<\/title>\n<meta name=\"robots\" content=\"index, follow, max-snippet:-1, max-image-preview:large, max-video-preview:-1\" \/>\n<link rel=\"canonical\" href=\"https:\/\/denizcankizil.tr\/ru\/haberler\/antalya\/antalyada-cocuga-istismarla-suclanan-supheli-tutuklandi\/\" \/>\n<meta property=\"og:locale\" content=\"ru_RU\" \/>\n<meta property=\"og:type\" content=\"article\" \/>\n<meta property=\"og:title\" content=\"Antalya&#039;da \u00e7ocu\u011fa istismarla su\u00e7lanan \u015f\u00fcpheli tutukland\u0131\" \/>\n<meta property=\"og:description\" content=\"Kum Mahallesi&#8217;ndeki bir sitede, 17 Haziran Sal\u0131 g\u00fcn\u00fc bir k\u0131z \u00e7ocu\u011funun istismara u\u011frad\u0131\u011f\u0131 iddias\u0131 sonras\u0131 Cumhuriyet Ba\u015fsavc\u0131l\u0131\u011f\u0131&#8217;n\u0131n talimat\u0131yla soru\u015fturma ba\u015flat\u0131ld\u0131. Site ve \u00e7evresindeki g\u00fcvenlik kameras\u0131 kay\u0131tlar\u0131n\u0131 inceleyen polis, tan\u0131k ifadeleri do\u011frultusunda Mustafa S.&#8217;yi ayn\u0131 g\u00fcn g\u00f6zalt\u0131na ald\u0131. \u015e\u00fcpheli ifadesinin ard\u0131ndan d\u00fcn adliyeye sevk edildi. K\u0131z \u00e7ocu\u011funun da pedagog e\u015fli\u011finde ifadesi al\u0131nd\u0131. Olay\u0131n duyulmas\u0131n\u0131n ard\u0131ndan baz\u0131 aileler de \u00e7ocu\u011funun \u015f\u00fcpheli taraf\u0131ndan tacize u\u011frad\u0131\u011f\u0131 iddias\u0131yla su\u00e7 duyurusunda bulundu. Hakk\u0131nda &#8216;istismar&#8217; iddias\u0131yla 2 ayr\u0131 \u015fikayet bulunan Mustafa S., \u00e7\u0131kar\u0131ld\u0131\u011f\u0131 mahkemece tutukland\u0131. Kaynak: www.kanalv.com.tr Haber Sitesinden Al\u0131nm\u0131\u015ft\u0131r.\" \/>\n<meta property=\"og:url\" content=\"https:\/\/denizcankizil.tr\/ru\/haberler\/antalya\/antalyada-cocuga-istismarla-suclanan-supheli-tutuklandi\/\" \/>\n<meta property=\"og:site_name\" content=\"Av. Deniz Can K\u0131z\u0131l\" \/>\n<meta property=\"article:published_time\" content=\"2025-06-19T11:41:34+00:00\" \/>\n<meta property=\"og:image\" content=\"https:\/\/denizcankizil.tr\/wp-content\/uploads\/2025\/06\/6955-01-fHwWC2.jpg\" \/>\n\t<meta property=\"og:image:width\" content=\"1280\" \/>\n\t<meta property=\"og:image:height\" content=\"720\" \/>\n\t<meta property=\"og:image:type\" content=\"image\/jpeg\" \/>\n<meta name=\"author\" content=\"Av. Deniz Can K\u0131z\u0131l\" \/>\n<meta name=\"twitter:card\" content=\"summary_large_image\" \/>\n<meta name=\"twitter:label1\" content=\"\u041d\u0430\u043f\u0438\u0441\u0430\u043d\u043e \u0430\u0432\u0442\u043e\u0440\u043e\u043c\" \/>\n\t<meta name=\"twitter:data1\" content=\"Av. Deniz Can K\u0131z\u0131l\" \/>\n\t<meta name=\"twitter:label2\" content=\"\u041f\u0440\u0438\u043c\u0435\u0440\u043d\u043e\u0435 \u0432\u0440\u0435\u043c\u044f \u0434\u043b\u044f \u0447\u0442\u0435\u043d\u0438\u044f\" \/>\n\t<meta name=\"twitter:data2\" content=\"1 \u043c\u0438\u043d\u0443\u0442\u0430\" \/>\n<script type=\"application\/ld+json\" class=\"yoast-schema-graph\">{\"@context\":\"https:\/\/schema.org\",\"@graph\":[{\"@type\":\"Article\",\"@id\":\"https:\/\/denizcankizil.tr\/ru\/haberler\/antalya\/antalyada-cocuga-istismarla-suclanan-supheli-tutuklandi\/#article\",\"isPartOf\":{\"@id\":\"https:\/\/denizcankizil.tr\/ru\/haberler\/antalya\/antalyada-cocuga-istismarla-suclanan-supheli-tutuklandi\/\"},\"author\":{\"name\":\"Av. Deniz Can K\u0131z\u0131l\",\"@id\":\"https:\/\/denizcankizil.tr\/#\/schema\/person\/5dc1b22991bd7ac833867c10afc9b0ff\"},\"headline\":\"Antalya&#8217;da \u00e7ocu\u011fa istismarla su\u00e7lanan \u015f\u00fcpheli tutukland\u0131\",\"datePublished\":\"2025-06-19T11:41:34+00:00\",\"mainEntityOfPage\":{\"@id\":\"https:\/\/denizcankizil.tr\/ru\/haberler\/antalya\/antalyada-cocuga-istismarla-suclanan-supheli-tutuklandi\/\"},\"wordCount\":136,\"publisher\":{\"@id\":\"https:\/\/denizcankizil.tr\/#organization\"},\"image\":{\"@id\":\"https:\/\/denizcankizil.tr\/ru\/haberler\/antalya\/antalyada-cocuga-istismarla-suclanan-supheli-tutuklandi\/#primaryimage\"},\"thumbnailUrl\":\"https:\/\/denizcankizil.tr\/wp-content\/uploads\/2025\/06\/6955-01-fHwWC2.jpg\",\"articleSection\":[\"Antalya\"],\"inLanguage\":\"ru-RU\"},{\"@type\":\"WebPage\",\"@id\":\"https:\/\/denizcankizil.tr\/ru\/haberler\/antalya\/antalyada-cocuga-istismarla-suclanan-supheli-tutuklandi\/\",\"url\":\"https:\/\/denizcankizil.tr\/ru\/haberler\/antalya\/antalyada-cocuga-istismarla-suclanan-supheli-tutuklandi\/\",\"name\":\"Antalya'da \u00e7ocu\u011fa istismarla su\u00e7lanan \u015f\u00fcpheli tutukland\u0131 - Av. Deniz Can K\u0131z\u0131l\",\"isPartOf\":{\"@id\":\"https:\/\/denizcankizil.tr\/#website\"},\"primaryImageOfPage\":{\"@id\":\"https:\/\/denizcankizil.tr\/ru\/haberler\/antalya\/antalyada-cocuga-istismarla-suclanan-supheli-tutuklandi\/#primaryimage\"},\"image\":{\"@id\":\"https:\/\/denizcankizil.tr\/ru\/haberler\/antalya\/antalyada-cocuga-istismarla-suclanan-supheli-tutuklandi\/#primaryimage\"},\"thumbnailUrl\":\"https:\/\/denizcankizil.tr\/wp-content\/uploads\/2025\/06\/6955-01-fHwWC2.jpg\",\"datePublished\":\"2025-06-19T11:41:34+00:00\",\"breadcrumb\":{\"@id\":\"https:\/\/denizcankizil.tr\/ru\/haberler\/antalya\/antalyada-cocuga-istismarla-suclanan-supheli-tutuklandi\/#breadcrumb\"},\"inLanguage\":\"ru-RU\",\"potentialAction\":[{\"@type\":\"ReadAction\",\"target\":[\"https:\/\/denizcankizil.tr\/ru\/haberler\/antalya\/antalyada-cocuga-istismarla-suclanan-supheli-tutuklandi\/\"]}]},{\"@type\":\"ImageObject\",\"inLanguage\":\"ru-RU\",\"@id\":\"https:\/\/denizcankizil.tr\/ru\/haberler\/antalya\/antalyada-cocuga-istismarla-suclanan-supheli-tutuklandi\/#primaryimage\",\"url\":\"https:\/\/denizcankizil.tr\/wp-content\/uploads\/2025\/06\/6955-01-fHwWC2.jpg\",\"contentUrl\":\"https:\/\/denizcankizil.tr\/wp-content\/uploads\/2025\/06\/6955-01-fHwWC2.jpg\",\"width\":1280,\"height\":720},{\"@type\":\"BreadcrumbList\",\"@id\":\"https:\/\/denizcankizil.tr\/ru\/haberler\/antalya\/antalyada-cocuga-istismarla-suclanan-supheli-tutuklandi\/#breadcrumb\",\"itemListElement\":[{\"@type\":\"ListItem\",\"position\":1,\"name\":\"Home\",\"item\":\"https:\/\/denizcankizil.tr\/uk\/\"},{\"@type\":\"ListItem\",\"position\":2,\"name\":\"Antalya&#8217;da \u00e7ocu\u011fa istismarla su\u00e7lanan \u015f\u00fcpheli tutukland\u0131\"}]},{\"@type\":\"WebSite\",\"@id\":\"https:\/\/denizcankizil.tr\/#website\",\"url\":\"https:\/\/denizcankizil.tr\/\",\"name\":\"Av. Deniz Can K\u0131z\u0131l\",\"description\":\"Avukat Deniz Can K\u0131z\u0131l Antalya Barosu\",\"publisher\":{\"@id\":\"https:\/\/denizcankizil.tr\/#organization\"},\"potentialAction\":[{\"@type\":\"SearchAction\",\"target\":{\"@type\":\"EntryPoint\",\"urlTemplate\":\"https:\/\/denizcankizil.tr\/?s={search_term_string}\"},\"query-input\":{\"@type\":\"PropertyValueSpecification\",\"valueRequired\":true,\"valueName\":\"search_term_string\"}}],\"inLanguage\":\"ru-RU\"},{\"@type\":\"Organization\",\"@id\":\"https:\/\/denizcankizil.tr\/#organization\",\"name\":\"Av. Deniz Can K\u0131z\u0131l\",\"url\":\"https:\/\/denizcankizil.tr\/\",\"logo\":{\"@type\":\"ImageObject\",\"inLanguage\":\"ru-RU\",\"@id\":\"https:\/\/denizcankizil.tr\/#\/schema\/logo\/image\/\",\"url\":\"https:\/\/denizcankizil.tr\/wp-content\/uploads\/2024\/10\/siyah-logo-svg.svg\",\"contentUrl\":\"https:\/\/denizcankizil.tr\/wp-content\/uploads\/2024\/10\/siyah-logo-svg.svg\",\"width\":1080,\"height\":1080,\"caption\":\"Av. Deniz Can K\u0131z\u0131l\"},\"image\":{\"@id\":\"https:\/\/denizcankizil.tr\/#\/schema\/logo\/image\/\"}},{\"@type\":\"Person\",\"@id\":\"https:\/\/denizcankizil.tr\/#\/schema\/person\/5dc1b22991bd7ac833867c10afc9b0ff\",\"name\":\"Av. Deniz Can K\u0131z\u0131l\",\"image\":{\"@type\":\"ImageObject\",\"inLanguage\":\"ru-RU\",\"@id\":\"https:\/\/denizcankizil.tr\/#\/schema\/person\/image\/\",\"url\":\"https:\/\/secure.gravatar.com\/avatar\/a0b128fb9855c79efc976d5640eedb31dc35ec297594d6016d2cf7c60e975bb6?s=96&d=mm&r=g\",\"contentUrl\":\"https:\/\/secure.gravatar.com\/avatar\/a0b128fb9855c79efc976d5640eedb31dc35ec297594d6016d2cf7c60e975bb6?s=96&d=mm&r=g\",\"caption\":\"Av. Deniz Can K\u0131z\u0131l\"},\"sameAs\":[\"http:\/\/www.denizcankizil.tr\"],\"url\":\"https:\/\/denizcankizil.tr\/ru\/author\/denizcankizil\/\"}]}<\/script>\n<!-- \/ Yoast SEO Premium plugin. -->","yoast_head_json":{"title":"Antalya'da \u00e7ocu\u011fa istismarla su\u00e7lanan \u015f\u00fcpheli tutukland\u0131 - Av. Deniz Can K\u0131z\u0131l","robots":{"index":"index","follow":"follow","max-snippet":"max-snippet:-1","max-image-preview":"max-image-preview:large","max-video-preview":"max-video-preview:-1"},"canonical":"https:\/\/denizcankizil.tr\/ru\/haberler\/antalya\/antalyada-cocuga-istismarla-suclanan-supheli-tutuklandi\/","og_locale":"ru_RU","og_type":"article","og_title":"Antalya'da \u00e7ocu\u011fa istismarla su\u00e7lanan \u015f\u00fcpheli tutukland\u0131","og_description":"Kum Mahallesi&#8217;ndeki bir sitede, 17 Haziran Sal\u0131 g\u00fcn\u00fc bir k\u0131z \u00e7ocu\u011funun istismara u\u011frad\u0131\u011f\u0131 iddias\u0131 sonras\u0131 Cumhuriyet Ba\u015fsavc\u0131l\u0131\u011f\u0131&#8217;n\u0131n talimat\u0131yla soru\u015fturma ba\u015flat\u0131ld\u0131. Site ve \u00e7evresindeki g\u00fcvenlik kameras\u0131 kay\u0131tlar\u0131n\u0131 inceleyen polis, tan\u0131k ifadeleri do\u011frultusunda Mustafa S.&#8217;yi ayn\u0131 g\u00fcn g\u00f6zalt\u0131na ald\u0131. \u015e\u00fcpheli ifadesinin ard\u0131ndan d\u00fcn adliyeye sevk edildi. K\u0131z \u00e7ocu\u011funun da pedagog e\u015fli\u011finde ifadesi al\u0131nd\u0131. Olay\u0131n duyulmas\u0131n\u0131n ard\u0131ndan baz\u0131 aileler de \u00e7ocu\u011funun \u015f\u00fcpheli taraf\u0131ndan tacize u\u011frad\u0131\u011f\u0131 iddias\u0131yla su\u00e7 duyurusunda bulundu. Hakk\u0131nda &#8216;istismar&#8217; iddias\u0131yla 2 ayr\u0131 \u015fikayet bulunan Mustafa S., \u00e7\u0131kar\u0131ld\u0131\u011f\u0131 mahkemece tutukland\u0131. Kaynak: www.kanalv.com.tr Haber Sitesinden Al\u0131nm\u0131\u015ft\u0131r.","og_url":"https:\/\/denizcankizil.tr\/ru\/haberler\/antalya\/antalyada-cocuga-istismarla-suclanan-supheli-tutuklandi\/","og_site_name":"Av. Deniz Can K\u0131z\u0131l","article_published_time":"2025-06-19T11:41:34+00:00","og_image":[{"width":1280,"height":720,"url":"https:\/\/denizcankizil.tr\/wp-content\/uploads\/2025\/06\/6955-01-fHwWC2.jpg","type":"image\/jpeg"}],"author":"Av. Deniz Can K\u0131z\u0131l","twitter_card":"summary_large_image","twitter_misc":{"\u041d\u0430\u043f\u0438\u0441\u0430\u043d\u043e \u0430\u0432\u0442\u043e\u0440\u043e\u043c":"Av. Deniz Can K\u0131z\u0131l","\u041f\u0440\u0438\u043c\u0435\u0440\u043d\u043e\u0435 \u0432\u0440\u0435\u043c\u044f \u0434\u043b\u044f \u0447\u0442\u0435\u043d\u0438\u044f":"1 \u043c\u0438\u043d\u0443\u0442\u0430"},"schema":{"@context":"https:\/\/schema.org","@graph":[{"@type":"Article","@id":"https:\/\/denizcankizil.tr\/ru\/haberler\/antalya\/antalyada-cocuga-istismarla-suclanan-supheli-tutuklandi\/#article","isPartOf":{"@id":"https:\/\/denizcankizil.tr\/ru\/haberler\/antalya\/antalyada-cocuga-istismarla-suclanan-supheli-tutuklandi\/"},"author":{"name":"Av. Deniz Can K\u0131z\u0131l","@id":"https:\/\/denizcankizil.tr\/#\/schema\/person\/5dc1b22991bd7ac833867c10afc9b0ff"},"headline":"Antalya&#8217;da \u00e7ocu\u011fa istismarla su\u00e7lanan \u015f\u00fcpheli tutukland\u0131","datePublished":"2025-06-19T11:41:34+00:00","mainEntityOfPage":{"@id":"https:\/\/denizcankizil.tr\/ru\/haberler\/antalya\/antalyada-cocuga-istismarla-suclanan-supheli-tutuklandi\/"},"wordCount":136,"publisher":{"@id":"https:\/\/denizcankizil.tr\/#organization"},"image":{"@id":"https:\/\/denizcankizil.tr\/ru\/haberler\/antalya\/antalyada-cocuga-istismarla-suclanan-supheli-tutuklandi\/#primaryimage"},"thumbnailUrl":"https:\/\/denizcankizil.tr\/wp-content\/uploads\/2025\/06\/6955-01-fHwWC2.jpg","articleSection":["Antalya"],"inLanguage":"ru-RU"},{"@type":"WebPage","@id":"https:\/\/denizcankizil.tr\/ru\/haberler\/antalya\/antalyada-cocuga-istismarla-suclanan-supheli-tutuklandi\/","url":"https:\/\/denizcankizil.tr\/ru\/haberler\/antalya\/antalyada-cocuga-istismarla-suclanan-supheli-tutuklandi\/","name":"Antalya'da \u00e7ocu\u011fa istismarla su\u00e7lanan \u015f\u00fcpheli tutukland\u0131 - Av. Deniz Can K\u0131z\u0131l","isPartOf":{"@id":"https:\/\/denizcankizil.tr\/#website"},"primaryImageOfPage":{"@id":"https:\/\/denizcankizil.tr\/ru\/haberler\/antalya\/antalyada-cocuga-istismarla-suclanan-supheli-tutuklandi\/#primaryimage"},"image":{"@id":"https:\/\/denizcankizil.tr\/ru\/haberler\/antalya\/antalyada-cocuga-istismarla-suclanan-supheli-tutuklandi\/#primaryimage"},"thumbnailUrl":"https:\/\/denizcankizil.tr\/wp-content\/uploads\/2025\/06\/6955-01-fHwWC2.jpg","datePublished":"2025-06-19T11:41:34+00:00","breadcrumb":{"@id":"https:\/\/denizcankizil.tr\/ru\/haberler\/antalya\/antalyada-cocuga-istismarla-suclanan-supheli-tutuklandi\/#breadcrumb"},"inLanguage":"ru-RU","potentialAction":[{"@type":"ReadAction","target":["https:\/\/denizcankizil.tr\/ru\/haberler\/antalya\/antalyada-cocuga-istismarla-suclanan-supheli-tutuklandi\/"]}]},{"@type":"ImageObject","inLanguage":"ru-RU","@id":"https:\/\/denizcankizil.tr\/ru\/haberler\/antalya\/antalyada-cocuga-istismarla-suclanan-supheli-tutuklandi\/#primaryimage","url":"https:\/\/denizcankizil.tr\/wp-content\/uploads\/2025\/06\/6955-01-fHwWC2.jpg","contentUrl":"https:\/\/denizcankizil.tr\/wp-content\/uploads\/2025\/06\/6955-01-fHwWC2.jpg","width":1280,"height":720},{"@type":"BreadcrumbList","@id":"https:\/\/denizcankizil.tr\/ru\/haberler\/antalya\/antalyada-cocuga-istismarla-suclanan-supheli-tutuklandi\/#breadcrumb","itemListElement":[{"@type":"ListItem","position":1,"name":"Home","item":"https:\/\/denizcankizil.tr\/uk\/"},{"@type":"ListItem","position":2,"name":"Antalya&#8217;da \u00e7ocu\u011fa istismarla su\u00e7lanan \u015f\u00fcpheli tutukland\u0131"}]},{"@type":"WebSite","@id":"https:\/\/denizcankizil.tr\/#website","url":"https:\/\/denizcankizil.tr\/","name":"Av. Deniz Can K\u0131z\u0131l","description":"Avukat Deniz Can K\u0131z\u0131l Antalya Barosu","publisher":{"@id":"https:\/\/denizcankizil.tr\/#organization"},"potentialAction":[{"@type":"SearchAction","target":{"@type":"EntryPoint","urlTemplate":"https:\/\/denizcankizil.tr\/?s={search_term_string}"},"query-input":{"@type":"PropertyValueSpecification","valueRequired":true,"valueName":"search_term_string"}}],"inLanguage":"ru-RU"},{"@type":"Organization","@id":"https:\/\/denizcankizil.tr\/#organization","name":"Av. Deniz Can K\u0131z\u0131l","url":"https:\/\/denizcankizil.tr\/","logo":{"@type":"ImageObject","inLanguage":"ru-RU","@id":"https:\/\/denizcankizil.tr\/#\/schema\/logo\/image\/","url":"https:\/\/denizcankizil.tr\/wp-content\/uploads\/2024\/10\/siyah-logo-svg.svg","contentUrl":"https:\/\/denizcankizil.tr\/wp-content\/uploads\/2024\/10\/siyah-logo-svg.svg","width":1080,"height":1080,"caption":"Av. Deniz Can K\u0131z\u0131l"},"image":{"@id":"https:\/\/denizcankizil.tr\/#\/schema\/logo\/image\/"}},{"@type":"Person","@id":"https:\/\/denizcankizil.tr\/#\/schema\/person\/5dc1b22991bd7ac833867c10afc9b0ff","name":"Av. Deniz Can K\u0131z\u0131l","image":{"@type":"ImageObject","inLanguage":"ru-RU","@id":"https:\/\/denizcankizil.tr\/#\/schema\/person\/image\/","url":"https:\/\/secure.gravatar.com\/avatar\/a0b128fb9855c79efc976d5640eedb31dc35ec297594d6016d2cf7c60e975bb6?s=96&d=mm&r=g","contentUrl":"https:\/\/secure.gravatar.com\/avatar\/a0b128fb9855c79efc976d5640eedb31dc35ec297594d6016d2cf7c60e975bb6?s=96&d=mm&r=g","caption":"Av. Deniz Can K\u0131z\u0131l"},"sameAs":["http:\/\/www.denizcankizil.tr"],"url":"https:\/\/denizcankizil.tr\/ru\/author\/denizcankizil\/"}]}},"_links":{"self":[{"href":"https:\/\/denizcankizil.tr\/ru\/wp-json\/wp\/v2\/posts\/120298","targetHints":{"allow":["GET"]}}],"collection":[{"href":"https:\/\/denizcankizil.tr\/ru\/wp-json\/wp\/v2\/posts"}],"about":[{"href":"https:\/\/denizcankizil.tr\/ru\/wp-json\/wp\/v2\/types\/post"}],"author":[{"embeddable":true,"href":"https:\/\/denizcankizil.tr\/ru\/wp-json\/wp\/v2\/users\/4"}],"replies":[{"embeddable":true,"href":"https:\/\/denizcankizil.tr\/ru\/wp-json\/wp\/v2\/comments?post=120298"}],"version-history":[{"count":0,"href":"https:\/\/denizcankizil.tr\/ru\/wp-json\/wp\/v2\/posts\/120298\/revisions"}],"wp:featuredmedia":[{"embeddable":true,"href":"https:\/\/denizcankizil.tr\/ru\/wp-json\/wp\/v2\/media\/120299"}],"wp:attachment":[{"href":"https:\/\/denizcankizil.tr\/ru\/wp-json\/wp\/v2\/media?parent=120298"}],"wp:term":[{"taxonomy":"category","embeddable":true,"href":"https:\/\/denizcankizil.tr\/ru\/wp-json\/wp\/v2\/categories?post=120298"},{"taxonomy":"post_tag","embeddable":true,"href":"https:\/\/denizcankizil.tr\/ru\/wp-json\/wp\/v2\/tags?post=120298"}],"curies":[{"name":"wp","href":"https:\/\/api.w.org\/{rel}","templated":true}]}}