{"id":120091,"date":"2025-06-19T09:42:20","date_gmt":"2025-06-19T06:42:20","guid":{"rendered":"https:\/\/denizcankizil.tr\/uncategorized-tr\/kura-cekim-toreni-1400-da\/"},"modified":"2025-06-19T09:42:20","modified_gmt":"2025-06-19T06:42:20","slug":"kura-cekim-toreni-1400-da","status":"publish","type":"post","link":"https:\/\/denizcankizil.tr\/ru\/haberler\/gundem\/kura-cekim-toreni-1400-da\/","title":{"rendered":"Kura \u00c7ekim T\u00f6reni 14,00 da"},"content":{"rendered":"<p>19 Haziran 2025 Per\u015fembe g\u00fcn\u00fc saat 14.00\u2019te ba\u015flayacak kura t\u00f6reni, AFAD\u2019\u0131n YouTube kanal\u0131ndan canl\u0131 yay\u0131nlanacak. Yakla\u015f\u0131k 49.056 ba\u011f\u0131ms\u0131z b\u00f6l\u00fcm\u00fcn (44.367 konut, 4.689 i\u015f yeri) hak sahiplerine da\u011f\u0131t\u0131laca\u011f\u0131 kura s\u00fcreci 19 Haziran itibariyle yap\u0131lacak teslim t\u00f6reniyle e\u015f zamanl\u0131 olarak ilerleyece\u011fi belirtildi.<\/p>\n<p>HATAY\u2019DA 22 B\u0130N<\/p>\n<p>Bug\u00fcn \u00e7ekilecek olan kuralarda Hatay\u2019da toplam 22 bin 239 haksahibi ev ve i\u015fyerine kavu\u015facak. 1125 i\u015fyerinin kuras\u0131 \u00e7ekilece\u011fi\u00a0 t\u00f6rende 21 bin 114 de ev hak sahibine ula\u015facak<\/p>\n<p>AFAD KURA A\u00c7IKLAMASI<\/p>\n<p>AFAD taraf\u0131ndan yap\u0131lan a\u00e7\u0131klamada; &#8220;Asr\u0131n Felaketinden, Asr\u0131n Birlikteli\u011fine\u2026<\/p>\n<p>6 \u015eubat depremlerinden etkilenen illerimizde, d\u00fcnyan\u0131n en b\u00fcy\u00fck ve en h\u0131zl\u0131 afet sonras\u0131 iyile\u015ftirme \u00e7al\u0131\u015fmalar\u0131 t\u00fcm h\u0131z\u0131yla devam ediyor.<\/p>\n<p>Hatay, Kahramanmara\u015f, Ad\u0131yaman,Malatya, Gaziantep, \u015eanl\u0131urfa, Diyarbak\u0131r, Kilis, Adana, Osmaniye, Elaz\u0131\u011f, Sivas ve Kayseri illerimizde yap\u0131m\u0131 tamamlanan; 44.367 konut ve 4.689 i\u015f yeri,<\/p>\n<p>19 Haziran 2025 tarihinde, Cumhurba\u015fkan\u0131m\u0131z Say\u0131n Recep Tayyip Erdogan \u2019\u0131n Te\u015frifleri ile ger\u00e7ekle\u015ftirilecek olan kura \u00e7ekimi program\u0131nda hak sahibi vatanda\u015flar\u0131m\u0131zla bulu\u015facak.<\/p>\n<p>Asr\u0131n felaketinin ard\u0131ndan ba\u015flat\u0131lan \u00e7al\u0131\u015fmalar kapsam\u0131nda, 245.789 konut, 4.838 i\u015f yeri olmak \u00fczere bug\u00fcne kadar toplam 250.636 ba\u011f\u0131ms\u0131z b\u00f6l\u00fcm depremzede vatanda\u015flar\u0131m\u0131za teslim edilmi\u015f olacak.<\/p>\n<p>\u200bKahramanmara\u015f merkezli 6 \u015eubat depremleri sonras\u0131 Hatay, Adana, Malatya ve Ad\u0131yaman\u2019da in\u015fas\u0131 tamamlanan konut ve i\u015f yerleri i\u00e7in hak sahipleri, bug\u00fcn kura \u00e7ekimi yap\u0131lacak.\u00a0<\/p>\n<p>\u200bHaberin Al\u0131nt\u0131land\u0131\u011f\u0131 Kaynak: www.iskenderun.org<\/p>","protected":false},"excerpt":{"rendered":"<p>19 Haziran 2025 Per\u015fembe g\u00fcn\u00fc saat 14.00\u2019te ba\u015flayacak kura t\u00f6reni, AFAD\u2019\u0131n YouTube kanal\u0131ndan canl\u0131 yay\u0131nlanacak. Yakla\u015f\u0131k 49.056 ba\u011f\u0131ms\u0131z b\u00f6l\u00fcm\u00fcn (44.367 konut, 4.689 i\u015f yeri) hak sahiplerine da\u011f\u0131t\u0131laca\u011f\u0131 kura s\u00fcreci 19 Haziran itibariyle yap\u0131lacak teslim t\u00f6reniyle e\u015f zamanl\u0131 olarak ilerleyece\u011fi belirtildi. HATAY\u2019DA 22 B\u0130N Bug\u00fcn \u00e7ekilecek olan kuralarda Hatay\u2019da toplam 22 bin 239 haksahibi ev ve i\u015fyerine kavu\u015facak. 1125 i\u015fyerinin kuras\u0131 \u00e7ekilece\u011fi\u00a0 t\u00f6rende 21 bin 114 de ev hak sahibine ula\u015facak AFAD KURA A\u00c7IKLAMASI AFAD taraf\u0131ndan yap\u0131lan a\u00e7\u0131klamada; &#8220;Asr\u0131n Felaketinden, Asr\u0131n Birlikteli\u011fine\u2026 6 \u015eubat depremlerinden etkilenen illerimizde, d\u00fcnyan\u0131n en b\u00fcy\u00fck ve en h\u0131zl\u0131 afet sonras\u0131 iyile\u015ftirme \u00e7al\u0131\u015fmalar\u0131 t\u00fcm h\u0131z\u0131yla devam ediyor. Hatay, Kahramanmara\u015f, Ad\u0131yaman,Malatya, Gaziantep, \u015eanl\u0131urfa, Diyarbak\u0131r, Kilis, Adana, Osmaniye, Elaz\u0131\u011f, Sivas ve Kayseri illerimizde yap\u0131m\u0131 tamamlanan; 44.367 konut ve 4.689 i\u015f yeri, 19 Haziran 2025 tarihinde, Cumhurba\u015fkan\u0131m\u0131z Say\u0131n Recep Tayyip Erdogan \u2019\u0131n Te\u015frifleri ile ger\u00e7ekle\u015ftirilecek olan kura \u00e7ekimi program\u0131nda hak sahibi vatanda\u015flar\u0131m\u0131zla bulu\u015facak. Asr\u0131n felaketinin ard\u0131ndan ba\u015flat\u0131lan \u00e7al\u0131\u015fmalar kapsam\u0131nda, 245.789 konut, 4.838 i\u015f yeri olmak \u00fczere bug\u00fcne kadar toplam 250.636 ba\u011f\u0131ms\u0131z b\u00f6l\u00fcm depremzede vatanda\u015flar\u0131m\u0131za teslim edilmi\u015f olacak. \u200bKahramanmara\u015f merkezli 6 \u015eubat depremleri sonras\u0131 Hatay, Adana, Malatya ve Ad\u0131yaman\u2019da in\u015fas\u0131 tamamlanan konut ve i\u015f yerleri i\u00e7in hak sahipleri, bug\u00fcn kura \u00e7ekimi yap\u0131lacak.\u00a0 \u200bHaberin Al\u0131nt\u0131land\u0131\u011f\u0131 Kaynak: www.iskenderun.org<\/p>","protected":false},"author":1,"featured_media":0,"comment_status":"","ping_status":"open","sticky":false,"template":"","format":"standard","meta":{"_acf_changed":false,"footnotes":""},"categories":[24],"tags":[],"class_list":["post-120091","post","type-post","status-publish","format-standard","has-post-thumbnail","hentry","category-gundem"],"acf":[],"yoast_head":"<!-- This site is optimized with the Yoast SEO Premium plugin v26.6 (Yoast SEO v27.1.1) - https:\/\/yoast.com\/product\/yoast-seo-premium-wordpress\/ -->\n<title>Kura \u00c7ekim T\u00f6reni 14,00 da - Av. Deniz Can K\u0131z\u0131l<\/title>\n<meta name=\"robots\" content=\"index, follow, max-snippet:-1, max-image-preview:large, max-video-preview:-1\" \/>\n<link rel=\"canonical\" href=\"http:\/\/denizcankizil.tr\/ru\/haberler\/gundem\/kura-cekim-toreni-1400-da\/\" \/>\n<meta property=\"og:locale\" content=\"ru_RU\" \/>\n<meta property=\"og:type\" content=\"article\" \/>\n<meta property=\"og:title\" content=\"Kura \u00c7ekim T\u00f6reni 14,00 da\" \/>\n<meta property=\"og:description\" content=\"19 Haziran 2025 Per\u015fembe g\u00fcn\u00fc saat 14.00\u2019te ba\u015flayacak kura t\u00f6reni, AFAD\u2019\u0131n YouTube kanal\u0131ndan canl\u0131 yay\u0131nlanacak. Yakla\u015f\u0131k 49.056 ba\u011f\u0131ms\u0131z b\u00f6l\u00fcm\u00fcn (44.367 konut, 4.689 i\u015f yeri) hak sahiplerine da\u011f\u0131t\u0131laca\u011f\u0131 kura s\u00fcreci 19 Haziran itibariyle yap\u0131lacak teslim t\u00f6reniyle e\u015f zamanl\u0131 olarak ilerleyece\u011fi belirtildi. HATAY\u2019DA 22 B\u0130N Bug\u00fcn \u00e7ekilecek olan kuralarda Hatay\u2019da toplam 22 bin 239 haksahibi ev ve i\u015fyerine kavu\u015facak. 1125 i\u015fyerinin kuras\u0131 \u00e7ekilece\u011fi\u00a0 t\u00f6rende 21 bin 114 de ev hak sahibine ula\u015facak AFAD KURA A\u00c7IKLAMASI AFAD taraf\u0131ndan yap\u0131lan a\u00e7\u0131klamada; &#8220;Asr\u0131n Felaketinden, Asr\u0131n Birlikteli\u011fine\u2026 6 \u015eubat depremlerinden etkilenen illerimizde, d\u00fcnyan\u0131n en b\u00fcy\u00fck ve en h\u0131zl\u0131 afet sonras\u0131 iyile\u015ftirme \u00e7al\u0131\u015fmalar\u0131 t\u00fcm h\u0131z\u0131yla devam ediyor. Hatay, Kahramanmara\u015f, Ad\u0131yaman,Malatya, Gaziantep, \u015eanl\u0131urfa, Diyarbak\u0131r, Kilis, Adana, Osmaniye, Elaz\u0131\u011f, Sivas ve Kayseri illerimizde yap\u0131m\u0131 tamamlanan; 44.367 konut ve 4.689 i\u015f yeri, 19 Haziran 2025 tarihinde, Cumhurba\u015fkan\u0131m\u0131z Say\u0131n Recep Tayyip Erdogan \u2019\u0131n Te\u015frifleri ile ger\u00e7ekle\u015ftirilecek olan kura \u00e7ekimi program\u0131nda hak sahibi vatanda\u015flar\u0131m\u0131zla bulu\u015facak. Asr\u0131n felaketinin ard\u0131ndan ba\u015flat\u0131lan \u00e7al\u0131\u015fmalar kapsam\u0131nda, 245.789 konut, 4.838 i\u015f yeri olmak \u00fczere bug\u00fcne kadar toplam 250.636 ba\u011f\u0131ms\u0131z b\u00f6l\u00fcm depremzede vatanda\u015flar\u0131m\u0131za teslim edilmi\u015f olacak. \u200bKahramanmara\u015f merkezli 6 \u015eubat depremleri sonras\u0131 Hatay, Adana, Malatya ve Ad\u0131yaman\u2019da in\u015fas\u0131 tamamlanan konut ve i\u015f yerleri i\u00e7in hak sahipleri, bug\u00fcn kura \u00e7ekimi yap\u0131lacak.\u00a0 \u200bHaberin Al\u0131nt\u0131land\u0131\u011f\u0131 Kaynak: www.iskenderun.org\" \/>\n<meta property=\"og:url\" content=\"http:\/\/denizcankizil.tr\/ru\/haberler\/gundem\/kura-cekim-toreni-1400-da\/\" \/>\n<meta property=\"og:site_name\" content=\"Av. Deniz Can K\u0131z\u0131l\" \/>\n<meta property=\"article:published_time\" content=\"2025-06-19T06:42:20+00:00\" \/>\n<meta name=\"author\" content=\"admin\" \/>\n<meta name=\"twitter:card\" content=\"summary_large_image\" \/>\n<meta name=\"twitter:label1\" content=\"\u041d\u0430\u043f\u0438\u0441\u0430\u043d\u043e \u0430\u0432\u0442\u043e\u0440\u043e\u043c\" \/>\n\t<meta name=\"twitter:data1\" content=\"admin\" \/>\n\t<meta name=\"twitter:label2\" content=\"\u041f\u0440\u0438\u043c\u0435\u0440\u043d\u043e\u0435 \u0432\u0440\u0435\u043c\u044f \u0434\u043b\u044f \u0447\u0442\u0435\u043d\u0438\u044f\" \/>\n\t<meta name=\"twitter:data2\" content=\"1 \u043c\u0438\u043d\u0443\u0442\u0430\" \/>\n<script type=\"application\/ld+json\" class=\"yoast-schema-graph\">{\"@context\":\"https:\/\/schema.org\",\"@graph\":[{\"@type\":\"Article\",\"@id\":\"http:\/\/denizcankizil.tr\/en\/haberler\/gundem\/kura-cekim-toreni-1400-da\/#article\",\"isPartOf\":{\"@id\":\"http:\/\/denizcankizil.tr\/en\/haberler\/gundem\/kura-cekim-toreni-1400-da\/\"},\"author\":{\"name\":\"admin\",\"@id\":\"https:\/\/denizcankizil.tr\/de\/#\/schema\/person\/be3c05fe6a12686905512445d8185489\"},\"headline\":\"Kura \u00c7ekim T\u00f6reni 14,00 da\",\"datePublished\":\"2025-06-19T06:42:20+00:00\",\"mainEntityOfPage\":{\"@id\":\"http:\/\/denizcankizil.tr\/en\/haberler\/gundem\/kura-cekim-toreni-1400-da\/\"},\"wordCount\":266,\"publisher\":{\"@id\":\"https:\/\/denizcankizil.tr\/de\/#organization\"},\"articleSection\":[\"G\u00fcndem\"],\"inLanguage\":\"ru-RU\"},{\"@type\":\"WebPage\",\"@id\":\"http:\/\/denizcankizil.tr\/en\/haberler\/gundem\/kura-cekim-toreni-1400-da\/\",\"url\":\"http:\/\/denizcankizil.tr\/en\/haberler\/gundem\/kura-cekim-toreni-1400-da\/\",\"name\":\"Kura \u00c7ekim T\u00f6reni 14,00 da - Av. Deniz Can K\u0131z\u0131l\",\"isPartOf\":{\"@id\":\"https:\/\/denizcankizil.tr\/de\/#website\"},\"datePublished\":\"2025-06-19T06:42:20+00:00\",\"breadcrumb\":{\"@id\":\"http:\/\/denizcankizil.tr\/en\/haberler\/gundem\/kura-cekim-toreni-1400-da\/#breadcrumb\"},\"inLanguage\":\"ru-RU\",\"potentialAction\":[{\"@type\":\"ReadAction\",\"target\":[\"http:\/\/denizcankizil.tr\/en\/haberler\/gundem\/kura-cekim-toreni-1400-da\/\"]}]},{\"@type\":\"BreadcrumbList\",\"@id\":\"http:\/\/denizcankizil.tr\/en\/haberler\/gundem\/kura-cekim-toreni-1400-da\/#breadcrumb\",\"itemListElement\":[{\"@type\":\"ListItem\",\"position\":1,\"name\":\"Home\",\"item\":\"https:\/\/denizcankizil.tr\/de\/\"},{\"@type\":\"ListItem\",\"position\":2,\"name\":\"Kura \u00c7ekim T\u00f6reni 14,00 da\"}]},{\"@type\":\"WebSite\",\"@id\":\"https:\/\/denizcankizil.tr\/de\/#website\",\"url\":\"https:\/\/denizcankizil.tr\/de\/\",\"name\":\"Av. Deniz Can K\u0131z\u0131l\",\"description\":\"Avukat Deniz Can K\u0131z\u0131l Antalya Barosu\",\"publisher\":{\"@id\":\"https:\/\/denizcankizil.tr\/de\/#organization\"},\"potentialAction\":[{\"@type\":\"SearchAction\",\"target\":{\"@type\":\"EntryPoint\",\"urlTemplate\":\"https:\/\/denizcankizil.tr\/de\/?s={search_term_string}\"},\"query-input\":{\"@type\":\"PropertyValueSpecification\",\"valueRequired\":true,\"valueName\":\"search_term_string\"}}],\"inLanguage\":\"ru-RU\"},{\"@type\":\"Organization\",\"@id\":\"https:\/\/denizcankizil.tr\/de\/#organization\",\"name\":\"Av. Deniz Can K\u0131z\u0131l\",\"url\":\"https:\/\/denizcankizil.tr\/de\/\",\"logo\":{\"@type\":\"ImageObject\",\"inLanguage\":\"ru-RU\",\"@id\":\"https:\/\/denizcankizil.tr\/de\/#\/schema\/logo\/image\/\",\"url\":\"https:\/\/denizcankizil.tr\/wp-content\/uploads\/2024\/10\/siyah-logo-svg.svg\",\"contentUrl\":\"https:\/\/denizcankizil.tr\/wp-content\/uploads\/2024\/10\/siyah-logo-svg.svg\",\"width\":1080,\"height\":1080,\"caption\":\"Av. Deniz Can K\u0131z\u0131l\"},\"image\":{\"@id\":\"https:\/\/denizcankizil.tr\/de\/#\/schema\/logo\/image\/\"}},{\"@type\":\"Person\",\"@id\":\"https:\/\/denizcankizil.tr\/de\/#\/schema\/person\/be3c05fe6a12686905512445d8185489\",\"name\":\"admin\",\"image\":{\"@type\":\"ImageObject\",\"inLanguage\":\"ru-RU\",\"@id\":\"https:\/\/denizcankizil.tr\/de\/#\/schema\/person\/image\/\",\"url\":\"https:\/\/secure.gravatar.com\/avatar\/c1fce94c830dc79107e174f890d7210541c4a63e8e5d816341794a2151c9d58c?s=96&d=mm&r=g\",\"contentUrl\":\"https:\/\/secure.gravatar.com\/avatar\/c1fce94c830dc79107e174f890d7210541c4a63e8e5d816341794a2151c9d58c?s=96&d=mm&r=g\",\"caption\":\"admin\"},\"sameAs\":[\"http:\/\/denizcankizil.tr\"],\"url\":\"https:\/\/www.iskenderun.org\/kura-cekim-toreni-1400-da\"}]}<\/script>\n<!-- \/ Yoast SEO Premium plugin. -->","yoast_head_json":{"title":"Kura \u00c7ekim T\u00f6reni 14,00 da - Av. Deniz Can K\u0131z\u0131l","robots":{"index":"index","follow":"follow","max-snippet":"max-snippet:-1","max-image-preview":"max-image-preview:large","max-video-preview":"max-video-preview:-1"},"canonical":"http:\/\/denizcankizil.tr\/ru\/haberler\/gundem\/kura-cekim-toreni-1400-da\/","og_locale":"ru_RU","og_type":"article","og_title":"Kura \u00c7ekim T\u00f6reni 14,00 da","og_description":"19 Haziran 2025 Per\u015fembe g\u00fcn\u00fc saat 14.00\u2019te ba\u015flayacak kura t\u00f6reni, AFAD\u2019\u0131n YouTube kanal\u0131ndan canl\u0131 yay\u0131nlanacak. Yakla\u015f\u0131k 49.056 ba\u011f\u0131ms\u0131z b\u00f6l\u00fcm\u00fcn (44.367 konut, 4.689 i\u015f yeri) hak sahiplerine da\u011f\u0131t\u0131laca\u011f\u0131 kura s\u00fcreci 19 Haziran itibariyle yap\u0131lacak teslim t\u00f6reniyle e\u015f zamanl\u0131 olarak ilerleyece\u011fi belirtildi. HATAY\u2019DA 22 B\u0130N Bug\u00fcn \u00e7ekilecek olan kuralarda Hatay\u2019da toplam 22 bin 239 haksahibi ev ve i\u015fyerine kavu\u015facak. 1125 i\u015fyerinin kuras\u0131 \u00e7ekilece\u011fi\u00a0 t\u00f6rende 21 bin 114 de ev hak sahibine ula\u015facak AFAD KURA A\u00c7IKLAMASI AFAD taraf\u0131ndan yap\u0131lan a\u00e7\u0131klamada; &#8220;Asr\u0131n Felaketinden, Asr\u0131n Birlikteli\u011fine\u2026 6 \u015eubat depremlerinden etkilenen illerimizde, d\u00fcnyan\u0131n en b\u00fcy\u00fck ve en h\u0131zl\u0131 afet sonras\u0131 iyile\u015ftirme \u00e7al\u0131\u015fmalar\u0131 t\u00fcm h\u0131z\u0131yla devam ediyor. Hatay, Kahramanmara\u015f, Ad\u0131yaman,Malatya, Gaziantep, \u015eanl\u0131urfa, Diyarbak\u0131r, Kilis, Adana, Osmaniye, Elaz\u0131\u011f, Sivas ve Kayseri illerimizde yap\u0131m\u0131 tamamlanan; 44.367 konut ve 4.689 i\u015f yeri, 19 Haziran 2025 tarihinde, Cumhurba\u015fkan\u0131m\u0131z Say\u0131n Recep Tayyip Erdogan \u2019\u0131n Te\u015frifleri ile ger\u00e7ekle\u015ftirilecek olan kura \u00e7ekimi program\u0131nda hak sahibi vatanda\u015flar\u0131m\u0131zla bulu\u015facak. Asr\u0131n felaketinin ard\u0131ndan ba\u015flat\u0131lan \u00e7al\u0131\u015fmalar kapsam\u0131nda, 245.789 konut, 4.838 i\u015f yeri olmak \u00fczere bug\u00fcne kadar toplam 250.636 ba\u011f\u0131ms\u0131z b\u00f6l\u00fcm depremzede vatanda\u015flar\u0131m\u0131za teslim edilmi\u015f olacak. \u200bKahramanmara\u015f merkezli 6 \u015eubat depremleri sonras\u0131 Hatay, Adana, Malatya ve Ad\u0131yaman\u2019da in\u015fas\u0131 tamamlanan konut ve i\u015f yerleri i\u00e7in hak sahipleri, bug\u00fcn kura \u00e7ekimi yap\u0131lacak.\u00a0 \u200bHaberin Al\u0131nt\u0131land\u0131\u011f\u0131 Kaynak: www.iskenderun.org","og_url":"http:\/\/denizcankizil.tr\/ru\/haberler\/gundem\/kura-cekim-toreni-1400-da\/","og_site_name":"Av. Deniz Can K\u0131z\u0131l","article_published_time":"2025-06-19T06:42:20+00:00","author":"admin","twitter_card":"summary_large_image","twitter_misc":{"\u041d\u0430\u043f\u0438\u0441\u0430\u043d\u043e \u0430\u0432\u0442\u043e\u0440\u043e\u043c":"admin","\u041f\u0440\u0438\u043c\u0435\u0440\u043d\u043e\u0435 \u0432\u0440\u0435\u043c\u044f \u0434\u043b\u044f \u0447\u0442\u0435\u043d\u0438\u044f":"1 \u043c\u0438\u043d\u0443\u0442\u0430"},"schema":{"@context":"https:\/\/schema.org","@graph":[{"@type":"Article","@id":"http:\/\/denizcankizil.tr\/en\/haberler\/gundem\/kura-cekim-toreni-1400-da\/#article","isPartOf":{"@id":"http:\/\/denizcankizil.tr\/en\/haberler\/gundem\/kura-cekim-toreni-1400-da\/"},"author":{"name":"admin","@id":"https:\/\/denizcankizil.tr\/de\/#\/schema\/person\/be3c05fe6a12686905512445d8185489"},"headline":"Kura \u00c7ekim T\u00f6reni 14,00 da","datePublished":"2025-06-19T06:42:20+00:00","mainEntityOfPage":{"@id":"http:\/\/denizcankizil.tr\/en\/haberler\/gundem\/kura-cekim-toreni-1400-da\/"},"wordCount":266,"publisher":{"@id":"https:\/\/denizcankizil.tr\/de\/#organization"},"articleSection":["G\u00fcndem"],"inLanguage":"ru-RU"},{"@type":"WebPage","@id":"http:\/\/denizcankizil.tr\/en\/haberler\/gundem\/kura-cekim-toreni-1400-da\/","url":"http:\/\/denizcankizil.tr\/en\/haberler\/gundem\/kura-cekim-toreni-1400-da\/","name":"Kura \u00c7ekim T\u00f6reni 14,00 da - Av. Deniz Can K\u0131z\u0131l","isPartOf":{"@id":"https:\/\/denizcankizil.tr\/de\/#website"},"datePublished":"2025-06-19T06:42:20+00:00","breadcrumb":{"@id":"http:\/\/denizcankizil.tr\/en\/haberler\/gundem\/kura-cekim-toreni-1400-da\/#breadcrumb"},"inLanguage":"ru-RU","potentialAction":[{"@type":"ReadAction","target":["http:\/\/denizcankizil.tr\/en\/haberler\/gundem\/kura-cekim-toreni-1400-da\/"]}]},{"@type":"BreadcrumbList","@id":"http:\/\/denizcankizil.tr\/en\/haberler\/gundem\/kura-cekim-toreni-1400-da\/#breadcrumb","itemListElement":[{"@type":"ListItem","position":1,"name":"Home","item":"https:\/\/denizcankizil.tr\/de\/"},{"@type":"ListItem","position":2,"name":"Kura \u00c7ekim T\u00f6reni 14,00 da"}]},{"@type":"WebSite","@id":"https:\/\/denizcankizil.tr\/de\/#website","url":"https:\/\/denizcankizil.tr\/de\/","name":"Av. Deniz Can K\u0131z\u0131l","description":"Avukat Deniz Can K\u0131z\u0131l Antalya Barosu","publisher":{"@id":"https:\/\/denizcankizil.tr\/de\/#organization"},"potentialAction":[{"@type":"SearchAction","target":{"@type":"EntryPoint","urlTemplate":"https:\/\/denizcankizil.tr\/de\/?s={search_term_string}"},"query-input":{"@type":"PropertyValueSpecification","valueRequired":true,"valueName":"search_term_string"}}],"inLanguage":"ru-RU"},{"@type":"Organization","@id":"https:\/\/denizcankizil.tr\/de\/#organization","name":"Av. Deniz Can K\u0131z\u0131l","url":"https:\/\/denizcankizil.tr\/de\/","logo":{"@type":"ImageObject","inLanguage":"ru-RU","@id":"https:\/\/denizcankizil.tr\/de\/#\/schema\/logo\/image\/","url":"https:\/\/denizcankizil.tr\/wp-content\/uploads\/2024\/10\/siyah-logo-svg.svg","contentUrl":"https:\/\/denizcankizil.tr\/wp-content\/uploads\/2024\/10\/siyah-logo-svg.svg","width":1080,"height":1080,"caption":"Av. Deniz Can K\u0131z\u0131l"},"image":{"@id":"https:\/\/denizcankizil.tr\/de\/#\/schema\/logo\/image\/"}},{"@type":"Person","@id":"https:\/\/denizcankizil.tr\/de\/#\/schema\/person\/be3c05fe6a12686905512445d8185489","name":"\u0430\u0434\u043c\u0438\u043d","image":{"@type":"ImageObject","inLanguage":"ru-RU","@id":"https:\/\/denizcankizil.tr\/de\/#\/schema\/person\/image\/","url":"https:\/\/secure.gravatar.com\/avatar\/c1fce94c830dc79107e174f890d7210541c4a63e8e5d816341794a2151c9d58c?s=96&d=mm&r=g","contentUrl":"https:\/\/secure.gravatar.com\/avatar\/c1fce94c830dc79107e174f890d7210541c4a63e8e5d816341794a2151c9d58c?s=96&d=mm&r=g","caption":"admin"},"sameAs":["http:\/\/denizcankizil.tr"],"url":"https:\/\/www.iskenderun.org\/kura-cekim-toreni-1400-da"}]}},"_links":{"self":[{"href":"https:\/\/denizcankizil.tr\/ru\/wp-json\/wp\/v2\/posts\/120091","targetHints":{"allow":["GET"]}}],"collection":[{"href":"https:\/\/denizcankizil.tr\/ru\/wp-json\/wp\/v2\/posts"}],"about":[{"href":"https:\/\/denizcankizil.tr\/ru\/wp-json\/wp\/v2\/types\/post"}],"author":[{"embeddable":true,"href":"https:\/\/denizcankizil.tr\/ru\/wp-json\/wp\/v2\/users\/1"}],"replies":[{"embeddable":true,"href":"https:\/\/denizcankizil.tr\/ru\/wp-json\/wp\/v2\/comments?post=120091"}],"version-history":[{"count":0,"href":"https:\/\/denizcankizil.tr\/ru\/wp-json\/wp\/v2\/posts\/120091\/revisions"}],"wp:attachment":[{"href":"https:\/\/denizcankizil.tr\/ru\/wp-json\/wp\/v2\/media?parent=120091"}],"wp:term":[{"taxonomy":"category","embeddable":true,"href":"https:\/\/denizcankizil.tr\/ru\/wp-json\/wp\/v2\/categories?post=120091"},{"taxonomy":"post_tag","embeddable":true,"href":"https:\/\/denizcankizil.tr\/ru\/wp-json\/wp\/v2\/tags?post=120091"}],"curies":[{"name":"wp","href":"https:\/\/api.w.org\/{rel}","templated":true}]}}