{"id":11998,"date":"2024-11-03T07:41:39","date_gmt":"2024-11-03T04:41:39","guid":{"rendered":"https:\/\/denizcankizil.tr\/uncategorized-tr\/arsuz-kozaklida-korkutan-orman-yangini\/"},"modified":"2024-11-03T07:41:39","modified_gmt":"2024-11-03T04:41:39","slug":"arsuz-kozaklida-korkutan-orman-yangini","status":"publish","type":"post","link":"https:\/\/denizcankizil.tr\/ru\/haberler\/gundem\/arsuz-kozaklida-korkutan-orman-yangini\/","title":{"rendered":"Arsuz Kozakl\u0131\u2019da korkutan orman yang\u0131n\u0131\u2026"},"content":{"rendered":"<p>Orman yang\u0131n Kozakl\u0131 mahallesinde yerle\u015fim yerlerinin hemen yak\u0131n\u0131nda Kayadibi mevkiinden geni\u015f bir alana yay\u0131l\u0131m\u0131n\u0131 s\u00fcrd\u00fcrd\u00fc\u011f\u00fc \u00f6\u011frenildi. Yang\u0131nla y\u00fckselen duman ise \u00fc\u00e7 il\u00e7eden g\u00f6r\u00fcl\u00fcyor.<\/p>\n<p>Alevlerle y\u00fckselen duman\u0131n r\u00fczgarla b\u00f6lgeye yay\u0131lmas\u0131 s\u0131ras\u0131nda baz\u0131 yerlere k\u00fcl ya\u011fd\u0131\u011f\u0131 ifade ediliyor. Hatay Orman \u0130\u015fletme B\u00f6lge M\u00fcd\u00fcrl\u00fc\u011f\u00fc\u2019ne ba\u011fl\u0131 kara ekipleri, aroz\u00f6zlerle orman yang\u0131n\u0131n\u0131 s\u00f6nd\u00fcrme \u00e7al\u0131\u015fmalar\u0131n\u0131 y\u00fcr\u00fct\u00fcyor. \u00a0\u00a0<\/p>\n<p>B\u00f6lgeye sevk edilen helikopterle de yang\u0131na havadan m\u00fcdahale yap\u0131l\u0131yor. R\u00fczgar\u0131n etkili oldu\u011fu b\u00f6lgede, yang\u0131n\u0131 s\u00f6nd\u00fcrme \u00e7al\u0131\u015fmalar\u0131n\u0131 g\u00fc\u00e7le\u015ftirdi\u011fi bildirildi. \u00a0<\/p>\n<p>\u200bHatay\u2019\u0131n Arsuz il\u00e7esi Kozakl\u0131 Mahallesi yerle\u015fim yerlerine yak\u0131n bir noktada meydana gelen orman yang\u0131n\u0131, r\u00fczgar\u0131n da etkisiyle k\u0131sa s\u00fcrede geni\u015f bir alana yay\u0131ld\u0131.\u00a0<\/p>\n<p>\u200bHaberin Al\u0131nt\u0131land\u0131\u011f\u0131 Kaynak: www.iskenderun.org<\/p>","protected":false},"excerpt":{"rendered":"<p>Orman yang\u0131n Kozakl\u0131 mahallesinde yerle\u015fim yerlerinin hemen yak\u0131n\u0131nda Kayadibi mevkiinden geni\u015f bir alana yay\u0131l\u0131m\u0131n\u0131 s\u00fcrd\u00fcrd\u00fc\u011f\u00fc \u00f6\u011frenildi. Yang\u0131nla y\u00fckselen duman ise \u00fc\u00e7 il\u00e7eden g\u00f6r\u00fcl\u00fcyor. Alevlerle y\u00fckselen duman\u0131n r\u00fczgarla b\u00f6lgeye yay\u0131lmas\u0131 s\u0131ras\u0131nda baz\u0131 yerlere k\u00fcl ya\u011fd\u0131\u011f\u0131 ifade ediliyor. Hatay Orman \u0130\u015fletme B\u00f6lge M\u00fcd\u00fcrl\u00fc\u011f\u00fc\u2019ne ba\u011fl\u0131 kara ekipleri, aroz\u00f6zlerle orman yang\u0131n\u0131n\u0131 s\u00f6nd\u00fcrme \u00e7al\u0131\u015fmalar\u0131n\u0131 y\u00fcr\u00fct\u00fcyor. \u00a0\u00a0 B\u00f6lgeye sevk edilen helikopterle de yang\u0131na havadan m\u00fcdahale yap\u0131l\u0131yor. R\u00fczgar\u0131n etkili oldu\u011fu b\u00f6lgede, yang\u0131n\u0131 s\u00f6nd\u00fcrme \u00e7al\u0131\u015fmalar\u0131n\u0131 g\u00fc\u00e7le\u015ftirdi\u011fi bildirildi. \u00a0 \u200bHatay\u2019\u0131n Arsuz il\u00e7esi Kozakl\u0131 Mahallesi yerle\u015fim yerlerine yak\u0131n bir noktada meydana gelen orman yang\u0131n\u0131, r\u00fczgar\u0131n da etkisiyle k\u0131sa s\u00fcrede geni\u015f bir alana yay\u0131ld\u0131.\u00a0 \u200bHaberin Al\u0131nt\u0131land\u0131\u011f\u0131 Kaynak: www.iskenderun.org<\/p>","protected":false},"author":0,"featured_media":0,"comment_status":"open","ping_status":"open","sticky":false,"template":"","format":"standard","meta":{"_acf_changed":false,"footnotes":""},"categories":[24,535],"tags":[],"class_list":["post-11998","post","type-post","status-publish","format-standard","has-post-thumbnail","hentry","category-gundem","category-uncategorized-tr"],"acf":[],"yoast_head":"<!-- This site is optimized with the Yoast SEO Premium plugin v26.6 (Yoast SEO v27.1.1) - https:\/\/yoast.com\/product\/yoast-seo-premium-wordpress\/ -->\n<title>Arsuz Kozakl\u0131\u2019da korkutan orman yang\u0131n\u0131\u2026 - Av. Deniz Can K\u0131z\u0131l<\/title>\n<meta name=\"robots\" content=\"index, follow, max-snippet:-1, max-image-preview:large, max-video-preview:-1\" \/>\n<link rel=\"canonical\" href=\"https:\/\/denizcankizil.tr\/ru\/haberler\/gundem\/arsuz-kozaklida-korkutan-orman-yangini\/\" \/>\n<meta property=\"og:locale\" content=\"ru_RU\" \/>\n<meta property=\"og:type\" content=\"article\" \/>\n<meta property=\"og:title\" content=\"Arsuz Kozakl\u0131\u2019da korkutan orman yang\u0131n\u0131\u2026\" \/>\n<meta property=\"og:description\" content=\"Orman yang\u0131n Kozakl\u0131 mahallesinde yerle\u015fim yerlerinin hemen yak\u0131n\u0131nda Kayadibi mevkiinden geni\u015f bir alana yay\u0131l\u0131m\u0131n\u0131 s\u00fcrd\u00fcrd\u00fc\u011f\u00fc \u00f6\u011frenildi. Yang\u0131nla y\u00fckselen duman ise \u00fc\u00e7 il\u00e7eden g\u00f6r\u00fcl\u00fcyor. Alevlerle y\u00fckselen duman\u0131n r\u00fczgarla b\u00f6lgeye yay\u0131lmas\u0131 s\u0131ras\u0131nda baz\u0131 yerlere k\u00fcl ya\u011fd\u0131\u011f\u0131 ifade ediliyor. Hatay Orman \u0130\u015fletme B\u00f6lge M\u00fcd\u00fcrl\u00fc\u011f\u00fc\u2019ne ba\u011fl\u0131 kara ekipleri, aroz\u00f6zlerle orman yang\u0131n\u0131n\u0131 s\u00f6nd\u00fcrme \u00e7al\u0131\u015fmalar\u0131n\u0131 y\u00fcr\u00fct\u00fcyor. \u00a0\u00a0 B\u00f6lgeye sevk edilen helikopterle de yang\u0131na havadan m\u00fcdahale yap\u0131l\u0131yor. R\u00fczgar\u0131n etkili oldu\u011fu b\u00f6lgede, yang\u0131n\u0131 s\u00f6nd\u00fcrme \u00e7al\u0131\u015fmalar\u0131n\u0131 g\u00fc\u00e7le\u015ftirdi\u011fi bildirildi. \u00a0 \u200bHatay\u2019\u0131n Arsuz il\u00e7esi Kozakl\u0131 Mahallesi yerle\u015fim yerlerine yak\u0131n bir noktada meydana gelen orman yang\u0131n\u0131, r\u00fczgar\u0131n da etkisiyle k\u0131sa s\u00fcrede geni\u015f bir alana yay\u0131ld\u0131.\u00a0 \u200bHaberin Al\u0131nt\u0131land\u0131\u011f\u0131 Kaynak: www.iskenderun.org\" \/>\n<meta property=\"og:url\" content=\"https:\/\/denizcankizil.tr\/ru\/haberler\/gundem\/arsuz-kozaklida-korkutan-orman-yangini\/\" \/>\n<meta property=\"og:site_name\" content=\"Av. Deniz Can K\u0131z\u0131l\" \/>\n<meta property=\"article:published_time\" content=\"2024-11-03T04:41:39+00:00\" \/>\n<meta name=\"twitter:card\" content=\"summary_large_image\" \/>\n<meta name=\"twitter:label1\" content=\"\u041f\u0440\u0438\u043c\u0435\u0440\u043d\u043e\u0435 \u0432\u0440\u0435\u043c\u044f \u0434\u043b\u044f \u0447\u0442\u0435\u043d\u0438\u044f\" \/>\n\t<meta name=\"twitter:data1\" content=\"1 \u043c\u0438\u043d\u0443\u0442\u0430\" \/>\n<script type=\"application\/ld+json\" class=\"yoast-schema-graph\">{\"@context\":\"https:\/\/schema.org\",\"@graph\":[{\"@type\":\"Article\",\"@id\":\"https:\/\/denizcankizil.tr\/ru\/haberler\/gundem\/arsuz-kozaklida-korkutan-orman-yangini\/#article\",\"isPartOf\":{\"@id\":\"https:\/\/denizcankizil.tr\/ru\/haberler\/gundem\/arsuz-kozaklida-korkutan-orman-yangini\/\"},\"author\":{\"name\":\"\",\"@id\":\"\"},\"headline\":\"Arsuz Kozakl\u0131\u2019da korkutan orman yang\u0131n\u0131\u2026\",\"datePublished\":\"2024-11-03T04:41:39+00:00\",\"mainEntityOfPage\":{\"@id\":\"https:\/\/denizcankizil.tr\/ru\/haberler\/gundem\/arsuz-kozaklida-korkutan-orman-yangini\/\"},\"wordCount\":171,\"commentCount\":0,\"publisher\":{\"@id\":\"https:\/\/denizcankizil.tr\/#organization\"},\"articleSection\":[\"G\u00fcndem\",\"Uncategorized\"],\"inLanguage\":\"ru-RU\",\"potentialAction\":[{\"@type\":\"CommentAction\",\"name\":\"Comment\",\"target\":[\"https:\/\/denizcankizil.tr\/ru\/haberler\/gundem\/arsuz-kozaklida-korkutan-orman-yangini\/#respond\"]}]},{\"@type\":\"WebPage\",\"@id\":\"https:\/\/denizcankizil.tr\/ru\/haberler\/gundem\/arsuz-kozaklida-korkutan-orman-yangini\/\",\"url\":\"https:\/\/denizcankizil.tr\/ru\/haberler\/gundem\/arsuz-kozaklida-korkutan-orman-yangini\/\",\"name\":\"Arsuz Kozakl\u0131\u2019da korkutan orman yang\u0131n\u0131\u2026 - Av. Deniz Can K\u0131z\u0131l\",\"isPartOf\":{\"@id\":\"https:\/\/denizcankizil.tr\/#website\"},\"datePublished\":\"2024-11-03T04:41:39+00:00\",\"breadcrumb\":{\"@id\":\"https:\/\/denizcankizil.tr\/ru\/haberler\/gundem\/arsuz-kozaklida-korkutan-orman-yangini\/#breadcrumb\"},\"inLanguage\":\"ru-RU\",\"potentialAction\":[{\"@type\":\"ReadAction\",\"target\":[\"https:\/\/denizcankizil.tr\/ru\/haberler\/gundem\/arsuz-kozaklida-korkutan-orman-yangini\/\"]}]},{\"@type\":\"BreadcrumbList\",\"@id\":\"https:\/\/denizcankizil.tr\/ru\/haberler\/gundem\/arsuz-kozaklida-korkutan-orman-yangini\/#breadcrumb\",\"itemListElement\":[{\"@type\":\"ListItem\",\"position\":1,\"name\":\"Home\",\"item\":\"https:\/\/denizcankizil.tr\/de\/\"},{\"@type\":\"ListItem\",\"position\":2,\"name\":\"Arsuz Kozakl\u0131\u2019da korkutan orman yang\u0131n\u0131\u2026\"}]},{\"@type\":\"WebSite\",\"@id\":\"https:\/\/denizcankizil.tr\/#website\",\"url\":\"https:\/\/denizcankizil.tr\/\",\"name\":\"Av. Deniz Can K\u0131z\u0131l\",\"description\":\"Avukat Deniz Can K\u0131z\u0131l Antalya Barosu\",\"publisher\":{\"@id\":\"https:\/\/denizcankizil.tr\/#organization\"},\"potentialAction\":[{\"@type\":\"SearchAction\",\"target\":{\"@type\":\"EntryPoint\",\"urlTemplate\":\"https:\/\/denizcankizil.tr\/?s={search_term_string}\"},\"query-input\":{\"@type\":\"PropertyValueSpecification\",\"valueRequired\":true,\"valueName\":\"search_term_string\"}}],\"inLanguage\":\"ru-RU\"},{\"@type\":\"Organization\",\"@id\":\"https:\/\/denizcankizil.tr\/#organization\",\"name\":\"Av. Deniz Can K\u0131z\u0131l\",\"url\":\"https:\/\/denizcankizil.tr\/\",\"logo\":{\"@type\":\"ImageObject\",\"inLanguage\":\"ru-RU\",\"@id\":\"https:\/\/denizcankizil.tr\/#\/schema\/logo\/image\/\",\"url\":\"https:\/\/denizcankizil.tr\/wp-content\/uploads\/2024\/10\/siyah-logo-svg.svg\",\"contentUrl\":\"https:\/\/denizcankizil.tr\/wp-content\/uploads\/2024\/10\/siyah-logo-svg.svg\",\"width\":1080,\"height\":1080,\"caption\":\"Av. Deniz Can K\u0131z\u0131l\"},\"image\":{\"@id\":\"https:\/\/denizcankizil.tr\/#\/schema\/logo\/image\/\"}}]}<\/script>\n<!-- \/ Yoast SEO Premium plugin. -->","yoast_head_json":{"title":"Arsuz Kozakl\u0131\u2019da korkutan orman yang\u0131n\u0131\u2026 - Av. Deniz Can K\u0131z\u0131l","robots":{"index":"index","follow":"follow","max-snippet":"max-snippet:-1","max-image-preview":"max-image-preview:large","max-video-preview":"max-video-preview:-1"},"canonical":"https:\/\/denizcankizil.tr\/ru\/haberler\/gundem\/arsuz-kozaklida-korkutan-orman-yangini\/","og_locale":"ru_RU","og_type":"article","og_title":"Arsuz Kozakl\u0131\u2019da korkutan orman yang\u0131n\u0131\u2026","og_description":"Orman yang\u0131n Kozakl\u0131 mahallesinde yerle\u015fim yerlerinin hemen yak\u0131n\u0131nda Kayadibi mevkiinden geni\u015f bir alana yay\u0131l\u0131m\u0131n\u0131 s\u00fcrd\u00fcrd\u00fc\u011f\u00fc \u00f6\u011frenildi. Yang\u0131nla y\u00fckselen duman ise \u00fc\u00e7 il\u00e7eden g\u00f6r\u00fcl\u00fcyor. Alevlerle y\u00fckselen duman\u0131n r\u00fczgarla b\u00f6lgeye yay\u0131lmas\u0131 s\u0131ras\u0131nda baz\u0131 yerlere k\u00fcl ya\u011fd\u0131\u011f\u0131 ifade ediliyor. Hatay Orman \u0130\u015fletme B\u00f6lge M\u00fcd\u00fcrl\u00fc\u011f\u00fc\u2019ne ba\u011fl\u0131 kara ekipleri, aroz\u00f6zlerle orman yang\u0131n\u0131n\u0131 s\u00f6nd\u00fcrme \u00e7al\u0131\u015fmalar\u0131n\u0131 y\u00fcr\u00fct\u00fcyor. \u00a0\u00a0 B\u00f6lgeye sevk edilen helikopterle de yang\u0131na havadan m\u00fcdahale yap\u0131l\u0131yor. R\u00fczgar\u0131n etkili oldu\u011fu b\u00f6lgede, yang\u0131n\u0131 s\u00f6nd\u00fcrme \u00e7al\u0131\u015fmalar\u0131n\u0131 g\u00fc\u00e7le\u015ftirdi\u011fi bildirildi. \u00a0 \u200bHatay\u2019\u0131n Arsuz il\u00e7esi Kozakl\u0131 Mahallesi yerle\u015fim yerlerine yak\u0131n bir noktada meydana gelen orman yang\u0131n\u0131, r\u00fczgar\u0131n da etkisiyle k\u0131sa s\u00fcrede geni\u015f bir alana yay\u0131ld\u0131.\u00a0 \u200bHaberin Al\u0131nt\u0131land\u0131\u011f\u0131 Kaynak: www.iskenderun.org","og_url":"https:\/\/denizcankizil.tr\/ru\/haberler\/gundem\/arsuz-kozaklida-korkutan-orman-yangini\/","og_site_name":"Av. Deniz Can K\u0131z\u0131l","article_published_time":"2024-11-03T04:41:39+00:00","twitter_card":"summary_large_image","twitter_misc":{"\u041f\u0440\u0438\u043c\u0435\u0440\u043d\u043e\u0435 \u0432\u0440\u0435\u043c\u044f \u0434\u043b\u044f \u0447\u0442\u0435\u043d\u0438\u044f":"1 \u043c\u0438\u043d\u0443\u0442\u0430"},"schema":{"@context":"https:\/\/schema.org","@graph":[{"@type":"Article","@id":"https:\/\/denizcankizil.tr\/ru\/haberler\/gundem\/arsuz-kozaklida-korkutan-orman-yangini\/#article","isPartOf":{"@id":"https:\/\/denizcankizil.tr\/ru\/haberler\/gundem\/arsuz-kozaklida-korkutan-orman-yangini\/"},"author":{"name":"","@id":""},"headline":"Arsuz Kozakl\u0131\u2019da korkutan orman yang\u0131n\u0131\u2026","datePublished":"2024-11-03T04:41:39+00:00","mainEntityOfPage":{"@id":"https:\/\/denizcankizil.tr\/ru\/haberler\/gundem\/arsuz-kozaklida-korkutan-orman-yangini\/"},"wordCount":171,"commentCount":0,"publisher":{"@id":"https:\/\/denizcankizil.tr\/#organization"},"articleSection":["G\u00fcndem","Uncategorized"],"inLanguage":"ru-RU","potentialAction":[{"@type":"CommentAction","name":"Comment","target":["https:\/\/denizcankizil.tr\/ru\/haberler\/gundem\/arsuz-kozaklida-korkutan-orman-yangini\/#respond"]}]},{"@type":"WebPage","@id":"https:\/\/denizcankizil.tr\/ru\/haberler\/gundem\/arsuz-kozaklida-korkutan-orman-yangini\/","url":"https:\/\/denizcankizil.tr\/ru\/haberler\/gundem\/arsuz-kozaklida-korkutan-orman-yangini\/","name":"Arsuz Kozakl\u0131\u2019da korkutan orman yang\u0131n\u0131\u2026 - Av. Deniz Can K\u0131z\u0131l","isPartOf":{"@id":"https:\/\/denizcankizil.tr\/#website"},"datePublished":"2024-11-03T04:41:39+00:00","breadcrumb":{"@id":"https:\/\/denizcankizil.tr\/ru\/haberler\/gundem\/arsuz-kozaklida-korkutan-orman-yangini\/#breadcrumb"},"inLanguage":"ru-RU","potentialAction":[{"@type":"ReadAction","target":["https:\/\/denizcankizil.tr\/ru\/haberler\/gundem\/arsuz-kozaklida-korkutan-orman-yangini\/"]}]},{"@type":"BreadcrumbList","@id":"https:\/\/denizcankizil.tr\/ru\/haberler\/gundem\/arsuz-kozaklida-korkutan-orman-yangini\/#breadcrumb","itemListElement":[{"@type":"ListItem","position":1,"name":"Home","item":"https:\/\/denizcankizil.tr\/de\/"},{"@type":"ListItem","position":2,"name":"Arsuz Kozakl\u0131\u2019da korkutan orman yang\u0131n\u0131\u2026"}]},{"@type":"WebSite","@id":"https:\/\/denizcankizil.tr\/#website","url":"https:\/\/denizcankizil.tr\/","name":"Av. Deniz Can K\u0131z\u0131l","description":"Avukat Deniz Can K\u0131z\u0131l Antalya Barosu","publisher":{"@id":"https:\/\/denizcankizil.tr\/#organization"},"potentialAction":[{"@type":"SearchAction","target":{"@type":"EntryPoint","urlTemplate":"https:\/\/denizcankizil.tr\/?s={search_term_string}"},"query-input":{"@type":"PropertyValueSpecification","valueRequired":true,"valueName":"search_term_string"}}],"inLanguage":"ru-RU"},{"@type":"Organization","@id":"https:\/\/denizcankizil.tr\/#organization","name":"Av. Deniz Can K\u0131z\u0131l","url":"https:\/\/denizcankizil.tr\/","logo":{"@type":"ImageObject","inLanguage":"ru-RU","@id":"https:\/\/denizcankizil.tr\/#\/schema\/logo\/image\/","url":"https:\/\/denizcankizil.tr\/wp-content\/uploads\/2024\/10\/siyah-logo-svg.svg","contentUrl":"https:\/\/denizcankizil.tr\/wp-content\/uploads\/2024\/10\/siyah-logo-svg.svg","width":1080,"height":1080,"caption":"Av. Deniz Can K\u0131z\u0131l"},"image":{"@id":"https:\/\/denizcankizil.tr\/#\/schema\/logo\/image\/"}}]}},"_links":{"self":[{"href":"https:\/\/denizcankizil.tr\/ru\/wp-json\/wp\/v2\/posts\/11998","targetHints":{"allow":["GET"]}}],"collection":[{"href":"https:\/\/denizcankizil.tr\/ru\/wp-json\/wp\/v2\/posts"}],"about":[{"href":"https:\/\/denizcankizil.tr\/ru\/wp-json\/wp\/v2\/types\/post"}],"replies":[{"embeddable":true,"href":"https:\/\/denizcankizil.tr\/ru\/wp-json\/wp\/v2\/comments?post=11998"}],"version-history":[{"count":0,"href":"https:\/\/denizcankizil.tr\/ru\/wp-json\/wp\/v2\/posts\/11998\/revisions"}],"wp:attachment":[{"href":"https:\/\/denizcankizil.tr\/ru\/wp-json\/wp\/v2\/media?parent=11998"}],"wp:term":[{"taxonomy":"category","embeddable":true,"href":"https:\/\/denizcankizil.tr\/ru\/wp-json\/wp\/v2\/categories?post=11998"},{"taxonomy":"post_tag","embeddable":true,"href":"https:\/\/denizcankizil.tr\/ru\/wp-json\/wp\/v2\/tags?post=11998"}],"curies":[{"name":"wp","href":"https:\/\/api.w.org\/{rel}","templated":true}]}}