{"id":119638,"date":"2025-06-18T21:41:36","date_gmt":"2025-06-18T18:41:36","guid":{"rendered":"https:\/\/denizcankizil.tr\/uncategorized-tr\/turkiye-3-yilda-yangin-sondurme-ucaklarina-3-milyar-tlden-fazla-para-harcadi\/"},"modified":"2025-06-18T21:41:36","modified_gmt":"2025-06-18T18:41:36","slug":"turkiye-3-yilda-yangin-sondurme-ucaklarina-3-milyar-tlden-fazla-para-harcadi","status":"publish","type":"post","link":"https:\/\/denizcankizil.tr\/ru\/haberler\/gundem\/turkiye-3-yilda-yangin-sondurme-ucaklarina-3-milyar-tlden-fazla-para-harcadi\/","title":{"rendered":"T\u00fcrkiye 3 y\u0131lda yang\u0131n s\u00f6nd\u00fcrme u\u00e7aklar\u0131na 3 milyar TL&#8217;den fazla para harcad\u0131"},"content":{"rendered":"<p>\u0130Y\u0130 Parti Mersin Milletvekili Burhanettin Kocamaz, TBMM k\u00fcrs\u00fcs\u00fcnden T\u00fcrkiye\u2019deki orman yang\u0131nlar\u0131na ili\u015fkin \u00f6nemli a\u00e7\u0131klamalarda bulundu. Kocamaz, yaz aylar\u0131nda \u00e7\u0131kan orman yang\u0131nlar\u0131 nedeniyle binlerce dekarl\u0131k alan\u0131n k\u00fcl oldu\u011funu ve alevleri s\u00f6nd\u00fcrmek i\u00e7in kiralanan u\u00e7aklar\u0131n b\u00fcy\u00fck bir maliyet olu\u015fturdu\u011funa de\u011findi.<\/p>\n<p>SON 5 YILDA B\u0130NLERCE ALAN YANARAK K\u00dcL OLDU<\/p>\n<p>T\u00fcrkiye\u2019de son 5 y\u0131l i\u00e7inde 216 bin 278 hektar orman alan\u0131n yanarak k\u00fcl oldu\u011funa de\u011finen Kocamaz, \u201c\u00dclkemiz orman yang\u0131nlar\u0131 riskinin en fazla artt\u0131\u011f\u0131 aylara girmi\u015f bulunmaktay\u0131z. Dolay\u0131s\u0131yla orman varl\u0131klar\u0131m\u0131z\u0131n orman yang\u0131nlar\u0131na kar\u015f\u0131 korunmas\u0131 b\u00fcy\u00fck \u00f6nem arz etmektedir. Bu nedenle \u00e7\u0131kacak muhtemel orman yang\u0131nlar\u0131n\u0131 \u00f6nleme, haz\u0131rl\u0131k ve m\u00fccadele a\u015famalar\u0131nda ya\u015fanan sorunlar\u0131n mutlaka \u00e7\u00f6z\u00fcme kavu\u015fturulmas\u0131 gerekiyor. Orman yang\u0131n\u0131 s\u0131ras\u0131nda yanan sadece a\u011fa\u00e7lar ve bitki \u00f6rt\u00fcs\u00fc de\u011fil! Tabiatla b\u00fct\u00fcnle\u015fen ve buralarda ya\u015fayan binlerce canl\u0131da ya\u015fanan orman yang\u0131nlar\u0131nda hayat\u0131n\u0131 kaybetmekte. \u00dclkemizde orman yang\u0131nlar\u0131na y\u00f6nelik bir dizi \u00f6nlem al\u0131nmas\u0131na, halk e\u011fitimlerine kamu kurumlar\u0131 ile yap\u0131lan yard\u0131mla\u015fma ve i\u015f birli\u011fine ra\u011fmen halen orman varl\u0131klar\u0131m\u0131z\u0131 yeterince koruyam\u0131yoruz. B\u00f6ylece son 5 y\u0131l i\u00e7inde toplam 216 bin 278 hektar orman alan\u0131 mahvoldu. Her y\u0131l binlerce hektarl\u0131k orman alan\u0131 zaman\u0131nda m\u00fcdahale edilemedi\u011fi ve s\u00f6nd\u00fcrme i\u015flemlerinde ge\u00e7 kal\u0131nd\u0131\u011f\u0131 i\u00e7in yok oluyor\u201d diye konu\u015ftu.<\/p>\n<p>\u201cM\u0130LYONLARCA L\u0130RA K\u0130RALAMALARA HARCANIYOR\u201d<\/p>\n<p>Her y\u0131l yang\u0131n s\u00f6nd\u00fcrme ara\u00e7lar\u0131n\u0131 kiraland\u0131\u011f\u0131 i\u00e7in T\u00fcrkiye\u2019nin milyonlarca lira \u00f6demek zorunda kald\u0131\u011f\u0131n\u0131 ifade eden Kocamaz, \u201c\u00dclkemizin orman varl\u0131klar\u0131 23.4 milyon hektar olarak bakanl\u0131k kay\u0131tlar\u0131nda yer almakta. Bu rakamlara g\u00f6re her ne kadar orman varl\u0131klar\u0131m\u0131z y\u0131llar i\u00e7erisinde artm\u0131\u015f gibi g\u00f6r\u00fcn\u00fcyor olsa da asl\u0131nda ormanlar\u0131 geli\u015ftirme ve geni\u015fletme amac\u0131yla toprakla bulu\u015fturulan yeni tohum ve fidelerin bulundu\u011fu alanlarda orman varl\u0131klar\u0131 da bu listede g\u00f6steriliyor. Bu alanlar\u0131n ormana d\u00f6n\u00fc\u015fmesi y\u0131llar alaca\u011f\u0131ndan yanan yerlere yap\u0131lan ekimlerin yan\u0131 s\u0131ra as\u0131rl\u0131k, yeti\u015fmi\u015f mevcut orman alanlar\u0131na ayr\u0131 bir \u00f6nem verilmeli ve korunmas\u0131 gerekir. Akdeniz iklim ku\u015fa\u011f\u0131nda yer alan \u00fclkemizin ormanlar\u0131n b\u00fcy\u00fck bir b\u00f6l\u00fcm\u00fc yang\u0131n tehdidi ile kar\u015f\u0131 kar\u015f\u0131ya oldu\u011funu hepimiz biliyoruz. Bu nedenle \u00fclkemizin kendisine ait yeterli yang\u0131n s\u00f6nd\u00fcrme filolar\u0131 olu\u015fturmas\u0131 bir an evvel gereklidir. Bu filolar zaman\u0131nda kurulmad\u0131\u011f\u0131 i\u00e7in her y\u0131l kiralanan \u0130HA&#8217;lara yang\u0131n s\u00f6nd\u00fcrme helikopteri ve u\u00e7aklar\u0131na milyarlarca lira para \u00f6demek zorunda kal\u0131yor verilen bu y\u00fcksek paralara ra\u011fmen yang\u0131nlar\u0131 zaman\u0131nda s\u00f6nd\u00fcrmekte ge\u00e7 kal\u0131yoruz\u201d dedi.<\/p>\n<p>\u201cK\u0130RALAMAYA SON 3 YILDA 3.7 M\u0130LYAR TL HARCANDI\u201d<\/p>\n<p>Son 3 y\u0131lda orman yang\u0131nlar\u0131na acil bir \u015fekilde m\u00fcdahale edilmesi i\u00e7in Rusya\u2019dan kiralanan hava ara\u00e7lar\u0131na 3.7 milyar TL tutar\u0131nda bir para harcand\u0131\u011f\u0131na vurgu yapan Kocamaz, \u201c\u00dclkemiz son 3 y\u0131lda yang\u0131n s\u00f6nd\u00fcrmede kullan\u0131lmak \u00fczere Rusya\u2019dan kiralanan 75 hava arac\u0131na toplam 3.7 milyar TL \u00f6dedi. Rusya Acil Durumlar Ba\u015fkanl\u0131\u011f\u0131\u2019ndan kiralanan hava ara\u00e7lar\u0131 aras\u0131nda 1 milyar 364 milyon TL\u2019ye kiralanan 8 adet \u0130HA ve 1 milyar 364 milyon TL ye kiralanan 14 adet yang\u0131n s\u00f6nd\u00fcrme u\u00e7a\u011f\u0131 da yer ald\u0131. B\u00f6ylece Rusya\u2019ya 8 insanl\u0131k insans\u0131z hava arac\u0131 i\u00e7in 14 u\u00e7ak paras\u0131 \u00f6dendi\u011fi ortaya \u00e7\u0131kt\u0131\u201d ifadelerini kulland\u0131.<\/p>\n<p>\u201cB\u0130R TEK A\u011eA\u00c7 B\u0130LE BULAMAYACA\u011eIZ\u201d<\/p>\n<p>Yang\u0131nlar\u0131n \u00f6nlenmesinde Orman genel M\u00fcd\u00fcrl\u00fc\u011f\u00fc\u2019ne b\u00fcy\u00fck g\u00f6rev d\u00fc\u015ft\u00fc\u011f\u00fcne dikkat \u00e7eken Burhanettin Kocamaz, e\u011fer g\u00fc\u00e7l\u00fc bir filo kurulmazsa \u00fclkede g\u00f6lgesinde serinlenebilecek bir tane bile a\u011fa\u00e7 kalamayaca\u011f\u0131na dikkat \u00e7ekerek, \u201c\u00dclkemizde orman yang\u0131nlar\u0131 konusunda en b\u00fcy\u00fck g\u00f6rev Orman Genel M\u00fcd\u00fcrl\u00fc\u011f\u00fc\u2019ne d\u00fc\u015f\u00fcyor. Orman Genel M\u00fcd\u00fcrl\u00fc\u011f\u00fc, bu y\u0131l 2 ayr\u0131 ihaleyle \u00e7o\u011funlu\u011fu yang\u0131n s\u00f6nd\u00fcrme helikopteri olmak \u00fczere 17 adet hava arac\u0131 kiralama ihalesine a\u00e7t\u0131. Ge\u00e7ti\u011fimiz y\u0131llarda ortaya \u00e7\u0131kan orman yang\u0131nlar\u0131nda gece g\u00f6r\u00fc\u015fl\u00fc helikopterlerin olmay\u0131\u015f\u0131 geceleri s\u00f6nd\u00fcrme \u00e7al\u0131\u015fmalar\u0131na aksatm\u0131\u015f ve bu durum b\u00fcy\u00fck tepkilere neden oldu. Orman Genel m\u00fcd\u00fcrl\u00fc\u011f\u00fc taraf\u0131ndan bu y\u0131l gece g\u00f6r\u00fc\u015fl\u00fc helikopter kiralan\u0131p kiralanmad\u0131\u011f\u0131 da tam olarak bilinmiyor. Fakat \u015funu hepimiz \u00e7ok iyi biliyoruz ki kapsaml\u0131 bir yang\u0131n s\u00f6nd\u00fcrme filosu kuramaz ve gerekli \u00f6nlemleri zaman\u0131nda alamazsak gelecekte ormanlar\u0131m\u0131zda g\u00f6lgesinde soluklanaca\u011f\u0131m\u0131z bir tek a\u011fa\u00e7 bile bulamayaca\u011f\u0131z\u201d dedi.<\/p>\n<p>\u200b\u0130Y\u0130 Parti Mersin Milletvekili Burhanettin Kocamaz, T\u00fcrkiye\u2019de yaz aylar\u0131nda s\u0131k\u0131l\u0131kla ya\u015fanan orman yang\u0131nlar\u0131n\u0131 TBMM g\u00fcndemine ta\u015f\u0131d\u0131. Kocamaz, son 3 y\u0131lda orman yang\u0131nlar\u0131n\u0131 s\u00f6nd\u00fcrmek i\u00e7in Rusya\u2019dan kiralanan 75 hava arac\u0131na toplam 3.7 milyar TL \u00f6dendi\u011fini \u00f6ne s\u00fcrd\u00fc.\u00a0<\/p>\n<p>\u200bHaberin Al\u0131nt\u0131land\u0131\u011f\u0131 Kaynak: www.antalyakorfez.com<\/p>","protected":false},"excerpt":{"rendered":"<p>\u0130Y\u0130 Parti Mersin Milletvekili Burhanettin Kocamaz, TBMM k\u00fcrs\u00fcs\u00fcnden T\u00fcrkiye\u2019deki orman yang\u0131nlar\u0131na ili\u015fkin \u00f6nemli a\u00e7\u0131klamalarda bulundu. Kocamaz, yaz aylar\u0131nda \u00e7\u0131kan orman yang\u0131nlar\u0131 nedeniyle binlerce dekarl\u0131k alan\u0131n k\u00fcl oldu\u011funu ve alevleri s\u00f6nd\u00fcrmek i\u00e7in kiralanan u\u00e7aklar\u0131n b\u00fcy\u00fck bir maliyet olu\u015fturdu\u011funa de\u011findi. SON 5 YILDA B\u0130NLERCE ALAN YANARAK K\u00dcL OLDU T\u00fcrkiye\u2019de son 5 y\u0131l i\u00e7inde 216 bin 278 hektar orman alan\u0131n yanarak k\u00fcl oldu\u011funa de\u011finen Kocamaz, \u201c\u00dclkemiz orman yang\u0131nlar\u0131 riskinin en fazla artt\u0131\u011f\u0131 aylara girmi\u015f bulunmaktay\u0131z. Dolay\u0131s\u0131yla orman varl\u0131klar\u0131m\u0131z\u0131n orman yang\u0131nlar\u0131na kar\u015f\u0131 korunmas\u0131 b\u00fcy\u00fck \u00f6nem arz etmektedir. Bu nedenle \u00e7\u0131kacak muhtemel orman yang\u0131nlar\u0131n\u0131 \u00f6nleme, haz\u0131rl\u0131k ve m\u00fccadele a\u015famalar\u0131nda ya\u015fanan sorunlar\u0131n mutlaka \u00e7\u00f6z\u00fcme kavu\u015fturulmas\u0131 gerekiyor. Orman yang\u0131n\u0131 s\u0131ras\u0131nda yanan sadece a\u011fa\u00e7lar ve bitki \u00f6rt\u00fcs\u00fc de\u011fil! Tabiatla b\u00fct\u00fcnle\u015fen ve buralarda ya\u015fayan binlerce canl\u0131da ya\u015fanan orman yang\u0131nlar\u0131nda hayat\u0131n\u0131 kaybetmekte. \u00dclkemizde orman yang\u0131nlar\u0131na y\u00f6nelik bir dizi \u00f6nlem al\u0131nmas\u0131na, halk e\u011fitimlerine kamu kurumlar\u0131 ile yap\u0131lan yard\u0131mla\u015fma ve i\u015f birli\u011fine ra\u011fmen halen orman varl\u0131klar\u0131m\u0131z\u0131 yeterince koruyam\u0131yoruz. B\u00f6ylece son 5 y\u0131l i\u00e7inde toplam 216 bin 278 hektar orman alan\u0131 mahvoldu. Her y\u0131l binlerce hektarl\u0131k orman alan\u0131 zaman\u0131nda m\u00fcdahale edilemedi\u011fi ve s\u00f6nd\u00fcrme i\u015flemlerinde ge\u00e7 kal\u0131nd\u0131\u011f\u0131 i\u00e7in yok oluyor\u201d diye konu\u015ftu. \u201cM\u0130LYONLARCA L\u0130RA K\u0130RALAMALARA HARCANIYOR\u201d Her y\u0131l yang\u0131n s\u00f6nd\u00fcrme ara\u00e7lar\u0131n\u0131 kiraland\u0131\u011f\u0131 i\u00e7in T\u00fcrkiye\u2019nin milyonlarca lira \u00f6demek zorunda kald\u0131\u011f\u0131n\u0131 ifade eden Kocamaz, \u201c\u00dclkemizin orman &hellip;<\/p>","protected":false},"author":5,"featured_media":0,"comment_status":"","ping_status":"open","sticky":false,"template":"","format":"standard","meta":{"_acf_changed":false,"footnotes":""},"categories":[24],"tags":[],"class_list":["post-119638","post","type-post","status-publish","format-standard","has-post-thumbnail","hentry","category-gundem"],"acf":[],"yoast_head":"<!-- This site is optimized with the Yoast SEO Premium plugin v26.6 (Yoast SEO v27.1.1) - https:\/\/yoast.com\/product\/yoast-seo-premium-wordpress\/ -->\n<title>T\u00fcrkiye 3 y\u0131lda yang\u0131n s\u00f6nd\u00fcrme u\u00e7aklar\u0131na 3 milyar TL&#039;den fazla para harcad\u0131 - Av. Deniz Can K\u0131z\u0131l<\/title>\n<meta name=\"robots\" content=\"index, follow, max-snippet:-1, max-image-preview:large, max-video-preview:-1\" \/>\n<link rel=\"canonical\" href=\"https:\/\/denizcankizil.tr\/ru\/haberler\/gundem\/turkiye-3-yilda-yangin-sondurme-ucaklarina-3-milyar-tlden-fazla-para-harcadi\/\" \/>\n<meta property=\"og:locale\" content=\"ru_RU\" \/>\n<meta property=\"og:type\" content=\"article\" \/>\n<meta property=\"og:title\" content=\"T\u00fcrkiye 3 y\u0131lda yang\u0131n s\u00f6nd\u00fcrme u\u00e7aklar\u0131na 3 milyar TL&#039;den fazla para harcad\u0131\" \/>\n<meta property=\"og:description\" content=\"\u0130Y\u0130 Parti Mersin Milletvekili Burhanettin Kocamaz, TBMM k\u00fcrs\u00fcs\u00fcnden T\u00fcrkiye\u2019deki orman yang\u0131nlar\u0131na ili\u015fkin \u00f6nemli a\u00e7\u0131klamalarda bulundu. Kocamaz, yaz aylar\u0131nda \u00e7\u0131kan orman yang\u0131nlar\u0131 nedeniyle binlerce dekarl\u0131k alan\u0131n k\u00fcl oldu\u011funu ve alevleri s\u00f6nd\u00fcrmek i\u00e7in kiralanan u\u00e7aklar\u0131n b\u00fcy\u00fck bir maliyet olu\u015fturdu\u011funa de\u011findi. SON 5 YILDA B\u0130NLERCE ALAN YANARAK K\u00dcL OLDU T\u00fcrkiye\u2019de son 5 y\u0131l i\u00e7inde 216 bin 278 hektar orman alan\u0131n yanarak k\u00fcl oldu\u011funa de\u011finen Kocamaz, \u201c\u00dclkemiz orman yang\u0131nlar\u0131 riskinin en fazla artt\u0131\u011f\u0131 aylara girmi\u015f bulunmaktay\u0131z. Dolay\u0131s\u0131yla orman varl\u0131klar\u0131m\u0131z\u0131n orman yang\u0131nlar\u0131na kar\u015f\u0131 korunmas\u0131 b\u00fcy\u00fck \u00f6nem arz etmektedir. Bu nedenle \u00e7\u0131kacak muhtemel orman yang\u0131nlar\u0131n\u0131 \u00f6nleme, haz\u0131rl\u0131k ve m\u00fccadele a\u015famalar\u0131nda ya\u015fanan sorunlar\u0131n mutlaka \u00e7\u00f6z\u00fcme kavu\u015fturulmas\u0131 gerekiyor. Orman yang\u0131n\u0131 s\u0131ras\u0131nda yanan sadece a\u011fa\u00e7lar ve bitki \u00f6rt\u00fcs\u00fc de\u011fil! Tabiatla b\u00fct\u00fcnle\u015fen ve buralarda ya\u015fayan binlerce canl\u0131da ya\u015fanan orman yang\u0131nlar\u0131nda hayat\u0131n\u0131 kaybetmekte. \u00dclkemizde orman yang\u0131nlar\u0131na y\u00f6nelik bir dizi \u00f6nlem al\u0131nmas\u0131na, halk e\u011fitimlerine kamu kurumlar\u0131 ile yap\u0131lan yard\u0131mla\u015fma ve i\u015f birli\u011fine ra\u011fmen halen orman varl\u0131klar\u0131m\u0131z\u0131 yeterince koruyam\u0131yoruz. B\u00f6ylece son 5 y\u0131l i\u00e7inde toplam 216 bin 278 hektar orman alan\u0131 mahvoldu. Her y\u0131l binlerce hektarl\u0131k orman alan\u0131 zaman\u0131nda m\u00fcdahale edilemedi\u011fi ve s\u00f6nd\u00fcrme i\u015flemlerinde ge\u00e7 kal\u0131nd\u0131\u011f\u0131 i\u00e7in yok oluyor\u201d diye konu\u015ftu. \u201cM\u0130LYONLARCA L\u0130RA K\u0130RALAMALARA HARCANIYOR\u201d Her y\u0131l yang\u0131n s\u00f6nd\u00fcrme ara\u00e7lar\u0131n\u0131 kiraland\u0131\u011f\u0131 i\u00e7in T\u00fcrkiye\u2019nin milyonlarca lira \u00f6demek zorunda kald\u0131\u011f\u0131n\u0131 ifade eden Kocamaz, \u201c\u00dclkemizin orman &hellip;\" \/>\n<meta property=\"og:url\" content=\"https:\/\/denizcankizil.tr\/ru\/haberler\/gundem\/turkiye-3-yilda-yangin-sondurme-ucaklarina-3-milyar-tlden-fazla-para-harcadi\/\" \/>\n<meta property=\"og:site_name\" content=\"Av. Deniz Can K\u0131z\u0131l\" \/>\n<meta property=\"article:published_time\" content=\"2025-06-18T18:41:36+00:00\" \/>\n<meta name=\"author\" content=\"Antalya K\u00f6rfez\" \/>\n<meta name=\"twitter:card\" content=\"summary_large_image\" \/>\n<meta name=\"twitter:label1\" content=\"\u041d\u0430\u043f\u0438\u0441\u0430\u043d\u043e \u0430\u0432\u0442\u043e\u0440\u043e\u043c\" \/>\n\t<meta name=\"twitter:data1\" content=\"Antalya K\u00f6rfez\" \/>\n\t<meta name=\"twitter:label2\" content=\"\u041f\u0440\u0438\u043c\u0435\u0440\u043d\u043e\u0435 \u0432\u0440\u0435\u043c\u044f \u0434\u043b\u044f \u0447\u0442\u0435\u043d\u0438\u044f\" \/>\n\t<meta name=\"twitter:data2\" content=\"4 \u043c\u0438\u043d\u0443\u0442\u044b\" \/>\n<script type=\"application\/ld+json\" class=\"yoast-schema-graph\">{\"@context\":\"https:\/\/schema.org\",\"@graph\":[{\"@type\":\"Article\",\"@id\":\"https:\/\/denizcankizil.tr\/ru\/haberler\/gundem\/turkiye-3-yilda-yangin-sondurme-ucaklarina-3-milyar-tlden-fazla-para-harcadi\/#article\",\"isPartOf\":{\"@id\":\"https:\/\/denizcankizil.tr\/ru\/haberler\/gundem\/turkiye-3-yilda-yangin-sondurme-ucaklarina-3-milyar-tlden-fazla-para-harcadi\/\"},\"author\":{\"name\":\"Antalya K\u00f6rfez\",\"@id\":\"https:\/\/denizcankizil.tr\/#\/schema\/person\/e1eb71bb4dd684d46563f0af307e1234\"},\"headline\":\"T\u00fcrkiye 3 y\u0131lda yang\u0131n s\u00f6nd\u00fcrme u\u00e7aklar\u0131na 3 milyar TL&#8217;den fazla para harcad\u0131\",\"datePublished\":\"2025-06-18T18:41:36+00:00\",\"mainEntityOfPage\":{\"@id\":\"https:\/\/denizcankizil.tr\/ru\/haberler\/gundem\/turkiye-3-yilda-yangin-sondurme-ucaklarina-3-milyar-tlden-fazla-para-harcadi\/\"},\"wordCount\":895,\"publisher\":{\"@id\":\"https:\/\/denizcankizil.tr\/#organization\"},\"articleSection\":[\"G\u00fcndem\"],\"inLanguage\":\"ru-RU\"},{\"@type\":\"WebPage\",\"@id\":\"https:\/\/denizcankizil.tr\/ru\/haberler\/gundem\/turkiye-3-yilda-yangin-sondurme-ucaklarina-3-milyar-tlden-fazla-para-harcadi\/\",\"url\":\"https:\/\/denizcankizil.tr\/ru\/haberler\/gundem\/turkiye-3-yilda-yangin-sondurme-ucaklarina-3-milyar-tlden-fazla-para-harcadi\/\",\"name\":\"T\u00fcrkiye 3 y\u0131lda yang\u0131n s\u00f6nd\u00fcrme u\u00e7aklar\u0131na 3 milyar TL'den fazla para harcad\u0131 - Av. Deniz Can K\u0131z\u0131l\",\"isPartOf\":{\"@id\":\"https:\/\/denizcankizil.tr\/#website\"},\"datePublished\":\"2025-06-18T18:41:36+00:00\",\"breadcrumb\":{\"@id\":\"https:\/\/denizcankizil.tr\/ru\/haberler\/gundem\/turkiye-3-yilda-yangin-sondurme-ucaklarina-3-milyar-tlden-fazla-para-harcadi\/#breadcrumb\"},\"inLanguage\":\"ru-RU\",\"potentialAction\":[{\"@type\":\"ReadAction\",\"target\":[\"https:\/\/denizcankizil.tr\/ru\/haberler\/gundem\/turkiye-3-yilda-yangin-sondurme-ucaklarina-3-milyar-tlden-fazla-para-harcadi\/\"]}]},{\"@type\":\"BreadcrumbList\",\"@id\":\"https:\/\/denizcankizil.tr\/ru\/haberler\/gundem\/turkiye-3-yilda-yangin-sondurme-ucaklarina-3-milyar-tlden-fazla-para-harcadi\/#breadcrumb\",\"itemListElement\":[{\"@type\":\"ListItem\",\"position\":1,\"name\":\"Home\",\"item\":\"https:\/\/denizcankizil.tr\/uk\/\"},{\"@type\":\"ListItem\",\"position\":2,\"name\":\"T\u00fcrkiye 3 y\u0131lda yang\u0131n s\u00f6nd\u00fcrme u\u00e7aklar\u0131na 3 milyar TL&#8217;den fazla para harcad\u0131\"}]},{\"@type\":\"WebSite\",\"@id\":\"https:\/\/denizcankizil.tr\/#website\",\"url\":\"https:\/\/denizcankizil.tr\/\",\"name\":\"Av. Deniz Can K\u0131z\u0131l\",\"description\":\"Avukat Deniz Can K\u0131z\u0131l Antalya Barosu\",\"publisher\":{\"@id\":\"https:\/\/denizcankizil.tr\/#organization\"},\"potentialAction\":[{\"@type\":\"SearchAction\",\"target\":{\"@type\":\"EntryPoint\",\"urlTemplate\":\"https:\/\/denizcankizil.tr\/?s={search_term_string}\"},\"query-input\":{\"@type\":\"PropertyValueSpecification\",\"valueRequired\":true,\"valueName\":\"search_term_string\"}}],\"inLanguage\":\"ru-RU\"},{\"@type\":\"Organization\",\"@id\":\"https:\/\/denizcankizil.tr\/#organization\",\"name\":\"Av. Deniz Can K\u0131z\u0131l\",\"url\":\"https:\/\/denizcankizil.tr\/\",\"logo\":{\"@type\":\"ImageObject\",\"inLanguage\":\"ru-RU\",\"@id\":\"https:\/\/denizcankizil.tr\/#\/schema\/logo\/image\/\",\"url\":\"https:\/\/denizcankizil.tr\/wp-content\/uploads\/2024\/10\/siyah-logo-svg.svg\",\"contentUrl\":\"https:\/\/denizcankizil.tr\/wp-content\/uploads\/2024\/10\/siyah-logo-svg.svg\",\"width\":1080,\"height\":1080,\"caption\":\"Av. Deniz Can K\u0131z\u0131l\"},\"image\":{\"@id\":\"https:\/\/denizcankizil.tr\/#\/schema\/logo\/image\/\"}},{\"@type\":\"Person\",\"@id\":\"https:\/\/denizcankizil.tr\/#\/schema\/person\/e1eb71bb4dd684d46563f0af307e1234\",\"name\":\"Antalya K\u00f6rfez\",\"image\":{\"@type\":\"ImageObject\",\"inLanguage\":\"ru-RU\",\"@id\":\"https:\/\/denizcankizil.tr\/#\/schema\/person\/image\/\",\"url\":\"https:\/\/secure.gravatar.com\/avatar\/42b01982558a48a0b501fdcab6a408d3717ea5919095ee2e67b0e521799c5905?s=96&d=mm&r=g\",\"contentUrl\":\"https:\/\/secure.gravatar.com\/avatar\/42b01982558a48a0b501fdcab6a408d3717ea5919095ee2e67b0e521799c5905?s=96&d=mm&r=g\",\"caption\":\"Antalya K\u00f6rfez\"},\"sameAs\":[\"http:\/\/www.antalyakorfez.com\"],\"url\":\"https:\/\/www.antalyakorfez.com\/turkiye-3-yilda-yangin-sondurme-ucaklarina-3-milyar-tlden-fazla-para-harcadi\"}]}<\/script>\n<!-- \/ Yoast SEO Premium plugin. -->","yoast_head_json":{"title":"T\u00fcrkiye 3 y\u0131lda yang\u0131n s\u00f6nd\u00fcrme u\u00e7aklar\u0131na 3 milyar TL'den fazla para harcad\u0131 - Av. Deniz Can K\u0131z\u0131l","robots":{"index":"index","follow":"follow","max-snippet":"max-snippet:-1","max-image-preview":"max-image-preview:large","max-video-preview":"max-video-preview:-1"},"canonical":"https:\/\/denizcankizil.tr\/ru\/haberler\/gundem\/turkiye-3-yilda-yangin-sondurme-ucaklarina-3-milyar-tlden-fazla-para-harcadi\/","og_locale":"ru_RU","og_type":"article","og_title":"T\u00fcrkiye 3 y\u0131lda yang\u0131n s\u00f6nd\u00fcrme u\u00e7aklar\u0131na 3 milyar TL'den fazla para harcad\u0131","og_description":"\u0130Y\u0130 Parti Mersin Milletvekili Burhanettin Kocamaz, TBMM k\u00fcrs\u00fcs\u00fcnden T\u00fcrkiye\u2019deki orman yang\u0131nlar\u0131na ili\u015fkin \u00f6nemli a\u00e7\u0131klamalarda bulundu. Kocamaz, yaz aylar\u0131nda \u00e7\u0131kan orman yang\u0131nlar\u0131 nedeniyle binlerce dekarl\u0131k alan\u0131n k\u00fcl oldu\u011funu ve alevleri s\u00f6nd\u00fcrmek i\u00e7in kiralanan u\u00e7aklar\u0131n b\u00fcy\u00fck bir maliyet olu\u015fturdu\u011funa de\u011findi. SON 5 YILDA B\u0130NLERCE ALAN YANARAK K\u00dcL OLDU T\u00fcrkiye\u2019de son 5 y\u0131l i\u00e7inde 216 bin 278 hektar orman alan\u0131n yanarak k\u00fcl oldu\u011funa de\u011finen Kocamaz, \u201c\u00dclkemiz orman yang\u0131nlar\u0131 riskinin en fazla artt\u0131\u011f\u0131 aylara girmi\u015f bulunmaktay\u0131z. Dolay\u0131s\u0131yla orman varl\u0131klar\u0131m\u0131z\u0131n orman yang\u0131nlar\u0131na kar\u015f\u0131 korunmas\u0131 b\u00fcy\u00fck \u00f6nem arz etmektedir. Bu nedenle \u00e7\u0131kacak muhtemel orman yang\u0131nlar\u0131n\u0131 \u00f6nleme, haz\u0131rl\u0131k ve m\u00fccadele a\u015famalar\u0131nda ya\u015fanan sorunlar\u0131n mutlaka \u00e7\u00f6z\u00fcme kavu\u015fturulmas\u0131 gerekiyor. Orman yang\u0131n\u0131 s\u0131ras\u0131nda yanan sadece a\u011fa\u00e7lar ve bitki \u00f6rt\u00fcs\u00fc de\u011fil! Tabiatla b\u00fct\u00fcnle\u015fen ve buralarda ya\u015fayan binlerce canl\u0131da ya\u015fanan orman yang\u0131nlar\u0131nda hayat\u0131n\u0131 kaybetmekte. \u00dclkemizde orman yang\u0131nlar\u0131na y\u00f6nelik bir dizi \u00f6nlem al\u0131nmas\u0131na, halk e\u011fitimlerine kamu kurumlar\u0131 ile yap\u0131lan yard\u0131mla\u015fma ve i\u015f birli\u011fine ra\u011fmen halen orman varl\u0131klar\u0131m\u0131z\u0131 yeterince koruyam\u0131yoruz. B\u00f6ylece son 5 y\u0131l i\u00e7inde toplam 216 bin 278 hektar orman alan\u0131 mahvoldu. Her y\u0131l binlerce hektarl\u0131k orman alan\u0131 zaman\u0131nda m\u00fcdahale edilemedi\u011fi ve s\u00f6nd\u00fcrme i\u015flemlerinde ge\u00e7 kal\u0131nd\u0131\u011f\u0131 i\u00e7in yok oluyor\u201d diye konu\u015ftu. \u201cM\u0130LYONLARCA L\u0130RA K\u0130RALAMALARA HARCANIYOR\u201d Her y\u0131l yang\u0131n s\u00f6nd\u00fcrme ara\u00e7lar\u0131n\u0131 kiraland\u0131\u011f\u0131 i\u00e7in T\u00fcrkiye\u2019nin milyonlarca lira \u00f6demek zorunda kald\u0131\u011f\u0131n\u0131 ifade eden Kocamaz, \u201c\u00dclkemizin orman &hellip;","og_url":"https:\/\/denizcankizil.tr\/ru\/haberler\/gundem\/turkiye-3-yilda-yangin-sondurme-ucaklarina-3-milyar-tlden-fazla-para-harcadi\/","og_site_name":"Av. Deniz Can K\u0131z\u0131l","article_published_time":"2025-06-18T18:41:36+00:00","author":"Antalya K\u00f6rfez","twitter_card":"summary_large_image","twitter_misc":{"\u041d\u0430\u043f\u0438\u0441\u0430\u043d\u043e \u0430\u0432\u0442\u043e\u0440\u043e\u043c":"Antalya K\u00f6rfez","\u041f\u0440\u0438\u043c\u0435\u0440\u043d\u043e\u0435 \u0432\u0440\u0435\u043c\u044f \u0434\u043b\u044f \u0447\u0442\u0435\u043d\u0438\u044f":"4 \u043c\u0438\u043d\u0443\u0442\u044b"},"schema":{"@context":"https:\/\/schema.org","@graph":[{"@type":"Article","@id":"https:\/\/denizcankizil.tr\/ru\/haberler\/gundem\/turkiye-3-yilda-yangin-sondurme-ucaklarina-3-milyar-tlden-fazla-para-harcadi\/#article","isPartOf":{"@id":"https:\/\/denizcankizil.tr\/ru\/haberler\/gundem\/turkiye-3-yilda-yangin-sondurme-ucaklarina-3-milyar-tlden-fazla-para-harcadi\/"},"author":{"name":"Antalya K\u00f6rfez","@id":"https:\/\/denizcankizil.tr\/#\/schema\/person\/e1eb71bb4dd684d46563f0af307e1234"},"headline":"T\u00fcrkiye 3 y\u0131lda yang\u0131n s\u00f6nd\u00fcrme u\u00e7aklar\u0131na 3 milyar TL&#8217;den fazla para harcad\u0131","datePublished":"2025-06-18T18:41:36+00:00","mainEntityOfPage":{"@id":"https:\/\/denizcankizil.tr\/ru\/haberler\/gundem\/turkiye-3-yilda-yangin-sondurme-ucaklarina-3-milyar-tlden-fazla-para-harcadi\/"},"wordCount":895,"publisher":{"@id":"https:\/\/denizcankizil.tr\/#organization"},"articleSection":["G\u00fcndem"],"inLanguage":"ru-RU"},{"@type":"WebPage","@id":"https:\/\/denizcankizil.tr\/ru\/haberler\/gundem\/turkiye-3-yilda-yangin-sondurme-ucaklarina-3-milyar-tlden-fazla-para-harcadi\/","url":"https:\/\/denizcankizil.tr\/ru\/haberler\/gundem\/turkiye-3-yilda-yangin-sondurme-ucaklarina-3-milyar-tlden-fazla-para-harcadi\/","name":"T\u00fcrkiye 3 y\u0131lda yang\u0131n s\u00f6nd\u00fcrme u\u00e7aklar\u0131na 3 milyar TL'den fazla para harcad\u0131 - Av. Deniz Can K\u0131z\u0131l","isPartOf":{"@id":"https:\/\/denizcankizil.tr\/#website"},"datePublished":"2025-06-18T18:41:36+00:00","breadcrumb":{"@id":"https:\/\/denizcankizil.tr\/ru\/haberler\/gundem\/turkiye-3-yilda-yangin-sondurme-ucaklarina-3-milyar-tlden-fazla-para-harcadi\/#breadcrumb"},"inLanguage":"ru-RU","potentialAction":[{"@type":"ReadAction","target":["https:\/\/denizcankizil.tr\/ru\/haberler\/gundem\/turkiye-3-yilda-yangin-sondurme-ucaklarina-3-milyar-tlden-fazla-para-harcadi\/"]}]},{"@type":"BreadcrumbList","@id":"https:\/\/denizcankizil.tr\/ru\/haberler\/gundem\/turkiye-3-yilda-yangin-sondurme-ucaklarina-3-milyar-tlden-fazla-para-harcadi\/#breadcrumb","itemListElement":[{"@type":"ListItem","position":1,"name":"Home","item":"https:\/\/denizcankizil.tr\/uk\/"},{"@type":"ListItem","position":2,"name":"T\u00fcrkiye 3 y\u0131lda yang\u0131n s\u00f6nd\u00fcrme u\u00e7aklar\u0131na 3 milyar TL&#8217;den fazla para harcad\u0131"}]},{"@type":"WebSite","@id":"https:\/\/denizcankizil.tr\/#website","url":"https:\/\/denizcankizil.tr\/","name":"Av. Deniz Can K\u0131z\u0131l","description":"Avukat Deniz Can K\u0131z\u0131l Antalya Barosu","publisher":{"@id":"https:\/\/denizcankizil.tr\/#organization"},"potentialAction":[{"@type":"SearchAction","target":{"@type":"EntryPoint","urlTemplate":"https:\/\/denizcankizil.tr\/?s={search_term_string}"},"query-input":{"@type":"PropertyValueSpecification","valueRequired":true,"valueName":"search_term_string"}}],"inLanguage":"ru-RU"},{"@type":"Organization","@id":"https:\/\/denizcankizil.tr\/#organization","name":"Av. Deniz Can K\u0131z\u0131l","url":"https:\/\/denizcankizil.tr\/","logo":{"@type":"ImageObject","inLanguage":"ru-RU","@id":"https:\/\/denizcankizil.tr\/#\/schema\/logo\/image\/","url":"https:\/\/denizcankizil.tr\/wp-content\/uploads\/2024\/10\/siyah-logo-svg.svg","contentUrl":"https:\/\/denizcankizil.tr\/wp-content\/uploads\/2024\/10\/siyah-logo-svg.svg","width":1080,"height":1080,"caption":"Av. Deniz Can K\u0131z\u0131l"},"image":{"@id":"https:\/\/denizcankizil.tr\/#\/schema\/logo\/image\/"}},{"@type":"Person","@id":"https:\/\/denizcankizil.tr\/#\/schema\/person\/e1eb71bb4dd684d46563f0af307e1234","name":"Antalya K\u00f6rfez","image":{"@type":"ImageObject","inLanguage":"ru-RU","@id":"https:\/\/denizcankizil.tr\/#\/schema\/person\/image\/","url":"https:\/\/secure.gravatar.com\/avatar\/42b01982558a48a0b501fdcab6a408d3717ea5919095ee2e67b0e521799c5905?s=96&d=mm&r=g","contentUrl":"https:\/\/secure.gravatar.com\/avatar\/42b01982558a48a0b501fdcab6a408d3717ea5919095ee2e67b0e521799c5905?s=96&d=mm&r=g","caption":"Antalya K\u00f6rfez"},"sameAs":["http:\/\/www.antalyakorfez.com"],"url":"https:\/\/www.antalyakorfez.com\/turkiye-3-yilda-yangin-sondurme-ucaklarina-3-milyar-tlden-fazla-para-harcadi"}]}},"_links":{"self":[{"href":"https:\/\/denizcankizil.tr\/ru\/wp-json\/wp\/v2\/posts\/119638","targetHints":{"allow":["GET"]}}],"collection":[{"href":"https:\/\/denizcankizil.tr\/ru\/wp-json\/wp\/v2\/posts"}],"about":[{"href":"https:\/\/denizcankizil.tr\/ru\/wp-json\/wp\/v2\/types\/post"}],"author":[{"embeddable":true,"href":"https:\/\/denizcankizil.tr\/ru\/wp-json\/wp\/v2\/users\/5"}],"replies":[{"embeddable":true,"href":"https:\/\/denizcankizil.tr\/ru\/wp-json\/wp\/v2\/comments?post=119638"}],"version-history":[{"count":0,"href":"https:\/\/denizcankizil.tr\/ru\/wp-json\/wp\/v2\/posts\/119638\/revisions"}],"wp:attachment":[{"href":"https:\/\/denizcankizil.tr\/ru\/wp-json\/wp\/v2\/media?parent=119638"}],"wp:term":[{"taxonomy":"category","embeddable":true,"href":"https:\/\/denizcankizil.tr\/ru\/wp-json\/wp\/v2\/categories?post=119638"},{"taxonomy":"post_tag","embeddable":true,"href":"https:\/\/denizcankizil.tr\/ru\/wp-json\/wp\/v2\/tags?post=119638"}],"curies":[{"name":"wp","href":"https:\/\/api.w.org\/{rel}","templated":true}]}}