{"id":119562,"date":"2025-06-18T18:42:11","date_gmt":"2025-06-18T15:42:11","guid":{"rendered":"https:\/\/denizcankizil.tr\/uncategorized-tr\/bakan-yerlikaya-asla-kabul-edilemez-dedi-muglayi-acil-topluyor\/"},"modified":"2025-06-18T18:42:11","modified_gmt":"2025-06-18T15:42:11","slug":"bakan-yerlikaya-asla-kabul-edilemez-dedi-muglayi-acil-topluyor","status":"publish","type":"post","link":"https:\/\/denizcankizil.tr\/ru\/haberler\/gundem\/bakan-yerlikaya-asla-kabul-edilemez-dedi-muglayi-acil-topluyor\/","title":{"rendered":"Bakan Yerlikaya &#8216;asla kabul edilemez&#8217; dedi&#8230; Mu\u011fla&#8217;y\u0131 acil topluyor!"},"content":{"rendered":"<p>\u0130\u00e7i\u015fleri Bakan\u0131 Ali Yerlikaya, sosyal medyada infial yaratan turizm i\u015fletmesi g\u00f6r\u00fcnt\u00fcleri \u00fczerine denetimlerin art\u0131r\u0131laca\u011f\u0131n\u0131 duyurdu; Mu\u011fla\u2019da yar\u0131n geni\u015f kapsaml\u0131 bir toplant\u0131 d\u00fczenlenecek.ANKARA &#8211; MU\u011eLA (\u0130GFA) &#8211;  \u0130\u00e7i\u015fleri Bakan\u0131 Ali Yerlikaya, 2024 y\u0131l\u0131nda 62 milyonu a\u015fk\u0131n turistle rekor k\u0131ran T\u00fcrkiye turizm sekt\u00f6r\u00fcnde, son g\u00fcnlerde sosyal medyada baz\u0131 i\u015fletmelerde tepki \u00e7eken g\u00f6r\u00fcnt\u00fclerin ortaya \u00e7\u0131kmas\u0131 \u00fczerine harekete ge\u00e7ti.<br \/>\nBakan Yerlikaya, bu g\u00f6r\u00fcnt\u00fclerin \u201casla kabul edilemez\u201d oldu\u011funu vurgulayarak, konuya ili\u015fkin acil \u00f6nlemler al\u0131naca\u011f\u0131n\u0131 a\u00e7\u0131klad\u0131.<br \/>\nBkan Yerlikaya, Bakan Yard\u0131mc\u0131s\u0131, Emniyet Genel M\u00fcd\u00fcr\u00fc ve Jandarma Genel Komutan Yard\u0131mc\u0131s\u0131\u2019n\u0131 g\u00f6revlendirdi\u011fini duyurdu. Bu kapsamda, 19 Haziran 2025 Per\u015fembe g\u00fcn\u00fc Mu\u011fla\u2019da, Bakan Yard\u0131mc\u0131s\u0131 koordinasyonunda valiler ve g\u00fcvenlik birimlerinin kat\u0131l\u0131m\u0131yla bir toplant\u0131 ger\u00e7ekle\u015ftirilecek. Toplant\u0131da, turizm b\u00f6lgelerindeki denetimlerin s\u0131k\u0131la\u015ft\u0131r\u0131lmas\u0131 ve al\u0131nacak \u00f6nlemler masaya yat\u0131r\u0131lacak.<br \/>\nKARADA VE DEN\u0130ZDE 7\/24 DENET\u0130M<br \/>\nBakan Yerlikaya, Emniyet ve Jandarma\u2019n\u0131n karada, Sahil G\u00fcvenlik Komutanl\u0131\u011f\u0131\u2019n\u0131n ise denizde denetimlerini aral\u0131ks\u0131z ve kararl\u0131l\u0131kla s\u00fcrd\u00fcrece\u011fini belirtti.<br \/>\nDenetim sonu\u00e7lar\u0131n\u0131n \u015feffaf bir \u015fekilde kamuoyuyla payla\u015f\u0131laca\u011f\u0131n\u0131 ifade eden Yerlikaya, \u201cBu t\u00fcr g\u00f6r\u00fcnt\u00fclerin bir daha ya\u015fanmas\u0131n\u0131 kesinlikle istemiyoruz\u201d dedi.<\/p>\n<p>MU\u011eLA VAL\u0130L\u0130\u011e\u0130\u2019NDEN MARMAR\u0130S A\u00c7IKLAMASI&#8230; SAHTE G\u00d6R\u00dcNT\u00dcLERE \u0130T\u0130BAR ETMEY\u0130N, DENET\u0130MLER ARALIKSIZ S\u00dcR\u00dcYOR<br \/>\n\u00d6te yandan Mu\u011fla Valili\u011fi de, Marmaris turizmini hedef alan yan\u0131lt\u0131c\u0131 sosyal medya payla\u015f\u0131mlar\u0131na kar\u015f\u0131 denetimlerin s\u0131k\u0131la\u015ft\u0131r\u0131ld\u0131\u011f\u0131n\u0131 duyurdu.<br \/>\nMu\u011fla Valisi \u0130dris Akb\u0131y\u0131k, 2025\u2019te 27 i\u015fletmeye 39 i\u015flem, 16 i\u015fletmeye kapatma cezas\u0131 uyguland\u0131\u011f\u0131n\u0131 a\u00e7\u0131klad\u0131.<br \/>\nValilik, 2025 y\u0131l\u0131 i\u00e7inde yap\u0131lan denetimlerde toplam 117 i\u015flem ger\u00e7ekle\u015ftirilirken, \u00e7evre ve g\u00f6r\u00fcnt\u00fc kirlili\u011fine yol a\u00e7an uygulamalara m\u00fcdahale edildi\u011fini kaydetti.<br \/>\nMu\u011fla Valili\u011fi, Marmaris\u2019in do\u011fal, k\u00fclt\u00fcrel ve turistik de\u011ferlerini koruma hedefiyle \u00e7al\u0131\u015ft\u0131\u011f\u0131n\u0131 belirterek, izlenme ve etkile\u015fim amac\u0131yla yap\u0131lan yan\u0131lt\u0131c\u0131 payla\u015f\u0131mlara itibar edilmemesini istedi<\/p>\n<p><blockquote class=\"twitter-tweet\" data-width=\"550\" data-dnt=\"true\"><p lang=\"tr\" dir=\"ltr\">Son g\u00fcnlerde sosyal medya mecralar\u0131nda Marmaris turizmini hedef alan, ger\u00e7ek d\u0131\u015f\u0131 ve yan\u0131lt\u0131c\u0131 g\u00f6r\u00fcnt\u00fcler \u00fczerinden yap\u0131lan payla\u015f\u0131mlar \u00fczerine kamuoyunu bilgilendirme gere\u011fi duyulmu\u015ftur.<br><br>Kaymakaml\u0131\u011f\u0131m\u0131z, \u0130l\u00e7e Emniyet M\u00fcd\u00fcrl\u00fc\u011f\u00fcm\u00fcz ve \u0130l\u00e7e Jandarma Komutanl\u0131\u011f\u0131m\u0131z\u2026 <a href=\"https:\/\/t.co\/dKG0fkDp4m\">pic.twitter.com\/dKG0fkDp4m<\/a><\/p>&mdash; Mu\u011fla Valili\u011fi (@tcmuglavaliligi) <a href=\"https:\/\/twitter.com\/tcmuglavaliligi\/status\/1935265507151614056?ref_src=twsrc%5Etfw\">June 18, 2025<\/a><\/blockquote><script async src=\"https:\/\/platform.twitter.com\/widgets.js\" charset=\"utf-8\"><\/script><\/p>\n<p>\u200b\u0130\u00e7i\u015fleri Bakan\u0131 Ali Yerlikaya, sosyal medyada infial yaratan turizm i\u015fletmesi g\u00f6r\u00fcnt\u00fcleri \u00fczerine denetimlerin art\u0131r\u0131laca\u011f\u0131n\u0131 duyurdu; Mu\u011fla\u2019da yar\u0131n geni\u015f kapsaml\u0131 bir toplant\u0131 d\u00fczenlenecek.ANKARA &#8211; MU\u011eLA (\u0130GFA) &#8211;  \u0130\u00e7i\u015fleri Bakan\u0131 Ali Yerlikaya, 2024 y\u0131l\u0131nda 62 milyonu a\u015fk\u0131n turistle rekor k\u0131ran T\u00fcrkiye turizm sekt\u00f6r\u00fcnde, son g\u00fcnlerde sosyal medyada baz\u0131 i\u015fletmelerde tepki \u00e7eken g\u00f6r\u00fcnt\u00fclerin ortaya \u00e7\u0131kmas\u0131 \u00fczerine harekete ge\u00e7ti.<br \/>\nBakan Yerlikaya, bu g\u00f6r\u00fcnt\u00fclerin \u201casla kabul edilemez\u201d oldu\u011funu vurgulayarak, konuya ili\u015fkin acil \u00f6nlemler al\u0131naca\u011f\u0131n\u0131 a\u00e7\u0131klad\u0131.<br \/>\nBkan Yerlikaya, Bakan Yard\u0131mc\u0131s\u0131, Emniyet Genel M\u00fcd\u00fcr\u00fc ve Jandarma Genel Komutan Yard\u0131mc\u0131s\u0131\u2019n\u0131 g\u00f6revlendirdi\u011fini duyurdu. Bu kapsamda, 19 Haziran 2025 Per\u015fembe g\u00fcn\u00fc Mu\u011fla\u2019da, Bakan Yard\u0131mc\u0131s\u0131 koordinasyonunda valiler ve g\u00fcvenlik birimlerinin kat\u0131l\u0131m\u0131yla bir toplant\u0131 ger\u00e7ekle\u015ftirilecek. Toplant\u0131da, turizm b\u00f6lgelerindeki denetimlerin s\u0131k\u0131la\u015ft\u0131r\u0131lmas\u0131 ve al\u0131nacak \u00f6nlemler masaya yat\u0131r\u0131lacak.<br \/>\nKARADA VE DEN\u0130ZDE 7\/24 DENET\u0130M<br \/>\nBakan Yerlikaya, Emniyet ve Jandarma\u2019n\u0131n karada, Sahil G\u00fcvenlik Komutanl\u0131\u011f\u0131\u2019n\u0131n ise denizde denetimlerini aral\u0131ks\u0131z ve kararl\u0131l\u0131kla s\u00fcrd\u00fcrece\u011fini belirtti.<br \/>\nDenetim sonu\u00e7lar\u0131n\u0131n \u015feffaf bir \u015fekilde kamuoyuyla payla\u015f\u0131laca\u011f\u0131n\u0131 ifade eden Yerlikaya, \u201cBu t\u00fcr g\u00f6r\u00fcnt\u00fclerin bir daha ya\u015fanmas\u0131n\u0131 kesinlikle istemiyoruz\u201d dedi.<\/p>\n<p>MU\u011eLA VAL\u0130L\u0130\u011e\u0130\u2019NDEN MARMAR\u0130S A\u00c7IKLAMASI&#8230; SAHTE G\u00d6R\u00dcNT\u00dcLERE \u0130T\u0130BAR ETMEY\u0130N, DENET\u0130MLER ARALIKSIZ S\u00dcR\u00dcYOR<br \/>\n\u00d6te yandan Mu\u011fla Valili\u011fi de, Marmaris turizmini hedef alan yan\u0131lt\u0131c\u0131 sosyal medya payla\u015f\u0131mlar\u0131na kar\u015f\u0131 denetimlerin s\u0131k\u0131la\u015ft\u0131r\u0131ld\u0131\u011f\u0131n\u0131 duyurdu.<br \/>\nMu\u011fla Valisi \u0130dris Akb\u0131y\u0131k, 2025\u2019te 27 i\u015fletmeye 39 i\u015flem, 16 i\u015fletmeye kapatma cezas\u0131 uyguland\u0131\u011f\u0131n\u0131 a\u00e7\u0131klad\u0131.<br \/>\nValilik, 2025 y\u0131l\u0131 i\u00e7inde yap\u0131lan denetimlerde toplam 117 i\u015flem ger\u00e7ekle\u015ftirilirken, \u00e7evre ve g\u00f6r\u00fcnt\u00fc kirlili\u011fine yol a\u00e7an uygulamalara m\u00fcdahale edildi\u011fini kaydetti.<br \/>\nMu\u011fla Valili\u011fi, Marmaris\u2019in do\u011fal, k\u00fclt\u00fcrel ve turistik de\u011ferlerini koruma hedefiyle \u00e7al\u0131\u015ft\u0131\u011f\u0131n\u0131 belirterek, izlenme ve etkile\u015fim amac\u0131yla yap\u0131lan yan\u0131lt\u0131c\u0131 payla\u015f\u0131mlara itibar edilmemesini istedi<\/p>\n<p>https:\/\/twitter.com\/tcmuglavaliligi\/status\/1935265507151614056\u00a0<\/p>\n<p>\u200bHaberin Al\u0131nt\u0131land\u0131\u011f\u0131 Kaynak: www.iskenderun.org<\/p>","protected":false},"excerpt":{"rendered":"<p>\u0130\u00e7i\u015fleri Bakan\u0131 Ali Yerlikaya, sosyal medyada infial yaratan turizm i\u015fletmesi g\u00f6r\u00fcnt\u00fcleri \u00fczerine denetimlerin art\u0131r\u0131laca\u011f\u0131n\u0131 duyurdu; Mu\u011fla\u2019da yar\u0131n geni\u015f kapsaml\u0131 bir toplant\u0131 d\u00fczenlenecek.ANKARA &#8211; MU\u011eLA (\u0130GFA) &#8211; \u0130\u00e7i\u015fleri Bakan\u0131 Ali Yerlikaya, 2024 y\u0131l\u0131nda 62 milyonu a\u015fk\u0131n turistle rekor k\u0131ran T\u00fcrkiye turizm sekt\u00f6r\u00fcnde, son g\u00fcnlerde sosyal medyada baz\u0131 i\u015fletmelerde tepki \u00e7eken g\u00f6r\u00fcnt\u00fclerin ortaya \u00e7\u0131kmas\u0131 \u00fczerine harekete ge\u00e7ti. Bakan Yerlikaya, bu g\u00f6r\u00fcnt\u00fclerin \u201casla kabul edilemez\u201d oldu\u011funu vurgulayarak, konuya ili\u015fkin acil \u00f6nlemler al\u0131naca\u011f\u0131n\u0131 a\u00e7\u0131klad\u0131. Bkan Yerlikaya, Bakan Yard\u0131mc\u0131s\u0131, Emniyet Genel M\u00fcd\u00fcr\u00fc ve Jandarma Genel Komutan Yard\u0131mc\u0131s\u0131\u2019n\u0131 g\u00f6revlendirdi\u011fini duyurdu. Bu kapsamda, 19 Haziran 2025 Per\u015fembe g\u00fcn\u00fc Mu\u011fla\u2019da, Bakan Yard\u0131mc\u0131s\u0131 koordinasyonunda valiler ve g\u00fcvenlik birimlerinin kat\u0131l\u0131m\u0131yla bir toplant\u0131 ger\u00e7ekle\u015ftirilecek. Toplant\u0131da, turizm b\u00f6lgelerindeki denetimlerin s\u0131k\u0131la\u015ft\u0131r\u0131lmas\u0131 ve al\u0131nacak \u00f6nlemler masaya yat\u0131r\u0131lacak. KARADA VE DEN\u0130ZDE 7\/24 DENET\u0130M Bakan Yerlikaya, Emniyet ve Jandarma\u2019n\u0131n karada, Sahil G\u00fcvenlik Komutanl\u0131\u011f\u0131\u2019n\u0131n ise denizde denetimlerini aral\u0131ks\u0131z ve kararl\u0131l\u0131kla s\u00fcrd\u00fcrece\u011fini belirtti. Denetim sonu\u00e7lar\u0131n\u0131n \u015feffaf bir \u015fekilde kamuoyuyla payla\u015f\u0131laca\u011f\u0131n\u0131 ifade eden Yerlikaya, \u201cBu t\u00fcr g\u00f6r\u00fcnt\u00fclerin bir daha ya\u015fanmas\u0131n\u0131 kesinlikle istemiyoruz\u201d dedi. MU\u011eLA VAL\u0130L\u0130\u011e\u0130\u2019NDEN MARMAR\u0130S A\u00c7IKLAMASI&#8230; SAHTE G\u00d6R\u00dcNT\u00dcLERE \u0130T\u0130BAR ETMEY\u0130N, DENET\u0130MLER ARALIKSIZ S\u00dcR\u00dcYOR \u00d6te yandan Mu\u011fla Valili\u011fi de, Marmaris turizmini hedef alan yan\u0131lt\u0131c\u0131 sosyal medya payla\u015f\u0131mlar\u0131na kar\u015f\u0131 denetimlerin s\u0131k\u0131la\u015ft\u0131r\u0131ld\u0131\u011f\u0131n\u0131 duyurdu. Mu\u011fla Valisi \u0130dris Akb\u0131y\u0131k, 2025\u2019te 27 i\u015fletmeye 39 i\u015flem, 16 i\u015fletmeye kapatma cezas\u0131 uyguland\u0131\u011f\u0131n\u0131 a\u00e7\u0131klad\u0131. Valilik, 2025 y\u0131l\u0131 &hellip;<\/p>","protected":false},"author":1,"featured_media":0,"comment_status":"","ping_status":"open","sticky":false,"template":"","format":"standard","meta":{"_acf_changed":false,"footnotes":""},"categories":[24],"tags":[],"class_list":["post-119562","post","type-post","status-publish","format-standard","has-post-thumbnail","hentry","category-gundem"],"acf":[],"yoast_head":"<!-- This site is optimized with the Yoast SEO Premium plugin v26.6 (Yoast SEO v27.1.1) - https:\/\/yoast.com\/product\/yoast-seo-premium-wordpress\/ -->\n<title>Bakan Yerlikaya &#039;asla kabul edilemez&#039; dedi... Mu\u011fla&#039;y\u0131 acil topluyor! - Av. Deniz Can K\u0131z\u0131l<\/title>\n<meta name=\"robots\" content=\"index, follow, max-snippet:-1, max-image-preview:large, max-video-preview:-1\" \/>\n<link rel=\"canonical\" href=\"https:\/\/denizcankizil.tr\/ru\/haberler\/gundem\/bakan-yerlikaya-asla-kabul-edilemez-dedi-muglayi-acil-topluyor\/\" \/>\n<meta property=\"og:locale\" content=\"ru_RU\" \/>\n<meta property=\"og:type\" content=\"article\" \/>\n<meta property=\"og:title\" content=\"Bakan Yerlikaya &#039;asla kabul edilemez&#039; dedi... Mu\u011fla&#039;y\u0131 acil topluyor!\" \/>\n<meta property=\"og:description\" content=\"\u0130\u00e7i\u015fleri Bakan\u0131 Ali Yerlikaya, sosyal medyada infial yaratan turizm i\u015fletmesi g\u00f6r\u00fcnt\u00fcleri \u00fczerine denetimlerin art\u0131r\u0131laca\u011f\u0131n\u0131 duyurdu; Mu\u011fla\u2019da yar\u0131n geni\u015f kapsaml\u0131 bir toplant\u0131 d\u00fczenlenecek.ANKARA &#8211; MU\u011eLA (\u0130GFA) &#8211; \u0130\u00e7i\u015fleri Bakan\u0131 Ali Yerlikaya, 2024 y\u0131l\u0131nda 62 milyonu a\u015fk\u0131n turistle rekor k\u0131ran T\u00fcrkiye turizm sekt\u00f6r\u00fcnde, son g\u00fcnlerde sosyal medyada baz\u0131 i\u015fletmelerde tepki \u00e7eken g\u00f6r\u00fcnt\u00fclerin ortaya \u00e7\u0131kmas\u0131 \u00fczerine harekete ge\u00e7ti. Bakan Yerlikaya, bu g\u00f6r\u00fcnt\u00fclerin \u201casla kabul edilemez\u201d oldu\u011funu vurgulayarak, konuya ili\u015fkin acil \u00f6nlemler al\u0131naca\u011f\u0131n\u0131 a\u00e7\u0131klad\u0131. Bkan Yerlikaya, Bakan Yard\u0131mc\u0131s\u0131, Emniyet Genel M\u00fcd\u00fcr\u00fc ve Jandarma Genel Komutan Yard\u0131mc\u0131s\u0131\u2019n\u0131 g\u00f6revlendirdi\u011fini duyurdu. Bu kapsamda, 19 Haziran 2025 Per\u015fembe g\u00fcn\u00fc Mu\u011fla\u2019da, Bakan Yard\u0131mc\u0131s\u0131 koordinasyonunda valiler ve g\u00fcvenlik birimlerinin kat\u0131l\u0131m\u0131yla bir toplant\u0131 ger\u00e7ekle\u015ftirilecek. Toplant\u0131da, turizm b\u00f6lgelerindeki denetimlerin s\u0131k\u0131la\u015ft\u0131r\u0131lmas\u0131 ve al\u0131nacak \u00f6nlemler masaya yat\u0131r\u0131lacak. KARADA VE DEN\u0130ZDE 7\/24 DENET\u0130M Bakan Yerlikaya, Emniyet ve Jandarma\u2019n\u0131n karada, Sahil G\u00fcvenlik Komutanl\u0131\u011f\u0131\u2019n\u0131n ise denizde denetimlerini aral\u0131ks\u0131z ve kararl\u0131l\u0131kla s\u00fcrd\u00fcrece\u011fini belirtti. Denetim sonu\u00e7lar\u0131n\u0131n \u015feffaf bir \u015fekilde kamuoyuyla payla\u015f\u0131laca\u011f\u0131n\u0131 ifade eden Yerlikaya, \u201cBu t\u00fcr g\u00f6r\u00fcnt\u00fclerin bir daha ya\u015fanmas\u0131n\u0131 kesinlikle istemiyoruz\u201d dedi. MU\u011eLA VAL\u0130L\u0130\u011e\u0130\u2019NDEN MARMAR\u0130S A\u00c7IKLAMASI&#8230; SAHTE G\u00d6R\u00dcNT\u00dcLERE \u0130T\u0130BAR ETMEY\u0130N, DENET\u0130MLER ARALIKSIZ S\u00dcR\u00dcYOR \u00d6te yandan Mu\u011fla Valili\u011fi de, Marmaris turizmini hedef alan yan\u0131lt\u0131c\u0131 sosyal medya payla\u015f\u0131mlar\u0131na kar\u015f\u0131 denetimlerin s\u0131k\u0131la\u015ft\u0131r\u0131ld\u0131\u011f\u0131n\u0131 duyurdu. Mu\u011fla Valisi \u0130dris Akb\u0131y\u0131k, 2025\u2019te 27 i\u015fletmeye 39 i\u015flem, 16 i\u015fletmeye kapatma cezas\u0131 uyguland\u0131\u011f\u0131n\u0131 a\u00e7\u0131klad\u0131. Valilik, 2025 y\u0131l\u0131 &hellip;\" \/>\n<meta property=\"og:url\" content=\"https:\/\/denizcankizil.tr\/ru\/haberler\/gundem\/bakan-yerlikaya-asla-kabul-edilemez-dedi-muglayi-acil-topluyor\/\" \/>\n<meta property=\"og:site_name\" content=\"Av. Deniz Can K\u0131z\u0131l\" \/>\n<meta property=\"article:published_time\" content=\"2025-06-18T15:42:11+00:00\" \/>\n<meta name=\"author\" content=\"admin\" \/>\n<meta name=\"twitter:card\" content=\"summary_large_image\" \/>\n<meta name=\"twitter:label1\" content=\"\u041d\u0430\u043f\u0438\u0441\u0430\u043d\u043e \u0430\u0432\u0442\u043e\u0440\u043e\u043c\" \/>\n\t<meta name=\"twitter:data1\" content=\"admin\" \/>\n\t<meta name=\"twitter:label2\" content=\"\u041f\u0440\u0438\u043c\u0435\u0440\u043d\u043e\u0435 \u0432\u0440\u0435\u043c\u044f \u0434\u043b\u044f \u0447\u0442\u0435\u043d\u0438\u044f\" \/>\n\t<meta name=\"twitter:data2\" content=\"4 \u043c\u0438\u043d\u0443\u0442\u044b\" \/>\n<script type=\"application\/ld+json\" class=\"yoast-schema-graph\">{\"@context\":\"https:\/\/schema.org\",\"@graph\":[{\"@type\":\"Article\",\"@id\":\"https:\/\/denizcankizil.tr\/de\/haberler\/gundem\/bakan-yerlikaya-asla-kabul-edilemez-dedi-muglayi-acil-topluyor\/#article\",\"isPartOf\":{\"@id\":\"https:\/\/denizcankizil.tr\/de\/haberler\/gundem\/bakan-yerlikaya-asla-kabul-edilemez-dedi-muglayi-acil-topluyor\/\"},\"author\":{\"name\":\"admin\",\"@id\":\"https:\/\/denizcankizil.tr\/de\/#\/schema\/person\/be3c05fe6a12686905512445d8185489\"},\"headline\":\"Bakan Yerlikaya &#8216;asla kabul edilemez&#8217; dedi&#8230; Mu\u011fla&#8217;y\u0131 acil topluyor!\",\"datePublished\":\"2025-06-18T15:42:11+00:00\",\"mainEntityOfPage\":{\"@id\":\"https:\/\/denizcankizil.tr\/de\/haberler\/gundem\/bakan-yerlikaya-asla-kabul-edilemez-dedi-muglayi-acil-topluyor\/\"},\"wordCount\":793,\"publisher\":{\"@id\":\"https:\/\/denizcankizil.tr\/de\/#organization\"},\"articleSection\":[\"G\u00fcndem\"],\"inLanguage\":\"ru-RU\"},{\"@type\":\"WebPage\",\"@id\":\"https:\/\/denizcankizil.tr\/de\/haberler\/gundem\/bakan-yerlikaya-asla-kabul-edilemez-dedi-muglayi-acil-topluyor\/\",\"url\":\"https:\/\/denizcankizil.tr\/de\/haberler\/gundem\/bakan-yerlikaya-asla-kabul-edilemez-dedi-muglayi-acil-topluyor\/\",\"name\":\"Bakan Yerlikaya 'asla kabul edilemez' dedi... Mu\u011fla'y\u0131 acil topluyor! - Av. Deniz Can K\u0131z\u0131l\",\"isPartOf\":{\"@id\":\"https:\/\/denizcankizil.tr\/de\/#website\"},\"datePublished\":\"2025-06-18T15:42:11+00:00\",\"breadcrumb\":{\"@id\":\"https:\/\/denizcankizil.tr\/de\/haberler\/gundem\/bakan-yerlikaya-asla-kabul-edilemez-dedi-muglayi-acil-topluyor\/#breadcrumb\"},\"inLanguage\":\"ru-RU\",\"potentialAction\":[{\"@type\":\"ReadAction\",\"target\":[\"https:\/\/denizcankizil.tr\/de\/haberler\/gundem\/bakan-yerlikaya-asla-kabul-edilemez-dedi-muglayi-acil-topluyor\/\"]}]},{\"@type\":\"BreadcrumbList\",\"@id\":\"https:\/\/denizcankizil.tr\/de\/haberler\/gundem\/bakan-yerlikaya-asla-kabul-edilemez-dedi-muglayi-acil-topluyor\/#breadcrumb\",\"itemListElement\":[{\"@type\":\"ListItem\",\"position\":1,\"name\":\"Home\",\"item\":\"https:\/\/denizcankizil.tr\/de\/\"},{\"@type\":\"ListItem\",\"position\":2,\"name\":\"Bakan Yerlikaya &#8216;asla kabul edilemez&#8217; dedi&#8230; Mu\u011fla&#8217;y\u0131 acil topluyor!\"}]},{\"@type\":\"WebSite\",\"@id\":\"https:\/\/denizcankizil.tr\/de\/#website\",\"url\":\"https:\/\/denizcankizil.tr\/de\/\",\"name\":\"Av. Deniz Can K\u0131z\u0131l\",\"description\":\"Avukat Deniz Can K\u0131z\u0131l Antalya Barosu\",\"publisher\":{\"@id\":\"https:\/\/denizcankizil.tr\/de\/#organization\"},\"potentialAction\":[{\"@type\":\"SearchAction\",\"target\":{\"@type\":\"EntryPoint\",\"urlTemplate\":\"https:\/\/denizcankizil.tr\/de\/?s={search_term_string}\"},\"query-input\":{\"@type\":\"PropertyValueSpecification\",\"valueRequired\":true,\"valueName\":\"search_term_string\"}}],\"inLanguage\":\"ru-RU\"},{\"@type\":\"Organization\",\"@id\":\"https:\/\/denizcankizil.tr\/de\/#organization\",\"name\":\"Av. Deniz Can K\u0131z\u0131l\",\"url\":\"https:\/\/denizcankizil.tr\/de\/\",\"logo\":{\"@type\":\"ImageObject\",\"inLanguage\":\"ru-RU\",\"@id\":\"https:\/\/denizcankizil.tr\/de\/#\/schema\/logo\/image\/\",\"url\":\"https:\/\/denizcankizil.tr\/wp-content\/uploads\/2024\/10\/siyah-logo-svg.svg\",\"contentUrl\":\"https:\/\/denizcankizil.tr\/wp-content\/uploads\/2024\/10\/siyah-logo-svg.svg\",\"width\":1080,\"height\":1080,\"caption\":\"Av. Deniz Can K\u0131z\u0131l\"},\"image\":{\"@id\":\"https:\/\/denizcankizil.tr\/de\/#\/schema\/logo\/image\/\"}},{\"@type\":\"Person\",\"@id\":\"https:\/\/denizcankizil.tr\/de\/#\/schema\/person\/be3c05fe6a12686905512445d8185489\",\"name\":\"admin\",\"image\":{\"@type\":\"ImageObject\",\"inLanguage\":\"ru-RU\",\"@id\":\"https:\/\/denizcankizil.tr\/de\/#\/schema\/person\/image\/\",\"url\":\"https:\/\/secure.gravatar.com\/avatar\/c1fce94c830dc79107e174f890d7210541c4a63e8e5d816341794a2151c9d58c?s=96&d=mm&r=g\",\"contentUrl\":\"https:\/\/secure.gravatar.com\/avatar\/c1fce94c830dc79107e174f890d7210541c4a63e8e5d816341794a2151c9d58c?s=96&d=mm&r=g\",\"caption\":\"admin\"},\"sameAs\":[\"http:\/\/denizcankizil.tr\"],\"url\":\"https:\/\/www.iskenderun.org\/bakan-yerlikaya-asla-kabul-edilemez-dedi-muglayi-acil-topluyor\"}]}<\/script>\n<!-- \/ Yoast SEO Premium plugin. -->","yoast_head_json":{"title":"Bakan Yerlikaya 'asla kabul edilemez' dedi... Mu\u011fla'y\u0131 acil topluyor! - Av. Deniz Can K\u0131z\u0131l","robots":{"index":"index","follow":"follow","max-snippet":"max-snippet:-1","max-image-preview":"max-image-preview:large","max-video-preview":"max-video-preview:-1"},"canonical":"https:\/\/denizcankizil.tr\/ru\/haberler\/gundem\/bakan-yerlikaya-asla-kabul-edilemez-dedi-muglayi-acil-topluyor\/","og_locale":"ru_RU","og_type":"article","og_title":"Bakan Yerlikaya 'asla kabul edilemez' dedi... Mu\u011fla'y\u0131 acil topluyor!","og_description":"\u0130\u00e7i\u015fleri Bakan\u0131 Ali Yerlikaya, sosyal medyada infial yaratan turizm i\u015fletmesi g\u00f6r\u00fcnt\u00fcleri \u00fczerine denetimlerin art\u0131r\u0131laca\u011f\u0131n\u0131 duyurdu; Mu\u011fla\u2019da yar\u0131n geni\u015f kapsaml\u0131 bir toplant\u0131 d\u00fczenlenecek.ANKARA &#8211; MU\u011eLA (\u0130GFA) &#8211; \u0130\u00e7i\u015fleri Bakan\u0131 Ali Yerlikaya, 2024 y\u0131l\u0131nda 62 milyonu a\u015fk\u0131n turistle rekor k\u0131ran T\u00fcrkiye turizm sekt\u00f6r\u00fcnde, son g\u00fcnlerde sosyal medyada baz\u0131 i\u015fletmelerde tepki \u00e7eken g\u00f6r\u00fcnt\u00fclerin ortaya \u00e7\u0131kmas\u0131 \u00fczerine harekete ge\u00e7ti. Bakan Yerlikaya, bu g\u00f6r\u00fcnt\u00fclerin \u201casla kabul edilemez\u201d oldu\u011funu vurgulayarak, konuya ili\u015fkin acil \u00f6nlemler al\u0131naca\u011f\u0131n\u0131 a\u00e7\u0131klad\u0131. Bkan Yerlikaya, Bakan Yard\u0131mc\u0131s\u0131, Emniyet Genel M\u00fcd\u00fcr\u00fc ve Jandarma Genel Komutan Yard\u0131mc\u0131s\u0131\u2019n\u0131 g\u00f6revlendirdi\u011fini duyurdu. Bu kapsamda, 19 Haziran 2025 Per\u015fembe g\u00fcn\u00fc Mu\u011fla\u2019da, Bakan Yard\u0131mc\u0131s\u0131 koordinasyonunda valiler ve g\u00fcvenlik birimlerinin kat\u0131l\u0131m\u0131yla bir toplant\u0131 ger\u00e7ekle\u015ftirilecek. Toplant\u0131da, turizm b\u00f6lgelerindeki denetimlerin s\u0131k\u0131la\u015ft\u0131r\u0131lmas\u0131 ve al\u0131nacak \u00f6nlemler masaya yat\u0131r\u0131lacak. KARADA VE DEN\u0130ZDE 7\/24 DENET\u0130M Bakan Yerlikaya, Emniyet ve Jandarma\u2019n\u0131n karada, Sahil G\u00fcvenlik Komutanl\u0131\u011f\u0131\u2019n\u0131n ise denizde denetimlerini aral\u0131ks\u0131z ve kararl\u0131l\u0131kla s\u00fcrd\u00fcrece\u011fini belirtti. Denetim sonu\u00e7lar\u0131n\u0131n \u015feffaf bir \u015fekilde kamuoyuyla payla\u015f\u0131laca\u011f\u0131n\u0131 ifade eden Yerlikaya, \u201cBu t\u00fcr g\u00f6r\u00fcnt\u00fclerin bir daha ya\u015fanmas\u0131n\u0131 kesinlikle istemiyoruz\u201d dedi. MU\u011eLA VAL\u0130L\u0130\u011e\u0130\u2019NDEN MARMAR\u0130S A\u00c7IKLAMASI&#8230; SAHTE G\u00d6R\u00dcNT\u00dcLERE \u0130T\u0130BAR ETMEY\u0130N, DENET\u0130MLER ARALIKSIZ S\u00dcR\u00dcYOR \u00d6te yandan Mu\u011fla Valili\u011fi de, Marmaris turizmini hedef alan yan\u0131lt\u0131c\u0131 sosyal medya payla\u015f\u0131mlar\u0131na kar\u015f\u0131 denetimlerin s\u0131k\u0131la\u015ft\u0131r\u0131ld\u0131\u011f\u0131n\u0131 duyurdu. Mu\u011fla Valisi \u0130dris Akb\u0131y\u0131k, 2025\u2019te 27 i\u015fletmeye 39 i\u015flem, 16 i\u015fletmeye kapatma cezas\u0131 uyguland\u0131\u011f\u0131n\u0131 a\u00e7\u0131klad\u0131. Valilik, 2025 y\u0131l\u0131 &hellip;","og_url":"https:\/\/denizcankizil.tr\/ru\/haberler\/gundem\/bakan-yerlikaya-asla-kabul-edilemez-dedi-muglayi-acil-topluyor\/","og_site_name":"Av. Deniz Can K\u0131z\u0131l","article_published_time":"2025-06-18T15:42:11+00:00","author":"admin","twitter_card":"summary_large_image","twitter_misc":{"\u041d\u0430\u043f\u0438\u0441\u0430\u043d\u043e \u0430\u0432\u0442\u043e\u0440\u043e\u043c":"admin","\u041f\u0440\u0438\u043c\u0435\u0440\u043d\u043e\u0435 \u0432\u0440\u0435\u043c\u044f \u0434\u043b\u044f \u0447\u0442\u0435\u043d\u0438\u044f":"4 \u043c\u0438\u043d\u0443\u0442\u044b"},"schema":{"@context":"https:\/\/schema.org","@graph":[{"@type":"Article","@id":"https:\/\/denizcankizil.tr\/de\/haberler\/gundem\/bakan-yerlikaya-asla-kabul-edilemez-dedi-muglayi-acil-topluyor\/#article","isPartOf":{"@id":"https:\/\/denizcankizil.tr\/de\/haberler\/gundem\/bakan-yerlikaya-asla-kabul-edilemez-dedi-muglayi-acil-topluyor\/"},"author":{"name":"admin","@id":"https:\/\/denizcankizil.tr\/de\/#\/schema\/person\/be3c05fe6a12686905512445d8185489"},"headline":"Bakan Yerlikaya &#8216;asla kabul edilemez&#8217; dedi&#8230; Mu\u011fla&#8217;y\u0131 acil topluyor!","datePublished":"2025-06-18T15:42:11+00:00","mainEntityOfPage":{"@id":"https:\/\/denizcankizil.tr\/de\/haberler\/gundem\/bakan-yerlikaya-asla-kabul-edilemez-dedi-muglayi-acil-topluyor\/"},"wordCount":793,"publisher":{"@id":"https:\/\/denizcankizil.tr\/de\/#organization"},"articleSection":["G\u00fcndem"],"inLanguage":"ru-RU"},{"@type":"WebPage","@id":"https:\/\/denizcankizil.tr\/de\/haberler\/gundem\/bakan-yerlikaya-asla-kabul-edilemez-dedi-muglayi-acil-topluyor\/","url":"https:\/\/denizcankizil.tr\/de\/haberler\/gundem\/bakan-yerlikaya-asla-kabul-edilemez-dedi-muglayi-acil-topluyor\/","name":"Bakan Yerlikaya 'asla kabul edilemez' dedi... Mu\u011fla'y\u0131 acil topluyor! - Av. Deniz Can K\u0131z\u0131l","isPartOf":{"@id":"https:\/\/denizcankizil.tr\/de\/#website"},"datePublished":"2025-06-18T15:42:11+00:00","breadcrumb":{"@id":"https:\/\/denizcankizil.tr\/de\/haberler\/gundem\/bakan-yerlikaya-asla-kabul-edilemez-dedi-muglayi-acil-topluyor\/#breadcrumb"},"inLanguage":"ru-RU","potentialAction":[{"@type":"ReadAction","target":["https:\/\/denizcankizil.tr\/de\/haberler\/gundem\/bakan-yerlikaya-asla-kabul-edilemez-dedi-muglayi-acil-topluyor\/"]}]},{"@type":"BreadcrumbList","@id":"https:\/\/denizcankizil.tr\/de\/haberler\/gundem\/bakan-yerlikaya-asla-kabul-edilemez-dedi-muglayi-acil-topluyor\/#breadcrumb","itemListElement":[{"@type":"ListItem","position":1,"name":"Home","item":"https:\/\/denizcankizil.tr\/de\/"},{"@type":"ListItem","position":2,"name":"Bakan Yerlikaya &#8216;asla kabul edilemez&#8217; dedi&#8230; Mu\u011fla&#8217;y\u0131 acil topluyor!"}]},{"@type":"WebSite","@id":"https:\/\/denizcankizil.tr\/de\/#website","url":"https:\/\/denizcankizil.tr\/de\/","name":"Av. Deniz Can K\u0131z\u0131l","description":"Avukat Deniz Can K\u0131z\u0131l Antalya Barosu","publisher":{"@id":"https:\/\/denizcankizil.tr\/de\/#organization"},"potentialAction":[{"@type":"SearchAction","target":{"@type":"EntryPoint","urlTemplate":"https:\/\/denizcankizil.tr\/de\/?s={search_term_string}"},"query-input":{"@type":"PropertyValueSpecification","valueRequired":true,"valueName":"search_term_string"}}],"inLanguage":"ru-RU"},{"@type":"Organization","@id":"https:\/\/denizcankizil.tr\/de\/#organization","name":"Av. Deniz Can K\u0131z\u0131l","url":"https:\/\/denizcankizil.tr\/de\/","logo":{"@type":"ImageObject","inLanguage":"ru-RU","@id":"https:\/\/denizcankizil.tr\/de\/#\/schema\/logo\/image\/","url":"https:\/\/denizcankizil.tr\/wp-content\/uploads\/2024\/10\/siyah-logo-svg.svg","contentUrl":"https:\/\/denizcankizil.tr\/wp-content\/uploads\/2024\/10\/siyah-logo-svg.svg","width":1080,"height":1080,"caption":"Av. Deniz Can K\u0131z\u0131l"},"image":{"@id":"https:\/\/denizcankizil.tr\/de\/#\/schema\/logo\/image\/"}},{"@type":"Person","@id":"https:\/\/denizcankizil.tr\/de\/#\/schema\/person\/be3c05fe6a12686905512445d8185489","name":"\u0430\u0434\u043c\u0438\u043d","image":{"@type":"ImageObject","inLanguage":"ru-RU","@id":"https:\/\/denizcankizil.tr\/de\/#\/schema\/person\/image\/","url":"https:\/\/secure.gravatar.com\/avatar\/c1fce94c830dc79107e174f890d7210541c4a63e8e5d816341794a2151c9d58c?s=96&d=mm&r=g","contentUrl":"https:\/\/secure.gravatar.com\/avatar\/c1fce94c830dc79107e174f890d7210541c4a63e8e5d816341794a2151c9d58c?s=96&d=mm&r=g","caption":"admin"},"sameAs":["http:\/\/denizcankizil.tr"],"url":"https:\/\/www.iskenderun.org\/bakan-yerlikaya-asla-kabul-edilemez-dedi-muglayi-acil-topluyor"}]}},"_links":{"self":[{"href":"https:\/\/denizcankizil.tr\/ru\/wp-json\/wp\/v2\/posts\/119562","targetHints":{"allow":["GET"]}}],"collection":[{"href":"https:\/\/denizcankizil.tr\/ru\/wp-json\/wp\/v2\/posts"}],"about":[{"href":"https:\/\/denizcankizil.tr\/ru\/wp-json\/wp\/v2\/types\/post"}],"author":[{"embeddable":true,"href":"https:\/\/denizcankizil.tr\/ru\/wp-json\/wp\/v2\/users\/1"}],"replies":[{"embeddable":true,"href":"https:\/\/denizcankizil.tr\/ru\/wp-json\/wp\/v2\/comments?post=119562"}],"version-history":[{"count":0,"href":"https:\/\/denizcankizil.tr\/ru\/wp-json\/wp\/v2\/posts\/119562\/revisions"}],"wp:attachment":[{"href":"https:\/\/denizcankizil.tr\/ru\/wp-json\/wp\/v2\/media?parent=119562"}],"wp:term":[{"taxonomy":"category","embeddable":true,"href":"https:\/\/denizcankizil.tr\/ru\/wp-json\/wp\/v2\/categories?post=119562"},{"taxonomy":"post_tag","embeddable":true,"href":"https:\/\/denizcankizil.tr\/ru\/wp-json\/wp\/v2\/tags?post=119562"}],"curies":[{"name":"wp","href":"https:\/\/api.w.org\/{rel}","templated":true}]}}