{"id":119256,"date":"2025-06-18T11:42:48","date_gmt":"2025-06-18T08:42:48","guid":{"rendered":"https:\/\/denizcankizil.tr\/uncategorized-tr\/orduda-ulasim-daha-guvenli-hale-geldi\/"},"modified":"2025-06-18T11:42:48","modified_gmt":"2025-06-18T08:42:48","slug":"orduda-ulasim-daha-guvenli-hale-geldi","status":"publish","type":"post","link":"https:\/\/denizcankizil.tr\/ru\/haberler\/gundem\/orduda-ulasim-daha-guvenli-hale-geldi\/","title":{"rendered":"Ordu&#8217;da ula\u015f\u0131m daha g\u00fcvenli hale geldi"},"content":{"rendered":"<p>Ordu B\u00fcy\u00fck\u015fehir Belediyesi, 19 il\u00e7ede ula\u015f\u0131m\u0131 konforlu ve g\u00fcvenilir hale getirmek i\u00e7in alt ve \u00fcst yap\u0131 \u00e7al\u0131\u015fmalar\u0131n\u0131 s\u00fcrd\u00fcr\u00fcyor.ORDU (\u0130GFA) &#8211; Ordu B\u00fcy\u00fck\u015fehir Belediyesi, 19 il\u00e7ede ula\u015f\u0131m\u0131 konforlu ve g\u00fcvenilir hale getirmek i\u00e7in alt ve \u00fcst yap\u0131 \u00e7al\u0131\u015fmalar\u0131n\u0131 s\u00fcrd\u00fcr\u00fcyor. Bu kapsamda, Fatsa il\u00e7esine ba\u011fl\u0131 Yava\u015f Mahallesinde, \u00f6zellikle b\u00fcy\u00fck ara\u00e7lar\u0131n ge\u00e7i\u015fini zorla\u015ft\u0131ran ve olumsuz hava ko\u015fullar\u0131nda tehlike olu\u015fturan yol alt\u0131ndaki toprak kaymas\u0131na kar\u015f\u0131 \u00f6nemli bir m\u00fcdahale ger\u00e7ekle\u015ftirildi.<br \/>\nFen \u0130\u015fleri Dairesi Ba\u015fkanl\u0131\u011f\u0131 ekiplerince yap\u0131lan \u00e7al\u0131\u015fmalarda, Yava\u015f Mahallesinin F\u0131nd\u0131kl\u0131yatak ve \u00c7ak\u0131ro\u011flu mevkilerinin kesi\u015fim noktas\u0131nda, \u00fc\u00e7 ayr\u0131 yolu birle\u015ftiren g\u00fczerg\u00e2hta ta\u015f duvar ve ya\u011fmur suyu hatt\u0131 imalat\u0131 ger\u00e7ekle\u015ftirildi. Ta\u015f duvar imalat\u0131 ile yolun g\u00fcvenli\u011fini art\u0131ran ekipler, ya\u011fmur suyu hatt\u0131 \u00e7al\u0131\u015fmas\u0131yla da y\u00fczey sular\u0131n\u0131n kontroll\u00fc \u015fekilde tahliyesini sa\u011flayarak yol \u00f6mr\u00fcn\u00fc uzatt\u0131.<br \/>\n\u00d6te yandan \u00f6zellikle a\u011f\u0131r tonajl\u0131 ara\u00e7lar\u0131n s\u0131kl\u0131kla kulland\u0131\u011f\u0131 bu g\u00fczerg\u00e2hta ger\u00e7ekle\u015ftirilen \u00e7al\u0131\u015fmalar, mahalle sakinleri taraf\u0131ndan da memnuniyetle kar\u015f\u0131land\u0131.<\/p>\n<p>\u200bOrdu B\u00fcy\u00fck\u015fehir Belediyesi, 19 il\u00e7ede ula\u015f\u0131m\u0131 konforlu ve g\u00fcvenilir hale getirmek i\u00e7in alt ve \u00fcst yap\u0131 \u00e7al\u0131\u015fmalar\u0131n\u0131 s\u00fcrd\u00fcr\u00fcyor.ORDU (\u0130GFA) &#8211; Ordu B\u00fcy\u00fck\u015fehir Belediyesi, 19 il\u00e7ede ula\u015f\u0131m\u0131 konforlu ve g\u00fcvenilir hale getirmek i\u00e7in alt ve \u00fcst yap\u0131 \u00e7al\u0131\u015fmalar\u0131n\u0131 s\u00fcrd\u00fcr\u00fcyor. Bu kapsamda, Fatsa il\u00e7esine ba\u011fl\u0131 Yava\u015f Mahallesinde, \u00f6zellikle b\u00fcy\u00fck ara\u00e7lar\u0131n ge\u00e7i\u015fini zorla\u015ft\u0131ran ve olumsuz hava ko\u015fullar\u0131nda tehlike olu\u015fturan yol alt\u0131ndaki toprak kaymas\u0131na kar\u015f\u0131 \u00f6nemli bir m\u00fcdahale ger\u00e7ekle\u015ftirildi.<br \/>\nFen \u0130\u015fleri Dairesi Ba\u015fkanl\u0131\u011f\u0131 ekiplerince yap\u0131lan \u00e7al\u0131\u015fmalarda, Yava\u015f Mahallesinin F\u0131nd\u0131kl\u0131yatak ve \u00c7ak\u0131ro\u011flu mevkilerinin kesi\u015fim noktas\u0131nda, \u00fc\u00e7 ayr\u0131 yolu birle\u015ftiren g\u00fczerg\u00e2hta ta\u015f duvar ve ya\u011fmur suyu hatt\u0131 imalat\u0131 ger\u00e7ekle\u015ftirildi. Ta\u015f duvar imalat\u0131 ile yolun g\u00fcvenli\u011fini art\u0131ran ekipler, ya\u011fmur suyu hatt\u0131 \u00e7al\u0131\u015fmas\u0131yla da y\u00fczey sular\u0131n\u0131n kontroll\u00fc \u015fekilde tahliyesini sa\u011flayarak yol \u00f6mr\u00fcn\u00fc uzatt\u0131.<br \/>\n\u00d6te yandan \u00f6zellikle a\u011f\u0131r tonajl\u0131 ara\u00e7lar\u0131n s\u0131kl\u0131kla kulland\u0131\u011f\u0131 bu g\u00fczerg\u00e2hta ger\u00e7ekle\u015ftirilen \u00e7al\u0131\u015fmalar, mahalle sakinleri taraf\u0131ndan da memnuniyetle kar\u015f\u0131land\u0131.\u00a0<\/p>\n<p>\u200bHaberin Al\u0131nt\u0131land\u0131\u011f\u0131 Kaynak: www.iskenderun.org<\/p>","protected":false},"excerpt":{"rendered":"<p>Ordu B\u00fcy\u00fck\u015fehir Belediyesi, 19 il\u00e7ede ula\u015f\u0131m\u0131 konforlu ve g\u00fcvenilir hale getirmek i\u00e7in alt ve \u00fcst yap\u0131 \u00e7al\u0131\u015fmalar\u0131n\u0131 s\u00fcrd\u00fcr\u00fcyor.ORDU (\u0130GFA) &#8211; Ordu B\u00fcy\u00fck\u015fehir Belediyesi, 19 il\u00e7ede ula\u015f\u0131m\u0131 konforlu ve g\u00fcvenilir hale getirmek i\u00e7in alt ve \u00fcst yap\u0131 \u00e7al\u0131\u015fmalar\u0131n\u0131 s\u00fcrd\u00fcr\u00fcyor. Bu kapsamda, Fatsa il\u00e7esine ba\u011fl\u0131 Yava\u015f Mahallesinde, \u00f6zellikle b\u00fcy\u00fck ara\u00e7lar\u0131n ge\u00e7i\u015fini zorla\u015ft\u0131ran ve olumsuz hava ko\u015fullar\u0131nda tehlike olu\u015fturan yol alt\u0131ndaki toprak kaymas\u0131na kar\u015f\u0131 \u00f6nemli bir m\u00fcdahale ger\u00e7ekle\u015ftirildi. Fen \u0130\u015fleri Dairesi Ba\u015fkanl\u0131\u011f\u0131 ekiplerince yap\u0131lan \u00e7al\u0131\u015fmalarda, Yava\u015f Mahallesinin F\u0131nd\u0131kl\u0131yatak ve \u00c7ak\u0131ro\u011flu mevkilerinin kesi\u015fim noktas\u0131nda, \u00fc\u00e7 ayr\u0131 yolu birle\u015ftiren g\u00fczerg\u00e2hta ta\u015f duvar ve ya\u011fmur suyu hatt\u0131 imalat\u0131 ger\u00e7ekle\u015ftirildi. Ta\u015f duvar imalat\u0131 ile yolun g\u00fcvenli\u011fini art\u0131ran ekipler, ya\u011fmur suyu hatt\u0131 \u00e7al\u0131\u015fmas\u0131yla da y\u00fczey sular\u0131n\u0131n kontroll\u00fc \u015fekilde tahliyesini sa\u011flayarak yol \u00f6mr\u00fcn\u00fc uzatt\u0131. \u00d6te yandan \u00f6zellikle a\u011f\u0131r tonajl\u0131 ara\u00e7lar\u0131n s\u0131kl\u0131kla kulland\u0131\u011f\u0131 bu g\u00fczerg\u00e2hta ger\u00e7ekle\u015ftirilen \u00e7al\u0131\u015fmalar, mahalle sakinleri taraf\u0131ndan da memnuniyetle kar\u015f\u0131land\u0131. \u200bOrdu B\u00fcy\u00fck\u015fehir Belediyesi, 19 il\u00e7ede ula\u015f\u0131m\u0131 konforlu ve g\u00fcvenilir hale getirmek i\u00e7in alt ve \u00fcst yap\u0131 \u00e7al\u0131\u015fmalar\u0131n\u0131 s\u00fcrd\u00fcr\u00fcyor.ORDU (\u0130GFA) &#8211; Ordu B\u00fcy\u00fck\u015fehir Belediyesi, 19 il\u00e7ede ula\u015f\u0131m\u0131 konforlu ve g\u00fcvenilir hale getirmek i\u00e7in alt ve \u00fcst yap\u0131 \u00e7al\u0131\u015fmalar\u0131n\u0131 s\u00fcrd\u00fcr\u00fcyor. Bu kapsamda, Fatsa il\u00e7esine ba\u011fl\u0131 Yava\u015f Mahallesinde, \u00f6zellikle b\u00fcy\u00fck ara\u00e7lar\u0131n ge\u00e7i\u015fini zorla\u015ft\u0131ran ve olumsuz hava ko\u015fullar\u0131nda tehlike olu\u015fturan yol alt\u0131ndaki toprak kaymas\u0131na kar\u015f\u0131 \u00f6nemli bir m\u00fcdahale ger\u00e7ekle\u015ftirildi. Fen \u0130\u015fleri &hellip;<\/p>","protected":false},"author":1,"featured_media":0,"comment_status":"","ping_status":"open","sticky":false,"template":"","format":"standard","meta":{"_acf_changed":false,"footnotes":""},"categories":[24],"tags":[],"class_list":["post-119256","post","type-post","status-publish","format-standard","has-post-thumbnail","hentry","category-gundem"],"acf":[],"yoast_head":"<!-- This site is optimized with the Yoast SEO Premium plugin v26.6 (Yoast SEO v27.1.1) - https:\/\/yoast.com\/product\/yoast-seo-premium-wordpress\/ -->\n<title>Ordu&#039;da ula\u015f\u0131m daha g\u00fcvenli hale geldi - Av. Deniz Can K\u0131z\u0131l<\/title>\n<meta name=\"robots\" content=\"index, follow, max-snippet:-1, max-image-preview:large, max-video-preview:-1\" \/>\n<link rel=\"canonical\" href=\"https:\/\/denizcankizil.tr\/ru\/haberler\/gundem\/orduda-ulasim-daha-guvenli-hale-geldi\/\" \/>\n<meta property=\"og:locale\" content=\"ru_RU\" \/>\n<meta property=\"og:type\" content=\"article\" \/>\n<meta property=\"og:title\" content=\"Ordu&#039;da ula\u015f\u0131m daha g\u00fcvenli hale geldi\" \/>\n<meta property=\"og:description\" content=\"Ordu B\u00fcy\u00fck\u015fehir Belediyesi, 19 il\u00e7ede ula\u015f\u0131m\u0131 konforlu ve g\u00fcvenilir hale getirmek i\u00e7in alt ve \u00fcst yap\u0131 \u00e7al\u0131\u015fmalar\u0131n\u0131 s\u00fcrd\u00fcr\u00fcyor.ORDU (\u0130GFA) &#8211; Ordu B\u00fcy\u00fck\u015fehir Belediyesi, 19 il\u00e7ede ula\u015f\u0131m\u0131 konforlu ve g\u00fcvenilir hale getirmek i\u00e7in alt ve \u00fcst yap\u0131 \u00e7al\u0131\u015fmalar\u0131n\u0131 s\u00fcrd\u00fcr\u00fcyor. Bu kapsamda, Fatsa il\u00e7esine ba\u011fl\u0131 Yava\u015f Mahallesinde, \u00f6zellikle b\u00fcy\u00fck ara\u00e7lar\u0131n ge\u00e7i\u015fini zorla\u015ft\u0131ran ve olumsuz hava ko\u015fullar\u0131nda tehlike olu\u015fturan yol alt\u0131ndaki toprak kaymas\u0131na kar\u015f\u0131 \u00f6nemli bir m\u00fcdahale ger\u00e7ekle\u015ftirildi. Fen \u0130\u015fleri Dairesi Ba\u015fkanl\u0131\u011f\u0131 ekiplerince yap\u0131lan \u00e7al\u0131\u015fmalarda, Yava\u015f Mahallesinin F\u0131nd\u0131kl\u0131yatak ve \u00c7ak\u0131ro\u011flu mevkilerinin kesi\u015fim noktas\u0131nda, \u00fc\u00e7 ayr\u0131 yolu birle\u015ftiren g\u00fczerg\u00e2hta ta\u015f duvar ve ya\u011fmur suyu hatt\u0131 imalat\u0131 ger\u00e7ekle\u015ftirildi. Ta\u015f duvar imalat\u0131 ile yolun g\u00fcvenli\u011fini art\u0131ran ekipler, ya\u011fmur suyu hatt\u0131 \u00e7al\u0131\u015fmas\u0131yla da y\u00fczey sular\u0131n\u0131n kontroll\u00fc \u015fekilde tahliyesini sa\u011flayarak yol \u00f6mr\u00fcn\u00fc uzatt\u0131. \u00d6te yandan \u00f6zellikle a\u011f\u0131r tonajl\u0131 ara\u00e7lar\u0131n s\u0131kl\u0131kla kulland\u0131\u011f\u0131 bu g\u00fczerg\u00e2hta ger\u00e7ekle\u015ftirilen \u00e7al\u0131\u015fmalar, mahalle sakinleri taraf\u0131ndan da memnuniyetle kar\u015f\u0131land\u0131. \u200bOrdu B\u00fcy\u00fck\u015fehir Belediyesi, 19 il\u00e7ede ula\u015f\u0131m\u0131 konforlu ve g\u00fcvenilir hale getirmek i\u00e7in alt ve \u00fcst yap\u0131 \u00e7al\u0131\u015fmalar\u0131n\u0131 s\u00fcrd\u00fcr\u00fcyor.ORDU (\u0130GFA) &#8211; Ordu B\u00fcy\u00fck\u015fehir Belediyesi, 19 il\u00e7ede ula\u015f\u0131m\u0131 konforlu ve g\u00fcvenilir hale getirmek i\u00e7in alt ve \u00fcst yap\u0131 \u00e7al\u0131\u015fmalar\u0131n\u0131 s\u00fcrd\u00fcr\u00fcyor. Bu kapsamda, Fatsa il\u00e7esine ba\u011fl\u0131 Yava\u015f Mahallesinde, \u00f6zellikle b\u00fcy\u00fck ara\u00e7lar\u0131n ge\u00e7i\u015fini zorla\u015ft\u0131ran ve olumsuz hava ko\u015fullar\u0131nda tehlike olu\u015fturan yol alt\u0131ndaki toprak kaymas\u0131na kar\u015f\u0131 \u00f6nemli bir m\u00fcdahale ger\u00e7ekle\u015ftirildi. Fen \u0130\u015fleri &hellip;\" \/>\n<meta property=\"og:url\" content=\"https:\/\/denizcankizil.tr\/ru\/haberler\/gundem\/orduda-ulasim-daha-guvenli-hale-geldi\/\" \/>\n<meta property=\"og:site_name\" content=\"Av. Deniz Can K\u0131z\u0131l\" \/>\n<meta property=\"article:published_time\" content=\"2025-06-18T08:42:48+00:00\" \/>\n<meta name=\"author\" content=\"admin\" \/>\n<meta name=\"twitter:card\" content=\"summary_large_image\" \/>\n<meta name=\"twitter:label1\" content=\"\u041d\u0430\u043f\u0438\u0441\u0430\u043d\u043e \u0430\u0432\u0442\u043e\u0440\u043e\u043c\" \/>\n\t<meta name=\"twitter:data1\" content=\"admin\" \/>\n\t<meta name=\"twitter:label2\" content=\"\u041f\u0440\u0438\u043c\u0435\u0440\u043d\u043e\u0435 \u0432\u0440\u0435\u043c\u044f \u0434\u043b\u044f \u0447\u0442\u0435\u043d\u0438\u044f\" \/>\n\t<meta name=\"twitter:data2\" content=\"2 \u043c\u0438\u043d\u0443\u0442\u044b\" \/>\n<script type=\"application\/ld+json\" class=\"yoast-schema-graph\">{\"@context\":\"https:\/\/schema.org\",\"@graph\":[{\"@type\":\"Article\",\"@id\":\"https:\/\/denizcankizil.tr\/ru\/haberler\/gundem\/orduda-ulasim-daha-guvenli-hale-geldi\/#article\",\"isPartOf\":{\"@id\":\"https:\/\/denizcankizil.tr\/ru\/haberler\/gundem\/orduda-ulasim-daha-guvenli-hale-geldi\/\"},\"author\":{\"name\":\"admin\",\"@id\":\"https:\/\/denizcankizil.tr\/#\/schema\/person\/be3c05fe6a12686905512445d8185489\"},\"headline\":\"Ordu&#8217;da ula\u015f\u0131m daha g\u00fcvenli hale geldi\",\"datePublished\":\"2025-06-18T08:42:48+00:00\",\"mainEntityOfPage\":{\"@id\":\"https:\/\/denizcankizil.tr\/ru\/haberler\/gundem\/orduda-ulasim-daha-guvenli-hale-geldi\/\"},\"wordCount\":441,\"publisher\":{\"@id\":\"https:\/\/denizcankizil.tr\/#organization\"},\"articleSection\":[\"G\u00fcndem\"],\"inLanguage\":\"ru-RU\"},{\"@type\":\"WebPage\",\"@id\":\"https:\/\/denizcankizil.tr\/ru\/haberler\/gundem\/orduda-ulasim-daha-guvenli-hale-geldi\/\",\"url\":\"https:\/\/denizcankizil.tr\/ru\/haberler\/gundem\/orduda-ulasim-daha-guvenli-hale-geldi\/\",\"name\":\"Ordu'da ula\u015f\u0131m daha g\u00fcvenli hale geldi - Av. Deniz Can K\u0131z\u0131l\",\"isPartOf\":{\"@id\":\"https:\/\/denizcankizil.tr\/#website\"},\"datePublished\":\"2025-06-18T08:42:48+00:00\",\"breadcrumb\":{\"@id\":\"https:\/\/denizcankizil.tr\/ru\/haberler\/gundem\/orduda-ulasim-daha-guvenli-hale-geldi\/#breadcrumb\"},\"inLanguage\":\"ru-RU\",\"potentialAction\":[{\"@type\":\"ReadAction\",\"target\":[\"https:\/\/denizcankizil.tr\/ru\/haberler\/gundem\/orduda-ulasim-daha-guvenli-hale-geldi\/\"]}]},{\"@type\":\"BreadcrumbList\",\"@id\":\"https:\/\/denizcankizil.tr\/ru\/haberler\/gundem\/orduda-ulasim-daha-guvenli-hale-geldi\/#breadcrumb\",\"itemListElement\":[{\"@type\":\"ListItem\",\"position\":1,\"name\":\"Home\",\"item\":\"https:\/\/denizcankizil.tr\/de\/\"},{\"@type\":\"ListItem\",\"position\":2,\"name\":\"Ordu&#8217;da ula\u015f\u0131m daha g\u00fcvenli hale geldi\"}]},{\"@type\":\"WebSite\",\"@id\":\"https:\/\/denizcankizil.tr\/#website\",\"url\":\"https:\/\/denizcankizil.tr\/\",\"name\":\"Av. Deniz Can K\u0131z\u0131l\",\"description\":\"Avukat Deniz Can K\u0131z\u0131l Antalya Barosu\",\"publisher\":{\"@id\":\"https:\/\/denizcankizil.tr\/#organization\"},\"potentialAction\":[{\"@type\":\"SearchAction\",\"target\":{\"@type\":\"EntryPoint\",\"urlTemplate\":\"https:\/\/denizcankizil.tr\/?s={search_term_string}\"},\"query-input\":{\"@type\":\"PropertyValueSpecification\",\"valueRequired\":true,\"valueName\":\"search_term_string\"}}],\"inLanguage\":\"ru-RU\"},{\"@type\":\"Organization\",\"@id\":\"https:\/\/denizcankizil.tr\/#organization\",\"name\":\"Av. Deniz Can K\u0131z\u0131l\",\"url\":\"https:\/\/denizcankizil.tr\/\",\"logo\":{\"@type\":\"ImageObject\",\"inLanguage\":\"ru-RU\",\"@id\":\"https:\/\/denizcankizil.tr\/#\/schema\/logo\/image\/\",\"url\":\"https:\/\/denizcankizil.tr\/wp-content\/uploads\/2024\/10\/siyah-logo-svg.svg\",\"contentUrl\":\"https:\/\/denizcankizil.tr\/wp-content\/uploads\/2024\/10\/siyah-logo-svg.svg\",\"width\":1080,\"height\":1080,\"caption\":\"Av. Deniz Can K\u0131z\u0131l\"},\"image\":{\"@id\":\"https:\/\/denizcankizil.tr\/#\/schema\/logo\/image\/\"}},{\"@type\":\"Person\",\"@id\":\"https:\/\/denizcankizil.tr\/#\/schema\/person\/be3c05fe6a12686905512445d8185489\",\"name\":\"admin\",\"image\":{\"@type\":\"ImageObject\",\"inLanguage\":\"ru-RU\",\"@id\":\"https:\/\/denizcankizil.tr\/#\/schema\/person\/image\/\",\"url\":\"https:\/\/secure.gravatar.com\/avatar\/c1fce94c830dc79107e174f890d7210541c4a63e8e5d816341794a2151c9d58c?s=96&d=mm&r=g\",\"contentUrl\":\"https:\/\/secure.gravatar.com\/avatar\/c1fce94c830dc79107e174f890d7210541c4a63e8e5d816341794a2151c9d58c?s=96&d=mm&r=g\",\"caption\":\"admin\"},\"sameAs\":[\"http:\/\/denizcankizil.tr\"],\"url\":\"https:\/\/www.iskenderun.org\/orduda-ulasim-daha-guvenli-hale-geldi\"}]}<\/script>\n<!-- \/ Yoast SEO Premium plugin. -->","yoast_head_json":{"title":"Ordu'da ula\u015f\u0131m daha g\u00fcvenli hale geldi - Av. Deniz Can K\u0131z\u0131l","robots":{"index":"index","follow":"follow","max-snippet":"max-snippet:-1","max-image-preview":"max-image-preview:large","max-video-preview":"max-video-preview:-1"},"canonical":"https:\/\/denizcankizil.tr\/ru\/haberler\/gundem\/orduda-ulasim-daha-guvenli-hale-geldi\/","og_locale":"ru_RU","og_type":"article","og_title":"Ordu'da ula\u015f\u0131m daha g\u00fcvenli hale geldi","og_description":"Ordu B\u00fcy\u00fck\u015fehir Belediyesi, 19 il\u00e7ede ula\u015f\u0131m\u0131 konforlu ve g\u00fcvenilir hale getirmek i\u00e7in alt ve \u00fcst yap\u0131 \u00e7al\u0131\u015fmalar\u0131n\u0131 s\u00fcrd\u00fcr\u00fcyor.ORDU (\u0130GFA) &#8211; Ordu B\u00fcy\u00fck\u015fehir Belediyesi, 19 il\u00e7ede ula\u015f\u0131m\u0131 konforlu ve g\u00fcvenilir hale getirmek i\u00e7in alt ve \u00fcst yap\u0131 \u00e7al\u0131\u015fmalar\u0131n\u0131 s\u00fcrd\u00fcr\u00fcyor. Bu kapsamda, Fatsa il\u00e7esine ba\u011fl\u0131 Yava\u015f Mahallesinde, \u00f6zellikle b\u00fcy\u00fck ara\u00e7lar\u0131n ge\u00e7i\u015fini zorla\u015ft\u0131ran ve olumsuz hava ko\u015fullar\u0131nda tehlike olu\u015fturan yol alt\u0131ndaki toprak kaymas\u0131na kar\u015f\u0131 \u00f6nemli bir m\u00fcdahale ger\u00e7ekle\u015ftirildi. Fen \u0130\u015fleri Dairesi Ba\u015fkanl\u0131\u011f\u0131 ekiplerince yap\u0131lan \u00e7al\u0131\u015fmalarda, Yava\u015f Mahallesinin F\u0131nd\u0131kl\u0131yatak ve \u00c7ak\u0131ro\u011flu mevkilerinin kesi\u015fim noktas\u0131nda, \u00fc\u00e7 ayr\u0131 yolu birle\u015ftiren g\u00fczerg\u00e2hta ta\u015f duvar ve ya\u011fmur suyu hatt\u0131 imalat\u0131 ger\u00e7ekle\u015ftirildi. Ta\u015f duvar imalat\u0131 ile yolun g\u00fcvenli\u011fini art\u0131ran ekipler, ya\u011fmur suyu hatt\u0131 \u00e7al\u0131\u015fmas\u0131yla da y\u00fczey sular\u0131n\u0131n kontroll\u00fc \u015fekilde tahliyesini sa\u011flayarak yol \u00f6mr\u00fcn\u00fc uzatt\u0131. \u00d6te yandan \u00f6zellikle a\u011f\u0131r tonajl\u0131 ara\u00e7lar\u0131n s\u0131kl\u0131kla kulland\u0131\u011f\u0131 bu g\u00fczerg\u00e2hta ger\u00e7ekle\u015ftirilen \u00e7al\u0131\u015fmalar, mahalle sakinleri taraf\u0131ndan da memnuniyetle kar\u015f\u0131land\u0131. \u200bOrdu B\u00fcy\u00fck\u015fehir Belediyesi, 19 il\u00e7ede ula\u015f\u0131m\u0131 konforlu ve g\u00fcvenilir hale getirmek i\u00e7in alt ve \u00fcst yap\u0131 \u00e7al\u0131\u015fmalar\u0131n\u0131 s\u00fcrd\u00fcr\u00fcyor.ORDU (\u0130GFA) &#8211; Ordu B\u00fcy\u00fck\u015fehir Belediyesi, 19 il\u00e7ede ula\u015f\u0131m\u0131 konforlu ve g\u00fcvenilir hale getirmek i\u00e7in alt ve \u00fcst yap\u0131 \u00e7al\u0131\u015fmalar\u0131n\u0131 s\u00fcrd\u00fcr\u00fcyor. Bu kapsamda, Fatsa il\u00e7esine ba\u011fl\u0131 Yava\u015f Mahallesinde, \u00f6zellikle b\u00fcy\u00fck ara\u00e7lar\u0131n ge\u00e7i\u015fini zorla\u015ft\u0131ran ve olumsuz hava ko\u015fullar\u0131nda tehlike olu\u015fturan yol alt\u0131ndaki toprak kaymas\u0131na kar\u015f\u0131 \u00f6nemli bir m\u00fcdahale ger\u00e7ekle\u015ftirildi. Fen \u0130\u015fleri &hellip;","og_url":"https:\/\/denizcankizil.tr\/ru\/haberler\/gundem\/orduda-ulasim-daha-guvenli-hale-geldi\/","og_site_name":"Av. Deniz Can K\u0131z\u0131l","article_published_time":"2025-06-18T08:42:48+00:00","author":"admin","twitter_card":"summary_large_image","twitter_misc":{"\u041d\u0430\u043f\u0438\u0441\u0430\u043d\u043e \u0430\u0432\u0442\u043e\u0440\u043e\u043c":"admin","\u041f\u0440\u0438\u043c\u0435\u0440\u043d\u043e\u0435 \u0432\u0440\u0435\u043c\u044f \u0434\u043b\u044f \u0447\u0442\u0435\u043d\u0438\u044f":"2 \u043c\u0438\u043d\u0443\u0442\u044b"},"schema":{"@context":"https:\/\/schema.org","@graph":[{"@type":"Article","@id":"https:\/\/denizcankizil.tr\/ru\/haberler\/gundem\/orduda-ulasim-daha-guvenli-hale-geldi\/#article","isPartOf":{"@id":"https:\/\/denizcankizil.tr\/ru\/haberler\/gundem\/orduda-ulasim-daha-guvenli-hale-geldi\/"},"author":{"name":"admin","@id":"https:\/\/denizcankizil.tr\/#\/schema\/person\/be3c05fe6a12686905512445d8185489"},"headline":"Ordu&#8217;da ula\u015f\u0131m daha g\u00fcvenli hale geldi","datePublished":"2025-06-18T08:42:48+00:00","mainEntityOfPage":{"@id":"https:\/\/denizcankizil.tr\/ru\/haberler\/gundem\/orduda-ulasim-daha-guvenli-hale-geldi\/"},"wordCount":441,"publisher":{"@id":"https:\/\/denizcankizil.tr\/#organization"},"articleSection":["G\u00fcndem"],"inLanguage":"ru-RU"},{"@type":"WebPage","@id":"https:\/\/denizcankizil.tr\/ru\/haberler\/gundem\/orduda-ulasim-daha-guvenli-hale-geldi\/","url":"https:\/\/denizcankizil.tr\/ru\/haberler\/gundem\/orduda-ulasim-daha-guvenli-hale-geldi\/","name":"Ordu'da ula\u015f\u0131m daha g\u00fcvenli hale geldi - Av. Deniz Can K\u0131z\u0131l","isPartOf":{"@id":"https:\/\/denizcankizil.tr\/#website"},"datePublished":"2025-06-18T08:42:48+00:00","breadcrumb":{"@id":"https:\/\/denizcankizil.tr\/ru\/haberler\/gundem\/orduda-ulasim-daha-guvenli-hale-geldi\/#breadcrumb"},"inLanguage":"ru-RU","potentialAction":[{"@type":"ReadAction","target":["https:\/\/denizcankizil.tr\/ru\/haberler\/gundem\/orduda-ulasim-daha-guvenli-hale-geldi\/"]}]},{"@type":"BreadcrumbList","@id":"https:\/\/denizcankizil.tr\/ru\/haberler\/gundem\/orduda-ulasim-daha-guvenli-hale-geldi\/#breadcrumb","itemListElement":[{"@type":"ListItem","position":1,"name":"Home","item":"https:\/\/denizcankizil.tr\/de\/"},{"@type":"ListItem","position":2,"name":"Ordu&#8217;da ula\u015f\u0131m daha g\u00fcvenli hale geldi"}]},{"@type":"WebSite","@id":"https:\/\/denizcankizil.tr\/#website","url":"https:\/\/denizcankizil.tr\/","name":"Av. Deniz Can K\u0131z\u0131l","description":"Avukat Deniz Can K\u0131z\u0131l Antalya Barosu","publisher":{"@id":"https:\/\/denizcankizil.tr\/#organization"},"potentialAction":[{"@type":"SearchAction","target":{"@type":"EntryPoint","urlTemplate":"https:\/\/denizcankizil.tr\/?s={search_term_string}"},"query-input":{"@type":"PropertyValueSpecification","valueRequired":true,"valueName":"search_term_string"}}],"inLanguage":"ru-RU"},{"@type":"Organization","@id":"https:\/\/denizcankizil.tr\/#organization","name":"Av. Deniz Can K\u0131z\u0131l","url":"https:\/\/denizcankizil.tr\/","logo":{"@type":"ImageObject","inLanguage":"ru-RU","@id":"https:\/\/denizcankizil.tr\/#\/schema\/logo\/image\/","url":"https:\/\/denizcankizil.tr\/wp-content\/uploads\/2024\/10\/siyah-logo-svg.svg","contentUrl":"https:\/\/denizcankizil.tr\/wp-content\/uploads\/2024\/10\/siyah-logo-svg.svg","width":1080,"height":1080,"caption":"Av. Deniz Can K\u0131z\u0131l"},"image":{"@id":"https:\/\/denizcankizil.tr\/#\/schema\/logo\/image\/"}},{"@type":"Person","@id":"https:\/\/denizcankizil.tr\/#\/schema\/person\/be3c05fe6a12686905512445d8185489","name":"\u0430\u0434\u043c\u0438\u043d","image":{"@type":"ImageObject","inLanguage":"ru-RU","@id":"https:\/\/denizcankizil.tr\/#\/schema\/person\/image\/","url":"https:\/\/secure.gravatar.com\/avatar\/c1fce94c830dc79107e174f890d7210541c4a63e8e5d816341794a2151c9d58c?s=96&d=mm&r=g","contentUrl":"https:\/\/secure.gravatar.com\/avatar\/c1fce94c830dc79107e174f890d7210541c4a63e8e5d816341794a2151c9d58c?s=96&d=mm&r=g","caption":"admin"},"sameAs":["http:\/\/denizcankizil.tr"],"url":"https:\/\/www.iskenderun.org\/orduda-ulasim-daha-guvenli-hale-geldi"}]}},"_links":{"self":[{"href":"https:\/\/denizcankizil.tr\/ru\/wp-json\/wp\/v2\/posts\/119256","targetHints":{"allow":["GET"]}}],"collection":[{"href":"https:\/\/denizcankizil.tr\/ru\/wp-json\/wp\/v2\/posts"}],"about":[{"href":"https:\/\/denizcankizil.tr\/ru\/wp-json\/wp\/v2\/types\/post"}],"author":[{"embeddable":true,"href":"https:\/\/denizcankizil.tr\/ru\/wp-json\/wp\/v2\/users\/1"}],"replies":[{"embeddable":true,"href":"https:\/\/denizcankizil.tr\/ru\/wp-json\/wp\/v2\/comments?post=119256"}],"version-history":[{"count":0,"href":"https:\/\/denizcankizil.tr\/ru\/wp-json\/wp\/v2\/posts\/119256\/revisions"}],"wp:attachment":[{"href":"https:\/\/denizcankizil.tr\/ru\/wp-json\/wp\/v2\/media?parent=119256"}],"wp:term":[{"taxonomy":"category","embeddable":true,"href":"https:\/\/denizcankizil.tr\/ru\/wp-json\/wp\/v2\/categories?post=119256"},{"taxonomy":"post_tag","embeddable":true,"href":"https:\/\/denizcankizil.tr\/ru\/wp-json\/wp\/v2\/tags?post=119256"}],"curies":[{"name":"wp","href":"https:\/\/api.w.org\/{rel}","templated":true}]}}