{"id":119174,"date":"2025-06-18T10:41:24","date_gmt":"2025-06-18T07:41:24","guid":{"rendered":"https:\/\/denizcankizil.tr\/uncategorized-tr\/sulama-kanalina-ucan-otomobildeki-2-kisi-hayatini-kaybetti\/"},"modified":"2025-06-18T10:41:24","modified_gmt":"2025-06-18T07:41:24","slug":"sulama-kanalina-ucan-otomobildeki-2-kisi-hayatini-kaybetti","status":"publish","type":"post","link":"https:\/\/denizcankizil.tr\/ru\/haberler\/antalya\/sulama-kanalina-ucan-otomobildeki-2-kisi-hayatini-kaybetti\/","title":{"rendered":"Sulama kanal\u0131na u\u00e7an otomobildeki 2 ki\u015fi hayat\u0131n\u0131 kaybetti"},"content":{"rendered":"<p>Kaza, Manavgat il\u00e7esi Ta\u015fa\u011f\u0131l Mahallesi Kaymaz Caddesi \u00fczerindeki sulama kanal\u0131 kenar\u0131nda meydana geldi. Edinilen bilgiye g\u00f6re, Ra\u015fit Akdeniz (46), arkada\u015f\u0131 Ali Uyan\u0131k\u2019\u0131 (70) evine b\u0131rakmak \u00fczere 07 AAK 810 plakal\u0131 otomobiliyle yola \u00e7\u0131kt\u0131. Gece saat 23.30 s\u0131ralar\u0131nda kanal kenar\u0131ndaki yoldan seyir halindeyken k\u00f6pr\u00fcye d\u00f6nmek isteyen Akdeniz, direksiyon h\u00e2kimiyetini kaybedince otomobil sulama kanal\u0131na devrildi. Kazay\u0131 fark eden bir vatanda\u015f\u0131n 112 Acil \u00c7a\u011fr\u0131 Merkezi\u2019ne yapt\u0131\u011f\u0131 ihbar \u00fczerine olay yerine Antalya B\u00fcy\u00fck\u015fehir Belediyesi \u0130tfaiyesi Manavgat Birimi, sa\u011fl\u0131k ekipleri ve jandarma sevk edildi. Olay yerine ula\u015fan ekipler, vatanda\u015flar taraf\u0131ndan sudan \u00e7\u0131kar\u0131lan Ra\u015fit Akdeniz ve Ali Uyan\u0131k\u2019\u0131n hayat\u0131n\u0131 kaybetti\u011fini belirledi.<\/p>\n<p>Yak\u0131nlar\u0131 olay yerinde sinir krizi ge\u00e7irdi<br \/>\nOlay yerinde sinir krizi ge\u00e7iren aile yak\u0131nlar\u0131 g\u00f6zya\u015flar\u0131na bo\u011fulurken, baz\u0131 ki\u015filer bayg\u0131nl\u0131k ge\u00e7irdi. Akdeniz\u2019in, arkada\u015flar\u0131yla vakit ge\u00e7irdikten sonra Uyan\u0131k\u2019\u0131 evine b\u0131rakmaya \u00e7al\u0131\u015ft\u0131\u011f\u0131, kazan\u0131n da Uyan\u0131k\u2019\u0131n evine yaln\u0131zca 50 metre kala meydana geldi\u011fi belirtildi. Hayat\u0131n\u0131 kaybeden iki arkada\u015f\u0131n cenazeleri, jandarma, savc\u0131 ve adli tabip incelemelerinin ard\u0131ndan otopsi i\u00e7in Antalya Adli T\u0131p Kurumuna g\u00f6nderildi. Olayla ilgili soru\u015fturma ba\u015flat\u0131ld\u0131.<\/p>\n<p>Kaynak: www.kanalv.com.tr Haber Sitesinden Al\u0131nm\u0131\u015ft\u0131r.<\/p>","protected":false},"excerpt":{"rendered":"<p>Kaza, Manavgat il\u00e7esi Ta\u015fa\u011f\u0131l Mahallesi Kaymaz Caddesi \u00fczerindeki sulama kanal\u0131 kenar\u0131nda meydana geldi. Edinilen bilgiye g\u00f6re, Ra\u015fit Akdeniz (46), arkada\u015f\u0131 Ali Uyan\u0131k\u2019\u0131 (70) evine b\u0131rakmak \u00fczere 07 AAK 810 plakal\u0131 otomobiliyle yola \u00e7\u0131kt\u0131. Gece saat 23.30 s\u0131ralar\u0131nda kanal kenar\u0131ndaki yoldan seyir halindeyken k\u00f6pr\u00fcye d\u00f6nmek isteyen Akdeniz, direksiyon h\u00e2kimiyetini kaybedince otomobil sulama kanal\u0131na devrildi. Kazay\u0131 fark eden bir vatanda\u015f\u0131n 112 Acil \u00c7a\u011fr\u0131 Merkezi\u2019ne yapt\u0131\u011f\u0131 ihbar \u00fczerine olay yerine Antalya B\u00fcy\u00fck\u015fehir Belediyesi \u0130tfaiyesi Manavgat Birimi, sa\u011fl\u0131k ekipleri ve jandarma sevk edildi. Olay yerine ula\u015fan ekipler, vatanda\u015flar taraf\u0131ndan sudan \u00e7\u0131kar\u0131lan Ra\u015fit Akdeniz ve Ali Uyan\u0131k\u2019\u0131n hayat\u0131n\u0131 kaybetti\u011fini belirledi. Yak\u0131nlar\u0131 olay yerinde sinir krizi ge\u00e7irdi Olay yerinde sinir krizi ge\u00e7iren aile yak\u0131nlar\u0131 g\u00f6zya\u015flar\u0131na bo\u011fulurken, baz\u0131 ki\u015filer bayg\u0131nl\u0131k ge\u00e7irdi. Akdeniz\u2019in, arkada\u015flar\u0131yla vakit ge\u00e7irdikten sonra Uyan\u0131k\u2019\u0131 evine b\u0131rakmaya \u00e7al\u0131\u015ft\u0131\u011f\u0131, kazan\u0131n da Uyan\u0131k\u2019\u0131n evine yaln\u0131zca 50 metre kala meydana geldi\u011fi belirtildi. Hayat\u0131n\u0131 kaybeden iki arkada\u015f\u0131n cenazeleri, jandarma, savc\u0131 ve adli tabip incelemelerinin ard\u0131ndan otopsi i\u00e7in Antalya Adli T\u0131p Kurumuna g\u00f6nderildi. Olayla ilgili soru\u015fturma ba\u015flat\u0131ld\u0131. Kaynak: www.kanalv.com.tr Haber Sitesinden Al\u0131nm\u0131\u015ft\u0131r.<\/p>","protected":false},"author":4,"featured_media":119175,"comment_status":"","ping_status":"open","sticky":false,"template":"","format":"standard","meta":{"_acf_changed":false,"footnotes":""},"categories":[26],"tags":[],"class_list":["post-119174","post","type-post","status-publish","format-standard","has-post-thumbnail","hentry","category-antalya"],"acf":[],"yoast_head":"<!-- This site is optimized with the Yoast SEO Premium plugin v26.6 (Yoast SEO v27.1.1) - https:\/\/yoast.com\/product\/yoast-seo-premium-wordpress\/ -->\n<title>Sulama kanal\u0131na u\u00e7an otomobildeki 2 ki\u015fi hayat\u0131n\u0131 kaybetti - Av. Deniz Can K\u0131z\u0131l<\/title>\n<meta name=\"robots\" content=\"index, follow, max-snippet:-1, max-image-preview:large, max-video-preview:-1\" \/>\n<link rel=\"canonical\" href=\"https:\/\/denizcankizil.tr\/ru\/haberler\/antalya\/sulama-kanalina-ucan-otomobildeki-2-kisi-hayatini-kaybetti\/\" \/>\n<meta property=\"og:locale\" content=\"ru_RU\" \/>\n<meta property=\"og:type\" content=\"article\" \/>\n<meta property=\"og:title\" content=\"Sulama kanal\u0131na u\u00e7an otomobildeki 2 ki\u015fi hayat\u0131n\u0131 kaybetti\" \/>\n<meta property=\"og:description\" content=\"Kaza, Manavgat il\u00e7esi Ta\u015fa\u011f\u0131l Mahallesi Kaymaz Caddesi \u00fczerindeki sulama kanal\u0131 kenar\u0131nda meydana geldi. Edinilen bilgiye g\u00f6re, Ra\u015fit Akdeniz (46), arkada\u015f\u0131 Ali Uyan\u0131k\u2019\u0131 (70) evine b\u0131rakmak \u00fczere 07 AAK 810 plakal\u0131 otomobiliyle yola \u00e7\u0131kt\u0131. Gece saat 23.30 s\u0131ralar\u0131nda kanal kenar\u0131ndaki yoldan seyir halindeyken k\u00f6pr\u00fcye d\u00f6nmek isteyen Akdeniz, direksiyon h\u00e2kimiyetini kaybedince otomobil sulama kanal\u0131na devrildi. Kazay\u0131 fark eden bir vatanda\u015f\u0131n 112 Acil \u00c7a\u011fr\u0131 Merkezi\u2019ne yapt\u0131\u011f\u0131 ihbar \u00fczerine olay yerine Antalya B\u00fcy\u00fck\u015fehir Belediyesi \u0130tfaiyesi Manavgat Birimi, sa\u011fl\u0131k ekipleri ve jandarma sevk edildi. Olay yerine ula\u015fan ekipler, vatanda\u015flar taraf\u0131ndan sudan \u00e7\u0131kar\u0131lan Ra\u015fit Akdeniz ve Ali Uyan\u0131k\u2019\u0131n hayat\u0131n\u0131 kaybetti\u011fini belirledi. Yak\u0131nlar\u0131 olay yerinde sinir krizi ge\u00e7irdi Olay yerinde sinir krizi ge\u00e7iren aile yak\u0131nlar\u0131 g\u00f6zya\u015flar\u0131na bo\u011fulurken, baz\u0131 ki\u015filer bayg\u0131nl\u0131k ge\u00e7irdi. Akdeniz\u2019in, arkada\u015flar\u0131yla vakit ge\u00e7irdikten sonra Uyan\u0131k\u2019\u0131 evine b\u0131rakmaya \u00e7al\u0131\u015ft\u0131\u011f\u0131, kazan\u0131n da Uyan\u0131k\u2019\u0131n evine yaln\u0131zca 50 metre kala meydana geldi\u011fi belirtildi. Hayat\u0131n\u0131 kaybeden iki arkada\u015f\u0131n cenazeleri, jandarma, savc\u0131 ve adli tabip incelemelerinin ard\u0131ndan otopsi i\u00e7in Antalya Adli T\u0131p Kurumuna g\u00f6nderildi. Olayla ilgili soru\u015fturma ba\u015flat\u0131ld\u0131. Kaynak: www.kanalv.com.tr Haber Sitesinden Al\u0131nm\u0131\u015ft\u0131r.\" \/>\n<meta property=\"og:url\" content=\"https:\/\/denizcankizil.tr\/ru\/haberler\/antalya\/sulama-kanalina-ucan-otomobildeki-2-kisi-hayatini-kaybetti\/\" \/>\n<meta property=\"og:site_name\" content=\"Av. Deniz Can K\u0131z\u0131l\" \/>\n<meta property=\"article:published_time\" content=\"2025-06-18T07:41:24+00:00\" \/>\n<meta property=\"og:image\" content=\"https:\/\/denizcankizil.tr\/wp-content\/uploads\/2025\/06\/6920-01-QIsaCI.jpg\" \/>\n\t<meta property=\"og:image:width\" content=\"1280\" \/>\n\t<meta property=\"og:image:height\" content=\"720\" \/>\n\t<meta property=\"og:image:type\" content=\"image\/jpeg\" \/>\n<meta name=\"author\" content=\"Av. Deniz Can K\u0131z\u0131l\" \/>\n<meta name=\"twitter:card\" content=\"summary_large_image\" \/>\n<meta name=\"twitter:label1\" content=\"\u041d\u0430\u043f\u0438\u0441\u0430\u043d\u043e \u0430\u0432\u0442\u043e\u0440\u043e\u043c\" \/>\n\t<meta name=\"twitter:data1\" content=\"Av. Deniz Can K\u0131z\u0131l\" \/>\n\t<meta name=\"twitter:label2\" content=\"\u041f\u0440\u0438\u043c\u0435\u0440\u043d\u043e\u0435 \u0432\u0440\u0435\u043c\u044f \u0434\u043b\u044f \u0447\u0442\u0435\u043d\u0438\u044f\" \/>\n\t<meta name=\"twitter:data2\" content=\"1 \u043c\u0438\u043d\u0443\u0442\u0430\" \/>\n<script type=\"application\/ld+json\" class=\"yoast-schema-graph\">{\"@context\":\"https:\/\/schema.org\",\"@graph\":[{\"@type\":\"Article\",\"@id\":\"https:\/\/denizcankizil.tr\/de\/haberler\/antalya\/sulama-kanalina-ucan-otomobildeki-2-kisi-hayatini-kaybetti\/#article\",\"isPartOf\":{\"@id\":\"https:\/\/denizcankizil.tr\/de\/haberler\/antalya\/sulama-kanalina-ucan-otomobildeki-2-kisi-hayatini-kaybetti\/\"},\"author\":{\"name\":\"Av. Deniz Can K\u0131z\u0131l\",\"@id\":\"https:\/\/denizcankizil.tr\/de\/#\/schema\/person\/5dc1b22991bd7ac833867c10afc9b0ff\"},\"headline\":\"Sulama kanal\u0131na u\u00e7an otomobildeki 2 ki\u015fi hayat\u0131n\u0131 kaybetti\",\"datePublished\":\"2025-06-18T07:41:24+00:00\",\"mainEntityOfPage\":{\"@id\":\"https:\/\/denizcankizil.tr\/de\/haberler\/antalya\/sulama-kanalina-ucan-otomobildeki-2-kisi-hayatini-kaybetti\/\"},\"wordCount\":238,\"publisher\":{\"@id\":\"https:\/\/denizcankizil.tr\/de\/#organization\"},\"image\":{\"@id\":\"https:\/\/denizcankizil.tr\/de\/haberler\/antalya\/sulama-kanalina-ucan-otomobildeki-2-kisi-hayatini-kaybetti\/#primaryimage\"},\"thumbnailUrl\":\"https:\/\/denizcankizil.tr\/wp-content\/uploads\/2025\/06\/6920-01-QIsaCI.jpg\",\"articleSection\":[\"Antalya\"],\"inLanguage\":\"ru-RU\"},{\"@type\":\"WebPage\",\"@id\":\"https:\/\/denizcankizil.tr\/de\/haberler\/antalya\/sulama-kanalina-ucan-otomobildeki-2-kisi-hayatini-kaybetti\/\",\"url\":\"https:\/\/denizcankizil.tr\/de\/haberler\/antalya\/sulama-kanalina-ucan-otomobildeki-2-kisi-hayatini-kaybetti\/\",\"name\":\"Sulama kanal\u0131na u\u00e7an otomobildeki 2 ki\u015fi hayat\u0131n\u0131 kaybetti - Av. Deniz Can K\u0131z\u0131l\",\"isPartOf\":{\"@id\":\"https:\/\/denizcankizil.tr\/de\/#website\"},\"primaryImageOfPage\":{\"@id\":\"https:\/\/denizcankizil.tr\/de\/haberler\/antalya\/sulama-kanalina-ucan-otomobildeki-2-kisi-hayatini-kaybetti\/#primaryimage\"},\"image\":{\"@id\":\"https:\/\/denizcankizil.tr\/de\/haberler\/antalya\/sulama-kanalina-ucan-otomobildeki-2-kisi-hayatini-kaybetti\/#primaryimage\"},\"thumbnailUrl\":\"https:\/\/denizcankizil.tr\/wp-content\/uploads\/2025\/06\/6920-01-QIsaCI.jpg\",\"datePublished\":\"2025-06-18T07:41:24+00:00\",\"breadcrumb\":{\"@id\":\"https:\/\/denizcankizil.tr\/de\/haberler\/antalya\/sulama-kanalina-ucan-otomobildeki-2-kisi-hayatini-kaybetti\/#breadcrumb\"},\"inLanguage\":\"ru-RU\",\"potentialAction\":[{\"@type\":\"ReadAction\",\"target\":[\"https:\/\/denizcankizil.tr\/de\/haberler\/antalya\/sulama-kanalina-ucan-otomobildeki-2-kisi-hayatini-kaybetti\/\"]}]},{\"@type\":\"ImageObject\",\"inLanguage\":\"ru-RU\",\"@id\":\"https:\/\/denizcankizil.tr\/de\/haberler\/antalya\/sulama-kanalina-ucan-otomobildeki-2-kisi-hayatini-kaybetti\/#primaryimage\",\"url\":\"https:\/\/denizcankizil.tr\/wp-content\/uploads\/2025\/06\/6920-01-QIsaCI.jpg\",\"contentUrl\":\"https:\/\/denizcankizil.tr\/wp-content\/uploads\/2025\/06\/6920-01-QIsaCI.jpg\",\"width\":1280,\"height\":720},{\"@type\":\"BreadcrumbList\",\"@id\":\"https:\/\/denizcankizil.tr\/de\/haberler\/antalya\/sulama-kanalina-ucan-otomobildeki-2-kisi-hayatini-kaybetti\/#breadcrumb\",\"itemListElement\":[{\"@type\":\"ListItem\",\"position\":1,\"name\":\"Home\",\"item\":\"https:\/\/denizcankizil.tr\/de\/\"},{\"@type\":\"ListItem\",\"position\":2,\"name\":\"Sulama kanal\u0131na u\u00e7an otomobildeki 2 ki\u015fi hayat\u0131n\u0131 kaybetti\"}]},{\"@type\":\"WebSite\",\"@id\":\"https:\/\/denizcankizil.tr\/de\/#website\",\"url\":\"https:\/\/denizcankizil.tr\/de\/\",\"name\":\"Av. Deniz Can K\u0131z\u0131l\",\"description\":\"Avukat Deniz Can K\u0131z\u0131l Antalya Barosu\",\"publisher\":{\"@id\":\"https:\/\/denizcankizil.tr\/de\/#organization\"},\"potentialAction\":[{\"@type\":\"SearchAction\",\"target\":{\"@type\":\"EntryPoint\",\"urlTemplate\":\"https:\/\/denizcankizil.tr\/de\/?s={search_term_string}\"},\"query-input\":{\"@type\":\"PropertyValueSpecification\",\"valueRequired\":true,\"valueName\":\"search_term_string\"}}],\"inLanguage\":\"ru-RU\"},{\"@type\":\"Organization\",\"@id\":\"https:\/\/denizcankizil.tr\/de\/#organization\",\"name\":\"Av. Deniz Can K\u0131z\u0131l\",\"url\":\"https:\/\/denizcankizil.tr\/de\/\",\"logo\":{\"@type\":\"ImageObject\",\"inLanguage\":\"ru-RU\",\"@id\":\"https:\/\/denizcankizil.tr\/de\/#\/schema\/logo\/image\/\",\"url\":\"https:\/\/denizcankizil.tr\/wp-content\/uploads\/2024\/10\/siyah-logo-svg.svg\",\"contentUrl\":\"https:\/\/denizcankizil.tr\/wp-content\/uploads\/2024\/10\/siyah-logo-svg.svg\",\"width\":1080,\"height\":1080,\"caption\":\"Av. Deniz Can K\u0131z\u0131l\"},\"image\":{\"@id\":\"https:\/\/denizcankizil.tr\/de\/#\/schema\/logo\/image\/\"}},{\"@type\":\"Person\",\"@id\":\"https:\/\/denizcankizil.tr\/de\/#\/schema\/person\/5dc1b22991bd7ac833867c10afc9b0ff\",\"name\":\"Av. Deniz Can K\u0131z\u0131l\",\"image\":{\"@type\":\"ImageObject\",\"inLanguage\":\"ru-RU\",\"@id\":\"https:\/\/denizcankizil.tr\/de\/#\/schema\/person\/image\/\",\"url\":\"https:\/\/secure.gravatar.com\/avatar\/a0b128fb9855c79efc976d5640eedb31dc35ec297594d6016d2cf7c60e975bb6?s=96&d=mm&r=g\",\"contentUrl\":\"https:\/\/secure.gravatar.com\/avatar\/a0b128fb9855c79efc976d5640eedb31dc35ec297594d6016d2cf7c60e975bb6?s=96&d=mm&r=g\",\"caption\":\"Av. Deniz Can K\u0131z\u0131l\"},\"sameAs\":[\"http:\/\/www.denizcankizil.tr\"],\"url\":\"https:\/\/denizcankizil.tr\/ru\/author\/denizcankizil\/\"}]}<\/script>\n<!-- \/ Yoast SEO Premium plugin. -->","yoast_head_json":{"title":"Sulama kanal\u0131na u\u00e7an otomobildeki 2 ki\u015fi hayat\u0131n\u0131 kaybetti - Av. Deniz Can K\u0131z\u0131l","robots":{"index":"index","follow":"follow","max-snippet":"max-snippet:-1","max-image-preview":"max-image-preview:large","max-video-preview":"max-video-preview:-1"},"canonical":"https:\/\/denizcankizil.tr\/ru\/haberler\/antalya\/sulama-kanalina-ucan-otomobildeki-2-kisi-hayatini-kaybetti\/","og_locale":"ru_RU","og_type":"article","og_title":"Sulama kanal\u0131na u\u00e7an otomobildeki 2 ki\u015fi hayat\u0131n\u0131 kaybetti","og_description":"Kaza, Manavgat il\u00e7esi Ta\u015fa\u011f\u0131l Mahallesi Kaymaz Caddesi \u00fczerindeki sulama kanal\u0131 kenar\u0131nda meydana geldi. Edinilen bilgiye g\u00f6re, Ra\u015fit Akdeniz (46), arkada\u015f\u0131 Ali Uyan\u0131k\u2019\u0131 (70) evine b\u0131rakmak \u00fczere 07 AAK 810 plakal\u0131 otomobiliyle yola \u00e7\u0131kt\u0131. Gece saat 23.30 s\u0131ralar\u0131nda kanal kenar\u0131ndaki yoldan seyir halindeyken k\u00f6pr\u00fcye d\u00f6nmek isteyen Akdeniz, direksiyon h\u00e2kimiyetini kaybedince otomobil sulama kanal\u0131na devrildi. Kazay\u0131 fark eden bir vatanda\u015f\u0131n 112 Acil \u00c7a\u011fr\u0131 Merkezi\u2019ne yapt\u0131\u011f\u0131 ihbar \u00fczerine olay yerine Antalya B\u00fcy\u00fck\u015fehir Belediyesi \u0130tfaiyesi Manavgat Birimi, sa\u011fl\u0131k ekipleri ve jandarma sevk edildi. Olay yerine ula\u015fan ekipler, vatanda\u015flar taraf\u0131ndan sudan \u00e7\u0131kar\u0131lan Ra\u015fit Akdeniz ve Ali Uyan\u0131k\u2019\u0131n hayat\u0131n\u0131 kaybetti\u011fini belirledi. Yak\u0131nlar\u0131 olay yerinde sinir krizi ge\u00e7irdi Olay yerinde sinir krizi ge\u00e7iren aile yak\u0131nlar\u0131 g\u00f6zya\u015flar\u0131na bo\u011fulurken, baz\u0131 ki\u015filer bayg\u0131nl\u0131k ge\u00e7irdi. Akdeniz\u2019in, arkada\u015flar\u0131yla vakit ge\u00e7irdikten sonra Uyan\u0131k\u2019\u0131 evine b\u0131rakmaya \u00e7al\u0131\u015ft\u0131\u011f\u0131, kazan\u0131n da Uyan\u0131k\u2019\u0131n evine yaln\u0131zca 50 metre kala meydana geldi\u011fi belirtildi. Hayat\u0131n\u0131 kaybeden iki arkada\u015f\u0131n cenazeleri, jandarma, savc\u0131 ve adli tabip incelemelerinin ard\u0131ndan otopsi i\u00e7in Antalya Adli T\u0131p Kurumuna g\u00f6nderildi. Olayla ilgili soru\u015fturma ba\u015flat\u0131ld\u0131. Kaynak: www.kanalv.com.tr Haber Sitesinden Al\u0131nm\u0131\u015ft\u0131r.","og_url":"https:\/\/denizcankizil.tr\/ru\/haberler\/antalya\/sulama-kanalina-ucan-otomobildeki-2-kisi-hayatini-kaybetti\/","og_site_name":"Av. Deniz Can K\u0131z\u0131l","article_published_time":"2025-06-18T07:41:24+00:00","og_image":[{"width":1280,"height":720,"url":"https:\/\/denizcankizil.tr\/wp-content\/uploads\/2025\/06\/6920-01-QIsaCI.jpg","type":"image\/jpeg"}],"author":"Av. Deniz Can K\u0131z\u0131l","twitter_card":"summary_large_image","twitter_misc":{"\u041d\u0430\u043f\u0438\u0441\u0430\u043d\u043e \u0430\u0432\u0442\u043e\u0440\u043e\u043c":"Av. Deniz Can K\u0131z\u0131l","\u041f\u0440\u0438\u043c\u0435\u0440\u043d\u043e\u0435 \u0432\u0440\u0435\u043c\u044f \u0434\u043b\u044f \u0447\u0442\u0435\u043d\u0438\u044f":"1 \u043c\u0438\u043d\u0443\u0442\u0430"},"schema":{"@context":"https:\/\/schema.org","@graph":[{"@type":"Article","@id":"https:\/\/denizcankizil.tr\/de\/haberler\/antalya\/sulama-kanalina-ucan-otomobildeki-2-kisi-hayatini-kaybetti\/#article","isPartOf":{"@id":"https:\/\/denizcankizil.tr\/de\/haberler\/antalya\/sulama-kanalina-ucan-otomobildeki-2-kisi-hayatini-kaybetti\/"},"author":{"name":"Av. Deniz Can K\u0131z\u0131l","@id":"https:\/\/denizcankizil.tr\/de\/#\/schema\/person\/5dc1b22991bd7ac833867c10afc9b0ff"},"headline":"Sulama kanal\u0131na u\u00e7an otomobildeki 2 ki\u015fi hayat\u0131n\u0131 kaybetti","datePublished":"2025-06-18T07:41:24+00:00","mainEntityOfPage":{"@id":"https:\/\/denizcankizil.tr\/de\/haberler\/antalya\/sulama-kanalina-ucan-otomobildeki-2-kisi-hayatini-kaybetti\/"},"wordCount":238,"publisher":{"@id":"https:\/\/denizcankizil.tr\/de\/#organization"},"image":{"@id":"https:\/\/denizcankizil.tr\/de\/haberler\/antalya\/sulama-kanalina-ucan-otomobildeki-2-kisi-hayatini-kaybetti\/#primaryimage"},"thumbnailUrl":"https:\/\/denizcankizil.tr\/wp-content\/uploads\/2025\/06\/6920-01-QIsaCI.jpg","articleSection":["Antalya"],"inLanguage":"ru-RU"},{"@type":"WebPage","@id":"https:\/\/denizcankizil.tr\/de\/haberler\/antalya\/sulama-kanalina-ucan-otomobildeki-2-kisi-hayatini-kaybetti\/","url":"https:\/\/denizcankizil.tr\/de\/haberler\/antalya\/sulama-kanalina-ucan-otomobildeki-2-kisi-hayatini-kaybetti\/","name":"Sulama kanal\u0131na u\u00e7an otomobildeki 2 ki\u015fi hayat\u0131n\u0131 kaybetti - Av. Deniz Can K\u0131z\u0131l","isPartOf":{"@id":"https:\/\/denizcankizil.tr\/de\/#website"},"primaryImageOfPage":{"@id":"https:\/\/denizcankizil.tr\/de\/haberler\/antalya\/sulama-kanalina-ucan-otomobildeki-2-kisi-hayatini-kaybetti\/#primaryimage"},"image":{"@id":"https:\/\/denizcankizil.tr\/de\/haberler\/antalya\/sulama-kanalina-ucan-otomobildeki-2-kisi-hayatini-kaybetti\/#primaryimage"},"thumbnailUrl":"https:\/\/denizcankizil.tr\/wp-content\/uploads\/2025\/06\/6920-01-QIsaCI.jpg","datePublished":"2025-06-18T07:41:24+00:00","breadcrumb":{"@id":"https:\/\/denizcankizil.tr\/de\/haberler\/antalya\/sulama-kanalina-ucan-otomobildeki-2-kisi-hayatini-kaybetti\/#breadcrumb"},"inLanguage":"ru-RU","potentialAction":[{"@type":"ReadAction","target":["https:\/\/denizcankizil.tr\/de\/haberler\/antalya\/sulama-kanalina-ucan-otomobildeki-2-kisi-hayatini-kaybetti\/"]}]},{"@type":"ImageObject","inLanguage":"ru-RU","@id":"https:\/\/denizcankizil.tr\/de\/haberler\/antalya\/sulama-kanalina-ucan-otomobildeki-2-kisi-hayatini-kaybetti\/#primaryimage","url":"https:\/\/denizcankizil.tr\/wp-content\/uploads\/2025\/06\/6920-01-QIsaCI.jpg","contentUrl":"https:\/\/denizcankizil.tr\/wp-content\/uploads\/2025\/06\/6920-01-QIsaCI.jpg","width":1280,"height":720},{"@type":"BreadcrumbList","@id":"https:\/\/denizcankizil.tr\/de\/haberler\/antalya\/sulama-kanalina-ucan-otomobildeki-2-kisi-hayatini-kaybetti\/#breadcrumb","itemListElement":[{"@type":"ListItem","position":1,"name":"Home","item":"https:\/\/denizcankizil.tr\/de\/"},{"@type":"ListItem","position":2,"name":"Sulama kanal\u0131na u\u00e7an otomobildeki 2 ki\u015fi hayat\u0131n\u0131 kaybetti"}]},{"@type":"WebSite","@id":"https:\/\/denizcankizil.tr\/de\/#website","url":"https:\/\/denizcankizil.tr\/de\/","name":"Av. Deniz Can K\u0131z\u0131l","description":"Avukat Deniz Can K\u0131z\u0131l Antalya Barosu","publisher":{"@id":"https:\/\/denizcankizil.tr\/de\/#organization"},"potentialAction":[{"@type":"SearchAction","target":{"@type":"EntryPoint","urlTemplate":"https:\/\/denizcankizil.tr\/de\/?s={search_term_string}"},"query-input":{"@type":"PropertyValueSpecification","valueRequired":true,"valueName":"search_term_string"}}],"inLanguage":"ru-RU"},{"@type":"Organization","@id":"https:\/\/denizcankizil.tr\/de\/#organization","name":"Av. Deniz Can K\u0131z\u0131l","url":"https:\/\/denizcankizil.tr\/de\/","logo":{"@type":"ImageObject","inLanguage":"ru-RU","@id":"https:\/\/denizcankizil.tr\/de\/#\/schema\/logo\/image\/","url":"https:\/\/denizcankizil.tr\/wp-content\/uploads\/2024\/10\/siyah-logo-svg.svg","contentUrl":"https:\/\/denizcankizil.tr\/wp-content\/uploads\/2024\/10\/siyah-logo-svg.svg","width":1080,"height":1080,"caption":"Av. Deniz Can K\u0131z\u0131l"},"image":{"@id":"https:\/\/denizcankizil.tr\/de\/#\/schema\/logo\/image\/"}},{"@type":"Person","@id":"https:\/\/denizcankizil.tr\/de\/#\/schema\/person\/5dc1b22991bd7ac833867c10afc9b0ff","name":"Av. Deniz Can K\u0131z\u0131l","image":{"@type":"ImageObject","inLanguage":"ru-RU","@id":"https:\/\/denizcankizil.tr\/de\/#\/schema\/person\/image\/","url":"https:\/\/secure.gravatar.com\/avatar\/a0b128fb9855c79efc976d5640eedb31dc35ec297594d6016d2cf7c60e975bb6?s=96&d=mm&r=g","contentUrl":"https:\/\/secure.gravatar.com\/avatar\/a0b128fb9855c79efc976d5640eedb31dc35ec297594d6016d2cf7c60e975bb6?s=96&d=mm&r=g","caption":"Av. Deniz Can K\u0131z\u0131l"},"sameAs":["http:\/\/www.denizcankizil.tr"],"url":"https:\/\/denizcankizil.tr\/ru\/author\/denizcankizil\/"}]}},"_links":{"self":[{"href":"https:\/\/denizcankizil.tr\/ru\/wp-json\/wp\/v2\/posts\/119174","targetHints":{"allow":["GET"]}}],"collection":[{"href":"https:\/\/denizcankizil.tr\/ru\/wp-json\/wp\/v2\/posts"}],"about":[{"href":"https:\/\/denizcankizil.tr\/ru\/wp-json\/wp\/v2\/types\/post"}],"author":[{"embeddable":true,"href":"https:\/\/denizcankizil.tr\/ru\/wp-json\/wp\/v2\/users\/4"}],"replies":[{"embeddable":true,"href":"https:\/\/denizcankizil.tr\/ru\/wp-json\/wp\/v2\/comments?post=119174"}],"version-history":[{"count":0,"href":"https:\/\/denizcankizil.tr\/ru\/wp-json\/wp\/v2\/posts\/119174\/revisions"}],"wp:featuredmedia":[{"embeddable":true,"href":"https:\/\/denizcankizil.tr\/ru\/wp-json\/wp\/v2\/media\/119175"}],"wp:attachment":[{"href":"https:\/\/denizcankizil.tr\/ru\/wp-json\/wp\/v2\/media?parent=119174"}],"wp:term":[{"taxonomy":"category","embeddable":true,"href":"https:\/\/denizcankizil.tr\/ru\/wp-json\/wp\/v2\/categories?post=119174"},{"taxonomy":"post_tag","embeddable":true,"href":"https:\/\/denizcankizil.tr\/ru\/wp-json\/wp\/v2\/tags?post=119174"}],"curies":[{"name":"wp","href":"https:\/\/api.w.org\/{rel}","templated":true}]}}