{"id":119127,"date":"2025-06-18T09:41:27","date_gmt":"2025-06-18T06:41:27","guid":{"rendered":"https:\/\/denizcankizil.tr\/uncategorized-tr\/antalyada-toplu-tasimada-buyuk-degisim-yolda-yeni-duzenleme-meclis-gundeminde\/"},"modified":"2025-06-18T09:41:27","modified_gmt":"2025-06-18T06:41:27","slug":"antalyada-toplu-tasimada-buyuk-degisim-yolda-yeni-duzenleme-meclis-gundeminde","status":"publish","type":"post","link":"https:\/\/denizcankizil.tr\/ru\/haberler\/gundem\/antalyada-toplu-tasimada-buyuk-degisim-yolda-yeni-duzenleme-meclis-gundeminde\/","title":{"rendered":"Antalya\u2019da toplu ta\u015f\u0131mada b\u00fcy\u00fck de\u011fi\u015fim yolda: Yeni d\u00fczenleme meclis g\u00fcndeminde!"},"content":{"rendered":"<p>Antalya B\u00fcy\u00fck\u015fehir Belediyesi toplu ta\u015f\u0131ma sistemine ne\u015fter vurmaya haz\u0131rlan\u0131yor. B\u00fcy\u00fck\u015fehir Belediyesi, k\u0131rsal hatlarda hizmet veren EN plakal\u0131 minib\u00fcslerin kapasitesini art\u0131rarak otob\u00fcs cinsine d\u00f6n\u00fc\u015ft\u00fcr\u00fclmesini ama\u00e7layan yeni bir d\u00fczenlemeyi meclis g\u00fcndemine ald\u0131. Ula\u015f\u0131m Planlama Daire Ba\u015fkanl\u0131\u011f\u0131 taraf\u0131ndan haz\u0131rlanan teklifte, 14+1 koltuk kapasiteli minib\u00fcslerin 18+1 kapasiteye \u00e7\u0131kar\u0131larak otob\u00fcs s\u0131n\u0131f\u0131na dahil edilmesi ve bu d\u00f6n\u00fc\u015f\u00fcm i\u00e7in al\u0131nacak kapasite art\u0131\u015f bedelinin B\u00fcy\u00fck\u015fehir Belediye Meclisi taraf\u0131ndan belirlenmesi talep edildi.<\/p>\n<p>ATIL ARA\u00c7LAR S\u0130STEME KATILACAK<\/p>\n<p>Antalya K\u00f6rfez Gazetesi Muhabiri Ertu\u011frul G\u00fcn&#8217;\u00fcn \u00f6zel haberine g\u00f6re teklifte, pandemi sonras\u0131 d\u00fc\u015fen yolcu say\u0131lar\u0131, artan i\u015fletme maliyetleri ve akaryak\u0131t fiyatlar\u0131n\u0131n ta\u015f\u0131mac\u0131 esnaf\u0131 zorlad\u0131\u011f\u0131 vurguland\u0131. Antalya kent merkezinde k\u0131rsal hatlarda faaliyet g\u00f6steren 47 EN plakal\u0131 minib\u00fcsten yakla\u015f\u0131k yar\u0131s\u0131n\u0131n ekonomik nedenlerle \u00e7al\u0131\u015famaz hale geldi\u011fi belirtilerek, \u00e2t\u0131l durumdaki ara\u00e7lar\u0131n d\u00f6n\u00fc\u015f\u00fcmle tekrar toplu ta\u015f\u0131ma sistemine kazand\u0131r\u0131lmas\u0131 hedefleniyor.<\/p>\n<p>AYAKTA YOLCULUK \u00d6NLENECEK<\/p>\n<p>Yap\u0131lacak d\u00fczenlemeyle sadece mevcut ara\u00e7lar\u0131n yenilenmesi de\u011fil, ayn\u0131 zamanda daha y\u00fcksek kapasiteyle hizmet sunularak ayakta yolcu ta\u015f\u0131mac\u0131l\u0131\u011f\u0131n\u0131n da \u00f6n\u00fcne ge\u00e7ilmesi planlan\u0131yor. B\u00f6ylece hem trafik g\u00fcvenli\u011fine katk\u0131 sa\u011flanacak hem de k\u0131rsalda ya\u015fayan vatanda\u015flara daha konforlu ula\u015f\u0131m imk\u00e2n\u0131 sunulacak.<\/p>\n<p>AYNI HATTA \u00c7ALI\u015eMAYACAKLAR<\/p>\n<p>EN plakal\u0131 ara\u00e7lar\u0131n belediye otob\u00fcsleriyle ayn\u0131 hatta \u00e7al\u0131\u015ft\u0131r\u0131lmayaca\u011f\u0131, bunun yerine UKOME Genel Kurul taraf\u0131ndan belirlenecek g\u00fczergahta k\u0131rsal b\u00f6lgelerde g\u00f6revlendirilece\u011fi bildirildi. Bu sayede \u015fehir i\u00e7i hatlarda kullan\u0131lan belediye otob\u00fcslerinin ana arterlere ve yo\u011fun b\u00f6lgelere y\u00f6nlendirilerek sefer s\u0131kl\u0131\u011f\u0131n\u0131n ve yolcu memnuniyetinin art\u0131r\u0131lmas\u0131 hedefleniyor.<\/p>\n<p>YAKIT T\u00dcKET\u0130M\u0130 AZALACAK<\/p>\n<p>Ayr\u0131ca teklifte, yolcu yo\u011funlu\u011fu d\u00fc\u015f\u00fck saatlerde b\u00fcy\u00fck otob\u00fcsler yerine k\u00fc\u00e7\u00fck otob\u00fcslerin kullan\u0131lmas\u0131n\u0131n planland\u0131\u011f\u0131na dikkat \u00e7ekildi. Bu sayede ara\u00e7 filosunda daha etkin bir kullan\u0131m modeli olu\u015fturulacak, yak\u0131t t\u00fcketimi azalacak ve karbon emisyonlar\u0131nda d\u00fc\u015f\u00fc\u015f sa\u011flanarak \u00e7evresel s\u00fcrd\u00fcr\u00fclebilirli\u011fe katk\u0131 sunulmu\u015f olacak.<\/p>\n<p>\u0130\u015eLEVSEL VE VER\u0130ML\u0130 HALE GET\u0130R\u0130LECEK<\/p>\n<p>Antalya\u2019da daha \u00f6nce 2016 y\u0131l\u0131nda al\u0131nan UKOME Genel Kurulu karar\u0131yla M plakal\u0131 baz\u0131 ara\u00e7lar\u0131n birle\u015ferek AU plakal\u0131 12 metrelik otob\u00fcslere d\u00f6n\u00fc\u015ft\u00fc\u011f\u00fc hat\u0131rlat\u0131l\u0131rken, o karara kat\u0131lmayan ta\u015f\u0131mac\u0131lar\u0131n ise 14+1 M plakaya d\u00f6n\u00fc\u015fmesine izin verilmi\u015fti. Yeni teklifle birlikte, ge\u00e7mi\u015fteki bu d\u00f6n\u00fc\u015f\u00fcm s\u00fcrecine benzer \u015fekilde EN plakal\u0131 ara\u00e7lar da daha i\u015flevsel ve verimli hale getirilecek. Antalya B\u00fcy\u00fck\u015fehir Belediye Meclisi, Ula\u015f\u0131m Planlama Daire Ba\u015fkanl\u0131\u011f\u0131\u2019n\u0131n bu teklifini cuma g\u00fcn\u00fc ger\u00e7ekle\u015ftirilecek olan devam meclisinde g\u00f6r\u00fc\u015ferek karara ba\u011flayacak.<\/p>\n<p>\u200bAntalya\u2019da son zamanlarda ele\u015ftiri oklar\u0131n\u0131n hedefi olan toplu ta\u015f\u0131ma sisteminde bir dizi d\u00fczenlemeye gidilecek. Antalya B\u00fcy\u00fck\u015fehir Belediyesi, minib\u00fcslerin kapasitesini art\u0131rarak otob\u00fcs cinsine d\u00f6n\u00fc\u015ft\u00fcr\u00fclmesini ama\u00e7layan yeni bir d\u00fczenlemeyi meclis g\u00fcndemine ald\u0131.\u00a0<\/p>\n<p>\u200bHaberin Al\u0131nt\u0131land\u0131\u011f\u0131 Kaynak: www.antalyakorfez.com<\/p>","protected":false},"excerpt":{"rendered":"<p>Antalya B\u00fcy\u00fck\u015fehir Belediyesi toplu ta\u015f\u0131ma sistemine ne\u015fter vurmaya haz\u0131rlan\u0131yor. B\u00fcy\u00fck\u015fehir Belediyesi, k\u0131rsal hatlarda hizmet veren EN plakal\u0131 minib\u00fcslerin kapasitesini art\u0131rarak otob\u00fcs cinsine d\u00f6n\u00fc\u015ft\u00fcr\u00fclmesini ama\u00e7layan yeni bir d\u00fczenlemeyi meclis g\u00fcndemine ald\u0131. Ula\u015f\u0131m Planlama Daire Ba\u015fkanl\u0131\u011f\u0131 taraf\u0131ndan haz\u0131rlanan teklifte, 14+1 koltuk kapasiteli minib\u00fcslerin 18+1 kapasiteye \u00e7\u0131kar\u0131larak otob\u00fcs s\u0131n\u0131f\u0131na dahil edilmesi ve bu d\u00f6n\u00fc\u015f\u00fcm i\u00e7in al\u0131nacak kapasite art\u0131\u015f bedelinin B\u00fcy\u00fck\u015fehir Belediye Meclisi taraf\u0131ndan belirlenmesi talep edildi. ATIL ARA\u00c7LAR S\u0130STEME KATILACAK Antalya K\u00f6rfez Gazetesi Muhabiri Ertu\u011frul G\u00fcn&#8217;\u00fcn \u00f6zel haberine g\u00f6re teklifte, pandemi sonras\u0131 d\u00fc\u015fen yolcu say\u0131lar\u0131, artan i\u015fletme maliyetleri ve akaryak\u0131t fiyatlar\u0131n\u0131n ta\u015f\u0131mac\u0131 esnaf\u0131 zorlad\u0131\u011f\u0131 vurguland\u0131. Antalya kent merkezinde k\u0131rsal hatlarda faaliyet g\u00f6steren 47 EN plakal\u0131 minib\u00fcsten yakla\u015f\u0131k yar\u0131s\u0131n\u0131n ekonomik nedenlerle \u00e7al\u0131\u015famaz hale geldi\u011fi belirtilerek, \u00e2t\u0131l durumdaki ara\u00e7lar\u0131n d\u00f6n\u00fc\u015f\u00fcmle tekrar toplu ta\u015f\u0131ma sistemine kazand\u0131r\u0131lmas\u0131 hedefleniyor. AYAKTA YOLCULUK \u00d6NLENECEK Yap\u0131lacak d\u00fczenlemeyle sadece mevcut ara\u00e7lar\u0131n yenilenmesi de\u011fil, ayn\u0131 zamanda daha y\u00fcksek kapasiteyle hizmet sunularak ayakta yolcu ta\u015f\u0131mac\u0131l\u0131\u011f\u0131n\u0131n da \u00f6n\u00fcne ge\u00e7ilmesi planlan\u0131yor. B\u00f6ylece hem trafik g\u00fcvenli\u011fine katk\u0131 sa\u011flanacak hem de k\u0131rsalda ya\u015fayan vatanda\u015flara daha konforlu ula\u015f\u0131m imk\u00e2n\u0131 sunulacak. AYNI HATTA \u00c7ALI\u015eMAYACAKLAR EN plakal\u0131 ara\u00e7lar\u0131n belediye otob\u00fcsleriyle ayn\u0131 hatta \u00e7al\u0131\u015ft\u0131r\u0131lmayaca\u011f\u0131, bunun yerine UKOME Genel Kurul taraf\u0131ndan belirlenecek g\u00fczergahta k\u0131rsal b\u00f6lgelerde g\u00f6revlendirilece\u011fi bildirildi. Bu sayede \u015fehir i\u00e7i hatlarda kullan\u0131lan belediye otob\u00fcslerinin ana arterlere ve yo\u011fun b\u00f6lgelere y\u00f6nlendirilerek sefer s\u0131kl\u0131\u011f\u0131n\u0131n &hellip;<\/p>","protected":false},"author":5,"featured_media":0,"comment_status":"","ping_status":"open","sticky":false,"template":"","format":"standard","meta":{"_acf_changed":false,"footnotes":""},"categories":[24],"tags":[],"class_list":["post-119127","post","type-post","status-publish","format-standard","has-post-thumbnail","hentry","category-gundem"],"acf":[],"yoast_head":"<!-- This site is optimized with the Yoast SEO Premium plugin v26.6 (Yoast SEO v27.1.1) - https:\/\/yoast.com\/product\/yoast-seo-premium-wordpress\/ -->\n<title>Antalya\u2019da toplu ta\u015f\u0131mada b\u00fcy\u00fck de\u011fi\u015fim yolda: Yeni d\u00fczenleme meclis g\u00fcndeminde! - Av. Deniz Can K\u0131z\u0131l<\/title>\n<meta name=\"robots\" content=\"index, follow, max-snippet:-1, max-image-preview:large, max-video-preview:-1\" \/>\n<link rel=\"canonical\" href=\"https:\/\/denizcankizil.tr\/ru\/haberler\/gundem\/antalyada-toplu-tasimada-buyuk-degisim-yolda-yeni-duzenleme-meclis-gundeminde\/\" \/>\n<meta property=\"og:locale\" content=\"ru_RU\" \/>\n<meta property=\"og:type\" content=\"article\" \/>\n<meta property=\"og:title\" content=\"Antalya\u2019da toplu ta\u015f\u0131mada b\u00fcy\u00fck de\u011fi\u015fim yolda: Yeni d\u00fczenleme meclis g\u00fcndeminde!\" \/>\n<meta property=\"og:description\" content=\"Antalya B\u00fcy\u00fck\u015fehir Belediyesi toplu ta\u015f\u0131ma sistemine ne\u015fter vurmaya haz\u0131rlan\u0131yor. B\u00fcy\u00fck\u015fehir Belediyesi, k\u0131rsal hatlarda hizmet veren EN plakal\u0131 minib\u00fcslerin kapasitesini art\u0131rarak otob\u00fcs cinsine d\u00f6n\u00fc\u015ft\u00fcr\u00fclmesini ama\u00e7layan yeni bir d\u00fczenlemeyi meclis g\u00fcndemine ald\u0131. Ula\u015f\u0131m Planlama Daire Ba\u015fkanl\u0131\u011f\u0131 taraf\u0131ndan haz\u0131rlanan teklifte, 14+1 koltuk kapasiteli minib\u00fcslerin 18+1 kapasiteye \u00e7\u0131kar\u0131larak otob\u00fcs s\u0131n\u0131f\u0131na dahil edilmesi ve bu d\u00f6n\u00fc\u015f\u00fcm i\u00e7in al\u0131nacak kapasite art\u0131\u015f bedelinin B\u00fcy\u00fck\u015fehir Belediye Meclisi taraf\u0131ndan belirlenmesi talep edildi. ATIL ARA\u00c7LAR S\u0130STEME KATILACAK Antalya K\u00f6rfez Gazetesi Muhabiri Ertu\u011frul G\u00fcn&#8217;\u00fcn \u00f6zel haberine g\u00f6re teklifte, pandemi sonras\u0131 d\u00fc\u015fen yolcu say\u0131lar\u0131, artan i\u015fletme maliyetleri ve akaryak\u0131t fiyatlar\u0131n\u0131n ta\u015f\u0131mac\u0131 esnaf\u0131 zorlad\u0131\u011f\u0131 vurguland\u0131. Antalya kent merkezinde k\u0131rsal hatlarda faaliyet g\u00f6steren 47 EN plakal\u0131 minib\u00fcsten yakla\u015f\u0131k yar\u0131s\u0131n\u0131n ekonomik nedenlerle \u00e7al\u0131\u015famaz hale geldi\u011fi belirtilerek, \u00e2t\u0131l durumdaki ara\u00e7lar\u0131n d\u00f6n\u00fc\u015f\u00fcmle tekrar toplu ta\u015f\u0131ma sistemine kazand\u0131r\u0131lmas\u0131 hedefleniyor. AYAKTA YOLCULUK \u00d6NLENECEK Yap\u0131lacak d\u00fczenlemeyle sadece mevcut ara\u00e7lar\u0131n yenilenmesi de\u011fil, ayn\u0131 zamanda daha y\u00fcksek kapasiteyle hizmet sunularak ayakta yolcu ta\u015f\u0131mac\u0131l\u0131\u011f\u0131n\u0131n da \u00f6n\u00fcne ge\u00e7ilmesi planlan\u0131yor. B\u00f6ylece hem trafik g\u00fcvenli\u011fine katk\u0131 sa\u011flanacak hem de k\u0131rsalda ya\u015fayan vatanda\u015flara daha konforlu ula\u015f\u0131m imk\u00e2n\u0131 sunulacak. AYNI HATTA \u00c7ALI\u015eMAYACAKLAR EN plakal\u0131 ara\u00e7lar\u0131n belediye otob\u00fcsleriyle ayn\u0131 hatta \u00e7al\u0131\u015ft\u0131r\u0131lmayaca\u011f\u0131, bunun yerine UKOME Genel Kurul taraf\u0131ndan belirlenecek g\u00fczergahta k\u0131rsal b\u00f6lgelerde g\u00f6revlendirilece\u011fi bildirildi. Bu sayede \u015fehir i\u00e7i hatlarda kullan\u0131lan belediye otob\u00fcslerinin ana arterlere ve yo\u011fun b\u00f6lgelere y\u00f6nlendirilerek sefer s\u0131kl\u0131\u011f\u0131n\u0131n &hellip;\" \/>\n<meta property=\"og:url\" content=\"https:\/\/denizcankizil.tr\/ru\/haberler\/gundem\/antalyada-toplu-tasimada-buyuk-degisim-yolda-yeni-duzenleme-meclis-gundeminde\/\" \/>\n<meta property=\"og:site_name\" content=\"Av. Deniz Can K\u0131z\u0131l\" \/>\n<meta property=\"article:published_time\" content=\"2025-06-18T06:41:27+00:00\" \/>\n<meta name=\"author\" content=\"Antalya K\u00f6rfez\" \/>\n<meta name=\"twitter:card\" content=\"summary_large_image\" \/>\n<meta name=\"twitter:label1\" content=\"\u041d\u0430\u043f\u0438\u0441\u0430\u043d\u043e \u0430\u0432\u0442\u043e\u0440\u043e\u043c\" \/>\n\t<meta name=\"twitter:data1\" content=\"Antalya K\u00f6rfez\" \/>\n\t<meta name=\"twitter:label2\" content=\"\u041f\u0440\u0438\u043c\u0435\u0440\u043d\u043e\u0435 \u0432\u0440\u0435\u043c\u044f \u0434\u043b\u044f \u0447\u0442\u0435\u043d\u0438\u044f\" \/>\n\t<meta name=\"twitter:data2\" content=\"3 \u043c\u0438\u043d\u0443\u0442\u044b\" \/>\n<script type=\"application\/ld+json\" class=\"yoast-schema-graph\">{\"@context\":\"https:\/\/schema.org\",\"@graph\":[{\"@type\":\"Article\",\"@id\":\"https:\/\/denizcankizil.tr\/ru\/haberler\/gundem\/antalyada-toplu-tasimada-buyuk-degisim-yolda-yeni-duzenleme-meclis-gundeminde\/#article\",\"isPartOf\":{\"@id\":\"https:\/\/denizcankizil.tr\/ru\/haberler\/gundem\/antalyada-toplu-tasimada-buyuk-degisim-yolda-yeni-duzenleme-meclis-gundeminde\/\"},\"author\":{\"name\":\"Antalya K\u00f6rfez\",\"@id\":\"https:\/\/denizcankizil.tr\/de\/#\/schema\/person\/e1eb71bb4dd684d46563f0af307e1234\"},\"headline\":\"Antalya\u2019da toplu ta\u015f\u0131mada b\u00fcy\u00fck de\u011fi\u015fim yolda: Yeni d\u00fczenleme meclis g\u00fcndeminde!\",\"datePublished\":\"2025-06-18T06:41:27+00:00\",\"mainEntityOfPage\":{\"@id\":\"https:\/\/denizcankizil.tr\/ru\/haberler\/gundem\/antalyada-toplu-tasimada-buyuk-degisim-yolda-yeni-duzenleme-meclis-gundeminde\/\"},\"wordCount\":576,\"publisher\":{\"@id\":\"https:\/\/denizcankizil.tr\/de\/#organization\"},\"articleSection\":[\"G\u00fcndem\"],\"inLanguage\":\"ru-RU\"},{\"@type\":\"WebPage\",\"@id\":\"https:\/\/denizcankizil.tr\/ru\/haberler\/gundem\/antalyada-toplu-tasimada-buyuk-degisim-yolda-yeni-duzenleme-meclis-gundeminde\/\",\"url\":\"https:\/\/denizcankizil.tr\/ru\/haberler\/gundem\/antalyada-toplu-tasimada-buyuk-degisim-yolda-yeni-duzenleme-meclis-gundeminde\/\",\"name\":\"Antalya\u2019da toplu ta\u015f\u0131mada b\u00fcy\u00fck de\u011fi\u015fim yolda: Yeni d\u00fczenleme meclis g\u00fcndeminde! - Av. Deniz Can K\u0131z\u0131l\",\"isPartOf\":{\"@id\":\"https:\/\/denizcankizil.tr\/de\/#website\"},\"datePublished\":\"2025-06-18T06:41:27+00:00\",\"breadcrumb\":{\"@id\":\"https:\/\/denizcankizil.tr\/ru\/haberler\/gundem\/antalyada-toplu-tasimada-buyuk-degisim-yolda-yeni-duzenleme-meclis-gundeminde\/#breadcrumb\"},\"inLanguage\":\"ru-RU\",\"potentialAction\":[{\"@type\":\"ReadAction\",\"target\":[\"https:\/\/denizcankizil.tr\/ru\/haberler\/gundem\/antalyada-toplu-tasimada-buyuk-degisim-yolda-yeni-duzenleme-meclis-gundeminde\/\"]}]},{\"@type\":\"BreadcrumbList\",\"@id\":\"https:\/\/denizcankizil.tr\/ru\/haberler\/gundem\/antalyada-toplu-tasimada-buyuk-degisim-yolda-yeni-duzenleme-meclis-gundeminde\/#breadcrumb\",\"itemListElement\":[{\"@type\":\"ListItem\",\"position\":1,\"name\":\"Home\",\"item\":\"https:\/\/denizcankizil.tr\/de\/\"},{\"@type\":\"ListItem\",\"position\":2,\"name\":\"Antalya\u2019da toplu ta\u015f\u0131mada b\u00fcy\u00fck de\u011fi\u015fim yolda: Yeni d\u00fczenleme meclis g\u00fcndeminde!\"}]},{\"@type\":\"WebSite\",\"@id\":\"https:\/\/denizcankizil.tr\/de\/#website\",\"url\":\"https:\/\/denizcankizil.tr\/de\/\",\"name\":\"Av. Deniz Can K\u0131z\u0131l\",\"description\":\"Avukat Deniz Can K\u0131z\u0131l Antalya Barosu\",\"publisher\":{\"@id\":\"https:\/\/denizcankizil.tr\/de\/#organization\"},\"potentialAction\":[{\"@type\":\"SearchAction\",\"target\":{\"@type\":\"EntryPoint\",\"urlTemplate\":\"https:\/\/denizcankizil.tr\/de\/?s={search_term_string}\"},\"query-input\":{\"@type\":\"PropertyValueSpecification\",\"valueRequired\":true,\"valueName\":\"search_term_string\"}}],\"inLanguage\":\"ru-RU\"},{\"@type\":\"Organization\",\"@id\":\"https:\/\/denizcankizil.tr\/de\/#organization\",\"name\":\"Av. Deniz Can K\u0131z\u0131l\",\"url\":\"https:\/\/denizcankizil.tr\/de\/\",\"logo\":{\"@type\":\"ImageObject\",\"inLanguage\":\"ru-RU\",\"@id\":\"https:\/\/denizcankizil.tr\/de\/#\/schema\/logo\/image\/\",\"url\":\"https:\/\/denizcankizil.tr\/wp-content\/uploads\/2024\/10\/siyah-logo-svg.svg\",\"contentUrl\":\"https:\/\/denizcankizil.tr\/wp-content\/uploads\/2024\/10\/siyah-logo-svg.svg\",\"width\":1080,\"height\":1080,\"caption\":\"Av. Deniz Can K\u0131z\u0131l\"},\"image\":{\"@id\":\"https:\/\/denizcankizil.tr\/de\/#\/schema\/logo\/image\/\"}},{\"@type\":\"Person\",\"@id\":\"https:\/\/denizcankizil.tr\/de\/#\/schema\/person\/e1eb71bb4dd684d46563f0af307e1234\",\"name\":\"Antalya K\u00f6rfez\",\"image\":{\"@type\":\"ImageObject\",\"inLanguage\":\"ru-RU\",\"@id\":\"https:\/\/denizcankizil.tr\/de\/#\/schema\/person\/image\/\",\"url\":\"https:\/\/secure.gravatar.com\/avatar\/42b01982558a48a0b501fdcab6a408d3717ea5919095ee2e67b0e521799c5905?s=96&d=mm&r=g\",\"contentUrl\":\"https:\/\/secure.gravatar.com\/avatar\/42b01982558a48a0b501fdcab6a408d3717ea5919095ee2e67b0e521799c5905?s=96&d=mm&r=g\",\"caption\":\"Antalya K\u00f6rfez\"},\"sameAs\":[\"http:\/\/www.antalyakorfez.com\"],\"url\":\"https:\/\/www.antalyakorfez.com\/antalyada-toplu-tasimada-buyuk-degisim-yolda-yeni-duzenleme-meclis-gundeminde\"}]}<\/script>\n<!-- \/ Yoast SEO Premium plugin. -->","yoast_head_json":{"title":"Antalya\u2019da toplu ta\u015f\u0131mada b\u00fcy\u00fck de\u011fi\u015fim yolda: Yeni d\u00fczenleme meclis g\u00fcndeminde! - Av. Deniz Can K\u0131z\u0131l","robots":{"index":"index","follow":"follow","max-snippet":"max-snippet:-1","max-image-preview":"max-image-preview:large","max-video-preview":"max-video-preview:-1"},"canonical":"https:\/\/denizcankizil.tr\/ru\/haberler\/gundem\/antalyada-toplu-tasimada-buyuk-degisim-yolda-yeni-duzenleme-meclis-gundeminde\/","og_locale":"ru_RU","og_type":"article","og_title":"Antalya\u2019da toplu ta\u015f\u0131mada b\u00fcy\u00fck de\u011fi\u015fim yolda: Yeni d\u00fczenleme meclis g\u00fcndeminde!","og_description":"Antalya B\u00fcy\u00fck\u015fehir Belediyesi toplu ta\u015f\u0131ma sistemine ne\u015fter vurmaya haz\u0131rlan\u0131yor. B\u00fcy\u00fck\u015fehir Belediyesi, k\u0131rsal hatlarda hizmet veren EN plakal\u0131 minib\u00fcslerin kapasitesini art\u0131rarak otob\u00fcs cinsine d\u00f6n\u00fc\u015ft\u00fcr\u00fclmesini ama\u00e7layan yeni bir d\u00fczenlemeyi meclis g\u00fcndemine ald\u0131. Ula\u015f\u0131m Planlama Daire Ba\u015fkanl\u0131\u011f\u0131 taraf\u0131ndan haz\u0131rlanan teklifte, 14+1 koltuk kapasiteli minib\u00fcslerin 18+1 kapasiteye \u00e7\u0131kar\u0131larak otob\u00fcs s\u0131n\u0131f\u0131na dahil edilmesi ve bu d\u00f6n\u00fc\u015f\u00fcm i\u00e7in al\u0131nacak kapasite art\u0131\u015f bedelinin B\u00fcy\u00fck\u015fehir Belediye Meclisi taraf\u0131ndan belirlenmesi talep edildi. ATIL ARA\u00c7LAR S\u0130STEME KATILACAK Antalya K\u00f6rfez Gazetesi Muhabiri Ertu\u011frul G\u00fcn&#8217;\u00fcn \u00f6zel haberine g\u00f6re teklifte, pandemi sonras\u0131 d\u00fc\u015fen yolcu say\u0131lar\u0131, artan i\u015fletme maliyetleri ve akaryak\u0131t fiyatlar\u0131n\u0131n ta\u015f\u0131mac\u0131 esnaf\u0131 zorlad\u0131\u011f\u0131 vurguland\u0131. Antalya kent merkezinde k\u0131rsal hatlarda faaliyet g\u00f6steren 47 EN plakal\u0131 minib\u00fcsten yakla\u015f\u0131k yar\u0131s\u0131n\u0131n ekonomik nedenlerle \u00e7al\u0131\u015famaz hale geldi\u011fi belirtilerek, \u00e2t\u0131l durumdaki ara\u00e7lar\u0131n d\u00f6n\u00fc\u015f\u00fcmle tekrar toplu ta\u015f\u0131ma sistemine kazand\u0131r\u0131lmas\u0131 hedefleniyor. AYAKTA YOLCULUK \u00d6NLENECEK Yap\u0131lacak d\u00fczenlemeyle sadece mevcut ara\u00e7lar\u0131n yenilenmesi de\u011fil, ayn\u0131 zamanda daha y\u00fcksek kapasiteyle hizmet sunularak ayakta yolcu ta\u015f\u0131mac\u0131l\u0131\u011f\u0131n\u0131n da \u00f6n\u00fcne ge\u00e7ilmesi planlan\u0131yor. B\u00f6ylece hem trafik g\u00fcvenli\u011fine katk\u0131 sa\u011flanacak hem de k\u0131rsalda ya\u015fayan vatanda\u015flara daha konforlu ula\u015f\u0131m imk\u00e2n\u0131 sunulacak. AYNI HATTA \u00c7ALI\u015eMAYACAKLAR EN plakal\u0131 ara\u00e7lar\u0131n belediye otob\u00fcsleriyle ayn\u0131 hatta \u00e7al\u0131\u015ft\u0131r\u0131lmayaca\u011f\u0131, bunun yerine UKOME Genel Kurul taraf\u0131ndan belirlenecek g\u00fczergahta k\u0131rsal b\u00f6lgelerde g\u00f6revlendirilece\u011fi bildirildi. Bu sayede \u015fehir i\u00e7i hatlarda kullan\u0131lan belediye otob\u00fcslerinin ana arterlere ve yo\u011fun b\u00f6lgelere y\u00f6nlendirilerek sefer s\u0131kl\u0131\u011f\u0131n\u0131n &hellip;","og_url":"https:\/\/denizcankizil.tr\/ru\/haberler\/gundem\/antalyada-toplu-tasimada-buyuk-degisim-yolda-yeni-duzenleme-meclis-gundeminde\/","og_site_name":"Av. Deniz Can K\u0131z\u0131l","article_published_time":"2025-06-18T06:41:27+00:00","author":"Antalya K\u00f6rfez","twitter_card":"summary_large_image","twitter_misc":{"\u041d\u0430\u043f\u0438\u0441\u0430\u043d\u043e \u0430\u0432\u0442\u043e\u0440\u043e\u043c":"Antalya K\u00f6rfez","\u041f\u0440\u0438\u043c\u0435\u0440\u043d\u043e\u0435 \u0432\u0440\u0435\u043c\u044f \u0434\u043b\u044f \u0447\u0442\u0435\u043d\u0438\u044f":"3 \u043c\u0438\u043d\u0443\u0442\u044b"},"schema":{"@context":"https:\/\/schema.org","@graph":[{"@type":"Article","@id":"https:\/\/denizcankizil.tr\/ru\/haberler\/gundem\/antalyada-toplu-tasimada-buyuk-degisim-yolda-yeni-duzenleme-meclis-gundeminde\/#article","isPartOf":{"@id":"https:\/\/denizcankizil.tr\/ru\/haberler\/gundem\/antalyada-toplu-tasimada-buyuk-degisim-yolda-yeni-duzenleme-meclis-gundeminde\/"},"author":{"name":"Antalya K\u00f6rfez","@id":"https:\/\/denizcankizil.tr\/de\/#\/schema\/person\/e1eb71bb4dd684d46563f0af307e1234"},"headline":"Antalya\u2019da toplu ta\u015f\u0131mada b\u00fcy\u00fck de\u011fi\u015fim yolda: Yeni d\u00fczenleme meclis g\u00fcndeminde!","datePublished":"2025-06-18T06:41:27+00:00","mainEntityOfPage":{"@id":"https:\/\/denizcankizil.tr\/ru\/haberler\/gundem\/antalyada-toplu-tasimada-buyuk-degisim-yolda-yeni-duzenleme-meclis-gundeminde\/"},"wordCount":576,"publisher":{"@id":"https:\/\/denizcankizil.tr\/de\/#organization"},"articleSection":["G\u00fcndem"],"inLanguage":"ru-RU"},{"@type":"WebPage","@id":"https:\/\/denizcankizil.tr\/ru\/haberler\/gundem\/antalyada-toplu-tasimada-buyuk-degisim-yolda-yeni-duzenleme-meclis-gundeminde\/","url":"https:\/\/denizcankizil.tr\/ru\/haberler\/gundem\/antalyada-toplu-tasimada-buyuk-degisim-yolda-yeni-duzenleme-meclis-gundeminde\/","name":"Antalya\u2019da toplu ta\u015f\u0131mada b\u00fcy\u00fck de\u011fi\u015fim yolda: Yeni d\u00fczenleme meclis g\u00fcndeminde! - Av. Deniz Can K\u0131z\u0131l","isPartOf":{"@id":"https:\/\/denizcankizil.tr\/de\/#website"},"datePublished":"2025-06-18T06:41:27+00:00","breadcrumb":{"@id":"https:\/\/denizcankizil.tr\/ru\/haberler\/gundem\/antalyada-toplu-tasimada-buyuk-degisim-yolda-yeni-duzenleme-meclis-gundeminde\/#breadcrumb"},"inLanguage":"ru-RU","potentialAction":[{"@type":"ReadAction","target":["https:\/\/denizcankizil.tr\/ru\/haberler\/gundem\/antalyada-toplu-tasimada-buyuk-degisim-yolda-yeni-duzenleme-meclis-gundeminde\/"]}]},{"@type":"BreadcrumbList","@id":"https:\/\/denizcankizil.tr\/ru\/haberler\/gundem\/antalyada-toplu-tasimada-buyuk-degisim-yolda-yeni-duzenleme-meclis-gundeminde\/#breadcrumb","itemListElement":[{"@type":"ListItem","position":1,"name":"Home","item":"https:\/\/denizcankizil.tr\/de\/"},{"@type":"ListItem","position":2,"name":"Antalya\u2019da toplu ta\u015f\u0131mada b\u00fcy\u00fck de\u011fi\u015fim yolda: Yeni d\u00fczenleme meclis g\u00fcndeminde!"}]},{"@type":"WebSite","@id":"https:\/\/denizcankizil.tr\/de\/#website","url":"https:\/\/denizcankizil.tr\/de\/","name":"Av. Deniz Can K\u0131z\u0131l","description":"Avukat Deniz Can K\u0131z\u0131l Antalya Barosu","publisher":{"@id":"https:\/\/denizcankizil.tr\/de\/#organization"},"potentialAction":[{"@type":"SearchAction","target":{"@type":"EntryPoint","urlTemplate":"https:\/\/denizcankizil.tr\/de\/?s={search_term_string}"},"query-input":{"@type":"PropertyValueSpecification","valueRequired":true,"valueName":"search_term_string"}}],"inLanguage":"ru-RU"},{"@type":"Organization","@id":"https:\/\/denizcankizil.tr\/de\/#organization","name":"Av. Deniz Can K\u0131z\u0131l","url":"https:\/\/denizcankizil.tr\/de\/","logo":{"@type":"ImageObject","inLanguage":"ru-RU","@id":"https:\/\/denizcankizil.tr\/de\/#\/schema\/logo\/image\/","url":"https:\/\/denizcankizil.tr\/wp-content\/uploads\/2024\/10\/siyah-logo-svg.svg","contentUrl":"https:\/\/denizcankizil.tr\/wp-content\/uploads\/2024\/10\/siyah-logo-svg.svg","width":1080,"height":1080,"caption":"Av. Deniz Can K\u0131z\u0131l"},"image":{"@id":"https:\/\/denizcankizil.tr\/de\/#\/schema\/logo\/image\/"}},{"@type":"Person","@id":"https:\/\/denizcankizil.tr\/de\/#\/schema\/person\/e1eb71bb4dd684d46563f0af307e1234","name":"Antalya K\u00f6rfez","image":{"@type":"ImageObject","inLanguage":"ru-RU","@id":"https:\/\/denizcankizil.tr\/de\/#\/schema\/person\/image\/","url":"https:\/\/secure.gravatar.com\/avatar\/42b01982558a48a0b501fdcab6a408d3717ea5919095ee2e67b0e521799c5905?s=96&d=mm&r=g","contentUrl":"https:\/\/secure.gravatar.com\/avatar\/42b01982558a48a0b501fdcab6a408d3717ea5919095ee2e67b0e521799c5905?s=96&d=mm&r=g","caption":"Antalya K\u00f6rfez"},"sameAs":["http:\/\/www.antalyakorfez.com"],"url":"https:\/\/www.antalyakorfez.com\/antalyada-toplu-tasimada-buyuk-degisim-yolda-yeni-duzenleme-meclis-gundeminde"}]}},"_links":{"self":[{"href":"https:\/\/denizcankizil.tr\/ru\/wp-json\/wp\/v2\/posts\/119127","targetHints":{"allow":["GET"]}}],"collection":[{"href":"https:\/\/denizcankizil.tr\/ru\/wp-json\/wp\/v2\/posts"}],"about":[{"href":"https:\/\/denizcankizil.tr\/ru\/wp-json\/wp\/v2\/types\/post"}],"author":[{"embeddable":true,"href":"https:\/\/denizcankizil.tr\/ru\/wp-json\/wp\/v2\/users\/5"}],"replies":[{"embeddable":true,"href":"https:\/\/denizcankizil.tr\/ru\/wp-json\/wp\/v2\/comments?post=119127"}],"version-history":[{"count":0,"href":"https:\/\/denizcankizil.tr\/ru\/wp-json\/wp\/v2\/posts\/119127\/revisions"}],"wp:attachment":[{"href":"https:\/\/denizcankizil.tr\/ru\/wp-json\/wp\/v2\/media?parent=119127"}],"wp:term":[{"taxonomy":"category","embeddable":true,"href":"https:\/\/denizcankizil.tr\/ru\/wp-json\/wp\/v2\/categories?post=119127"},{"taxonomy":"post_tag","embeddable":true,"href":"https:\/\/denizcankizil.tr\/ru\/wp-json\/wp\/v2\/tags?post=119127"}],"curies":[{"name":"wp","href":"https:\/\/api.w.org\/{rel}","templated":true}]}}