{"id":118782,"date":"2025-06-17T20:41:15","date_gmt":"2025-06-17T17:41:15","guid":{"rendered":"https:\/\/denizcankizil.tr\/uncategorized-tr\/halka-korku-salmisti-mersin-valiliginden-kopek-baligi-aciklamasi\/"},"modified":"2025-06-17T20:41:15","modified_gmt":"2025-06-17T17:41:15","slug":"halka-korku-salmisti-mersin-valiliginden-kopek-baligi-aciklamasi","status":"publish","type":"post","link":"https:\/\/denizcankizil.tr\/ru\/haberler\/gundem\/halka-korku-salmisti-mersin-valiliginden-kopek-baligi-aciklamasi\/","title":{"rendered":"Halka korku salm\u0131\u015ft\u0131! Mersin Valili\u011fi\u2019nden k\u00f6pek bal\u0131\u011f\u0131 a\u00e7\u0131klamas\u0131\u2026"},"content":{"rendered":"<p>Mersin Valili\u011finden yap\u0131lan yaz\u0131l\u0131 a\u00e7\u0131klamada, sosyal medyada payla\u015f\u0131lan k\u00f6pek bal\u0131\u011f\u0131 g\u00f6r\u00fcnt\u00fcleriyle ilgili kamuoyunun do\u011fru bilgilendirilmesi amac\u0131yla de\u011ferlendirme yap\u0131ld\u0131\u011f\u0131 belirtildi. A\u00e7\u0131klamada, k\u00f6pek bal\u0131klar\u0131n\u0131n bal\u0131k\u00e7\u0131lar\u0131n k\u0131y\u0131dan yakla\u015f\u0131k 12 deniz mili uzakl\u0131kta, 250 ila 400 metre derinlikte ger\u00e7ekle\u015ftirdi\u011fi avc\u0131l\u0131k faaliyetleri s\u0131ras\u0131nda a\u011flara tak\u0131ld\u0131\u011f\u0131 kaydedildi. Bu durumun, t\u00fcrlerin a\u00e7\u0131k ve derin denizlerde ya\u015fad\u0131\u011f\u0131n\u0131 g\u00f6sterdi\u011fi vurguland\u0131.<\/p>\n<p>\u0130NSANLARA ZARAR VERMEZLER<\/p>\n<p>Mersin \u00dcniversitesi Su \u00dcr\u00fcnleri Fak\u00fcltesi \u00f6\u011fretim \u00fcyelerinin g\u00f6r\u00fc\u015flerine de yer verilen a\u00e7\u0131klamada, Akdeniz ve Ege Denizi a\u00e7\u0131klar\u0131nda g\u00f6zlemlenen k\u00f6pek bal\u0131klar\u0131n\u0131n \u00e7o\u011funlukla \u00fcrkek yap\u0131da olduklar\u0131, insanlara sald\u0131rma e\u011filiminde bulunmad\u0131klar\u0131 ifade edildi. S\u00f6z konusu g\u00f6r\u00fcnt\u00fclerde yer alan bal\u0131k t\u00fcrlerinin ise genellikle sapan kuyruklu k\u00f6pek bal\u0131\u011f\u0131, boz camg\u00f6z ve alt\u0131 yar\u0131kl\u0131 k\u00f6pek bal\u0131\u011f\u0131 oldu\u011funun alt\u0131 \u00e7izildi.<\/p>\n<p>A\u00e7\u0131klaman\u0131n sonunda, mavi bayrakl\u0131 koylar ve do\u011fal g\u00fczelliklerle Mersin k\u0131y\u0131lar\u0131n\u0131n vatanda\u015flar\u0131n hizmetinde oldu\u011fu belirtilerek, sosyal medyada dola\u015fan yan\u0131lt\u0131c\u0131 i\u00e7eriklere kar\u015f\u0131 dikkatli olunmas\u0131 \u00e7a\u011fr\u0131s\u0131nda bulunuldu.<\/p>\n<p>\u200bMersin Valili\u011fi son g\u00fcnlerde sahillerde artan k\u00f6pek bal\u0131\u011f\u0131 hareketlili\u011fine ili\u015fkin bir a\u00e7\u0131klama yapt\u0131. Valilik a\u00e7\u0131klamas\u0131nda, yakalanan k\u00f6pek bal\u0131klar\u0131n\u0131n sald\u0131rgan olmayan t\u00fcrlerden oldu\u011fu ve insanlar i\u00e7in bir tehlike olu\u015fturmad\u0131\u011f\u0131 belirtildi.\u00a0<\/p>\n<p>\u200bHaberin Al\u0131nt\u0131land\u0131\u011f\u0131 Kaynak: www.antalyakorfez.com<\/p>","protected":false},"excerpt":{"rendered":"<p>Mersin Valili\u011finden yap\u0131lan yaz\u0131l\u0131 a\u00e7\u0131klamada, sosyal medyada payla\u015f\u0131lan k\u00f6pek bal\u0131\u011f\u0131 g\u00f6r\u00fcnt\u00fcleriyle ilgili kamuoyunun do\u011fru bilgilendirilmesi amac\u0131yla de\u011ferlendirme yap\u0131ld\u0131\u011f\u0131 belirtildi. A\u00e7\u0131klamada, k\u00f6pek bal\u0131klar\u0131n\u0131n bal\u0131k\u00e7\u0131lar\u0131n k\u0131y\u0131dan yakla\u015f\u0131k 12 deniz mili uzakl\u0131kta, 250 ila 400 metre derinlikte ger\u00e7ekle\u015ftirdi\u011fi avc\u0131l\u0131k faaliyetleri s\u0131ras\u0131nda a\u011flara tak\u0131ld\u0131\u011f\u0131 kaydedildi. Bu durumun, t\u00fcrlerin a\u00e7\u0131k ve derin denizlerde ya\u015fad\u0131\u011f\u0131n\u0131 g\u00f6sterdi\u011fi vurguland\u0131. \u0130NSANLARA ZARAR VERMEZLER Mersin \u00dcniversitesi Su \u00dcr\u00fcnleri Fak\u00fcltesi \u00f6\u011fretim \u00fcyelerinin g\u00f6r\u00fc\u015flerine de yer verilen a\u00e7\u0131klamada, Akdeniz ve Ege Denizi a\u00e7\u0131klar\u0131nda g\u00f6zlemlenen k\u00f6pek bal\u0131klar\u0131n\u0131n \u00e7o\u011funlukla \u00fcrkek yap\u0131da olduklar\u0131, insanlara sald\u0131rma e\u011filiminde bulunmad\u0131klar\u0131 ifade edildi. S\u00f6z konusu g\u00f6r\u00fcnt\u00fclerde yer alan bal\u0131k t\u00fcrlerinin ise genellikle sapan kuyruklu k\u00f6pek bal\u0131\u011f\u0131, boz camg\u00f6z ve alt\u0131 yar\u0131kl\u0131 k\u00f6pek bal\u0131\u011f\u0131 oldu\u011funun alt\u0131 \u00e7izildi. A\u00e7\u0131klaman\u0131n sonunda, mavi bayrakl\u0131 koylar ve do\u011fal g\u00fczelliklerle Mersin k\u0131y\u0131lar\u0131n\u0131n vatanda\u015flar\u0131n hizmetinde oldu\u011fu belirtilerek, sosyal medyada dola\u015fan yan\u0131lt\u0131c\u0131 i\u00e7eriklere kar\u015f\u0131 dikkatli olunmas\u0131 \u00e7a\u011fr\u0131s\u0131nda bulunuldu. \u200bMersin Valili\u011fi son g\u00fcnlerde sahillerde artan k\u00f6pek bal\u0131\u011f\u0131 hareketlili\u011fine ili\u015fkin bir a\u00e7\u0131klama yapt\u0131. Valilik a\u00e7\u0131klamas\u0131nda, yakalanan k\u00f6pek bal\u0131klar\u0131n\u0131n sald\u0131rgan olmayan t\u00fcrlerden oldu\u011fu ve insanlar i\u00e7in bir tehlike olu\u015fturmad\u0131\u011f\u0131 belirtildi.\u00a0 \u200bHaberin Al\u0131nt\u0131land\u0131\u011f\u0131 Kaynak: www.antalyakorfez.com<\/p>","protected":false},"author":5,"featured_media":0,"comment_status":"","ping_status":"open","sticky":false,"template":"","format":"standard","meta":{"_acf_changed":false,"footnotes":""},"categories":[24],"tags":[],"class_list":["post-118782","post","type-post","status-publish","format-standard","has-post-thumbnail","hentry","category-gundem"],"acf":[],"yoast_head":"<!-- This site is optimized with the Yoast SEO Premium plugin v26.6 (Yoast SEO v27.1.1) - https:\/\/yoast.com\/product\/yoast-seo-premium-wordpress\/ -->\n<title>Halka korku salm\u0131\u015ft\u0131! Mersin Valili\u011fi\u2019nden k\u00f6pek bal\u0131\u011f\u0131 a\u00e7\u0131klamas\u0131\u2026 - Av. Deniz Can K\u0131z\u0131l<\/title>\n<meta name=\"robots\" content=\"index, follow, max-snippet:-1, max-image-preview:large, max-video-preview:-1\" \/>\n<link rel=\"canonical\" href=\"https:\/\/denizcankizil.tr\/ru\/haberler\/gundem\/halka-korku-salmisti-mersin-valiliginden-kopek-baligi-aciklamasi\/\" \/>\n<meta property=\"og:locale\" content=\"ru_RU\" \/>\n<meta property=\"og:type\" content=\"article\" \/>\n<meta property=\"og:title\" content=\"Halka korku salm\u0131\u015ft\u0131! Mersin Valili\u011fi\u2019nden k\u00f6pek bal\u0131\u011f\u0131 a\u00e7\u0131klamas\u0131\u2026\" \/>\n<meta property=\"og:description\" content=\"Mersin Valili\u011finden yap\u0131lan yaz\u0131l\u0131 a\u00e7\u0131klamada, sosyal medyada payla\u015f\u0131lan k\u00f6pek bal\u0131\u011f\u0131 g\u00f6r\u00fcnt\u00fcleriyle ilgili kamuoyunun do\u011fru bilgilendirilmesi amac\u0131yla de\u011ferlendirme yap\u0131ld\u0131\u011f\u0131 belirtildi. A\u00e7\u0131klamada, k\u00f6pek bal\u0131klar\u0131n\u0131n bal\u0131k\u00e7\u0131lar\u0131n k\u0131y\u0131dan yakla\u015f\u0131k 12 deniz mili uzakl\u0131kta, 250 ila 400 metre derinlikte ger\u00e7ekle\u015ftirdi\u011fi avc\u0131l\u0131k faaliyetleri s\u0131ras\u0131nda a\u011flara tak\u0131ld\u0131\u011f\u0131 kaydedildi. Bu durumun, t\u00fcrlerin a\u00e7\u0131k ve derin denizlerde ya\u015fad\u0131\u011f\u0131n\u0131 g\u00f6sterdi\u011fi vurguland\u0131. \u0130NSANLARA ZARAR VERMEZLER Mersin \u00dcniversitesi Su \u00dcr\u00fcnleri Fak\u00fcltesi \u00f6\u011fretim \u00fcyelerinin g\u00f6r\u00fc\u015flerine de yer verilen a\u00e7\u0131klamada, Akdeniz ve Ege Denizi a\u00e7\u0131klar\u0131nda g\u00f6zlemlenen k\u00f6pek bal\u0131klar\u0131n\u0131n \u00e7o\u011funlukla \u00fcrkek yap\u0131da olduklar\u0131, insanlara sald\u0131rma e\u011filiminde bulunmad\u0131klar\u0131 ifade edildi. S\u00f6z konusu g\u00f6r\u00fcnt\u00fclerde yer alan bal\u0131k t\u00fcrlerinin ise genellikle sapan kuyruklu k\u00f6pek bal\u0131\u011f\u0131, boz camg\u00f6z ve alt\u0131 yar\u0131kl\u0131 k\u00f6pek bal\u0131\u011f\u0131 oldu\u011funun alt\u0131 \u00e7izildi. A\u00e7\u0131klaman\u0131n sonunda, mavi bayrakl\u0131 koylar ve do\u011fal g\u00fczelliklerle Mersin k\u0131y\u0131lar\u0131n\u0131n vatanda\u015flar\u0131n hizmetinde oldu\u011fu belirtilerek, sosyal medyada dola\u015fan yan\u0131lt\u0131c\u0131 i\u00e7eriklere kar\u015f\u0131 dikkatli olunmas\u0131 \u00e7a\u011fr\u0131s\u0131nda bulunuldu. \u200bMersin Valili\u011fi son g\u00fcnlerde sahillerde artan k\u00f6pek bal\u0131\u011f\u0131 hareketlili\u011fine ili\u015fkin bir a\u00e7\u0131klama yapt\u0131. Valilik a\u00e7\u0131klamas\u0131nda, yakalanan k\u00f6pek bal\u0131klar\u0131n\u0131n sald\u0131rgan olmayan t\u00fcrlerden oldu\u011fu ve insanlar i\u00e7in bir tehlike olu\u015fturmad\u0131\u011f\u0131 belirtildi.\u00a0 \u200bHaberin Al\u0131nt\u0131land\u0131\u011f\u0131 Kaynak: www.antalyakorfez.com\" \/>\n<meta property=\"og:url\" content=\"https:\/\/denizcankizil.tr\/ru\/haberler\/gundem\/halka-korku-salmisti-mersin-valiliginden-kopek-baligi-aciklamasi\/\" \/>\n<meta property=\"og:site_name\" content=\"Av. Deniz Can K\u0131z\u0131l\" \/>\n<meta property=\"article:published_time\" content=\"2025-06-17T17:41:15+00:00\" \/>\n<meta name=\"author\" content=\"Antalya K\u00f6rfez\" \/>\n<meta name=\"twitter:card\" content=\"summary_large_image\" \/>\n<meta name=\"twitter:label1\" content=\"\u041d\u0430\u043f\u0438\u0441\u0430\u043d\u043e \u0430\u0432\u0442\u043e\u0440\u043e\u043c\" \/>\n\t<meta name=\"twitter:data1\" content=\"Antalya K\u00f6rfez\" \/>\n\t<meta name=\"twitter:label2\" content=\"\u041f\u0440\u0438\u043c\u0435\u0440\u043d\u043e\u0435 \u0432\u0440\u0435\u043c\u044f \u0434\u043b\u044f \u0447\u0442\u0435\u043d\u0438\u044f\" \/>\n\t<meta name=\"twitter:data2\" content=\"1 \u043c\u0438\u043d\u0443\u0442\u0430\" \/>\n<script type=\"application\/ld+json\" class=\"yoast-schema-graph\">{\"@context\":\"https:\/\/schema.org\",\"@graph\":[{\"@type\":\"Article\",\"@id\":\"https:\/\/denizcankizil.tr\/ru\/haberler\/gundem\/halka-korku-salmisti-mersin-valiliginden-kopek-baligi-aciklamasi\/#article\",\"isPartOf\":{\"@id\":\"https:\/\/denizcankizil.tr\/ru\/haberler\/gundem\/halka-korku-salmisti-mersin-valiliginden-kopek-baligi-aciklamasi\/\"},\"author\":{\"name\":\"Antalya K\u00f6rfez\",\"@id\":\"https:\/\/denizcankizil.tr\/de\/#\/schema\/person\/e1eb71bb4dd684d46563f0af307e1234\"},\"headline\":\"Halka korku salm\u0131\u015ft\u0131! Mersin Valili\u011fi\u2019nden k\u00f6pek bal\u0131\u011f\u0131 a\u00e7\u0131klamas\u0131\u2026\",\"datePublished\":\"2025-06-17T17:41:15+00:00\",\"mainEntityOfPage\":{\"@id\":\"https:\/\/denizcankizil.tr\/ru\/haberler\/gundem\/halka-korku-salmisti-mersin-valiliginden-kopek-baligi-aciklamasi\/\"},\"wordCount\":281,\"publisher\":{\"@id\":\"https:\/\/denizcankizil.tr\/de\/#organization\"},\"articleSection\":[\"G\u00fcndem\"],\"inLanguage\":\"ru-RU\"},{\"@type\":\"WebPage\",\"@id\":\"https:\/\/denizcankizil.tr\/ru\/haberler\/gundem\/halka-korku-salmisti-mersin-valiliginden-kopek-baligi-aciklamasi\/\",\"url\":\"https:\/\/denizcankizil.tr\/ru\/haberler\/gundem\/halka-korku-salmisti-mersin-valiliginden-kopek-baligi-aciklamasi\/\",\"name\":\"Halka korku salm\u0131\u015ft\u0131! Mersin Valili\u011fi\u2019nden k\u00f6pek bal\u0131\u011f\u0131 a\u00e7\u0131klamas\u0131\u2026 - Av. Deniz Can K\u0131z\u0131l\",\"isPartOf\":{\"@id\":\"https:\/\/denizcankizil.tr\/de\/#website\"},\"datePublished\":\"2025-06-17T17:41:15+00:00\",\"breadcrumb\":{\"@id\":\"https:\/\/denizcankizil.tr\/ru\/haberler\/gundem\/halka-korku-salmisti-mersin-valiliginden-kopek-baligi-aciklamasi\/#breadcrumb\"},\"inLanguage\":\"ru-RU\",\"potentialAction\":[{\"@type\":\"ReadAction\",\"target\":[\"https:\/\/denizcankizil.tr\/ru\/haberler\/gundem\/halka-korku-salmisti-mersin-valiliginden-kopek-baligi-aciklamasi\/\"]}]},{\"@type\":\"BreadcrumbList\",\"@id\":\"https:\/\/denizcankizil.tr\/ru\/haberler\/gundem\/halka-korku-salmisti-mersin-valiliginden-kopek-baligi-aciklamasi\/#breadcrumb\",\"itemListElement\":[{\"@type\":\"ListItem\",\"position\":1,\"name\":\"Home\",\"item\":\"https:\/\/denizcankizil.tr\/de\/\"},{\"@type\":\"ListItem\",\"position\":2,\"name\":\"Halka korku salm\u0131\u015ft\u0131! Mersin Valili\u011fi\u2019nden k\u00f6pek bal\u0131\u011f\u0131 a\u00e7\u0131klamas\u0131\u2026\"}]},{\"@type\":\"WebSite\",\"@id\":\"https:\/\/denizcankizil.tr\/de\/#website\",\"url\":\"https:\/\/denizcankizil.tr\/de\/\",\"name\":\"Av. Deniz Can K\u0131z\u0131l\",\"description\":\"Avukat Deniz Can K\u0131z\u0131l Antalya Barosu\",\"publisher\":{\"@id\":\"https:\/\/denizcankizil.tr\/de\/#organization\"},\"potentialAction\":[{\"@type\":\"SearchAction\",\"target\":{\"@type\":\"EntryPoint\",\"urlTemplate\":\"https:\/\/denizcankizil.tr\/de\/?s={search_term_string}\"},\"query-input\":{\"@type\":\"PropertyValueSpecification\",\"valueRequired\":true,\"valueName\":\"search_term_string\"}}],\"inLanguage\":\"ru-RU\"},{\"@type\":\"Organization\",\"@id\":\"https:\/\/denizcankizil.tr\/de\/#organization\",\"name\":\"Av. Deniz Can K\u0131z\u0131l\",\"url\":\"https:\/\/denizcankizil.tr\/de\/\",\"logo\":{\"@type\":\"ImageObject\",\"inLanguage\":\"ru-RU\",\"@id\":\"https:\/\/denizcankizil.tr\/de\/#\/schema\/logo\/image\/\",\"url\":\"https:\/\/denizcankizil.tr\/wp-content\/uploads\/2024\/10\/siyah-logo-svg.svg\",\"contentUrl\":\"https:\/\/denizcankizil.tr\/wp-content\/uploads\/2024\/10\/siyah-logo-svg.svg\",\"width\":1080,\"height\":1080,\"caption\":\"Av. Deniz Can K\u0131z\u0131l\"},\"image\":{\"@id\":\"https:\/\/denizcankizil.tr\/de\/#\/schema\/logo\/image\/\"}},{\"@type\":\"Person\",\"@id\":\"https:\/\/denizcankizil.tr\/de\/#\/schema\/person\/e1eb71bb4dd684d46563f0af307e1234\",\"name\":\"Antalya K\u00f6rfez\",\"image\":{\"@type\":\"ImageObject\",\"inLanguage\":\"ru-RU\",\"@id\":\"https:\/\/denizcankizil.tr\/de\/#\/schema\/person\/image\/\",\"url\":\"https:\/\/secure.gravatar.com\/avatar\/42b01982558a48a0b501fdcab6a408d3717ea5919095ee2e67b0e521799c5905?s=96&d=mm&r=g\",\"contentUrl\":\"https:\/\/secure.gravatar.com\/avatar\/42b01982558a48a0b501fdcab6a408d3717ea5919095ee2e67b0e521799c5905?s=96&d=mm&r=g\",\"caption\":\"Antalya K\u00f6rfez\"},\"sameAs\":[\"http:\/\/www.antalyakorfez.com\"],\"url\":\"https:\/\/www.antalyakorfez.com\/halka-korku-salmisti-mersin-valiliginden-kopek-baligi-aciklamasi\"}]}<\/script>\n<!-- \/ Yoast SEO Premium plugin. -->","yoast_head_json":{"title":"Halka korku salm\u0131\u015ft\u0131! Mersin Valili\u011fi\u2019nden k\u00f6pek bal\u0131\u011f\u0131 a\u00e7\u0131klamas\u0131\u2026 - Av. Deniz Can K\u0131z\u0131l","robots":{"index":"index","follow":"follow","max-snippet":"max-snippet:-1","max-image-preview":"max-image-preview:large","max-video-preview":"max-video-preview:-1"},"canonical":"https:\/\/denizcankizil.tr\/ru\/haberler\/gundem\/halka-korku-salmisti-mersin-valiliginden-kopek-baligi-aciklamasi\/","og_locale":"ru_RU","og_type":"article","og_title":"Halka korku salm\u0131\u015ft\u0131! Mersin Valili\u011fi\u2019nden k\u00f6pek bal\u0131\u011f\u0131 a\u00e7\u0131klamas\u0131\u2026","og_description":"Mersin Valili\u011finden yap\u0131lan yaz\u0131l\u0131 a\u00e7\u0131klamada, sosyal medyada payla\u015f\u0131lan k\u00f6pek bal\u0131\u011f\u0131 g\u00f6r\u00fcnt\u00fcleriyle ilgili kamuoyunun do\u011fru bilgilendirilmesi amac\u0131yla de\u011ferlendirme yap\u0131ld\u0131\u011f\u0131 belirtildi. A\u00e7\u0131klamada, k\u00f6pek bal\u0131klar\u0131n\u0131n bal\u0131k\u00e7\u0131lar\u0131n k\u0131y\u0131dan yakla\u015f\u0131k 12 deniz mili uzakl\u0131kta, 250 ila 400 metre derinlikte ger\u00e7ekle\u015ftirdi\u011fi avc\u0131l\u0131k faaliyetleri s\u0131ras\u0131nda a\u011flara tak\u0131ld\u0131\u011f\u0131 kaydedildi. Bu durumun, t\u00fcrlerin a\u00e7\u0131k ve derin denizlerde ya\u015fad\u0131\u011f\u0131n\u0131 g\u00f6sterdi\u011fi vurguland\u0131. \u0130NSANLARA ZARAR VERMEZLER Mersin \u00dcniversitesi Su \u00dcr\u00fcnleri Fak\u00fcltesi \u00f6\u011fretim \u00fcyelerinin g\u00f6r\u00fc\u015flerine de yer verilen a\u00e7\u0131klamada, Akdeniz ve Ege Denizi a\u00e7\u0131klar\u0131nda g\u00f6zlemlenen k\u00f6pek bal\u0131klar\u0131n\u0131n \u00e7o\u011funlukla \u00fcrkek yap\u0131da olduklar\u0131, insanlara sald\u0131rma e\u011filiminde bulunmad\u0131klar\u0131 ifade edildi. S\u00f6z konusu g\u00f6r\u00fcnt\u00fclerde yer alan bal\u0131k t\u00fcrlerinin ise genellikle sapan kuyruklu k\u00f6pek bal\u0131\u011f\u0131, boz camg\u00f6z ve alt\u0131 yar\u0131kl\u0131 k\u00f6pek bal\u0131\u011f\u0131 oldu\u011funun alt\u0131 \u00e7izildi. A\u00e7\u0131klaman\u0131n sonunda, mavi bayrakl\u0131 koylar ve do\u011fal g\u00fczelliklerle Mersin k\u0131y\u0131lar\u0131n\u0131n vatanda\u015flar\u0131n hizmetinde oldu\u011fu belirtilerek, sosyal medyada dola\u015fan yan\u0131lt\u0131c\u0131 i\u00e7eriklere kar\u015f\u0131 dikkatli olunmas\u0131 \u00e7a\u011fr\u0131s\u0131nda bulunuldu. \u200bMersin Valili\u011fi son g\u00fcnlerde sahillerde artan k\u00f6pek bal\u0131\u011f\u0131 hareketlili\u011fine ili\u015fkin bir a\u00e7\u0131klama yapt\u0131. Valilik a\u00e7\u0131klamas\u0131nda, yakalanan k\u00f6pek bal\u0131klar\u0131n\u0131n sald\u0131rgan olmayan t\u00fcrlerden oldu\u011fu ve insanlar i\u00e7in bir tehlike olu\u015fturmad\u0131\u011f\u0131 belirtildi.\u00a0 \u200bHaberin Al\u0131nt\u0131land\u0131\u011f\u0131 Kaynak: www.antalyakorfez.com","og_url":"https:\/\/denizcankizil.tr\/ru\/haberler\/gundem\/halka-korku-salmisti-mersin-valiliginden-kopek-baligi-aciklamasi\/","og_site_name":"Av. Deniz Can K\u0131z\u0131l","article_published_time":"2025-06-17T17:41:15+00:00","author":"Antalya K\u00f6rfez","twitter_card":"summary_large_image","twitter_misc":{"\u041d\u0430\u043f\u0438\u0441\u0430\u043d\u043e \u0430\u0432\u0442\u043e\u0440\u043e\u043c":"Antalya K\u00f6rfez","\u041f\u0440\u0438\u043c\u0435\u0440\u043d\u043e\u0435 \u0432\u0440\u0435\u043c\u044f \u0434\u043b\u044f \u0447\u0442\u0435\u043d\u0438\u044f":"1 \u043c\u0438\u043d\u0443\u0442\u0430"},"schema":{"@context":"https:\/\/schema.org","@graph":[{"@type":"Article","@id":"https:\/\/denizcankizil.tr\/ru\/haberler\/gundem\/halka-korku-salmisti-mersin-valiliginden-kopek-baligi-aciklamasi\/#article","isPartOf":{"@id":"https:\/\/denizcankizil.tr\/ru\/haberler\/gundem\/halka-korku-salmisti-mersin-valiliginden-kopek-baligi-aciklamasi\/"},"author":{"name":"Antalya K\u00f6rfez","@id":"https:\/\/denizcankizil.tr\/de\/#\/schema\/person\/e1eb71bb4dd684d46563f0af307e1234"},"headline":"Halka korku salm\u0131\u015ft\u0131! Mersin Valili\u011fi\u2019nden k\u00f6pek bal\u0131\u011f\u0131 a\u00e7\u0131klamas\u0131\u2026","datePublished":"2025-06-17T17:41:15+00:00","mainEntityOfPage":{"@id":"https:\/\/denizcankizil.tr\/ru\/haberler\/gundem\/halka-korku-salmisti-mersin-valiliginden-kopek-baligi-aciklamasi\/"},"wordCount":281,"publisher":{"@id":"https:\/\/denizcankizil.tr\/de\/#organization"},"articleSection":["G\u00fcndem"],"inLanguage":"ru-RU"},{"@type":"WebPage","@id":"https:\/\/denizcankizil.tr\/ru\/haberler\/gundem\/halka-korku-salmisti-mersin-valiliginden-kopek-baligi-aciklamasi\/","url":"https:\/\/denizcankizil.tr\/ru\/haberler\/gundem\/halka-korku-salmisti-mersin-valiliginden-kopek-baligi-aciklamasi\/","name":"Halka korku salm\u0131\u015ft\u0131! Mersin Valili\u011fi\u2019nden k\u00f6pek bal\u0131\u011f\u0131 a\u00e7\u0131klamas\u0131\u2026 - Av. Deniz Can K\u0131z\u0131l","isPartOf":{"@id":"https:\/\/denizcankizil.tr\/de\/#website"},"datePublished":"2025-06-17T17:41:15+00:00","breadcrumb":{"@id":"https:\/\/denizcankizil.tr\/ru\/haberler\/gundem\/halka-korku-salmisti-mersin-valiliginden-kopek-baligi-aciklamasi\/#breadcrumb"},"inLanguage":"ru-RU","potentialAction":[{"@type":"ReadAction","target":["https:\/\/denizcankizil.tr\/ru\/haberler\/gundem\/halka-korku-salmisti-mersin-valiliginden-kopek-baligi-aciklamasi\/"]}]},{"@type":"BreadcrumbList","@id":"https:\/\/denizcankizil.tr\/ru\/haberler\/gundem\/halka-korku-salmisti-mersin-valiliginden-kopek-baligi-aciklamasi\/#breadcrumb","itemListElement":[{"@type":"ListItem","position":1,"name":"Home","item":"https:\/\/denizcankizil.tr\/de\/"},{"@type":"ListItem","position":2,"name":"Halka korku salm\u0131\u015ft\u0131! Mersin Valili\u011fi\u2019nden k\u00f6pek bal\u0131\u011f\u0131 a\u00e7\u0131klamas\u0131\u2026"}]},{"@type":"WebSite","@id":"https:\/\/denizcankizil.tr\/de\/#website","url":"https:\/\/denizcankizil.tr\/de\/","name":"Av. Deniz Can K\u0131z\u0131l","description":"Avukat Deniz Can K\u0131z\u0131l Antalya Barosu","publisher":{"@id":"https:\/\/denizcankizil.tr\/de\/#organization"},"potentialAction":[{"@type":"SearchAction","target":{"@type":"EntryPoint","urlTemplate":"https:\/\/denizcankizil.tr\/de\/?s={search_term_string}"},"query-input":{"@type":"PropertyValueSpecification","valueRequired":true,"valueName":"search_term_string"}}],"inLanguage":"ru-RU"},{"@type":"Organization","@id":"https:\/\/denizcankizil.tr\/de\/#organization","name":"Av. Deniz Can K\u0131z\u0131l","url":"https:\/\/denizcankizil.tr\/de\/","logo":{"@type":"ImageObject","inLanguage":"ru-RU","@id":"https:\/\/denizcankizil.tr\/de\/#\/schema\/logo\/image\/","url":"https:\/\/denizcankizil.tr\/wp-content\/uploads\/2024\/10\/siyah-logo-svg.svg","contentUrl":"https:\/\/denizcankizil.tr\/wp-content\/uploads\/2024\/10\/siyah-logo-svg.svg","width":1080,"height":1080,"caption":"Av. Deniz Can K\u0131z\u0131l"},"image":{"@id":"https:\/\/denizcankizil.tr\/de\/#\/schema\/logo\/image\/"}},{"@type":"Person","@id":"https:\/\/denizcankizil.tr\/de\/#\/schema\/person\/e1eb71bb4dd684d46563f0af307e1234","name":"Antalya K\u00f6rfez","image":{"@type":"ImageObject","inLanguage":"ru-RU","@id":"https:\/\/denizcankizil.tr\/de\/#\/schema\/person\/image\/","url":"https:\/\/secure.gravatar.com\/avatar\/42b01982558a48a0b501fdcab6a408d3717ea5919095ee2e67b0e521799c5905?s=96&d=mm&r=g","contentUrl":"https:\/\/secure.gravatar.com\/avatar\/42b01982558a48a0b501fdcab6a408d3717ea5919095ee2e67b0e521799c5905?s=96&d=mm&r=g","caption":"Antalya K\u00f6rfez"},"sameAs":["http:\/\/www.antalyakorfez.com"],"url":"https:\/\/www.antalyakorfez.com\/halka-korku-salmisti-mersin-valiliginden-kopek-baligi-aciklamasi"}]}},"_links":{"self":[{"href":"https:\/\/denizcankizil.tr\/ru\/wp-json\/wp\/v2\/posts\/118782","targetHints":{"allow":["GET"]}}],"collection":[{"href":"https:\/\/denizcankizil.tr\/ru\/wp-json\/wp\/v2\/posts"}],"about":[{"href":"https:\/\/denizcankizil.tr\/ru\/wp-json\/wp\/v2\/types\/post"}],"author":[{"embeddable":true,"href":"https:\/\/denizcankizil.tr\/ru\/wp-json\/wp\/v2\/users\/5"}],"replies":[{"embeddable":true,"href":"https:\/\/denizcankizil.tr\/ru\/wp-json\/wp\/v2\/comments?post=118782"}],"version-history":[{"count":0,"href":"https:\/\/denizcankizil.tr\/ru\/wp-json\/wp\/v2\/posts\/118782\/revisions"}],"wp:attachment":[{"href":"https:\/\/denizcankizil.tr\/ru\/wp-json\/wp\/v2\/media?parent=118782"}],"wp:term":[{"taxonomy":"category","embeddable":true,"href":"https:\/\/denizcankizil.tr\/ru\/wp-json\/wp\/v2\/categories?post=118782"},{"taxonomy":"post_tag","embeddable":true,"href":"https:\/\/denizcankizil.tr\/ru\/wp-json\/wp\/v2\/tags?post=118782"}],"curies":[{"name":"wp","href":"https:\/\/api.w.org\/{rel}","templated":true}]}}