{"id":118726,"date":"2025-06-17T17:41:51","date_gmt":"2025-06-17T14:41:51","guid":{"rendered":"https:\/\/denizcankizil.tr\/uncategorized-tr\/hapishanelerdeki-yogunluk-ve-cezasizlik-algisi-infaz-yasalarindaki-surekli-degisimler-cozum-mu\/"},"modified":"2025-06-17T17:41:51","modified_gmt":"2025-06-17T14:41:51","slug":"hapishanelerdeki-yogunluk-ve-cezasizlik-algisi-infaz-yasalarindaki-surekli-degisimler-cozum-mu","status":"publish","type":"post","link":"https:\/\/denizcankizil.tr\/ru\/haberler\/gundem\/hapishanelerdeki-yogunluk-ve-cezasizlik-algisi-infaz-yasalarindaki-surekli-degisimler-cozum-mu\/","title":{"rendered":"Hapishanelerdeki yo\u011funluk ve cezas\u0131zl\u0131k alg\u0131s\u0131: \u0130nfaz yasalar\u0131ndaki s\u00fcrekli de\u011fi\u015fimler \u00e7\u00f6z\u00fcm m\u00fc?"},"content":{"rendered":"<p>Uzun s\u00fcredir beklenen 10. Yarg\u0131 Paketi, 4 Haziran 2025 tarihinde T\u00fcrkiye B\u00fcy\u00fck Millet Meclisi (TBMM) Genel Kurulu&#8217;nda kabul edilerek Resmi Gazete&#8217;de yay\u0131mland\u0131. Bu paketle birlikte baz\u0131 cezalar\u0131n miktar\u0131 ve infaz s\u00fcrelerinde yap\u0131lan de\u011fi\u015fiklikler sonucunda yakla\u015f\u0131k 20 bin h\u00fck\u00fcml\u00fc ve tutuklu bayram \u00f6ncesi tahliye edildi. Ancak kamuoyunda en \u00e7ok merak edilen genel af beklentisi bu pakette kar\u015f\u0131l\u0131k bulamad\u0131. Genel af konusundaki beklentiler, yeni yasama d\u00f6nemine, yani Eyl\u00fcl-Ekim aylar\u0131na ertelendi. Avukat Abdullah Kadak, paketin temel amac\u0131n\u0131n cezaevlerindeki a\u015f\u0131r\u0131 doluluk oran\u0131n\u0131 d\u00fc\u015f\u00fcrmek oldu\u011funu belirtti.<\/p>\n<p>CEZAEVLER\u0130NDE KR\u0130T\u0130K DOLULUK ORANLARI ALARM VER\u0130YOR<\/p>\n<p>T\u00fcrkiye&#8217;de hali haz\u0131rda 396 cezaevi bulunuyor ve bu kurumlar\u0131n toplam kapasitesi yakla\u015f\u0131k 300 bin ki\u015fi. Ancak Adalet Bakanl\u0131\u011f\u0131 verilerine g\u00f6re, g\u00fcncel rakamlarla cezaevlerinde yakla\u015f\u0131k 410 bin vatanda\u015f bulunuyor. Bu durum, 20 ki\u015filik bir ko\u011fu\u015fta ortalama 30 ki\u015finin bar\u0131nd\u0131\u011f\u0131 bir tabloya i\u015faret ediyor. Avukat Kadak, bu kritik dolulu\u011fun, h\u00fck\u00fcml\u00fc ve tutuklular\u0131n cezalar\u0131n\u0131n insan hak ve onuruna yara\u015f\u0131r bir \u015fekilde infaz edilmesini imkans\u0131z hale getirdi\u011fini vurgulad\u0131. Bu soruna \u00e7\u00f6z\u00fcm olarak, infaz yasalar\u0131nda yap\u0131lan birtak\u0131m de\u011fi\u015fikliklerle cezaevlerinin n\u00fcfusunun azalt\u0131lmaya \u00e7al\u0131\u015f\u0131ld\u0131\u011f\u0131 ifade edildi.<\/p>\n<p>SIK DE\u011e\u0130\u015eEN \u0130NFAZ YASALARI VE \u0130STAT\u0130ST\u0130KSEL VER\u0130LER<\/p>\n<p>Avukat Abdullah Kadak&#8217;\u0131n dikkat \u00e7ekti\u011fi \u00f6nemli bir nokta ise T\u00fcrk Ceza \u0130nfaz Kanunlar\u0131&#8217;nda son 20 y\u0131lda tam 40 kez de\u011fi\u015fiklik yap\u0131lm\u0131\u015f olmas\u0131&#8230; Ancak bu d\u00fczenlemelerin su\u00e7 ve su\u00e7lu oranlar\u0131n\u0131 azaltmak yerine art\u0131rd\u0131\u011f\u0131, matematiksel verilerle ortaya konuyor. Kadak, &#8220;\u00d6rne\u011fin, n\u00fcfusu \u00fclkemizin yakla\u015f\u0131k 2 kat\u0131 olan 150 milyon n\u00fcfuslu Rusya&#8217;da cezaevlerindeki insan say\u0131s\u0131 500 bin iken, 80 milyon n\u00fcfuslu \u00fclkemizde cezaevindeki ki\u015fi say\u0131s\u0131 410 bin civar\u0131ndad\u0131r&#8221; dedi.<\/p>\n<p>T\u00fcrkiye&#8217;nin, Avrupa Konseyi&#8217;ne \u00fcye \u00fclkeler aras\u0131nda n\u00fcfusa oranla cezaevlerinin en kalabal\u0131k oldu\u011fu \u00fclke konumunda oldu\u011funa dikkat \u00e7ekildi. \u0130kinci s\u0131radaki yakla\u015f\u0131k 70 milyon n\u00fcfuslu \u0130ngiltere&#8217;de ise cezaevlerinde 90 bin ki\u015fi bulunuyor. Bu veriler, infaz kanunlar\u0131ndaki de\u011fi\u015fikliklerin cezaevi doluluk oranlar\u0131na orta ve uzun vadede \u00e7\u00f6z\u00fcm olmad\u0131\u011f\u0131n\u0131 a\u00e7\u0131k\u00e7a g\u00f6steriyor.<\/p>\n<p>TOPLUMDAK\u0130 CEZASIZLIK ALGISI END\u0130\u015eE YARATIYOR<\/p>\n<p>\u0130nfaz yasalar\u0131n\u0131n bu denli s\u0131k de\u011fi\u015fmesinin en b\u00fcy\u00fck olumsuz etkisinin, toplumda bir cezas\u0131zl\u0131k alg\u0131s\u0131 yaratmas\u0131 oldu\u011fu belirtiliyor. Bu durum, ki\u015filerin ceza sistemini yeterince cayd\u0131r\u0131c\u0131 bulmamalar\u0131 ve su\u00e7 i\u015fleme hususunda daha c\u00fcretkar davranmalar\u0131 anlam\u0131na geliyor. Kadak, son y\u0131llarda sosyal medyada s\u0131k\u00e7a kar\u015f\u0131la\u015f\u0131lan trafik kavgalar\u0131n\u0131 \u00f6rnek g\u00f6stererek, insanlar\u0131n basit bir tart\u0131\u015fmada bile ara\u00e7lar\u0131ndan sopa veya b\u0131\u00e7akla inerek can ve mal g\u00fcvenli\u011fine zarar verdi\u011fini dile getirdi. Kadak&#8217;a g\u00f6re, \u00e7\u00f6z\u00fcm yasal d\u00fczenlemelerle cayd\u0131r\u0131c\u0131 cezalar konulmas\u0131ndan ve ki\u015filerin su\u00e7 i\u015flemeden \u00f6nce &#8220;40 kere d\u00fc\u015f\u00fcnecekleri&#8221; bir sistemin olu\u015fturulmas\u0131ndan ge\u00e7iyor.<\/p>\n<p>TAHL\u0130YELER SONRASI SOSYAL ENTEGRASYON \u00c7A\u011eRISI<\/p>\n<p>Kurban Bayram\u0131 \u00f6ncesi yakla\u015f\u0131k 20 bin mahkumun tahliye edilmesine ra\u011fmen, Avukat Abdullah Kadak, bu ki\u015filerin bar\u0131nma, i\u015f bulma ve asgari d\u00fczeyde de olsa ge\u00e7imlerini sa\u011flama konular\u0131n\u0131n yeterince takip edilmedi\u011fi endi\u015fesini ta\u015f\u0131d\u0131klar\u0131n\u0131 ifade etti. Cezaevinden \u00e7\u0131kan bir ki\u015finin sosyo-ekonomik olarak topluma entegre olamamas\u0131 durumunda, \u00e7ok k\u0131sa s\u00fcre sonra yeniden su\u00e7 i\u015fleyip cezaevine girme olas\u0131l\u0131\u011f\u0131n\u0131n y\u00fcksek oldu\u011funu vurgulayan Kadak, infaz d\u00fczenlemeleri yerine daha kal\u0131c\u0131 e\u011fitsel \u00e7\u00f6z\u00fcmler geli\u015ftirilmesi ve cezalar\u0131n cayd\u0131r\u0131c\u0131l\u0131k unsurlar\u0131 \u00fczerinde kapsaml\u0131 \u00e7al\u0131\u015fmalar yap\u0131lmas\u0131 gerekti\u011fini s\u00f6zlerine ekledi.<\/p>\n<p>\u200bT\u00fcrkiye&#8217;nin cezaevlerindeki doluluk oranlar\u0131, son d\u00f6nemde s\u0131k\u00e7a g\u00fcndeme gelen infaz yasas\u0131 de\u011fi\u015fiklikleriyle birlikte kamuoyunun en \u00f6nemli tart\u0131\u015fma konular\u0131ndan biri oldu. Avukat Abdullah Kadak&#8217;\u0131n de\u011ferlendirmeleri, 10. Yarg\u0131 Paketi ve son 20 y\u0131lda yap\u0131lan say\u0131s\u0131z infaz d\u00fczenlemesinin k\u0131sa vadeli \u00e7\u00f6z\u00fcmler sundu\u011funu, ancak as\u0131l sorunlar\u0131n toplumsal ve hukuki boyutlarda yatt\u0131\u011f\u0131n\u0131 g\u00f6zler \u00f6n\u00fcne serdi.\u00a0<\/p>\n<p>\u200bHaberin Al\u0131nt\u0131land\u0131\u011f\u0131 Kaynak: www.antalyakorfez.com<\/p>","protected":false},"excerpt":{"rendered":"<p>Uzun s\u00fcredir beklenen 10. Yarg\u0131 Paketi, 4 Haziran 2025 tarihinde T\u00fcrkiye B\u00fcy\u00fck Millet Meclisi (TBMM) Genel Kurulu&#8217;nda kabul edilerek Resmi Gazete&#8217;de yay\u0131mland\u0131. Bu paketle birlikte baz\u0131 cezalar\u0131n miktar\u0131 ve infaz s\u00fcrelerinde yap\u0131lan de\u011fi\u015fiklikler sonucunda yakla\u015f\u0131k 20 bin h\u00fck\u00fcml\u00fc ve tutuklu bayram \u00f6ncesi tahliye edildi. Ancak kamuoyunda en \u00e7ok merak edilen genel af beklentisi bu pakette kar\u015f\u0131l\u0131k bulamad\u0131. Genel af konusundaki beklentiler, yeni yasama d\u00f6nemine, yani Eyl\u00fcl-Ekim aylar\u0131na ertelendi. Avukat Abdullah Kadak, paketin temel amac\u0131n\u0131n cezaevlerindeki a\u015f\u0131r\u0131 doluluk oran\u0131n\u0131 d\u00fc\u015f\u00fcrmek oldu\u011funu belirtti. CEZAEVLER\u0130NDE KR\u0130T\u0130K DOLULUK ORANLARI ALARM VER\u0130YOR T\u00fcrkiye&#8217;de hali haz\u0131rda 396 cezaevi bulunuyor ve bu kurumlar\u0131n toplam kapasitesi yakla\u015f\u0131k 300 bin ki\u015fi. Ancak Adalet Bakanl\u0131\u011f\u0131 verilerine g\u00f6re, g\u00fcncel rakamlarla cezaevlerinde yakla\u015f\u0131k 410 bin vatanda\u015f bulunuyor. Bu durum, 20 ki\u015filik bir ko\u011fu\u015fta ortalama 30 ki\u015finin bar\u0131nd\u0131\u011f\u0131 bir tabloya i\u015faret ediyor. Avukat Kadak, bu kritik dolulu\u011fun, h\u00fck\u00fcml\u00fc ve tutuklular\u0131n cezalar\u0131n\u0131n insan hak ve onuruna yara\u015f\u0131r bir \u015fekilde infaz edilmesini imkans\u0131z hale getirdi\u011fini vurgulad\u0131. Bu soruna \u00e7\u00f6z\u00fcm olarak, infaz yasalar\u0131nda yap\u0131lan birtak\u0131m de\u011fi\u015fikliklerle cezaevlerinin n\u00fcfusunun azalt\u0131lmaya \u00e7al\u0131\u015f\u0131ld\u0131\u011f\u0131 ifade edildi. SIK DE\u011e\u0130\u015eEN \u0130NFAZ YASALARI VE \u0130STAT\u0130ST\u0130KSEL VER\u0130LER Avukat Abdullah Kadak&#8217;\u0131n dikkat \u00e7ekti\u011fi \u00f6nemli bir nokta ise T\u00fcrk Ceza \u0130nfaz Kanunlar\u0131&#8217;nda son 20 y\u0131lda tam 40 kez de\u011fi\u015fiklik yap\u0131lm\u0131\u015f olmas\u0131&#8230; Ancak bu d\u00fczenlemelerin su\u00e7 ve &hellip;<\/p>","protected":false},"author":5,"featured_media":0,"comment_status":"","ping_status":"open","sticky":false,"template":"","format":"standard","meta":{"_acf_changed":false,"footnotes":""},"categories":[24],"tags":[],"class_list":["post-118726","post","type-post","status-publish","format-standard","has-post-thumbnail","hentry","category-gundem"],"acf":[],"yoast_head":"<!-- This site is optimized with the Yoast SEO Premium plugin v26.6 (Yoast SEO v27.1.1) - https:\/\/yoast.com\/product\/yoast-seo-premium-wordpress\/ -->\n<title>Hapishanelerdeki yo\u011funluk ve cezas\u0131zl\u0131k alg\u0131s\u0131: \u0130nfaz yasalar\u0131ndaki s\u00fcrekli de\u011fi\u015fimler \u00e7\u00f6z\u00fcm m\u00fc? - Av. Deniz Can K\u0131z\u0131l<\/title>\n<meta name=\"robots\" content=\"index, follow, max-snippet:-1, max-image-preview:large, max-video-preview:-1\" \/>\n<link rel=\"canonical\" href=\"https:\/\/denizcankizil.tr\/ru\/haberler\/gundem\/hapishanelerdeki-yogunluk-ve-cezasizlik-algisi-infaz-yasalarindaki-surekli-degisimler-cozum-mu\/\" \/>\n<meta property=\"og:locale\" content=\"ru_RU\" \/>\n<meta property=\"og:type\" content=\"article\" \/>\n<meta property=\"og:title\" content=\"Hapishanelerdeki yo\u011funluk ve cezas\u0131zl\u0131k alg\u0131s\u0131: \u0130nfaz yasalar\u0131ndaki s\u00fcrekli de\u011fi\u015fimler \u00e7\u00f6z\u00fcm m\u00fc?\" \/>\n<meta property=\"og:description\" content=\"Uzun s\u00fcredir beklenen 10. Yarg\u0131 Paketi, 4 Haziran 2025 tarihinde T\u00fcrkiye B\u00fcy\u00fck Millet Meclisi (TBMM) Genel Kurulu&#8217;nda kabul edilerek Resmi Gazete&#8217;de yay\u0131mland\u0131. Bu paketle birlikte baz\u0131 cezalar\u0131n miktar\u0131 ve infaz s\u00fcrelerinde yap\u0131lan de\u011fi\u015fiklikler sonucunda yakla\u015f\u0131k 20 bin h\u00fck\u00fcml\u00fc ve tutuklu bayram \u00f6ncesi tahliye edildi. Ancak kamuoyunda en \u00e7ok merak edilen genel af beklentisi bu pakette kar\u015f\u0131l\u0131k bulamad\u0131. Genel af konusundaki beklentiler, yeni yasama d\u00f6nemine, yani Eyl\u00fcl-Ekim aylar\u0131na ertelendi. Avukat Abdullah Kadak, paketin temel amac\u0131n\u0131n cezaevlerindeki a\u015f\u0131r\u0131 doluluk oran\u0131n\u0131 d\u00fc\u015f\u00fcrmek oldu\u011funu belirtti. CEZAEVLER\u0130NDE KR\u0130T\u0130K DOLULUK ORANLARI ALARM VER\u0130YOR T\u00fcrkiye&#8217;de hali haz\u0131rda 396 cezaevi bulunuyor ve bu kurumlar\u0131n toplam kapasitesi yakla\u015f\u0131k 300 bin ki\u015fi. Ancak Adalet Bakanl\u0131\u011f\u0131 verilerine g\u00f6re, g\u00fcncel rakamlarla cezaevlerinde yakla\u015f\u0131k 410 bin vatanda\u015f bulunuyor. Bu durum, 20 ki\u015filik bir ko\u011fu\u015fta ortalama 30 ki\u015finin bar\u0131nd\u0131\u011f\u0131 bir tabloya i\u015faret ediyor. Avukat Kadak, bu kritik dolulu\u011fun, h\u00fck\u00fcml\u00fc ve tutuklular\u0131n cezalar\u0131n\u0131n insan hak ve onuruna yara\u015f\u0131r bir \u015fekilde infaz edilmesini imkans\u0131z hale getirdi\u011fini vurgulad\u0131. Bu soruna \u00e7\u00f6z\u00fcm olarak, infaz yasalar\u0131nda yap\u0131lan birtak\u0131m de\u011fi\u015fikliklerle cezaevlerinin n\u00fcfusunun azalt\u0131lmaya \u00e7al\u0131\u015f\u0131ld\u0131\u011f\u0131 ifade edildi. SIK DE\u011e\u0130\u015eEN \u0130NFAZ YASALARI VE \u0130STAT\u0130ST\u0130KSEL VER\u0130LER Avukat Abdullah Kadak&#8217;\u0131n dikkat \u00e7ekti\u011fi \u00f6nemli bir nokta ise T\u00fcrk Ceza \u0130nfaz Kanunlar\u0131&#8217;nda son 20 y\u0131lda tam 40 kez de\u011fi\u015fiklik yap\u0131lm\u0131\u015f olmas\u0131&#8230; Ancak bu d\u00fczenlemelerin su\u00e7 ve &hellip;\" \/>\n<meta property=\"og:url\" content=\"https:\/\/denizcankizil.tr\/ru\/haberler\/gundem\/hapishanelerdeki-yogunluk-ve-cezasizlik-algisi-infaz-yasalarindaki-surekli-degisimler-cozum-mu\/\" \/>\n<meta property=\"og:site_name\" content=\"Av. Deniz Can K\u0131z\u0131l\" \/>\n<meta property=\"article:published_time\" content=\"2025-06-17T14:41:51+00:00\" \/>\n<meta name=\"author\" content=\"Antalya K\u00f6rfez\" \/>\n<meta name=\"twitter:card\" content=\"summary_large_image\" \/>\n<meta name=\"twitter:label1\" content=\"\u041d\u0430\u043f\u0438\u0441\u0430\u043d\u043e \u0430\u0432\u0442\u043e\u0440\u043e\u043c\" \/>\n\t<meta name=\"twitter:data1\" content=\"Antalya K\u00f6rfez\" \/>\n\t<meta name=\"twitter:label2\" content=\"\u041f\u0440\u0438\u043c\u0435\u0440\u043d\u043e\u0435 \u0432\u0440\u0435\u043c\u044f \u0434\u043b\u044f \u0447\u0442\u0435\u043d\u0438\u044f\" \/>\n\t<meta name=\"twitter:data2\" content=\"4 \u043c\u0438\u043d\u0443\u0442\u044b\" \/>\n<script type=\"application\/ld+json\" class=\"yoast-schema-graph\">{\"@context\":\"https:\/\/schema.org\",\"@graph\":[{\"@type\":\"Article\",\"@id\":\"https:\/\/denizcankizil.tr\/ru\/haberler\/gundem\/hapishanelerdeki-yogunluk-ve-cezasizlik-algisi-infaz-yasalarindaki-surekli-degisimler-cozum-mu\/#article\",\"isPartOf\":{\"@id\":\"https:\/\/denizcankizil.tr\/ru\/haberler\/gundem\/hapishanelerdeki-yogunluk-ve-cezasizlik-algisi-infaz-yasalarindaki-surekli-degisimler-cozum-mu\/\"},\"author\":{\"name\":\"Antalya K\u00f6rfez\",\"@id\":\"https:\/\/denizcankizil.tr\/#\/schema\/person\/e1eb71bb4dd684d46563f0af307e1234\"},\"headline\":\"Hapishanelerdeki yo\u011funluk ve cezas\u0131zl\u0131k alg\u0131s\u0131: \u0130nfaz yasalar\u0131ndaki s\u00fcrekli de\u011fi\u015fimler \u00e7\u00f6z\u00fcm m\u00fc?\",\"datePublished\":\"2025-06-17T14:41:51+00:00\",\"mainEntityOfPage\":{\"@id\":\"https:\/\/denizcankizil.tr\/ru\/haberler\/gundem\/hapishanelerdeki-yogunluk-ve-cezasizlik-algisi-infaz-yasalarindaki-surekli-degisimler-cozum-mu\/\"},\"wordCount\":731,\"publisher\":{\"@id\":\"https:\/\/denizcankizil.tr\/#organization\"},\"articleSection\":[\"G\u00fcndem\"],\"inLanguage\":\"ru-RU\"},{\"@type\":\"WebPage\",\"@id\":\"https:\/\/denizcankizil.tr\/ru\/haberler\/gundem\/hapishanelerdeki-yogunluk-ve-cezasizlik-algisi-infaz-yasalarindaki-surekli-degisimler-cozum-mu\/\",\"url\":\"https:\/\/denizcankizil.tr\/ru\/haberler\/gundem\/hapishanelerdeki-yogunluk-ve-cezasizlik-algisi-infaz-yasalarindaki-surekli-degisimler-cozum-mu\/\",\"name\":\"Hapishanelerdeki yo\u011funluk ve cezas\u0131zl\u0131k alg\u0131s\u0131: \u0130nfaz yasalar\u0131ndaki s\u00fcrekli de\u011fi\u015fimler \u00e7\u00f6z\u00fcm m\u00fc? - Av. Deniz Can K\u0131z\u0131l\",\"isPartOf\":{\"@id\":\"https:\/\/denizcankizil.tr\/#website\"},\"datePublished\":\"2025-06-17T14:41:51+00:00\",\"breadcrumb\":{\"@id\":\"https:\/\/denizcankizil.tr\/ru\/haberler\/gundem\/hapishanelerdeki-yogunluk-ve-cezasizlik-algisi-infaz-yasalarindaki-surekli-degisimler-cozum-mu\/#breadcrumb\"},\"inLanguage\":\"ru-RU\",\"potentialAction\":[{\"@type\":\"ReadAction\",\"target\":[\"https:\/\/denizcankizil.tr\/ru\/haberler\/gundem\/hapishanelerdeki-yogunluk-ve-cezasizlik-algisi-infaz-yasalarindaki-surekli-degisimler-cozum-mu\/\"]}]},{\"@type\":\"BreadcrumbList\",\"@id\":\"https:\/\/denizcankizil.tr\/ru\/haberler\/gundem\/hapishanelerdeki-yogunluk-ve-cezasizlik-algisi-infaz-yasalarindaki-surekli-degisimler-cozum-mu\/#breadcrumb\",\"itemListElement\":[{\"@type\":\"ListItem\",\"position\":1,\"name\":\"Home\",\"item\":\"https:\/\/denizcankizil.tr\/de\/\"},{\"@type\":\"ListItem\",\"position\":2,\"name\":\"Hapishanelerdeki yo\u011funluk ve cezas\u0131zl\u0131k alg\u0131s\u0131: \u0130nfaz yasalar\u0131ndaki s\u00fcrekli de\u011fi\u015fimler \u00e7\u00f6z\u00fcm m\u00fc?\"}]},{\"@type\":\"WebSite\",\"@id\":\"https:\/\/denizcankizil.tr\/#website\",\"url\":\"https:\/\/denizcankizil.tr\/\",\"name\":\"Av. Deniz Can K\u0131z\u0131l\",\"description\":\"Avukat Deniz Can K\u0131z\u0131l Antalya Barosu\",\"publisher\":{\"@id\":\"https:\/\/denizcankizil.tr\/#organization\"},\"potentialAction\":[{\"@type\":\"SearchAction\",\"target\":{\"@type\":\"EntryPoint\",\"urlTemplate\":\"https:\/\/denizcankizil.tr\/?s={search_term_string}\"},\"query-input\":{\"@type\":\"PropertyValueSpecification\",\"valueRequired\":true,\"valueName\":\"search_term_string\"}}],\"inLanguage\":\"ru-RU\"},{\"@type\":\"Organization\",\"@id\":\"https:\/\/denizcankizil.tr\/#organization\",\"name\":\"Av. Deniz Can K\u0131z\u0131l\",\"url\":\"https:\/\/denizcankizil.tr\/\",\"logo\":{\"@type\":\"ImageObject\",\"inLanguage\":\"ru-RU\",\"@id\":\"https:\/\/denizcankizil.tr\/#\/schema\/logo\/image\/\",\"url\":\"https:\/\/denizcankizil.tr\/wp-content\/uploads\/2024\/10\/siyah-logo-svg.svg\",\"contentUrl\":\"https:\/\/denizcankizil.tr\/wp-content\/uploads\/2024\/10\/siyah-logo-svg.svg\",\"width\":1080,\"height\":1080,\"caption\":\"Av. Deniz Can K\u0131z\u0131l\"},\"image\":{\"@id\":\"https:\/\/denizcankizil.tr\/#\/schema\/logo\/image\/\"}},{\"@type\":\"Person\",\"@id\":\"https:\/\/denizcankizil.tr\/#\/schema\/person\/e1eb71bb4dd684d46563f0af307e1234\",\"name\":\"Antalya K\u00f6rfez\",\"image\":{\"@type\":\"ImageObject\",\"inLanguage\":\"ru-RU\",\"@id\":\"https:\/\/denizcankizil.tr\/#\/schema\/person\/image\/\",\"url\":\"https:\/\/secure.gravatar.com\/avatar\/42b01982558a48a0b501fdcab6a408d3717ea5919095ee2e67b0e521799c5905?s=96&d=mm&r=g\",\"contentUrl\":\"https:\/\/secure.gravatar.com\/avatar\/42b01982558a48a0b501fdcab6a408d3717ea5919095ee2e67b0e521799c5905?s=96&d=mm&r=g\",\"caption\":\"Antalya K\u00f6rfez\"},\"sameAs\":[\"http:\/\/www.antalyakorfez.com\"],\"url\":\"https:\/\/www.antalyakorfez.com\/hapishanelerdeki-yogunluk-ve-cezasizlik-algisi-infaz-yasalarindaki-surekli-degisimler-cozum-mu\"}]}<\/script>\n<!-- \/ Yoast SEO Premium plugin. -->","yoast_head_json":{"title":"Hapishanelerdeki yo\u011funluk ve cezas\u0131zl\u0131k alg\u0131s\u0131: \u0130nfaz yasalar\u0131ndaki s\u00fcrekli de\u011fi\u015fimler \u00e7\u00f6z\u00fcm m\u00fc? - Av. Deniz Can K\u0131z\u0131l","robots":{"index":"index","follow":"follow","max-snippet":"max-snippet:-1","max-image-preview":"max-image-preview:large","max-video-preview":"max-video-preview:-1"},"canonical":"https:\/\/denizcankizil.tr\/ru\/haberler\/gundem\/hapishanelerdeki-yogunluk-ve-cezasizlik-algisi-infaz-yasalarindaki-surekli-degisimler-cozum-mu\/","og_locale":"ru_RU","og_type":"article","og_title":"Hapishanelerdeki yo\u011funluk ve cezas\u0131zl\u0131k alg\u0131s\u0131: \u0130nfaz yasalar\u0131ndaki s\u00fcrekli de\u011fi\u015fimler \u00e7\u00f6z\u00fcm m\u00fc?","og_description":"Uzun s\u00fcredir beklenen 10. Yarg\u0131 Paketi, 4 Haziran 2025 tarihinde T\u00fcrkiye B\u00fcy\u00fck Millet Meclisi (TBMM) Genel Kurulu&#8217;nda kabul edilerek Resmi Gazete&#8217;de yay\u0131mland\u0131. Bu paketle birlikte baz\u0131 cezalar\u0131n miktar\u0131 ve infaz s\u00fcrelerinde yap\u0131lan de\u011fi\u015fiklikler sonucunda yakla\u015f\u0131k 20 bin h\u00fck\u00fcml\u00fc ve tutuklu bayram \u00f6ncesi tahliye edildi. Ancak kamuoyunda en \u00e7ok merak edilen genel af beklentisi bu pakette kar\u015f\u0131l\u0131k bulamad\u0131. Genel af konusundaki beklentiler, yeni yasama d\u00f6nemine, yani Eyl\u00fcl-Ekim aylar\u0131na ertelendi. Avukat Abdullah Kadak, paketin temel amac\u0131n\u0131n cezaevlerindeki a\u015f\u0131r\u0131 doluluk oran\u0131n\u0131 d\u00fc\u015f\u00fcrmek oldu\u011funu belirtti. CEZAEVLER\u0130NDE KR\u0130T\u0130K DOLULUK ORANLARI ALARM VER\u0130YOR T\u00fcrkiye&#8217;de hali haz\u0131rda 396 cezaevi bulunuyor ve bu kurumlar\u0131n toplam kapasitesi yakla\u015f\u0131k 300 bin ki\u015fi. Ancak Adalet Bakanl\u0131\u011f\u0131 verilerine g\u00f6re, g\u00fcncel rakamlarla cezaevlerinde yakla\u015f\u0131k 410 bin vatanda\u015f bulunuyor. Bu durum, 20 ki\u015filik bir ko\u011fu\u015fta ortalama 30 ki\u015finin bar\u0131nd\u0131\u011f\u0131 bir tabloya i\u015faret ediyor. Avukat Kadak, bu kritik dolulu\u011fun, h\u00fck\u00fcml\u00fc ve tutuklular\u0131n cezalar\u0131n\u0131n insan hak ve onuruna yara\u015f\u0131r bir \u015fekilde infaz edilmesini imkans\u0131z hale getirdi\u011fini vurgulad\u0131. Bu soruna \u00e7\u00f6z\u00fcm olarak, infaz yasalar\u0131nda yap\u0131lan birtak\u0131m de\u011fi\u015fikliklerle cezaevlerinin n\u00fcfusunun azalt\u0131lmaya \u00e7al\u0131\u015f\u0131ld\u0131\u011f\u0131 ifade edildi. SIK DE\u011e\u0130\u015eEN \u0130NFAZ YASALARI VE \u0130STAT\u0130ST\u0130KSEL VER\u0130LER Avukat Abdullah Kadak&#8217;\u0131n dikkat \u00e7ekti\u011fi \u00f6nemli bir nokta ise T\u00fcrk Ceza \u0130nfaz Kanunlar\u0131&#8217;nda son 20 y\u0131lda tam 40 kez de\u011fi\u015fiklik yap\u0131lm\u0131\u015f olmas\u0131&#8230; Ancak bu d\u00fczenlemelerin su\u00e7 ve &hellip;","og_url":"https:\/\/denizcankizil.tr\/ru\/haberler\/gundem\/hapishanelerdeki-yogunluk-ve-cezasizlik-algisi-infaz-yasalarindaki-surekli-degisimler-cozum-mu\/","og_site_name":"Av. Deniz Can K\u0131z\u0131l","article_published_time":"2025-06-17T14:41:51+00:00","author":"Antalya K\u00f6rfez","twitter_card":"summary_large_image","twitter_misc":{"\u041d\u0430\u043f\u0438\u0441\u0430\u043d\u043e \u0430\u0432\u0442\u043e\u0440\u043e\u043c":"Antalya K\u00f6rfez","\u041f\u0440\u0438\u043c\u0435\u0440\u043d\u043e\u0435 \u0432\u0440\u0435\u043c\u044f \u0434\u043b\u044f \u0447\u0442\u0435\u043d\u0438\u044f":"4 \u043c\u0438\u043d\u0443\u0442\u044b"},"schema":{"@context":"https:\/\/schema.org","@graph":[{"@type":"Article","@id":"https:\/\/denizcankizil.tr\/ru\/haberler\/gundem\/hapishanelerdeki-yogunluk-ve-cezasizlik-algisi-infaz-yasalarindaki-surekli-degisimler-cozum-mu\/#article","isPartOf":{"@id":"https:\/\/denizcankizil.tr\/ru\/haberler\/gundem\/hapishanelerdeki-yogunluk-ve-cezasizlik-algisi-infaz-yasalarindaki-surekli-degisimler-cozum-mu\/"},"author":{"name":"Antalya K\u00f6rfez","@id":"https:\/\/denizcankizil.tr\/#\/schema\/person\/e1eb71bb4dd684d46563f0af307e1234"},"headline":"Hapishanelerdeki yo\u011funluk ve cezas\u0131zl\u0131k alg\u0131s\u0131: \u0130nfaz yasalar\u0131ndaki s\u00fcrekli de\u011fi\u015fimler \u00e7\u00f6z\u00fcm m\u00fc?","datePublished":"2025-06-17T14:41:51+00:00","mainEntityOfPage":{"@id":"https:\/\/denizcankizil.tr\/ru\/haberler\/gundem\/hapishanelerdeki-yogunluk-ve-cezasizlik-algisi-infaz-yasalarindaki-surekli-degisimler-cozum-mu\/"},"wordCount":731,"publisher":{"@id":"https:\/\/denizcankizil.tr\/#organization"},"articleSection":["G\u00fcndem"],"inLanguage":"ru-RU"},{"@type":"WebPage","@id":"https:\/\/denizcankizil.tr\/ru\/haberler\/gundem\/hapishanelerdeki-yogunluk-ve-cezasizlik-algisi-infaz-yasalarindaki-surekli-degisimler-cozum-mu\/","url":"https:\/\/denizcankizil.tr\/ru\/haberler\/gundem\/hapishanelerdeki-yogunluk-ve-cezasizlik-algisi-infaz-yasalarindaki-surekli-degisimler-cozum-mu\/","name":"Hapishanelerdeki yo\u011funluk ve cezas\u0131zl\u0131k alg\u0131s\u0131: \u0130nfaz yasalar\u0131ndaki s\u00fcrekli de\u011fi\u015fimler \u00e7\u00f6z\u00fcm m\u00fc? - Av. Deniz Can K\u0131z\u0131l","isPartOf":{"@id":"https:\/\/denizcankizil.tr\/#website"},"datePublished":"2025-06-17T14:41:51+00:00","breadcrumb":{"@id":"https:\/\/denizcankizil.tr\/ru\/haberler\/gundem\/hapishanelerdeki-yogunluk-ve-cezasizlik-algisi-infaz-yasalarindaki-surekli-degisimler-cozum-mu\/#breadcrumb"},"inLanguage":"ru-RU","potentialAction":[{"@type":"ReadAction","target":["https:\/\/denizcankizil.tr\/ru\/haberler\/gundem\/hapishanelerdeki-yogunluk-ve-cezasizlik-algisi-infaz-yasalarindaki-surekli-degisimler-cozum-mu\/"]}]},{"@type":"BreadcrumbList","@id":"https:\/\/denizcankizil.tr\/ru\/haberler\/gundem\/hapishanelerdeki-yogunluk-ve-cezasizlik-algisi-infaz-yasalarindaki-surekli-degisimler-cozum-mu\/#breadcrumb","itemListElement":[{"@type":"ListItem","position":1,"name":"Home","item":"https:\/\/denizcankizil.tr\/de\/"},{"@type":"ListItem","position":2,"name":"Hapishanelerdeki yo\u011funluk ve cezas\u0131zl\u0131k alg\u0131s\u0131: \u0130nfaz yasalar\u0131ndaki s\u00fcrekli de\u011fi\u015fimler \u00e7\u00f6z\u00fcm m\u00fc?"}]},{"@type":"WebSite","@id":"https:\/\/denizcankizil.tr\/#website","url":"https:\/\/denizcankizil.tr\/","name":"Av. Deniz Can K\u0131z\u0131l","description":"Avukat Deniz Can K\u0131z\u0131l Antalya Barosu","publisher":{"@id":"https:\/\/denizcankizil.tr\/#organization"},"potentialAction":[{"@type":"SearchAction","target":{"@type":"EntryPoint","urlTemplate":"https:\/\/denizcankizil.tr\/?s={search_term_string}"},"query-input":{"@type":"PropertyValueSpecification","valueRequired":true,"valueName":"search_term_string"}}],"inLanguage":"ru-RU"},{"@type":"Organization","@id":"https:\/\/denizcankizil.tr\/#organization","name":"Av. Deniz Can K\u0131z\u0131l","url":"https:\/\/denizcankizil.tr\/","logo":{"@type":"ImageObject","inLanguage":"ru-RU","@id":"https:\/\/denizcankizil.tr\/#\/schema\/logo\/image\/","url":"https:\/\/denizcankizil.tr\/wp-content\/uploads\/2024\/10\/siyah-logo-svg.svg","contentUrl":"https:\/\/denizcankizil.tr\/wp-content\/uploads\/2024\/10\/siyah-logo-svg.svg","width":1080,"height":1080,"caption":"Av. Deniz Can K\u0131z\u0131l"},"image":{"@id":"https:\/\/denizcankizil.tr\/#\/schema\/logo\/image\/"}},{"@type":"Person","@id":"https:\/\/denizcankizil.tr\/#\/schema\/person\/e1eb71bb4dd684d46563f0af307e1234","name":"Antalya K\u00f6rfez","image":{"@type":"ImageObject","inLanguage":"ru-RU","@id":"https:\/\/denizcankizil.tr\/#\/schema\/person\/image\/","url":"https:\/\/secure.gravatar.com\/avatar\/42b01982558a48a0b501fdcab6a408d3717ea5919095ee2e67b0e521799c5905?s=96&d=mm&r=g","contentUrl":"https:\/\/secure.gravatar.com\/avatar\/42b01982558a48a0b501fdcab6a408d3717ea5919095ee2e67b0e521799c5905?s=96&d=mm&r=g","caption":"Antalya K\u00f6rfez"},"sameAs":["http:\/\/www.antalyakorfez.com"],"url":"https:\/\/www.antalyakorfez.com\/hapishanelerdeki-yogunluk-ve-cezasizlik-algisi-infaz-yasalarindaki-surekli-degisimler-cozum-mu"}]}},"_links":{"self":[{"href":"https:\/\/denizcankizil.tr\/ru\/wp-json\/wp\/v2\/posts\/118726","targetHints":{"allow":["GET"]}}],"collection":[{"href":"https:\/\/denizcankizil.tr\/ru\/wp-json\/wp\/v2\/posts"}],"about":[{"href":"https:\/\/denizcankizil.tr\/ru\/wp-json\/wp\/v2\/types\/post"}],"author":[{"embeddable":true,"href":"https:\/\/denizcankizil.tr\/ru\/wp-json\/wp\/v2\/users\/5"}],"replies":[{"embeddable":true,"href":"https:\/\/denizcankizil.tr\/ru\/wp-json\/wp\/v2\/comments?post=118726"}],"version-history":[{"count":0,"href":"https:\/\/denizcankizil.tr\/ru\/wp-json\/wp\/v2\/posts\/118726\/revisions"}],"wp:attachment":[{"href":"https:\/\/denizcankizil.tr\/ru\/wp-json\/wp\/v2\/media?parent=118726"}],"wp:term":[{"taxonomy":"category","embeddable":true,"href":"https:\/\/denizcankizil.tr\/ru\/wp-json\/wp\/v2\/categories?post=118726"},{"taxonomy":"post_tag","embeddable":true,"href":"https:\/\/denizcankizil.tr\/ru\/wp-json\/wp\/v2\/tags?post=118726"}],"curies":[{"name":"wp","href":"https:\/\/api.w.org\/{rel}","templated":true}]}}