{"id":118709,"date":"2025-06-17T16:42:11","date_gmt":"2025-06-17T13:42:11","guid":{"rendered":"https:\/\/denizcankizil.tr\/uncategorized-tr\/akdenize-suruklenen-copler-ve-canlilara-bilimsel-takip\/"},"modified":"2025-06-17T16:42:11","modified_gmt":"2025-06-17T13:42:11","slug":"akdenize-suruklenen-copler-ve-canlilara-bilimsel-takip","status":"publish","type":"post","link":"https:\/\/denizcankizil.tr\/ru\/haberler\/gundem\/akdenize-suruklenen-copler-ve-canlilara-bilimsel-takip\/","title":{"rendered":"Akdeniz\u2019e s\u00fcr\u00fcklenen \u00e7\u00f6pler ve canl\u0131lara bilimsel takip"},"content":{"rendered":"<p>T\u00dcB\u0130TAK taraf\u0131ndan desteklenen proje, bilim insanlar\u0131n\u0131n katk\u0131lar\u0131yla deniz kirlili\u011fine dair \u00f6nemli veriler sunmay\u0131 ama\u00e7l\u0131yor. \u201cT\u00fcrkiye\u2019nin Akdeniz K\u0131y\u0131lar\u0131nda Y\u00fczer Makro-Mega Deniz \u00c7\u00f6plerinin Miktarlar\u0131, Da\u011f\u0131l\u0131mlar\u0131, Kompozisyonlar\u0131 ile Yabanc\u0131-Yay\u0131l\u0131mc\u0131 T\u00fcrlerin Ta\u015f\u0131nmas\u0131na Olan Etkilerinin Ara\u015ft\u0131r\u0131lmas\u0131\u201d ba\u015fl\u0131kl\u0131 proje, yaz d\u00f6nemi saha \u00e7al\u0131\u015fmalar\u0131n\u0131 \u0130skenderun K\u00f6rfezi\u2019nde s\u00fcrd\u00fcr\u00fcyor. Projenin y\u00fcr\u00fct\u00fcc\u00fcl\u00fc\u011f\u00fcn\u00fc \u00c7ukurova \u00dcniversitesi\u2019nden Prof. Dr. Cem \u00c7evik \u00fcstlenirken, ekipte Prof. Dr. Tahir \u00d6zcan ve y\u00fcksek lisans \u00f6\u011frencileri de yer al\u0131yor.<\/p>\n<p>\u0130skenderun\u2019dan Mersin\u2019e Bilimsel \u0130zleme<\/p>\n<p>Ara\u015ft\u0131rmalar, \u00c7\u00dc Su \u00dcr\u00fcnleri Fak\u00fcltesi\u2019ne ait G\u00f6zlem-1 ara\u015ft\u0131rma teknesi ile Samanda\u011f \u00c7evlik k\u0131y\u0131lar\u0131ndan Mersin\u2019e kadar olan k\u0131y\u0131 \u015feridinde y\u00fcr\u00fct\u00fcl\u00fcyor. \u0130ki y\u0131l s\u00fcrecek olan projenin \u00fc\u00e7\u00fcnc\u00fc etab\u0131 tamamlanmak \u00fczere. Bilim insanlar\u0131, Do\u011fu Akdeniz\u2019de y\u00fczer halde bulunan \u00e7\u00f6plerin bile\u015fimini ve bu \u00e7\u00f6plerle ta\u015f\u0131nan yabanc\u0131-yay\u0131l\u0131mc\u0131 canl\u0131 t\u00fcrlerini belirlemeye odaklan\u0131yor.<\/p>\n<p>Prof. Dr. Cem \u00c7evik ve Prof. Dr. Tahir \u00d6zcan, yap\u0131lan \u00f6rneklemelerde \u00e7\u00f6plerin \u00f6nemli bir k\u0131sm\u0131n\u0131n Do\u011fu Akdeniz\u2019deki en az be\u015f farkl\u0131 k\u0131y\u0131da\u015f \u00fclkeden ve Uzakdo\u011fu men\u015feli oldu\u011funu tespit ettiklerini belirtti. Ayr\u0131ca, bu \u00e7\u00f6plerle birlikte ta\u015f\u0131nan kabuklular, yumu\u015fak\u00e7alar, bal\u0131klar ve di\u011fer deniz canl\u0131lar\u0131n\u0131n izlerine rastland\u0131\u011f\u0131 a\u00e7\u0131kland\u0131.<\/p>\n<p>Politika ve Y\u00f6netim Stratejileri Geli\u015ftirilecek<\/p>\n<p>Elde edilen bulgular, G\u00fcneydo\u011fu Akdeniz k\u0131y\u0131lar\u0131nda denizel \u00e7\u00f6p kirlili\u011finin \u00f6nlenmesine y\u00f6nelik yeni politika ve stratejiler geli\u015ftirilmesinde kullan\u0131lacak. Bu kapsamda; end\u00fcstriyel at\u0131k y\u00f6netimi, liman faaliyetlerinin d\u00fczenlenmesi, kat\u0131 at\u0131k y\u00f6netimi, deniz ta\u015f\u0131mac\u0131l\u0131\u011f\u0131na y\u00f6nelik \u00f6nlemler ve bal\u0131k\u00e7\u0131l\u0131k faaliyetlerinin denetimi gibi ba\u015fl\u0131klar \u00f6ne \u00e7\u0131kacak.<\/p>\n<p>Ayr\u0131ca, halk\u0131n bilin\u00e7lendirilmesi ve yerel y\u00f6netimlerin s\u00fcrece daha aktif kat\u0131l\u0131m\u0131 da \u00e7\u00f6z\u00fcm s\u00fcrecinin \u00f6nemli bir par\u00e7as\u0131 olacak.<\/p>\n<p>Bu proje sayesinde, b\u00f6lgedeki deniz \u00e7evre y\u00f6netimi politikalar\u0131n\u0131n daha bilimsel ve etkili \u015fekilde olu\u015fturulmas\u0131 hedefleniyor. Uzmanlar, projenin hem ulusal hem de b\u00f6lgesel \u00f6l\u00e7ekte \u00e7evre koruma \u00e7al\u0131\u015fmalar\u0131na \u00f6nemli katk\u0131lar sa\u011flayaca\u011f\u0131n\u0131 vurguluyor.<\/p>\n<p>\u200b\u00c7ukurova \u00dcniversitesi (\u00c7\u00dc) \u00f6nc\u00fcl\u00fc\u011f\u00fcnde, \u0130skenderun Teknik \u00dcniversitesi (\u0130STE) ve Ege \u00dcniversitesi (E\u00dc) i\u015f birli\u011fiyle Akdeniz k\u0131y\u0131lar\u0131nda deniz \u00e7\u00f6pleri ve bu \u00e7\u00f6plerin \u00fczerinde ta\u015f\u0131nan canl\u0131lara dair kapsaml\u0131 bir ara\u015ft\u0131rma y\u00fcr\u00fct\u00fcl\u00fcyor.\u00a0<\/p>\n<p>\u200bHaberin Al\u0131nt\u0131land\u0131\u011f\u0131 Kaynak: www.iskenderun.org<\/p>","protected":false},"excerpt":{"rendered":"<p>T\u00dcB\u0130TAK taraf\u0131ndan desteklenen proje, bilim insanlar\u0131n\u0131n katk\u0131lar\u0131yla deniz kirlili\u011fine dair \u00f6nemli veriler sunmay\u0131 ama\u00e7l\u0131yor. \u201cT\u00fcrkiye\u2019nin Akdeniz K\u0131y\u0131lar\u0131nda Y\u00fczer Makro-Mega Deniz \u00c7\u00f6plerinin Miktarlar\u0131, Da\u011f\u0131l\u0131mlar\u0131, Kompozisyonlar\u0131 ile Yabanc\u0131-Yay\u0131l\u0131mc\u0131 T\u00fcrlerin Ta\u015f\u0131nmas\u0131na Olan Etkilerinin Ara\u015ft\u0131r\u0131lmas\u0131\u201d ba\u015fl\u0131kl\u0131 proje, yaz d\u00f6nemi saha \u00e7al\u0131\u015fmalar\u0131n\u0131 \u0130skenderun K\u00f6rfezi\u2019nde s\u00fcrd\u00fcr\u00fcyor. Projenin y\u00fcr\u00fct\u00fcc\u00fcl\u00fc\u011f\u00fcn\u00fc \u00c7ukurova \u00dcniversitesi\u2019nden Prof. Dr. Cem \u00c7evik \u00fcstlenirken, ekipte Prof. Dr. Tahir \u00d6zcan ve y\u00fcksek lisans \u00f6\u011frencileri de yer al\u0131yor. \u0130skenderun\u2019dan Mersin\u2019e Bilimsel \u0130zleme Ara\u015ft\u0131rmalar, \u00c7\u00dc Su \u00dcr\u00fcnleri Fak\u00fcltesi\u2019ne ait G\u00f6zlem-1 ara\u015ft\u0131rma teknesi ile Samanda\u011f \u00c7evlik k\u0131y\u0131lar\u0131ndan Mersin\u2019e kadar olan k\u0131y\u0131 \u015feridinde y\u00fcr\u00fct\u00fcl\u00fcyor. \u0130ki y\u0131l s\u00fcrecek olan projenin \u00fc\u00e7\u00fcnc\u00fc etab\u0131 tamamlanmak \u00fczere. Bilim insanlar\u0131, Do\u011fu Akdeniz\u2019de y\u00fczer halde bulunan \u00e7\u00f6plerin bile\u015fimini ve bu \u00e7\u00f6plerle ta\u015f\u0131nan yabanc\u0131-yay\u0131l\u0131mc\u0131 canl\u0131 t\u00fcrlerini belirlemeye odaklan\u0131yor. Prof. Dr. Cem \u00c7evik ve Prof. Dr. Tahir \u00d6zcan, yap\u0131lan \u00f6rneklemelerde \u00e7\u00f6plerin \u00f6nemli bir k\u0131sm\u0131n\u0131n Do\u011fu Akdeniz\u2019deki en az be\u015f farkl\u0131 k\u0131y\u0131da\u015f \u00fclkeden ve Uzakdo\u011fu men\u015feli oldu\u011funu tespit ettiklerini belirtti. Ayr\u0131ca, bu \u00e7\u00f6plerle birlikte ta\u015f\u0131nan kabuklular, yumu\u015fak\u00e7alar, bal\u0131klar ve di\u011fer deniz canl\u0131lar\u0131n\u0131n izlerine rastland\u0131\u011f\u0131 a\u00e7\u0131kland\u0131. Politika ve Y\u00f6netim Stratejileri Geli\u015ftirilecek Elde edilen bulgular, G\u00fcneydo\u011fu Akdeniz k\u0131y\u0131lar\u0131nda denizel \u00e7\u00f6p kirlili\u011finin \u00f6nlenmesine y\u00f6nelik yeni politika ve stratejiler geli\u015ftirilmesinde kullan\u0131lacak. Bu kapsamda; end\u00fcstriyel at\u0131k y\u00f6netimi, liman faaliyetlerinin d\u00fczenlenmesi, kat\u0131 at\u0131k y\u00f6netimi, deniz ta\u015f\u0131mac\u0131l\u0131\u011f\u0131na y\u00f6nelik \u00f6nlemler ve bal\u0131k\u00e7\u0131l\u0131k faaliyetlerinin denetimi gibi ba\u015fl\u0131klar \u00f6ne &hellip;<\/p>","protected":false},"author":1,"featured_media":0,"comment_status":"","ping_status":"open","sticky":false,"template":"","format":"standard","meta":{"_acf_changed":false,"footnotes":""},"categories":[24],"tags":[],"class_list":["post-118709","post","type-post","status-publish","format-standard","has-post-thumbnail","hentry","category-gundem"],"acf":[],"yoast_head":"<!-- This site is optimized with the Yoast SEO Premium plugin v26.6 (Yoast SEO v27.1.1) - https:\/\/yoast.com\/product\/yoast-seo-premium-wordpress\/ -->\n<title>Akdeniz\u2019e s\u00fcr\u00fcklenen \u00e7\u00f6pler ve canl\u0131lara bilimsel takip - Av. Deniz Can K\u0131z\u0131l<\/title>\n<meta name=\"robots\" content=\"index, follow, max-snippet:-1, max-image-preview:large, max-video-preview:-1\" \/>\n<link rel=\"canonical\" href=\"https:\/\/denizcankizil.tr\/ru\/haberler\/gundem\/akdenize-suruklenen-copler-ve-canlilara-bilimsel-takip\/\" \/>\n<meta property=\"og:locale\" content=\"ru_RU\" \/>\n<meta property=\"og:type\" content=\"article\" \/>\n<meta property=\"og:title\" content=\"Akdeniz\u2019e s\u00fcr\u00fcklenen \u00e7\u00f6pler ve canl\u0131lara bilimsel takip\" \/>\n<meta property=\"og:description\" content=\"T\u00dcB\u0130TAK taraf\u0131ndan desteklenen proje, bilim insanlar\u0131n\u0131n katk\u0131lar\u0131yla deniz kirlili\u011fine dair \u00f6nemli veriler sunmay\u0131 ama\u00e7l\u0131yor. \u201cT\u00fcrkiye\u2019nin Akdeniz K\u0131y\u0131lar\u0131nda Y\u00fczer Makro-Mega Deniz \u00c7\u00f6plerinin Miktarlar\u0131, Da\u011f\u0131l\u0131mlar\u0131, Kompozisyonlar\u0131 ile Yabanc\u0131-Yay\u0131l\u0131mc\u0131 T\u00fcrlerin Ta\u015f\u0131nmas\u0131na Olan Etkilerinin Ara\u015ft\u0131r\u0131lmas\u0131\u201d ba\u015fl\u0131kl\u0131 proje, yaz d\u00f6nemi saha \u00e7al\u0131\u015fmalar\u0131n\u0131 \u0130skenderun K\u00f6rfezi\u2019nde s\u00fcrd\u00fcr\u00fcyor. Projenin y\u00fcr\u00fct\u00fcc\u00fcl\u00fc\u011f\u00fcn\u00fc \u00c7ukurova \u00dcniversitesi\u2019nden Prof. Dr. Cem \u00c7evik \u00fcstlenirken, ekipte Prof. Dr. Tahir \u00d6zcan ve y\u00fcksek lisans \u00f6\u011frencileri de yer al\u0131yor. \u0130skenderun\u2019dan Mersin\u2019e Bilimsel \u0130zleme Ara\u015ft\u0131rmalar, \u00c7\u00dc Su \u00dcr\u00fcnleri Fak\u00fcltesi\u2019ne ait G\u00f6zlem-1 ara\u015ft\u0131rma teknesi ile Samanda\u011f \u00c7evlik k\u0131y\u0131lar\u0131ndan Mersin\u2019e kadar olan k\u0131y\u0131 \u015feridinde y\u00fcr\u00fct\u00fcl\u00fcyor. \u0130ki y\u0131l s\u00fcrecek olan projenin \u00fc\u00e7\u00fcnc\u00fc etab\u0131 tamamlanmak \u00fczere. Bilim insanlar\u0131, Do\u011fu Akdeniz\u2019de y\u00fczer halde bulunan \u00e7\u00f6plerin bile\u015fimini ve bu \u00e7\u00f6plerle ta\u015f\u0131nan yabanc\u0131-yay\u0131l\u0131mc\u0131 canl\u0131 t\u00fcrlerini belirlemeye odaklan\u0131yor. Prof. Dr. Cem \u00c7evik ve Prof. Dr. Tahir \u00d6zcan, yap\u0131lan \u00f6rneklemelerde \u00e7\u00f6plerin \u00f6nemli bir k\u0131sm\u0131n\u0131n Do\u011fu Akdeniz\u2019deki en az be\u015f farkl\u0131 k\u0131y\u0131da\u015f \u00fclkeden ve Uzakdo\u011fu men\u015feli oldu\u011funu tespit ettiklerini belirtti. Ayr\u0131ca, bu \u00e7\u00f6plerle birlikte ta\u015f\u0131nan kabuklular, yumu\u015fak\u00e7alar, bal\u0131klar ve di\u011fer deniz canl\u0131lar\u0131n\u0131n izlerine rastland\u0131\u011f\u0131 a\u00e7\u0131kland\u0131. Politika ve Y\u00f6netim Stratejileri Geli\u015ftirilecek Elde edilen bulgular, G\u00fcneydo\u011fu Akdeniz k\u0131y\u0131lar\u0131nda denizel \u00e7\u00f6p kirlili\u011finin \u00f6nlenmesine y\u00f6nelik yeni politika ve stratejiler geli\u015ftirilmesinde kullan\u0131lacak. Bu kapsamda; end\u00fcstriyel at\u0131k y\u00f6netimi, liman faaliyetlerinin d\u00fczenlenmesi, kat\u0131 at\u0131k y\u00f6netimi, deniz ta\u015f\u0131mac\u0131l\u0131\u011f\u0131na y\u00f6nelik \u00f6nlemler ve bal\u0131k\u00e7\u0131l\u0131k faaliyetlerinin denetimi gibi ba\u015fl\u0131klar \u00f6ne &hellip;\" \/>\n<meta property=\"og:url\" content=\"https:\/\/denizcankizil.tr\/ru\/haberler\/gundem\/akdenize-suruklenen-copler-ve-canlilara-bilimsel-takip\/\" \/>\n<meta property=\"og:site_name\" content=\"Av. Deniz Can K\u0131z\u0131l\" \/>\n<meta property=\"article:published_time\" content=\"2025-06-17T13:42:11+00:00\" \/>\n<meta name=\"author\" content=\"admin\" \/>\n<meta name=\"twitter:card\" content=\"summary_large_image\" \/>\n<meta name=\"twitter:label1\" content=\"\u041d\u0430\u043f\u0438\u0441\u0430\u043d\u043e \u0430\u0432\u0442\u043e\u0440\u043e\u043c\" \/>\n\t<meta name=\"twitter:data1\" content=\"admin\" \/>\n\t<meta name=\"twitter:label2\" content=\"\u041f\u0440\u0438\u043c\u0435\u0440\u043d\u043e\u0435 \u0432\u0440\u0435\u043c\u044f \u0434\u043b\u044f \u0447\u0442\u0435\u043d\u0438\u044f\" \/>\n\t<meta name=\"twitter:data2\" content=\"2 \u043c\u0438\u043d\u0443\u0442\u044b\" \/>\n<script type=\"application\/ld+json\" class=\"yoast-schema-graph\">{\"@context\":\"https:\/\/schema.org\",\"@graph\":[{\"@type\":\"Article\",\"@id\":\"https:\/\/denizcankizil.tr\/de\/haberler\/gundem\/akdenize-suruklenen-copler-ve-canlilara-bilimsel-takip\/#article\",\"isPartOf\":{\"@id\":\"https:\/\/denizcankizil.tr\/de\/haberler\/gundem\/akdenize-suruklenen-copler-ve-canlilara-bilimsel-takip\/\"},\"author\":{\"name\":\"admin\",\"@id\":\"https:\/\/denizcankizil.tr\/de\/#\/schema\/person\/be3c05fe6a12686905512445d8185489\"},\"headline\":\"Akdeniz\u2019e s\u00fcr\u00fcklenen \u00e7\u00f6pler ve canl\u0131lara bilimsel takip\",\"datePublished\":\"2025-06-17T13:42:11+00:00\",\"mainEntityOfPage\":{\"@id\":\"https:\/\/denizcankizil.tr\/de\/haberler\/gundem\/akdenize-suruklenen-copler-ve-canlilara-bilimsel-takip\/\"},\"wordCount\":453,\"publisher\":{\"@id\":\"https:\/\/denizcankizil.tr\/de\/#organization\"},\"articleSection\":[\"G\u00fcndem\"],\"inLanguage\":\"ru-RU\"},{\"@type\":\"WebPage\",\"@id\":\"https:\/\/denizcankizil.tr\/de\/haberler\/gundem\/akdenize-suruklenen-copler-ve-canlilara-bilimsel-takip\/\",\"url\":\"https:\/\/denizcankizil.tr\/de\/haberler\/gundem\/akdenize-suruklenen-copler-ve-canlilara-bilimsel-takip\/\",\"name\":\"Akdeniz\u2019e s\u00fcr\u00fcklenen \u00e7\u00f6pler ve canl\u0131lara bilimsel takip - Av. Deniz Can K\u0131z\u0131l\",\"isPartOf\":{\"@id\":\"https:\/\/denizcankizil.tr\/de\/#website\"},\"datePublished\":\"2025-06-17T13:42:11+00:00\",\"breadcrumb\":{\"@id\":\"https:\/\/denizcankizil.tr\/de\/haberler\/gundem\/akdenize-suruklenen-copler-ve-canlilara-bilimsel-takip\/#breadcrumb\"},\"inLanguage\":\"ru-RU\",\"potentialAction\":[{\"@type\":\"ReadAction\",\"target\":[\"https:\/\/denizcankizil.tr\/de\/haberler\/gundem\/akdenize-suruklenen-copler-ve-canlilara-bilimsel-takip\/\"]}]},{\"@type\":\"BreadcrumbList\",\"@id\":\"https:\/\/denizcankizil.tr\/de\/haberler\/gundem\/akdenize-suruklenen-copler-ve-canlilara-bilimsel-takip\/#breadcrumb\",\"itemListElement\":[{\"@type\":\"ListItem\",\"position\":1,\"name\":\"Home\",\"item\":\"https:\/\/denizcankizil.tr\/de\/\"},{\"@type\":\"ListItem\",\"position\":2,\"name\":\"Akdeniz\u2019e s\u00fcr\u00fcklenen \u00e7\u00f6pler ve canl\u0131lara bilimsel takip\"}]},{\"@type\":\"WebSite\",\"@id\":\"https:\/\/denizcankizil.tr\/de\/#website\",\"url\":\"https:\/\/denizcankizil.tr\/de\/\",\"name\":\"Av. Deniz Can K\u0131z\u0131l\",\"description\":\"Avukat Deniz Can K\u0131z\u0131l Antalya Barosu\",\"publisher\":{\"@id\":\"https:\/\/denizcankizil.tr\/de\/#organization\"},\"potentialAction\":[{\"@type\":\"SearchAction\",\"target\":{\"@type\":\"EntryPoint\",\"urlTemplate\":\"https:\/\/denizcankizil.tr\/de\/?s={search_term_string}\"},\"query-input\":{\"@type\":\"PropertyValueSpecification\",\"valueRequired\":true,\"valueName\":\"search_term_string\"}}],\"inLanguage\":\"ru-RU\"},{\"@type\":\"Organization\",\"@id\":\"https:\/\/denizcankizil.tr\/de\/#organization\",\"name\":\"Av. Deniz Can K\u0131z\u0131l\",\"url\":\"https:\/\/denizcankizil.tr\/de\/\",\"logo\":{\"@type\":\"ImageObject\",\"inLanguage\":\"ru-RU\",\"@id\":\"https:\/\/denizcankizil.tr\/de\/#\/schema\/logo\/image\/\",\"url\":\"https:\/\/denizcankizil.tr\/wp-content\/uploads\/2024\/10\/siyah-logo-svg.svg\",\"contentUrl\":\"https:\/\/denizcankizil.tr\/wp-content\/uploads\/2024\/10\/siyah-logo-svg.svg\",\"width\":1080,\"height\":1080,\"caption\":\"Av. Deniz Can K\u0131z\u0131l\"},\"image\":{\"@id\":\"https:\/\/denizcankizil.tr\/de\/#\/schema\/logo\/image\/\"}},{\"@type\":\"Person\",\"@id\":\"https:\/\/denizcankizil.tr\/de\/#\/schema\/person\/be3c05fe6a12686905512445d8185489\",\"name\":\"admin\",\"image\":{\"@type\":\"ImageObject\",\"inLanguage\":\"ru-RU\",\"@id\":\"https:\/\/denizcankizil.tr\/de\/#\/schema\/person\/image\/\",\"url\":\"https:\/\/secure.gravatar.com\/avatar\/c1fce94c830dc79107e174f890d7210541c4a63e8e5d816341794a2151c9d58c?s=96&d=mm&r=g\",\"contentUrl\":\"https:\/\/secure.gravatar.com\/avatar\/c1fce94c830dc79107e174f890d7210541c4a63e8e5d816341794a2151c9d58c?s=96&d=mm&r=g\",\"caption\":\"admin\"},\"sameAs\":[\"http:\/\/denizcankizil.tr\"],\"url\":\"https:\/\/www.iskenderun.org\/akdenize-suruklenen-copler-ve-canlilara-bilimsel-takip\"}]}<\/script>\n<!-- \/ Yoast SEO Premium plugin. -->","yoast_head_json":{"title":"Akdeniz\u2019e s\u00fcr\u00fcklenen \u00e7\u00f6pler ve canl\u0131lara bilimsel takip - Av. Deniz Can K\u0131z\u0131l","robots":{"index":"index","follow":"follow","max-snippet":"max-snippet:-1","max-image-preview":"max-image-preview:large","max-video-preview":"max-video-preview:-1"},"canonical":"https:\/\/denizcankizil.tr\/ru\/haberler\/gundem\/akdenize-suruklenen-copler-ve-canlilara-bilimsel-takip\/","og_locale":"ru_RU","og_type":"article","og_title":"Akdeniz\u2019e s\u00fcr\u00fcklenen \u00e7\u00f6pler ve canl\u0131lara bilimsel takip","og_description":"T\u00dcB\u0130TAK taraf\u0131ndan desteklenen proje, bilim insanlar\u0131n\u0131n katk\u0131lar\u0131yla deniz kirlili\u011fine dair \u00f6nemli veriler sunmay\u0131 ama\u00e7l\u0131yor. \u201cT\u00fcrkiye\u2019nin Akdeniz K\u0131y\u0131lar\u0131nda Y\u00fczer Makro-Mega Deniz \u00c7\u00f6plerinin Miktarlar\u0131, Da\u011f\u0131l\u0131mlar\u0131, Kompozisyonlar\u0131 ile Yabanc\u0131-Yay\u0131l\u0131mc\u0131 T\u00fcrlerin Ta\u015f\u0131nmas\u0131na Olan Etkilerinin Ara\u015ft\u0131r\u0131lmas\u0131\u201d ba\u015fl\u0131kl\u0131 proje, yaz d\u00f6nemi saha \u00e7al\u0131\u015fmalar\u0131n\u0131 \u0130skenderun K\u00f6rfezi\u2019nde s\u00fcrd\u00fcr\u00fcyor. Projenin y\u00fcr\u00fct\u00fcc\u00fcl\u00fc\u011f\u00fcn\u00fc \u00c7ukurova \u00dcniversitesi\u2019nden Prof. Dr. Cem \u00c7evik \u00fcstlenirken, ekipte Prof. Dr. Tahir \u00d6zcan ve y\u00fcksek lisans \u00f6\u011frencileri de yer al\u0131yor. \u0130skenderun\u2019dan Mersin\u2019e Bilimsel \u0130zleme Ara\u015ft\u0131rmalar, \u00c7\u00dc Su \u00dcr\u00fcnleri Fak\u00fcltesi\u2019ne ait G\u00f6zlem-1 ara\u015ft\u0131rma teknesi ile Samanda\u011f \u00c7evlik k\u0131y\u0131lar\u0131ndan Mersin\u2019e kadar olan k\u0131y\u0131 \u015feridinde y\u00fcr\u00fct\u00fcl\u00fcyor. \u0130ki y\u0131l s\u00fcrecek olan projenin \u00fc\u00e7\u00fcnc\u00fc etab\u0131 tamamlanmak \u00fczere. Bilim insanlar\u0131, Do\u011fu Akdeniz\u2019de y\u00fczer halde bulunan \u00e7\u00f6plerin bile\u015fimini ve bu \u00e7\u00f6plerle ta\u015f\u0131nan yabanc\u0131-yay\u0131l\u0131mc\u0131 canl\u0131 t\u00fcrlerini belirlemeye odaklan\u0131yor. Prof. Dr. Cem \u00c7evik ve Prof. Dr. Tahir \u00d6zcan, yap\u0131lan \u00f6rneklemelerde \u00e7\u00f6plerin \u00f6nemli bir k\u0131sm\u0131n\u0131n Do\u011fu Akdeniz\u2019deki en az be\u015f farkl\u0131 k\u0131y\u0131da\u015f \u00fclkeden ve Uzakdo\u011fu men\u015feli oldu\u011funu tespit ettiklerini belirtti. Ayr\u0131ca, bu \u00e7\u00f6plerle birlikte ta\u015f\u0131nan kabuklular, yumu\u015fak\u00e7alar, bal\u0131klar ve di\u011fer deniz canl\u0131lar\u0131n\u0131n izlerine rastland\u0131\u011f\u0131 a\u00e7\u0131kland\u0131. Politika ve Y\u00f6netim Stratejileri Geli\u015ftirilecek Elde edilen bulgular, G\u00fcneydo\u011fu Akdeniz k\u0131y\u0131lar\u0131nda denizel \u00e7\u00f6p kirlili\u011finin \u00f6nlenmesine y\u00f6nelik yeni politika ve stratejiler geli\u015ftirilmesinde kullan\u0131lacak. Bu kapsamda; end\u00fcstriyel at\u0131k y\u00f6netimi, liman faaliyetlerinin d\u00fczenlenmesi, kat\u0131 at\u0131k y\u00f6netimi, deniz ta\u015f\u0131mac\u0131l\u0131\u011f\u0131na y\u00f6nelik \u00f6nlemler ve bal\u0131k\u00e7\u0131l\u0131k faaliyetlerinin denetimi gibi ba\u015fl\u0131klar \u00f6ne &hellip;","og_url":"https:\/\/denizcankizil.tr\/ru\/haberler\/gundem\/akdenize-suruklenen-copler-ve-canlilara-bilimsel-takip\/","og_site_name":"Av. Deniz Can K\u0131z\u0131l","article_published_time":"2025-06-17T13:42:11+00:00","author":"admin","twitter_card":"summary_large_image","twitter_misc":{"\u041d\u0430\u043f\u0438\u0441\u0430\u043d\u043e \u0430\u0432\u0442\u043e\u0440\u043e\u043c":"admin","\u041f\u0440\u0438\u043c\u0435\u0440\u043d\u043e\u0435 \u0432\u0440\u0435\u043c\u044f \u0434\u043b\u044f \u0447\u0442\u0435\u043d\u0438\u044f":"2 \u043c\u0438\u043d\u0443\u0442\u044b"},"schema":{"@context":"https:\/\/schema.org","@graph":[{"@type":"Article","@id":"https:\/\/denizcankizil.tr\/de\/haberler\/gundem\/akdenize-suruklenen-copler-ve-canlilara-bilimsel-takip\/#article","isPartOf":{"@id":"https:\/\/denizcankizil.tr\/de\/haberler\/gundem\/akdenize-suruklenen-copler-ve-canlilara-bilimsel-takip\/"},"author":{"name":"admin","@id":"https:\/\/denizcankizil.tr\/de\/#\/schema\/person\/be3c05fe6a12686905512445d8185489"},"headline":"Akdeniz\u2019e s\u00fcr\u00fcklenen \u00e7\u00f6pler ve canl\u0131lara bilimsel takip","datePublished":"2025-06-17T13:42:11+00:00","mainEntityOfPage":{"@id":"https:\/\/denizcankizil.tr\/de\/haberler\/gundem\/akdenize-suruklenen-copler-ve-canlilara-bilimsel-takip\/"},"wordCount":453,"publisher":{"@id":"https:\/\/denizcankizil.tr\/de\/#organization"},"articleSection":["G\u00fcndem"],"inLanguage":"ru-RU"},{"@type":"WebPage","@id":"https:\/\/denizcankizil.tr\/de\/haberler\/gundem\/akdenize-suruklenen-copler-ve-canlilara-bilimsel-takip\/","url":"https:\/\/denizcankizil.tr\/de\/haberler\/gundem\/akdenize-suruklenen-copler-ve-canlilara-bilimsel-takip\/","name":"Akdeniz\u2019e s\u00fcr\u00fcklenen \u00e7\u00f6pler ve canl\u0131lara bilimsel takip - Av. Deniz Can K\u0131z\u0131l","isPartOf":{"@id":"https:\/\/denizcankizil.tr\/de\/#website"},"datePublished":"2025-06-17T13:42:11+00:00","breadcrumb":{"@id":"https:\/\/denizcankizil.tr\/de\/haberler\/gundem\/akdenize-suruklenen-copler-ve-canlilara-bilimsel-takip\/#breadcrumb"},"inLanguage":"ru-RU","potentialAction":[{"@type":"ReadAction","target":["https:\/\/denizcankizil.tr\/de\/haberler\/gundem\/akdenize-suruklenen-copler-ve-canlilara-bilimsel-takip\/"]}]},{"@type":"BreadcrumbList","@id":"https:\/\/denizcankizil.tr\/de\/haberler\/gundem\/akdenize-suruklenen-copler-ve-canlilara-bilimsel-takip\/#breadcrumb","itemListElement":[{"@type":"ListItem","position":1,"name":"Home","item":"https:\/\/denizcankizil.tr\/de\/"},{"@type":"ListItem","position":2,"name":"Akdeniz\u2019e s\u00fcr\u00fcklenen \u00e7\u00f6pler ve canl\u0131lara bilimsel takip"}]},{"@type":"WebSite","@id":"https:\/\/denizcankizil.tr\/de\/#website","url":"https:\/\/denizcankizil.tr\/de\/","name":"Av. Deniz Can K\u0131z\u0131l","description":"Avukat Deniz Can K\u0131z\u0131l Antalya Barosu","publisher":{"@id":"https:\/\/denizcankizil.tr\/de\/#organization"},"potentialAction":[{"@type":"SearchAction","target":{"@type":"EntryPoint","urlTemplate":"https:\/\/denizcankizil.tr\/de\/?s={search_term_string}"},"query-input":{"@type":"PropertyValueSpecification","valueRequired":true,"valueName":"search_term_string"}}],"inLanguage":"ru-RU"},{"@type":"Organization","@id":"https:\/\/denizcankizil.tr\/de\/#organization","name":"Av. Deniz Can K\u0131z\u0131l","url":"https:\/\/denizcankizil.tr\/de\/","logo":{"@type":"ImageObject","inLanguage":"ru-RU","@id":"https:\/\/denizcankizil.tr\/de\/#\/schema\/logo\/image\/","url":"https:\/\/denizcankizil.tr\/wp-content\/uploads\/2024\/10\/siyah-logo-svg.svg","contentUrl":"https:\/\/denizcankizil.tr\/wp-content\/uploads\/2024\/10\/siyah-logo-svg.svg","width":1080,"height":1080,"caption":"Av. Deniz Can K\u0131z\u0131l"},"image":{"@id":"https:\/\/denizcankizil.tr\/de\/#\/schema\/logo\/image\/"}},{"@type":"Person","@id":"https:\/\/denizcankizil.tr\/de\/#\/schema\/person\/be3c05fe6a12686905512445d8185489","name":"\u0430\u0434\u043c\u0438\u043d","image":{"@type":"ImageObject","inLanguage":"ru-RU","@id":"https:\/\/denizcankizil.tr\/de\/#\/schema\/person\/image\/","url":"https:\/\/secure.gravatar.com\/avatar\/c1fce94c830dc79107e174f890d7210541c4a63e8e5d816341794a2151c9d58c?s=96&d=mm&r=g","contentUrl":"https:\/\/secure.gravatar.com\/avatar\/c1fce94c830dc79107e174f890d7210541c4a63e8e5d816341794a2151c9d58c?s=96&d=mm&r=g","caption":"admin"},"sameAs":["http:\/\/denizcankizil.tr"],"url":"https:\/\/www.iskenderun.org\/akdenize-suruklenen-copler-ve-canlilara-bilimsel-takip"}]}},"_links":{"self":[{"href":"https:\/\/denizcankizil.tr\/ru\/wp-json\/wp\/v2\/posts\/118709","targetHints":{"allow":["GET"]}}],"collection":[{"href":"https:\/\/denizcankizil.tr\/ru\/wp-json\/wp\/v2\/posts"}],"about":[{"href":"https:\/\/denizcankizil.tr\/ru\/wp-json\/wp\/v2\/types\/post"}],"author":[{"embeddable":true,"href":"https:\/\/denizcankizil.tr\/ru\/wp-json\/wp\/v2\/users\/1"}],"replies":[{"embeddable":true,"href":"https:\/\/denizcankizil.tr\/ru\/wp-json\/wp\/v2\/comments?post=118709"}],"version-history":[{"count":0,"href":"https:\/\/denizcankizil.tr\/ru\/wp-json\/wp\/v2\/posts\/118709\/revisions"}],"wp:attachment":[{"href":"https:\/\/denizcankizil.tr\/ru\/wp-json\/wp\/v2\/media?parent=118709"}],"wp:term":[{"taxonomy":"category","embeddable":true,"href":"https:\/\/denizcankizil.tr\/ru\/wp-json\/wp\/v2\/categories?post=118709"},{"taxonomy":"post_tag","embeddable":true,"href":"https:\/\/denizcankizil.tr\/ru\/wp-json\/wp\/v2\/tags?post=118709"}],"curies":[{"name":"wp","href":"https:\/\/api.w.org\/{rel}","templated":true}]}}